{"id":200203,"date":"2022-12-05T10:26:00","date_gmt":"2022-12-05T10:26:00","guid":{"rendered":"https:\/\/www.webdo.tn\/fr\/actualite\/blog\/a-partir-de-ce-mercredi-les-boulangers-arreteront-leur-activite\/200203\/"},"modified":"2025-05-22T11:42:27","modified_gmt":"2025-05-22T11:42:27","slug":"a-partir-de-ce-mercredi-les-boulangers-arreteront-leur-activite","status":"publish","type":"post","link":"https:\/\/www.webdo.tn\/fr\/actualite\/national\/a-partir-de-ce-mercredi-les-boulangers-arreteront-leur-activite\/200203\/","title":{"rendered":"A partir de ce mercredi : les boulangers arr\u00eateront leur activit\u00e9"},"content":{"rendered":"<p>Le pr\u00e9sident de la chambre syndicale nationale des boulangers, Mohamed Bouanen, a indiqu\u00e9 que les propri\u00e9taires des boulangeries arr\u00eateront leur activit\u00e9 \u00e0 partir du 7 d\u00e9cembre, jusqu&rsquo;\u00e0 obtenir l&rsquo;ensemble des sommes qui leur sont dues par l&rsquo;Etat.\u00a0<\/p>\n<p> Il a pr\u00e9cis\u00e9, au micro d\u2019Express fm, ce lundi 5 d\u00e9cembre 2022, qu\u2019il s&rsquo;agit d&rsquo;une dette de pr\u00e8s de 250 millions de dinars, cumul\u00e9e pendant quatorze mois, engendr\u00e9e par le syst\u00e8me des compensations obligeant l&rsquo;Etat \u00e0 prendre en charge une partie du prix de vente du pain.<\/p>\n<p>Bouanen a expliqu\u00e9 que le prix de vente d&rsquo;un pain \u00e9tait \u00e9gal \u00e0 0,270 dinar et que l&rsquo;Etat prenait en charge 0,7 dinar. Sauf que, ce dernier avait demand\u00e9 aux boulangers de prendre en charge les 0,7 dinar temporairement.<\/p>\n<p>\u00ab Nous exigeons l&rsquo;int\u00e9gralit\u00e9 de la somme qui nous est due et non des compensations au titre d&rsquo;un mois ou deux. Les boulangers n&rsquo;ont plus les moyens de payer leurs factures d&rsquo;\u00e9lectricit\u00e9 ou m\u00eame leur personnel \u00bb, a-t-il d\u00e9clar\u00e9, pr\u00e9cisant que la chambre avait annonc\u00e9 l&rsquo;arr\u00eat des activit\u00e9s depuis six ou sept jours.<\/p>\n<p>Mohamed Bouanen a appel\u00e9 l&rsquo;Etat de rembourser les boulangers, tout en rappelant que le prix de vente de la baguette n&rsquo;avait pas \u00e9t\u00e9 r\u00e9vis\u00e9 depuis 2008, alors que les co\u00fbts de production et de produits de base avaient augment\u00e9.<\/p>\n","protected":false},"excerpt":{"rendered":"<p>Le pr\u00e9sident de la chambre syndicale nationale des boulangers, Mohamed Bouanen, a indiqu\u00e9 que les propri\u00e9taires des boulangeries arr\u00eateront leur activit\u00e9 \u00e0 part&#8230;<\/p>\n","protected":false},"author":3196,"featured_media":348503,"comment_status":"open","ping_status":"closed","sticky":false,"template":"","format":"standard","meta":{"footnotes":""},"categories":[44],"tags":[8944,11498,2647],"class_list":["post-200203","post","type-post","status-publish","format-standard","has-post-thumbnail","hentry","category-national","tag-boulangers","tag-chambre-syndicale-nationale-des-boulangers","tag-greve"],"yoast_head":"<!-- This site is optimized with the Yoast SEO Premium plugin v27.5 (Yoast SEO v27.5) - https:\/\/yoast.com\/product\/yoast-seo-premium-wordpress\/ -->\n<title>A partir de ce mercredi : les boulangers arr\u00eateront leur activit\u00e9<\/title>\n<meta name=\"description\" content=\"Le pr\u00e9sident de la chambre syndicale nationale des boulangers, Mohamed Bouanen, a indiqu\u00e9 que les propri\u00e9taires des boulangeries arr\u00eateront leur activit\u00e9 \u00e0 part...\" \/>\n<link rel=\"canonical\" href=\"https:\/\/www.webdo.tn\/fr\/actualite\/national-45\/a-partir-de-ce-mercredi-les-boulangers-arreteront-leur-activite\/200203\/\" \/>\n<meta property=\"og:locale\" content=\"fr_FR\" \/>\n<meta property=\"og:type\" content=\"article\" \/>\n<meta property=\"og:title\" content=\"A partir de ce mercredi : les boulangers arr\u00eateront leur activit\u00e9\" \/>\n<meta property=\"og:description\" content=\"Le pr\u00e9sident de la chambre syndicale nationale des boulangers, Mohamed Bouanen, a indiqu\u00e9 que les propri\u00e9taires des boulangeries arr\u00eateront leur activit\u00e9 \u00e0 part...\" \/>\n<meta property=\"og:url\" content=\"https:\/\/www.webdo.tn\/fr\/actualite\/national-45\/a-partir-de-ce-mercredi-les-boulangers-arreteront-leur-activite\/200203\/\" \/>\n<meta property=\"og:site_name\" content=\"webdo\" \/>\n<meta property=\"article:publisher\" content=\"https:\/\/www.facebook.com\/webdotn\" \/>\n<meta property=\"article:published_time\" content=\"2022-12-05T10:26:00+00:00\" \/>\n<meta property=\"article:modified_time\" content=\"2025-05-22T11:42:27+00:00\" \/>\n<meta property=\"og:image\" content=\"https:\/\/www.webdo.tn\/fr\/wp-content\/uploads\/2022\/12\/6923a56ad888b446f9540bfc7aa95d00.jpg\" \/>\n\t<meta property=\"og:image:width\" content=\"750\" \/>\n\t<meta property=\"og:image:height\" content=\"400\" \/>\n\t<meta property=\"og:image:type\" content=\"image\/jpeg\" \/>\n<meta name=\"author\" content=\"MK\" \/>\n<meta name=\"twitter:card\" content=\"summary_large_image\" \/>\n<meta name=\"twitter:creator\" content=\"@webdo_tn\" \/>\n<meta name=\"twitter:site\" content=\"@webdo_tn\" \/>\n<meta name=\"twitter:label1\" content=\"\u00c9crit par\" \/>\n\t<meta name=\"twitter:data1\" content=\"MK\" \/>\n\t<meta name=\"twitter:label2\" content=\"Dur\u00e9e de lecture estim\u00e9e\" \/>\n\t<meta name=\"twitter:data2\" content=\"1 minute\" \/>\n<script type=\"application\/ld+json\" class=\"yoast-schema-graph\">{\"@context\":\"https:\\\/\\\/schema.org\",\"@graph\":[{\"@type\":\"NewsArticle\",\"@id\":\"https:\\\/\\\/www.webdo.tn\\\/fr\\\/actualite\\\/national-45\\\/a-partir-de-ce-mercredi-les-boulangers-arreteront-leur-activite\\\/200203\\\/#article\",\"isPartOf\":{\"@id\":\"https:\\\/\\\/www.webdo.tn\\\/fr\\\/actualite\\\/national-45\\\/a-partir-de-ce-mercredi-les-boulangers-arreteront-leur-activite\\\/200203\\\/\"},\"author\":{\"name\":\"MK\",\"@id\":\"https:\\\/\\\/www.webdo.tn\\\/fr\\\/#\\\/schema\\\/person\\\/c3a9d32fa6d495ca5f4b6510e3db97bf\"},\"headline\":\"A partir de ce mercredi : les boulangers arr\u00eateront leur activit\u00e9\",\"datePublished\":\"2022-12-05T10:26:00+00:00\",\"dateModified\":\"2025-05-22T11:42:27+00:00\",\"mainEntityOfPage\":{\"@id\":\"https:\\\/\\\/www.webdo.tn\\\/fr\\\/actualite\\\/national-45\\\/a-partir-de-ce-mercredi-les-boulangers-arreteront-leur-activite\\\/200203\\\/\"},\"wordCount\":247,\"commentCount\":0,\"publisher\":{\"@id\":\"https:\\\/\\\/www.webdo.tn\\\/fr\\\/#organization\"},\"image\":{\"@id\":\"https:\\\/\\\/www.webdo.tn\\\/fr\\\/actualite\\\/national-45\\\/a-partir-de-ce-mercredi-les-boulangers-arreteront-leur-activite\\\/200203\\\/#primaryimage\"},\"thumbnailUrl\":\"https:\\\/\\\/www.webdo.tn\\\/fr\\\/wp-content\\\/uploads\\\/2022\\\/12\\\/6923a56ad888b446f9540bfc7aa95d00.jpg\",\"keywords\":[\"boulangers\",\"chambre syndicale nationale des boulangers\",\"Gr\u00e8ve\"],\"articleSection\":[\"National\"],\"inLanguage\":\"fr-FR\"},{\"@type\":\"WebPage\",\"@id\":\"https:\\\/\\\/www.webdo.tn\\\/fr\\\/actualite\\\/national-45\\\/a-partir-de-ce-mercredi-les-boulangers-arreteront-leur-activite\\\/200203\\\/\",\"url\":\"https:\\\/\\\/www.webdo.tn\\\/fr\\\/actualite\\\/national-45\\\/a-partir-de-ce-mercredi-les-boulangers-arreteront-leur-activite\\\/200203\\\/\",\"name\":\"A partir de ce mercredi : les boulangers arr\u00eateront leur activit\u00e9\",\"isPartOf\":{\"@id\":\"https:\\\/\\\/www.webdo.tn\\\/fr\\\/#website\"},\"primaryImageOfPage\":{\"@id\":\"https:\\\/\\\/www.webdo.tn\\\/fr\\\/actualite\\\/national-45\\\/a-partir-de-ce-mercredi-les-boulangers-arreteront-leur-activite\\\/200203\\\/#primaryimage\"},\"image\":{\"@id\":\"https:\\\/\\\/www.webdo.tn\\\/fr\\\/actualite\\\/national-45\\\/a-partir-de-ce-mercredi-les-boulangers-arreteront-leur-activite\\\/200203\\\/#primaryimage\"},\"thumbnailUrl\":\"https:\\\/\\\/www.webdo.tn\\\/fr\\\/wp-content\\\/uploads\\\/2022\\\/12\\\/6923a56ad888b446f9540bfc7aa95d00.jpg\",\"datePublished\":\"2022-12-05T10:26:00+00:00\",\"dateModified\":\"2025-05-22T11:42:27+00:00\",\"description\":\"Le pr\u00e9sident de la chambre syndicale nationale des boulangers, Mohamed Bouanen, a indiqu\u00e9 que les propri\u00e9taires des boulangeries arr\u00eateront leur activit\u00e9 \u00e0 part...\",\"breadcrumb\":{\"@id\":\"https:\\\/\\\/www.webdo.tn\\\/fr\\\/actualite\\\/national-45\\\/a-partir-de-ce-mercredi-les-boulangers-arreteront-leur-activite\\\/200203\\\/#breadcrumb\"},\"inLanguage\":\"fr-FR\",\"potentialAction\":[{\"@type\":\"ReadAction\",\"target\":[\"https:\\\/\\\/www.webdo.tn\\\/fr\\\/actualite\\\/national-45\\\/a-partir-de-ce-mercredi-les-boulangers-arreteront-leur-activite\\\/200203\\\/\"]}]},{\"@type\":\"ImageObject\",\"inLanguage\":\"fr-FR\",\"@id\":\"https:\\\/\\\/www.webdo.tn\\\/fr\\\/actualite\\\/national-45\\\/a-partir-de-ce-mercredi-les-boulangers-arreteront-leur-activite\\\/200203\\\/#primaryimage\",\"url\":\"https:\\\/\\\/www.webdo.tn\\\/fr\\\/wp-content\\\/uploads\\\/2022\\\/12\\\/6923a56ad888b446f9540bfc7aa95d00.jpg\",\"contentUrl\":\"https:\\\/\\\/www.webdo.tn\\\/fr\\\/wp-content\\\/uploads\\\/2022\\\/12\\\/6923a56ad888b446f9540bfc7aa95d00.jpg\",\"width\":750,\"height\":400,\"caption\":\"boulangers gr\u00e8ve\"},{\"@type\":\"BreadcrumbList\",\"@id\":\"https:\\\/\\\/www.webdo.tn\\\/fr\\\/actualite\\\/national-45\\\/a-partir-de-ce-mercredi-les-boulangers-arreteront-leur-activite\\\/200203\\\/#breadcrumb\",\"itemListElement\":[{\"@type\":\"ListItem\",\"position\":1,\"name\":\"Accueil\",\"item\":\"https:\\\/\\\/www.webdo.tn\\\/fr\\\/\"},{\"@type\":\"ListItem\",\"position\":2,\"name\":\"A partir de ce mercredi : les boulangers arr\u00eateront leur activit\u00e9\"}]},{\"@type\":\"WebSite\",\"@id\":\"https:\\\/\\\/www.webdo.tn\\\/fr\\\/#website\",\"url\":\"https:\\\/\\\/www.webdo.tn\\\/fr\\\/\",\"name\":\"webdo\",\"description\":\"Tunisie - News en Tunisie et \u00e0 l&#039;international sur Webdo.tn\",\"publisher\":{\"@id\":\"https:\\\/\\\/www.webdo.tn\\\/fr\\\/#organization\"},\"potentialAction\":[{\"@type\":\"SearchAction\",\"target\":{\"@type\":\"EntryPoint\",\"urlTemplate\":\"https:\\\/\\\/www.webdo.tn\\\/fr\\\/?s={search_term_string}\"},\"query-input\":{\"@type\":\"PropertyValueSpecification\",\"valueRequired\":true,\"valueName\":\"search_term_string\"}}],\"inLanguage\":\"fr-FR\"},{\"@type\":\"Organization\",\"@id\":\"https:\\\/\\\/www.webdo.tn\\\/fr\\\/#organization\",\"name\":\"Webdo\",\"alternateName\":\"Webdo.tn\",\"url\":\"https:\\\/\\\/www.webdo.tn\\\/fr\\\/\",\"logo\":{\"@type\":\"ImageObject\",\"inLanguage\":\"fr-FR\",\"@id\":\"https:\\\/\\\/www.webdo.tn\\\/fr\\\/#\\\/schema\\\/logo\\\/image\\\/\",\"url\":\"https:\\\/\\\/www.webdo.tn\\\/fr\\\/wp-content\\\/uploads\\\/2025\\\/06\\\/Webdo-Tunisie_168377.jpg\",\"contentUrl\":\"https:\\\/\\\/www.webdo.tn\\\/fr\\\/wp-content\\\/uploads\\\/2025\\\/06\\\/Webdo-Tunisie_168377.jpg\",\"width\":301,\"height\":301,\"caption\":\"Webdo\"},\"image\":{\"@id\":\"https:\\\/\\\/www.webdo.tn\\\/fr\\\/#\\\/schema\\\/logo\\\/image\\\/\"},\"sameAs\":[\"https:\\\/\\\/www.facebook.com\\\/webdotn\",\"https:\\\/\\\/x.com\\\/webdo_tn\"],\"description\":\"Webdo est un m\u00e9dia num\u00e9rique tunisien fond\u00e9 en 2010, sp\u00e9cialis\u00e9 dans l\u2019actualit\u00e9 nationale et internationale, l\u2019\u00e9conomie, la soci\u00e9t\u00e9 et les analyses politiques. Le site s\u2019adresse \u00e0 un large public francophone et couvre l\u2019information tunisienne en temps r\u00e9el.\",\"email\":\"redac@webdo.tn\",\"legalName\":\"YNJ SARL\",\"foundingDate\":\"2010-09-06\",\"numberOfEmployees\":{\"@type\":\"QuantitativeValue\",\"minValue\":\"11\",\"maxValue\":\"50\"}},{\"@type\":\"Person\",\"@id\":\"https:\\\/\\\/www.webdo.tn\\\/fr\\\/#\\\/schema\\\/person\\\/c3a9d32fa6d495ca5f4b6510e3db97bf\",\"name\":\"MK\",\"image\":{\"@type\":\"ImageObject\",\"inLanguage\":\"fr-FR\",\"@id\":\"https:\\\/\\\/secure.gravatar.com\\\/avatar\\\/6d44f937f19929f3b75db77056d3e08abd6e302e71bcfea340cd8b00c13e7baf?s=96&d=mm&r=g\",\"url\":\"https:\\\/\\\/secure.gravatar.com\\\/avatar\\\/6d44f937f19929f3b75db77056d3e08abd6e302e71bcfea340cd8b00c13e7baf?s=96&d=mm&r=g\",\"contentUrl\":\"https:\\\/\\\/secure.gravatar.com\\\/avatar\\\/6d44f937f19929f3b75db77056d3e08abd6e302e71bcfea340cd8b00c13e7baf?s=96&d=mm&r=g\",\"caption\":\"MK\"},\"url\":\"https:\\\/\\\/www.webdo.tn\\\/fr\\\/actualite\\\/author\\\/mk\\\/\"}]}<\/script>\n<!-- \/ Yoast SEO Premium plugin. -->","yoast_head_json":{"title":"A partir de ce mercredi : les boulangers arr\u00eateront leur activit\u00e9","description":"Le pr\u00e9sident de la chambre syndicale nationale des boulangers, Mohamed Bouanen, a indiqu\u00e9 que les propri\u00e9taires des boulangeries arr\u00eateront leur activit\u00e9 \u00e0 part...","canonical":"https:\/\/www.webdo.tn\/fr\/actualite\/national-45\/a-partir-de-ce-mercredi-les-boulangers-arreteront-leur-activite\/200203\/","og_locale":"fr_FR","og_type":"article","og_title":"A partir de ce mercredi : les boulangers arr\u00eateront leur activit\u00e9","og_description":"Le pr\u00e9sident de la chambre syndicale nationale des boulangers, Mohamed Bouanen, a indiqu\u00e9 que les propri\u00e9taires des boulangeries arr\u00eateront leur activit\u00e9 \u00e0 part...","og_url":"https:\/\/www.webdo.tn\/fr\/actualite\/national-45\/a-partir-de-ce-mercredi-les-boulangers-arreteront-leur-activite\/200203\/","og_site_name":"webdo","article_publisher":"https:\/\/www.facebook.com\/webdotn","article_published_time":"2022-12-05T10:26:00+00:00","article_modified_time":"2025-05-22T11:42:27+00:00","og_image":[{"width":750,"height":400,"url":"https:\/\/www.webdo.tn\/fr\/wp-content\/uploads\/2022\/12\/6923a56ad888b446f9540bfc7aa95d00.jpg","type":"image\/jpeg"}],"author":"MK","twitter_card":"summary_large_image","twitter_creator":"@webdo_tn","twitter_site":"@webdo_tn","twitter_misc":{"\u00c9crit par":"MK","Dur\u00e9e de lecture estim\u00e9e":"1 minute"},"schema":{"@context":"https:\/\/schema.org","@graph":[{"@type":"NewsArticle","@id":"https:\/\/www.webdo.tn\/fr\/actualite\/national-45\/a-partir-de-ce-mercredi-les-boulangers-arreteront-leur-activite\/200203\/#article","isPartOf":{"@id":"https:\/\/www.webdo.tn\/fr\/actualite\/national-45\/a-partir-de-ce-mercredi-les-boulangers-arreteront-leur-activite\/200203\/"},"author":{"name":"MK","@id":"https:\/\/www.webdo.tn\/fr\/#\/schema\/person\/c3a9d32fa6d495ca5f4b6510e3db97bf"},"headline":"A partir de ce mercredi : les boulangers arr\u00eateront leur activit\u00e9","datePublished":"2022-12-05T10:26:00+00:00","dateModified":"2025-05-22T11:42:27+00:00","mainEntityOfPage":{"@id":"https:\/\/www.webdo.tn\/fr\/actualite\/national-45\/a-partir-de-ce-mercredi-les-boulangers-arreteront-leur-activite\/200203\/"},"wordCount":247,"commentCount":0,"publisher":{"@id":"https:\/\/www.webdo.tn\/fr\/#organization"},"image":{"@id":"https:\/\/www.webdo.tn\/fr\/actualite\/national-45\/a-partir-de-ce-mercredi-les-boulangers-arreteront-leur-activite\/200203\/#primaryimage"},"thumbnailUrl":"https:\/\/www.webdo.tn\/fr\/wp-content\/uploads\/2022\/12\/6923a56ad888b446f9540bfc7aa95d00.jpg","keywords":["boulangers","chambre syndicale nationale des boulangers","Gr\u00e8ve"],"articleSection":["National"],"inLanguage":"fr-FR"},{"@type":"WebPage","@id":"https:\/\/www.webdo.tn\/fr\/actualite\/national-45\/a-partir-de-ce-mercredi-les-boulangers-arreteront-leur-activite\/200203\/","url":"https:\/\/www.webdo.tn\/fr\/actualite\/national-45\/a-partir-de-ce-mercredi-les-boulangers-arreteront-leur-activite\/200203\/","name":"A partir de ce mercredi : les boulangers arr\u00eateront leur activit\u00e9","isPartOf":{"@id":"https:\/\/www.webdo.tn\/fr\/#website"},"primaryImageOfPage":{"@id":"https:\/\/www.webdo.tn\/fr\/actualite\/national-45\/a-partir-de-ce-mercredi-les-boulangers-arreteront-leur-activite\/200203\/#primaryimage"},"image":{"@id":"https:\/\/www.webdo.tn\/fr\/actualite\/national-45\/a-partir-de-ce-mercredi-les-boulangers-arreteront-leur-activite\/200203\/#primaryimage"},"thumbnailUrl":"https:\/\/www.webdo.tn\/fr\/wp-content\/uploads\/2022\/12\/6923a56ad888b446f9540bfc7aa95d00.jpg","datePublished":"2022-12-05T10:26:00+00:00","dateModified":"2025-05-22T11:42:27+00:00","description":"Le pr\u00e9sident de la chambre syndicale nationale des boulangers, Mohamed Bouanen, a indiqu\u00e9 que les propri\u00e9taires des boulangeries arr\u00eateront leur activit\u00e9 \u00e0 part...","breadcrumb":{"@id":"https:\/\/www.webdo.tn\/fr\/actualite\/national-45\/a-partir-de-ce-mercredi-les-boulangers-arreteront-leur-activite\/200203\/#breadcrumb"},"inLanguage":"fr-FR","potentialAction":[{"@type":"ReadAction","target":["https:\/\/www.webdo.tn\/fr\/actualite\/national-45\/a-partir-de-ce-mercredi-les-boulangers-arreteront-leur-activite\/200203\/"]}]},{"@type":"ImageObject","inLanguage":"fr-FR","@id":"https:\/\/www.webdo.tn\/fr\/actualite\/national-45\/a-partir-de-ce-mercredi-les-boulangers-arreteront-leur-activite\/200203\/#primaryimage","url":"https:\/\/www.webdo.tn\/fr\/wp-content\/uploads\/2022\/12\/6923a56ad888b446f9540bfc7aa95d00.jpg","contentUrl":"https:\/\/www.webdo.tn\/fr\/wp-content\/uploads\/2022\/12\/6923a56ad888b446f9540bfc7aa95d00.jpg","width":750,"height":400,"caption":"boulangers gr\u00e8ve"},{"@type":"BreadcrumbList","@id":"https:\/\/www.webdo.tn\/fr\/actualite\/national-45\/a-partir-de-ce-mercredi-les-boulangers-arreteront-leur-activite\/200203\/#breadcrumb","itemListElement":[{"@type":"ListItem","position":1,"name":"Accueil","item":"https:\/\/www.webdo.tn\/fr\/"},{"@type":"ListItem","position":2,"name":"A partir de ce mercredi : les boulangers arr\u00eateront leur activit\u00e9"}]},{"@type":"WebSite","@id":"https:\/\/www.webdo.tn\/fr\/#website","url":"https:\/\/www.webdo.tn\/fr\/","name":"webdo","description":"Tunisie - News en Tunisie et \u00e0 l&#039;international sur Webdo.tn","publisher":{"@id":"https:\/\/www.webdo.tn\/fr\/#organization"},"potentialAction":[{"@type":"SearchAction","target":{"@type":"EntryPoint","urlTemplate":"https:\/\/www.webdo.tn\/fr\/?s={search_term_string}"},"query-input":{"@type":"PropertyValueSpecification","valueRequired":true,"valueName":"search_term_string"}}],"inLanguage":"fr-FR"},{"@type":"Organization","@id":"https:\/\/www.webdo.tn\/fr\/#organization","name":"Webdo","alternateName":"Webdo.tn","url":"https:\/\/www.webdo.tn\/fr\/","logo":{"@type":"ImageObject","inLanguage":"fr-FR","@id":"https:\/\/www.webdo.tn\/fr\/#\/schema\/logo\/image\/","url":"https:\/\/www.webdo.tn\/fr\/wp-content\/uploads\/2025\/06\/Webdo-Tunisie_168377.jpg","contentUrl":"https:\/\/www.webdo.tn\/fr\/wp-content\/uploads\/2025\/06\/Webdo-Tunisie_168377.jpg","width":301,"height":301,"caption":"Webdo"},"image":{"@id":"https:\/\/www.webdo.tn\/fr\/#\/schema\/logo\/image\/"},"sameAs":["https:\/\/www.facebook.com\/webdotn","https:\/\/x.com\/webdo_tn"],"description":"Webdo est un m\u00e9dia num\u00e9rique tunisien fond\u00e9 en 2010, sp\u00e9cialis\u00e9 dans l\u2019actualit\u00e9 nationale et internationale, l\u2019\u00e9conomie, la soci\u00e9t\u00e9 et les analyses politiques. Le site s\u2019adresse \u00e0 un large public francophone et couvre l\u2019information tunisienne en temps r\u00e9el.","email":"redac@webdo.tn","legalName":"YNJ SARL","foundingDate":"2010-09-06","numberOfEmployees":{"@type":"QuantitativeValue","minValue":"11","maxValue":"50"}},{"@type":"Person","@id":"https:\/\/www.webdo.tn\/fr\/#\/schema\/person\/c3a9d32fa6d495ca5f4b6510e3db97bf","name":"MK","image":{"@type":"ImageObject","inLanguage":"fr-FR","@id":"https:\/\/secure.gravatar.com\/avatar\/6d44f937f19929f3b75db77056d3e08abd6e302e71bcfea340cd8b00c13e7baf?s=96&d=mm&r=g","url":"https:\/\/secure.gravatar.com\/avatar\/6d44f937f19929f3b75db77056d3e08abd6e302e71bcfea340cd8b00c13e7baf?s=96&d=mm&r=g","contentUrl":"https:\/\/secure.gravatar.com\/avatar\/6d44f937f19929f3b75db77056d3e08abd6e302e71bcfea340cd8b00c13e7baf?s=96&d=mm&r=g","caption":"MK"},"url":"https:\/\/www.webdo.tn\/fr\/actualite\/author\/mk\/"}]}},"_links":{"self":[{"href":"https:\/\/www.webdo.tn\/fr\/wp-json\/wp\/v2\/posts\/200203","targetHints":{"allow":["GET"]}}],"collection":[{"href":"https:\/\/www.webdo.tn\/fr\/wp-json\/wp\/v2\/posts"}],"about":[{"href":"https:\/\/www.webdo.tn\/fr\/wp-json\/wp\/v2\/types\/post"}],"author":[{"embeddable":true,"href":"https:\/\/www.webdo.tn\/fr\/wp-json\/wp\/v2\/users\/3196"}],"replies":[{"embeddable":true,"href":"https:\/\/www.webdo.tn\/fr\/wp-json\/wp\/v2\/comments?post=200203"}],"version-history":[{"count":0,"href":"https:\/\/www.webdo.tn\/fr\/wp-json\/wp\/v2\/posts\/200203\/revisions"}],"wp:featuredmedia":[{"embeddable":true,"href":"https:\/\/www.webdo.tn\/fr\/wp-json\/wp\/v2\/media\/348503"}],"wp:attachment":[{"href":"https:\/\/www.webdo.tn\/fr\/wp-json\/wp\/v2\/media?parent=200203"}],"wp:term":[{"taxonomy":"category","embeddable":true,"href":"https:\/\/www.webdo.tn\/fr\/wp-json\/wp\/v2\/categories?post=200203"},{"taxonomy":"post_tag","embeddable":true,"href":"https:\/\/www.webdo.tn\/fr\/wp-json\/wp\/v2\/tags?post=200203"}],"curies":[{"name":"wp","href":"https:\/\/api.w.org\/{rel}","templated":true}]}}