{"id":200197,"date":"2022-12-05T09:36:00","date_gmt":"2022-12-05T09:36:00","guid":{"rendered":"https:\/\/www.webdo.tn\/fr\/actualite\/blog\/la-president-kais-saied-commemore-le-70e-anniversaire-de-l-assassinat-de-farhat-hached\/200197\/"},"modified":"2025-05-22T11:42:26","modified_gmt":"2025-05-22T11:42:26","slug":"la-president-kais-saied-commemore-le-70e-anniversaire-de-l-assassinat-de-farhat-hached","status":"publish","type":"post","link":"https:\/\/www.webdo.tn\/fr\/actualite\/national\/la-president-kais-saied-commemore-le-70e-anniversaire-de-l-assassinat-de-farhat-hached\/200197\/","title":{"rendered":"Le pr\u00e9sident Kais Saied comm\u00e9more le 70e anniversaire de l\u2019assassinat de Farhat Hached"},"content":{"rendered":"<p>Le pr\u00e9sident de la R\u00e9publique, Kais Saied, a comm\u00e9mor\u00e9, ce lundi 5 d\u00e9cembre 2022, le 70e anniversaire de l\u2019assassinat du leader syndicaliste Farhat Hached.<\/p>\n<p> Il a assist\u00e9, ce matin, \u00e0 la c\u00e9r\u00e9monie de comm\u00e9moration au mausol\u00e9e du d\u00e9funt \u00e0 la Kasbah, accompagn\u00e9 du secr\u00e9taire g\u00e9n\u00e9ral de l\u2019UGTT, Noureddine Taboubi et des membres de la famille de Farhat Hached.<\/p>\n","protected":false},"excerpt":{"rendered":"<p>Le pr\u00e9sident de la R\u00e9publique, Kais Saied, a comm\u00e9mor\u00e9, ce lundi 5 d\u00e9cembre 2022, le 70e anniversaire de l\u2019assassinat du leader syndicaliste Farhat Hached.<\/p>\n","protected":false},"author":3162,"featured_media":348502,"comment_status":"open","ping_status":"closed","sticky":false,"template":"","format":"standard","meta":{"footnotes":""},"categories":[44],"tags":[4088,4802,2614],"class_list":["post-200197","post","type-post","status-publish","format-standard","has-post-thumbnail","hentry","category-national","tag-commemoration","tag-farhat-hached","tag-kais-saied"],"yoast_head":"<!-- This site is optimized with the Yoast SEO Premium plugin v27.5 (Yoast SEO v27.5) - https:\/\/yoast.com\/product\/yoast-seo-premium-wordpress\/ -->\n<title>Le pr\u00e9sident Kais Saied comm\u00e9more le 70e anniversaire de l\u2019assassinat de Farhat Hached<\/title>\n<meta name=\"description\" content=\"Le pr\u00e9sident de la R\u00e9publique, Kais Saied, a comm\u00e9mor\u00e9, ce lundi 5 d\u00e9cembre 2022, le 70e anniversaire de l\u2019assassinat du leader syndicaliste Farhat Hached.\" \/>\n<link rel=\"canonical\" href=\"https:\/\/www.webdo.tn\/fr\/actualite\/national-45\/la-president-kais-saied-commemore-le-70e-anniversaire-de-l-assassinat-de-farhat-hached\/200197\/\" \/>\n<meta property=\"og:locale\" content=\"fr_FR\" \/>\n<meta property=\"og:type\" content=\"article\" \/>\n<meta property=\"og:title\" content=\"Le pr\u00e9sident Kais Saied comm\u00e9more le 70e anniversaire de l\u2019assassinat de Farhat Hached\" \/>\n<meta property=\"og:description\" content=\"Le pr\u00e9sident de la R\u00e9publique, Kais Saied, a comm\u00e9mor\u00e9, ce lundi 5 d\u00e9cembre 2022, le 70e anniversaire de l\u2019assassinat du leader syndicaliste Farhat Hached.\" \/>\n<meta property=\"og:url\" content=\"https:\/\/www.webdo.tn\/fr\/actualite\/national-45\/la-president-kais-saied-commemore-le-70e-anniversaire-de-l-assassinat-de-farhat-hached\/200197\/\" \/>\n<meta property=\"og:site_name\" content=\"webdo\" \/>\n<meta property=\"article:publisher\" content=\"https:\/\/www.facebook.com\/webdotn\" \/>\n<meta property=\"article:published_time\" content=\"2022-12-05T09:36:00+00:00\" \/>\n<meta property=\"article:modified_time\" content=\"2025-05-22T11:42:26+00:00\" \/>\n<meta property=\"og:image\" content=\"https:\/\/www.webdo.tn\/fr\/wp-content\/uploads\/2022\/12\/e5b195c8a0e0535ec367a6c73bd95bec.jpg\" \/>\n\t<meta property=\"og:image:width\" content=\"750\" \/>\n\t<meta property=\"og:image:height\" content=\"400\" \/>\n\t<meta property=\"og:image:type\" content=\"image\/jpeg\" \/>\n<meta name=\"author\" content=\"MC\" \/>\n<meta name=\"twitter:card\" content=\"summary_large_image\" \/>\n<meta name=\"twitter:creator\" content=\"@webdo_tn\" \/>\n<meta name=\"twitter:site\" content=\"@webdo_tn\" \/>\n<meta name=\"twitter:label1\" content=\"\u00c9crit par\" \/>\n\t<meta name=\"twitter:data1\" content=\"MC\" \/>\n<script type=\"application\/ld+json\" class=\"yoast-schema-graph\">{\"@context\":\"https:\\\/\\\/schema.org\",\"@graph\":[{\"@type\":\"NewsArticle\",\"@id\":\"https:\\\/\\\/www.webdo.tn\\\/fr\\\/actualite\\\/national-45\\\/la-president-kais-saied-commemore-le-70e-anniversaire-de-l-assassinat-de-farhat-hached\\\/200197\\\/#article\",\"isPartOf\":{\"@id\":\"https:\\\/\\\/www.webdo.tn\\\/fr\\\/actualite\\\/national-45\\\/la-president-kais-saied-commemore-le-70e-anniversaire-de-l-assassinat-de-farhat-hached\\\/200197\\\/\"},\"author\":{\"name\":\"MC\",\"@id\":\"https:\\\/\\\/www.webdo.tn\\\/fr\\\/#\\\/schema\\\/person\\\/2c4929cbf5a809e3bd38617c6ce150f6\"},\"headline\":\"Le pr\u00e9sident Kais Saied comm\u00e9more le 70e anniversaire de l\u2019assassinat de Farhat Hached\",\"datePublished\":\"2022-12-05T09:36:00+00:00\",\"dateModified\":\"2025-05-22T11:42:26+00:00\",\"mainEntityOfPage\":{\"@id\":\"https:\\\/\\\/www.webdo.tn\\\/fr\\\/actualite\\\/national-45\\\/la-president-kais-saied-commemore-le-70e-anniversaire-de-l-assassinat-de-farhat-hached\\\/200197\\\/\"},\"wordCount\":84,\"commentCount\":0,\"publisher\":{\"@id\":\"https:\\\/\\\/www.webdo.tn\\\/fr\\\/#organization\"},\"image\":{\"@id\":\"https:\\\/\\\/www.webdo.tn\\\/fr\\\/actualite\\\/national-45\\\/la-president-kais-saied-commemore-le-70e-anniversaire-de-l-assassinat-de-farhat-hached\\\/200197\\\/#primaryimage\"},\"thumbnailUrl\":\"https:\\\/\\\/www.webdo.tn\\\/fr\\\/wp-content\\\/uploads\\\/2022\\\/12\\\/e5b195c8a0e0535ec367a6c73bd95bec.jpg\",\"keywords\":[\"comm\u00e9moration\",\"farhat hached\",\"Kais Saied\"],\"articleSection\":[\"National\"],\"inLanguage\":\"fr-FR\"},{\"@type\":\"WebPage\",\"@id\":\"https:\\\/\\\/www.webdo.tn\\\/fr\\\/actualite\\\/national-45\\\/la-president-kais-saied-commemore-le-70e-anniversaire-de-l-assassinat-de-farhat-hached\\\/200197\\\/\",\"url\":\"https:\\\/\\\/www.webdo.tn\\\/fr\\\/actualite\\\/national-45\\\/la-president-kais-saied-commemore-le-70e-anniversaire-de-l-assassinat-de-farhat-hached\\\/200197\\\/\",\"name\":\"Le pr\u00e9sident Kais Saied comm\u00e9more le 70e anniversaire de l\u2019assassinat de Farhat Hached\",\"isPartOf\":{\"@id\":\"https:\\\/\\\/www.webdo.tn\\\/fr\\\/#website\"},\"primaryImageOfPage\":{\"@id\":\"https:\\\/\\\/www.webdo.tn\\\/fr\\\/actualite\\\/national-45\\\/la-president-kais-saied-commemore-le-70e-anniversaire-de-l-assassinat-de-farhat-hached\\\/200197\\\/#primaryimage\"},\"image\":{\"@id\":\"https:\\\/\\\/www.webdo.tn\\\/fr\\\/actualite\\\/national-45\\\/la-president-kais-saied-commemore-le-70e-anniversaire-de-l-assassinat-de-farhat-hached\\\/200197\\\/#primaryimage\"},\"thumbnailUrl\":\"https:\\\/\\\/www.webdo.tn\\\/fr\\\/wp-content\\\/uploads\\\/2022\\\/12\\\/e5b195c8a0e0535ec367a6c73bd95bec.jpg\",\"datePublished\":\"2022-12-05T09:36:00+00:00\",\"dateModified\":\"2025-05-22T11:42:26+00:00\",\"description\":\"Le pr\u00e9sident de la R\u00e9publique, Kais Saied, a comm\u00e9mor\u00e9, ce lundi 5 d\u00e9cembre 2022, le 70e anniversaire de l\u2019assassinat du leader syndicaliste Farhat Hached.\",\"breadcrumb\":{\"@id\":\"https:\\\/\\\/www.webdo.tn\\\/fr\\\/actualite\\\/national-45\\\/la-president-kais-saied-commemore-le-70e-anniversaire-de-l-assassinat-de-farhat-hached\\\/200197\\\/#breadcrumb\"},\"inLanguage\":\"fr-FR\",\"potentialAction\":[{\"@type\":\"ReadAction\",\"target\":[\"https:\\\/\\\/www.webdo.tn\\\/fr\\\/actualite\\\/national-45\\\/la-president-kais-saied-commemore-le-70e-anniversaire-de-l-assassinat-de-farhat-hached\\\/200197\\\/\"]}]},{\"@type\":\"ImageObject\",\"inLanguage\":\"fr-FR\",\"@id\":\"https:\\\/\\\/www.webdo.tn\\\/fr\\\/actualite\\\/national-45\\\/la-president-kais-saied-commemore-le-70e-anniversaire-de-l-assassinat-de-farhat-hached\\\/200197\\\/#primaryimage\",\"url\":\"https:\\\/\\\/www.webdo.tn\\\/fr\\\/wp-content\\\/uploads\\\/2022\\\/12\\\/e5b195c8a0e0535ec367a6c73bd95bec.jpg\",\"contentUrl\":\"https:\\\/\\\/www.webdo.tn\\\/fr\\\/wp-content\\\/uploads\\\/2022\\\/12\\\/e5b195c8a0e0535ec367a6c73bd95bec.jpg\",\"width\":750,\"height\":400,\"caption\":\"Le pr\u00e9sident Kais Saied comm\u00e9more le 70e anniversaire de l\u2019assassinat de Farhat Hached\"},{\"@type\":\"BreadcrumbList\",\"@id\":\"https:\\\/\\\/www.webdo.tn\\\/fr\\\/actualite\\\/national-45\\\/la-president-kais-saied-commemore-le-70e-anniversaire-de-l-assassinat-de-farhat-hached\\\/200197\\\/#breadcrumb\",\"itemListElement\":[{\"@type\":\"ListItem\",\"position\":1,\"name\":\"Accueil\",\"item\":\"https:\\\/\\\/www.webdo.tn\\\/fr\\\/\"},{\"@type\":\"ListItem\",\"position\":2,\"name\":\"Le pr\u00e9sident Kais Saied comm\u00e9more le 70e anniversaire de l\u2019assassinat de Farhat Hached\"}]},{\"@type\":\"WebSite\",\"@id\":\"https:\\\/\\\/www.webdo.tn\\\/fr\\\/#website\",\"url\":\"https:\\\/\\\/www.webdo.tn\\\/fr\\\/\",\"name\":\"webdo\",\"description\":\"Tunisie - News en Tunisie et \u00e0 l&#039;international sur Webdo.tn\",\"publisher\":{\"@id\":\"https:\\\/\\\/www.webdo.tn\\\/fr\\\/#organization\"},\"potentialAction\":[{\"@type\":\"SearchAction\",\"target\":{\"@type\":\"EntryPoint\",\"urlTemplate\":\"https:\\\/\\\/www.webdo.tn\\\/fr\\\/?s={search_term_string}\"},\"query-input\":{\"@type\":\"PropertyValueSpecification\",\"valueRequired\":true,\"valueName\":\"search_term_string\"}}],\"inLanguage\":\"fr-FR\"},{\"@type\":\"Organization\",\"@id\":\"https:\\\/\\\/www.webdo.tn\\\/fr\\\/#organization\",\"name\":\"Webdo\",\"alternateName\":\"Webdo.tn\",\"url\":\"https:\\\/\\\/www.webdo.tn\\\/fr\\\/\",\"logo\":{\"@type\":\"ImageObject\",\"inLanguage\":\"fr-FR\",\"@id\":\"https:\\\/\\\/www.webdo.tn\\\/fr\\\/#\\\/schema\\\/logo\\\/image\\\/\",\"url\":\"https:\\\/\\\/www.webdo.tn\\\/fr\\\/wp-content\\\/uploads\\\/2025\\\/06\\\/Webdo-Tunisie_168377.jpg\",\"contentUrl\":\"https:\\\/\\\/www.webdo.tn\\\/fr\\\/wp-content\\\/uploads\\\/2025\\\/06\\\/Webdo-Tunisie_168377.jpg\",\"width\":301,\"height\":301,\"caption\":\"Webdo\"},\"image\":{\"@id\":\"https:\\\/\\\/www.webdo.tn\\\/fr\\\/#\\\/schema\\\/logo\\\/image\\\/\"},\"sameAs\":[\"https:\\\/\\\/www.facebook.com\\\/webdotn\",\"https:\\\/\\\/x.com\\\/webdo_tn\"],\"description\":\"Webdo est un m\u00e9dia num\u00e9rique tunisien fond\u00e9 en 2010, sp\u00e9cialis\u00e9 dans l\u2019actualit\u00e9 nationale et internationale, l\u2019\u00e9conomie, la soci\u00e9t\u00e9 et les analyses politiques. Le site s\u2019adresse \u00e0 un large public francophone et couvre l\u2019information tunisienne en temps r\u00e9el.\",\"email\":\"redac@webdo.tn\",\"legalName\":\"YNJ SARL\",\"foundingDate\":\"2010-09-06\",\"numberOfEmployees\":{\"@type\":\"QuantitativeValue\",\"minValue\":\"11\",\"maxValue\":\"50\"}},{\"@type\":\"Person\",\"@id\":\"https:\\\/\\\/www.webdo.tn\\\/fr\\\/#\\\/schema\\\/person\\\/2c4929cbf5a809e3bd38617c6ce150f6\",\"name\":\"MC\",\"image\":{\"@type\":\"ImageObject\",\"inLanguage\":\"fr-FR\",\"@id\":\"https:\\\/\\\/secure.gravatar.com\\\/avatar\\\/a545bbb6f84efdd5553dbbc2895e3ca8f1d12c5215e00a041c9670b54aa9b18a?s=96&d=mm&r=g\",\"url\":\"https:\\\/\\\/secure.gravatar.com\\\/avatar\\\/a545bbb6f84efdd5553dbbc2895e3ca8f1d12c5215e00a041c9670b54aa9b18a?s=96&d=mm&r=g\",\"contentUrl\":\"https:\\\/\\\/secure.gravatar.com\\\/avatar\\\/a545bbb6f84efdd5553dbbc2895e3ca8f1d12c5215e00a041c9670b54aa9b18a?s=96&d=mm&r=g\",\"caption\":\"MC\"},\"url\":\"https:\\\/\\\/www.webdo.tn\\\/fr\\\/actualite\\\/author\\\/mc\\\/\"}]}<\/script>\n<!-- \/ Yoast SEO Premium plugin. -->","yoast_head_json":{"title":"Le pr\u00e9sident Kais Saied comm\u00e9more le 70e anniversaire de l\u2019assassinat de Farhat Hached","description":"Le pr\u00e9sident de la R\u00e9publique, Kais Saied, a comm\u00e9mor\u00e9, ce lundi 5 d\u00e9cembre 2022, le 70e anniversaire de l\u2019assassinat du leader syndicaliste Farhat Hached.","canonical":"https:\/\/www.webdo.tn\/fr\/actualite\/national-45\/la-president-kais-saied-commemore-le-70e-anniversaire-de-l-assassinat-de-farhat-hached\/200197\/","og_locale":"fr_FR","og_type":"article","og_title":"Le pr\u00e9sident Kais Saied comm\u00e9more le 70e anniversaire de l\u2019assassinat de Farhat Hached","og_description":"Le pr\u00e9sident de la R\u00e9publique, Kais Saied, a comm\u00e9mor\u00e9, ce lundi 5 d\u00e9cembre 2022, le 70e anniversaire de l\u2019assassinat du leader syndicaliste Farhat Hached.","og_url":"https:\/\/www.webdo.tn\/fr\/actualite\/national-45\/la-president-kais-saied-commemore-le-70e-anniversaire-de-l-assassinat-de-farhat-hached\/200197\/","og_site_name":"webdo","article_publisher":"https:\/\/www.facebook.com\/webdotn","article_published_time":"2022-12-05T09:36:00+00:00","article_modified_time":"2025-05-22T11:42:26+00:00","og_image":[{"width":750,"height":400,"url":"https:\/\/www.webdo.tn\/fr\/wp-content\/uploads\/2022\/12\/e5b195c8a0e0535ec367a6c73bd95bec.jpg","type":"image\/jpeg"}],"author":"MC","twitter_card":"summary_large_image","twitter_creator":"@webdo_tn","twitter_site":"@webdo_tn","twitter_misc":{"\u00c9crit par":"MC"},"schema":{"@context":"https:\/\/schema.org","@graph":[{"@type":"NewsArticle","@id":"https:\/\/www.webdo.tn\/fr\/actualite\/national-45\/la-president-kais-saied-commemore-le-70e-anniversaire-de-l-assassinat-de-farhat-hached\/200197\/#article","isPartOf":{"@id":"https:\/\/www.webdo.tn\/fr\/actualite\/national-45\/la-president-kais-saied-commemore-le-70e-anniversaire-de-l-assassinat-de-farhat-hached\/200197\/"},"author":{"name":"MC","@id":"https:\/\/www.webdo.tn\/fr\/#\/schema\/person\/2c4929cbf5a809e3bd38617c6ce150f6"},"headline":"Le pr\u00e9sident Kais Saied comm\u00e9more le 70e anniversaire de l\u2019assassinat de Farhat Hached","datePublished":"2022-12-05T09:36:00+00:00","dateModified":"2025-05-22T11:42:26+00:00","mainEntityOfPage":{"@id":"https:\/\/www.webdo.tn\/fr\/actualite\/national-45\/la-president-kais-saied-commemore-le-70e-anniversaire-de-l-assassinat-de-farhat-hached\/200197\/"},"wordCount":84,"commentCount":0,"publisher":{"@id":"https:\/\/www.webdo.tn\/fr\/#organization"},"image":{"@id":"https:\/\/www.webdo.tn\/fr\/actualite\/national-45\/la-president-kais-saied-commemore-le-70e-anniversaire-de-l-assassinat-de-farhat-hached\/200197\/#primaryimage"},"thumbnailUrl":"https:\/\/www.webdo.tn\/fr\/wp-content\/uploads\/2022\/12\/e5b195c8a0e0535ec367a6c73bd95bec.jpg","keywords":["comm\u00e9moration","farhat hached","Kais Saied"],"articleSection":["National"],"inLanguage":"fr-FR"},{"@type":"WebPage","@id":"https:\/\/www.webdo.tn\/fr\/actualite\/national-45\/la-president-kais-saied-commemore-le-70e-anniversaire-de-l-assassinat-de-farhat-hached\/200197\/","url":"https:\/\/www.webdo.tn\/fr\/actualite\/national-45\/la-president-kais-saied-commemore-le-70e-anniversaire-de-l-assassinat-de-farhat-hached\/200197\/","name":"Le pr\u00e9sident Kais Saied comm\u00e9more le 70e anniversaire de l\u2019assassinat de Farhat Hached","isPartOf":{"@id":"https:\/\/www.webdo.tn\/fr\/#website"},"primaryImageOfPage":{"@id":"https:\/\/www.webdo.tn\/fr\/actualite\/national-45\/la-president-kais-saied-commemore-le-70e-anniversaire-de-l-assassinat-de-farhat-hached\/200197\/#primaryimage"},"image":{"@id":"https:\/\/www.webdo.tn\/fr\/actualite\/national-45\/la-president-kais-saied-commemore-le-70e-anniversaire-de-l-assassinat-de-farhat-hached\/200197\/#primaryimage"},"thumbnailUrl":"https:\/\/www.webdo.tn\/fr\/wp-content\/uploads\/2022\/12\/e5b195c8a0e0535ec367a6c73bd95bec.jpg","datePublished":"2022-12-05T09:36:00+00:00","dateModified":"2025-05-22T11:42:26+00:00","description":"Le pr\u00e9sident de la R\u00e9publique, Kais Saied, a comm\u00e9mor\u00e9, ce lundi 5 d\u00e9cembre 2022, le 70e anniversaire de l\u2019assassinat du leader syndicaliste Farhat Hached.","breadcrumb":{"@id":"https:\/\/www.webdo.tn\/fr\/actualite\/national-45\/la-president-kais-saied-commemore-le-70e-anniversaire-de-l-assassinat-de-farhat-hached\/200197\/#breadcrumb"},"inLanguage":"fr-FR","potentialAction":[{"@type":"ReadAction","target":["https:\/\/www.webdo.tn\/fr\/actualite\/national-45\/la-president-kais-saied-commemore-le-70e-anniversaire-de-l-assassinat-de-farhat-hached\/200197\/"]}]},{"@type":"ImageObject","inLanguage":"fr-FR","@id":"https:\/\/www.webdo.tn\/fr\/actualite\/national-45\/la-president-kais-saied-commemore-le-70e-anniversaire-de-l-assassinat-de-farhat-hached\/200197\/#primaryimage","url":"https:\/\/www.webdo.tn\/fr\/wp-content\/uploads\/2022\/12\/e5b195c8a0e0535ec367a6c73bd95bec.jpg","contentUrl":"https:\/\/www.webdo.tn\/fr\/wp-content\/uploads\/2022\/12\/e5b195c8a0e0535ec367a6c73bd95bec.jpg","width":750,"height":400,"caption":"Le pr\u00e9sident Kais Saied comm\u00e9more le 70e anniversaire de l\u2019assassinat de Farhat Hached"},{"@type":"BreadcrumbList","@id":"https:\/\/www.webdo.tn\/fr\/actualite\/national-45\/la-president-kais-saied-commemore-le-70e-anniversaire-de-l-assassinat-de-farhat-hached\/200197\/#breadcrumb","itemListElement":[{"@type":"ListItem","position":1,"name":"Accueil","item":"https:\/\/www.webdo.tn\/fr\/"},{"@type":"ListItem","position":2,"name":"Le pr\u00e9sident Kais Saied comm\u00e9more le 70e anniversaire de l\u2019assassinat de Farhat Hached"}]},{"@type":"WebSite","@id":"https:\/\/www.webdo.tn\/fr\/#website","url":"https:\/\/www.webdo.tn\/fr\/","name":"webdo","description":"Tunisie - News en Tunisie et \u00e0 l&#039;international sur Webdo.tn","publisher":{"@id":"https:\/\/www.webdo.tn\/fr\/#organization"},"potentialAction":[{"@type":"SearchAction","target":{"@type":"EntryPoint","urlTemplate":"https:\/\/www.webdo.tn\/fr\/?s={search_term_string}"},"query-input":{"@type":"PropertyValueSpecification","valueRequired":true,"valueName":"search_term_string"}}],"inLanguage":"fr-FR"},{"@type":"Organization","@id":"https:\/\/www.webdo.tn\/fr\/#organization","name":"Webdo","alternateName":"Webdo.tn","url":"https:\/\/www.webdo.tn\/fr\/","logo":{"@type":"ImageObject","inLanguage":"fr-FR","@id":"https:\/\/www.webdo.tn\/fr\/#\/schema\/logo\/image\/","url":"https:\/\/www.webdo.tn\/fr\/wp-content\/uploads\/2025\/06\/Webdo-Tunisie_168377.jpg","contentUrl":"https:\/\/www.webdo.tn\/fr\/wp-content\/uploads\/2025\/06\/Webdo-Tunisie_168377.jpg","width":301,"height":301,"caption":"Webdo"},"image":{"@id":"https:\/\/www.webdo.tn\/fr\/#\/schema\/logo\/image\/"},"sameAs":["https:\/\/www.facebook.com\/webdotn","https:\/\/x.com\/webdo_tn"],"description":"Webdo est un m\u00e9dia num\u00e9rique tunisien fond\u00e9 en 2010, sp\u00e9cialis\u00e9 dans l\u2019actualit\u00e9 nationale et internationale, l\u2019\u00e9conomie, la soci\u00e9t\u00e9 et les analyses politiques. Le site s\u2019adresse \u00e0 un large public francophone et couvre l\u2019information tunisienne en temps r\u00e9el.","email":"redac@webdo.tn","legalName":"YNJ SARL","foundingDate":"2010-09-06","numberOfEmployees":{"@type":"QuantitativeValue","minValue":"11","maxValue":"50"}},{"@type":"Person","@id":"https:\/\/www.webdo.tn\/fr\/#\/schema\/person\/2c4929cbf5a809e3bd38617c6ce150f6","name":"MC","image":{"@type":"ImageObject","inLanguage":"fr-FR","@id":"https:\/\/secure.gravatar.com\/avatar\/a545bbb6f84efdd5553dbbc2895e3ca8f1d12c5215e00a041c9670b54aa9b18a?s=96&d=mm&r=g","url":"https:\/\/secure.gravatar.com\/avatar\/a545bbb6f84efdd5553dbbc2895e3ca8f1d12c5215e00a041c9670b54aa9b18a?s=96&d=mm&r=g","contentUrl":"https:\/\/secure.gravatar.com\/avatar\/a545bbb6f84efdd5553dbbc2895e3ca8f1d12c5215e00a041c9670b54aa9b18a?s=96&d=mm&r=g","caption":"MC"},"url":"https:\/\/www.webdo.tn\/fr\/actualite\/author\/mc\/"}]}},"_links":{"self":[{"href":"https:\/\/www.webdo.tn\/fr\/wp-json\/wp\/v2\/posts\/200197","targetHints":{"allow":["GET"]}}],"collection":[{"href":"https:\/\/www.webdo.tn\/fr\/wp-json\/wp\/v2\/posts"}],"about":[{"href":"https:\/\/www.webdo.tn\/fr\/wp-json\/wp\/v2\/types\/post"}],"author":[{"embeddable":true,"href":"https:\/\/www.webdo.tn\/fr\/wp-json\/wp\/v2\/users\/3162"}],"replies":[{"embeddable":true,"href":"https:\/\/www.webdo.tn\/fr\/wp-json\/wp\/v2\/comments?post=200197"}],"version-history":[{"count":0,"href":"https:\/\/www.webdo.tn\/fr\/wp-json\/wp\/v2\/posts\/200197\/revisions"}],"wp:featuredmedia":[{"embeddable":true,"href":"https:\/\/www.webdo.tn\/fr\/wp-json\/wp\/v2\/media\/348502"}],"wp:attachment":[{"href":"https:\/\/www.webdo.tn\/fr\/wp-json\/wp\/v2\/media?parent=200197"}],"wp:term":[{"taxonomy":"category","embeddable":true,"href":"https:\/\/www.webdo.tn\/fr\/wp-json\/wp\/v2\/categories?post=200197"},{"taxonomy":"post_tag","embeddable":true,"href":"https:\/\/www.webdo.tn\/fr\/wp-json\/wp\/v2\/tags?post=200197"}],"curies":[{"name":"wp","href":"https:\/\/api.w.org\/{rel}","templated":true}]}}