{"id":200152,"date":"2022-12-03T09:18:00","date_gmt":"2022-12-03T09:18:00","guid":{"rendered":"https:\/\/www.webdo.tn\/fr\/blog\/l-approvisionnement-des-pharmacies-en-medicaments-stoppe\/200152\/"},"modified":"2025-05-20T22:06:03","modified_gmt":"2025-05-20T22:06:03","slug":"l-approvisionnement-des-pharmacies-en-medicaments-stoppe","status":"publish","type":"post","link":"https:\/\/www.webdo.tn\/fr\/actualite\/national\/l-approvisionnement-des-pharmacies-en-medicaments-stoppe\/200152\/","title":{"rendered":"L&rsquo;approvisionnement des pharmacies en m\u00e9dicaments stopp\u00e9"},"content":{"rendered":"<p>La Chambre syndicale des \u00e9tablissements pharmaceutiques distributeurs de m\u00e9dicaments en gros, a d\u00e9cid\u00e9 de suspendre l&rsquo;approvisionnement des pharmacies \u00e0 partir de ce lundi 5 d\u00e9cembre 2022.<\/p>\n<p>\t\t\t\t\t\t\t\t\tLa Chambre nationale des pharmaciens grossistes r\u00e9partiteurs explique, dans un communiqu\u00e9 publi\u00e9 ce vendredi 2 d\u00e9cembre, avoir pris cette d\u00e9cision \u00ab\u00a0jusqu&rsquo;\u00e0 ce que des solutions radicales soient trouv\u00e9es pour garantir l&rsquo;approvisionnement en m\u00e9dicaments et sauver le secteur\u00a0\u00bb<\/p>\n<p>L&rsquo;absence de solutions, les autorit\u00e9s de tutelle ayant refus\u00e9 de renouveler l\u2019attestation d\u2019exon\u00e9ration de retenue \u00e0 la source sur les ventes de m\u00e9dicaments au titre de 2022 ; et la hausse r\u00e9guli\u00e8re des charges financi\u00e8res, sont \u00e0 l\u2019origine de cette d\u00e9cision.<\/p>\n","protected":false},"excerpt":{"rendered":"<p>La Chambre syndicale des \u00e9tablissements pharmaceutiques distributeurs de m\u00e9dicaments en gros, a d\u00e9cid\u00e9 de suspendre l&rsquo;approvisionnement des pharmacies \u00e0 partir&#8230;<\/p>\n","protected":false},"author":3162,"featured_media":277373,"comment_status":"open","ping_status":"closed","sticky":false,"template":"","format":"standard","meta":{"footnotes":""},"categories":[44],"tags":[9196,3479,4589],"class_list":["post-200152","post","type-post","status-publish","format-standard","has-post-thumbnail","hentry","category-national","tag-approvisionnement","tag-medicaments","tag-pharmacies"],"yoast_head":"<!-- This site is optimized with the Yoast SEO Premium plugin v27.4 (Yoast SEO v27.5) - https:\/\/yoast.com\/product\/yoast-seo-premium-wordpress\/ -->\n<title>L&#039;approvisionnement des pharmacies en m\u00e9dicaments stopp\u00e9<\/title>\n<meta name=\"description\" content=\"La Chambre syndicale des \u00e9tablissements pharmaceutiques distributeurs de m\u00e9dicaments en gros, a d\u00e9cid\u00e9 de suspendre l&#039;approvisionnement des pharmacies \u00e0 partir...\" \/>\n<link rel=\"canonical\" href=\"https:\/\/www.webdo.tn\/fr\/actualite\/national\/l-approvisionnement-des-pharmacies-en-medicaments-stoppe\/200152\/\" \/>\n<meta property=\"og:locale\" content=\"fr_FR\" \/>\n<meta property=\"og:type\" content=\"article\" \/>\n<meta property=\"og:title\" content=\"L&#039;approvisionnement des pharmacies en m\u00e9dicaments stopp\u00e9\" \/>\n<meta property=\"og:description\" content=\"La Chambre syndicale des \u00e9tablissements pharmaceutiques distributeurs de m\u00e9dicaments en gros, a d\u00e9cid\u00e9 de suspendre l&#039;approvisionnement des pharmacies \u00e0 partir...\" \/>\n<meta property=\"og:url\" content=\"https:\/\/www.webdo.tn\/fr\/actualite\/national\/l-approvisionnement-des-pharmacies-en-medicaments-stoppe\/200152\/\" \/>\n<meta property=\"og:site_name\" content=\"webdo\" \/>\n<meta property=\"article:publisher\" content=\"https:\/\/www.facebook.com\/webdotn\" \/>\n<meta property=\"article:published_time\" content=\"2022-12-03T09:18:00+00:00\" \/>\n<meta property=\"article:modified_time\" content=\"2025-05-20T22:06:03+00:00\" \/>\n<meta property=\"og:image\" content=\"https:\/\/www.webdo.tn\/fr\/wp-content\/uploads\/2022\/12\/1d28b221b706b327131113605d2a1fdb.jpg\" \/>\n\t<meta property=\"og:image:width\" content=\"750\" \/>\n\t<meta property=\"og:image:height\" content=\"400\" \/>\n\t<meta property=\"og:image:type\" content=\"image\/jpeg\" \/>\n<meta name=\"author\" content=\"MC\" \/>\n<meta name=\"twitter:card\" content=\"summary_large_image\" \/>\n<meta name=\"twitter:creator\" content=\"@webdo_tn\" \/>\n<meta name=\"twitter:site\" content=\"@webdo_tn\" \/>\n<meta name=\"twitter:label1\" content=\"\u00c9crit par\" \/>\n\t<meta name=\"twitter:data1\" content=\"MC\" \/>\n\t<meta name=\"twitter:label2\" content=\"Dur\u00e9e de lecture estim\u00e9e\" \/>\n\t<meta name=\"twitter:data2\" content=\"1 minute\" \/>\n<script type=\"application\/ld+json\" class=\"yoast-schema-graph\">{\"@context\":\"https:\\\/\\\/schema.org\",\"@graph\":[{\"@type\":\"NewsArticle\",\"@id\":\"https:\\\/\\\/www.webdo.tn\\\/fr\\\/actualite\\\/national\\\/l-approvisionnement-des-pharmacies-en-medicaments-stoppe\\\/200152\\\/#article\",\"isPartOf\":{\"@id\":\"https:\\\/\\\/www.webdo.tn\\\/fr\\\/actualite\\\/national\\\/l-approvisionnement-des-pharmacies-en-medicaments-stoppe\\\/200152\\\/\"},\"author\":{\"name\":\"MC\",\"@id\":\"https:\\\/\\\/www.webdo.tn\\\/fr\\\/#\\\/schema\\\/person\\\/2c4929cbf5a809e3bd38617c6ce150f6\"},\"headline\":\"L&rsquo;approvisionnement des pharmacies en m\u00e9dicaments stopp\u00e9\",\"datePublished\":\"2022-12-03T09:18:00+00:00\",\"dateModified\":\"2025-05-20T22:06:03+00:00\",\"mainEntityOfPage\":{\"@id\":\"https:\\\/\\\/www.webdo.tn\\\/fr\\\/actualite\\\/national\\\/l-approvisionnement-des-pharmacies-en-medicaments-stoppe\\\/200152\\\/\"},\"wordCount\":125,\"commentCount\":0,\"publisher\":{\"@id\":\"https:\\\/\\\/www.webdo.tn\\\/fr\\\/#organization\"},\"image\":{\"@id\":\"https:\\\/\\\/www.webdo.tn\\\/fr\\\/actualite\\\/national\\\/l-approvisionnement-des-pharmacies-en-medicaments-stoppe\\\/200152\\\/#primaryimage\"},\"thumbnailUrl\":\"https:\\\/\\\/www.webdo.tn\\\/fr\\\/wp-content\\\/uploads\\\/2022\\\/12\\\/1d28b221b706b327131113605d2a1fdb.jpg\",\"keywords\":[\"approvisionnement\",\"m\u00e9dicaments\",\"pharmacies\"],\"articleSection\":[\"National\"],\"inLanguage\":\"fr-FR\"},{\"@type\":\"WebPage\",\"@id\":\"https:\\\/\\\/www.webdo.tn\\\/fr\\\/actualite\\\/national\\\/l-approvisionnement-des-pharmacies-en-medicaments-stoppe\\\/200152\\\/\",\"url\":\"https:\\\/\\\/www.webdo.tn\\\/fr\\\/actualite\\\/national\\\/l-approvisionnement-des-pharmacies-en-medicaments-stoppe\\\/200152\\\/\",\"name\":\"L'approvisionnement des pharmacies en m\u00e9dicaments stopp\u00e9\",\"isPartOf\":{\"@id\":\"https:\\\/\\\/www.webdo.tn\\\/fr\\\/#website\"},\"primaryImageOfPage\":{\"@id\":\"https:\\\/\\\/www.webdo.tn\\\/fr\\\/actualite\\\/national\\\/l-approvisionnement-des-pharmacies-en-medicaments-stoppe\\\/200152\\\/#primaryimage\"},\"image\":{\"@id\":\"https:\\\/\\\/www.webdo.tn\\\/fr\\\/actualite\\\/national\\\/l-approvisionnement-des-pharmacies-en-medicaments-stoppe\\\/200152\\\/#primaryimage\"},\"thumbnailUrl\":\"https:\\\/\\\/www.webdo.tn\\\/fr\\\/wp-content\\\/uploads\\\/2022\\\/12\\\/1d28b221b706b327131113605d2a1fdb.jpg\",\"datePublished\":\"2022-12-03T09:18:00+00:00\",\"dateModified\":\"2025-05-20T22:06:03+00:00\",\"description\":\"La Chambre syndicale des \u00e9tablissements pharmaceutiques distributeurs de m\u00e9dicaments en gros, a d\u00e9cid\u00e9 de suspendre l'approvisionnement des pharmacies \u00e0 partir...\",\"breadcrumb\":{\"@id\":\"https:\\\/\\\/www.webdo.tn\\\/fr\\\/actualite\\\/national\\\/l-approvisionnement-des-pharmacies-en-medicaments-stoppe\\\/200152\\\/#breadcrumb\"},\"inLanguage\":\"fr-FR\",\"potentialAction\":[{\"@type\":\"ReadAction\",\"target\":[\"https:\\\/\\\/www.webdo.tn\\\/fr\\\/actualite\\\/national\\\/l-approvisionnement-des-pharmacies-en-medicaments-stoppe\\\/200152\\\/\"]}]},{\"@type\":\"ImageObject\",\"inLanguage\":\"fr-FR\",\"@id\":\"https:\\\/\\\/www.webdo.tn\\\/fr\\\/actualite\\\/national\\\/l-approvisionnement-des-pharmacies-en-medicaments-stoppe\\\/200152\\\/#primaryimage\",\"url\":\"https:\\\/\\\/www.webdo.tn\\\/fr\\\/wp-content\\\/uploads\\\/2022\\\/12\\\/1d28b221b706b327131113605d2a1fdb.jpg\",\"contentUrl\":\"https:\\\/\\\/www.webdo.tn\\\/fr\\\/wp-content\\\/uploads\\\/2022\\\/12\\\/1d28b221b706b327131113605d2a1fdb.jpg\",\"width\":750,\"height\":400,\"caption\":\"L'approvisionnement des pharmacies en m\u00e9dicaments stopp\u00e9\"},{\"@type\":\"BreadcrumbList\",\"@id\":\"https:\\\/\\\/www.webdo.tn\\\/fr\\\/actualite\\\/national\\\/l-approvisionnement-des-pharmacies-en-medicaments-stoppe\\\/200152\\\/#breadcrumb\",\"itemListElement\":[{\"@type\":\"ListItem\",\"position\":1,\"name\":\"Accueil\",\"item\":\"https:\\\/\\\/www.webdo.tn\\\/fr\\\/\"},{\"@type\":\"ListItem\",\"position\":2,\"name\":\"L&rsquo;approvisionnement des pharmacies en m\u00e9dicaments stopp\u00e9\"}]},{\"@type\":\"WebSite\",\"@id\":\"https:\\\/\\\/www.webdo.tn\\\/fr\\\/#website\",\"url\":\"https:\\\/\\\/www.webdo.tn\\\/fr\\\/\",\"name\":\"webdo\",\"description\":\"Tunisie - News en Tunisie et \u00e0 l&#039;international sur Webdo.tn\",\"publisher\":{\"@id\":\"https:\\\/\\\/www.webdo.tn\\\/fr\\\/#organization\"},\"potentialAction\":[{\"@type\":\"SearchAction\",\"target\":{\"@type\":\"EntryPoint\",\"urlTemplate\":\"https:\\\/\\\/www.webdo.tn\\\/fr\\\/?s={search_term_string}\"},\"query-input\":{\"@type\":\"PropertyValueSpecification\",\"valueRequired\":true,\"valueName\":\"search_term_string\"}}],\"inLanguage\":\"fr-FR\"},{\"@type\":\"Organization\",\"@id\":\"https:\\\/\\\/www.webdo.tn\\\/fr\\\/#organization\",\"name\":\"Webdo\",\"alternateName\":\"Webdo.tn\",\"url\":\"https:\\\/\\\/www.webdo.tn\\\/fr\\\/\",\"logo\":{\"@type\":\"ImageObject\",\"inLanguage\":\"fr-FR\",\"@id\":\"https:\\\/\\\/www.webdo.tn\\\/fr\\\/#\\\/schema\\\/logo\\\/image\\\/\",\"url\":\"https:\\\/\\\/www.webdo.tn\\\/fr\\\/wp-content\\\/uploads\\\/2025\\\/06\\\/Webdo-Tunisie_168377.jpg\",\"contentUrl\":\"https:\\\/\\\/www.webdo.tn\\\/fr\\\/wp-content\\\/uploads\\\/2025\\\/06\\\/Webdo-Tunisie_168377.jpg\",\"width\":301,\"height\":301,\"caption\":\"Webdo\"},\"image\":{\"@id\":\"https:\\\/\\\/www.webdo.tn\\\/fr\\\/#\\\/schema\\\/logo\\\/image\\\/\"},\"sameAs\":[\"https:\\\/\\\/www.facebook.com\\\/webdotn\",\"https:\\\/\\\/x.com\\\/webdo_tn\"],\"description\":\"Webdo est un m\u00e9dia num\u00e9rique tunisien fond\u00e9 en 2010, sp\u00e9cialis\u00e9 dans l\u2019actualit\u00e9 nationale et internationale, l\u2019\u00e9conomie, la soci\u00e9t\u00e9 et les analyses politiques. Le site s\u2019adresse \u00e0 un large public francophone et couvre l\u2019information tunisienne en temps r\u00e9el.\",\"email\":\"redac@webdo.tn\",\"legalName\":\"YNJ SARL\",\"foundingDate\":\"2010-09-06\",\"numberOfEmployees\":{\"@type\":\"QuantitativeValue\",\"minValue\":\"11\",\"maxValue\":\"50\"}},{\"@type\":\"Person\",\"@id\":\"https:\\\/\\\/www.webdo.tn\\\/fr\\\/#\\\/schema\\\/person\\\/2c4929cbf5a809e3bd38617c6ce150f6\",\"name\":\"MC\",\"image\":{\"@type\":\"ImageObject\",\"inLanguage\":\"fr-FR\",\"@id\":\"https:\\\/\\\/secure.gravatar.com\\\/avatar\\\/a545bbb6f84efdd5553dbbc2895e3ca8f1d12c5215e00a041c9670b54aa9b18a?s=96&d=mm&r=g\",\"url\":\"https:\\\/\\\/secure.gravatar.com\\\/avatar\\\/a545bbb6f84efdd5553dbbc2895e3ca8f1d12c5215e00a041c9670b54aa9b18a?s=96&d=mm&r=g\",\"contentUrl\":\"https:\\\/\\\/secure.gravatar.com\\\/avatar\\\/a545bbb6f84efdd5553dbbc2895e3ca8f1d12c5215e00a041c9670b54aa9b18a?s=96&d=mm&r=g\",\"caption\":\"MC\"},\"url\":\"https:\\\/\\\/www.webdo.tn\\\/fr\\\/actualite\\\/author\\\/mc\\\/\"}]}<\/script>\n<!-- \/ Yoast SEO Premium plugin. -->","yoast_head_json":{"title":"L'approvisionnement des pharmacies en m\u00e9dicaments stopp\u00e9","description":"La Chambre syndicale des \u00e9tablissements pharmaceutiques distributeurs de m\u00e9dicaments en gros, a d\u00e9cid\u00e9 de suspendre l'approvisionnement des pharmacies \u00e0 partir...","canonical":"https:\/\/www.webdo.tn\/fr\/actualite\/national\/l-approvisionnement-des-pharmacies-en-medicaments-stoppe\/200152\/","og_locale":"fr_FR","og_type":"article","og_title":"L'approvisionnement des pharmacies en m\u00e9dicaments stopp\u00e9","og_description":"La Chambre syndicale des \u00e9tablissements pharmaceutiques distributeurs de m\u00e9dicaments en gros, a d\u00e9cid\u00e9 de suspendre l'approvisionnement des pharmacies \u00e0 partir...","og_url":"https:\/\/www.webdo.tn\/fr\/actualite\/national\/l-approvisionnement-des-pharmacies-en-medicaments-stoppe\/200152\/","og_site_name":"webdo","article_publisher":"https:\/\/www.facebook.com\/webdotn","article_published_time":"2022-12-03T09:18:00+00:00","article_modified_time":"2025-05-20T22:06:03+00:00","og_image":[{"width":750,"height":400,"url":"https:\/\/www.webdo.tn\/fr\/wp-content\/uploads\/2022\/12\/1d28b221b706b327131113605d2a1fdb.jpg","type":"image\/jpeg"}],"author":"MC","twitter_card":"summary_large_image","twitter_creator":"@webdo_tn","twitter_site":"@webdo_tn","twitter_misc":{"\u00c9crit par":"MC","Dur\u00e9e de lecture estim\u00e9e":"1 minute"},"schema":{"@context":"https:\/\/schema.org","@graph":[{"@type":"NewsArticle","@id":"https:\/\/www.webdo.tn\/fr\/actualite\/national\/l-approvisionnement-des-pharmacies-en-medicaments-stoppe\/200152\/#article","isPartOf":{"@id":"https:\/\/www.webdo.tn\/fr\/actualite\/national\/l-approvisionnement-des-pharmacies-en-medicaments-stoppe\/200152\/"},"author":{"name":"MC","@id":"https:\/\/www.webdo.tn\/fr\/#\/schema\/person\/2c4929cbf5a809e3bd38617c6ce150f6"},"headline":"L&rsquo;approvisionnement des pharmacies en m\u00e9dicaments stopp\u00e9","datePublished":"2022-12-03T09:18:00+00:00","dateModified":"2025-05-20T22:06:03+00:00","mainEntityOfPage":{"@id":"https:\/\/www.webdo.tn\/fr\/actualite\/national\/l-approvisionnement-des-pharmacies-en-medicaments-stoppe\/200152\/"},"wordCount":125,"commentCount":0,"publisher":{"@id":"https:\/\/www.webdo.tn\/fr\/#organization"},"image":{"@id":"https:\/\/www.webdo.tn\/fr\/actualite\/national\/l-approvisionnement-des-pharmacies-en-medicaments-stoppe\/200152\/#primaryimage"},"thumbnailUrl":"https:\/\/www.webdo.tn\/fr\/wp-content\/uploads\/2022\/12\/1d28b221b706b327131113605d2a1fdb.jpg","keywords":["approvisionnement","m\u00e9dicaments","pharmacies"],"articleSection":["National"],"inLanguage":"fr-FR"},{"@type":"WebPage","@id":"https:\/\/www.webdo.tn\/fr\/actualite\/national\/l-approvisionnement-des-pharmacies-en-medicaments-stoppe\/200152\/","url":"https:\/\/www.webdo.tn\/fr\/actualite\/national\/l-approvisionnement-des-pharmacies-en-medicaments-stoppe\/200152\/","name":"L'approvisionnement des pharmacies en m\u00e9dicaments stopp\u00e9","isPartOf":{"@id":"https:\/\/www.webdo.tn\/fr\/#website"},"primaryImageOfPage":{"@id":"https:\/\/www.webdo.tn\/fr\/actualite\/national\/l-approvisionnement-des-pharmacies-en-medicaments-stoppe\/200152\/#primaryimage"},"image":{"@id":"https:\/\/www.webdo.tn\/fr\/actualite\/national\/l-approvisionnement-des-pharmacies-en-medicaments-stoppe\/200152\/#primaryimage"},"thumbnailUrl":"https:\/\/www.webdo.tn\/fr\/wp-content\/uploads\/2022\/12\/1d28b221b706b327131113605d2a1fdb.jpg","datePublished":"2022-12-03T09:18:00+00:00","dateModified":"2025-05-20T22:06:03+00:00","description":"La Chambre syndicale des \u00e9tablissements pharmaceutiques distributeurs de m\u00e9dicaments en gros, a d\u00e9cid\u00e9 de suspendre l'approvisionnement des pharmacies \u00e0 partir...","breadcrumb":{"@id":"https:\/\/www.webdo.tn\/fr\/actualite\/national\/l-approvisionnement-des-pharmacies-en-medicaments-stoppe\/200152\/#breadcrumb"},"inLanguage":"fr-FR","potentialAction":[{"@type":"ReadAction","target":["https:\/\/www.webdo.tn\/fr\/actualite\/national\/l-approvisionnement-des-pharmacies-en-medicaments-stoppe\/200152\/"]}]},{"@type":"ImageObject","inLanguage":"fr-FR","@id":"https:\/\/www.webdo.tn\/fr\/actualite\/national\/l-approvisionnement-des-pharmacies-en-medicaments-stoppe\/200152\/#primaryimage","url":"https:\/\/www.webdo.tn\/fr\/wp-content\/uploads\/2022\/12\/1d28b221b706b327131113605d2a1fdb.jpg","contentUrl":"https:\/\/www.webdo.tn\/fr\/wp-content\/uploads\/2022\/12\/1d28b221b706b327131113605d2a1fdb.jpg","width":750,"height":400,"caption":"L'approvisionnement des pharmacies en m\u00e9dicaments stopp\u00e9"},{"@type":"BreadcrumbList","@id":"https:\/\/www.webdo.tn\/fr\/actualite\/national\/l-approvisionnement-des-pharmacies-en-medicaments-stoppe\/200152\/#breadcrumb","itemListElement":[{"@type":"ListItem","position":1,"name":"Accueil","item":"https:\/\/www.webdo.tn\/fr\/"},{"@type":"ListItem","position":2,"name":"L&rsquo;approvisionnement des pharmacies en m\u00e9dicaments stopp\u00e9"}]},{"@type":"WebSite","@id":"https:\/\/www.webdo.tn\/fr\/#website","url":"https:\/\/www.webdo.tn\/fr\/","name":"webdo","description":"Tunisie - News en Tunisie et \u00e0 l&#039;international sur Webdo.tn","publisher":{"@id":"https:\/\/www.webdo.tn\/fr\/#organization"},"potentialAction":[{"@type":"SearchAction","target":{"@type":"EntryPoint","urlTemplate":"https:\/\/www.webdo.tn\/fr\/?s={search_term_string}"},"query-input":{"@type":"PropertyValueSpecification","valueRequired":true,"valueName":"search_term_string"}}],"inLanguage":"fr-FR"},{"@type":"Organization","@id":"https:\/\/www.webdo.tn\/fr\/#organization","name":"Webdo","alternateName":"Webdo.tn","url":"https:\/\/www.webdo.tn\/fr\/","logo":{"@type":"ImageObject","inLanguage":"fr-FR","@id":"https:\/\/www.webdo.tn\/fr\/#\/schema\/logo\/image\/","url":"https:\/\/www.webdo.tn\/fr\/wp-content\/uploads\/2025\/06\/Webdo-Tunisie_168377.jpg","contentUrl":"https:\/\/www.webdo.tn\/fr\/wp-content\/uploads\/2025\/06\/Webdo-Tunisie_168377.jpg","width":301,"height":301,"caption":"Webdo"},"image":{"@id":"https:\/\/www.webdo.tn\/fr\/#\/schema\/logo\/image\/"},"sameAs":["https:\/\/www.facebook.com\/webdotn","https:\/\/x.com\/webdo_tn"],"description":"Webdo est un m\u00e9dia num\u00e9rique tunisien fond\u00e9 en 2010, sp\u00e9cialis\u00e9 dans l\u2019actualit\u00e9 nationale et internationale, l\u2019\u00e9conomie, la soci\u00e9t\u00e9 et les analyses politiques. Le site s\u2019adresse \u00e0 un large public francophone et couvre l\u2019information tunisienne en temps r\u00e9el.","email":"redac@webdo.tn","legalName":"YNJ SARL","foundingDate":"2010-09-06","numberOfEmployees":{"@type":"QuantitativeValue","minValue":"11","maxValue":"50"}},{"@type":"Person","@id":"https:\/\/www.webdo.tn\/fr\/#\/schema\/person\/2c4929cbf5a809e3bd38617c6ce150f6","name":"MC","image":{"@type":"ImageObject","inLanguage":"fr-FR","@id":"https:\/\/secure.gravatar.com\/avatar\/a545bbb6f84efdd5553dbbc2895e3ca8f1d12c5215e00a041c9670b54aa9b18a?s=96&d=mm&r=g","url":"https:\/\/secure.gravatar.com\/avatar\/a545bbb6f84efdd5553dbbc2895e3ca8f1d12c5215e00a041c9670b54aa9b18a?s=96&d=mm&r=g","contentUrl":"https:\/\/secure.gravatar.com\/avatar\/a545bbb6f84efdd5553dbbc2895e3ca8f1d12c5215e00a041c9670b54aa9b18a?s=96&d=mm&r=g","caption":"MC"},"url":"https:\/\/www.webdo.tn\/fr\/actualite\/author\/mc\/"}]}},"_links":{"self":[{"href":"https:\/\/www.webdo.tn\/fr\/wp-json\/wp\/v2\/posts\/200152","targetHints":{"allow":["GET"]}}],"collection":[{"href":"https:\/\/www.webdo.tn\/fr\/wp-json\/wp\/v2\/posts"}],"about":[{"href":"https:\/\/www.webdo.tn\/fr\/wp-json\/wp\/v2\/types\/post"}],"author":[{"embeddable":true,"href":"https:\/\/www.webdo.tn\/fr\/wp-json\/wp\/v2\/users\/3162"}],"replies":[{"embeddable":true,"href":"https:\/\/www.webdo.tn\/fr\/wp-json\/wp\/v2\/comments?post=200152"}],"version-history":[{"count":0,"href":"https:\/\/www.webdo.tn\/fr\/wp-json\/wp\/v2\/posts\/200152\/revisions"}],"wp:featuredmedia":[{"embeddable":true,"href":"https:\/\/www.webdo.tn\/fr\/wp-json\/wp\/v2\/media\/277373"}],"wp:attachment":[{"href":"https:\/\/www.webdo.tn\/fr\/wp-json\/wp\/v2\/media?parent=200152"}],"wp:term":[{"taxonomy":"category","embeddable":true,"href":"https:\/\/www.webdo.tn\/fr\/wp-json\/wp\/v2\/categories?post=200152"},{"taxonomy":"post_tag","embeddable":true,"href":"https:\/\/www.webdo.tn\/fr\/wp-json\/wp\/v2\/tags?post=200152"}],"curies":[{"name":"wp","href":"https:\/\/api.w.org\/{rel}","templated":true}]}}