{"id":200118,"date":"2022-12-02T11:16:00","date_gmt":"2022-12-02T11:16:00","guid":{"rendered":"https:\/\/www.webdo.tn\/fr\/blog\/wadii-jary-quitte-l-aeroport-escorte-que-s-est-il-passe\/200118\/"},"modified":"2025-05-20T22:04:22","modified_gmt":"2025-05-20T22:04:22","slug":"wadii-jary-quitte-l-aeroport-escorte-que-s-est-il-passe","status":"publish","type":"post","link":"https:\/\/www.webdo.tn\/fr\/actualite\/national\/wadii-jary-quitte-l-aeroport-escorte-que-s-est-il-passe\/200118\/","title":{"rendered":"Wadii Jary quitte l&rsquo;a\u00e9roport escort\u00e9 : que s&rsquo;est-il pass\u00e9 ?"},"content":{"rendered":"<p>La S\u00e9lection tunisienne de football est rentr\u00e9e en Tunisie apr\u00e8s sa participation \u00e0 la Coupe du monde. Elle avait pour chef de d\u00e9l\u00e9gation, le pr\u00e9sident de la F\u00e9d\u00e9ration Tunisienne de Football (FTF), Wadii Jary, \u00e9galement de retour en Tunisie apr\u00e8s plusieurs semaines d&rsquo;absence.<\/p>\n<p>\t\t\t\t\t\t\t\t\tSon absence prolong\u00e9e en dehors des fronti\u00e8res du pays avait d&rsquo;ailleurs fait jaser dans les mileiux footballistiques, certains allant m\u00eame jusqu&rsquo;\u00e0 pr\u00e9tendre que Wadii Jary n&rsquo;allait plus revenir en Tunisie.<\/p>\n<p>Le pr\u00e9sident de la FTF est finalement rentr\u00e9, ce vendredi \u00e0 l\u2019aube, escort\u00e9 par un agent de police, \u00e0 sa sortie de l&rsquo;a\u00e9roport Tunis-Carthage comme le montre une vid\u00e9o publi\u00e9e par Mosaique.<\/p>\n<p>Cette sortie fulgurante a fait l&rsquo;objet de nombreux commentaires sur les r\u00e9seaux sociaux. Selon une source au sein de la FTF, et une autre au sein du minist\u00e8re de l&rsquo;Int\u00e9rieur, Wadii Jary est tout simplement rentr\u00e9 chez lui.<\/p>\n","protected":false},"excerpt":{"rendered":"<p>La S\u00e9lection tunisienne de football est rentr\u00e9e en Tunisie apr\u00e8s sa participation \u00e0 la Coupe du monde. Elle avait pour chef de d\u00e9l\u00e9gation, le pr\u00e9sident de la F\u00e9&#8230;<\/p>\n","protected":false},"author":3162,"featured_media":252996,"comment_status":"open","ping_status":"closed","sticky":false,"template":"","format":"standard","meta":{"footnotes":""},"categories":[44],"tags":[3728,2608,3937],"class_list":["post-200118","post","type-post","status-publish","format-standard","has-post-thumbnail","hentry","category-national","tag-ftf","tag-tunisie","tag-wadii-jary"],"yoast_head":"<!-- This site is optimized with the Yoast SEO Premium plugin v27.4 (Yoast SEO v27.5) - https:\/\/yoast.com\/product\/yoast-seo-premium-wordpress\/ -->\n<title>Wadii Jary quitte l&#039;a\u00e9roport escort\u00e9 : que s&#039;est-il pass\u00e9 ?<\/title>\n<meta name=\"description\" content=\"La S\u00e9lection tunisienne de football est rentr\u00e9e en Tunisie apr\u00e8s sa participation \u00e0 la Coupe du monde. Elle avait pour chef de d\u00e9l\u00e9gation, le pr\u00e9sident de la F\u00e9...\" \/>\n<link rel=\"canonical\" href=\"https:\/\/www.webdo.tn\/fr\/actualite\/national\/wadii-jary-quitte-l-aeroport-escorte-que-s-est-il-passe\/200118\/\" \/>\n<meta property=\"og:locale\" content=\"fr_FR\" \/>\n<meta property=\"og:type\" content=\"article\" \/>\n<meta property=\"og:title\" content=\"Wadii Jary quitte l&#039;a\u00e9roport escort\u00e9 : que s&#039;est-il pass\u00e9 ?\" \/>\n<meta property=\"og:description\" content=\"La S\u00e9lection tunisienne de football est rentr\u00e9e en Tunisie apr\u00e8s sa participation \u00e0 la Coupe du monde. Elle avait pour chef de d\u00e9l\u00e9gation, le pr\u00e9sident de la F\u00e9...\" \/>\n<meta property=\"og:url\" content=\"https:\/\/www.webdo.tn\/fr\/actualite\/national\/wadii-jary-quitte-l-aeroport-escorte-que-s-est-il-passe\/200118\/\" \/>\n<meta property=\"og:site_name\" content=\"webdo\" \/>\n<meta property=\"article:publisher\" content=\"https:\/\/www.facebook.com\/webdotn\" \/>\n<meta property=\"article:published_time\" content=\"2022-12-02T11:16:00+00:00\" \/>\n<meta property=\"article:modified_time\" content=\"2025-05-20T22:04:22+00:00\" \/>\n<meta property=\"og:image\" content=\"https:\/\/www.webdo.tn\/fr\/wp-content\/uploads\/2022\/12\/6f83bada1a1c189a205ff97fcabf5454.jpg\" \/>\n\t<meta property=\"og:image:width\" content=\"750\" \/>\n\t<meta property=\"og:image:height\" content=\"400\" \/>\n\t<meta property=\"og:image:type\" content=\"image\/jpeg\" \/>\n<meta name=\"author\" content=\"MC\" \/>\n<meta name=\"twitter:card\" content=\"summary_large_image\" \/>\n<meta name=\"twitter:creator\" content=\"@webdo_tn\" \/>\n<meta name=\"twitter:site\" content=\"@webdo_tn\" \/>\n<meta name=\"twitter:label1\" content=\"\u00c9crit par\" \/>\n\t<meta name=\"twitter:data1\" content=\"MC\" \/>\n\t<meta name=\"twitter:label2\" content=\"Dur\u00e9e de lecture estim\u00e9e\" \/>\n\t<meta name=\"twitter:data2\" content=\"1 minute\" \/>\n<script type=\"application\/ld+json\" class=\"yoast-schema-graph\">{\"@context\":\"https:\\\/\\\/schema.org\",\"@graph\":[{\"@type\":\"NewsArticle\",\"@id\":\"https:\\\/\\\/www.webdo.tn\\\/fr\\\/actualite\\\/national\\\/wadii-jary-quitte-l-aeroport-escorte-que-s-est-il-passe\\\/200118\\\/#article\",\"isPartOf\":{\"@id\":\"https:\\\/\\\/www.webdo.tn\\\/fr\\\/actualite\\\/national\\\/wadii-jary-quitte-l-aeroport-escorte-que-s-est-il-passe\\\/200118\\\/\"},\"author\":{\"name\":\"MC\",\"@id\":\"https:\\\/\\\/www.webdo.tn\\\/fr\\\/#\\\/schema\\\/person\\\/2c4929cbf5a809e3bd38617c6ce150f6\"},\"headline\":\"Wadii Jary quitte l&rsquo;a\u00e9roport escort\u00e9 : que s&rsquo;est-il pass\u00e9 ?\",\"datePublished\":\"2022-12-02T11:16:00+00:00\",\"dateModified\":\"2025-05-20T22:04:22+00:00\",\"mainEntityOfPage\":{\"@id\":\"https:\\\/\\\/www.webdo.tn\\\/fr\\\/actualite\\\/national\\\/wadii-jary-quitte-l-aeroport-escorte-que-s-est-il-passe\\\/200118\\\/\"},\"wordCount\":178,\"commentCount\":0,\"publisher\":{\"@id\":\"https:\\\/\\\/www.webdo.tn\\\/fr\\\/#organization\"},\"image\":{\"@id\":\"https:\\\/\\\/www.webdo.tn\\\/fr\\\/actualite\\\/national\\\/wadii-jary-quitte-l-aeroport-escorte-que-s-est-il-passe\\\/200118\\\/#primaryimage\"},\"thumbnailUrl\":\"https:\\\/\\\/www.webdo.tn\\\/fr\\\/wp-content\\\/uploads\\\/2022\\\/12\\\/6f83bada1a1c189a205ff97fcabf5454.jpg\",\"keywords\":[\"FTF\",\"Tunisie\",\"wadii jary\"],\"articleSection\":[\"National\"],\"inLanguage\":\"fr-FR\"},{\"@type\":\"WebPage\",\"@id\":\"https:\\\/\\\/www.webdo.tn\\\/fr\\\/actualite\\\/national\\\/wadii-jary-quitte-l-aeroport-escorte-que-s-est-il-passe\\\/200118\\\/\",\"url\":\"https:\\\/\\\/www.webdo.tn\\\/fr\\\/actualite\\\/national\\\/wadii-jary-quitte-l-aeroport-escorte-que-s-est-il-passe\\\/200118\\\/\",\"name\":\"Wadii Jary quitte l'a\u00e9roport escort\u00e9 : que s'est-il pass\u00e9 ?\",\"isPartOf\":{\"@id\":\"https:\\\/\\\/www.webdo.tn\\\/fr\\\/#website\"},\"primaryImageOfPage\":{\"@id\":\"https:\\\/\\\/www.webdo.tn\\\/fr\\\/actualite\\\/national\\\/wadii-jary-quitte-l-aeroport-escorte-que-s-est-il-passe\\\/200118\\\/#primaryimage\"},\"image\":{\"@id\":\"https:\\\/\\\/www.webdo.tn\\\/fr\\\/actualite\\\/national\\\/wadii-jary-quitte-l-aeroport-escorte-que-s-est-il-passe\\\/200118\\\/#primaryimage\"},\"thumbnailUrl\":\"https:\\\/\\\/www.webdo.tn\\\/fr\\\/wp-content\\\/uploads\\\/2022\\\/12\\\/6f83bada1a1c189a205ff97fcabf5454.jpg\",\"datePublished\":\"2022-12-02T11:16:00+00:00\",\"dateModified\":\"2025-05-20T22:04:22+00:00\",\"description\":\"La S\u00e9lection tunisienne de football est rentr\u00e9e en Tunisie apr\u00e8s sa participation \u00e0 la Coupe du monde. Elle avait pour chef de d\u00e9l\u00e9gation, le pr\u00e9sident de la F\u00e9...\",\"breadcrumb\":{\"@id\":\"https:\\\/\\\/www.webdo.tn\\\/fr\\\/actualite\\\/national\\\/wadii-jary-quitte-l-aeroport-escorte-que-s-est-il-passe\\\/200118\\\/#breadcrumb\"},\"inLanguage\":\"fr-FR\",\"potentialAction\":[{\"@type\":\"ReadAction\",\"target\":[\"https:\\\/\\\/www.webdo.tn\\\/fr\\\/actualite\\\/national\\\/wadii-jary-quitte-l-aeroport-escorte-que-s-est-il-passe\\\/200118\\\/\"]}]},{\"@type\":\"ImageObject\",\"inLanguage\":\"fr-FR\",\"@id\":\"https:\\\/\\\/www.webdo.tn\\\/fr\\\/actualite\\\/national\\\/wadii-jary-quitte-l-aeroport-escorte-que-s-est-il-passe\\\/200118\\\/#primaryimage\",\"url\":\"https:\\\/\\\/www.webdo.tn\\\/fr\\\/wp-content\\\/uploads\\\/2022\\\/12\\\/6f83bada1a1c189a205ff97fcabf5454.jpg\",\"contentUrl\":\"https:\\\/\\\/www.webdo.tn\\\/fr\\\/wp-content\\\/uploads\\\/2022\\\/12\\\/6f83bada1a1c189a205ff97fcabf5454.jpg\",\"width\":750,\"height\":400,\"caption\":\"Wadii Jary quitte l'a\u00e9roport escort\u00e9 : que s'est-il pass\u00e9 ?\"},{\"@type\":\"BreadcrumbList\",\"@id\":\"https:\\\/\\\/www.webdo.tn\\\/fr\\\/actualite\\\/national\\\/wadii-jary-quitte-l-aeroport-escorte-que-s-est-il-passe\\\/200118\\\/#breadcrumb\",\"itemListElement\":[{\"@type\":\"ListItem\",\"position\":1,\"name\":\"Accueil\",\"item\":\"https:\\\/\\\/www.webdo.tn\\\/fr\\\/\"},{\"@type\":\"ListItem\",\"position\":2,\"name\":\"Wadii Jary quitte l&#8217;a\u00e9roport escort\u00e9 : que s&#8217;est-il pass\u00e9 ?\"}]},{\"@type\":\"WebSite\",\"@id\":\"https:\\\/\\\/www.webdo.tn\\\/fr\\\/#website\",\"url\":\"https:\\\/\\\/www.webdo.tn\\\/fr\\\/\",\"name\":\"webdo\",\"description\":\"Tunisie - News en Tunisie et \u00e0 l&#039;international sur Webdo.tn\",\"publisher\":{\"@id\":\"https:\\\/\\\/www.webdo.tn\\\/fr\\\/#organization\"},\"potentialAction\":[{\"@type\":\"SearchAction\",\"target\":{\"@type\":\"EntryPoint\",\"urlTemplate\":\"https:\\\/\\\/www.webdo.tn\\\/fr\\\/?s={search_term_string}\"},\"query-input\":{\"@type\":\"PropertyValueSpecification\",\"valueRequired\":true,\"valueName\":\"search_term_string\"}}],\"inLanguage\":\"fr-FR\"},{\"@type\":\"Organization\",\"@id\":\"https:\\\/\\\/www.webdo.tn\\\/fr\\\/#organization\",\"name\":\"Webdo\",\"alternateName\":\"Webdo.tn\",\"url\":\"https:\\\/\\\/www.webdo.tn\\\/fr\\\/\",\"logo\":{\"@type\":\"ImageObject\",\"inLanguage\":\"fr-FR\",\"@id\":\"https:\\\/\\\/www.webdo.tn\\\/fr\\\/#\\\/schema\\\/logo\\\/image\\\/\",\"url\":\"https:\\\/\\\/www.webdo.tn\\\/fr\\\/wp-content\\\/uploads\\\/2025\\\/06\\\/Webdo-Tunisie_168377.jpg\",\"contentUrl\":\"https:\\\/\\\/www.webdo.tn\\\/fr\\\/wp-content\\\/uploads\\\/2025\\\/06\\\/Webdo-Tunisie_168377.jpg\",\"width\":301,\"height\":301,\"caption\":\"Webdo\"},\"image\":{\"@id\":\"https:\\\/\\\/www.webdo.tn\\\/fr\\\/#\\\/schema\\\/logo\\\/image\\\/\"},\"sameAs\":[\"https:\\\/\\\/www.facebook.com\\\/webdotn\",\"https:\\\/\\\/x.com\\\/webdo_tn\"],\"description\":\"Webdo est un m\u00e9dia num\u00e9rique tunisien fond\u00e9 en 2010, sp\u00e9cialis\u00e9 dans l\u2019actualit\u00e9 nationale et internationale, l\u2019\u00e9conomie, la soci\u00e9t\u00e9 et les analyses politiques. Le site s\u2019adresse \u00e0 un large public francophone et couvre l\u2019information tunisienne en temps r\u00e9el.\",\"email\":\"redac@webdo.tn\",\"legalName\":\"YNJ SARL\",\"foundingDate\":\"2010-09-06\",\"numberOfEmployees\":{\"@type\":\"QuantitativeValue\",\"minValue\":\"11\",\"maxValue\":\"50\"}},{\"@type\":\"Person\",\"@id\":\"https:\\\/\\\/www.webdo.tn\\\/fr\\\/#\\\/schema\\\/person\\\/2c4929cbf5a809e3bd38617c6ce150f6\",\"name\":\"MC\",\"image\":{\"@type\":\"ImageObject\",\"inLanguage\":\"fr-FR\",\"@id\":\"https:\\\/\\\/secure.gravatar.com\\\/avatar\\\/a545bbb6f84efdd5553dbbc2895e3ca8f1d12c5215e00a041c9670b54aa9b18a?s=96&d=mm&r=g\",\"url\":\"https:\\\/\\\/secure.gravatar.com\\\/avatar\\\/a545bbb6f84efdd5553dbbc2895e3ca8f1d12c5215e00a041c9670b54aa9b18a?s=96&d=mm&r=g\",\"contentUrl\":\"https:\\\/\\\/secure.gravatar.com\\\/avatar\\\/a545bbb6f84efdd5553dbbc2895e3ca8f1d12c5215e00a041c9670b54aa9b18a?s=96&d=mm&r=g\",\"caption\":\"MC\"},\"url\":\"https:\\\/\\\/www.webdo.tn\\\/fr\\\/actualite\\\/author\\\/mc\\\/\"}]}<\/script>\n<!-- \/ Yoast SEO Premium plugin. -->","yoast_head_json":{"title":"Wadii Jary quitte l'a\u00e9roport escort\u00e9 : que s'est-il pass\u00e9 ?","description":"La S\u00e9lection tunisienne de football est rentr\u00e9e en Tunisie apr\u00e8s sa participation \u00e0 la Coupe du monde. Elle avait pour chef de d\u00e9l\u00e9gation, le pr\u00e9sident de la F\u00e9...","canonical":"https:\/\/www.webdo.tn\/fr\/actualite\/national\/wadii-jary-quitte-l-aeroport-escorte-que-s-est-il-passe\/200118\/","og_locale":"fr_FR","og_type":"article","og_title":"Wadii Jary quitte l'a\u00e9roport escort\u00e9 : que s'est-il pass\u00e9 ?","og_description":"La S\u00e9lection tunisienne de football est rentr\u00e9e en Tunisie apr\u00e8s sa participation \u00e0 la Coupe du monde. Elle avait pour chef de d\u00e9l\u00e9gation, le pr\u00e9sident de la F\u00e9...","og_url":"https:\/\/www.webdo.tn\/fr\/actualite\/national\/wadii-jary-quitte-l-aeroport-escorte-que-s-est-il-passe\/200118\/","og_site_name":"webdo","article_publisher":"https:\/\/www.facebook.com\/webdotn","article_published_time":"2022-12-02T11:16:00+00:00","article_modified_time":"2025-05-20T22:04:22+00:00","og_image":[{"width":750,"height":400,"url":"https:\/\/www.webdo.tn\/fr\/wp-content\/uploads\/2022\/12\/6f83bada1a1c189a205ff97fcabf5454.jpg","type":"image\/jpeg"}],"author":"MC","twitter_card":"summary_large_image","twitter_creator":"@webdo_tn","twitter_site":"@webdo_tn","twitter_misc":{"\u00c9crit par":"MC","Dur\u00e9e de lecture estim\u00e9e":"1 minute"},"schema":{"@context":"https:\/\/schema.org","@graph":[{"@type":"NewsArticle","@id":"https:\/\/www.webdo.tn\/fr\/actualite\/national\/wadii-jary-quitte-l-aeroport-escorte-que-s-est-il-passe\/200118\/#article","isPartOf":{"@id":"https:\/\/www.webdo.tn\/fr\/actualite\/national\/wadii-jary-quitte-l-aeroport-escorte-que-s-est-il-passe\/200118\/"},"author":{"name":"MC","@id":"https:\/\/www.webdo.tn\/fr\/#\/schema\/person\/2c4929cbf5a809e3bd38617c6ce150f6"},"headline":"Wadii Jary quitte l&rsquo;a\u00e9roport escort\u00e9 : que s&rsquo;est-il pass\u00e9 ?","datePublished":"2022-12-02T11:16:00+00:00","dateModified":"2025-05-20T22:04:22+00:00","mainEntityOfPage":{"@id":"https:\/\/www.webdo.tn\/fr\/actualite\/national\/wadii-jary-quitte-l-aeroport-escorte-que-s-est-il-passe\/200118\/"},"wordCount":178,"commentCount":0,"publisher":{"@id":"https:\/\/www.webdo.tn\/fr\/#organization"},"image":{"@id":"https:\/\/www.webdo.tn\/fr\/actualite\/national\/wadii-jary-quitte-l-aeroport-escorte-que-s-est-il-passe\/200118\/#primaryimage"},"thumbnailUrl":"https:\/\/www.webdo.tn\/fr\/wp-content\/uploads\/2022\/12\/6f83bada1a1c189a205ff97fcabf5454.jpg","keywords":["FTF","Tunisie","wadii jary"],"articleSection":["National"],"inLanguage":"fr-FR"},{"@type":"WebPage","@id":"https:\/\/www.webdo.tn\/fr\/actualite\/national\/wadii-jary-quitte-l-aeroport-escorte-que-s-est-il-passe\/200118\/","url":"https:\/\/www.webdo.tn\/fr\/actualite\/national\/wadii-jary-quitte-l-aeroport-escorte-que-s-est-il-passe\/200118\/","name":"Wadii Jary quitte l'a\u00e9roport escort\u00e9 : que s'est-il pass\u00e9 ?","isPartOf":{"@id":"https:\/\/www.webdo.tn\/fr\/#website"},"primaryImageOfPage":{"@id":"https:\/\/www.webdo.tn\/fr\/actualite\/national\/wadii-jary-quitte-l-aeroport-escorte-que-s-est-il-passe\/200118\/#primaryimage"},"image":{"@id":"https:\/\/www.webdo.tn\/fr\/actualite\/national\/wadii-jary-quitte-l-aeroport-escorte-que-s-est-il-passe\/200118\/#primaryimage"},"thumbnailUrl":"https:\/\/www.webdo.tn\/fr\/wp-content\/uploads\/2022\/12\/6f83bada1a1c189a205ff97fcabf5454.jpg","datePublished":"2022-12-02T11:16:00+00:00","dateModified":"2025-05-20T22:04:22+00:00","description":"La S\u00e9lection tunisienne de football est rentr\u00e9e en Tunisie apr\u00e8s sa participation \u00e0 la Coupe du monde. Elle avait pour chef de d\u00e9l\u00e9gation, le pr\u00e9sident de la F\u00e9...","breadcrumb":{"@id":"https:\/\/www.webdo.tn\/fr\/actualite\/national\/wadii-jary-quitte-l-aeroport-escorte-que-s-est-il-passe\/200118\/#breadcrumb"},"inLanguage":"fr-FR","potentialAction":[{"@type":"ReadAction","target":["https:\/\/www.webdo.tn\/fr\/actualite\/national\/wadii-jary-quitte-l-aeroport-escorte-que-s-est-il-passe\/200118\/"]}]},{"@type":"ImageObject","inLanguage":"fr-FR","@id":"https:\/\/www.webdo.tn\/fr\/actualite\/national\/wadii-jary-quitte-l-aeroport-escorte-que-s-est-il-passe\/200118\/#primaryimage","url":"https:\/\/www.webdo.tn\/fr\/wp-content\/uploads\/2022\/12\/6f83bada1a1c189a205ff97fcabf5454.jpg","contentUrl":"https:\/\/www.webdo.tn\/fr\/wp-content\/uploads\/2022\/12\/6f83bada1a1c189a205ff97fcabf5454.jpg","width":750,"height":400,"caption":"Wadii Jary quitte l'a\u00e9roport escort\u00e9 : que s'est-il pass\u00e9 ?"},{"@type":"BreadcrumbList","@id":"https:\/\/www.webdo.tn\/fr\/actualite\/national\/wadii-jary-quitte-l-aeroport-escorte-que-s-est-il-passe\/200118\/#breadcrumb","itemListElement":[{"@type":"ListItem","position":1,"name":"Accueil","item":"https:\/\/www.webdo.tn\/fr\/"},{"@type":"ListItem","position":2,"name":"Wadii Jary quitte l&#8217;a\u00e9roport escort\u00e9 : que s&#8217;est-il pass\u00e9 ?"}]},{"@type":"WebSite","@id":"https:\/\/www.webdo.tn\/fr\/#website","url":"https:\/\/www.webdo.tn\/fr\/","name":"webdo","description":"Tunisie - News en Tunisie et \u00e0 l&#039;international sur Webdo.tn","publisher":{"@id":"https:\/\/www.webdo.tn\/fr\/#organization"},"potentialAction":[{"@type":"SearchAction","target":{"@type":"EntryPoint","urlTemplate":"https:\/\/www.webdo.tn\/fr\/?s={search_term_string}"},"query-input":{"@type":"PropertyValueSpecification","valueRequired":true,"valueName":"search_term_string"}}],"inLanguage":"fr-FR"},{"@type":"Organization","@id":"https:\/\/www.webdo.tn\/fr\/#organization","name":"Webdo","alternateName":"Webdo.tn","url":"https:\/\/www.webdo.tn\/fr\/","logo":{"@type":"ImageObject","inLanguage":"fr-FR","@id":"https:\/\/www.webdo.tn\/fr\/#\/schema\/logo\/image\/","url":"https:\/\/www.webdo.tn\/fr\/wp-content\/uploads\/2025\/06\/Webdo-Tunisie_168377.jpg","contentUrl":"https:\/\/www.webdo.tn\/fr\/wp-content\/uploads\/2025\/06\/Webdo-Tunisie_168377.jpg","width":301,"height":301,"caption":"Webdo"},"image":{"@id":"https:\/\/www.webdo.tn\/fr\/#\/schema\/logo\/image\/"},"sameAs":["https:\/\/www.facebook.com\/webdotn","https:\/\/x.com\/webdo_tn"],"description":"Webdo est un m\u00e9dia num\u00e9rique tunisien fond\u00e9 en 2010, sp\u00e9cialis\u00e9 dans l\u2019actualit\u00e9 nationale et internationale, l\u2019\u00e9conomie, la soci\u00e9t\u00e9 et les analyses politiques. Le site s\u2019adresse \u00e0 un large public francophone et couvre l\u2019information tunisienne en temps r\u00e9el.","email":"redac@webdo.tn","legalName":"YNJ SARL","foundingDate":"2010-09-06","numberOfEmployees":{"@type":"QuantitativeValue","minValue":"11","maxValue":"50"}},{"@type":"Person","@id":"https:\/\/www.webdo.tn\/fr\/#\/schema\/person\/2c4929cbf5a809e3bd38617c6ce150f6","name":"MC","image":{"@type":"ImageObject","inLanguage":"fr-FR","@id":"https:\/\/secure.gravatar.com\/avatar\/a545bbb6f84efdd5553dbbc2895e3ca8f1d12c5215e00a041c9670b54aa9b18a?s=96&d=mm&r=g","url":"https:\/\/secure.gravatar.com\/avatar\/a545bbb6f84efdd5553dbbc2895e3ca8f1d12c5215e00a041c9670b54aa9b18a?s=96&d=mm&r=g","contentUrl":"https:\/\/secure.gravatar.com\/avatar\/a545bbb6f84efdd5553dbbc2895e3ca8f1d12c5215e00a041c9670b54aa9b18a?s=96&d=mm&r=g","caption":"MC"},"url":"https:\/\/www.webdo.tn\/fr\/actualite\/author\/mc\/"}]}},"_links":{"self":[{"href":"https:\/\/www.webdo.tn\/fr\/wp-json\/wp\/v2\/posts\/200118","targetHints":{"allow":["GET"]}}],"collection":[{"href":"https:\/\/www.webdo.tn\/fr\/wp-json\/wp\/v2\/posts"}],"about":[{"href":"https:\/\/www.webdo.tn\/fr\/wp-json\/wp\/v2\/types\/post"}],"author":[{"embeddable":true,"href":"https:\/\/www.webdo.tn\/fr\/wp-json\/wp\/v2\/users\/3162"}],"replies":[{"embeddable":true,"href":"https:\/\/www.webdo.tn\/fr\/wp-json\/wp\/v2\/comments?post=200118"}],"version-history":[{"count":0,"href":"https:\/\/www.webdo.tn\/fr\/wp-json\/wp\/v2\/posts\/200118\/revisions"}],"wp:featuredmedia":[{"embeddable":true,"href":"https:\/\/www.webdo.tn\/fr\/wp-json\/wp\/v2\/media\/252996"}],"wp:attachment":[{"href":"https:\/\/www.webdo.tn\/fr\/wp-json\/wp\/v2\/media?parent=200118"}],"wp:term":[{"taxonomy":"category","embeddable":true,"href":"https:\/\/www.webdo.tn\/fr\/wp-json\/wp\/v2\/categories?post=200118"},{"taxonomy":"post_tag","embeddable":true,"href":"https:\/\/www.webdo.tn\/fr\/wp-json\/wp\/v2\/tags?post=200118"}],"curies":[{"name":"wp","href":"https:\/\/api.w.org\/{rel}","templated":true}]}}