{"id":200115,"date":"2022-12-02T10:45:00","date_gmt":"2022-12-02T10:45:00","guid":{"rendered":"https:\/\/www.webdo.tn\/fr\/actualite\/blog\/chambre-de-taxis-individuels-l-augmentation-des-tarifs-n-est-pas-convaincante-insuffisante-et-insignifiante\/200115\/"},"modified":"2025-05-22T11:42:37","modified_gmt":"2025-05-22T11:42:37","slug":"chambre-de-taxis-individuels-l-augmentation-des-tarifs-n-est-pas-convaincante-insuffisante-et-insignifiante","status":"publish","type":"post","link":"https:\/\/www.webdo.tn\/fr\/actualite\/national\/chambre-de-taxis-individuels-l-augmentation-des-tarifs-n-est-pas-convaincante-insuffisante-et-insignifiante\/200115\/","title":{"rendered":"Chambre de taxis individuels : l\u2019augmentation des tarifs n\u2019est pas convaincante, insuffisante et insignifiante"},"content":{"rendered":"<p>Le pr\u00e9sident de la Chambre nationale des chauffeurs de taxis individuels, relevant de l&rsquo;Utica, Moez Sellami, a indiqu\u00e9 que l&rsquo;augmentation des tarifs de taxi, annonc\u00e9e hier, est \u00ab insuffisante \u00bb.<\/p>\n<p> Evoquant les augmentations continues des prix des carburants, il a pr\u00e9cis\u00e9, au micro de Jawhara fm, ce vendredi 2 d\u00e9cembre 2022, que la d\u00e9cision d\u2019augmenter les tarifs des taxis individuels, des taxis touristiques et des louages, annonc\u00e9e par les minist\u00e8res du Transport et du Commerce, \u00ab n\u2019est pas convaincante, insuffisante et insignifiante \u00bb.<\/p>\n<p>Il a cependant affirm\u00e9 que la Chambre nationale des chauffeurs de taxis individuels est dans l&rsquo;obligation d&rsquo;accepter cette augmentation, faisant savoir l\u2019UTICA avait demand\u00e9 la mise en place d&rsquo;un syst\u00e8me de r\u00e9gulation automatique des tarifs en cas de hausses des frais d&rsquo;entretien, des prix pi\u00e8ces de rechange ou des combustibles.<\/p>\n<p>Il est \u00e0 rappeler que le minist\u00e8re du Transport a annonc\u00e9, hier, en coordination avec le minist\u00e8re du Commerce et de la promotion des exportations, une hausse des tarifs du transport irr\u00e9gulier (taxis individuels, collectifs et touristiques, louages et transport rural).<\/p>\n<p>Ces augmentations entrent en vigueur le 15 d\u00e9cembre 2022. Elles concernent notamment le tarif de prise en charge pour le taxi individuel de 500 mlm \u00e0 900 mlm, ainsi qu\u2019une augmentation de 47 mlm pour 79 m\u00e8tres de trajet.<\/p>\n","protected":false},"excerpt":{"rendered":"<p>Le pr\u00e9sident de la Chambre nationale des chauffeurs de taxis individuels, relevant de l&rsquo;Utica, Moez Sellami, a indiqu\u00e9 que l&rsquo;augmentation des tarifs de taxi, an&#8230;<\/p>\n","protected":false},"author":3196,"featured_media":348511,"comment_status":"open","ping_status":"closed","sticky":false,"template":"","format":"standard","meta":{"footnotes":""},"categories":[44],"tags":[11504,11505,2648],"class_list":["post-200115","post","type-post","status-publish","format-standard","has-post-thumbnail","hentry","category-national","tag-chambre-nationale-des-chauffeurs-de-taxis-individuels","tag-tarifs-du-transport-irregulier","tag-taxi"],"yoast_head":"<!-- This site is optimized with the Yoast SEO Premium plugin v27.4 (Yoast SEO v27.5) - https:\/\/yoast.com\/product\/yoast-seo-premium-wordpress\/ -->\n<title>Chambre de taxis individuels : l\u2019augmentation des tarifs n\u2019est pas convaincante, insuffisante et insignifiante<\/title>\n<meta name=\"description\" content=\"Le pr\u00e9sident de la Chambre nationale des chauffeurs de taxis individuels, relevant de l&#039;Utica, Moez Sellami, a indiqu\u00e9 que l&#039;augmentation des tarifs de taxi, an...\" \/>\n<link rel=\"canonical\" href=\"https:\/\/www.webdo.tn\/fr\/actualite\/national-45\/chambre-de-taxis-individuels-l-augmentation-des-tarifs-n-est-pas-convaincante-insuffisante-et-insignifiante\/200115\/\" \/>\n<meta property=\"og:locale\" content=\"fr_FR\" \/>\n<meta property=\"og:type\" content=\"article\" \/>\n<meta property=\"og:title\" content=\"Chambre de taxis individuels : l\u2019augmentation des tarifs n\u2019est pas convaincante, insuffisante et insignifiante\" \/>\n<meta property=\"og:description\" content=\"Le pr\u00e9sident de la Chambre nationale des chauffeurs de taxis individuels, relevant de l&#039;Utica, Moez Sellami, a indiqu\u00e9 que l&#039;augmentation des tarifs de taxi, an...\" \/>\n<meta property=\"og:url\" content=\"https:\/\/www.webdo.tn\/fr\/actualite\/national-45\/chambre-de-taxis-individuels-l-augmentation-des-tarifs-n-est-pas-convaincante-insuffisante-et-insignifiante\/200115\/\" \/>\n<meta property=\"og:site_name\" content=\"webdo\" \/>\n<meta property=\"article:publisher\" content=\"https:\/\/www.facebook.com\/webdotn\" \/>\n<meta property=\"article:published_time\" content=\"2022-12-02T10:45:00+00:00\" \/>\n<meta property=\"article:modified_time\" content=\"2025-05-22T11:42:37+00:00\" \/>\n<meta property=\"og:image\" content=\"https:\/\/www.webdo.tn\/fr\/wp-content\/uploads\/2022\/12\/5d39b522c27757023dfa60791c380318.jpg\" \/>\n\t<meta property=\"og:image:width\" content=\"750\" \/>\n\t<meta property=\"og:image:height\" content=\"400\" \/>\n\t<meta property=\"og:image:type\" content=\"image\/jpeg\" \/>\n<meta name=\"author\" content=\"MK\" \/>\n<meta name=\"twitter:card\" content=\"summary_large_image\" \/>\n<meta name=\"twitter:creator\" content=\"@webdo_tn\" \/>\n<meta name=\"twitter:site\" content=\"@webdo_tn\" \/>\n<meta name=\"twitter:label1\" content=\"\u00c9crit par\" \/>\n\t<meta name=\"twitter:data1\" content=\"MK\" \/>\n\t<meta name=\"twitter:label2\" content=\"Dur\u00e9e de lecture estim\u00e9e\" \/>\n\t<meta name=\"twitter:data2\" content=\"1 minute\" \/>\n<script type=\"application\/ld+json\" class=\"yoast-schema-graph\">{\"@context\":\"https:\\\/\\\/schema.org\",\"@graph\":[{\"@type\":\"NewsArticle\",\"@id\":\"https:\\\/\\\/www.webdo.tn\\\/fr\\\/actualite\\\/national-45\\\/chambre-de-taxis-individuels-l-augmentation-des-tarifs-n-est-pas-convaincante-insuffisante-et-insignifiante\\\/200115\\\/#article\",\"isPartOf\":{\"@id\":\"https:\\\/\\\/www.webdo.tn\\\/fr\\\/actualite\\\/national-45\\\/chambre-de-taxis-individuels-l-augmentation-des-tarifs-n-est-pas-convaincante-insuffisante-et-insignifiante\\\/200115\\\/\"},\"author\":{\"name\":\"MK\",\"@id\":\"https:\\\/\\\/www.webdo.tn\\\/fr\\\/#\\\/schema\\\/person\\\/c3a9d32fa6d495ca5f4b6510e3db97bf\"},\"headline\":\"Chambre de taxis individuels : l\u2019augmentation des tarifs n\u2019est pas convaincante, insuffisante et insignifiante\",\"datePublished\":\"2022-12-02T10:45:00+00:00\",\"dateModified\":\"2025-05-22T11:42:37+00:00\",\"mainEntityOfPage\":{\"@id\":\"https:\\\/\\\/www.webdo.tn\\\/fr\\\/actualite\\\/national-45\\\/chambre-de-taxis-individuels-l-augmentation-des-tarifs-n-est-pas-convaincante-insuffisante-et-insignifiante\\\/200115\\\/\"},\"wordCount\":239,\"commentCount\":0,\"publisher\":{\"@id\":\"https:\\\/\\\/www.webdo.tn\\\/fr\\\/#organization\"},\"image\":{\"@id\":\"https:\\\/\\\/www.webdo.tn\\\/fr\\\/actualite\\\/national-45\\\/chambre-de-taxis-individuels-l-augmentation-des-tarifs-n-est-pas-convaincante-insuffisante-et-insignifiante\\\/200115\\\/#primaryimage\"},\"thumbnailUrl\":\"https:\\\/\\\/www.webdo.tn\\\/fr\\\/wp-content\\\/uploads\\\/2022\\\/12\\\/5d39b522c27757023dfa60791c380318.jpg\",\"keywords\":[\"Chambre nationale des chauffeurs de taxis individuels\",\"tarifs du transport irr\u00e9gulier\",\"Taxi\"],\"articleSection\":[\"National\"],\"inLanguage\":\"fr-FR\"},{\"@type\":\"WebPage\",\"@id\":\"https:\\\/\\\/www.webdo.tn\\\/fr\\\/actualite\\\/national-45\\\/chambre-de-taxis-individuels-l-augmentation-des-tarifs-n-est-pas-convaincante-insuffisante-et-insignifiante\\\/200115\\\/\",\"url\":\"https:\\\/\\\/www.webdo.tn\\\/fr\\\/actualite\\\/national-45\\\/chambre-de-taxis-individuels-l-augmentation-des-tarifs-n-est-pas-convaincante-insuffisante-et-insignifiante\\\/200115\\\/\",\"name\":\"Chambre de taxis individuels : l\u2019augmentation des tarifs n\u2019est pas convaincante, insuffisante et insignifiante\",\"isPartOf\":{\"@id\":\"https:\\\/\\\/www.webdo.tn\\\/fr\\\/#website\"},\"primaryImageOfPage\":{\"@id\":\"https:\\\/\\\/www.webdo.tn\\\/fr\\\/actualite\\\/national-45\\\/chambre-de-taxis-individuels-l-augmentation-des-tarifs-n-est-pas-convaincante-insuffisante-et-insignifiante\\\/200115\\\/#primaryimage\"},\"image\":{\"@id\":\"https:\\\/\\\/www.webdo.tn\\\/fr\\\/actualite\\\/national-45\\\/chambre-de-taxis-individuels-l-augmentation-des-tarifs-n-est-pas-convaincante-insuffisante-et-insignifiante\\\/200115\\\/#primaryimage\"},\"thumbnailUrl\":\"https:\\\/\\\/www.webdo.tn\\\/fr\\\/wp-content\\\/uploads\\\/2022\\\/12\\\/5d39b522c27757023dfa60791c380318.jpg\",\"datePublished\":\"2022-12-02T10:45:00+00:00\",\"dateModified\":\"2025-05-22T11:42:37+00:00\",\"description\":\"Le pr\u00e9sident de la Chambre nationale des chauffeurs de taxis individuels, relevant de l'Utica, Moez Sellami, a indiqu\u00e9 que l'augmentation des tarifs de taxi, an...\",\"breadcrumb\":{\"@id\":\"https:\\\/\\\/www.webdo.tn\\\/fr\\\/actualite\\\/national-45\\\/chambre-de-taxis-individuels-l-augmentation-des-tarifs-n-est-pas-convaincante-insuffisante-et-insignifiante\\\/200115\\\/#breadcrumb\"},\"inLanguage\":\"fr-FR\",\"potentialAction\":[{\"@type\":\"ReadAction\",\"target\":[\"https:\\\/\\\/www.webdo.tn\\\/fr\\\/actualite\\\/national-45\\\/chambre-de-taxis-individuels-l-augmentation-des-tarifs-n-est-pas-convaincante-insuffisante-et-insignifiante\\\/200115\\\/\"]}]},{\"@type\":\"ImageObject\",\"inLanguage\":\"fr-FR\",\"@id\":\"https:\\\/\\\/www.webdo.tn\\\/fr\\\/actualite\\\/national-45\\\/chambre-de-taxis-individuels-l-augmentation-des-tarifs-n-est-pas-convaincante-insuffisante-et-insignifiante\\\/200115\\\/#primaryimage\",\"url\":\"https:\\\/\\\/www.webdo.tn\\\/fr\\\/wp-content\\\/uploads\\\/2022\\\/12\\\/5d39b522c27757023dfa60791c380318.jpg\",\"contentUrl\":\"https:\\\/\\\/www.webdo.tn\\\/fr\\\/wp-content\\\/uploads\\\/2022\\\/12\\\/5d39b522c27757023dfa60791c380318.jpg\",\"width\":750,\"height\":400,\"caption\":\"Taxis Tunisie\"},{\"@type\":\"BreadcrumbList\",\"@id\":\"https:\\\/\\\/www.webdo.tn\\\/fr\\\/actualite\\\/national-45\\\/chambre-de-taxis-individuels-l-augmentation-des-tarifs-n-est-pas-convaincante-insuffisante-et-insignifiante\\\/200115\\\/#breadcrumb\",\"itemListElement\":[{\"@type\":\"ListItem\",\"position\":1,\"name\":\"Accueil\",\"item\":\"https:\\\/\\\/www.webdo.tn\\\/fr\\\/\"},{\"@type\":\"ListItem\",\"position\":2,\"name\":\"Chambre de taxis individuels : l\u2019augmentation des tarifs n\u2019est pas convaincante, insuffisante et insignifiante\"}]},{\"@type\":\"WebSite\",\"@id\":\"https:\\\/\\\/www.webdo.tn\\\/fr\\\/#website\",\"url\":\"https:\\\/\\\/www.webdo.tn\\\/fr\\\/\",\"name\":\"webdo\",\"description\":\"Tunisie - News en Tunisie et \u00e0 l&#039;international sur Webdo.tn\",\"publisher\":{\"@id\":\"https:\\\/\\\/www.webdo.tn\\\/fr\\\/#organization\"},\"potentialAction\":[{\"@type\":\"SearchAction\",\"target\":{\"@type\":\"EntryPoint\",\"urlTemplate\":\"https:\\\/\\\/www.webdo.tn\\\/fr\\\/?s={search_term_string}\"},\"query-input\":{\"@type\":\"PropertyValueSpecification\",\"valueRequired\":true,\"valueName\":\"search_term_string\"}}],\"inLanguage\":\"fr-FR\"},{\"@type\":\"Organization\",\"@id\":\"https:\\\/\\\/www.webdo.tn\\\/fr\\\/#organization\",\"name\":\"Webdo\",\"alternateName\":\"Webdo.tn\",\"url\":\"https:\\\/\\\/www.webdo.tn\\\/fr\\\/\",\"logo\":{\"@type\":\"ImageObject\",\"inLanguage\":\"fr-FR\",\"@id\":\"https:\\\/\\\/www.webdo.tn\\\/fr\\\/#\\\/schema\\\/logo\\\/image\\\/\",\"url\":\"https:\\\/\\\/www.webdo.tn\\\/fr\\\/wp-content\\\/uploads\\\/2025\\\/06\\\/Webdo-Tunisie_168377.jpg\",\"contentUrl\":\"https:\\\/\\\/www.webdo.tn\\\/fr\\\/wp-content\\\/uploads\\\/2025\\\/06\\\/Webdo-Tunisie_168377.jpg\",\"width\":301,\"height\":301,\"caption\":\"Webdo\"},\"image\":{\"@id\":\"https:\\\/\\\/www.webdo.tn\\\/fr\\\/#\\\/schema\\\/logo\\\/image\\\/\"},\"sameAs\":[\"https:\\\/\\\/www.facebook.com\\\/webdotn\",\"https:\\\/\\\/x.com\\\/webdo_tn\"],\"description\":\"Webdo est un m\u00e9dia num\u00e9rique tunisien fond\u00e9 en 2010, sp\u00e9cialis\u00e9 dans l\u2019actualit\u00e9 nationale et internationale, l\u2019\u00e9conomie, la soci\u00e9t\u00e9 et les analyses politiques. Le site s\u2019adresse \u00e0 un large public francophone et couvre l\u2019information tunisienne en temps r\u00e9el.\",\"email\":\"redac@webdo.tn\",\"legalName\":\"YNJ SARL\",\"foundingDate\":\"2010-09-06\",\"numberOfEmployees\":{\"@type\":\"QuantitativeValue\",\"minValue\":\"11\",\"maxValue\":\"50\"}},{\"@type\":\"Person\",\"@id\":\"https:\\\/\\\/www.webdo.tn\\\/fr\\\/#\\\/schema\\\/person\\\/c3a9d32fa6d495ca5f4b6510e3db97bf\",\"name\":\"MK\",\"image\":{\"@type\":\"ImageObject\",\"inLanguage\":\"fr-FR\",\"@id\":\"https:\\\/\\\/secure.gravatar.com\\\/avatar\\\/6d44f937f19929f3b75db77056d3e08abd6e302e71bcfea340cd8b00c13e7baf?s=96&d=mm&r=g\",\"url\":\"https:\\\/\\\/secure.gravatar.com\\\/avatar\\\/6d44f937f19929f3b75db77056d3e08abd6e302e71bcfea340cd8b00c13e7baf?s=96&d=mm&r=g\",\"contentUrl\":\"https:\\\/\\\/secure.gravatar.com\\\/avatar\\\/6d44f937f19929f3b75db77056d3e08abd6e302e71bcfea340cd8b00c13e7baf?s=96&d=mm&r=g\",\"caption\":\"MK\"},\"url\":\"https:\\\/\\\/www.webdo.tn\\\/fr\\\/actualite\\\/author\\\/mk\\\/\"}]}<\/script>\n<!-- \/ Yoast SEO Premium plugin. -->","yoast_head_json":{"title":"Chambre de taxis individuels : l\u2019augmentation des tarifs n\u2019est pas convaincante, insuffisante et insignifiante","description":"Le pr\u00e9sident de la Chambre nationale des chauffeurs de taxis individuels, relevant de l'Utica, Moez Sellami, a indiqu\u00e9 que l'augmentation des tarifs de taxi, an...","canonical":"https:\/\/www.webdo.tn\/fr\/actualite\/national-45\/chambre-de-taxis-individuels-l-augmentation-des-tarifs-n-est-pas-convaincante-insuffisante-et-insignifiante\/200115\/","og_locale":"fr_FR","og_type":"article","og_title":"Chambre de taxis individuels : l\u2019augmentation des tarifs n\u2019est pas convaincante, insuffisante et insignifiante","og_description":"Le pr\u00e9sident de la Chambre nationale des chauffeurs de taxis individuels, relevant de l'Utica, Moez Sellami, a indiqu\u00e9 que l'augmentation des tarifs de taxi, an...","og_url":"https:\/\/www.webdo.tn\/fr\/actualite\/national-45\/chambre-de-taxis-individuels-l-augmentation-des-tarifs-n-est-pas-convaincante-insuffisante-et-insignifiante\/200115\/","og_site_name":"webdo","article_publisher":"https:\/\/www.facebook.com\/webdotn","article_published_time":"2022-12-02T10:45:00+00:00","article_modified_time":"2025-05-22T11:42:37+00:00","og_image":[{"width":750,"height":400,"url":"https:\/\/www.webdo.tn\/fr\/wp-content\/uploads\/2022\/12\/5d39b522c27757023dfa60791c380318.jpg","type":"image\/jpeg"}],"author":"MK","twitter_card":"summary_large_image","twitter_creator":"@webdo_tn","twitter_site":"@webdo_tn","twitter_misc":{"\u00c9crit par":"MK","Dur\u00e9e de lecture estim\u00e9e":"1 minute"},"schema":{"@context":"https:\/\/schema.org","@graph":[{"@type":"NewsArticle","@id":"https:\/\/www.webdo.tn\/fr\/actualite\/national-45\/chambre-de-taxis-individuels-l-augmentation-des-tarifs-n-est-pas-convaincante-insuffisante-et-insignifiante\/200115\/#article","isPartOf":{"@id":"https:\/\/www.webdo.tn\/fr\/actualite\/national-45\/chambre-de-taxis-individuels-l-augmentation-des-tarifs-n-est-pas-convaincante-insuffisante-et-insignifiante\/200115\/"},"author":{"name":"MK","@id":"https:\/\/www.webdo.tn\/fr\/#\/schema\/person\/c3a9d32fa6d495ca5f4b6510e3db97bf"},"headline":"Chambre de taxis individuels : l\u2019augmentation des tarifs n\u2019est pas convaincante, insuffisante et insignifiante","datePublished":"2022-12-02T10:45:00+00:00","dateModified":"2025-05-22T11:42:37+00:00","mainEntityOfPage":{"@id":"https:\/\/www.webdo.tn\/fr\/actualite\/national-45\/chambre-de-taxis-individuels-l-augmentation-des-tarifs-n-est-pas-convaincante-insuffisante-et-insignifiante\/200115\/"},"wordCount":239,"commentCount":0,"publisher":{"@id":"https:\/\/www.webdo.tn\/fr\/#organization"},"image":{"@id":"https:\/\/www.webdo.tn\/fr\/actualite\/national-45\/chambre-de-taxis-individuels-l-augmentation-des-tarifs-n-est-pas-convaincante-insuffisante-et-insignifiante\/200115\/#primaryimage"},"thumbnailUrl":"https:\/\/www.webdo.tn\/fr\/wp-content\/uploads\/2022\/12\/5d39b522c27757023dfa60791c380318.jpg","keywords":["Chambre nationale des chauffeurs de taxis individuels","tarifs du transport irr\u00e9gulier","Taxi"],"articleSection":["National"],"inLanguage":"fr-FR"},{"@type":"WebPage","@id":"https:\/\/www.webdo.tn\/fr\/actualite\/national-45\/chambre-de-taxis-individuels-l-augmentation-des-tarifs-n-est-pas-convaincante-insuffisante-et-insignifiante\/200115\/","url":"https:\/\/www.webdo.tn\/fr\/actualite\/national-45\/chambre-de-taxis-individuels-l-augmentation-des-tarifs-n-est-pas-convaincante-insuffisante-et-insignifiante\/200115\/","name":"Chambre de taxis individuels : l\u2019augmentation des tarifs n\u2019est pas convaincante, insuffisante et insignifiante","isPartOf":{"@id":"https:\/\/www.webdo.tn\/fr\/#website"},"primaryImageOfPage":{"@id":"https:\/\/www.webdo.tn\/fr\/actualite\/national-45\/chambre-de-taxis-individuels-l-augmentation-des-tarifs-n-est-pas-convaincante-insuffisante-et-insignifiante\/200115\/#primaryimage"},"image":{"@id":"https:\/\/www.webdo.tn\/fr\/actualite\/national-45\/chambre-de-taxis-individuels-l-augmentation-des-tarifs-n-est-pas-convaincante-insuffisante-et-insignifiante\/200115\/#primaryimage"},"thumbnailUrl":"https:\/\/www.webdo.tn\/fr\/wp-content\/uploads\/2022\/12\/5d39b522c27757023dfa60791c380318.jpg","datePublished":"2022-12-02T10:45:00+00:00","dateModified":"2025-05-22T11:42:37+00:00","description":"Le pr\u00e9sident de la Chambre nationale des chauffeurs de taxis individuels, relevant de l'Utica, Moez Sellami, a indiqu\u00e9 que l'augmentation des tarifs de taxi, an...","breadcrumb":{"@id":"https:\/\/www.webdo.tn\/fr\/actualite\/national-45\/chambre-de-taxis-individuels-l-augmentation-des-tarifs-n-est-pas-convaincante-insuffisante-et-insignifiante\/200115\/#breadcrumb"},"inLanguage":"fr-FR","potentialAction":[{"@type":"ReadAction","target":["https:\/\/www.webdo.tn\/fr\/actualite\/national-45\/chambre-de-taxis-individuels-l-augmentation-des-tarifs-n-est-pas-convaincante-insuffisante-et-insignifiante\/200115\/"]}]},{"@type":"ImageObject","inLanguage":"fr-FR","@id":"https:\/\/www.webdo.tn\/fr\/actualite\/national-45\/chambre-de-taxis-individuels-l-augmentation-des-tarifs-n-est-pas-convaincante-insuffisante-et-insignifiante\/200115\/#primaryimage","url":"https:\/\/www.webdo.tn\/fr\/wp-content\/uploads\/2022\/12\/5d39b522c27757023dfa60791c380318.jpg","contentUrl":"https:\/\/www.webdo.tn\/fr\/wp-content\/uploads\/2022\/12\/5d39b522c27757023dfa60791c380318.jpg","width":750,"height":400,"caption":"Taxis Tunisie"},{"@type":"BreadcrumbList","@id":"https:\/\/www.webdo.tn\/fr\/actualite\/national-45\/chambre-de-taxis-individuels-l-augmentation-des-tarifs-n-est-pas-convaincante-insuffisante-et-insignifiante\/200115\/#breadcrumb","itemListElement":[{"@type":"ListItem","position":1,"name":"Accueil","item":"https:\/\/www.webdo.tn\/fr\/"},{"@type":"ListItem","position":2,"name":"Chambre de taxis individuels : l\u2019augmentation des tarifs n\u2019est pas convaincante, insuffisante et insignifiante"}]},{"@type":"WebSite","@id":"https:\/\/www.webdo.tn\/fr\/#website","url":"https:\/\/www.webdo.tn\/fr\/","name":"webdo","description":"Tunisie - News en Tunisie et \u00e0 l&#039;international sur Webdo.tn","publisher":{"@id":"https:\/\/www.webdo.tn\/fr\/#organization"},"potentialAction":[{"@type":"SearchAction","target":{"@type":"EntryPoint","urlTemplate":"https:\/\/www.webdo.tn\/fr\/?s={search_term_string}"},"query-input":{"@type":"PropertyValueSpecification","valueRequired":true,"valueName":"search_term_string"}}],"inLanguage":"fr-FR"},{"@type":"Organization","@id":"https:\/\/www.webdo.tn\/fr\/#organization","name":"Webdo","alternateName":"Webdo.tn","url":"https:\/\/www.webdo.tn\/fr\/","logo":{"@type":"ImageObject","inLanguage":"fr-FR","@id":"https:\/\/www.webdo.tn\/fr\/#\/schema\/logo\/image\/","url":"https:\/\/www.webdo.tn\/fr\/wp-content\/uploads\/2025\/06\/Webdo-Tunisie_168377.jpg","contentUrl":"https:\/\/www.webdo.tn\/fr\/wp-content\/uploads\/2025\/06\/Webdo-Tunisie_168377.jpg","width":301,"height":301,"caption":"Webdo"},"image":{"@id":"https:\/\/www.webdo.tn\/fr\/#\/schema\/logo\/image\/"},"sameAs":["https:\/\/www.facebook.com\/webdotn","https:\/\/x.com\/webdo_tn"],"description":"Webdo est un m\u00e9dia num\u00e9rique tunisien fond\u00e9 en 2010, sp\u00e9cialis\u00e9 dans l\u2019actualit\u00e9 nationale et internationale, l\u2019\u00e9conomie, la soci\u00e9t\u00e9 et les analyses politiques. Le site s\u2019adresse \u00e0 un large public francophone et couvre l\u2019information tunisienne en temps r\u00e9el.","email":"redac@webdo.tn","legalName":"YNJ SARL","foundingDate":"2010-09-06","numberOfEmployees":{"@type":"QuantitativeValue","minValue":"11","maxValue":"50"}},{"@type":"Person","@id":"https:\/\/www.webdo.tn\/fr\/#\/schema\/person\/c3a9d32fa6d495ca5f4b6510e3db97bf","name":"MK","image":{"@type":"ImageObject","inLanguage":"fr-FR","@id":"https:\/\/secure.gravatar.com\/avatar\/6d44f937f19929f3b75db77056d3e08abd6e302e71bcfea340cd8b00c13e7baf?s=96&d=mm&r=g","url":"https:\/\/secure.gravatar.com\/avatar\/6d44f937f19929f3b75db77056d3e08abd6e302e71bcfea340cd8b00c13e7baf?s=96&d=mm&r=g","contentUrl":"https:\/\/secure.gravatar.com\/avatar\/6d44f937f19929f3b75db77056d3e08abd6e302e71bcfea340cd8b00c13e7baf?s=96&d=mm&r=g","caption":"MK"},"url":"https:\/\/www.webdo.tn\/fr\/actualite\/author\/mk\/"}]}},"_links":{"self":[{"href":"https:\/\/www.webdo.tn\/fr\/wp-json\/wp\/v2\/posts\/200115","targetHints":{"allow":["GET"]}}],"collection":[{"href":"https:\/\/www.webdo.tn\/fr\/wp-json\/wp\/v2\/posts"}],"about":[{"href":"https:\/\/www.webdo.tn\/fr\/wp-json\/wp\/v2\/types\/post"}],"author":[{"embeddable":true,"href":"https:\/\/www.webdo.tn\/fr\/wp-json\/wp\/v2\/users\/3196"}],"replies":[{"embeddable":true,"href":"https:\/\/www.webdo.tn\/fr\/wp-json\/wp\/v2\/comments?post=200115"}],"version-history":[{"count":0,"href":"https:\/\/www.webdo.tn\/fr\/wp-json\/wp\/v2\/posts\/200115\/revisions"}],"wp:featuredmedia":[{"embeddable":true,"href":"https:\/\/www.webdo.tn\/fr\/wp-json\/wp\/v2\/media\/348511"}],"wp:attachment":[{"href":"https:\/\/www.webdo.tn\/fr\/wp-json\/wp\/v2\/media?parent=200115"}],"wp:term":[{"taxonomy":"category","embeddable":true,"href":"https:\/\/www.webdo.tn\/fr\/wp-json\/wp\/v2\/categories?post=200115"},{"taxonomy":"post_tag","embeddable":true,"href":"https:\/\/www.webdo.tn\/fr\/wp-json\/wp\/v2\/tags?post=200115"}],"curies":[{"name":"wp","href":"https:\/\/api.w.org\/{rel}","templated":true}]}}