{"id":200109,"date":"2022-12-02T09:21:00","date_gmt":"2022-12-02T09:21:00","guid":{"rendered":"https:\/\/www.webdo.tn\/fr\/actualite\/blog\/wadi-jary-est-bel-et-bien-rentre-avec-la-delegation-tunisienne\/200109\/"},"modified":"2025-05-22T11:42:35","modified_gmt":"2025-05-22T11:42:35","slug":"wadi-jary-est-bel-et-bien-rentre-avec-la-delegation-tunisienne","status":"publish","type":"post","link":"https:\/\/www.webdo.tn\/fr\/actualite\/sport\/wadi-jary-est-bel-et-bien-rentre-avec-la-delegation-tunisienne\/200109\/","title":{"rendered":"Wadi Jary est bel et bien rentr\u00e9 avec la d\u00e9l\u00e9gation tunisienne"},"content":{"rendered":"<p>Contrairement \u00e0 ce qu\u2019avait annonc\u00e9 le CS Chebbien hier, le pr\u00e9sident de la F\u00e9d\u00e9ration tunisienne de football, Wadi Jary, est bel et bien rentr\u00e9 en Tunisie avec la d\u00e9l\u00e9gation qui a pris part \u00e0 la Coupe du Monde Qatar 2022.<\/p>\n<p> Le CS Chebbien a consid\u00e9r\u00e9 que l&rsquo;absence prolong\u00e9e du pr\u00e9sident de la F\u00e9d\u00e9ration tunisienne de football (FTF) Wadi\u00a0Jary\u00a0signifiait une vacance \u00e0 la t\u00eate de la f\u00e9d\u00e9ration, affirmant qu\u2019il n&rsquo;\u00e9tait pas rentr\u00e9 en Tunisie.<\/p>\n<p>La D\u00e9l\u00e9gation de la s\u00e9lection tunisienne de football est rentr\u00e9e, ce vendredi \u00e0 l\u2019aube \u00e0 Tunis, suite \u00e0 la participation \u00e0 la Coupe du monde Fifa Qatar 2022.\u00a0<\/p>\n<p>L\u2019avion de la s\u00e9lection a atterri \u00e0 environ 3 heures 30. La d\u00e9l\u00e9gation \u00e9tait pr\u00e9sid\u00e9e par le pr\u00e9sident de la F\u00e9d\u00e9ration tunisienne de football, Wadi\u00a0Jary\u00a0qui a refus\u00e9 de faire des d\u00e9clarations aux m\u00e9dias qui attendaient \u00e0 l\u2019a\u00e9roport.<\/p>\n","protected":false},"excerpt":{"rendered":"<p>Contrairement \u00e0 ce qu\u2019avait annonc\u00e9 le CS Chebbien hier, le pr\u00e9sident de la F\u00e9d\u00e9ration tunisienne de football, Wadi Jary, est bel et bien rentr\u00e9 en Tunisie avec&#8230;<\/p>\n","protected":false},"author":3196,"featured_media":348509,"comment_status":"open","ping_status":"closed","sticky":false,"template":"","format":"standard","meta":{"footnotes":""},"categories":[2593],"tags":[4066,8162,4380,11501],"class_list":["post-200109","post","type-post","status-publish","format-standard","has-post-thumbnail","hentry","category-sport","tag-coupe-du-monde","tag-cs-chebbien","tag-federation-tunisienne-de-football","tag-wadi-jary"],"yoast_head":"<!-- This site is optimized with the Yoast SEO Premium plugin v27.5 (Yoast SEO v27.5) - https:\/\/yoast.com\/product\/yoast-seo-premium-wordpress\/ -->\n<title>Wadi Jary est bel et bien rentr\u00e9 avec la d\u00e9l\u00e9gation tunisienne<\/title>\n<meta name=\"description\" content=\"Contrairement \u00e0 ce qu\u2019avait annonc\u00e9 le CS Chebbien hier, le pr\u00e9sident de la F\u00e9d\u00e9ration tunisienne de football, Wadi Jary, est bel et bien rentr\u00e9 en Tunisie avec...\" \/>\n<link rel=\"canonical\" href=\"https:\/\/www.webdo.tn\/fr\/actualite\/sport\/wadi-jary-est-bel-et-bien-rentre-avec-la-delegation-tunisienne\/200109\/\" \/>\n<meta property=\"og:locale\" content=\"fr_FR\" \/>\n<meta property=\"og:type\" content=\"article\" \/>\n<meta property=\"og:title\" content=\"Wadi Jary est bel et bien rentr\u00e9 avec la d\u00e9l\u00e9gation tunisienne\" \/>\n<meta property=\"og:description\" content=\"Contrairement \u00e0 ce qu\u2019avait annonc\u00e9 le CS Chebbien hier, le pr\u00e9sident de la F\u00e9d\u00e9ration tunisienne de football, Wadi Jary, est bel et bien rentr\u00e9 en Tunisie avec...\" \/>\n<meta property=\"og:url\" content=\"https:\/\/www.webdo.tn\/fr\/actualite\/sport\/wadi-jary-est-bel-et-bien-rentre-avec-la-delegation-tunisienne\/200109\/\" \/>\n<meta property=\"og:site_name\" content=\"webdo\" \/>\n<meta property=\"article:publisher\" content=\"https:\/\/www.facebook.com\/webdotn\" \/>\n<meta property=\"article:published_time\" content=\"2022-12-02T09:21:00+00:00\" \/>\n<meta property=\"article:modified_time\" content=\"2025-05-22T11:42:35+00:00\" \/>\n<meta property=\"og:image\" content=\"https:\/\/www.webdo.tn\/fr\/wp-content\/uploads\/2022\/12\/8b0799874cea28c3f049df797d31422d.jpeg\" \/>\n\t<meta property=\"og:image:width\" content=\"750\" \/>\n\t<meta property=\"og:image:height\" content=\"400\" \/>\n\t<meta property=\"og:image:type\" content=\"image\/jpeg\" \/>\n<meta name=\"author\" content=\"MK\" \/>\n<meta name=\"twitter:card\" content=\"summary_large_image\" \/>\n<meta name=\"twitter:creator\" content=\"@webdo_tn\" \/>\n<meta name=\"twitter:site\" content=\"@webdo_tn\" \/>\n<meta name=\"twitter:label1\" content=\"\u00c9crit par\" \/>\n\t<meta name=\"twitter:data1\" content=\"MK\" \/>\n\t<meta name=\"twitter:label2\" content=\"Dur\u00e9e de lecture estim\u00e9e\" \/>\n\t<meta name=\"twitter:data2\" content=\"1 minute\" \/>\n<script type=\"application\/ld+json\" class=\"yoast-schema-graph\">{\"@context\":\"https:\\\/\\\/schema.org\",\"@graph\":[{\"@type\":\"NewsArticle\",\"@id\":\"https:\\\/\\\/www.webdo.tn\\\/fr\\\/actualite\\\/sport\\\/wadi-jary-est-bel-et-bien-rentre-avec-la-delegation-tunisienne\\\/200109\\\/#article\",\"isPartOf\":{\"@id\":\"https:\\\/\\\/www.webdo.tn\\\/fr\\\/actualite\\\/sport\\\/wadi-jary-est-bel-et-bien-rentre-avec-la-delegation-tunisienne\\\/200109\\\/\"},\"author\":{\"name\":\"MK\",\"@id\":\"https:\\\/\\\/www.webdo.tn\\\/fr\\\/#\\\/schema\\\/person\\\/c3a9d32fa6d495ca5f4b6510e3db97bf\"},\"headline\":\"Wadi Jary est bel et bien rentr\u00e9 avec la d\u00e9l\u00e9gation tunisienne\",\"datePublished\":\"2022-12-02T09:21:00+00:00\",\"dateModified\":\"2025-05-22T11:42:35+00:00\",\"mainEntityOfPage\":{\"@id\":\"https:\\\/\\\/www.webdo.tn\\\/fr\\\/actualite\\\/sport\\\/wadi-jary-est-bel-et-bien-rentre-avec-la-delegation-tunisienne\\\/200109\\\/\"},\"wordCount\":177,\"commentCount\":0,\"publisher\":{\"@id\":\"https:\\\/\\\/www.webdo.tn\\\/fr\\\/#organization\"},\"image\":{\"@id\":\"https:\\\/\\\/www.webdo.tn\\\/fr\\\/actualite\\\/sport\\\/wadi-jary-est-bel-et-bien-rentre-avec-la-delegation-tunisienne\\\/200109\\\/#primaryimage\"},\"thumbnailUrl\":\"https:\\\/\\\/www.webdo.tn\\\/fr\\\/wp-content\\\/uploads\\\/2022\\\/12\\\/8b0799874cea28c3f049df797d31422d.jpeg\",\"keywords\":[\"Coupe du Monde\",\"CS Chebbien\",\"F\u00e9d\u00e9ration tunisienne de football\",\"Wadi\u00a0Jary\"],\"articleSection\":[\"Sport\"],\"inLanguage\":\"fr-FR\"},{\"@type\":\"WebPage\",\"@id\":\"https:\\\/\\\/www.webdo.tn\\\/fr\\\/actualite\\\/sport\\\/wadi-jary-est-bel-et-bien-rentre-avec-la-delegation-tunisienne\\\/200109\\\/\",\"url\":\"https:\\\/\\\/www.webdo.tn\\\/fr\\\/actualite\\\/sport\\\/wadi-jary-est-bel-et-bien-rentre-avec-la-delegation-tunisienne\\\/200109\\\/\",\"name\":\"Wadi Jary est bel et bien rentr\u00e9 avec la d\u00e9l\u00e9gation tunisienne\",\"isPartOf\":{\"@id\":\"https:\\\/\\\/www.webdo.tn\\\/fr\\\/#website\"},\"primaryImageOfPage\":{\"@id\":\"https:\\\/\\\/www.webdo.tn\\\/fr\\\/actualite\\\/sport\\\/wadi-jary-est-bel-et-bien-rentre-avec-la-delegation-tunisienne\\\/200109\\\/#primaryimage\"},\"image\":{\"@id\":\"https:\\\/\\\/www.webdo.tn\\\/fr\\\/actualite\\\/sport\\\/wadi-jary-est-bel-et-bien-rentre-avec-la-delegation-tunisienne\\\/200109\\\/#primaryimage\"},\"thumbnailUrl\":\"https:\\\/\\\/www.webdo.tn\\\/fr\\\/wp-content\\\/uploads\\\/2022\\\/12\\\/8b0799874cea28c3f049df797d31422d.jpeg\",\"datePublished\":\"2022-12-02T09:21:00+00:00\",\"dateModified\":\"2025-05-22T11:42:35+00:00\",\"description\":\"Contrairement \u00e0 ce qu\u2019avait annonc\u00e9 le CS Chebbien hier, le pr\u00e9sident de la F\u00e9d\u00e9ration tunisienne de football, Wadi Jary, est bel et bien rentr\u00e9 en Tunisie avec...\",\"breadcrumb\":{\"@id\":\"https:\\\/\\\/www.webdo.tn\\\/fr\\\/actualite\\\/sport\\\/wadi-jary-est-bel-et-bien-rentre-avec-la-delegation-tunisienne\\\/200109\\\/#breadcrumb\"},\"inLanguage\":\"fr-FR\",\"potentialAction\":[{\"@type\":\"ReadAction\",\"target\":[\"https:\\\/\\\/www.webdo.tn\\\/fr\\\/actualite\\\/sport\\\/wadi-jary-est-bel-et-bien-rentre-avec-la-delegation-tunisienne\\\/200109\\\/\"]}]},{\"@type\":\"ImageObject\",\"inLanguage\":\"fr-FR\",\"@id\":\"https:\\\/\\\/www.webdo.tn\\\/fr\\\/actualite\\\/sport\\\/wadi-jary-est-bel-et-bien-rentre-avec-la-delegation-tunisienne\\\/200109\\\/#primaryimage\",\"url\":\"https:\\\/\\\/www.webdo.tn\\\/fr\\\/wp-content\\\/uploads\\\/2022\\\/12\\\/8b0799874cea28c3f049df797d31422d.jpeg\",\"contentUrl\":\"https:\\\/\\\/www.webdo.tn\\\/fr\\\/wp-content\\\/uploads\\\/2022\\\/12\\\/8b0799874cea28c3f049df797d31422d.jpeg\",\"width\":750,\"height\":400,\"caption\":\"Wadi\u00a0Jary\"},{\"@type\":\"BreadcrumbList\",\"@id\":\"https:\\\/\\\/www.webdo.tn\\\/fr\\\/actualite\\\/sport\\\/wadi-jary-est-bel-et-bien-rentre-avec-la-delegation-tunisienne\\\/200109\\\/#breadcrumb\",\"itemListElement\":[{\"@type\":\"ListItem\",\"position\":1,\"name\":\"Accueil\",\"item\":\"https:\\\/\\\/www.webdo.tn\\\/fr\\\/\"},{\"@type\":\"ListItem\",\"position\":2,\"name\":\"Wadi Jary est bel et bien rentr\u00e9 avec la d\u00e9l\u00e9gation tunisienne\"}]},{\"@type\":\"WebSite\",\"@id\":\"https:\\\/\\\/www.webdo.tn\\\/fr\\\/#website\",\"url\":\"https:\\\/\\\/www.webdo.tn\\\/fr\\\/\",\"name\":\"webdo\",\"description\":\"Tunisie - News en Tunisie et \u00e0 l&#039;international sur Webdo.tn\",\"publisher\":{\"@id\":\"https:\\\/\\\/www.webdo.tn\\\/fr\\\/#organization\"},\"potentialAction\":[{\"@type\":\"SearchAction\",\"target\":{\"@type\":\"EntryPoint\",\"urlTemplate\":\"https:\\\/\\\/www.webdo.tn\\\/fr\\\/?s={search_term_string}\"},\"query-input\":{\"@type\":\"PropertyValueSpecification\",\"valueRequired\":true,\"valueName\":\"search_term_string\"}}],\"inLanguage\":\"fr-FR\"},{\"@type\":\"Organization\",\"@id\":\"https:\\\/\\\/www.webdo.tn\\\/fr\\\/#organization\",\"name\":\"Webdo\",\"alternateName\":\"Webdo.tn\",\"url\":\"https:\\\/\\\/www.webdo.tn\\\/fr\\\/\",\"logo\":{\"@type\":\"ImageObject\",\"inLanguage\":\"fr-FR\",\"@id\":\"https:\\\/\\\/www.webdo.tn\\\/fr\\\/#\\\/schema\\\/logo\\\/image\\\/\",\"url\":\"https:\\\/\\\/www.webdo.tn\\\/fr\\\/wp-content\\\/uploads\\\/2025\\\/06\\\/Webdo-Tunisie_168377.jpg\",\"contentUrl\":\"https:\\\/\\\/www.webdo.tn\\\/fr\\\/wp-content\\\/uploads\\\/2025\\\/06\\\/Webdo-Tunisie_168377.jpg\",\"width\":301,\"height\":301,\"caption\":\"Webdo\"},\"image\":{\"@id\":\"https:\\\/\\\/www.webdo.tn\\\/fr\\\/#\\\/schema\\\/logo\\\/image\\\/\"},\"sameAs\":[\"https:\\\/\\\/www.facebook.com\\\/webdotn\",\"https:\\\/\\\/x.com\\\/webdo_tn\"],\"description\":\"Webdo est un m\u00e9dia num\u00e9rique tunisien fond\u00e9 en 2010, sp\u00e9cialis\u00e9 dans l\u2019actualit\u00e9 nationale et internationale, l\u2019\u00e9conomie, la soci\u00e9t\u00e9 et les analyses politiques. Le site s\u2019adresse \u00e0 un large public francophone et couvre l\u2019information tunisienne en temps r\u00e9el.\",\"email\":\"redac@webdo.tn\",\"legalName\":\"YNJ SARL\",\"foundingDate\":\"2010-09-06\",\"numberOfEmployees\":{\"@type\":\"QuantitativeValue\",\"minValue\":\"11\",\"maxValue\":\"50\"}},{\"@type\":\"Person\",\"@id\":\"https:\\\/\\\/www.webdo.tn\\\/fr\\\/#\\\/schema\\\/person\\\/c3a9d32fa6d495ca5f4b6510e3db97bf\",\"name\":\"MK\",\"image\":{\"@type\":\"ImageObject\",\"inLanguage\":\"fr-FR\",\"@id\":\"https:\\\/\\\/secure.gravatar.com\\\/avatar\\\/6d44f937f19929f3b75db77056d3e08abd6e302e71bcfea340cd8b00c13e7baf?s=96&d=mm&r=g\",\"url\":\"https:\\\/\\\/secure.gravatar.com\\\/avatar\\\/6d44f937f19929f3b75db77056d3e08abd6e302e71bcfea340cd8b00c13e7baf?s=96&d=mm&r=g\",\"contentUrl\":\"https:\\\/\\\/secure.gravatar.com\\\/avatar\\\/6d44f937f19929f3b75db77056d3e08abd6e302e71bcfea340cd8b00c13e7baf?s=96&d=mm&r=g\",\"caption\":\"MK\"},\"url\":\"https:\\\/\\\/www.webdo.tn\\\/fr\\\/actualite\\\/author\\\/mk\\\/\"}]}<\/script>\n<!-- \/ Yoast SEO Premium plugin. -->","yoast_head_json":{"title":"Wadi Jary est bel et bien rentr\u00e9 avec la d\u00e9l\u00e9gation tunisienne","description":"Contrairement \u00e0 ce qu\u2019avait annonc\u00e9 le CS Chebbien hier, le pr\u00e9sident de la F\u00e9d\u00e9ration tunisienne de football, Wadi Jary, est bel et bien rentr\u00e9 en Tunisie avec...","canonical":"https:\/\/www.webdo.tn\/fr\/actualite\/sport\/wadi-jary-est-bel-et-bien-rentre-avec-la-delegation-tunisienne\/200109\/","og_locale":"fr_FR","og_type":"article","og_title":"Wadi Jary est bel et bien rentr\u00e9 avec la d\u00e9l\u00e9gation tunisienne","og_description":"Contrairement \u00e0 ce qu\u2019avait annonc\u00e9 le CS Chebbien hier, le pr\u00e9sident de la F\u00e9d\u00e9ration tunisienne de football, Wadi Jary, est bel et bien rentr\u00e9 en Tunisie avec...","og_url":"https:\/\/www.webdo.tn\/fr\/actualite\/sport\/wadi-jary-est-bel-et-bien-rentre-avec-la-delegation-tunisienne\/200109\/","og_site_name":"webdo","article_publisher":"https:\/\/www.facebook.com\/webdotn","article_published_time":"2022-12-02T09:21:00+00:00","article_modified_time":"2025-05-22T11:42:35+00:00","og_image":[{"width":750,"height":400,"url":"https:\/\/www.webdo.tn\/fr\/wp-content\/uploads\/2022\/12\/8b0799874cea28c3f049df797d31422d.jpeg","type":"image\/jpeg"}],"author":"MK","twitter_card":"summary_large_image","twitter_creator":"@webdo_tn","twitter_site":"@webdo_tn","twitter_misc":{"\u00c9crit par":"MK","Dur\u00e9e de lecture estim\u00e9e":"1 minute"},"schema":{"@context":"https:\/\/schema.org","@graph":[{"@type":"NewsArticle","@id":"https:\/\/www.webdo.tn\/fr\/actualite\/sport\/wadi-jary-est-bel-et-bien-rentre-avec-la-delegation-tunisienne\/200109\/#article","isPartOf":{"@id":"https:\/\/www.webdo.tn\/fr\/actualite\/sport\/wadi-jary-est-bel-et-bien-rentre-avec-la-delegation-tunisienne\/200109\/"},"author":{"name":"MK","@id":"https:\/\/www.webdo.tn\/fr\/#\/schema\/person\/c3a9d32fa6d495ca5f4b6510e3db97bf"},"headline":"Wadi Jary est bel et bien rentr\u00e9 avec la d\u00e9l\u00e9gation tunisienne","datePublished":"2022-12-02T09:21:00+00:00","dateModified":"2025-05-22T11:42:35+00:00","mainEntityOfPage":{"@id":"https:\/\/www.webdo.tn\/fr\/actualite\/sport\/wadi-jary-est-bel-et-bien-rentre-avec-la-delegation-tunisienne\/200109\/"},"wordCount":177,"commentCount":0,"publisher":{"@id":"https:\/\/www.webdo.tn\/fr\/#organization"},"image":{"@id":"https:\/\/www.webdo.tn\/fr\/actualite\/sport\/wadi-jary-est-bel-et-bien-rentre-avec-la-delegation-tunisienne\/200109\/#primaryimage"},"thumbnailUrl":"https:\/\/www.webdo.tn\/fr\/wp-content\/uploads\/2022\/12\/8b0799874cea28c3f049df797d31422d.jpeg","keywords":["Coupe du Monde","CS Chebbien","F\u00e9d\u00e9ration tunisienne de football","Wadi\u00a0Jary"],"articleSection":["Sport"],"inLanguage":"fr-FR"},{"@type":"WebPage","@id":"https:\/\/www.webdo.tn\/fr\/actualite\/sport\/wadi-jary-est-bel-et-bien-rentre-avec-la-delegation-tunisienne\/200109\/","url":"https:\/\/www.webdo.tn\/fr\/actualite\/sport\/wadi-jary-est-bel-et-bien-rentre-avec-la-delegation-tunisienne\/200109\/","name":"Wadi Jary est bel et bien rentr\u00e9 avec la d\u00e9l\u00e9gation tunisienne","isPartOf":{"@id":"https:\/\/www.webdo.tn\/fr\/#website"},"primaryImageOfPage":{"@id":"https:\/\/www.webdo.tn\/fr\/actualite\/sport\/wadi-jary-est-bel-et-bien-rentre-avec-la-delegation-tunisienne\/200109\/#primaryimage"},"image":{"@id":"https:\/\/www.webdo.tn\/fr\/actualite\/sport\/wadi-jary-est-bel-et-bien-rentre-avec-la-delegation-tunisienne\/200109\/#primaryimage"},"thumbnailUrl":"https:\/\/www.webdo.tn\/fr\/wp-content\/uploads\/2022\/12\/8b0799874cea28c3f049df797d31422d.jpeg","datePublished":"2022-12-02T09:21:00+00:00","dateModified":"2025-05-22T11:42:35+00:00","description":"Contrairement \u00e0 ce qu\u2019avait annonc\u00e9 le CS Chebbien hier, le pr\u00e9sident de la F\u00e9d\u00e9ration tunisienne de football, Wadi Jary, est bel et bien rentr\u00e9 en Tunisie avec...","breadcrumb":{"@id":"https:\/\/www.webdo.tn\/fr\/actualite\/sport\/wadi-jary-est-bel-et-bien-rentre-avec-la-delegation-tunisienne\/200109\/#breadcrumb"},"inLanguage":"fr-FR","potentialAction":[{"@type":"ReadAction","target":["https:\/\/www.webdo.tn\/fr\/actualite\/sport\/wadi-jary-est-bel-et-bien-rentre-avec-la-delegation-tunisienne\/200109\/"]}]},{"@type":"ImageObject","inLanguage":"fr-FR","@id":"https:\/\/www.webdo.tn\/fr\/actualite\/sport\/wadi-jary-est-bel-et-bien-rentre-avec-la-delegation-tunisienne\/200109\/#primaryimage","url":"https:\/\/www.webdo.tn\/fr\/wp-content\/uploads\/2022\/12\/8b0799874cea28c3f049df797d31422d.jpeg","contentUrl":"https:\/\/www.webdo.tn\/fr\/wp-content\/uploads\/2022\/12\/8b0799874cea28c3f049df797d31422d.jpeg","width":750,"height":400,"caption":"Wadi\u00a0Jary"},{"@type":"BreadcrumbList","@id":"https:\/\/www.webdo.tn\/fr\/actualite\/sport\/wadi-jary-est-bel-et-bien-rentre-avec-la-delegation-tunisienne\/200109\/#breadcrumb","itemListElement":[{"@type":"ListItem","position":1,"name":"Accueil","item":"https:\/\/www.webdo.tn\/fr\/"},{"@type":"ListItem","position":2,"name":"Wadi Jary est bel et bien rentr\u00e9 avec la d\u00e9l\u00e9gation tunisienne"}]},{"@type":"WebSite","@id":"https:\/\/www.webdo.tn\/fr\/#website","url":"https:\/\/www.webdo.tn\/fr\/","name":"webdo","description":"Tunisie - News en Tunisie et \u00e0 l&#039;international sur Webdo.tn","publisher":{"@id":"https:\/\/www.webdo.tn\/fr\/#organization"},"potentialAction":[{"@type":"SearchAction","target":{"@type":"EntryPoint","urlTemplate":"https:\/\/www.webdo.tn\/fr\/?s={search_term_string}"},"query-input":{"@type":"PropertyValueSpecification","valueRequired":true,"valueName":"search_term_string"}}],"inLanguage":"fr-FR"},{"@type":"Organization","@id":"https:\/\/www.webdo.tn\/fr\/#organization","name":"Webdo","alternateName":"Webdo.tn","url":"https:\/\/www.webdo.tn\/fr\/","logo":{"@type":"ImageObject","inLanguage":"fr-FR","@id":"https:\/\/www.webdo.tn\/fr\/#\/schema\/logo\/image\/","url":"https:\/\/www.webdo.tn\/fr\/wp-content\/uploads\/2025\/06\/Webdo-Tunisie_168377.jpg","contentUrl":"https:\/\/www.webdo.tn\/fr\/wp-content\/uploads\/2025\/06\/Webdo-Tunisie_168377.jpg","width":301,"height":301,"caption":"Webdo"},"image":{"@id":"https:\/\/www.webdo.tn\/fr\/#\/schema\/logo\/image\/"},"sameAs":["https:\/\/www.facebook.com\/webdotn","https:\/\/x.com\/webdo_tn"],"description":"Webdo est un m\u00e9dia num\u00e9rique tunisien fond\u00e9 en 2010, sp\u00e9cialis\u00e9 dans l\u2019actualit\u00e9 nationale et internationale, l\u2019\u00e9conomie, la soci\u00e9t\u00e9 et les analyses politiques. Le site s\u2019adresse \u00e0 un large public francophone et couvre l\u2019information tunisienne en temps r\u00e9el.","email":"redac@webdo.tn","legalName":"YNJ SARL","foundingDate":"2010-09-06","numberOfEmployees":{"@type":"QuantitativeValue","minValue":"11","maxValue":"50"}},{"@type":"Person","@id":"https:\/\/www.webdo.tn\/fr\/#\/schema\/person\/c3a9d32fa6d495ca5f4b6510e3db97bf","name":"MK","image":{"@type":"ImageObject","inLanguage":"fr-FR","@id":"https:\/\/secure.gravatar.com\/avatar\/6d44f937f19929f3b75db77056d3e08abd6e302e71bcfea340cd8b00c13e7baf?s=96&d=mm&r=g","url":"https:\/\/secure.gravatar.com\/avatar\/6d44f937f19929f3b75db77056d3e08abd6e302e71bcfea340cd8b00c13e7baf?s=96&d=mm&r=g","contentUrl":"https:\/\/secure.gravatar.com\/avatar\/6d44f937f19929f3b75db77056d3e08abd6e302e71bcfea340cd8b00c13e7baf?s=96&d=mm&r=g","caption":"MK"},"url":"https:\/\/www.webdo.tn\/fr\/actualite\/author\/mk\/"}]}},"_links":{"self":[{"href":"https:\/\/www.webdo.tn\/fr\/wp-json\/wp\/v2\/posts\/200109","targetHints":{"allow":["GET"]}}],"collection":[{"href":"https:\/\/www.webdo.tn\/fr\/wp-json\/wp\/v2\/posts"}],"about":[{"href":"https:\/\/www.webdo.tn\/fr\/wp-json\/wp\/v2\/types\/post"}],"author":[{"embeddable":true,"href":"https:\/\/www.webdo.tn\/fr\/wp-json\/wp\/v2\/users\/3196"}],"replies":[{"embeddable":true,"href":"https:\/\/www.webdo.tn\/fr\/wp-json\/wp\/v2\/comments?post=200109"}],"version-history":[{"count":0,"href":"https:\/\/www.webdo.tn\/fr\/wp-json\/wp\/v2\/posts\/200109\/revisions"}],"wp:featuredmedia":[{"embeddable":true,"href":"https:\/\/www.webdo.tn\/fr\/wp-json\/wp\/v2\/media\/348509"}],"wp:attachment":[{"href":"https:\/\/www.webdo.tn\/fr\/wp-json\/wp\/v2\/media?parent=200109"}],"wp:term":[{"taxonomy":"category","embeddable":true,"href":"https:\/\/www.webdo.tn\/fr\/wp-json\/wp\/v2\/categories?post=200109"},{"taxonomy":"post_tag","embeddable":true,"href":"https:\/\/www.webdo.tn\/fr\/wp-json\/wp\/v2\/tags?post=200109"}],"curies":[{"name":"wp","href":"https:\/\/api.w.org\/{rel}","templated":true}]}}