{"id":200098,"date":"2022-12-01T20:19:00","date_gmt":"2022-12-01T20:19:00","guid":{"rendered":"https:\/\/www.webdo.tn\/fr\/actualite\/blog\/dbeibah-nous-avons-besoin-de-l-expertise-tunisienne\/200098\/"},"modified":"2025-05-22T11:42:32","modified_gmt":"2025-05-22T11:42:32","slug":"dbeibah-nous-avons-besoin-de-l-expertise-tunisienne","status":"publish","type":"post","link":"https:\/\/www.webdo.tn\/fr\/actualite\/national\/dbeibah-nous-avons-besoin-de-l-expertise-tunisienne\/200098\/","title":{"rendered":"Dbeibah : \u00ab Nous avons besoin de l\u2019expertise tunisienne \u00bb"},"content":{"rendered":"<p>La Libye, d\u00e9termin\u00e9e \u00e0 lib\u00e9rer le potentiel du secteur priv\u00e9, est ouverte aux entreprises tunisiennes, a d\u00e9clar\u00e9 le chef du gouvernement d&rsquo;Union nationale libyen, Abdelhamid Dbeibah.<\/p>\n<p> Intervenant au cours d\u2019une r\u00e9union tenue, jeudi, au si\u00e8ge de l\u2019Union Tunisienne de l\u2019Industrie, du commerce et de l\u2019Artisanat (UTICA) en pr\u00e9sence d\u2019hommes d\u2019affaires tunisiens et des ministres et responsables libyens de structures ex\u00e9cutives, Dbeibah a ajout\u00e9 que tout partenariat entre les secteurs priv\u00e9s des deux pays sera le bienvenu.<\/p>\n<p>Copr\u00e9sident une s\u00e9ance de travail avec le pr\u00e9sident de l\u2019UTICA, Samir Majoul, Dabaiba a ajout\u00e9 que les entreprises tunisiennes peuvent aussi fournir un appui administratif et technique et de la main d\u2019\u0153uvre technique \u00e0 leurs homologues libyens. Il a cit\u00e9 \u00e0 titre d\u2019exemple les domaines des travaux publics, les projets d&rsquo;infrastructure, les \u00e9tablissements de soins de sant\u00e9, la gestion du secteur pharmaceutique, les industries agroalimentaires et la connexion \u00e9lectrique.\u00a0<\/p>\n<p>\u00a0\u00bb Il n&rsquo;y a pas de barri\u00e8res ou de fronti\u00e8res qui peuvent impacter ou perturber les relations Tuniso-libyennes. Les Libyens ont \u00e9t\u00e9 soutenus par leurs fr\u00e8res tunisiens pendant les crises travers\u00e9es \u00ab\u00a0, a-t-il rappel\u00e9. Et d\u2019ajouter que son pays est actuellement en phase de construction et a besoin de l&rsquo;expertise et des comp\u00e9tences des tunisiens et des entreprises tunisiennes.<\/p>\n","protected":false},"excerpt":{"rendered":"<p>La Libye, d\u00e9termin\u00e9e \u00e0 lib\u00e9rer le potentiel du secteur priv\u00e9, est ouverte aux entreprises tunisiennes, a d\u00e9clar\u00e9 le chef du gouvernement d&rsquo;Union nationale libye&#8230;<\/p>\n","protected":false},"author":3175,"featured_media":348506,"comment_status":"open","ping_status":"closed","sticky":false,"template":"","format":"standard","meta":{"footnotes":""},"categories":[44],"tags":[11499,3279,2608],"class_list":["post-200098","post","type-post","status-publish","format-standard","has-post-thumbnail","hentry","category-national","tag-dbeibah","tag-libye","tag-tunisie"],"yoast_head":"<!-- This site is optimized with the Yoast SEO Premium plugin v27.5 (Yoast SEO v27.5) - https:\/\/yoast.com\/product\/yoast-seo-premium-wordpress\/ -->\n<title>Dbeibah : \u00ab Nous avons besoin de l\u2019expertise tunisienne \u00bb<\/title>\n<meta name=\"description\" content=\"La Libye, d\u00e9termin\u00e9e \u00e0 lib\u00e9rer le potentiel du secteur priv\u00e9, est ouverte aux entreprises tunisiennes, a d\u00e9clar\u00e9 le chef du gouvernement d&#039;Union nationale libye...\" \/>\n<link rel=\"canonical\" href=\"https:\/\/www.webdo.tn\/fr\/actualite\/national-45\/dbeibah-nous-avons-besoin-de-l-expertise-tunisienne\/200098\/\" \/>\n<meta property=\"og:locale\" content=\"fr_FR\" \/>\n<meta property=\"og:type\" content=\"article\" \/>\n<meta property=\"og:title\" content=\"Dbeibah : \u00ab Nous avons besoin de l\u2019expertise tunisienne \u00bb\" \/>\n<meta property=\"og:description\" content=\"La Libye, d\u00e9termin\u00e9e \u00e0 lib\u00e9rer le potentiel du secteur priv\u00e9, est ouverte aux entreprises tunisiennes, a d\u00e9clar\u00e9 le chef du gouvernement d&#039;Union nationale libye...\" \/>\n<meta property=\"og:url\" content=\"https:\/\/www.webdo.tn\/fr\/actualite\/national-45\/dbeibah-nous-avons-besoin-de-l-expertise-tunisienne\/200098\/\" \/>\n<meta property=\"og:site_name\" content=\"webdo\" \/>\n<meta property=\"article:publisher\" content=\"https:\/\/www.facebook.com\/webdotn\" \/>\n<meta property=\"article:published_time\" content=\"2022-12-01T20:19:00+00:00\" \/>\n<meta property=\"article:modified_time\" content=\"2025-05-22T11:42:32+00:00\" \/>\n<meta property=\"og:image\" content=\"https:\/\/www.webdo.tn\/fr\/wp-content\/uploads\/2022\/12\/37d5fec5d4668ceeae3e63653448069b.jpg\" \/>\n\t<meta property=\"og:image:width\" content=\"675\" \/>\n\t<meta property=\"og:image:height\" content=\"360\" \/>\n\t<meta property=\"og:image:type\" content=\"image\/jpeg\" \/>\n<meta name=\"author\" content=\"CL\" \/>\n<meta name=\"twitter:card\" content=\"summary_large_image\" \/>\n<meta name=\"twitter:creator\" content=\"@webdo_tn\" \/>\n<meta name=\"twitter:site\" content=\"@webdo_tn\" \/>\n<meta name=\"twitter:label1\" content=\"\u00c9crit par\" \/>\n\t<meta name=\"twitter:data1\" content=\"CL\" \/>\n\t<meta name=\"twitter:label2\" content=\"Dur\u00e9e de lecture estim\u00e9e\" \/>\n\t<meta name=\"twitter:data2\" content=\"1 minute\" \/>\n<script type=\"application\/ld+json\" class=\"yoast-schema-graph\">{\"@context\":\"https:\\\/\\\/schema.org\",\"@graph\":[{\"@type\":\"NewsArticle\",\"@id\":\"https:\\\/\\\/www.webdo.tn\\\/fr\\\/actualite\\\/national-45\\\/dbeibah-nous-avons-besoin-de-l-expertise-tunisienne\\\/200098\\\/#article\",\"isPartOf\":{\"@id\":\"https:\\\/\\\/www.webdo.tn\\\/fr\\\/actualite\\\/national-45\\\/dbeibah-nous-avons-besoin-de-l-expertise-tunisienne\\\/200098\\\/\"},\"author\":{\"name\":\"CL\",\"@id\":\"https:\\\/\\\/www.webdo.tn\\\/fr\\\/#\\\/schema\\\/person\\\/f35b42a42c5e2511bbd282959d6385cc\"},\"headline\":\"Dbeibah : \u00ab Nous avons besoin de l\u2019expertise tunisienne \u00bb\",\"datePublished\":\"2022-12-01T20:19:00+00:00\",\"dateModified\":\"2025-05-22T11:42:32+00:00\",\"mainEntityOfPage\":{\"@id\":\"https:\\\/\\\/www.webdo.tn\\\/fr\\\/actualite\\\/national-45\\\/dbeibah-nous-avons-besoin-de-l-expertise-tunisienne\\\/200098\\\/\"},\"wordCount\":238,\"commentCount\":0,\"publisher\":{\"@id\":\"https:\\\/\\\/www.webdo.tn\\\/fr\\\/#organization\"},\"image\":{\"@id\":\"https:\\\/\\\/www.webdo.tn\\\/fr\\\/actualite\\\/national-45\\\/dbeibah-nous-avons-besoin-de-l-expertise-tunisienne\\\/200098\\\/#primaryimage\"},\"thumbnailUrl\":\"https:\\\/\\\/www.webdo.tn\\\/fr\\\/wp-content\\\/uploads\\\/2022\\\/12\\\/37d5fec5d4668ceeae3e63653448069b.jpg\",\"keywords\":[\"Dbeibah\",\"Libye\",\"Tunisie\"],\"articleSection\":[\"National\"],\"inLanguage\":\"fr-FR\"},{\"@type\":\"WebPage\",\"@id\":\"https:\\\/\\\/www.webdo.tn\\\/fr\\\/actualite\\\/national-45\\\/dbeibah-nous-avons-besoin-de-l-expertise-tunisienne\\\/200098\\\/\",\"url\":\"https:\\\/\\\/www.webdo.tn\\\/fr\\\/actualite\\\/national-45\\\/dbeibah-nous-avons-besoin-de-l-expertise-tunisienne\\\/200098\\\/\",\"name\":\"Dbeibah : \u00ab Nous avons besoin de l\u2019expertise tunisienne \u00bb\",\"isPartOf\":{\"@id\":\"https:\\\/\\\/www.webdo.tn\\\/fr\\\/#website\"},\"primaryImageOfPage\":{\"@id\":\"https:\\\/\\\/www.webdo.tn\\\/fr\\\/actualite\\\/national-45\\\/dbeibah-nous-avons-besoin-de-l-expertise-tunisienne\\\/200098\\\/#primaryimage\"},\"image\":{\"@id\":\"https:\\\/\\\/www.webdo.tn\\\/fr\\\/actualite\\\/national-45\\\/dbeibah-nous-avons-besoin-de-l-expertise-tunisienne\\\/200098\\\/#primaryimage\"},\"thumbnailUrl\":\"https:\\\/\\\/www.webdo.tn\\\/fr\\\/wp-content\\\/uploads\\\/2022\\\/12\\\/37d5fec5d4668ceeae3e63653448069b.jpg\",\"datePublished\":\"2022-12-01T20:19:00+00:00\",\"dateModified\":\"2025-05-22T11:42:32+00:00\",\"description\":\"La Libye, d\u00e9termin\u00e9e \u00e0 lib\u00e9rer le potentiel du secteur priv\u00e9, est ouverte aux entreprises tunisiennes, a d\u00e9clar\u00e9 le chef du gouvernement d'Union nationale libye...\",\"breadcrumb\":{\"@id\":\"https:\\\/\\\/www.webdo.tn\\\/fr\\\/actualite\\\/national-45\\\/dbeibah-nous-avons-besoin-de-l-expertise-tunisienne\\\/200098\\\/#breadcrumb\"},\"inLanguage\":\"fr-FR\",\"potentialAction\":[{\"@type\":\"ReadAction\",\"target\":[\"https:\\\/\\\/www.webdo.tn\\\/fr\\\/actualite\\\/national-45\\\/dbeibah-nous-avons-besoin-de-l-expertise-tunisienne\\\/200098\\\/\"]}]},{\"@type\":\"ImageObject\",\"inLanguage\":\"fr-FR\",\"@id\":\"https:\\\/\\\/www.webdo.tn\\\/fr\\\/actualite\\\/national-45\\\/dbeibah-nous-avons-besoin-de-l-expertise-tunisienne\\\/200098\\\/#primaryimage\",\"url\":\"https:\\\/\\\/www.webdo.tn\\\/fr\\\/wp-content\\\/uploads\\\/2022\\\/12\\\/37d5fec5d4668ceeae3e63653448069b.jpg\",\"contentUrl\":\"https:\\\/\\\/www.webdo.tn\\\/fr\\\/wp-content\\\/uploads\\\/2022\\\/12\\\/37d5fec5d4668ceeae3e63653448069b.jpg\",\"width\":675,\"height\":360,\"caption\":\"Abdelhamid Dbeibah\"},{\"@type\":\"BreadcrumbList\",\"@id\":\"https:\\\/\\\/www.webdo.tn\\\/fr\\\/actualite\\\/national-45\\\/dbeibah-nous-avons-besoin-de-l-expertise-tunisienne\\\/200098\\\/#breadcrumb\",\"itemListElement\":[{\"@type\":\"ListItem\",\"position\":1,\"name\":\"Accueil\",\"item\":\"https:\\\/\\\/www.webdo.tn\\\/fr\\\/\"},{\"@type\":\"ListItem\",\"position\":2,\"name\":\"Dbeibah : \u00ab Nous avons besoin de l\u2019expertise tunisienne \u00bb\"}]},{\"@type\":\"WebSite\",\"@id\":\"https:\\\/\\\/www.webdo.tn\\\/fr\\\/#website\",\"url\":\"https:\\\/\\\/www.webdo.tn\\\/fr\\\/\",\"name\":\"webdo\",\"description\":\"Tunisie - News en Tunisie et \u00e0 l&#039;international sur Webdo.tn\",\"publisher\":{\"@id\":\"https:\\\/\\\/www.webdo.tn\\\/fr\\\/#organization\"},\"potentialAction\":[{\"@type\":\"SearchAction\",\"target\":{\"@type\":\"EntryPoint\",\"urlTemplate\":\"https:\\\/\\\/www.webdo.tn\\\/fr\\\/?s={search_term_string}\"},\"query-input\":{\"@type\":\"PropertyValueSpecification\",\"valueRequired\":true,\"valueName\":\"search_term_string\"}}],\"inLanguage\":\"fr-FR\"},{\"@type\":\"Organization\",\"@id\":\"https:\\\/\\\/www.webdo.tn\\\/fr\\\/#organization\",\"name\":\"Webdo\",\"alternateName\":\"Webdo.tn\",\"url\":\"https:\\\/\\\/www.webdo.tn\\\/fr\\\/\",\"logo\":{\"@type\":\"ImageObject\",\"inLanguage\":\"fr-FR\",\"@id\":\"https:\\\/\\\/www.webdo.tn\\\/fr\\\/#\\\/schema\\\/logo\\\/image\\\/\",\"url\":\"https:\\\/\\\/www.webdo.tn\\\/fr\\\/wp-content\\\/uploads\\\/2025\\\/06\\\/Webdo-Tunisie_168377.jpg\",\"contentUrl\":\"https:\\\/\\\/www.webdo.tn\\\/fr\\\/wp-content\\\/uploads\\\/2025\\\/06\\\/Webdo-Tunisie_168377.jpg\",\"width\":301,\"height\":301,\"caption\":\"Webdo\"},\"image\":{\"@id\":\"https:\\\/\\\/www.webdo.tn\\\/fr\\\/#\\\/schema\\\/logo\\\/image\\\/\"},\"sameAs\":[\"https:\\\/\\\/www.facebook.com\\\/webdotn\",\"https:\\\/\\\/x.com\\\/webdo_tn\"],\"description\":\"Webdo est un m\u00e9dia num\u00e9rique tunisien fond\u00e9 en 2010, sp\u00e9cialis\u00e9 dans l\u2019actualit\u00e9 nationale et internationale, l\u2019\u00e9conomie, la soci\u00e9t\u00e9 et les analyses politiques. Le site s\u2019adresse \u00e0 un large public francophone et couvre l\u2019information tunisienne en temps r\u00e9el.\",\"email\":\"redac@webdo.tn\",\"legalName\":\"YNJ SARL\",\"foundingDate\":\"2010-09-06\",\"numberOfEmployees\":{\"@type\":\"QuantitativeValue\",\"minValue\":\"11\",\"maxValue\":\"50\"}},{\"@type\":\"Person\",\"@id\":\"https:\\\/\\\/www.webdo.tn\\\/fr\\\/#\\\/schema\\\/person\\\/f35b42a42c5e2511bbd282959d6385cc\",\"name\":\"CL\",\"image\":{\"@type\":\"ImageObject\",\"inLanguage\":\"fr-FR\",\"@id\":\"https:\\\/\\\/secure.gravatar.com\\\/avatar\\\/1447a49909b67aa657c488aec6512e1dd6143a480c1ecfee9b5b5cd74eb3b59e?s=96&d=mm&r=g\",\"url\":\"https:\\\/\\\/secure.gravatar.com\\\/avatar\\\/1447a49909b67aa657c488aec6512e1dd6143a480c1ecfee9b5b5cd74eb3b59e?s=96&d=mm&r=g\",\"contentUrl\":\"https:\\\/\\\/secure.gravatar.com\\\/avatar\\\/1447a49909b67aa657c488aec6512e1dd6143a480c1ecfee9b5b5cd74eb3b59e?s=96&d=mm&r=g\",\"caption\":\"CL\"},\"url\":\"https:\\\/\\\/www.webdo.tn\\\/fr\\\/actualite\\\/author\\\/cl\\\/\"}]}<\/script>\n<!-- \/ Yoast SEO Premium plugin. -->","yoast_head_json":{"title":"Dbeibah : \u00ab Nous avons besoin de l\u2019expertise tunisienne \u00bb","description":"La Libye, d\u00e9termin\u00e9e \u00e0 lib\u00e9rer le potentiel du secteur priv\u00e9, est ouverte aux entreprises tunisiennes, a d\u00e9clar\u00e9 le chef du gouvernement d'Union nationale libye...","canonical":"https:\/\/www.webdo.tn\/fr\/actualite\/national-45\/dbeibah-nous-avons-besoin-de-l-expertise-tunisienne\/200098\/","og_locale":"fr_FR","og_type":"article","og_title":"Dbeibah : \u00ab Nous avons besoin de l\u2019expertise tunisienne \u00bb","og_description":"La Libye, d\u00e9termin\u00e9e \u00e0 lib\u00e9rer le potentiel du secteur priv\u00e9, est ouverte aux entreprises tunisiennes, a d\u00e9clar\u00e9 le chef du gouvernement d'Union nationale libye...","og_url":"https:\/\/www.webdo.tn\/fr\/actualite\/national-45\/dbeibah-nous-avons-besoin-de-l-expertise-tunisienne\/200098\/","og_site_name":"webdo","article_publisher":"https:\/\/www.facebook.com\/webdotn","article_published_time":"2022-12-01T20:19:00+00:00","article_modified_time":"2025-05-22T11:42:32+00:00","og_image":[{"width":675,"height":360,"url":"https:\/\/www.webdo.tn\/fr\/wp-content\/uploads\/2022\/12\/37d5fec5d4668ceeae3e63653448069b.jpg","type":"image\/jpeg"}],"author":"CL","twitter_card":"summary_large_image","twitter_creator":"@webdo_tn","twitter_site":"@webdo_tn","twitter_misc":{"\u00c9crit par":"CL","Dur\u00e9e de lecture estim\u00e9e":"1 minute"},"schema":{"@context":"https:\/\/schema.org","@graph":[{"@type":"NewsArticle","@id":"https:\/\/www.webdo.tn\/fr\/actualite\/national-45\/dbeibah-nous-avons-besoin-de-l-expertise-tunisienne\/200098\/#article","isPartOf":{"@id":"https:\/\/www.webdo.tn\/fr\/actualite\/national-45\/dbeibah-nous-avons-besoin-de-l-expertise-tunisienne\/200098\/"},"author":{"name":"CL","@id":"https:\/\/www.webdo.tn\/fr\/#\/schema\/person\/f35b42a42c5e2511bbd282959d6385cc"},"headline":"Dbeibah : \u00ab Nous avons besoin de l\u2019expertise tunisienne \u00bb","datePublished":"2022-12-01T20:19:00+00:00","dateModified":"2025-05-22T11:42:32+00:00","mainEntityOfPage":{"@id":"https:\/\/www.webdo.tn\/fr\/actualite\/national-45\/dbeibah-nous-avons-besoin-de-l-expertise-tunisienne\/200098\/"},"wordCount":238,"commentCount":0,"publisher":{"@id":"https:\/\/www.webdo.tn\/fr\/#organization"},"image":{"@id":"https:\/\/www.webdo.tn\/fr\/actualite\/national-45\/dbeibah-nous-avons-besoin-de-l-expertise-tunisienne\/200098\/#primaryimage"},"thumbnailUrl":"https:\/\/www.webdo.tn\/fr\/wp-content\/uploads\/2022\/12\/37d5fec5d4668ceeae3e63653448069b.jpg","keywords":["Dbeibah","Libye","Tunisie"],"articleSection":["National"],"inLanguage":"fr-FR"},{"@type":"WebPage","@id":"https:\/\/www.webdo.tn\/fr\/actualite\/national-45\/dbeibah-nous-avons-besoin-de-l-expertise-tunisienne\/200098\/","url":"https:\/\/www.webdo.tn\/fr\/actualite\/national-45\/dbeibah-nous-avons-besoin-de-l-expertise-tunisienne\/200098\/","name":"Dbeibah : \u00ab Nous avons besoin de l\u2019expertise tunisienne \u00bb","isPartOf":{"@id":"https:\/\/www.webdo.tn\/fr\/#website"},"primaryImageOfPage":{"@id":"https:\/\/www.webdo.tn\/fr\/actualite\/national-45\/dbeibah-nous-avons-besoin-de-l-expertise-tunisienne\/200098\/#primaryimage"},"image":{"@id":"https:\/\/www.webdo.tn\/fr\/actualite\/national-45\/dbeibah-nous-avons-besoin-de-l-expertise-tunisienne\/200098\/#primaryimage"},"thumbnailUrl":"https:\/\/www.webdo.tn\/fr\/wp-content\/uploads\/2022\/12\/37d5fec5d4668ceeae3e63653448069b.jpg","datePublished":"2022-12-01T20:19:00+00:00","dateModified":"2025-05-22T11:42:32+00:00","description":"La Libye, d\u00e9termin\u00e9e \u00e0 lib\u00e9rer le potentiel du secteur priv\u00e9, est ouverte aux entreprises tunisiennes, a d\u00e9clar\u00e9 le chef du gouvernement d'Union nationale libye...","breadcrumb":{"@id":"https:\/\/www.webdo.tn\/fr\/actualite\/national-45\/dbeibah-nous-avons-besoin-de-l-expertise-tunisienne\/200098\/#breadcrumb"},"inLanguage":"fr-FR","potentialAction":[{"@type":"ReadAction","target":["https:\/\/www.webdo.tn\/fr\/actualite\/national-45\/dbeibah-nous-avons-besoin-de-l-expertise-tunisienne\/200098\/"]}]},{"@type":"ImageObject","inLanguage":"fr-FR","@id":"https:\/\/www.webdo.tn\/fr\/actualite\/national-45\/dbeibah-nous-avons-besoin-de-l-expertise-tunisienne\/200098\/#primaryimage","url":"https:\/\/www.webdo.tn\/fr\/wp-content\/uploads\/2022\/12\/37d5fec5d4668ceeae3e63653448069b.jpg","contentUrl":"https:\/\/www.webdo.tn\/fr\/wp-content\/uploads\/2022\/12\/37d5fec5d4668ceeae3e63653448069b.jpg","width":675,"height":360,"caption":"Abdelhamid Dbeibah"},{"@type":"BreadcrumbList","@id":"https:\/\/www.webdo.tn\/fr\/actualite\/national-45\/dbeibah-nous-avons-besoin-de-l-expertise-tunisienne\/200098\/#breadcrumb","itemListElement":[{"@type":"ListItem","position":1,"name":"Accueil","item":"https:\/\/www.webdo.tn\/fr\/"},{"@type":"ListItem","position":2,"name":"Dbeibah : \u00ab Nous avons besoin de l\u2019expertise tunisienne \u00bb"}]},{"@type":"WebSite","@id":"https:\/\/www.webdo.tn\/fr\/#website","url":"https:\/\/www.webdo.tn\/fr\/","name":"webdo","description":"Tunisie - News en Tunisie et \u00e0 l&#039;international sur Webdo.tn","publisher":{"@id":"https:\/\/www.webdo.tn\/fr\/#organization"},"potentialAction":[{"@type":"SearchAction","target":{"@type":"EntryPoint","urlTemplate":"https:\/\/www.webdo.tn\/fr\/?s={search_term_string}"},"query-input":{"@type":"PropertyValueSpecification","valueRequired":true,"valueName":"search_term_string"}}],"inLanguage":"fr-FR"},{"@type":"Organization","@id":"https:\/\/www.webdo.tn\/fr\/#organization","name":"Webdo","alternateName":"Webdo.tn","url":"https:\/\/www.webdo.tn\/fr\/","logo":{"@type":"ImageObject","inLanguage":"fr-FR","@id":"https:\/\/www.webdo.tn\/fr\/#\/schema\/logo\/image\/","url":"https:\/\/www.webdo.tn\/fr\/wp-content\/uploads\/2025\/06\/Webdo-Tunisie_168377.jpg","contentUrl":"https:\/\/www.webdo.tn\/fr\/wp-content\/uploads\/2025\/06\/Webdo-Tunisie_168377.jpg","width":301,"height":301,"caption":"Webdo"},"image":{"@id":"https:\/\/www.webdo.tn\/fr\/#\/schema\/logo\/image\/"},"sameAs":["https:\/\/www.facebook.com\/webdotn","https:\/\/x.com\/webdo_tn"],"description":"Webdo est un m\u00e9dia num\u00e9rique tunisien fond\u00e9 en 2010, sp\u00e9cialis\u00e9 dans l\u2019actualit\u00e9 nationale et internationale, l\u2019\u00e9conomie, la soci\u00e9t\u00e9 et les analyses politiques. Le site s\u2019adresse \u00e0 un large public francophone et couvre l\u2019information tunisienne en temps r\u00e9el.","email":"redac@webdo.tn","legalName":"YNJ SARL","foundingDate":"2010-09-06","numberOfEmployees":{"@type":"QuantitativeValue","minValue":"11","maxValue":"50"}},{"@type":"Person","@id":"https:\/\/www.webdo.tn\/fr\/#\/schema\/person\/f35b42a42c5e2511bbd282959d6385cc","name":"CL","image":{"@type":"ImageObject","inLanguage":"fr-FR","@id":"https:\/\/secure.gravatar.com\/avatar\/1447a49909b67aa657c488aec6512e1dd6143a480c1ecfee9b5b5cd74eb3b59e?s=96&d=mm&r=g","url":"https:\/\/secure.gravatar.com\/avatar\/1447a49909b67aa657c488aec6512e1dd6143a480c1ecfee9b5b5cd74eb3b59e?s=96&d=mm&r=g","contentUrl":"https:\/\/secure.gravatar.com\/avatar\/1447a49909b67aa657c488aec6512e1dd6143a480c1ecfee9b5b5cd74eb3b59e?s=96&d=mm&r=g","caption":"CL"},"url":"https:\/\/www.webdo.tn\/fr\/actualite\/author\/cl\/"}]}},"_links":{"self":[{"href":"https:\/\/www.webdo.tn\/fr\/wp-json\/wp\/v2\/posts\/200098","targetHints":{"allow":["GET"]}}],"collection":[{"href":"https:\/\/www.webdo.tn\/fr\/wp-json\/wp\/v2\/posts"}],"about":[{"href":"https:\/\/www.webdo.tn\/fr\/wp-json\/wp\/v2\/types\/post"}],"author":[{"embeddable":true,"href":"https:\/\/www.webdo.tn\/fr\/wp-json\/wp\/v2\/users\/3175"}],"replies":[{"embeddable":true,"href":"https:\/\/www.webdo.tn\/fr\/wp-json\/wp\/v2\/comments?post=200098"}],"version-history":[{"count":0,"href":"https:\/\/www.webdo.tn\/fr\/wp-json\/wp\/v2\/posts\/200098\/revisions"}],"wp:featuredmedia":[{"embeddable":true,"href":"https:\/\/www.webdo.tn\/fr\/wp-json\/wp\/v2\/media\/348506"}],"wp:attachment":[{"href":"https:\/\/www.webdo.tn\/fr\/wp-json\/wp\/v2\/media?parent=200098"}],"wp:term":[{"taxonomy":"category","embeddable":true,"href":"https:\/\/www.webdo.tn\/fr\/wp-json\/wp\/v2\/categories?post=200098"},{"taxonomy":"post_tag","embeddable":true,"href":"https:\/\/www.webdo.tn\/fr\/wp-json\/wp\/v2\/tags?post=200098"}],"curies":[{"name":"wp","href":"https:\/\/api.w.org\/{rel}","templated":true}]}}