{"id":200082,"date":"2022-12-01T14:54:00","date_gmt":"2022-12-01T14:54:00","guid":{"rendered":"https:\/\/www.webdo.tn\/fr\/blog\/les-voyageurs-arrivant-en-tunisie-exemptes-de-test-pcr-et-de-passeport-vaccinal\/200082\/"},"modified":"2025-05-20T22:04:27","modified_gmt":"2025-05-20T22:04:27","slug":"les-voyageurs-arrivant-en-tunisie-exemptes-de-test-pcr-et-de-passeport-vaccinal","status":"publish","type":"post","link":"https:\/\/www.webdo.tn\/fr\/actualite\/national\/les-voyageurs-arrivant-en-tunisie-exemptes-de-test-pcr-et-de-passeport-vaccinal\/200082\/","title":{"rendered":"Les voyageurs arrivant en Tunisie exempt\u00e9s de test PCR et de passeport vaccinal"},"content":{"rendered":"<p>Les voyageurs arrivant en Tunisie sont d\u00e9sormais exempt\u00e9s de l&rsquo;obligation de pr\u00e9senter un test PCR et le passeport vaccinal, annonce, ce jeudi 1er d\u00e9cembre, le minist\u00e8re de la Sant\u00e9 dans un communiqu\u00e9.<\/p>\n<p>\t\t\t\t\t\t\t\t\tCette d\u00e9cision a \u00e9t\u00e9 prise suite \u00e0 l&rsquo;am\u00e9lioration des indicateurs nationaux li\u00e9s \u00e0 la pand\u00e9mie et \u00e0 la stabilisation de la situation \u00e9pid\u00e9miologique \u00e0 un tr\u00e8s faible niveau d&rsquo;infection aux plans national et international, pr\u00e9cise-t-on.<\/p>\n<p>Par ailleurs, le minist\u00e8re de la Sant\u00e9 a annonc\u00e9, la poursuite de la campagne de vaccination et l&rsquo;administration des doses de renforcement de l&rsquo;immunit\u00e9, notamment pour les personnes \u00e2g\u00e9es et les personnes atteintes de maladies chroniques.<\/p>\n<p>Le minist\u00e8re pr\u00e9cise toutefois que les protocoles sanitaires sont mis \u00e0 jour en fonction de l&rsquo;\u00e9volution de la situation \u00e9pid\u00e9miologique de la pand\u00e9mie du Covid-19.<\/p>\n<p>Rappelons que z\u00e9ro d\u00e9c\u00e8s, 81 nouveaux cas et un taux de contamination \u00e0 5,91%, ont \u00e9t\u00e9 annonc\u00e9s, mardi, selon un dernier bilan du minist\u00e8re de la Sant\u00e9.<\/p>\n","protected":false},"excerpt":{"rendered":"<p>Les voyageurs arrivant en Tunisie sont d\u00e9sormais exempt\u00e9s de l&rsquo;obligation de pr\u00e9senter un test PCR et le passeport vaccinal, annonce, ce jeudi 1er d\u00e9cembre, le&#8230;<\/p>\n","protected":false},"author":3162,"featured_media":253048,"comment_status":"open","ping_status":"closed","sticky":false,"template":"","format":"standard","meta":{"footnotes":""},"categories":[44],"tags":[7520,5871,8974],"class_list":["post-200082","post","type-post","status-publish","format-standard","has-post-thumbnail","hentry","category-national","tag-coronavirus","tag-covid-19","tag-test-pcr"],"yoast_head":"<!-- This site is optimized with the Yoast SEO Premium plugin v27.4 (Yoast SEO v27.5) - https:\/\/yoast.com\/product\/yoast-seo-premium-wordpress\/ -->\n<title>Les voyageurs arrivant en Tunisie exempt\u00e9s de test PCR et de passeport vaccinal<\/title>\n<meta name=\"description\" content=\"Les voyageurs arrivant en Tunisie sont d\u00e9sormais exempt\u00e9s de l&#039;obligation de pr\u00e9senter un test PCR et le passeport vaccinal, annonce, ce jeudi 1er d\u00e9cembre, le...\" \/>\n<link rel=\"canonical\" href=\"https:\/\/www.webdo.tn\/fr\/actualite\/national\/les-voyageurs-arrivant-en-tunisie-exemptes-de-test-pcr-et-de-passeport-vaccinal\/200082\/\" \/>\n<meta property=\"og:locale\" content=\"fr_FR\" \/>\n<meta property=\"og:type\" content=\"article\" \/>\n<meta property=\"og:title\" content=\"Les voyageurs arrivant en Tunisie exempt\u00e9s de test PCR et de passeport vaccinal\" \/>\n<meta property=\"og:description\" content=\"Les voyageurs arrivant en Tunisie sont d\u00e9sormais exempt\u00e9s de l&#039;obligation de pr\u00e9senter un test PCR et le passeport vaccinal, annonce, ce jeudi 1er d\u00e9cembre, le...\" \/>\n<meta property=\"og:url\" content=\"https:\/\/www.webdo.tn\/fr\/actualite\/national\/les-voyageurs-arrivant-en-tunisie-exemptes-de-test-pcr-et-de-passeport-vaccinal\/200082\/\" \/>\n<meta property=\"og:site_name\" content=\"webdo\" \/>\n<meta property=\"article:publisher\" content=\"https:\/\/www.facebook.com\/webdotn\" \/>\n<meta property=\"article:published_time\" content=\"2022-12-01T14:54:00+00:00\" \/>\n<meta property=\"article:modified_time\" content=\"2025-05-20T22:04:27+00:00\" \/>\n<meta property=\"og:image\" content=\"https:\/\/www.webdo.tn\/fr\/wp-content\/uploads\/2022\/12\/5535e6c4e0f305d3408dbf412a535081.jpg\" \/>\n\t<meta property=\"og:image:width\" content=\"750\" \/>\n\t<meta property=\"og:image:height\" content=\"400\" \/>\n\t<meta property=\"og:image:type\" content=\"image\/jpeg\" \/>\n<meta name=\"author\" content=\"MC\" \/>\n<meta name=\"twitter:card\" content=\"summary_large_image\" \/>\n<meta name=\"twitter:creator\" content=\"@webdo_tn\" \/>\n<meta name=\"twitter:site\" content=\"@webdo_tn\" \/>\n<meta name=\"twitter:label1\" content=\"\u00c9crit par\" \/>\n\t<meta name=\"twitter:data1\" content=\"MC\" \/>\n\t<meta name=\"twitter:label2\" content=\"Dur\u00e9e de lecture estim\u00e9e\" \/>\n\t<meta name=\"twitter:data2\" content=\"1 minute\" \/>\n<script type=\"application\/ld+json\" class=\"yoast-schema-graph\">{\"@context\":\"https:\\\/\\\/schema.org\",\"@graph\":[{\"@type\":\"NewsArticle\",\"@id\":\"https:\\\/\\\/www.webdo.tn\\\/fr\\\/actualite\\\/national\\\/les-voyageurs-arrivant-en-tunisie-exemptes-de-test-pcr-et-de-passeport-vaccinal\\\/200082\\\/#article\",\"isPartOf\":{\"@id\":\"https:\\\/\\\/www.webdo.tn\\\/fr\\\/actualite\\\/national\\\/les-voyageurs-arrivant-en-tunisie-exemptes-de-test-pcr-et-de-passeport-vaccinal\\\/200082\\\/\"},\"author\":{\"name\":\"MC\",\"@id\":\"https:\\\/\\\/www.webdo.tn\\\/fr\\\/#\\\/schema\\\/person\\\/2c4929cbf5a809e3bd38617c6ce150f6\"},\"headline\":\"Les voyageurs arrivant en Tunisie exempt\u00e9s de test PCR et de passeport vaccinal\",\"datePublished\":\"2022-12-01T14:54:00+00:00\",\"dateModified\":\"2025-05-20T22:04:27+00:00\",\"mainEntityOfPage\":{\"@id\":\"https:\\\/\\\/www.webdo.tn\\\/fr\\\/actualite\\\/national\\\/les-voyageurs-arrivant-en-tunisie-exemptes-de-test-pcr-et-de-passeport-vaccinal\\\/200082\\\/\"},\"wordCount\":190,\"commentCount\":0,\"publisher\":{\"@id\":\"https:\\\/\\\/www.webdo.tn\\\/fr\\\/#organization\"},\"image\":{\"@id\":\"https:\\\/\\\/www.webdo.tn\\\/fr\\\/actualite\\\/national\\\/les-voyageurs-arrivant-en-tunisie-exemptes-de-test-pcr-et-de-passeport-vaccinal\\\/200082\\\/#primaryimage\"},\"thumbnailUrl\":\"https:\\\/\\\/www.webdo.tn\\\/fr\\\/wp-content\\\/uploads\\\/2022\\\/12\\\/5535e6c4e0f305d3408dbf412a535081.jpg\",\"keywords\":[\"Coronavirus\",\"Covid-19\",\"test pcr\"],\"articleSection\":[\"National\"],\"inLanguage\":\"fr-FR\"},{\"@type\":\"WebPage\",\"@id\":\"https:\\\/\\\/www.webdo.tn\\\/fr\\\/actualite\\\/national\\\/les-voyageurs-arrivant-en-tunisie-exemptes-de-test-pcr-et-de-passeport-vaccinal\\\/200082\\\/\",\"url\":\"https:\\\/\\\/www.webdo.tn\\\/fr\\\/actualite\\\/national\\\/les-voyageurs-arrivant-en-tunisie-exemptes-de-test-pcr-et-de-passeport-vaccinal\\\/200082\\\/\",\"name\":\"Les voyageurs arrivant en Tunisie exempt\u00e9s de test PCR et de passeport vaccinal\",\"isPartOf\":{\"@id\":\"https:\\\/\\\/www.webdo.tn\\\/fr\\\/#website\"},\"primaryImageOfPage\":{\"@id\":\"https:\\\/\\\/www.webdo.tn\\\/fr\\\/actualite\\\/national\\\/les-voyageurs-arrivant-en-tunisie-exemptes-de-test-pcr-et-de-passeport-vaccinal\\\/200082\\\/#primaryimage\"},\"image\":{\"@id\":\"https:\\\/\\\/www.webdo.tn\\\/fr\\\/actualite\\\/national\\\/les-voyageurs-arrivant-en-tunisie-exemptes-de-test-pcr-et-de-passeport-vaccinal\\\/200082\\\/#primaryimage\"},\"thumbnailUrl\":\"https:\\\/\\\/www.webdo.tn\\\/fr\\\/wp-content\\\/uploads\\\/2022\\\/12\\\/5535e6c4e0f305d3408dbf412a535081.jpg\",\"datePublished\":\"2022-12-01T14:54:00+00:00\",\"dateModified\":\"2025-05-20T22:04:27+00:00\",\"description\":\"Les voyageurs arrivant en Tunisie sont d\u00e9sormais exempt\u00e9s de l'obligation de pr\u00e9senter un test PCR et le passeport vaccinal, annonce, ce jeudi 1er d\u00e9cembre, le...\",\"breadcrumb\":{\"@id\":\"https:\\\/\\\/www.webdo.tn\\\/fr\\\/actualite\\\/national\\\/les-voyageurs-arrivant-en-tunisie-exemptes-de-test-pcr-et-de-passeport-vaccinal\\\/200082\\\/#breadcrumb\"},\"inLanguage\":\"fr-FR\",\"potentialAction\":[{\"@type\":\"ReadAction\",\"target\":[\"https:\\\/\\\/www.webdo.tn\\\/fr\\\/actualite\\\/national\\\/les-voyageurs-arrivant-en-tunisie-exemptes-de-test-pcr-et-de-passeport-vaccinal\\\/200082\\\/\"]}]},{\"@type\":\"ImageObject\",\"inLanguage\":\"fr-FR\",\"@id\":\"https:\\\/\\\/www.webdo.tn\\\/fr\\\/actualite\\\/national\\\/les-voyageurs-arrivant-en-tunisie-exemptes-de-test-pcr-et-de-passeport-vaccinal\\\/200082\\\/#primaryimage\",\"url\":\"https:\\\/\\\/www.webdo.tn\\\/fr\\\/wp-content\\\/uploads\\\/2022\\\/12\\\/5535e6c4e0f305d3408dbf412a535081.jpg\",\"contentUrl\":\"https:\\\/\\\/www.webdo.tn\\\/fr\\\/wp-content\\\/uploads\\\/2022\\\/12\\\/5535e6c4e0f305d3408dbf412a535081.jpg\",\"width\":750,\"height\":400,\"caption\":\"Les voyageurs arrivant en Tunisie exempt\u00e9s de test PCR et de passeport vaccinal\"},{\"@type\":\"BreadcrumbList\",\"@id\":\"https:\\\/\\\/www.webdo.tn\\\/fr\\\/actualite\\\/national\\\/les-voyageurs-arrivant-en-tunisie-exemptes-de-test-pcr-et-de-passeport-vaccinal\\\/200082\\\/#breadcrumb\",\"itemListElement\":[{\"@type\":\"ListItem\",\"position\":1,\"name\":\"Accueil\",\"item\":\"https:\\\/\\\/www.webdo.tn\\\/fr\\\/\"},{\"@type\":\"ListItem\",\"position\":2,\"name\":\"Les voyageurs arrivant en Tunisie exempt\u00e9s de test PCR et de passeport vaccinal\"}]},{\"@type\":\"WebSite\",\"@id\":\"https:\\\/\\\/www.webdo.tn\\\/fr\\\/#website\",\"url\":\"https:\\\/\\\/www.webdo.tn\\\/fr\\\/\",\"name\":\"webdo\",\"description\":\"Tunisie - News en Tunisie et \u00e0 l&#039;international sur Webdo.tn\",\"publisher\":{\"@id\":\"https:\\\/\\\/www.webdo.tn\\\/fr\\\/#organization\"},\"potentialAction\":[{\"@type\":\"SearchAction\",\"target\":{\"@type\":\"EntryPoint\",\"urlTemplate\":\"https:\\\/\\\/www.webdo.tn\\\/fr\\\/?s={search_term_string}\"},\"query-input\":{\"@type\":\"PropertyValueSpecification\",\"valueRequired\":true,\"valueName\":\"search_term_string\"}}],\"inLanguage\":\"fr-FR\"},{\"@type\":\"Organization\",\"@id\":\"https:\\\/\\\/www.webdo.tn\\\/fr\\\/#organization\",\"name\":\"Webdo\",\"alternateName\":\"Webdo.tn\",\"url\":\"https:\\\/\\\/www.webdo.tn\\\/fr\\\/\",\"logo\":{\"@type\":\"ImageObject\",\"inLanguage\":\"fr-FR\",\"@id\":\"https:\\\/\\\/www.webdo.tn\\\/fr\\\/#\\\/schema\\\/logo\\\/image\\\/\",\"url\":\"https:\\\/\\\/www.webdo.tn\\\/fr\\\/wp-content\\\/uploads\\\/2025\\\/06\\\/Webdo-Tunisie_168377.jpg\",\"contentUrl\":\"https:\\\/\\\/www.webdo.tn\\\/fr\\\/wp-content\\\/uploads\\\/2025\\\/06\\\/Webdo-Tunisie_168377.jpg\",\"width\":301,\"height\":301,\"caption\":\"Webdo\"},\"image\":{\"@id\":\"https:\\\/\\\/www.webdo.tn\\\/fr\\\/#\\\/schema\\\/logo\\\/image\\\/\"},\"sameAs\":[\"https:\\\/\\\/www.facebook.com\\\/webdotn\",\"https:\\\/\\\/x.com\\\/webdo_tn\"],\"description\":\"Webdo est un m\u00e9dia num\u00e9rique tunisien fond\u00e9 en 2010, sp\u00e9cialis\u00e9 dans l\u2019actualit\u00e9 nationale et internationale, l\u2019\u00e9conomie, la soci\u00e9t\u00e9 et les analyses politiques. Le site s\u2019adresse \u00e0 un large public francophone et couvre l\u2019information tunisienne en temps r\u00e9el.\",\"email\":\"redac@webdo.tn\",\"legalName\":\"YNJ SARL\",\"foundingDate\":\"2010-09-06\",\"numberOfEmployees\":{\"@type\":\"QuantitativeValue\",\"minValue\":\"11\",\"maxValue\":\"50\"}},{\"@type\":\"Person\",\"@id\":\"https:\\\/\\\/www.webdo.tn\\\/fr\\\/#\\\/schema\\\/person\\\/2c4929cbf5a809e3bd38617c6ce150f6\",\"name\":\"MC\",\"image\":{\"@type\":\"ImageObject\",\"inLanguage\":\"fr-FR\",\"@id\":\"https:\\\/\\\/secure.gravatar.com\\\/avatar\\\/a545bbb6f84efdd5553dbbc2895e3ca8f1d12c5215e00a041c9670b54aa9b18a?s=96&d=mm&r=g\",\"url\":\"https:\\\/\\\/secure.gravatar.com\\\/avatar\\\/a545bbb6f84efdd5553dbbc2895e3ca8f1d12c5215e00a041c9670b54aa9b18a?s=96&d=mm&r=g\",\"contentUrl\":\"https:\\\/\\\/secure.gravatar.com\\\/avatar\\\/a545bbb6f84efdd5553dbbc2895e3ca8f1d12c5215e00a041c9670b54aa9b18a?s=96&d=mm&r=g\",\"caption\":\"MC\"},\"url\":\"https:\\\/\\\/www.webdo.tn\\\/fr\\\/actualite\\\/author\\\/mc\\\/\"}]}<\/script>\n<!-- \/ Yoast SEO Premium plugin. -->","yoast_head_json":{"title":"Les voyageurs arrivant en Tunisie exempt\u00e9s de test PCR et de passeport vaccinal","description":"Les voyageurs arrivant en Tunisie sont d\u00e9sormais exempt\u00e9s de l'obligation de pr\u00e9senter un test PCR et le passeport vaccinal, annonce, ce jeudi 1er d\u00e9cembre, le...","canonical":"https:\/\/www.webdo.tn\/fr\/actualite\/national\/les-voyageurs-arrivant-en-tunisie-exemptes-de-test-pcr-et-de-passeport-vaccinal\/200082\/","og_locale":"fr_FR","og_type":"article","og_title":"Les voyageurs arrivant en Tunisie exempt\u00e9s de test PCR et de passeport vaccinal","og_description":"Les voyageurs arrivant en Tunisie sont d\u00e9sormais exempt\u00e9s de l'obligation de pr\u00e9senter un test PCR et le passeport vaccinal, annonce, ce jeudi 1er d\u00e9cembre, le...","og_url":"https:\/\/www.webdo.tn\/fr\/actualite\/national\/les-voyageurs-arrivant-en-tunisie-exemptes-de-test-pcr-et-de-passeport-vaccinal\/200082\/","og_site_name":"webdo","article_publisher":"https:\/\/www.facebook.com\/webdotn","article_published_time":"2022-12-01T14:54:00+00:00","article_modified_time":"2025-05-20T22:04:27+00:00","og_image":[{"width":750,"height":400,"url":"https:\/\/www.webdo.tn\/fr\/wp-content\/uploads\/2022\/12\/5535e6c4e0f305d3408dbf412a535081.jpg","type":"image\/jpeg"}],"author":"MC","twitter_card":"summary_large_image","twitter_creator":"@webdo_tn","twitter_site":"@webdo_tn","twitter_misc":{"\u00c9crit par":"MC","Dur\u00e9e de lecture estim\u00e9e":"1 minute"},"schema":{"@context":"https:\/\/schema.org","@graph":[{"@type":"NewsArticle","@id":"https:\/\/www.webdo.tn\/fr\/actualite\/national\/les-voyageurs-arrivant-en-tunisie-exemptes-de-test-pcr-et-de-passeport-vaccinal\/200082\/#article","isPartOf":{"@id":"https:\/\/www.webdo.tn\/fr\/actualite\/national\/les-voyageurs-arrivant-en-tunisie-exemptes-de-test-pcr-et-de-passeport-vaccinal\/200082\/"},"author":{"name":"MC","@id":"https:\/\/www.webdo.tn\/fr\/#\/schema\/person\/2c4929cbf5a809e3bd38617c6ce150f6"},"headline":"Les voyageurs arrivant en Tunisie exempt\u00e9s de test PCR et de passeport vaccinal","datePublished":"2022-12-01T14:54:00+00:00","dateModified":"2025-05-20T22:04:27+00:00","mainEntityOfPage":{"@id":"https:\/\/www.webdo.tn\/fr\/actualite\/national\/les-voyageurs-arrivant-en-tunisie-exemptes-de-test-pcr-et-de-passeport-vaccinal\/200082\/"},"wordCount":190,"commentCount":0,"publisher":{"@id":"https:\/\/www.webdo.tn\/fr\/#organization"},"image":{"@id":"https:\/\/www.webdo.tn\/fr\/actualite\/national\/les-voyageurs-arrivant-en-tunisie-exemptes-de-test-pcr-et-de-passeport-vaccinal\/200082\/#primaryimage"},"thumbnailUrl":"https:\/\/www.webdo.tn\/fr\/wp-content\/uploads\/2022\/12\/5535e6c4e0f305d3408dbf412a535081.jpg","keywords":["Coronavirus","Covid-19","test pcr"],"articleSection":["National"],"inLanguage":"fr-FR"},{"@type":"WebPage","@id":"https:\/\/www.webdo.tn\/fr\/actualite\/national\/les-voyageurs-arrivant-en-tunisie-exemptes-de-test-pcr-et-de-passeport-vaccinal\/200082\/","url":"https:\/\/www.webdo.tn\/fr\/actualite\/national\/les-voyageurs-arrivant-en-tunisie-exemptes-de-test-pcr-et-de-passeport-vaccinal\/200082\/","name":"Les voyageurs arrivant en Tunisie exempt\u00e9s de test PCR et de passeport vaccinal","isPartOf":{"@id":"https:\/\/www.webdo.tn\/fr\/#website"},"primaryImageOfPage":{"@id":"https:\/\/www.webdo.tn\/fr\/actualite\/national\/les-voyageurs-arrivant-en-tunisie-exemptes-de-test-pcr-et-de-passeport-vaccinal\/200082\/#primaryimage"},"image":{"@id":"https:\/\/www.webdo.tn\/fr\/actualite\/national\/les-voyageurs-arrivant-en-tunisie-exemptes-de-test-pcr-et-de-passeport-vaccinal\/200082\/#primaryimage"},"thumbnailUrl":"https:\/\/www.webdo.tn\/fr\/wp-content\/uploads\/2022\/12\/5535e6c4e0f305d3408dbf412a535081.jpg","datePublished":"2022-12-01T14:54:00+00:00","dateModified":"2025-05-20T22:04:27+00:00","description":"Les voyageurs arrivant en Tunisie sont d\u00e9sormais exempt\u00e9s de l'obligation de pr\u00e9senter un test PCR et le passeport vaccinal, annonce, ce jeudi 1er d\u00e9cembre, le...","breadcrumb":{"@id":"https:\/\/www.webdo.tn\/fr\/actualite\/national\/les-voyageurs-arrivant-en-tunisie-exemptes-de-test-pcr-et-de-passeport-vaccinal\/200082\/#breadcrumb"},"inLanguage":"fr-FR","potentialAction":[{"@type":"ReadAction","target":["https:\/\/www.webdo.tn\/fr\/actualite\/national\/les-voyageurs-arrivant-en-tunisie-exemptes-de-test-pcr-et-de-passeport-vaccinal\/200082\/"]}]},{"@type":"ImageObject","inLanguage":"fr-FR","@id":"https:\/\/www.webdo.tn\/fr\/actualite\/national\/les-voyageurs-arrivant-en-tunisie-exemptes-de-test-pcr-et-de-passeport-vaccinal\/200082\/#primaryimage","url":"https:\/\/www.webdo.tn\/fr\/wp-content\/uploads\/2022\/12\/5535e6c4e0f305d3408dbf412a535081.jpg","contentUrl":"https:\/\/www.webdo.tn\/fr\/wp-content\/uploads\/2022\/12\/5535e6c4e0f305d3408dbf412a535081.jpg","width":750,"height":400,"caption":"Les voyageurs arrivant en Tunisie exempt\u00e9s de test PCR et de passeport vaccinal"},{"@type":"BreadcrumbList","@id":"https:\/\/www.webdo.tn\/fr\/actualite\/national\/les-voyageurs-arrivant-en-tunisie-exemptes-de-test-pcr-et-de-passeport-vaccinal\/200082\/#breadcrumb","itemListElement":[{"@type":"ListItem","position":1,"name":"Accueil","item":"https:\/\/www.webdo.tn\/fr\/"},{"@type":"ListItem","position":2,"name":"Les voyageurs arrivant en Tunisie exempt\u00e9s de test PCR et de passeport vaccinal"}]},{"@type":"WebSite","@id":"https:\/\/www.webdo.tn\/fr\/#website","url":"https:\/\/www.webdo.tn\/fr\/","name":"webdo","description":"Tunisie - News en Tunisie et \u00e0 l&#039;international sur Webdo.tn","publisher":{"@id":"https:\/\/www.webdo.tn\/fr\/#organization"},"potentialAction":[{"@type":"SearchAction","target":{"@type":"EntryPoint","urlTemplate":"https:\/\/www.webdo.tn\/fr\/?s={search_term_string}"},"query-input":{"@type":"PropertyValueSpecification","valueRequired":true,"valueName":"search_term_string"}}],"inLanguage":"fr-FR"},{"@type":"Organization","@id":"https:\/\/www.webdo.tn\/fr\/#organization","name":"Webdo","alternateName":"Webdo.tn","url":"https:\/\/www.webdo.tn\/fr\/","logo":{"@type":"ImageObject","inLanguage":"fr-FR","@id":"https:\/\/www.webdo.tn\/fr\/#\/schema\/logo\/image\/","url":"https:\/\/www.webdo.tn\/fr\/wp-content\/uploads\/2025\/06\/Webdo-Tunisie_168377.jpg","contentUrl":"https:\/\/www.webdo.tn\/fr\/wp-content\/uploads\/2025\/06\/Webdo-Tunisie_168377.jpg","width":301,"height":301,"caption":"Webdo"},"image":{"@id":"https:\/\/www.webdo.tn\/fr\/#\/schema\/logo\/image\/"},"sameAs":["https:\/\/www.facebook.com\/webdotn","https:\/\/x.com\/webdo_tn"],"description":"Webdo est un m\u00e9dia num\u00e9rique tunisien fond\u00e9 en 2010, sp\u00e9cialis\u00e9 dans l\u2019actualit\u00e9 nationale et internationale, l\u2019\u00e9conomie, la soci\u00e9t\u00e9 et les analyses politiques. Le site s\u2019adresse \u00e0 un large public francophone et couvre l\u2019information tunisienne en temps r\u00e9el.","email":"redac@webdo.tn","legalName":"YNJ SARL","foundingDate":"2010-09-06","numberOfEmployees":{"@type":"QuantitativeValue","minValue":"11","maxValue":"50"}},{"@type":"Person","@id":"https:\/\/www.webdo.tn\/fr\/#\/schema\/person\/2c4929cbf5a809e3bd38617c6ce150f6","name":"MC","image":{"@type":"ImageObject","inLanguage":"fr-FR","@id":"https:\/\/secure.gravatar.com\/avatar\/a545bbb6f84efdd5553dbbc2895e3ca8f1d12c5215e00a041c9670b54aa9b18a?s=96&d=mm&r=g","url":"https:\/\/secure.gravatar.com\/avatar\/a545bbb6f84efdd5553dbbc2895e3ca8f1d12c5215e00a041c9670b54aa9b18a?s=96&d=mm&r=g","contentUrl":"https:\/\/secure.gravatar.com\/avatar\/a545bbb6f84efdd5553dbbc2895e3ca8f1d12c5215e00a041c9670b54aa9b18a?s=96&d=mm&r=g","caption":"MC"},"url":"https:\/\/www.webdo.tn\/fr\/actualite\/author\/mc\/"}]}},"_links":{"self":[{"href":"https:\/\/www.webdo.tn\/fr\/wp-json\/wp\/v2\/posts\/200082","targetHints":{"allow":["GET"]}}],"collection":[{"href":"https:\/\/www.webdo.tn\/fr\/wp-json\/wp\/v2\/posts"}],"about":[{"href":"https:\/\/www.webdo.tn\/fr\/wp-json\/wp\/v2\/types\/post"}],"author":[{"embeddable":true,"href":"https:\/\/www.webdo.tn\/fr\/wp-json\/wp\/v2\/users\/3162"}],"replies":[{"embeddable":true,"href":"https:\/\/www.webdo.tn\/fr\/wp-json\/wp\/v2\/comments?post=200082"}],"version-history":[{"count":0,"href":"https:\/\/www.webdo.tn\/fr\/wp-json\/wp\/v2\/posts\/200082\/revisions"}],"wp:featuredmedia":[{"embeddable":true,"href":"https:\/\/www.webdo.tn\/fr\/wp-json\/wp\/v2\/media\/253048"}],"wp:attachment":[{"href":"https:\/\/www.webdo.tn\/fr\/wp-json\/wp\/v2\/media?parent=200082"}],"wp:term":[{"taxonomy":"category","embeddable":true,"href":"https:\/\/www.webdo.tn\/fr\/wp-json\/wp\/v2\/categories?post=200082"},{"taxonomy":"post_tag","embeddable":true,"href":"https:\/\/www.webdo.tn\/fr\/wp-json\/wp\/v2\/tags?post=200082"}],"curies":[{"name":"wp","href":"https:\/\/api.w.org\/{rel}","templated":true}]}}