{"id":200072,"date":"2022-12-01T13:22:00","date_gmt":"2022-12-01T13:22:00","guid":{"rendered":"https:\/\/www.webdo.tn\/fr\/blog\/la-harissa-inscrite-par-l-unesco-au-patrimoine-immateriel-de-l-humanite\/200072\/"},"modified":"2025-05-20T22:04:25","modified_gmt":"2025-05-20T22:04:25","slug":"la-harissa-inscrite-par-l-unesco-au-patrimoine-immateriel-de-l-humanite","status":"publish","type":"post","link":"https:\/\/www.webdo.tn\/fr\/actualite\/national\/la-harissa-inscrite-par-l-unesco-au-patrimoine-immateriel-de-l-humanite\/200072\/","title":{"rendered":"La harissa inscrite par l&rsquo;Unesco au patrimoine immat\u00e9riel de l&rsquo;humanit\u00e9"},"content":{"rendered":"<p>La harissa a \u00e9t\u00e9 inscrite, ce jeudi 1er d\u00e9cembre 2022, par l&rsquo;Unesco au patrimoine immat\u00e9riel de l&rsquo;humanit\u00e9.<\/p>\n<p>\t\t\t\t\t\t\t\t\tR\u00e9uni \u00e0 Rabat, le Comit\u00e9 du patrimoine culturel immat\u00e9riel de l&rsquo;Unesco,\u00a0 qui honore avant tout des traditions \u00e0 sauvegarder, a annonc\u00e9 avoir inscrit \u00e0 sa liste de patrimoine immat\u00e9riel \u00ab\u00a0la harissa, savoirs, savoir-faire et pratiques culinaires et sociales\u00a0\u00bb, annonce Ghazi Gherairi, ancien ambassadeur repr\u00e9sentant de la Tunisie aupr\u00e8s de l\u2019Unesco.<\/p>\n<p>La harissa, utilis\u00e9e comme condiment, ingr\u00e9dient, ou m\u00eame un plat \u00e0 part enti\u00e8re, est per\u00e7ue en Tunisie comme un \u00e9l\u00e9ment identitaire du patrimoine culinaire national.<\/p>\n<p>\u0633\u0639\u064a\u062f \u0627\u0646 \u062a\u0631\u0633\u0645 #\u0627\u0644\u0647\u0631\u064a\u0633\u0629 &amp; \u0627\u0644\u0639\u0627\u062f\u0627\u062a \u0627\u0644\u0645\u062a\u0635\u0644\u0629 \u0628\u0647\u0627 \u0639\u0644\u0649 \u0642\u0627\u0626\u0645\u0629 #\u0627\u0644\u064a\u0648\u0646\u0633\u0643\u0648 \u0644\u0644\u062a\u0631\u0627\u062b \u0627\u0644\u0644\u0627\u0645\u0627\u062f\u064a \u062a\u062a\u0648\u064a\u062c\u0627 \u0644\u0644\u0645\u0644\u0641 \u0627\u0644\u0630\u064a \u0642\u062f\u0645\u062a\u0647 \u0628\u0627\u0633\u0645\ud83c\uddf9\ud83c\uddf3 \u0641\u064a \u0627\u0643\u062a\u0648\u0628\u06312020<br \/>\nFier de voir l\u2019#Harissa inscrite au #patrimoine_immat\u00e9riel de l\u2019#UNESCO couronnant ainsi le dossier\ud83c\uddf9\ud83c\uddf3 soumis en octobre 2020#\u0644\u062a\u0631\u0627\u062b\u0646\u0627_\u0645\u0639\u0646\u0649#\u0634\u0639\u0628_\u0627\u0644\u0647\u0631\u064a\u0633\u0629 \ud83c\udf36 pic.twitter.com\/wa59mpkwih<br \/>\n\u2014 Ghazi GHERAIRI (@GHAZIGHERAIRI) December 1, 2022<\/p>\n","protected":false},"excerpt":{"rendered":"<p>La harissa a \u00e9t\u00e9 inscrite, ce jeudi 1er d\u00e9cembre 2022, par l&rsquo;Unesco au patrimoine immat\u00e9riel de l&rsquo;humanit\u00e9.<\/p>\n","protected":false},"author":3162,"featured_media":253041,"comment_status":"open","ping_status":"closed","sticky":false,"template":"","format":"standard","meta":{"footnotes":""},"categories":[44],"tags":[3281,8973,4946],"class_list":["post-200072","post","type-post","status-publish","format-standard","has-post-thumbnail","hentry","category-national","tag-harissa","tag-patrimoine-immateriel","tag-unesco"],"yoast_head":"<!-- This site is optimized with the Yoast SEO Premium plugin v27.5 (Yoast SEO v27.5) - https:\/\/yoast.com\/product\/yoast-seo-premium-wordpress\/ -->\n<title>La harissa inscrite par l&#039;Unesco au patrimoine immat\u00e9riel de l&#039;humanit\u00e9<\/title>\n<meta name=\"description\" content=\"La harissa a \u00e9t\u00e9 inscrite, ce jeudi 1er d\u00e9cembre 2022, par l&#039;Unesco au patrimoine immat\u00e9riel de l&#039;humanit\u00e9.\" \/>\n<link rel=\"canonical\" href=\"https:\/\/www.webdo.tn\/fr\/actualite\/national\/la-harissa-inscrite-par-l-unesco-au-patrimoine-immateriel-de-l-humanite\/200072\/\" \/>\n<meta property=\"og:locale\" content=\"fr_FR\" \/>\n<meta property=\"og:type\" content=\"article\" \/>\n<meta property=\"og:title\" content=\"La harissa inscrite par l&#039;Unesco au patrimoine immat\u00e9riel de l&#039;humanit\u00e9\" \/>\n<meta property=\"og:description\" content=\"La harissa a \u00e9t\u00e9 inscrite, ce jeudi 1er d\u00e9cembre 2022, par l&#039;Unesco au patrimoine immat\u00e9riel de l&#039;humanit\u00e9.\" \/>\n<meta property=\"og:url\" content=\"https:\/\/www.webdo.tn\/fr\/actualite\/national\/la-harissa-inscrite-par-l-unesco-au-patrimoine-immateriel-de-l-humanite\/200072\/\" \/>\n<meta property=\"og:site_name\" content=\"webdo\" \/>\n<meta property=\"article:publisher\" content=\"https:\/\/www.facebook.com\/webdotn\" \/>\n<meta property=\"article:published_time\" content=\"2022-12-01T13:22:00+00:00\" \/>\n<meta property=\"article:modified_time\" content=\"2025-05-20T22:04:25+00:00\" \/>\n<meta property=\"og:image\" content=\"https:\/\/www.webdo.tn\/fr\/wp-content\/uploads\/2022\/12\/62a70efb6a2b4c79cca4c63abc2a8a22.jpg\" \/>\n\t<meta property=\"og:image:width\" content=\"750\" \/>\n\t<meta property=\"og:image:height\" content=\"400\" \/>\n\t<meta property=\"og:image:type\" content=\"image\/jpeg\" \/>\n<meta name=\"author\" content=\"MC\" \/>\n<meta name=\"twitter:card\" content=\"summary_large_image\" \/>\n<meta name=\"twitter:creator\" content=\"@webdo_tn\" \/>\n<meta name=\"twitter:site\" content=\"@webdo_tn\" \/>\n<meta name=\"twitter:label1\" content=\"\u00c9crit par\" \/>\n\t<meta name=\"twitter:data1\" content=\"MC\" \/>\n\t<meta name=\"twitter:label2\" content=\"Dur\u00e9e de lecture estim\u00e9e\" \/>\n\t<meta name=\"twitter:data2\" content=\"1 minute\" \/>\n<script type=\"application\/ld+json\" class=\"yoast-schema-graph\">{\"@context\":\"https:\\\/\\\/schema.org\",\"@graph\":[{\"@type\":\"NewsArticle\",\"@id\":\"https:\\\/\\\/www.webdo.tn\\\/fr\\\/actualite\\\/national\\\/la-harissa-inscrite-par-l-unesco-au-patrimoine-immateriel-de-l-humanite\\\/200072\\\/#article\",\"isPartOf\":{\"@id\":\"https:\\\/\\\/www.webdo.tn\\\/fr\\\/actualite\\\/national\\\/la-harissa-inscrite-par-l-unesco-au-patrimoine-immateriel-de-l-humanite\\\/200072\\\/\"},\"author\":{\"name\":\"MC\",\"@id\":\"https:\\\/\\\/www.webdo.tn\\\/fr\\\/#\\\/schema\\\/person\\\/2c4929cbf5a809e3bd38617c6ce150f6\"},\"headline\":\"La harissa inscrite par l&rsquo;Unesco au patrimoine immat\u00e9riel de l&rsquo;humanit\u00e9\",\"datePublished\":\"2022-12-01T13:22:00+00:00\",\"dateModified\":\"2025-05-20T22:04:25+00:00\",\"mainEntityOfPage\":{\"@id\":\"https:\\\/\\\/www.webdo.tn\\\/fr\\\/actualite\\\/national\\\/la-harissa-inscrite-par-l-unesco-au-patrimoine-immateriel-de-l-humanite\\\/200072\\\/\"},\"wordCount\":147,\"commentCount\":0,\"publisher\":{\"@id\":\"https:\\\/\\\/www.webdo.tn\\\/fr\\\/#organization\"},\"image\":{\"@id\":\"https:\\\/\\\/www.webdo.tn\\\/fr\\\/actualite\\\/national\\\/la-harissa-inscrite-par-l-unesco-au-patrimoine-immateriel-de-l-humanite\\\/200072\\\/#primaryimage\"},\"thumbnailUrl\":\"https:\\\/\\\/www.webdo.tn\\\/fr\\\/wp-content\\\/uploads\\\/2022\\\/12\\\/62a70efb6a2b4c79cca4c63abc2a8a22.jpg\",\"keywords\":[\"harissa\",\"patrimoine immat\u00e9riel\",\"unesco\"],\"articleSection\":[\"National\"],\"inLanguage\":\"fr-FR\"},{\"@type\":\"WebPage\",\"@id\":\"https:\\\/\\\/www.webdo.tn\\\/fr\\\/actualite\\\/national\\\/la-harissa-inscrite-par-l-unesco-au-patrimoine-immateriel-de-l-humanite\\\/200072\\\/\",\"url\":\"https:\\\/\\\/www.webdo.tn\\\/fr\\\/actualite\\\/national\\\/la-harissa-inscrite-par-l-unesco-au-patrimoine-immateriel-de-l-humanite\\\/200072\\\/\",\"name\":\"La harissa inscrite par l'Unesco au patrimoine immat\u00e9riel de l'humanit\u00e9\",\"isPartOf\":{\"@id\":\"https:\\\/\\\/www.webdo.tn\\\/fr\\\/#website\"},\"primaryImageOfPage\":{\"@id\":\"https:\\\/\\\/www.webdo.tn\\\/fr\\\/actualite\\\/national\\\/la-harissa-inscrite-par-l-unesco-au-patrimoine-immateriel-de-l-humanite\\\/200072\\\/#primaryimage\"},\"image\":{\"@id\":\"https:\\\/\\\/www.webdo.tn\\\/fr\\\/actualite\\\/national\\\/la-harissa-inscrite-par-l-unesco-au-patrimoine-immateriel-de-l-humanite\\\/200072\\\/#primaryimage\"},\"thumbnailUrl\":\"https:\\\/\\\/www.webdo.tn\\\/fr\\\/wp-content\\\/uploads\\\/2022\\\/12\\\/62a70efb6a2b4c79cca4c63abc2a8a22.jpg\",\"datePublished\":\"2022-12-01T13:22:00+00:00\",\"dateModified\":\"2025-05-20T22:04:25+00:00\",\"description\":\"La harissa a \u00e9t\u00e9 inscrite, ce jeudi 1er d\u00e9cembre 2022, par l'Unesco au patrimoine immat\u00e9riel de l'humanit\u00e9.\",\"breadcrumb\":{\"@id\":\"https:\\\/\\\/www.webdo.tn\\\/fr\\\/actualite\\\/national\\\/la-harissa-inscrite-par-l-unesco-au-patrimoine-immateriel-de-l-humanite\\\/200072\\\/#breadcrumb\"},\"inLanguage\":\"fr-FR\",\"potentialAction\":[{\"@type\":\"ReadAction\",\"target\":[\"https:\\\/\\\/www.webdo.tn\\\/fr\\\/actualite\\\/national\\\/la-harissa-inscrite-par-l-unesco-au-patrimoine-immateriel-de-l-humanite\\\/200072\\\/\"]}]},{\"@type\":\"ImageObject\",\"inLanguage\":\"fr-FR\",\"@id\":\"https:\\\/\\\/www.webdo.tn\\\/fr\\\/actualite\\\/national\\\/la-harissa-inscrite-par-l-unesco-au-patrimoine-immateriel-de-l-humanite\\\/200072\\\/#primaryimage\",\"url\":\"https:\\\/\\\/www.webdo.tn\\\/fr\\\/wp-content\\\/uploads\\\/2022\\\/12\\\/62a70efb6a2b4c79cca4c63abc2a8a22.jpg\",\"contentUrl\":\"https:\\\/\\\/www.webdo.tn\\\/fr\\\/wp-content\\\/uploads\\\/2022\\\/12\\\/62a70efb6a2b4c79cca4c63abc2a8a22.jpg\",\"width\":750,\"height\":400,\"caption\":\"La harissa inscrite par l'Unesco au patrimoine immat\u00e9riel de l'humanit\u00e9\"},{\"@type\":\"BreadcrumbList\",\"@id\":\"https:\\\/\\\/www.webdo.tn\\\/fr\\\/actualite\\\/national\\\/la-harissa-inscrite-par-l-unesco-au-patrimoine-immateriel-de-l-humanite\\\/200072\\\/#breadcrumb\",\"itemListElement\":[{\"@type\":\"ListItem\",\"position\":1,\"name\":\"Accueil\",\"item\":\"https:\\\/\\\/www.webdo.tn\\\/fr\\\/\"},{\"@type\":\"ListItem\",\"position\":2,\"name\":\"La harissa inscrite par l&#8217;Unesco au patrimoine immat\u00e9riel de l&#8217;humanit\u00e9\"}]},{\"@type\":\"WebSite\",\"@id\":\"https:\\\/\\\/www.webdo.tn\\\/fr\\\/#website\",\"url\":\"https:\\\/\\\/www.webdo.tn\\\/fr\\\/\",\"name\":\"webdo\",\"description\":\"Tunisie - News en Tunisie et \u00e0 l&#039;international sur Webdo.tn\",\"publisher\":{\"@id\":\"https:\\\/\\\/www.webdo.tn\\\/fr\\\/#organization\"},\"potentialAction\":[{\"@type\":\"SearchAction\",\"target\":{\"@type\":\"EntryPoint\",\"urlTemplate\":\"https:\\\/\\\/www.webdo.tn\\\/fr\\\/?s={search_term_string}\"},\"query-input\":{\"@type\":\"PropertyValueSpecification\",\"valueRequired\":true,\"valueName\":\"search_term_string\"}}],\"inLanguage\":\"fr-FR\"},{\"@type\":\"Organization\",\"@id\":\"https:\\\/\\\/www.webdo.tn\\\/fr\\\/#organization\",\"name\":\"Webdo\",\"alternateName\":\"Webdo.tn\",\"url\":\"https:\\\/\\\/www.webdo.tn\\\/fr\\\/\",\"logo\":{\"@type\":\"ImageObject\",\"inLanguage\":\"fr-FR\",\"@id\":\"https:\\\/\\\/www.webdo.tn\\\/fr\\\/#\\\/schema\\\/logo\\\/image\\\/\",\"url\":\"https:\\\/\\\/www.webdo.tn\\\/fr\\\/wp-content\\\/uploads\\\/2025\\\/06\\\/Webdo-Tunisie_168377.jpg\",\"contentUrl\":\"https:\\\/\\\/www.webdo.tn\\\/fr\\\/wp-content\\\/uploads\\\/2025\\\/06\\\/Webdo-Tunisie_168377.jpg\",\"width\":301,\"height\":301,\"caption\":\"Webdo\"},\"image\":{\"@id\":\"https:\\\/\\\/www.webdo.tn\\\/fr\\\/#\\\/schema\\\/logo\\\/image\\\/\"},\"sameAs\":[\"https:\\\/\\\/www.facebook.com\\\/webdotn\",\"https:\\\/\\\/x.com\\\/webdo_tn\"],\"description\":\"Webdo est un m\u00e9dia num\u00e9rique tunisien fond\u00e9 en 2010, sp\u00e9cialis\u00e9 dans l\u2019actualit\u00e9 nationale et internationale, l\u2019\u00e9conomie, la soci\u00e9t\u00e9 et les analyses politiques. Le site s\u2019adresse \u00e0 un large public francophone et couvre l\u2019information tunisienne en temps r\u00e9el.\",\"email\":\"redac@webdo.tn\",\"legalName\":\"YNJ SARL\",\"foundingDate\":\"2010-09-06\",\"numberOfEmployees\":{\"@type\":\"QuantitativeValue\",\"minValue\":\"11\",\"maxValue\":\"50\"}},{\"@type\":\"Person\",\"@id\":\"https:\\\/\\\/www.webdo.tn\\\/fr\\\/#\\\/schema\\\/person\\\/2c4929cbf5a809e3bd38617c6ce150f6\",\"name\":\"MC\",\"image\":{\"@type\":\"ImageObject\",\"inLanguage\":\"fr-FR\",\"@id\":\"https:\\\/\\\/secure.gravatar.com\\\/avatar\\\/a545bbb6f84efdd5553dbbc2895e3ca8f1d12c5215e00a041c9670b54aa9b18a?s=96&d=mm&r=g\",\"url\":\"https:\\\/\\\/secure.gravatar.com\\\/avatar\\\/a545bbb6f84efdd5553dbbc2895e3ca8f1d12c5215e00a041c9670b54aa9b18a?s=96&d=mm&r=g\",\"contentUrl\":\"https:\\\/\\\/secure.gravatar.com\\\/avatar\\\/a545bbb6f84efdd5553dbbc2895e3ca8f1d12c5215e00a041c9670b54aa9b18a?s=96&d=mm&r=g\",\"caption\":\"MC\"},\"url\":\"https:\\\/\\\/www.webdo.tn\\\/fr\\\/actualite\\\/author\\\/mc\\\/\"}]}<\/script>\n<!-- \/ Yoast SEO Premium plugin. -->","yoast_head_json":{"title":"La harissa inscrite par l'Unesco au patrimoine immat\u00e9riel de l'humanit\u00e9","description":"La harissa a \u00e9t\u00e9 inscrite, ce jeudi 1er d\u00e9cembre 2022, par l'Unesco au patrimoine immat\u00e9riel de l'humanit\u00e9.","canonical":"https:\/\/www.webdo.tn\/fr\/actualite\/national\/la-harissa-inscrite-par-l-unesco-au-patrimoine-immateriel-de-l-humanite\/200072\/","og_locale":"fr_FR","og_type":"article","og_title":"La harissa inscrite par l'Unesco au patrimoine immat\u00e9riel de l'humanit\u00e9","og_description":"La harissa a \u00e9t\u00e9 inscrite, ce jeudi 1er d\u00e9cembre 2022, par l'Unesco au patrimoine immat\u00e9riel de l'humanit\u00e9.","og_url":"https:\/\/www.webdo.tn\/fr\/actualite\/national\/la-harissa-inscrite-par-l-unesco-au-patrimoine-immateriel-de-l-humanite\/200072\/","og_site_name":"webdo","article_publisher":"https:\/\/www.facebook.com\/webdotn","article_published_time":"2022-12-01T13:22:00+00:00","article_modified_time":"2025-05-20T22:04:25+00:00","og_image":[{"width":750,"height":400,"url":"https:\/\/www.webdo.tn\/fr\/wp-content\/uploads\/2022\/12\/62a70efb6a2b4c79cca4c63abc2a8a22.jpg","type":"image\/jpeg"}],"author":"MC","twitter_card":"summary_large_image","twitter_creator":"@webdo_tn","twitter_site":"@webdo_tn","twitter_misc":{"\u00c9crit par":"MC","Dur\u00e9e de lecture estim\u00e9e":"1 minute"},"schema":{"@context":"https:\/\/schema.org","@graph":[{"@type":"NewsArticle","@id":"https:\/\/www.webdo.tn\/fr\/actualite\/national\/la-harissa-inscrite-par-l-unesco-au-patrimoine-immateriel-de-l-humanite\/200072\/#article","isPartOf":{"@id":"https:\/\/www.webdo.tn\/fr\/actualite\/national\/la-harissa-inscrite-par-l-unesco-au-patrimoine-immateriel-de-l-humanite\/200072\/"},"author":{"name":"MC","@id":"https:\/\/www.webdo.tn\/fr\/#\/schema\/person\/2c4929cbf5a809e3bd38617c6ce150f6"},"headline":"La harissa inscrite par l&rsquo;Unesco au patrimoine immat\u00e9riel de l&rsquo;humanit\u00e9","datePublished":"2022-12-01T13:22:00+00:00","dateModified":"2025-05-20T22:04:25+00:00","mainEntityOfPage":{"@id":"https:\/\/www.webdo.tn\/fr\/actualite\/national\/la-harissa-inscrite-par-l-unesco-au-patrimoine-immateriel-de-l-humanite\/200072\/"},"wordCount":147,"commentCount":0,"publisher":{"@id":"https:\/\/www.webdo.tn\/fr\/#organization"},"image":{"@id":"https:\/\/www.webdo.tn\/fr\/actualite\/national\/la-harissa-inscrite-par-l-unesco-au-patrimoine-immateriel-de-l-humanite\/200072\/#primaryimage"},"thumbnailUrl":"https:\/\/www.webdo.tn\/fr\/wp-content\/uploads\/2022\/12\/62a70efb6a2b4c79cca4c63abc2a8a22.jpg","keywords":["harissa","patrimoine immat\u00e9riel","unesco"],"articleSection":["National"],"inLanguage":"fr-FR"},{"@type":"WebPage","@id":"https:\/\/www.webdo.tn\/fr\/actualite\/national\/la-harissa-inscrite-par-l-unesco-au-patrimoine-immateriel-de-l-humanite\/200072\/","url":"https:\/\/www.webdo.tn\/fr\/actualite\/national\/la-harissa-inscrite-par-l-unesco-au-patrimoine-immateriel-de-l-humanite\/200072\/","name":"La harissa inscrite par l'Unesco au patrimoine immat\u00e9riel de l'humanit\u00e9","isPartOf":{"@id":"https:\/\/www.webdo.tn\/fr\/#website"},"primaryImageOfPage":{"@id":"https:\/\/www.webdo.tn\/fr\/actualite\/national\/la-harissa-inscrite-par-l-unesco-au-patrimoine-immateriel-de-l-humanite\/200072\/#primaryimage"},"image":{"@id":"https:\/\/www.webdo.tn\/fr\/actualite\/national\/la-harissa-inscrite-par-l-unesco-au-patrimoine-immateriel-de-l-humanite\/200072\/#primaryimage"},"thumbnailUrl":"https:\/\/www.webdo.tn\/fr\/wp-content\/uploads\/2022\/12\/62a70efb6a2b4c79cca4c63abc2a8a22.jpg","datePublished":"2022-12-01T13:22:00+00:00","dateModified":"2025-05-20T22:04:25+00:00","description":"La harissa a \u00e9t\u00e9 inscrite, ce jeudi 1er d\u00e9cembre 2022, par l'Unesco au patrimoine immat\u00e9riel de l'humanit\u00e9.","breadcrumb":{"@id":"https:\/\/www.webdo.tn\/fr\/actualite\/national\/la-harissa-inscrite-par-l-unesco-au-patrimoine-immateriel-de-l-humanite\/200072\/#breadcrumb"},"inLanguage":"fr-FR","potentialAction":[{"@type":"ReadAction","target":["https:\/\/www.webdo.tn\/fr\/actualite\/national\/la-harissa-inscrite-par-l-unesco-au-patrimoine-immateriel-de-l-humanite\/200072\/"]}]},{"@type":"ImageObject","inLanguage":"fr-FR","@id":"https:\/\/www.webdo.tn\/fr\/actualite\/national\/la-harissa-inscrite-par-l-unesco-au-patrimoine-immateriel-de-l-humanite\/200072\/#primaryimage","url":"https:\/\/www.webdo.tn\/fr\/wp-content\/uploads\/2022\/12\/62a70efb6a2b4c79cca4c63abc2a8a22.jpg","contentUrl":"https:\/\/www.webdo.tn\/fr\/wp-content\/uploads\/2022\/12\/62a70efb6a2b4c79cca4c63abc2a8a22.jpg","width":750,"height":400,"caption":"La harissa inscrite par l'Unesco au patrimoine immat\u00e9riel de l'humanit\u00e9"},{"@type":"BreadcrumbList","@id":"https:\/\/www.webdo.tn\/fr\/actualite\/national\/la-harissa-inscrite-par-l-unesco-au-patrimoine-immateriel-de-l-humanite\/200072\/#breadcrumb","itemListElement":[{"@type":"ListItem","position":1,"name":"Accueil","item":"https:\/\/www.webdo.tn\/fr\/"},{"@type":"ListItem","position":2,"name":"La harissa inscrite par l&#8217;Unesco au patrimoine immat\u00e9riel de l&#8217;humanit\u00e9"}]},{"@type":"WebSite","@id":"https:\/\/www.webdo.tn\/fr\/#website","url":"https:\/\/www.webdo.tn\/fr\/","name":"webdo","description":"Tunisie - News en Tunisie et \u00e0 l&#039;international sur Webdo.tn","publisher":{"@id":"https:\/\/www.webdo.tn\/fr\/#organization"},"potentialAction":[{"@type":"SearchAction","target":{"@type":"EntryPoint","urlTemplate":"https:\/\/www.webdo.tn\/fr\/?s={search_term_string}"},"query-input":{"@type":"PropertyValueSpecification","valueRequired":true,"valueName":"search_term_string"}}],"inLanguage":"fr-FR"},{"@type":"Organization","@id":"https:\/\/www.webdo.tn\/fr\/#organization","name":"Webdo","alternateName":"Webdo.tn","url":"https:\/\/www.webdo.tn\/fr\/","logo":{"@type":"ImageObject","inLanguage":"fr-FR","@id":"https:\/\/www.webdo.tn\/fr\/#\/schema\/logo\/image\/","url":"https:\/\/www.webdo.tn\/fr\/wp-content\/uploads\/2025\/06\/Webdo-Tunisie_168377.jpg","contentUrl":"https:\/\/www.webdo.tn\/fr\/wp-content\/uploads\/2025\/06\/Webdo-Tunisie_168377.jpg","width":301,"height":301,"caption":"Webdo"},"image":{"@id":"https:\/\/www.webdo.tn\/fr\/#\/schema\/logo\/image\/"},"sameAs":["https:\/\/www.facebook.com\/webdotn","https:\/\/x.com\/webdo_tn"],"description":"Webdo est un m\u00e9dia num\u00e9rique tunisien fond\u00e9 en 2010, sp\u00e9cialis\u00e9 dans l\u2019actualit\u00e9 nationale et internationale, l\u2019\u00e9conomie, la soci\u00e9t\u00e9 et les analyses politiques. Le site s\u2019adresse \u00e0 un large public francophone et couvre l\u2019information tunisienne en temps r\u00e9el.","email":"redac@webdo.tn","legalName":"YNJ SARL","foundingDate":"2010-09-06","numberOfEmployees":{"@type":"QuantitativeValue","minValue":"11","maxValue":"50"}},{"@type":"Person","@id":"https:\/\/www.webdo.tn\/fr\/#\/schema\/person\/2c4929cbf5a809e3bd38617c6ce150f6","name":"MC","image":{"@type":"ImageObject","inLanguage":"fr-FR","@id":"https:\/\/secure.gravatar.com\/avatar\/a545bbb6f84efdd5553dbbc2895e3ca8f1d12c5215e00a041c9670b54aa9b18a?s=96&d=mm&r=g","url":"https:\/\/secure.gravatar.com\/avatar\/a545bbb6f84efdd5553dbbc2895e3ca8f1d12c5215e00a041c9670b54aa9b18a?s=96&d=mm&r=g","contentUrl":"https:\/\/secure.gravatar.com\/avatar\/a545bbb6f84efdd5553dbbc2895e3ca8f1d12c5215e00a041c9670b54aa9b18a?s=96&d=mm&r=g","caption":"MC"},"url":"https:\/\/www.webdo.tn\/fr\/actualite\/author\/mc\/"}]}},"_links":{"self":[{"href":"https:\/\/www.webdo.tn\/fr\/wp-json\/wp\/v2\/posts\/200072","targetHints":{"allow":["GET"]}}],"collection":[{"href":"https:\/\/www.webdo.tn\/fr\/wp-json\/wp\/v2\/posts"}],"about":[{"href":"https:\/\/www.webdo.tn\/fr\/wp-json\/wp\/v2\/types\/post"}],"author":[{"embeddable":true,"href":"https:\/\/www.webdo.tn\/fr\/wp-json\/wp\/v2\/users\/3162"}],"replies":[{"embeddable":true,"href":"https:\/\/www.webdo.tn\/fr\/wp-json\/wp\/v2\/comments?post=200072"}],"version-history":[{"count":0,"href":"https:\/\/www.webdo.tn\/fr\/wp-json\/wp\/v2\/posts\/200072\/revisions"}],"wp:featuredmedia":[{"embeddable":true,"href":"https:\/\/www.webdo.tn\/fr\/wp-json\/wp\/v2\/media\/253041"}],"wp:attachment":[{"href":"https:\/\/www.webdo.tn\/fr\/wp-json\/wp\/v2\/media?parent=200072"}],"wp:term":[{"taxonomy":"category","embeddable":true,"href":"https:\/\/www.webdo.tn\/fr\/wp-json\/wp\/v2\/categories?post=200072"},{"taxonomy":"post_tag","embeddable":true,"href":"https:\/\/www.webdo.tn\/fr\/wp-json\/wp\/v2\/tags?post=200072"}],"curies":[{"name":"wp","href":"https:\/\/api.w.org\/{rel}","templated":true}]}}