{"id":200067,"date":"2022-12-01T12:04:00","date_gmt":"2022-12-01T12:04:00","guid":{"rendered":"https:\/\/www.webdo.tn\/fr\/blog\/fitch-ratings-releve-la-note-de-defaut-emetteur-a-long-terme-en-devises-de-la-tunisie-de-ccc-a-ccc\/200067\/"},"modified":"2025-05-20T22:04:26","modified_gmt":"2025-05-20T22:04:26","slug":"fitch-ratings-releve-la-note-de-defaut-emetteur-a-long-terme-en-devises-de-la-tunisie-de-ccc-a-ccc","status":"publish","type":"post","link":"https:\/\/www.webdo.tn\/fr\/actualite\/national\/fitch-ratings-releve-la-note-de-defaut-emetteur-a-long-terme-en-devises-de-la-tunisie-de-ccc-a-ccc\/200067\/","title":{"rendered":"Fitch Ratings rel\u00e8ve la note de d\u00e9faut \u00e9metteur \u00e0 long terme en devises de la Tunisie de &lsquo;CCC&rsquo; \u00e0 &lsquo;CCC&rsquo;+"},"content":{"rendered":"<p>L&rsquo;agence de notation Fitch Ratings a annonc\u00e9, ce jeudi 1er d\u00e9cembre 2022, avoir relev\u00e9 la notation par d\u00e9faut des \u00e9metteurs en devises \u00e0 long terme (IDR) de la Tunisie \u00e0 &lsquo;CCC&rsquo;+ au lieu de &lsquo;CCC&rsquo;.<\/p>\n<p>\t\t\t\t\t\t\t\t\tElle annonce aussi qu&rsquo;elle retire les notes \u00e0 long terme de la Tunisie de la cat\u00e9gorie Under Criteria Observation (UCO). Selon Fitch Ratings, la note de la Tunisie a \u00e9t\u00e9 relev\u00e9e \u00e0 la suite de la conclusion de l\u2019accord avec le Fonds Mon\u00e9taire International.<\/p>\n<p>Ce rel\u00e8vement de la note \u00e0 \u00ab\u00a0CCC+\u00a0\u00bb refl\u00e8te, selon un communiqu\u00e9 de Fitch Ratings, son opinion \u00ab\u00a0selon laquelle l&rsquo;accord conclu avec le FMI au niveau des services du FMI pour un nouveau m\u00e9canisme \u00e9largi de cr\u00e9dit (MEDC) de 48 mois d&rsquo;un montant de 1,9 milliard de dollars permettra de d\u00e9bloquer des montants importants de financement officiel des cr\u00e9anciers et de soutenir la consolidation budg\u00e9taire, malgr\u00e9 l&rsquo;incertitude quant \u00e0 l&rsquo;adh\u00e9sion continue au programme\u00a0\u00bb.<\/p>\n<p>\u00ab\u00a0Le programme du FMI vise \u00e0 rem\u00e9dier aux principales faiblesses structurelles de la Tunisie (par la mobilisation des recettes, le contr\u00f4le de la masse salariale publique, les subventions et les r\u00e9formes des entreprises du secteur public (EOS) et ne n\u00e9cessitera pas de restructuration de la dette\u00a0\u00bb, ajoute la m\u00eame source.<\/p>\n<p>L&rsquo;approbation du programme par le conseil d&rsquo;administration du FMI et les indications d&rsquo;une forte conformit\u00e9 pourraient soutenir davantage le profil de cr\u00e9dit de la Tunisie, estime Fitch Ratings.<\/p>\n<p>Les besoins de financement du gouvernement sont probablement couverts, selon FR qui pr\u00e9voit que les besoins de financement du gouvernement atteindront 16,4% du PIB et 16,8% du PIB en 2022 et 2023, respectivement, pouss\u00e9s \u00e0 la hausse par les importantes d\u00e9penses suppl\u00e9mentaires pour absorber le choc de la guerre en Ukraine et les \u00e9ch\u00e9ances de la dette ext\u00e9rieure de 1,4 milliard de dollars et 2,0 milliards de dollars, respectivement.<\/p>\n<p>Selon FR, des n\u00e9gociations sont actuellement en stade finale entre les autorit\u00e9s tunisiennes et l&rsquo;Arabie saoudite, Abu Dhabi et Afreximbank pour un financement d&rsquo;environ 1,3 milliard USD, qui avec la premi\u00e8re tranche du FMI, comblerait le d\u00e9ficit de financement pour 2022.<\/p>\n","protected":false},"excerpt":{"rendered":"<p>L&rsquo;agence de notation Fitch Ratings a annonc\u00e9, ce jeudi 1er d\u00e9cembre 2022, avoir relev\u00e9 la notation par d\u00e9faut des \u00e9metteurs en devises \u00e0 long terme (IDR) de la&#8230;<\/p>\n","protected":false},"author":3162,"featured_media":253042,"comment_status":"open","ping_status":"closed","sticky":false,"template":"","format":"standard","meta":{"footnotes":""},"categories":[44],"tags":[5702,2608],"class_list":["post-200067","post","type-post","status-publish","format-standard","has-post-thumbnail","hentry","category-national","tag-fitch-ratings","tag-tunisie"],"yoast_head":"<!-- This site is optimized with the Yoast SEO Premium plugin v27.5 (Yoast SEO v27.5) - https:\/\/yoast.com\/product\/yoast-seo-premium-wordpress\/ -->\n<title>Fitch Ratings rel\u00e8ve la note de d\u00e9faut \u00e9metteur \u00e0 long terme en devises de la Tunisie de &#039;CCC&#039; \u00e0 &#039;CCC&#039;+<\/title>\n<meta name=\"description\" content=\"L&#039;agence de notation Fitch Ratings a annonc\u00e9, ce jeudi 1er d\u00e9cembre 2022, avoir relev\u00e9 la notation par d\u00e9faut des \u00e9metteurs en devises \u00e0 long terme (IDR) de la...\" \/>\n<link rel=\"canonical\" href=\"https:\/\/www.webdo.tn\/fr\/actualite\/national\/fitch-ratings-releve-la-note-de-defaut-emetteur-a-long-terme-en-devises-de-la-tunisie-de-ccc-a-ccc\/200067\/\" \/>\n<meta property=\"og:locale\" content=\"fr_FR\" \/>\n<meta property=\"og:type\" content=\"article\" \/>\n<meta property=\"og:title\" content=\"Fitch Ratings rel\u00e8ve la note de d\u00e9faut \u00e9metteur \u00e0 long terme en devises de la Tunisie de &#039;CCC&#039; \u00e0 &#039;CCC&#039;+\" \/>\n<meta property=\"og:description\" content=\"L&#039;agence de notation Fitch Ratings a annonc\u00e9, ce jeudi 1er d\u00e9cembre 2022, avoir relev\u00e9 la notation par d\u00e9faut des \u00e9metteurs en devises \u00e0 long terme (IDR) de la...\" \/>\n<meta property=\"og:url\" content=\"https:\/\/www.webdo.tn\/fr\/actualite\/national\/fitch-ratings-releve-la-note-de-defaut-emetteur-a-long-terme-en-devises-de-la-tunisie-de-ccc-a-ccc\/200067\/\" \/>\n<meta property=\"og:site_name\" content=\"webdo\" \/>\n<meta property=\"article:publisher\" content=\"https:\/\/www.facebook.com\/webdotn\" \/>\n<meta property=\"article:published_time\" content=\"2022-12-01T12:04:00+00:00\" \/>\n<meta property=\"article:modified_time\" content=\"2025-05-20T22:04:26+00:00\" \/>\n<meta property=\"og:image\" content=\"https:\/\/www.webdo.tn\/fr\/wp-content\/uploads\/2022\/12\/5ffa0c278f672211825d8b75cf19eeec.jpg\" \/>\n\t<meta property=\"og:image:width\" content=\"750\" \/>\n\t<meta property=\"og:image:height\" content=\"400\" \/>\n\t<meta property=\"og:image:type\" content=\"image\/jpeg\" \/>\n<meta name=\"author\" content=\"MC\" \/>\n<meta name=\"twitter:card\" content=\"summary_large_image\" \/>\n<meta name=\"twitter:creator\" content=\"@webdo_tn\" \/>\n<meta name=\"twitter:site\" content=\"@webdo_tn\" \/>\n<meta name=\"twitter:label1\" content=\"\u00c9crit par\" \/>\n\t<meta name=\"twitter:data1\" content=\"MC\" \/>\n\t<meta name=\"twitter:label2\" content=\"Dur\u00e9e de lecture estim\u00e9e\" \/>\n\t<meta name=\"twitter:data2\" content=\"2 minutes\" \/>\n<script type=\"application\/ld+json\" class=\"yoast-schema-graph\">{\"@context\":\"https:\\\/\\\/schema.org\",\"@graph\":[{\"@type\":\"NewsArticle\",\"@id\":\"https:\\\/\\\/www.webdo.tn\\\/fr\\\/actualite\\\/national\\\/fitch-ratings-releve-la-note-de-defaut-emetteur-a-long-terme-en-devises-de-la-tunisie-de-ccc-a-ccc\\\/200067\\\/#article\",\"isPartOf\":{\"@id\":\"https:\\\/\\\/www.webdo.tn\\\/fr\\\/actualite\\\/national\\\/fitch-ratings-releve-la-note-de-defaut-emetteur-a-long-terme-en-devises-de-la-tunisie-de-ccc-a-ccc\\\/200067\\\/\"},\"author\":{\"name\":\"MC\",\"@id\":\"https:\\\/\\\/www.webdo.tn\\\/fr\\\/#\\\/schema\\\/person\\\/2c4929cbf5a809e3bd38617c6ce150f6\"},\"headline\":\"Fitch Ratings rel\u00e8ve la note de d\u00e9faut \u00e9metteur \u00e0 long terme en devises de la Tunisie de &lsquo;CCC&rsquo; \u00e0 &lsquo;CCC&rsquo;+\",\"datePublished\":\"2022-12-01T12:04:00+00:00\",\"dateModified\":\"2025-05-20T22:04:26+00:00\",\"mainEntityOfPage\":{\"@id\":\"https:\\\/\\\/www.webdo.tn\\\/fr\\\/actualite\\\/national\\\/fitch-ratings-releve-la-note-de-defaut-emetteur-a-long-terme-en-devises-de-la-tunisie-de-ccc-a-ccc\\\/200067\\\/\"},\"wordCount\":381,\"commentCount\":0,\"publisher\":{\"@id\":\"https:\\\/\\\/www.webdo.tn\\\/fr\\\/#organization\"},\"image\":{\"@id\":\"https:\\\/\\\/www.webdo.tn\\\/fr\\\/actualite\\\/national\\\/fitch-ratings-releve-la-note-de-defaut-emetteur-a-long-terme-en-devises-de-la-tunisie-de-ccc-a-ccc\\\/200067\\\/#primaryimage\"},\"thumbnailUrl\":\"https:\\\/\\\/www.webdo.tn\\\/fr\\\/wp-content\\\/uploads\\\/2022\\\/12\\\/5ffa0c278f672211825d8b75cf19eeec.jpg\",\"keywords\":[\"fitch ratings\",\"Tunisie\"],\"articleSection\":[\"National\"],\"inLanguage\":\"fr-FR\"},{\"@type\":\"WebPage\",\"@id\":\"https:\\\/\\\/www.webdo.tn\\\/fr\\\/actualite\\\/national\\\/fitch-ratings-releve-la-note-de-defaut-emetteur-a-long-terme-en-devises-de-la-tunisie-de-ccc-a-ccc\\\/200067\\\/\",\"url\":\"https:\\\/\\\/www.webdo.tn\\\/fr\\\/actualite\\\/national\\\/fitch-ratings-releve-la-note-de-defaut-emetteur-a-long-terme-en-devises-de-la-tunisie-de-ccc-a-ccc\\\/200067\\\/\",\"name\":\"Fitch Ratings rel\u00e8ve la note de d\u00e9faut \u00e9metteur \u00e0 long terme en devises de la Tunisie de 'CCC' \u00e0 'CCC'+\",\"isPartOf\":{\"@id\":\"https:\\\/\\\/www.webdo.tn\\\/fr\\\/#website\"},\"primaryImageOfPage\":{\"@id\":\"https:\\\/\\\/www.webdo.tn\\\/fr\\\/actualite\\\/national\\\/fitch-ratings-releve-la-note-de-defaut-emetteur-a-long-terme-en-devises-de-la-tunisie-de-ccc-a-ccc\\\/200067\\\/#primaryimage\"},\"image\":{\"@id\":\"https:\\\/\\\/www.webdo.tn\\\/fr\\\/actualite\\\/national\\\/fitch-ratings-releve-la-note-de-defaut-emetteur-a-long-terme-en-devises-de-la-tunisie-de-ccc-a-ccc\\\/200067\\\/#primaryimage\"},\"thumbnailUrl\":\"https:\\\/\\\/www.webdo.tn\\\/fr\\\/wp-content\\\/uploads\\\/2022\\\/12\\\/5ffa0c278f672211825d8b75cf19eeec.jpg\",\"datePublished\":\"2022-12-01T12:04:00+00:00\",\"dateModified\":\"2025-05-20T22:04:26+00:00\",\"description\":\"L'agence de notation Fitch Ratings a annonc\u00e9, ce jeudi 1er d\u00e9cembre 2022, avoir relev\u00e9 la notation par d\u00e9faut des \u00e9metteurs en devises \u00e0 long terme (IDR) de la...\",\"breadcrumb\":{\"@id\":\"https:\\\/\\\/www.webdo.tn\\\/fr\\\/actualite\\\/national\\\/fitch-ratings-releve-la-note-de-defaut-emetteur-a-long-terme-en-devises-de-la-tunisie-de-ccc-a-ccc\\\/200067\\\/#breadcrumb\"},\"inLanguage\":\"fr-FR\",\"potentialAction\":[{\"@type\":\"ReadAction\",\"target\":[\"https:\\\/\\\/www.webdo.tn\\\/fr\\\/actualite\\\/national\\\/fitch-ratings-releve-la-note-de-defaut-emetteur-a-long-terme-en-devises-de-la-tunisie-de-ccc-a-ccc\\\/200067\\\/\"]}]},{\"@type\":\"ImageObject\",\"inLanguage\":\"fr-FR\",\"@id\":\"https:\\\/\\\/www.webdo.tn\\\/fr\\\/actualite\\\/national\\\/fitch-ratings-releve-la-note-de-defaut-emetteur-a-long-terme-en-devises-de-la-tunisie-de-ccc-a-ccc\\\/200067\\\/#primaryimage\",\"url\":\"https:\\\/\\\/www.webdo.tn\\\/fr\\\/wp-content\\\/uploads\\\/2022\\\/12\\\/5ffa0c278f672211825d8b75cf19eeec.jpg\",\"contentUrl\":\"https:\\\/\\\/www.webdo.tn\\\/fr\\\/wp-content\\\/uploads\\\/2022\\\/12\\\/5ffa0c278f672211825d8b75cf19eeec.jpg\",\"width\":750,\"height\":400,\"caption\":\"Fitch Ratings rel\u00e8ve la note de d\u00e9faut \u00e9metteur \u00e0 long terme en devises de la Tunisie de 'CCC' \u00e0 'CCC'+\"},{\"@type\":\"BreadcrumbList\",\"@id\":\"https:\\\/\\\/www.webdo.tn\\\/fr\\\/actualite\\\/national\\\/fitch-ratings-releve-la-note-de-defaut-emetteur-a-long-terme-en-devises-de-la-tunisie-de-ccc-a-ccc\\\/200067\\\/#breadcrumb\",\"itemListElement\":[{\"@type\":\"ListItem\",\"position\":1,\"name\":\"Accueil\",\"item\":\"https:\\\/\\\/www.webdo.tn\\\/fr\\\/\"},{\"@type\":\"ListItem\",\"position\":2,\"name\":\"Fitch Ratings rel\u00e8ve la note de d\u00e9faut \u00e9metteur \u00e0 long terme en devises de la Tunisie de &#8216;CCC&#8217; \u00e0 &#8216;CCC&#8217;+\"}]},{\"@type\":\"WebSite\",\"@id\":\"https:\\\/\\\/www.webdo.tn\\\/fr\\\/#website\",\"url\":\"https:\\\/\\\/www.webdo.tn\\\/fr\\\/\",\"name\":\"webdo\",\"description\":\"Tunisie - News en Tunisie et \u00e0 l&#039;international sur Webdo.tn\",\"publisher\":{\"@id\":\"https:\\\/\\\/www.webdo.tn\\\/fr\\\/#organization\"},\"potentialAction\":[{\"@type\":\"SearchAction\",\"target\":{\"@type\":\"EntryPoint\",\"urlTemplate\":\"https:\\\/\\\/www.webdo.tn\\\/fr\\\/?s={search_term_string}\"},\"query-input\":{\"@type\":\"PropertyValueSpecification\",\"valueRequired\":true,\"valueName\":\"search_term_string\"}}],\"inLanguage\":\"fr-FR\"},{\"@type\":\"Organization\",\"@id\":\"https:\\\/\\\/www.webdo.tn\\\/fr\\\/#organization\",\"name\":\"Webdo\",\"alternateName\":\"Webdo.tn\",\"url\":\"https:\\\/\\\/www.webdo.tn\\\/fr\\\/\",\"logo\":{\"@type\":\"ImageObject\",\"inLanguage\":\"fr-FR\",\"@id\":\"https:\\\/\\\/www.webdo.tn\\\/fr\\\/#\\\/schema\\\/logo\\\/image\\\/\",\"url\":\"https:\\\/\\\/www.webdo.tn\\\/fr\\\/wp-content\\\/uploads\\\/2025\\\/06\\\/Webdo-Tunisie_168377.jpg\",\"contentUrl\":\"https:\\\/\\\/www.webdo.tn\\\/fr\\\/wp-content\\\/uploads\\\/2025\\\/06\\\/Webdo-Tunisie_168377.jpg\",\"width\":301,\"height\":301,\"caption\":\"Webdo\"},\"image\":{\"@id\":\"https:\\\/\\\/www.webdo.tn\\\/fr\\\/#\\\/schema\\\/logo\\\/image\\\/\"},\"sameAs\":[\"https:\\\/\\\/www.facebook.com\\\/webdotn\",\"https:\\\/\\\/x.com\\\/webdo_tn\"],\"description\":\"Webdo est un m\u00e9dia num\u00e9rique tunisien fond\u00e9 en 2010, sp\u00e9cialis\u00e9 dans l\u2019actualit\u00e9 nationale et internationale, l\u2019\u00e9conomie, la soci\u00e9t\u00e9 et les analyses politiques. Le site s\u2019adresse \u00e0 un large public francophone et couvre l\u2019information tunisienne en temps r\u00e9el.\",\"email\":\"redac@webdo.tn\",\"legalName\":\"YNJ SARL\",\"foundingDate\":\"2010-09-06\",\"numberOfEmployees\":{\"@type\":\"QuantitativeValue\",\"minValue\":\"11\",\"maxValue\":\"50\"}},{\"@type\":\"Person\",\"@id\":\"https:\\\/\\\/www.webdo.tn\\\/fr\\\/#\\\/schema\\\/person\\\/2c4929cbf5a809e3bd38617c6ce150f6\",\"name\":\"MC\",\"image\":{\"@type\":\"ImageObject\",\"inLanguage\":\"fr-FR\",\"@id\":\"https:\\\/\\\/secure.gravatar.com\\\/avatar\\\/a545bbb6f84efdd5553dbbc2895e3ca8f1d12c5215e00a041c9670b54aa9b18a?s=96&d=mm&r=g\",\"url\":\"https:\\\/\\\/secure.gravatar.com\\\/avatar\\\/a545bbb6f84efdd5553dbbc2895e3ca8f1d12c5215e00a041c9670b54aa9b18a?s=96&d=mm&r=g\",\"contentUrl\":\"https:\\\/\\\/secure.gravatar.com\\\/avatar\\\/a545bbb6f84efdd5553dbbc2895e3ca8f1d12c5215e00a041c9670b54aa9b18a?s=96&d=mm&r=g\",\"caption\":\"MC\"},\"url\":\"https:\\\/\\\/www.webdo.tn\\\/fr\\\/actualite\\\/author\\\/mc\\\/\"}]}<\/script>\n<!-- \/ Yoast SEO Premium plugin. -->","yoast_head_json":{"title":"Fitch Ratings rel\u00e8ve la note de d\u00e9faut \u00e9metteur \u00e0 long terme en devises de la Tunisie de 'CCC' \u00e0 'CCC'+","description":"L'agence de notation Fitch Ratings a annonc\u00e9, ce jeudi 1er d\u00e9cembre 2022, avoir relev\u00e9 la notation par d\u00e9faut des \u00e9metteurs en devises \u00e0 long terme (IDR) de la...","canonical":"https:\/\/www.webdo.tn\/fr\/actualite\/national\/fitch-ratings-releve-la-note-de-defaut-emetteur-a-long-terme-en-devises-de-la-tunisie-de-ccc-a-ccc\/200067\/","og_locale":"fr_FR","og_type":"article","og_title":"Fitch Ratings rel\u00e8ve la note de d\u00e9faut \u00e9metteur \u00e0 long terme en devises de la Tunisie de 'CCC' \u00e0 'CCC'+","og_description":"L'agence de notation Fitch Ratings a annonc\u00e9, ce jeudi 1er d\u00e9cembre 2022, avoir relev\u00e9 la notation par d\u00e9faut des \u00e9metteurs en devises \u00e0 long terme (IDR) de la...","og_url":"https:\/\/www.webdo.tn\/fr\/actualite\/national\/fitch-ratings-releve-la-note-de-defaut-emetteur-a-long-terme-en-devises-de-la-tunisie-de-ccc-a-ccc\/200067\/","og_site_name":"webdo","article_publisher":"https:\/\/www.facebook.com\/webdotn","article_published_time":"2022-12-01T12:04:00+00:00","article_modified_time":"2025-05-20T22:04:26+00:00","og_image":[{"width":750,"height":400,"url":"https:\/\/www.webdo.tn\/fr\/wp-content\/uploads\/2022\/12\/5ffa0c278f672211825d8b75cf19eeec.jpg","type":"image\/jpeg"}],"author":"MC","twitter_card":"summary_large_image","twitter_creator":"@webdo_tn","twitter_site":"@webdo_tn","twitter_misc":{"\u00c9crit par":"MC","Dur\u00e9e de lecture estim\u00e9e":"2 minutes"},"schema":{"@context":"https:\/\/schema.org","@graph":[{"@type":"NewsArticle","@id":"https:\/\/www.webdo.tn\/fr\/actualite\/national\/fitch-ratings-releve-la-note-de-defaut-emetteur-a-long-terme-en-devises-de-la-tunisie-de-ccc-a-ccc\/200067\/#article","isPartOf":{"@id":"https:\/\/www.webdo.tn\/fr\/actualite\/national\/fitch-ratings-releve-la-note-de-defaut-emetteur-a-long-terme-en-devises-de-la-tunisie-de-ccc-a-ccc\/200067\/"},"author":{"name":"MC","@id":"https:\/\/www.webdo.tn\/fr\/#\/schema\/person\/2c4929cbf5a809e3bd38617c6ce150f6"},"headline":"Fitch Ratings rel\u00e8ve la note de d\u00e9faut \u00e9metteur \u00e0 long terme en devises de la Tunisie de &lsquo;CCC&rsquo; \u00e0 &lsquo;CCC&rsquo;+","datePublished":"2022-12-01T12:04:00+00:00","dateModified":"2025-05-20T22:04:26+00:00","mainEntityOfPage":{"@id":"https:\/\/www.webdo.tn\/fr\/actualite\/national\/fitch-ratings-releve-la-note-de-defaut-emetteur-a-long-terme-en-devises-de-la-tunisie-de-ccc-a-ccc\/200067\/"},"wordCount":381,"commentCount":0,"publisher":{"@id":"https:\/\/www.webdo.tn\/fr\/#organization"},"image":{"@id":"https:\/\/www.webdo.tn\/fr\/actualite\/national\/fitch-ratings-releve-la-note-de-defaut-emetteur-a-long-terme-en-devises-de-la-tunisie-de-ccc-a-ccc\/200067\/#primaryimage"},"thumbnailUrl":"https:\/\/www.webdo.tn\/fr\/wp-content\/uploads\/2022\/12\/5ffa0c278f672211825d8b75cf19eeec.jpg","keywords":["fitch ratings","Tunisie"],"articleSection":["National"],"inLanguage":"fr-FR"},{"@type":"WebPage","@id":"https:\/\/www.webdo.tn\/fr\/actualite\/national\/fitch-ratings-releve-la-note-de-defaut-emetteur-a-long-terme-en-devises-de-la-tunisie-de-ccc-a-ccc\/200067\/","url":"https:\/\/www.webdo.tn\/fr\/actualite\/national\/fitch-ratings-releve-la-note-de-defaut-emetteur-a-long-terme-en-devises-de-la-tunisie-de-ccc-a-ccc\/200067\/","name":"Fitch Ratings rel\u00e8ve la note de d\u00e9faut \u00e9metteur \u00e0 long terme en devises de la Tunisie de 'CCC' \u00e0 'CCC'+","isPartOf":{"@id":"https:\/\/www.webdo.tn\/fr\/#website"},"primaryImageOfPage":{"@id":"https:\/\/www.webdo.tn\/fr\/actualite\/national\/fitch-ratings-releve-la-note-de-defaut-emetteur-a-long-terme-en-devises-de-la-tunisie-de-ccc-a-ccc\/200067\/#primaryimage"},"image":{"@id":"https:\/\/www.webdo.tn\/fr\/actualite\/national\/fitch-ratings-releve-la-note-de-defaut-emetteur-a-long-terme-en-devises-de-la-tunisie-de-ccc-a-ccc\/200067\/#primaryimage"},"thumbnailUrl":"https:\/\/www.webdo.tn\/fr\/wp-content\/uploads\/2022\/12\/5ffa0c278f672211825d8b75cf19eeec.jpg","datePublished":"2022-12-01T12:04:00+00:00","dateModified":"2025-05-20T22:04:26+00:00","description":"L'agence de notation Fitch Ratings a annonc\u00e9, ce jeudi 1er d\u00e9cembre 2022, avoir relev\u00e9 la notation par d\u00e9faut des \u00e9metteurs en devises \u00e0 long terme (IDR) de la...","breadcrumb":{"@id":"https:\/\/www.webdo.tn\/fr\/actualite\/national\/fitch-ratings-releve-la-note-de-defaut-emetteur-a-long-terme-en-devises-de-la-tunisie-de-ccc-a-ccc\/200067\/#breadcrumb"},"inLanguage":"fr-FR","potentialAction":[{"@type":"ReadAction","target":["https:\/\/www.webdo.tn\/fr\/actualite\/national\/fitch-ratings-releve-la-note-de-defaut-emetteur-a-long-terme-en-devises-de-la-tunisie-de-ccc-a-ccc\/200067\/"]}]},{"@type":"ImageObject","inLanguage":"fr-FR","@id":"https:\/\/www.webdo.tn\/fr\/actualite\/national\/fitch-ratings-releve-la-note-de-defaut-emetteur-a-long-terme-en-devises-de-la-tunisie-de-ccc-a-ccc\/200067\/#primaryimage","url":"https:\/\/www.webdo.tn\/fr\/wp-content\/uploads\/2022\/12\/5ffa0c278f672211825d8b75cf19eeec.jpg","contentUrl":"https:\/\/www.webdo.tn\/fr\/wp-content\/uploads\/2022\/12\/5ffa0c278f672211825d8b75cf19eeec.jpg","width":750,"height":400,"caption":"Fitch Ratings rel\u00e8ve la note de d\u00e9faut \u00e9metteur \u00e0 long terme en devises de la Tunisie de 'CCC' \u00e0 'CCC'+"},{"@type":"BreadcrumbList","@id":"https:\/\/www.webdo.tn\/fr\/actualite\/national\/fitch-ratings-releve-la-note-de-defaut-emetteur-a-long-terme-en-devises-de-la-tunisie-de-ccc-a-ccc\/200067\/#breadcrumb","itemListElement":[{"@type":"ListItem","position":1,"name":"Accueil","item":"https:\/\/www.webdo.tn\/fr\/"},{"@type":"ListItem","position":2,"name":"Fitch Ratings rel\u00e8ve la note de d\u00e9faut \u00e9metteur \u00e0 long terme en devises de la Tunisie de &#8216;CCC&#8217; \u00e0 &#8216;CCC&#8217;+"}]},{"@type":"WebSite","@id":"https:\/\/www.webdo.tn\/fr\/#website","url":"https:\/\/www.webdo.tn\/fr\/","name":"webdo","description":"Tunisie - News en Tunisie et \u00e0 l&#039;international sur Webdo.tn","publisher":{"@id":"https:\/\/www.webdo.tn\/fr\/#organization"},"potentialAction":[{"@type":"SearchAction","target":{"@type":"EntryPoint","urlTemplate":"https:\/\/www.webdo.tn\/fr\/?s={search_term_string}"},"query-input":{"@type":"PropertyValueSpecification","valueRequired":true,"valueName":"search_term_string"}}],"inLanguage":"fr-FR"},{"@type":"Organization","@id":"https:\/\/www.webdo.tn\/fr\/#organization","name":"Webdo","alternateName":"Webdo.tn","url":"https:\/\/www.webdo.tn\/fr\/","logo":{"@type":"ImageObject","inLanguage":"fr-FR","@id":"https:\/\/www.webdo.tn\/fr\/#\/schema\/logo\/image\/","url":"https:\/\/www.webdo.tn\/fr\/wp-content\/uploads\/2025\/06\/Webdo-Tunisie_168377.jpg","contentUrl":"https:\/\/www.webdo.tn\/fr\/wp-content\/uploads\/2025\/06\/Webdo-Tunisie_168377.jpg","width":301,"height":301,"caption":"Webdo"},"image":{"@id":"https:\/\/www.webdo.tn\/fr\/#\/schema\/logo\/image\/"},"sameAs":["https:\/\/www.facebook.com\/webdotn","https:\/\/x.com\/webdo_tn"],"description":"Webdo est un m\u00e9dia num\u00e9rique tunisien fond\u00e9 en 2010, sp\u00e9cialis\u00e9 dans l\u2019actualit\u00e9 nationale et internationale, l\u2019\u00e9conomie, la soci\u00e9t\u00e9 et les analyses politiques. Le site s\u2019adresse \u00e0 un large public francophone et couvre l\u2019information tunisienne en temps r\u00e9el.","email":"redac@webdo.tn","legalName":"YNJ SARL","foundingDate":"2010-09-06","numberOfEmployees":{"@type":"QuantitativeValue","minValue":"11","maxValue":"50"}},{"@type":"Person","@id":"https:\/\/www.webdo.tn\/fr\/#\/schema\/person\/2c4929cbf5a809e3bd38617c6ce150f6","name":"MC","image":{"@type":"ImageObject","inLanguage":"fr-FR","@id":"https:\/\/secure.gravatar.com\/avatar\/a545bbb6f84efdd5553dbbc2895e3ca8f1d12c5215e00a041c9670b54aa9b18a?s=96&d=mm&r=g","url":"https:\/\/secure.gravatar.com\/avatar\/a545bbb6f84efdd5553dbbc2895e3ca8f1d12c5215e00a041c9670b54aa9b18a?s=96&d=mm&r=g","contentUrl":"https:\/\/secure.gravatar.com\/avatar\/a545bbb6f84efdd5553dbbc2895e3ca8f1d12c5215e00a041c9670b54aa9b18a?s=96&d=mm&r=g","caption":"MC"},"url":"https:\/\/www.webdo.tn\/fr\/actualite\/author\/mc\/"}]}},"_links":{"self":[{"href":"https:\/\/www.webdo.tn\/fr\/wp-json\/wp\/v2\/posts\/200067","targetHints":{"allow":["GET"]}}],"collection":[{"href":"https:\/\/www.webdo.tn\/fr\/wp-json\/wp\/v2\/posts"}],"about":[{"href":"https:\/\/www.webdo.tn\/fr\/wp-json\/wp\/v2\/types\/post"}],"author":[{"embeddable":true,"href":"https:\/\/www.webdo.tn\/fr\/wp-json\/wp\/v2\/users\/3162"}],"replies":[{"embeddable":true,"href":"https:\/\/www.webdo.tn\/fr\/wp-json\/wp\/v2\/comments?post=200067"}],"version-history":[{"count":0,"href":"https:\/\/www.webdo.tn\/fr\/wp-json\/wp\/v2\/posts\/200067\/revisions"}],"wp:featuredmedia":[{"embeddable":true,"href":"https:\/\/www.webdo.tn\/fr\/wp-json\/wp\/v2\/media\/253042"}],"wp:attachment":[{"href":"https:\/\/www.webdo.tn\/fr\/wp-json\/wp\/v2\/media?parent=200067"}],"wp:term":[{"taxonomy":"category","embeddable":true,"href":"https:\/\/www.webdo.tn\/fr\/wp-json\/wp\/v2\/categories?post=200067"},{"taxonomy":"post_tag","embeddable":true,"href":"https:\/\/www.webdo.tn\/fr\/wp-json\/wp\/v2\/tags?post=200067"}],"curies":[{"name":"wp","href":"https:\/\/api.w.org\/{rel}","templated":true}]}}