{"id":200056,"date":"2022-12-01T11:05:00","date_gmt":"2022-12-01T11:05:00","guid":{"rendered":"https:\/\/www.webdo.tn\/fr\/blog\/jalel-kadri-nous-avons-rate-une-seule-mi-temps-et-ca-nous-a-coute-la-qualification-video\/200056\/"},"modified":"2025-05-20T23:01:24","modified_gmt":"2025-05-20T23:01:24","slug":"jalel-kadri-nous-avons-rate-une-seule-mi-temps-et-ca-nous-a-coute-la-qualification-video","status":"publish","type":"post","link":"https:\/\/www.webdo.tn\/fr\/actualite\/sport\/jalel-kadri-nous-avons-rate-une-seule-mi-temps-et-ca-nous-a-coute-la-qualification-video\/200056\/","title":{"rendered":"Jalel Kadri : \u00ab\u00a0nous avons rat\u00e9 une seule mi-temps et \u00e7a nous a co\u00fbt\u00e9 la qualification\u00a0\u00bb (vid\u00e9o)\u00a0"},"content":{"rendered":"<p>Le s\u00e9lectionneur national, Jalel Kadri, a pr\u00e9sent\u00e9 ses excuses au peuple tunisien apr\u00e8s l\u2019\u00e9limination d\u00e8s le premier tour de la Coupe du Monde Qatar 2022.<\/p>\n<p>\t\t\t\t\t\t\t\t\tKadri a estim\u00e9, au micro de Shems fm, ce jeudi 1er d\u00e9cembre 2022, que ses poulains ont fourni une excellente prestation face au champion du monde en titre : \u00ab ce n\u2019\u00e9tait pas facile de gagner contre le champion en titre, avec la mani\u00e8re en plus. Nous avons fait ce qu\u2019il fallait faire et nous avons \u00e9t\u00e9 \u00e0 la hauteur des attentes \u00bb.<\/p>\n<p>Quant \u00e0 son \u00e9valuation de la participation des Aigles de Carthage, Kadri a d\u00e9clar\u00e9 : \u00ab sur six mi-temps, nous avons \u00e9t\u00e9 excellents dans cinq. Nous avons rat\u00e9 une seule mi-temps et \u00e7a nous a co\u00fbt\u00e9 la qualification \u00bb.<\/p>\n<p>Et d\u2019ajouter : \u00ab ce groupe m\u00e9rite d\u2019\u00eatre f\u00e9licit\u00e9, lui qui a r\u00e9alis\u00e9 la meilleure participation dans l\u2019histoire de la Tunisie en Coupe du Monde, avec quatre points, dans un groupe coriace \u00bb, pr\u00e9cisant que la s\u00e9lection tunisienne \u00ab n\u2019a pas \u00e9t\u00e9 efficace en attaque, mais a \u00e9t\u00e9 performante en d\u00e9fense en encaissant un seul but \u00bb.<\/p>\n<p>Le s\u00e9lectionneur tunisien a, par ailleurs, reproch\u00e9 \u00e0 certains m\u00e9dias, chroniqueurs et supporteurs leurs d\u00e9clarations, notamment apr\u00e8s la d\u00e9faite face \u00e0 l\u2019Australie.<\/p>\n<p>M. Kadri a reproch\u00e9 certains propos, d\u00e9clarations et commentaires, formul\u00e9s par les m\u00e9dias, chroniqueurs et supporters, notamment apr\u00e8s la d\u00e9faite face \u00e0 l\u2019Australie.<\/p>\n","protected":false},"excerpt":{"rendered":"<p>Le s\u00e9lectionneur national, Jalel Kadri, a pr\u00e9sent\u00e9 ses excuses au peuple tunisien apr\u00e8s l\u2019\u00e9limination d\u00e8s le premier tour de la Coupe du Monde Qatar 2022.<\/p>\n","protected":false},"author":3196,"featured_media":253034,"comment_status":"open","ping_status":"closed","sticky":false,"template":"","format":"standard","meta":{"footnotes":""},"categories":[2593],"tags":[4066,7137,8930,2608],"class_list":["post-200056","post","type-post","status-publish","format-standard","has-post-thumbnail","hentry","category-sport","tag-coupe-du-monde","tag-jalel-kadri","tag-qatar-2022","tag-tunisie"],"yoast_head":"<!-- This site is optimized with the Yoast SEO Premium plugin v27.4 (Yoast SEO v27.5) - https:\/\/yoast.com\/product\/yoast-seo-premium-wordpress\/ -->\n<title>Jalel Kadri : nous avons rat\u00e9 une seule mi-temps et \u00e7a nous a co\u00fbt\u00e9 la qualification (vid\u00e9o)\u00a0<\/title>\n<meta name=\"description\" content=\"Le s\u00e9lectionneur national, Jalel Kadri, a pr\u00e9sent\u00e9 ses excuses au peuple tunisien apr\u00e8s l\u2019\u00e9limination d\u00e8s le premier tour de la Coupe du Monde Qatar 2022.\" \/>\n<link rel=\"canonical\" href=\"https:\/\/www.webdo.tn\/fr\/actualite\/sport\/jalel-kadri-nous-avons-rate-une-seule-mi-temps-et-ca-nous-a-coute-la-qualification-video\/200056\/\" \/>\n<meta property=\"og:locale\" content=\"fr_FR\" \/>\n<meta property=\"og:type\" content=\"article\" \/>\n<meta property=\"og:title\" content=\"Jalel Kadri : &quot;nous avons rat\u00e9 une seule mi-temps et \u00e7a nous a co\u00fbt\u00e9 la qualification&quot; (vid\u00e9o)\u00a0\" \/>\n<meta property=\"og:description\" content=\"Le s\u00e9lectionneur national, Jalel Kadri, a pr\u00e9sent\u00e9 ses excuses au peuple tunisien apr\u00e8s l\u2019\u00e9limination d\u00e8s le premier tour de la Coupe du Monde Qatar 2022.\" \/>\n<meta property=\"og:url\" content=\"https:\/\/www.webdo.tn\/fr\/actualite\/sport\/jalel-kadri-nous-avons-rate-une-seule-mi-temps-et-ca-nous-a-coute-la-qualification-video\/200056\/\" \/>\n<meta property=\"og:site_name\" content=\"webdo\" \/>\n<meta property=\"article:publisher\" content=\"https:\/\/www.facebook.com\/webdotn\" \/>\n<meta property=\"article:published_time\" content=\"2022-12-01T11:05:00+00:00\" \/>\n<meta property=\"article:modified_time\" content=\"2025-05-20T23:01:24+00:00\" \/>\n<meta property=\"og:image\" content=\"https:\/\/www.webdo.tn\/fr\/wp-content\/uploads\/2022\/12\/dfb9e5460841f1a07519e43c4c166aab-1.jpg\" \/>\n\t<meta property=\"og:image:width\" content=\"750\" \/>\n\t<meta property=\"og:image:height\" content=\"400\" \/>\n\t<meta property=\"og:image:type\" content=\"image\/jpeg\" \/>\n<meta name=\"author\" content=\"MK\" \/>\n<meta name=\"twitter:card\" content=\"summary_large_image\" \/>\n<meta name=\"twitter:creator\" content=\"@webdo_tn\" \/>\n<meta name=\"twitter:site\" content=\"@webdo_tn\" \/>\n<meta name=\"twitter:label1\" content=\"\u00c9crit par\" \/>\n\t<meta name=\"twitter:data1\" content=\"MK\" \/>\n\t<meta name=\"twitter:label2\" content=\"Dur\u00e9e de lecture estim\u00e9e\" \/>\n\t<meta name=\"twitter:data2\" content=\"1 minute\" \/>\n<script type=\"application\/ld+json\" class=\"yoast-schema-graph\">{\"@context\":\"https:\\\/\\\/schema.org\",\"@graph\":[{\"@type\":\"NewsArticle\",\"@id\":\"https:\\\/\\\/www.webdo.tn\\\/fr\\\/actualite\\\/sport\\\/jalel-kadri-nous-avons-rate-une-seule-mi-temps-et-ca-nous-a-coute-la-qualification-video\\\/200056\\\/#article\",\"isPartOf\":{\"@id\":\"https:\\\/\\\/www.webdo.tn\\\/fr\\\/actualite\\\/sport\\\/jalel-kadri-nous-avons-rate-une-seule-mi-temps-et-ca-nous-a-coute-la-qualification-video\\\/200056\\\/\"},\"author\":{\"name\":\"MK\",\"@id\":\"https:\\\/\\\/www.webdo.tn\\\/fr\\\/#\\\/schema\\\/person\\\/c3a9d32fa6d495ca5f4b6510e3db97bf\"},\"headline\":\"Jalel Kadri : \u00ab\u00a0nous avons rat\u00e9 une seule mi-temps et \u00e7a nous a co\u00fbt\u00e9 la qualification\u00a0\u00bb (vid\u00e9o)\u00a0\",\"datePublished\":\"2022-12-01T11:05:00+00:00\",\"dateModified\":\"2025-05-20T23:01:24+00:00\",\"mainEntityOfPage\":{\"@id\":\"https:\\\/\\\/www.webdo.tn\\\/fr\\\/actualite\\\/sport\\\/jalel-kadri-nous-avons-rate-une-seule-mi-temps-et-ca-nous-a-coute-la-qualification-video\\\/200056\\\/\"},\"wordCount\":262,\"commentCount\":0,\"publisher\":{\"@id\":\"https:\\\/\\\/www.webdo.tn\\\/fr\\\/#organization\"},\"image\":{\"@id\":\"https:\\\/\\\/www.webdo.tn\\\/fr\\\/actualite\\\/sport\\\/jalel-kadri-nous-avons-rate-une-seule-mi-temps-et-ca-nous-a-coute-la-qualification-video\\\/200056\\\/#primaryimage\"},\"thumbnailUrl\":\"https:\\\/\\\/www.webdo.tn\\\/fr\\\/wp-content\\\/uploads\\\/2022\\\/12\\\/dfb9e5460841f1a07519e43c4c166aab-1.jpg\",\"keywords\":[\"Coupe du Monde\",\"Jalel Kadri\",\"Qatar 2022\",\"Tunisie\"],\"articleSection\":[\"Sport\"],\"inLanguage\":\"fr-FR\"},{\"@type\":\"WebPage\",\"@id\":\"https:\\\/\\\/www.webdo.tn\\\/fr\\\/actualite\\\/sport\\\/jalel-kadri-nous-avons-rate-une-seule-mi-temps-et-ca-nous-a-coute-la-qualification-video\\\/200056\\\/\",\"url\":\"https:\\\/\\\/www.webdo.tn\\\/fr\\\/actualite\\\/sport\\\/jalel-kadri-nous-avons-rate-une-seule-mi-temps-et-ca-nous-a-coute-la-qualification-video\\\/200056\\\/\",\"name\":\"Jalel Kadri : nous avons rat\u00e9 une seule mi-temps et \u00e7a nous a co\u00fbt\u00e9 la qualification (vid\u00e9o)\u00a0\",\"isPartOf\":{\"@id\":\"https:\\\/\\\/www.webdo.tn\\\/fr\\\/#website\"},\"primaryImageOfPage\":{\"@id\":\"https:\\\/\\\/www.webdo.tn\\\/fr\\\/actualite\\\/sport\\\/jalel-kadri-nous-avons-rate-une-seule-mi-temps-et-ca-nous-a-coute-la-qualification-video\\\/200056\\\/#primaryimage\"},\"image\":{\"@id\":\"https:\\\/\\\/www.webdo.tn\\\/fr\\\/actualite\\\/sport\\\/jalel-kadri-nous-avons-rate-une-seule-mi-temps-et-ca-nous-a-coute-la-qualification-video\\\/200056\\\/#primaryimage\"},\"thumbnailUrl\":\"https:\\\/\\\/www.webdo.tn\\\/fr\\\/wp-content\\\/uploads\\\/2022\\\/12\\\/dfb9e5460841f1a07519e43c4c166aab-1.jpg\",\"datePublished\":\"2022-12-01T11:05:00+00:00\",\"dateModified\":\"2025-05-20T23:01:24+00:00\",\"description\":\"Le s\u00e9lectionneur national, Jalel Kadri, a pr\u00e9sent\u00e9 ses excuses au peuple tunisien apr\u00e8s l\u2019\u00e9limination d\u00e8s le premier tour de la Coupe du Monde Qatar 2022.\",\"breadcrumb\":{\"@id\":\"https:\\\/\\\/www.webdo.tn\\\/fr\\\/actualite\\\/sport\\\/jalel-kadri-nous-avons-rate-une-seule-mi-temps-et-ca-nous-a-coute-la-qualification-video\\\/200056\\\/#breadcrumb\"},\"inLanguage\":\"fr-FR\",\"potentialAction\":[{\"@type\":\"ReadAction\",\"target\":[\"https:\\\/\\\/www.webdo.tn\\\/fr\\\/actualite\\\/sport\\\/jalel-kadri-nous-avons-rate-une-seule-mi-temps-et-ca-nous-a-coute-la-qualification-video\\\/200056\\\/\"]}]},{\"@type\":\"ImageObject\",\"inLanguage\":\"fr-FR\",\"@id\":\"https:\\\/\\\/www.webdo.tn\\\/fr\\\/actualite\\\/sport\\\/jalel-kadri-nous-avons-rate-une-seule-mi-temps-et-ca-nous-a-coute-la-qualification-video\\\/200056\\\/#primaryimage\",\"url\":\"https:\\\/\\\/www.webdo.tn\\\/fr\\\/wp-content\\\/uploads\\\/2022\\\/12\\\/dfb9e5460841f1a07519e43c4c166aab-1.jpg\",\"contentUrl\":\"https:\\\/\\\/www.webdo.tn\\\/fr\\\/wp-content\\\/uploads\\\/2022\\\/12\\\/dfb9e5460841f1a07519e43c4c166aab-1.jpg\",\"width\":750,\"height\":400,\"caption\":\"Jalel Kadri\"},{\"@type\":\"BreadcrumbList\",\"@id\":\"https:\\\/\\\/www.webdo.tn\\\/fr\\\/actualite\\\/sport\\\/jalel-kadri-nous-avons-rate-une-seule-mi-temps-et-ca-nous-a-coute-la-qualification-video\\\/200056\\\/#breadcrumb\",\"itemListElement\":[{\"@type\":\"ListItem\",\"position\":1,\"name\":\"Accueil\",\"item\":\"https:\\\/\\\/www.webdo.tn\\\/fr\\\/\"},{\"@type\":\"ListItem\",\"position\":2,\"name\":\"Jalel Kadri : \u00ab\u00a0nous avons rat\u00e9 une seule mi-temps et \u00e7a nous a co\u00fbt\u00e9 la qualification\u00a0\u00bb (vid\u00e9o)\u00a0\"}]},{\"@type\":\"WebSite\",\"@id\":\"https:\\\/\\\/www.webdo.tn\\\/fr\\\/#website\",\"url\":\"https:\\\/\\\/www.webdo.tn\\\/fr\\\/\",\"name\":\"webdo\",\"description\":\"Tunisie - News en Tunisie et \u00e0 l&#039;international sur Webdo.tn\",\"publisher\":{\"@id\":\"https:\\\/\\\/www.webdo.tn\\\/fr\\\/#organization\"},\"potentialAction\":[{\"@type\":\"SearchAction\",\"target\":{\"@type\":\"EntryPoint\",\"urlTemplate\":\"https:\\\/\\\/www.webdo.tn\\\/fr\\\/?s={search_term_string}\"},\"query-input\":{\"@type\":\"PropertyValueSpecification\",\"valueRequired\":true,\"valueName\":\"search_term_string\"}}],\"inLanguage\":\"fr-FR\"},{\"@type\":\"Organization\",\"@id\":\"https:\\\/\\\/www.webdo.tn\\\/fr\\\/#organization\",\"name\":\"Webdo\",\"alternateName\":\"Webdo.tn\",\"url\":\"https:\\\/\\\/www.webdo.tn\\\/fr\\\/\",\"logo\":{\"@type\":\"ImageObject\",\"inLanguage\":\"fr-FR\",\"@id\":\"https:\\\/\\\/www.webdo.tn\\\/fr\\\/#\\\/schema\\\/logo\\\/image\\\/\",\"url\":\"https:\\\/\\\/www.webdo.tn\\\/fr\\\/wp-content\\\/uploads\\\/2025\\\/06\\\/Webdo-Tunisie_168377.jpg\",\"contentUrl\":\"https:\\\/\\\/www.webdo.tn\\\/fr\\\/wp-content\\\/uploads\\\/2025\\\/06\\\/Webdo-Tunisie_168377.jpg\",\"width\":301,\"height\":301,\"caption\":\"Webdo\"},\"image\":{\"@id\":\"https:\\\/\\\/www.webdo.tn\\\/fr\\\/#\\\/schema\\\/logo\\\/image\\\/\"},\"sameAs\":[\"https:\\\/\\\/www.facebook.com\\\/webdotn\",\"https:\\\/\\\/x.com\\\/webdo_tn\"],\"description\":\"Webdo est un m\u00e9dia num\u00e9rique tunisien fond\u00e9 en 2010, sp\u00e9cialis\u00e9 dans l\u2019actualit\u00e9 nationale et internationale, l\u2019\u00e9conomie, la soci\u00e9t\u00e9 et les analyses politiques. Le site s\u2019adresse \u00e0 un large public francophone et couvre l\u2019information tunisienne en temps r\u00e9el.\",\"email\":\"redac@webdo.tn\",\"legalName\":\"YNJ SARL\",\"foundingDate\":\"2010-09-06\",\"numberOfEmployees\":{\"@type\":\"QuantitativeValue\",\"minValue\":\"11\",\"maxValue\":\"50\"}},{\"@type\":\"Person\",\"@id\":\"https:\\\/\\\/www.webdo.tn\\\/fr\\\/#\\\/schema\\\/person\\\/c3a9d32fa6d495ca5f4b6510e3db97bf\",\"name\":\"MK\",\"image\":{\"@type\":\"ImageObject\",\"inLanguage\":\"fr-FR\",\"@id\":\"https:\\\/\\\/secure.gravatar.com\\\/avatar\\\/6d44f937f19929f3b75db77056d3e08abd6e302e71bcfea340cd8b00c13e7baf?s=96&d=mm&r=g\",\"url\":\"https:\\\/\\\/secure.gravatar.com\\\/avatar\\\/6d44f937f19929f3b75db77056d3e08abd6e302e71bcfea340cd8b00c13e7baf?s=96&d=mm&r=g\",\"contentUrl\":\"https:\\\/\\\/secure.gravatar.com\\\/avatar\\\/6d44f937f19929f3b75db77056d3e08abd6e302e71bcfea340cd8b00c13e7baf?s=96&d=mm&r=g\",\"caption\":\"MK\"},\"url\":\"https:\\\/\\\/www.webdo.tn\\\/fr\\\/actualite\\\/author\\\/mk\\\/\"}]}<\/script>\n<!-- \/ Yoast SEO Premium plugin. -->","yoast_head_json":{"title":"Jalel Kadri : nous avons rat\u00e9 une seule mi-temps et \u00e7a nous a co\u00fbt\u00e9 la qualification (vid\u00e9o)\u00a0","description":"Le s\u00e9lectionneur national, Jalel Kadri, a pr\u00e9sent\u00e9 ses excuses au peuple tunisien apr\u00e8s l\u2019\u00e9limination d\u00e8s le premier tour de la Coupe du Monde Qatar 2022.","canonical":"https:\/\/www.webdo.tn\/fr\/actualite\/sport\/jalel-kadri-nous-avons-rate-une-seule-mi-temps-et-ca-nous-a-coute-la-qualification-video\/200056\/","og_locale":"fr_FR","og_type":"article","og_title":"Jalel Kadri : \"nous avons rat\u00e9 une seule mi-temps et \u00e7a nous a co\u00fbt\u00e9 la qualification\" (vid\u00e9o)\u00a0","og_description":"Le s\u00e9lectionneur national, Jalel Kadri, a pr\u00e9sent\u00e9 ses excuses au peuple tunisien apr\u00e8s l\u2019\u00e9limination d\u00e8s le premier tour de la Coupe du Monde Qatar 2022.","og_url":"https:\/\/www.webdo.tn\/fr\/actualite\/sport\/jalel-kadri-nous-avons-rate-une-seule-mi-temps-et-ca-nous-a-coute-la-qualification-video\/200056\/","og_site_name":"webdo","article_publisher":"https:\/\/www.facebook.com\/webdotn","article_published_time":"2022-12-01T11:05:00+00:00","article_modified_time":"2025-05-20T23:01:24+00:00","og_image":[{"width":750,"height":400,"url":"https:\/\/www.webdo.tn\/fr\/wp-content\/uploads\/2022\/12\/dfb9e5460841f1a07519e43c4c166aab-1.jpg","type":"image\/jpeg"}],"author":"MK","twitter_card":"summary_large_image","twitter_creator":"@webdo_tn","twitter_site":"@webdo_tn","twitter_misc":{"\u00c9crit par":"MK","Dur\u00e9e de lecture estim\u00e9e":"1 minute"},"schema":{"@context":"https:\/\/schema.org","@graph":[{"@type":"NewsArticle","@id":"https:\/\/www.webdo.tn\/fr\/actualite\/sport\/jalel-kadri-nous-avons-rate-une-seule-mi-temps-et-ca-nous-a-coute-la-qualification-video\/200056\/#article","isPartOf":{"@id":"https:\/\/www.webdo.tn\/fr\/actualite\/sport\/jalel-kadri-nous-avons-rate-une-seule-mi-temps-et-ca-nous-a-coute-la-qualification-video\/200056\/"},"author":{"name":"MK","@id":"https:\/\/www.webdo.tn\/fr\/#\/schema\/person\/c3a9d32fa6d495ca5f4b6510e3db97bf"},"headline":"Jalel Kadri : \u00ab\u00a0nous avons rat\u00e9 une seule mi-temps et \u00e7a nous a co\u00fbt\u00e9 la qualification\u00a0\u00bb (vid\u00e9o)\u00a0","datePublished":"2022-12-01T11:05:00+00:00","dateModified":"2025-05-20T23:01:24+00:00","mainEntityOfPage":{"@id":"https:\/\/www.webdo.tn\/fr\/actualite\/sport\/jalel-kadri-nous-avons-rate-une-seule-mi-temps-et-ca-nous-a-coute-la-qualification-video\/200056\/"},"wordCount":262,"commentCount":0,"publisher":{"@id":"https:\/\/www.webdo.tn\/fr\/#organization"},"image":{"@id":"https:\/\/www.webdo.tn\/fr\/actualite\/sport\/jalel-kadri-nous-avons-rate-une-seule-mi-temps-et-ca-nous-a-coute-la-qualification-video\/200056\/#primaryimage"},"thumbnailUrl":"https:\/\/www.webdo.tn\/fr\/wp-content\/uploads\/2022\/12\/dfb9e5460841f1a07519e43c4c166aab-1.jpg","keywords":["Coupe du Monde","Jalel Kadri","Qatar 2022","Tunisie"],"articleSection":["Sport"],"inLanguage":"fr-FR"},{"@type":"WebPage","@id":"https:\/\/www.webdo.tn\/fr\/actualite\/sport\/jalel-kadri-nous-avons-rate-une-seule-mi-temps-et-ca-nous-a-coute-la-qualification-video\/200056\/","url":"https:\/\/www.webdo.tn\/fr\/actualite\/sport\/jalel-kadri-nous-avons-rate-une-seule-mi-temps-et-ca-nous-a-coute-la-qualification-video\/200056\/","name":"Jalel Kadri : nous avons rat\u00e9 une seule mi-temps et \u00e7a nous a co\u00fbt\u00e9 la qualification (vid\u00e9o)\u00a0","isPartOf":{"@id":"https:\/\/www.webdo.tn\/fr\/#website"},"primaryImageOfPage":{"@id":"https:\/\/www.webdo.tn\/fr\/actualite\/sport\/jalel-kadri-nous-avons-rate-une-seule-mi-temps-et-ca-nous-a-coute-la-qualification-video\/200056\/#primaryimage"},"image":{"@id":"https:\/\/www.webdo.tn\/fr\/actualite\/sport\/jalel-kadri-nous-avons-rate-une-seule-mi-temps-et-ca-nous-a-coute-la-qualification-video\/200056\/#primaryimage"},"thumbnailUrl":"https:\/\/www.webdo.tn\/fr\/wp-content\/uploads\/2022\/12\/dfb9e5460841f1a07519e43c4c166aab-1.jpg","datePublished":"2022-12-01T11:05:00+00:00","dateModified":"2025-05-20T23:01:24+00:00","description":"Le s\u00e9lectionneur national, Jalel Kadri, a pr\u00e9sent\u00e9 ses excuses au peuple tunisien apr\u00e8s l\u2019\u00e9limination d\u00e8s le premier tour de la Coupe du Monde Qatar 2022.","breadcrumb":{"@id":"https:\/\/www.webdo.tn\/fr\/actualite\/sport\/jalel-kadri-nous-avons-rate-une-seule-mi-temps-et-ca-nous-a-coute-la-qualification-video\/200056\/#breadcrumb"},"inLanguage":"fr-FR","potentialAction":[{"@type":"ReadAction","target":["https:\/\/www.webdo.tn\/fr\/actualite\/sport\/jalel-kadri-nous-avons-rate-une-seule-mi-temps-et-ca-nous-a-coute-la-qualification-video\/200056\/"]}]},{"@type":"ImageObject","inLanguage":"fr-FR","@id":"https:\/\/www.webdo.tn\/fr\/actualite\/sport\/jalel-kadri-nous-avons-rate-une-seule-mi-temps-et-ca-nous-a-coute-la-qualification-video\/200056\/#primaryimage","url":"https:\/\/www.webdo.tn\/fr\/wp-content\/uploads\/2022\/12\/dfb9e5460841f1a07519e43c4c166aab-1.jpg","contentUrl":"https:\/\/www.webdo.tn\/fr\/wp-content\/uploads\/2022\/12\/dfb9e5460841f1a07519e43c4c166aab-1.jpg","width":750,"height":400,"caption":"Jalel Kadri"},{"@type":"BreadcrumbList","@id":"https:\/\/www.webdo.tn\/fr\/actualite\/sport\/jalel-kadri-nous-avons-rate-une-seule-mi-temps-et-ca-nous-a-coute-la-qualification-video\/200056\/#breadcrumb","itemListElement":[{"@type":"ListItem","position":1,"name":"Accueil","item":"https:\/\/www.webdo.tn\/fr\/"},{"@type":"ListItem","position":2,"name":"Jalel Kadri : \u00ab\u00a0nous avons rat\u00e9 une seule mi-temps et \u00e7a nous a co\u00fbt\u00e9 la qualification\u00a0\u00bb (vid\u00e9o)\u00a0"}]},{"@type":"WebSite","@id":"https:\/\/www.webdo.tn\/fr\/#website","url":"https:\/\/www.webdo.tn\/fr\/","name":"webdo","description":"Tunisie - News en Tunisie et \u00e0 l&#039;international sur Webdo.tn","publisher":{"@id":"https:\/\/www.webdo.tn\/fr\/#organization"},"potentialAction":[{"@type":"SearchAction","target":{"@type":"EntryPoint","urlTemplate":"https:\/\/www.webdo.tn\/fr\/?s={search_term_string}"},"query-input":{"@type":"PropertyValueSpecification","valueRequired":true,"valueName":"search_term_string"}}],"inLanguage":"fr-FR"},{"@type":"Organization","@id":"https:\/\/www.webdo.tn\/fr\/#organization","name":"Webdo","alternateName":"Webdo.tn","url":"https:\/\/www.webdo.tn\/fr\/","logo":{"@type":"ImageObject","inLanguage":"fr-FR","@id":"https:\/\/www.webdo.tn\/fr\/#\/schema\/logo\/image\/","url":"https:\/\/www.webdo.tn\/fr\/wp-content\/uploads\/2025\/06\/Webdo-Tunisie_168377.jpg","contentUrl":"https:\/\/www.webdo.tn\/fr\/wp-content\/uploads\/2025\/06\/Webdo-Tunisie_168377.jpg","width":301,"height":301,"caption":"Webdo"},"image":{"@id":"https:\/\/www.webdo.tn\/fr\/#\/schema\/logo\/image\/"},"sameAs":["https:\/\/www.facebook.com\/webdotn","https:\/\/x.com\/webdo_tn"],"description":"Webdo est un m\u00e9dia num\u00e9rique tunisien fond\u00e9 en 2010, sp\u00e9cialis\u00e9 dans l\u2019actualit\u00e9 nationale et internationale, l\u2019\u00e9conomie, la soci\u00e9t\u00e9 et les analyses politiques. Le site s\u2019adresse \u00e0 un large public francophone et couvre l\u2019information tunisienne en temps r\u00e9el.","email":"redac@webdo.tn","legalName":"YNJ SARL","foundingDate":"2010-09-06","numberOfEmployees":{"@type":"QuantitativeValue","minValue":"11","maxValue":"50"}},{"@type":"Person","@id":"https:\/\/www.webdo.tn\/fr\/#\/schema\/person\/c3a9d32fa6d495ca5f4b6510e3db97bf","name":"MK","image":{"@type":"ImageObject","inLanguage":"fr-FR","@id":"https:\/\/secure.gravatar.com\/avatar\/6d44f937f19929f3b75db77056d3e08abd6e302e71bcfea340cd8b00c13e7baf?s=96&d=mm&r=g","url":"https:\/\/secure.gravatar.com\/avatar\/6d44f937f19929f3b75db77056d3e08abd6e302e71bcfea340cd8b00c13e7baf?s=96&d=mm&r=g","contentUrl":"https:\/\/secure.gravatar.com\/avatar\/6d44f937f19929f3b75db77056d3e08abd6e302e71bcfea340cd8b00c13e7baf?s=96&d=mm&r=g","caption":"MK"},"url":"https:\/\/www.webdo.tn\/fr\/actualite\/author\/mk\/"}]}},"_links":{"self":[{"href":"https:\/\/www.webdo.tn\/fr\/wp-json\/wp\/v2\/posts\/200056","targetHints":{"allow":["GET"]}}],"collection":[{"href":"https:\/\/www.webdo.tn\/fr\/wp-json\/wp\/v2\/posts"}],"about":[{"href":"https:\/\/www.webdo.tn\/fr\/wp-json\/wp\/v2\/types\/post"}],"author":[{"embeddable":true,"href":"https:\/\/www.webdo.tn\/fr\/wp-json\/wp\/v2\/users\/3196"}],"replies":[{"embeddable":true,"href":"https:\/\/www.webdo.tn\/fr\/wp-json\/wp\/v2\/comments?post=200056"}],"version-history":[{"count":0,"href":"https:\/\/www.webdo.tn\/fr\/wp-json\/wp\/v2\/posts\/200056\/revisions"}],"wp:featuredmedia":[{"embeddable":true,"href":"https:\/\/www.webdo.tn\/fr\/wp-json\/wp\/v2\/media\/253034"}],"wp:attachment":[{"href":"https:\/\/www.webdo.tn\/fr\/wp-json\/wp\/v2\/media?parent=200056"}],"wp:term":[{"taxonomy":"category","embeddable":true,"href":"https:\/\/www.webdo.tn\/fr\/wp-json\/wp\/v2\/categories?post=200056"},{"taxonomy":"post_tag","embeddable":true,"href":"https:\/\/www.webdo.tn\/fr\/wp-json\/wp\/v2\/tags?post=200056"}],"curies":[{"name":"wp","href":"https:\/\/api.w.org\/{rel}","templated":true}]}}