{"id":200054,"date":"2022-12-01T11:03:00","date_gmt":"2022-12-01T11:03:00","guid":{"rendered":"https:\/\/www.webdo.tn\/fr\/blog\/chaouachi-accuse-la-ministre-de-la-justice-d-abus-de-pouvoir\/200054\/"},"modified":"2025-05-20T22:46:46","modified_gmt":"2025-05-20T22:46:46","slug":"chaouachi-accuse-la-ministre-de-la-justice-d-abus-de-pouvoir","status":"publish","type":"post","link":"https:\/\/www.webdo.tn\/fr\/actualite\/national\/chaouachi-accuse-la-ministre-de-la-justice-d-abus-de-pouvoir\/200054\/","title":{"rendered":"Chaouachi accuse la ministre de la Justice d\u2019abus de pouvoir"},"content":{"rendered":"<p>Le secr\u00e9taire-g\u00e9n\u00e9ral du Courant D\u00e9mocratique Ghazi Chaouachi annonce dans un post Facebook que la ministre de la Justice a d\u00e9pos\u00e9 une deuxi\u00e8me plainte \u00e0 son encontre.<\/p>\n<p>\t\t\t\t\t\t\t\t\tAffirmant que la ministre a d\u00e9pos\u00e9 cette plainte sans motif convaincant, il l\u2019a accus\u00e9 d\u2019abus de pouvoir et de vouloir \u00e9liminer ses adversaires politiques.\u00a0<\/p>\n<p>Pour sa part, le Courant D\u00e9mocratique a publi\u00e9 un communiqu\u00e9 pour d\u00e9noncer ce qu\u2019il a appel\u00e9 les \u00ab pratiques d\u2019harc\u00e8lement contre les adversaires politiques \u00bb.\u00a0<br \/>\nLe parti annonce qu\u2019il va poursuivre sa lutte contre le \u00ab pouvoir du putsch \u00bb et qu\u2019il va pr\u00e9server les acquis de la r\u00e9volution.\u00a0<\/p>\n<p>Le secr\u00e9taire g\u00e9n\u00e9ral d\u2019Attayar et ancien ministre des Domaines de l\u2019Etat, Ghazi Chaouachi, a comparu le 11 octobre 2022, devant le Tribunal de premi\u00e8re instance de Ben Arous.<\/p>\n<p>Chaouachhi est poursuivi pour attribution de fausses informations \u00e0 un fonctionnaire public et propagation de fausses nouvelles de nature \u00e0 nuire \u00e0 l&rsquo;ordre public \u00e0 travers les m\u00e9dias audiovisuels, sur ordre de la ministre de la Justice<\/p>\n","protected":false},"excerpt":{"rendered":"<p>Le secr\u00e9taire-g\u00e9n\u00e9ral du Courant D\u00e9mocratique Ghazi Chaouachi annonce dans un post Facebook que la ministre de la Justice a d\u00e9pos\u00e9 une deuxi\u00e8me plainte \u00e0 son en&#8230;<\/p>\n","protected":false},"author":3175,"featured_media":253030,"comment_status":"open","ping_status":"closed","sticky":false,"template":"","format":"standard","meta":{"footnotes":""},"categories":[44],"tags":[6133,2619,2608],"class_list":["post-200054","post","type-post","status-publish","format-standard","has-post-thumbnail","hentry","category-national","tag-ghazi-chaouachi","tag-justice","tag-tunisie"],"yoast_head":"<!-- This site is optimized with the Yoast SEO Premium plugin v27.4 (Yoast SEO v27.5) - https:\/\/yoast.com\/product\/yoast-seo-premium-wordpress\/ -->\n<title>Chaouachi accuse la ministre de la Justice d\u2019abus de pouvoir<\/title>\n<meta name=\"description\" content=\"Le secr\u00e9taire-g\u00e9n\u00e9ral du Courant D\u00e9mocratique Ghazi Chaouachi annonce dans un post Facebook que la ministre de la Justice a d\u00e9pos\u00e9 une deuxi\u00e8me plainte \u00e0 son en...\" \/>\n<link rel=\"canonical\" href=\"https:\/\/www.webdo.tn\/fr\/actualite\/national\/chaouachi-accuse-la-ministre-de-la-justice-d-abus-de-pouvoir\/200054\/\" \/>\n<meta property=\"og:locale\" content=\"fr_FR\" \/>\n<meta property=\"og:type\" content=\"article\" \/>\n<meta property=\"og:title\" content=\"Chaouachi accuse la ministre de la Justice d\u2019abus de pouvoir\" \/>\n<meta property=\"og:description\" content=\"Le secr\u00e9taire-g\u00e9n\u00e9ral du Courant D\u00e9mocratique Ghazi Chaouachi annonce dans un post Facebook que la ministre de la Justice a d\u00e9pos\u00e9 une deuxi\u00e8me plainte \u00e0 son en...\" \/>\n<meta property=\"og:url\" content=\"https:\/\/www.webdo.tn\/fr\/actualite\/national\/chaouachi-accuse-la-ministre-de-la-justice-d-abus-de-pouvoir\/200054\/\" \/>\n<meta property=\"og:site_name\" content=\"webdo\" \/>\n<meta property=\"article:publisher\" content=\"https:\/\/www.facebook.com\/webdotn\" \/>\n<meta property=\"article:published_time\" content=\"2022-12-01T11:03:00+00:00\" \/>\n<meta property=\"article:modified_time\" content=\"2025-05-20T22:46:46+00:00\" \/>\n<meta property=\"og:image\" content=\"https:\/\/www.webdo.tn\/fr\/wp-content\/uploads\/2022\/12\/403d43d0dfef169d969fc9dce505ab2e.jpg\" \/>\n\t<meta property=\"og:image:width\" content=\"750\" \/>\n\t<meta property=\"og:image:height\" content=\"400\" \/>\n\t<meta property=\"og:image:type\" content=\"image\/jpeg\" \/>\n<meta name=\"author\" content=\"CL\" \/>\n<meta name=\"twitter:card\" content=\"summary_large_image\" \/>\n<meta name=\"twitter:creator\" content=\"@webdo_tn\" \/>\n<meta name=\"twitter:site\" content=\"@webdo_tn\" \/>\n<meta name=\"twitter:label1\" content=\"\u00c9crit par\" \/>\n\t<meta name=\"twitter:data1\" content=\"CL\" \/>\n\t<meta name=\"twitter:label2\" content=\"Dur\u00e9e de lecture estim\u00e9e\" \/>\n\t<meta name=\"twitter:data2\" content=\"1 minute\" \/>\n<script type=\"application\/ld+json\" class=\"yoast-schema-graph\">{\"@context\":\"https:\\\/\\\/schema.org\",\"@graph\":[{\"@type\":\"NewsArticle\",\"@id\":\"https:\\\/\\\/www.webdo.tn\\\/fr\\\/actualite\\\/national\\\/chaouachi-accuse-la-ministre-de-la-justice-d-abus-de-pouvoir\\\/200054\\\/#article\",\"isPartOf\":{\"@id\":\"https:\\\/\\\/www.webdo.tn\\\/fr\\\/actualite\\\/national\\\/chaouachi-accuse-la-ministre-de-la-justice-d-abus-de-pouvoir\\\/200054\\\/\"},\"author\":{\"name\":\"CL\",\"@id\":\"https:\\\/\\\/www.webdo.tn\\\/fr\\\/#\\\/schema\\\/person\\\/f35b42a42c5e2511bbd282959d6385cc\"},\"headline\":\"Chaouachi accuse la ministre de la Justice d\u2019abus de pouvoir\",\"datePublished\":\"2022-12-01T11:03:00+00:00\",\"dateModified\":\"2025-05-20T22:46:46+00:00\",\"mainEntityOfPage\":{\"@id\":\"https:\\\/\\\/www.webdo.tn\\\/fr\\\/actualite\\\/national\\\/chaouachi-accuse-la-ministre-de-la-justice-d-abus-de-pouvoir\\\/200054\\\/\"},\"wordCount\":190,\"commentCount\":0,\"publisher\":{\"@id\":\"https:\\\/\\\/www.webdo.tn\\\/fr\\\/#organization\"},\"image\":{\"@id\":\"https:\\\/\\\/www.webdo.tn\\\/fr\\\/actualite\\\/national\\\/chaouachi-accuse-la-ministre-de-la-justice-d-abus-de-pouvoir\\\/200054\\\/#primaryimage\"},\"thumbnailUrl\":\"https:\\\/\\\/www.webdo.tn\\\/fr\\\/wp-content\\\/uploads\\\/2022\\\/12\\\/403d43d0dfef169d969fc9dce505ab2e.jpg\",\"keywords\":[\"Ghazi Chaouachi\",\"justice\",\"Tunisie\"],\"articleSection\":[\"National\"],\"inLanguage\":\"fr-FR\"},{\"@type\":\"WebPage\",\"@id\":\"https:\\\/\\\/www.webdo.tn\\\/fr\\\/actualite\\\/national\\\/chaouachi-accuse-la-ministre-de-la-justice-d-abus-de-pouvoir\\\/200054\\\/\",\"url\":\"https:\\\/\\\/www.webdo.tn\\\/fr\\\/actualite\\\/national\\\/chaouachi-accuse-la-ministre-de-la-justice-d-abus-de-pouvoir\\\/200054\\\/\",\"name\":\"Chaouachi accuse la ministre de la Justice d\u2019abus de pouvoir\",\"isPartOf\":{\"@id\":\"https:\\\/\\\/www.webdo.tn\\\/fr\\\/#website\"},\"primaryImageOfPage\":{\"@id\":\"https:\\\/\\\/www.webdo.tn\\\/fr\\\/actualite\\\/national\\\/chaouachi-accuse-la-ministre-de-la-justice-d-abus-de-pouvoir\\\/200054\\\/#primaryimage\"},\"image\":{\"@id\":\"https:\\\/\\\/www.webdo.tn\\\/fr\\\/actualite\\\/national\\\/chaouachi-accuse-la-ministre-de-la-justice-d-abus-de-pouvoir\\\/200054\\\/#primaryimage\"},\"thumbnailUrl\":\"https:\\\/\\\/www.webdo.tn\\\/fr\\\/wp-content\\\/uploads\\\/2022\\\/12\\\/403d43d0dfef169d969fc9dce505ab2e.jpg\",\"datePublished\":\"2022-12-01T11:03:00+00:00\",\"dateModified\":\"2025-05-20T22:46:46+00:00\",\"description\":\"Le secr\u00e9taire-g\u00e9n\u00e9ral du Courant D\u00e9mocratique Ghazi Chaouachi annonce dans un post Facebook que la ministre de la Justice a d\u00e9pos\u00e9 une deuxi\u00e8me plainte \u00e0 son en...\",\"breadcrumb\":{\"@id\":\"https:\\\/\\\/www.webdo.tn\\\/fr\\\/actualite\\\/national\\\/chaouachi-accuse-la-ministre-de-la-justice-d-abus-de-pouvoir\\\/200054\\\/#breadcrumb\"},\"inLanguage\":\"fr-FR\",\"potentialAction\":[{\"@type\":\"ReadAction\",\"target\":[\"https:\\\/\\\/www.webdo.tn\\\/fr\\\/actualite\\\/national\\\/chaouachi-accuse-la-ministre-de-la-justice-d-abus-de-pouvoir\\\/200054\\\/\"]}]},{\"@type\":\"ImageObject\",\"inLanguage\":\"fr-FR\",\"@id\":\"https:\\\/\\\/www.webdo.tn\\\/fr\\\/actualite\\\/national\\\/chaouachi-accuse-la-ministre-de-la-justice-d-abus-de-pouvoir\\\/200054\\\/#primaryimage\",\"url\":\"https:\\\/\\\/www.webdo.tn\\\/fr\\\/wp-content\\\/uploads\\\/2022\\\/12\\\/403d43d0dfef169d969fc9dce505ab2e.jpg\",\"contentUrl\":\"https:\\\/\\\/www.webdo.tn\\\/fr\\\/wp-content\\\/uploads\\\/2022\\\/12\\\/403d43d0dfef169d969fc9dce505ab2e.jpg\",\"width\":750,\"height\":400,\"caption\":\"Ghazi Chaoucahi\"},{\"@type\":\"BreadcrumbList\",\"@id\":\"https:\\\/\\\/www.webdo.tn\\\/fr\\\/actualite\\\/national\\\/chaouachi-accuse-la-ministre-de-la-justice-d-abus-de-pouvoir\\\/200054\\\/#breadcrumb\",\"itemListElement\":[{\"@type\":\"ListItem\",\"position\":1,\"name\":\"Accueil\",\"item\":\"https:\\\/\\\/www.webdo.tn\\\/fr\\\/\"},{\"@type\":\"ListItem\",\"position\":2,\"name\":\"Chaouachi accuse la ministre de la Justice d\u2019abus de pouvoir\"}]},{\"@type\":\"WebSite\",\"@id\":\"https:\\\/\\\/www.webdo.tn\\\/fr\\\/#website\",\"url\":\"https:\\\/\\\/www.webdo.tn\\\/fr\\\/\",\"name\":\"webdo\",\"description\":\"Tunisie - News en Tunisie et \u00e0 l&#039;international sur Webdo.tn\",\"publisher\":{\"@id\":\"https:\\\/\\\/www.webdo.tn\\\/fr\\\/#organization\"},\"potentialAction\":[{\"@type\":\"SearchAction\",\"target\":{\"@type\":\"EntryPoint\",\"urlTemplate\":\"https:\\\/\\\/www.webdo.tn\\\/fr\\\/?s={search_term_string}\"},\"query-input\":{\"@type\":\"PropertyValueSpecification\",\"valueRequired\":true,\"valueName\":\"search_term_string\"}}],\"inLanguage\":\"fr-FR\"},{\"@type\":\"Organization\",\"@id\":\"https:\\\/\\\/www.webdo.tn\\\/fr\\\/#organization\",\"name\":\"Webdo\",\"alternateName\":\"Webdo.tn\",\"url\":\"https:\\\/\\\/www.webdo.tn\\\/fr\\\/\",\"logo\":{\"@type\":\"ImageObject\",\"inLanguage\":\"fr-FR\",\"@id\":\"https:\\\/\\\/www.webdo.tn\\\/fr\\\/#\\\/schema\\\/logo\\\/image\\\/\",\"url\":\"https:\\\/\\\/www.webdo.tn\\\/fr\\\/wp-content\\\/uploads\\\/2025\\\/06\\\/Webdo-Tunisie_168377.jpg\",\"contentUrl\":\"https:\\\/\\\/www.webdo.tn\\\/fr\\\/wp-content\\\/uploads\\\/2025\\\/06\\\/Webdo-Tunisie_168377.jpg\",\"width\":301,\"height\":301,\"caption\":\"Webdo\"},\"image\":{\"@id\":\"https:\\\/\\\/www.webdo.tn\\\/fr\\\/#\\\/schema\\\/logo\\\/image\\\/\"},\"sameAs\":[\"https:\\\/\\\/www.facebook.com\\\/webdotn\",\"https:\\\/\\\/x.com\\\/webdo_tn\"],\"description\":\"Webdo est un m\u00e9dia num\u00e9rique tunisien fond\u00e9 en 2010, sp\u00e9cialis\u00e9 dans l\u2019actualit\u00e9 nationale et internationale, l\u2019\u00e9conomie, la soci\u00e9t\u00e9 et les analyses politiques. Le site s\u2019adresse \u00e0 un large public francophone et couvre l\u2019information tunisienne en temps r\u00e9el.\",\"email\":\"redac@webdo.tn\",\"legalName\":\"YNJ SARL\",\"foundingDate\":\"2010-09-06\",\"numberOfEmployees\":{\"@type\":\"QuantitativeValue\",\"minValue\":\"11\",\"maxValue\":\"50\"}},{\"@type\":\"Person\",\"@id\":\"https:\\\/\\\/www.webdo.tn\\\/fr\\\/#\\\/schema\\\/person\\\/f35b42a42c5e2511bbd282959d6385cc\",\"name\":\"CL\",\"image\":{\"@type\":\"ImageObject\",\"inLanguage\":\"fr-FR\",\"@id\":\"https:\\\/\\\/secure.gravatar.com\\\/avatar\\\/1447a49909b67aa657c488aec6512e1dd6143a480c1ecfee9b5b5cd74eb3b59e?s=96&d=mm&r=g\",\"url\":\"https:\\\/\\\/secure.gravatar.com\\\/avatar\\\/1447a49909b67aa657c488aec6512e1dd6143a480c1ecfee9b5b5cd74eb3b59e?s=96&d=mm&r=g\",\"contentUrl\":\"https:\\\/\\\/secure.gravatar.com\\\/avatar\\\/1447a49909b67aa657c488aec6512e1dd6143a480c1ecfee9b5b5cd74eb3b59e?s=96&d=mm&r=g\",\"caption\":\"CL\"},\"url\":\"https:\\\/\\\/www.webdo.tn\\\/fr\\\/actualite\\\/author\\\/cl\\\/\"}]}<\/script>\n<!-- \/ Yoast SEO Premium plugin. -->","yoast_head_json":{"title":"Chaouachi accuse la ministre de la Justice d\u2019abus de pouvoir","description":"Le secr\u00e9taire-g\u00e9n\u00e9ral du Courant D\u00e9mocratique Ghazi Chaouachi annonce dans un post Facebook que la ministre de la Justice a d\u00e9pos\u00e9 une deuxi\u00e8me plainte \u00e0 son en...","canonical":"https:\/\/www.webdo.tn\/fr\/actualite\/national\/chaouachi-accuse-la-ministre-de-la-justice-d-abus-de-pouvoir\/200054\/","og_locale":"fr_FR","og_type":"article","og_title":"Chaouachi accuse la ministre de la Justice d\u2019abus de pouvoir","og_description":"Le secr\u00e9taire-g\u00e9n\u00e9ral du Courant D\u00e9mocratique Ghazi Chaouachi annonce dans un post Facebook que la ministre de la Justice a d\u00e9pos\u00e9 une deuxi\u00e8me plainte \u00e0 son en...","og_url":"https:\/\/www.webdo.tn\/fr\/actualite\/national\/chaouachi-accuse-la-ministre-de-la-justice-d-abus-de-pouvoir\/200054\/","og_site_name":"webdo","article_publisher":"https:\/\/www.facebook.com\/webdotn","article_published_time":"2022-12-01T11:03:00+00:00","article_modified_time":"2025-05-20T22:46:46+00:00","og_image":[{"width":750,"height":400,"url":"https:\/\/www.webdo.tn\/fr\/wp-content\/uploads\/2022\/12\/403d43d0dfef169d969fc9dce505ab2e.jpg","type":"image\/jpeg"}],"author":"CL","twitter_card":"summary_large_image","twitter_creator":"@webdo_tn","twitter_site":"@webdo_tn","twitter_misc":{"\u00c9crit par":"CL","Dur\u00e9e de lecture estim\u00e9e":"1 minute"},"schema":{"@context":"https:\/\/schema.org","@graph":[{"@type":"NewsArticle","@id":"https:\/\/www.webdo.tn\/fr\/actualite\/national\/chaouachi-accuse-la-ministre-de-la-justice-d-abus-de-pouvoir\/200054\/#article","isPartOf":{"@id":"https:\/\/www.webdo.tn\/fr\/actualite\/national\/chaouachi-accuse-la-ministre-de-la-justice-d-abus-de-pouvoir\/200054\/"},"author":{"name":"CL","@id":"https:\/\/www.webdo.tn\/fr\/#\/schema\/person\/f35b42a42c5e2511bbd282959d6385cc"},"headline":"Chaouachi accuse la ministre de la Justice d\u2019abus de pouvoir","datePublished":"2022-12-01T11:03:00+00:00","dateModified":"2025-05-20T22:46:46+00:00","mainEntityOfPage":{"@id":"https:\/\/www.webdo.tn\/fr\/actualite\/national\/chaouachi-accuse-la-ministre-de-la-justice-d-abus-de-pouvoir\/200054\/"},"wordCount":190,"commentCount":0,"publisher":{"@id":"https:\/\/www.webdo.tn\/fr\/#organization"},"image":{"@id":"https:\/\/www.webdo.tn\/fr\/actualite\/national\/chaouachi-accuse-la-ministre-de-la-justice-d-abus-de-pouvoir\/200054\/#primaryimage"},"thumbnailUrl":"https:\/\/www.webdo.tn\/fr\/wp-content\/uploads\/2022\/12\/403d43d0dfef169d969fc9dce505ab2e.jpg","keywords":["Ghazi Chaouachi","justice","Tunisie"],"articleSection":["National"],"inLanguage":"fr-FR"},{"@type":"WebPage","@id":"https:\/\/www.webdo.tn\/fr\/actualite\/national\/chaouachi-accuse-la-ministre-de-la-justice-d-abus-de-pouvoir\/200054\/","url":"https:\/\/www.webdo.tn\/fr\/actualite\/national\/chaouachi-accuse-la-ministre-de-la-justice-d-abus-de-pouvoir\/200054\/","name":"Chaouachi accuse la ministre de la Justice d\u2019abus de pouvoir","isPartOf":{"@id":"https:\/\/www.webdo.tn\/fr\/#website"},"primaryImageOfPage":{"@id":"https:\/\/www.webdo.tn\/fr\/actualite\/national\/chaouachi-accuse-la-ministre-de-la-justice-d-abus-de-pouvoir\/200054\/#primaryimage"},"image":{"@id":"https:\/\/www.webdo.tn\/fr\/actualite\/national\/chaouachi-accuse-la-ministre-de-la-justice-d-abus-de-pouvoir\/200054\/#primaryimage"},"thumbnailUrl":"https:\/\/www.webdo.tn\/fr\/wp-content\/uploads\/2022\/12\/403d43d0dfef169d969fc9dce505ab2e.jpg","datePublished":"2022-12-01T11:03:00+00:00","dateModified":"2025-05-20T22:46:46+00:00","description":"Le secr\u00e9taire-g\u00e9n\u00e9ral du Courant D\u00e9mocratique Ghazi Chaouachi annonce dans un post Facebook que la ministre de la Justice a d\u00e9pos\u00e9 une deuxi\u00e8me plainte \u00e0 son en...","breadcrumb":{"@id":"https:\/\/www.webdo.tn\/fr\/actualite\/national\/chaouachi-accuse-la-ministre-de-la-justice-d-abus-de-pouvoir\/200054\/#breadcrumb"},"inLanguage":"fr-FR","potentialAction":[{"@type":"ReadAction","target":["https:\/\/www.webdo.tn\/fr\/actualite\/national\/chaouachi-accuse-la-ministre-de-la-justice-d-abus-de-pouvoir\/200054\/"]}]},{"@type":"ImageObject","inLanguage":"fr-FR","@id":"https:\/\/www.webdo.tn\/fr\/actualite\/national\/chaouachi-accuse-la-ministre-de-la-justice-d-abus-de-pouvoir\/200054\/#primaryimage","url":"https:\/\/www.webdo.tn\/fr\/wp-content\/uploads\/2022\/12\/403d43d0dfef169d969fc9dce505ab2e.jpg","contentUrl":"https:\/\/www.webdo.tn\/fr\/wp-content\/uploads\/2022\/12\/403d43d0dfef169d969fc9dce505ab2e.jpg","width":750,"height":400,"caption":"Ghazi Chaoucahi"},{"@type":"BreadcrumbList","@id":"https:\/\/www.webdo.tn\/fr\/actualite\/national\/chaouachi-accuse-la-ministre-de-la-justice-d-abus-de-pouvoir\/200054\/#breadcrumb","itemListElement":[{"@type":"ListItem","position":1,"name":"Accueil","item":"https:\/\/www.webdo.tn\/fr\/"},{"@type":"ListItem","position":2,"name":"Chaouachi accuse la ministre de la Justice d\u2019abus de pouvoir"}]},{"@type":"WebSite","@id":"https:\/\/www.webdo.tn\/fr\/#website","url":"https:\/\/www.webdo.tn\/fr\/","name":"webdo","description":"Tunisie - News en Tunisie et \u00e0 l&#039;international sur Webdo.tn","publisher":{"@id":"https:\/\/www.webdo.tn\/fr\/#organization"},"potentialAction":[{"@type":"SearchAction","target":{"@type":"EntryPoint","urlTemplate":"https:\/\/www.webdo.tn\/fr\/?s={search_term_string}"},"query-input":{"@type":"PropertyValueSpecification","valueRequired":true,"valueName":"search_term_string"}}],"inLanguage":"fr-FR"},{"@type":"Organization","@id":"https:\/\/www.webdo.tn\/fr\/#organization","name":"Webdo","alternateName":"Webdo.tn","url":"https:\/\/www.webdo.tn\/fr\/","logo":{"@type":"ImageObject","inLanguage":"fr-FR","@id":"https:\/\/www.webdo.tn\/fr\/#\/schema\/logo\/image\/","url":"https:\/\/www.webdo.tn\/fr\/wp-content\/uploads\/2025\/06\/Webdo-Tunisie_168377.jpg","contentUrl":"https:\/\/www.webdo.tn\/fr\/wp-content\/uploads\/2025\/06\/Webdo-Tunisie_168377.jpg","width":301,"height":301,"caption":"Webdo"},"image":{"@id":"https:\/\/www.webdo.tn\/fr\/#\/schema\/logo\/image\/"},"sameAs":["https:\/\/www.facebook.com\/webdotn","https:\/\/x.com\/webdo_tn"],"description":"Webdo est un m\u00e9dia num\u00e9rique tunisien fond\u00e9 en 2010, sp\u00e9cialis\u00e9 dans l\u2019actualit\u00e9 nationale et internationale, l\u2019\u00e9conomie, la soci\u00e9t\u00e9 et les analyses politiques. Le site s\u2019adresse \u00e0 un large public francophone et couvre l\u2019information tunisienne en temps r\u00e9el.","email":"redac@webdo.tn","legalName":"YNJ SARL","foundingDate":"2010-09-06","numberOfEmployees":{"@type":"QuantitativeValue","minValue":"11","maxValue":"50"}},{"@type":"Person","@id":"https:\/\/www.webdo.tn\/fr\/#\/schema\/person\/f35b42a42c5e2511bbd282959d6385cc","name":"CL","image":{"@type":"ImageObject","inLanguage":"fr-FR","@id":"https:\/\/secure.gravatar.com\/avatar\/1447a49909b67aa657c488aec6512e1dd6143a480c1ecfee9b5b5cd74eb3b59e?s=96&d=mm&r=g","url":"https:\/\/secure.gravatar.com\/avatar\/1447a49909b67aa657c488aec6512e1dd6143a480c1ecfee9b5b5cd74eb3b59e?s=96&d=mm&r=g","contentUrl":"https:\/\/secure.gravatar.com\/avatar\/1447a49909b67aa657c488aec6512e1dd6143a480c1ecfee9b5b5cd74eb3b59e?s=96&d=mm&r=g","caption":"CL"},"url":"https:\/\/www.webdo.tn\/fr\/actualite\/author\/cl\/"}]}},"_links":{"self":[{"href":"https:\/\/www.webdo.tn\/fr\/wp-json\/wp\/v2\/posts\/200054","targetHints":{"allow":["GET"]}}],"collection":[{"href":"https:\/\/www.webdo.tn\/fr\/wp-json\/wp\/v2\/posts"}],"about":[{"href":"https:\/\/www.webdo.tn\/fr\/wp-json\/wp\/v2\/types\/post"}],"author":[{"embeddable":true,"href":"https:\/\/www.webdo.tn\/fr\/wp-json\/wp\/v2\/users\/3175"}],"replies":[{"embeddable":true,"href":"https:\/\/www.webdo.tn\/fr\/wp-json\/wp\/v2\/comments?post=200054"}],"version-history":[{"count":0,"href":"https:\/\/www.webdo.tn\/fr\/wp-json\/wp\/v2\/posts\/200054\/revisions"}],"wp:featuredmedia":[{"embeddable":true,"href":"https:\/\/www.webdo.tn\/fr\/wp-json\/wp\/v2\/media\/253030"}],"wp:attachment":[{"href":"https:\/\/www.webdo.tn\/fr\/wp-json\/wp\/v2\/media?parent=200054"}],"wp:term":[{"taxonomy":"category","embeddable":true,"href":"https:\/\/www.webdo.tn\/fr\/wp-json\/wp\/v2\/categories?post=200054"},{"taxonomy":"post_tag","embeddable":true,"href":"https:\/\/www.webdo.tn\/fr\/wp-json\/wp\/v2\/tags?post=200054"}],"curies":[{"name":"wp","href":"https:\/\/api.w.org\/{rel}","templated":true}]}}