{"id":200050,"date":"2022-12-01T10:03:00","date_gmt":"2022-12-01T10:03:00","guid":{"rendered":"https:\/\/www.webdo.tn\/fr\/blog\/augmentation-de-la-production-d-electricite-destinee-au-marche-local\/200050\/"},"modified":"2025-05-20T23:01:24","modified_gmt":"2025-05-20T23:01:24","slug":"augmentation-de-la-production-d-electricite-destinee-au-marche-local","status":"publish","type":"post","link":"https:\/\/www.webdo.tn\/fr\/actualite\/national\/augmentation-de-la-production-d-electricite-destinee-au-marche-local\/200050\/","title":{"rendered":"Augmentation de la production d\u2019\u00e9lectricit\u00e9 destin\u00e9e au march\u00e9 local\u00a0"},"content":{"rendered":"<p>La production totale d\u2019\u00e9lectricit\u00e9 a l\u00e9g\u00e8rement diminu\u00e9 de 1% \u00e0 fin septembre 2022 par rapport \u00e0 la m\u00eame p\u00e9riode de 2021, se situant \u00e0 15 433 GWh (hors autoproduction consomm\u00e9e), d\u2019apr\u00e8s le rapport mensuel sur la conjoncture \u00e9nerg\u00e9tique \u00e0 fin septembre 2022, publi\u00e9 par l\u2019Observatoire national de l\u2019\u00e9nergie et des mines.<\/p>\n<p>\t\t\t\t\t\t\t\t\tPar contre, la production destin\u00e9e au march\u00e9 local a augment\u00e9 de 6%, ceci est d\u00fb \u00e0 l\u2019augmentation des importations et l\u2019absence des exportations d\u2019\u00e9lectricit\u00e9 afin de couvrir la demande du march\u00e9 local. Ainsi, les achats d\u2019\u00e9lectricit\u00e9 de l\u2019Alg\u00e9rie ont couvert 11% des besoins du march\u00e9 local.<\/p>\n<p>La pointe a \u00e9volu\u00e9 de 5% pour se situer \u00e0 4677 MW \u00e0 fin septembre 2022. Un nouveau record national a \u00e9t\u00e9 enregistr\u00e9 le 8 septembre 2022 (4677 MW) d\u00e9passant ainsi celui d\u2019ao\u00fbt 2022 (4657 MW), sachant que c\u2019est la premi\u00e8re fois qu\u2019une pointe annuelle est enregistr\u00e9e courant le mois de septembre.<\/p>\n<p>La STEG conserve toujours la part du lion dans la production \u00e9lectrique avec 95% de la production nationale \u00e0 fin septembre 2022.<br \/>\nL\u2019\u00e9lectricit\u00e9 produite \u00e0 partir de gaz naturel (STEG + IPP) a diminu\u00e9 de 1%. La production d\u2019\u00e9lectricit\u00e9 \u00e0 partir des \u00e9nergies renouvelables s\u2019est situ\u00e9e \u00e0 1,8% (en tenant compte de la production des centrales uniquement).<\/p>\n<p>Les ventes d\u2019\u00e9lectricit\u00e9 ont \u00e9volu\u00e9 de 6% entre fin septembre 2022 et fin septembre 2021. Les ventes des clients de la haute tension se sont repli\u00e9es de 5%, celles des clients de la moyenne tension ont enregistr\u00e9, par contre, une hausse de 6%.<\/p>\n<p>Les industriels restent les plus grands consommateurs d\u2019\u00e9lectricit\u00e9 avec 59% de la totalit\u00e9 de la demande des clients HT&amp;MT \u00e0 fin septembre 2022.<\/p>\n<p>La majorit\u00e9 des secteurs ont enregistr\u00e9 une hausse des ventes principalement le tourisme (+54%), les industries du textile et de l\u2019habillement (+9%), le papier et l\u2019\u00e9dition (+6%), contre une baisse des ventes des industries alimentaires et du tabac (5%), les industries de mat\u00e9riaux construction (4%), ainsi que les industries extractives (-1%).<\/p>\n","protected":false},"excerpt":{"rendered":"<p>La production totale d\u2019\u00e9lectricit\u00e9 a l\u00e9g\u00e8rement diminu\u00e9 de 1% \u00e0 fin septembre 2022 par rapport \u00e0 la m\u00eame p\u00e9riode de 2021, se situant \u00e0 15 433 GWh (hors autoprod&#8230;<\/p>\n","protected":false},"author":3196,"featured_media":253028,"comment_status":"open","ping_status":"closed","sticky":false,"template":"","format":"standard","meta":{"footnotes":""},"categories":[44],"tags":[3765,2608],"class_list":["post-200050","post","type-post","status-publish","format-standard","has-post-thumbnail","hentry","category-national","tag-electricite","tag-tunisie"],"yoast_head":"<!-- This site is optimized with the Yoast SEO Premium plugin v27.4 (Yoast SEO v27.5) - https:\/\/yoast.com\/product\/yoast-seo-premium-wordpress\/ -->\n<title>Augmentation de la production d\u2019\u00e9lectricit\u00e9 destin\u00e9e au march\u00e9 local\u00a0<\/title>\n<meta name=\"description\" content=\"La production totale d\u2019\u00e9lectricit\u00e9 a l\u00e9g\u00e8rement diminu\u00e9 de 1% \u00e0 fin septembre 2022 par rapport \u00e0 la m\u00eame p\u00e9riode de 2021, se situant \u00e0 15 433 GWh (hors autoprod...\" \/>\n<link rel=\"canonical\" href=\"https:\/\/www.webdo.tn\/fr\/actualite\/national\/augmentation-de-la-production-d-electricite-destinee-au-marche-local\/200050\/\" \/>\n<meta property=\"og:locale\" content=\"fr_FR\" \/>\n<meta property=\"og:type\" content=\"article\" \/>\n<meta property=\"og:title\" content=\"Augmentation de la production d\u2019\u00e9lectricit\u00e9 destin\u00e9e au march\u00e9 local\u00a0\" \/>\n<meta property=\"og:description\" content=\"La production totale d\u2019\u00e9lectricit\u00e9 a l\u00e9g\u00e8rement diminu\u00e9 de 1% \u00e0 fin septembre 2022 par rapport \u00e0 la m\u00eame p\u00e9riode de 2021, se situant \u00e0 15 433 GWh (hors autoprod...\" \/>\n<meta property=\"og:url\" content=\"https:\/\/www.webdo.tn\/fr\/actualite\/national\/augmentation-de-la-production-d-electricite-destinee-au-marche-local\/200050\/\" \/>\n<meta property=\"og:site_name\" content=\"webdo\" \/>\n<meta property=\"article:publisher\" content=\"https:\/\/www.facebook.com\/webdotn\" \/>\n<meta property=\"article:published_time\" content=\"2022-12-01T10:03:00+00:00\" \/>\n<meta property=\"article:modified_time\" content=\"2025-05-20T23:01:24+00:00\" \/>\n<meta property=\"og:image\" content=\"https:\/\/www.webdo.tn\/fr\/wp-content\/uploads\/2022\/12\/f5cc748e4a56bbbb31e3f923d96a14dd.jpg\" \/>\n\t<meta property=\"og:image:width\" content=\"750\" \/>\n\t<meta property=\"og:image:height\" content=\"400\" \/>\n\t<meta property=\"og:image:type\" content=\"image\/jpeg\" \/>\n<meta name=\"author\" content=\"MK\" \/>\n<meta name=\"twitter:card\" content=\"summary_large_image\" \/>\n<meta name=\"twitter:creator\" content=\"@webdo_tn\" \/>\n<meta name=\"twitter:site\" content=\"@webdo_tn\" \/>\n<meta name=\"twitter:label1\" content=\"\u00c9crit par\" \/>\n\t<meta name=\"twitter:data1\" content=\"MK\" \/>\n\t<meta name=\"twitter:label2\" content=\"Dur\u00e9e de lecture estim\u00e9e\" \/>\n\t<meta name=\"twitter:data2\" content=\"2 minutes\" \/>\n<script type=\"application\/ld+json\" class=\"yoast-schema-graph\">{\"@context\":\"https:\\\/\\\/schema.org\",\"@graph\":[{\"@type\":\"NewsArticle\",\"@id\":\"https:\\\/\\\/www.webdo.tn\\\/fr\\\/actualite\\\/national\\\/augmentation-de-la-production-d-electricite-destinee-au-marche-local\\\/200050\\\/#article\",\"isPartOf\":{\"@id\":\"https:\\\/\\\/www.webdo.tn\\\/fr\\\/actualite\\\/national\\\/augmentation-de-la-production-d-electricite-destinee-au-marche-local\\\/200050\\\/\"},\"author\":{\"name\":\"MK\",\"@id\":\"https:\\\/\\\/www.webdo.tn\\\/fr\\\/#\\\/schema\\\/person\\\/c3a9d32fa6d495ca5f4b6510e3db97bf\"},\"headline\":\"Augmentation de la production d\u2019\u00e9lectricit\u00e9 destin\u00e9e au march\u00e9 local\u00a0\",\"datePublished\":\"2022-12-01T10:03:00+00:00\",\"dateModified\":\"2025-05-20T23:01:24+00:00\",\"mainEntityOfPage\":{\"@id\":\"https:\\\/\\\/www.webdo.tn\\\/fr\\\/actualite\\\/national\\\/augmentation-de-la-production-d-electricite-destinee-au-marche-local\\\/200050\\\/\"},\"wordCount\":326,\"commentCount\":0,\"publisher\":{\"@id\":\"https:\\\/\\\/www.webdo.tn\\\/fr\\\/#organization\"},\"image\":{\"@id\":\"https:\\\/\\\/www.webdo.tn\\\/fr\\\/actualite\\\/national\\\/augmentation-de-la-production-d-electricite-destinee-au-marche-local\\\/200050\\\/#primaryimage\"},\"thumbnailUrl\":\"https:\\\/\\\/www.webdo.tn\\\/fr\\\/wp-content\\\/uploads\\\/2022\\\/12\\\/f5cc748e4a56bbbb31e3f923d96a14dd.jpg\",\"keywords\":[\"\u00e9lectricit\u00e9\",\"Tunisie\"],\"articleSection\":[\"National\"],\"inLanguage\":\"fr-FR\"},{\"@type\":\"WebPage\",\"@id\":\"https:\\\/\\\/www.webdo.tn\\\/fr\\\/actualite\\\/national\\\/augmentation-de-la-production-d-electricite-destinee-au-marche-local\\\/200050\\\/\",\"url\":\"https:\\\/\\\/www.webdo.tn\\\/fr\\\/actualite\\\/national\\\/augmentation-de-la-production-d-electricite-destinee-au-marche-local\\\/200050\\\/\",\"name\":\"Augmentation de la production d\u2019\u00e9lectricit\u00e9 destin\u00e9e au march\u00e9 local\u00a0\",\"isPartOf\":{\"@id\":\"https:\\\/\\\/www.webdo.tn\\\/fr\\\/#website\"},\"primaryImageOfPage\":{\"@id\":\"https:\\\/\\\/www.webdo.tn\\\/fr\\\/actualite\\\/national\\\/augmentation-de-la-production-d-electricite-destinee-au-marche-local\\\/200050\\\/#primaryimage\"},\"image\":{\"@id\":\"https:\\\/\\\/www.webdo.tn\\\/fr\\\/actualite\\\/national\\\/augmentation-de-la-production-d-electricite-destinee-au-marche-local\\\/200050\\\/#primaryimage\"},\"thumbnailUrl\":\"https:\\\/\\\/www.webdo.tn\\\/fr\\\/wp-content\\\/uploads\\\/2022\\\/12\\\/f5cc748e4a56bbbb31e3f923d96a14dd.jpg\",\"datePublished\":\"2022-12-01T10:03:00+00:00\",\"dateModified\":\"2025-05-20T23:01:24+00:00\",\"description\":\"La production totale d\u2019\u00e9lectricit\u00e9 a l\u00e9g\u00e8rement diminu\u00e9 de 1% \u00e0 fin septembre 2022 par rapport \u00e0 la m\u00eame p\u00e9riode de 2021, se situant \u00e0 15 433 GWh (hors autoprod...\",\"breadcrumb\":{\"@id\":\"https:\\\/\\\/www.webdo.tn\\\/fr\\\/actualite\\\/national\\\/augmentation-de-la-production-d-electricite-destinee-au-marche-local\\\/200050\\\/#breadcrumb\"},\"inLanguage\":\"fr-FR\",\"potentialAction\":[{\"@type\":\"ReadAction\",\"target\":[\"https:\\\/\\\/www.webdo.tn\\\/fr\\\/actualite\\\/national\\\/augmentation-de-la-production-d-electricite-destinee-au-marche-local\\\/200050\\\/\"]}]},{\"@type\":\"ImageObject\",\"inLanguage\":\"fr-FR\",\"@id\":\"https:\\\/\\\/www.webdo.tn\\\/fr\\\/actualite\\\/national\\\/augmentation-de-la-production-d-electricite-destinee-au-marche-local\\\/200050\\\/#primaryimage\",\"url\":\"https:\\\/\\\/www.webdo.tn\\\/fr\\\/wp-content\\\/uploads\\\/2022\\\/12\\\/f5cc748e4a56bbbb31e3f923d96a14dd.jpg\",\"contentUrl\":\"https:\\\/\\\/www.webdo.tn\\\/fr\\\/wp-content\\\/uploads\\\/2022\\\/12\\\/f5cc748e4a56bbbb31e3f923d96a14dd.jpg\",\"width\":750,\"height\":400,\"caption\":\"\u00e9l\u00e9ctricit\u00e9 tunisie\"},{\"@type\":\"BreadcrumbList\",\"@id\":\"https:\\\/\\\/www.webdo.tn\\\/fr\\\/actualite\\\/national\\\/augmentation-de-la-production-d-electricite-destinee-au-marche-local\\\/200050\\\/#breadcrumb\",\"itemListElement\":[{\"@type\":\"ListItem\",\"position\":1,\"name\":\"Accueil\",\"item\":\"https:\\\/\\\/www.webdo.tn\\\/fr\\\/\"},{\"@type\":\"ListItem\",\"position\":2,\"name\":\"Augmentation de la production d\u2019\u00e9lectricit\u00e9 destin\u00e9e au march\u00e9 local\u00a0\"}]},{\"@type\":\"WebSite\",\"@id\":\"https:\\\/\\\/www.webdo.tn\\\/fr\\\/#website\",\"url\":\"https:\\\/\\\/www.webdo.tn\\\/fr\\\/\",\"name\":\"webdo\",\"description\":\"Tunisie - News en Tunisie et \u00e0 l&#039;international sur Webdo.tn\",\"publisher\":{\"@id\":\"https:\\\/\\\/www.webdo.tn\\\/fr\\\/#organization\"},\"potentialAction\":[{\"@type\":\"SearchAction\",\"target\":{\"@type\":\"EntryPoint\",\"urlTemplate\":\"https:\\\/\\\/www.webdo.tn\\\/fr\\\/?s={search_term_string}\"},\"query-input\":{\"@type\":\"PropertyValueSpecification\",\"valueRequired\":true,\"valueName\":\"search_term_string\"}}],\"inLanguage\":\"fr-FR\"},{\"@type\":\"Organization\",\"@id\":\"https:\\\/\\\/www.webdo.tn\\\/fr\\\/#organization\",\"name\":\"Webdo\",\"alternateName\":\"Webdo.tn\",\"url\":\"https:\\\/\\\/www.webdo.tn\\\/fr\\\/\",\"logo\":{\"@type\":\"ImageObject\",\"inLanguage\":\"fr-FR\",\"@id\":\"https:\\\/\\\/www.webdo.tn\\\/fr\\\/#\\\/schema\\\/logo\\\/image\\\/\",\"url\":\"https:\\\/\\\/www.webdo.tn\\\/fr\\\/wp-content\\\/uploads\\\/2025\\\/06\\\/Webdo-Tunisie_168377.jpg\",\"contentUrl\":\"https:\\\/\\\/www.webdo.tn\\\/fr\\\/wp-content\\\/uploads\\\/2025\\\/06\\\/Webdo-Tunisie_168377.jpg\",\"width\":301,\"height\":301,\"caption\":\"Webdo\"},\"image\":{\"@id\":\"https:\\\/\\\/www.webdo.tn\\\/fr\\\/#\\\/schema\\\/logo\\\/image\\\/\"},\"sameAs\":[\"https:\\\/\\\/www.facebook.com\\\/webdotn\",\"https:\\\/\\\/x.com\\\/webdo_tn\"],\"description\":\"Webdo est un m\u00e9dia num\u00e9rique tunisien fond\u00e9 en 2010, sp\u00e9cialis\u00e9 dans l\u2019actualit\u00e9 nationale et internationale, l\u2019\u00e9conomie, la soci\u00e9t\u00e9 et les analyses politiques. Le site s\u2019adresse \u00e0 un large public francophone et couvre l\u2019information tunisienne en temps r\u00e9el.\",\"email\":\"redac@webdo.tn\",\"legalName\":\"YNJ SARL\",\"foundingDate\":\"2010-09-06\",\"numberOfEmployees\":{\"@type\":\"QuantitativeValue\",\"minValue\":\"11\",\"maxValue\":\"50\"}},{\"@type\":\"Person\",\"@id\":\"https:\\\/\\\/www.webdo.tn\\\/fr\\\/#\\\/schema\\\/person\\\/c3a9d32fa6d495ca5f4b6510e3db97bf\",\"name\":\"MK\",\"image\":{\"@type\":\"ImageObject\",\"inLanguage\":\"fr-FR\",\"@id\":\"https:\\\/\\\/secure.gravatar.com\\\/avatar\\\/6d44f937f19929f3b75db77056d3e08abd6e302e71bcfea340cd8b00c13e7baf?s=96&d=mm&r=g\",\"url\":\"https:\\\/\\\/secure.gravatar.com\\\/avatar\\\/6d44f937f19929f3b75db77056d3e08abd6e302e71bcfea340cd8b00c13e7baf?s=96&d=mm&r=g\",\"contentUrl\":\"https:\\\/\\\/secure.gravatar.com\\\/avatar\\\/6d44f937f19929f3b75db77056d3e08abd6e302e71bcfea340cd8b00c13e7baf?s=96&d=mm&r=g\",\"caption\":\"MK\"},\"url\":\"https:\\\/\\\/www.webdo.tn\\\/fr\\\/actualite\\\/author\\\/mk\\\/\"}]}<\/script>\n<!-- \/ Yoast SEO Premium plugin. -->","yoast_head_json":{"title":"Augmentation de la production d\u2019\u00e9lectricit\u00e9 destin\u00e9e au march\u00e9 local\u00a0","description":"La production totale d\u2019\u00e9lectricit\u00e9 a l\u00e9g\u00e8rement diminu\u00e9 de 1% \u00e0 fin septembre 2022 par rapport \u00e0 la m\u00eame p\u00e9riode de 2021, se situant \u00e0 15 433 GWh (hors autoprod...","canonical":"https:\/\/www.webdo.tn\/fr\/actualite\/national\/augmentation-de-la-production-d-electricite-destinee-au-marche-local\/200050\/","og_locale":"fr_FR","og_type":"article","og_title":"Augmentation de la production d\u2019\u00e9lectricit\u00e9 destin\u00e9e au march\u00e9 local\u00a0","og_description":"La production totale d\u2019\u00e9lectricit\u00e9 a l\u00e9g\u00e8rement diminu\u00e9 de 1% \u00e0 fin septembre 2022 par rapport \u00e0 la m\u00eame p\u00e9riode de 2021, se situant \u00e0 15 433 GWh (hors autoprod...","og_url":"https:\/\/www.webdo.tn\/fr\/actualite\/national\/augmentation-de-la-production-d-electricite-destinee-au-marche-local\/200050\/","og_site_name":"webdo","article_publisher":"https:\/\/www.facebook.com\/webdotn","article_published_time":"2022-12-01T10:03:00+00:00","article_modified_time":"2025-05-20T23:01:24+00:00","og_image":[{"width":750,"height":400,"url":"https:\/\/www.webdo.tn\/fr\/wp-content\/uploads\/2022\/12\/f5cc748e4a56bbbb31e3f923d96a14dd.jpg","type":"image\/jpeg"}],"author":"MK","twitter_card":"summary_large_image","twitter_creator":"@webdo_tn","twitter_site":"@webdo_tn","twitter_misc":{"\u00c9crit par":"MK","Dur\u00e9e de lecture estim\u00e9e":"2 minutes"},"schema":{"@context":"https:\/\/schema.org","@graph":[{"@type":"NewsArticle","@id":"https:\/\/www.webdo.tn\/fr\/actualite\/national\/augmentation-de-la-production-d-electricite-destinee-au-marche-local\/200050\/#article","isPartOf":{"@id":"https:\/\/www.webdo.tn\/fr\/actualite\/national\/augmentation-de-la-production-d-electricite-destinee-au-marche-local\/200050\/"},"author":{"name":"MK","@id":"https:\/\/www.webdo.tn\/fr\/#\/schema\/person\/c3a9d32fa6d495ca5f4b6510e3db97bf"},"headline":"Augmentation de la production d\u2019\u00e9lectricit\u00e9 destin\u00e9e au march\u00e9 local\u00a0","datePublished":"2022-12-01T10:03:00+00:00","dateModified":"2025-05-20T23:01:24+00:00","mainEntityOfPage":{"@id":"https:\/\/www.webdo.tn\/fr\/actualite\/national\/augmentation-de-la-production-d-electricite-destinee-au-marche-local\/200050\/"},"wordCount":326,"commentCount":0,"publisher":{"@id":"https:\/\/www.webdo.tn\/fr\/#organization"},"image":{"@id":"https:\/\/www.webdo.tn\/fr\/actualite\/national\/augmentation-de-la-production-d-electricite-destinee-au-marche-local\/200050\/#primaryimage"},"thumbnailUrl":"https:\/\/www.webdo.tn\/fr\/wp-content\/uploads\/2022\/12\/f5cc748e4a56bbbb31e3f923d96a14dd.jpg","keywords":["\u00e9lectricit\u00e9","Tunisie"],"articleSection":["National"],"inLanguage":"fr-FR"},{"@type":"WebPage","@id":"https:\/\/www.webdo.tn\/fr\/actualite\/national\/augmentation-de-la-production-d-electricite-destinee-au-marche-local\/200050\/","url":"https:\/\/www.webdo.tn\/fr\/actualite\/national\/augmentation-de-la-production-d-electricite-destinee-au-marche-local\/200050\/","name":"Augmentation de la production d\u2019\u00e9lectricit\u00e9 destin\u00e9e au march\u00e9 local\u00a0","isPartOf":{"@id":"https:\/\/www.webdo.tn\/fr\/#website"},"primaryImageOfPage":{"@id":"https:\/\/www.webdo.tn\/fr\/actualite\/national\/augmentation-de-la-production-d-electricite-destinee-au-marche-local\/200050\/#primaryimage"},"image":{"@id":"https:\/\/www.webdo.tn\/fr\/actualite\/national\/augmentation-de-la-production-d-electricite-destinee-au-marche-local\/200050\/#primaryimage"},"thumbnailUrl":"https:\/\/www.webdo.tn\/fr\/wp-content\/uploads\/2022\/12\/f5cc748e4a56bbbb31e3f923d96a14dd.jpg","datePublished":"2022-12-01T10:03:00+00:00","dateModified":"2025-05-20T23:01:24+00:00","description":"La production totale d\u2019\u00e9lectricit\u00e9 a l\u00e9g\u00e8rement diminu\u00e9 de 1% \u00e0 fin septembre 2022 par rapport \u00e0 la m\u00eame p\u00e9riode de 2021, se situant \u00e0 15 433 GWh (hors autoprod...","breadcrumb":{"@id":"https:\/\/www.webdo.tn\/fr\/actualite\/national\/augmentation-de-la-production-d-electricite-destinee-au-marche-local\/200050\/#breadcrumb"},"inLanguage":"fr-FR","potentialAction":[{"@type":"ReadAction","target":["https:\/\/www.webdo.tn\/fr\/actualite\/national\/augmentation-de-la-production-d-electricite-destinee-au-marche-local\/200050\/"]}]},{"@type":"ImageObject","inLanguage":"fr-FR","@id":"https:\/\/www.webdo.tn\/fr\/actualite\/national\/augmentation-de-la-production-d-electricite-destinee-au-marche-local\/200050\/#primaryimage","url":"https:\/\/www.webdo.tn\/fr\/wp-content\/uploads\/2022\/12\/f5cc748e4a56bbbb31e3f923d96a14dd.jpg","contentUrl":"https:\/\/www.webdo.tn\/fr\/wp-content\/uploads\/2022\/12\/f5cc748e4a56bbbb31e3f923d96a14dd.jpg","width":750,"height":400,"caption":"\u00e9l\u00e9ctricit\u00e9 tunisie"},{"@type":"BreadcrumbList","@id":"https:\/\/www.webdo.tn\/fr\/actualite\/national\/augmentation-de-la-production-d-electricite-destinee-au-marche-local\/200050\/#breadcrumb","itemListElement":[{"@type":"ListItem","position":1,"name":"Accueil","item":"https:\/\/www.webdo.tn\/fr\/"},{"@type":"ListItem","position":2,"name":"Augmentation de la production d\u2019\u00e9lectricit\u00e9 destin\u00e9e au march\u00e9 local\u00a0"}]},{"@type":"WebSite","@id":"https:\/\/www.webdo.tn\/fr\/#website","url":"https:\/\/www.webdo.tn\/fr\/","name":"webdo","description":"Tunisie - News en Tunisie et \u00e0 l&#039;international sur Webdo.tn","publisher":{"@id":"https:\/\/www.webdo.tn\/fr\/#organization"},"potentialAction":[{"@type":"SearchAction","target":{"@type":"EntryPoint","urlTemplate":"https:\/\/www.webdo.tn\/fr\/?s={search_term_string}"},"query-input":{"@type":"PropertyValueSpecification","valueRequired":true,"valueName":"search_term_string"}}],"inLanguage":"fr-FR"},{"@type":"Organization","@id":"https:\/\/www.webdo.tn\/fr\/#organization","name":"Webdo","alternateName":"Webdo.tn","url":"https:\/\/www.webdo.tn\/fr\/","logo":{"@type":"ImageObject","inLanguage":"fr-FR","@id":"https:\/\/www.webdo.tn\/fr\/#\/schema\/logo\/image\/","url":"https:\/\/www.webdo.tn\/fr\/wp-content\/uploads\/2025\/06\/Webdo-Tunisie_168377.jpg","contentUrl":"https:\/\/www.webdo.tn\/fr\/wp-content\/uploads\/2025\/06\/Webdo-Tunisie_168377.jpg","width":301,"height":301,"caption":"Webdo"},"image":{"@id":"https:\/\/www.webdo.tn\/fr\/#\/schema\/logo\/image\/"},"sameAs":["https:\/\/www.facebook.com\/webdotn","https:\/\/x.com\/webdo_tn"],"description":"Webdo est un m\u00e9dia num\u00e9rique tunisien fond\u00e9 en 2010, sp\u00e9cialis\u00e9 dans l\u2019actualit\u00e9 nationale et internationale, l\u2019\u00e9conomie, la soci\u00e9t\u00e9 et les analyses politiques. Le site s\u2019adresse \u00e0 un large public francophone et couvre l\u2019information tunisienne en temps r\u00e9el.","email":"redac@webdo.tn","legalName":"YNJ SARL","foundingDate":"2010-09-06","numberOfEmployees":{"@type":"QuantitativeValue","minValue":"11","maxValue":"50"}},{"@type":"Person","@id":"https:\/\/www.webdo.tn\/fr\/#\/schema\/person\/c3a9d32fa6d495ca5f4b6510e3db97bf","name":"MK","image":{"@type":"ImageObject","inLanguage":"fr-FR","@id":"https:\/\/secure.gravatar.com\/avatar\/6d44f937f19929f3b75db77056d3e08abd6e302e71bcfea340cd8b00c13e7baf?s=96&d=mm&r=g","url":"https:\/\/secure.gravatar.com\/avatar\/6d44f937f19929f3b75db77056d3e08abd6e302e71bcfea340cd8b00c13e7baf?s=96&d=mm&r=g","contentUrl":"https:\/\/secure.gravatar.com\/avatar\/6d44f937f19929f3b75db77056d3e08abd6e302e71bcfea340cd8b00c13e7baf?s=96&d=mm&r=g","caption":"MK"},"url":"https:\/\/www.webdo.tn\/fr\/actualite\/author\/mk\/"}]}},"_links":{"self":[{"href":"https:\/\/www.webdo.tn\/fr\/wp-json\/wp\/v2\/posts\/200050","targetHints":{"allow":["GET"]}}],"collection":[{"href":"https:\/\/www.webdo.tn\/fr\/wp-json\/wp\/v2\/posts"}],"about":[{"href":"https:\/\/www.webdo.tn\/fr\/wp-json\/wp\/v2\/types\/post"}],"author":[{"embeddable":true,"href":"https:\/\/www.webdo.tn\/fr\/wp-json\/wp\/v2\/users\/3196"}],"replies":[{"embeddable":true,"href":"https:\/\/www.webdo.tn\/fr\/wp-json\/wp\/v2\/comments?post=200050"}],"version-history":[{"count":0,"href":"https:\/\/www.webdo.tn\/fr\/wp-json\/wp\/v2\/posts\/200050\/revisions"}],"wp:featuredmedia":[{"embeddable":true,"href":"https:\/\/www.webdo.tn\/fr\/wp-json\/wp\/v2\/media\/253028"}],"wp:attachment":[{"href":"https:\/\/www.webdo.tn\/fr\/wp-json\/wp\/v2\/media?parent=200050"}],"wp:term":[{"taxonomy":"category","embeddable":true,"href":"https:\/\/www.webdo.tn\/fr\/wp-json\/wp\/v2\/categories?post=200050"},{"taxonomy":"post_tag","embeddable":true,"href":"https:\/\/www.webdo.tn\/fr\/wp-json\/wp\/v2\/tags?post=200050"}],"curies":[{"name":"wp","href":"https:\/\/api.w.org\/{rel}","templated":true}]}}