{"id":200042,"date":"2022-12-01T07:43:00","date_gmt":"2022-12-01T07:43:00","guid":{"rendered":"https:\/\/www.webdo.tn\/fr\/blog\/la-libye-annonce-le-paiement-de-ses-dettes-envers-la-tunisie\/200042\/"},"modified":"2025-05-20T22:48:04","modified_gmt":"2025-05-20T22:48:04","slug":"la-libye-annonce-le-paiement-de-ses-dettes-envers-la-tunisie","status":"publish","type":"post","link":"https:\/\/www.webdo.tn\/fr\/actualite\/national\/la-libye-annonce-le-paiement-de-ses-dettes-envers-la-tunisie\/200042\/","title":{"rendered":"La Libye annonce le paiement de ses dettes envers la Tunisie"},"content":{"rendered":"<p>Le premier ministre du Gouvernement libyen d&rsquo;union nationale, Abdelhamid Dbeibah, en visite hier mercredi 30 novembre \u00e0 Tunis, a fait savoir que son pays a r\u00e9gl\u00e9 ses dettes envers la Tunisie.<\/p>\n<p>\t\t\t\t\t\t\t\t\tS\u2019exprimant lord d\u2019un point de presse avec la cheffe du gouvernement Najla Bouden, il a annonc\u00e9 en effet un accord sur le r\u00e8glement des dettes libyennes envers la Tunisie, qu&rsquo;elles soient li\u00e9es \u00e0 la sant\u00e9, au transport a\u00e9rien, \u00e0 l&rsquo;\u00e9lectricit\u00e9 ou autres.<\/p>\n<p>\u00ab\u00a0Les discussions ont d\u00e9gag\u00e9 les nuages qui pouvaient \u00eatre pr\u00e9sents\u00a0\u00bb, a-t-il insist\u00e9.\u00a0<\/p>\n<p>Rappelons qu\u2019une importante r\u00e9union de travail a eu lieu hier entre les deux parties. Les moyens de renforcer la coop\u00e9ration entre la Tunisie et la Libye, ont \u00e9t\u00e9 au centre de la rencontre qui a r\u00e9uni mercredi, au Palais du gouvernement \u00e0 la Kasbah, deux d\u00e9l\u00e9gations de haut niveau des deux pays.<\/p>\n<p>La cheffe du gouvernement Najla Bouden, qui a pr\u00e9sid\u00e9la d\u00e9l\u00e9gation tunisienne, a insist\u00e9, \u00e0 cette occasion, sur l&rsquo;importance de cette r\u00e9union bilat\u00e9rale pour renforcer les liens de solidarit\u00e9 et de coop\u00e9ration unissant les deux pays.<\/p>\n<p>Elle a ainsi r\u00e9it\u00e9r\u00e9 la position de la Tunisie en faveur d&rsquo;une r\u00e9solution durable de la situation en Libye, de mani\u00e8re \u00e0 r\u00e9tablir la paix et la stabilit\u00e9 dans ce pays fr\u00e8re.<\/p>\n","protected":false},"excerpt":{"rendered":"<p>Le premier ministre du Gouvernement libyen d&rsquo;union nationale, Abdelhamid Dbeibah, en visite hier mercredi 30 novembre \u00e0 Tunis, a fait savoir que son pays a r\u00e9gl&#8230;<\/p>\n","protected":false},"author":3175,"featured_media":277371,"comment_status":"open","ping_status":"closed","sticky":false,"template":"","format":"standard","meta":{"footnotes":""},"categories":[44],"tags":[3940,3279,2608],"class_list":["post-200042","post","type-post","status-publish","format-standard","has-post-thumbnail","hentry","category-national","tag-dettes","tag-libye","tag-tunisie"],"yoast_head":"<!-- This site is optimized with the Yoast SEO Premium plugin v27.5 (Yoast SEO v27.5) - https:\/\/yoast.com\/product\/yoast-seo-premium-wordpress\/ -->\n<title>La Libye annonce le paiement de ses dettes envers la Tunisie<\/title>\n<meta name=\"description\" content=\"Le premier ministre du Gouvernement libyen d&#039;union nationale, Abdelhamid Dbeibah, en visite hier mercredi 30 novembre \u00e0 Tunis, a fait savoir que son pays a r\u00e9gl...\" \/>\n<link rel=\"canonical\" href=\"https:\/\/www.webdo.tn\/fr\/actualite\/national\/la-libye-annonce-le-paiement-de-ses-dettes-envers-la-tunisie\/200042\/\" \/>\n<meta property=\"og:locale\" content=\"fr_FR\" \/>\n<meta property=\"og:type\" content=\"article\" \/>\n<meta property=\"og:title\" content=\"La Libye annonce le paiement de ses dettes envers la Tunisie\" \/>\n<meta property=\"og:description\" content=\"Le premier ministre du Gouvernement libyen d&#039;union nationale, Abdelhamid Dbeibah, en visite hier mercredi 30 novembre \u00e0 Tunis, a fait savoir que son pays a r\u00e9gl...\" \/>\n<meta property=\"og:url\" content=\"https:\/\/www.webdo.tn\/fr\/actualite\/national\/la-libye-annonce-le-paiement-de-ses-dettes-envers-la-tunisie\/200042\/\" \/>\n<meta property=\"og:site_name\" content=\"webdo\" \/>\n<meta property=\"article:publisher\" content=\"https:\/\/www.facebook.com\/webdotn\" \/>\n<meta property=\"article:published_time\" content=\"2022-12-01T07:43:00+00:00\" \/>\n<meta property=\"article:modified_time\" content=\"2025-05-20T22:48:04+00:00\" \/>\n<meta property=\"og:image\" content=\"https:\/\/www.webdo.tn\/fr\/wp-content\/uploads\/2022\/12\/feced8e760c842b1f14bee8d03cd1944.jpg\" \/>\n\t<meta property=\"og:image:width\" content=\"750\" \/>\n\t<meta property=\"og:image:height\" content=\"400\" \/>\n\t<meta property=\"og:image:type\" content=\"image\/jpeg\" \/>\n<meta name=\"author\" content=\"CL\" \/>\n<meta name=\"twitter:card\" content=\"summary_large_image\" \/>\n<meta name=\"twitter:creator\" content=\"@webdo_tn\" \/>\n<meta name=\"twitter:site\" content=\"@webdo_tn\" \/>\n<meta name=\"twitter:label1\" content=\"\u00c9crit par\" \/>\n\t<meta name=\"twitter:data1\" content=\"CL\" \/>\n\t<meta name=\"twitter:label2\" content=\"Dur\u00e9e de lecture estim\u00e9e\" \/>\n\t<meta name=\"twitter:data2\" content=\"1 minute\" \/>\n<script type=\"application\/ld+json\" class=\"yoast-schema-graph\">{\"@context\":\"https:\\\/\\\/schema.org\",\"@graph\":[{\"@type\":\"NewsArticle\",\"@id\":\"https:\\\/\\\/www.webdo.tn\\\/fr\\\/actualite\\\/national\\\/la-libye-annonce-le-paiement-de-ses-dettes-envers-la-tunisie\\\/200042\\\/#article\",\"isPartOf\":{\"@id\":\"https:\\\/\\\/www.webdo.tn\\\/fr\\\/actualite\\\/national\\\/la-libye-annonce-le-paiement-de-ses-dettes-envers-la-tunisie\\\/200042\\\/\"},\"author\":{\"name\":\"CL\",\"@id\":\"https:\\\/\\\/www.webdo.tn\\\/fr\\\/#\\\/schema\\\/person\\\/f35b42a42c5e2511bbd282959d6385cc\"},\"headline\":\"La Libye annonce le paiement de ses dettes envers la Tunisie\",\"datePublished\":\"2022-12-01T07:43:00+00:00\",\"dateModified\":\"2025-05-20T22:48:04+00:00\",\"mainEntityOfPage\":{\"@id\":\"https:\\\/\\\/www.webdo.tn\\\/fr\\\/actualite\\\/national\\\/la-libye-annonce-le-paiement-de-ses-dettes-envers-la-tunisie\\\/200042\\\/\"},\"wordCount\":240,\"commentCount\":0,\"publisher\":{\"@id\":\"https:\\\/\\\/www.webdo.tn\\\/fr\\\/#organization\"},\"image\":{\"@id\":\"https:\\\/\\\/www.webdo.tn\\\/fr\\\/actualite\\\/national\\\/la-libye-annonce-le-paiement-de-ses-dettes-envers-la-tunisie\\\/200042\\\/#primaryimage\"},\"thumbnailUrl\":\"https:\\\/\\\/www.webdo.tn\\\/fr\\\/wp-content\\\/uploads\\\/2022\\\/12\\\/feced8e760c842b1f14bee8d03cd1944.jpg\",\"keywords\":[\"Dettes\",\"Libye\",\"Tunisie\"],\"articleSection\":[\"National\"],\"inLanguage\":\"fr-FR\"},{\"@type\":\"WebPage\",\"@id\":\"https:\\\/\\\/www.webdo.tn\\\/fr\\\/actualite\\\/national\\\/la-libye-annonce-le-paiement-de-ses-dettes-envers-la-tunisie\\\/200042\\\/\",\"url\":\"https:\\\/\\\/www.webdo.tn\\\/fr\\\/actualite\\\/national\\\/la-libye-annonce-le-paiement-de-ses-dettes-envers-la-tunisie\\\/200042\\\/\",\"name\":\"La Libye annonce le paiement de ses dettes envers la Tunisie\",\"isPartOf\":{\"@id\":\"https:\\\/\\\/www.webdo.tn\\\/fr\\\/#website\"},\"primaryImageOfPage\":{\"@id\":\"https:\\\/\\\/www.webdo.tn\\\/fr\\\/actualite\\\/national\\\/la-libye-annonce-le-paiement-de-ses-dettes-envers-la-tunisie\\\/200042\\\/#primaryimage\"},\"image\":{\"@id\":\"https:\\\/\\\/www.webdo.tn\\\/fr\\\/actualite\\\/national\\\/la-libye-annonce-le-paiement-de-ses-dettes-envers-la-tunisie\\\/200042\\\/#primaryimage\"},\"thumbnailUrl\":\"https:\\\/\\\/www.webdo.tn\\\/fr\\\/wp-content\\\/uploads\\\/2022\\\/12\\\/feced8e760c842b1f14bee8d03cd1944.jpg\",\"datePublished\":\"2022-12-01T07:43:00+00:00\",\"dateModified\":\"2025-05-20T22:48:04+00:00\",\"description\":\"Le premier ministre du Gouvernement libyen d'union nationale, Abdelhamid Dbeibah, en visite hier mercredi 30 novembre \u00e0 Tunis, a fait savoir que son pays a r\u00e9gl...\",\"breadcrumb\":{\"@id\":\"https:\\\/\\\/www.webdo.tn\\\/fr\\\/actualite\\\/national\\\/la-libye-annonce-le-paiement-de-ses-dettes-envers-la-tunisie\\\/200042\\\/#breadcrumb\"},\"inLanguage\":\"fr-FR\",\"potentialAction\":[{\"@type\":\"ReadAction\",\"target\":[\"https:\\\/\\\/www.webdo.tn\\\/fr\\\/actualite\\\/national\\\/la-libye-annonce-le-paiement-de-ses-dettes-envers-la-tunisie\\\/200042\\\/\"]}]},{\"@type\":\"ImageObject\",\"inLanguage\":\"fr-FR\",\"@id\":\"https:\\\/\\\/www.webdo.tn\\\/fr\\\/actualite\\\/national\\\/la-libye-annonce-le-paiement-de-ses-dettes-envers-la-tunisie\\\/200042\\\/#primaryimage\",\"url\":\"https:\\\/\\\/www.webdo.tn\\\/fr\\\/wp-content\\\/uploads\\\/2022\\\/12\\\/feced8e760c842b1f14bee8d03cd1944.jpg\",\"contentUrl\":\"https:\\\/\\\/www.webdo.tn\\\/fr\\\/wp-content\\\/uploads\\\/2022\\\/12\\\/feced8e760c842b1f14bee8d03cd1944.jpg\",\"width\":750,\"height\":400,\"caption\":\"Libye Tunisie\"},{\"@type\":\"BreadcrumbList\",\"@id\":\"https:\\\/\\\/www.webdo.tn\\\/fr\\\/actualite\\\/national\\\/la-libye-annonce-le-paiement-de-ses-dettes-envers-la-tunisie\\\/200042\\\/#breadcrumb\",\"itemListElement\":[{\"@type\":\"ListItem\",\"position\":1,\"name\":\"Accueil\",\"item\":\"https:\\\/\\\/www.webdo.tn\\\/fr\\\/\"},{\"@type\":\"ListItem\",\"position\":2,\"name\":\"La Libye annonce le paiement de ses dettes envers la Tunisie\"}]},{\"@type\":\"WebSite\",\"@id\":\"https:\\\/\\\/www.webdo.tn\\\/fr\\\/#website\",\"url\":\"https:\\\/\\\/www.webdo.tn\\\/fr\\\/\",\"name\":\"webdo\",\"description\":\"Tunisie - News en Tunisie et \u00e0 l&#039;international sur Webdo.tn\",\"publisher\":{\"@id\":\"https:\\\/\\\/www.webdo.tn\\\/fr\\\/#organization\"},\"potentialAction\":[{\"@type\":\"SearchAction\",\"target\":{\"@type\":\"EntryPoint\",\"urlTemplate\":\"https:\\\/\\\/www.webdo.tn\\\/fr\\\/?s={search_term_string}\"},\"query-input\":{\"@type\":\"PropertyValueSpecification\",\"valueRequired\":true,\"valueName\":\"search_term_string\"}}],\"inLanguage\":\"fr-FR\"},{\"@type\":\"Organization\",\"@id\":\"https:\\\/\\\/www.webdo.tn\\\/fr\\\/#organization\",\"name\":\"Webdo\",\"alternateName\":\"Webdo.tn\",\"url\":\"https:\\\/\\\/www.webdo.tn\\\/fr\\\/\",\"logo\":{\"@type\":\"ImageObject\",\"inLanguage\":\"fr-FR\",\"@id\":\"https:\\\/\\\/www.webdo.tn\\\/fr\\\/#\\\/schema\\\/logo\\\/image\\\/\",\"url\":\"https:\\\/\\\/www.webdo.tn\\\/fr\\\/wp-content\\\/uploads\\\/2025\\\/06\\\/Webdo-Tunisie_168377.jpg\",\"contentUrl\":\"https:\\\/\\\/www.webdo.tn\\\/fr\\\/wp-content\\\/uploads\\\/2025\\\/06\\\/Webdo-Tunisie_168377.jpg\",\"width\":301,\"height\":301,\"caption\":\"Webdo\"},\"image\":{\"@id\":\"https:\\\/\\\/www.webdo.tn\\\/fr\\\/#\\\/schema\\\/logo\\\/image\\\/\"},\"sameAs\":[\"https:\\\/\\\/www.facebook.com\\\/webdotn\",\"https:\\\/\\\/x.com\\\/webdo_tn\"],\"description\":\"Webdo est un m\u00e9dia num\u00e9rique tunisien fond\u00e9 en 2010, sp\u00e9cialis\u00e9 dans l\u2019actualit\u00e9 nationale et internationale, l\u2019\u00e9conomie, la soci\u00e9t\u00e9 et les analyses politiques. Le site s\u2019adresse \u00e0 un large public francophone et couvre l\u2019information tunisienne en temps r\u00e9el.\",\"email\":\"redac@webdo.tn\",\"legalName\":\"YNJ SARL\",\"foundingDate\":\"2010-09-06\",\"numberOfEmployees\":{\"@type\":\"QuantitativeValue\",\"minValue\":\"11\",\"maxValue\":\"50\"}},{\"@type\":\"Person\",\"@id\":\"https:\\\/\\\/www.webdo.tn\\\/fr\\\/#\\\/schema\\\/person\\\/f35b42a42c5e2511bbd282959d6385cc\",\"name\":\"CL\",\"image\":{\"@type\":\"ImageObject\",\"inLanguage\":\"fr-FR\",\"@id\":\"https:\\\/\\\/secure.gravatar.com\\\/avatar\\\/1447a49909b67aa657c488aec6512e1dd6143a480c1ecfee9b5b5cd74eb3b59e?s=96&d=mm&r=g\",\"url\":\"https:\\\/\\\/secure.gravatar.com\\\/avatar\\\/1447a49909b67aa657c488aec6512e1dd6143a480c1ecfee9b5b5cd74eb3b59e?s=96&d=mm&r=g\",\"contentUrl\":\"https:\\\/\\\/secure.gravatar.com\\\/avatar\\\/1447a49909b67aa657c488aec6512e1dd6143a480c1ecfee9b5b5cd74eb3b59e?s=96&d=mm&r=g\",\"caption\":\"CL\"},\"url\":\"https:\\\/\\\/www.webdo.tn\\\/fr\\\/actualite\\\/author\\\/cl\\\/\"}]}<\/script>\n<!-- \/ Yoast SEO Premium plugin. -->","yoast_head_json":{"title":"La Libye annonce le paiement de ses dettes envers la Tunisie","description":"Le premier ministre du Gouvernement libyen d'union nationale, Abdelhamid Dbeibah, en visite hier mercredi 30 novembre \u00e0 Tunis, a fait savoir que son pays a r\u00e9gl...","canonical":"https:\/\/www.webdo.tn\/fr\/actualite\/national\/la-libye-annonce-le-paiement-de-ses-dettes-envers-la-tunisie\/200042\/","og_locale":"fr_FR","og_type":"article","og_title":"La Libye annonce le paiement de ses dettes envers la Tunisie","og_description":"Le premier ministre du Gouvernement libyen d'union nationale, Abdelhamid Dbeibah, en visite hier mercredi 30 novembre \u00e0 Tunis, a fait savoir que son pays a r\u00e9gl...","og_url":"https:\/\/www.webdo.tn\/fr\/actualite\/national\/la-libye-annonce-le-paiement-de-ses-dettes-envers-la-tunisie\/200042\/","og_site_name":"webdo","article_publisher":"https:\/\/www.facebook.com\/webdotn","article_published_time":"2022-12-01T07:43:00+00:00","article_modified_time":"2025-05-20T22:48:04+00:00","og_image":[{"width":750,"height":400,"url":"https:\/\/www.webdo.tn\/fr\/wp-content\/uploads\/2022\/12\/feced8e760c842b1f14bee8d03cd1944.jpg","type":"image\/jpeg"}],"author":"CL","twitter_card":"summary_large_image","twitter_creator":"@webdo_tn","twitter_site":"@webdo_tn","twitter_misc":{"\u00c9crit par":"CL","Dur\u00e9e de lecture estim\u00e9e":"1 minute"},"schema":{"@context":"https:\/\/schema.org","@graph":[{"@type":"NewsArticle","@id":"https:\/\/www.webdo.tn\/fr\/actualite\/national\/la-libye-annonce-le-paiement-de-ses-dettes-envers-la-tunisie\/200042\/#article","isPartOf":{"@id":"https:\/\/www.webdo.tn\/fr\/actualite\/national\/la-libye-annonce-le-paiement-de-ses-dettes-envers-la-tunisie\/200042\/"},"author":{"name":"CL","@id":"https:\/\/www.webdo.tn\/fr\/#\/schema\/person\/f35b42a42c5e2511bbd282959d6385cc"},"headline":"La Libye annonce le paiement de ses dettes envers la Tunisie","datePublished":"2022-12-01T07:43:00+00:00","dateModified":"2025-05-20T22:48:04+00:00","mainEntityOfPage":{"@id":"https:\/\/www.webdo.tn\/fr\/actualite\/national\/la-libye-annonce-le-paiement-de-ses-dettes-envers-la-tunisie\/200042\/"},"wordCount":240,"commentCount":0,"publisher":{"@id":"https:\/\/www.webdo.tn\/fr\/#organization"},"image":{"@id":"https:\/\/www.webdo.tn\/fr\/actualite\/national\/la-libye-annonce-le-paiement-de-ses-dettes-envers-la-tunisie\/200042\/#primaryimage"},"thumbnailUrl":"https:\/\/www.webdo.tn\/fr\/wp-content\/uploads\/2022\/12\/feced8e760c842b1f14bee8d03cd1944.jpg","keywords":["Dettes","Libye","Tunisie"],"articleSection":["National"],"inLanguage":"fr-FR"},{"@type":"WebPage","@id":"https:\/\/www.webdo.tn\/fr\/actualite\/national\/la-libye-annonce-le-paiement-de-ses-dettes-envers-la-tunisie\/200042\/","url":"https:\/\/www.webdo.tn\/fr\/actualite\/national\/la-libye-annonce-le-paiement-de-ses-dettes-envers-la-tunisie\/200042\/","name":"La Libye annonce le paiement de ses dettes envers la Tunisie","isPartOf":{"@id":"https:\/\/www.webdo.tn\/fr\/#website"},"primaryImageOfPage":{"@id":"https:\/\/www.webdo.tn\/fr\/actualite\/national\/la-libye-annonce-le-paiement-de-ses-dettes-envers-la-tunisie\/200042\/#primaryimage"},"image":{"@id":"https:\/\/www.webdo.tn\/fr\/actualite\/national\/la-libye-annonce-le-paiement-de-ses-dettes-envers-la-tunisie\/200042\/#primaryimage"},"thumbnailUrl":"https:\/\/www.webdo.tn\/fr\/wp-content\/uploads\/2022\/12\/feced8e760c842b1f14bee8d03cd1944.jpg","datePublished":"2022-12-01T07:43:00+00:00","dateModified":"2025-05-20T22:48:04+00:00","description":"Le premier ministre du Gouvernement libyen d'union nationale, Abdelhamid Dbeibah, en visite hier mercredi 30 novembre \u00e0 Tunis, a fait savoir que son pays a r\u00e9gl...","breadcrumb":{"@id":"https:\/\/www.webdo.tn\/fr\/actualite\/national\/la-libye-annonce-le-paiement-de-ses-dettes-envers-la-tunisie\/200042\/#breadcrumb"},"inLanguage":"fr-FR","potentialAction":[{"@type":"ReadAction","target":["https:\/\/www.webdo.tn\/fr\/actualite\/national\/la-libye-annonce-le-paiement-de-ses-dettes-envers-la-tunisie\/200042\/"]}]},{"@type":"ImageObject","inLanguage":"fr-FR","@id":"https:\/\/www.webdo.tn\/fr\/actualite\/national\/la-libye-annonce-le-paiement-de-ses-dettes-envers-la-tunisie\/200042\/#primaryimage","url":"https:\/\/www.webdo.tn\/fr\/wp-content\/uploads\/2022\/12\/feced8e760c842b1f14bee8d03cd1944.jpg","contentUrl":"https:\/\/www.webdo.tn\/fr\/wp-content\/uploads\/2022\/12\/feced8e760c842b1f14bee8d03cd1944.jpg","width":750,"height":400,"caption":"Libye Tunisie"},{"@type":"BreadcrumbList","@id":"https:\/\/www.webdo.tn\/fr\/actualite\/national\/la-libye-annonce-le-paiement-de-ses-dettes-envers-la-tunisie\/200042\/#breadcrumb","itemListElement":[{"@type":"ListItem","position":1,"name":"Accueil","item":"https:\/\/www.webdo.tn\/fr\/"},{"@type":"ListItem","position":2,"name":"La Libye annonce le paiement de ses dettes envers la Tunisie"}]},{"@type":"WebSite","@id":"https:\/\/www.webdo.tn\/fr\/#website","url":"https:\/\/www.webdo.tn\/fr\/","name":"webdo","description":"Tunisie - News en Tunisie et \u00e0 l&#039;international sur Webdo.tn","publisher":{"@id":"https:\/\/www.webdo.tn\/fr\/#organization"},"potentialAction":[{"@type":"SearchAction","target":{"@type":"EntryPoint","urlTemplate":"https:\/\/www.webdo.tn\/fr\/?s={search_term_string}"},"query-input":{"@type":"PropertyValueSpecification","valueRequired":true,"valueName":"search_term_string"}}],"inLanguage":"fr-FR"},{"@type":"Organization","@id":"https:\/\/www.webdo.tn\/fr\/#organization","name":"Webdo","alternateName":"Webdo.tn","url":"https:\/\/www.webdo.tn\/fr\/","logo":{"@type":"ImageObject","inLanguage":"fr-FR","@id":"https:\/\/www.webdo.tn\/fr\/#\/schema\/logo\/image\/","url":"https:\/\/www.webdo.tn\/fr\/wp-content\/uploads\/2025\/06\/Webdo-Tunisie_168377.jpg","contentUrl":"https:\/\/www.webdo.tn\/fr\/wp-content\/uploads\/2025\/06\/Webdo-Tunisie_168377.jpg","width":301,"height":301,"caption":"Webdo"},"image":{"@id":"https:\/\/www.webdo.tn\/fr\/#\/schema\/logo\/image\/"},"sameAs":["https:\/\/www.facebook.com\/webdotn","https:\/\/x.com\/webdo_tn"],"description":"Webdo est un m\u00e9dia num\u00e9rique tunisien fond\u00e9 en 2010, sp\u00e9cialis\u00e9 dans l\u2019actualit\u00e9 nationale et internationale, l\u2019\u00e9conomie, la soci\u00e9t\u00e9 et les analyses politiques. Le site s\u2019adresse \u00e0 un large public francophone et couvre l\u2019information tunisienne en temps r\u00e9el.","email":"redac@webdo.tn","legalName":"YNJ SARL","foundingDate":"2010-09-06","numberOfEmployees":{"@type":"QuantitativeValue","minValue":"11","maxValue":"50"}},{"@type":"Person","@id":"https:\/\/www.webdo.tn\/fr\/#\/schema\/person\/f35b42a42c5e2511bbd282959d6385cc","name":"CL","image":{"@type":"ImageObject","inLanguage":"fr-FR","@id":"https:\/\/secure.gravatar.com\/avatar\/1447a49909b67aa657c488aec6512e1dd6143a480c1ecfee9b5b5cd74eb3b59e?s=96&d=mm&r=g","url":"https:\/\/secure.gravatar.com\/avatar\/1447a49909b67aa657c488aec6512e1dd6143a480c1ecfee9b5b5cd74eb3b59e?s=96&d=mm&r=g","contentUrl":"https:\/\/secure.gravatar.com\/avatar\/1447a49909b67aa657c488aec6512e1dd6143a480c1ecfee9b5b5cd74eb3b59e?s=96&d=mm&r=g","caption":"CL"},"url":"https:\/\/www.webdo.tn\/fr\/actualite\/author\/cl\/"}]}},"_links":{"self":[{"href":"https:\/\/www.webdo.tn\/fr\/wp-json\/wp\/v2\/posts\/200042","targetHints":{"allow":["GET"]}}],"collection":[{"href":"https:\/\/www.webdo.tn\/fr\/wp-json\/wp\/v2\/posts"}],"about":[{"href":"https:\/\/www.webdo.tn\/fr\/wp-json\/wp\/v2\/types\/post"}],"author":[{"embeddable":true,"href":"https:\/\/www.webdo.tn\/fr\/wp-json\/wp\/v2\/users\/3175"}],"replies":[{"embeddable":true,"href":"https:\/\/www.webdo.tn\/fr\/wp-json\/wp\/v2\/comments?post=200042"}],"version-history":[{"count":0,"href":"https:\/\/www.webdo.tn\/fr\/wp-json\/wp\/v2\/posts\/200042\/revisions"}],"wp:featuredmedia":[{"embeddable":true,"href":"https:\/\/www.webdo.tn\/fr\/wp-json\/wp\/v2\/media\/277371"}],"wp:attachment":[{"href":"https:\/\/www.webdo.tn\/fr\/wp-json\/wp\/v2\/media?parent=200042"}],"wp:term":[{"taxonomy":"category","embeddable":true,"href":"https:\/\/www.webdo.tn\/fr\/wp-json\/wp\/v2\/categories?post=200042"},{"taxonomy":"post_tag","embeddable":true,"href":"https:\/\/www.webdo.tn\/fr\/wp-json\/wp\/v2\/tags?post=200042"}],"curies":[{"name":"wp","href":"https:\/\/api.w.org\/{rel}","templated":true}]}}