{"id":200037,"date":"2022-10-03T11:03:00","date_gmt":"2022-10-03T11:03:00","guid":{"rendered":"https:\/\/www.webdo.tn\/fr\/actualite\/blog\/le-film-egyptien-19b-selectionne-pour-la-competition-internationale-du-44e-festival-international-du-film-du-caire\/200037\/"},"modified":"2025-05-22T11:48:22","modified_gmt":"2025-05-22T11:48:22","slug":"le-film-egyptien-19b-selectionne-pour-la-competition-internationale-du-44e-festival-international-du-film-du-caire","status":"publish","type":"post","link":"https:\/\/www.webdo.tn\/fr\/actualite\/culture\/le-film-egyptien-19b-selectionne-pour-la-competition-internationale-du-44e-festival-international-du-film-du-caire\/200037\/","title":{"rendered":"Cannes 2022 &#8211; Harka : un film bouleversant sur la jeunesse tunisienne en qu\u00eate d&rsquo;un avenir meilleur."},"content":{"rendered":"<div class=\"single-body entry-content typography-copy\" itemprop=\"articleBody\">\n<p style=\"font-weight: bold; text-align: justify\">\n\t\t\t\t\t\t\t\t\tAccueilli par un standing ovation lors de sa projection en comp\u00e9tition dans la section Un certain Regard lors de la 75\u00e8me \u00e9dition du festival de Cannes, le film tunisien Harka est un v\u00e9ritable coup de poing, une \u0153uvre bouleversante et engag\u00e9e qui met en lumi\u00e8re les difficult\u00e9s rencontr\u00e9es par une jeunesse en qu\u00eate d&rsquo;un avenir meilleur, en Tunisie. \u00c0 travers le personnage d&rsquo;Ali, Lotfy Nathan le r\u00e9alisateur, nous transporte dans une r\u00e9alit\u00e9 quotidienne faite d&rsquo;injustices, de frustrations et de col\u00e8re, qui peine \u00e0 trouver un exutoire.\n\t\t\t\t\t\t\t\t<\/p>\n<div class=\"coprs\" style=\"text-align: center\"><\/div>\n<div class=\"coprs\" style=\"text-align: justify\">\n<p><span><span><img decoding=\"async\" alt=\"\" height=\"319\" src=\"\/assets\/uploads\/images\/Neila\/__thumbs\/CANNES%202022%20SIGNATURE%20Saumon.jpg\/CANNES%202022%20SIGNATURE%20Saumon__85x320.jpg\" width=\"85\"><\/span><\/span><\/p>\n<p>\u00a0<\/p>\n<p><span><span>Le film prend place dans la ville de Sidi Bouzid, lieu embl\u00e9matique de la r\u00e9volution tunisienne de 2010, et de la fameuse immolation de Mohamed Bouazizi, qui a profond\u00e9ment marqu\u00e9 les esprits. Le r\u00e9alisateur s&rsquo;inspire librement de cette histoire pour donner vie \u00e0 son personnage principal, Ali, un jeune homme qui vend de l&rsquo;essence de contrebande pour subvenir aux besoins de sa famille, apr\u00e8s le d\u00e9c\u00e8s de son p\u00e8re.<\/span><\/span><\/p>\n<p>\u00a0<\/p>\n<p><iframe allowfullscreen=\"true\" frameborder=\"0\" height=\"317\" scrolling=\"no\" src=\"https:\/\/www.facebook.com\/plugins\/video.php?height=317&amp;href=https%3A%2F%2Fwww.facebook.com%2Fmassir.destiniii%2Fvideos%2F5194545083964099%2F&amp;show_text=false&amp;width=560&amp;t=0\" width=\"560\"><\/iframe><\/p>\n<p><span><span><em>Harka<\/em> est port\u00e9 par la performance exceptionnelle du jeune acteur Adam Bessa, qui incarne avec justesse et sensibilit\u00e9 la col\u00e8re et la frustration d&rsquo;un jeune homme qui se retrouve soudain confront\u00e9 \u00e0 des responsabilit\u00e9s qui le d\u00e9passent. On ressent toute la douleur et la rage qu&rsquo;il \u00e9prouve face \u00e0 une soci\u00e9t\u00e9 qui ne lui donne aucune chance de s&rsquo;en sortir, et qui semble vouloir l&rsquo;\u00e9touffer, et ne lui laisser qu\u2019une seule solution\u00a0: la <em>Harka<\/em>. Mais quelle <em>Harka<\/em>\u00a0?!<strong>*<\/strong><\/span><\/span><\/p>\n<p><span><span>Le film aborde avec beaucoup de justesse les probl\u00e8mes sociaux et \u00e9conomiques qui minent la Tunisie, dix ans apr\u00e8s la r\u00e9volution. Il montre la difficult\u00e9 pour les jeunes tunisiens de trouver un emploi, de se loger d\u00e9cemment, et de subvenir aux besoins de leur famille. Les institutions semblent totalement impuissantes face \u00e0 ces probl\u00e8mes, et Ali se retrouve sans cesse confront\u00e9 \u00e0 des murs de bureaucratie, qui lui refusent toute aide.<\/p>\n<p>Bien que l&rsquo;histoire soit banale et que le th\u00e8me ait \u00e9t\u00e9 maintes fois abord\u00e9 dans les films et feuilletons tunisiens, la simplicit\u00e9 de la narration \u00e9meut dans cette \u0153uvre. Ce qui distingue cette production des autres, c&rsquo;est la sobri\u00e9t\u00e9 avec laquelle elle est racont\u00e9e. <\/span><\/span><\/p>\n<p><span><span>En outre, le personnage d&rsquo;Ali est \u00e9galement diff\u00e9rent des personnages typiques que l&rsquo;on rencontre dans les films r\u00e9alis\u00e9s par des Tunisiens. Il est un jeune homme int\u00e8gre et responsable qui a tout essay\u00e9 pour r\u00e9ussir, mais s&rsquo;est heurt\u00e9 \u00e0 un mur d&rsquo;incomp\u00e9tence et d\u2019incompr\u00e9hension. Il est \u00e9galement touchant \u00e0 plus d&rsquo;un titre. Il est sain et n&rsquo;a jamais c\u00e9d\u00e9 \u00e0 la d\u00e9linquance, \u00e0 la drogue ou au vol, malgr\u00e9 les difficult\u00e9s qu&rsquo;il a rencontr\u00e9es. Il a essay\u00e9 de gagner sa vie honn\u00eatement, dans un pays o\u00f9 l\u2019Etat n\u2019offre aucune aide, ni emploi, ni conseil, ni assistance d\u2019aucune sorte. \u00a0Au contraire m\u00eame, Ali est victime du racket d&rsquo;un policier qui agissait en toute impunit\u00e9, sous les yeux de tous. <\/span><\/span><\/p>\n<p><span><span>En d\u00e9pit de toutes ces difficult\u00e9s, Ali est rest\u00e9 g\u00e9n\u00e9reux et responsable envers ses s\u0153urs. Il aurait pu les abandonner et partir, mais il ne l&rsquo;a pas fait. Au lieu de cela, il les a envoy\u00e9es chez leur grand fr\u00e8re, en leur offrant toutes ses \u00e9conomies. Voil\u00e0 ce qui fait la beaut\u00e9 de cette \u0153uvre : un personnage humble et courageux qui reste droit dans ses bottes face aux \u00e9preuves de la vie.<\/span><\/span><\/p>\n<p><span><span>Lors de la pr\u00e9sentation du film, Thierry Fr\u00e9maux, le d\u00e9l\u00e9gu\u00e9 g\u00e9n\u00e9ral du Festival de Cannes, a demand\u00e9 si le film \u00e9tait vraiment tunisien, \u00e9tant donn\u00e9 que le r\u00e9alisateur est Am\u00e9ricain d&rsquo;origine \u00e9gyptienne. <\/span><\/span><\/p>\n<p>\u00a0<\/p>\n<p><iframe allowfullscreen=\"true\" frameborder=\"0\" height=\"317\" scrolling=\"no\" src=\"https:\/\/www.facebook.com\/plugins\/video.php?height=317&amp;href=https%3A%2F%2Fwww.facebook.com%2Fmassir.destiniii%2Fvideos%2F1171658916931579%2F&amp;show_text=false&amp;width=560&amp;t=0\" width=\"560\"><\/iframe><\/p>\n<p><span><span>En r\u00e9alit\u00e9, Lotfy Nathan bien que n&rsquo;\u00e9tant pas Tunisien, avait pass\u00e9 suffisamment de temps dans le pays pour assimiler sa culture et ses coutumes, ce qui lui a permis de r\u00e9aliser un film r\u00e9aliste et juste. Pour pr\u00e9parer son film, il a visit\u00e9 la Tunisie plusieurs fois. En 2015, il avait m\u00eame v\u00e9cu quelques temps \u00e0 Sidi Bouzid, et s\u2019y \u00e9tait fait plusieurs amis. Ce s\u00e9jour a \u00e9t\u00e9 l\u2019occasion de s\u2019impr\u00e9gner de la ville, de ses habitants et de sa m\u00e9moire collective. C\u2019est d\u2019ailleurs ce qui lui a permis d\u2019adopter un ton si \u00ab juste \u00bb et si r\u00e9aliste dans son film et de pouvoir aussi bien diriger son \u00e9quipe. Peut-\u00eatre est-ce d\u00fb \u00e0 son exp\u00e9rience de r\u00e9alisateur de documentaires\u00a0? Il s\u2019\u00e9tait d\u2019ailleurs \u00a0tellement impr\u00e9gn\u00e9 de Sidi Bouzid que c\u2019est lui-m\u00eame qui avait donn\u00e9 les directives pour les costumes et maquillages pour que les personnages soient conformes aux habitants de sidi Bouzid. Le r\u00e9sultat a d\u2019ailleurs \u00e9t\u00e9 si r\u00e9aliste que les personnages \u00e9taient identiques aux vrais habitants.<\/p>\n<p>Le ton\u00a0\u00e9tait si authentique, que le critique \u00e9gyptien Tarek Elshinnawi a d\u00e9clar\u00e9 que <em>Harka<\/em> est le plus beau film qu\u2019il ait vu \u00e0 Cannes 2022 en deux\u00a0jours.<\/span><\/span><\/p>\n<p><span><span>Il est regrettable que pour un tel film tunisien en comp\u00e9tition, il n\u2019y avait aucun repr\u00e9sentant de la Tunisie dans la salle. Personne, m\u00eame pas un repr\u00e9sentant du CNCI. Il n\u2019y avait non plus aucun professionnel du cin\u00e9ma tunisien. Le coproducteur tunisien du film ayant eu un emp\u00eachement et n\u2019ayant pas pu faire le d\u00e9placement \u00e0 Cannes.<\/span><\/span><\/p>\n<p>\n<span><span><strong>Ne\u00efla Driss<\/strong><\/span><\/span><\/p>\n<p><span><span><strong>*La Harka<\/strong> en dialecte tunisien a deux sens\u00a0: l\u2019immolation par le feu, ou l\u2019immigration clandestine. Les deux sens sont valables dans ce film.<\/span><\/span><\/p>\n<p>\u00a0<\/p>\n<p>\u00a0<\/p>\n<\/p><\/div>\n<div class=\"coprs\" style=\"text-align: center\"><\/div><\/div>\n","protected":false},"excerpt":{"rendered":"<p>Accueilli par un standing ovation lors de sa projection en comp\u00e9tition dans la section Un certain Regard lors de la 75\u00e8me \u00e9dition du festival de Cannes, le film&#8230;<\/p>\n","protected":false},"author":3164,"featured_media":348800,"comment_status":"open","ping_status":"closed","sticky":false,"template":"","format":"standard","meta":{"footnotes":""},"categories":[2594],"tags":[9074,9071,2626,2656,8670,2628,2627,9073,9234],"class_list":["post-200037","post","type-post","status-publish","format-standard","has-post-thumbnail","hentry","category-culture","tag-adam-bessa","tag-cannes-2022","tag-cinema","tag-cinema-tunisien","tag-critique-de-film","tag-festival","tag-festival-de-cannes","tag-harka","tag-lotfy-nathan"],"yoast_head":"<!-- This site is optimized with the Yoast SEO Premium plugin v27.5 (Yoast SEO v27.5) - https:\/\/yoast.com\/product\/yoast-seo-premium-wordpress\/ -->\n<title>Cannes 2022 - Harka : un film bouleversant sur la jeunesse tunisienne en qu\u00eate d&#039;un avenir meilleur.<\/title>\n<meta name=\"description\" content=\"Accueilli par un standing ovation lors de sa projection en comp\u00e9tition dans la section Un certain Regard lors de la 75\u00e8me \u00e9dition du festival de Cannes, le film...\" \/>\n<link rel=\"canonical\" href=\"https:\/\/www.webdo.tn\/fr\/actualite\/culture\/le-film-egyptien-19b-selectionne-pour-la-competition-internationale-du-44e-festival-international-du-film-du-caire\/200037\/\" \/>\n<meta property=\"og:locale\" content=\"fr_FR\" \/>\n<meta property=\"og:type\" content=\"article\" \/>\n<meta property=\"og:title\" content=\"Cannes 2022 - Harka : un film bouleversant sur la jeunesse tunisienne en qu\u00eate d&#039;un avenir meilleur.\" \/>\n<meta property=\"og:description\" content=\"Accueilli par un standing ovation lors de sa projection en comp\u00e9tition dans la section Un certain Regard lors de la 75\u00e8me \u00e9dition du festival de Cannes, le film...\" \/>\n<meta property=\"og:url\" content=\"https:\/\/www.webdo.tn\/fr\/actualite\/culture\/le-film-egyptien-19b-selectionne-pour-la-competition-internationale-du-44e-festival-international-du-film-du-caire\/200037\/\" \/>\n<meta property=\"og:site_name\" content=\"webdo\" \/>\n<meta property=\"article:publisher\" content=\"https:\/\/www.facebook.com\/webdotn\" \/>\n<meta property=\"article:author\" content=\"https:\/\/www.facebook.com\/massir.destiniii\/\" \/>\n<meta property=\"article:published_time\" content=\"2022-10-03T11:03:00+00:00\" \/>\n<meta property=\"article:modified_time\" content=\"2025-05-22T11:48:22+00:00\" \/>\n<meta property=\"og:image\" content=\"https:\/\/www.webdo.tn\/fr\/wp-content\/uploads\/2022\/10\/2857f95ad3cc54adf236dd093b39a52f.jpg\" \/>\n\t<meta property=\"og:image:width\" content=\"750\" \/>\n\t<meta property=\"og:image:height\" content=\"400\" \/>\n\t<meta property=\"og:image:type\" content=\"image\/jpeg\" \/>\n<meta name=\"author\" content=\"Ne\u00efla DRISS\" \/>\n<meta name=\"twitter:card\" content=\"summary_large_image\" \/>\n<meta name=\"twitter:creator\" content=\"@https:\/\/x.com\/MassirDestin\" \/>\n<meta name=\"twitter:site\" content=\"@webdo_tn\" \/>\n<meta name=\"twitter:label1\" content=\"\u00c9crit par\" \/>\n\t<meta name=\"twitter:data1\" content=\"Ne\u00efla DRISS\" \/>\n\t<meta name=\"twitter:label2\" content=\"Dur\u00e9e de lecture estim\u00e9e\" \/>\n\t<meta name=\"twitter:data2\" content=\"5 minutes\" \/>\n<script type=\"application\/ld+json\" class=\"yoast-schema-graph\">{\"@context\":\"https:\\\/\\\/schema.org\",\"@graph\":[{\"@type\":\"NewsArticle\",\"@id\":\"https:\\\/\\\/www.webdo.tn\\\/fr\\\/actualite\\\/culture\\\/le-film-egyptien-19b-selectionne-pour-la-competition-internationale-du-44e-festival-international-du-film-du-caire\\\/200037\\\/#article\",\"isPartOf\":{\"@id\":\"https:\\\/\\\/www.webdo.tn\\\/fr\\\/actualite\\\/culture\\\/le-film-egyptien-19b-selectionne-pour-la-competition-internationale-du-44e-festival-international-du-film-du-caire\\\/200037\\\/\"},\"author\":{\"name\":\"Ne\u00efla DRISS\",\"@id\":\"https:\\\/\\\/www.webdo.tn\\\/fr\\\/#\\\/schema\\\/person\\\/60d5ba619ed3f58783b0dc82b7dada80\"},\"headline\":\"Cannes 2022 &#8211; Harka : un film bouleversant sur la jeunesse tunisienne en qu\u00eate d&rsquo;un avenir meilleur.\",\"datePublished\":\"2022-10-03T11:03:00+00:00\",\"dateModified\":\"2025-05-22T11:48:22+00:00\",\"mainEntityOfPage\":{\"@id\":\"https:\\\/\\\/www.webdo.tn\\\/fr\\\/actualite\\\/culture\\\/le-film-egyptien-19b-selectionne-pour-la-competition-internationale-du-44e-festival-international-du-film-du-caire\\\/200037\\\/\"},\"wordCount\":971,\"commentCount\":0,\"publisher\":{\"@id\":\"https:\\\/\\\/www.webdo.tn\\\/fr\\\/#organization\"},\"image\":{\"@id\":\"https:\\\/\\\/www.webdo.tn\\\/fr\\\/actualite\\\/culture\\\/le-film-egyptien-19b-selectionne-pour-la-competition-internationale-du-44e-festival-international-du-film-du-caire\\\/200037\\\/#primaryimage\"},\"thumbnailUrl\":\"https:\\\/\\\/www.webdo.tn\\\/fr\\\/wp-content\\\/uploads\\\/2022\\\/10\\\/2857f95ad3cc54adf236dd093b39a52f.jpg\",\"keywords\":[\"Adam Bessa\",\"Cannes 2022\",\"Cin\u00e9ma\",\"cin\u00e9ma tunisien\",\"Critique de film\",\"Festival\",\"Festival de Cannes\",\"Harka\",\"Lotfy Nathan\"],\"articleSection\":[\"Culture\"],\"inLanguage\":\"fr-FR\"},{\"@type\":\"WebPage\",\"@id\":\"https:\\\/\\\/www.webdo.tn\\\/fr\\\/actualite\\\/culture\\\/le-film-egyptien-19b-selectionne-pour-la-competition-internationale-du-44e-festival-international-du-film-du-caire\\\/200037\\\/\",\"url\":\"https:\\\/\\\/www.webdo.tn\\\/fr\\\/actualite\\\/culture\\\/le-film-egyptien-19b-selectionne-pour-la-competition-internationale-du-44e-festival-international-du-film-du-caire\\\/200037\\\/\",\"name\":\"Cannes 2022 - Harka : un film bouleversant sur la jeunesse tunisienne en qu\u00eate d'un avenir meilleur.\",\"isPartOf\":{\"@id\":\"https:\\\/\\\/www.webdo.tn\\\/fr\\\/#website\"},\"primaryImageOfPage\":{\"@id\":\"https:\\\/\\\/www.webdo.tn\\\/fr\\\/actualite\\\/culture\\\/le-film-egyptien-19b-selectionne-pour-la-competition-internationale-du-44e-festival-international-du-film-du-caire\\\/200037\\\/#primaryimage\"},\"image\":{\"@id\":\"https:\\\/\\\/www.webdo.tn\\\/fr\\\/actualite\\\/culture\\\/le-film-egyptien-19b-selectionne-pour-la-competition-internationale-du-44e-festival-international-du-film-du-caire\\\/200037\\\/#primaryimage\"},\"thumbnailUrl\":\"https:\\\/\\\/www.webdo.tn\\\/fr\\\/wp-content\\\/uploads\\\/2022\\\/10\\\/2857f95ad3cc54adf236dd093b39a52f.jpg\",\"datePublished\":\"2022-10-03T11:03:00+00:00\",\"dateModified\":\"2025-05-22T11:48:22+00:00\",\"description\":\"Accueilli par un standing ovation lors de sa projection en comp\u00e9tition dans la section Un certain Regard lors de la 75\u00e8me \u00e9dition du festival de Cannes, le film...\",\"breadcrumb\":{\"@id\":\"https:\\\/\\\/www.webdo.tn\\\/fr\\\/actualite\\\/culture\\\/le-film-egyptien-19b-selectionne-pour-la-competition-internationale-du-44e-festival-international-du-film-du-caire\\\/200037\\\/#breadcrumb\"},\"inLanguage\":\"fr-FR\",\"potentialAction\":[{\"@type\":\"ReadAction\",\"target\":[\"https:\\\/\\\/www.webdo.tn\\\/fr\\\/actualite\\\/culture\\\/le-film-egyptien-19b-selectionne-pour-la-competition-internationale-du-44e-festival-international-du-film-du-caire\\\/200037\\\/\"]}]},{\"@type\":\"ImageObject\",\"inLanguage\":\"fr-FR\",\"@id\":\"https:\\\/\\\/www.webdo.tn\\\/fr\\\/actualite\\\/culture\\\/le-film-egyptien-19b-selectionne-pour-la-competition-internationale-du-44e-festival-international-du-film-du-caire\\\/200037\\\/#primaryimage\",\"url\":\"https:\\\/\\\/www.webdo.tn\\\/fr\\\/wp-content\\\/uploads\\\/2022\\\/10\\\/2857f95ad3cc54adf236dd093b39a52f.jpg\",\"contentUrl\":\"https:\\\/\\\/www.webdo.tn\\\/fr\\\/wp-content\\\/uploads\\\/2022\\\/10\\\/2857f95ad3cc54adf236dd093b39a52f.jpg\",\"width\":750,\"height\":400,\"caption\":\"ADAM BESSA LOTFY NATHAN\"},{\"@type\":\"BreadcrumbList\",\"@id\":\"https:\\\/\\\/www.webdo.tn\\\/fr\\\/actualite\\\/culture\\\/le-film-egyptien-19b-selectionne-pour-la-competition-internationale-du-44e-festival-international-du-film-du-caire\\\/200037\\\/#breadcrumb\",\"itemListElement\":[{\"@type\":\"ListItem\",\"position\":1,\"name\":\"Accueil\",\"item\":\"https:\\\/\\\/www.webdo.tn\\\/fr\\\/\"},{\"@type\":\"ListItem\",\"position\":2,\"name\":\"Cannes 2022 &#8211; Harka : un film bouleversant sur la jeunesse tunisienne en qu\u00eate d&rsquo;un avenir meilleur.\"}]},{\"@type\":\"WebSite\",\"@id\":\"https:\\\/\\\/www.webdo.tn\\\/fr\\\/#website\",\"url\":\"https:\\\/\\\/www.webdo.tn\\\/fr\\\/\",\"name\":\"webdo\",\"description\":\"Tunisie - News en Tunisie et \u00e0 l&#039;international sur Webdo.tn\",\"publisher\":{\"@id\":\"https:\\\/\\\/www.webdo.tn\\\/fr\\\/#organization\"},\"potentialAction\":[{\"@type\":\"SearchAction\",\"target\":{\"@type\":\"EntryPoint\",\"urlTemplate\":\"https:\\\/\\\/www.webdo.tn\\\/fr\\\/?s={search_term_string}\"},\"query-input\":{\"@type\":\"PropertyValueSpecification\",\"valueRequired\":true,\"valueName\":\"search_term_string\"}}],\"inLanguage\":\"fr-FR\"},{\"@type\":\"Organization\",\"@id\":\"https:\\\/\\\/www.webdo.tn\\\/fr\\\/#organization\",\"name\":\"Webdo\",\"alternateName\":\"Webdo.tn\",\"url\":\"https:\\\/\\\/www.webdo.tn\\\/fr\\\/\",\"logo\":{\"@type\":\"ImageObject\",\"inLanguage\":\"fr-FR\",\"@id\":\"https:\\\/\\\/www.webdo.tn\\\/fr\\\/#\\\/schema\\\/logo\\\/image\\\/\",\"url\":\"https:\\\/\\\/www.webdo.tn\\\/fr\\\/wp-content\\\/uploads\\\/2025\\\/06\\\/Webdo-Tunisie_168377.jpg\",\"contentUrl\":\"https:\\\/\\\/www.webdo.tn\\\/fr\\\/wp-content\\\/uploads\\\/2025\\\/06\\\/Webdo-Tunisie_168377.jpg\",\"width\":301,\"height\":301,\"caption\":\"Webdo\"},\"image\":{\"@id\":\"https:\\\/\\\/www.webdo.tn\\\/fr\\\/#\\\/schema\\\/logo\\\/image\\\/\"},\"sameAs\":[\"https:\\\/\\\/www.facebook.com\\\/webdotn\",\"https:\\\/\\\/x.com\\\/webdo_tn\"],\"description\":\"Webdo est un m\u00e9dia num\u00e9rique tunisien fond\u00e9 en 2010, sp\u00e9cialis\u00e9 dans l\u2019actualit\u00e9 nationale et internationale, l\u2019\u00e9conomie, la soci\u00e9t\u00e9 et les analyses politiques. Le site s\u2019adresse \u00e0 un large public francophone et couvre l\u2019information tunisienne en temps r\u00e9el.\",\"email\":\"redac@webdo.tn\",\"legalName\":\"YNJ SARL\",\"foundingDate\":\"2010-09-06\",\"numberOfEmployees\":{\"@type\":\"QuantitativeValue\",\"minValue\":\"11\",\"maxValue\":\"50\"}},{\"@type\":\"Person\",\"@id\":\"https:\\\/\\\/www.webdo.tn\\\/fr\\\/#\\\/schema\\\/person\\\/60d5ba619ed3f58783b0dc82b7dada80\",\"name\":\"Ne\u00efla DRISS\",\"image\":{\"@type\":\"ImageObject\",\"inLanguage\":\"fr-FR\",\"@id\":\"https:\\\/\\\/www.webdo.tn\\\/fr\\\/wp-content\\\/uploads\\\/2026\\\/04\\\/neila-driss_avatar-96x96.jpg\",\"url\":\"https:\\\/\\\/www.webdo.tn\\\/fr\\\/wp-content\\\/uploads\\\/2026\\\/04\\\/neila-driss_avatar-96x96.jpg\",\"contentUrl\":\"https:\\\/\\\/www.webdo.tn\\\/fr\\\/wp-content\\\/uploads\\\/2026\\\/04\\\/neila-driss_avatar-96x96.jpg\",\"caption\":\"Ne\u00efla DRISS\"},\"description\":\"Ne\u00efla Driss est juriste, journaliste culturelle et critique de cin\u00e9ma tunisienne. Titulaire d\u2019un DEA en droit priv\u00e9 de l\u2019Universit\u00e9 Paris II et d\u2019un DESS de l\u2019IHEC Carthage, elle d\u00e9bute sa carri\u00e8re comme juriste sp\u00e9cialis\u00e9e en gestion de patrimoine immobilier. Elle s\u2019oriente ensuite vers l\u2019\u00e9criture en ligne, o\u00f9 elle se distingue d\u00e8s 2006 aux Tunisia Blog Awards, avant de se consacrer au journalisme culturel, avec une sp\u00e9cialisation dans la critique cin\u00e9matographique. Elle couvre r\u00e9guli\u00e8rement les grands festivals internationaux, notamment le Festival de Cannes, les Journ\u00e9es Cin\u00e9matographiques de Carthage et le Festival du film du Caire. Membre de l\u2019ATPCC et de la FIPRESCI, elle participe \u00e0 des jurys et initiatives internationales de critique. Depuis 2024, elle est \u00e9lectrice internationale aux Golden Globes. Facebook : https:\\\/\\\/www.facebook.com\\\/massir.destiniii\\\/ X : https:\\\/\\\/x.com\\\/MassirDestin\",\"sameAs\":[\"https:\\\/\\\/www.facebook.com\\\/massir.destiniii\\\/\",\"https:\\\/\\\/www.instagram.com\\\/neila.driss\\\/?hl=fr\",\"https:\\\/\\\/www.linkedin.com\\\/in\\\/neila-driss-22606a80\\\/\",\"https:\\\/\\\/x.com\\\/https:\\\/\\\/x.com\\\/MassirDestin\"],\"knowsAbout\":[\"Cin\u00e9ma international\",\"critique cin\u00e9matographique\",\"festivals de cin\u00e9ma\",\"journalisme culturel\"],\"knowsLanguage\":[\"Fran\u00e7ais\",\"Arabe\",\"Anglais\"],\"jobTitle\":\"Journaliste culturelle et critique de cin\u00e9ma\",\"worksFor\":\"Webdo\",\"url\":\"https:\\\/\\\/www.webdo.tn\\\/fr\\\/actualite\\\/author\\\/neila-driss\\\/\"}]}<\/script>\n<!-- \/ Yoast SEO Premium plugin. -->","yoast_head_json":{"title":"Cannes 2022 - Harka : un film bouleversant sur la jeunesse tunisienne en qu\u00eate d'un avenir meilleur.","description":"Accueilli par un standing ovation lors de sa projection en comp\u00e9tition dans la section Un certain Regard lors de la 75\u00e8me \u00e9dition du festival de Cannes, le film...","canonical":"https:\/\/www.webdo.tn\/fr\/actualite\/culture\/le-film-egyptien-19b-selectionne-pour-la-competition-internationale-du-44e-festival-international-du-film-du-caire\/200037\/","og_locale":"fr_FR","og_type":"article","og_title":"Cannes 2022 - Harka : un film bouleversant sur la jeunesse tunisienne en qu\u00eate d'un avenir meilleur.","og_description":"Accueilli par un standing ovation lors de sa projection en comp\u00e9tition dans la section Un certain Regard lors de la 75\u00e8me \u00e9dition du festival de Cannes, le film...","og_url":"https:\/\/www.webdo.tn\/fr\/actualite\/culture\/le-film-egyptien-19b-selectionne-pour-la-competition-internationale-du-44e-festival-international-du-film-du-caire\/200037\/","og_site_name":"webdo","article_publisher":"https:\/\/www.facebook.com\/webdotn","article_author":"https:\/\/www.facebook.com\/massir.destiniii\/","article_published_time":"2022-10-03T11:03:00+00:00","article_modified_time":"2025-05-22T11:48:22+00:00","og_image":[{"width":750,"height":400,"url":"https:\/\/www.webdo.tn\/fr\/wp-content\/uploads\/2022\/10\/2857f95ad3cc54adf236dd093b39a52f.jpg","type":"image\/jpeg"}],"author":"Ne\u00efla DRISS","twitter_card":"summary_large_image","twitter_creator":"@https:\/\/x.com\/MassirDestin","twitter_site":"@webdo_tn","twitter_misc":{"\u00c9crit par":"Ne\u00efla DRISS","Dur\u00e9e de lecture estim\u00e9e":"5 minutes"},"schema":{"@context":"https:\/\/schema.org","@graph":[{"@type":"NewsArticle","@id":"https:\/\/www.webdo.tn\/fr\/actualite\/culture\/le-film-egyptien-19b-selectionne-pour-la-competition-internationale-du-44e-festival-international-du-film-du-caire\/200037\/#article","isPartOf":{"@id":"https:\/\/www.webdo.tn\/fr\/actualite\/culture\/le-film-egyptien-19b-selectionne-pour-la-competition-internationale-du-44e-festival-international-du-film-du-caire\/200037\/"},"author":{"name":"Ne\u00efla DRISS","@id":"https:\/\/www.webdo.tn\/fr\/#\/schema\/person\/60d5ba619ed3f58783b0dc82b7dada80"},"headline":"Cannes 2022 &#8211; Harka : un film bouleversant sur la jeunesse tunisienne en qu\u00eate d&rsquo;un avenir meilleur.","datePublished":"2022-10-03T11:03:00+00:00","dateModified":"2025-05-22T11:48:22+00:00","mainEntityOfPage":{"@id":"https:\/\/www.webdo.tn\/fr\/actualite\/culture\/le-film-egyptien-19b-selectionne-pour-la-competition-internationale-du-44e-festival-international-du-film-du-caire\/200037\/"},"wordCount":971,"commentCount":0,"publisher":{"@id":"https:\/\/www.webdo.tn\/fr\/#organization"},"image":{"@id":"https:\/\/www.webdo.tn\/fr\/actualite\/culture\/le-film-egyptien-19b-selectionne-pour-la-competition-internationale-du-44e-festival-international-du-film-du-caire\/200037\/#primaryimage"},"thumbnailUrl":"https:\/\/www.webdo.tn\/fr\/wp-content\/uploads\/2022\/10\/2857f95ad3cc54adf236dd093b39a52f.jpg","keywords":["Adam Bessa","Cannes 2022","Cin\u00e9ma","cin\u00e9ma tunisien","Critique de film","Festival","Festival de Cannes","Harka","Lotfy Nathan"],"articleSection":["Culture"],"inLanguage":"fr-FR"},{"@type":"WebPage","@id":"https:\/\/www.webdo.tn\/fr\/actualite\/culture\/le-film-egyptien-19b-selectionne-pour-la-competition-internationale-du-44e-festival-international-du-film-du-caire\/200037\/","url":"https:\/\/www.webdo.tn\/fr\/actualite\/culture\/le-film-egyptien-19b-selectionne-pour-la-competition-internationale-du-44e-festival-international-du-film-du-caire\/200037\/","name":"Cannes 2022 - Harka : un film bouleversant sur la jeunesse tunisienne en qu\u00eate d'un avenir meilleur.","isPartOf":{"@id":"https:\/\/www.webdo.tn\/fr\/#website"},"primaryImageOfPage":{"@id":"https:\/\/www.webdo.tn\/fr\/actualite\/culture\/le-film-egyptien-19b-selectionne-pour-la-competition-internationale-du-44e-festival-international-du-film-du-caire\/200037\/#primaryimage"},"image":{"@id":"https:\/\/www.webdo.tn\/fr\/actualite\/culture\/le-film-egyptien-19b-selectionne-pour-la-competition-internationale-du-44e-festival-international-du-film-du-caire\/200037\/#primaryimage"},"thumbnailUrl":"https:\/\/www.webdo.tn\/fr\/wp-content\/uploads\/2022\/10\/2857f95ad3cc54adf236dd093b39a52f.jpg","datePublished":"2022-10-03T11:03:00+00:00","dateModified":"2025-05-22T11:48:22+00:00","description":"Accueilli par un standing ovation lors de sa projection en comp\u00e9tition dans la section Un certain Regard lors de la 75\u00e8me \u00e9dition du festival de Cannes, le film...","breadcrumb":{"@id":"https:\/\/www.webdo.tn\/fr\/actualite\/culture\/le-film-egyptien-19b-selectionne-pour-la-competition-internationale-du-44e-festival-international-du-film-du-caire\/200037\/#breadcrumb"},"inLanguage":"fr-FR","potentialAction":[{"@type":"ReadAction","target":["https:\/\/www.webdo.tn\/fr\/actualite\/culture\/le-film-egyptien-19b-selectionne-pour-la-competition-internationale-du-44e-festival-international-du-film-du-caire\/200037\/"]}]},{"@type":"ImageObject","inLanguage":"fr-FR","@id":"https:\/\/www.webdo.tn\/fr\/actualite\/culture\/le-film-egyptien-19b-selectionne-pour-la-competition-internationale-du-44e-festival-international-du-film-du-caire\/200037\/#primaryimage","url":"https:\/\/www.webdo.tn\/fr\/wp-content\/uploads\/2022\/10\/2857f95ad3cc54adf236dd093b39a52f.jpg","contentUrl":"https:\/\/www.webdo.tn\/fr\/wp-content\/uploads\/2022\/10\/2857f95ad3cc54adf236dd093b39a52f.jpg","width":750,"height":400,"caption":"ADAM BESSA LOTFY NATHAN"},{"@type":"BreadcrumbList","@id":"https:\/\/www.webdo.tn\/fr\/actualite\/culture\/le-film-egyptien-19b-selectionne-pour-la-competition-internationale-du-44e-festival-international-du-film-du-caire\/200037\/#breadcrumb","itemListElement":[{"@type":"ListItem","position":1,"name":"Accueil","item":"https:\/\/www.webdo.tn\/fr\/"},{"@type":"ListItem","position":2,"name":"Cannes 2022 &#8211; Harka : un film bouleversant sur la jeunesse tunisienne en qu\u00eate d&rsquo;un avenir meilleur."}]},{"@type":"WebSite","@id":"https:\/\/www.webdo.tn\/fr\/#website","url":"https:\/\/www.webdo.tn\/fr\/","name":"webdo","description":"Tunisie - News en Tunisie et \u00e0 l&#039;international sur Webdo.tn","publisher":{"@id":"https:\/\/www.webdo.tn\/fr\/#organization"},"potentialAction":[{"@type":"SearchAction","target":{"@type":"EntryPoint","urlTemplate":"https:\/\/www.webdo.tn\/fr\/?s={search_term_string}"},"query-input":{"@type":"PropertyValueSpecification","valueRequired":true,"valueName":"search_term_string"}}],"inLanguage":"fr-FR"},{"@type":"Organization","@id":"https:\/\/www.webdo.tn\/fr\/#organization","name":"Webdo","alternateName":"Webdo.tn","url":"https:\/\/www.webdo.tn\/fr\/","logo":{"@type":"ImageObject","inLanguage":"fr-FR","@id":"https:\/\/www.webdo.tn\/fr\/#\/schema\/logo\/image\/","url":"https:\/\/www.webdo.tn\/fr\/wp-content\/uploads\/2025\/06\/Webdo-Tunisie_168377.jpg","contentUrl":"https:\/\/www.webdo.tn\/fr\/wp-content\/uploads\/2025\/06\/Webdo-Tunisie_168377.jpg","width":301,"height":301,"caption":"Webdo"},"image":{"@id":"https:\/\/www.webdo.tn\/fr\/#\/schema\/logo\/image\/"},"sameAs":["https:\/\/www.facebook.com\/webdotn","https:\/\/x.com\/webdo_tn"],"description":"Webdo est un m\u00e9dia num\u00e9rique tunisien fond\u00e9 en 2010, sp\u00e9cialis\u00e9 dans l\u2019actualit\u00e9 nationale et internationale, l\u2019\u00e9conomie, la soci\u00e9t\u00e9 et les analyses politiques. Le site s\u2019adresse \u00e0 un large public francophone et couvre l\u2019information tunisienne en temps r\u00e9el.","email":"redac@webdo.tn","legalName":"YNJ SARL","foundingDate":"2010-09-06","numberOfEmployees":{"@type":"QuantitativeValue","minValue":"11","maxValue":"50"}},{"@type":"Person","@id":"https:\/\/www.webdo.tn\/fr\/#\/schema\/person\/60d5ba619ed3f58783b0dc82b7dada80","name":"Ne\u00efla DRISS","image":{"@type":"ImageObject","inLanguage":"fr-FR","@id":"https:\/\/www.webdo.tn\/fr\/wp-content\/uploads\/2026\/04\/neila-driss_avatar-96x96.jpg","url":"https:\/\/www.webdo.tn\/fr\/wp-content\/uploads\/2026\/04\/neila-driss_avatar-96x96.jpg","contentUrl":"https:\/\/www.webdo.tn\/fr\/wp-content\/uploads\/2026\/04\/neila-driss_avatar-96x96.jpg","caption":"Ne\u00efla DRISS"},"description":"Ne\u00efla Driss est juriste, journaliste culturelle et critique de cin\u00e9ma tunisienne. Titulaire d\u2019un DEA en droit priv\u00e9 de l\u2019Universit\u00e9 Paris II et d\u2019un DESS de l\u2019IHEC Carthage, elle d\u00e9bute sa carri\u00e8re comme juriste sp\u00e9cialis\u00e9e en gestion de patrimoine immobilier. Elle s\u2019oriente ensuite vers l\u2019\u00e9criture en ligne, o\u00f9 elle se distingue d\u00e8s 2006 aux Tunisia Blog Awards, avant de se consacrer au journalisme culturel, avec une sp\u00e9cialisation dans la critique cin\u00e9matographique. Elle couvre r\u00e9guli\u00e8rement les grands festivals internationaux, notamment le Festival de Cannes, les Journ\u00e9es Cin\u00e9matographiques de Carthage et le Festival du film du Caire. Membre de l\u2019ATPCC et de la FIPRESCI, elle participe \u00e0 des jurys et initiatives internationales de critique. Depuis 2024, elle est \u00e9lectrice internationale aux Golden Globes. Facebook : https:\/\/www.facebook.com\/massir.destiniii\/ X : https:\/\/x.com\/MassirDestin","sameAs":["https:\/\/www.facebook.com\/massir.destiniii\/","https:\/\/www.instagram.com\/neila.driss\/?hl=fr","https:\/\/www.linkedin.com\/in\/neila-driss-22606a80\/","https:\/\/x.com\/https:\/\/x.com\/MassirDestin"],"knowsAbout":["Cin\u00e9ma international","critique cin\u00e9matographique","festivals de cin\u00e9ma","journalisme culturel"],"knowsLanguage":["Fran\u00e7ais","Arabe","Anglais"],"jobTitle":"Journaliste culturelle et critique de cin\u00e9ma","worksFor":"Webdo","url":"https:\/\/www.webdo.tn\/fr\/actualite\/author\/neila-driss\/"}]}},"_links":{"self":[{"href":"https:\/\/www.webdo.tn\/fr\/wp-json\/wp\/v2\/posts\/200037","targetHints":{"allow":["GET"]}}],"collection":[{"href":"https:\/\/www.webdo.tn\/fr\/wp-json\/wp\/v2\/posts"}],"about":[{"href":"https:\/\/www.webdo.tn\/fr\/wp-json\/wp\/v2\/types\/post"}],"author":[{"embeddable":true,"href":"https:\/\/www.webdo.tn\/fr\/wp-json\/wp\/v2\/users\/3164"}],"replies":[{"embeddable":true,"href":"https:\/\/www.webdo.tn\/fr\/wp-json\/wp\/v2\/comments?post=200037"}],"version-history":[{"count":0,"href":"https:\/\/www.webdo.tn\/fr\/wp-json\/wp\/v2\/posts\/200037\/revisions"}],"wp:featuredmedia":[{"embeddable":true,"href":"https:\/\/www.webdo.tn\/fr\/wp-json\/wp\/v2\/media\/348800"}],"wp:attachment":[{"href":"https:\/\/www.webdo.tn\/fr\/wp-json\/wp\/v2\/media?parent=200037"}],"wp:term":[{"taxonomy":"category","embeddable":true,"href":"https:\/\/www.webdo.tn\/fr\/wp-json\/wp\/v2\/categories?post=200037"},{"taxonomy":"post_tag","embeddable":true,"href":"https:\/\/www.webdo.tn\/fr\/wp-json\/wp\/v2\/tags?post=200037"}],"curies":[{"name":"wp","href":"https:\/\/api.w.org\/{rel}","templated":true}]}}