{"id":200024,"date":"2022-05-28T01:46:00","date_gmt":"2022-05-28T01:46:00","guid":{"rendered":"https:\/\/www.webdo.tn\/fr\/blog\/cannes-2022-le-tunisien-adam-bessa-prix-dinterpretation-un-certain-regard\/200024\/"},"modified":"2025-05-14T11:07:10","modified_gmt":"2025-05-14T11:07:10","slug":"cannes-2022-le-tunisien-adam-bessa-prix-dinterpretation-un-certain-regard","status":"publish","type":"post","link":"https:\/\/www.webdo.tn\/fr\/actualite\/culture\/cannes-2022-le-tunisien-adam-bessa-prix-dinterpretation-un-certain-regard\/200024\/","title":{"rendered":"Cannes 2022 \u2013 Le Tunisien Adam Bessa, Prix de la meilleure performance Un Certain Regard"},"content":{"rendered":"<div class=\"single-body entry-content typography-copy\" itemprop=\"articleBody\">\n<p style=\"font-weight: bold; text-align: justify\">\n<div class=\"coprs\" style=\"text-align: center\"><\/div>\n<div class=\"coprs\" style=\"text-align: justify\">\n<p><img decoding=\"async\" alt=\"Cannes 2022\" height=\"225\" src=\"https:\/\/www.webdo.tn\/wp-content\/uploads\/2022\/05\/CANNES-2022-SIGNATURE-Saumon-1.jpg\" width=\"60\">Le jury de la section Un certain Regard a d\u00e9voil\u00e9 ce soir le palmar\u00e8s de cette 75<sup>\u00e8me<\/sup> \u00e9dition. <a href=\"https:\/\/www.webdo.tn\/2022\/05\/10\/cannes-2022-synopsis-et-affiches-des-films-de-la-selection-un-certain-regard\/\">Vingt longs m\u00e9trages \u00e9taient en comp\u00e9tition,<\/a> dont sept premiers films qui concourraient \u00e9galement pour la Cam\u00e9ra d\u2019Or, et neufs films r\u00e9alis\u00e9s ou cor\u00e9alis\u00e9s par des femmes.<\/p>\n<p>Pr\u00e9sid\u00e9 par l&rsquo;actrice, r\u00e9alisatrice, productrice italienne Valeria Golino, le Jury \u00e9tait compos\u00e9 de la r\u00e9alisatrice Debra Granik, de l&rsquo;actrice Joanna Kulig, de l&rsquo;acteur et interpr\u00e8te Benjamin Biolay et de l&rsquo;acteur et producteur Edgar Ramirez.<br \/>\n\u00a0<\/p>\n<p><img decoding=\"async\" alt=\"Adam bessa\" height=\"464\" src=\"https:\/\/www.webdo.tn\/wp-content\/uploads\/2022\/05\/Adam-Bessa-realisateur-Lotfy-Nathand-Harka-Festival-Cannes_0-1024x682.jpg\" width=\"696\"> Cannes 2022 &#8211; l&rsquo;acteur Adam Bessa et le r\u00e9alisateur Lotfy Nathan[\/caption]<\/p>\n<p>Le jeune acteur tunisien, Adam Bessa, a remport\u00e9 le Prix de la meilleure performance masculine,<a href=\"https:\/\/www.webdo.tn\/2022\/04\/22\/cannes-2022-le-film-tunisien-harka-en-competition-dans-la-section-un-certain-regard\/\"> pour son r\u00f4le Ali dans le film Harka<\/a>, r\u00e9alis\u00e9 par Lotfi Nathan. Un prix fortement m\u00e9rit\u00e9, Adam ayant \u00e9poustouflant dans ce r\u00f4le. Le public l\u2019avait d\u2019ailleurs fortement acclam\u00e9 lors de la premi\u00e8re du film.<\/p>\n<p>Ne pouvant pas \u00eatre pr\u00e9sent, Adam a fait lire un petit texte de remerciement :<\/p>\n<p><iframe allowfullscreen=\"true\" frameborder=\"0\" height=\"317\" scrolling=\"no\" src=\"https:\/\/www.facebook.com\/plugins\/video.php?height=317&amp;href=https%3A%2F%2Fwww.facebook.com%2Fmassir.destiniii%2Fvideos%2F428610012600292%2F&amp;show_text=false&amp;width=560&amp;t=0\" width=\"560\"><\/iframe><\/p>\n<p>\u00a0<\/p>\n<h2><strong>Palmar\u00e8s :<\/strong><\/h2>\n<p><strong>Prix Un Certain Regard<\/strong>\u00a0: <em><span><strong>LES PIRES<\/strong><\/span><\/em> de Lise AKOKA &amp; Romane GUERET<\/p>\n<p><strong>Prix du Jury<\/strong>\u00a0: <strong><span><em>JOYLAND<\/em><\/span><\/strong> de Saim SADIQ<\/p>\n<p><strong>Prix de la mise en sc\u00e8ne<\/strong>\u00a0: <span><strong>Alexandru BELC<\/strong><\/span> pour <em>METRONOM<\/em><\/p>\n<p><strong>Prix de la Meilleure Performance<\/strong> (ex-eaquo)<\/p>\n<ul>\n<li><span><strong>Vicky KRIEPS<\/strong><\/span> dans <em>CORSAGE<\/em><\/li>\n<li><span><strong>Adam BESSA<\/strong><\/span> dans <a href=\"https:\/\/www.webdo.tn\/2022\/04\/22\/cannes-2022-le-film-tunisien-harka-en-competition-dans-la-section-un-certain-regard\/\"><em>HARKA<\/em><\/a><\/li>\n<\/ul>\n<p><strong>Prix du Meilleur Sc\u00e9nario\u00a0<\/strong>: <span><em><strong>MEDITERRANEAN FEVER<\/strong><\/em><\/span> de Maha HAJ<\/p>\n<p><strong>Coup de c\u0153ur du Jury<\/strong>\u00a0: <span><em><strong>ROD\u00c9O<\/strong><\/em><\/span> de Lola QUIVORON<\/p>\n<p><strong>Ne\u00efla Driss<\/strong><\/p>\n<\/p><\/div>\n<div class=\"coprs\" style=\"text-align: center\"><\/div><\/div>\n","protected":false},"excerpt":{"rendered":"<p>Cannes 2022 \u2013 Le Tunisien Adam Bessa, Prix de la meilleure performance Un Certain Regard<\/p>\n","protected":false},"author":3164,"featured_media":254894,"comment_status":"open","ping_status":"closed","sticky":false,"template":"","format":"standard","meta":{"footnotes":""},"categories":[2594],"tags":[9074,9071,2628,2627,4408,9073],"class_list":["post-200024","post","type-post","status-publish","format-standard","has-post-thumbnail","hentry","category-culture","tag-adam-bessa","tag-cannes-2022","tag-festival","tag-festival-de-cannes","tag-film-tunisien","tag-harka"],"yoast_head":"<!-- This site is optimized with the Yoast SEO Premium plugin v27.5 (Yoast SEO v27.5) - https:\/\/yoast.com\/product\/yoast-seo-premium-wordpress\/ -->\n<title>Cannes 2022 \u2013 Le Tunisien Adam Bessa, Prix de la meilleure performance Un Certain Regard<\/title>\n<meta name=\"description\" content=\"Cannes 2022 \u2013 Le Tunisien Adam Bessa, Prix de la meilleure performance Un Certain Regard\" \/>\n<link rel=\"canonical\" href=\"https:\/\/www.webdo.tn\/fr\/actualite\/culture\/cannes-2022-le-tunisien-adam-bessa-prix-dinterpretation-un-certain-regard\/200024\/\" \/>\n<meta property=\"og:locale\" content=\"fr_FR\" \/>\n<meta property=\"og:type\" content=\"article\" \/>\n<meta property=\"og:title\" content=\"Cannes 2022 \u2013 Le Tunisien Adam Bessa, Prix de la meilleure performance Un Certain Regard\" \/>\n<meta property=\"og:description\" content=\"Cannes 2022 \u2013 Le Tunisien Adam Bessa, Prix de la meilleure performance Un Certain Regard\" \/>\n<meta property=\"og:url\" content=\"https:\/\/www.webdo.tn\/fr\/actualite\/culture\/cannes-2022-le-tunisien-adam-bessa-prix-dinterpretation-un-certain-regard\/200024\/\" \/>\n<meta property=\"og:site_name\" content=\"webdo\" \/>\n<meta property=\"article:publisher\" content=\"https:\/\/www.facebook.com\/webdotn\" \/>\n<meta property=\"article:author\" content=\"https:\/\/www.facebook.com\/massir.destiniii\/\" \/>\n<meta property=\"article:published_time\" content=\"2022-05-28T01:46:00+00:00\" \/>\n<meta property=\"article:modified_time\" content=\"2025-05-14T11:07:10+00:00\" \/>\n<meta property=\"og:image\" content=\"https:\/\/www.webdo.tn\/fr\/wp-content\/uploads\/2022\/05\/Adam-Bessa-Harka-2022-Festival-Cannes_1.jpg\" \/>\n\t<meta property=\"og:image:width\" content=\"729\" \/>\n\t<meta property=\"og:image:height\" content=\"486\" \/>\n\t<meta property=\"og:image:type\" content=\"image\/jpeg\" \/>\n<meta name=\"author\" content=\"Ne\u00efla DRISS\" \/>\n<meta name=\"twitter:card\" content=\"summary_large_image\" \/>\n<meta name=\"twitter:creator\" content=\"@https:\/\/x.com\/MassirDestin\" \/>\n<meta name=\"twitter:site\" content=\"@webdo_tn\" \/>\n<meta name=\"twitter:label1\" content=\"\u00c9crit par\" \/>\n\t<meta name=\"twitter:data1\" content=\"Ne\u00efla DRISS\" \/>\n\t<meta name=\"twitter:label2\" content=\"Dur\u00e9e de lecture estim\u00e9e\" \/>\n\t<meta name=\"twitter:data2\" content=\"1 minute\" \/>\n<script type=\"application\/ld+json\" class=\"yoast-schema-graph\">{\"@context\":\"https:\\\/\\\/schema.org\",\"@graph\":[{\"@type\":\"NewsArticle\",\"@id\":\"https:\\\/\\\/www.webdo.tn\\\/fr\\\/actualite\\\/culture\\\/cannes-2022-le-tunisien-adam-bessa-prix-dinterpretation-un-certain-regard\\\/200024\\\/#article\",\"isPartOf\":{\"@id\":\"https:\\\/\\\/www.webdo.tn\\\/fr\\\/actualite\\\/culture\\\/cannes-2022-le-tunisien-adam-bessa-prix-dinterpretation-un-certain-regard\\\/200024\\\/\"},\"author\":{\"name\":\"Ne\u00efla DRISS\",\"@id\":\"https:\\\/\\\/www.webdo.tn\\\/fr\\\/#\\\/schema\\\/person\\\/60d5ba619ed3f58783b0dc82b7dada80\"},\"headline\":\"Cannes 2022 \u2013 Le Tunisien Adam Bessa, Prix de la meilleure performance Un Certain Regard\",\"datePublished\":\"2022-05-28T01:46:00+00:00\",\"dateModified\":\"2025-05-14T11:07:10+00:00\",\"mainEntityOfPage\":{\"@id\":\"https:\\\/\\\/www.webdo.tn\\\/fr\\\/actualite\\\/culture\\\/cannes-2022-le-tunisien-adam-bessa-prix-dinterpretation-un-certain-regard\\\/200024\\\/\"},\"wordCount\":263,\"commentCount\":0,\"publisher\":{\"@id\":\"https:\\\/\\\/www.webdo.tn\\\/fr\\\/#organization\"},\"image\":{\"@id\":\"https:\\\/\\\/www.webdo.tn\\\/fr\\\/actualite\\\/culture\\\/cannes-2022-le-tunisien-adam-bessa-prix-dinterpretation-un-certain-regard\\\/200024\\\/#primaryimage\"},\"thumbnailUrl\":\"https:\\\/\\\/www.webdo.tn\\\/fr\\\/wp-content\\\/uploads\\\/2022\\\/05\\\/Adam-Bessa-Harka-2022-Festival-Cannes_1.jpg\",\"keywords\":[\"Adam Bessa\",\"Cannes 2022\",\"Festival\",\"Festival de Cannes\",\"Film tunisien\",\"Harka\"],\"articleSection\":[\"Culture\"],\"inLanguage\":\"fr-FR\"},{\"@type\":\"WebPage\",\"@id\":\"https:\\\/\\\/www.webdo.tn\\\/fr\\\/actualite\\\/culture\\\/cannes-2022-le-tunisien-adam-bessa-prix-dinterpretation-un-certain-regard\\\/200024\\\/\",\"url\":\"https:\\\/\\\/www.webdo.tn\\\/fr\\\/actualite\\\/culture\\\/cannes-2022-le-tunisien-adam-bessa-prix-dinterpretation-un-certain-regard\\\/200024\\\/\",\"name\":\"Cannes 2022 \u2013 Le Tunisien Adam Bessa, Prix de la meilleure performance Un Certain Regard\",\"isPartOf\":{\"@id\":\"https:\\\/\\\/www.webdo.tn\\\/fr\\\/#website\"},\"primaryImageOfPage\":{\"@id\":\"https:\\\/\\\/www.webdo.tn\\\/fr\\\/actualite\\\/culture\\\/cannes-2022-le-tunisien-adam-bessa-prix-dinterpretation-un-certain-regard\\\/200024\\\/#primaryimage\"},\"image\":{\"@id\":\"https:\\\/\\\/www.webdo.tn\\\/fr\\\/actualite\\\/culture\\\/cannes-2022-le-tunisien-adam-bessa-prix-dinterpretation-un-certain-regard\\\/200024\\\/#primaryimage\"},\"thumbnailUrl\":\"https:\\\/\\\/www.webdo.tn\\\/fr\\\/wp-content\\\/uploads\\\/2022\\\/05\\\/Adam-Bessa-Harka-2022-Festival-Cannes_1.jpg\",\"datePublished\":\"2022-05-28T01:46:00+00:00\",\"dateModified\":\"2025-05-14T11:07:10+00:00\",\"description\":\"Cannes 2022 \u2013 Le Tunisien Adam Bessa, Prix de la meilleure performance Un Certain Regard\",\"breadcrumb\":{\"@id\":\"https:\\\/\\\/www.webdo.tn\\\/fr\\\/actualite\\\/culture\\\/cannes-2022-le-tunisien-adam-bessa-prix-dinterpretation-un-certain-regard\\\/200024\\\/#breadcrumb\"},\"inLanguage\":\"fr-FR\",\"potentialAction\":[{\"@type\":\"ReadAction\",\"target\":[\"https:\\\/\\\/www.webdo.tn\\\/fr\\\/actualite\\\/culture\\\/cannes-2022-le-tunisien-adam-bessa-prix-dinterpretation-un-certain-regard\\\/200024\\\/\"]}]},{\"@type\":\"ImageObject\",\"inLanguage\":\"fr-FR\",\"@id\":\"https:\\\/\\\/www.webdo.tn\\\/fr\\\/actualite\\\/culture\\\/cannes-2022-le-tunisien-adam-bessa-prix-dinterpretation-un-certain-regard\\\/200024\\\/#primaryimage\",\"url\":\"https:\\\/\\\/www.webdo.tn\\\/fr\\\/wp-content\\\/uploads\\\/2022\\\/05\\\/Adam-Bessa-Harka-2022-Festival-Cannes_1.jpg\",\"contentUrl\":\"https:\\\/\\\/www.webdo.tn\\\/fr\\\/wp-content\\\/uploads\\\/2022\\\/05\\\/Adam-Bessa-Harka-2022-Festival-Cannes_1.jpg\",\"width\":729,\"height\":486,\"caption\":\"Cannes 2022 \u2013 Le Tunisien Adam Bessa, Prix de la meilleure performance Un Certain Regard\"},{\"@type\":\"BreadcrumbList\",\"@id\":\"https:\\\/\\\/www.webdo.tn\\\/fr\\\/actualite\\\/culture\\\/cannes-2022-le-tunisien-adam-bessa-prix-dinterpretation-un-certain-regard\\\/200024\\\/#breadcrumb\",\"itemListElement\":[{\"@type\":\"ListItem\",\"position\":1,\"name\":\"Accueil\",\"item\":\"https:\\\/\\\/www.webdo.tn\\\/fr\\\/\"},{\"@type\":\"ListItem\",\"position\":2,\"name\":\"Cannes 2022 \u2013 Le Tunisien Adam Bessa, Prix de la meilleure performance Un Certain Regard\"}]},{\"@type\":\"WebSite\",\"@id\":\"https:\\\/\\\/www.webdo.tn\\\/fr\\\/#website\",\"url\":\"https:\\\/\\\/www.webdo.tn\\\/fr\\\/\",\"name\":\"webdo\",\"description\":\"Tunisie - News en Tunisie et \u00e0 l&#039;international sur Webdo.tn\",\"publisher\":{\"@id\":\"https:\\\/\\\/www.webdo.tn\\\/fr\\\/#organization\"},\"potentialAction\":[{\"@type\":\"SearchAction\",\"target\":{\"@type\":\"EntryPoint\",\"urlTemplate\":\"https:\\\/\\\/www.webdo.tn\\\/fr\\\/?s={search_term_string}\"},\"query-input\":{\"@type\":\"PropertyValueSpecification\",\"valueRequired\":true,\"valueName\":\"search_term_string\"}}],\"inLanguage\":\"fr-FR\"},{\"@type\":\"Organization\",\"@id\":\"https:\\\/\\\/www.webdo.tn\\\/fr\\\/#organization\",\"name\":\"Webdo\",\"alternateName\":\"Webdo.tn\",\"url\":\"https:\\\/\\\/www.webdo.tn\\\/fr\\\/\",\"logo\":{\"@type\":\"ImageObject\",\"inLanguage\":\"fr-FR\",\"@id\":\"https:\\\/\\\/www.webdo.tn\\\/fr\\\/#\\\/schema\\\/logo\\\/image\\\/\",\"url\":\"https:\\\/\\\/www.webdo.tn\\\/fr\\\/wp-content\\\/uploads\\\/2025\\\/06\\\/Webdo-Tunisie_168377.jpg\",\"contentUrl\":\"https:\\\/\\\/www.webdo.tn\\\/fr\\\/wp-content\\\/uploads\\\/2025\\\/06\\\/Webdo-Tunisie_168377.jpg\",\"width\":301,\"height\":301,\"caption\":\"Webdo\"},\"image\":{\"@id\":\"https:\\\/\\\/www.webdo.tn\\\/fr\\\/#\\\/schema\\\/logo\\\/image\\\/\"},\"sameAs\":[\"https:\\\/\\\/www.facebook.com\\\/webdotn\",\"https:\\\/\\\/x.com\\\/webdo_tn\"],\"description\":\"Webdo est un m\u00e9dia num\u00e9rique tunisien fond\u00e9 en 2010, sp\u00e9cialis\u00e9 dans l\u2019actualit\u00e9 nationale et internationale, l\u2019\u00e9conomie, la soci\u00e9t\u00e9 et les analyses politiques. Le site s\u2019adresse \u00e0 un large public francophone et couvre l\u2019information tunisienne en temps r\u00e9el.\",\"email\":\"redac@webdo.tn\",\"legalName\":\"YNJ SARL\",\"foundingDate\":\"2010-09-06\",\"numberOfEmployees\":{\"@type\":\"QuantitativeValue\",\"minValue\":\"11\",\"maxValue\":\"50\"}},{\"@type\":\"Person\",\"@id\":\"https:\\\/\\\/www.webdo.tn\\\/fr\\\/#\\\/schema\\\/person\\\/60d5ba619ed3f58783b0dc82b7dada80\",\"name\":\"Ne\u00efla DRISS\",\"image\":{\"@type\":\"ImageObject\",\"inLanguage\":\"fr-FR\",\"@id\":\"https:\\\/\\\/www.webdo.tn\\\/fr\\\/wp-content\\\/uploads\\\/2026\\\/04\\\/neila-driss_avatar-96x96.jpg\",\"url\":\"https:\\\/\\\/www.webdo.tn\\\/fr\\\/wp-content\\\/uploads\\\/2026\\\/04\\\/neila-driss_avatar-96x96.jpg\",\"contentUrl\":\"https:\\\/\\\/www.webdo.tn\\\/fr\\\/wp-content\\\/uploads\\\/2026\\\/04\\\/neila-driss_avatar-96x96.jpg\",\"caption\":\"Ne\u00efla DRISS\"},\"description\":\"Ne\u00efla Driss est juriste, journaliste culturelle et critique de cin\u00e9ma tunisienne. Titulaire d\u2019un DEA en droit priv\u00e9 de l\u2019Universit\u00e9 Paris II et d\u2019un DESS de l\u2019IHEC Carthage, elle d\u00e9bute sa carri\u00e8re comme juriste sp\u00e9cialis\u00e9e en gestion de patrimoine immobilier. Elle s\u2019oriente ensuite vers l\u2019\u00e9criture en ligne, o\u00f9 elle se distingue d\u00e8s 2006 aux Tunisia Blog Awards, avant de se consacrer au journalisme culturel, avec une sp\u00e9cialisation dans la critique cin\u00e9matographique. Elle couvre r\u00e9guli\u00e8rement les grands festivals internationaux, notamment le Festival de Cannes, les Journ\u00e9es Cin\u00e9matographiques de Carthage et le Festival du film du Caire. Membre de l\u2019ATPCC et de la FIPRESCI, elle participe \u00e0 des jurys et initiatives internationales de critique. Depuis 2024, elle est \u00e9lectrice internationale aux Golden Globes. Facebook : https:\\\/\\\/www.facebook.com\\\/massir.destiniii\\\/ X : https:\\\/\\\/x.com\\\/MassirDestin\",\"sameAs\":[\"https:\\\/\\\/www.facebook.com\\\/massir.destiniii\\\/\",\"https:\\\/\\\/www.instagram.com\\\/neila.driss\\\/?hl=fr\",\"https:\\\/\\\/www.linkedin.com\\\/in\\\/neila-driss-22606a80\\\/\",\"https:\\\/\\\/x.com\\\/https:\\\/\\\/x.com\\\/MassirDestin\"],\"knowsAbout\":[\"Cin\u00e9ma international\",\"critique cin\u00e9matographique\",\"festivals de cin\u00e9ma\",\"journalisme culturel\"],\"knowsLanguage\":[\"Fran\u00e7ais\",\"Arabe\",\"Anglais\"],\"jobTitle\":\"Journaliste culturelle et critique de cin\u00e9ma\",\"worksFor\":\"Webdo\",\"url\":\"https:\\\/\\\/www.webdo.tn\\\/fr\\\/actualite\\\/author\\\/neila-driss\\\/\"}]}<\/script>\n<!-- \/ Yoast SEO Premium plugin. -->","yoast_head_json":{"title":"Cannes 2022 \u2013 Le Tunisien Adam Bessa, Prix de la meilleure performance Un Certain Regard","description":"Cannes 2022 \u2013 Le Tunisien Adam Bessa, Prix de la meilleure performance Un Certain Regard","canonical":"https:\/\/www.webdo.tn\/fr\/actualite\/culture\/cannes-2022-le-tunisien-adam-bessa-prix-dinterpretation-un-certain-regard\/200024\/","og_locale":"fr_FR","og_type":"article","og_title":"Cannes 2022 \u2013 Le Tunisien Adam Bessa, Prix de la meilleure performance Un Certain Regard","og_description":"Cannes 2022 \u2013 Le Tunisien Adam Bessa, Prix de la meilleure performance Un Certain Regard","og_url":"https:\/\/www.webdo.tn\/fr\/actualite\/culture\/cannes-2022-le-tunisien-adam-bessa-prix-dinterpretation-un-certain-regard\/200024\/","og_site_name":"webdo","article_publisher":"https:\/\/www.facebook.com\/webdotn","article_author":"https:\/\/www.facebook.com\/massir.destiniii\/","article_published_time":"2022-05-28T01:46:00+00:00","article_modified_time":"2025-05-14T11:07:10+00:00","og_image":[{"width":729,"height":486,"url":"https:\/\/www.webdo.tn\/fr\/wp-content\/uploads\/2022\/05\/Adam-Bessa-Harka-2022-Festival-Cannes_1.jpg","type":"image\/jpeg"}],"author":"Ne\u00efla DRISS","twitter_card":"summary_large_image","twitter_creator":"@https:\/\/x.com\/MassirDestin","twitter_site":"@webdo_tn","twitter_misc":{"\u00c9crit par":"Ne\u00efla DRISS","Dur\u00e9e de lecture estim\u00e9e":"1 minute"},"schema":{"@context":"https:\/\/schema.org","@graph":[{"@type":"NewsArticle","@id":"https:\/\/www.webdo.tn\/fr\/actualite\/culture\/cannes-2022-le-tunisien-adam-bessa-prix-dinterpretation-un-certain-regard\/200024\/#article","isPartOf":{"@id":"https:\/\/www.webdo.tn\/fr\/actualite\/culture\/cannes-2022-le-tunisien-adam-bessa-prix-dinterpretation-un-certain-regard\/200024\/"},"author":{"name":"Ne\u00efla DRISS","@id":"https:\/\/www.webdo.tn\/fr\/#\/schema\/person\/60d5ba619ed3f58783b0dc82b7dada80"},"headline":"Cannes 2022 \u2013 Le Tunisien Adam Bessa, Prix de la meilleure performance Un Certain Regard","datePublished":"2022-05-28T01:46:00+00:00","dateModified":"2025-05-14T11:07:10+00:00","mainEntityOfPage":{"@id":"https:\/\/www.webdo.tn\/fr\/actualite\/culture\/cannes-2022-le-tunisien-adam-bessa-prix-dinterpretation-un-certain-regard\/200024\/"},"wordCount":263,"commentCount":0,"publisher":{"@id":"https:\/\/www.webdo.tn\/fr\/#organization"},"image":{"@id":"https:\/\/www.webdo.tn\/fr\/actualite\/culture\/cannes-2022-le-tunisien-adam-bessa-prix-dinterpretation-un-certain-regard\/200024\/#primaryimage"},"thumbnailUrl":"https:\/\/www.webdo.tn\/fr\/wp-content\/uploads\/2022\/05\/Adam-Bessa-Harka-2022-Festival-Cannes_1.jpg","keywords":["Adam Bessa","Cannes 2022","Festival","Festival de Cannes","Film tunisien","Harka"],"articleSection":["Culture"],"inLanguage":"fr-FR"},{"@type":"WebPage","@id":"https:\/\/www.webdo.tn\/fr\/actualite\/culture\/cannes-2022-le-tunisien-adam-bessa-prix-dinterpretation-un-certain-regard\/200024\/","url":"https:\/\/www.webdo.tn\/fr\/actualite\/culture\/cannes-2022-le-tunisien-adam-bessa-prix-dinterpretation-un-certain-regard\/200024\/","name":"Cannes 2022 \u2013 Le Tunisien Adam Bessa, Prix de la meilleure performance Un Certain Regard","isPartOf":{"@id":"https:\/\/www.webdo.tn\/fr\/#website"},"primaryImageOfPage":{"@id":"https:\/\/www.webdo.tn\/fr\/actualite\/culture\/cannes-2022-le-tunisien-adam-bessa-prix-dinterpretation-un-certain-regard\/200024\/#primaryimage"},"image":{"@id":"https:\/\/www.webdo.tn\/fr\/actualite\/culture\/cannes-2022-le-tunisien-adam-bessa-prix-dinterpretation-un-certain-regard\/200024\/#primaryimage"},"thumbnailUrl":"https:\/\/www.webdo.tn\/fr\/wp-content\/uploads\/2022\/05\/Adam-Bessa-Harka-2022-Festival-Cannes_1.jpg","datePublished":"2022-05-28T01:46:00+00:00","dateModified":"2025-05-14T11:07:10+00:00","description":"Cannes 2022 \u2013 Le Tunisien Adam Bessa, Prix de la meilleure performance Un Certain Regard","breadcrumb":{"@id":"https:\/\/www.webdo.tn\/fr\/actualite\/culture\/cannes-2022-le-tunisien-adam-bessa-prix-dinterpretation-un-certain-regard\/200024\/#breadcrumb"},"inLanguage":"fr-FR","potentialAction":[{"@type":"ReadAction","target":["https:\/\/www.webdo.tn\/fr\/actualite\/culture\/cannes-2022-le-tunisien-adam-bessa-prix-dinterpretation-un-certain-regard\/200024\/"]}]},{"@type":"ImageObject","inLanguage":"fr-FR","@id":"https:\/\/www.webdo.tn\/fr\/actualite\/culture\/cannes-2022-le-tunisien-adam-bessa-prix-dinterpretation-un-certain-regard\/200024\/#primaryimage","url":"https:\/\/www.webdo.tn\/fr\/wp-content\/uploads\/2022\/05\/Adam-Bessa-Harka-2022-Festival-Cannes_1.jpg","contentUrl":"https:\/\/www.webdo.tn\/fr\/wp-content\/uploads\/2022\/05\/Adam-Bessa-Harka-2022-Festival-Cannes_1.jpg","width":729,"height":486,"caption":"Cannes 2022 \u2013 Le Tunisien Adam Bessa, Prix de la meilleure performance Un Certain Regard"},{"@type":"BreadcrumbList","@id":"https:\/\/www.webdo.tn\/fr\/actualite\/culture\/cannes-2022-le-tunisien-adam-bessa-prix-dinterpretation-un-certain-regard\/200024\/#breadcrumb","itemListElement":[{"@type":"ListItem","position":1,"name":"Accueil","item":"https:\/\/www.webdo.tn\/fr\/"},{"@type":"ListItem","position":2,"name":"Cannes 2022 \u2013 Le Tunisien Adam Bessa, Prix de la meilleure performance Un Certain Regard"}]},{"@type":"WebSite","@id":"https:\/\/www.webdo.tn\/fr\/#website","url":"https:\/\/www.webdo.tn\/fr\/","name":"webdo","description":"Tunisie - News en Tunisie et \u00e0 l&#039;international sur Webdo.tn","publisher":{"@id":"https:\/\/www.webdo.tn\/fr\/#organization"},"potentialAction":[{"@type":"SearchAction","target":{"@type":"EntryPoint","urlTemplate":"https:\/\/www.webdo.tn\/fr\/?s={search_term_string}"},"query-input":{"@type":"PropertyValueSpecification","valueRequired":true,"valueName":"search_term_string"}}],"inLanguage":"fr-FR"},{"@type":"Organization","@id":"https:\/\/www.webdo.tn\/fr\/#organization","name":"Webdo","alternateName":"Webdo.tn","url":"https:\/\/www.webdo.tn\/fr\/","logo":{"@type":"ImageObject","inLanguage":"fr-FR","@id":"https:\/\/www.webdo.tn\/fr\/#\/schema\/logo\/image\/","url":"https:\/\/www.webdo.tn\/fr\/wp-content\/uploads\/2025\/06\/Webdo-Tunisie_168377.jpg","contentUrl":"https:\/\/www.webdo.tn\/fr\/wp-content\/uploads\/2025\/06\/Webdo-Tunisie_168377.jpg","width":301,"height":301,"caption":"Webdo"},"image":{"@id":"https:\/\/www.webdo.tn\/fr\/#\/schema\/logo\/image\/"},"sameAs":["https:\/\/www.facebook.com\/webdotn","https:\/\/x.com\/webdo_tn"],"description":"Webdo est un m\u00e9dia num\u00e9rique tunisien fond\u00e9 en 2010, sp\u00e9cialis\u00e9 dans l\u2019actualit\u00e9 nationale et internationale, l\u2019\u00e9conomie, la soci\u00e9t\u00e9 et les analyses politiques. Le site s\u2019adresse \u00e0 un large public francophone et couvre l\u2019information tunisienne en temps r\u00e9el.","email":"redac@webdo.tn","legalName":"YNJ SARL","foundingDate":"2010-09-06","numberOfEmployees":{"@type":"QuantitativeValue","minValue":"11","maxValue":"50"}},{"@type":"Person","@id":"https:\/\/www.webdo.tn\/fr\/#\/schema\/person\/60d5ba619ed3f58783b0dc82b7dada80","name":"Ne\u00efla DRISS","image":{"@type":"ImageObject","inLanguage":"fr-FR","@id":"https:\/\/www.webdo.tn\/fr\/wp-content\/uploads\/2026\/04\/neila-driss_avatar-96x96.jpg","url":"https:\/\/www.webdo.tn\/fr\/wp-content\/uploads\/2026\/04\/neila-driss_avatar-96x96.jpg","contentUrl":"https:\/\/www.webdo.tn\/fr\/wp-content\/uploads\/2026\/04\/neila-driss_avatar-96x96.jpg","caption":"Ne\u00efla DRISS"},"description":"Ne\u00efla Driss est juriste, journaliste culturelle et critique de cin\u00e9ma tunisienne. Titulaire d\u2019un DEA en droit priv\u00e9 de l\u2019Universit\u00e9 Paris II et d\u2019un DESS de l\u2019IHEC Carthage, elle d\u00e9bute sa carri\u00e8re comme juriste sp\u00e9cialis\u00e9e en gestion de patrimoine immobilier. Elle s\u2019oriente ensuite vers l\u2019\u00e9criture en ligne, o\u00f9 elle se distingue d\u00e8s 2006 aux Tunisia Blog Awards, avant de se consacrer au journalisme culturel, avec une sp\u00e9cialisation dans la critique cin\u00e9matographique. Elle couvre r\u00e9guli\u00e8rement les grands festivals internationaux, notamment le Festival de Cannes, les Journ\u00e9es Cin\u00e9matographiques de Carthage et le Festival du film du Caire. Membre de l\u2019ATPCC et de la FIPRESCI, elle participe \u00e0 des jurys et initiatives internationales de critique. Depuis 2024, elle est \u00e9lectrice internationale aux Golden Globes. Facebook : https:\/\/www.facebook.com\/massir.destiniii\/ X : https:\/\/x.com\/MassirDestin","sameAs":["https:\/\/www.facebook.com\/massir.destiniii\/","https:\/\/www.instagram.com\/neila.driss\/?hl=fr","https:\/\/www.linkedin.com\/in\/neila-driss-22606a80\/","https:\/\/x.com\/https:\/\/x.com\/MassirDestin"],"knowsAbout":["Cin\u00e9ma international","critique cin\u00e9matographique","festivals de cin\u00e9ma","journalisme culturel"],"knowsLanguage":["Fran\u00e7ais","Arabe","Anglais"],"jobTitle":"Journaliste culturelle et critique de cin\u00e9ma","worksFor":"Webdo","url":"https:\/\/www.webdo.tn\/fr\/actualite\/author\/neila-driss\/"}]}},"_links":{"self":[{"href":"https:\/\/www.webdo.tn\/fr\/wp-json\/wp\/v2\/posts\/200024","targetHints":{"allow":["GET"]}}],"collection":[{"href":"https:\/\/www.webdo.tn\/fr\/wp-json\/wp\/v2\/posts"}],"about":[{"href":"https:\/\/www.webdo.tn\/fr\/wp-json\/wp\/v2\/types\/post"}],"author":[{"embeddable":true,"href":"https:\/\/www.webdo.tn\/fr\/wp-json\/wp\/v2\/users\/3164"}],"replies":[{"embeddable":true,"href":"https:\/\/www.webdo.tn\/fr\/wp-json\/wp\/v2\/comments?post=200024"}],"version-history":[{"count":0,"href":"https:\/\/www.webdo.tn\/fr\/wp-json\/wp\/v2\/posts\/200024\/revisions"}],"wp:featuredmedia":[{"embeddable":true,"href":"https:\/\/www.webdo.tn\/fr\/wp-json\/wp\/v2\/media\/254894"}],"wp:attachment":[{"href":"https:\/\/www.webdo.tn\/fr\/wp-json\/wp\/v2\/media?parent=200024"}],"wp:term":[{"taxonomy":"category","embeddable":true,"href":"https:\/\/www.webdo.tn\/fr\/wp-json\/wp\/v2\/categories?post=200024"},{"taxonomy":"post_tag","embeddable":true,"href":"https:\/\/www.webdo.tn\/fr\/wp-json\/wp\/v2\/tags?post=200024"}],"curies":[{"name":"wp","href":"https:\/\/api.w.org\/{rel}","templated":true}]}}