{"id":200023,"date":"2022-05-26T15:31:00","date_gmt":"2022-05-26T15:31:00","guid":{"rendered":"https:\/\/www.webdo.tn\/fr\/blog\/cannes-2022-under-the-fig-trees-est-un-bonbon\/200023\/"},"modified":"2025-05-14T11:07:24","modified_gmt":"2025-05-14T11:07:24","slug":"cannes-2022-under-the-fig-trees-est-un-bonbon","status":"publish","type":"post","link":"https:\/\/www.webdo.tn\/fr\/actualite\/culture\/cannes-2022-under-the-fig-trees-est-un-bonbon\/200023\/","title":{"rendered":"Cannes 2022 &#8211; \u00ab\u00a0Under the fig trees\u00a0\u00bb est un bonbon !"},"content":{"rendered":"<div class=\"single-body entry-content typography-copy\" itemprop=\"articleBody\">\n<p style=\"font-weight: bold; text-align: justify\">\n<div class=\"coprs\" style=\"text-align: center\"><\/div>\n<div class=\"coprs\" style=\"text-align: justify\">\n<p>\u00ab\u00a0<em><strong>Ce film est un bonbon<\/strong><\/em>\u00a0\u00bb a d\u00e9clar\u00e9 le r\u00e9alisateur marocain Mohcine Besri \u00e0 propos de <a href=\"https:\/\/www.webdo.tn\/2022\/05\/16\/cannes-2022-laffiche-cannoise-du-film-under-the-fig-trees-derige-sehiri-devoilee\/\"><em>Under the fig trees (sous les figues)<\/em><\/a>, l\u2019un des quatre films tunisiens s\u00e9lectionn\u00e9s \u00e0 la 75<sup>\u00e8me<\/sup> \u00e9dition du festival de Cannes, qui se d\u00e9roule du 17 au 28 mai 2022.<\/p>\n<p><em>Under the fig trees<\/em> r\u00e9alis\u00e9 par Erige Sehiri, dont c\u2019est le premier long m\u00e9trage de fiction<a href=\"https:\/\/www.webdo.tn\/2022\/04\/21\/cannes-2022-deux-films-tunisiens-a-la-quinzaine-des-realisateurs\/\">, a \u00e9t\u00e9 pr\u00e9sent\u00e9 dans la section \u00ab\u00a0La Quinzaine des R\u00e9alisateurs\u00a0\u00bb<\/a> et a eu droit \u00e0 une longue ovation du public. La projection a \u00e9t\u00e9 suivie d\u2019un d\u00e9bat avec la r\u00e9alisatrice et quelques membres de son \u00e9quipe, dont quelques-uns des protagonistes, qui ne sont d&rsquo;ailleurs pas des acteurs professionnels.<\/p>\n<p>En effet, Erige Sehiri a eu l\u2019id\u00e9e de faire ce long-m\u00e9trage alors qu\u2019elle faisait passer un casting pour un autre film. Lorsqu\u2019elle avait demand\u00e9 \u00e0 Fid\u00e9, une des jeunes filles qui s\u2019\u00e9taient pr\u00e9sent\u00e9es, si elle serait libre pour tourner en \u00e9t\u00e9, celle-ci lui avait r\u00e9pondu que non, puisque c\u2019\u00e9tait l\u2019\u00e9poque des r\u00e9coltes et qu\u2019elle travaillait dans les champs et l\u2019avait d&rsquo;ailleurs invit\u00e9e \u00e0 l\u2019accompagner lors d\u2019une journ\u00e9e de travail.<\/p>\n<p>La r\u00e9alisatrice avait accept\u00e9 l\u2019invitation. Int\u00e9ress\u00e9e par ces jeunes ouvri\u00e8res agricoles, elle avait discut\u00e9 avec elles, leur avait pos\u00e9 des questions sur leur travail, sur leur vie quotidienne, sur leur conception de la vie, sur leurs relations avec les hommes\u2026. \u00a0Tr\u00e8s \u00e9mue, elle avait d\u00e9cid\u00e9 d\u2019en faire un film. Elle avait aussi saisi cette occasion pour rendre hommage \u00e0 toutes ces personnes qui vont travailler dans les champs et surtout \u00e0 toutes ces femmes dont on entend parler de temps en temps dans les journaux \u00e0 la suite des accidents de la route dont elles sont victimes, mais qu\u2019on oublie rapidement jusqu\u2019au prochain accident.<\/p>\n<p><em>Under the fig trees<\/em> est une mani\u00e8re de penser \u00e0 elles, de les connaitre un peu, d\u2019avoir un aper\u00e7u de leurs vies, qui d\u00e9passe le cadre de ces camions dans lesquels elles sont entass\u00e9es matin et soir pour aller travailler.<\/p>\n<p>Le film fait d\u00e9couvrir ces ouvri\u00e8res, et aussi ces ouvriers qui travaillent \u00e0 leurs c\u00f4t\u00e9s, en d\u00e9butant d\u2019ailleurs par un camion dans lequel elles\/ils commencent leur journ\u00e9e de travail et se termine \u00e9galement dans un camion qui les ram\u00e8ne \u00e0 la fin de la journ\u00e9e.<br \/>\n\u00a0<\/p>\n<p><img decoding=\"async\" alt=\"Under the fig trees\" height=\"255\" src=\"https:\/\/www.webdo.tn\/wp-content\/uploads\/2022\/05\/Under-the-fig-trees-07-1-1024x375.jpg\" width=\"696\"><br \/>\nUne sc\u00e8ne du film Under the fig trees &#8211; Les ouvriers et les camions.<\/p>\n<p>\u00a0<\/p>\n<p>Entre ces deux voyages en camion, la r\u00e9alisatrice fait en sorte que les spectateurs partagent une journ\u00e9e de la vie de ces ouvriers. Tous les \u00e9v\u00e9nements se d\u00e9roulent d\u2019ailleurs dans un verger, entre, sous et sur les arbres, lors d\u2019une vraie r\u00e9colte, o\u00f9 \u00e9voluent un superviseur et des travailleurs, hommes et femmes, d&rsquo;\u00e2ges diff\u00e9rents, qui vont r\u00e9colter des figues, les trier par calibre, les ranger dans des cageots, les entasser dans des camions\u2026<\/p>\n<p>La r\u00e9alisatrice fait donc ce choix difficile de rester dans un espace restreint et limit\u00e9 dans le temps. Elle dit d\u2019ailleurs elle-m\u00eame qu\u2019il s\u2019agit d\u2019un huit clos \u00e0 ciel ouvert. Et c\u2019est effectivement un huis clos entre quelques personnages, mais un huit clos ouvert ayant pour d\u00e9cor de larges champs, de grands arbres, un ciel bleu et un beau soleil, qui donne d\u2019ailleurs une belle luminosit\u00e9 au film et aux couleurs. Une luminosit\u00e9 qui contribue \u00e0 la spontan\u00e9it\u00e9 et la fraicheur des propos.<\/p>\n<p>Sous les yeux inquisiteurs du superviseur, un certain nombre de personnages, essentiellement des jeunes, qu\u2019on va d\u00e9couvrir au fur et \u00e0 mesure. Ils sont \u00e0 peine sortis de l\u2019adolescence et ont les m\u00eames probl\u00e8mes et les m\u00eames pr\u00e9occupations que tous les jeunes du monde entier\u00a0: l\u2019amiti\u00e9, l\u2019amour, les diverses \u00e9motions suscit\u00e9es, les relations filles gar\u00e7ons, les jalousies, les projets d\u2019avenir\u2026. On fait leur connaissance, on remarque les diff\u00e9rences de caract\u00e8res, les jalousies, les probl\u00e8mes des uns et des autres\u2026 Certains commencent d\u2019ailleurs \u00e0 murir, \u00e0 entrer dans la vie d\u2019adulte et ses probl\u00e8mes, comme ce jeune homme dont l\u2019oncle retient sa part d\u2019h\u00e9ritage (la r\u00e9alisatrice a ouvert l\u00e0 une parenth\u00e8se sur un probl\u00e8me r\u00e9current dans nos soci\u00e9t\u00e9s, lorsqu\u2019un oncle ou un fr\u00e8re s\u2019accapare la part d\u2019h\u00e9ritage de ses neveux et ni\u00e8ces ou s\u0153urs).<br \/>\n\u00a0<\/p>\n<p><img decoding=\"async\" alt=\"Under the fig trees\" height=\"493\" src=\"https:\/\/www.webdo.tn\/wp-content\/uploads\/2022\/05\/Under-the-fig-trees-06-1-1024x725.jpg\" width=\"696\"><\/p>\n<p>\u00a0<\/p>\n<p>A un moment, on voit apparaitre un homme d\u2019\u00e2ge m\u00fbr venir faire une le\u00e7on de morale \u00e0 une des jeunes filles. Il l\u2019avait entendue parler et n\u2019\u00e9tait pas d\u2019accord avec ses propos. Lors du d\u00e9bat qui a suivi la projection, la r\u00e9alisatrice a r\u00e9v\u00e9l\u00e9 que cette sc\u00e8ne n\u2019\u00e9tait ni \u00e9crite, ni pr\u00e9vue. En effet, le tournage se faisait au milieu d\u2019un verger o\u00f9 des ouvriers agricoles travaillaient r\u00e9ellement. Cet homme n\u2019\u00e9tant pas d\u2019accord avec des propos qu\u2019il avait entendu et ne comprenant pas qu\u2019il s\u2019agissait d\u2019un film, \u00e9tait intervenu pour faire la le\u00e7on \u00e0 la jeune fille. Celle-ci avait eu la pr\u00e9sence d\u2019esprit de lui r\u00e9pondre et la r\u00e9alisatrice avait laiss\u00e9 la cam\u00e9ra tourner !<\/p>\n<p>Une telle sc\u00e8ne a surement contribu\u00e9 \u00e0 la spontan\u00e9it\u00e9 et la fraicheur du film, qui a d\u2019ailleurs \u00e9t\u00e9 construit sur cette base. En effet, un sc\u00e9nario a bien \u00e9t\u00e9 \u00e9crit, mais chaque jour, la r\u00e9alisatrice ne donnait aux acteurs aucun un dialogue \u00e9crit, mais leur expliquait ce qu\u2019elle voulait et attendait d\u2019eux, le sens ou la trajectoire qu\u2019elle voulait donner, les relations qu\u2019elle souhaitait voir se d\u00e9velopper entre les divers personnages, et les laissait seuls trouver leurs propres mots, parler, s\u2019exprimer, interagir entre eux\u2026. Ce qui les rendaient attendrissants et surtout r\u00e9els. Et qui a surement contribu\u00e9 \u00e0 faire d&rsquo;<em>Under the fig trees<\/em> un bonbon. Un doux bonbon, sucr\u00e9, qui se laisse d\u00e9guster avec plaisir et \u00e9motion.<br \/>\n\u00a0<\/p>\n<p><img decoding=\"async\" alt=\"Under the fig trees\" height=\"682\" src=\"https:\/\/www.webdo.tn\/wp-content\/uploads\/2022\/05\/under-the-fig-trees-Montee-des-marches.jpg\" width=\"1024\"> Cannes 2022 &#8211; La r\u00e9alisatrice Erige Sehiri et ses acteurs sur le tapis rouge<\/p>\n<p>\u00a0<\/p>\n<p>Dans le film, on voyait ces jeunes pr\u00e9occup\u00e9s par leur avenir, et poser des questions sur le monde ext\u00e9rieur, la majorit\u00e9 d\u2019entre eux n\u2019ayant jamais quitt\u00e9 sa r\u00e9gion. D\u2019ailleurs, en montrant des ouvri\u00e8res d\u2019un \u00e2ge avanc\u00e9, la r\u00e9alisatrice a voulu qu\u2019elles soient une sorte de miroir, qui refl\u00e8te l\u2019avenir des jeunes femmes, leurs r\u00e9gions ne leur offrant pas d\u2019opportunit\u00e9s d\u2019avenir, et l\u2019ascenseur social \u00e9tant, dans nos pays, en panne depuis de longues ann\u00e9es.<\/p>\n<p>Mais un jour, le destin en a d\u00e9cid\u00e9 autrement, et ces jeunes gens ont crois\u00e9 le chemin d\u2019Erige Sehiri. Les voil\u00e0 aujourd\u2019hui au festival de Cannes, le plus important festival de cin\u00e9ma du monde. Une belle aventure, que tous les protagonistes ont pris plaisir \u00e0 vivre (cela se refl\u00e8te dans le film) et qui leur offrira peut-\u00eatre des horizons nouveaux et changera leur destin et leur avenir \u00e0 tout jamais\u00a0!<\/p>\n<p><strong>Ne\u00efla Driss<\/strong><\/p>\n<p>\u00a0<\/p>\n<\/p><\/div>\n<div class=\"coprs\" style=\"text-align: center\"><\/div><\/div>\n","protected":false},"excerpt":{"rendered":"<p>Cannes 2022 &#8211;  Under the fig trees  est un bonbon !<\/p>\n","protected":false},"author":3164,"featured_media":254930,"comment_status":"open","ping_status":"closed","sticky":false,"template":"","format":"standard","meta":{"footnotes":""},"categories":[2594],"tags":[9071,2656,8670,2628,2627,2655,4408],"class_list":["post-200023","post","type-post","status-publish","format-standard","has-post-thumbnail","hentry","category-culture","tag-cannes-2022","tag-cinema-tunisien","tag-critique-de-film","tag-festival","tag-festival-de-cannes","tag-film","tag-film-tunisien"],"yoast_head":"<!-- This site is optimized with the Yoast SEO Premium plugin v27.5 (Yoast SEO v27.5) - https:\/\/yoast.com\/product\/yoast-seo-premium-wordpress\/ -->\n<title>Cannes 2022 - Under the fig trees est un bonbon !<\/title>\n<meta name=\"description\" content=\"Cannes 2022 - Under the fig trees est un bonbon !\" \/>\n<link rel=\"canonical\" href=\"https:\/\/www.webdo.tn\/fr\/actualite\/culture\/cannes-2022-under-the-fig-trees-est-un-bonbon\/200023\/\" \/>\n<meta property=\"og:locale\" content=\"fr_FR\" \/>\n<meta property=\"og:type\" content=\"article\" \/>\n<meta property=\"og:title\" content=\"Cannes 2022 - &quot;Under the fig trees&quot; est un bonbon !\" \/>\n<meta property=\"og:description\" content=\"Cannes 2022 - Under the fig trees est un bonbon !\" \/>\n<meta property=\"og:url\" content=\"https:\/\/www.webdo.tn\/fr\/actualite\/culture\/cannes-2022-under-the-fig-trees-est-un-bonbon\/200023\/\" \/>\n<meta property=\"og:site_name\" content=\"webdo\" \/>\n<meta property=\"article:publisher\" content=\"https:\/\/www.facebook.com\/webdotn\" \/>\n<meta property=\"article:author\" content=\"https:\/\/www.facebook.com\/massir.destiniii\/\" \/>\n<meta property=\"article:published_time\" content=\"2022-05-26T15:31:00+00:00\" \/>\n<meta property=\"article:modified_time\" content=\"2025-05-14T11:07:24+00:00\" \/>\n<meta property=\"og:image\" content=\"https:\/\/www.webdo.tn\/fr\/wp-content\/uploads\/2022\/05\/Under-the-fig-trees-00-1024x732-1.png\" \/>\n\t<meta property=\"og:image:width\" content=\"1024\" \/>\n\t<meta property=\"og:image:height\" content=\"732\" \/>\n\t<meta property=\"og:image:type\" content=\"image\/png\" \/>\n<meta name=\"author\" content=\"Ne\u00efla DRISS\" \/>\n<meta name=\"twitter:card\" content=\"summary_large_image\" \/>\n<meta name=\"twitter:creator\" content=\"@https:\/\/x.com\/MassirDestin\" \/>\n<meta name=\"twitter:site\" content=\"@webdo_tn\" \/>\n<meta name=\"twitter:label1\" content=\"\u00c9crit par\" \/>\n\t<meta name=\"twitter:data1\" content=\"Ne\u00efla DRISS\" \/>\n\t<meta name=\"twitter:label2\" content=\"Dur\u00e9e de lecture estim\u00e9e\" \/>\n\t<meta name=\"twitter:data2\" content=\"6 minutes\" \/>\n<script type=\"application\/ld+json\" class=\"yoast-schema-graph\">{\"@context\":\"https:\\\/\\\/schema.org\",\"@graph\":[{\"@type\":\"NewsArticle\",\"@id\":\"https:\\\/\\\/www.webdo.tn\\\/fr\\\/actualite\\\/culture\\\/cannes-2022-under-the-fig-trees-est-un-bonbon\\\/200023\\\/#article\",\"isPartOf\":{\"@id\":\"https:\\\/\\\/www.webdo.tn\\\/fr\\\/actualite\\\/culture\\\/cannes-2022-under-the-fig-trees-est-un-bonbon\\\/200023\\\/\"},\"author\":{\"name\":\"Ne\u00efla DRISS\",\"@id\":\"https:\\\/\\\/www.webdo.tn\\\/fr\\\/#\\\/schema\\\/person\\\/60d5ba619ed3f58783b0dc82b7dada80\"},\"headline\":\"Cannes 2022 &#8211; \u00ab\u00a0Under the fig trees\u00a0\u00bb est un bonbon !\",\"datePublished\":\"2022-05-26T15:31:00+00:00\",\"dateModified\":\"2025-05-14T11:07:24+00:00\",\"mainEntityOfPage\":{\"@id\":\"https:\\\/\\\/www.webdo.tn\\\/fr\\\/actualite\\\/culture\\\/cannes-2022-under-the-fig-trees-est-un-bonbon\\\/200023\\\/\"},\"wordCount\":1224,\"commentCount\":0,\"publisher\":{\"@id\":\"https:\\\/\\\/www.webdo.tn\\\/fr\\\/#organization\"},\"image\":{\"@id\":\"https:\\\/\\\/www.webdo.tn\\\/fr\\\/actualite\\\/culture\\\/cannes-2022-under-the-fig-trees-est-un-bonbon\\\/200023\\\/#primaryimage\"},\"thumbnailUrl\":\"https:\\\/\\\/www.webdo.tn\\\/fr\\\/wp-content\\\/uploads\\\/2022\\\/05\\\/Under-the-fig-trees-00-1024x732-1.png\",\"keywords\":[\"Cannes 2022\",\"cin\u00e9ma tunisien\",\"Critique de film\",\"Festival\",\"Festival de Cannes\",\"Film\",\"Film tunisien\"],\"articleSection\":[\"Culture\"],\"inLanguage\":\"fr-FR\"},{\"@type\":\"WebPage\",\"@id\":\"https:\\\/\\\/www.webdo.tn\\\/fr\\\/actualite\\\/culture\\\/cannes-2022-under-the-fig-trees-est-un-bonbon\\\/200023\\\/\",\"url\":\"https:\\\/\\\/www.webdo.tn\\\/fr\\\/actualite\\\/culture\\\/cannes-2022-under-the-fig-trees-est-un-bonbon\\\/200023\\\/\",\"name\":\"Cannes 2022 - Under the fig trees est un bonbon !\",\"isPartOf\":{\"@id\":\"https:\\\/\\\/www.webdo.tn\\\/fr\\\/#website\"},\"primaryImageOfPage\":{\"@id\":\"https:\\\/\\\/www.webdo.tn\\\/fr\\\/actualite\\\/culture\\\/cannes-2022-under-the-fig-trees-est-un-bonbon\\\/200023\\\/#primaryimage\"},\"image\":{\"@id\":\"https:\\\/\\\/www.webdo.tn\\\/fr\\\/actualite\\\/culture\\\/cannes-2022-under-the-fig-trees-est-un-bonbon\\\/200023\\\/#primaryimage\"},\"thumbnailUrl\":\"https:\\\/\\\/www.webdo.tn\\\/fr\\\/wp-content\\\/uploads\\\/2022\\\/05\\\/Under-the-fig-trees-00-1024x732-1.png\",\"datePublished\":\"2022-05-26T15:31:00+00:00\",\"dateModified\":\"2025-05-14T11:07:24+00:00\",\"description\":\"Cannes 2022 - Under the fig trees est un bonbon !\",\"breadcrumb\":{\"@id\":\"https:\\\/\\\/www.webdo.tn\\\/fr\\\/actualite\\\/culture\\\/cannes-2022-under-the-fig-trees-est-un-bonbon\\\/200023\\\/#breadcrumb\"},\"inLanguage\":\"fr-FR\",\"potentialAction\":[{\"@type\":\"ReadAction\",\"target\":[\"https:\\\/\\\/www.webdo.tn\\\/fr\\\/actualite\\\/culture\\\/cannes-2022-under-the-fig-trees-est-un-bonbon\\\/200023\\\/\"]}]},{\"@type\":\"ImageObject\",\"inLanguage\":\"fr-FR\",\"@id\":\"https:\\\/\\\/www.webdo.tn\\\/fr\\\/actualite\\\/culture\\\/cannes-2022-under-the-fig-trees-est-un-bonbon\\\/200023\\\/#primaryimage\",\"url\":\"https:\\\/\\\/www.webdo.tn\\\/fr\\\/wp-content\\\/uploads\\\/2022\\\/05\\\/Under-the-fig-trees-00-1024x732-1.png\",\"contentUrl\":\"https:\\\/\\\/www.webdo.tn\\\/fr\\\/wp-content\\\/uploads\\\/2022\\\/05\\\/Under-the-fig-trees-00-1024x732-1.png\",\"width\":1024,\"height\":732,\"caption\":\"Cannes 2022 - \\\"Under the fig trees\\\" est un bonbon !\"},{\"@type\":\"BreadcrumbList\",\"@id\":\"https:\\\/\\\/www.webdo.tn\\\/fr\\\/actualite\\\/culture\\\/cannes-2022-under-the-fig-trees-est-un-bonbon\\\/200023\\\/#breadcrumb\",\"itemListElement\":[{\"@type\":\"ListItem\",\"position\":1,\"name\":\"Accueil\",\"item\":\"https:\\\/\\\/www.webdo.tn\\\/fr\\\/\"},{\"@type\":\"ListItem\",\"position\":2,\"name\":\"Cannes 2022 &#8211; \u00ab\u00a0Under the fig trees\u00a0\u00bb est un bonbon !\"}]},{\"@type\":\"WebSite\",\"@id\":\"https:\\\/\\\/www.webdo.tn\\\/fr\\\/#website\",\"url\":\"https:\\\/\\\/www.webdo.tn\\\/fr\\\/\",\"name\":\"webdo\",\"description\":\"Tunisie - News en Tunisie et \u00e0 l&#039;international sur Webdo.tn\",\"publisher\":{\"@id\":\"https:\\\/\\\/www.webdo.tn\\\/fr\\\/#organization\"},\"potentialAction\":[{\"@type\":\"SearchAction\",\"target\":{\"@type\":\"EntryPoint\",\"urlTemplate\":\"https:\\\/\\\/www.webdo.tn\\\/fr\\\/?s={search_term_string}\"},\"query-input\":{\"@type\":\"PropertyValueSpecification\",\"valueRequired\":true,\"valueName\":\"search_term_string\"}}],\"inLanguage\":\"fr-FR\"},{\"@type\":\"Organization\",\"@id\":\"https:\\\/\\\/www.webdo.tn\\\/fr\\\/#organization\",\"name\":\"Webdo\",\"alternateName\":\"Webdo.tn\",\"url\":\"https:\\\/\\\/www.webdo.tn\\\/fr\\\/\",\"logo\":{\"@type\":\"ImageObject\",\"inLanguage\":\"fr-FR\",\"@id\":\"https:\\\/\\\/www.webdo.tn\\\/fr\\\/#\\\/schema\\\/logo\\\/image\\\/\",\"url\":\"https:\\\/\\\/www.webdo.tn\\\/fr\\\/wp-content\\\/uploads\\\/2025\\\/06\\\/Webdo-Tunisie_168377.jpg\",\"contentUrl\":\"https:\\\/\\\/www.webdo.tn\\\/fr\\\/wp-content\\\/uploads\\\/2025\\\/06\\\/Webdo-Tunisie_168377.jpg\",\"width\":301,\"height\":301,\"caption\":\"Webdo\"},\"image\":{\"@id\":\"https:\\\/\\\/www.webdo.tn\\\/fr\\\/#\\\/schema\\\/logo\\\/image\\\/\"},\"sameAs\":[\"https:\\\/\\\/www.facebook.com\\\/webdotn\",\"https:\\\/\\\/x.com\\\/webdo_tn\"],\"description\":\"Webdo est un m\u00e9dia num\u00e9rique tunisien fond\u00e9 en 2010, sp\u00e9cialis\u00e9 dans l\u2019actualit\u00e9 nationale et internationale, l\u2019\u00e9conomie, la soci\u00e9t\u00e9 et les analyses politiques. Le site s\u2019adresse \u00e0 un large public francophone et couvre l\u2019information tunisienne en temps r\u00e9el.\",\"email\":\"redac@webdo.tn\",\"legalName\":\"YNJ SARL\",\"foundingDate\":\"2010-09-06\",\"numberOfEmployees\":{\"@type\":\"QuantitativeValue\",\"minValue\":\"11\",\"maxValue\":\"50\"}},{\"@type\":\"Person\",\"@id\":\"https:\\\/\\\/www.webdo.tn\\\/fr\\\/#\\\/schema\\\/person\\\/60d5ba619ed3f58783b0dc82b7dada80\",\"name\":\"Ne\u00efla DRISS\",\"image\":{\"@type\":\"ImageObject\",\"inLanguage\":\"fr-FR\",\"@id\":\"https:\\\/\\\/www.webdo.tn\\\/fr\\\/wp-content\\\/uploads\\\/2026\\\/04\\\/neila-driss_avatar-96x96.jpg\",\"url\":\"https:\\\/\\\/www.webdo.tn\\\/fr\\\/wp-content\\\/uploads\\\/2026\\\/04\\\/neila-driss_avatar-96x96.jpg\",\"contentUrl\":\"https:\\\/\\\/www.webdo.tn\\\/fr\\\/wp-content\\\/uploads\\\/2026\\\/04\\\/neila-driss_avatar-96x96.jpg\",\"caption\":\"Ne\u00efla DRISS\"},\"description\":\"Ne\u00efla Driss est juriste, journaliste culturelle et critique de cin\u00e9ma tunisienne. Titulaire d\u2019un DEA en droit priv\u00e9 de l\u2019Universit\u00e9 Paris II et d\u2019un DESS de l\u2019IHEC Carthage, elle d\u00e9bute sa carri\u00e8re comme juriste sp\u00e9cialis\u00e9e en gestion de patrimoine immobilier. Elle s\u2019oriente ensuite vers l\u2019\u00e9criture en ligne, o\u00f9 elle se distingue d\u00e8s 2006 aux Tunisia Blog Awards, avant de se consacrer au journalisme culturel, avec une sp\u00e9cialisation dans la critique cin\u00e9matographique. Elle couvre r\u00e9guli\u00e8rement les grands festivals internationaux, notamment le Festival de Cannes, les Journ\u00e9es Cin\u00e9matographiques de Carthage et le Festival du film du Caire. Membre de l\u2019ATPCC et de la FIPRESCI, elle participe \u00e0 des jurys et initiatives internationales de critique. Depuis 2024, elle est \u00e9lectrice internationale aux Golden Globes. Facebook : https:\\\/\\\/www.facebook.com\\\/massir.destiniii\\\/ X : https:\\\/\\\/x.com\\\/MassirDestin\",\"sameAs\":[\"https:\\\/\\\/www.facebook.com\\\/massir.destiniii\\\/\",\"https:\\\/\\\/www.instagram.com\\\/neila.driss\\\/?hl=fr\",\"https:\\\/\\\/www.linkedin.com\\\/in\\\/neila-driss-22606a80\\\/\",\"https:\\\/\\\/x.com\\\/https:\\\/\\\/x.com\\\/MassirDestin\"],\"knowsAbout\":[\"Cin\u00e9ma international\",\"critique cin\u00e9matographique\",\"festivals de cin\u00e9ma\",\"journalisme culturel\"],\"knowsLanguage\":[\"Fran\u00e7ais\",\"Arabe\",\"Anglais\"],\"jobTitle\":\"Journaliste culturelle et critique de cin\u00e9ma\",\"worksFor\":\"Webdo\",\"url\":\"https:\\\/\\\/www.webdo.tn\\\/fr\\\/actualite\\\/author\\\/neila-driss\\\/\"}]}<\/script>\n<!-- \/ Yoast SEO Premium plugin. -->","yoast_head_json":{"title":"Cannes 2022 - Under the fig trees est un bonbon !","description":"Cannes 2022 - Under the fig trees est un bonbon !","canonical":"https:\/\/www.webdo.tn\/fr\/actualite\/culture\/cannes-2022-under-the-fig-trees-est-un-bonbon\/200023\/","og_locale":"fr_FR","og_type":"article","og_title":"Cannes 2022 - \"Under the fig trees\" est un bonbon !","og_description":"Cannes 2022 - Under the fig trees est un bonbon !","og_url":"https:\/\/www.webdo.tn\/fr\/actualite\/culture\/cannes-2022-under-the-fig-trees-est-un-bonbon\/200023\/","og_site_name":"webdo","article_publisher":"https:\/\/www.facebook.com\/webdotn","article_author":"https:\/\/www.facebook.com\/massir.destiniii\/","article_published_time":"2022-05-26T15:31:00+00:00","article_modified_time":"2025-05-14T11:07:24+00:00","og_image":[{"width":1024,"height":732,"url":"https:\/\/www.webdo.tn\/fr\/wp-content\/uploads\/2022\/05\/Under-the-fig-trees-00-1024x732-1.png","type":"image\/png"}],"author":"Ne\u00efla DRISS","twitter_card":"summary_large_image","twitter_creator":"@https:\/\/x.com\/MassirDestin","twitter_site":"@webdo_tn","twitter_misc":{"\u00c9crit par":"Ne\u00efla DRISS","Dur\u00e9e de lecture estim\u00e9e":"6 minutes"},"schema":{"@context":"https:\/\/schema.org","@graph":[{"@type":"NewsArticle","@id":"https:\/\/www.webdo.tn\/fr\/actualite\/culture\/cannes-2022-under-the-fig-trees-est-un-bonbon\/200023\/#article","isPartOf":{"@id":"https:\/\/www.webdo.tn\/fr\/actualite\/culture\/cannes-2022-under-the-fig-trees-est-un-bonbon\/200023\/"},"author":{"name":"Ne\u00efla DRISS","@id":"https:\/\/www.webdo.tn\/fr\/#\/schema\/person\/60d5ba619ed3f58783b0dc82b7dada80"},"headline":"Cannes 2022 &#8211; \u00ab\u00a0Under the fig trees\u00a0\u00bb est un bonbon !","datePublished":"2022-05-26T15:31:00+00:00","dateModified":"2025-05-14T11:07:24+00:00","mainEntityOfPage":{"@id":"https:\/\/www.webdo.tn\/fr\/actualite\/culture\/cannes-2022-under-the-fig-trees-est-un-bonbon\/200023\/"},"wordCount":1224,"commentCount":0,"publisher":{"@id":"https:\/\/www.webdo.tn\/fr\/#organization"},"image":{"@id":"https:\/\/www.webdo.tn\/fr\/actualite\/culture\/cannes-2022-under-the-fig-trees-est-un-bonbon\/200023\/#primaryimage"},"thumbnailUrl":"https:\/\/www.webdo.tn\/fr\/wp-content\/uploads\/2022\/05\/Under-the-fig-trees-00-1024x732-1.png","keywords":["Cannes 2022","cin\u00e9ma tunisien","Critique de film","Festival","Festival de Cannes","Film","Film tunisien"],"articleSection":["Culture"],"inLanguage":"fr-FR"},{"@type":"WebPage","@id":"https:\/\/www.webdo.tn\/fr\/actualite\/culture\/cannes-2022-under-the-fig-trees-est-un-bonbon\/200023\/","url":"https:\/\/www.webdo.tn\/fr\/actualite\/culture\/cannes-2022-under-the-fig-trees-est-un-bonbon\/200023\/","name":"Cannes 2022 - Under the fig trees est un bonbon !","isPartOf":{"@id":"https:\/\/www.webdo.tn\/fr\/#website"},"primaryImageOfPage":{"@id":"https:\/\/www.webdo.tn\/fr\/actualite\/culture\/cannes-2022-under-the-fig-trees-est-un-bonbon\/200023\/#primaryimage"},"image":{"@id":"https:\/\/www.webdo.tn\/fr\/actualite\/culture\/cannes-2022-under-the-fig-trees-est-un-bonbon\/200023\/#primaryimage"},"thumbnailUrl":"https:\/\/www.webdo.tn\/fr\/wp-content\/uploads\/2022\/05\/Under-the-fig-trees-00-1024x732-1.png","datePublished":"2022-05-26T15:31:00+00:00","dateModified":"2025-05-14T11:07:24+00:00","description":"Cannes 2022 - Under the fig trees est un bonbon !","breadcrumb":{"@id":"https:\/\/www.webdo.tn\/fr\/actualite\/culture\/cannes-2022-under-the-fig-trees-est-un-bonbon\/200023\/#breadcrumb"},"inLanguage":"fr-FR","potentialAction":[{"@type":"ReadAction","target":["https:\/\/www.webdo.tn\/fr\/actualite\/culture\/cannes-2022-under-the-fig-trees-est-un-bonbon\/200023\/"]}]},{"@type":"ImageObject","inLanguage":"fr-FR","@id":"https:\/\/www.webdo.tn\/fr\/actualite\/culture\/cannes-2022-under-the-fig-trees-est-un-bonbon\/200023\/#primaryimage","url":"https:\/\/www.webdo.tn\/fr\/wp-content\/uploads\/2022\/05\/Under-the-fig-trees-00-1024x732-1.png","contentUrl":"https:\/\/www.webdo.tn\/fr\/wp-content\/uploads\/2022\/05\/Under-the-fig-trees-00-1024x732-1.png","width":1024,"height":732,"caption":"Cannes 2022 - \"Under the fig trees\" est un bonbon !"},{"@type":"BreadcrumbList","@id":"https:\/\/www.webdo.tn\/fr\/actualite\/culture\/cannes-2022-under-the-fig-trees-est-un-bonbon\/200023\/#breadcrumb","itemListElement":[{"@type":"ListItem","position":1,"name":"Accueil","item":"https:\/\/www.webdo.tn\/fr\/"},{"@type":"ListItem","position":2,"name":"Cannes 2022 &#8211; \u00ab\u00a0Under the fig trees\u00a0\u00bb est un bonbon !"}]},{"@type":"WebSite","@id":"https:\/\/www.webdo.tn\/fr\/#website","url":"https:\/\/www.webdo.tn\/fr\/","name":"webdo","description":"Tunisie - News en Tunisie et \u00e0 l&#039;international sur Webdo.tn","publisher":{"@id":"https:\/\/www.webdo.tn\/fr\/#organization"},"potentialAction":[{"@type":"SearchAction","target":{"@type":"EntryPoint","urlTemplate":"https:\/\/www.webdo.tn\/fr\/?s={search_term_string}"},"query-input":{"@type":"PropertyValueSpecification","valueRequired":true,"valueName":"search_term_string"}}],"inLanguage":"fr-FR"},{"@type":"Organization","@id":"https:\/\/www.webdo.tn\/fr\/#organization","name":"Webdo","alternateName":"Webdo.tn","url":"https:\/\/www.webdo.tn\/fr\/","logo":{"@type":"ImageObject","inLanguage":"fr-FR","@id":"https:\/\/www.webdo.tn\/fr\/#\/schema\/logo\/image\/","url":"https:\/\/www.webdo.tn\/fr\/wp-content\/uploads\/2025\/06\/Webdo-Tunisie_168377.jpg","contentUrl":"https:\/\/www.webdo.tn\/fr\/wp-content\/uploads\/2025\/06\/Webdo-Tunisie_168377.jpg","width":301,"height":301,"caption":"Webdo"},"image":{"@id":"https:\/\/www.webdo.tn\/fr\/#\/schema\/logo\/image\/"},"sameAs":["https:\/\/www.facebook.com\/webdotn","https:\/\/x.com\/webdo_tn"],"description":"Webdo est un m\u00e9dia num\u00e9rique tunisien fond\u00e9 en 2010, sp\u00e9cialis\u00e9 dans l\u2019actualit\u00e9 nationale et internationale, l\u2019\u00e9conomie, la soci\u00e9t\u00e9 et les analyses politiques. Le site s\u2019adresse \u00e0 un large public francophone et couvre l\u2019information tunisienne en temps r\u00e9el.","email":"redac@webdo.tn","legalName":"YNJ SARL","foundingDate":"2010-09-06","numberOfEmployees":{"@type":"QuantitativeValue","minValue":"11","maxValue":"50"}},{"@type":"Person","@id":"https:\/\/www.webdo.tn\/fr\/#\/schema\/person\/60d5ba619ed3f58783b0dc82b7dada80","name":"Ne\u00efla DRISS","image":{"@type":"ImageObject","inLanguage":"fr-FR","@id":"https:\/\/www.webdo.tn\/fr\/wp-content\/uploads\/2026\/04\/neila-driss_avatar-96x96.jpg","url":"https:\/\/www.webdo.tn\/fr\/wp-content\/uploads\/2026\/04\/neila-driss_avatar-96x96.jpg","contentUrl":"https:\/\/www.webdo.tn\/fr\/wp-content\/uploads\/2026\/04\/neila-driss_avatar-96x96.jpg","caption":"Ne\u00efla DRISS"},"description":"Ne\u00efla Driss est juriste, journaliste culturelle et critique de cin\u00e9ma tunisienne. Titulaire d\u2019un DEA en droit priv\u00e9 de l\u2019Universit\u00e9 Paris II et d\u2019un DESS de l\u2019IHEC Carthage, elle d\u00e9bute sa carri\u00e8re comme juriste sp\u00e9cialis\u00e9e en gestion de patrimoine immobilier. Elle s\u2019oriente ensuite vers l\u2019\u00e9criture en ligne, o\u00f9 elle se distingue d\u00e8s 2006 aux Tunisia Blog Awards, avant de se consacrer au journalisme culturel, avec une sp\u00e9cialisation dans la critique cin\u00e9matographique. Elle couvre r\u00e9guli\u00e8rement les grands festivals internationaux, notamment le Festival de Cannes, les Journ\u00e9es Cin\u00e9matographiques de Carthage et le Festival du film du Caire. Membre de l\u2019ATPCC et de la FIPRESCI, elle participe \u00e0 des jurys et initiatives internationales de critique. Depuis 2024, elle est \u00e9lectrice internationale aux Golden Globes. Facebook : https:\/\/www.facebook.com\/massir.destiniii\/ X : https:\/\/x.com\/MassirDestin","sameAs":["https:\/\/www.facebook.com\/massir.destiniii\/","https:\/\/www.instagram.com\/neila.driss\/?hl=fr","https:\/\/www.linkedin.com\/in\/neila-driss-22606a80\/","https:\/\/x.com\/https:\/\/x.com\/MassirDestin"],"knowsAbout":["Cin\u00e9ma international","critique cin\u00e9matographique","festivals de cin\u00e9ma","journalisme culturel"],"knowsLanguage":["Fran\u00e7ais","Arabe","Anglais"],"jobTitle":"Journaliste culturelle et critique de cin\u00e9ma","worksFor":"Webdo","url":"https:\/\/www.webdo.tn\/fr\/actualite\/author\/neila-driss\/"}]}},"_links":{"self":[{"href":"https:\/\/www.webdo.tn\/fr\/wp-json\/wp\/v2\/posts\/200023","targetHints":{"allow":["GET"]}}],"collection":[{"href":"https:\/\/www.webdo.tn\/fr\/wp-json\/wp\/v2\/posts"}],"about":[{"href":"https:\/\/www.webdo.tn\/fr\/wp-json\/wp\/v2\/types\/post"}],"author":[{"embeddable":true,"href":"https:\/\/www.webdo.tn\/fr\/wp-json\/wp\/v2\/users\/3164"}],"replies":[{"embeddable":true,"href":"https:\/\/www.webdo.tn\/fr\/wp-json\/wp\/v2\/comments?post=200023"}],"version-history":[{"count":0,"href":"https:\/\/www.webdo.tn\/fr\/wp-json\/wp\/v2\/posts\/200023\/revisions"}],"wp:featuredmedia":[{"embeddable":true,"href":"https:\/\/www.webdo.tn\/fr\/wp-json\/wp\/v2\/media\/254930"}],"wp:attachment":[{"href":"https:\/\/www.webdo.tn\/fr\/wp-json\/wp\/v2\/media?parent=200023"}],"wp:term":[{"taxonomy":"category","embeddable":true,"href":"https:\/\/www.webdo.tn\/fr\/wp-json\/wp\/v2\/categories?post=200023"},{"taxonomy":"post_tag","embeddable":true,"href":"https:\/\/www.webdo.tn\/fr\/wp-json\/wp\/v2\/tags?post=200023"}],"curies":[{"name":"wp","href":"https:\/\/api.w.org\/{rel}","templated":true}]}}