{"id":200018,"date":"2022-05-17T23:24:00","date_gmt":"2022-05-17T23:24:00","guid":{"rendered":"https:\/\/www.webdo.tn\/fr\/blog\/cannes-2022-une-ceremonie-douverture-hommage-au-cinema-et-aux-cineastes\/200018\/"},"modified":"2022-05-17T23:24:00","modified_gmt":"2022-05-17T23:24:00","slug":"cannes-2022-une-ceremonie-douverture-hommage-au-cinema-et-aux-cineastes","status":"publish","type":"post","link":"https:\/\/www.webdo.tn\/fr\/actualite\/culture\/cannes-2022-une-ceremonie-douverture-hommage-au-cinema-et-aux-cineastes\/200018\/","title":{"rendered":"Cannes 2022 &#8211; Une c\u00e9r\u00e9monie d&rsquo;ouverture hommage au cin\u00e9ma et aux cin\u00e9astes"},"content":{"rendered":"<div class=\"single-body entry-content typography-copy\" itemprop=\"articleBody\">\n<p style=\"font-weight: bold; text-align: justify\">\n<div class=\"coprs\" style=\"text-align: center\"><\/div>\n<div class=\"coprs\" style=\"text-align: justify\">\n<p><img decoding=\"async\" class=\" wp-image-296331 alignleft\" src=\"https:\/\/www.webdo.tn\/wp-content\/uploads\/2022\/05\/CANNES-2022-SIGNATURE-Saumon-1.jpg\" alt=\"Cannes 2022\" width=\"119\" height=\"446\">Ce mardi 17 mai \u00e0 19h00 a \u00e9t\u00e9 d\u00e9clar\u00e9e ouverte la 75<sup>\u00e8me<\/sup> \u00e9dition du festival de Cannes lors d\u2019une c\u00e9r\u00e9monie \u00e9mouvante, bien que controvers\u00e9e.<\/p>\n<p>Tr\u00e8s \u00e0 l\u2019aise sur sc\u00e8ne, Virginie Efira est apparue dans une tr\u00e8s belle robe, \u00e0 la fois scintillante et sobre, et a su captiver tous les pr\u00e9sents par un discours sur le cin\u00e9ma, qui rappelle le th\u00e8me de cette \u00e9dition anniversaire, <a href=\"https:\/\/www.webdo.tn\/2022\/04\/14\/cannes-2022-une-premiere-partie-de-la-selection-officielle-annoncee\/\">tel que l\u2019avait annonc\u00e9 le d\u00e9l\u00e9gu\u00e9 g\u00e9n\u00e9ral Thierry Fr\u00e9maux lors de la conf\u00e9rence de presse du 14 avril dernier.<\/a> Il avait en effet d\u00e9clar\u00e9 que cet anniversaire serait l\u2019occasion de r\u00e9unir des artistes et des professionnels du cin\u00e9ma, pour r\u00e9fl\u00e9chir sur l\u2019avenir et le sens de cet art, surtout apr\u00e8s la crise occasionn\u00e9e par la pand\u00e9mie de la Covid.<\/p>\n<p>Virginie Efira : \u00ab <em>Le monde est \u00e9crit dans une langue incompr\u00e9hensible, le cin\u00e9ma le traduit pour nous, avec des images et des \u00e9motions. Sans cette lumi\u00e8re, sans ce langage commun, chacun est dans sa nuit. Chers amis, sortons de cette nuit ensemble et embrassons le monde (&#8230;.). Est-ce que le cin\u00e9ma peut changer le monde ? Pas s\u00fbre, mais en revanche, je suis persuad\u00e9e, peut-\u00eatre vous aussi, qu&rsquo;il peut en bouleverser notre perception, qu&rsquo;il peut l&rsquo;agrandir, qu\u2019il peut l&rsquo;augmenter, qu&rsquo;il peut la r\u00e9volutionner m\u00eame, et que par cons\u00e9quent le monde en est vraiment chang\u00e9. Ce qui n&rsquo;est quand m\u00eame pas rien comme super pouvoir. Mais pour que cette magie op\u00e8re, il faut surtout pr\u00e9server des espaces de cr\u00e9ation libres, une r\u00e9sistance face au flux qui lui ne peut que mollement nous effleurer, des cin\u00e9astes libres c&rsquo;est ce que Cannes c\u00e9l\u00e8bre<\/em> \u00bb.<\/p>\n<p>Oui, le cin\u00e9ma est vivant, et il faut rendre hommage aux cin\u00e9astes\u00a0!<\/p>\n<figure id=\"attachment_296604\" aria-describedby=\"caption-attachment-296604\" style=\"width: 650px\" class=\"wp-caption aligncenter\"><img decoding=\"async\" class=\" wp-image-296604\" src=\"https:\/\/www.webdo.tn\/wp-content\/uploads\/2022\/05\/forrest-Whitaker-et-sa-Palme-dOr-dhonneur.jpg\" alt=\"Forrest Whitaker\" width=\"650\" height=\"504\"><figcaption id=\"caption-attachment-296604\" class=\"wp-caption-text\">Cannes 2022 &#8211; Forrest Whitekar et sa Palme d&rsquo;Or d&rsquo;honneur.<\/figcaption><\/figure>\n<p>Ce qui a \u00e9t\u00e9 fait lors de cette c\u00e9r\u00e9monie qui a \u00e9t\u00e9 un hommage \u00e0 un tr\u00e8s grand artiste\u00a0: Forest Whittaker. Les extraits de ses divers r\u00f4les ont d\u2019ailleurs rappel\u00e9 \u00e0 quel point il est grand\u00a0!<\/p>\n<p>Une Palme d\u2019Or d\u2019honneur lui a \u00e9t\u00e9 octroy\u00e9e, en tant qu\u2019artiste, mais aussi en tant qu\u2019homme de c\u0153ur et d\u2019homme engag\u00e9 pour l\u2019Afrique.<\/p>\n<figure id=\"attachment_295593\" aria-describedby=\"caption-attachment-295593\" style=\"width: 650px\" class=\"wp-caption aligncenter\"><img decoding=\"async\" class=\" wp-image-295593\" src=\"https:\/\/www.webdo.tn\/wp-content\/uploads\/2022\/05\/selection-ouverture-Coupez-781x1024.jpg\" alt=\"S\u00e9lection 2022\" width=\"650\" height=\"853\"><figcaption id=\"caption-attachment-295593\" class=\"wp-caption-text\">Cannes 2022 &#8211; Coupez! r\u00e9alis\u00e9 par Michel Hazanavicius est le film d&rsquo;ouverture<\/figcaption><\/figure>\n<p>Le film d\u2019ouverture <em>Coupez!<\/em> de Michel Hazanavicius reste le m\u00eame esprit, puisqu\u2019un hommage au cin\u00e9ma, aux cin\u00e9astes et aux efforts gigantesques qu&rsquo;ils fournissent pour faire un film, m\u00eame s\u2019il est mauvais.<\/p>\n<p>Les premi\u00e8res minutes du film, on regarde et on se pose des questions. On comprend qu\u2019il s\u2019agit d\u2019une parodie des films de zombies, mais quand m\u00eame ! Les acteurs semblent mauvais, le sc\u00e9nario mal \u00e9crit, les trucages trop gros, les maquillages trop forc\u00e9s, les couleurs criardes, des r\u00e9pliques absurdes, d\u2019autres qui ne se r\u00e9p\u00e8tent \u00e0 l\u2019infini&#8230; bref, c\u2019est un tr\u00e8s mauvais film. On commence \u00e0 se poser des questions : alors ? O\u00f9 est le \u00ab truc \u00bb ? Non, le festival de Cannes ne peut pas avoir choisis un tel navet en ouverture ! Il y a surement une explication, mais laquelle ? Petit \u00e0 petit, on commence \u00e0 comprendre et on rit de bon c\u0153ur. Et surtout on se rend compte que ce film est un hommage \u00e0 tous ceux qui font des films, \u00e0 tous ceux qui se trouvent sur un plateau de tournage, \u00e0 tous ceux qui se donnent enti\u00e8rement pour faire un film, qui s\u2019\u00e9puisent \u00e0 le faire, m\u00eame s\u2019ils savent d\u2019avance qu\u2019il ne sera pas beau. Mais ils le font. Pour le cin\u00e9ma. Par amour du cin\u00e9ma, ce m\u00e9tier qu\u2019ils ont choisi.<\/p>\n<p><strong>Ne\u00efla Driss<\/strong><\/p>\n<p><em>Lire sur le m\u00eame sujet:<\/em><\/p>\n<ul>\n<li class=\"entry-title\"><em><a href=\"https:\/\/www.webdo.tn\/2022\/04\/06\/elvis-de-baz-luhrmann-en-avant-premiere-au-75e-festival-de-cannes\/\">\u00ab Elvis \u00bb de Baz Luhrmann en avant-premi\u00e8re au 75e Festival de Cannes\u00a0<\/a><\/em><\/li>\n<li class=\"entry-title\"><em><a title=\"Cannes 2022 \u2013 Une premi\u00e8re partie de la s\u00e9lection officielle annonc\u00e9e.\" href=\"https:\/\/www.webdo.tn\/2022\/04\/14\/cannes-2022-une-premiere-partie-de-la-selection-officielle-annoncee\/\" rel=\"bookmark\">Cannes 2022 \u2013 Une premi\u00e8re partie de la s\u00e9lection officielle annonc\u00e9e.<\/a>\u00a0<\/em><\/li>\n<li class=\"entry-title\"><em><a href=\"https:\/\/www.webdo.tn\/2022\/04\/18\/cannes-2022-kaouther-ben-hania-presidente-du-jury-de-la-semaine-de-la-critique\/\">Cannes 2022 : Kaouther Ben Hania, Pr\u00e9sidente du Jury de la semaine de la Critique\u00a0<\/a>\u00a0 \u00a0\u00a0<\/em><\/li>\n<li class=\"entry-title\"><em><a href=\"https:\/\/www.webdo.tn\/2022\/04\/19\/cannes-2022-une-affiche-hommage-au-the-truman-show-de-peter-weir\/\">Cannes 2022 \u2013 Une affiche hommage au \u00ab\u00a0The Truman Show\u00a0\u00bb de Peter Weir\u00a0\u00a0\u00a0<\/a><\/em><\/li>\n<li class=\"entry-title\"><em><a href=\"https:\/\/www.webdo.tn\/2022\/04\/21\/Cannes%202022%20%E2%80%93%20Deux%20films%20tunisiens%20%C3%A0%20la%20Quinzaine%20des%20R%C3%A9alisateurs.\">Cannes 2022 \u2013 Deux film<\/a><a href=\"https:\/\/www.webdo.tn\/2022\/04\/21\/Cannes%202022%20%E2%80%93%20Deux%20films%20tunisiens%20%C3%A0%20la%20Quinzaine%20des%20R%C3%A9alisateurs.\">s tunisiens \u00e0 la Quinzaine des R\u00e9alisateurs.<\/a><\/em><\/li>\n<li class=\"entry-title\"><em><a href=\"https:\/\/www.webdo.tn\/2022\/04\/22\/cannes-2022-le-film-tunisien-harka-en-competition-dans-la-section-un-certain-regard\/\">Cannes 2022 \u2013 Le film tunisien \u00ab\u00a0Harka\u00a0\u00bb en comp\u00e9tition dans la section Un Certain Regard\u00a0<\/a><\/em><\/li>\n<li class=\"entry-title\"><em><a title=\"Cannes 2022 \u2013 Vincent Lindo pr\u00e9sidera le Jury longs m\u00e9trages.\" href=\"https:\/\/www.webdo.tn\/2022\/04\/26\/cannes-2022-vincent-lindo-presidera-le-jury-longs-metrages\/\" rel=\"bookmark\">Cannes 2022 \u2013 Vincent Lindo pr\u00e9sidera le Jury longs m\u00e9trages.<\/a><\/em><\/li>\n<li class=\"entry-title\"><em><a href=\"https:\/\/www.webdo.tn\/2022\/05\/09\/cannes-2022-affiches-et-synopsis-des-longs-metrages-en-competition-officielle\/\">Cannes 2022 \u2013 Affiches et synopsis des longs m\u00e9trages en comp\u00e9tition officielle\u00a0\u00a0<\/a><br \/>\n<\/em><\/li>\n<li class=\"entry-title\"><em><a href=\"https:\/\/www.webdo.tn\/2022\/05\/10\/cannes-2022-synopsis-et-affiches-des-films-de-la-selection-un-certain-regard\/\">Cannes 2022 \u2013 Synopsis et affiches des films de la s\u00e9lection \u00ab Un Certain Regard\u00bb<\/a><\/em><\/li>\n<li><em><a href=\"https:\/\/www.webdo.tn\/2022\/05\/10\/cannes-2022-une-palme-dor-sertie-de-diamants-a-loccasion-du-75eme-anniversaire\/\">Cannes 2022 \u2013 Une Palme d\u2019Or sertie de diamants \u00e0 l\u2019occasion du 75\u00e8me anniversaire<\/a><\/em><\/li>\n<li><a href=\"https:\/\/www.webdo.tn\/2022\/05\/15\/festival-de-cannes-les-affiches-des-editions-anniversaires-de-1946-a-2022\/\"><em>Festival de Cannes \u2013 Les affiches des \u00e9ditions anniversaires de 1946 \u00e0 2022<\/em><\/a><\/li>\n<li><em><a href=\"https:\/\/www.webdo.tn\/2022\/05\/16\/cannes-2022-des-cineastes-arabes-presents-dans-toutes-les-sections\/\">Cannes 2022 \u2013 Des cin\u00e9astes arabes pr\u00e9sents dans toutes les sections du festival <\/a><\/em><\/li>\n<li><em><a href=\"https:\/\/www.webdo.tn\/2022\/05\/16\/cannes-2022-laffiche-cannoise-du-film-under-the-fig-trees-derige-sehiri-devoilee\/\">Cannes 2022 \u2013 L\u2019affiche cannoise du film \u00ab\u00a0Under the fig trees\u00a0\u00bb d\u2019Erige Sehiri d\u00e9voil\u00e9e !<\/a><\/em><\/li>\n<\/ul>\n<\/p><\/div>\n<div class=\"coprs\" style=\"text-align: center\"><\/div><\/div>\n","protected":false},"excerpt":{"rendered":"<p>Cannes 2022 &#8211; Une c\u00e9r\u00e9monie d&rsquo;ouverture hommage au cin\u00e9ma et aux cin\u00e9astes<\/p>\n","protected":false},"author":3164,"featured_media":255007,"comment_status":"open","ping_status":"closed","sticky":false,"template":"","format":"standard","meta":{"footnotes":""},"categories":[2594],"tags":[],"class_list":["post-200018","post","type-post","status-publish","format-standard","has-post-thumbnail","hentry","category-culture"],"yoast_head":"<!-- This site is optimized with the Yoast SEO Premium plugin v27.5 (Yoast SEO v27.5) - https:\/\/yoast.com\/product\/yoast-seo-premium-wordpress\/ -->\n<title>Cannes 2022 - Une c\u00e9r\u00e9monie d&#039;ouverture hommage au cin\u00e9ma et aux cin\u00e9astes<\/title>\n<meta name=\"description\" content=\"Cannes 2022 - Une c\u00e9r\u00e9monie d&#039;ouverture hommage au cin\u00e9ma et aux cin\u00e9astes\" \/>\n<link rel=\"canonical\" href=\"https:\/\/www.webdo.tn\/fr\/actualite\/culture\/cannes-2022-une-ceremonie-douverture-hommage-au-cinema-et-aux-cineastes\/200018\/\" \/>\n<meta property=\"og:locale\" content=\"fr_FR\" \/>\n<meta property=\"og:type\" content=\"article\" \/>\n<meta property=\"og:title\" content=\"Cannes 2022 - Une c\u00e9r\u00e9monie d&#039;ouverture hommage au cin\u00e9ma et aux cin\u00e9astes\" \/>\n<meta property=\"og:description\" content=\"Cannes 2022 - Une c\u00e9r\u00e9monie d&#039;ouverture hommage au cin\u00e9ma et aux cin\u00e9astes\" \/>\n<meta property=\"og:url\" content=\"https:\/\/www.webdo.tn\/fr\/actualite\/culture\/cannes-2022-une-ceremonie-douverture-hommage-au-cinema-et-aux-cineastes\/200018\/\" \/>\n<meta property=\"og:site_name\" content=\"webdo\" \/>\n<meta property=\"article:publisher\" content=\"https:\/\/www.facebook.com\/webdotn\" \/>\n<meta property=\"article:author\" content=\"https:\/\/www.facebook.com\/massir.destiniii\/\" \/>\n<meta property=\"article:published_time\" content=\"2022-05-17T23:24:00+00:00\" \/>\n<meta property=\"og:image\" content=\"https:\/\/www.webdo.tn\/fr\/wp-content\/uploads\/2022\/05\/cannes-2022-virginie-efira.jpg\" \/>\n\t<meta property=\"og:image:width\" content=\"789\" \/>\n\t<meta property=\"og:image:height\" content=\"488\" \/>\n\t<meta property=\"og:image:type\" content=\"image\/jpeg\" \/>\n<meta name=\"author\" content=\"Ne\u00efla DRISS\" \/>\n<meta name=\"twitter:card\" content=\"summary_large_image\" \/>\n<meta name=\"twitter:creator\" content=\"@https:\/\/x.com\/MassirDestin\" \/>\n<meta name=\"twitter:site\" content=\"@webdo_tn\" \/>\n<meta name=\"twitter:label1\" content=\"\u00c9crit par\" \/>\n\t<meta name=\"twitter:data1\" content=\"Ne\u00efla DRISS\" \/>\n\t<meta name=\"twitter:label2\" content=\"Dur\u00e9e de lecture estim\u00e9e\" \/>\n\t<meta name=\"twitter:data2\" content=\"4 minutes\" \/>\n<script type=\"application\/ld+json\" class=\"yoast-schema-graph\">{\"@context\":\"https:\\\/\\\/schema.org\",\"@graph\":[{\"@type\":\"NewsArticle\",\"@id\":\"https:\\\/\\\/www.webdo.tn\\\/fr\\\/actualite\\\/culture\\\/cannes-2022-une-ceremonie-douverture-hommage-au-cinema-et-aux-cineastes\\\/200018\\\/#article\",\"isPartOf\":{\"@id\":\"https:\\\/\\\/www.webdo.tn\\\/fr\\\/actualite\\\/culture\\\/cannes-2022-une-ceremonie-douverture-hommage-au-cinema-et-aux-cineastes\\\/200018\\\/\"},\"author\":{\"name\":\"Ne\u00efla DRISS\",\"@id\":\"https:\\\/\\\/www.webdo.tn\\\/fr\\\/#\\\/schema\\\/person\\\/60d5ba619ed3f58783b0dc82b7dada80\"},\"headline\":\"Cannes 2022 &#8211; Une c\u00e9r\u00e9monie d&rsquo;ouverture hommage au cin\u00e9ma et aux cin\u00e9astes\",\"datePublished\":\"2022-05-17T23:24:00+00:00\",\"mainEntityOfPage\":{\"@id\":\"https:\\\/\\\/www.webdo.tn\\\/fr\\\/actualite\\\/culture\\\/cannes-2022-une-ceremonie-douverture-hommage-au-cinema-et-aux-cineastes\\\/200018\\\/\"},\"wordCount\":854,\"commentCount\":0,\"publisher\":{\"@id\":\"https:\\\/\\\/www.webdo.tn\\\/fr\\\/#organization\"},\"image\":{\"@id\":\"https:\\\/\\\/www.webdo.tn\\\/fr\\\/actualite\\\/culture\\\/cannes-2022-une-ceremonie-douverture-hommage-au-cinema-et-aux-cineastes\\\/200018\\\/#primaryimage\"},\"thumbnailUrl\":\"https:\\\/\\\/www.webdo.tn\\\/fr\\\/wp-content\\\/uploads\\\/2022\\\/05\\\/cannes-2022-virginie-efira.jpg\",\"articleSection\":[\"Culture\"],\"inLanguage\":\"fr-FR\"},{\"@type\":\"WebPage\",\"@id\":\"https:\\\/\\\/www.webdo.tn\\\/fr\\\/actualite\\\/culture\\\/cannes-2022-une-ceremonie-douverture-hommage-au-cinema-et-aux-cineastes\\\/200018\\\/\",\"url\":\"https:\\\/\\\/www.webdo.tn\\\/fr\\\/actualite\\\/culture\\\/cannes-2022-une-ceremonie-douverture-hommage-au-cinema-et-aux-cineastes\\\/200018\\\/\",\"name\":\"Cannes 2022 - Une c\u00e9r\u00e9monie d'ouverture hommage au cin\u00e9ma et aux cin\u00e9astes\",\"isPartOf\":{\"@id\":\"https:\\\/\\\/www.webdo.tn\\\/fr\\\/#website\"},\"primaryImageOfPage\":{\"@id\":\"https:\\\/\\\/www.webdo.tn\\\/fr\\\/actualite\\\/culture\\\/cannes-2022-une-ceremonie-douverture-hommage-au-cinema-et-aux-cineastes\\\/200018\\\/#primaryimage\"},\"image\":{\"@id\":\"https:\\\/\\\/www.webdo.tn\\\/fr\\\/actualite\\\/culture\\\/cannes-2022-une-ceremonie-douverture-hommage-au-cinema-et-aux-cineastes\\\/200018\\\/#primaryimage\"},\"thumbnailUrl\":\"https:\\\/\\\/www.webdo.tn\\\/fr\\\/wp-content\\\/uploads\\\/2022\\\/05\\\/cannes-2022-virginie-efira.jpg\",\"datePublished\":\"2022-05-17T23:24:00+00:00\",\"description\":\"Cannes 2022 - Une c\u00e9r\u00e9monie d'ouverture hommage au cin\u00e9ma et aux cin\u00e9astes\",\"breadcrumb\":{\"@id\":\"https:\\\/\\\/www.webdo.tn\\\/fr\\\/actualite\\\/culture\\\/cannes-2022-une-ceremonie-douverture-hommage-au-cinema-et-aux-cineastes\\\/200018\\\/#breadcrumb\"},\"inLanguage\":\"fr-FR\",\"potentialAction\":[{\"@type\":\"ReadAction\",\"target\":[\"https:\\\/\\\/www.webdo.tn\\\/fr\\\/actualite\\\/culture\\\/cannes-2022-une-ceremonie-douverture-hommage-au-cinema-et-aux-cineastes\\\/200018\\\/\"]}]},{\"@type\":\"ImageObject\",\"inLanguage\":\"fr-FR\",\"@id\":\"https:\\\/\\\/www.webdo.tn\\\/fr\\\/actualite\\\/culture\\\/cannes-2022-une-ceremonie-douverture-hommage-au-cinema-et-aux-cineastes\\\/200018\\\/#primaryimage\",\"url\":\"https:\\\/\\\/www.webdo.tn\\\/fr\\\/wp-content\\\/uploads\\\/2022\\\/05\\\/cannes-2022-virginie-efira.jpg\",\"contentUrl\":\"https:\\\/\\\/www.webdo.tn\\\/fr\\\/wp-content\\\/uploads\\\/2022\\\/05\\\/cannes-2022-virginie-efira.jpg\",\"width\":789,\"height\":488,\"caption\":\"Cannes 2022 - Une c\u00e9r\u00e9monie d'ouverture hommage au cin\u00e9ma et aux cin\u00e9astes\"},{\"@type\":\"BreadcrumbList\",\"@id\":\"https:\\\/\\\/www.webdo.tn\\\/fr\\\/actualite\\\/culture\\\/cannes-2022-une-ceremonie-douverture-hommage-au-cinema-et-aux-cineastes\\\/200018\\\/#breadcrumb\",\"itemListElement\":[{\"@type\":\"ListItem\",\"position\":1,\"name\":\"Accueil\",\"item\":\"https:\\\/\\\/www.webdo.tn\\\/fr\\\/\"},{\"@type\":\"ListItem\",\"position\":2,\"name\":\"Cannes 2022 &#8211; Une c\u00e9r\u00e9monie d&rsquo;ouverture hommage au cin\u00e9ma et aux cin\u00e9astes\"}]},{\"@type\":\"WebSite\",\"@id\":\"https:\\\/\\\/www.webdo.tn\\\/fr\\\/#website\",\"url\":\"https:\\\/\\\/www.webdo.tn\\\/fr\\\/\",\"name\":\"webdo\",\"description\":\"Tunisie - News en Tunisie et \u00e0 l&#039;international sur Webdo.tn\",\"publisher\":{\"@id\":\"https:\\\/\\\/www.webdo.tn\\\/fr\\\/#organization\"},\"potentialAction\":[{\"@type\":\"SearchAction\",\"target\":{\"@type\":\"EntryPoint\",\"urlTemplate\":\"https:\\\/\\\/www.webdo.tn\\\/fr\\\/?s={search_term_string}\"},\"query-input\":{\"@type\":\"PropertyValueSpecification\",\"valueRequired\":true,\"valueName\":\"search_term_string\"}}],\"inLanguage\":\"fr-FR\"},{\"@type\":\"Organization\",\"@id\":\"https:\\\/\\\/www.webdo.tn\\\/fr\\\/#organization\",\"name\":\"Webdo\",\"alternateName\":\"Webdo.tn\",\"url\":\"https:\\\/\\\/www.webdo.tn\\\/fr\\\/\",\"logo\":{\"@type\":\"ImageObject\",\"inLanguage\":\"fr-FR\",\"@id\":\"https:\\\/\\\/www.webdo.tn\\\/fr\\\/#\\\/schema\\\/logo\\\/image\\\/\",\"url\":\"https:\\\/\\\/www.webdo.tn\\\/fr\\\/wp-content\\\/uploads\\\/2025\\\/06\\\/Webdo-Tunisie_168377.jpg\",\"contentUrl\":\"https:\\\/\\\/www.webdo.tn\\\/fr\\\/wp-content\\\/uploads\\\/2025\\\/06\\\/Webdo-Tunisie_168377.jpg\",\"width\":301,\"height\":301,\"caption\":\"Webdo\"},\"image\":{\"@id\":\"https:\\\/\\\/www.webdo.tn\\\/fr\\\/#\\\/schema\\\/logo\\\/image\\\/\"},\"sameAs\":[\"https:\\\/\\\/www.facebook.com\\\/webdotn\",\"https:\\\/\\\/x.com\\\/webdo_tn\"],\"description\":\"Webdo est un m\u00e9dia num\u00e9rique tunisien fond\u00e9 en 2010, sp\u00e9cialis\u00e9 dans l\u2019actualit\u00e9 nationale et internationale, l\u2019\u00e9conomie, la soci\u00e9t\u00e9 et les analyses politiques. Le site s\u2019adresse \u00e0 un large public francophone et couvre l\u2019information tunisienne en temps r\u00e9el.\",\"email\":\"redac@webdo.tn\",\"legalName\":\"YNJ SARL\",\"foundingDate\":\"2010-09-06\",\"numberOfEmployees\":{\"@type\":\"QuantitativeValue\",\"minValue\":\"11\",\"maxValue\":\"50\"}},{\"@type\":\"Person\",\"@id\":\"https:\\\/\\\/www.webdo.tn\\\/fr\\\/#\\\/schema\\\/person\\\/60d5ba619ed3f58783b0dc82b7dada80\",\"name\":\"Ne\u00efla DRISS\",\"image\":{\"@type\":\"ImageObject\",\"inLanguage\":\"fr-FR\",\"@id\":\"https:\\\/\\\/www.webdo.tn\\\/fr\\\/wp-content\\\/uploads\\\/2026\\\/04\\\/neila-driss_avatar-96x96.jpg\",\"url\":\"https:\\\/\\\/www.webdo.tn\\\/fr\\\/wp-content\\\/uploads\\\/2026\\\/04\\\/neila-driss_avatar-96x96.jpg\",\"contentUrl\":\"https:\\\/\\\/www.webdo.tn\\\/fr\\\/wp-content\\\/uploads\\\/2026\\\/04\\\/neila-driss_avatar-96x96.jpg\",\"caption\":\"Ne\u00efla DRISS\"},\"description\":\"Ne\u00efla Driss est juriste, journaliste culturelle et critique de cin\u00e9ma tunisienne. Titulaire d\u2019un DEA en droit priv\u00e9 de l\u2019Universit\u00e9 Paris II et d\u2019un DESS de l\u2019IHEC Carthage, elle d\u00e9bute sa carri\u00e8re comme juriste sp\u00e9cialis\u00e9e en gestion de patrimoine immobilier. Elle s\u2019oriente ensuite vers l\u2019\u00e9criture en ligne, o\u00f9 elle se distingue d\u00e8s 2006 aux Tunisia Blog Awards, avant de se consacrer au journalisme culturel, avec une sp\u00e9cialisation dans la critique cin\u00e9matographique. Elle couvre r\u00e9guli\u00e8rement les grands festivals internationaux, notamment le Festival de Cannes, les Journ\u00e9es Cin\u00e9matographiques de Carthage et le Festival du film du Caire. Membre de l\u2019ATPCC et de la FIPRESCI, elle participe \u00e0 des jurys et initiatives internationales de critique. Depuis 2024, elle est \u00e9lectrice internationale aux Golden Globes. Facebook : https:\\\/\\\/www.facebook.com\\\/massir.destiniii\\\/ X : https:\\\/\\\/x.com\\\/MassirDestin\",\"sameAs\":[\"https:\\\/\\\/www.facebook.com\\\/massir.destiniii\\\/\",\"https:\\\/\\\/www.instagram.com\\\/neila.driss\\\/?hl=fr\",\"https:\\\/\\\/www.linkedin.com\\\/in\\\/neila-driss-22606a80\\\/\",\"https:\\\/\\\/x.com\\\/https:\\\/\\\/x.com\\\/MassirDestin\"],\"knowsAbout\":[\"Cin\u00e9ma international\",\"critique cin\u00e9matographique\",\"festivals de cin\u00e9ma\",\"journalisme culturel\"],\"knowsLanguage\":[\"Fran\u00e7ais\",\"Arabe\",\"Anglais\"],\"jobTitle\":\"Journaliste culturelle et critique de cin\u00e9ma\",\"worksFor\":\"Webdo\",\"url\":\"https:\\\/\\\/www.webdo.tn\\\/fr\\\/actualite\\\/author\\\/neila-driss\\\/\"}]}<\/script>\n<!-- \/ Yoast SEO Premium plugin. -->","yoast_head_json":{"title":"Cannes 2022 - Une c\u00e9r\u00e9monie d'ouverture hommage au cin\u00e9ma et aux cin\u00e9astes","description":"Cannes 2022 - Une c\u00e9r\u00e9monie d'ouverture hommage au cin\u00e9ma et aux cin\u00e9astes","canonical":"https:\/\/www.webdo.tn\/fr\/actualite\/culture\/cannes-2022-une-ceremonie-douverture-hommage-au-cinema-et-aux-cineastes\/200018\/","og_locale":"fr_FR","og_type":"article","og_title":"Cannes 2022 - Une c\u00e9r\u00e9monie d'ouverture hommage au cin\u00e9ma et aux cin\u00e9astes","og_description":"Cannes 2022 - Une c\u00e9r\u00e9monie d'ouverture hommage au cin\u00e9ma et aux cin\u00e9astes","og_url":"https:\/\/www.webdo.tn\/fr\/actualite\/culture\/cannes-2022-une-ceremonie-douverture-hommage-au-cinema-et-aux-cineastes\/200018\/","og_site_name":"webdo","article_publisher":"https:\/\/www.facebook.com\/webdotn","article_author":"https:\/\/www.facebook.com\/massir.destiniii\/","article_published_time":"2022-05-17T23:24:00+00:00","og_image":[{"width":789,"height":488,"url":"https:\/\/www.webdo.tn\/fr\/wp-content\/uploads\/2022\/05\/cannes-2022-virginie-efira.jpg","type":"image\/jpeg"}],"author":"Ne\u00efla DRISS","twitter_card":"summary_large_image","twitter_creator":"@https:\/\/x.com\/MassirDestin","twitter_site":"@webdo_tn","twitter_misc":{"\u00c9crit par":"Ne\u00efla DRISS","Dur\u00e9e de lecture estim\u00e9e":"4 minutes"},"schema":{"@context":"https:\/\/schema.org","@graph":[{"@type":"NewsArticle","@id":"https:\/\/www.webdo.tn\/fr\/actualite\/culture\/cannes-2022-une-ceremonie-douverture-hommage-au-cinema-et-aux-cineastes\/200018\/#article","isPartOf":{"@id":"https:\/\/www.webdo.tn\/fr\/actualite\/culture\/cannes-2022-une-ceremonie-douverture-hommage-au-cinema-et-aux-cineastes\/200018\/"},"author":{"name":"Ne\u00efla DRISS","@id":"https:\/\/www.webdo.tn\/fr\/#\/schema\/person\/60d5ba619ed3f58783b0dc82b7dada80"},"headline":"Cannes 2022 &#8211; Une c\u00e9r\u00e9monie d&rsquo;ouverture hommage au cin\u00e9ma et aux cin\u00e9astes","datePublished":"2022-05-17T23:24:00+00:00","mainEntityOfPage":{"@id":"https:\/\/www.webdo.tn\/fr\/actualite\/culture\/cannes-2022-une-ceremonie-douverture-hommage-au-cinema-et-aux-cineastes\/200018\/"},"wordCount":854,"commentCount":0,"publisher":{"@id":"https:\/\/www.webdo.tn\/fr\/#organization"},"image":{"@id":"https:\/\/www.webdo.tn\/fr\/actualite\/culture\/cannes-2022-une-ceremonie-douverture-hommage-au-cinema-et-aux-cineastes\/200018\/#primaryimage"},"thumbnailUrl":"https:\/\/www.webdo.tn\/fr\/wp-content\/uploads\/2022\/05\/cannes-2022-virginie-efira.jpg","articleSection":["Culture"],"inLanguage":"fr-FR"},{"@type":"WebPage","@id":"https:\/\/www.webdo.tn\/fr\/actualite\/culture\/cannes-2022-une-ceremonie-douverture-hommage-au-cinema-et-aux-cineastes\/200018\/","url":"https:\/\/www.webdo.tn\/fr\/actualite\/culture\/cannes-2022-une-ceremonie-douverture-hommage-au-cinema-et-aux-cineastes\/200018\/","name":"Cannes 2022 - Une c\u00e9r\u00e9monie d'ouverture hommage au cin\u00e9ma et aux cin\u00e9astes","isPartOf":{"@id":"https:\/\/www.webdo.tn\/fr\/#website"},"primaryImageOfPage":{"@id":"https:\/\/www.webdo.tn\/fr\/actualite\/culture\/cannes-2022-une-ceremonie-douverture-hommage-au-cinema-et-aux-cineastes\/200018\/#primaryimage"},"image":{"@id":"https:\/\/www.webdo.tn\/fr\/actualite\/culture\/cannes-2022-une-ceremonie-douverture-hommage-au-cinema-et-aux-cineastes\/200018\/#primaryimage"},"thumbnailUrl":"https:\/\/www.webdo.tn\/fr\/wp-content\/uploads\/2022\/05\/cannes-2022-virginie-efira.jpg","datePublished":"2022-05-17T23:24:00+00:00","description":"Cannes 2022 - Une c\u00e9r\u00e9monie d'ouverture hommage au cin\u00e9ma et aux cin\u00e9astes","breadcrumb":{"@id":"https:\/\/www.webdo.tn\/fr\/actualite\/culture\/cannes-2022-une-ceremonie-douverture-hommage-au-cinema-et-aux-cineastes\/200018\/#breadcrumb"},"inLanguage":"fr-FR","potentialAction":[{"@type":"ReadAction","target":["https:\/\/www.webdo.tn\/fr\/actualite\/culture\/cannes-2022-une-ceremonie-douverture-hommage-au-cinema-et-aux-cineastes\/200018\/"]}]},{"@type":"ImageObject","inLanguage":"fr-FR","@id":"https:\/\/www.webdo.tn\/fr\/actualite\/culture\/cannes-2022-une-ceremonie-douverture-hommage-au-cinema-et-aux-cineastes\/200018\/#primaryimage","url":"https:\/\/www.webdo.tn\/fr\/wp-content\/uploads\/2022\/05\/cannes-2022-virginie-efira.jpg","contentUrl":"https:\/\/www.webdo.tn\/fr\/wp-content\/uploads\/2022\/05\/cannes-2022-virginie-efira.jpg","width":789,"height":488,"caption":"Cannes 2022 - Une c\u00e9r\u00e9monie d'ouverture hommage au cin\u00e9ma et aux cin\u00e9astes"},{"@type":"BreadcrumbList","@id":"https:\/\/www.webdo.tn\/fr\/actualite\/culture\/cannes-2022-une-ceremonie-douverture-hommage-au-cinema-et-aux-cineastes\/200018\/#breadcrumb","itemListElement":[{"@type":"ListItem","position":1,"name":"Accueil","item":"https:\/\/www.webdo.tn\/fr\/"},{"@type":"ListItem","position":2,"name":"Cannes 2022 &#8211; Une c\u00e9r\u00e9monie d&rsquo;ouverture hommage au cin\u00e9ma et aux cin\u00e9astes"}]},{"@type":"WebSite","@id":"https:\/\/www.webdo.tn\/fr\/#website","url":"https:\/\/www.webdo.tn\/fr\/","name":"webdo","description":"Tunisie - News en Tunisie et \u00e0 l&#039;international sur Webdo.tn","publisher":{"@id":"https:\/\/www.webdo.tn\/fr\/#organization"},"potentialAction":[{"@type":"SearchAction","target":{"@type":"EntryPoint","urlTemplate":"https:\/\/www.webdo.tn\/fr\/?s={search_term_string}"},"query-input":{"@type":"PropertyValueSpecification","valueRequired":true,"valueName":"search_term_string"}}],"inLanguage":"fr-FR"},{"@type":"Organization","@id":"https:\/\/www.webdo.tn\/fr\/#organization","name":"Webdo","alternateName":"Webdo.tn","url":"https:\/\/www.webdo.tn\/fr\/","logo":{"@type":"ImageObject","inLanguage":"fr-FR","@id":"https:\/\/www.webdo.tn\/fr\/#\/schema\/logo\/image\/","url":"https:\/\/www.webdo.tn\/fr\/wp-content\/uploads\/2025\/06\/Webdo-Tunisie_168377.jpg","contentUrl":"https:\/\/www.webdo.tn\/fr\/wp-content\/uploads\/2025\/06\/Webdo-Tunisie_168377.jpg","width":301,"height":301,"caption":"Webdo"},"image":{"@id":"https:\/\/www.webdo.tn\/fr\/#\/schema\/logo\/image\/"},"sameAs":["https:\/\/www.facebook.com\/webdotn","https:\/\/x.com\/webdo_tn"],"description":"Webdo est un m\u00e9dia num\u00e9rique tunisien fond\u00e9 en 2010, sp\u00e9cialis\u00e9 dans l\u2019actualit\u00e9 nationale et internationale, l\u2019\u00e9conomie, la soci\u00e9t\u00e9 et les analyses politiques. Le site s\u2019adresse \u00e0 un large public francophone et couvre l\u2019information tunisienne en temps r\u00e9el.","email":"redac@webdo.tn","legalName":"YNJ SARL","foundingDate":"2010-09-06","numberOfEmployees":{"@type":"QuantitativeValue","minValue":"11","maxValue":"50"}},{"@type":"Person","@id":"https:\/\/www.webdo.tn\/fr\/#\/schema\/person\/60d5ba619ed3f58783b0dc82b7dada80","name":"Ne\u00efla DRISS","image":{"@type":"ImageObject","inLanguage":"fr-FR","@id":"https:\/\/www.webdo.tn\/fr\/wp-content\/uploads\/2026\/04\/neila-driss_avatar-96x96.jpg","url":"https:\/\/www.webdo.tn\/fr\/wp-content\/uploads\/2026\/04\/neila-driss_avatar-96x96.jpg","contentUrl":"https:\/\/www.webdo.tn\/fr\/wp-content\/uploads\/2026\/04\/neila-driss_avatar-96x96.jpg","caption":"Ne\u00efla DRISS"},"description":"Ne\u00efla Driss est juriste, journaliste culturelle et critique de cin\u00e9ma tunisienne. Titulaire d\u2019un DEA en droit priv\u00e9 de l\u2019Universit\u00e9 Paris II et d\u2019un DESS de l\u2019IHEC Carthage, elle d\u00e9bute sa carri\u00e8re comme juriste sp\u00e9cialis\u00e9e en gestion de patrimoine immobilier. Elle s\u2019oriente ensuite vers l\u2019\u00e9criture en ligne, o\u00f9 elle se distingue d\u00e8s 2006 aux Tunisia Blog Awards, avant de se consacrer au journalisme culturel, avec une sp\u00e9cialisation dans la critique cin\u00e9matographique. Elle couvre r\u00e9guli\u00e8rement les grands festivals internationaux, notamment le Festival de Cannes, les Journ\u00e9es Cin\u00e9matographiques de Carthage et le Festival du film du Caire. Membre de l\u2019ATPCC et de la FIPRESCI, elle participe \u00e0 des jurys et initiatives internationales de critique. Depuis 2024, elle est \u00e9lectrice internationale aux Golden Globes. Facebook : https:\/\/www.facebook.com\/massir.destiniii\/ X : https:\/\/x.com\/MassirDestin","sameAs":["https:\/\/www.facebook.com\/massir.destiniii\/","https:\/\/www.instagram.com\/neila.driss\/?hl=fr","https:\/\/www.linkedin.com\/in\/neila-driss-22606a80\/","https:\/\/x.com\/https:\/\/x.com\/MassirDestin"],"knowsAbout":["Cin\u00e9ma international","critique cin\u00e9matographique","festivals de cin\u00e9ma","journalisme culturel"],"knowsLanguage":["Fran\u00e7ais","Arabe","Anglais"],"jobTitle":"Journaliste culturelle et critique de cin\u00e9ma","worksFor":"Webdo","url":"https:\/\/www.webdo.tn\/fr\/actualite\/author\/neila-driss\/"}]}},"_links":{"self":[{"href":"https:\/\/www.webdo.tn\/fr\/wp-json\/wp\/v2\/posts\/200018","targetHints":{"allow":["GET"]}}],"collection":[{"href":"https:\/\/www.webdo.tn\/fr\/wp-json\/wp\/v2\/posts"}],"about":[{"href":"https:\/\/www.webdo.tn\/fr\/wp-json\/wp\/v2\/types\/post"}],"author":[{"embeddable":true,"href":"https:\/\/www.webdo.tn\/fr\/wp-json\/wp\/v2\/users\/3164"}],"replies":[{"embeddable":true,"href":"https:\/\/www.webdo.tn\/fr\/wp-json\/wp\/v2\/comments?post=200018"}],"version-history":[{"count":0,"href":"https:\/\/www.webdo.tn\/fr\/wp-json\/wp\/v2\/posts\/200018\/revisions"}],"wp:featuredmedia":[{"embeddable":true,"href":"https:\/\/www.webdo.tn\/fr\/wp-json\/wp\/v2\/media\/255007"}],"wp:attachment":[{"href":"https:\/\/www.webdo.tn\/fr\/wp-json\/wp\/v2\/media?parent=200018"}],"wp:term":[{"taxonomy":"category","embeddable":true,"href":"https:\/\/www.webdo.tn\/fr\/wp-json\/wp\/v2\/categories?post=200018"},{"taxonomy":"post_tag","embeddable":true,"href":"https:\/\/www.webdo.tn\/fr\/wp-json\/wp\/v2\/tags?post=200018"}],"curies":[{"name":"wp","href":"https:\/\/api.w.org\/{rel}","templated":true}]}}