{"id":200010,"date":"2022-04-14T17:28:00","date_gmt":"2022-04-14T17:28:00","guid":{"rendered":"https:\/\/www.webdo.tn\/fr\/actualite\/blog\/cannes-2022-une-premiere-partie-de-la-selection-officielle-annoncee\/200010\/"},"modified":"2025-05-22T12:03:05","modified_gmt":"2025-05-22T12:03:05","slug":"cannes-2022-une-premiere-partie-de-la-selection-officielle-annoncee","status":"publish","type":"post","link":"https:\/\/www.webdo.tn\/fr\/actualite\/culture\/cannes-2022-une-premiere-partie-de-la-selection-officielle-annoncee\/200010\/","title":{"rendered":"Cannes 2022 &#8211; Une premi\u00e8re partie de la s\u00e9lection officielle annonc\u00e9e."},"content":{"rendered":"<div class=\"single-body entry-content typography-copy\" itemprop=\"articleBody\">\n<p style=\"font-weight: bold; text-align: justify\">\n<div class=\"coprs\" style=\"text-align: center\"><\/div>\n<div class=\"coprs\" style=\"text-align: justify\">\n<p>Le Festival de Cannes a enfin d\u00e9voil\u00e9 une premi\u00e8re partie des films de la s\u00e9lection officielle de la 75\u00e8me \u00e9dition, qui se d\u00e9roulera du 17 au 28 mai 2022, apr\u00e8s deux ann\u00e9es au cours desquelles le festival a \u00e9t\u00e9 contraint de prendre des mesures exceptionnelles en raison de la pand\u00e9mie de la Covid.<\/p>\n<p>Cette liste, comprenant les films qui seront probablement parmi les plus importants de l\u2019ann\u00e9es et les plus attendus des cin\u00e9philes, a \u00e9t\u00e9 annonc\u00e9e lors d&rsquo;une conf\u00e9rence de presse tenue \u00e0 Paris, et diffus\u00e9e en direct sur Internet.<\/p>\n<p>Cette conf\u00e9rence de presse \u00e9tait la derni\u00e8re pour Pierre Lescure en tant que pr\u00e9sident, puisqu\u2019\u00e0 partir du 1<sup>er<\/sup> Juillet 2022, c\u2019est Iris Knobloch qui lui succ\u00e8dera \u00e0 la t\u00eate du festival pour une dur\u00e9e de trois ans. Thierry Fr\u00e9maux, d\u00e9l\u00e9gu\u00e9 g\u00e9n\u00e9ral du festival, a tenu \u00e0 saluer sa pr\u00e9sence, son travail et son soutien tout au long de ces ann\u00e9es \u00e9coul\u00e9es.<\/p>\n<p>C\u2019est la 75\u00e8me \u00e9dition, donc un nouvel anniversaire du festival \u00e0 c\u00e9l\u00e9brer. C\u00e9l\u00e9brer le pass\u00e9, le pr\u00e9sent et l\u2019avenir et s\u2019interroger sur l\u2019avenir du cin\u00e9ma.<\/p>\n<p>Le moment anniversaire sera le mardi 24 Mai, avec de nombreux invit\u00e9s, des cin\u00e9astes, des artistes, des com\u00e9diens, et un colloque au cours duquel ces professionnels viendront r\u00e9fl\u00e9chir, s\u2019exprimer, penser \u00e0 voix haute leur m\u00e9tier, qu\u2019est-ce que c\u2019est que d\u2019\u00eatre cin\u00e9aste aujourd\u2019hui et comment tous ces artistes verront leur m\u00e9tier \u00e0 l\u2019avenir ? Avec les directeurs de festivals, il y aura \u00e9galement une r\u00e9flexion sur la place et r\u00f4le des festival de cin\u00e9ma dans le monde entier.<\/p>\n<p>Wim Wenders en 1982, \u00e0 une \u00e9poque o\u00f9 d\u00e9j\u00e0 lui et quelques autres, r\u00e9fl\u00e9chissaient sur ce que devenait le cin\u00e9ma, avait r\u00e9alis\u00e9 un documentaire de 45 minutes <em>Room 666<\/em>. Il s\u2019\u00e9tait install\u00e9 dans une chambre d\u2019h\u00f4tel sur la Croisette et avait interview\u00e9 des cin\u00e9astes, dont Jean-Luc Godard, Paul Morrissey, Susan Seidelman, Werner Herzog, Robert Kramer, Maraoun Bagdadi et Steven Spielberg. La question \u00e9tait simple : Le cin\u00e9ma est-il un langage en train de se perdre, un Art en train de mourir ? En 1982, c\u2019\u00e9taient des questions qui se posaient.<\/p>\n<p>40 ans plus tard, \u00e0 l\u2019occasion de ce 75<sup>\u00e8me<\/sup> anniversaire, une jeune r\u00e9alisatrice a d\u00e9cid\u00e9 de revenir sur la Croisette pour poser \u00e0 nouveau ces questions. Il serait d\u2019ailleurs int\u00e9ressant de comparer les r\u00e9ponses de 1982 \u00e0 celles de 2022.<\/p>\n<p>Pour Thierry Fr\u00e9maux, le cin\u00e9ma n\u2019est pas mort, le langage cin\u00e9matographique n\u2019est pas mort, tout s\u2019est renouvel\u00e9, tout se renouvelle toujours, la s\u00e9lection pr\u00e9sent\u00e9e ce jour va le prouver, n\u00e9anmoins il est bon de se poser ces questions-l\u00e0.<\/p>\n<p>Cette ann\u00e9e environ 2200 films de 155 pays diff\u00e9rents ont \u00e9t\u00e9 soumis \u00e0 la s\u00e9lection du festival de Cannes. Presque tous ont \u00e9t\u00e9 vus, c\u2019est la raison pour laquelle seule une premi\u00e8re partie de la s\u00e9lection est pr\u00e9sent\u00e9 ce jour, et la semaine prochaine, lorsqu\u2019ils auront tous \u00e9t\u00e9 vus, s\u2019ajouteront peut-\u00eatre d\u2019autres films.<\/p>\n<p>En 2021, la s\u00e9lection officielle comprenait environ 80 films, parce qu\u2019elle concernait r\u00e9ellement deux ann\u00e9es. En 2022, il y aura un peu plus d\u2019une cinquantaine, dont 47 annonc\u00e9s aujourd\u2019hui.<\/p>\n<p>Alors qu\u2019en 2021, il n\u2019y a eu qu\u2019environ 28\u00a0000 accr\u00e9dit\u00e9s, cette ann\u00e9e il y en aura environ 35\u00a0000 (il existe certaines r\u00e9gions, surtout en Asie, avec encore des restrictions de voyages), donc un presque un retour \u00e0 la normale qui est de 40\u00a0000 accr\u00e9dit\u00e9s.<\/p>\n<p>L\u2019affiche officielle et la composition des jurys seront annonc\u00e9es dans les prochains jours. Par ailleurs, Thierry Fr\u00e9maux a rappel\u00e9 que d\u00e9signer et organiser les membres des divers jurys a \u00e9t\u00e9 tr\u00e8s difficile parce que tous les artistes travaillent. Il a d\u2019ailleurs affirm\u00e9 avoir \u00e9t\u00e9 impressionn\u00e9 de constater \u00e0 quel point l\u2019industrie de l\u2019image est repartie apr\u00e8s Covid.<\/p>\n<p>Sont s\u00e9lectionn\u00e9s en comp\u00e9tition officielle longs m\u00e9trages, 18 films des plus grands r\u00e9alisateurs mondiaux, tels que <strong>Kore-Eda Hirokazu<\/strong> (Palme d\u2019Or pour <em>Une affaire de famille<\/em> en 2018, Prix du jury pour <em>Tel p\u00e8re, tel fils<\/em> en 2013), <strong>Christian Mungiu<\/strong> (Palme d\u2019Or pour <em>4 mois, 3 semaines, 2 jours<\/em> en 2007, Prix du Meilleur sc\u00e9nario pour <em>Au-del\u00e0 des collines<\/em> en 2012 et <a href=\"https:\/\/www.webdo.tn\/2016\/05\/23\/baccalaureat\/\">Prix du Meilleur r\u00e9alisateur pour <em>Baccalaur\u00e9at<\/em> en 2016<\/a>), <strong>David Cronenberg <\/strong>(Prix sp\u00e9cial du Jury pour <em>Crash<\/em> en 1996), les fr\u00e8res <strong>Jean-Pierre et Luc Dardenne<\/strong> (Palme d\u2019Or pour <em>Rosetta<\/em> en 1999, Palme d\u2019Or pour <em>L\u2019enfant<\/em> en 2005, Prix du Meilleur sc\u00e9nario pour <em>Le silence de Lorna<\/em> en 2008, Grand Prix du Jury pour <em>Le gamin au v\u00e9lo<\/em> en 2011, Prix de Meilleure r\u00e9alisation pour <em>Le jeune Ahmed<\/em> en 2019), <strong>Ruben \u00d6stlund<\/strong> (Prix du Jury Un Certain Regard pour <em>Turist<\/em> en 2014 et Palme d\u2019Or pour <em>The Square<\/em> en 2017), <strong>Arnaud Desplechin<\/strong>, (Prix SACD, Quinzaine des R\u00e9alisateurs pour <em>Trois souvenirs de ma jeunesse<\/em> en 2015), <strong>James Gray<\/strong> et <strong>Park Chan-Wook<\/strong> (Grand Prix du Jury pour <em>Old Boy<\/em> en 2004 et Prix du Jury pour <em>Thirst, ceci est mon sang&#8230;<\/em> en 2009). Les sections hors comp\u00e9tition comprennent \u00e9galement des films de grands r\u00e9alisateurs tels que <strong>Ethan Coen<\/strong> (Grand Prix du Jury pour <em>Inside Llewyn Davis<\/em> en 2013), <strong>Sergey Loznitsa<\/strong> (Prix Un Certain Regard de la meilleure r\u00e9alisation pour <em>Donbass<\/em> en 2018), <strong>Baz Luhrmann<\/strong>, <strong>George Miller<\/strong>, <strong>Marco Bellocchio<\/strong> et <strong>Olivier Assayas<\/strong> (Prix du Meilleur R\u00e9alisateur pour <em>Personal Shopper<\/em> en 2016).<\/p>\n<p>La s\u00e9lection Un Certain Regard comprend pour le moment 15 films, dont 7 premiers films et 8 de femmes, parmi elles trois r\u00e9alisatrices fran\u00e7aises.<\/p>\n<p>Cette ann\u00e9e marque le retour vers l\u2019objectif premier de cette section qui est de montrer un jeune cin\u00e9ma, ou parfois m\u00eame un cin\u00e9ma exp\u00e9rimental. C\u2019est aussi la premi\u00e8re fois qu\u2019un film pakistanais est en s\u00e9lection officielle.<\/p>\n<p>Quant au cin\u00e9ma arabe, il est absent pour la premi\u00e8re fois depuis plusieurs ann\u00e9es des s\u00e9lections officielles, et sa pr\u00e9sence se limite aux r\u00e9alisateurs europ\u00e9ens d&rsquo;origine arabe : le r\u00e9alisateur su\u00e9dois d&rsquo;origine \u00e9gyptienne, Tarik Saleh, dont le film <em>Boy From Heaven<\/em> est en comp\u00e9tition officielle, et le fran\u00e7ais d&rsquo;origine alg\u00e9rienne Rachid Bouchareb, dont le film\u00a0 <em>Nos Frangins<\/em>\u00a0est projet\u00e9 dans la section Cannes Premi\u00e8res.<\/p>\n<p><img decoding=\"async\" alt=\"Cannes 2022 Selection\" height=\"336\" src=\"https:\/\/www.webdo.tn\/wp-content\/uploads\/2022\/05\/Cannes-2022-e1651839316403-1024x494.jpg\" width=\"696\"> \u00a0<\/p>\n<p><strong>Voici la liste compl\u00e8te de la s\u00e9lection officielle annonc\u00e9e lors de la conf\u00e9rence de presse\u00a0:<\/strong><\/p>\n<h3><span><strong>S\u00e9lection Officielle Comp\u00e9tition Longs M\u00e9trages:<\/strong><\/span><\/h3>\n<p><em>Holy Spider<\/em>, Ali Abbasi (Iran)<\/p>\n<p><em>Les amandiers<\/em>, Valeria Bruni Tedeschi (France)<\/p>\n<p><em>Les crimes du futur<\/em>, David Cronenberg (Canada)<\/p>\n<p><em>Tori et Lokita<\/em>, Jean-Pierre et Luc Dardenne (Belgique)<\/p>\n<p><em>Stars at Noon<\/em>, Claire Denis (France)<\/p>\n<p><em>Fr\u00e8re et S\u0153ur<\/em>, Arnaud Desplechin (France)<\/p>\n<p><em>Close<\/em>, Lucas Dhont (Belgique)<\/p>\n<p><em>Armageddon Time<\/em>, James Gray (\u00c9tats-Unis)<\/p>\n<p><em>Broker<\/em>, Kore-Eda Hirokazu (Japon)<\/p>\n<p><em>Nostalgia<\/em>, Mario Martone (Italie)<\/p>\n<p><em>RMN<\/em>, Cristian Mungiu (Roumanie)<\/p>\n<p><em>Triangle of sadness<\/em>, Ruben \u00d6stlund (Su\u00e8de)<\/p>\n<p><em>Haeojil gyeolsim<\/em>, Park Chan-Wook (Cor\u00e9e du Sud)<\/p>\n<p><em>Showing Up<\/em>, Kelly Reichardt (\u00c9tats-Unis)<\/p>\n<p><em>Leila\u2019s Brothers<\/em>, Saeed Roustaee (Iran)<\/p>\n<p><em>Boy From Heaven<\/em>, Tarik Saleh (Su\u00e8de)<\/p>\n<p><em>Zhena Chaikovskogo<\/em>, Kirill Serebrennikov (Russie)<\/p>\n<p><em>Hi-Han<\/em>, Jerzy Skolimowski (Pologne)<\/p>\n<p>\u00a0<\/p>\n<h3><span><strong>S\u00e9lection Officielle Un Certain Regard\u00a0:<\/strong><\/span><\/h3>\n<p><em>Les Pires<\/em>, Lise Akoka et Romane Gueret (France)<\/p>\n<p><em>Kurak G\u00fcnler<\/em>, Emin Alper (Turquie)<\/p>\n<p><em>Metronom<\/em>, Alexandru Belc (Roumanie)<\/p>\n<p><em>Sick of Myself<\/em>, Kristoffer Borgli (Norv\u00e8ge)<\/p>\n<p><em>Retour \u00e0 S\u00e9oul<\/em>, Davy Chou (Cambodge)<\/p>\n<p><em>Domingo et la brume<\/em>, Ariel Escalante Meza (Costa Rica)<\/p>\n<p><em>Plan 75<\/em>, Hayakawa Chie (Japon)<\/p>\n<p><em>Untitled Pine Ridge Project<\/em>, Riley Keough et Gina Gammell (\u00c9tats-Unis)<\/p>\n<p><em>Corsage<\/em>, Marie Kreutzer (Autriche)<\/p>\n<p><em>Butterfly Vision<\/em>, Maksim Nakonechnyi (Ukraine)<\/p>\n<p><em>Volada Land<\/em>, Hlynur P\u00e1lmason (Islande)<\/p>\n<p><em>Rodeo<\/em>, Lola Quivoron (France)<\/p>\n<p><em>Joyland<\/em>, Saim Sadiq (Pakistan)<\/p>\n<p><em>The Silent Twins<\/em>, Agnieszka Smocynska (Pologne)<\/p>\n<p><em>The Stranger<\/em>, Thomas M. Wright (Australie)<\/p>\n<p>\u00a0<\/p>\n<h3><span><strong>S\u00e9lection officielle hors comp\u00e9tition<\/strong><\/span><\/h3>\n<p><em>Top Gun : Maverick<\/em>, Joseph Kosinski (\u00c9tats-Unis)<\/p>\n<p><em>Elvis<\/em>, Baz Luhrmann (\u00c9tats-Unis-Australie)<\/p>\n<p><em>Mascarade<\/em>, Nicolas Bedos (France)<\/p>\n<p><em>November<\/em>, C\u00e9dric Jimenez (France)<\/p>\n<p><em>Trois Mille ans \u00e0 t\u2019attendre<\/em>, George Miller (Australie)<\/p>\n<p>\u00a0<\/p>\n<h3><strong><span>S\u00e9ances de minuit<\/span><\/strong><\/h3>\n<p><em>Hunt<\/em>, Lee Jung-Jae (Cor\u00e9e du Sud)<\/p>\n<p><em>Fumer Fait Tousser<\/em>, Quentin Dupieux (France)<\/p>\n<p><em>Moonage Daydream<\/em>, Brett Morgen (\u00c9tats-Unis)<\/p>\n<p>\u00a0<\/p>\n<h3><span><strong>Cannes Premi\u00e8res<\/strong><\/span><\/h3>\n<p><em>Dodo<\/em>, Panos H. Koutras (Gr\u00e8ce)<\/p>\n<p><em>Esterno notte<\/em>, Marco Bellocchio (Italie)<\/p>\n<p><em>Irma Vep<\/em>, Olivier Assayas (France)<\/p>\n<p><em>Nos Frangins,<\/em> Rachid Bouchareb (France)<\/p>\n<p>\u00a0<\/p>\n<h3><span><strong>S\u00e9ances sp\u00e9ciales\u00a0:<\/strong><\/span><\/h3>\n<p><em>Jerry Lee Lewis : Trouble in Mind<\/em>, Ethan Coen (\u00c9tats-Unis)<\/p>\n<p><em>The natural history of destruction<\/em>, Sergei Loznitsa (Ukraine)<\/p>\n<p><em>All that breathes<\/em>, Shaunak Sen (Inde)<\/p>\n<p>\u00a0<\/p>\n<p>Rendez-vous dans quelques jours pour d\u2019autres films en s\u00e9lection.<\/p>\n<p><strong>Ne\u00efla Driss<\/strong><\/p>\n<p><em>Lire sur le m\u00eame sujet:<\/em><\/p>\n<ul>\n<li><em><a href=\"https:\/\/www.webdo.tn\/2022\/04\/06\/elvis-de-baz-luhrmann-en-avant-premiere-au-75e-festival-de-cannes\/\">\u00ab Elvis \u00bb de Baz Luhrmann en avant-premi\u00e8re au 75e Festival de Cannes\u00a0<\/a><\/em><\/li>\n<\/ul><\/div>\n<div class=\"coprs\" style=\"text-align: center\"><\/div><\/div>\n","protected":false},"excerpt":{"rendered":"<p>Cannes 2022 &#8211; Une premi\u00e8re partie de la s\u00e9lection officielle annonc\u00e9e.<\/p>\n","protected":false},"author":3164,"featured_media":349695,"comment_status":"open","ping_status":"closed","sticky":false,"template":"","format":"standard","meta":{"footnotes":""},"categories":[2594],"tags":[3460,9071,2627],"class_list":["post-200010","post","type-post","status-publish","format-standard","has-post-thumbnail","hentry","category-culture","tag-cannes","tag-cannes-2022","tag-festival-de-cannes"],"yoast_head":"<!-- This site is optimized with the Yoast SEO Premium plugin v27.4 (Yoast SEO v27.4) - https:\/\/yoast.com\/product\/yoast-seo-premium-wordpress\/ -->\n<title>Cannes 2022 - Une premi\u00e8re partie de la s\u00e9lection officielle annonc\u00e9e.<\/title>\n<meta name=\"description\" content=\"Cannes 2022 - Une premi\u00e8re partie de la s\u00e9lection officielle annonc\u00e9e.\" \/>\n<link rel=\"canonical\" href=\"https:\/\/www.webdo.tn\/fr\/actualite\/culture\/cannes-2022-une-premiere-partie-de-la-selection-officielle-annoncee\/200010\/\" \/>\n<meta property=\"og:locale\" content=\"fr_FR\" \/>\n<meta property=\"og:type\" content=\"article\" \/>\n<meta property=\"og:title\" content=\"Cannes 2022 - Une premi\u00e8re partie de la s\u00e9lection officielle annonc\u00e9e.\" \/>\n<meta property=\"og:description\" content=\"Cannes 2022 - Une premi\u00e8re partie de la s\u00e9lection officielle annonc\u00e9e.\" \/>\n<meta property=\"og:url\" content=\"https:\/\/www.webdo.tn\/fr\/actualite\/culture\/cannes-2022-une-premiere-partie-de-la-selection-officielle-annoncee\/200010\/\" \/>\n<meta property=\"og:site_name\" content=\"webdo\" \/>\n<meta property=\"article:publisher\" content=\"https:\/\/www.facebook.com\/webdotn\" \/>\n<meta property=\"article:author\" content=\"https:\/\/www.facebook.com\/massir.destiniii\/\" \/>\n<meta property=\"article:published_time\" content=\"2022-04-14T17:28:00+00:00\" \/>\n<meta property=\"article:modified_time\" content=\"2025-05-22T12:03:05+00:00\" \/>\n<meta property=\"og:image\" content=\"https:\/\/www.webdo.tn\/fr\/wp-content\/uploads\/2022\/04\/conference-de-presse-14-avril.jpg\" \/>\n\t<meta property=\"og:image:width\" content=\"670\" \/>\n\t<meta property=\"og:image:height\" content=\"447\" \/>\n\t<meta property=\"og:image:type\" content=\"image\/jpeg\" \/>\n<meta name=\"author\" content=\"Ne\u00efla DRISS\" \/>\n<meta name=\"twitter:card\" content=\"summary_large_image\" \/>\n<meta name=\"twitter:creator\" content=\"@https:\/\/x.com\/MassirDestin\" \/>\n<meta name=\"twitter:site\" content=\"@webdo_tn\" \/>\n<meta name=\"twitter:label1\" content=\"\u00c9crit par\" \/>\n\t<meta name=\"twitter:data1\" content=\"Ne\u00efla DRISS\" \/>\n\t<meta name=\"twitter:label2\" content=\"Dur\u00e9e de lecture estim\u00e9e\" \/>\n\t<meta name=\"twitter:data2\" content=\"7 minutes\" \/>\n<script type=\"application\/ld+json\" class=\"yoast-schema-graph\">{\"@context\":\"https:\\\/\\\/schema.org\",\"@graph\":[{\"@type\":\"NewsArticle\",\"@id\":\"https:\\\/\\\/www.webdo.tn\\\/fr\\\/actualite\\\/culture\\\/cannes-2022-une-premiere-partie-de-la-selection-officielle-annoncee\\\/200010\\\/#article\",\"isPartOf\":{\"@id\":\"https:\\\/\\\/www.webdo.tn\\\/fr\\\/actualite\\\/culture\\\/cannes-2022-une-premiere-partie-de-la-selection-officielle-annoncee\\\/200010\\\/\"},\"author\":{\"name\":\"Ne\u00efla DRISS\",\"@id\":\"https:\\\/\\\/www.webdo.tn\\\/fr\\\/#\\\/schema\\\/person\\\/60d5ba619ed3f58783b0dc82b7dada80\"},\"headline\":\"Cannes 2022 &#8211; Une premi\u00e8re partie de la s\u00e9lection officielle annonc\u00e9e.\",\"datePublished\":\"2022-04-14T17:28:00+00:00\",\"dateModified\":\"2025-05-22T12:03:05+00:00\",\"mainEntityOfPage\":{\"@id\":\"https:\\\/\\\/www.webdo.tn\\\/fr\\\/actualite\\\/culture\\\/cannes-2022-une-premiere-partie-de-la-selection-officielle-annoncee\\\/200010\\\/\"},\"wordCount\":1459,\"commentCount\":0,\"publisher\":{\"@id\":\"https:\\\/\\\/www.webdo.tn\\\/fr\\\/#organization\"},\"image\":{\"@id\":\"https:\\\/\\\/www.webdo.tn\\\/fr\\\/actualite\\\/culture\\\/cannes-2022-une-premiere-partie-de-la-selection-officielle-annoncee\\\/200010\\\/#primaryimage\"},\"thumbnailUrl\":\"https:\\\/\\\/www.webdo.tn\\\/fr\\\/wp-content\\\/uploads\\\/2022\\\/04\\\/conference-de-presse-14-avril.jpg\",\"keywords\":[\"cannes\",\"Cannes 2022\",\"Festival de Cannes\"],\"articleSection\":[\"Culture\"],\"inLanguage\":\"fr-FR\"},{\"@type\":\"WebPage\",\"@id\":\"https:\\\/\\\/www.webdo.tn\\\/fr\\\/actualite\\\/culture\\\/cannes-2022-une-premiere-partie-de-la-selection-officielle-annoncee\\\/200010\\\/\",\"url\":\"https:\\\/\\\/www.webdo.tn\\\/fr\\\/actualite\\\/culture\\\/cannes-2022-une-premiere-partie-de-la-selection-officielle-annoncee\\\/200010\\\/\",\"name\":\"Cannes 2022 - Une premi\u00e8re partie de la s\u00e9lection officielle annonc\u00e9e.\",\"isPartOf\":{\"@id\":\"https:\\\/\\\/www.webdo.tn\\\/fr\\\/#website\"},\"primaryImageOfPage\":{\"@id\":\"https:\\\/\\\/www.webdo.tn\\\/fr\\\/actualite\\\/culture\\\/cannes-2022-une-premiere-partie-de-la-selection-officielle-annoncee\\\/200010\\\/#primaryimage\"},\"image\":{\"@id\":\"https:\\\/\\\/www.webdo.tn\\\/fr\\\/actualite\\\/culture\\\/cannes-2022-une-premiere-partie-de-la-selection-officielle-annoncee\\\/200010\\\/#primaryimage\"},\"thumbnailUrl\":\"https:\\\/\\\/www.webdo.tn\\\/fr\\\/wp-content\\\/uploads\\\/2022\\\/04\\\/conference-de-presse-14-avril.jpg\",\"datePublished\":\"2022-04-14T17:28:00+00:00\",\"dateModified\":\"2025-05-22T12:03:05+00:00\",\"description\":\"Cannes 2022 - Une premi\u00e8re partie de la s\u00e9lection officielle annonc\u00e9e.\",\"breadcrumb\":{\"@id\":\"https:\\\/\\\/www.webdo.tn\\\/fr\\\/actualite\\\/culture\\\/cannes-2022-une-premiere-partie-de-la-selection-officielle-annoncee\\\/200010\\\/#breadcrumb\"},\"inLanguage\":\"fr-FR\",\"potentialAction\":[{\"@type\":\"ReadAction\",\"target\":[\"https:\\\/\\\/www.webdo.tn\\\/fr\\\/actualite\\\/culture\\\/cannes-2022-une-premiere-partie-de-la-selection-officielle-annoncee\\\/200010\\\/\"]}]},{\"@type\":\"ImageObject\",\"inLanguage\":\"fr-FR\",\"@id\":\"https:\\\/\\\/www.webdo.tn\\\/fr\\\/actualite\\\/culture\\\/cannes-2022-une-premiere-partie-de-la-selection-officielle-annoncee\\\/200010\\\/#primaryimage\",\"url\":\"https:\\\/\\\/www.webdo.tn\\\/fr\\\/wp-content\\\/uploads\\\/2022\\\/04\\\/conference-de-presse-14-avril.jpg\",\"contentUrl\":\"https:\\\/\\\/www.webdo.tn\\\/fr\\\/wp-content\\\/uploads\\\/2022\\\/04\\\/conference-de-presse-14-avril.jpg\",\"width\":670,\"height\":447,\"caption\":\"Cannes 2022 - Une premi\u00e8re partie de la s\u00e9lection officielle annonc\u00e9e.\"},{\"@type\":\"BreadcrumbList\",\"@id\":\"https:\\\/\\\/www.webdo.tn\\\/fr\\\/actualite\\\/culture\\\/cannes-2022-une-premiere-partie-de-la-selection-officielle-annoncee\\\/200010\\\/#breadcrumb\",\"itemListElement\":[{\"@type\":\"ListItem\",\"position\":1,\"name\":\"Accueil\",\"item\":\"https:\\\/\\\/www.webdo.tn\\\/fr\\\/\"},{\"@type\":\"ListItem\",\"position\":2,\"name\":\"Cannes 2022 &#8211; Une premi\u00e8re partie de la s\u00e9lection officielle annonc\u00e9e.\"}]},{\"@type\":\"WebSite\",\"@id\":\"https:\\\/\\\/www.webdo.tn\\\/fr\\\/#website\",\"url\":\"https:\\\/\\\/www.webdo.tn\\\/fr\\\/\",\"name\":\"webdo\",\"description\":\"Tunisie - News en Tunisie et \u00e0 l&#039;international sur Webdo.tn\",\"publisher\":{\"@id\":\"https:\\\/\\\/www.webdo.tn\\\/fr\\\/#organization\"},\"potentialAction\":[{\"@type\":\"SearchAction\",\"target\":{\"@type\":\"EntryPoint\",\"urlTemplate\":\"https:\\\/\\\/www.webdo.tn\\\/fr\\\/?s={search_term_string}\"},\"query-input\":{\"@type\":\"PropertyValueSpecification\",\"valueRequired\":true,\"valueName\":\"search_term_string\"}}],\"inLanguage\":\"fr-FR\"},{\"@type\":\"Organization\",\"@id\":\"https:\\\/\\\/www.webdo.tn\\\/fr\\\/#organization\",\"name\":\"Webdo\",\"alternateName\":\"Webdo.tn\",\"url\":\"https:\\\/\\\/www.webdo.tn\\\/fr\\\/\",\"logo\":{\"@type\":\"ImageObject\",\"inLanguage\":\"fr-FR\",\"@id\":\"https:\\\/\\\/www.webdo.tn\\\/fr\\\/#\\\/schema\\\/logo\\\/image\\\/\",\"url\":\"https:\\\/\\\/www.webdo.tn\\\/fr\\\/wp-content\\\/uploads\\\/2025\\\/06\\\/Webdo-Tunisie_168377.jpg\",\"contentUrl\":\"https:\\\/\\\/www.webdo.tn\\\/fr\\\/wp-content\\\/uploads\\\/2025\\\/06\\\/Webdo-Tunisie_168377.jpg\",\"width\":301,\"height\":301,\"caption\":\"Webdo\"},\"image\":{\"@id\":\"https:\\\/\\\/www.webdo.tn\\\/fr\\\/#\\\/schema\\\/logo\\\/image\\\/\"},\"sameAs\":[\"https:\\\/\\\/www.facebook.com\\\/webdotn\",\"https:\\\/\\\/x.com\\\/webdo_tn\"],\"description\":\"Webdo est un m\u00e9dia num\u00e9rique tunisien fond\u00e9 en 2010, sp\u00e9cialis\u00e9 dans l\u2019actualit\u00e9 nationale et internationale, l\u2019\u00e9conomie, la soci\u00e9t\u00e9 et les analyses politiques. Le site s\u2019adresse \u00e0 un large public francophone et couvre l\u2019information tunisienne en temps r\u00e9el.\",\"email\":\"redac@webdo.tn\",\"legalName\":\"YNJ SARL\",\"foundingDate\":\"2010-09-06\",\"numberOfEmployees\":{\"@type\":\"QuantitativeValue\",\"minValue\":\"11\",\"maxValue\":\"50\"}},{\"@type\":\"Person\",\"@id\":\"https:\\\/\\\/www.webdo.tn\\\/fr\\\/#\\\/schema\\\/person\\\/60d5ba619ed3f58783b0dc82b7dada80\",\"name\":\"Ne\u00efla DRISS\",\"image\":{\"@type\":\"ImageObject\",\"inLanguage\":\"fr-FR\",\"@id\":\"https:\\\/\\\/www.webdo.tn\\\/fr\\\/wp-content\\\/uploads\\\/2026\\\/04\\\/neila-driss_avatar-96x96.jpg\",\"url\":\"https:\\\/\\\/www.webdo.tn\\\/fr\\\/wp-content\\\/uploads\\\/2026\\\/04\\\/neila-driss_avatar-96x96.jpg\",\"contentUrl\":\"https:\\\/\\\/www.webdo.tn\\\/fr\\\/wp-content\\\/uploads\\\/2026\\\/04\\\/neila-driss_avatar-96x96.jpg\",\"caption\":\"Ne\u00efla DRISS\"},\"description\":\"Ne\u00efla Driss est juriste, journaliste culturelle et critique de cin\u00e9ma tunisienne. Titulaire d\u2019un DEA en droit priv\u00e9 de l\u2019Universit\u00e9 Paris II et d\u2019un DESS de l\u2019IHEC Carthage, elle d\u00e9bute sa carri\u00e8re comme juriste sp\u00e9cialis\u00e9e en gestion de patrimoine immobilier. Elle s\u2019oriente ensuite vers l\u2019\u00e9criture en ligne, o\u00f9 elle se distingue d\u00e8s 2006 aux Tunisia Blog Awards, avant de se consacrer au journalisme culturel, avec une sp\u00e9cialisation dans la critique cin\u00e9matographique. Elle couvre r\u00e9guli\u00e8rement les grands festivals internationaux, notamment le Festival de Cannes, les Journ\u00e9es Cin\u00e9matographiques de Carthage et le Festival du film du Caire. Membre de l\u2019ATPCC et de la FIPRESCI, elle participe \u00e0 des jurys et initiatives internationales de critique. Depuis 2024, elle est \u00e9lectrice internationale aux Golden Globes. Facebook : https:\\\/\\\/www.facebook.com\\\/massir.destiniii\\\/ X : https:\\\/\\\/x.com\\\/MassirDestin\",\"sameAs\":[\"https:\\\/\\\/www.facebook.com\\\/massir.destiniii\\\/\",\"https:\\\/\\\/www.instagram.com\\\/neila.driss\\\/?hl=fr\",\"https:\\\/\\\/www.linkedin.com\\\/in\\\/neila-driss-22606a80\\\/\",\"https:\\\/\\\/x.com\\\/https:\\\/\\\/x.com\\\/MassirDestin\"],\"knowsAbout\":[\"Cin\u00e9ma international\",\"critique cin\u00e9matographique\",\"festivals de cin\u00e9ma\",\"journalisme culturel\"],\"knowsLanguage\":[\"Fran\u00e7ais\",\"Arabe\",\"Anglais\"],\"jobTitle\":\"Journaliste culturelle et critique de cin\u00e9ma\",\"worksFor\":\"Webdo\",\"url\":\"https:\\\/\\\/www.webdo.tn\\\/fr\\\/actualite\\\/author\\\/neila-driss\\\/\"}]}<\/script>\n<!-- \/ Yoast SEO Premium plugin. -->","yoast_head_json":{"title":"Cannes 2022 - Une premi\u00e8re partie de la s\u00e9lection officielle annonc\u00e9e.","description":"Cannes 2022 - Une premi\u00e8re partie de la s\u00e9lection officielle annonc\u00e9e.","canonical":"https:\/\/www.webdo.tn\/fr\/actualite\/culture\/cannes-2022-une-premiere-partie-de-la-selection-officielle-annoncee\/200010\/","og_locale":"fr_FR","og_type":"article","og_title":"Cannes 2022 - Une premi\u00e8re partie de la s\u00e9lection officielle annonc\u00e9e.","og_description":"Cannes 2022 - Une premi\u00e8re partie de la s\u00e9lection officielle annonc\u00e9e.","og_url":"https:\/\/www.webdo.tn\/fr\/actualite\/culture\/cannes-2022-une-premiere-partie-de-la-selection-officielle-annoncee\/200010\/","og_site_name":"webdo","article_publisher":"https:\/\/www.facebook.com\/webdotn","article_author":"https:\/\/www.facebook.com\/massir.destiniii\/","article_published_time":"2022-04-14T17:28:00+00:00","article_modified_time":"2025-05-22T12:03:05+00:00","og_image":[{"width":670,"height":447,"url":"https:\/\/www.webdo.tn\/fr\/wp-content\/uploads\/2022\/04\/conference-de-presse-14-avril.jpg","type":"image\/jpeg"}],"author":"Ne\u00efla DRISS","twitter_card":"summary_large_image","twitter_creator":"@https:\/\/x.com\/MassirDestin","twitter_site":"@webdo_tn","twitter_misc":{"\u00c9crit par":"Ne\u00efla DRISS","Dur\u00e9e de lecture estim\u00e9e":"7 minutes"},"schema":{"@context":"https:\/\/schema.org","@graph":[{"@type":"NewsArticle","@id":"https:\/\/www.webdo.tn\/fr\/actualite\/culture\/cannes-2022-une-premiere-partie-de-la-selection-officielle-annoncee\/200010\/#article","isPartOf":{"@id":"https:\/\/www.webdo.tn\/fr\/actualite\/culture\/cannes-2022-une-premiere-partie-de-la-selection-officielle-annoncee\/200010\/"},"author":{"name":"Ne\u00efla DRISS","@id":"https:\/\/www.webdo.tn\/fr\/#\/schema\/person\/60d5ba619ed3f58783b0dc82b7dada80"},"headline":"Cannes 2022 &#8211; Une premi\u00e8re partie de la s\u00e9lection officielle annonc\u00e9e.","datePublished":"2022-04-14T17:28:00+00:00","dateModified":"2025-05-22T12:03:05+00:00","mainEntityOfPage":{"@id":"https:\/\/www.webdo.tn\/fr\/actualite\/culture\/cannes-2022-une-premiere-partie-de-la-selection-officielle-annoncee\/200010\/"},"wordCount":1459,"commentCount":0,"publisher":{"@id":"https:\/\/www.webdo.tn\/fr\/#organization"},"image":{"@id":"https:\/\/www.webdo.tn\/fr\/actualite\/culture\/cannes-2022-une-premiere-partie-de-la-selection-officielle-annoncee\/200010\/#primaryimage"},"thumbnailUrl":"https:\/\/www.webdo.tn\/fr\/wp-content\/uploads\/2022\/04\/conference-de-presse-14-avril.jpg","keywords":["cannes","Cannes 2022","Festival de Cannes"],"articleSection":["Culture"],"inLanguage":"fr-FR"},{"@type":"WebPage","@id":"https:\/\/www.webdo.tn\/fr\/actualite\/culture\/cannes-2022-une-premiere-partie-de-la-selection-officielle-annoncee\/200010\/","url":"https:\/\/www.webdo.tn\/fr\/actualite\/culture\/cannes-2022-une-premiere-partie-de-la-selection-officielle-annoncee\/200010\/","name":"Cannes 2022 - Une premi\u00e8re partie de la s\u00e9lection officielle annonc\u00e9e.","isPartOf":{"@id":"https:\/\/www.webdo.tn\/fr\/#website"},"primaryImageOfPage":{"@id":"https:\/\/www.webdo.tn\/fr\/actualite\/culture\/cannes-2022-une-premiere-partie-de-la-selection-officielle-annoncee\/200010\/#primaryimage"},"image":{"@id":"https:\/\/www.webdo.tn\/fr\/actualite\/culture\/cannes-2022-une-premiere-partie-de-la-selection-officielle-annoncee\/200010\/#primaryimage"},"thumbnailUrl":"https:\/\/www.webdo.tn\/fr\/wp-content\/uploads\/2022\/04\/conference-de-presse-14-avril.jpg","datePublished":"2022-04-14T17:28:00+00:00","dateModified":"2025-05-22T12:03:05+00:00","description":"Cannes 2022 - Une premi\u00e8re partie de la s\u00e9lection officielle annonc\u00e9e.","breadcrumb":{"@id":"https:\/\/www.webdo.tn\/fr\/actualite\/culture\/cannes-2022-une-premiere-partie-de-la-selection-officielle-annoncee\/200010\/#breadcrumb"},"inLanguage":"fr-FR","potentialAction":[{"@type":"ReadAction","target":["https:\/\/www.webdo.tn\/fr\/actualite\/culture\/cannes-2022-une-premiere-partie-de-la-selection-officielle-annoncee\/200010\/"]}]},{"@type":"ImageObject","inLanguage":"fr-FR","@id":"https:\/\/www.webdo.tn\/fr\/actualite\/culture\/cannes-2022-une-premiere-partie-de-la-selection-officielle-annoncee\/200010\/#primaryimage","url":"https:\/\/www.webdo.tn\/fr\/wp-content\/uploads\/2022\/04\/conference-de-presse-14-avril.jpg","contentUrl":"https:\/\/www.webdo.tn\/fr\/wp-content\/uploads\/2022\/04\/conference-de-presse-14-avril.jpg","width":670,"height":447,"caption":"Cannes 2022 - Une premi\u00e8re partie de la s\u00e9lection officielle annonc\u00e9e."},{"@type":"BreadcrumbList","@id":"https:\/\/www.webdo.tn\/fr\/actualite\/culture\/cannes-2022-une-premiere-partie-de-la-selection-officielle-annoncee\/200010\/#breadcrumb","itemListElement":[{"@type":"ListItem","position":1,"name":"Accueil","item":"https:\/\/www.webdo.tn\/fr\/"},{"@type":"ListItem","position":2,"name":"Cannes 2022 &#8211; Une premi\u00e8re partie de la s\u00e9lection officielle annonc\u00e9e."}]},{"@type":"WebSite","@id":"https:\/\/www.webdo.tn\/fr\/#website","url":"https:\/\/www.webdo.tn\/fr\/","name":"webdo","description":"Tunisie - News en Tunisie et \u00e0 l&#039;international sur Webdo.tn","publisher":{"@id":"https:\/\/www.webdo.tn\/fr\/#organization"},"potentialAction":[{"@type":"SearchAction","target":{"@type":"EntryPoint","urlTemplate":"https:\/\/www.webdo.tn\/fr\/?s={search_term_string}"},"query-input":{"@type":"PropertyValueSpecification","valueRequired":true,"valueName":"search_term_string"}}],"inLanguage":"fr-FR"},{"@type":"Organization","@id":"https:\/\/www.webdo.tn\/fr\/#organization","name":"Webdo","alternateName":"Webdo.tn","url":"https:\/\/www.webdo.tn\/fr\/","logo":{"@type":"ImageObject","inLanguage":"fr-FR","@id":"https:\/\/www.webdo.tn\/fr\/#\/schema\/logo\/image\/","url":"https:\/\/www.webdo.tn\/fr\/wp-content\/uploads\/2025\/06\/Webdo-Tunisie_168377.jpg","contentUrl":"https:\/\/www.webdo.tn\/fr\/wp-content\/uploads\/2025\/06\/Webdo-Tunisie_168377.jpg","width":301,"height":301,"caption":"Webdo"},"image":{"@id":"https:\/\/www.webdo.tn\/fr\/#\/schema\/logo\/image\/"},"sameAs":["https:\/\/www.facebook.com\/webdotn","https:\/\/x.com\/webdo_tn"],"description":"Webdo est un m\u00e9dia num\u00e9rique tunisien fond\u00e9 en 2010, sp\u00e9cialis\u00e9 dans l\u2019actualit\u00e9 nationale et internationale, l\u2019\u00e9conomie, la soci\u00e9t\u00e9 et les analyses politiques. Le site s\u2019adresse \u00e0 un large public francophone et couvre l\u2019information tunisienne en temps r\u00e9el.","email":"redac@webdo.tn","legalName":"YNJ SARL","foundingDate":"2010-09-06","numberOfEmployees":{"@type":"QuantitativeValue","minValue":"11","maxValue":"50"}},{"@type":"Person","@id":"https:\/\/www.webdo.tn\/fr\/#\/schema\/person\/60d5ba619ed3f58783b0dc82b7dada80","name":"Ne\u00efla DRISS","image":{"@type":"ImageObject","inLanguage":"fr-FR","@id":"https:\/\/www.webdo.tn\/fr\/wp-content\/uploads\/2026\/04\/neila-driss_avatar-96x96.jpg","url":"https:\/\/www.webdo.tn\/fr\/wp-content\/uploads\/2026\/04\/neila-driss_avatar-96x96.jpg","contentUrl":"https:\/\/www.webdo.tn\/fr\/wp-content\/uploads\/2026\/04\/neila-driss_avatar-96x96.jpg","caption":"Ne\u00efla DRISS"},"description":"Ne\u00efla Driss est juriste, journaliste culturelle et critique de cin\u00e9ma tunisienne. Titulaire d\u2019un DEA en droit priv\u00e9 de l\u2019Universit\u00e9 Paris II et d\u2019un DESS de l\u2019IHEC Carthage, elle d\u00e9bute sa carri\u00e8re comme juriste sp\u00e9cialis\u00e9e en gestion de patrimoine immobilier. Elle s\u2019oriente ensuite vers l\u2019\u00e9criture en ligne, o\u00f9 elle se distingue d\u00e8s 2006 aux Tunisia Blog Awards, avant de se consacrer au journalisme culturel, avec une sp\u00e9cialisation dans la critique cin\u00e9matographique. Elle couvre r\u00e9guli\u00e8rement les grands festivals internationaux, notamment le Festival de Cannes, les Journ\u00e9es Cin\u00e9matographiques de Carthage et le Festival du film du Caire. Membre de l\u2019ATPCC et de la FIPRESCI, elle participe \u00e0 des jurys et initiatives internationales de critique. Depuis 2024, elle est \u00e9lectrice internationale aux Golden Globes. Facebook : https:\/\/www.facebook.com\/massir.destiniii\/ X : https:\/\/x.com\/MassirDestin","sameAs":["https:\/\/www.facebook.com\/massir.destiniii\/","https:\/\/www.instagram.com\/neila.driss\/?hl=fr","https:\/\/www.linkedin.com\/in\/neila-driss-22606a80\/","https:\/\/x.com\/https:\/\/x.com\/MassirDestin"],"knowsAbout":["Cin\u00e9ma international","critique cin\u00e9matographique","festivals de cin\u00e9ma","journalisme culturel"],"knowsLanguage":["Fran\u00e7ais","Arabe","Anglais"],"jobTitle":"Journaliste culturelle et critique de cin\u00e9ma","worksFor":"Webdo","url":"https:\/\/www.webdo.tn\/fr\/actualite\/author\/neila-driss\/"}]}},"_links":{"self":[{"href":"https:\/\/www.webdo.tn\/fr\/wp-json\/wp\/v2\/posts\/200010","targetHints":{"allow":["GET"]}}],"collection":[{"href":"https:\/\/www.webdo.tn\/fr\/wp-json\/wp\/v2\/posts"}],"about":[{"href":"https:\/\/www.webdo.tn\/fr\/wp-json\/wp\/v2\/types\/post"}],"author":[{"embeddable":true,"href":"https:\/\/www.webdo.tn\/fr\/wp-json\/wp\/v2\/users\/3164"}],"replies":[{"embeddable":true,"href":"https:\/\/www.webdo.tn\/fr\/wp-json\/wp\/v2\/comments?post=200010"}],"version-history":[{"count":0,"href":"https:\/\/www.webdo.tn\/fr\/wp-json\/wp\/v2\/posts\/200010\/revisions"}],"wp:featuredmedia":[{"embeddable":true,"href":"https:\/\/www.webdo.tn\/fr\/wp-json\/wp\/v2\/media\/349695"}],"wp:attachment":[{"href":"https:\/\/www.webdo.tn\/fr\/wp-json\/wp\/v2\/media?parent=200010"}],"wp:term":[{"taxonomy":"category","embeddable":true,"href":"https:\/\/www.webdo.tn\/fr\/wp-json\/wp\/v2\/categories?post=200010"},{"taxonomy":"post_tag","embeddable":true,"href":"https:\/\/www.webdo.tn\/fr\/wp-json\/wp\/v2\/tags?post=200010"}],"curies":[{"name":"wp","href":"https:\/\/api.w.org\/{rel}","templated":true}]}}