{"id":200006,"date":"2022-04-18T12:29:00","date_gmt":"2022-04-18T12:29:00","guid":{"rendered":"https:\/\/www.webdo.tn\/fr\/blog\/cannes-2022-kaouther-ben-hania-presidente-du-jury-de-la-semaine-de-la-critique\/200006\/"},"modified":"2025-05-14T11:10:48","modified_gmt":"2025-05-14T11:10:48","slug":"cannes-2022-kaouther-ben-hania-presidente-du-jury-de-la-semaine-de-la-critique","status":"publish","type":"post","link":"https:\/\/www.webdo.tn\/fr\/actualite\/culture\/cannes-2022-kaouther-ben-hania-presidente-du-jury-de-la-semaine-de-la-critique\/200006\/","title":{"rendered":"Cannes 2022 : Kaouther Ben Hania, Pr\u00e9sidente du Jury de la semaine de la Critique"},"content":{"rendered":"<div class=\"single-body entry-content typography-copy\" itemprop=\"articleBody\">\n<p style=\"font-weight: bold; text-align: justify\">\n<div class=\"coprs\" style=\"text-align: center\"><\/div>\n<div class=\"coprs\" style=\"text-align: justify\">\n<div class=\"layout-bandeau main-content\">\n<div id=\"titraille\">\n<h1>\u00a0<\/h1>\n<\/div>\n<\/div>\n<div class=\"main-content\">\n<div class=\"body\">\n<p dir=\"ltr\">La Semaine de la Critique, section parall\u00e8le cannoise d\u00e9di\u00e9e aux premiers et seconds films, est fi\u00e8re de confier la Pr\u00e9sidence du Jury de cette 61<sup>e<\/sup>\u00a0\u00e9dition \u00e0 la cin\u00e9aste tunisienne,\u00a0<strong>Kaouther Ben Hania<\/strong>.<\/p>\n<p>Cette derni\u00e8re avait d\u00e9j\u00e0 \u00e9t\u00e9 <a href=\"https:\/\/www.webdo.tn\/2021\/06\/18\/cannes-2021-kaouther-ben-hania-membre-du-jury-courts-metrages\/\">membre du Jury des courts m\u00e9trages et du concours des films d\u2019\u00e9coles de la Cin\u00e9fondation lors de l&rsquo;\u00e9dition 2021 du Festival de Cannes<\/a>.<\/p>\n<p dir=\"ltr\">N\u00e9e \u00e0 Sidi Bouzid, la r\u00e9alisatrice commence son parcours \u00e0 Tunis et construit en quatre films courts, un documentaire et quatre longs m\u00e9trages, une \u0153uvre profond\u00e9ment ancr\u00e9e dans la vie et la satire sociale. S\u00e9lectionn\u00e9 \u00e0 l\u2019ACID 2014, son premier film\u00a0<em>Le Challat de Tunis<\/em>\u00a0raconte avec humour l\u2019histoire vraie d\u2019un balafreur &#8211; ou Challat en arabe tunisien &#8211; qui s\u2019en prenait aux fesses des femmes avec un rasoir en chevauchant sa moto.\u00a0<em>La Belle et la Meute<\/em> concourt dans la section Un Certain Regard du Festival de Cannes en 2017 et y<a href=\"https:\/\/www.webdo.tn\/2017\/05\/28\/festival-de-cannes-belle-meute-remporte-prix-de-meilleure-creation-sonore\/\"> remporte le prix de la meilleure cr\u00e9ation sonore.<\/a>\u00a0Son quatri\u00e8me film,\u00a0<em>L\u2019Homme qui a vendu sa peau<\/em>\u00a0avec Monica Bellucci, pr\u00e9sent\u00e9 dans la section Orizzonti de la Mostra de Venise en 2020 est <a href=\"https:\/\/www.webdo.tn\/2021\/04\/26\/oscars-2021-nous-navons-pas-gagne-mais-cetait-un-parcours-incroyable\/\">le premier film tunisien nomm\u00e9 \u00e0 l&rsquo;Oscar du meilleur film international<\/a>.<\/p>\n<p>Kaouther a \u00e9galement fait partie <a href=\"https:\/\/www.webdo.tn\/2022\/02\/24\/kaouther-ben-hania-realise-un-des-huit-films-de-la-serie-netflix-lamour-la-vie-etc\/\">des cin\u00e9astes arabes \u00e0 avoir r\u00e9alis\u00e9 un des huit \u00e9pisodes de la s\u00e9rie Netflix <em>L&rsquo;amour, la vie, etc&#8230;<\/em><\/a><\/p>\n<p dir=\"ltr\">Kaouther Ben Hania remettra le\u00a0<strong>Grand Prix<\/strong>\u00a0de la Semaine de la Critique et le\u00a0<strong>Prix<em>\u00a0French Touch<\/em>\u00a0du jury<\/strong>\u00a0\u00e0 l&rsquo;un des longs m\u00e9trages en comp\u00e9tition, le\u00a0<strong>Prix Fondation Louis Roederer de la R\u00e9v\u00e9lation<\/strong>\u00a0au ou \u00e0 la meilleur.e com\u00e9dien.ne et le\u00a0<strong>Prix D\u00e9couverte Leitz Cin\u00e9 du court m\u00e9trage<\/strong>. Pour l\u2019accompagner dans sa mission, elle sera entour\u00e9e de la com\u00e9dienne et r\u00e9alisatrice franco-grecque<strong>\u00a0Ariane Labed<\/strong>, du r\u00e9alisateur islandais\u00a0<strong>Benedikt Erlingsson<\/strong>\u00a0venu pr\u00e9senter en comp\u00e9tition \u00e0 la 57e Semaine de la Critique\u00a0<a href=\"https:\/\/www.semainedelacritique.com\/fr\/edition\/2018\/film\/konaferi-stri\">Woman at War<\/a>, du chef op\u00e9rateur belge\u00a0<strong>Beno\u00eet Debie<\/strong>\u00a0et du journaliste programmateur<strong>\u00a0Huh Moon yung<\/strong>, D\u00e9l\u00e9gu\u00e9 g\u00e9n\u00e9ral du festival de Busan en Cor\u00e9e du sud.<\/p>\n<p dir=\"ltr\">La Semaine de la Critique se tiendra \u00e0 Cannes du\u00a0<strong>18 au 26 mai 2022.<\/strong><\/p>\n<p dir=\"ltr\">\u00a0<\/p>\n<p><img decoding=\"async\" alt=\"Jury la semaine de la critique 2022\" height=\"700\" src=\"https:\/\/www.webdo.tn\/wp-content\/uploads\/2022\/04\/La-semaine-de-la-Critique-MembresJury_2022.png\" width=\"700\"><br \/>\nLes membres du Jury de la Semaine de la Critique 2022<\/p>\n<p><strong>Ne\u00efla Driss<\/strong><\/p>\n<p><em>Lire sur le m\u00eame sujet:<\/em><\/p>\n<ul>\n<li><em><a href=\"https:\/\/www.webdo.tn\/2022\/04\/06\/elvis-de-baz-luhrmann-en-avant-premiere-au-75e-festival-de-cannes\/\">\u00ab Elvis \u00bb de Baz Luhrmann en avant-premi\u00e8re au 75e Festival de Cannes\u00a0<\/a><\/em><\/li>\n<li><em><a href=\"https:\/\/www.webdo.tn\/2022\/04\/14\/cannes-2022-une-premiere-partie-de-la-selection-officielle-annoncee\/\" rel=\"bookmark\" title=\"Cannes 2022 \u2013 Une premi\u00e8re partie de la s\u00e9lection officielle annonc\u00e9e.\">Cannes 2022 \u2013 Une premi\u00e8re partie de la s\u00e9lection officielle annonc\u00e9e.<\/a>\u00a0<\/em><\/li>\n<\/ul>\n<p dir=\"ltr\"><strong>\u00a0<\/strong><\/p>\n<\/div>\n<\/div><\/div>\n<div class=\"coprs\" style=\"text-align: center\"><\/div><\/div>\n","protected":false},"excerpt":{"rendered":"<p>Cannes 2022 : Kaouther Ben Hania, Pr\u00e9sidente du Jury de la semaine de la Critique<\/p>\n","protected":false},"author":3164,"featured_media":255334,"comment_status":"open","ping_status":"closed","sticky":false,"template":"","format":"standard","meta":{"footnotes":""},"categories":[2594],"tags":[3460,9071,2627,6882],"class_list":["post-200006","post","type-post","status-publish","format-standard","has-post-thumbnail","hentry","category-culture","tag-cannes","tag-cannes-2022","tag-festival-de-cannes","tag-kaouther-ben-hania"],"yoast_head":"<!-- This site is optimized with the Yoast SEO Premium plugin v27.5 (Yoast SEO v27.5) - https:\/\/yoast.com\/product\/yoast-seo-premium-wordpress\/ -->\n<title>Cannes 2022 : Kaouther Ben Hania, Pr\u00e9sidente du Jury de la semaine de la Critique<\/title>\n<meta name=\"description\" content=\"Cannes 2022 : Kaouther Ben Hania, Pr\u00e9sidente du Jury de la semaine de la Critique\" \/>\n<link rel=\"canonical\" href=\"https:\/\/www.webdo.tn\/fr\/actualite\/culture\/cannes-2022-kaouther-ben-hania-presidente-du-jury-de-la-semaine-de-la-critique\/200006\/\" \/>\n<meta property=\"og:locale\" content=\"fr_FR\" \/>\n<meta property=\"og:type\" content=\"article\" \/>\n<meta property=\"og:title\" content=\"Cannes 2022 : Kaouther Ben Hania, Pr\u00e9sidente du Jury de la semaine de la Critique\" \/>\n<meta property=\"og:description\" content=\"Cannes 2022 : Kaouther Ben Hania, Pr\u00e9sidente du Jury de la semaine de la Critique\" \/>\n<meta property=\"og:url\" content=\"https:\/\/www.webdo.tn\/fr\/actualite\/culture\/cannes-2022-kaouther-ben-hania-presidente-du-jury-de-la-semaine-de-la-critique\/200006\/\" \/>\n<meta property=\"og:site_name\" content=\"webdo\" \/>\n<meta property=\"article:publisher\" content=\"https:\/\/www.facebook.com\/webdotn\" \/>\n<meta property=\"article:author\" content=\"https:\/\/www.facebook.com\/massir.destiniii\/\" \/>\n<meta property=\"article:published_time\" content=\"2022-04-18T12:29:00+00:00\" \/>\n<meta property=\"article:modified_time\" content=\"2025-05-14T11:10:48+00:00\" \/>\n<meta property=\"og:image\" content=\"https:\/\/www.webdo.tn\/fr\/wp-content\/uploads\/2022\/04\/Jury-Kaouther-Ben-Hania.jpg\" \/>\n\t<meta property=\"og:image:width\" content=\"774\" \/>\n\t<meta property=\"og:image:height\" content=\"652\" \/>\n\t<meta property=\"og:image:type\" content=\"image\/jpeg\" \/>\n<meta name=\"author\" content=\"Ne\u00efla DRISS\" \/>\n<meta name=\"twitter:card\" content=\"summary_large_image\" \/>\n<meta name=\"twitter:creator\" content=\"@https:\/\/x.com\/MassirDestin\" \/>\n<meta name=\"twitter:site\" content=\"@webdo_tn\" \/>\n<meta name=\"twitter:label1\" content=\"\u00c9crit par\" \/>\n\t<meta name=\"twitter:data1\" content=\"Ne\u00efla DRISS\" \/>\n\t<meta name=\"twitter:label2\" content=\"Dur\u00e9e de lecture estim\u00e9e\" \/>\n\t<meta name=\"twitter:data2\" content=\"2 minutes\" \/>\n<script type=\"application\/ld+json\" class=\"yoast-schema-graph\">{\"@context\":\"https:\\\/\\\/schema.org\",\"@graph\":[{\"@type\":\"NewsArticle\",\"@id\":\"https:\\\/\\\/www.webdo.tn\\\/fr\\\/actualite\\\/culture\\\/cannes-2022-kaouther-ben-hania-presidente-du-jury-de-la-semaine-de-la-critique\\\/200006\\\/#article\",\"isPartOf\":{\"@id\":\"https:\\\/\\\/www.webdo.tn\\\/fr\\\/actualite\\\/culture\\\/cannes-2022-kaouther-ben-hania-presidente-du-jury-de-la-semaine-de-la-critique\\\/200006\\\/\"},\"author\":{\"name\":\"Ne\u00efla DRISS\",\"@id\":\"https:\\\/\\\/www.webdo.tn\\\/fr\\\/#\\\/schema\\\/person\\\/60d5ba619ed3f58783b0dc82b7dada80\"},\"headline\":\"Cannes 2022 : Kaouther Ben Hania, Pr\u00e9sidente du Jury de la semaine de la Critique\",\"datePublished\":\"2022-04-18T12:29:00+00:00\",\"dateModified\":\"2025-05-14T11:10:48+00:00\",\"mainEntityOfPage\":{\"@id\":\"https:\\\/\\\/www.webdo.tn\\\/fr\\\/actualite\\\/culture\\\/cannes-2022-kaouther-ben-hania-presidente-du-jury-de-la-semaine-de-la-critique\\\/200006\\\/\"},\"wordCount\":439,\"commentCount\":0,\"publisher\":{\"@id\":\"https:\\\/\\\/www.webdo.tn\\\/fr\\\/#organization\"},\"image\":{\"@id\":\"https:\\\/\\\/www.webdo.tn\\\/fr\\\/actualite\\\/culture\\\/cannes-2022-kaouther-ben-hania-presidente-du-jury-de-la-semaine-de-la-critique\\\/200006\\\/#primaryimage\"},\"thumbnailUrl\":\"https:\\\/\\\/www.webdo.tn\\\/fr\\\/wp-content\\\/uploads\\\/2022\\\/04\\\/Jury-Kaouther-Ben-Hania.jpg\",\"keywords\":[\"cannes\",\"Cannes 2022\",\"Festival de Cannes\",\"Kaouther Ben Hania\"],\"articleSection\":[\"Culture\"],\"inLanguage\":\"fr-FR\"},{\"@type\":\"WebPage\",\"@id\":\"https:\\\/\\\/www.webdo.tn\\\/fr\\\/actualite\\\/culture\\\/cannes-2022-kaouther-ben-hania-presidente-du-jury-de-la-semaine-de-la-critique\\\/200006\\\/\",\"url\":\"https:\\\/\\\/www.webdo.tn\\\/fr\\\/actualite\\\/culture\\\/cannes-2022-kaouther-ben-hania-presidente-du-jury-de-la-semaine-de-la-critique\\\/200006\\\/\",\"name\":\"Cannes 2022 : Kaouther Ben Hania, Pr\u00e9sidente du Jury de la semaine de la Critique\",\"isPartOf\":{\"@id\":\"https:\\\/\\\/www.webdo.tn\\\/fr\\\/#website\"},\"primaryImageOfPage\":{\"@id\":\"https:\\\/\\\/www.webdo.tn\\\/fr\\\/actualite\\\/culture\\\/cannes-2022-kaouther-ben-hania-presidente-du-jury-de-la-semaine-de-la-critique\\\/200006\\\/#primaryimage\"},\"image\":{\"@id\":\"https:\\\/\\\/www.webdo.tn\\\/fr\\\/actualite\\\/culture\\\/cannes-2022-kaouther-ben-hania-presidente-du-jury-de-la-semaine-de-la-critique\\\/200006\\\/#primaryimage\"},\"thumbnailUrl\":\"https:\\\/\\\/www.webdo.tn\\\/fr\\\/wp-content\\\/uploads\\\/2022\\\/04\\\/Jury-Kaouther-Ben-Hania.jpg\",\"datePublished\":\"2022-04-18T12:29:00+00:00\",\"dateModified\":\"2025-05-14T11:10:48+00:00\",\"description\":\"Cannes 2022 : Kaouther Ben Hania, Pr\u00e9sidente du Jury de la semaine de la Critique\",\"breadcrumb\":{\"@id\":\"https:\\\/\\\/www.webdo.tn\\\/fr\\\/actualite\\\/culture\\\/cannes-2022-kaouther-ben-hania-presidente-du-jury-de-la-semaine-de-la-critique\\\/200006\\\/#breadcrumb\"},\"inLanguage\":\"fr-FR\",\"potentialAction\":[{\"@type\":\"ReadAction\",\"target\":[\"https:\\\/\\\/www.webdo.tn\\\/fr\\\/actualite\\\/culture\\\/cannes-2022-kaouther-ben-hania-presidente-du-jury-de-la-semaine-de-la-critique\\\/200006\\\/\"]}]},{\"@type\":\"ImageObject\",\"inLanguage\":\"fr-FR\",\"@id\":\"https:\\\/\\\/www.webdo.tn\\\/fr\\\/actualite\\\/culture\\\/cannes-2022-kaouther-ben-hania-presidente-du-jury-de-la-semaine-de-la-critique\\\/200006\\\/#primaryimage\",\"url\":\"https:\\\/\\\/www.webdo.tn\\\/fr\\\/wp-content\\\/uploads\\\/2022\\\/04\\\/Jury-Kaouther-Ben-Hania.jpg\",\"contentUrl\":\"https:\\\/\\\/www.webdo.tn\\\/fr\\\/wp-content\\\/uploads\\\/2022\\\/04\\\/Jury-Kaouther-Ben-Hania.jpg\",\"width\":774,\"height\":652,\"caption\":\"Cannes 2022 : Kaouther Ben Hania, Pr\u00e9sidente du Jury de la semaine de la Critique\"},{\"@type\":\"BreadcrumbList\",\"@id\":\"https:\\\/\\\/www.webdo.tn\\\/fr\\\/actualite\\\/culture\\\/cannes-2022-kaouther-ben-hania-presidente-du-jury-de-la-semaine-de-la-critique\\\/200006\\\/#breadcrumb\",\"itemListElement\":[{\"@type\":\"ListItem\",\"position\":1,\"name\":\"Accueil\",\"item\":\"https:\\\/\\\/www.webdo.tn\\\/fr\\\/\"},{\"@type\":\"ListItem\",\"position\":2,\"name\":\"Cannes 2022 : Kaouther Ben Hania, Pr\u00e9sidente du Jury de la semaine de la Critique\"}]},{\"@type\":\"WebSite\",\"@id\":\"https:\\\/\\\/www.webdo.tn\\\/fr\\\/#website\",\"url\":\"https:\\\/\\\/www.webdo.tn\\\/fr\\\/\",\"name\":\"webdo\",\"description\":\"Tunisie - News en Tunisie et \u00e0 l&#039;international sur Webdo.tn\",\"publisher\":{\"@id\":\"https:\\\/\\\/www.webdo.tn\\\/fr\\\/#organization\"},\"potentialAction\":[{\"@type\":\"SearchAction\",\"target\":{\"@type\":\"EntryPoint\",\"urlTemplate\":\"https:\\\/\\\/www.webdo.tn\\\/fr\\\/?s={search_term_string}\"},\"query-input\":{\"@type\":\"PropertyValueSpecification\",\"valueRequired\":true,\"valueName\":\"search_term_string\"}}],\"inLanguage\":\"fr-FR\"},{\"@type\":\"Organization\",\"@id\":\"https:\\\/\\\/www.webdo.tn\\\/fr\\\/#organization\",\"name\":\"Webdo\",\"alternateName\":\"Webdo.tn\",\"url\":\"https:\\\/\\\/www.webdo.tn\\\/fr\\\/\",\"logo\":{\"@type\":\"ImageObject\",\"inLanguage\":\"fr-FR\",\"@id\":\"https:\\\/\\\/www.webdo.tn\\\/fr\\\/#\\\/schema\\\/logo\\\/image\\\/\",\"url\":\"https:\\\/\\\/www.webdo.tn\\\/fr\\\/wp-content\\\/uploads\\\/2025\\\/06\\\/Webdo-Tunisie_168377.jpg\",\"contentUrl\":\"https:\\\/\\\/www.webdo.tn\\\/fr\\\/wp-content\\\/uploads\\\/2025\\\/06\\\/Webdo-Tunisie_168377.jpg\",\"width\":301,\"height\":301,\"caption\":\"Webdo\"},\"image\":{\"@id\":\"https:\\\/\\\/www.webdo.tn\\\/fr\\\/#\\\/schema\\\/logo\\\/image\\\/\"},\"sameAs\":[\"https:\\\/\\\/www.facebook.com\\\/webdotn\",\"https:\\\/\\\/x.com\\\/webdo_tn\"],\"description\":\"Webdo est un m\u00e9dia num\u00e9rique tunisien fond\u00e9 en 2010, sp\u00e9cialis\u00e9 dans l\u2019actualit\u00e9 nationale et internationale, l\u2019\u00e9conomie, la soci\u00e9t\u00e9 et les analyses politiques. Le site s\u2019adresse \u00e0 un large public francophone et couvre l\u2019information tunisienne en temps r\u00e9el.\",\"email\":\"redac@webdo.tn\",\"legalName\":\"YNJ SARL\",\"foundingDate\":\"2010-09-06\",\"numberOfEmployees\":{\"@type\":\"QuantitativeValue\",\"minValue\":\"11\",\"maxValue\":\"50\"}},{\"@type\":\"Person\",\"@id\":\"https:\\\/\\\/www.webdo.tn\\\/fr\\\/#\\\/schema\\\/person\\\/60d5ba619ed3f58783b0dc82b7dada80\",\"name\":\"Ne\u00efla DRISS\",\"image\":{\"@type\":\"ImageObject\",\"inLanguage\":\"fr-FR\",\"@id\":\"https:\\\/\\\/www.webdo.tn\\\/fr\\\/wp-content\\\/uploads\\\/2026\\\/04\\\/neila-driss_avatar-96x96.jpg\",\"url\":\"https:\\\/\\\/www.webdo.tn\\\/fr\\\/wp-content\\\/uploads\\\/2026\\\/04\\\/neila-driss_avatar-96x96.jpg\",\"contentUrl\":\"https:\\\/\\\/www.webdo.tn\\\/fr\\\/wp-content\\\/uploads\\\/2026\\\/04\\\/neila-driss_avatar-96x96.jpg\",\"caption\":\"Ne\u00efla DRISS\"},\"description\":\"Ne\u00efla Driss est juriste, journaliste culturelle et critique de cin\u00e9ma tunisienne. Titulaire d\u2019un DEA en droit priv\u00e9 de l\u2019Universit\u00e9 Paris II et d\u2019un DESS de l\u2019IHEC Carthage, elle d\u00e9bute sa carri\u00e8re comme juriste sp\u00e9cialis\u00e9e en gestion de patrimoine immobilier. Elle s\u2019oriente ensuite vers l\u2019\u00e9criture en ligne, o\u00f9 elle se distingue d\u00e8s 2006 aux Tunisia Blog Awards, avant de se consacrer au journalisme culturel, avec une sp\u00e9cialisation dans la critique cin\u00e9matographique. Elle couvre r\u00e9guli\u00e8rement les grands festivals internationaux, notamment le Festival de Cannes, les Journ\u00e9es Cin\u00e9matographiques de Carthage et le Festival du film du Caire. Membre de l\u2019ATPCC et de la FIPRESCI, elle participe \u00e0 des jurys et initiatives internationales de critique. Depuis 2024, elle est \u00e9lectrice internationale aux Golden Globes. Facebook : https:\\\/\\\/www.facebook.com\\\/massir.destiniii\\\/ X : https:\\\/\\\/x.com\\\/MassirDestin\",\"sameAs\":[\"https:\\\/\\\/www.facebook.com\\\/massir.destiniii\\\/\",\"https:\\\/\\\/www.instagram.com\\\/neila.driss\\\/?hl=fr\",\"https:\\\/\\\/www.linkedin.com\\\/in\\\/neila-driss-22606a80\\\/\",\"https:\\\/\\\/x.com\\\/https:\\\/\\\/x.com\\\/MassirDestin\"],\"knowsAbout\":[\"Cin\u00e9ma international\",\"critique cin\u00e9matographique\",\"festivals de cin\u00e9ma\",\"journalisme culturel\"],\"knowsLanguage\":[\"Fran\u00e7ais\",\"Arabe\",\"Anglais\"],\"jobTitle\":\"Journaliste culturelle et critique de cin\u00e9ma\",\"worksFor\":\"Webdo\",\"url\":\"https:\\\/\\\/www.webdo.tn\\\/fr\\\/actualite\\\/author\\\/neila-driss\\\/\"}]}<\/script>\n<!-- \/ Yoast SEO Premium plugin. -->","yoast_head_json":{"title":"Cannes 2022 : Kaouther Ben Hania, Pr\u00e9sidente du Jury de la semaine de la Critique","description":"Cannes 2022 : Kaouther Ben Hania, Pr\u00e9sidente du Jury de la semaine de la Critique","canonical":"https:\/\/www.webdo.tn\/fr\/actualite\/culture\/cannes-2022-kaouther-ben-hania-presidente-du-jury-de-la-semaine-de-la-critique\/200006\/","og_locale":"fr_FR","og_type":"article","og_title":"Cannes 2022 : Kaouther Ben Hania, Pr\u00e9sidente du Jury de la semaine de la Critique","og_description":"Cannes 2022 : Kaouther Ben Hania, Pr\u00e9sidente du Jury de la semaine de la Critique","og_url":"https:\/\/www.webdo.tn\/fr\/actualite\/culture\/cannes-2022-kaouther-ben-hania-presidente-du-jury-de-la-semaine-de-la-critique\/200006\/","og_site_name":"webdo","article_publisher":"https:\/\/www.facebook.com\/webdotn","article_author":"https:\/\/www.facebook.com\/massir.destiniii\/","article_published_time":"2022-04-18T12:29:00+00:00","article_modified_time":"2025-05-14T11:10:48+00:00","og_image":[{"width":774,"height":652,"url":"https:\/\/www.webdo.tn\/fr\/wp-content\/uploads\/2022\/04\/Jury-Kaouther-Ben-Hania.jpg","type":"image\/jpeg"}],"author":"Ne\u00efla DRISS","twitter_card":"summary_large_image","twitter_creator":"@https:\/\/x.com\/MassirDestin","twitter_site":"@webdo_tn","twitter_misc":{"\u00c9crit par":"Ne\u00efla DRISS","Dur\u00e9e de lecture estim\u00e9e":"2 minutes"},"schema":{"@context":"https:\/\/schema.org","@graph":[{"@type":"NewsArticle","@id":"https:\/\/www.webdo.tn\/fr\/actualite\/culture\/cannes-2022-kaouther-ben-hania-presidente-du-jury-de-la-semaine-de-la-critique\/200006\/#article","isPartOf":{"@id":"https:\/\/www.webdo.tn\/fr\/actualite\/culture\/cannes-2022-kaouther-ben-hania-presidente-du-jury-de-la-semaine-de-la-critique\/200006\/"},"author":{"name":"Ne\u00efla DRISS","@id":"https:\/\/www.webdo.tn\/fr\/#\/schema\/person\/60d5ba619ed3f58783b0dc82b7dada80"},"headline":"Cannes 2022 : Kaouther Ben Hania, Pr\u00e9sidente du Jury de la semaine de la Critique","datePublished":"2022-04-18T12:29:00+00:00","dateModified":"2025-05-14T11:10:48+00:00","mainEntityOfPage":{"@id":"https:\/\/www.webdo.tn\/fr\/actualite\/culture\/cannes-2022-kaouther-ben-hania-presidente-du-jury-de-la-semaine-de-la-critique\/200006\/"},"wordCount":439,"commentCount":0,"publisher":{"@id":"https:\/\/www.webdo.tn\/fr\/#organization"},"image":{"@id":"https:\/\/www.webdo.tn\/fr\/actualite\/culture\/cannes-2022-kaouther-ben-hania-presidente-du-jury-de-la-semaine-de-la-critique\/200006\/#primaryimage"},"thumbnailUrl":"https:\/\/www.webdo.tn\/fr\/wp-content\/uploads\/2022\/04\/Jury-Kaouther-Ben-Hania.jpg","keywords":["cannes","Cannes 2022","Festival de Cannes","Kaouther Ben Hania"],"articleSection":["Culture"],"inLanguage":"fr-FR"},{"@type":"WebPage","@id":"https:\/\/www.webdo.tn\/fr\/actualite\/culture\/cannes-2022-kaouther-ben-hania-presidente-du-jury-de-la-semaine-de-la-critique\/200006\/","url":"https:\/\/www.webdo.tn\/fr\/actualite\/culture\/cannes-2022-kaouther-ben-hania-presidente-du-jury-de-la-semaine-de-la-critique\/200006\/","name":"Cannes 2022 : Kaouther Ben Hania, Pr\u00e9sidente du Jury de la semaine de la Critique","isPartOf":{"@id":"https:\/\/www.webdo.tn\/fr\/#website"},"primaryImageOfPage":{"@id":"https:\/\/www.webdo.tn\/fr\/actualite\/culture\/cannes-2022-kaouther-ben-hania-presidente-du-jury-de-la-semaine-de-la-critique\/200006\/#primaryimage"},"image":{"@id":"https:\/\/www.webdo.tn\/fr\/actualite\/culture\/cannes-2022-kaouther-ben-hania-presidente-du-jury-de-la-semaine-de-la-critique\/200006\/#primaryimage"},"thumbnailUrl":"https:\/\/www.webdo.tn\/fr\/wp-content\/uploads\/2022\/04\/Jury-Kaouther-Ben-Hania.jpg","datePublished":"2022-04-18T12:29:00+00:00","dateModified":"2025-05-14T11:10:48+00:00","description":"Cannes 2022 : Kaouther Ben Hania, Pr\u00e9sidente du Jury de la semaine de la Critique","breadcrumb":{"@id":"https:\/\/www.webdo.tn\/fr\/actualite\/culture\/cannes-2022-kaouther-ben-hania-presidente-du-jury-de-la-semaine-de-la-critique\/200006\/#breadcrumb"},"inLanguage":"fr-FR","potentialAction":[{"@type":"ReadAction","target":["https:\/\/www.webdo.tn\/fr\/actualite\/culture\/cannes-2022-kaouther-ben-hania-presidente-du-jury-de-la-semaine-de-la-critique\/200006\/"]}]},{"@type":"ImageObject","inLanguage":"fr-FR","@id":"https:\/\/www.webdo.tn\/fr\/actualite\/culture\/cannes-2022-kaouther-ben-hania-presidente-du-jury-de-la-semaine-de-la-critique\/200006\/#primaryimage","url":"https:\/\/www.webdo.tn\/fr\/wp-content\/uploads\/2022\/04\/Jury-Kaouther-Ben-Hania.jpg","contentUrl":"https:\/\/www.webdo.tn\/fr\/wp-content\/uploads\/2022\/04\/Jury-Kaouther-Ben-Hania.jpg","width":774,"height":652,"caption":"Cannes 2022 : Kaouther Ben Hania, Pr\u00e9sidente du Jury de la semaine de la Critique"},{"@type":"BreadcrumbList","@id":"https:\/\/www.webdo.tn\/fr\/actualite\/culture\/cannes-2022-kaouther-ben-hania-presidente-du-jury-de-la-semaine-de-la-critique\/200006\/#breadcrumb","itemListElement":[{"@type":"ListItem","position":1,"name":"Accueil","item":"https:\/\/www.webdo.tn\/fr\/"},{"@type":"ListItem","position":2,"name":"Cannes 2022 : Kaouther Ben Hania, Pr\u00e9sidente du Jury de la semaine de la Critique"}]},{"@type":"WebSite","@id":"https:\/\/www.webdo.tn\/fr\/#website","url":"https:\/\/www.webdo.tn\/fr\/","name":"webdo","description":"Tunisie - News en Tunisie et \u00e0 l&#039;international sur Webdo.tn","publisher":{"@id":"https:\/\/www.webdo.tn\/fr\/#organization"},"potentialAction":[{"@type":"SearchAction","target":{"@type":"EntryPoint","urlTemplate":"https:\/\/www.webdo.tn\/fr\/?s={search_term_string}"},"query-input":{"@type":"PropertyValueSpecification","valueRequired":true,"valueName":"search_term_string"}}],"inLanguage":"fr-FR"},{"@type":"Organization","@id":"https:\/\/www.webdo.tn\/fr\/#organization","name":"Webdo","alternateName":"Webdo.tn","url":"https:\/\/www.webdo.tn\/fr\/","logo":{"@type":"ImageObject","inLanguage":"fr-FR","@id":"https:\/\/www.webdo.tn\/fr\/#\/schema\/logo\/image\/","url":"https:\/\/www.webdo.tn\/fr\/wp-content\/uploads\/2025\/06\/Webdo-Tunisie_168377.jpg","contentUrl":"https:\/\/www.webdo.tn\/fr\/wp-content\/uploads\/2025\/06\/Webdo-Tunisie_168377.jpg","width":301,"height":301,"caption":"Webdo"},"image":{"@id":"https:\/\/www.webdo.tn\/fr\/#\/schema\/logo\/image\/"},"sameAs":["https:\/\/www.facebook.com\/webdotn","https:\/\/x.com\/webdo_tn"],"description":"Webdo est un m\u00e9dia num\u00e9rique tunisien fond\u00e9 en 2010, sp\u00e9cialis\u00e9 dans l\u2019actualit\u00e9 nationale et internationale, l\u2019\u00e9conomie, la soci\u00e9t\u00e9 et les analyses politiques. Le site s\u2019adresse \u00e0 un large public francophone et couvre l\u2019information tunisienne en temps r\u00e9el.","email":"redac@webdo.tn","legalName":"YNJ SARL","foundingDate":"2010-09-06","numberOfEmployees":{"@type":"QuantitativeValue","minValue":"11","maxValue":"50"}},{"@type":"Person","@id":"https:\/\/www.webdo.tn\/fr\/#\/schema\/person\/60d5ba619ed3f58783b0dc82b7dada80","name":"Ne\u00efla DRISS","image":{"@type":"ImageObject","inLanguage":"fr-FR","@id":"https:\/\/www.webdo.tn\/fr\/wp-content\/uploads\/2026\/04\/neila-driss_avatar-96x96.jpg","url":"https:\/\/www.webdo.tn\/fr\/wp-content\/uploads\/2026\/04\/neila-driss_avatar-96x96.jpg","contentUrl":"https:\/\/www.webdo.tn\/fr\/wp-content\/uploads\/2026\/04\/neila-driss_avatar-96x96.jpg","caption":"Ne\u00efla DRISS"},"description":"Ne\u00efla Driss est juriste, journaliste culturelle et critique de cin\u00e9ma tunisienne. Titulaire d\u2019un DEA en droit priv\u00e9 de l\u2019Universit\u00e9 Paris II et d\u2019un DESS de l\u2019IHEC Carthage, elle d\u00e9bute sa carri\u00e8re comme juriste sp\u00e9cialis\u00e9e en gestion de patrimoine immobilier. Elle s\u2019oriente ensuite vers l\u2019\u00e9criture en ligne, o\u00f9 elle se distingue d\u00e8s 2006 aux Tunisia Blog Awards, avant de se consacrer au journalisme culturel, avec une sp\u00e9cialisation dans la critique cin\u00e9matographique. Elle couvre r\u00e9guli\u00e8rement les grands festivals internationaux, notamment le Festival de Cannes, les Journ\u00e9es Cin\u00e9matographiques de Carthage et le Festival du film du Caire. Membre de l\u2019ATPCC et de la FIPRESCI, elle participe \u00e0 des jurys et initiatives internationales de critique. Depuis 2024, elle est \u00e9lectrice internationale aux Golden Globes. Facebook : https:\/\/www.facebook.com\/massir.destiniii\/ X : https:\/\/x.com\/MassirDestin","sameAs":["https:\/\/www.facebook.com\/massir.destiniii\/","https:\/\/www.instagram.com\/neila.driss\/?hl=fr","https:\/\/www.linkedin.com\/in\/neila-driss-22606a80\/","https:\/\/x.com\/https:\/\/x.com\/MassirDestin"],"knowsAbout":["Cin\u00e9ma international","critique cin\u00e9matographique","festivals de cin\u00e9ma","journalisme culturel"],"knowsLanguage":["Fran\u00e7ais","Arabe","Anglais"],"jobTitle":"Journaliste culturelle et critique de cin\u00e9ma","worksFor":"Webdo","url":"https:\/\/www.webdo.tn\/fr\/actualite\/author\/neila-driss\/"}]}},"_links":{"self":[{"href":"https:\/\/www.webdo.tn\/fr\/wp-json\/wp\/v2\/posts\/200006","targetHints":{"allow":["GET"]}}],"collection":[{"href":"https:\/\/www.webdo.tn\/fr\/wp-json\/wp\/v2\/posts"}],"about":[{"href":"https:\/\/www.webdo.tn\/fr\/wp-json\/wp\/v2\/types\/post"}],"author":[{"embeddable":true,"href":"https:\/\/www.webdo.tn\/fr\/wp-json\/wp\/v2\/users\/3164"}],"replies":[{"embeddable":true,"href":"https:\/\/www.webdo.tn\/fr\/wp-json\/wp\/v2\/comments?post=200006"}],"version-history":[{"count":0,"href":"https:\/\/www.webdo.tn\/fr\/wp-json\/wp\/v2\/posts\/200006\/revisions"}],"wp:featuredmedia":[{"embeddable":true,"href":"https:\/\/www.webdo.tn\/fr\/wp-json\/wp\/v2\/media\/255334"}],"wp:attachment":[{"href":"https:\/\/www.webdo.tn\/fr\/wp-json\/wp\/v2\/media?parent=200006"}],"wp:term":[{"taxonomy":"category","embeddable":true,"href":"https:\/\/www.webdo.tn\/fr\/wp-json\/wp\/v2\/categories?post=200006"},{"taxonomy":"post_tag","embeddable":true,"href":"https:\/\/www.webdo.tn\/fr\/wp-json\/wp\/v2\/tags?post=200006"}],"curies":[{"name":"wp","href":"https:\/\/api.w.org\/{rel}","templated":true}]}}