{"id":200004,"date":"2022-04-21T16:59:00","date_gmt":"2022-04-21T16:59:00","guid":{"rendered":"https:\/\/www.webdo.tn\/fr\/blog\/cannes-2022-deux-films-tunisiens-a-la-quinzaine-des-realisateurs\/200004\/"},"modified":"2025-05-17T20:48:32","modified_gmt":"2025-05-17T20:48:32","slug":"cannes-2022-deux-films-tunisiens-a-la-quinzaine-des-realisateurs","status":"publish","type":"post","link":"https:\/\/www.webdo.tn\/fr\/actualite\/culture\/cannes-2022-deux-films-tunisiens-a-la-quinzaine-des-realisateurs\/200004\/","title":{"rendered":"Cannes 2022 &#8211; Deux films tunisiens \u00e0 la Quinzaine des R\u00e9alisateurs."},"content":{"rendered":"<div class=\"single-body entry-content typography-copy\" itemprop=\"articleBody\">\n<p style=\"font-weight: bold; text-align: justify\">\n<div class=\"coprs\" style=\"text-align: center\"><\/div>\n<div class=\"coprs\" style=\"text-align: justify\">\n<p>\u00a0<\/p>\n<p>Une partie de la s\u00e9lection officielle de la 54\u00e8me \u00e9dition de la Quinzaine des R\u00e9alisateurs, section parall\u00e8le du Festival de Cannes, dont la 75\u00e8me \u00e9dition se tiendra du 17 au 28 mai 2022, a \u00e9t\u00e9 d\u00e9voil\u00e9e, ce mardi, au cours d&rsquo;une conf\u00e9rence de presse diffus\u00e9e sur internet.<\/p>\n<p>\u00ab <em>La Quinzaine d\u00e9montre sa volont\u00e9 de mettre en avant la rel\u00e8ve du cin\u00e9ma international puisque dix-huit cin\u00e9astes sur les vingt-quatre s\u00e9lectionn\u00e9s signent leur premier long m\u00e9trage. La s\u00e9lection s&rsquo;av\u00e8re quasiment paritaire puisque l&rsquo;on compte onze r\u00e9alisatrices<\/em> \u00bb, lit-on sur le site de la Quinzaine.<\/p>\n<p>Deux films tunisiens, deux premiers longs m\u00e9trages de fictions, <em>Under the fig trees\/Sous les Figues<\/em>, d&rsquo;Erige Sehiri et <em>Ashkal<\/em>, de Youssef Chebbi, ont fait partie de cette s\u00e9lection.<\/p>\n<p><img decoding=\"async\" alt=\"Quinzaine des r\u00e9alisateurs 2022 Under the fig trees\" height=\"599\" src=\"https:\/\/www.webdo.tn\/wp-content\/uploads\/2022\/04\/Under-The-fig-trees-1024x1024.jpg\" width=\"599\"><\/p>\n<p><strong><em>UNDER THE FIG TREES\/Sous les figues<\/em><\/strong> r\u00e9alis\u00e9 par ERIGE SEHIRI, avec dans les principaux r\u00f4les Fide Fdhili, Feten Fdhili, Ameni Fdhili, Samar Sifi, Leila Ouhebi, Hneya Ben Elhedi Sbahi, Gaith Mendassi, Abdelhak Mrabti, Fedi Ben Achour et Firas Amri.<\/p>\n<p><u>SYNOPSIS <\/u>Melek et ses amies travaillent dans les vergers durant l\u2019\u00e9t\u00e9 pour payer leurs \u00e9tudes, pr\u00e9parer leur mariage ou aider leurs familles. Entre les figuiers, sous le regard des ouvri\u00e8res plus \u00e2g\u00e9es, et des jeunes hommes, elles d\u00e9veloppent de nouveaux sentiments, flirtent, essaient de se comprendre, se d\u00e9voilent et se projettent, au seuil d\u2019une vie d\u2019adulte qui leur restera interdite.<\/p>\n<p>Le comit\u00e9 de s\u00e9lection a ainsi pr\u00e9sent\u00e9 le film : \u00ab <em>comme son titre l\u2019indique, le premier long m\u00e9trage d\u2019Erige Sehiri se d\u00e9roule dans un champ de figuiers un apr\u00e8s-midi de r\u00e9coltes d\u00e9voilant les paroles lib\u00e9r\u00e9es et non conventionnelles d\u2019une Tunisie rurale en pleine \u00e9volution. Un film autant port\u00e9 par la rigueur de son dispositif que par la force et la gr\u00e2ce de ses interpr\u00e8tes<\/em> \u00bb.<\/p>\n<p>Erige Sehiri est une r\u00e9alisatrice tunisienne. En 2012, elle a r\u00e9alis\u00e9 un court documentaire <em>Facebook de mon p\u00e8re<\/em>, \u00e0 travers lequel elle essaye d\u2019aller \u00e0 la rencontre de son p\u00e8re, dont l\u2019addiction \u00e0 Facebook apr\u00e8s la r\u00e9volution de 2011 l\u2019a \u00e9loign\u00e9 de tous, y compris de sa famille. En 2018, elle r\u00e9alise deux courts m\u00e9trages documentaires <em>La d\u00e9chirure<\/em> sur les Libyens install\u00e9s en Tunisie depuis 2011 et <em>Etudiants<\/em> sur le quotidien des \u00e9tudiants subsahariens install\u00e9s et Tunisie. <em>La Voie Normale<\/em> (2018), son premier long m\u00e9trage documentaire, a pour th\u00e8me les cheminots tunisiens, refl\u00e9tant leur lutte quotidienne contre les d\u00e9faillances des chemins de fer nationaux. Erige Sehiri est \u00e9galement productrice et g\u00e9rante de la soci\u00e9t\u00e9 de production Henia, o\u00f9 elle d\u00e9veloppe des films d&rsquo;auteurs comme le film <em>Les Disqualifi\u00e9s<\/em> (2020) de Hamza Ouni.<\/p>\n<p><img decoding=\"async\" alt=\"quinzaine des r\u00e9alisateurs 2022 Ashkal\" height=\"526\" src=\"https:\/\/www.webdo.tn\/wp-content\/uploads\/2022\/04\/Ashkal-Quinzaine.jpg\" width=\"526\"><\/p>\n<p><strong><em>ASHKAL<\/em><\/strong> de YOUSSEF CHEBBI, avec dans les principaux r\u00f4les Fatma Oussaifi, Mohamed Houcine Grayaa, Hichem Riahi, Nabil Trabelsi, Bahri Rahali et Rami Harrabi.<\/p>\n<p><u>Synopsis <\/u>Tunisie, dans les jardins de Carthage, un quartier nouveau cr\u00e9e par l\u2019ancien r\u00e9gime mais dont la construction a \u00e9t\u00e9 brutalement stopp\u00e9e au d\u00e9but de la r\u00e9volution, le corps d\u2019un gardien est retrouv\u00e9 calcin\u00e9 au milieu d\u2019un chantier. Batal, un flic d\u2019une cinquantaine d\u2019ann\u00e9es est charg\u00e9 de l\u2019enqu\u00eate, il est assist\u00e9 par sa jeune ni\u00e8ce, Fatma, une femme de trente ans. Alors que les chantiers reprennent peu \u00e0 peu, les enqu\u00eateurs commencent par interroger les ouvriers des chantiers voisins mais sont loin d&rsquo;imaginer ce qui les attend r\u00e9ellement dans cette affaire&#8230;<\/p>\n<p>Le film a \u00e9t\u00e9 ainsi pr\u00e9sent\u00e9 par le comit\u00e9 de s\u00e9lection : \u00ab <em>Un premier long m\u00e9trage fascinant, tant par sa mise en sc\u00e8ne plastique que par ses \u00e9vocations religieuses et politiques, le r\u00e9alisateur situe ce polar m\u00e9taphysique dans le tumulte et le d\u00e9clin de la Tunisie post r\u00e9volutionnaire. D\u2019une grande puissance esth\u00e9tique, le film r\u00e9v\u00e8le par ailleurs une grande actrice en devenir<\/em>. \u00bb<\/p>\n<p>Youssef Chebbi est n\u00e9 en Tunisie en 1984. Apr\u00e8s avoir fait des \u00e9tudes d&rsquo;arts, il a r\u00e9alis\u00e9 deux courts m\u00e9trages,\u00a0<em>Vers le Nord<\/em>\u00a0et\u00a0<em>Les Profondeurs<\/em>,\u00a0qui ont \u00e9t\u00e9 s\u00e9lectionn\u00e9s dans diff\u00e9rents festivals internationaux. En 2012, il a cor\u00e9alis\u00e9\u00a0<em>Babylon,<\/em> long m\u00e9trage documentaire qui raconte la vie et la mort d\u2019un camp de r\u00e9fugi\u00e9s \u00e0 la fronti\u00e8re tuniso-libyenne.\u00a0<em>Ashkal<\/em> est son premier long m\u00e9trage de fiction.<\/p>\n<p>Le film sera distribu\u00e9 en Tunisie par HAKKA Distribution.<\/p>\n<p>De 1977 \u00e0 2019, le cin\u00e9ma tunisien a \u00e9t\u00e9, plusieurs fois, pr\u00e9sent dans la cat\u00e9gorie des longs-m\u00e9trages de la Quinzaine des r\u00e9alisateurs: <em>Soleil des Hy\u00e8nes<\/em> de Ridha Behi, <em>Aziza<\/em> de Abdellatif Ben Ammar, <em>Les Anges<\/em> de Ridha El Behi, <em>Halfaouine<\/em> de F\u00e9rid Boughedir, <em>Poussi\u00e8re de Diamant<\/em> de Fadhel Jaibi et Mahmoud Ben Mahmoud, <em>Bezness<\/em> de Nouri Bouzid, <em>Fatma<\/em> de Khaled Ghorbal, <em>Mon fils<\/em> de Mohamed Ben Attia et <em>Tlamess<\/em> d&rsquo;Alaeddine Slim.<\/p>\n<p>Erige Sehiri est la deuxi\u00e8me cin\u00e9aste tunisienne \u00e0 rejoindre la s\u00e9lection de la Quinzaine des r\u00e9alisateurs, apr\u00e8s Moufida Tlatli en 1994 avec son film <em>Les silences du Palais<\/em>.<\/p>\n<p><strong>Ne\u00efla Driss<\/strong><\/p>\n<p><em>Lire sur le m\u00eame sujet:<\/em><\/p>\n<ul>\n<li><em><a href=\"https:\/\/www.webdo.tn\/2022\/04\/06\/elvis-de-baz-luhrmann-en-avant-premiere-au-75e-festival-de-cannes\/\">\u00ab Elvis \u00bb de Baz Luhrmann en avant-premi\u00e8re au 75e Festival de Cannes\u00a0<\/a><\/em><\/li>\n<li><em><a href=\"https:\/\/www.webdo.tn\/2022\/04\/14\/cannes-2022-une-premiere-partie-de-la-selection-officielle-annoncee\/\" rel=\"bookmark\" title=\"Cannes 2022 \u2013 Une premi\u00e8re partie de la s\u00e9lection officielle annonc\u00e9e.\">Cannes 2022 \u2013 Une premi\u00e8re partie de la s\u00e9lection officielle annonc\u00e9e.<\/a>\u00a0<\/em><\/li>\n<li><em><a href=\"https:\/\/www.webdo.tn\/2022\/04\/18\/cannes-2022-kaouther-ben-hania-presidente-du-jury-de-la-semaine-de-la-critique\/\">Cannes 2022 : Kaouther Ben Hania, Pr\u00e9sidente du Jury de la semaine de la Critique\u00a0<\/a>\u00a0 \u00a0\u00a0<\/em><\/li>\n<li><em><a href=\"https:\/\/www.webdo.tn\/2022\/04\/19\/cannes-2022-une-affiche-hommage-au-the-truman-show-de-peter-weir\/\">Cannes 2022 \u2013 Une affiche hommage au \u00ab\u00a0The Truman Show\u00a0\u00bb de Peter Weir\u00a0\u00a0<\/a><\/em><\/li>\n<\/ul><\/div>\n<div class=\"coprs\" style=\"text-align: center\"><\/div><\/div>\n","protected":false},"excerpt":{"rendered":"<p>Cannes 2022 &#8211; Deux films tunisiens \u00e0 la Quinzaine des R\u00e9alisateurs.<\/p>\n","protected":false},"author":3164,"featured_media":276168,"comment_status":"open","ping_status":"closed","sticky":false,"template":"","format":"standard","meta":{"footnotes":""},"categories":[2594],"tags":[9071,2626,2656,2628,2627,4408],"class_list":["post-200004","post","type-post","status-publish","format-standard","has-post-thumbnail","hentry","category-culture","tag-cannes-2022","tag-cinema","tag-cinema-tunisien","tag-festival","tag-festival-de-cannes","tag-film-tunisien"],"yoast_head":"<!-- This site is optimized with the Yoast SEO Premium plugin v27.5 (Yoast SEO v27.5) - https:\/\/yoast.com\/product\/yoast-seo-premium-wordpress\/ -->\n<title>Cannes 2022 - Deux films tunisiens \u00e0 la Quinzaine des R\u00e9alisateurs.<\/title>\n<meta name=\"description\" content=\"Cannes 2022 - Deux films tunisiens \u00e0 la Quinzaine des R\u00e9alisateurs.\" \/>\n<link rel=\"canonical\" href=\"https:\/\/www.webdo.tn\/fr\/actualite\/culture\/cannes-2022-deux-films-tunisiens-a-la-quinzaine-des-realisateurs\/200004\/\" \/>\n<meta property=\"og:locale\" content=\"fr_FR\" \/>\n<meta property=\"og:type\" content=\"article\" \/>\n<meta property=\"og:title\" content=\"Cannes 2022 - Deux films tunisiens \u00e0 la Quinzaine des R\u00e9alisateurs.\" \/>\n<meta property=\"og:description\" content=\"Cannes 2022 - Deux films tunisiens \u00e0 la Quinzaine des R\u00e9alisateurs.\" \/>\n<meta property=\"og:url\" content=\"https:\/\/www.webdo.tn\/fr\/actualite\/culture\/cannes-2022-deux-films-tunisiens-a-la-quinzaine-des-realisateurs\/200004\/\" \/>\n<meta property=\"og:site_name\" content=\"webdo\" \/>\n<meta property=\"article:publisher\" content=\"https:\/\/www.facebook.com\/webdotn\" \/>\n<meta property=\"article:author\" content=\"https:\/\/www.facebook.com\/massir.destiniii\/\" \/>\n<meta property=\"article:published_time\" content=\"2022-04-21T16:59:00+00:00\" \/>\n<meta property=\"article:modified_time\" content=\"2025-05-17T20:48:32+00:00\" \/>\n<meta property=\"og:image\" content=\"https:\/\/www.webdo.tn\/fr\/wp-content\/uploads\/2022\/04\/Films-tunisiens-Quinzaine-des-realisateurs-1024x381-1.jpg\" \/>\n\t<meta property=\"og:image:width\" content=\"1024\" \/>\n\t<meta property=\"og:image:height\" content=\"381\" \/>\n\t<meta property=\"og:image:type\" content=\"image\/jpeg\" \/>\n<meta name=\"author\" content=\"Ne\u00efla DRISS\" \/>\n<meta name=\"twitter:card\" content=\"summary_large_image\" \/>\n<meta name=\"twitter:creator\" content=\"@https:\/\/x.com\/MassirDestin\" \/>\n<meta name=\"twitter:site\" content=\"@webdo_tn\" \/>\n<meta name=\"twitter:label1\" content=\"\u00c9crit par\" \/>\n\t<meta name=\"twitter:data1\" content=\"Ne\u00efla DRISS\" \/>\n\t<meta name=\"twitter:label2\" content=\"Dur\u00e9e de lecture estim\u00e9e\" \/>\n\t<meta name=\"twitter:data2\" content=\"5 minutes\" \/>\n<script type=\"application\/ld+json\" class=\"yoast-schema-graph\">{\"@context\":\"https:\\\/\\\/schema.org\",\"@graph\":[{\"@type\":\"NewsArticle\",\"@id\":\"https:\\\/\\\/www.webdo.tn\\\/fr\\\/actualite\\\/culture\\\/cannes-2022-deux-films-tunisiens-a-la-quinzaine-des-realisateurs\\\/200004\\\/#article\",\"isPartOf\":{\"@id\":\"https:\\\/\\\/www.webdo.tn\\\/fr\\\/actualite\\\/culture\\\/cannes-2022-deux-films-tunisiens-a-la-quinzaine-des-realisateurs\\\/200004\\\/\"},\"author\":{\"name\":\"Ne\u00efla DRISS\",\"@id\":\"https:\\\/\\\/www.webdo.tn\\\/fr\\\/#\\\/schema\\\/person\\\/60d5ba619ed3f58783b0dc82b7dada80\"},\"headline\":\"Cannes 2022 &#8211; Deux films tunisiens \u00e0 la Quinzaine des R\u00e9alisateurs.\",\"datePublished\":\"2022-04-21T16:59:00+00:00\",\"dateModified\":\"2025-05-17T20:48:32+00:00\",\"mainEntityOfPage\":{\"@id\":\"https:\\\/\\\/www.webdo.tn\\\/fr\\\/actualite\\\/culture\\\/cannes-2022-deux-films-tunisiens-a-la-quinzaine-des-realisateurs\\\/200004\\\/\"},\"wordCount\":938,\"commentCount\":0,\"publisher\":{\"@id\":\"https:\\\/\\\/www.webdo.tn\\\/fr\\\/#organization\"},\"image\":{\"@id\":\"https:\\\/\\\/www.webdo.tn\\\/fr\\\/actualite\\\/culture\\\/cannes-2022-deux-films-tunisiens-a-la-quinzaine-des-realisateurs\\\/200004\\\/#primaryimage\"},\"thumbnailUrl\":\"https:\\\/\\\/www.webdo.tn\\\/fr\\\/wp-content\\\/uploads\\\/2022\\\/04\\\/Films-tunisiens-Quinzaine-des-realisateurs-1024x381-1.jpg\",\"keywords\":[\"Cannes 2022\",\"Cin\u00e9ma\",\"cin\u00e9ma tunisien\",\"Festival\",\"Festival de Cannes\",\"Film tunisien\"],\"articleSection\":[\"Culture\"],\"inLanguage\":\"fr-FR\"},{\"@type\":\"WebPage\",\"@id\":\"https:\\\/\\\/www.webdo.tn\\\/fr\\\/actualite\\\/culture\\\/cannes-2022-deux-films-tunisiens-a-la-quinzaine-des-realisateurs\\\/200004\\\/\",\"url\":\"https:\\\/\\\/www.webdo.tn\\\/fr\\\/actualite\\\/culture\\\/cannes-2022-deux-films-tunisiens-a-la-quinzaine-des-realisateurs\\\/200004\\\/\",\"name\":\"Cannes 2022 - Deux films tunisiens \u00e0 la Quinzaine des R\u00e9alisateurs.\",\"isPartOf\":{\"@id\":\"https:\\\/\\\/www.webdo.tn\\\/fr\\\/#website\"},\"primaryImageOfPage\":{\"@id\":\"https:\\\/\\\/www.webdo.tn\\\/fr\\\/actualite\\\/culture\\\/cannes-2022-deux-films-tunisiens-a-la-quinzaine-des-realisateurs\\\/200004\\\/#primaryimage\"},\"image\":{\"@id\":\"https:\\\/\\\/www.webdo.tn\\\/fr\\\/actualite\\\/culture\\\/cannes-2022-deux-films-tunisiens-a-la-quinzaine-des-realisateurs\\\/200004\\\/#primaryimage\"},\"thumbnailUrl\":\"https:\\\/\\\/www.webdo.tn\\\/fr\\\/wp-content\\\/uploads\\\/2022\\\/04\\\/Films-tunisiens-Quinzaine-des-realisateurs-1024x381-1.jpg\",\"datePublished\":\"2022-04-21T16:59:00+00:00\",\"dateModified\":\"2025-05-17T20:48:32+00:00\",\"description\":\"Cannes 2022 - Deux films tunisiens \u00e0 la Quinzaine des R\u00e9alisateurs.\",\"breadcrumb\":{\"@id\":\"https:\\\/\\\/www.webdo.tn\\\/fr\\\/actualite\\\/culture\\\/cannes-2022-deux-films-tunisiens-a-la-quinzaine-des-realisateurs\\\/200004\\\/#breadcrumb\"},\"inLanguage\":\"fr-FR\",\"potentialAction\":[{\"@type\":\"ReadAction\",\"target\":[\"https:\\\/\\\/www.webdo.tn\\\/fr\\\/actualite\\\/culture\\\/cannes-2022-deux-films-tunisiens-a-la-quinzaine-des-realisateurs\\\/200004\\\/\"]}]},{\"@type\":\"ImageObject\",\"inLanguage\":\"fr-FR\",\"@id\":\"https:\\\/\\\/www.webdo.tn\\\/fr\\\/actualite\\\/culture\\\/cannes-2022-deux-films-tunisiens-a-la-quinzaine-des-realisateurs\\\/200004\\\/#primaryimage\",\"url\":\"https:\\\/\\\/www.webdo.tn\\\/fr\\\/wp-content\\\/uploads\\\/2022\\\/04\\\/Films-tunisiens-Quinzaine-des-realisateurs-1024x381-1.jpg\",\"contentUrl\":\"https:\\\/\\\/www.webdo.tn\\\/fr\\\/wp-content\\\/uploads\\\/2022\\\/04\\\/Films-tunisiens-Quinzaine-des-realisateurs-1024x381-1.jpg\",\"width\":1024,\"height\":381,\"caption\":\"Cannes 2022 - Deux films tunisiens \u00e0 la Quinzaine des R\u00e9alisateurs.\"},{\"@type\":\"BreadcrumbList\",\"@id\":\"https:\\\/\\\/www.webdo.tn\\\/fr\\\/actualite\\\/culture\\\/cannes-2022-deux-films-tunisiens-a-la-quinzaine-des-realisateurs\\\/200004\\\/#breadcrumb\",\"itemListElement\":[{\"@type\":\"ListItem\",\"position\":1,\"name\":\"Accueil\",\"item\":\"https:\\\/\\\/www.webdo.tn\\\/fr\\\/\"},{\"@type\":\"ListItem\",\"position\":2,\"name\":\"Cannes 2022 &#8211; Deux films tunisiens \u00e0 la Quinzaine des R\u00e9alisateurs.\"}]},{\"@type\":\"WebSite\",\"@id\":\"https:\\\/\\\/www.webdo.tn\\\/fr\\\/#website\",\"url\":\"https:\\\/\\\/www.webdo.tn\\\/fr\\\/\",\"name\":\"webdo\",\"description\":\"Tunisie - News en Tunisie et \u00e0 l&#039;international sur Webdo.tn\",\"publisher\":{\"@id\":\"https:\\\/\\\/www.webdo.tn\\\/fr\\\/#organization\"},\"potentialAction\":[{\"@type\":\"SearchAction\",\"target\":{\"@type\":\"EntryPoint\",\"urlTemplate\":\"https:\\\/\\\/www.webdo.tn\\\/fr\\\/?s={search_term_string}\"},\"query-input\":{\"@type\":\"PropertyValueSpecification\",\"valueRequired\":true,\"valueName\":\"search_term_string\"}}],\"inLanguage\":\"fr-FR\"},{\"@type\":\"Organization\",\"@id\":\"https:\\\/\\\/www.webdo.tn\\\/fr\\\/#organization\",\"name\":\"Webdo\",\"alternateName\":\"Webdo.tn\",\"url\":\"https:\\\/\\\/www.webdo.tn\\\/fr\\\/\",\"logo\":{\"@type\":\"ImageObject\",\"inLanguage\":\"fr-FR\",\"@id\":\"https:\\\/\\\/www.webdo.tn\\\/fr\\\/#\\\/schema\\\/logo\\\/image\\\/\",\"url\":\"https:\\\/\\\/www.webdo.tn\\\/fr\\\/wp-content\\\/uploads\\\/2025\\\/06\\\/Webdo-Tunisie_168377.jpg\",\"contentUrl\":\"https:\\\/\\\/www.webdo.tn\\\/fr\\\/wp-content\\\/uploads\\\/2025\\\/06\\\/Webdo-Tunisie_168377.jpg\",\"width\":301,\"height\":301,\"caption\":\"Webdo\"},\"image\":{\"@id\":\"https:\\\/\\\/www.webdo.tn\\\/fr\\\/#\\\/schema\\\/logo\\\/image\\\/\"},\"sameAs\":[\"https:\\\/\\\/www.facebook.com\\\/webdotn\",\"https:\\\/\\\/x.com\\\/webdo_tn\"],\"description\":\"Webdo est un m\u00e9dia num\u00e9rique tunisien fond\u00e9 en 2010, sp\u00e9cialis\u00e9 dans l\u2019actualit\u00e9 nationale et internationale, l\u2019\u00e9conomie, la soci\u00e9t\u00e9 et les analyses politiques. Le site s\u2019adresse \u00e0 un large public francophone et couvre l\u2019information tunisienne en temps r\u00e9el.\",\"email\":\"redac@webdo.tn\",\"legalName\":\"YNJ SARL\",\"foundingDate\":\"2010-09-06\",\"numberOfEmployees\":{\"@type\":\"QuantitativeValue\",\"minValue\":\"11\",\"maxValue\":\"50\"}},{\"@type\":\"Person\",\"@id\":\"https:\\\/\\\/www.webdo.tn\\\/fr\\\/#\\\/schema\\\/person\\\/60d5ba619ed3f58783b0dc82b7dada80\",\"name\":\"Ne\u00efla DRISS\",\"image\":{\"@type\":\"ImageObject\",\"inLanguage\":\"fr-FR\",\"@id\":\"https:\\\/\\\/www.webdo.tn\\\/fr\\\/wp-content\\\/uploads\\\/2026\\\/04\\\/neila-driss_avatar-96x96.jpg\",\"url\":\"https:\\\/\\\/www.webdo.tn\\\/fr\\\/wp-content\\\/uploads\\\/2026\\\/04\\\/neila-driss_avatar-96x96.jpg\",\"contentUrl\":\"https:\\\/\\\/www.webdo.tn\\\/fr\\\/wp-content\\\/uploads\\\/2026\\\/04\\\/neila-driss_avatar-96x96.jpg\",\"caption\":\"Ne\u00efla DRISS\"},\"description\":\"Ne\u00efla Driss est juriste, journaliste culturelle et critique de cin\u00e9ma tunisienne. Titulaire d\u2019un DEA en droit priv\u00e9 de l\u2019Universit\u00e9 Paris II et d\u2019un DESS de l\u2019IHEC Carthage, elle d\u00e9bute sa carri\u00e8re comme juriste sp\u00e9cialis\u00e9e en gestion de patrimoine immobilier. Elle s\u2019oriente ensuite vers l\u2019\u00e9criture en ligne, o\u00f9 elle se distingue d\u00e8s 2006 aux Tunisia Blog Awards, avant de se consacrer au journalisme culturel, avec une sp\u00e9cialisation dans la critique cin\u00e9matographique. Elle couvre r\u00e9guli\u00e8rement les grands festivals internationaux, notamment le Festival de Cannes, les Journ\u00e9es Cin\u00e9matographiques de Carthage et le Festival du film du Caire. Membre de l\u2019ATPCC et de la FIPRESCI, elle participe \u00e0 des jurys et initiatives internationales de critique. Depuis 2024, elle est \u00e9lectrice internationale aux Golden Globes. Facebook : https:\\\/\\\/www.facebook.com\\\/massir.destiniii\\\/ X : https:\\\/\\\/x.com\\\/MassirDestin\",\"sameAs\":[\"https:\\\/\\\/www.facebook.com\\\/massir.destiniii\\\/\",\"https:\\\/\\\/www.instagram.com\\\/neila.driss\\\/?hl=fr\",\"https:\\\/\\\/www.linkedin.com\\\/in\\\/neila-driss-22606a80\\\/\",\"https:\\\/\\\/x.com\\\/https:\\\/\\\/x.com\\\/MassirDestin\"],\"knowsAbout\":[\"Cin\u00e9ma international\",\"critique cin\u00e9matographique\",\"festivals de cin\u00e9ma\",\"journalisme culturel\"],\"knowsLanguage\":[\"Fran\u00e7ais\",\"Arabe\",\"Anglais\"],\"jobTitle\":\"Journaliste culturelle et critique de cin\u00e9ma\",\"worksFor\":\"Webdo\",\"url\":\"https:\\\/\\\/www.webdo.tn\\\/fr\\\/actualite\\\/author\\\/neila-driss\\\/\"}]}<\/script>\n<!-- \/ Yoast SEO Premium plugin. -->","yoast_head_json":{"title":"Cannes 2022 - Deux films tunisiens \u00e0 la Quinzaine des R\u00e9alisateurs.","description":"Cannes 2022 - Deux films tunisiens \u00e0 la Quinzaine des R\u00e9alisateurs.","canonical":"https:\/\/www.webdo.tn\/fr\/actualite\/culture\/cannes-2022-deux-films-tunisiens-a-la-quinzaine-des-realisateurs\/200004\/","og_locale":"fr_FR","og_type":"article","og_title":"Cannes 2022 - Deux films tunisiens \u00e0 la Quinzaine des R\u00e9alisateurs.","og_description":"Cannes 2022 - Deux films tunisiens \u00e0 la Quinzaine des R\u00e9alisateurs.","og_url":"https:\/\/www.webdo.tn\/fr\/actualite\/culture\/cannes-2022-deux-films-tunisiens-a-la-quinzaine-des-realisateurs\/200004\/","og_site_name":"webdo","article_publisher":"https:\/\/www.facebook.com\/webdotn","article_author":"https:\/\/www.facebook.com\/massir.destiniii\/","article_published_time":"2022-04-21T16:59:00+00:00","article_modified_time":"2025-05-17T20:48:32+00:00","og_image":[{"width":1024,"height":381,"url":"https:\/\/www.webdo.tn\/fr\/wp-content\/uploads\/2022\/04\/Films-tunisiens-Quinzaine-des-realisateurs-1024x381-1.jpg","type":"image\/jpeg"}],"author":"Ne\u00efla DRISS","twitter_card":"summary_large_image","twitter_creator":"@https:\/\/x.com\/MassirDestin","twitter_site":"@webdo_tn","twitter_misc":{"\u00c9crit par":"Ne\u00efla DRISS","Dur\u00e9e de lecture estim\u00e9e":"5 minutes"},"schema":{"@context":"https:\/\/schema.org","@graph":[{"@type":"NewsArticle","@id":"https:\/\/www.webdo.tn\/fr\/actualite\/culture\/cannes-2022-deux-films-tunisiens-a-la-quinzaine-des-realisateurs\/200004\/#article","isPartOf":{"@id":"https:\/\/www.webdo.tn\/fr\/actualite\/culture\/cannes-2022-deux-films-tunisiens-a-la-quinzaine-des-realisateurs\/200004\/"},"author":{"name":"Ne\u00efla DRISS","@id":"https:\/\/www.webdo.tn\/fr\/#\/schema\/person\/60d5ba619ed3f58783b0dc82b7dada80"},"headline":"Cannes 2022 &#8211; Deux films tunisiens \u00e0 la Quinzaine des R\u00e9alisateurs.","datePublished":"2022-04-21T16:59:00+00:00","dateModified":"2025-05-17T20:48:32+00:00","mainEntityOfPage":{"@id":"https:\/\/www.webdo.tn\/fr\/actualite\/culture\/cannes-2022-deux-films-tunisiens-a-la-quinzaine-des-realisateurs\/200004\/"},"wordCount":938,"commentCount":0,"publisher":{"@id":"https:\/\/www.webdo.tn\/fr\/#organization"},"image":{"@id":"https:\/\/www.webdo.tn\/fr\/actualite\/culture\/cannes-2022-deux-films-tunisiens-a-la-quinzaine-des-realisateurs\/200004\/#primaryimage"},"thumbnailUrl":"https:\/\/www.webdo.tn\/fr\/wp-content\/uploads\/2022\/04\/Films-tunisiens-Quinzaine-des-realisateurs-1024x381-1.jpg","keywords":["Cannes 2022","Cin\u00e9ma","cin\u00e9ma tunisien","Festival","Festival de Cannes","Film tunisien"],"articleSection":["Culture"],"inLanguage":"fr-FR"},{"@type":"WebPage","@id":"https:\/\/www.webdo.tn\/fr\/actualite\/culture\/cannes-2022-deux-films-tunisiens-a-la-quinzaine-des-realisateurs\/200004\/","url":"https:\/\/www.webdo.tn\/fr\/actualite\/culture\/cannes-2022-deux-films-tunisiens-a-la-quinzaine-des-realisateurs\/200004\/","name":"Cannes 2022 - Deux films tunisiens \u00e0 la Quinzaine des R\u00e9alisateurs.","isPartOf":{"@id":"https:\/\/www.webdo.tn\/fr\/#website"},"primaryImageOfPage":{"@id":"https:\/\/www.webdo.tn\/fr\/actualite\/culture\/cannes-2022-deux-films-tunisiens-a-la-quinzaine-des-realisateurs\/200004\/#primaryimage"},"image":{"@id":"https:\/\/www.webdo.tn\/fr\/actualite\/culture\/cannes-2022-deux-films-tunisiens-a-la-quinzaine-des-realisateurs\/200004\/#primaryimage"},"thumbnailUrl":"https:\/\/www.webdo.tn\/fr\/wp-content\/uploads\/2022\/04\/Films-tunisiens-Quinzaine-des-realisateurs-1024x381-1.jpg","datePublished":"2022-04-21T16:59:00+00:00","dateModified":"2025-05-17T20:48:32+00:00","description":"Cannes 2022 - Deux films tunisiens \u00e0 la Quinzaine des R\u00e9alisateurs.","breadcrumb":{"@id":"https:\/\/www.webdo.tn\/fr\/actualite\/culture\/cannes-2022-deux-films-tunisiens-a-la-quinzaine-des-realisateurs\/200004\/#breadcrumb"},"inLanguage":"fr-FR","potentialAction":[{"@type":"ReadAction","target":["https:\/\/www.webdo.tn\/fr\/actualite\/culture\/cannes-2022-deux-films-tunisiens-a-la-quinzaine-des-realisateurs\/200004\/"]}]},{"@type":"ImageObject","inLanguage":"fr-FR","@id":"https:\/\/www.webdo.tn\/fr\/actualite\/culture\/cannes-2022-deux-films-tunisiens-a-la-quinzaine-des-realisateurs\/200004\/#primaryimage","url":"https:\/\/www.webdo.tn\/fr\/wp-content\/uploads\/2022\/04\/Films-tunisiens-Quinzaine-des-realisateurs-1024x381-1.jpg","contentUrl":"https:\/\/www.webdo.tn\/fr\/wp-content\/uploads\/2022\/04\/Films-tunisiens-Quinzaine-des-realisateurs-1024x381-1.jpg","width":1024,"height":381,"caption":"Cannes 2022 - Deux films tunisiens \u00e0 la Quinzaine des R\u00e9alisateurs."},{"@type":"BreadcrumbList","@id":"https:\/\/www.webdo.tn\/fr\/actualite\/culture\/cannes-2022-deux-films-tunisiens-a-la-quinzaine-des-realisateurs\/200004\/#breadcrumb","itemListElement":[{"@type":"ListItem","position":1,"name":"Accueil","item":"https:\/\/www.webdo.tn\/fr\/"},{"@type":"ListItem","position":2,"name":"Cannes 2022 &#8211; Deux films tunisiens \u00e0 la Quinzaine des R\u00e9alisateurs."}]},{"@type":"WebSite","@id":"https:\/\/www.webdo.tn\/fr\/#website","url":"https:\/\/www.webdo.tn\/fr\/","name":"webdo","description":"Tunisie - News en Tunisie et \u00e0 l&#039;international sur Webdo.tn","publisher":{"@id":"https:\/\/www.webdo.tn\/fr\/#organization"},"potentialAction":[{"@type":"SearchAction","target":{"@type":"EntryPoint","urlTemplate":"https:\/\/www.webdo.tn\/fr\/?s={search_term_string}"},"query-input":{"@type":"PropertyValueSpecification","valueRequired":true,"valueName":"search_term_string"}}],"inLanguage":"fr-FR"},{"@type":"Organization","@id":"https:\/\/www.webdo.tn\/fr\/#organization","name":"Webdo","alternateName":"Webdo.tn","url":"https:\/\/www.webdo.tn\/fr\/","logo":{"@type":"ImageObject","inLanguage":"fr-FR","@id":"https:\/\/www.webdo.tn\/fr\/#\/schema\/logo\/image\/","url":"https:\/\/www.webdo.tn\/fr\/wp-content\/uploads\/2025\/06\/Webdo-Tunisie_168377.jpg","contentUrl":"https:\/\/www.webdo.tn\/fr\/wp-content\/uploads\/2025\/06\/Webdo-Tunisie_168377.jpg","width":301,"height":301,"caption":"Webdo"},"image":{"@id":"https:\/\/www.webdo.tn\/fr\/#\/schema\/logo\/image\/"},"sameAs":["https:\/\/www.facebook.com\/webdotn","https:\/\/x.com\/webdo_tn"],"description":"Webdo est un m\u00e9dia num\u00e9rique tunisien fond\u00e9 en 2010, sp\u00e9cialis\u00e9 dans l\u2019actualit\u00e9 nationale et internationale, l\u2019\u00e9conomie, la soci\u00e9t\u00e9 et les analyses politiques. Le site s\u2019adresse \u00e0 un large public francophone et couvre l\u2019information tunisienne en temps r\u00e9el.","email":"redac@webdo.tn","legalName":"YNJ SARL","foundingDate":"2010-09-06","numberOfEmployees":{"@type":"QuantitativeValue","minValue":"11","maxValue":"50"}},{"@type":"Person","@id":"https:\/\/www.webdo.tn\/fr\/#\/schema\/person\/60d5ba619ed3f58783b0dc82b7dada80","name":"Ne\u00efla DRISS","image":{"@type":"ImageObject","inLanguage":"fr-FR","@id":"https:\/\/www.webdo.tn\/fr\/wp-content\/uploads\/2026\/04\/neila-driss_avatar-96x96.jpg","url":"https:\/\/www.webdo.tn\/fr\/wp-content\/uploads\/2026\/04\/neila-driss_avatar-96x96.jpg","contentUrl":"https:\/\/www.webdo.tn\/fr\/wp-content\/uploads\/2026\/04\/neila-driss_avatar-96x96.jpg","caption":"Ne\u00efla DRISS"},"description":"Ne\u00efla Driss est juriste, journaliste culturelle et critique de cin\u00e9ma tunisienne. Titulaire d\u2019un DEA en droit priv\u00e9 de l\u2019Universit\u00e9 Paris II et d\u2019un DESS de l\u2019IHEC Carthage, elle d\u00e9bute sa carri\u00e8re comme juriste sp\u00e9cialis\u00e9e en gestion de patrimoine immobilier. Elle s\u2019oriente ensuite vers l\u2019\u00e9criture en ligne, o\u00f9 elle se distingue d\u00e8s 2006 aux Tunisia Blog Awards, avant de se consacrer au journalisme culturel, avec une sp\u00e9cialisation dans la critique cin\u00e9matographique. Elle couvre r\u00e9guli\u00e8rement les grands festivals internationaux, notamment le Festival de Cannes, les Journ\u00e9es Cin\u00e9matographiques de Carthage et le Festival du film du Caire. Membre de l\u2019ATPCC et de la FIPRESCI, elle participe \u00e0 des jurys et initiatives internationales de critique. Depuis 2024, elle est \u00e9lectrice internationale aux Golden Globes. Facebook : https:\/\/www.facebook.com\/massir.destiniii\/ X : https:\/\/x.com\/MassirDestin","sameAs":["https:\/\/www.facebook.com\/massir.destiniii\/","https:\/\/www.instagram.com\/neila.driss\/?hl=fr","https:\/\/www.linkedin.com\/in\/neila-driss-22606a80\/","https:\/\/x.com\/https:\/\/x.com\/MassirDestin"],"knowsAbout":["Cin\u00e9ma international","critique cin\u00e9matographique","festivals de cin\u00e9ma","journalisme culturel"],"knowsLanguage":["Fran\u00e7ais","Arabe","Anglais"],"jobTitle":"Journaliste culturelle et critique de cin\u00e9ma","worksFor":"Webdo","url":"https:\/\/www.webdo.tn\/fr\/actualite\/author\/neila-driss\/"}]}},"_links":{"self":[{"href":"https:\/\/www.webdo.tn\/fr\/wp-json\/wp\/v2\/posts\/200004","targetHints":{"allow":["GET"]}}],"collection":[{"href":"https:\/\/www.webdo.tn\/fr\/wp-json\/wp\/v2\/posts"}],"about":[{"href":"https:\/\/www.webdo.tn\/fr\/wp-json\/wp\/v2\/types\/post"}],"author":[{"embeddable":true,"href":"https:\/\/www.webdo.tn\/fr\/wp-json\/wp\/v2\/users\/3164"}],"replies":[{"embeddable":true,"href":"https:\/\/www.webdo.tn\/fr\/wp-json\/wp\/v2\/comments?post=200004"}],"version-history":[{"count":0,"href":"https:\/\/www.webdo.tn\/fr\/wp-json\/wp\/v2\/posts\/200004\/revisions"}],"wp:featuredmedia":[{"embeddable":true,"href":"https:\/\/www.webdo.tn\/fr\/wp-json\/wp\/v2\/media\/276168"}],"wp:attachment":[{"href":"https:\/\/www.webdo.tn\/fr\/wp-json\/wp\/v2\/media?parent=200004"}],"wp:term":[{"taxonomy":"category","embeddable":true,"href":"https:\/\/www.webdo.tn\/fr\/wp-json\/wp\/v2\/categories?post=200004"},{"taxonomy":"post_tag","embeddable":true,"href":"https:\/\/www.webdo.tn\/fr\/wp-json\/wp\/v2\/tags?post=200004"}],"curies":[{"name":"wp","href":"https:\/\/api.w.org\/{rel}","templated":true}]}}