{"id":200003,"date":"2022-04-06T11:11:00","date_gmt":"2022-04-06T11:11:00","guid":{"rendered":"https:\/\/www.webdo.tn\/fr\/actualite\/blog\/elvis-de-baz-luhrmann-en-avant-premiere-au-75e-festival-de-cannes\/200003\/"},"modified":"2025-05-22T12:04:11","modified_gmt":"2025-05-22T12:04:11","slug":"elvis-de-baz-luhrmann-en-avant-premiere-au-75e-festival-de-cannes","status":"publish","type":"post","link":"https:\/\/www.webdo.tn\/fr\/actualite\/culture\/elvis-de-baz-luhrmann-en-avant-premiere-au-75e-festival-de-cannes\/200003\/","title":{"rendered":"\u00ab\u00a0Elvis\u00a0\u00bb de Baz Luhrmann  en avant-premi\u00e8re au 75e Festival de Cannes"},"content":{"rendered":"<div class=\"single-body entry-content typography-copy\" itemprop=\"articleBody\">\n<p style=\"font-weight: bold; text-align: justify\">\n<div class=\"coprs\" style=\"text-align: center\"><\/div>\n<div class=\"coprs\" style=\"text-align: justify\">\n<p>\u00a0<\/p>\n<p><strong>Le r\u00e9alisateur, sc\u00e9nariste et producteur australien Baz Luhrmann sera au Festival de Cannes pour pr\u00e9senter en avant-premi\u00e8re mondiale son dernier film,\u00a0<em>Elvis<\/em>, en compagnie de Austin Butler, Tom Hanks, et Olivia DeJonge.<\/strong><\/p>\n<p><em>Elvis\u00a0<\/em>s\u2019attache \u00e0 la vie et \u00e0 l\u2019\u0153uvre d\u2019Elvis Presley (Austin Butler), \u00e0 travers le prisme de ses rapports complexes avec son myst\u00e9rieux manager, le colonel Tom Parker (Tom Hanks). L&rsquo;histoire plonge dans la dynamique complexe entre Presley et Parker sur plus de 20 ans, de l\u2019ascension \u00e0 la c\u00e9l\u00e9brit\u00e9 de Presley \u00e0 son statut de star sans pr\u00e9c\u00e9dent, tandis que l\u2019Am\u00e9rique est travers\u00e9e par des bouleversements socioculturels majeurs et perd son innocence. Au c\u0153ur de ce parcours se trouve l&rsquo;une des personnes les plus importantes et les plus influentes de la vie d&rsquo;Elvis, Priscilla Presley (Olivia DeJonge).<\/p>\n<p><em>Elvis\u00a0<\/em>de Baz Luhrmann, produit par Bazmark et The Jackal Group sortira en Am\u00e9rique du Nord le 24 juin 2022 et dans le reste du monde \u00e0 partir du 22 juin 2022.<\/p>\n<p>Baz Luhrmann, cin\u00e9aste flamboyant, a marqu\u00e9 la m\u00e9moire du Festival de Cannes en \u00e9tant le seul r\u00e9alisateur \u00e0 pr\u00e9senter deux longs m\u00e9trages en ouverture de la manifestation avec\u00a0<a href=\"https:\/\/s3s-main.net\/l2\/7YIErqOce3\/59907\/2882237574.html?\" rel=\"nofollow noopener noreferrer\" target=\"_blank\"><em>Moulin Rouge !<\/em><\/a><em>\u00a0<\/em>en 2001, s\u00e9lectionn\u00e9 en Comp\u00e9tition, et\u00a0<a href=\"https:\/\/s3s-main.net\/l2\/7YIErqOce4\/59907\/2882237574.html?\" rel=\"nofollow noopener noreferrer\" target=\"_blank\"><em>Gatsby le Magnifique\u00a0<\/em><\/a>en 2013. En 1992, il avait fait sensation lors de la 45e \u00e9dition du Festival avec son premier film\u00a0<a href=\"https:\/\/s3s-main.net\/l2\/7YIErqOce5\/59907\/2882237574.html?\" rel=\"nofollow noopener noreferrer\" target=\"_blank\"><em>Ballroom Dancing<\/em><\/a>, projet\u00e9 dans la section Un Certain Regard.<\/p>\n<p>\u00a0<\/p>\n<p><img decoding=\"async\" alt=\"Elvis\" height=\"788\" src=\"https:\/\/www.webdo.tn\/wp-content\/uploads\/2022\/04\/Elvis.jpg\" width=\"940\"> Austin Butler en tant qu\u2019 Elvis et Tom Hanks en tant que Col. Tom Parker dans le drame \u201cELVIS\u201d.<br \/>\nPhoto de Warner Bros. Pictures<\/p>\n<p>\u00a0<\/p>\n<p>Le plus important des festivals mondiaux de cin\u00e9ma\u00a0doit d\u00e9voiler sa s\u00e9lection officielle le 14 avril, dont la liste des films en lice pour succ\u00e9der \u00e0 <a href=\"https:\/\/www.webdo.tn\/2021\/07\/18\/cannes-2021-cloture-dune-edition-historique\/\">la palme d&rsquo;or 2021,\u00a0<em>Titane<\/em>\u00a0de\u00a0Julia Ducournau<\/a>.\u00a0\u00c0 un mois des festivit\u00e9s (17 au 28 mai), tr\u00e8s peu d&rsquo;informations ont filtr\u00e9 sur cette 75<sup>e<\/sup>\u00a0\u00e9dition. Ni la composition du jury, ni le film d&rsquo;ouverture ne sont encore connus. Seule certitude, la pr\u00e9sence de\u00a0Tom Cruise, de retour dans le cockpit pour pr\u00e9senter, 35 ans apr\u00e8s, une suite au mythique\u00a0<em>Top Gun<\/em>.\u00a0<em>Top Gun Maverick\u00a0<\/em>doit \u00eatre projet\u00e9 le 18 mai 2022.<\/p>\n<p><em><strong>Communiqu\u00e9<\/strong><\/em><\/p>\n<\/p><\/div>\n<div class=\"coprs\" style=\"text-align: center\"><\/div><\/div>\n","protected":false},"excerpt":{"rendered":"<p> Elvis  de Baz Luhrmann  en avant-premi\u00e8re au 75e Festival de Cannes<\/p>\n","protected":false},"author":3164,"featured_media":349753,"comment_status":"open","ping_status":"closed","sticky":false,"template":"","format":"standard","meta":{"footnotes":""},"categories":[2594],"tags":[3460,9071,2627,2655],"class_list":["post-200003","post","type-post","status-publish","format-standard","has-post-thumbnail","hentry","category-culture","tag-cannes","tag-cannes-2022","tag-festival-de-cannes","tag-film"],"yoast_head":"<!-- This site is optimized with the Yoast SEO Premium plugin v27.4 (Yoast SEO v27.4) - https:\/\/yoast.com\/product\/yoast-seo-premium-wordpress\/ -->\n<title>Elvis de Baz Luhrmann en avant-premi\u00e8re au 75e Festival de Cannes<\/title>\n<meta name=\"description\" content=\"Elvis de Baz Luhrmann en avant-premi\u00e8re au 75e Festival de Cannes\" \/>\n<link rel=\"canonical\" href=\"https:\/\/www.webdo.tn\/fr\/actualite\/culture\/elvis-de-baz-luhrmann-en-avant-premiere-au-75e-festival-de-cannes\/200003\/\" \/>\n<meta property=\"og:locale\" content=\"fr_FR\" \/>\n<meta property=\"og:type\" content=\"article\" \/>\n<meta property=\"og:title\" content=\"&quot;Elvis&quot; de Baz Luhrmann en avant-premi\u00e8re au 75e Festival de Cannes\" \/>\n<meta property=\"og:description\" content=\"Elvis de Baz Luhrmann en avant-premi\u00e8re au 75e Festival de Cannes\" \/>\n<meta property=\"og:url\" content=\"https:\/\/www.webdo.tn\/fr\/actualite\/culture\/elvis-de-baz-luhrmann-en-avant-premiere-au-75e-festival-de-cannes\/200003\/\" \/>\n<meta property=\"og:site_name\" content=\"webdo\" \/>\n<meta property=\"article:publisher\" content=\"https:\/\/www.facebook.com\/webdotn\" \/>\n<meta property=\"article:author\" content=\"https:\/\/www.facebook.com\/massir.destiniii\/\" \/>\n<meta property=\"article:published_time\" content=\"2022-04-06T11:11:00+00:00\" \/>\n<meta property=\"article:modified_time\" content=\"2025-05-22T12:04:11+00:00\" \/>\n<meta property=\"og:image\" content=\"https:\/\/www.webdo.tn\/fr\/wp-content\/uploads\/2022\/04\/Affiche-Elvis.jpg\" \/>\n\t<meta property=\"og:image:width\" content=\"660\" \/>\n\t<meta property=\"og:image:height\" content=\"978\" \/>\n\t<meta property=\"og:image:type\" content=\"image\/jpeg\" \/>\n<meta name=\"author\" content=\"Ne\u00efla DRISS\" \/>\n<meta name=\"twitter:card\" content=\"summary_large_image\" \/>\n<meta name=\"twitter:creator\" content=\"@https:\/\/x.com\/MassirDestin\" \/>\n<meta name=\"twitter:site\" content=\"@webdo_tn\" \/>\n<meta name=\"twitter:label1\" content=\"\u00c9crit par\" \/>\n\t<meta name=\"twitter:data1\" content=\"Ne\u00efla DRISS\" \/>\n\t<meta name=\"twitter:label2\" content=\"Dur\u00e9e de lecture estim\u00e9e\" \/>\n\t<meta name=\"twitter:data2\" content=\"2 minutes\" \/>\n<script type=\"application\/ld+json\" class=\"yoast-schema-graph\">{\"@context\":\"https:\\\/\\\/schema.org\",\"@graph\":[{\"@type\":\"NewsArticle\",\"@id\":\"https:\\\/\\\/www.webdo.tn\\\/fr\\\/actualite\\\/culture\\\/elvis-de-baz-luhrmann-en-avant-premiere-au-75e-festival-de-cannes\\\/200003\\\/#article\",\"isPartOf\":{\"@id\":\"https:\\\/\\\/www.webdo.tn\\\/fr\\\/actualite\\\/culture\\\/elvis-de-baz-luhrmann-en-avant-premiere-au-75e-festival-de-cannes\\\/200003\\\/\"},\"author\":{\"name\":\"Ne\u00efla DRISS\",\"@id\":\"https:\\\/\\\/www.webdo.tn\\\/fr\\\/#\\\/schema\\\/person\\\/60d5ba619ed3f58783b0dc82b7dada80\"},\"headline\":\"\u00ab\u00a0Elvis\u00a0\u00bb de Baz Luhrmann en avant-premi\u00e8re au 75e Festival de Cannes\",\"datePublished\":\"2022-04-06T11:11:00+00:00\",\"dateModified\":\"2025-05-22T12:04:11+00:00\",\"mainEntityOfPage\":{\"@id\":\"https:\\\/\\\/www.webdo.tn\\\/fr\\\/actualite\\\/culture\\\/elvis-de-baz-luhrmann-en-avant-premiere-au-75e-festival-de-cannes\\\/200003\\\/\"},\"wordCount\":380,\"commentCount\":0,\"publisher\":{\"@id\":\"https:\\\/\\\/www.webdo.tn\\\/fr\\\/#organization\"},\"image\":{\"@id\":\"https:\\\/\\\/www.webdo.tn\\\/fr\\\/actualite\\\/culture\\\/elvis-de-baz-luhrmann-en-avant-premiere-au-75e-festival-de-cannes\\\/200003\\\/#primaryimage\"},\"thumbnailUrl\":\"https:\\\/\\\/www.webdo.tn\\\/fr\\\/wp-content\\\/uploads\\\/2022\\\/04\\\/Affiche-Elvis.jpg\",\"keywords\":[\"cannes\",\"Cannes 2022\",\"Festival de Cannes\",\"Film\"],\"articleSection\":[\"Culture\"],\"inLanguage\":\"fr-FR\"},{\"@type\":\"WebPage\",\"@id\":\"https:\\\/\\\/www.webdo.tn\\\/fr\\\/actualite\\\/culture\\\/elvis-de-baz-luhrmann-en-avant-premiere-au-75e-festival-de-cannes\\\/200003\\\/\",\"url\":\"https:\\\/\\\/www.webdo.tn\\\/fr\\\/actualite\\\/culture\\\/elvis-de-baz-luhrmann-en-avant-premiere-au-75e-festival-de-cannes\\\/200003\\\/\",\"name\":\"Elvis de Baz Luhrmann en avant-premi\u00e8re au 75e Festival de Cannes\",\"isPartOf\":{\"@id\":\"https:\\\/\\\/www.webdo.tn\\\/fr\\\/#website\"},\"primaryImageOfPage\":{\"@id\":\"https:\\\/\\\/www.webdo.tn\\\/fr\\\/actualite\\\/culture\\\/elvis-de-baz-luhrmann-en-avant-premiere-au-75e-festival-de-cannes\\\/200003\\\/#primaryimage\"},\"image\":{\"@id\":\"https:\\\/\\\/www.webdo.tn\\\/fr\\\/actualite\\\/culture\\\/elvis-de-baz-luhrmann-en-avant-premiere-au-75e-festival-de-cannes\\\/200003\\\/#primaryimage\"},\"thumbnailUrl\":\"https:\\\/\\\/www.webdo.tn\\\/fr\\\/wp-content\\\/uploads\\\/2022\\\/04\\\/Affiche-Elvis.jpg\",\"datePublished\":\"2022-04-06T11:11:00+00:00\",\"dateModified\":\"2025-05-22T12:04:11+00:00\",\"description\":\"Elvis de Baz Luhrmann en avant-premi\u00e8re au 75e Festival de Cannes\",\"breadcrumb\":{\"@id\":\"https:\\\/\\\/www.webdo.tn\\\/fr\\\/actualite\\\/culture\\\/elvis-de-baz-luhrmann-en-avant-premiere-au-75e-festival-de-cannes\\\/200003\\\/#breadcrumb\"},\"inLanguage\":\"fr-FR\",\"potentialAction\":[{\"@type\":\"ReadAction\",\"target\":[\"https:\\\/\\\/www.webdo.tn\\\/fr\\\/actualite\\\/culture\\\/elvis-de-baz-luhrmann-en-avant-premiere-au-75e-festival-de-cannes\\\/200003\\\/\"]}]},{\"@type\":\"ImageObject\",\"inLanguage\":\"fr-FR\",\"@id\":\"https:\\\/\\\/www.webdo.tn\\\/fr\\\/actualite\\\/culture\\\/elvis-de-baz-luhrmann-en-avant-premiere-au-75e-festival-de-cannes\\\/200003\\\/#primaryimage\",\"url\":\"https:\\\/\\\/www.webdo.tn\\\/fr\\\/wp-content\\\/uploads\\\/2022\\\/04\\\/Affiche-Elvis.jpg\",\"contentUrl\":\"https:\\\/\\\/www.webdo.tn\\\/fr\\\/wp-content\\\/uploads\\\/2022\\\/04\\\/Affiche-Elvis.jpg\",\"width\":660,\"height\":978,\"caption\":\"\\\"Elvis\\\" de Baz Luhrmann en avant-premi\u00e8re au 75e Festival de Cannes\"},{\"@type\":\"BreadcrumbList\",\"@id\":\"https:\\\/\\\/www.webdo.tn\\\/fr\\\/actualite\\\/culture\\\/elvis-de-baz-luhrmann-en-avant-premiere-au-75e-festival-de-cannes\\\/200003\\\/#breadcrumb\",\"itemListElement\":[{\"@type\":\"ListItem\",\"position\":1,\"name\":\"Accueil\",\"item\":\"https:\\\/\\\/www.webdo.tn\\\/fr\\\/\"},{\"@type\":\"ListItem\",\"position\":2,\"name\":\"\u00ab\u00a0Elvis\u00a0\u00bb de Baz Luhrmann en avant-premi\u00e8re au 75e Festival de Cannes\"}]},{\"@type\":\"WebSite\",\"@id\":\"https:\\\/\\\/www.webdo.tn\\\/fr\\\/#website\",\"url\":\"https:\\\/\\\/www.webdo.tn\\\/fr\\\/\",\"name\":\"webdo\",\"description\":\"Tunisie - News en Tunisie et \u00e0 l&#039;international sur Webdo.tn\",\"publisher\":{\"@id\":\"https:\\\/\\\/www.webdo.tn\\\/fr\\\/#organization\"},\"potentialAction\":[{\"@type\":\"SearchAction\",\"target\":{\"@type\":\"EntryPoint\",\"urlTemplate\":\"https:\\\/\\\/www.webdo.tn\\\/fr\\\/?s={search_term_string}\"},\"query-input\":{\"@type\":\"PropertyValueSpecification\",\"valueRequired\":true,\"valueName\":\"search_term_string\"}}],\"inLanguage\":\"fr-FR\"},{\"@type\":\"Organization\",\"@id\":\"https:\\\/\\\/www.webdo.tn\\\/fr\\\/#organization\",\"name\":\"Webdo\",\"alternateName\":\"Webdo.tn\",\"url\":\"https:\\\/\\\/www.webdo.tn\\\/fr\\\/\",\"logo\":{\"@type\":\"ImageObject\",\"inLanguage\":\"fr-FR\",\"@id\":\"https:\\\/\\\/www.webdo.tn\\\/fr\\\/#\\\/schema\\\/logo\\\/image\\\/\",\"url\":\"https:\\\/\\\/www.webdo.tn\\\/fr\\\/wp-content\\\/uploads\\\/2025\\\/06\\\/Webdo-Tunisie_168377.jpg\",\"contentUrl\":\"https:\\\/\\\/www.webdo.tn\\\/fr\\\/wp-content\\\/uploads\\\/2025\\\/06\\\/Webdo-Tunisie_168377.jpg\",\"width\":301,\"height\":301,\"caption\":\"Webdo\"},\"image\":{\"@id\":\"https:\\\/\\\/www.webdo.tn\\\/fr\\\/#\\\/schema\\\/logo\\\/image\\\/\"},\"sameAs\":[\"https:\\\/\\\/www.facebook.com\\\/webdotn\",\"https:\\\/\\\/x.com\\\/webdo_tn\"],\"description\":\"Webdo est un m\u00e9dia num\u00e9rique tunisien fond\u00e9 en 2010, sp\u00e9cialis\u00e9 dans l\u2019actualit\u00e9 nationale et internationale, l\u2019\u00e9conomie, la soci\u00e9t\u00e9 et les analyses politiques. Le site s\u2019adresse \u00e0 un large public francophone et couvre l\u2019information tunisienne en temps r\u00e9el.\",\"email\":\"redac@webdo.tn\",\"legalName\":\"YNJ SARL\",\"foundingDate\":\"2010-09-06\",\"numberOfEmployees\":{\"@type\":\"QuantitativeValue\",\"minValue\":\"11\",\"maxValue\":\"50\"}},{\"@type\":\"Person\",\"@id\":\"https:\\\/\\\/www.webdo.tn\\\/fr\\\/#\\\/schema\\\/person\\\/60d5ba619ed3f58783b0dc82b7dada80\",\"name\":\"Ne\u00efla DRISS\",\"image\":{\"@type\":\"ImageObject\",\"inLanguage\":\"fr-FR\",\"@id\":\"https:\\\/\\\/www.webdo.tn\\\/fr\\\/wp-content\\\/uploads\\\/2026\\\/04\\\/neila-driss_avatar-96x96.jpg\",\"url\":\"https:\\\/\\\/www.webdo.tn\\\/fr\\\/wp-content\\\/uploads\\\/2026\\\/04\\\/neila-driss_avatar-96x96.jpg\",\"contentUrl\":\"https:\\\/\\\/www.webdo.tn\\\/fr\\\/wp-content\\\/uploads\\\/2026\\\/04\\\/neila-driss_avatar-96x96.jpg\",\"caption\":\"Ne\u00efla DRISS\"},\"description\":\"Ne\u00efla Driss est juriste, journaliste culturelle et critique de cin\u00e9ma tunisienne. Titulaire d\u2019un DEA en droit priv\u00e9 de l\u2019Universit\u00e9 Paris II et d\u2019un DESS de l\u2019IHEC Carthage, elle d\u00e9bute sa carri\u00e8re comme juriste sp\u00e9cialis\u00e9e en gestion de patrimoine immobilier. Elle s\u2019oriente ensuite vers l\u2019\u00e9criture en ligne, o\u00f9 elle se distingue d\u00e8s 2006 aux Tunisia Blog Awards, avant de se consacrer au journalisme culturel, avec une sp\u00e9cialisation dans la critique cin\u00e9matographique. Elle couvre r\u00e9guli\u00e8rement les grands festivals internationaux, notamment le Festival de Cannes, les Journ\u00e9es Cin\u00e9matographiques de Carthage et le Festival du film du Caire. Membre de l\u2019ATPCC et de la FIPRESCI, elle participe \u00e0 des jurys et initiatives internationales de critique. Depuis 2024, elle est \u00e9lectrice internationale aux Golden Globes. Facebook : https:\\\/\\\/www.facebook.com\\\/massir.destiniii\\\/ X : https:\\\/\\\/x.com\\\/MassirDestin\",\"sameAs\":[\"https:\\\/\\\/www.facebook.com\\\/massir.destiniii\\\/\",\"https:\\\/\\\/www.instagram.com\\\/neila.driss\\\/?hl=fr\",\"https:\\\/\\\/www.linkedin.com\\\/in\\\/neila-driss-22606a80\\\/\",\"https:\\\/\\\/x.com\\\/https:\\\/\\\/x.com\\\/MassirDestin\"],\"knowsAbout\":[\"Cin\u00e9ma international\",\"critique cin\u00e9matographique\",\"festivals de cin\u00e9ma\",\"journalisme culturel\"],\"knowsLanguage\":[\"Fran\u00e7ais\",\"Arabe\",\"Anglais\"],\"jobTitle\":\"Journaliste culturelle et critique de cin\u00e9ma\",\"worksFor\":\"Webdo\",\"url\":\"https:\\\/\\\/www.webdo.tn\\\/fr\\\/actualite\\\/author\\\/neila-driss\\\/\"}]}<\/script>\n<!-- \/ Yoast SEO Premium plugin. -->","yoast_head_json":{"title":"Elvis de Baz Luhrmann en avant-premi\u00e8re au 75e Festival de Cannes","description":"Elvis de Baz Luhrmann en avant-premi\u00e8re au 75e Festival de Cannes","canonical":"https:\/\/www.webdo.tn\/fr\/actualite\/culture\/elvis-de-baz-luhrmann-en-avant-premiere-au-75e-festival-de-cannes\/200003\/","og_locale":"fr_FR","og_type":"article","og_title":"\"Elvis\" de Baz Luhrmann en avant-premi\u00e8re au 75e Festival de Cannes","og_description":"Elvis de Baz Luhrmann en avant-premi\u00e8re au 75e Festival de Cannes","og_url":"https:\/\/www.webdo.tn\/fr\/actualite\/culture\/elvis-de-baz-luhrmann-en-avant-premiere-au-75e-festival-de-cannes\/200003\/","og_site_name":"webdo","article_publisher":"https:\/\/www.facebook.com\/webdotn","article_author":"https:\/\/www.facebook.com\/massir.destiniii\/","article_published_time":"2022-04-06T11:11:00+00:00","article_modified_time":"2025-05-22T12:04:11+00:00","og_image":[{"width":660,"height":978,"url":"https:\/\/www.webdo.tn\/fr\/wp-content\/uploads\/2022\/04\/Affiche-Elvis.jpg","type":"image\/jpeg"}],"author":"Ne\u00efla DRISS","twitter_card":"summary_large_image","twitter_creator":"@https:\/\/x.com\/MassirDestin","twitter_site":"@webdo_tn","twitter_misc":{"\u00c9crit par":"Ne\u00efla DRISS","Dur\u00e9e de lecture estim\u00e9e":"2 minutes"},"schema":{"@context":"https:\/\/schema.org","@graph":[{"@type":"NewsArticle","@id":"https:\/\/www.webdo.tn\/fr\/actualite\/culture\/elvis-de-baz-luhrmann-en-avant-premiere-au-75e-festival-de-cannes\/200003\/#article","isPartOf":{"@id":"https:\/\/www.webdo.tn\/fr\/actualite\/culture\/elvis-de-baz-luhrmann-en-avant-premiere-au-75e-festival-de-cannes\/200003\/"},"author":{"name":"Ne\u00efla DRISS","@id":"https:\/\/www.webdo.tn\/fr\/#\/schema\/person\/60d5ba619ed3f58783b0dc82b7dada80"},"headline":"\u00ab\u00a0Elvis\u00a0\u00bb de Baz Luhrmann en avant-premi\u00e8re au 75e Festival de Cannes","datePublished":"2022-04-06T11:11:00+00:00","dateModified":"2025-05-22T12:04:11+00:00","mainEntityOfPage":{"@id":"https:\/\/www.webdo.tn\/fr\/actualite\/culture\/elvis-de-baz-luhrmann-en-avant-premiere-au-75e-festival-de-cannes\/200003\/"},"wordCount":380,"commentCount":0,"publisher":{"@id":"https:\/\/www.webdo.tn\/fr\/#organization"},"image":{"@id":"https:\/\/www.webdo.tn\/fr\/actualite\/culture\/elvis-de-baz-luhrmann-en-avant-premiere-au-75e-festival-de-cannes\/200003\/#primaryimage"},"thumbnailUrl":"https:\/\/www.webdo.tn\/fr\/wp-content\/uploads\/2022\/04\/Affiche-Elvis.jpg","keywords":["cannes","Cannes 2022","Festival de Cannes","Film"],"articleSection":["Culture"],"inLanguage":"fr-FR"},{"@type":"WebPage","@id":"https:\/\/www.webdo.tn\/fr\/actualite\/culture\/elvis-de-baz-luhrmann-en-avant-premiere-au-75e-festival-de-cannes\/200003\/","url":"https:\/\/www.webdo.tn\/fr\/actualite\/culture\/elvis-de-baz-luhrmann-en-avant-premiere-au-75e-festival-de-cannes\/200003\/","name":"Elvis de Baz Luhrmann en avant-premi\u00e8re au 75e Festival de Cannes","isPartOf":{"@id":"https:\/\/www.webdo.tn\/fr\/#website"},"primaryImageOfPage":{"@id":"https:\/\/www.webdo.tn\/fr\/actualite\/culture\/elvis-de-baz-luhrmann-en-avant-premiere-au-75e-festival-de-cannes\/200003\/#primaryimage"},"image":{"@id":"https:\/\/www.webdo.tn\/fr\/actualite\/culture\/elvis-de-baz-luhrmann-en-avant-premiere-au-75e-festival-de-cannes\/200003\/#primaryimage"},"thumbnailUrl":"https:\/\/www.webdo.tn\/fr\/wp-content\/uploads\/2022\/04\/Affiche-Elvis.jpg","datePublished":"2022-04-06T11:11:00+00:00","dateModified":"2025-05-22T12:04:11+00:00","description":"Elvis de Baz Luhrmann en avant-premi\u00e8re au 75e Festival de Cannes","breadcrumb":{"@id":"https:\/\/www.webdo.tn\/fr\/actualite\/culture\/elvis-de-baz-luhrmann-en-avant-premiere-au-75e-festival-de-cannes\/200003\/#breadcrumb"},"inLanguage":"fr-FR","potentialAction":[{"@type":"ReadAction","target":["https:\/\/www.webdo.tn\/fr\/actualite\/culture\/elvis-de-baz-luhrmann-en-avant-premiere-au-75e-festival-de-cannes\/200003\/"]}]},{"@type":"ImageObject","inLanguage":"fr-FR","@id":"https:\/\/www.webdo.tn\/fr\/actualite\/culture\/elvis-de-baz-luhrmann-en-avant-premiere-au-75e-festival-de-cannes\/200003\/#primaryimage","url":"https:\/\/www.webdo.tn\/fr\/wp-content\/uploads\/2022\/04\/Affiche-Elvis.jpg","contentUrl":"https:\/\/www.webdo.tn\/fr\/wp-content\/uploads\/2022\/04\/Affiche-Elvis.jpg","width":660,"height":978,"caption":"\"Elvis\" de Baz Luhrmann en avant-premi\u00e8re au 75e Festival de Cannes"},{"@type":"BreadcrumbList","@id":"https:\/\/www.webdo.tn\/fr\/actualite\/culture\/elvis-de-baz-luhrmann-en-avant-premiere-au-75e-festival-de-cannes\/200003\/#breadcrumb","itemListElement":[{"@type":"ListItem","position":1,"name":"Accueil","item":"https:\/\/www.webdo.tn\/fr\/"},{"@type":"ListItem","position":2,"name":"\u00ab\u00a0Elvis\u00a0\u00bb de Baz Luhrmann en avant-premi\u00e8re au 75e Festival de Cannes"}]},{"@type":"WebSite","@id":"https:\/\/www.webdo.tn\/fr\/#website","url":"https:\/\/www.webdo.tn\/fr\/","name":"webdo","description":"Tunisie - News en Tunisie et \u00e0 l&#039;international sur Webdo.tn","publisher":{"@id":"https:\/\/www.webdo.tn\/fr\/#organization"},"potentialAction":[{"@type":"SearchAction","target":{"@type":"EntryPoint","urlTemplate":"https:\/\/www.webdo.tn\/fr\/?s={search_term_string}"},"query-input":{"@type":"PropertyValueSpecification","valueRequired":true,"valueName":"search_term_string"}}],"inLanguage":"fr-FR"},{"@type":"Organization","@id":"https:\/\/www.webdo.tn\/fr\/#organization","name":"Webdo","alternateName":"Webdo.tn","url":"https:\/\/www.webdo.tn\/fr\/","logo":{"@type":"ImageObject","inLanguage":"fr-FR","@id":"https:\/\/www.webdo.tn\/fr\/#\/schema\/logo\/image\/","url":"https:\/\/www.webdo.tn\/fr\/wp-content\/uploads\/2025\/06\/Webdo-Tunisie_168377.jpg","contentUrl":"https:\/\/www.webdo.tn\/fr\/wp-content\/uploads\/2025\/06\/Webdo-Tunisie_168377.jpg","width":301,"height":301,"caption":"Webdo"},"image":{"@id":"https:\/\/www.webdo.tn\/fr\/#\/schema\/logo\/image\/"},"sameAs":["https:\/\/www.facebook.com\/webdotn","https:\/\/x.com\/webdo_tn"],"description":"Webdo est un m\u00e9dia num\u00e9rique tunisien fond\u00e9 en 2010, sp\u00e9cialis\u00e9 dans l\u2019actualit\u00e9 nationale et internationale, l\u2019\u00e9conomie, la soci\u00e9t\u00e9 et les analyses politiques. Le site s\u2019adresse \u00e0 un large public francophone et couvre l\u2019information tunisienne en temps r\u00e9el.","email":"redac@webdo.tn","legalName":"YNJ SARL","foundingDate":"2010-09-06","numberOfEmployees":{"@type":"QuantitativeValue","minValue":"11","maxValue":"50"}},{"@type":"Person","@id":"https:\/\/www.webdo.tn\/fr\/#\/schema\/person\/60d5ba619ed3f58783b0dc82b7dada80","name":"Ne\u00efla DRISS","image":{"@type":"ImageObject","inLanguage":"fr-FR","@id":"https:\/\/www.webdo.tn\/fr\/wp-content\/uploads\/2026\/04\/neila-driss_avatar-96x96.jpg","url":"https:\/\/www.webdo.tn\/fr\/wp-content\/uploads\/2026\/04\/neila-driss_avatar-96x96.jpg","contentUrl":"https:\/\/www.webdo.tn\/fr\/wp-content\/uploads\/2026\/04\/neila-driss_avatar-96x96.jpg","caption":"Ne\u00efla DRISS"},"description":"Ne\u00efla Driss est juriste, journaliste culturelle et critique de cin\u00e9ma tunisienne. Titulaire d\u2019un DEA en droit priv\u00e9 de l\u2019Universit\u00e9 Paris II et d\u2019un DESS de l\u2019IHEC Carthage, elle d\u00e9bute sa carri\u00e8re comme juriste sp\u00e9cialis\u00e9e en gestion de patrimoine immobilier. Elle s\u2019oriente ensuite vers l\u2019\u00e9criture en ligne, o\u00f9 elle se distingue d\u00e8s 2006 aux Tunisia Blog Awards, avant de se consacrer au journalisme culturel, avec une sp\u00e9cialisation dans la critique cin\u00e9matographique. Elle couvre r\u00e9guli\u00e8rement les grands festivals internationaux, notamment le Festival de Cannes, les Journ\u00e9es Cin\u00e9matographiques de Carthage et le Festival du film du Caire. Membre de l\u2019ATPCC et de la FIPRESCI, elle participe \u00e0 des jurys et initiatives internationales de critique. Depuis 2024, elle est \u00e9lectrice internationale aux Golden Globes. Facebook : https:\/\/www.facebook.com\/massir.destiniii\/ X : https:\/\/x.com\/MassirDestin","sameAs":["https:\/\/www.facebook.com\/massir.destiniii\/","https:\/\/www.instagram.com\/neila.driss\/?hl=fr","https:\/\/www.linkedin.com\/in\/neila-driss-22606a80\/","https:\/\/x.com\/https:\/\/x.com\/MassirDestin"],"knowsAbout":["Cin\u00e9ma international","critique cin\u00e9matographique","festivals de cin\u00e9ma","journalisme culturel"],"knowsLanguage":["Fran\u00e7ais","Arabe","Anglais"],"jobTitle":"Journaliste culturelle et critique de cin\u00e9ma","worksFor":"Webdo","url":"https:\/\/www.webdo.tn\/fr\/actualite\/author\/neila-driss\/"}]}},"_links":{"self":[{"href":"https:\/\/www.webdo.tn\/fr\/wp-json\/wp\/v2\/posts\/200003","targetHints":{"allow":["GET"]}}],"collection":[{"href":"https:\/\/www.webdo.tn\/fr\/wp-json\/wp\/v2\/posts"}],"about":[{"href":"https:\/\/www.webdo.tn\/fr\/wp-json\/wp\/v2\/types\/post"}],"author":[{"embeddable":true,"href":"https:\/\/www.webdo.tn\/fr\/wp-json\/wp\/v2\/users\/3164"}],"replies":[{"embeddable":true,"href":"https:\/\/www.webdo.tn\/fr\/wp-json\/wp\/v2\/comments?post=200003"}],"version-history":[{"count":0,"href":"https:\/\/www.webdo.tn\/fr\/wp-json\/wp\/v2\/posts\/200003\/revisions"}],"wp:featuredmedia":[{"embeddable":true,"href":"https:\/\/www.webdo.tn\/fr\/wp-json\/wp\/v2\/media\/349753"}],"wp:attachment":[{"href":"https:\/\/www.webdo.tn\/fr\/wp-json\/wp\/v2\/media?parent=200003"}],"wp:term":[{"taxonomy":"category","embeddable":true,"href":"https:\/\/www.webdo.tn\/fr\/wp-json\/wp\/v2\/categories?post=200003"},{"taxonomy":"post_tag","embeddable":true,"href":"https:\/\/www.webdo.tn\/fr\/wp-json\/wp\/v2\/tags?post=200003"}],"curies":[{"name":"wp","href":"https:\/\/api.w.org\/{rel}","templated":true}]}}