{"id":199999,"date":"2021-07-16T16:50:00","date_gmt":"2021-07-16T16:50:00","guid":{"rendered":"https:\/\/www.webdo.tn\/fr\/blog\/cannes-2021-the-story-of-my-wife-dildiko-enyedi\/199999\/"},"modified":"2021-07-16T16:50:00","modified_gmt":"2021-07-16T16:50:00","slug":"cannes-2021-the-story-of-my-wife-dildiko-enyedi","status":"publish","type":"post","link":"https:\/\/www.webdo.tn\/fr\/actualite\/culture\/cannes-2021-the-story-of-my-wife-dildiko-enyedi\/199999\/","title":{"rendered":"Cannes 2021 &#8211; \u00ab\u00a0The story of my wife\u00a0\u00bb d&rsquo;Ildiko Enyedi"},"content":{"rendered":"<div class=\"single-body entry-content typography-copy\" itemprop=\"articleBody\">\n<p style=\"font-weight: bold; text-align: justify\">\n<div class=\"coprs\" style=\"text-align: center\"><\/div>\n<div class=\"coprs\" style=\"text-align: justify\">\n<p>Inspir\u00e9 du roman de Mil\u00e1n F\u00fcst, paru en 1942, et portant le m\u00eame titre, le film <em>The story of my wife (L\u2019histoire de ma femme)<\/em>, en comp\u00e9tition officielle, marque le retour de la r\u00e9alisatrice hongroise Ildiko Enyedi \u00e0 Cannes, depuis qu&rsquo;elle a remport\u00e9 la Cam\u00e9ra d&rsquo;Or pour son premier film en 1989, <em>My Twentieth Century<\/em>, qui avait \u00e9t\u00e9 pr\u00e9sent\u00e9 dans la section Un Certain Regard.<\/p>\n<p><em>L&rsquo;histoire de ma femme<\/em>, \u00e9tait l&rsquo;un des romans pr\u00e9f\u00e9r\u00e9s d&rsquo;Ildiko lorsqu&rsquo;elle \u00e9tait adolescente, ce qui l&rsquo;a amen\u00e9e \u00e0 l&rsquo;adapter au cin\u00e9ma.<\/p>\n<p>Sur les conseils de son cuisinier, et pour \u00e9viter ses petits probl\u00e8mes de sant\u00e9, le grand, beau et viril capitaine Jakob St\u00f6rr (Gijs Naber) a d\u00e9cid\u00e9 de se marier. Alors qu&rsquo;il \u00e9tait dans un salon de th\u00e9 parisien avec l&rsquo;un de ses amis, il lui r\u00e9v\u00e8le cette d\u00e9cision et ajoute m\u00eame qu&rsquo;il \u00e9pouserait la premi\u00e8re femme qui entrerait dans ce m\u00eame salon de th\u00e9.<\/p>\n<p>Une femme est effectivement entr\u00e9e. Jakob ne la voit que de dos mais d\u00e9cide quand m\u00eame d&rsquo;aller lui parler. D\u00e8s le premier regard, il est subjugu\u00e9 !<\/p>\n<p>Elle, c\u2019est Lizzie (L\u00e9a Seydoux) et elle est magnifiquement belle !<\/p>\n<p>Gauche, intimid\u00e9, mais en m\u00eame temps courageux, Jakob fait sa demande en mariage et Lizzie l\u2019accepte !<\/p>\n<p>Cette premi\u00e8re discussion entre eux r\u00e9v\u00e8le une certaine complicit\u00e9, ils aiment tous les deux les d\u00e9fis et sont tous les deux enjou\u00e9s.<\/p>\n<p>Mais si Jakob va imm\u00e9diatement et irr\u00e9m\u00e9diablement tomber amoureux de cette femme et se d\u00e9vouera corps et \u00e2me \u00e0 son couple, qu&rsquo;en sera-t-il de Lizzie ?<\/p>\n<p>Pourquoi a-t-elle accept\u00e9 sa proposition ?<\/p>\n<p>A priori pour rendre jaloux un autre homme. Peut-\u00eatre aussi qu\u2019elle aime l\u2019aventure et que ce beau capitaine et son audace lui plaisent ? Sans oublier qu\u2019il est bel homme et a de la r\u00e9partie!<\/p>\n<p>\u00a0<\/p>\n<p><img decoding=\"async\" alt=\"The story of my wife\" height=\"563\" src=\"https:\/\/www.webdo.tn\/wp-content\/uploads\/2022\/03\/The-Story-of-my-wife-00.jpg\" width=\"1000\"> \u00ab\u00a0The story of my wife\u00a0\u00bb: Jakob (Gijs Naber) et Lizzie (L\u00e9a Seydoux)<\/p>\n<p>\u00a0<\/p>\n<p>D\u00e8s la premi\u00e8re nuit de noce, on comprend que Lizzie est une compagne coriace, elle est joueuse et tr\u00e8s forte. Lorsque Jakob propose une partie de strip poker, elle accepte. Rapidement, elle domine le jeu et on devine qu&rsquo;elle aura toujours le dessus dans leur relation.<\/p>\n<p>Jakob va essayer de s&rsquo;adapter \u00e0 elle, de s&rsquo;int\u00e9grer dans son cercle d&rsquo;amis, d\u2019adopter son mode de vie. Il commence par observer ce milieu parisien frivole qu\u2019il ne connait pas. Il est parfois jaloux, mais se contr\u00f4le parfaitement. Il observe et se tait. Et remplit son r\u00f4le de mari aimant et pr\u00e9venant, tr\u00e8s heureux \u00e0 chaque fois de r\u00e9int\u00e9grer le domicile conjugal apr\u00e8s chaque voyage en mer.<\/p>\n<p>Mais \u00e0 la suite d\u2019un accident que Lizzie a eu en rentrant chez elle un soir, qui lui sera r\u00e9v\u00e9l\u00e9 presque par hasard, et dont on ne connaitra pas les d\u00e9tails, le doute va commencer \u00e0 s\u2019immiscer en Jakob. Que s\u2019\u00e9tait-il donc pass\u00e9 ce soir-l\u00e0 entre Lizzy et son ami Dedin alors qu\u2019il \u00e9tait lui-m\u00eame absent ? M\u00eame si Jakob a fait le choix de ne pas en parler, \u00e0 partir de ce moment-l\u00e0, il ne sera plus pareil, il perdra sa s\u00e9r\u00e9nit\u00e9 et sa confiance totale en sa femme.<\/p>\n<p>Si Jakob est si amoureux de sa femme, qu\u2019en est-il de Lizzie ?<\/p>\n<p>Au d\u00e9but, elle semble elle aussi aimante et amoureuse. Mais ensuite ?<\/p>\n<p>Cette Lizzie est un sacr\u00e9 personnage. Elle est belle et elle fait tourner les t\u00eates. C\u2019est une f\u00eatarde, une femme qui attire, qui ne peut en aucun cas passer inaper\u00e7ue. Et elle sait jouer de son charme. Bien que Jakob essaye de la comprendre, de la cerner, elle arrive \u00e0 entretenir le myst\u00e8re, \u00e0 rester impr\u00e9visible, voire capricieuse.<\/p>\n<p>On aurait aim\u00e9 en savoir un peu plus sur Lizzy, sa personnalit\u00e9, ses r\u00e9actions, d\u00e9couvrir son pass\u00e9 et son cheminement, comprendre pourquoi elle se comporte ainsi avec cet homme qui lui a tout donn\u00e9 et qui l\u2019a autant aim\u00e9e, mais rien de tel parce que le film raconte le point de vue de Jakob, qui lui-m\u00eame se pose des questions. Est-ce que sa femme est amoureuse de lui ou profite-t-elle juste de son argent ? Est-elle fid\u00e8le ? Pendant ses longues absences, que fait-elle ? A quoi et surtout avec qui passe-t-elle son temps ? Lui cache-t-elle des choses ? Que signifient ses b\u00e2illements ? Quelle est donc cette indiff\u00e9rence qu\u2019elle semble lui manifester ? Et surtout qui est ce D\u00e9din (Louis Garel) qui se trouve toujours dans les parages de Lizzie et dont le nom assez significatif, correspond justement \u00e0 cette moue de d\u00e9dain qu\u2019il affiche envers les autres et en particulier envers Jakob ?<\/p>\n<p>Jakob a tellement de doutes qu\u2019il engage un d\u00e9tective priv\u00e9 pour essayer de trouver des r\u00e9ponses. Mais l\u2019attitude de Lizzie va le laisser dans un \u00e9tat permanent d\u2019incertitude.<\/p>\n<p>Cet homme qui paraissait si fort, costaud, solide, sachant prendre les bonnes d\u00e9cisions m\u00eame dans les cas extr\u00eames, a manqu\u00e9 de confiance en lui-m\u00eame d\u00e8s qu\u2019il est sorti de son environnement professionnel. D\u00e8s le moment o\u00f9 il est tomb\u00e9 amoureux et qu\u2019il a commenc\u00e9 \u00e0 jouer le jeu de sa femme, son monde s\u2019est \u00e9croul\u00e9. Mais il est pr\u00eat \u00e0 se battre pour essayer de se comprendre et de se d\u00e9couvrir lui-m\u00eame. Il prend sur lui et essaye de retomber sur ses pieds. Il n\u2019est pas dans le jugement. Il est pr\u00eat \u00e0 apprendre, \u00e0 d\u00e9couvrir l\u2019amour, l\u2019autre, la relation \u00e0 deux, et m\u00eame \u00e0 connaitre le but de la vie, ou une mani\u00e8re de l\u2019appr\u00e9hender diff\u00e9remment.<\/p>\n<p>\u00a0<\/p>\n<p><img decoding=\"async\" alt=\"The Story of my wife\" height=\"680\" src=\"https:\/\/www.webdo.tn\/wp-content\/uploads\/2022\/03\/The-StoryMyWifeRedCarpet.jpg\" width=\"1024\"> L&rsquo;\u00e9quipe du film \u201cThe Story of My Wife sur le tapis rouge: Louis Garrel,\u00a0 Monika Mecs, Gijs Naber, Ildiko Enyedi, Luna Wedler et Sergio Rubini.<\/p>\n<p>\u00a0<\/p>\n<p>\u00a0<\/p>\n<p>Lors de la conf\u00e9rence de presse qui a suivi la projection, \u00e0 laquelle malheureusement, L\u00e9a Seydoux, test\u00e9e positive au Covid 19 n\u2019avait pas pu assister, la r\u00e9alisatrice a expliqu\u00e9 qu\u2019une partie de la pr\u00e9paration de ces deux r\u00f4les principaux de Jakob et Lizzie, a \u00e9t\u00e9 faite s\u00e9par\u00e9ment, justement parce qu\u2019il s\u2019agit de deux d\u00e9fis diff\u00e9rents, pour essayer de garder au maximum les points de vue de chacun et pour qu\u2019il n\u2019y ait pas \u00e0 l\u2019\u00e9cran de complicit\u00e9 entre ces deux acteurs, comme cette complicit\u00e9 a fait d\u00e9faut aux deux personnages\/\u00e9poux.<\/p>\n<p>Elle a \u00e9galement d\u00e9clar\u00e9 avoir choisi ses acteurs, en se conformant en quelques sortes \u00e0 des st\u00e9r\u00e9otypes ou clich\u00e9s europ\u00e9ens. Pour le r\u00f4le de Jakob, elle voulait un hollandais, grand, costaud et blond.<\/p>\n<p>\u00ab <em>Je suis de culture europ\u00e9enne, ce roman reprend certains clich\u00e9s avec lesquels il joue merveilleusement bien, les arch\u00e9types de ce que sont diff\u00e9rentes nations en Europe, et j\u2019ai suivi ce roman\u2026 Je cherchais donc un n\u00e9erlandais pour ce r\u00f4le, quelqu\u2019un qui vienne du nord, de la partie protestante du l\u2019Europe, une personne solide qui croit dans les r\u00e8gles claires de la soci\u00e9t\u00e9 et qui contr\u00f4le sa vie. Mais son partenaire, son professeur, \u00e0 savoir la personne qui le pousse en avant et qui le fait sortir de sa petite zone logique de confort, n\u2019est pas seulement fran\u00e7aise mais elle est en plus parisienne ! Elle n\u2019est pas seulement jolie, mais elle est en plus intelligente et a beaucoup d\u2019esprit. Elle a diff\u00e9rents niveaux, facettes et beaucoup de secrets<\/em> \u00bb a-t-elle d\u00e9clar\u00e9.<\/p>\n<p>\u00ab <em>Est-ce un film triste ou une c\u00e9l\u00e9bration de l\u2019amour et de la vie ? Il est facile de tomber amoureux mais c\u2019est la suite qui compte, les conflits, les luttes\u2026 Il faut savoir en tirer des enseignements et avancer dans la vie<\/em> \u00bb a-t-elle ajout\u00e9. Et c\u2019est bien ce que raconte <em>The story of my life<\/em> : en m\u00eame temps une histoire d\u2019amour, avec ses hauts et ses bas, mais \u00e9galement une r\u00e9flexion sur le sens de la vie \u00e0 travers le cheminement de Jakob, qui d\u00e9couvre, apprend et change et les r\u00e9actions de Lizzie qui intrigue et pousse \u00e0 se poser des questions.<\/p>\n<p>Certains ont reproch\u00e9 au film d\u2019\u00eatre un peu long (2h49). Oui, possible. Mais ne fallait-il pas laisser le temps \u00e0 Jakob d\u2019\u00e9voluer et de changer ? Certainement. Jakob avait besoin de tout ce temps pour pouvoir accomplir son voyage de compr\u00e9hension du monde et des relations amoureuses. Et il fallait en plus que le spectateur accompagne le capitaine dans ce long voyage. Jakob a compris \u00e0 la fin. Lizzy donne des conseils \u00e0 un moment donn\u00e9 dans le film. Elle dit : \u00ab\u00a0il est inutile d\u2019attendre que la vie s\u2019accommode \u00e0 vous, vous devez accommoder la vie, sinon, elle vous punira\u00a0\u00bb. (<em>It is useless to wait for life to accomodate you, you must accomodate life. Otherwise, it will punish you<\/em>). En fait, pour elle lorsqu\u2019on passe toute sa vie \u00e0 faire avec la r\u00e9alit\u00e9 et essayer de tout contr\u00f4ler, on finit par se punir soi-m\u00eame.<\/p>\n<p><em>The story of my wife<\/em> est un film qui fait aussi r\u00e9fl\u00e9chir sur le sens de la vie. Faut-il \u00eatre toujours cart\u00e9sien, droit, \u00eatre carr\u00e9, tout programmer\u2026 ou bien prendre la vie telle qu\u2019elle se pr\u00e9sente, sans se poser de questions ?<\/p>\n<p>Peut-\u00eatre qu\u2019il aurait fallu un juste milieu entre les deux !<\/p>\n<p>\u00a0<\/p>\n<p><img decoding=\"async\" alt=\"The story of my wife\" height=\"383\" src=\"https:\/\/www.webdo.tn\/wp-content\/uploads\/2022\/03\/the-story-of-my-wife-danse.jpg\" width=\"681\"><br \/>\nThe story of my wife \u00ab\u00a0The story of my wife\u00a0\u00bb: Jakob (Gijs Naber) et Lizzie (L\u00e9a Seydoux)<\/p>\n<p>\u00a0<\/p>\n<p>Les deux acteurs sont excellents et tr\u00e8s justes\u00a0: Gijs Naber dans son r\u00f4le du beau capitaine, qui lorsqu\u2019il est sur son bateau est calme, rationnel, sachant prendre les d\u00e9cisions qui s\u2019imposent, y compris en cas de danger, et qui lorsqu\u2019il est face \u00e0 son \u00e9pouse perd tous ses moyens et devient tr\u00e8s vuln\u00e9rable, et la belle L\u00e9a Seydoux, en capricieuse, impr\u00e9visible et insaisissable Lizzie.<\/p>\n<p>Les images sont \u00e9galement superbes. Les d\u00e9corateurs et les costumiers ont tr\u00e8s bien su reconstituer les d\u00e9cors et l\u2019ambiance des ann\u00e9es 1920\/1930. Surtout Paris, une ville si existante et attirante qu\u2019on souhaiterait y vivre\u2026<\/p>\n<p><em>The story of my life<\/em> est un tr\u00e8s beau film qui donne, d\u2019ailleurs, envie d\u2019acheter le roman !<\/p>\n<p><strong>Ne\u00efla Driss<\/strong><\/p>\n<p><img decoding=\"async\" alt=\"cannes 2021\" height=\"104\" src=\"https:\/\/www.webdo.tn\/wp-content\/uploads\/2021\/07\/CANNES-2021_SIGNATURES_WEB_600x160_03.png\" width=\"390\"><\/p>\n<p>\u00a0<\/p>\n<p><em><em>Lire sur le m\u00eame sujet:<\/em><\/em><\/p>\n<ul>\n<li><a href=\"https:\/\/www.webdo.tn\/2021\/01\/10\/festival-de-cannes-la-74eme-edition-pourrait-etre-reportee-a-lete-2021\/\">Festival de Cannes \u2013 La 74\u00e8me \u00e9dition pourrait \u00eatre report\u00e9e \u00e0 l\u2019\u00e9t\u00e9 2021<\/a><\/li>\n<li><a href=\"https:\/\/www.webdo.tn\/2021\/01\/27\/cest-officiel-la-74eme-edition-du-festival-de-cannes-aura-lieu-en-juillet-2021\/\">C\u2019est officiel, la 74\u00e8me \u00e9dition du Festival de Cannes aura lieu en juillet 2021<\/a><\/li>\n<li><a href=\"https:\/\/www.webdo.tn\/2021\/06\/17\/cannes-2021-laffiche-de-la-74eme-edition-devoilee\/\">Cannes 2021 \u2013 L\u2019affiche de la 74\u00e8me \u00e9dition d\u00e9voil\u00e9e.<\/a><\/li>\n<li><a href=\"https:\/\/www.webdo.tn\/2021\/06\/18\/cannes-2021-kaouther-ben-hania-membre-du-jury-courts-metrages\/\">Cannes 2021 \u2013 Kaouther Ben Hania, membre du Jury Courts M\u00e9trages<\/a><\/li>\n<li><a href=\"https:\/\/www.webdo.tn\/2021\/07\/02\/cannes-2021-des-regles-sanitaires-strictes-pour-assurer-le-bon-deroulement-du-festival\/\">Cannes 2021 \u2013 Des r\u00e8gles sanitaires strictes pour assurer le bon d\u00e9roulement du festival<\/a><\/li>\n<li><a href=\"https:\/\/www.webdo.tn\/2021\/07\/05\/les-rendez-vous-du-cinema-arabe-au-festival-de-cannes-2021\/\">Les rendez-vous du cin\u00e9ma arabe au Festival de Cannes 2021<\/a><\/li>\n<li><a href=\"https:\/\/www.webdo.tn\/2021\/07\/07\/cannes-2021-une-ceremonie-qui-annonce-le-retour-a-la-vie-grace-a-la-magie-du-cinema\/\">Cannes 2021 \u2013 Une c\u00e9r\u00e9monie qui annonce le retour \u00e0 la vie gr\u00e2ce \u00e0 la magie du cin\u00e9ma<\/a><\/li>\n<li><a href=\"https:\/\/www.webdo.tn\/2021\/07\/12\/cannes-2021-deux-films-deux-manieres-de-denoncer-les-abus-sexuels\/\">Cannes 2021 \u2013 Deux films, deux mani\u00e8res de d\u00e9noncer les abus sexuels<\/a><\/li>\n<li><a href=\"https:\/\/www.webdo.tn\/2021\/07\/13\/cannes-2021-prix-des-critiques-arabes-meilleur-scenario-pour-lhomme-qui-a-vendu-sa-peau\/\">Cannes 2021 \u2013 Prix des critiques arabes: Meilleur sc\u00e9nario pour \u00ab\u00a0L\u2019homme qui a vendu sa peau\u00a0\u00bb<\/a><\/li>\n<li><a href=\"https:\/\/www.webdo.tn\/2021\/07\/14\/cannes-2021-une-histoire-damour-et-de-desir-de-leyla-bouzid-en-cloture-de-la-semaine-de-la-critique\/\">Cannes 2021 \u2013 \u00ab Une histoire d\u2019amour et de d\u00e9sir \u00bb de Leyla Bouzid en cl\u00f4ture de La Semaine de la Critique<\/a><\/li>\n<li><a href=\"https:\/\/www.webdo.tn\/2021\/07\/14\/cannes-2021-le-film-egyptien-feathers-plumes-remporte-le-grand-prix-nespresso%e2%80%a8-a-la-semaine-de-la-critique\/\">Cannes 2021 \u2013 Le film \u00e9gyptien \u00ab\u00a0Feathers\u00a0\u00bb remporte le Grand prix Nespresso\u2028\u00e0\u00a0la Semaine de la Critique<\/a><\/li>\n<li><a href=\"https:\/\/www.webdo.tn\/2021\/07\/16\/cannes-2021-longue-ovation-pour-le-marocain-nabil-ayouch\/?\">Cannes 2021 \u2013 Longue ovation pour le marocain Nabil Ayouch<\/a><\/li>\n<\/ul><\/div>\n<div class=\"coprs\" style=\"text-align: center\"><\/div><\/div>\n","protected":false},"excerpt":{"rendered":"<p>Cannes 2021 &#8211;  The story of my wife  d&rsquo;Ildiko Enyedi<\/p>\n","protected":false},"author":3164,"featured_media":368154,"comment_status":"open","ping_status":"closed","sticky":false,"template":"","format":"standard","meta":{"footnotes":""},"categories":[2594],"tags":[3460,9083,2626,9086,8670,2627,2655],"class_list":["post-199999","post","type-post","status-publish","format-standard","has-post-thumbnail","hentry","category-culture","tag-cannes","tag-cannes-2021","tag-cinema","tag-cinema-hongrois","tag-critique-de-film","tag-festival-de-cannes","tag-film"],"yoast_head":"<!-- This site is optimized with the Yoast SEO Premium plugin v27.5 (Yoast SEO v27.5) - https:\/\/yoast.com\/product\/yoast-seo-premium-wordpress\/ -->\n<title>Cannes 2021 - The story of my wife d&#039;Ildiko Enyedi<\/title>\n<meta name=\"description\" content=\"Cannes 2021 - The story of my wife d&#039;Ildiko Enyedi\" \/>\n<link rel=\"canonical\" href=\"https:\/\/www.webdo.tn\/fr\/actualite\/culture\/cannes-2021-the-story-of-my-wife-dildiko-enyedi\/199999\/\" \/>\n<meta property=\"og:locale\" content=\"fr_FR\" \/>\n<meta property=\"og:type\" content=\"article\" \/>\n<meta property=\"og:title\" content=\"Cannes 2021 - &quot;The story of my wife&quot; d&#039;Ildiko Enyedi\" \/>\n<meta property=\"og:description\" content=\"Cannes 2021 - The story of my wife d&#039;Ildiko Enyedi\" \/>\n<meta property=\"og:url\" content=\"https:\/\/www.webdo.tn\/fr\/actualite\/culture\/cannes-2021-the-story-of-my-wife-dildiko-enyedi\/199999\/\" \/>\n<meta property=\"og:site_name\" content=\"webdo\" \/>\n<meta property=\"article:publisher\" content=\"https:\/\/www.facebook.com\/webdotn\" \/>\n<meta property=\"article:author\" content=\"https:\/\/www.facebook.com\/massir.destiniii\/\" \/>\n<meta property=\"article:published_time\" content=\"2021-07-16T16:50:00+00:00\" \/>\n<meta property=\"og:image\" content=\"https:\/\/www.webdo.tn\/fr\/wp-content\/uploads\/2025\/06\/The-story-of-my-life-725x1024_199999.jpg\" \/>\n\t<meta property=\"og:image:width\" content=\"725\" \/>\n\t<meta property=\"og:image:height\" content=\"1024\" \/>\n\t<meta property=\"og:image:type\" content=\"image\/jpeg\" \/>\n<meta name=\"author\" content=\"Ne\u00efla DRISS\" \/>\n<meta name=\"twitter:card\" content=\"summary_large_image\" \/>\n<meta name=\"twitter:creator\" content=\"@https:\/\/x.com\/MassirDestin\" \/>\n<meta name=\"twitter:site\" content=\"@webdo_tn\" \/>\n<meta name=\"twitter:label1\" content=\"\u00c9crit par\" \/>\n\t<meta name=\"twitter:data1\" content=\"Ne\u00efla DRISS\" \/>\n\t<meta name=\"twitter:label2\" content=\"Dur\u00e9e de lecture estim\u00e9e\" \/>\n\t<meta name=\"twitter:data2\" content=\"10 minutes\" \/>\n<script type=\"application\/ld+json\" class=\"yoast-schema-graph\">{\"@context\":\"https:\\\/\\\/schema.org\",\"@graph\":[{\"@type\":\"NewsArticle\",\"@id\":\"https:\\\/\\\/www.webdo.tn\\\/fr\\\/actualite\\\/culture\\\/cannes-2021-the-story-of-my-wife-dildiko-enyedi\\\/199999\\\/#article\",\"isPartOf\":{\"@id\":\"https:\\\/\\\/www.webdo.tn\\\/fr\\\/actualite\\\/culture\\\/cannes-2021-the-story-of-my-wife-dildiko-enyedi\\\/199999\\\/\"},\"author\":{\"name\":\"Ne\u00efla DRISS\",\"@id\":\"https:\\\/\\\/www.webdo.tn\\\/fr\\\/#\\\/schema\\\/person\\\/60d5ba619ed3f58783b0dc82b7dada80\"},\"headline\":\"Cannes 2021 &#8211; \u00ab\u00a0The story of my wife\u00a0\u00bb d&rsquo;Ildiko Enyedi\",\"datePublished\":\"2021-07-16T16:50:00+00:00\",\"mainEntityOfPage\":{\"@id\":\"https:\\\/\\\/www.webdo.tn\\\/fr\\\/actualite\\\/culture\\\/cannes-2021-the-story-of-my-wife-dildiko-enyedi\\\/199999\\\/\"},\"wordCount\":1949,\"commentCount\":0,\"publisher\":{\"@id\":\"https:\\\/\\\/www.webdo.tn\\\/fr\\\/#organization\"},\"image\":{\"@id\":\"https:\\\/\\\/www.webdo.tn\\\/fr\\\/actualite\\\/culture\\\/cannes-2021-the-story-of-my-wife-dildiko-enyedi\\\/199999\\\/#primaryimage\"},\"thumbnailUrl\":\"https:\\\/\\\/www.webdo.tn\\\/fr\\\/wp-content\\\/uploads\\\/2025\\\/06\\\/The-story-of-my-life-725x1024_199999.jpg\",\"keywords\":[\"cannes\",\"Cannes 2021\",\"Cin\u00e9ma\",\"Cin\u00e9ma Hongrois\",\"Critique de film\",\"Festival de Cannes\",\"Film\"],\"articleSection\":[\"Culture\"],\"inLanguage\":\"fr-FR\"},{\"@type\":\"WebPage\",\"@id\":\"https:\\\/\\\/www.webdo.tn\\\/fr\\\/actualite\\\/culture\\\/cannes-2021-the-story-of-my-wife-dildiko-enyedi\\\/199999\\\/\",\"url\":\"https:\\\/\\\/www.webdo.tn\\\/fr\\\/actualite\\\/culture\\\/cannes-2021-the-story-of-my-wife-dildiko-enyedi\\\/199999\\\/\",\"name\":\"Cannes 2021 - The story of my wife d'Ildiko Enyedi\",\"isPartOf\":{\"@id\":\"https:\\\/\\\/www.webdo.tn\\\/fr\\\/#website\"},\"primaryImageOfPage\":{\"@id\":\"https:\\\/\\\/www.webdo.tn\\\/fr\\\/actualite\\\/culture\\\/cannes-2021-the-story-of-my-wife-dildiko-enyedi\\\/199999\\\/#primaryimage\"},\"image\":{\"@id\":\"https:\\\/\\\/www.webdo.tn\\\/fr\\\/actualite\\\/culture\\\/cannes-2021-the-story-of-my-wife-dildiko-enyedi\\\/199999\\\/#primaryimage\"},\"thumbnailUrl\":\"https:\\\/\\\/www.webdo.tn\\\/fr\\\/wp-content\\\/uploads\\\/2025\\\/06\\\/The-story-of-my-life-725x1024_199999.jpg\",\"datePublished\":\"2021-07-16T16:50:00+00:00\",\"description\":\"Cannes 2021 - The story of my wife d'Ildiko Enyedi\",\"breadcrumb\":{\"@id\":\"https:\\\/\\\/www.webdo.tn\\\/fr\\\/actualite\\\/culture\\\/cannes-2021-the-story-of-my-wife-dildiko-enyedi\\\/199999\\\/#breadcrumb\"},\"inLanguage\":\"fr-FR\",\"potentialAction\":[{\"@type\":\"ReadAction\",\"target\":[\"https:\\\/\\\/www.webdo.tn\\\/fr\\\/actualite\\\/culture\\\/cannes-2021-the-story-of-my-wife-dildiko-enyedi\\\/199999\\\/\"]}]},{\"@type\":\"ImageObject\",\"inLanguage\":\"fr-FR\",\"@id\":\"https:\\\/\\\/www.webdo.tn\\\/fr\\\/actualite\\\/culture\\\/cannes-2021-the-story-of-my-wife-dildiko-enyedi\\\/199999\\\/#primaryimage\",\"url\":\"https:\\\/\\\/www.webdo.tn\\\/fr\\\/wp-content\\\/uploads\\\/2025\\\/06\\\/The-story-of-my-life-725x1024_199999.jpg\",\"contentUrl\":\"https:\\\/\\\/www.webdo.tn\\\/fr\\\/wp-content\\\/uploads\\\/2025\\\/06\\\/The-story-of-my-life-725x1024_199999.jpg\",\"width\":725,\"height\":1024,\"caption\":\"Cannes 2021 - \\\"The story of my wife\\\" d'Ildiko Enyedi\"},{\"@type\":\"BreadcrumbList\",\"@id\":\"https:\\\/\\\/www.webdo.tn\\\/fr\\\/actualite\\\/culture\\\/cannes-2021-the-story-of-my-wife-dildiko-enyedi\\\/199999\\\/#breadcrumb\",\"itemListElement\":[{\"@type\":\"ListItem\",\"position\":1,\"name\":\"Accueil\",\"item\":\"https:\\\/\\\/www.webdo.tn\\\/fr\\\/\"},{\"@type\":\"ListItem\",\"position\":2,\"name\":\"Cannes 2021 &#8211; \u00ab\u00a0The story of my wife\u00a0\u00bb d&rsquo;Ildiko Enyedi\"}]},{\"@type\":\"WebSite\",\"@id\":\"https:\\\/\\\/www.webdo.tn\\\/fr\\\/#website\",\"url\":\"https:\\\/\\\/www.webdo.tn\\\/fr\\\/\",\"name\":\"webdo\",\"description\":\"Tunisie - News en Tunisie et \u00e0 l&#039;international sur Webdo.tn\",\"publisher\":{\"@id\":\"https:\\\/\\\/www.webdo.tn\\\/fr\\\/#organization\"},\"potentialAction\":[{\"@type\":\"SearchAction\",\"target\":{\"@type\":\"EntryPoint\",\"urlTemplate\":\"https:\\\/\\\/www.webdo.tn\\\/fr\\\/?s={search_term_string}\"},\"query-input\":{\"@type\":\"PropertyValueSpecification\",\"valueRequired\":true,\"valueName\":\"search_term_string\"}}],\"inLanguage\":\"fr-FR\"},{\"@type\":\"Organization\",\"@id\":\"https:\\\/\\\/www.webdo.tn\\\/fr\\\/#organization\",\"name\":\"Webdo\",\"alternateName\":\"Webdo.tn\",\"url\":\"https:\\\/\\\/www.webdo.tn\\\/fr\\\/\",\"logo\":{\"@type\":\"ImageObject\",\"inLanguage\":\"fr-FR\",\"@id\":\"https:\\\/\\\/www.webdo.tn\\\/fr\\\/#\\\/schema\\\/logo\\\/image\\\/\",\"url\":\"https:\\\/\\\/www.webdo.tn\\\/fr\\\/wp-content\\\/uploads\\\/2025\\\/06\\\/Webdo-Tunisie_168377.jpg\",\"contentUrl\":\"https:\\\/\\\/www.webdo.tn\\\/fr\\\/wp-content\\\/uploads\\\/2025\\\/06\\\/Webdo-Tunisie_168377.jpg\",\"width\":301,\"height\":301,\"caption\":\"Webdo\"},\"image\":{\"@id\":\"https:\\\/\\\/www.webdo.tn\\\/fr\\\/#\\\/schema\\\/logo\\\/image\\\/\"},\"sameAs\":[\"https:\\\/\\\/www.facebook.com\\\/webdotn\",\"https:\\\/\\\/x.com\\\/webdo_tn\"],\"description\":\"Webdo est un m\u00e9dia num\u00e9rique tunisien fond\u00e9 en 2010, sp\u00e9cialis\u00e9 dans l\u2019actualit\u00e9 nationale et internationale, l\u2019\u00e9conomie, la soci\u00e9t\u00e9 et les analyses politiques. Le site s\u2019adresse \u00e0 un large public francophone et couvre l\u2019information tunisienne en temps r\u00e9el.\",\"email\":\"redac@webdo.tn\",\"legalName\":\"YNJ SARL\",\"foundingDate\":\"2010-09-06\",\"numberOfEmployees\":{\"@type\":\"QuantitativeValue\",\"minValue\":\"11\",\"maxValue\":\"50\"}},{\"@type\":\"Person\",\"@id\":\"https:\\\/\\\/www.webdo.tn\\\/fr\\\/#\\\/schema\\\/person\\\/60d5ba619ed3f58783b0dc82b7dada80\",\"name\":\"Ne\u00efla DRISS\",\"image\":{\"@type\":\"ImageObject\",\"inLanguage\":\"fr-FR\",\"@id\":\"https:\\\/\\\/www.webdo.tn\\\/fr\\\/wp-content\\\/uploads\\\/2026\\\/04\\\/neila-driss_avatar-96x96.jpg\",\"url\":\"https:\\\/\\\/www.webdo.tn\\\/fr\\\/wp-content\\\/uploads\\\/2026\\\/04\\\/neila-driss_avatar-96x96.jpg\",\"contentUrl\":\"https:\\\/\\\/www.webdo.tn\\\/fr\\\/wp-content\\\/uploads\\\/2026\\\/04\\\/neila-driss_avatar-96x96.jpg\",\"caption\":\"Ne\u00efla DRISS\"},\"description\":\"Ne\u00efla Driss est juriste, journaliste culturelle et critique de cin\u00e9ma tunisienne. Titulaire d\u2019un DEA en droit priv\u00e9 de l\u2019Universit\u00e9 Paris II et d\u2019un DESS de l\u2019IHEC Carthage, elle d\u00e9bute sa carri\u00e8re comme juriste sp\u00e9cialis\u00e9e en gestion de patrimoine immobilier. Elle s\u2019oriente ensuite vers l\u2019\u00e9criture en ligne, o\u00f9 elle se distingue d\u00e8s 2006 aux Tunisia Blog Awards, avant de se consacrer au journalisme culturel, avec une sp\u00e9cialisation dans la critique cin\u00e9matographique. Elle couvre r\u00e9guli\u00e8rement les grands festivals internationaux, notamment le Festival de Cannes, les Journ\u00e9es Cin\u00e9matographiques de Carthage et le Festival du film du Caire. Membre de l\u2019ATPCC et de la FIPRESCI, elle participe \u00e0 des jurys et initiatives internationales de critique. Depuis 2024, elle est \u00e9lectrice internationale aux Golden Globes. Facebook : https:\\\/\\\/www.facebook.com\\\/massir.destiniii\\\/ X : https:\\\/\\\/x.com\\\/MassirDestin\",\"sameAs\":[\"https:\\\/\\\/www.facebook.com\\\/massir.destiniii\\\/\",\"https:\\\/\\\/www.instagram.com\\\/neila.driss\\\/?hl=fr\",\"https:\\\/\\\/www.linkedin.com\\\/in\\\/neila-driss-22606a80\\\/\",\"https:\\\/\\\/x.com\\\/https:\\\/\\\/x.com\\\/MassirDestin\"],\"knowsAbout\":[\"Cin\u00e9ma international\",\"critique cin\u00e9matographique\",\"festivals de cin\u00e9ma\",\"journalisme culturel\"],\"knowsLanguage\":[\"Fran\u00e7ais\",\"Arabe\",\"Anglais\"],\"jobTitle\":\"Journaliste culturelle et critique de cin\u00e9ma\",\"worksFor\":\"Webdo\",\"url\":\"https:\\\/\\\/www.webdo.tn\\\/fr\\\/actualite\\\/author\\\/neila-driss\\\/\"}]}<\/script>\n<!-- \/ Yoast SEO Premium plugin. -->","yoast_head_json":{"title":"Cannes 2021 - The story of my wife d'Ildiko Enyedi","description":"Cannes 2021 - The story of my wife d'Ildiko Enyedi","canonical":"https:\/\/www.webdo.tn\/fr\/actualite\/culture\/cannes-2021-the-story-of-my-wife-dildiko-enyedi\/199999\/","og_locale":"fr_FR","og_type":"article","og_title":"Cannes 2021 - \"The story of my wife\" d'Ildiko Enyedi","og_description":"Cannes 2021 - The story of my wife d'Ildiko Enyedi","og_url":"https:\/\/www.webdo.tn\/fr\/actualite\/culture\/cannes-2021-the-story-of-my-wife-dildiko-enyedi\/199999\/","og_site_name":"webdo","article_publisher":"https:\/\/www.facebook.com\/webdotn","article_author":"https:\/\/www.facebook.com\/massir.destiniii\/","article_published_time":"2021-07-16T16:50:00+00:00","og_image":[{"width":725,"height":1024,"url":"https:\/\/www.webdo.tn\/fr\/wp-content\/uploads\/2025\/06\/The-story-of-my-life-725x1024_199999.jpg","type":"image\/jpeg"}],"author":"Ne\u00efla DRISS","twitter_card":"summary_large_image","twitter_creator":"@https:\/\/x.com\/MassirDestin","twitter_site":"@webdo_tn","twitter_misc":{"\u00c9crit par":"Ne\u00efla DRISS","Dur\u00e9e de lecture estim\u00e9e":"10 minutes"},"schema":{"@context":"https:\/\/schema.org","@graph":[{"@type":"NewsArticle","@id":"https:\/\/www.webdo.tn\/fr\/actualite\/culture\/cannes-2021-the-story-of-my-wife-dildiko-enyedi\/199999\/#article","isPartOf":{"@id":"https:\/\/www.webdo.tn\/fr\/actualite\/culture\/cannes-2021-the-story-of-my-wife-dildiko-enyedi\/199999\/"},"author":{"name":"Ne\u00efla DRISS","@id":"https:\/\/www.webdo.tn\/fr\/#\/schema\/person\/60d5ba619ed3f58783b0dc82b7dada80"},"headline":"Cannes 2021 &#8211; \u00ab\u00a0The story of my wife\u00a0\u00bb d&rsquo;Ildiko Enyedi","datePublished":"2021-07-16T16:50:00+00:00","mainEntityOfPage":{"@id":"https:\/\/www.webdo.tn\/fr\/actualite\/culture\/cannes-2021-the-story-of-my-wife-dildiko-enyedi\/199999\/"},"wordCount":1949,"commentCount":0,"publisher":{"@id":"https:\/\/www.webdo.tn\/fr\/#organization"},"image":{"@id":"https:\/\/www.webdo.tn\/fr\/actualite\/culture\/cannes-2021-the-story-of-my-wife-dildiko-enyedi\/199999\/#primaryimage"},"thumbnailUrl":"https:\/\/www.webdo.tn\/fr\/wp-content\/uploads\/2025\/06\/The-story-of-my-life-725x1024_199999.jpg","keywords":["cannes","Cannes 2021","Cin\u00e9ma","Cin\u00e9ma Hongrois","Critique de film","Festival de Cannes","Film"],"articleSection":["Culture"],"inLanguage":"fr-FR"},{"@type":"WebPage","@id":"https:\/\/www.webdo.tn\/fr\/actualite\/culture\/cannes-2021-the-story-of-my-wife-dildiko-enyedi\/199999\/","url":"https:\/\/www.webdo.tn\/fr\/actualite\/culture\/cannes-2021-the-story-of-my-wife-dildiko-enyedi\/199999\/","name":"Cannes 2021 - The story of my wife d'Ildiko Enyedi","isPartOf":{"@id":"https:\/\/www.webdo.tn\/fr\/#website"},"primaryImageOfPage":{"@id":"https:\/\/www.webdo.tn\/fr\/actualite\/culture\/cannes-2021-the-story-of-my-wife-dildiko-enyedi\/199999\/#primaryimage"},"image":{"@id":"https:\/\/www.webdo.tn\/fr\/actualite\/culture\/cannes-2021-the-story-of-my-wife-dildiko-enyedi\/199999\/#primaryimage"},"thumbnailUrl":"https:\/\/www.webdo.tn\/fr\/wp-content\/uploads\/2025\/06\/The-story-of-my-life-725x1024_199999.jpg","datePublished":"2021-07-16T16:50:00+00:00","description":"Cannes 2021 - The story of my wife d'Ildiko Enyedi","breadcrumb":{"@id":"https:\/\/www.webdo.tn\/fr\/actualite\/culture\/cannes-2021-the-story-of-my-wife-dildiko-enyedi\/199999\/#breadcrumb"},"inLanguage":"fr-FR","potentialAction":[{"@type":"ReadAction","target":["https:\/\/www.webdo.tn\/fr\/actualite\/culture\/cannes-2021-the-story-of-my-wife-dildiko-enyedi\/199999\/"]}]},{"@type":"ImageObject","inLanguage":"fr-FR","@id":"https:\/\/www.webdo.tn\/fr\/actualite\/culture\/cannes-2021-the-story-of-my-wife-dildiko-enyedi\/199999\/#primaryimage","url":"https:\/\/www.webdo.tn\/fr\/wp-content\/uploads\/2025\/06\/The-story-of-my-life-725x1024_199999.jpg","contentUrl":"https:\/\/www.webdo.tn\/fr\/wp-content\/uploads\/2025\/06\/The-story-of-my-life-725x1024_199999.jpg","width":725,"height":1024,"caption":"Cannes 2021 - \"The story of my wife\" d'Ildiko Enyedi"},{"@type":"BreadcrumbList","@id":"https:\/\/www.webdo.tn\/fr\/actualite\/culture\/cannes-2021-the-story-of-my-wife-dildiko-enyedi\/199999\/#breadcrumb","itemListElement":[{"@type":"ListItem","position":1,"name":"Accueil","item":"https:\/\/www.webdo.tn\/fr\/"},{"@type":"ListItem","position":2,"name":"Cannes 2021 &#8211; \u00ab\u00a0The story of my wife\u00a0\u00bb d&rsquo;Ildiko Enyedi"}]},{"@type":"WebSite","@id":"https:\/\/www.webdo.tn\/fr\/#website","url":"https:\/\/www.webdo.tn\/fr\/","name":"webdo","description":"Tunisie - News en Tunisie et \u00e0 l&#039;international sur Webdo.tn","publisher":{"@id":"https:\/\/www.webdo.tn\/fr\/#organization"},"potentialAction":[{"@type":"SearchAction","target":{"@type":"EntryPoint","urlTemplate":"https:\/\/www.webdo.tn\/fr\/?s={search_term_string}"},"query-input":{"@type":"PropertyValueSpecification","valueRequired":true,"valueName":"search_term_string"}}],"inLanguage":"fr-FR"},{"@type":"Organization","@id":"https:\/\/www.webdo.tn\/fr\/#organization","name":"Webdo","alternateName":"Webdo.tn","url":"https:\/\/www.webdo.tn\/fr\/","logo":{"@type":"ImageObject","inLanguage":"fr-FR","@id":"https:\/\/www.webdo.tn\/fr\/#\/schema\/logo\/image\/","url":"https:\/\/www.webdo.tn\/fr\/wp-content\/uploads\/2025\/06\/Webdo-Tunisie_168377.jpg","contentUrl":"https:\/\/www.webdo.tn\/fr\/wp-content\/uploads\/2025\/06\/Webdo-Tunisie_168377.jpg","width":301,"height":301,"caption":"Webdo"},"image":{"@id":"https:\/\/www.webdo.tn\/fr\/#\/schema\/logo\/image\/"},"sameAs":["https:\/\/www.facebook.com\/webdotn","https:\/\/x.com\/webdo_tn"],"description":"Webdo est un m\u00e9dia num\u00e9rique tunisien fond\u00e9 en 2010, sp\u00e9cialis\u00e9 dans l\u2019actualit\u00e9 nationale et internationale, l\u2019\u00e9conomie, la soci\u00e9t\u00e9 et les analyses politiques. Le site s\u2019adresse \u00e0 un large public francophone et couvre l\u2019information tunisienne en temps r\u00e9el.","email":"redac@webdo.tn","legalName":"YNJ SARL","foundingDate":"2010-09-06","numberOfEmployees":{"@type":"QuantitativeValue","minValue":"11","maxValue":"50"}},{"@type":"Person","@id":"https:\/\/www.webdo.tn\/fr\/#\/schema\/person\/60d5ba619ed3f58783b0dc82b7dada80","name":"Ne\u00efla DRISS","image":{"@type":"ImageObject","inLanguage":"fr-FR","@id":"https:\/\/www.webdo.tn\/fr\/wp-content\/uploads\/2026\/04\/neila-driss_avatar-96x96.jpg","url":"https:\/\/www.webdo.tn\/fr\/wp-content\/uploads\/2026\/04\/neila-driss_avatar-96x96.jpg","contentUrl":"https:\/\/www.webdo.tn\/fr\/wp-content\/uploads\/2026\/04\/neila-driss_avatar-96x96.jpg","caption":"Ne\u00efla DRISS"},"description":"Ne\u00efla Driss est juriste, journaliste culturelle et critique de cin\u00e9ma tunisienne. Titulaire d\u2019un DEA en droit priv\u00e9 de l\u2019Universit\u00e9 Paris II et d\u2019un DESS de l\u2019IHEC Carthage, elle d\u00e9bute sa carri\u00e8re comme juriste sp\u00e9cialis\u00e9e en gestion de patrimoine immobilier. Elle s\u2019oriente ensuite vers l\u2019\u00e9criture en ligne, o\u00f9 elle se distingue d\u00e8s 2006 aux Tunisia Blog Awards, avant de se consacrer au journalisme culturel, avec une sp\u00e9cialisation dans la critique cin\u00e9matographique. Elle couvre r\u00e9guli\u00e8rement les grands festivals internationaux, notamment le Festival de Cannes, les Journ\u00e9es Cin\u00e9matographiques de Carthage et le Festival du film du Caire. Membre de l\u2019ATPCC et de la FIPRESCI, elle participe \u00e0 des jurys et initiatives internationales de critique. Depuis 2024, elle est \u00e9lectrice internationale aux Golden Globes. Facebook : https:\/\/www.facebook.com\/massir.destiniii\/ X : https:\/\/x.com\/MassirDestin","sameAs":["https:\/\/www.facebook.com\/massir.destiniii\/","https:\/\/www.instagram.com\/neila.driss\/?hl=fr","https:\/\/www.linkedin.com\/in\/neila-driss-22606a80\/","https:\/\/x.com\/https:\/\/x.com\/MassirDestin"],"knowsAbout":["Cin\u00e9ma international","critique cin\u00e9matographique","festivals de cin\u00e9ma","journalisme culturel"],"knowsLanguage":["Fran\u00e7ais","Arabe","Anglais"],"jobTitle":"Journaliste culturelle et critique de cin\u00e9ma","worksFor":"Webdo","url":"https:\/\/www.webdo.tn\/fr\/actualite\/author\/neila-driss\/"}]}},"_links":{"self":[{"href":"https:\/\/www.webdo.tn\/fr\/wp-json\/wp\/v2\/posts\/199999","targetHints":{"allow":["GET"]}}],"collection":[{"href":"https:\/\/www.webdo.tn\/fr\/wp-json\/wp\/v2\/posts"}],"about":[{"href":"https:\/\/www.webdo.tn\/fr\/wp-json\/wp\/v2\/types\/post"}],"author":[{"embeddable":true,"href":"https:\/\/www.webdo.tn\/fr\/wp-json\/wp\/v2\/users\/3164"}],"replies":[{"embeddable":true,"href":"https:\/\/www.webdo.tn\/fr\/wp-json\/wp\/v2\/comments?post=199999"}],"version-history":[{"count":0,"href":"https:\/\/www.webdo.tn\/fr\/wp-json\/wp\/v2\/posts\/199999\/revisions"}],"wp:featuredmedia":[{"embeddable":true,"href":"https:\/\/www.webdo.tn\/fr\/wp-json\/wp\/v2\/media\/368154"}],"wp:attachment":[{"href":"https:\/\/www.webdo.tn\/fr\/wp-json\/wp\/v2\/media?parent=199999"}],"wp:term":[{"taxonomy":"category","embeddable":true,"href":"https:\/\/www.webdo.tn\/fr\/wp-json\/wp\/v2\/categories?post=199999"},{"taxonomy":"post_tag","embeddable":true,"href":"https:\/\/www.webdo.tn\/fr\/wp-json\/wp\/v2\/tags?post=199999"}],"curies":[{"name":"wp","href":"https:\/\/api.w.org\/{rel}","templated":true}]}}