{"id":199995,"date":"2022-02-08T16:30:00","date_gmt":"2022-02-08T16:30:00","guid":{"rendered":"https:\/\/www.webdo.tn\/fr\/blog\/le-miracle-parisien-dom-kalthoum\/199995\/"},"modified":"2025-05-14T11:18:54","modified_gmt":"2025-05-14T11:18:54","slug":"le-miracle-parisien-dom-kalthoum","status":"publish","type":"post","link":"https:\/\/www.webdo.tn\/fr\/actualite\/culture\/le-miracle-parisien-dom-kalthoum\/199995\/","title":{"rendered":"Le miracle parisien d&rsquo;Om Kalthoum"},"content":{"rendered":"<div class=\"single-body entry-content typography-copy\" itemprop=\"articleBody\">\n<p style=\"font-weight: bold; text-align: justify\">\n<div class=\"coprs\" style=\"text-align: center\"><\/div>\n<div class=\"coprs\" style=\"text-align: justify\">\n<div class=\"c1et5uql cxmmr5t8 hcukyx3x ii04i59q o9v6fnle oygrvhab\">\n<div dir=\"auto\">\n<p>En voyage au Caire, Bruno Coquatrix (directeur g\u00e9n\u00e9ral de l&rsquo;<a href=\"https:\/\/fr.wikipedia.org\/wiki\/Olympia_(Paris)\" title=\"Olympia (Paris)\">Olympia<\/a>\u00a0de\u00a0<a href=\"https:\/\/fr.wikipedia.org\/wiki\/Paris\" title=\"Paris\">Paris<\/a> de 1954 \u00e0 1979) avait rencontr\u00e9 le Ministre \u00e9gyptien des Affaires Culturelles, qui lui avait demand\u00e9 pourquoi il n&rsquo;engageait pas Om Kalthoum pour un concert \u00e0 Paris?<\/p>\n<\/div>\n<\/div>\n<div class=\"c1et5uql cxmmr5t8 hcukyx3x ii04i59q o9v6fnle oygrvhab\">\n<div dir=\"auto\">Bruno Coquatrix ne la connaissant pas du tout, pensait qu&rsquo;il s&rsquo;agissait d&rsquo;une danseuse du ventre. Il n&rsquo;avait jamais entendu parler d&rsquo;elle, et le ministre lui avait dit qu&rsquo;elle \u00e9tait une tr\u00e8s grande chanteuse et qu&rsquo;en Egypte, les billets pour ses concerts \u00e9taient achet\u00e9s 2 ans \u00e0 l&rsquo;avance!<\/div>\n<\/div>\n<div class=\"c1et5uql cxmmr5t8 hcukyx3x ii04i59q o9v6fnle oygrvhab\">\n<div dir=\"auto\">A sa demande, Om Kalthoum avait consenti \u00e0 rencontrer Bruno Coquatrix et avait accept\u00e9 d&rsquo;aller chanter \u00e0 Paris. Mais elle avait fix\u00e9 elle-m\u00eame son cachet: 20 millions de centimes pour deux r\u00e9citals, plus tous ses frais de s\u00e9jours, plus un h\u00e9bergement dans un grand palace parisien, pour elle et pour les 30 membres de son orchestre.<\/div>\n<\/div>\n<div dir=\"auto\">Jamais le directeur de l&rsquo;Olympia n&rsquo;avait vers\u00e9 une telle somme pour une artiste, pourtant il avait accept\u00e9. Le cachet \u00e9tait tellement important, que les prix des billets avaient \u00e9t\u00e9 fix\u00e9s \u00e0 30 000 anciens francs (environ 45 euros), ce qui \u00e9tait \u00e9norme \u00e0 l&rsquo;\u00e9poque.<\/div>\n<div class=\"c1et5uql cxmmr5t8 hcukyx3x ii04i59q o9v6fnle oygrvhab\">\n<div dir=\"auto\">\u00a0<\/div>\n<\/div>\n<p><a href=\"https:\/\/www.ina.fr\/ina-eclaire-actu\/video\/i15021912\/bruno-coquatrix-a-propos-d-oum-kalsoum\">Pour \u00e9couter Bruno Coquatrix raconter, cliquer ici.\u00a0<\/a><\/p>\n<p>\u00a0<\/p>\n<div dir=\"auto\"><img decoding=\"async\" alt=\"Om Kalthoum \u00e0 Paris\" height=\"614\" src=\"http:\/\/www.webdo.tn\/wp-content\/uploads\/2022\/02\/Om-Kalthoum-a-Paris-place-de-la-Concorde.jpg\" width=\"500\"><br \/>\nOm Kalthoum devant l&rsquo;Ob\u00e9lisque de la Place de la Concorde \u00e0 Paris<\/div>\n<div dir=\"auto\">\u00a0<\/div>\n<div class=\"c1et5uql cxmmr5t8 hcukyx3x ii04i59q o9v6fnle oygrvhab\">\n<div dir=\"auto\">Jusqu&rsquo;\u00e0 huit jours avant la date pr\u00e9vue pour les concerts \u00e0 Paris, aucun billet n&rsquo;avait \u00e9t\u00e9 vendu, les gens ne croyaient pas qu&rsquo;Om Kalthoum allait r\u00e9ellement se d\u00e9placer \u00e0 Paris. D&rsquo;ailleurs ces deux concerts \u00e0 l&rsquo;Olympia sont les seuls concerts que la diva a donn\u00e9 en Europe.<\/div>\n<\/div>\n<div dir=\"auto\">\u00a0<\/div>\n<div class=\"c1et5uql cxmmr5t8 hcukyx3x ii04i59q o9v6fnle oygrvhab\">\n<div dir=\"auto\">\u00a0<\/div>\n<\/div>\n<div class=\"c1et5uql cxmmr5t8 hcukyx3x ii04i59q o9v6fnle oygrvhab\">\n<div dir=\"auto\">A l&rsquo;arriv\u00e9e d&rsquo;Om Kalthoum \u00e0 Paris, la t\u00e9l\u00e9vision fran\u00e7aise avait envoy\u00e9 un journaliste la filmer \u00e0 l&rsquo;a\u00e9roport, pour un reportage pour le journal t\u00e9l\u00e9vis\u00e9. C&rsquo;est ainsi que les gens avaient vu qu&rsquo;elle \u00e9tait vraiment l\u00e0. D\u00e8s le soir m\u00eame, cela avait \u00e9t\u00e9 la ru\u00e9e pour acheter les billets. Les admirateurs \u00e9taient venus d&rsquo;un peu partout en Europe, il y avait eu des charters d&rsquo;Angleterre, d&rsquo;Allemagne, de Belgique&#8230; Il y avait des gens de toutes les classes sociales: la classe d\u00e9favoris\u00e9e, la classe moyenne, mais aussi des riches, des princes des pays du Golfe&#8230; Les deux concerts \u00e9taient archi archi complets!<\/div>\n<div dir=\"auto\">\u00a0<\/div>\n<div dir=\"auto\">\u00a0<\/div>\n<\/div>\n<div class=\"c1et5uql cxmmr5t8 hcukyx3x ii04i59q o9v6fnle oygrvhab\">\n<div dir=\"auto\"><img decoding=\"async\" alt=\"Om Kalthoum \u00e0 l'Olympia \u00e0 Paris\" height=\"457\" src=\"http:\/\/www.webdo.tn\/wp-content\/uploads\/2022\/02\/Om-Kalthoum-a-Paris-a-lOlympia-D-1024x672.jpg\" width=\"696\"><br \/>\nLe public des concerts d&rsquo;Om Kalthoum \u00e0 l&rsquo;Olympia de Paris<\/div>\n<div dir=\"auto\">\u00a0<\/div>\n<div dir=\"auto\">\u00a0<\/div>\n<\/div>\n<div class=\"c1et5uql cxmmr5t8 hcukyx3x ii04i59q o9v6fnle oygrvhab\">\n<div dir=\"auto\">Un homme \u00e9tait arriv\u00e9 \u00e0 la caisse, il voulait une place au premier rang, mais il n&rsquo;y en avait plus. Il avait pos\u00e9 \u00e0 la caisse 100 000 anciens francs, mais la caissi\u00e8re lui avait r\u00e9pondu qu&rsquo;il n&rsquo;y avait plus de place au premier rang. Il avait alors propos\u00e9 200 000 AFR, et ensuite 500 000 AFR, mais la caissi\u00e8re lui avait r\u00e9pondu qu&rsquo;elle n&rsquo;y pouvait rien, il n&rsquo;y avait plus de place au 1er rang. Il avait alors tir\u00e9 son revolver pour la menacer. Il avait \u00e9t\u00e9 maitris\u00e9 mais avait pu obtenir une chaise entre deux strapontins, au premier rang.<\/div>\n<\/div>\n<div dir=\"auto\">\u00a0<\/div>\n<div class=\"c1et5uql cxmmr5t8 hcukyx3x ii04i59q o9v6fnle oygrvhab\">\n<div dir=\"auto\">A chacun de ces deux r\u00e9citals, Om Kalthoum avait chant\u00e9 3 chansons, pendant environ 6 heures par soir, de 21h \u00e0 presque 3h.<\/div>\n<div dir=\"auto\">\u00a0<\/div>\n<\/div>\n<div dir=\"auto\">\u00a0<\/div>\n<div dir=\"auto\"><img decoding=\"async\" alt=\"Om Kalthoum \u00e0 Paris\" height=\"1024\" src=\"http:\/\/www.webdo.tn\/wp-content\/uploads\/2022\/02\/Om-Kalthoum-a-Paris-a-lOlympia-B-682x1024.jpg\" width=\"682\"><br \/>\nOm Kalthoum chante \u00e0 l&rsquo;Olympia de Paris<\/div>\n<div dir=\"auto\">\u00a0<\/div>\n<div class=\"c1et5uql cxmmr5t8 hcukyx3x ii04i59q o9v6fnle oygrvhab\">\n<div dir=\"auto\">\u00a0<\/div>\n<\/div>\n<div class=\"c1et5uql cxmmr5t8 hcukyx3x ii04i59q o9v6fnle oygrvhab\">\n<div dir=\"auto\">Bruno Coquatrix avait remarqu\u00e9 qu&rsquo;il y avait environ 400 \u00e0 500 juifs s\u00e9pharades. Il avait eu peur qu&rsquo;ils ne viennent pour faire du grabuge (ils \u00e9taient en 1967!!!). Mais il avait \u00e9t\u00e9 \u00e9tonn\u00e9 ensuite de constater qu&rsquo;ils \u00e9taient l\u00e0 pour Om Kalthoum, qu&rsquo;ils \u00e9taient fans et qu&rsquo;ils \u00e9taient l\u00e0 pour son talent!<\/div>\n<\/div>\n<div dir=\"auto\">\u00a0<\/div>\n<div class=\"c1et5uql cxmmr5t8 hcukyx3x ii04i59q o9v6fnle oygrvhab\">\n<div dir=\"auto\">Lors du deuxi\u00e8me r\u00e9cital, un des spectateurs avait pu monter sur sc\u00e8ne et embrasser ses mains.<\/div>\n<div dir=\"auto\">\u00a0<\/div>\n<\/div>\n<div dir=\"auto\">\u00a0<\/div>\n<div dir=\"auto\"><img decoding=\"async\" alt=\"Om Kalthoum \u00e0 l'Olympia \u00e0 Paris\" height=\"684\" src=\"http:\/\/www.webdo.tn\/wp-content\/uploads\/2022\/02\/Om-Kalthoum-a-Paris-a-lOlympia-F-1024x1006.jpg\" width=\"696\"><br \/>\nOm Kalthoum \u00e0 l&rsquo;issu de son concert \u00e0 l&rsquo;Olympia le 15 Novembre 1967<\/div>\n<div dir=\"auto\">\u00a0<\/div>\n<div class=\"c1et5uql cxmmr5t8 hcukyx3x ii04i59q o9v6fnle oygrvhab\">\n<div dir=\"auto\">\u00a0<\/div>\n<\/div>\n<div class=\"c1et5uql cxmmr5t8 hcukyx3x ii04i59q o9v6fnle oygrvhab\">\n<div dir=\"auto\">A la fin du 2\u00e8me r\u00e9cital, une soir\u00e9e avait \u00e9t\u00e9 organis\u00e9e en l&rsquo;honneur d&rsquo;Om Kalthoum, \u00e0 laquelle avait \u00e9t\u00e9 invit\u00e9s tous les \u00ab\u00a0grands\u00a0\u00bb du pays. Le g\u00e9n\u00e9ral de Gaule lui avait fait offrir \u00e0 cette soir\u00e9e un grand bouquet de fleurs, accompagn\u00e9 d&rsquo;un t\u00e9l\u00e9gramme o\u00f9 il lui avait \u00e9crit qu&rsquo;elle \u00e9tait la bienvenue en France et o\u00f9 il l&rsquo;avait f\u00e9licit\u00e9e pour son \u00e9norme succ\u00e8s, il lui avait notamment \u00e9crit \u00ab\u00a0J&rsquo;ai ressenti dans votre voix les vibrations de mon c\u0153ur et du c\u0153ur de tous les fran\u00e7ais\u00a0\u00bb.<\/div>\n<\/div>\n<div dir=\"auto\"><img decoding=\"async\" alt=\"Om Kalthoum \u00e0 l'Olympia \u00e0 Paris\" height=\"657\" src=\"http:\/\/www.webdo.tn\/wp-content\/uploads\/2022\/02\/Om-Kalthoum-a-Paris-a-lOlympia.jpg\" width=\"500\"><br \/>\nOm Kalthoum devant l&rsquo;affiche annon\u00e7ant ses deux concerts \u00e0 l&rsquo;Olympia de Paris<\/div>\n<div dir=\"auto\">\u00a0<\/div>\n<div class=\"c1et5uql cxmmr5t8 hcukyx3x ii04i59q o9v6fnle oygrvhab\">\n<div dir=\"auto\">\u00a0<\/div>\n<\/div>\n<div class=\"c1et5uql cxmmr5t8 hcukyx3x ii04i59q o9v6fnle oygrvhab\">\n<div dir=\"auto\">Tous les journaux fran\u00e7ais de l&rsquo;\u00e9poque avaient parl\u00e9 de ces deux concerts historiques qui avaient \u00e9t\u00e9 un \u00e9v\u00e8nement comme la France n&rsquo;en avait jamais vus.\u00a0 Ces deux r\u00e9citals de Om Kalthoum ont \u00e9t\u00e9 d&rsquo;ailleurs les plus importants de l&rsquo;histoire de l&rsquo;Olympia. Quelques personnalit\u00e9s avaient eu le privil\u00e8ge d&rsquo;\u00eatre pr\u00e9sents, dont Habib et Wassila Bourguiba, l&rsquo;acteur fran\u00e7ais G\u00e9rard Depardieu, la chanteuse Marie Lafor\u00eat, l&rsquo;acteur et \u00e9crivain fran\u00e7ais Jean Claude Pascal&#8230;<\/div>\n<div dir=\"auto\">\u00a0<\/div>\n<\/div>\n<div class=\"c1et5uql cxmmr5t8 hcukyx3x ii04i59q o9v6fnle oygrvhab\">\n<div dir=\"auto\"><img decoding=\"async\" alt=\"Om Kalthoum \u00e0 Paris\" height=\"1024\" src=\"http:\/\/www.webdo.tn\/wp-content\/uploads\/2022\/02\/Om-Kalthoum-a-Paris-a-lOlympia-A-685x1024.jpg\" width=\"685\"><br \/>\nL&rsquo;acteur et \u00e9crivain fran\u00e7ais Jean Claude Pascal pr\u00e9sente ses hommages \u00e0 la diva \u00e0 l&rsquo;issu de son concert du 14 Novembre 1967 \u00e0 L&rsquo;Olympia<\/div>\n<div dir=\"auto\">\u00a0<\/div>\n<div dir=\"auto\">\u00a0<\/div>\n<div dir=\"auto\">Pour plus de d\u00e9tails sur cette visite \u00e0 Paris et \u00e9couter certains t\u00e9moignages:<\/div>\n<div dir=\"auto\">\u00a0<\/div>\n<\/div>\n<div class=\"c1et5uql cxmmr5t8 hcukyx3x ii04i59q o9v6fnle oygrvhab\"><iframe allowfullscreen=\"\" frameborder=\"0\" height=\"315\" src=\"https:\/\/www.youtube.com\/embed\/wtbriXngWAU?si=bXdovmlookBmc6os\" title=\"YouTube video player\" width=\"560\"><\/iframe><\/p>\n<div dir=\"auto\">\u00a0<\/div>\n<div dir=\"auto\">\u00a0<\/div>\n<div dir=\"auto\">Apr\u00e8s Paris, Om Kalthoum avait fait une grande tourn\u00e9e dans les pays arabes, dont la Tunisie, le Liban, la Lybie et le Maroc. Tous les b\u00e9n\u00e9fices de cette tourn\u00e9e, y compris les concerts \u00e0 Paris, sont all\u00e9s dans les caisses de l&rsquo;Etat \u00e9gyptien, comme participation \u00e0 l&rsquo;effort de guerre.<\/div>\n<div dir=\"auto\">\n<p>Au total, Om Kalthoum avait donn\u00e9 \u00e0 l&rsquo;Etat \u00e9gyptien 520 000 dollars.<\/p>\n<p>A l&rsquo;issu de ces deux concerts, Om Kalthoum avait donn\u00e9 une interview \u00e0 la TV \u00e9gyptienne, elle avait d&rsquo;ailleurs annonc\u00e9 qu&rsquo;elle allait chanter \u00e0 Tunis et que la proposition lui avait \u00e9t\u00e9 faite \u00e0 Paris. <a href=\"https:\/\/www.webdo.tn\/2021\/02\/01\/naissance-de-la-television-tunisienne\/#.YgKH1OrMLIU\">Les deux concerts qu&rsquo;elle avait donn\u00e9 \u00e0 Tunis, avaient d&rsquo;ailleurs \u00e9t\u00e9 retransmis par la jeune TV tunisienne, pour le plus grand bonheur des t\u00e9l\u00e9spectateurs tunisiens.\u00a0<\/a><\/p>\n<div><iframe allowfullscreen=\"\" frameborder=\"0\" height=\"100%\" src=\"https:\/\/www.dailymotion.com\/embed\/video\/x4ruf4?autoplay=1\" title=\"Dailymotion Video Player\" width=\"100%\"><\/iframe><\/div>\n<p>\u00a0<\/p>\n<p>Bien qu&rsquo;Om Kalthoum est d\u00e9c\u00e9d\u00e9e le 3 F\u00e9vrier 1975, elle est devenue immortelle.<\/p>\n<p><strong>Ne\u00efla Driss<\/strong><\/p>\n<\/div>\n<\/div><\/div>\n<div class=\"coprs\" style=\"text-align: center\"><\/div><\/div>\n","protected":false},"excerpt":{"rendered":"<p>Le miracle parisien d&rsquo;Om Kalthoum<\/p>\n","protected":false},"author":3164,"featured_media":256282,"comment_status":"open","ping_status":"closed","sticky":false,"template":"","format":"standard","meta":{"footnotes":""},"categories":[2594],"tags":[9076,9078,9077,9079],"class_list":["post-199995","post","type-post","status-publish","format-standard","has-post-thumbnail","hentry","category-culture","tag-chanteuse","tag-diva","tag-om-kalthoum","tag-souvenirs"],"yoast_head":"<!-- This site is optimized with the Yoast SEO Premium plugin v27.5 (Yoast SEO v27.5) - https:\/\/yoast.com\/product\/yoast-seo-premium-wordpress\/ -->\n<title>Le miracle parisien d&#039;Om Kalthoum<\/title>\n<meta name=\"description\" content=\"Le miracle parisien d&#039;Om Kalthoum\" \/>\n<link rel=\"canonical\" href=\"https:\/\/www.webdo.tn\/fr\/actualite\/culture\/le-miracle-parisien-dom-kalthoum\/199995\/\" \/>\n<meta property=\"og:locale\" content=\"fr_FR\" \/>\n<meta property=\"og:type\" content=\"article\" \/>\n<meta property=\"og:title\" content=\"Le miracle parisien d&#039;Om Kalthoum\" \/>\n<meta property=\"og:description\" content=\"Le miracle parisien d&#039;Om Kalthoum\" \/>\n<meta property=\"og:url\" content=\"https:\/\/www.webdo.tn\/fr\/actualite\/culture\/le-miracle-parisien-dom-kalthoum\/199995\/\" \/>\n<meta property=\"og:site_name\" content=\"webdo\" \/>\n<meta property=\"article:publisher\" content=\"https:\/\/www.facebook.com\/webdotn\" \/>\n<meta property=\"article:author\" content=\"https:\/\/www.facebook.com\/massir.destiniii\/\" \/>\n<meta property=\"article:published_time\" content=\"2022-02-08T16:30:00+00:00\" \/>\n<meta property=\"article:modified_time\" content=\"2025-05-14T11:18:54+00:00\" \/>\n<meta property=\"og:image\" content=\"https:\/\/www.webdo.tn\/fr\/wp-content\/uploads\/2022\/02\/Om-Kalthoum-a-Paris.jpg\" \/>\n\t<meta property=\"og:image:width\" content=\"252\" \/>\n\t<meta property=\"og:image:height\" content=\"200\" \/>\n\t<meta property=\"og:image:type\" content=\"image\/jpeg\" \/>\n<meta name=\"author\" content=\"Ne\u00efla DRISS\" \/>\n<meta name=\"twitter:card\" content=\"summary_large_image\" \/>\n<meta name=\"twitter:creator\" content=\"@https:\/\/x.com\/MassirDestin\" \/>\n<meta name=\"twitter:site\" content=\"@webdo_tn\" \/>\n<meta name=\"twitter:label1\" content=\"\u00c9crit par\" \/>\n\t<meta name=\"twitter:data1\" content=\"Ne\u00efla DRISS\" \/>\n\t<meta name=\"twitter:label2\" content=\"Dur\u00e9e de lecture estim\u00e9e\" \/>\n\t<meta name=\"twitter:data2\" content=\"5 minutes\" \/>\n<script type=\"application\/ld+json\" class=\"yoast-schema-graph\">{\"@context\":\"https:\\\/\\\/schema.org\",\"@graph\":[{\"@type\":\"NewsArticle\",\"@id\":\"https:\\\/\\\/www.webdo.tn\\\/fr\\\/actualite\\\/culture\\\/le-miracle-parisien-dom-kalthoum\\\/199995\\\/#article\",\"isPartOf\":{\"@id\":\"https:\\\/\\\/www.webdo.tn\\\/fr\\\/actualite\\\/culture\\\/le-miracle-parisien-dom-kalthoum\\\/199995\\\/\"},\"author\":{\"name\":\"Ne\u00efla DRISS\",\"@id\":\"https:\\\/\\\/www.webdo.tn\\\/fr\\\/#\\\/schema\\\/person\\\/60d5ba619ed3f58783b0dc82b7dada80\"},\"headline\":\"Le miracle parisien d&rsquo;Om Kalthoum\",\"datePublished\":\"2022-02-08T16:30:00+00:00\",\"dateModified\":\"2025-05-14T11:18:54+00:00\",\"mainEntityOfPage\":{\"@id\":\"https:\\\/\\\/www.webdo.tn\\\/fr\\\/actualite\\\/culture\\\/le-miracle-parisien-dom-kalthoum\\\/199995\\\/\"},\"wordCount\":1006,\"commentCount\":0,\"publisher\":{\"@id\":\"https:\\\/\\\/www.webdo.tn\\\/fr\\\/#organization\"},\"image\":{\"@id\":\"https:\\\/\\\/www.webdo.tn\\\/fr\\\/actualite\\\/culture\\\/le-miracle-parisien-dom-kalthoum\\\/199995\\\/#primaryimage\"},\"thumbnailUrl\":\"https:\\\/\\\/www.webdo.tn\\\/fr\\\/wp-content\\\/uploads\\\/2022\\\/02\\\/Om-Kalthoum-a-Paris.jpg\",\"keywords\":[\"chanteuse\",\"Diva\",\"Om Kalthoum\",\"Souvenirs\"],\"articleSection\":[\"Culture\"],\"inLanguage\":\"fr-FR\"},{\"@type\":\"WebPage\",\"@id\":\"https:\\\/\\\/www.webdo.tn\\\/fr\\\/actualite\\\/culture\\\/le-miracle-parisien-dom-kalthoum\\\/199995\\\/\",\"url\":\"https:\\\/\\\/www.webdo.tn\\\/fr\\\/actualite\\\/culture\\\/le-miracle-parisien-dom-kalthoum\\\/199995\\\/\",\"name\":\"Le miracle parisien d'Om Kalthoum\",\"isPartOf\":{\"@id\":\"https:\\\/\\\/www.webdo.tn\\\/fr\\\/#website\"},\"primaryImageOfPage\":{\"@id\":\"https:\\\/\\\/www.webdo.tn\\\/fr\\\/actualite\\\/culture\\\/le-miracle-parisien-dom-kalthoum\\\/199995\\\/#primaryimage\"},\"image\":{\"@id\":\"https:\\\/\\\/www.webdo.tn\\\/fr\\\/actualite\\\/culture\\\/le-miracle-parisien-dom-kalthoum\\\/199995\\\/#primaryimage\"},\"thumbnailUrl\":\"https:\\\/\\\/www.webdo.tn\\\/fr\\\/wp-content\\\/uploads\\\/2022\\\/02\\\/Om-Kalthoum-a-Paris.jpg\",\"datePublished\":\"2022-02-08T16:30:00+00:00\",\"dateModified\":\"2025-05-14T11:18:54+00:00\",\"description\":\"Le miracle parisien d'Om Kalthoum\",\"breadcrumb\":{\"@id\":\"https:\\\/\\\/www.webdo.tn\\\/fr\\\/actualite\\\/culture\\\/le-miracle-parisien-dom-kalthoum\\\/199995\\\/#breadcrumb\"},\"inLanguage\":\"fr-FR\",\"potentialAction\":[{\"@type\":\"ReadAction\",\"target\":[\"https:\\\/\\\/www.webdo.tn\\\/fr\\\/actualite\\\/culture\\\/le-miracle-parisien-dom-kalthoum\\\/199995\\\/\"]}]},{\"@type\":\"ImageObject\",\"inLanguage\":\"fr-FR\",\"@id\":\"https:\\\/\\\/www.webdo.tn\\\/fr\\\/actualite\\\/culture\\\/le-miracle-parisien-dom-kalthoum\\\/199995\\\/#primaryimage\",\"url\":\"https:\\\/\\\/www.webdo.tn\\\/fr\\\/wp-content\\\/uploads\\\/2022\\\/02\\\/Om-Kalthoum-a-Paris.jpg\",\"contentUrl\":\"https:\\\/\\\/www.webdo.tn\\\/fr\\\/wp-content\\\/uploads\\\/2022\\\/02\\\/Om-Kalthoum-a-Paris.jpg\",\"width\":252,\"height\":200,\"caption\":\"Le miracle parisien d'Om Kalthoum\"},{\"@type\":\"BreadcrumbList\",\"@id\":\"https:\\\/\\\/www.webdo.tn\\\/fr\\\/actualite\\\/culture\\\/le-miracle-parisien-dom-kalthoum\\\/199995\\\/#breadcrumb\",\"itemListElement\":[{\"@type\":\"ListItem\",\"position\":1,\"name\":\"Accueil\",\"item\":\"https:\\\/\\\/www.webdo.tn\\\/fr\\\/\"},{\"@type\":\"ListItem\",\"position\":2,\"name\":\"Le miracle parisien d&rsquo;Om Kalthoum\"}]},{\"@type\":\"WebSite\",\"@id\":\"https:\\\/\\\/www.webdo.tn\\\/fr\\\/#website\",\"url\":\"https:\\\/\\\/www.webdo.tn\\\/fr\\\/\",\"name\":\"webdo\",\"description\":\"Tunisie - News en Tunisie et \u00e0 l&#039;international sur Webdo.tn\",\"publisher\":{\"@id\":\"https:\\\/\\\/www.webdo.tn\\\/fr\\\/#organization\"},\"potentialAction\":[{\"@type\":\"SearchAction\",\"target\":{\"@type\":\"EntryPoint\",\"urlTemplate\":\"https:\\\/\\\/www.webdo.tn\\\/fr\\\/?s={search_term_string}\"},\"query-input\":{\"@type\":\"PropertyValueSpecification\",\"valueRequired\":true,\"valueName\":\"search_term_string\"}}],\"inLanguage\":\"fr-FR\"},{\"@type\":\"Organization\",\"@id\":\"https:\\\/\\\/www.webdo.tn\\\/fr\\\/#organization\",\"name\":\"Webdo\",\"alternateName\":\"Webdo.tn\",\"url\":\"https:\\\/\\\/www.webdo.tn\\\/fr\\\/\",\"logo\":{\"@type\":\"ImageObject\",\"inLanguage\":\"fr-FR\",\"@id\":\"https:\\\/\\\/www.webdo.tn\\\/fr\\\/#\\\/schema\\\/logo\\\/image\\\/\",\"url\":\"https:\\\/\\\/www.webdo.tn\\\/fr\\\/wp-content\\\/uploads\\\/2025\\\/06\\\/Webdo-Tunisie_168377.jpg\",\"contentUrl\":\"https:\\\/\\\/www.webdo.tn\\\/fr\\\/wp-content\\\/uploads\\\/2025\\\/06\\\/Webdo-Tunisie_168377.jpg\",\"width\":301,\"height\":301,\"caption\":\"Webdo\"},\"image\":{\"@id\":\"https:\\\/\\\/www.webdo.tn\\\/fr\\\/#\\\/schema\\\/logo\\\/image\\\/\"},\"sameAs\":[\"https:\\\/\\\/www.facebook.com\\\/webdotn\",\"https:\\\/\\\/x.com\\\/webdo_tn\"],\"description\":\"Webdo est un m\u00e9dia num\u00e9rique tunisien fond\u00e9 en 2010, sp\u00e9cialis\u00e9 dans l\u2019actualit\u00e9 nationale et internationale, l\u2019\u00e9conomie, la soci\u00e9t\u00e9 et les analyses politiques. Le site s\u2019adresse \u00e0 un large public francophone et couvre l\u2019information tunisienne en temps r\u00e9el.\",\"email\":\"redac@webdo.tn\",\"legalName\":\"YNJ SARL\",\"foundingDate\":\"2010-09-06\",\"numberOfEmployees\":{\"@type\":\"QuantitativeValue\",\"minValue\":\"11\",\"maxValue\":\"50\"}},{\"@type\":\"Person\",\"@id\":\"https:\\\/\\\/www.webdo.tn\\\/fr\\\/#\\\/schema\\\/person\\\/60d5ba619ed3f58783b0dc82b7dada80\",\"name\":\"Ne\u00efla DRISS\",\"image\":{\"@type\":\"ImageObject\",\"inLanguage\":\"fr-FR\",\"@id\":\"https:\\\/\\\/www.webdo.tn\\\/fr\\\/wp-content\\\/uploads\\\/2026\\\/04\\\/neila-driss_avatar-96x96.jpg\",\"url\":\"https:\\\/\\\/www.webdo.tn\\\/fr\\\/wp-content\\\/uploads\\\/2026\\\/04\\\/neila-driss_avatar-96x96.jpg\",\"contentUrl\":\"https:\\\/\\\/www.webdo.tn\\\/fr\\\/wp-content\\\/uploads\\\/2026\\\/04\\\/neila-driss_avatar-96x96.jpg\",\"caption\":\"Ne\u00efla DRISS\"},\"description\":\"Ne\u00efla Driss est juriste, journaliste culturelle et critique de cin\u00e9ma tunisienne. Titulaire d\u2019un DEA en droit priv\u00e9 de l\u2019Universit\u00e9 Paris II et d\u2019un DESS de l\u2019IHEC Carthage, elle d\u00e9bute sa carri\u00e8re comme juriste sp\u00e9cialis\u00e9e en gestion de patrimoine immobilier. Elle s\u2019oriente ensuite vers l\u2019\u00e9criture en ligne, o\u00f9 elle se distingue d\u00e8s 2006 aux Tunisia Blog Awards, avant de se consacrer au journalisme culturel, avec une sp\u00e9cialisation dans la critique cin\u00e9matographique. Elle couvre r\u00e9guli\u00e8rement les grands festivals internationaux, notamment le Festival de Cannes, les Journ\u00e9es Cin\u00e9matographiques de Carthage et le Festival du film du Caire. Membre de l\u2019ATPCC et de la FIPRESCI, elle participe \u00e0 des jurys et initiatives internationales de critique. Depuis 2024, elle est \u00e9lectrice internationale aux Golden Globes. Facebook : https:\\\/\\\/www.facebook.com\\\/massir.destiniii\\\/ X : https:\\\/\\\/x.com\\\/MassirDestin\",\"sameAs\":[\"https:\\\/\\\/www.facebook.com\\\/massir.destiniii\\\/\",\"https:\\\/\\\/www.instagram.com\\\/neila.driss\\\/?hl=fr\",\"https:\\\/\\\/www.linkedin.com\\\/in\\\/neila-driss-22606a80\\\/\",\"https:\\\/\\\/x.com\\\/https:\\\/\\\/x.com\\\/MassirDestin\"],\"knowsAbout\":[\"Cin\u00e9ma international\",\"critique cin\u00e9matographique\",\"festivals de cin\u00e9ma\",\"journalisme culturel\"],\"knowsLanguage\":[\"Fran\u00e7ais\",\"Arabe\",\"Anglais\"],\"jobTitle\":\"Journaliste culturelle et critique de cin\u00e9ma\",\"worksFor\":\"Webdo\",\"url\":\"https:\\\/\\\/www.webdo.tn\\\/fr\\\/actualite\\\/author\\\/neila-driss\\\/\"}]}<\/script>\n<!-- \/ Yoast SEO Premium plugin. -->","yoast_head_json":{"title":"Le miracle parisien d'Om Kalthoum","description":"Le miracle parisien d'Om Kalthoum","canonical":"https:\/\/www.webdo.tn\/fr\/actualite\/culture\/le-miracle-parisien-dom-kalthoum\/199995\/","og_locale":"fr_FR","og_type":"article","og_title":"Le miracle parisien d'Om Kalthoum","og_description":"Le miracle parisien d'Om Kalthoum","og_url":"https:\/\/www.webdo.tn\/fr\/actualite\/culture\/le-miracle-parisien-dom-kalthoum\/199995\/","og_site_name":"webdo","article_publisher":"https:\/\/www.facebook.com\/webdotn","article_author":"https:\/\/www.facebook.com\/massir.destiniii\/","article_published_time":"2022-02-08T16:30:00+00:00","article_modified_time":"2025-05-14T11:18:54+00:00","og_image":[{"width":252,"height":200,"url":"https:\/\/www.webdo.tn\/fr\/wp-content\/uploads\/2022\/02\/Om-Kalthoum-a-Paris.jpg","type":"image\/jpeg"}],"author":"Ne\u00efla DRISS","twitter_card":"summary_large_image","twitter_creator":"@https:\/\/x.com\/MassirDestin","twitter_site":"@webdo_tn","twitter_misc":{"\u00c9crit par":"Ne\u00efla DRISS","Dur\u00e9e de lecture estim\u00e9e":"5 minutes"},"schema":{"@context":"https:\/\/schema.org","@graph":[{"@type":"NewsArticle","@id":"https:\/\/www.webdo.tn\/fr\/actualite\/culture\/le-miracle-parisien-dom-kalthoum\/199995\/#article","isPartOf":{"@id":"https:\/\/www.webdo.tn\/fr\/actualite\/culture\/le-miracle-parisien-dom-kalthoum\/199995\/"},"author":{"name":"Ne\u00efla DRISS","@id":"https:\/\/www.webdo.tn\/fr\/#\/schema\/person\/60d5ba619ed3f58783b0dc82b7dada80"},"headline":"Le miracle parisien d&rsquo;Om Kalthoum","datePublished":"2022-02-08T16:30:00+00:00","dateModified":"2025-05-14T11:18:54+00:00","mainEntityOfPage":{"@id":"https:\/\/www.webdo.tn\/fr\/actualite\/culture\/le-miracle-parisien-dom-kalthoum\/199995\/"},"wordCount":1006,"commentCount":0,"publisher":{"@id":"https:\/\/www.webdo.tn\/fr\/#organization"},"image":{"@id":"https:\/\/www.webdo.tn\/fr\/actualite\/culture\/le-miracle-parisien-dom-kalthoum\/199995\/#primaryimage"},"thumbnailUrl":"https:\/\/www.webdo.tn\/fr\/wp-content\/uploads\/2022\/02\/Om-Kalthoum-a-Paris.jpg","keywords":["chanteuse","Diva","Om Kalthoum","Souvenirs"],"articleSection":["Culture"],"inLanguage":"fr-FR"},{"@type":"WebPage","@id":"https:\/\/www.webdo.tn\/fr\/actualite\/culture\/le-miracle-parisien-dom-kalthoum\/199995\/","url":"https:\/\/www.webdo.tn\/fr\/actualite\/culture\/le-miracle-parisien-dom-kalthoum\/199995\/","name":"Le miracle parisien d'Om Kalthoum","isPartOf":{"@id":"https:\/\/www.webdo.tn\/fr\/#website"},"primaryImageOfPage":{"@id":"https:\/\/www.webdo.tn\/fr\/actualite\/culture\/le-miracle-parisien-dom-kalthoum\/199995\/#primaryimage"},"image":{"@id":"https:\/\/www.webdo.tn\/fr\/actualite\/culture\/le-miracle-parisien-dom-kalthoum\/199995\/#primaryimage"},"thumbnailUrl":"https:\/\/www.webdo.tn\/fr\/wp-content\/uploads\/2022\/02\/Om-Kalthoum-a-Paris.jpg","datePublished":"2022-02-08T16:30:00+00:00","dateModified":"2025-05-14T11:18:54+00:00","description":"Le miracle parisien d'Om Kalthoum","breadcrumb":{"@id":"https:\/\/www.webdo.tn\/fr\/actualite\/culture\/le-miracle-parisien-dom-kalthoum\/199995\/#breadcrumb"},"inLanguage":"fr-FR","potentialAction":[{"@type":"ReadAction","target":["https:\/\/www.webdo.tn\/fr\/actualite\/culture\/le-miracle-parisien-dom-kalthoum\/199995\/"]}]},{"@type":"ImageObject","inLanguage":"fr-FR","@id":"https:\/\/www.webdo.tn\/fr\/actualite\/culture\/le-miracle-parisien-dom-kalthoum\/199995\/#primaryimage","url":"https:\/\/www.webdo.tn\/fr\/wp-content\/uploads\/2022\/02\/Om-Kalthoum-a-Paris.jpg","contentUrl":"https:\/\/www.webdo.tn\/fr\/wp-content\/uploads\/2022\/02\/Om-Kalthoum-a-Paris.jpg","width":252,"height":200,"caption":"Le miracle parisien d'Om Kalthoum"},{"@type":"BreadcrumbList","@id":"https:\/\/www.webdo.tn\/fr\/actualite\/culture\/le-miracle-parisien-dom-kalthoum\/199995\/#breadcrumb","itemListElement":[{"@type":"ListItem","position":1,"name":"Accueil","item":"https:\/\/www.webdo.tn\/fr\/"},{"@type":"ListItem","position":2,"name":"Le miracle parisien d&rsquo;Om Kalthoum"}]},{"@type":"WebSite","@id":"https:\/\/www.webdo.tn\/fr\/#website","url":"https:\/\/www.webdo.tn\/fr\/","name":"webdo","description":"Tunisie - News en Tunisie et \u00e0 l&#039;international sur Webdo.tn","publisher":{"@id":"https:\/\/www.webdo.tn\/fr\/#organization"},"potentialAction":[{"@type":"SearchAction","target":{"@type":"EntryPoint","urlTemplate":"https:\/\/www.webdo.tn\/fr\/?s={search_term_string}"},"query-input":{"@type":"PropertyValueSpecification","valueRequired":true,"valueName":"search_term_string"}}],"inLanguage":"fr-FR"},{"@type":"Organization","@id":"https:\/\/www.webdo.tn\/fr\/#organization","name":"Webdo","alternateName":"Webdo.tn","url":"https:\/\/www.webdo.tn\/fr\/","logo":{"@type":"ImageObject","inLanguage":"fr-FR","@id":"https:\/\/www.webdo.tn\/fr\/#\/schema\/logo\/image\/","url":"https:\/\/www.webdo.tn\/fr\/wp-content\/uploads\/2025\/06\/Webdo-Tunisie_168377.jpg","contentUrl":"https:\/\/www.webdo.tn\/fr\/wp-content\/uploads\/2025\/06\/Webdo-Tunisie_168377.jpg","width":301,"height":301,"caption":"Webdo"},"image":{"@id":"https:\/\/www.webdo.tn\/fr\/#\/schema\/logo\/image\/"},"sameAs":["https:\/\/www.facebook.com\/webdotn","https:\/\/x.com\/webdo_tn"],"description":"Webdo est un m\u00e9dia num\u00e9rique tunisien fond\u00e9 en 2010, sp\u00e9cialis\u00e9 dans l\u2019actualit\u00e9 nationale et internationale, l\u2019\u00e9conomie, la soci\u00e9t\u00e9 et les analyses politiques. Le site s\u2019adresse \u00e0 un large public francophone et couvre l\u2019information tunisienne en temps r\u00e9el.","email":"redac@webdo.tn","legalName":"YNJ SARL","foundingDate":"2010-09-06","numberOfEmployees":{"@type":"QuantitativeValue","minValue":"11","maxValue":"50"}},{"@type":"Person","@id":"https:\/\/www.webdo.tn\/fr\/#\/schema\/person\/60d5ba619ed3f58783b0dc82b7dada80","name":"Ne\u00efla DRISS","image":{"@type":"ImageObject","inLanguage":"fr-FR","@id":"https:\/\/www.webdo.tn\/fr\/wp-content\/uploads\/2026\/04\/neila-driss_avatar-96x96.jpg","url":"https:\/\/www.webdo.tn\/fr\/wp-content\/uploads\/2026\/04\/neila-driss_avatar-96x96.jpg","contentUrl":"https:\/\/www.webdo.tn\/fr\/wp-content\/uploads\/2026\/04\/neila-driss_avatar-96x96.jpg","caption":"Ne\u00efla DRISS"},"description":"Ne\u00efla Driss est juriste, journaliste culturelle et critique de cin\u00e9ma tunisienne. Titulaire d\u2019un DEA en droit priv\u00e9 de l\u2019Universit\u00e9 Paris II et d\u2019un DESS de l\u2019IHEC Carthage, elle d\u00e9bute sa carri\u00e8re comme juriste sp\u00e9cialis\u00e9e en gestion de patrimoine immobilier. Elle s\u2019oriente ensuite vers l\u2019\u00e9criture en ligne, o\u00f9 elle se distingue d\u00e8s 2006 aux Tunisia Blog Awards, avant de se consacrer au journalisme culturel, avec une sp\u00e9cialisation dans la critique cin\u00e9matographique. Elle couvre r\u00e9guli\u00e8rement les grands festivals internationaux, notamment le Festival de Cannes, les Journ\u00e9es Cin\u00e9matographiques de Carthage et le Festival du film du Caire. Membre de l\u2019ATPCC et de la FIPRESCI, elle participe \u00e0 des jurys et initiatives internationales de critique. Depuis 2024, elle est \u00e9lectrice internationale aux Golden Globes. Facebook : https:\/\/www.facebook.com\/massir.destiniii\/ X : https:\/\/x.com\/MassirDestin","sameAs":["https:\/\/www.facebook.com\/massir.destiniii\/","https:\/\/www.instagram.com\/neila.driss\/?hl=fr","https:\/\/www.linkedin.com\/in\/neila-driss-22606a80\/","https:\/\/x.com\/https:\/\/x.com\/MassirDestin"],"knowsAbout":["Cin\u00e9ma international","critique cin\u00e9matographique","festivals de cin\u00e9ma","journalisme culturel"],"knowsLanguage":["Fran\u00e7ais","Arabe","Anglais"],"jobTitle":"Journaliste culturelle et critique de cin\u00e9ma","worksFor":"Webdo","url":"https:\/\/www.webdo.tn\/fr\/actualite\/author\/neila-driss\/"}]}},"_links":{"self":[{"href":"https:\/\/www.webdo.tn\/fr\/wp-json\/wp\/v2\/posts\/199995","targetHints":{"allow":["GET"]}}],"collection":[{"href":"https:\/\/www.webdo.tn\/fr\/wp-json\/wp\/v2\/posts"}],"about":[{"href":"https:\/\/www.webdo.tn\/fr\/wp-json\/wp\/v2\/types\/post"}],"author":[{"embeddable":true,"href":"https:\/\/www.webdo.tn\/fr\/wp-json\/wp\/v2\/users\/3164"}],"replies":[{"embeddable":true,"href":"https:\/\/www.webdo.tn\/fr\/wp-json\/wp\/v2\/comments?post=199995"}],"version-history":[{"count":0,"href":"https:\/\/www.webdo.tn\/fr\/wp-json\/wp\/v2\/posts\/199995\/revisions"}],"wp:featuredmedia":[{"embeddable":true,"href":"https:\/\/www.webdo.tn\/fr\/wp-json\/wp\/v2\/media\/256282"}],"wp:attachment":[{"href":"https:\/\/www.webdo.tn\/fr\/wp-json\/wp\/v2\/media?parent=199995"}],"wp:term":[{"taxonomy":"category","embeddable":true,"href":"https:\/\/www.webdo.tn\/fr\/wp-json\/wp\/v2\/categories?post=199995"},{"taxonomy":"post_tag","embeddable":true,"href":"https:\/\/www.webdo.tn\/fr\/wp-json\/wp\/v2\/tags?post=199995"}],"curies":[{"name":"wp","href":"https:\/\/api.w.org\/{rel}","templated":true}]}}