{"id":199991,"date":"2021-10-30T10:36:00","date_gmt":"2021-10-30T10:36:00","guid":{"rendered":"https:\/\/www.webdo.tn\/fr\/blog\/gff-2021-un-regard-sur-le-bien-etre-psychologique-des-acteurs\/199991\/"},"modified":"2025-05-14T12:35:14","modified_gmt":"2025-05-14T12:35:14","slug":"gff-2021-un-regard-sur-le-bien-etre-psychologique-des-acteurs","status":"publish","type":"post","link":"https:\/\/www.webdo.tn\/fr\/actualite\/culture\/gff-2021-un-regard-sur-le-bien-etre-psychologique-des-acteurs\/199991\/","title":{"rendered":"GFF 2021 &#8211; Un regard sur le bien-\u00eatre psychologique des acteurs"},"content":{"rendered":"<div class=\"single-body entry-content typography-copy\" itemprop=\"articleBody\">\n<p style=\"font-weight: bold; text-align: justify\">\n<div class=\"coprs\" style=\"text-align: center\"><\/div>\n<div class=\"coprs\" style=\"text-align: justify\">\n<p>En collaboration avec le festival Medfest Egypt, le Festival du Film d\u2019El Gouna (GFF) a organis\u00e9 lors de sa cinqui\u00e8me \u00e9dition qui s\u2019est d\u00e9roul\u00e9e du 14 au 22 octobre 2021, un panel intitul\u00e9 \u00ab <strong>Un regard sur le bien-\u00eatre psychologique des acteurs<\/strong> \u00bb ayant pour sujet la sant\u00e9 mentale des artistes.<\/p>\n<p>Fond\u00e9 en 2017, <a href=\"https:\/\/www.facebook.com\/medfestegypt\">Medfest Egypt<\/a> est un festival international itin\u00e9rant de courts m\u00e9trages, et est le premier du genre dans la r\u00e9gion MENA \u00e0 allier les mondes du cin\u00e9ma et de la m\u00e9decine \u00e0 travers une exp\u00e9rience cin\u00e9matographique unique.<\/p>\n<p>Medfest Egypt a \u00e9t\u00e9 fond\u00e9 par le Dr Mina El Naggar, m\u00e9decin nutritionniste, membre de la Soci\u00e9t\u00e9 europ\u00e9enne de nutrition clinique et en m\u00eame temps r\u00e9alisateur et acteur, et le Dr Khaled Ali, m\u00e9decin et professeur en m\u00e9decine g\u00e9riatrique et en soins intensifs \u00e0 la facult\u00e9 de m\u00e9decine de l&rsquo;Universit\u00e9 de Brighton au Royaume-Uni et r\u00e9dacteur en chef de la section critiques de films du journal m\u00e9dical britannique Medical Humanities.<\/p>\n<p>Medfest Egypt pr\u00e9sente une perspective diff\u00e9rente sur la sant\u00e9 en cr\u00e9ant un terrain d&rsquo;entente entre la m\u00e9decine et les films, utilis\u00e9s comme un outil influant et efficace, tout en \u00e9tant agr\u00e9able, pour transmettre la r\u00e9alit\u00e9 de l&rsquo;exp\u00e9rience humaine, souvent remplie de nombreuses difficult\u00e9s physiques et psychologiques.<\/p>\n<p>C\u2019est d\u2019ailleurs le docteur Mina El Naggar qui avait propos\u00e9 le sujet de ce panel. Son exp\u00e9rience personnelle de m\u00e9decin et d\u2019acteur lui avait montr\u00e9 \u00e0 quel point la vie des artistes est difficile et m\u00eame parfois douloureuse, or ces derniers n\u2019en parlent jamais pour sauvegarder leur image aupr\u00e8s de leur public. Il lui a sembl\u00e9 important de briser ce tabou et d\u2019en d\u00e9battre enfin. Ce panel ne sera d\u2019ailleurs pas la seule initiative dans ce sens et sera suivi par d\u2019autres d\u00e9bats et\/ou activit\u00e9s.<\/p>\n<p>Ont particip\u00e9 \u00e0 ce panel, Anas Bukhash, pr\u00e9sentateur du programme AB Talks sur sa cha\u00eene YouTube, mod\u00e9rateur, les acteurs \u00e9gyptiens Ahmed Malek, May Elghetty et Mohamed Farrag, la sc\u00e9nariste Mariam Naoum, et le Dr Nabil Elkot, psychiatre, membre du conseil d&rsquo;administration de la Society for Developmental Psychiatry et de l&rsquo;American Society for Group Psychotherapy et acteur, bien que tr\u00e8s souvent il joue justement le r\u00f4le du psychiatre.<\/p>\n<p>La sant\u00e9 mentale des acteurs est un probl\u00e8me r\u00e9pandu dans la r\u00e9gion du Moyen-Orient, de l&rsquo;Afrique du Nord et \u00e0 l&rsquo;\u00e9chelle internationale. La vuln\u00e9rabilit\u00e9 psychologique des acteurs est due \u00e0 plusieurs raisons telles que le rejet et la d\u00e9ception dans l&rsquo;obtention des r\u00f4les, les auditions rat\u00e9es, la r\u00e9action n\u00e9gative du public ou les critiques de leur travail et la n\u00e9cessit\u00e9 d&rsquo;incarner le r\u00f4le qu&rsquo;ils jouent pour \u00eatre authentiques et cr\u00e9dibles en tant qu&rsquo;acteurs. En plus de cela, au fil des ann\u00e9es, le m\u00e9tier a beaucoup \u00e9volu\u00e9. Aujourd\u2019hui, on demande aux acteurs, en plus de leur m\u00e9tier d\u2019artistes, de faire des choix politiques, d\u2019en parler, de partager leurs opinions sur des sujets divers, de faire leur propre communication sur les r\u00e9seaux sociaux et en plus de vivre leur vie familiale et personnelle. Comment est-il possible de trouver un \u00e9quilibre entre tout cela ?<\/p>\n<p>D\u2019apr\u00e8s le docteur Elkot, cet \u00e9quilibre est devenu tr\u00e8s difficile. Des pressions \u00e9normes sont exerc\u00e9es sur les acteurs. C&rsquo;est un m\u00e9tier superbe mais dangereux. Chaque acteur, en incarnant un personnage, vit des exp\u00e9riences personnelles et humaines extraordinaires, qui en plus lui permettent de gagner sa vie, mais ce sont des moments qui lui ont \u00e9t\u00e9 \u00e9crits et qu&rsquo;il n&rsquo;a pas choisi. Or parfois jouer certaines sc\u00e8nes ou situations est tr\u00e8s difficile, par exemple lorsque l\u2019acteur a lui-m\u00eame subit une \u00e9preuve qu\u2019on lui demande de jouer, comme une sc\u00e8ne de deuil, alors qu\u2019il a v\u00e9cu personnellement un deuil difficile. Comment ensuite surmonter cela\u00a0?<\/p>\n<p>Pareil pour les acteurs qui jouent des r\u00f4les qu&rsquo;ils n&rsquo;aiment pas. Comment vivre cela et surmonter ?<\/p>\n<p>Une \u00e9tude aux USA montre que les acteurs souffrent de d\u00e9pressions ou de d\u00e9pendance aux drogues ou \u00e0 l\u2019alcool plus que les autres am\u00e9ricains.<\/p>\n<p>Sans oublier que les acteurs doivent faire face aux pressions ext\u00e9rieures comme la presse ou les r\u00e9seaux sociaux&#8230; qui les obligent \u00e0 jouer un r\u00f4le en permanence tant qu\u2019ils sont en public, pour soigner leur image et pouvoir se \u00ab\u00a0vendre\u00a0\u00bb.<\/p>\n<p>Selon le docteur Elkot, il y a plusieurs moyens d&rsquo;aider les artistes \u00e0 reprendre une vie normale apr\u00e8s un r\u00f4le difficile. Chacun d\u2019entre eux a sa propre mani\u00e8re et des techniques sp\u00e9cifiques pour y parvenir.<\/p>\n<p>\u00a0<\/p>\n<p><img decoding=\"async\" alt=\"\" height=\"593\" src=\"http:\/\/www.webdo.tn\/wp-content\/uploads\/2021\/10\/Panel-sur-la-sante-mentale-des-acteurs-Nabil-Elkot-1024x872.jpg\" width=\"696\"><br \/>\nLe docteur Nabil Elkot, , psychiatre et acteur<\/p>\n<p>\u00a0<\/p>\n<p>Pour May Elghetty, il faut apprendre \u00e0 faire une s\u00e9paration stricte entre le r\u00f4le et sa propre personne. \u00ab J&rsquo;ai commenc\u00e9 tr\u00e8s jeune \u00e0 jouer. J&rsquo;ai actuellement 22 ans. J&rsquo;ai appris une technique : mettre une distance entre le r\u00f4le et moi-m\u00eame. On dit qu&rsquo;il faut incarner un personnage. Je fais l&rsquo;inverse. En moi-m\u00eame je me s\u00e9pare du personnage pour me pr\u00e9server. Lorsque je joue un r\u00f4le devant une cam\u00e9ra, je mets de c\u00f4t\u00e9 ma propre personnalit\u00e9, je la cache. C&rsquo;est difficile, parce qu\u2019en m\u00eame temps, il faut se donner enti\u00e8rement au r\u00f4le. Un jour je me suis aper\u00e7ue que je ne me rappelle pas de mon enfance. Cela fait 13 ans que je tourne, et j&rsquo;ai oubli\u00e9 mon enfance parce que j&rsquo;ai \u00e9t\u00e9 prise dans le tourbillon des tournages. C&rsquo;est la raison pour laquelle il y a quelques ann\u00e9es j&rsquo;avais pris la d\u00e9cision de poursuivre mes \u00e9tudes. Et je remercie ma m\u00e8re qui a un certain moment m&rsquo;avait emp\u00each\u00e9e de prendre plus d&rsquo;un travail par ramadan et m&rsquo;avait oblig\u00e9e \u00e0 m&rsquo;occuper de mes \u00e9tudes et vivre ma vie personnelle. Adulte, je fais cela moi-m\u00eame, je dois aussi garder une part de la vie pour moi-m\u00eame \u00bb.<\/p>\n<p>\u00a0<\/p>\n<p><img decoding=\"async\" alt=\"May Elghetty \" height=\"593\" src=\"http:\/\/www.webdo.tn\/wp-content\/uploads\/2021\/10\/Panel-sur-la-sante-mentale-des-acteurs-May-Elghetty-1024x872.jpg\" width=\"696\"><br \/>\nL&rsquo;actrice May Elghetty<\/p>\n<p>\u00a0<\/p>\n<p>Pour sa part, Ahmed Malek a soulign\u00e9 l&rsquo;importance d&rsquo;un \u00e9quilibre psychologique entre la vie professionnelle et personnelle de l&rsquo;artiste, en disant : \u00ab Lorsque je commence un projet, je suis passionn\u00e9, je me sens fort et j&rsquo;ai beaucoup \u00e0 donner. A la fin du tournage, je souffre de d\u00e9pression, je suis \u00e9reint\u00e9, vid\u00e9, comme si j&rsquo;avais donn\u00e9 une part de moi-m\u00eame et qu&rsquo;il me manque quelque chose. Apr\u00e8s le feuilleton <em>La tutafiy alshams\/N\u2019\u00e9teins pas le soleil<\/em> (2017), j\u2019\u00e9tais rest\u00e9e peut-\u00eatre 4 mois sans savoir comment me g\u00e9rer et me s\u00e9parer de mon personnage, sans comprendre ce qui m&rsquo;arrivait, je me sentais bizarre et avec beaucoup de questionnements. J&rsquo;avais alors d\u00e9cid\u00e9 de poursuivre des \u00e9tudes. Avec l&rsquo;exp\u00e9rience, je me suis aper\u00e7u qu\u2019entre les tournages, il faut absolument reprendre une vie routini\u00e8re et \u00e9quilibr\u00e9e pour se sentir bien. Cela permet de faire une s\u00e9paration entre un personnage et sa propre vie personnelle. La famille est aussi tr\u00e8s importante. Il faut en r\u00e9alit\u00e9 faire un \u00e9quilibre. Ma vie quotidienne et ma routine personnelle me permettent de me retrouver avec moi-m\u00eame. Lorsque je tourne, j\u2019ai parfois une journ\u00e9e de travail de 20h, et \u00e0 des horaires impossibles. Lorsque je termine un travail, je reprends imm\u00e9diatement une vie routini\u00e8re et je retourne \u00e0 ce que j&rsquo;aime, comme le sport ou la lecture. Je suis heureux lorsque je retrouve une journ\u00e9e pendant laquelle je suis libre de m&rsquo;organiser. C&rsquo;est tr\u00e8s important pour moi. J&rsquo;ai aussi consult\u00e9 un sp\u00e9cialiste. Ensuite, lorsque j&rsquo;ai un nouveau travail, je consid\u00e8re que c&rsquo;est un nouveau voyage, une nouvelle exp\u00e9rience\u2026 \u00bb<\/p>\n<p>\u00a0<\/p>\n<p><img decoding=\"async\" alt=\"\" height=\"640\" src=\"http:\/\/www.webdo.tn\/wp-content\/uploads\/2021\/10\/Panel-sur-la-sante-mentale-des-acteurs-02.jpg\" width=\"960\"> Les acteurs May Elghetty , Ahmed Malek et Mohamed Farrag<\/p>\n<p>\u00a0<\/p>\n<p>Quant \u00e0 Mohamed Farrag, il confirme ce qu&rsquo;a dit son coll\u00e8gue : \u00ab Pareil qu\u2019Ahmed Malek, ma vie routini\u00e8re personnelle est tr\u00e8s importante pour moi et me permet de retrouver mon \u00e9quilibre. Il y a des personnalit\u00e9s tr\u00e8s complexes qui demandent un tr\u00e8s grand travail pour les \u00e9tudier, les comprendre et les incarner, et il faut pouvoir et savoir s\u00e9parer ces personnalit\u00e9s de soi-m\u00eame. L\u2019acteur est engag\u00e9 dans une guerre psychologique entre sa propre personne et le personnage qu\u2019il incarne.<\/p>\n<p>En 2015, dans le feuilleton <em>Taht El saytara\/ Sous contr\u00f4le (2015),<\/em>\u00a0j\u2019incarnais un drogu\u00e9. C\u2019\u00e9tait la premi\u00e8re fois de ma vie que je jouais un tel r\u00f4le, qui demandait autant d&rsquo;efforts. Avant le tournage, il avait fallu que j&rsquo;\u00e9tudie le sujet et que je le comprenne pour m&rsquo;y pr\u00e9parer. Je ne savais pas \u00e0 ce moment-l\u00e0 \u00e0 quel point il \u00e9tait important de se pr\u00e9parer. J&rsquo;avais commenc\u00e9 le tournage en \u00e9tant moi-m\u00eame tr\u00e8s perturb\u00e9 et je ne me sentais pas pr\u00eat pour ce r\u00f4le. D\u2019autant plus que pendant le tournage, j\u2019avais eu des probl\u00e8mes personnels, et j\u2019avais perdu mon oncle maternel avec lequel j\u2019\u00e9tais tr\u00e8s tr\u00e8s proche, c\u2019\u00e9tait lui qui m\u2019avait \u00e9lev\u00e9. Apr\u00e8s ce feuilleton, j&rsquo;ai compris \u00e0 quel point il fallait que j&rsquo;apprenne \u00e0 me s\u00e9parer de telles personnalit\u00e9s pour ne pas me faire mal moi-m\u00eame. Il faut savoir \u00eatre sinc\u00e8re avec soi-m\u00eame pour surmonter \u00bb.<\/p>\n<p>\u00a0<\/p>\n<p><img decoding=\"async\" alt=\"\" height=\"593\" src=\"http:\/\/www.webdo.tn\/wp-content\/uploads\/2021\/10\/Panel-sur-la-sante-mentale-des-acteurs-Mariam-Naoum-1024x873.jpg\" width=\"696\"><br \/>\nLa sc\u00e9nariste Mariam Naoum<\/p>\n<p>\u00a0<\/p>\n<p>Selon Mariam Naoum, pour arriver \u00e0 \u00eatre acteur, il faut d\u00e9j\u00e0 avoir une personnalit\u00e9 particuli\u00e8re. Les acteurs sont diff\u00e9rents. \u00ab Mais en ce qui concerne les sc\u00e9naristes, lorsque nous \u00e9crivons, toute situation r\u00e9ellement v\u00e9cue par le sc\u00e9nariste est \u00e9crite avec difficult\u00e9 et douleurs. Mais pour les acteurs nous travaillons \u00e0 faire en sorte qu\u2019ils incarnent un personnage, mais nous ne savons pas ensuite les sortir de ce personnage apr\u00e8s le tournage. Et parfois c\u2019est pareil pour nous-m\u00eames. Notre m\u00e9tier nous prend de notre vie personnelle et nous la vole. Un jour un ami m\u2019a dit : Je pense que tu aimes Mariam Naoum plus que Mariem. Cela m\u2019avait choqu\u00e9e, mais il est vrai qu\u2019on se laisse aller, or il faut faire en sorte que notre propre personne doit \u00eatre plus importante et qu\u2019une fois qu\u2019un sc\u00e9nario a \u00e9t\u00e9 \u00e9crit et m\u00eame tourn\u00e9, il faut l\u2019oublier et reprendre une vie normale \u00bb.<\/p>\n<p>Le Dr Nabil Elkort a ajout\u00e9 : \u00ab Un acteur entre dans une sc\u00e8ne, la tourne, mais n&rsquo;a aucune id\u00e9e de ce que fera le r\u00e9alisateur de cette sc\u00e8ne. Il n&rsquo;a aucun contr\u00f4le sur le film. L&rsquo;outil de son travail est son corps. Mais il n&rsquo;est pas libre d&rsquo;en faire ce qu&rsquo;il veut. Il est oblig\u00e9 de se soumettre au r\u00e9alisateur. Cela demande une \u00e9norme maitrise sur soi. Il faut que l\u2019acteur pense que son m\u00e9tier a de l&rsquo;importance et \u00e0 un r\u00f4le dans la soci\u00e9t\u00e9. Il doit avoir un sentiment d&rsquo;appartenance. Mais pour se sentir bien, l\u2019acteur doit faire une dissociation entre sa personnalit\u00e9 et la personnalit\u00e9 qu\u2019il incarne. Contrairement aux malades qui ont une double personnalit\u00e9 d&rsquo;une fa\u00e7on involontaire et inconsciente, les acteurs font cela expr\u00e8s. Une partie de leur conscience sait qu&rsquo;il y a une \u00e9quipe, des techniciens&#8230; mais une autre partie d\u2019eux-m\u00eames est dans ce personnage. Apr\u00e8s la fin du tournage, Il faut absolument qu\u2019au bout de 2 \u00e0 4 semaines au maximum, l&rsquo;acteur ait oublier compl\u00e8tement le personnage, ses mani\u00e8res, sa fa\u00e7on d&rsquo;\u00eatre, de se comporter&#8230; Il faut savoir reprendre sa vie personnelle tout de suite.<\/p>\n<p>Les acteurs doivent aussi faire face \u00e0 un autre probl\u00e8me\u00a0: la pr\u00e9carit\u00e9. Le m\u00e9tier d\u2019acteur n\u2019est pas s\u00fbr. Un acteur peut travailler aujourd&rsquo;hui et plus rien demain. Il peut \u00eatre une grande star pendant quelques temps, \u00eatre demand\u00e9 par les r\u00e9alisateurs et les producteurs et puis un jour, plus rien. D\u2019ailleurs seuls 10% des acteurs \u00e9gyptiens sont inscrits au syndicat\u00a0\u00bb.<\/p>\n<p>May Elghetty a ajout\u00e9 qu\u2019en plus de la sant\u00e9 mentale, il y a aussi la maladie et la douleur physique des acteurs, qui sont oblig\u00e9s de travailler et rester sur un tournage, m\u00eame s\u2019ils sont malades ou bless\u00e9s, ce qui lui est arriv\u00e9 personnellement, sinon, ils seraient grill\u00e9s aupr\u00e8s des producteurs. Ce qu\u2019a confirm\u00e9 Mohamed Farrag qui a ajout\u00e9 que l\u2019acteur est oblig\u00e9 de prendre sur lui-m\u00eame pour travailler quelques soient les conditions. Il doit apprendre \u00e0 faire fi de la douleur, de ses probl\u00e8mes personnels, ses chagrins, ses deuils&#8230; L\u2019actrice a d\u2019ailleurs fait appel \u00e0 ses coll\u00e8gues pour se solidariser entre eux et imposer que les tournages ne puissent pas exc\u00e9der 16h, et surtout que les acteurs puissent quitter les plateaux s\u2019ils sont malades. Pour elle, ce n\u2019est que cette solidarit\u00e9 qui pourrait forcer les producteurs \u00e0 changer les conditions de travail et les rendre plus cl\u00e9mentes. \u00ab Nous luttons pour cette industrie cin\u00e9matographique, et devrons rester forts pour l\u2019aider et la faire \u00e9voluer, mais nous devrions quand m\u00eame nous battre pour avoir plus de droits, par exemple demander moins d&rsquo;heures de tournages. Parfois j&rsquo;ai l&rsquo;impression que nous avons \u00e9t\u00e9 transform\u00e9s en outils de cette industrie et qu\u2019on oublie que nous sommes des humains. \u00bb<\/p>\n<p>\u00a0<\/p>\n<p><img decoding=\"async\" alt=\"\" height=\"593\" src=\"http:\/\/www.webdo.tn\/wp-content\/uploads\/2021\/10\/Panel-sur-la-sante-mentale-des-acteurs-groupe-1024x872.jpg\" width=\"696\"><br \/>\nAnas Bukhash, May Elghetty, Ahmed Malek, Mohamed Farrag, le Dr Mina El Naggar, Mariam Naoum, et le Dr Nabil Elkot<\/p>\n<p>\u00a0<\/p>\n<p>Mariam Naoum a soulign\u00e9 que depuis quelques ann\u00e9es, un autre probl\u00e8me est venu s\u2019ajouter aux soucis des artistes : les r\u00e9seaux sociaux, sur lesquels les gens se d\u00e9foulent en s\u2019immis\u00e7ant dans la vie personnelle des acteurs et en les insultant et diffamant souvent. \u00ab Nous devons prendre de la distance vis-\u00e0-vis des r\u00e9seaux sociaux. Ils sont importants oui, cela permet m\u00eame de voir ses propres d\u00e9fauts \u00e0 travers les critiques, mais le probl\u00e8me est que nombreux sont l\u00e0 \u00e0 dire n&rsquo;importe quoi et \u00e0 refl\u00e9ter leurs propres complexes sur les artistes. Ils se croient \u00e0 l\u2019abri derri\u00e8re leurs \u00e9crans et se permettent de dire des choses parfois effroyables \u00bb.<\/p>\n<p>Ce qu\u2019a confirm\u00e9 Ahmed Malek\u00a0:\u00a0\u00ab\u00a0Les r\u00e9seaux sociaux, avec leurs aspects positifs et n\u00e9gatifs, vont de l&rsquo;extr\u00eame \u00e0 l&rsquo;autre. J&rsquo;essaye de me s\u00e9parer d\u2019eux et mettre une distance, quoi qu&rsquo;on ne puisse pas vraiment les ignorer. Mais j&rsquo;essaye de lire juste les \u00e9crits des personnes que je connais, qui me semblent cr\u00e9dibles et en qui j\u2019ai confiance. J&rsquo;essaie d&rsquo;ignorer compl\u00e8tement les autres\u00a0\u00bb.<\/p>\n<p>Le docteur Nabil Elkort a conclu ce panel en disant : \u00ab La d\u00e9pression est l&rsquo;un des probl\u00e8mes psychologiques dont souffre l&rsquo;acteur, que cela soit pendant le tournage d\u2019une sc\u00e8ne alors qu&rsquo;il essaie de jouer le personnage de mani\u00e8re optimale ou apr\u00e8s l&rsquo;ach\u00e8vement du travail et avant sa pr\u00e9sentation, car il souffre d&rsquo;une grave anxi\u00e9t\u00e9 en raison de son attente : conna\u00eetre les opinions du public et des professionnels du cin\u00e9ma sur son travail. Sans oublier l&rsquo;ins\u00e9curit\u00e9 financi\u00e8re due au manque de revenus stables. \u00bb Il a ensuite ajout\u00e9 : \u00ab Quiconque a \u00e9tudi\u00e9 le th\u00e9\u00e2tre sait tr\u00e8s bien que les acteurs ont une plus grande capacit\u00e9 de ma\u00eetrise de soi et appartiennent \u00e0 un groupe de personnes qui a un r\u00f4le soci\u00e9tal important. J&rsquo;appelle les acteurs \u00e0 refuser de se transformer et de transformer leur corps pour servir le r\u00e9alisateur, le producteur et le styliste. Par ailleurs, je conseille \u00e0 tous les acteurs de s\u00e9parer travail et vie personnelle en adoptant des habitudes qui nourrissent leur personne et \u00e9veillent leur conscience, comme garder quelque chose de personnel pendant le tournage \u00bb.<\/p>\n<p>Le Dr Nabil Elkort a \u00e9galement fait la lumi\u00e8re sur ce que traversent les acteurs apr\u00e8s avoir termin\u00e9 un travail : \u00ab certains cas ont une scission au point de parler une autre langue, ou adopter des mani\u00e8res qui ne sont pas les leurs. Par ailleurs, les femmes sont les plus touch\u00e9es dans l&rsquo;industrie du cin\u00e9ma en raison parfois de l&rsquo;exploitation de leur corps, ce qui cr\u00e9e de nombreux probl\u00e8mes psychologiques \u00bb.<\/p>\n<p>\u00a0<\/p>\n<p><img decoding=\"async\" alt=\"\" height=\"696\" src=\"http:\/\/www.webdo.tn\/wp-content\/uploads\/2021\/10\/Panel-sur-la-sante-mentale-des-acteurs-Medfest-1024x1024.jpg\" width=\"696\"><\/p>\n<p><strong>Ne\u00efla Driss<\/strong><\/p>\n<\/p><\/div>\n<div class=\"coprs\" style=\"text-align: center\"><\/div><\/div>\n","protected":false},"excerpt":{"rendered":"<p>GFF 2021 &#8211; Un regard sur le bien-\u00eatre psychologique des acteurs<\/p>\n","protected":false},"author":3164,"featured_media":257615,"comment_status":"open","ping_status":"closed","sticky":false,"template":"","format":"standard","meta":{"footnotes":""},"categories":[2594],"tags":[2626,6648,9081,3258,4998],"class_list":["post-199991","post","type-post","status-publish","format-standard","has-post-thumbnail","hentry","category-culture","tag-cinema","tag-el-gouna","tag-el-gouna-2021","tag-festival-du-film-del-gouna","tag-panel"],"yoast_head":"<!-- This site is optimized with the Yoast SEO Premium plugin v27.4 (Yoast SEO v27.4) - https:\/\/yoast.com\/product\/yoast-seo-premium-wordpress\/ -->\n<title>GFF 2021 - Un regard sur le bien-\u00eatre psychologique des acteurs<\/title>\n<meta name=\"description\" content=\"GFF 2021 - Un regard sur le bien-\u00eatre psychologique des acteurs\" \/>\n<link rel=\"canonical\" href=\"https:\/\/www.webdo.tn\/fr\/actualite\/culture\/gff-2021-un-regard-sur-le-bien-etre-psychologique-des-acteurs\/199991\/\" \/>\n<meta property=\"og:locale\" content=\"fr_FR\" \/>\n<meta property=\"og:type\" content=\"article\" \/>\n<meta property=\"og:title\" content=\"GFF 2021 - Un regard sur le bien-\u00eatre psychologique des acteurs\" \/>\n<meta property=\"og:description\" content=\"GFF 2021 - Un regard sur le bien-\u00eatre psychologique des acteurs\" \/>\n<meta property=\"og:url\" content=\"https:\/\/www.webdo.tn\/fr\/actualite\/culture\/gff-2021-un-regard-sur-le-bien-etre-psychologique-des-acteurs\/199991\/\" \/>\n<meta property=\"og:site_name\" content=\"webdo\" \/>\n<meta property=\"article:publisher\" content=\"https:\/\/www.facebook.com\/webdotn\" \/>\n<meta property=\"article:author\" content=\"https:\/\/www.facebook.com\/massir.destiniii\/\" \/>\n<meta property=\"article:published_time\" content=\"2021-10-30T10:36:00+00:00\" \/>\n<meta property=\"article:modified_time\" content=\"2025-05-14T12:35:14+00:00\" \/>\n<meta property=\"og:image\" content=\"https:\/\/www.webdo.tn\/fr\/wp-content\/uploads\/2021\/10\/Panel-sur-la-sante-mentale-des-acteurs.jpg\" \/>\n\t<meta property=\"og:image:width\" content=\"960\" \/>\n\t<meta property=\"og:image:height\" content=\"800\" \/>\n\t<meta property=\"og:image:type\" content=\"image\/jpeg\" \/>\n<meta name=\"author\" content=\"Ne\u00efla DRISS\" \/>\n<meta name=\"twitter:card\" content=\"summary_large_image\" \/>\n<meta name=\"twitter:creator\" content=\"@https:\/\/x.com\/MassirDestin\" \/>\n<meta name=\"twitter:site\" content=\"@webdo_tn\" \/>\n<meta name=\"twitter:label1\" content=\"\u00c9crit par\" \/>\n\t<meta name=\"twitter:data1\" content=\"Ne\u00efla DRISS\" \/>\n\t<meta name=\"twitter:label2\" content=\"Dur\u00e9e de lecture estim\u00e9e\" \/>\n\t<meta name=\"twitter:data2\" content=\"14 minutes\" \/>\n<script type=\"application\/ld+json\" class=\"yoast-schema-graph\">{\"@context\":\"https:\\\/\\\/schema.org\",\"@graph\":[{\"@type\":\"NewsArticle\",\"@id\":\"https:\\\/\\\/www.webdo.tn\\\/fr\\\/actualite\\\/culture\\\/gff-2021-un-regard-sur-le-bien-etre-psychologique-des-acteurs\\\/199991\\\/#article\",\"isPartOf\":{\"@id\":\"https:\\\/\\\/www.webdo.tn\\\/fr\\\/actualite\\\/culture\\\/gff-2021-un-regard-sur-le-bien-etre-psychologique-des-acteurs\\\/199991\\\/\"},\"author\":{\"name\":\"Ne\u00efla DRISS\",\"@id\":\"https:\\\/\\\/www.webdo.tn\\\/fr\\\/#\\\/schema\\\/person\\\/60d5ba619ed3f58783b0dc82b7dada80\"},\"headline\":\"GFF 2021 &#8211; Un regard sur le bien-\u00eatre psychologique des acteurs\",\"datePublished\":\"2021-10-30T10:36:00+00:00\",\"dateModified\":\"2025-05-14T12:35:14+00:00\",\"mainEntityOfPage\":{\"@id\":\"https:\\\/\\\/www.webdo.tn\\\/fr\\\/actualite\\\/culture\\\/gff-2021-un-regard-sur-le-bien-etre-psychologique-des-acteurs\\\/199991\\\/\"},\"wordCount\":2812,\"commentCount\":0,\"publisher\":{\"@id\":\"https:\\\/\\\/www.webdo.tn\\\/fr\\\/#organization\"},\"image\":{\"@id\":\"https:\\\/\\\/www.webdo.tn\\\/fr\\\/actualite\\\/culture\\\/gff-2021-un-regard-sur-le-bien-etre-psychologique-des-acteurs\\\/199991\\\/#primaryimage\"},\"thumbnailUrl\":\"https:\\\/\\\/www.webdo.tn\\\/fr\\\/wp-content\\\/uploads\\\/2021\\\/10\\\/Panel-sur-la-sante-mentale-des-acteurs.jpg\",\"keywords\":[\"Cin\u00e9ma\",\"El Gouna\",\"El Gouna 2021\",\"Festival du Film d'El Gouna\",\"Panel\"],\"articleSection\":[\"Culture\"],\"inLanguage\":\"fr-FR\"},{\"@type\":\"WebPage\",\"@id\":\"https:\\\/\\\/www.webdo.tn\\\/fr\\\/actualite\\\/culture\\\/gff-2021-un-regard-sur-le-bien-etre-psychologique-des-acteurs\\\/199991\\\/\",\"url\":\"https:\\\/\\\/www.webdo.tn\\\/fr\\\/actualite\\\/culture\\\/gff-2021-un-regard-sur-le-bien-etre-psychologique-des-acteurs\\\/199991\\\/\",\"name\":\"GFF 2021 - Un regard sur le bien-\u00eatre psychologique des acteurs\",\"isPartOf\":{\"@id\":\"https:\\\/\\\/www.webdo.tn\\\/fr\\\/#website\"},\"primaryImageOfPage\":{\"@id\":\"https:\\\/\\\/www.webdo.tn\\\/fr\\\/actualite\\\/culture\\\/gff-2021-un-regard-sur-le-bien-etre-psychologique-des-acteurs\\\/199991\\\/#primaryimage\"},\"image\":{\"@id\":\"https:\\\/\\\/www.webdo.tn\\\/fr\\\/actualite\\\/culture\\\/gff-2021-un-regard-sur-le-bien-etre-psychologique-des-acteurs\\\/199991\\\/#primaryimage\"},\"thumbnailUrl\":\"https:\\\/\\\/www.webdo.tn\\\/fr\\\/wp-content\\\/uploads\\\/2021\\\/10\\\/Panel-sur-la-sante-mentale-des-acteurs.jpg\",\"datePublished\":\"2021-10-30T10:36:00+00:00\",\"dateModified\":\"2025-05-14T12:35:14+00:00\",\"description\":\"GFF 2021 - Un regard sur le bien-\u00eatre psychologique des acteurs\",\"breadcrumb\":{\"@id\":\"https:\\\/\\\/www.webdo.tn\\\/fr\\\/actualite\\\/culture\\\/gff-2021-un-regard-sur-le-bien-etre-psychologique-des-acteurs\\\/199991\\\/#breadcrumb\"},\"inLanguage\":\"fr-FR\",\"potentialAction\":[{\"@type\":\"ReadAction\",\"target\":[\"https:\\\/\\\/www.webdo.tn\\\/fr\\\/actualite\\\/culture\\\/gff-2021-un-regard-sur-le-bien-etre-psychologique-des-acteurs\\\/199991\\\/\"]}]},{\"@type\":\"ImageObject\",\"inLanguage\":\"fr-FR\",\"@id\":\"https:\\\/\\\/www.webdo.tn\\\/fr\\\/actualite\\\/culture\\\/gff-2021-un-regard-sur-le-bien-etre-psychologique-des-acteurs\\\/199991\\\/#primaryimage\",\"url\":\"https:\\\/\\\/www.webdo.tn\\\/fr\\\/wp-content\\\/uploads\\\/2021\\\/10\\\/Panel-sur-la-sante-mentale-des-acteurs.jpg\",\"contentUrl\":\"https:\\\/\\\/www.webdo.tn\\\/fr\\\/wp-content\\\/uploads\\\/2021\\\/10\\\/Panel-sur-la-sante-mentale-des-acteurs.jpg\",\"width\":960,\"height\":800,\"caption\":\"GFF 2021 - Un regard sur le bien-\u00eatre psychologique des acteurs\"},{\"@type\":\"BreadcrumbList\",\"@id\":\"https:\\\/\\\/www.webdo.tn\\\/fr\\\/actualite\\\/culture\\\/gff-2021-un-regard-sur-le-bien-etre-psychologique-des-acteurs\\\/199991\\\/#breadcrumb\",\"itemListElement\":[{\"@type\":\"ListItem\",\"position\":1,\"name\":\"Accueil\",\"item\":\"https:\\\/\\\/www.webdo.tn\\\/fr\\\/\"},{\"@type\":\"ListItem\",\"position\":2,\"name\":\"GFF 2021 &#8211; Un regard sur le bien-\u00eatre psychologique des acteurs\"}]},{\"@type\":\"WebSite\",\"@id\":\"https:\\\/\\\/www.webdo.tn\\\/fr\\\/#website\",\"url\":\"https:\\\/\\\/www.webdo.tn\\\/fr\\\/\",\"name\":\"webdo\",\"description\":\"Tunisie - News en Tunisie et \u00e0 l&#039;international sur Webdo.tn\",\"publisher\":{\"@id\":\"https:\\\/\\\/www.webdo.tn\\\/fr\\\/#organization\"},\"potentialAction\":[{\"@type\":\"SearchAction\",\"target\":{\"@type\":\"EntryPoint\",\"urlTemplate\":\"https:\\\/\\\/www.webdo.tn\\\/fr\\\/?s={search_term_string}\"},\"query-input\":{\"@type\":\"PropertyValueSpecification\",\"valueRequired\":true,\"valueName\":\"search_term_string\"}}],\"inLanguage\":\"fr-FR\"},{\"@type\":\"Organization\",\"@id\":\"https:\\\/\\\/www.webdo.tn\\\/fr\\\/#organization\",\"name\":\"Webdo\",\"alternateName\":\"Webdo.tn\",\"url\":\"https:\\\/\\\/www.webdo.tn\\\/fr\\\/\",\"logo\":{\"@type\":\"ImageObject\",\"inLanguage\":\"fr-FR\",\"@id\":\"https:\\\/\\\/www.webdo.tn\\\/fr\\\/#\\\/schema\\\/logo\\\/image\\\/\",\"url\":\"https:\\\/\\\/www.webdo.tn\\\/fr\\\/wp-content\\\/uploads\\\/2025\\\/06\\\/Webdo-Tunisie_168377.jpg\",\"contentUrl\":\"https:\\\/\\\/www.webdo.tn\\\/fr\\\/wp-content\\\/uploads\\\/2025\\\/06\\\/Webdo-Tunisie_168377.jpg\",\"width\":301,\"height\":301,\"caption\":\"Webdo\"},\"image\":{\"@id\":\"https:\\\/\\\/www.webdo.tn\\\/fr\\\/#\\\/schema\\\/logo\\\/image\\\/\"},\"sameAs\":[\"https:\\\/\\\/www.facebook.com\\\/webdotn\",\"https:\\\/\\\/x.com\\\/webdo_tn\"],\"description\":\"Webdo est un m\u00e9dia num\u00e9rique tunisien fond\u00e9 en 2010, sp\u00e9cialis\u00e9 dans l\u2019actualit\u00e9 nationale et internationale, l\u2019\u00e9conomie, la soci\u00e9t\u00e9 et les analyses politiques. Le site s\u2019adresse \u00e0 un large public francophone et couvre l\u2019information tunisienne en temps r\u00e9el.\",\"email\":\"redac@webdo.tn\",\"legalName\":\"YNJ SARL\",\"foundingDate\":\"2010-09-06\",\"numberOfEmployees\":{\"@type\":\"QuantitativeValue\",\"minValue\":\"11\",\"maxValue\":\"50\"}},{\"@type\":\"Person\",\"@id\":\"https:\\\/\\\/www.webdo.tn\\\/fr\\\/#\\\/schema\\\/person\\\/60d5ba619ed3f58783b0dc82b7dada80\",\"name\":\"Ne\u00efla DRISS\",\"image\":{\"@type\":\"ImageObject\",\"inLanguage\":\"fr-FR\",\"@id\":\"https:\\\/\\\/www.webdo.tn\\\/fr\\\/wp-content\\\/uploads\\\/2026\\\/04\\\/neila-driss_avatar-96x96.jpg\",\"url\":\"https:\\\/\\\/www.webdo.tn\\\/fr\\\/wp-content\\\/uploads\\\/2026\\\/04\\\/neila-driss_avatar-96x96.jpg\",\"contentUrl\":\"https:\\\/\\\/www.webdo.tn\\\/fr\\\/wp-content\\\/uploads\\\/2026\\\/04\\\/neila-driss_avatar-96x96.jpg\",\"caption\":\"Ne\u00efla DRISS\"},\"description\":\"Ne\u00efla Driss est juriste, journaliste culturelle et critique de cin\u00e9ma tunisienne. Titulaire d\u2019un DEA en droit priv\u00e9 de l\u2019Universit\u00e9 Paris II et d\u2019un DESS de l\u2019IHEC Carthage, elle d\u00e9bute sa carri\u00e8re comme juriste sp\u00e9cialis\u00e9e en gestion de patrimoine immobilier. Elle s\u2019oriente ensuite vers l\u2019\u00e9criture en ligne, o\u00f9 elle se distingue d\u00e8s 2006 aux Tunisia Blog Awards, avant de se consacrer au journalisme culturel, avec une sp\u00e9cialisation dans la critique cin\u00e9matographique. Elle couvre r\u00e9guli\u00e8rement les grands festivals internationaux, notamment le Festival de Cannes, les Journ\u00e9es Cin\u00e9matographiques de Carthage et le Festival du film du Caire. Membre de l\u2019ATPCC et de la FIPRESCI, elle participe \u00e0 des jurys et initiatives internationales de critique. Depuis 2024, elle est \u00e9lectrice internationale aux Golden Globes. Facebook : https:\\\/\\\/www.facebook.com\\\/massir.destiniii\\\/ X : https:\\\/\\\/x.com\\\/MassirDestin\",\"sameAs\":[\"https:\\\/\\\/www.facebook.com\\\/massir.destiniii\\\/\",\"https:\\\/\\\/www.instagram.com\\\/neila.driss\\\/?hl=fr\",\"https:\\\/\\\/www.linkedin.com\\\/in\\\/neila-driss-22606a80\\\/\",\"https:\\\/\\\/x.com\\\/https:\\\/\\\/x.com\\\/MassirDestin\"],\"knowsAbout\":[\"Cin\u00e9ma international\",\"critique cin\u00e9matographique\",\"festivals de cin\u00e9ma\",\"journalisme culturel\"],\"knowsLanguage\":[\"Fran\u00e7ais\",\"Arabe\",\"Anglais\"],\"jobTitle\":\"Journaliste culturelle et critique de cin\u00e9ma\",\"worksFor\":\"Webdo\",\"url\":\"https:\\\/\\\/www.webdo.tn\\\/fr\\\/actualite\\\/author\\\/neila-driss\\\/\"}]}<\/script>\n<!-- \/ Yoast SEO Premium plugin. -->","yoast_head_json":{"title":"GFF 2021 - Un regard sur le bien-\u00eatre psychologique des acteurs","description":"GFF 2021 - Un regard sur le bien-\u00eatre psychologique des acteurs","canonical":"https:\/\/www.webdo.tn\/fr\/actualite\/culture\/gff-2021-un-regard-sur-le-bien-etre-psychologique-des-acteurs\/199991\/","og_locale":"fr_FR","og_type":"article","og_title":"GFF 2021 - Un regard sur le bien-\u00eatre psychologique des acteurs","og_description":"GFF 2021 - Un regard sur le bien-\u00eatre psychologique des acteurs","og_url":"https:\/\/www.webdo.tn\/fr\/actualite\/culture\/gff-2021-un-regard-sur-le-bien-etre-psychologique-des-acteurs\/199991\/","og_site_name":"webdo","article_publisher":"https:\/\/www.facebook.com\/webdotn","article_author":"https:\/\/www.facebook.com\/massir.destiniii\/","article_published_time":"2021-10-30T10:36:00+00:00","article_modified_time":"2025-05-14T12:35:14+00:00","og_image":[{"width":960,"height":800,"url":"https:\/\/www.webdo.tn\/fr\/wp-content\/uploads\/2021\/10\/Panel-sur-la-sante-mentale-des-acteurs.jpg","type":"image\/jpeg"}],"author":"Ne\u00efla DRISS","twitter_card":"summary_large_image","twitter_creator":"@https:\/\/x.com\/MassirDestin","twitter_site":"@webdo_tn","twitter_misc":{"\u00c9crit par":"Ne\u00efla DRISS","Dur\u00e9e de lecture estim\u00e9e":"14 minutes"},"schema":{"@context":"https:\/\/schema.org","@graph":[{"@type":"NewsArticle","@id":"https:\/\/www.webdo.tn\/fr\/actualite\/culture\/gff-2021-un-regard-sur-le-bien-etre-psychologique-des-acteurs\/199991\/#article","isPartOf":{"@id":"https:\/\/www.webdo.tn\/fr\/actualite\/culture\/gff-2021-un-regard-sur-le-bien-etre-psychologique-des-acteurs\/199991\/"},"author":{"name":"Ne\u00efla DRISS","@id":"https:\/\/www.webdo.tn\/fr\/#\/schema\/person\/60d5ba619ed3f58783b0dc82b7dada80"},"headline":"GFF 2021 &#8211; Un regard sur le bien-\u00eatre psychologique des acteurs","datePublished":"2021-10-30T10:36:00+00:00","dateModified":"2025-05-14T12:35:14+00:00","mainEntityOfPage":{"@id":"https:\/\/www.webdo.tn\/fr\/actualite\/culture\/gff-2021-un-regard-sur-le-bien-etre-psychologique-des-acteurs\/199991\/"},"wordCount":2812,"commentCount":0,"publisher":{"@id":"https:\/\/www.webdo.tn\/fr\/#organization"},"image":{"@id":"https:\/\/www.webdo.tn\/fr\/actualite\/culture\/gff-2021-un-regard-sur-le-bien-etre-psychologique-des-acteurs\/199991\/#primaryimage"},"thumbnailUrl":"https:\/\/www.webdo.tn\/fr\/wp-content\/uploads\/2021\/10\/Panel-sur-la-sante-mentale-des-acteurs.jpg","keywords":["Cin\u00e9ma","El Gouna","El Gouna 2021","Festival du Film d'El Gouna","Panel"],"articleSection":["Culture"],"inLanguage":"fr-FR"},{"@type":"WebPage","@id":"https:\/\/www.webdo.tn\/fr\/actualite\/culture\/gff-2021-un-regard-sur-le-bien-etre-psychologique-des-acteurs\/199991\/","url":"https:\/\/www.webdo.tn\/fr\/actualite\/culture\/gff-2021-un-regard-sur-le-bien-etre-psychologique-des-acteurs\/199991\/","name":"GFF 2021 - Un regard sur le bien-\u00eatre psychologique des acteurs","isPartOf":{"@id":"https:\/\/www.webdo.tn\/fr\/#website"},"primaryImageOfPage":{"@id":"https:\/\/www.webdo.tn\/fr\/actualite\/culture\/gff-2021-un-regard-sur-le-bien-etre-psychologique-des-acteurs\/199991\/#primaryimage"},"image":{"@id":"https:\/\/www.webdo.tn\/fr\/actualite\/culture\/gff-2021-un-regard-sur-le-bien-etre-psychologique-des-acteurs\/199991\/#primaryimage"},"thumbnailUrl":"https:\/\/www.webdo.tn\/fr\/wp-content\/uploads\/2021\/10\/Panel-sur-la-sante-mentale-des-acteurs.jpg","datePublished":"2021-10-30T10:36:00+00:00","dateModified":"2025-05-14T12:35:14+00:00","description":"GFF 2021 - Un regard sur le bien-\u00eatre psychologique des acteurs","breadcrumb":{"@id":"https:\/\/www.webdo.tn\/fr\/actualite\/culture\/gff-2021-un-regard-sur-le-bien-etre-psychologique-des-acteurs\/199991\/#breadcrumb"},"inLanguage":"fr-FR","potentialAction":[{"@type":"ReadAction","target":["https:\/\/www.webdo.tn\/fr\/actualite\/culture\/gff-2021-un-regard-sur-le-bien-etre-psychologique-des-acteurs\/199991\/"]}]},{"@type":"ImageObject","inLanguage":"fr-FR","@id":"https:\/\/www.webdo.tn\/fr\/actualite\/culture\/gff-2021-un-regard-sur-le-bien-etre-psychologique-des-acteurs\/199991\/#primaryimage","url":"https:\/\/www.webdo.tn\/fr\/wp-content\/uploads\/2021\/10\/Panel-sur-la-sante-mentale-des-acteurs.jpg","contentUrl":"https:\/\/www.webdo.tn\/fr\/wp-content\/uploads\/2021\/10\/Panel-sur-la-sante-mentale-des-acteurs.jpg","width":960,"height":800,"caption":"GFF 2021 - Un regard sur le bien-\u00eatre psychologique des acteurs"},{"@type":"BreadcrumbList","@id":"https:\/\/www.webdo.tn\/fr\/actualite\/culture\/gff-2021-un-regard-sur-le-bien-etre-psychologique-des-acteurs\/199991\/#breadcrumb","itemListElement":[{"@type":"ListItem","position":1,"name":"Accueil","item":"https:\/\/www.webdo.tn\/fr\/"},{"@type":"ListItem","position":2,"name":"GFF 2021 &#8211; Un regard sur le bien-\u00eatre psychologique des acteurs"}]},{"@type":"WebSite","@id":"https:\/\/www.webdo.tn\/fr\/#website","url":"https:\/\/www.webdo.tn\/fr\/","name":"webdo","description":"Tunisie - News en Tunisie et \u00e0 l&#039;international sur Webdo.tn","publisher":{"@id":"https:\/\/www.webdo.tn\/fr\/#organization"},"potentialAction":[{"@type":"SearchAction","target":{"@type":"EntryPoint","urlTemplate":"https:\/\/www.webdo.tn\/fr\/?s={search_term_string}"},"query-input":{"@type":"PropertyValueSpecification","valueRequired":true,"valueName":"search_term_string"}}],"inLanguage":"fr-FR"},{"@type":"Organization","@id":"https:\/\/www.webdo.tn\/fr\/#organization","name":"Webdo","alternateName":"Webdo.tn","url":"https:\/\/www.webdo.tn\/fr\/","logo":{"@type":"ImageObject","inLanguage":"fr-FR","@id":"https:\/\/www.webdo.tn\/fr\/#\/schema\/logo\/image\/","url":"https:\/\/www.webdo.tn\/fr\/wp-content\/uploads\/2025\/06\/Webdo-Tunisie_168377.jpg","contentUrl":"https:\/\/www.webdo.tn\/fr\/wp-content\/uploads\/2025\/06\/Webdo-Tunisie_168377.jpg","width":301,"height":301,"caption":"Webdo"},"image":{"@id":"https:\/\/www.webdo.tn\/fr\/#\/schema\/logo\/image\/"},"sameAs":["https:\/\/www.facebook.com\/webdotn","https:\/\/x.com\/webdo_tn"],"description":"Webdo est un m\u00e9dia num\u00e9rique tunisien fond\u00e9 en 2010, sp\u00e9cialis\u00e9 dans l\u2019actualit\u00e9 nationale et internationale, l\u2019\u00e9conomie, la soci\u00e9t\u00e9 et les analyses politiques. Le site s\u2019adresse \u00e0 un large public francophone et couvre l\u2019information tunisienne en temps r\u00e9el.","email":"redac@webdo.tn","legalName":"YNJ SARL","foundingDate":"2010-09-06","numberOfEmployees":{"@type":"QuantitativeValue","minValue":"11","maxValue":"50"}},{"@type":"Person","@id":"https:\/\/www.webdo.tn\/fr\/#\/schema\/person\/60d5ba619ed3f58783b0dc82b7dada80","name":"Ne\u00efla DRISS","image":{"@type":"ImageObject","inLanguage":"fr-FR","@id":"https:\/\/www.webdo.tn\/fr\/wp-content\/uploads\/2026\/04\/neila-driss_avatar-96x96.jpg","url":"https:\/\/www.webdo.tn\/fr\/wp-content\/uploads\/2026\/04\/neila-driss_avatar-96x96.jpg","contentUrl":"https:\/\/www.webdo.tn\/fr\/wp-content\/uploads\/2026\/04\/neila-driss_avatar-96x96.jpg","caption":"Ne\u00efla DRISS"},"description":"Ne\u00efla Driss est juriste, journaliste culturelle et critique de cin\u00e9ma tunisienne. Titulaire d\u2019un DEA en droit priv\u00e9 de l\u2019Universit\u00e9 Paris II et d\u2019un DESS de l\u2019IHEC Carthage, elle d\u00e9bute sa carri\u00e8re comme juriste sp\u00e9cialis\u00e9e en gestion de patrimoine immobilier. Elle s\u2019oriente ensuite vers l\u2019\u00e9criture en ligne, o\u00f9 elle se distingue d\u00e8s 2006 aux Tunisia Blog Awards, avant de se consacrer au journalisme culturel, avec une sp\u00e9cialisation dans la critique cin\u00e9matographique. Elle couvre r\u00e9guli\u00e8rement les grands festivals internationaux, notamment le Festival de Cannes, les Journ\u00e9es Cin\u00e9matographiques de Carthage et le Festival du film du Caire. Membre de l\u2019ATPCC et de la FIPRESCI, elle participe \u00e0 des jurys et initiatives internationales de critique. Depuis 2024, elle est \u00e9lectrice internationale aux Golden Globes. Facebook : https:\/\/www.facebook.com\/massir.destiniii\/ X : https:\/\/x.com\/MassirDestin","sameAs":["https:\/\/www.facebook.com\/massir.destiniii\/","https:\/\/www.instagram.com\/neila.driss\/?hl=fr","https:\/\/www.linkedin.com\/in\/neila-driss-22606a80\/","https:\/\/x.com\/https:\/\/x.com\/MassirDestin"],"knowsAbout":["Cin\u00e9ma international","critique cin\u00e9matographique","festivals de cin\u00e9ma","journalisme culturel"],"knowsLanguage":["Fran\u00e7ais","Arabe","Anglais"],"jobTitle":"Journaliste culturelle et critique de cin\u00e9ma","worksFor":"Webdo","url":"https:\/\/www.webdo.tn\/fr\/actualite\/author\/neila-driss\/"}]}},"_links":{"self":[{"href":"https:\/\/www.webdo.tn\/fr\/wp-json\/wp\/v2\/posts\/199991","targetHints":{"allow":["GET"]}}],"collection":[{"href":"https:\/\/www.webdo.tn\/fr\/wp-json\/wp\/v2\/posts"}],"about":[{"href":"https:\/\/www.webdo.tn\/fr\/wp-json\/wp\/v2\/types\/post"}],"author":[{"embeddable":true,"href":"https:\/\/www.webdo.tn\/fr\/wp-json\/wp\/v2\/users\/3164"}],"replies":[{"embeddable":true,"href":"https:\/\/www.webdo.tn\/fr\/wp-json\/wp\/v2\/comments?post=199991"}],"version-history":[{"count":0,"href":"https:\/\/www.webdo.tn\/fr\/wp-json\/wp\/v2\/posts\/199991\/revisions"}],"wp:featuredmedia":[{"embeddable":true,"href":"https:\/\/www.webdo.tn\/fr\/wp-json\/wp\/v2\/media\/257615"}],"wp:attachment":[{"href":"https:\/\/www.webdo.tn\/fr\/wp-json\/wp\/v2\/media?parent=199991"}],"wp:term":[{"taxonomy":"category","embeddable":true,"href":"https:\/\/www.webdo.tn\/fr\/wp-json\/wp\/v2\/categories?post=199991"},{"taxonomy":"post_tag","embeddable":true,"href":"https:\/\/www.webdo.tn\/fr\/wp-json\/wp\/v2\/tags?post=199991"}],"curies":[{"name":"wp","href":"https:\/\/api.w.org\/{rel}","templated":true}]}}