{"id":199987,"date":"2021-10-17T07:59:00","date_gmt":"2021-10-17T07:59:00","guid":{"rendered":"https:\/\/www.webdo.tn\/fr\/blog\/inauguration-de-lexposition-krzysztof-kieslowski-au-festival-du-film-del-gouna\/199987\/"},"modified":"2021-10-17T07:59:00","modified_gmt":"2021-10-17T07:59:00","slug":"inauguration-de-lexposition-krzysztof-kieslowski-au-festival-du-film-del-gouna","status":"publish","type":"post","link":"https:\/\/www.webdo.tn\/fr\/actualite\/culture\/inauguration-de-lexposition-krzysztof-kieslowski-au-festival-du-film-del-gouna\/199987\/","title":{"rendered":"Inauguration de l&rsquo;exposition Krzysztof Kie\u015blowski au Festival du Film d&rsquo;El Gouna"},"content":{"rendered":"<div class=\"single-body entry-content typography-copy\" itemprop=\"articleBody\">\n<p style=\"font-weight: bold; text-align: justify\">\n<div class=\"coprs\" style=\"text-align: center\"><\/div>\n<div class=\"coprs\" style=\"text-align: justify\">\n<p>Du 14 au 22 octobre 2021, le Festival du Film d&rsquo;El Gouna (GFF) f\u00eate son cinqui\u00e8me anniversaire. Cinq \u00e9ditions de films, de s\u00e9minaires, de discussions, d&rsquo;expositions, de concerts et d&rsquo;activit\u00e9s diverses.<\/p>\n<p>Cinq \u00e9ditions pendant lesquelles le festival a montr\u00e9 qu&rsquo;il pouvait faire partie des grands, aussi bien par les films s\u00e9lectionn\u00e9s qui font pour la plupart partie des meilleurs films de l&rsquo;ann\u00e9e et qui ont souvent une tr\u00e8s belle carri\u00e8re, avec de nombreux prix r\u00e9colt\u00e9s dans des festivals prestigieux, tels que les festivals de Cannes, Berlin ou Venise, que par la qualit\u00e9 de ses autres activit\u00e9s c\u00e9l\u00e9brant le cin\u00e9ma.<\/p>\n<p>C&rsquo;est d&rsquo;ailleurs dans ce cadre qu&rsquo;Intishal Al Tamimi, le directeur du festival, l&rsquo;actrice Bushra, membre fondateur et le r\u00e9alisateur Amir Rams\u00e8s, directeur artistique, ont inaugur\u00e9 aujourd&rsquo;hui l&rsquo;exposition du c\u00e9l\u00e8bre r\u00e9alisateur polonais Krzysztof Kie\u015blowski, en comm\u00e9moration du vingt-cinqui\u00e8me anniversaire de sa mort.<\/p>\n<p>Cette exposition, qui comprend 23 affiches appartenant au Mus\u00e9e de la cin\u00e9matographie \u00e0 Lodz (Pologne), 50 photos de films et de lieux de tournage, des extraits de films, un entretien avec le r\u00e9alisateur, et des photos du r\u00e9alisateur lui-m\u00eame, a \u00e9t\u00e9 con\u00e7ue et r\u00e9alis\u00e9e par le c\u00e9l\u00e8bre d\u00e9corateur paysagiste Onsi Abu Seif.<\/p>\n<p><em>Krzysztof Kie\u015blowski est un r\u00e9alisateur et sc\u00e9nariste polonais, n\u00e9 le 27 juin 1941 \u00e0 Varsovie o\u00f9 il est mort le 13 mars 1996. Form\u00e9 \u00e0 l&rsquo;\u00c9cole de cin\u00e9ma de \u0141\u00f3d\u017a, il r\u00e9alise \u00e0 partir de 1966 une vingtaine de documentaires d\u00e9crivant la soci\u00e9t\u00e9 polonaise de l&rsquo;\u00e9poque avant de passer en 1976 \u00e0 la fiction. Ses longs m\u00e9trages s&rsquo;inscrivent dans le courant du cin\u00e9ma de l&rsquo;inqui\u00e9tude morale, mouvement r\u00e9aliste du cin\u00e9ma polonais qui traite de questions sociales et aborde des th\u00e8mes moraux complexes. Si ses premiers films se caract\u00e9risent par une forme asc\u00e9tique, encore proche du genre documentaire, ses \u0153uvres ult\u00e9rieures b\u00e9n\u00e9ficient d&rsquo;un traitement visuel sophistiqu\u00e9.<\/em><\/p>\n<p><em>Kie\u015blowski acc\u00e8de \u00e0 une large reconnaissance internationale avec la sortie du \u00ab\u00a0D\u00e9calogue\u00a0\u00bb en 1988. Il re\u00e7oit de prestigieuses r\u00e9compenses dont un Lion d&rsquo;Or \u00e0 la Mostra de Venise, un Ours d&rsquo;argent du meilleur r\u00e9alisateur \u00e0 la Berlinale, un prix du jury au Festival de Cannes et plusieurs prix FIPRESCI. Les films de sa trilogie \u00ab\u00a0Trois Couleurs\u00a0\u00bb lui valent \u00e9galement deux nominations aux Oscars de 1995 dans les cat\u00e9gories meilleur r\u00e9alisateur et meilleur sc\u00e9nario original.<\/em> (<a href=\"https:\/\/fr.wikipedia.org\/wiki\/Krzysztof_Kie%C5%9Blowski\">Wikip\u00e9dia<\/a>)<\/p>\n<p>D\u2019apr\u00e8s Amir Rams\u00e8s, directeur artistique du Festival du Film d&rsquo;El Gouna, cette exposition est un hommage et une reconnaissance que les \u0153uvres de Krzysztof Kie\u015blowski sont immortelles: \u00ab<em>Kislowski a inspir\u00e9 des g\u00e9n\u00e9rations de cin\u00e9astes; il a d\u00e9velopp\u00e9 un nouveau langage cin\u00e9matographique et nous a appris que le cin\u00e9ma peut parler \u00e0 travers l&rsquo;image, la couleur et la musique<\/em> \u00bb. Le c\u00e9l\u00e8bre directeur artistique Onsi Abu Seif a, pour sa part, d\u00e9clar\u00e9 que le concept de la sc\u00e9nographie de l&rsquo;exposition est bas\u00e9 sur l&rsquo;id\u00e9e de pr\u00e9senter au public les diff\u00e9rentes \u00e9tapes de la vie et de la carri\u00e8re du r\u00e9alisateur. \u00ab <em>J&rsquo;ai lu un livre important sur la vie et la carri\u00e8re de Kie\u015blowski et j&rsquo;ai essay\u00e9 \u00e0 travers cette exposition, \u00e0 l&rsquo;aide de diff\u00e9rents outils visuels tels que des photos et des vid\u00e9os, de faire voyager les visiteurs. L&rsquo;exp\u00e9rience de Krzysztof Kie\u015blowski est tr\u00e8s riche donc une seule exposition ne peut suffire. Mais je suis s\u00fbr que cette exposition et les projections de ses films au festival donneront un aper\u00e7u de l&rsquo;une des plus grandes figures de l&rsquo;histoire du cin\u00e9ma mondial<\/em> \u00bb.<\/p>\n<p><img decoding=\"async\" alt=\"Krzysztof Kie\u015blowski\" height=\"928\" src=\"http:\/\/www.webdo.tn\/wp-content\/uploads\/2021\/10\/IMG_0833-768x1024.jpg\" width=\"696\"><img decoding=\"async\" alt=\"Krzysztof Kie\u015blowski\" height=\"522\" src=\"http:\/\/www.webdo.tn\/wp-content\/uploads\/2021\/10\/IMG_0837-1024x768.jpg\" width=\"696\"><img decoding=\"async\" alt=\"Krzysztof Kie\u015blowski\" height=\"522\" src=\"http:\/\/www.webdo.tn\/wp-content\/uploads\/2021\/10\/IMG_0838-1024x768.jpg\" width=\"696\"><img decoding=\"async\" alt=\"Krzysztof Kie\u015blowski\" height=\"522\" src=\"http:\/\/www.webdo.tn\/wp-content\/uploads\/2021\/10\/IMG_0836-1024x768.jpg\" width=\"696\"><img decoding=\"async\" alt=\"Krzysztof Kie\u015blowski\" height=\"522\" src=\"http:\/\/www.webdo.tn\/wp-content\/uploads\/2021\/10\/IMG_0835-1024x768.jpg\" width=\"696\"><\/p>\n<p><img decoding=\"async\" alt=\"Krzysztof Kie\u015blowski\" height=\"928\" src=\"http:\/\/www.webdo.tn\/wp-content\/uploads\/2021\/10\/IMG_0834-768x1024.jpg\" width=\"696\"><\/p>\n<p><img decoding=\"async\" alt=\"Krzysztof Kie\u015blowski \" height=\"522\" src=\"http:\/\/www.webdo.tn\/wp-content\/uploads\/2021\/10\/IMG_0841-1024x768.jpg\" width=\"696\"> <img decoding=\"async\" alt=\"Krzysztof Kie\u015blowski \" height=\"522\" src=\"http:\/\/www.webdo.tn\/wp-content\/uploads\/2021\/10\/IMG_0842-1024x768.jpg\" width=\"696\"> <img decoding=\"async\" alt=\"Krzysztof Kie\u015blowski \" height=\"928\" src=\"http:\/\/www.webdo.tn\/wp-content\/uploads\/2021\/10\/IMG_0843-768x1024.jpg\" width=\"696\"> <img decoding=\"async\" alt=\"Krzysztof Kie\u015blowski \" height=\"928\" src=\"http:\/\/www.webdo.tn\/wp-content\/uploads\/2021\/10\/IMG_0844-768x1024.jpg\" width=\"696\"><\/p>\n<p><strong>Ne\u00efla Driss<\/strong><\/p>\n<\/p><\/div>\n<div class=\"coprs\" style=\"text-align: center\"><\/div><\/div>\n","protected":false},"excerpt":{"rendered":"<p>Inauguration de l&rsquo;exposition Krzysztof Kie\u015blowski au Festival du Film d&rsquo;El Gouna<\/p>\n","protected":false},"author":3164,"featured_media":279799,"comment_status":"open","ping_status":"closed","sticky":false,"template":"","format":"standard","meta":{"footnotes":""},"categories":[2594],"tags":[2626,6648,9081,2641,3258,3259],"class_list":["post-199987","post","type-post","status-publish","format-standard","has-post-thumbnail","hentry","category-culture","tag-cinema","tag-el-gouna","tag-el-gouna-2021","tag-exposition","tag-festival-du-film-del-gouna","tag-gff"],"yoast_head":"<!-- This site is optimized with the Yoast SEO Premium plugin v27.4 (Yoast SEO v27.4) - https:\/\/yoast.com\/product\/yoast-seo-premium-wordpress\/ -->\n<title>Inauguration de l&#039;exposition Krzysztof Kie\u015blowski au Festival du Film d&#039;El Gouna<\/title>\n<meta name=\"description\" content=\"Inauguration de l&#039;exposition Krzysztof Kie\u015blowski au Festival du Film d&#039;El Gouna\" \/>\n<link rel=\"canonical\" href=\"https:\/\/www.webdo.tn\/fr\/actualite\/culture\/inauguration-de-lexposition-krzysztof-kieslowski-au-festival-du-film-del-gouna\/199987\/\" \/>\n<meta property=\"og:locale\" content=\"fr_FR\" \/>\n<meta property=\"og:type\" content=\"article\" \/>\n<meta property=\"og:title\" content=\"Inauguration de l&#039;exposition Krzysztof Kie\u015blowski au Festival du Film d&#039;El Gouna\" \/>\n<meta property=\"og:description\" content=\"Inauguration de l&#039;exposition Krzysztof Kie\u015blowski au Festival du Film d&#039;El Gouna\" \/>\n<meta property=\"og:url\" content=\"https:\/\/www.webdo.tn\/fr\/actualite\/culture\/inauguration-de-lexposition-krzysztof-kieslowski-au-festival-du-film-del-gouna\/199987\/\" \/>\n<meta property=\"og:site_name\" content=\"webdo\" \/>\n<meta property=\"article:publisher\" content=\"https:\/\/www.facebook.com\/webdotn\" \/>\n<meta property=\"article:author\" content=\"https:\/\/www.facebook.com\/massir.destiniii\/\" \/>\n<meta property=\"article:published_time\" content=\"2021-10-17T07:59:00+00:00\" \/>\n<meta property=\"og:image\" content=\"https:\/\/www.webdo.tn\/fr\/wp-content\/uploads\/2021\/10\/IMG_0839-1024x768-1.jpg\" \/>\n\t<meta property=\"og:image:width\" content=\"1024\" \/>\n\t<meta property=\"og:image:height\" content=\"768\" \/>\n\t<meta property=\"og:image:type\" content=\"image\/jpeg\" \/>\n<meta name=\"author\" content=\"Ne\u00efla DRISS\" \/>\n<meta name=\"twitter:card\" content=\"summary_large_image\" \/>\n<meta name=\"twitter:creator\" content=\"@https:\/\/x.com\/MassirDestin\" \/>\n<meta name=\"twitter:site\" content=\"@webdo_tn\" \/>\n<meta name=\"twitter:label1\" content=\"\u00c9crit par\" \/>\n\t<meta name=\"twitter:data1\" content=\"Ne\u00efla DRISS\" \/>\n\t<meta name=\"twitter:label2\" content=\"Dur\u00e9e de lecture estim\u00e9e\" \/>\n\t<meta name=\"twitter:data2\" content=\"3 minutes\" \/>\n<script type=\"application\/ld+json\" class=\"yoast-schema-graph\">{\"@context\":\"https:\\\/\\\/schema.org\",\"@graph\":[{\"@type\":\"NewsArticle\",\"@id\":\"https:\\\/\\\/www.webdo.tn\\\/fr\\\/actualite\\\/culture\\\/inauguration-de-lexposition-krzysztof-kieslowski-au-festival-du-film-del-gouna\\\/199987\\\/#article\",\"isPartOf\":{\"@id\":\"https:\\\/\\\/www.webdo.tn\\\/fr\\\/actualite\\\/culture\\\/inauguration-de-lexposition-krzysztof-kieslowski-au-festival-du-film-del-gouna\\\/199987\\\/\"},\"author\":{\"name\":\"Ne\u00efla DRISS\",\"@id\":\"https:\\\/\\\/www.webdo.tn\\\/fr\\\/#\\\/schema\\\/person\\\/60d5ba619ed3f58783b0dc82b7dada80\"},\"headline\":\"Inauguration de l&rsquo;exposition Krzysztof Kie\u015blowski au Festival du Film d&rsquo;El Gouna\",\"datePublished\":\"2021-10-17T07:59:00+00:00\",\"mainEntityOfPage\":{\"@id\":\"https:\\\/\\\/www.webdo.tn\\\/fr\\\/actualite\\\/culture\\\/inauguration-de-lexposition-krzysztof-kieslowski-au-festival-du-film-del-gouna\\\/199987\\\/\"},\"wordCount\":663,\"commentCount\":0,\"publisher\":{\"@id\":\"https:\\\/\\\/www.webdo.tn\\\/fr\\\/#organization\"},\"image\":{\"@id\":\"https:\\\/\\\/www.webdo.tn\\\/fr\\\/actualite\\\/culture\\\/inauguration-de-lexposition-krzysztof-kieslowski-au-festival-du-film-del-gouna\\\/199987\\\/#primaryimage\"},\"thumbnailUrl\":\"https:\\\/\\\/www.webdo.tn\\\/fr\\\/wp-content\\\/uploads\\\/2021\\\/10\\\/IMG_0839-1024x768-1.jpg\",\"keywords\":[\"Cin\u00e9ma\",\"El Gouna\",\"El Gouna 2021\",\"exposition\",\"Festival du Film d'El Gouna\",\"GFF\"],\"articleSection\":[\"Culture\"],\"inLanguage\":\"fr-FR\"},{\"@type\":\"WebPage\",\"@id\":\"https:\\\/\\\/www.webdo.tn\\\/fr\\\/actualite\\\/culture\\\/inauguration-de-lexposition-krzysztof-kieslowski-au-festival-du-film-del-gouna\\\/199987\\\/\",\"url\":\"https:\\\/\\\/www.webdo.tn\\\/fr\\\/actualite\\\/culture\\\/inauguration-de-lexposition-krzysztof-kieslowski-au-festival-du-film-del-gouna\\\/199987\\\/\",\"name\":\"Inauguration de l'exposition Krzysztof Kie\u015blowski au Festival du Film d'El Gouna\",\"isPartOf\":{\"@id\":\"https:\\\/\\\/www.webdo.tn\\\/fr\\\/#website\"},\"primaryImageOfPage\":{\"@id\":\"https:\\\/\\\/www.webdo.tn\\\/fr\\\/actualite\\\/culture\\\/inauguration-de-lexposition-krzysztof-kieslowski-au-festival-du-film-del-gouna\\\/199987\\\/#primaryimage\"},\"image\":{\"@id\":\"https:\\\/\\\/www.webdo.tn\\\/fr\\\/actualite\\\/culture\\\/inauguration-de-lexposition-krzysztof-kieslowski-au-festival-du-film-del-gouna\\\/199987\\\/#primaryimage\"},\"thumbnailUrl\":\"https:\\\/\\\/www.webdo.tn\\\/fr\\\/wp-content\\\/uploads\\\/2021\\\/10\\\/IMG_0839-1024x768-1.jpg\",\"datePublished\":\"2021-10-17T07:59:00+00:00\",\"description\":\"Inauguration de l'exposition Krzysztof Kie\u015blowski au Festival du Film d'El Gouna\",\"breadcrumb\":{\"@id\":\"https:\\\/\\\/www.webdo.tn\\\/fr\\\/actualite\\\/culture\\\/inauguration-de-lexposition-krzysztof-kieslowski-au-festival-du-film-del-gouna\\\/199987\\\/#breadcrumb\"},\"inLanguage\":\"fr-FR\",\"potentialAction\":[{\"@type\":\"ReadAction\",\"target\":[\"https:\\\/\\\/www.webdo.tn\\\/fr\\\/actualite\\\/culture\\\/inauguration-de-lexposition-krzysztof-kieslowski-au-festival-du-film-del-gouna\\\/199987\\\/\"]}]},{\"@type\":\"ImageObject\",\"inLanguage\":\"fr-FR\",\"@id\":\"https:\\\/\\\/www.webdo.tn\\\/fr\\\/actualite\\\/culture\\\/inauguration-de-lexposition-krzysztof-kieslowski-au-festival-du-film-del-gouna\\\/199987\\\/#primaryimage\",\"url\":\"https:\\\/\\\/www.webdo.tn\\\/fr\\\/wp-content\\\/uploads\\\/2021\\\/10\\\/IMG_0839-1024x768-1.jpg\",\"contentUrl\":\"https:\\\/\\\/www.webdo.tn\\\/fr\\\/wp-content\\\/uploads\\\/2021\\\/10\\\/IMG_0839-1024x768-1.jpg\",\"width\":1024,\"height\":768,\"caption\":\"Inauguration de l'exposition Krzysztof Kie\u015blowski au Festival du Film d'El Gouna\"},{\"@type\":\"BreadcrumbList\",\"@id\":\"https:\\\/\\\/www.webdo.tn\\\/fr\\\/actualite\\\/culture\\\/inauguration-de-lexposition-krzysztof-kieslowski-au-festival-du-film-del-gouna\\\/199987\\\/#breadcrumb\",\"itemListElement\":[{\"@type\":\"ListItem\",\"position\":1,\"name\":\"Accueil\",\"item\":\"https:\\\/\\\/www.webdo.tn\\\/fr\\\/\"},{\"@type\":\"ListItem\",\"position\":2,\"name\":\"Inauguration de l&rsquo;exposition Krzysztof Kie\u015blowski au Festival du Film d&rsquo;El Gouna\"}]},{\"@type\":\"WebSite\",\"@id\":\"https:\\\/\\\/www.webdo.tn\\\/fr\\\/#website\",\"url\":\"https:\\\/\\\/www.webdo.tn\\\/fr\\\/\",\"name\":\"webdo\",\"description\":\"Tunisie - News en Tunisie et \u00e0 l&#039;international sur Webdo.tn\",\"publisher\":{\"@id\":\"https:\\\/\\\/www.webdo.tn\\\/fr\\\/#organization\"},\"potentialAction\":[{\"@type\":\"SearchAction\",\"target\":{\"@type\":\"EntryPoint\",\"urlTemplate\":\"https:\\\/\\\/www.webdo.tn\\\/fr\\\/?s={search_term_string}\"},\"query-input\":{\"@type\":\"PropertyValueSpecification\",\"valueRequired\":true,\"valueName\":\"search_term_string\"}}],\"inLanguage\":\"fr-FR\"},{\"@type\":\"Organization\",\"@id\":\"https:\\\/\\\/www.webdo.tn\\\/fr\\\/#organization\",\"name\":\"Webdo\",\"alternateName\":\"Webdo.tn\",\"url\":\"https:\\\/\\\/www.webdo.tn\\\/fr\\\/\",\"logo\":{\"@type\":\"ImageObject\",\"inLanguage\":\"fr-FR\",\"@id\":\"https:\\\/\\\/www.webdo.tn\\\/fr\\\/#\\\/schema\\\/logo\\\/image\\\/\",\"url\":\"https:\\\/\\\/www.webdo.tn\\\/fr\\\/wp-content\\\/uploads\\\/2025\\\/06\\\/Webdo-Tunisie_168377.jpg\",\"contentUrl\":\"https:\\\/\\\/www.webdo.tn\\\/fr\\\/wp-content\\\/uploads\\\/2025\\\/06\\\/Webdo-Tunisie_168377.jpg\",\"width\":301,\"height\":301,\"caption\":\"Webdo\"},\"image\":{\"@id\":\"https:\\\/\\\/www.webdo.tn\\\/fr\\\/#\\\/schema\\\/logo\\\/image\\\/\"},\"sameAs\":[\"https:\\\/\\\/www.facebook.com\\\/webdotn\",\"https:\\\/\\\/x.com\\\/webdo_tn\"],\"description\":\"Webdo est un m\u00e9dia num\u00e9rique tunisien fond\u00e9 en 2010, sp\u00e9cialis\u00e9 dans l\u2019actualit\u00e9 nationale et internationale, l\u2019\u00e9conomie, la soci\u00e9t\u00e9 et les analyses politiques. Le site s\u2019adresse \u00e0 un large public francophone et couvre l\u2019information tunisienne en temps r\u00e9el.\",\"email\":\"redac@webdo.tn\",\"legalName\":\"YNJ SARL\",\"foundingDate\":\"2010-09-06\",\"numberOfEmployees\":{\"@type\":\"QuantitativeValue\",\"minValue\":\"11\",\"maxValue\":\"50\"}},{\"@type\":\"Person\",\"@id\":\"https:\\\/\\\/www.webdo.tn\\\/fr\\\/#\\\/schema\\\/person\\\/60d5ba619ed3f58783b0dc82b7dada80\",\"name\":\"Ne\u00efla DRISS\",\"image\":{\"@type\":\"ImageObject\",\"inLanguage\":\"fr-FR\",\"@id\":\"https:\\\/\\\/www.webdo.tn\\\/fr\\\/wp-content\\\/uploads\\\/2026\\\/04\\\/neila-driss_avatar-96x96.jpg\",\"url\":\"https:\\\/\\\/www.webdo.tn\\\/fr\\\/wp-content\\\/uploads\\\/2026\\\/04\\\/neila-driss_avatar-96x96.jpg\",\"contentUrl\":\"https:\\\/\\\/www.webdo.tn\\\/fr\\\/wp-content\\\/uploads\\\/2026\\\/04\\\/neila-driss_avatar-96x96.jpg\",\"caption\":\"Ne\u00efla DRISS\"},\"description\":\"Ne\u00efla Driss est juriste, journaliste culturelle et critique de cin\u00e9ma tunisienne. Titulaire d\u2019un DEA en droit priv\u00e9 de l\u2019Universit\u00e9 Paris II et d\u2019un DESS de l\u2019IHEC Carthage, elle d\u00e9bute sa carri\u00e8re comme juriste sp\u00e9cialis\u00e9e en gestion de patrimoine immobilier. Elle s\u2019oriente ensuite vers l\u2019\u00e9criture en ligne, o\u00f9 elle se distingue d\u00e8s 2006 aux Tunisia Blog Awards, avant de se consacrer au journalisme culturel, avec une sp\u00e9cialisation dans la critique cin\u00e9matographique. Elle couvre r\u00e9guli\u00e8rement les grands festivals internationaux, notamment le Festival de Cannes, les Journ\u00e9es Cin\u00e9matographiques de Carthage et le Festival du film du Caire. Membre de l\u2019ATPCC et de la FIPRESCI, elle participe \u00e0 des jurys et initiatives internationales de critique. Depuis 2024, elle est \u00e9lectrice internationale aux Golden Globes. Facebook : https:\\\/\\\/www.facebook.com\\\/massir.destiniii\\\/ X : https:\\\/\\\/x.com\\\/MassirDestin\",\"sameAs\":[\"https:\\\/\\\/www.facebook.com\\\/massir.destiniii\\\/\",\"https:\\\/\\\/www.instagram.com\\\/neila.driss\\\/?hl=fr\",\"https:\\\/\\\/www.linkedin.com\\\/in\\\/neila-driss-22606a80\\\/\",\"https:\\\/\\\/x.com\\\/https:\\\/\\\/x.com\\\/MassirDestin\"],\"knowsAbout\":[\"Cin\u00e9ma international\",\"critique cin\u00e9matographique\",\"festivals de cin\u00e9ma\",\"journalisme culturel\"],\"knowsLanguage\":[\"Fran\u00e7ais\",\"Arabe\",\"Anglais\"],\"jobTitle\":\"Journaliste culturelle et critique de cin\u00e9ma\",\"worksFor\":\"Webdo\",\"url\":\"https:\\\/\\\/www.webdo.tn\\\/fr\\\/actualite\\\/author\\\/neila-driss\\\/\"}]}<\/script>\n<!-- \/ Yoast SEO Premium plugin. -->","yoast_head_json":{"title":"Inauguration de l'exposition Krzysztof Kie\u015blowski au Festival du Film d'El Gouna","description":"Inauguration de l'exposition Krzysztof Kie\u015blowski au Festival du Film d'El Gouna","canonical":"https:\/\/www.webdo.tn\/fr\/actualite\/culture\/inauguration-de-lexposition-krzysztof-kieslowski-au-festival-du-film-del-gouna\/199987\/","og_locale":"fr_FR","og_type":"article","og_title":"Inauguration de l'exposition Krzysztof Kie\u015blowski au Festival du Film d'El Gouna","og_description":"Inauguration de l'exposition Krzysztof Kie\u015blowski au Festival du Film d'El Gouna","og_url":"https:\/\/www.webdo.tn\/fr\/actualite\/culture\/inauguration-de-lexposition-krzysztof-kieslowski-au-festival-du-film-del-gouna\/199987\/","og_site_name":"webdo","article_publisher":"https:\/\/www.facebook.com\/webdotn","article_author":"https:\/\/www.facebook.com\/massir.destiniii\/","article_published_time":"2021-10-17T07:59:00+00:00","og_image":[{"width":1024,"height":768,"url":"https:\/\/www.webdo.tn\/fr\/wp-content\/uploads\/2021\/10\/IMG_0839-1024x768-1.jpg","type":"image\/jpeg"}],"author":"Ne\u00efla DRISS","twitter_card":"summary_large_image","twitter_creator":"@https:\/\/x.com\/MassirDestin","twitter_site":"@webdo_tn","twitter_misc":{"\u00c9crit par":"Ne\u00efla DRISS","Dur\u00e9e de lecture estim\u00e9e":"3 minutes"},"schema":{"@context":"https:\/\/schema.org","@graph":[{"@type":"NewsArticle","@id":"https:\/\/www.webdo.tn\/fr\/actualite\/culture\/inauguration-de-lexposition-krzysztof-kieslowski-au-festival-du-film-del-gouna\/199987\/#article","isPartOf":{"@id":"https:\/\/www.webdo.tn\/fr\/actualite\/culture\/inauguration-de-lexposition-krzysztof-kieslowski-au-festival-du-film-del-gouna\/199987\/"},"author":{"name":"Ne\u00efla DRISS","@id":"https:\/\/www.webdo.tn\/fr\/#\/schema\/person\/60d5ba619ed3f58783b0dc82b7dada80"},"headline":"Inauguration de l&rsquo;exposition Krzysztof Kie\u015blowski au Festival du Film d&rsquo;El Gouna","datePublished":"2021-10-17T07:59:00+00:00","mainEntityOfPage":{"@id":"https:\/\/www.webdo.tn\/fr\/actualite\/culture\/inauguration-de-lexposition-krzysztof-kieslowski-au-festival-du-film-del-gouna\/199987\/"},"wordCount":663,"commentCount":0,"publisher":{"@id":"https:\/\/www.webdo.tn\/fr\/#organization"},"image":{"@id":"https:\/\/www.webdo.tn\/fr\/actualite\/culture\/inauguration-de-lexposition-krzysztof-kieslowski-au-festival-du-film-del-gouna\/199987\/#primaryimage"},"thumbnailUrl":"https:\/\/www.webdo.tn\/fr\/wp-content\/uploads\/2021\/10\/IMG_0839-1024x768-1.jpg","keywords":["Cin\u00e9ma","El Gouna","El Gouna 2021","exposition","Festival du Film d'El Gouna","GFF"],"articleSection":["Culture"],"inLanguage":"fr-FR"},{"@type":"WebPage","@id":"https:\/\/www.webdo.tn\/fr\/actualite\/culture\/inauguration-de-lexposition-krzysztof-kieslowski-au-festival-du-film-del-gouna\/199987\/","url":"https:\/\/www.webdo.tn\/fr\/actualite\/culture\/inauguration-de-lexposition-krzysztof-kieslowski-au-festival-du-film-del-gouna\/199987\/","name":"Inauguration de l'exposition Krzysztof Kie\u015blowski au Festival du Film d'El Gouna","isPartOf":{"@id":"https:\/\/www.webdo.tn\/fr\/#website"},"primaryImageOfPage":{"@id":"https:\/\/www.webdo.tn\/fr\/actualite\/culture\/inauguration-de-lexposition-krzysztof-kieslowski-au-festival-du-film-del-gouna\/199987\/#primaryimage"},"image":{"@id":"https:\/\/www.webdo.tn\/fr\/actualite\/culture\/inauguration-de-lexposition-krzysztof-kieslowski-au-festival-du-film-del-gouna\/199987\/#primaryimage"},"thumbnailUrl":"https:\/\/www.webdo.tn\/fr\/wp-content\/uploads\/2021\/10\/IMG_0839-1024x768-1.jpg","datePublished":"2021-10-17T07:59:00+00:00","description":"Inauguration de l'exposition Krzysztof Kie\u015blowski au Festival du Film d'El Gouna","breadcrumb":{"@id":"https:\/\/www.webdo.tn\/fr\/actualite\/culture\/inauguration-de-lexposition-krzysztof-kieslowski-au-festival-du-film-del-gouna\/199987\/#breadcrumb"},"inLanguage":"fr-FR","potentialAction":[{"@type":"ReadAction","target":["https:\/\/www.webdo.tn\/fr\/actualite\/culture\/inauguration-de-lexposition-krzysztof-kieslowski-au-festival-du-film-del-gouna\/199987\/"]}]},{"@type":"ImageObject","inLanguage":"fr-FR","@id":"https:\/\/www.webdo.tn\/fr\/actualite\/culture\/inauguration-de-lexposition-krzysztof-kieslowski-au-festival-du-film-del-gouna\/199987\/#primaryimage","url":"https:\/\/www.webdo.tn\/fr\/wp-content\/uploads\/2021\/10\/IMG_0839-1024x768-1.jpg","contentUrl":"https:\/\/www.webdo.tn\/fr\/wp-content\/uploads\/2021\/10\/IMG_0839-1024x768-1.jpg","width":1024,"height":768,"caption":"Inauguration de l'exposition Krzysztof Kie\u015blowski au Festival du Film d'El Gouna"},{"@type":"BreadcrumbList","@id":"https:\/\/www.webdo.tn\/fr\/actualite\/culture\/inauguration-de-lexposition-krzysztof-kieslowski-au-festival-du-film-del-gouna\/199987\/#breadcrumb","itemListElement":[{"@type":"ListItem","position":1,"name":"Accueil","item":"https:\/\/www.webdo.tn\/fr\/"},{"@type":"ListItem","position":2,"name":"Inauguration de l&rsquo;exposition Krzysztof Kie\u015blowski au Festival du Film d&rsquo;El Gouna"}]},{"@type":"WebSite","@id":"https:\/\/www.webdo.tn\/fr\/#website","url":"https:\/\/www.webdo.tn\/fr\/","name":"webdo","description":"Tunisie - News en Tunisie et \u00e0 l&#039;international sur Webdo.tn","publisher":{"@id":"https:\/\/www.webdo.tn\/fr\/#organization"},"potentialAction":[{"@type":"SearchAction","target":{"@type":"EntryPoint","urlTemplate":"https:\/\/www.webdo.tn\/fr\/?s={search_term_string}"},"query-input":{"@type":"PropertyValueSpecification","valueRequired":true,"valueName":"search_term_string"}}],"inLanguage":"fr-FR"},{"@type":"Organization","@id":"https:\/\/www.webdo.tn\/fr\/#organization","name":"Webdo","alternateName":"Webdo.tn","url":"https:\/\/www.webdo.tn\/fr\/","logo":{"@type":"ImageObject","inLanguage":"fr-FR","@id":"https:\/\/www.webdo.tn\/fr\/#\/schema\/logo\/image\/","url":"https:\/\/www.webdo.tn\/fr\/wp-content\/uploads\/2025\/06\/Webdo-Tunisie_168377.jpg","contentUrl":"https:\/\/www.webdo.tn\/fr\/wp-content\/uploads\/2025\/06\/Webdo-Tunisie_168377.jpg","width":301,"height":301,"caption":"Webdo"},"image":{"@id":"https:\/\/www.webdo.tn\/fr\/#\/schema\/logo\/image\/"},"sameAs":["https:\/\/www.facebook.com\/webdotn","https:\/\/x.com\/webdo_tn"],"description":"Webdo est un m\u00e9dia num\u00e9rique tunisien fond\u00e9 en 2010, sp\u00e9cialis\u00e9 dans l\u2019actualit\u00e9 nationale et internationale, l\u2019\u00e9conomie, la soci\u00e9t\u00e9 et les analyses politiques. Le site s\u2019adresse \u00e0 un large public francophone et couvre l\u2019information tunisienne en temps r\u00e9el.","email":"redac@webdo.tn","legalName":"YNJ SARL","foundingDate":"2010-09-06","numberOfEmployees":{"@type":"QuantitativeValue","minValue":"11","maxValue":"50"}},{"@type":"Person","@id":"https:\/\/www.webdo.tn\/fr\/#\/schema\/person\/60d5ba619ed3f58783b0dc82b7dada80","name":"Ne\u00efla DRISS","image":{"@type":"ImageObject","inLanguage":"fr-FR","@id":"https:\/\/www.webdo.tn\/fr\/wp-content\/uploads\/2026\/04\/neila-driss_avatar-96x96.jpg","url":"https:\/\/www.webdo.tn\/fr\/wp-content\/uploads\/2026\/04\/neila-driss_avatar-96x96.jpg","contentUrl":"https:\/\/www.webdo.tn\/fr\/wp-content\/uploads\/2026\/04\/neila-driss_avatar-96x96.jpg","caption":"Ne\u00efla DRISS"},"description":"Ne\u00efla Driss est juriste, journaliste culturelle et critique de cin\u00e9ma tunisienne. Titulaire d\u2019un DEA en droit priv\u00e9 de l\u2019Universit\u00e9 Paris II et d\u2019un DESS de l\u2019IHEC Carthage, elle d\u00e9bute sa carri\u00e8re comme juriste sp\u00e9cialis\u00e9e en gestion de patrimoine immobilier. Elle s\u2019oriente ensuite vers l\u2019\u00e9criture en ligne, o\u00f9 elle se distingue d\u00e8s 2006 aux Tunisia Blog Awards, avant de se consacrer au journalisme culturel, avec une sp\u00e9cialisation dans la critique cin\u00e9matographique. Elle couvre r\u00e9guli\u00e8rement les grands festivals internationaux, notamment le Festival de Cannes, les Journ\u00e9es Cin\u00e9matographiques de Carthage et le Festival du film du Caire. Membre de l\u2019ATPCC et de la FIPRESCI, elle participe \u00e0 des jurys et initiatives internationales de critique. Depuis 2024, elle est \u00e9lectrice internationale aux Golden Globes. Facebook : https:\/\/www.facebook.com\/massir.destiniii\/ X : https:\/\/x.com\/MassirDestin","sameAs":["https:\/\/www.facebook.com\/massir.destiniii\/","https:\/\/www.instagram.com\/neila.driss\/?hl=fr","https:\/\/www.linkedin.com\/in\/neila-driss-22606a80\/","https:\/\/x.com\/https:\/\/x.com\/MassirDestin"],"knowsAbout":["Cin\u00e9ma international","critique cin\u00e9matographique","festivals de cin\u00e9ma","journalisme culturel"],"knowsLanguage":["Fran\u00e7ais","Arabe","Anglais"],"jobTitle":"Journaliste culturelle et critique de cin\u00e9ma","worksFor":"Webdo","url":"https:\/\/www.webdo.tn\/fr\/actualite\/author\/neila-driss\/"}]}},"_links":{"self":[{"href":"https:\/\/www.webdo.tn\/fr\/wp-json\/wp\/v2\/posts\/199987","targetHints":{"allow":["GET"]}}],"collection":[{"href":"https:\/\/www.webdo.tn\/fr\/wp-json\/wp\/v2\/posts"}],"about":[{"href":"https:\/\/www.webdo.tn\/fr\/wp-json\/wp\/v2\/types\/post"}],"author":[{"embeddable":true,"href":"https:\/\/www.webdo.tn\/fr\/wp-json\/wp\/v2\/users\/3164"}],"replies":[{"embeddable":true,"href":"https:\/\/www.webdo.tn\/fr\/wp-json\/wp\/v2\/comments?post=199987"}],"version-history":[{"count":0,"href":"https:\/\/www.webdo.tn\/fr\/wp-json\/wp\/v2\/posts\/199987\/revisions"}],"wp:featuredmedia":[{"embeddable":true,"href":"https:\/\/www.webdo.tn\/fr\/wp-json\/wp\/v2\/media\/279799"}],"wp:attachment":[{"href":"https:\/\/www.webdo.tn\/fr\/wp-json\/wp\/v2\/media?parent=199987"}],"wp:term":[{"taxonomy":"category","embeddable":true,"href":"https:\/\/www.webdo.tn\/fr\/wp-json\/wp\/v2\/categories?post=199987"},{"taxonomy":"post_tag","embeddable":true,"href":"https:\/\/www.webdo.tn\/fr\/wp-json\/wp\/v2\/tags?post=199987"}],"curies":[{"name":"wp","href":"https:\/\/api.w.org\/{rel}","templated":true}]}}