{"id":199984,"date":"2021-07-19T22:52:00","date_gmt":"2021-07-19T22:52:00","guid":{"rendered":"https:\/\/www.webdo.tn\/fr\/blog\/cannes-2021-pourquoi-la-palme-dor-pour-titane\/199984\/"},"modified":"2021-07-19T22:52:00","modified_gmt":"2021-07-19T22:52:00","slug":"cannes-2021-pourquoi-la-palme-dor-pour-titane","status":"publish","type":"post","link":"https:\/\/www.webdo.tn\/fr\/actualite\/culture\/cannes-2021-pourquoi-la-palme-dor-pour-titane\/199984\/","title":{"rendered":"Cannes 2021 &#8211; Pourquoi la Palme d&rsquo;Or pour \u00ab\u00a0Titane\u00a0\u00bb?"},"content":{"rendered":"<div class=\"single-body entry-content typography-copy\" itemprop=\"articleBody\">\n<p style=\"font-weight: bold; text-align: justify\">\n<div class=\"coprs\" style=\"text-align: center\"><\/div>\n<div class=\"coprs\" style=\"text-align: justify\">\n<p><img decoding=\"async\" alt=\"Cannes 2021\" height=\"446\" src=\"http:\/\/www.webdo.tn\/wp-content\/uploads\/2021\/06\/CANNES-2021_SIGNATURES-Bleue.jpg\" width=\"119\"><\/p>\n<p>Quelle surprise lors de la c\u00e9r\u00e9monie de cl\u00f4ture lorsque <em>Titane<\/em> a \u00e9t\u00e9 annonc\u00e9 comme le film ayant remport\u00e9 la Palme d\u2019Or de la 74<sup>\u00e8me<\/sup> \u00e9dition du Festival de Cannes. Un vrai choc parmi les critiques de cin\u00e9ma et les festivaliers. Certains s\u2019\u00e9taient m\u00eame mis \u00e0 crier\u00a0: <em>\u00ab mais que nous as-tu fait l\u00e0 Spike Lee ? \u00bb.<\/em><\/p>\n<p>Il est vrai que les pronostics ne donnaient pas<em> Titane<\/em> de\u00a0Julia Ducournau gagnant. Une grande partie des critiques et journalistes pensaient plut\u00f4t \u00e0 <em>Un h\u00e9ros<\/em> de Asghar Farhadi. D\u2019autres pr\u00e9f\u00e9raient <em>Annette<\/em> de Leos Carax \u2026<\/p>\n<p>Il est vrai aussi que Spike Lee, Pr\u00e9sident du jury, avait aim\u00e9 le film. Il l\u2019avait dit lui-m\u00eame lors de la conf\u00e9rence de presse qui avait suivi la c\u00e9r\u00e9monie de cl\u00f4ture du festival\u00a0: <em>\u00ab J\u2019ai vu beaucoup de films dans ma vie, mais c\u2019est le premier film o\u00f9 une Cadillac met une femme enceinte. Je me demande de quelle Cadillac il s\u2019agit ?! Mais cela m\u2019a sembl\u00e9 extraordinaire, c\u2019est du g\u00e9nie et de la folie en m\u00eame temps. Ces deux choses ensemble correspondent bien \u00bb<\/em>.<\/p>\n<p>Mais ce n\u2019est pas suffisant pour que <em>Titane<\/em> remporte cette Palme d\u2019Or. Il y a aussi des facteurs plus objectifs.<\/p>\n<p>On oublie souvent que parfois les choix des jurys font l\u2019objet, directement ou indirectement, consciemment ou inconsciemment, de consid\u00e9rations autres que la qualit\u00e9 du film, mais ob\u00e9issent aussi aux aspirations du moment, aux changements de mentalit\u00e9s, aux \u00e9v\u00e8nements politiques, aux d\u00e9bats publics\u2026 L\u2019Art en g\u00e9n\u00e9ral, est en relation avec les transformations de la soci\u00e9t\u00e9. Il les accompagne, parfois m\u00eame il les pr\u00e9c\u00e8de. Il est normal qu\u2019il soit donc en phase avec ce qu\u2019il se passe.<\/p>\n<p>Le Festival de Cannes n&rsquo;est pas isol\u00e9 de ces d\u00e9bats soci\u00e9taux, et il a \u00e9t\u00e9 pendant des d\u00e9cennies le meilleur repr\u00e9sentant de ces \u00e9volutions de la soci\u00e9t\u00e9, parfois de la politique, et souvent de la vie. On peut se rappeler, par exemple, la Palme d\u2019Or de 2013, d\u00e9cern\u00e9e au film <em>La vie d\u2019Ad\u00e8le<\/em> d\u2019Abdellatif Kechiche, en plein d\u00e9bat sur le mariage pour tous<\/p>\n<p>\u00a0<\/p>\n<p><img decoding=\"async\" alt=\"Palmar\u00e8s Palme d'Or\" height=\"423\" src=\"http:\/\/www.webdo.tn\/wp-content\/uploads\/2021\/07\/Palmares-Palme-dor.jpg\" width=\"752\"><br \/>\n<em>Cannes 2021 &#8211; Palme d&rsquo;Or pour \u00ab\u00a0Titane\u00a0\u00bb<\/em><\/p>\n<p>\u00a0<\/p>\n<p>Actuellement, le monde entier parle de genre, de parit\u00e9 et d\u2019\u00e9galit\u00e9. Le Festival de Cannes, comme tous les grands festivals de cin\u00e9ma dans le monde, se devait de prendre des dispositions pour tenter d&rsquo;atteindre l&rsquo;\u00e9galit\u00e9 des sexes et essayer de mettre les projecteurs sur le plus grand nombre possible d&rsquo;espoirs f\u00e9minins, d&rsquo;autant plus que jusqu\u2019\u00e0 ces derni\u00e8res ann\u00e9es, les festivals de cin\u00e9ma \u00e9taient injustes envers elles, leur travail et la proportion de leur repr\u00e9sentation.<\/p>\n<p>En Mai 2018, 82 femmes professionnelles du cin\u00e9ma avaient protest\u00e9 contre l&rsquo;in\u00e9galit\u00e9 des sexes sur le tapis rouge de Cannes. Leur nombre \u00e9tait \u00e9gal au nombre de films de r\u00e9alisatrices s\u00e9lectionn\u00e9es pour concourir pour la Palme d&rsquo;Or\u00a0: 82 contre 1 645 films r\u00e9alis\u00e9s par des hommes<\/p>\n<p>Lors de cette m\u00eame \u00e9dition 2018, le festival avait d\u2019ailleurs sign\u00e9 la Charte pour l\u2019inclusion et la diversit\u00e9 dans le cin\u00e9ma et l\u2019audiovisuel du Collectif 50\/50 qui avait \u00e9t\u00e9 lanc\u00e9e par l\u2019association Le Deuxi\u00e8me regard et soutenu par 300 personnalit\u00e9s du cin\u00e9ma, aussi bien acteurs, que r\u00e9alisateurs, producteurs, distributeurs et techniciens.<\/p>\n<p>Dans le cadre de cette charte, les festivals signataires, s\u2019engageaient entre autres, \u00e0 \u0153uvrer pour la parit\u00e9 hommes femmes au sein de leurs \u00e9quipes, y compris lors du recrutement de b\u00e9n\u00e9voles, \u00e0 am\u00e9liorer la transparence des processus de s\u00e9lections des films et \u00e0 publier des statistiques \u00e0 cet effet.<\/p>\n<p>Il ne faut pas oublier non plus le mouvement #MeToo, et les effets qu\u2019il a eu sur la communaut\u00e9 artistique internationale, en l\u2019obligeant \u00e0 respecter l&rsquo;\u00e9thique et en imposant des conditions de traitement entre les sexes d&rsquo;une mani\u00e8re qui assure l&rsquo;\u00e9galit\u00e9 entre eux et d\u2019\u00e9viter que l\u2019un ne pr\u00e9domine en aucun cas sur l&rsquo;autre. Le mouvement #MeToo a \u00e9t\u00e9 une r\u00e9volution dans le milieu cin\u00e9matographique, et a permis d\u2019avoir des d\u00e9bats et des discussions publiques sur le sujet.<\/p>\n<p>Or malgr\u00e9 tout cela, et bien que Thierry Fr\u00e9maux, d\u00e9l\u00e9gu\u00e9 g\u00e9n\u00e9ral du festival e\u00fbt d\u00e9clar\u00e9 qu\u2019entre deux films de m\u00eame qualit\u00e9, l\u2019un r\u00e9alis\u00e9 par un homme et l\u2019autre par une femme, il choisirait toujours le film r\u00e9alis\u00e9 par une femme, il n\u2019y avait dans la comp\u00e9tition officielle des longs m\u00e9trages, que 4 films sur 24 r\u00e9alis\u00e9s par des femmes!!<\/p>\n<p>\u00a0<\/p>\n<p><img decoding=\"async\" alt=\"Jury Cannes 2021\" height=\"479\" src=\"http:\/\/www.webdo.tn\/wp-content\/uploads\/2021\/07\/Jury-2021-1024x704.jpg\" width=\"696\"><br \/>\n<em>Cannes 2021 &#8211; Les membres du Jury Longs m\u00e9trages<\/em><\/p>\n<p>\u00a0<\/p>\n<p>Face \u00e0 cette nouvelle r\u00e9alit\u00e9, le Festival de Cannes se devait de pr\u00e9senter des femmes \u00e0 tous les niveaux, et d\u2019essayer de les mettre en valeur, par exemple en choisissant un jury pour la comp\u00e9tition officielle des longs m\u00e9trages \u00e0 dominance f\u00e9minine (5 sur 9 membres \u00e9taient des femmes) ou en consacrant un film documentaire sur l&rsquo;actrice am\u00e9ricaine Olivia de Havilland, qui en 1965 avait \u00e9t\u00e9 la premi\u00e8re femme \u00e0 pr\u00e9sider le jury longs m\u00e9trages, m\u00eame si sur les 74 \u00e9ditions, elles n\u2019ont \u00e9t\u00e9 que 11 femmes \u00e0 le faire\u00a0: \u00a0Sophia Loren (1966), Michelle Morgan (1971), Ingrid Bergman (1973), Jeanne Moreau (1975 et 1995), Fran\u00e7oise Sagan (1979), Isabelle Adjani (1997), Liv Ullmann (2001), Isabelle Huppert (2009), Jane Campion (2013) et Cate Blanchett (2018).<\/p>\n<p>Par ailleurs, il \u00e9tait clair que les femmes \u00e9taient omni pr\u00e9sentes dans les films s\u00e9lectionn\u00e9s. Le personnage f\u00e9minin est devenu plus actif, jouant des r\u00f4les importants, influents et distinctifs, qui ressemblent aux r\u00f4les que jouent r\u00e9ellement les femmes dans la soci\u00e9t\u00e9. Des films en comp\u00e9tition officielle bien que r\u00e9alis\u00e9s par des hommes, reposaient sur des femmes, comme par exemple <em>Benedetta<\/em> de Paul Verhoeven, <em>France<\/em> de Bruno Dumont ou <em>Lingui<\/em> de Mahamat Saleh-Haroun.<\/p>\n<p>Si dans cette ambiance, le jury voulait, consciemment ou inconsciemment d\u00e9cerner la Palme d\u2019Or \u00e0 une r\u00e9alisatrice femme, <em>Titane<\/em> \u00e9tait peut-\u00eatre, parmi les 4 films r\u00e9alis\u00e9s par des femmes, celui qui la m\u00e9ritait le plus.<\/p>\n<p>En effet, m\u00eame si lors de sa premi\u00e8re projection, il y a eu des r\u00e9actions de rejet et m\u00eame des personnes qui se sont \u00e9vanouies, <em>Titane<\/em> se distingue sur plusieurs plans\u00a0dont l\u2019audace et l\u2019originalit\u00e9 du sc\u00e9nario, son univers tr\u00e8s particulier, un langage propre \u00e0 sa r\u00e9alisatrice et la performance extraordinaire d\u2019Agathe Rousselle, dont c\u2019est le premier r\u00f4le dans un long m\u00e9trage de fiction. <em>Titane<\/em> est violant, d\u00e9rangeant, mais il ne laisse pas indiff\u00e9rent. On sort de la projection en \u00e9tant perplexe, essayant d\u2019analyser, d\u2019interpr\u00e9ter et m\u00eame d\u2019assimiler le film, se demandant si on a aim\u00e9 ou pas, pour se rendre compte que finalement, il n\u2019y a pas grand-chose \u00e0 comprendre, mais que c\u2019est un concentr\u00e9 d\u2019\u00e9motions \u00e0 ressentir\u2026 ou pas\u00a0!<\/p>\n<p>Un film sur l\u2019amour, un amour qui va au-del\u00e0 du genre des personnages, de leurs origines, comme si on \u00e9tait au d\u00e9but d\u2019un monde nouveau et diff\u00e9rent.<\/p>\n<p>On passe d\u2019Alexia \u00e0 Adrien et d\u2019Adrien \u00e0 Alexia, donc du f\u00e9minin au masculin et du masculin au f\u00e9minin, d\u2019une fa\u00e7on tout \u00e0 fait naturelle, y compris \u00e0 travers cette grossesse, cette maternit\u00e9, dans ce corps androgyne, qui r\u00e9clame sa part de masculinit\u00e9 et de f\u00e9minit\u00e9, de douceur et de brutalit\u00e9, de faiblesse et de force. Et qui en plus introduit \u00e0 un nouveau genre, un hybride entre l\u2019humain et la machine, ou le monstre comme l\u2019a dit la r\u00e9alisatrice elle-m\u00eame lors de la c\u00e9r\u00e9monie de cl\u00f4ture.<\/p>\n<p>\u00a0<\/p>\n<p><img decoding=\"async\" alt=\"Palmar\u00e8s Palme d'Or\" height=\"464\" src=\"http:\/\/www.webdo.tn\/wp-content\/uploads\/2021\/07\/Palmares-Julia-DUCOURNAU-Palme-dor-for-TITANE-1024x682.jpg\" width=\"696\"><br \/>\n<em>Cannes 2021 &#8211; Julia Ducournau et la Palme d&rsquo;Or pour son film \u00ab\u00a0Titane\u00a0\u00bb<\/em><\/p>\n<p>\u00a0<\/p>\n<p>Jessica Hausner a pr\u00e9cis\u00e9 lors de la conf\u00e9rence de presse qui avait suivi la c\u00e9r\u00e9monie de cl\u00f4ture : <em>\u00ab Je voudrais ajouter que pendant nos discussions, que vous le croyez ou pas, nous n\u2019avons jamais mentionn\u00e9 le fait que la r\u00e9alisatrice est une femme. C\u2019\u00e9tait le film sur lequel nous \u00e9tions le plus d\u2019accord. C\u2019est seulement apr\u00e8s que nous ayons dit oui, qu\u2019en plus qu\u2019il s\u2019agisse d\u2019une femme nous a rendu encore plus heureux \u00bb<\/em>. Mais il est tr\u00e8s fort probable que le fait que la r\u00e9alisatrice est une femme a beaucoup influenc\u00e9 ce choix. Choix qui probablement est conforme au d\u00e9sir profond de tous de voir une femme remporter la Palme d\u2019Or. Et seule pour la premi\u00e8re fois de l\u2019histoire du festival. En effet, en 1993, Jane Campion avait remport\u00e9 la Palme d\u2019Or pour son film <em>La Le\u00e7on de piano<\/em>, en ex aequo avec <em>Adieu ma concubine<\/em> de Chen Kaige.<\/p>\n<p><strong>Ne\u00efla Driss<\/strong><\/p>\n<p><em><em>Lire sur le m\u00eame sujet:<\/em><\/em><\/p>\n<ul>\n<li><a href=\"https:\/\/www.webdo.tn\/2021\/01\/10\/festival-de-cannes-la-74eme-edition-pourrait-etre-reportee-a-lete-2021\/\">Festival de Cannes \u2013 La 74\u00e8me \u00e9dition pourrait \u00eatre report\u00e9e \u00e0 l\u2019\u00e9t\u00e9 2021<\/a><\/li>\n<li><a href=\"https:\/\/www.webdo.tn\/2021\/01\/27\/cest-officiel-la-74eme-edition-du-festival-de-cannes-aura-lieu-en-juillet-2021\/\">C\u2019est officiel, la 74\u00e8me \u00e9dition du Festival de Cannes aura lieu en juillet 2021<\/a><\/li>\n<li><a href=\"https:\/\/www.webdo.tn\/2021\/06\/17\/cannes-2021-laffiche-de-la-74eme-edition-devoilee\/\">Cannes 2021 \u2013 L\u2019affiche de la 74\u00e8me \u00e9dition d\u00e9voil\u00e9e.<\/a><\/li>\n<li><a href=\"https:\/\/www.webdo.tn\/2021\/06\/18\/cannes-2021-kaouther-ben-hania-membre-du-jury-courts-metrages\/\">Cannes 2021 \u2013 Kaouther Ben Hania, membre du Jury Courts M\u00e9trages<\/a><\/li>\n<li><a href=\"https:\/\/www.webdo.tn\/2021\/07\/02\/cannes-2021-des-regles-sanitaires-strictes-pour-assurer-le-bon-deroulement-du-festival\/\">Cannes 2021 \u2013 Des r\u00e8gles sanitaires strictes pour assurer le bon d\u00e9roulement du festival<\/a><\/li>\n<li><a href=\"https:\/\/www.webdo.tn\/2021\/07\/05\/les-rendez-vous-du-cinema-arabe-au-festival-de-cannes-2021\/\">Les rendez-vous du cin\u00e9ma arabe au Festival de Cannes 2021<\/a><\/li>\n<li><a href=\"https:\/\/www.webdo.tn\/2021\/07\/07\/cannes-2021-une-ceremonie-qui-annonce-le-retour-a-la-vie-grace-a-la-magie-du-cinema\/\">Cannes 2021 \u2013 Une c\u00e9r\u00e9monie qui annonce le retour \u00e0 la vie gr\u00e2ce \u00e0 la magie du cin\u00e9ma<\/a><\/li>\n<li><a href=\"https:\/\/www.webdo.tn\/2021\/07\/12\/cannes-2021-deux-films-deux-manieres-de-denoncer-les-abus-sexuels\/\">Cannes 2021 \u2013 Deux films, deux mani\u00e8res de d\u00e9noncer les abus sexuels<\/a><\/li>\n<li><a href=\"https:\/\/www.webdo.tn\/2021\/07\/13\/cannes-2021-prix-des-critiques-arabes-meilleur-scenario-pour-lhomme-qui-a-vendu-sa-peau\/\">Cannes 2021 \u2013 Prix des critiques arabes: Meilleur sc\u00e9nario pour \u00ab\u00a0L\u2019homme qui a vendu sa peau\u00a0\u00bb<\/a><\/li>\n<li><a href=\"https:\/\/www.webdo.tn\/2021\/07\/14\/cannes-2021-une-histoire-damour-et-de-desir-de-leyla-bouzid-en-cloture-de-la-semaine-de-la-critique\/\">Cannes 2021 \u2013 \u00ab Une histoire d\u2019amour et de d\u00e9sir \u00bb de Leyla Bouzid en cl\u00f4ture de La Semaine de la Critique<\/a><\/li>\n<li><a href=\"https:\/\/www.webdo.tn\/2021\/07\/14\/cannes-2021-le-film-egyptien-feathers-plumes-remporte-le-grand-prix-nespresso%e2%80%a8-a-la-semaine-de-la-critique\/\">Cannes 2021 \u2013 Le film \u00e9gyptien \u00ab\u00a0Feathers\u00a0\u00bb remporte le Grand prix Nespresso\u2028\u00e0\u00a0la Semaine de la Critique<\/a><\/li>\n<li><a href=\"https:\/\/www.webdo.tn\/2021\/07\/16\/cannes-2021-longue-ovation-pour-le-marocain-nabil-ayouch\/?\">Cannes 2021 \u2013 Longue ovation pour le marocain Nabil Ayouch<\/a><\/li>\n<li><a href=\"https:\/\/www.webdo.tn\/2021\/07\/16\/cannes-2021-the-story-of-my-wife-dildiko-enyedi\/\">Cannes 2021 \u2013 \u00ab\u00a0The story of my wife\u00a0\u00bb d\u2019Ildiko Enyedi<\/a><\/li>\n<li><a href=\"https:\/\/www.webdo.tn\/2021\/07\/17\/cannes-2021-palmares-dun-certain-regard\/\"><u>Cannes 2021 \u2013 Palmar\u00e8s d\u2019Un Certain Regard<\/u><\/a><\/li>\n<li><a href=\"https:\/\/www.webdo.tn\/2021\/07\/17\/cannes-2021-mon-palmares-ideal\/\">Cannes 2021 \u2013 Mon Palmar\u00e8s id\u00e9al<\/a><\/li>\n<li><a href=\"https:\/\/www.webdo.tn\/2021\/07\/18\/cannes-2021-cloture-dune-edition-historique\/\">Cannes 2021 \u2013 Cl\u00f4ture d\u2019une \u00e9dition historique.<\/a><\/li>\n<li><a href=\"https:\/\/www.webdo.tn\/2021\/07\/19\/cannes-2021-feathers-plumes-une-comedie-absurde-mais-universelle\/\">Cannes 2021 \u2013 Feathers (Plumes), une com\u00e9die absurde, mais universelle<\/a><\/li>\n<\/ul><\/div>\n<div class=\"coprs\" style=\"text-align: center\"><\/div><\/div>\n","protected":false},"excerpt":{"rendered":"<p>Cannes 2021 &#8211; Pourquoi la Palme d&rsquo;Or pour  Titane ?<\/p>\n","protected":false},"author":3164,"featured_media":368124,"comment_status":"open","ping_status":"closed","sticky":false,"template":"","format":"standard","meta":{"footnotes":""},"categories":[2594],"tags":[8311,3460,9083,4781,8670,2627,2655],"class_list":["post-199984","post","type-post","status-publish","format-standard","has-post-thumbnail","hentry","category-culture","tag-analyse","tag-cannes","tag-cannes-2021","tag-cinema-francais","tag-critique-de-film","tag-festival-de-cannes","tag-film"],"yoast_head":"<!-- This site is optimized with the Yoast SEO Premium plugin v27.4 (Yoast SEO v27.4) - https:\/\/yoast.com\/product\/yoast-seo-premium-wordpress\/ -->\n<title>Cannes 2021 - Pourquoi la Palme d&#039;Or pour Titane ?<\/title>\n<meta name=\"description\" content=\"Cannes 2021 - Pourquoi la Palme d&#039;Or pour Titane ?\" \/>\n<link rel=\"canonical\" href=\"https:\/\/www.webdo.tn\/fr\/actualite\/culture\/cannes-2021-pourquoi-la-palme-dor-pour-titane\/199984\/\" \/>\n<meta property=\"og:locale\" content=\"fr_FR\" \/>\n<meta property=\"og:type\" content=\"article\" \/>\n<meta property=\"og:title\" content=\"Cannes 2021 - Pourquoi la Palme d&#039;Or pour &quot;Titane&quot;?\" \/>\n<meta property=\"og:description\" content=\"Cannes 2021 - Pourquoi la Palme d&#039;Or pour Titane ?\" \/>\n<meta property=\"og:url\" content=\"https:\/\/www.webdo.tn\/fr\/actualite\/culture\/cannes-2021-pourquoi-la-palme-dor-pour-titane\/199984\/\" \/>\n<meta property=\"og:site_name\" content=\"webdo\" \/>\n<meta property=\"article:publisher\" content=\"https:\/\/www.facebook.com\/webdotn\" \/>\n<meta property=\"article:author\" content=\"https:\/\/www.facebook.com\/massir.destiniii\/\" \/>\n<meta property=\"article:published_time\" content=\"2021-07-19T22:52:00+00:00\" \/>\n<meta property=\"og:image\" content=\"https:\/\/www.webdo.tn\/fr\/wp-content\/uploads\/2025\/06\/Cannes-2021-Titane-1024x732_199984.jpg\" \/>\n\t<meta property=\"og:image:width\" content=\"1024\" \/>\n\t<meta property=\"og:image:height\" content=\"732\" \/>\n\t<meta property=\"og:image:type\" content=\"image\/jpeg\" \/>\n<meta name=\"author\" content=\"Ne\u00efla DRISS\" \/>\n<meta name=\"twitter:card\" content=\"summary_large_image\" \/>\n<meta name=\"twitter:creator\" content=\"@https:\/\/x.com\/MassirDestin\" \/>\n<meta name=\"twitter:site\" content=\"@webdo_tn\" \/>\n<meta name=\"twitter:label1\" content=\"\u00c9crit par\" \/>\n\t<meta name=\"twitter:data1\" content=\"Ne\u00efla DRISS\" \/>\n\t<meta name=\"twitter:label2\" content=\"Dur\u00e9e de lecture estim\u00e9e\" \/>\n\t<meta name=\"twitter:data2\" content=\"8 minutes\" \/>\n<script type=\"application\/ld+json\" class=\"yoast-schema-graph\">{\"@context\":\"https:\\\/\\\/schema.org\",\"@graph\":[{\"@type\":\"NewsArticle\",\"@id\":\"https:\\\/\\\/www.webdo.tn\\\/fr\\\/actualite\\\/culture\\\/cannes-2021-pourquoi-la-palme-dor-pour-titane\\\/199984\\\/#article\",\"isPartOf\":{\"@id\":\"https:\\\/\\\/www.webdo.tn\\\/fr\\\/actualite\\\/culture\\\/cannes-2021-pourquoi-la-palme-dor-pour-titane\\\/199984\\\/\"},\"author\":{\"name\":\"Ne\u00efla DRISS\",\"@id\":\"https:\\\/\\\/www.webdo.tn\\\/fr\\\/#\\\/schema\\\/person\\\/60d5ba619ed3f58783b0dc82b7dada80\"},\"headline\":\"Cannes 2021 &#8211; Pourquoi la Palme d&rsquo;Or pour \u00ab\u00a0Titane\u00a0\u00bb?\",\"datePublished\":\"2021-07-19T22:52:00+00:00\",\"mainEntityOfPage\":{\"@id\":\"https:\\\/\\\/www.webdo.tn\\\/fr\\\/actualite\\\/culture\\\/cannes-2021-pourquoi-la-palme-dor-pour-titane\\\/199984\\\/\"},\"wordCount\":1715,\"commentCount\":0,\"publisher\":{\"@id\":\"https:\\\/\\\/www.webdo.tn\\\/fr\\\/#organization\"},\"image\":{\"@id\":\"https:\\\/\\\/www.webdo.tn\\\/fr\\\/actualite\\\/culture\\\/cannes-2021-pourquoi-la-palme-dor-pour-titane\\\/199984\\\/#primaryimage\"},\"thumbnailUrl\":\"https:\\\/\\\/www.webdo.tn\\\/fr\\\/wp-content\\\/uploads\\\/2025\\\/06\\\/Cannes-2021-Titane-1024x732_199984.jpg\",\"keywords\":[\"analyse\",\"cannes\",\"Cannes 2021\",\"Cin\u00e9ma fran\u00e7ais\",\"Critique de film\",\"Festival de Cannes\",\"Film\"],\"articleSection\":[\"Culture\"],\"inLanguage\":\"fr-FR\"},{\"@type\":\"WebPage\",\"@id\":\"https:\\\/\\\/www.webdo.tn\\\/fr\\\/actualite\\\/culture\\\/cannes-2021-pourquoi-la-palme-dor-pour-titane\\\/199984\\\/\",\"url\":\"https:\\\/\\\/www.webdo.tn\\\/fr\\\/actualite\\\/culture\\\/cannes-2021-pourquoi-la-palme-dor-pour-titane\\\/199984\\\/\",\"name\":\"Cannes 2021 - Pourquoi la Palme d'Or pour Titane ?\",\"isPartOf\":{\"@id\":\"https:\\\/\\\/www.webdo.tn\\\/fr\\\/#website\"},\"primaryImageOfPage\":{\"@id\":\"https:\\\/\\\/www.webdo.tn\\\/fr\\\/actualite\\\/culture\\\/cannes-2021-pourquoi-la-palme-dor-pour-titane\\\/199984\\\/#primaryimage\"},\"image\":{\"@id\":\"https:\\\/\\\/www.webdo.tn\\\/fr\\\/actualite\\\/culture\\\/cannes-2021-pourquoi-la-palme-dor-pour-titane\\\/199984\\\/#primaryimage\"},\"thumbnailUrl\":\"https:\\\/\\\/www.webdo.tn\\\/fr\\\/wp-content\\\/uploads\\\/2025\\\/06\\\/Cannes-2021-Titane-1024x732_199984.jpg\",\"datePublished\":\"2021-07-19T22:52:00+00:00\",\"description\":\"Cannes 2021 - Pourquoi la Palme d'Or pour Titane ?\",\"breadcrumb\":{\"@id\":\"https:\\\/\\\/www.webdo.tn\\\/fr\\\/actualite\\\/culture\\\/cannes-2021-pourquoi-la-palme-dor-pour-titane\\\/199984\\\/#breadcrumb\"},\"inLanguage\":\"fr-FR\",\"potentialAction\":[{\"@type\":\"ReadAction\",\"target\":[\"https:\\\/\\\/www.webdo.tn\\\/fr\\\/actualite\\\/culture\\\/cannes-2021-pourquoi-la-palme-dor-pour-titane\\\/199984\\\/\"]}]},{\"@type\":\"ImageObject\",\"inLanguage\":\"fr-FR\",\"@id\":\"https:\\\/\\\/www.webdo.tn\\\/fr\\\/actualite\\\/culture\\\/cannes-2021-pourquoi-la-palme-dor-pour-titane\\\/199984\\\/#primaryimage\",\"url\":\"https:\\\/\\\/www.webdo.tn\\\/fr\\\/wp-content\\\/uploads\\\/2025\\\/06\\\/Cannes-2021-Titane-1024x732_199984.jpg\",\"contentUrl\":\"https:\\\/\\\/www.webdo.tn\\\/fr\\\/wp-content\\\/uploads\\\/2025\\\/06\\\/Cannes-2021-Titane-1024x732_199984.jpg\",\"width\":1024,\"height\":732,\"caption\":\"Cannes 2021 - Pourquoi la Palme d'Or pour \\\"Titane\\\"?\"},{\"@type\":\"BreadcrumbList\",\"@id\":\"https:\\\/\\\/www.webdo.tn\\\/fr\\\/actualite\\\/culture\\\/cannes-2021-pourquoi-la-palme-dor-pour-titane\\\/199984\\\/#breadcrumb\",\"itemListElement\":[{\"@type\":\"ListItem\",\"position\":1,\"name\":\"Accueil\",\"item\":\"https:\\\/\\\/www.webdo.tn\\\/fr\\\/\"},{\"@type\":\"ListItem\",\"position\":2,\"name\":\"Cannes 2021 &#8211; Pourquoi la Palme d&rsquo;Or pour \u00ab\u00a0Titane\u00a0\u00bb?\"}]},{\"@type\":\"WebSite\",\"@id\":\"https:\\\/\\\/www.webdo.tn\\\/fr\\\/#website\",\"url\":\"https:\\\/\\\/www.webdo.tn\\\/fr\\\/\",\"name\":\"webdo\",\"description\":\"Tunisie - News en Tunisie et \u00e0 l&#039;international sur Webdo.tn\",\"publisher\":{\"@id\":\"https:\\\/\\\/www.webdo.tn\\\/fr\\\/#organization\"},\"potentialAction\":[{\"@type\":\"SearchAction\",\"target\":{\"@type\":\"EntryPoint\",\"urlTemplate\":\"https:\\\/\\\/www.webdo.tn\\\/fr\\\/?s={search_term_string}\"},\"query-input\":{\"@type\":\"PropertyValueSpecification\",\"valueRequired\":true,\"valueName\":\"search_term_string\"}}],\"inLanguage\":\"fr-FR\"},{\"@type\":\"Organization\",\"@id\":\"https:\\\/\\\/www.webdo.tn\\\/fr\\\/#organization\",\"name\":\"Webdo\",\"alternateName\":\"Webdo.tn\",\"url\":\"https:\\\/\\\/www.webdo.tn\\\/fr\\\/\",\"logo\":{\"@type\":\"ImageObject\",\"inLanguage\":\"fr-FR\",\"@id\":\"https:\\\/\\\/www.webdo.tn\\\/fr\\\/#\\\/schema\\\/logo\\\/image\\\/\",\"url\":\"https:\\\/\\\/www.webdo.tn\\\/fr\\\/wp-content\\\/uploads\\\/2025\\\/06\\\/Webdo-Tunisie_168377.jpg\",\"contentUrl\":\"https:\\\/\\\/www.webdo.tn\\\/fr\\\/wp-content\\\/uploads\\\/2025\\\/06\\\/Webdo-Tunisie_168377.jpg\",\"width\":301,\"height\":301,\"caption\":\"Webdo\"},\"image\":{\"@id\":\"https:\\\/\\\/www.webdo.tn\\\/fr\\\/#\\\/schema\\\/logo\\\/image\\\/\"},\"sameAs\":[\"https:\\\/\\\/www.facebook.com\\\/webdotn\",\"https:\\\/\\\/x.com\\\/webdo_tn\"],\"description\":\"Webdo est un m\u00e9dia num\u00e9rique tunisien fond\u00e9 en 2010, sp\u00e9cialis\u00e9 dans l\u2019actualit\u00e9 nationale et internationale, l\u2019\u00e9conomie, la soci\u00e9t\u00e9 et les analyses politiques. Le site s\u2019adresse \u00e0 un large public francophone et couvre l\u2019information tunisienne en temps r\u00e9el.\",\"email\":\"redac@webdo.tn\",\"legalName\":\"YNJ SARL\",\"foundingDate\":\"2010-09-06\",\"numberOfEmployees\":{\"@type\":\"QuantitativeValue\",\"minValue\":\"11\",\"maxValue\":\"50\"}},{\"@type\":\"Person\",\"@id\":\"https:\\\/\\\/www.webdo.tn\\\/fr\\\/#\\\/schema\\\/person\\\/60d5ba619ed3f58783b0dc82b7dada80\",\"name\":\"Ne\u00efla DRISS\",\"image\":{\"@type\":\"ImageObject\",\"inLanguage\":\"fr-FR\",\"@id\":\"https:\\\/\\\/www.webdo.tn\\\/fr\\\/wp-content\\\/uploads\\\/2026\\\/04\\\/neila-driss_avatar-96x96.jpg\",\"url\":\"https:\\\/\\\/www.webdo.tn\\\/fr\\\/wp-content\\\/uploads\\\/2026\\\/04\\\/neila-driss_avatar-96x96.jpg\",\"contentUrl\":\"https:\\\/\\\/www.webdo.tn\\\/fr\\\/wp-content\\\/uploads\\\/2026\\\/04\\\/neila-driss_avatar-96x96.jpg\",\"caption\":\"Ne\u00efla DRISS\"},\"description\":\"Ne\u00efla Driss est juriste, journaliste culturelle et critique de cin\u00e9ma tunisienne. Titulaire d\u2019un DEA en droit priv\u00e9 de l\u2019Universit\u00e9 Paris II et d\u2019un DESS de l\u2019IHEC Carthage, elle d\u00e9bute sa carri\u00e8re comme juriste sp\u00e9cialis\u00e9e en gestion de patrimoine immobilier. Elle s\u2019oriente ensuite vers l\u2019\u00e9criture en ligne, o\u00f9 elle se distingue d\u00e8s 2006 aux Tunisia Blog Awards, avant de se consacrer au journalisme culturel, avec une sp\u00e9cialisation dans la critique cin\u00e9matographique. Elle couvre r\u00e9guli\u00e8rement les grands festivals internationaux, notamment le Festival de Cannes, les Journ\u00e9es Cin\u00e9matographiques de Carthage et le Festival du film du Caire. Membre de l\u2019ATPCC et de la FIPRESCI, elle participe \u00e0 des jurys et initiatives internationales de critique. Depuis 2024, elle est \u00e9lectrice internationale aux Golden Globes. Facebook : https:\\\/\\\/www.facebook.com\\\/massir.destiniii\\\/ X : https:\\\/\\\/x.com\\\/MassirDestin\",\"sameAs\":[\"https:\\\/\\\/www.facebook.com\\\/massir.destiniii\\\/\",\"https:\\\/\\\/www.instagram.com\\\/neila.driss\\\/?hl=fr\",\"https:\\\/\\\/www.linkedin.com\\\/in\\\/neila-driss-22606a80\\\/\",\"https:\\\/\\\/x.com\\\/https:\\\/\\\/x.com\\\/MassirDestin\"],\"knowsAbout\":[\"Cin\u00e9ma international\",\"critique cin\u00e9matographique\",\"festivals de cin\u00e9ma\",\"journalisme culturel\"],\"knowsLanguage\":[\"Fran\u00e7ais\",\"Arabe\",\"Anglais\"],\"jobTitle\":\"Journaliste culturelle et critique de cin\u00e9ma\",\"worksFor\":\"Webdo\",\"url\":\"https:\\\/\\\/www.webdo.tn\\\/fr\\\/actualite\\\/author\\\/neila-driss\\\/\"}]}<\/script>\n<!-- \/ Yoast SEO Premium plugin. -->","yoast_head_json":{"title":"Cannes 2021 - Pourquoi la Palme d'Or pour Titane ?","description":"Cannes 2021 - Pourquoi la Palme d'Or pour Titane ?","canonical":"https:\/\/www.webdo.tn\/fr\/actualite\/culture\/cannes-2021-pourquoi-la-palme-dor-pour-titane\/199984\/","og_locale":"fr_FR","og_type":"article","og_title":"Cannes 2021 - Pourquoi la Palme d'Or pour \"Titane\"?","og_description":"Cannes 2021 - Pourquoi la Palme d'Or pour Titane ?","og_url":"https:\/\/www.webdo.tn\/fr\/actualite\/culture\/cannes-2021-pourquoi-la-palme-dor-pour-titane\/199984\/","og_site_name":"webdo","article_publisher":"https:\/\/www.facebook.com\/webdotn","article_author":"https:\/\/www.facebook.com\/massir.destiniii\/","article_published_time":"2021-07-19T22:52:00+00:00","og_image":[{"width":1024,"height":732,"url":"https:\/\/www.webdo.tn\/fr\/wp-content\/uploads\/2025\/06\/Cannes-2021-Titane-1024x732_199984.jpg","type":"image\/jpeg"}],"author":"Ne\u00efla DRISS","twitter_card":"summary_large_image","twitter_creator":"@https:\/\/x.com\/MassirDestin","twitter_site":"@webdo_tn","twitter_misc":{"\u00c9crit par":"Ne\u00efla DRISS","Dur\u00e9e de lecture estim\u00e9e":"8 minutes"},"schema":{"@context":"https:\/\/schema.org","@graph":[{"@type":"NewsArticle","@id":"https:\/\/www.webdo.tn\/fr\/actualite\/culture\/cannes-2021-pourquoi-la-palme-dor-pour-titane\/199984\/#article","isPartOf":{"@id":"https:\/\/www.webdo.tn\/fr\/actualite\/culture\/cannes-2021-pourquoi-la-palme-dor-pour-titane\/199984\/"},"author":{"name":"Ne\u00efla DRISS","@id":"https:\/\/www.webdo.tn\/fr\/#\/schema\/person\/60d5ba619ed3f58783b0dc82b7dada80"},"headline":"Cannes 2021 &#8211; Pourquoi la Palme d&rsquo;Or pour \u00ab\u00a0Titane\u00a0\u00bb?","datePublished":"2021-07-19T22:52:00+00:00","mainEntityOfPage":{"@id":"https:\/\/www.webdo.tn\/fr\/actualite\/culture\/cannes-2021-pourquoi-la-palme-dor-pour-titane\/199984\/"},"wordCount":1715,"commentCount":0,"publisher":{"@id":"https:\/\/www.webdo.tn\/fr\/#organization"},"image":{"@id":"https:\/\/www.webdo.tn\/fr\/actualite\/culture\/cannes-2021-pourquoi-la-palme-dor-pour-titane\/199984\/#primaryimage"},"thumbnailUrl":"https:\/\/www.webdo.tn\/fr\/wp-content\/uploads\/2025\/06\/Cannes-2021-Titane-1024x732_199984.jpg","keywords":["analyse","cannes","Cannes 2021","Cin\u00e9ma fran\u00e7ais","Critique de film","Festival de Cannes","Film"],"articleSection":["Culture"],"inLanguage":"fr-FR"},{"@type":"WebPage","@id":"https:\/\/www.webdo.tn\/fr\/actualite\/culture\/cannes-2021-pourquoi-la-palme-dor-pour-titane\/199984\/","url":"https:\/\/www.webdo.tn\/fr\/actualite\/culture\/cannes-2021-pourquoi-la-palme-dor-pour-titane\/199984\/","name":"Cannes 2021 - Pourquoi la Palme d'Or pour Titane ?","isPartOf":{"@id":"https:\/\/www.webdo.tn\/fr\/#website"},"primaryImageOfPage":{"@id":"https:\/\/www.webdo.tn\/fr\/actualite\/culture\/cannes-2021-pourquoi-la-palme-dor-pour-titane\/199984\/#primaryimage"},"image":{"@id":"https:\/\/www.webdo.tn\/fr\/actualite\/culture\/cannes-2021-pourquoi-la-palme-dor-pour-titane\/199984\/#primaryimage"},"thumbnailUrl":"https:\/\/www.webdo.tn\/fr\/wp-content\/uploads\/2025\/06\/Cannes-2021-Titane-1024x732_199984.jpg","datePublished":"2021-07-19T22:52:00+00:00","description":"Cannes 2021 - Pourquoi la Palme d'Or pour Titane ?","breadcrumb":{"@id":"https:\/\/www.webdo.tn\/fr\/actualite\/culture\/cannes-2021-pourquoi-la-palme-dor-pour-titane\/199984\/#breadcrumb"},"inLanguage":"fr-FR","potentialAction":[{"@type":"ReadAction","target":["https:\/\/www.webdo.tn\/fr\/actualite\/culture\/cannes-2021-pourquoi-la-palme-dor-pour-titane\/199984\/"]}]},{"@type":"ImageObject","inLanguage":"fr-FR","@id":"https:\/\/www.webdo.tn\/fr\/actualite\/culture\/cannes-2021-pourquoi-la-palme-dor-pour-titane\/199984\/#primaryimage","url":"https:\/\/www.webdo.tn\/fr\/wp-content\/uploads\/2025\/06\/Cannes-2021-Titane-1024x732_199984.jpg","contentUrl":"https:\/\/www.webdo.tn\/fr\/wp-content\/uploads\/2025\/06\/Cannes-2021-Titane-1024x732_199984.jpg","width":1024,"height":732,"caption":"Cannes 2021 - Pourquoi la Palme d'Or pour \"Titane\"?"},{"@type":"BreadcrumbList","@id":"https:\/\/www.webdo.tn\/fr\/actualite\/culture\/cannes-2021-pourquoi-la-palme-dor-pour-titane\/199984\/#breadcrumb","itemListElement":[{"@type":"ListItem","position":1,"name":"Accueil","item":"https:\/\/www.webdo.tn\/fr\/"},{"@type":"ListItem","position":2,"name":"Cannes 2021 &#8211; Pourquoi la Palme d&rsquo;Or pour \u00ab\u00a0Titane\u00a0\u00bb?"}]},{"@type":"WebSite","@id":"https:\/\/www.webdo.tn\/fr\/#website","url":"https:\/\/www.webdo.tn\/fr\/","name":"webdo","description":"Tunisie - News en Tunisie et \u00e0 l&#039;international sur Webdo.tn","publisher":{"@id":"https:\/\/www.webdo.tn\/fr\/#organization"},"potentialAction":[{"@type":"SearchAction","target":{"@type":"EntryPoint","urlTemplate":"https:\/\/www.webdo.tn\/fr\/?s={search_term_string}"},"query-input":{"@type":"PropertyValueSpecification","valueRequired":true,"valueName":"search_term_string"}}],"inLanguage":"fr-FR"},{"@type":"Organization","@id":"https:\/\/www.webdo.tn\/fr\/#organization","name":"Webdo","alternateName":"Webdo.tn","url":"https:\/\/www.webdo.tn\/fr\/","logo":{"@type":"ImageObject","inLanguage":"fr-FR","@id":"https:\/\/www.webdo.tn\/fr\/#\/schema\/logo\/image\/","url":"https:\/\/www.webdo.tn\/fr\/wp-content\/uploads\/2025\/06\/Webdo-Tunisie_168377.jpg","contentUrl":"https:\/\/www.webdo.tn\/fr\/wp-content\/uploads\/2025\/06\/Webdo-Tunisie_168377.jpg","width":301,"height":301,"caption":"Webdo"},"image":{"@id":"https:\/\/www.webdo.tn\/fr\/#\/schema\/logo\/image\/"},"sameAs":["https:\/\/www.facebook.com\/webdotn","https:\/\/x.com\/webdo_tn"],"description":"Webdo est un m\u00e9dia num\u00e9rique tunisien fond\u00e9 en 2010, sp\u00e9cialis\u00e9 dans l\u2019actualit\u00e9 nationale et internationale, l\u2019\u00e9conomie, la soci\u00e9t\u00e9 et les analyses politiques. Le site s\u2019adresse \u00e0 un large public francophone et couvre l\u2019information tunisienne en temps r\u00e9el.","email":"redac@webdo.tn","legalName":"YNJ SARL","foundingDate":"2010-09-06","numberOfEmployees":{"@type":"QuantitativeValue","minValue":"11","maxValue":"50"}},{"@type":"Person","@id":"https:\/\/www.webdo.tn\/fr\/#\/schema\/person\/60d5ba619ed3f58783b0dc82b7dada80","name":"Ne\u00efla DRISS","image":{"@type":"ImageObject","inLanguage":"fr-FR","@id":"https:\/\/www.webdo.tn\/fr\/wp-content\/uploads\/2026\/04\/neila-driss_avatar-96x96.jpg","url":"https:\/\/www.webdo.tn\/fr\/wp-content\/uploads\/2026\/04\/neila-driss_avatar-96x96.jpg","contentUrl":"https:\/\/www.webdo.tn\/fr\/wp-content\/uploads\/2026\/04\/neila-driss_avatar-96x96.jpg","caption":"Ne\u00efla DRISS"},"description":"Ne\u00efla Driss est juriste, journaliste culturelle et critique de cin\u00e9ma tunisienne. Titulaire d\u2019un DEA en droit priv\u00e9 de l\u2019Universit\u00e9 Paris II et d\u2019un DESS de l\u2019IHEC Carthage, elle d\u00e9bute sa carri\u00e8re comme juriste sp\u00e9cialis\u00e9e en gestion de patrimoine immobilier. Elle s\u2019oriente ensuite vers l\u2019\u00e9criture en ligne, o\u00f9 elle se distingue d\u00e8s 2006 aux Tunisia Blog Awards, avant de se consacrer au journalisme culturel, avec une sp\u00e9cialisation dans la critique cin\u00e9matographique. Elle couvre r\u00e9guli\u00e8rement les grands festivals internationaux, notamment le Festival de Cannes, les Journ\u00e9es Cin\u00e9matographiques de Carthage et le Festival du film du Caire. Membre de l\u2019ATPCC et de la FIPRESCI, elle participe \u00e0 des jurys et initiatives internationales de critique. Depuis 2024, elle est \u00e9lectrice internationale aux Golden Globes. Facebook : https:\/\/www.facebook.com\/massir.destiniii\/ X : https:\/\/x.com\/MassirDestin","sameAs":["https:\/\/www.facebook.com\/massir.destiniii\/","https:\/\/www.instagram.com\/neila.driss\/?hl=fr","https:\/\/www.linkedin.com\/in\/neila-driss-22606a80\/","https:\/\/x.com\/https:\/\/x.com\/MassirDestin"],"knowsAbout":["Cin\u00e9ma international","critique cin\u00e9matographique","festivals de cin\u00e9ma","journalisme culturel"],"knowsLanguage":["Fran\u00e7ais","Arabe","Anglais"],"jobTitle":"Journaliste culturelle et critique de cin\u00e9ma","worksFor":"Webdo","url":"https:\/\/www.webdo.tn\/fr\/actualite\/author\/neila-driss\/"}]}},"_links":{"self":[{"href":"https:\/\/www.webdo.tn\/fr\/wp-json\/wp\/v2\/posts\/199984","targetHints":{"allow":["GET"]}}],"collection":[{"href":"https:\/\/www.webdo.tn\/fr\/wp-json\/wp\/v2\/posts"}],"about":[{"href":"https:\/\/www.webdo.tn\/fr\/wp-json\/wp\/v2\/types\/post"}],"author":[{"embeddable":true,"href":"https:\/\/www.webdo.tn\/fr\/wp-json\/wp\/v2\/users\/3164"}],"replies":[{"embeddable":true,"href":"https:\/\/www.webdo.tn\/fr\/wp-json\/wp\/v2\/comments?post=199984"}],"version-history":[{"count":0,"href":"https:\/\/www.webdo.tn\/fr\/wp-json\/wp\/v2\/posts\/199984\/revisions"}],"wp:featuredmedia":[{"embeddable":true,"href":"https:\/\/www.webdo.tn\/fr\/wp-json\/wp\/v2\/media\/368124"}],"wp:attachment":[{"href":"https:\/\/www.webdo.tn\/fr\/wp-json\/wp\/v2\/media?parent=199984"}],"wp:term":[{"taxonomy":"category","embeddable":true,"href":"https:\/\/www.webdo.tn\/fr\/wp-json\/wp\/v2\/categories?post=199984"},{"taxonomy":"post_tag","embeddable":true,"href":"https:\/\/www.webdo.tn\/fr\/wp-json\/wp\/v2\/tags?post=199984"}],"curies":[{"name":"wp","href":"https:\/\/api.w.org\/{rel}","templated":true}]}}