{"id":199982,"date":"2021-07-25T19:53:00","date_gmt":"2021-07-25T19:53:00","guid":{"rendered":"https:\/\/www.webdo.tn\/fr\/blog\/cannes-2021-entretien-avec-leyla-bouzid-realisatrice-dune-histoire-damour-et-de-desir\/199982\/"},"modified":"2026-01-20T22:02:09","modified_gmt":"2026-01-20T21:02:09","slug":"cannes-2021-entretien-avec-leyla-bouzid-realisatrice-dune-histoire-damour-et-de-desir","status":"publish","type":"post","link":"https:\/\/www.webdo.tn\/fr\/actualite\/culture\/cannes-2021-entretien-avec-leyla-bouzid-realisatrice-dune-histoire-damour-et-de-desir\/199982\/","title":{"rendered":"Cannes 2021 &#8211; Entretien avec Leyla Bouzid, r\u00e9alisatrice de \u00ab\u00a0Une histoire d&rsquo;amour et de d\u00e9sir\u00a0\u00bb"},"content":{"rendered":"<div class=\"single-body entry-content typography-copy\" itemprop=\"articleBody\">\n<p style=\"font-weight: bold; text-align: justify\">\n<div class=\"coprs\" style=\"text-align: center\"><\/div>\n<div class=\"coprs\" style=\"text-align: justify\">\n<p><em>Une histoire d\u2019amour et de d\u00e9sir<\/em>, r\u00e9alis\u00e9 par Leyla Bouzid, \u00e9tait le film de cl\u00f4ture de la 60\u00e8me \u00e9dition de la Semaine de la Critique, une section parall\u00e8le du festival de Cannes.<\/p>\n<p>Un film tr\u00e8s touchant et plein de sensibilit\u00e9. Un beau r\u00e9cit d\u2019une histoire d&rsquo;amour entre deux jeunes \u00e9tudiants en litt\u00e9rature, Farah, tunisienne et Ahmed, fran\u00e7ais d\u2019origine alg\u00e9rienne. Leur rencontre \u00e0 l\u2019universit\u00e9, temple du savoir, va permettre \u00e0 Ahmed de d\u00e9couvrir la culture arabe \u00e0 travers la litt\u00e9rature et la musique, de se poser des questions, d\u2019aller \u00e0 la recherche de ses origines et de son identit\u00e9 et de s&rsquo;ouvrir \u00e0 l&rsquo;amour et \u00e0 la sensualit\u00e9.<\/p>\n<p>J\u2019ai rencontr\u00e9 Leyla Bouzid, pour essayer d\u2019en apprendre un peu plus sur son film.<\/p>\n<p><strong>Vous \u00e9tiez \u00e0 Cannes en 2016, pour recevoir le prix Women in Motion pour votre film <em>A peine j\u2019ouvre les yeux<\/em>. Vous y revenez aujourd\u2019hui avec <em>Une histoire d\u2019amour et de d\u00e9sir<\/em>, qui a \u00e9t\u00e9 le film de cl\u00f4ture de la section Semaine de la Critique. Comment ressentez-vous cela ? <\/strong><\/p>\n<p>C\u2019est un honneur. En plus en 2016, j\u2019\u00e9tais venue pour un prix qui m\u2019avait \u00e9t\u00e9 d\u00e9cern\u00e9 un an apr\u00e8s le d\u00e9but du film \u00e0 Venise, mais cette fois-ci je viens pour pr\u00e9senter mon nouveau long m\u00e9trage en premi\u00e8re mondiale, donc c\u2019est tr\u00e8s \u00e9mouvant, tr\u00e8s fort et tr\u00e8s intense. Ce sont les premi\u00e8res livraisons au public, c\u2019est \u00e9puisant, mais c\u2019est incroyable !<\/p>\n<p><strong>Pourquoi aussi longtemps\u00a0? Pourquoi 6 ans d\u2019intervalle entre les deux films\u00a0?<\/strong><\/p>\n<p>D\u2019abord le film aurait pu \u00eatre pr\u00eat il y a un an mais il a p\u00e2ti de la pand\u00e9mie de la covid 19, donc c\u2019est 5 ans. Ensuite lorsque j\u2019avais tourn\u00e9 <em>A peine j\u2019ouvre les yeux<\/em>, j\u2019avais pile 30 ans et je venais de sortir de l\u2019\u00e9cole du cin\u00e9ma. Pour <em>Une histoire d\u2019amour et de d\u00e9sir<\/em>, il a fallu le temps d\u2019\u00e9crire un nouveau sc\u00e9nario, en plus je suis devenue maman. Cela prend donc du temps de s\u2019occuper d\u2019un petit enfant et d\u2019\u00e9crire. Et puis la pand\u00e9mie\u2026<\/p>\n<p>\u00a0<\/p>\n<div>\n<figure class=\"image\"><img decoding=\"async\" alt=\"\" height=\"1024\" src=\"\/assets\/uploads\/images\/\/Neila\/Une-histoire-damour-et-de-desir-Affiche-768x1024.jpg\" width=\"768\"><figcaption><em>Cannes 2021 &#8211; \u00ab\u00a0Une histoire d&rsquo;amour et de d\u00e9sir\u00a0\u00bb, r\u00e9alis\u00e9 par Leyla Bouzid.<\/em><\/figcaption><\/figure>\n<\/div>\n<p>\u00a0<\/p>\n<p><strong>Pour les deux films, les actrices principales sont des d\u00e9butantes\u00a0? Pourquoi\u00a0? Est-ce un choix\u00a0d\u00e9lib\u00e9r\u00e9 d\u2019avoir des visages inconnus ?<\/strong><\/p>\n<p>Non. Mais j\u2019avais besoin d\u2019actrices jeunes parce que les personnages sont jeunes. Dans <em>A peine j\u2019ouvre les yeux<\/em>, Farah a 17\/18 ans et <em>dans Une histoire d\u2019amour et de d\u00e9sir<\/em>, Farah a 19 ans. Dans ces \u00e2ges-l\u00e0, \u00e0 moins de prendre une actrice qui a fait carri\u00e8re depuis qu\u2019elle est tr\u00e8s jeune (et en Tunisie, nous n\u2019avons pas d\u2019enfants acteurs) ce sont forc\u00e9ment des novices.<\/p>\n<p>Sinon, Zbe\u00efda Belhajamor a d\u00e9j\u00e0 jou\u00e9 dans un court m\u00e9trage et elle a \u00e9t\u00e9 au El Teatro depuis qu\u2019elle \u00e9tait tr\u00e8s jeune. Je l\u2019y avais entraper\u00e7ue d\u00e9j\u00e0 lorsque j\u2019y avais \u00e9t\u00e9 pour chercher l\u2019acteur qui jouait le petit copain dans <em>A peine j\u2019ouvre les yeux.<\/em> Disons que je l\u2019avais rep\u00e9r\u00e9e mais elle \u00e9tait encore tr\u00e8s jeune. Elle avait 14 ans, bien que cela ne se voyait pas, on avait l\u2019impression qu\u2019elle \u00e9tait plus \u00e2g\u00e9e, mais elle \u00e9tait quand m\u00eame beaucoup trop jeune pour <em>A peine j\u2019ouvre les yeux<\/em>.<\/p>\n<p><strong>Et le jeune Sami Outalbali qui joue Ahmed\u00a0?<\/strong><\/p>\n<p>C\u2019est un r\u00f4le essentiel dans le film. Il fallait trouver un jeune acteur qui puisse porter ce monde int\u00e9rieur et cette r\u00e9sistance, qu\u2019il soit en m\u00eame temps viril et fragile, qu\u2019il puisse \u00eatre amoureux et introverti, qu\u2019il puisse avoir grandi dans les banlieues populaires, mais en m\u00eame temps qu\u2019il puisse \u00eatre \u00e9tudiant en litt\u00e9rature\u2026<\/p>\n<p>J\u2019avais remarqu\u00e9 Sami dans <em>Fiert\u00e9s (2018)<\/em> de Philippe Faucon, dans un petit r\u00f4le, mais qui m\u2019a donn\u00e9 envie de le rencontrer. Il a tout de suite \u00e9t\u00e9 emball\u00e9 par le projet, il trouvait important de raconter cette intimit\u00e9-l\u00e0 et partant pour mon projet d\u2019\u00ab \u00e9rotiser le corps masculin \u00bb.<\/p>\n<p><strong>Projet d\u2019\u00e9rotiser le corps masculin\u00a0?<\/strong><\/p>\n<p>Le film se veut une invitation \u00e0 l\u2019amour et au d\u00e9sir, et \u00e0 l\u2019ouverture d\u2019un corps d\u2019un jeune homme d\u2019origine maghr\u00e9bine, donc de culture arabe, \u00e0 l\u2019amour.<\/p>\n<p>La premi\u00e8re exp\u00e9rience sexuelle d\u2019un gar\u00e7on est rarement trait\u00e9e au cin\u00e9ma, comme s\u2019il n\u2019y avait pas de sujet. Or c\u2019est tr\u00e8s important dans la vie d\u2019une personne, qu\u2019elle soit fille ou gar\u00e7on. Pour Ahmed, c\u2019est tr\u00e8s important, surtout qu\u2019il s\u2019agit pour lui d\u2019assumer en m\u00eame temps de l\u2019amour et du d\u00e9sir.<\/p>\n<p>C\u2019est aussi le rapport \u00e0 la virilit\u00e9 vu par une femme. C\u2019est y voir de la fragilit\u00e9 et des r\u00e9sistances. J\u2019ai l\u2019impression qu\u2019\u00eatre face \u00e0 des jeunes gar\u00e7ons qui doutent et qui sont fragiles est quelque chose que plusieurs jeunes femmes ont pu vivre. Or tr\u00e8s souvent dans le cin\u00e9ma, c\u2019est comme si le myst\u00e8re et la fragilit\u00e9 \u00e9taient l\u2019apanage du f\u00e9minin. Il me semble que non, et que m\u00eame si cela n\u2019est pas racont\u00e9, cela existe \u00e9norm\u00e9ment. Je pense qu\u2019aujourd\u2019hui il y a beaucoup de jeunes femmes qui sont fortes, ou qui ont du caract\u00e8re et qui se retrouvent face \u00e0 ce genre de relations avec des jeunes hommes et c\u2019est quelque chose que j\u2019avais envie de raconter parce que ce regard-l\u00e0 je l\u2019ai vu. Il existe, il me touche et je ne l\u2019ai pas vu au cin\u00e9ma et je n\u2019ai pas vu non plus ce regard sur la sensualit\u00e9 du corps masculin qui peut \u00eatre plein de r\u00e9sistance et de myst\u00e8re.<\/p>\n<p><strong>Il y a dans le film une r\u00e9elle complicit\u00e9 entre les deux acteurs et beaucoup de sensualit\u00e9\u2026<\/strong><\/p>\n<p>Oui il y avait vraiment de la sensualit\u00e9 \u00e0 tous les niveaux et bien s\u00fbr surtout chez les deux acteurs. Chacun d\u2019eux porte en lui-m\u00eame une charge sensuelle tr\u00e8s forte, mais en plus, dans la rencontre des deux, il y a eu quelque chose qui s\u2019est pass\u00e9e, une sorte d\u2019alchimie. C\u2019\u00e9tait tr\u00e8s important de les faire se rencontrer pour voir s\u2019il y avait quelque chose qui circulait entre eux et si la cam\u00e9ra pouvait le capter. C\u2019\u00e9tait le cas. Mais une fois qu\u2019il y a eu cette rencontre et que j\u2019ai pu v\u00e9rifier qu\u2019effectivement il y avait quelque chose qui circulait entre eux, ils ne se sont plus du tout rencontr\u00e9s ni fait de r\u00e9p\u00e9titions ensemble avant le tournage pour sauvegarder cette \u00e9motion-l\u00e0. Cela a \u00e9t\u00e9 quelque chose sur laquelle nous avons travaill\u00e9 et on le ressent dans le film.<\/p>\n<p>\u00a0<\/p>\n<div>\n<figure class=\"image\"><img decoding=\"async\" alt=\"\" height=\"1024\" src=\"\/assets\/uploads\/images\/\/Neila\/Une-histoire-damour-et-de-desir-@Bertrand-Noel-Olivier-Pere-683x1024.jpg\" width=\"683\"><figcaption><em>Cannes 2021 &#8211; Leyla Bouzid, Sami Outalbali et Zbe\u00efda Belhajamor (Photo Bertrand No\u00ebl)<\/em><\/figcaption><\/figure>\n<\/div>\n<p>\u00a0<\/p>\n<p><strong>Pourquoi ce th\u00e8me de l\u2019identit\u00e9\u00a0?<\/strong><\/p>\n<p>Parce que le th\u00e8me de l\u2019identit\u00e9 arabe est tr\u00e8s probl\u00e9matique et complexe pour les fran\u00e7ais d\u2019origine arabe et que c\u2019est de plus en plus r\u00e9ducteur. J\u2019ai trouv\u00e9 donc cela int\u00e9ressant de confronter cette tunisienne qui vient de Tunisie avec un fran\u00e7ais d\u2019origine alg\u00e9rienne qui n\u2019a pas de liens avec son identit\u00e9 d\u2019origine, et que tout ce qu\u2019il en re\u00e7oit est ce qu\u2019on entend dans la soci\u00e9t\u00e9 et qui est de plus en plus r\u00e9ducteur. Je voulais donc remettre cette probl\u00e9matique au gout du jour mais avec des th\u00e9matiques diff\u00e9rentes qui sont la litt\u00e9rature, la musique, les \u00e9tudes et une fille tunisienne.<\/p>\n<p>En plus, cela me tenait vraiment \u00e0 c\u0153ur de montrer cette absence de transmission qu\u2019il y a eu de la part des parents, souvent d\u2019ailleurs non pas par choix d\u00e9lib\u00e9r\u00e9, mais vraiment parce que eux m\u00eame n\u2019ont pas eu cette possibilit\u00e9 de transmettre, parce que la transmission est aussi un luxe et quand les personnes travaillent ou ne sont pas bien, elles ne transmettent pas leur culture d\u2019origine. Du coup Ahmed a construit une image de la culture arabe pr\u00e9sente en banlieue qui n\u2019est pas forc\u00e9ment li\u00e9e \u00e0 la vraie culture arabe ou du moins la culture arabe port\u00e9e par la litt\u00e9rature arabe, la musique arabe, par tout ce qui a \u00e9t\u00e9 \u00e9crit et tout ce qui existe. J\u2019avais envie dans ce projet que cette sensation amoureuse, cet attrait pour cette jeune femme, se cristallise avec une d\u00e9couverte d\u2019une culture arabe que lui ne connait pas, qui est sensuelle et qui va lui permettre de se lib\u00e9rer d\u2019un poids, qui est un poids artificiel en fait. Cette id\u00e9e de remettre la culture amoureuse orientale et sensuelle au c\u0153ur de ce corps de jeune homme des banlieues \u00e9tait quelque chose qui \u00e9tait d\u00e8s le d\u00e9part dans le projet.<\/p>\n<p>Il y a par rapport \u00e0 l\u2019histoire contemporaine du monde arabe des choses qui ne sont pas encore dig\u00e9r\u00e9es ou en tout cas qui ont \u00e9t\u00e9 mal dig\u00e9r\u00e9es et tues et sur lesquelles il y a un \u00e9norme sentiment de frustration et d\u2019humiliation aussi, ce qui fait naitre parfois de la violence mais aussi une coupure et c\u2019est vrai aussi que le film en prenant en charge la relation entre le p\u00e8re et le fils est une mani\u00e8re de dire\u00a0: \u00ab\u00a0pensons nos cl\u00e9s ensemble et parlons-en\u00a0\u00bb. On pourrait se dire\u00a0:\u00a0\u00ab\u00a0mais quelle est la place du p\u00e8re dans cette trajectoire de cette \u00e9ducation sentimentale\u00a0?\u00a0\u00bb. En fait le dialogue avec le p\u00e8re est vraiment fondamental et n\u00e9cessaire pour Ahmed parce que c\u2019est une qu\u00eate identitaire au final et il en a besoin. Je pense donc que le fait que le p\u00e8re verbalise et transmette sa douleur et sa propre culture cr\u00e9e tout de suite des liens, c\u2019est d\u00e9j\u00e0 un pont pour aller vers l\u2019autre et aller donc vers le corps.<\/p>\n<p><strong>Et par rapport aux tunisiens\u00a0? Depuis 10 ans ce probl\u00e8me d\u2019identit\u00e9 et de double culture se pose aussi. Je trouve que Farah est l\u2019exemple type de la personne qui assume cette double culture que certains nous reprochent actuellement en Tunisie<\/strong><\/p>\n<p>Contrairement \u00e0 Ahmed qui ne connait rien de son pays d\u2019origine, ni la langue, ni la culture, Farah, dans le film, n\u2019a pas de probl\u00e8me identitaire. Elle est tout \u00e0 fait bien dans sa peau et bien dans son identit\u00e9. Elle entretient un rapport direct \u00e0 sa culture d\u2019abord tunisienne et puis arabe.<\/p>\n<p><strong>Exactement. On le voit tr\u00e8s bien et c\u2019est justement ce qui est g\u00e9nial. N\u2019est-ce pas donc une r\u00e9ponse aux critiques que nous avons actuellement en Tunisie\u00a0? A ceux \u00e0 qui nous reprochent par exemple d\u2018\u00eatre des \u00ab\u00a0orphelins de la France\u00a0\u00bb<\/strong><\/p>\n<p>Non. Franchement, je ne suis pas dans les r\u00e9ponses, m\u00eame par rapport \u00e0 Ahmed. Le point de d\u00e9part du film \u00e9tait de faire le portrait d\u2019un jeune homme timide. Les questions d\u2019identit\u00e9 et de la culture arabe sont venues s\u2019ajouter sur le projet, mais vraiment le point de d\u00e9part est de faire le portrait d\u2019un jeune gar\u00e7on qui d\u00e9couvre l\u2019amour et la sensualit\u00e9, qui s\u2019\u00e9veille et qui se d\u00e9couvre lui-m\u00eame. Il a une forme d\u2019interrogation par rapport \u00e0 ses origines, par rapport \u00e0 ce que ses parents lui ont transmis ou pas, par rapport \u00e0 ce qu\u2019il se passe dans la soci\u00e9t\u00e9 fran\u00e7aise, etc\u2026 et donc il y a une red\u00e9couverte d\u2019une culture arabe qu\u2019il ne connait pas, et il s\u2019\u00e9tonne qu\u2019elle soit une culture de l\u2019amour, o\u00f9 il y a de l\u2019\u00e9rotisme\u2026 pour moi c\u2019est l\u00e0 o\u00f9 cela se place.<\/p>\n<p><strong>Mais il n\u2019y a pas aussi un petit reproche aux gens qui s\u2019enferment dans leur culture en France comme l\u2019ami marocain\u00a0?<\/strong><\/p>\n<p>Dans le film il n\u2019y a pas de reproches. Karim par exemple est un personnage que j\u2019aime beaucoup et je ne le juge pas. Il est \u00e0 un moment o\u00f9 Ahmed et lui n\u2019arrivent plus \u00e0 se parler, oui. \u00a0Mais en tout cas, ce n\u2019est pas la mani\u00e8re dont j\u2019aborderais la question. Ce ne seront pas mes mots. Vous pouvez le vivre ainsi, mais moi je ne reproche rien \u00e0 mes personnages. J\u2019essaye de les aimer et pour moi Karim a son propre projet, c\u2019est un homme qui travaille, qui a une femme, et il n\u2019a tout simplement pas acc\u00e8s \u00e0 ce qu\u2019Ahmed d\u00e9couvre.<\/p>\n<p><strong>Il n\u2019y a pas acc\u00e8s parce qu\u2019il s\u2019y refuse<\/strong>.<\/p>\n<p>Il refuse au moment de la sc\u00e8ne, mais c\u2019est aussi peut-\u00eatre parce qu\u2019il n\u2019en avait jamais entendu parler avant et on le voit bien.<\/p>\n<p><strong>Je trouve que ces personnes s\u2019enferment dans leur \u00ab arabit\u00e9 \u00bb et chez eux tout reste comme dans le \u00ab bled \u00bb. Comme chez Karim par exemple, ses meubles sont marocains alors qu\u2019il habite en banlieue parisienne.\u00a0<\/strong><\/p>\n<p>Oui, et c\u2019est ce que lui reproche Ahmed, mais c\u2019est parce qu\u2019ils n\u2019ont pas l\u2019opportunit\u00e9 de s\u2019interroger en fait, d\u2019o\u00f9 le travail sur les textes arabes, c\u2019est de dire : voil\u00e0 il y a d\u2019autres outils pour acc\u00e9der \u00e0 tout cela. Comme la musique de Ghalia Benali, qui est d&rsquo;ailleurs dans les deux films.<\/p>\n<p>\u00a0<\/p>\n<p><img decoding=\"async\" alt=\"Une histoire d'amour et de d\u00e9sir Sami outalbali et Zbe\u00efda Belhajamor\" height=\"706\" src=\"http:\/\/www.webdo.tn\/wp-content\/uploads\/2021\/07\/Une-histoire-damour-et-de-desir-zbeida-belhajamor.jpg\" width=\"1000\"><em> Sami Outalbali et Zbe\u00efda Belhajamor dans \u00ab\u00a0Une histoire d&rsquo;amour et de d\u00e9sir\u00a0\u00bb, r\u00e9alis\u00e9 par Leyla Bouzid.<\/em><\/p>\n<p>\u00a0<\/p>\n<p><strong>Dans le film, vous avez abord\u00e9 la litt\u00e9rature \u00e9rotique arabe, comme pour prouver qu\u2019elle n\u2019est pas aussi moralisatrice et r\u00e9trograde qu\u2019on le dit. Vous avez aussi parl\u00e9 du livre <em>Le Jardin parfum\u00e9 : Manuel d&rsquo;\u00e9rotologie arabe<\/em> du Cheikh Nefzaoui (que j\u2019avais moi-m\u00eame d\u00e9couvert en \u00e9tant \u00e9tudiante en France). Ce livre est traduit en fran\u00e7ais et en anglais, on peut l\u2019acheter en France et aux USA, mais ce qui est \u00e9tonnant est qu\u2019en Tunisie, presque personne ne le connait !!!<\/strong><\/p>\n<p>Franchement m\u00eame en France, il n\u2019est pas tr\u00e8s connu. Il est traduit mais la traduction n\u2019est pas tr\u00e8s bonne. Moi-m\u00eame lorsque je l\u2019avais d\u00e9couvert, j\u2019avais \u00e9t\u00e9 vraiment tr\u00e8s surprise du fait que cela soit un livre tunisien du XV\u00e8me si\u00e8cle et qu\u2019on ne le connait pas. D\u2019o\u00f9 d\u2019ailleurs la place que je lui donne dans le film. Farah le dit d\u2019ailleurs : \u00ab c\u2019est un manuel \u00e9rotique tunisien, cela vient de Tunisie et je ne le connais pas ! \u00bb.<\/p>\n<p>Ce livre est sur Internet en arabe pour ceux qui voudraient le consulter. Moi-m\u00eame j\u2019ai un vieux manuscrit en arabe que mon p\u00e8re poss\u00e9dait.<\/p>\n<p>En r\u00e9alit\u00e9, dans le film il n\u2019y a qu\u2019un l\u00e9ger aper\u00e7u de la vaste litt\u00e9rature arabe autour de la th\u00e9matique amoureuse, sensuelle et charnelle. L\u2019id\u00e9e \u00e9tait de faire rencontrer Ahmed et ces textes. Pour qu\u2019il soit \u00e9tonn\u00e9, qu\u2019il se pose des questions, qu\u2019il sache que la culture arabe est diff\u00e9rente de ce qu\u2019il en entend dire, dans sa banlieue et dans la soci\u00e9t\u00e9 fran\u00e7aise.<\/p>\n<p><strong>Quelle a \u00e9t\u00e9 la r\u00e9action de la presse fran\u00e7aise apr\u00e8s la projection du film\u00a0? <\/strong><\/p>\n<p>Franchement nous avons de tr\u00e8s tr\u00e8s bons retours de la presse fran\u00e7aise. Tr\u00e8s enthousiastes. Les gens ont eu l\u2019impression d\u2019acc\u00e9der \u00e0 une complexit\u00e9 qu\u2019ils ne connaissent pas et puis ils sont tr\u00e8s touch\u00e9s par le personnage d&rsquo;Ahmed, ils sont aussi touch\u00e9s par le fait qu\u2019on regarde un jeune gar\u00e7on.<\/p>\n<p><strong>Est-ce que vous pensez que cela leur donne envie de connaitre cette culture arabe\u00a0?<\/strong><\/p>\n<p>Ah oui oui, on me demande tout le temps : \u00ab donnez-nous les textes on veut lire, c\u2019est vrai, pourquoi est-ce qu\u2019on n\u2019en parle pas ? \u00bb. Cela a suscit\u00e9 \u00e9norm\u00e9ment d\u2019interrogations, de questionnements, mais positifs. Ils ont \u00e9t\u00e9 nombreux \u00e0 me dire : \u00ab cela donne envie de lire, cela donne envie d\u2019aimer, de d\u00e9couvrir ce qu\u2019il y a derri\u00e8re les apparences \u00bb. J\u2019ai l\u2019impression que cela les interpelle beaucoup.<\/p>\n<p><strong>D\u2019apr\u00e8s vous comment les tunisiens vont prendre le film\u00a0?<\/strong><\/p>\n<p>Je ne sais pas. D\u2019apr\u00e8s le distributeur Hakka, les tunisiens aimeront le film et je pense qu\u2019il int\u00e9ressera beaucoup les jeunes surtout. J\u2019ai essay\u00e9 d\u2019\u00eatre la plus sinc\u00e8re possible, comme sur le film pr\u00e9c\u00e9dent, la plus juste possible et voil\u00e0.<\/p>\n<p><strong>Cela se voyait. La sinc\u00e9rit\u00e9 est visible et je pense que c\u2019est ce qui rend le film touchant et \u00e9mouvant. Sa beaut\u00e9 r\u00e9side beaucoup dans cette sinc\u00e9rit\u00e9<\/strong>.<\/p>\n<p>Je pense que les jeunes tunisiens qui ont aim\u00e9 <em>A peine j\u2019ouvre les yeux<\/em> peuvent vraiment aimer ce film parce qu\u2019on retrouve Farah sous d\u2019autres cieux avec une autre th\u00e9matique. La culture est faite pour aussi bouger de ses lignes, interpeler, questionner&#8230; On a par exemple parl\u00e9 du <em>Jardin parfum\u00e9<\/em>, et c\u2019est un texte qui est tunisien qui est \u00e9crit en arabe. Il n\u2019y a aucune influence de l\u2019occident et pourtant il est tr\u00e8s tr\u00e8s cru, tr\u00e8s surprenant, ludique et moderne, donc voil\u00e0&#8230; Et moi, je me place dans cet h\u00e9ritage-l\u00e0.<\/p>\n<p><strong>Pour vous, il y a un lien entre les deux Farah\u00a0?<\/strong> Oui, c\u2019est le m\u00eame \u00e2ge, presque le m\u00eame physique, le m\u00eame type de personnalit\u00e9. Ce n\u2019est pas la m\u00eame personne mais il y a un lien !<\/p>\n<p>\u00a0<\/p>\n<div>\n<figure class=\"image\"><img decoding=\"async\" alt=\"\" height=\"684\" src=\"\/assets\/uploads\/images\/\/Neila\/Une-histoire-damour-et-de-desir-Semaine-de-la-critique-1024x684.jpg\" width=\"1024\"><figcaption><em>Cannes 2021 &#8211; Leyla Bouzid, Sami Outalbali et Zbe\u00efda Belhajamor<\/em><\/figcaption><\/figure>\n<\/div>\n<p>\u00a0<\/p>\n<p><strong>Quels sont vos projets d\u2019avenir\u00a0?<\/strong> Un film bient\u00f4t. Le tournage est pr\u00e9vu en Tunisie. Je ne peux pas encore donner de d\u00e9tails, mais c\u2019est autour d\u2019un secret de famille et cela se passera \u00e0 Sousse. C\u2019est encore au stade d\u2019\u00e9criture avanc\u00e9e et je ne peux pas r\u00e9v\u00e9ler plus que cela. J\u2019esp\u00e8re qu\u2019il sortira dans un an ou deux.<\/p>\n<p><strong>Quelle est la date de sortie d\u2019<em>Une histoire d&rsquo;amour et de d\u00e9sir<\/em> en Tunisie ?<\/strong><\/p>\n<p>Automne 2021. Je l\u2019esp\u00e8re si la pand\u00e9mie le permet. Le film sera sous-titr\u00e9 en arabe et sera en principe programm\u00e9 un peu partout, dans plusieurs villes, comme Djerba, Zarzis, Gafsa\u2026<\/p>\n<p><strong>Ne\u00efla Driss<\/strong><\/p>\n<p><em><em>Lire sur le m\u00eame sujet:<\/em><\/em><\/p>\n<ul>\n<li><a href=\"https:\/\/www.webdo.tn\/2021\/01\/10\/festival-de-cannes-la-74eme-edition-pourrait-etre-reportee-a-lete-2021\/\">Festival de Cannes \u2013 La 74\u00e8me \u00e9dition pourrait \u00eatre report\u00e9e \u00e0 l\u2019\u00e9t\u00e9 2021<\/a><\/li>\n<li><a href=\"https:\/\/www.webdo.tn\/2021\/01\/27\/cest-officiel-la-74eme-edition-du-festival-de-cannes-aura-lieu-en-juillet-2021\/\">C\u2019est officiel, la 74\u00e8me \u00e9dition du Festival de Cannes aura lieu en juillet 2021<\/a><\/li>\n<li><a href=\"https:\/\/www.webdo.tn\/2021\/06\/17\/cannes-2021-laffiche-de-la-74eme-edition-devoilee\/\">Cannes 2021 \u2013 L\u2019affiche de la 74\u00e8me \u00e9dition d\u00e9voil\u00e9e.<\/a><\/li>\n<li><a href=\"https:\/\/www.webdo.tn\/2021\/06\/18\/cannes-2021-kaouther-ben-hania-membre-du-jury-courts-metrages\/\">Cannes 2021 \u2013 Kaouther Ben Hania, membre du Jury Courts M\u00e9trages<\/a><\/li>\n<li><a href=\"https:\/\/www.webdo.tn\/2021\/07\/02\/cannes-2021-des-regles-sanitaires-strictes-pour-assurer-le-bon-deroulement-du-festival\/\">Cannes 2021 \u2013 Des r\u00e8gles sanitaires strictes pour assurer le bon d\u00e9roulement du festival<\/a><\/li>\n<li><a href=\"https:\/\/www.webdo.tn\/2021\/07\/05\/les-rendez-vous-du-cinema-arabe-au-festival-de-cannes-2021\/\">Les rendez-vous du cin\u00e9ma arabe au Festival de Cannes 2021<\/a><\/li>\n<li><a href=\"https:\/\/www.webdo.tn\/2021\/07\/07\/cannes-2021-une-ceremonie-qui-annonce-le-retour-a-la-vie-grace-a-la-magie-du-cinema\/\">Cannes 2021 \u2013 Une c\u00e9r\u00e9monie qui annonce le retour \u00e0 la vie gr\u00e2ce \u00e0 la magie du cin\u00e9ma<\/a><\/li>\n<li><a href=\"https:\/\/www.webdo.tn\/2021\/07\/12\/cannes-2021-deux-films-deux-manieres-de-denoncer-les-abus-sexuels\/\">Cannes 2021 \u2013 Deux films, deux mani\u00e8res de d\u00e9noncer les abus sexuels<\/a><\/li>\n<li><a href=\"https:\/\/www.webdo.tn\/2021\/07\/13\/cannes-2021-prix-des-critiques-arabes-meilleur-scenario-pour-lhomme-qui-a-vendu-sa-peau\/\">Cannes 2021 \u2013 Prix des critiques arabes: Meilleur sc\u00e9nario pour \u00ab\u00a0L\u2019homme qui a vendu sa peau\u00a0\u00bb<\/a><\/li>\n<li><a href=\"https:\/\/www.webdo.tn\/2021\/07\/14\/cannes-2021-une-histoire-damour-et-de-desir-de-leyla-bouzid-en-cloture-de-la-semaine-de-la-critique\/\">Cannes 2021 \u2013 \u00ab Une histoire d\u2019amour et de d\u00e9sir \u00bb de Leyla Bouzid en cl\u00f4ture de La Semaine de la Critique<\/a><\/li>\n<li><a href=\"https:\/\/www.webdo.tn\/2021\/07\/14\/cannes-2021-le-film-egyptien-feathers-plumes-remporte-le-grand-prix-nespresso%e2%80%a8-a-la-semaine-de-la-critique\/\">Cannes 2021 \u2013 Le film \u00e9gyptien \u00ab\u00a0Feathers\u00a0\u00bb remporte le Grand prix Nespresso\u2028\u00e0\u00a0la Semaine de la Critique<\/a><\/li>\n<li><a href=\"https:\/\/www.webdo.tn\/2021\/07\/16\/cannes-2021-longue-ovation-pour-le-marocain-nabil-ayouch\/?\">Cannes 2021 \u2013 Longue ovation pour le marocain Nabil Ayouch<\/a><\/li>\n<li><a href=\"https:\/\/www.webdo.tn\/2021\/07\/16\/cannes-2021-the-story-of-my-wife-dildiko-enyedi\/\">Cannes 2021 \u2013 \u00ab\u00a0The story of my wife\u00a0\u00bb d\u2019Ildiko Enyedi<\/a><\/li>\n<li><a href=\"https:\/\/www.webdo.tn\/2021\/07\/17\/cannes-2021-palmares-dun-certain-regard\/\"><u>Cannes 2021 \u2013 Palmar\u00e8s d\u2019Un Certain Regard<\/u><\/a><\/li>\n<li><a href=\"https:\/\/www.webdo.tn\/2021\/07\/17\/cannes-2021-mon-palmares-ideal\/\">Cannes 2021 \u2013 Mon Palmar\u00e8s id\u00e9al<\/a><\/li>\n<li><a href=\"https:\/\/www.webdo.tn\/2021\/07\/18\/cannes-2021-cloture-dune-edition-historique\/\">Cannes 2021 \u2013 Cl\u00f4ture d\u2019une \u00e9dition historique.<\/a><\/li>\n<li><a href=\"https:\/\/www.webdo.tn\/2021\/07\/19\/cannes-2021-feathers-plumes-une-comedie-absurde-mais-universelle\/\">Cannes 2021 \u2013 Feathers (Plumes), une com\u00e9die absurde, mais universelle<\/a><\/li>\n<li><a href=\"https:\/\/www.webdo.tn\/2021\/07\/19\/cannes-2021-pourquoi-la-palme-dor-pour-titane\/\" rel=\"bookmark\" title=\"Cannes 2021 \u2013 Pourquoi la Palme d\u2019Or pour \u00ab\u00a0Titane\u00a0\u00bb?\">Cannes 2021 \u2013 Pourquoi la Palme d\u2019Or pour \u00ab\u00a0Titane\u00a0\u00bb?<\/a><\/li>\n<li><a href=\"https:\/\/www.webdo.tn\/2021\/07\/21\/cannes-2021-immersion-dans-un-monde-parfois-cruel-des-enfants\/#.YP2daY4zY2w\">Cannes 2021 \u2013 Immersion dans \u00ab Un monde \u00bb parfois cruel des enfants<\/a><\/li>\n<\/ul><\/div>\n<div class=\"coprs\" style=\"text-align: center\"><\/div><\/div>\n","protected":false},"excerpt":{"rendered":"<p>Cannes 2021 &#8211; Entretien avec Leyla Bouzid, r\u00e9alisatrice d&rsquo;Une histoire d&rsquo;amour et de d\u00e9sir.<\/p>\n","protected":false},"author":3164,"featured_media":368058,"comment_status":"open","ping_status":"closed","sticky":false,"template":"","format":"standard","meta":{"footnotes":""},"categories":[2594],"tags":[9083,2626,2656,2627,7606,9084],"class_list":["post-199982","post","type-post","status-publish","format-standard","has-post-thumbnail","hentry","category-culture","tag-cannes-2021","tag-cinema","tag-cinema-tunisien","tag-festival-de-cannes","tag-interview","tag-leyla-bouzid"],"yoast_head":"<!-- This site is optimized with the Yoast SEO Premium plugin v27.5 (Yoast SEO v27.5) - https:\/\/yoast.com\/product\/yoast-seo-premium-wordpress\/ -->\n<title>Cannes 2021 - Entretien avec Leyla Bouzid, r\u00e9alisatrice d&#039; Une histoire d&#039;amour et de d\u00e9sir<\/title>\n<meta name=\"description\" content=\"Cannes 2021 - Entretien avec Leyla Bouzid, r\u00e9alisatrice d&#039;Une histoire d&#039;amour et de d\u00e9sir.\" \/>\n<link rel=\"canonical\" href=\"https:\/\/www.webdo.tn\/fr\/actualite\/culture\/cannes-2021-entretien-avec-leyla-bouzid-realisatrice-dune-histoire-damour-et-de-desir\/199982\/\" \/>\n<meta property=\"og:locale\" content=\"fr_FR\" \/>\n<meta property=\"og:type\" content=\"article\" \/>\n<meta property=\"og:title\" content=\"Cannes 2021 - Entretien avec Leyla Bouzid, r\u00e9alisatrice de &quot;Une histoire d&#039;amour et de d\u00e9sir&quot;\" \/>\n<meta property=\"og:description\" content=\"Cannes 2021 - Entretien avec Leyla Bouzid, r\u00e9alisatrice d&#039;Une histoire d&#039;amour et de d\u00e9sir.\" \/>\n<meta property=\"og:url\" content=\"https:\/\/www.webdo.tn\/fr\/actualite\/culture\/cannes-2021-entretien-avec-leyla-bouzid-realisatrice-dune-histoire-damour-et-de-desir\/199982\/\" \/>\n<meta property=\"og:site_name\" content=\"webdo\" \/>\n<meta property=\"article:publisher\" content=\"https:\/\/www.facebook.com\/webdotn\" \/>\n<meta property=\"article:author\" content=\"https:\/\/www.facebook.com\/massir.destiniii\/\" \/>\n<meta property=\"article:published_time\" content=\"2021-07-25T19:53:00+00:00\" \/>\n<meta property=\"article:modified_time\" content=\"2026-01-20T21:02:09+00:00\" \/>\n<meta property=\"og:image\" content=\"https:\/\/www.webdo.tn\/fr\/wp-content\/uploads\/2025\/06\/Leyla-Bouzid-Cannes-2021_199982.jpeg\" \/>\n\t<meta property=\"og:image:width\" content=\"592\" \/>\n\t<meta property=\"og:image:height\" content=\"296\" \/>\n\t<meta property=\"og:image:type\" content=\"image\/jpeg\" \/>\n<meta name=\"author\" content=\"Ne\u00efla DRISS\" \/>\n<meta name=\"twitter:card\" content=\"summary_large_image\" \/>\n<meta name=\"twitter:creator\" content=\"@https:\/\/x.com\/MassirDestin\" \/>\n<meta name=\"twitter:site\" content=\"@webdo_tn\" \/>\n<meta name=\"twitter:label1\" content=\"\u00c9crit par\" \/>\n\t<meta name=\"twitter:data1\" content=\"Ne\u00efla DRISS\" \/>\n\t<meta name=\"twitter:label2\" content=\"Dur\u00e9e de lecture estim\u00e9e\" \/>\n\t<meta name=\"twitter:data2\" content=\"17 minutes\" \/>\n<script type=\"application\/ld+json\" class=\"yoast-schema-graph\">{\"@context\":\"https:\\\/\\\/schema.org\",\"@graph\":[{\"@type\":\"NewsArticle\",\"@id\":\"https:\\\/\\\/www.webdo.tn\\\/fr\\\/actualite\\\/culture\\\/cannes-2021-entretien-avec-leyla-bouzid-realisatrice-dune-histoire-damour-et-de-desir\\\/199982\\\/#article\",\"isPartOf\":{\"@id\":\"https:\\\/\\\/www.webdo.tn\\\/fr\\\/actualite\\\/culture\\\/cannes-2021-entretien-avec-leyla-bouzid-realisatrice-dune-histoire-damour-et-de-desir\\\/199982\\\/\"},\"author\":{\"name\":\"Ne\u00efla DRISS\",\"@id\":\"https:\\\/\\\/www.webdo.tn\\\/fr\\\/#\\\/schema\\\/person\\\/60d5ba619ed3f58783b0dc82b7dada80\"},\"headline\":\"Cannes 2021 &#8211; Entretien avec Leyla Bouzid, r\u00e9alisatrice de \u00ab\u00a0Une histoire d&rsquo;amour et de d\u00e9sir\u00a0\u00bb\",\"datePublished\":\"2021-07-25T19:53:00+00:00\",\"dateModified\":\"2026-01-20T21:02:09+00:00\",\"mainEntityOfPage\":{\"@id\":\"https:\\\/\\\/www.webdo.tn\\\/fr\\\/actualite\\\/culture\\\/cannes-2021-entretien-avec-leyla-bouzid-realisatrice-dune-histoire-damour-et-de-desir\\\/199982\\\/\"},\"wordCount\":3407,\"commentCount\":0,\"publisher\":{\"@id\":\"https:\\\/\\\/www.webdo.tn\\\/fr\\\/#organization\"},\"image\":{\"@id\":\"https:\\\/\\\/www.webdo.tn\\\/fr\\\/actualite\\\/culture\\\/cannes-2021-entretien-avec-leyla-bouzid-realisatrice-dune-histoire-damour-et-de-desir\\\/199982\\\/#primaryimage\"},\"thumbnailUrl\":\"https:\\\/\\\/www.webdo.tn\\\/fr\\\/wp-content\\\/uploads\\\/2025\\\/06\\\/Leyla-Bouzid-Cannes-2021_199982.jpeg\",\"keywords\":[\"Cannes 2021\",\"Cin\u00e9ma\",\"cin\u00e9ma tunisien\",\"Festival de Cannes\",\"Interview\",\"Leyla Bouzid\"],\"articleSection\":[\"Culture\"],\"inLanguage\":\"fr-FR\"},{\"@type\":\"WebPage\",\"@id\":\"https:\\\/\\\/www.webdo.tn\\\/fr\\\/actualite\\\/culture\\\/cannes-2021-entretien-avec-leyla-bouzid-realisatrice-dune-histoire-damour-et-de-desir\\\/199982\\\/\",\"url\":\"https:\\\/\\\/www.webdo.tn\\\/fr\\\/actualite\\\/culture\\\/cannes-2021-entretien-avec-leyla-bouzid-realisatrice-dune-histoire-damour-et-de-desir\\\/199982\\\/\",\"name\":\"Cannes 2021 - Entretien avec Leyla Bouzid, r\u00e9alisatrice d' Une histoire d'amour et de d\u00e9sir\",\"isPartOf\":{\"@id\":\"https:\\\/\\\/www.webdo.tn\\\/fr\\\/#website\"},\"primaryImageOfPage\":{\"@id\":\"https:\\\/\\\/www.webdo.tn\\\/fr\\\/actualite\\\/culture\\\/cannes-2021-entretien-avec-leyla-bouzid-realisatrice-dune-histoire-damour-et-de-desir\\\/199982\\\/#primaryimage\"},\"image\":{\"@id\":\"https:\\\/\\\/www.webdo.tn\\\/fr\\\/actualite\\\/culture\\\/cannes-2021-entretien-avec-leyla-bouzid-realisatrice-dune-histoire-damour-et-de-desir\\\/199982\\\/#primaryimage\"},\"thumbnailUrl\":\"https:\\\/\\\/www.webdo.tn\\\/fr\\\/wp-content\\\/uploads\\\/2025\\\/06\\\/Leyla-Bouzid-Cannes-2021_199982.jpeg\",\"datePublished\":\"2021-07-25T19:53:00+00:00\",\"dateModified\":\"2026-01-20T21:02:09+00:00\",\"description\":\"Cannes 2021 - Entretien avec Leyla Bouzid, r\u00e9alisatrice d'Une histoire d'amour et de d\u00e9sir.\",\"breadcrumb\":{\"@id\":\"https:\\\/\\\/www.webdo.tn\\\/fr\\\/actualite\\\/culture\\\/cannes-2021-entretien-avec-leyla-bouzid-realisatrice-dune-histoire-damour-et-de-desir\\\/199982\\\/#breadcrumb\"},\"inLanguage\":\"fr-FR\",\"potentialAction\":[{\"@type\":\"ReadAction\",\"target\":[\"https:\\\/\\\/www.webdo.tn\\\/fr\\\/actualite\\\/culture\\\/cannes-2021-entretien-avec-leyla-bouzid-realisatrice-dune-histoire-damour-et-de-desir\\\/199982\\\/\"]}]},{\"@type\":\"ImageObject\",\"inLanguage\":\"fr-FR\",\"@id\":\"https:\\\/\\\/www.webdo.tn\\\/fr\\\/actualite\\\/culture\\\/cannes-2021-entretien-avec-leyla-bouzid-realisatrice-dune-histoire-damour-et-de-desir\\\/199982\\\/#primaryimage\",\"url\":\"https:\\\/\\\/www.webdo.tn\\\/fr\\\/wp-content\\\/uploads\\\/2025\\\/06\\\/Leyla-Bouzid-Cannes-2021_199982.jpeg\",\"contentUrl\":\"https:\\\/\\\/www.webdo.tn\\\/fr\\\/wp-content\\\/uploads\\\/2025\\\/06\\\/Leyla-Bouzid-Cannes-2021_199982.jpeg\",\"width\":592,\"height\":296,\"caption\":\"Cannes 2021 - Entretien avec Leyla Bouzid, r\u00e9alisatrice d'Une histoire d'amour et de d\u00e9sir.\"},{\"@type\":\"BreadcrumbList\",\"@id\":\"https:\\\/\\\/www.webdo.tn\\\/fr\\\/actualite\\\/culture\\\/cannes-2021-entretien-avec-leyla-bouzid-realisatrice-dune-histoire-damour-et-de-desir\\\/199982\\\/#breadcrumb\",\"itemListElement\":[{\"@type\":\"ListItem\",\"position\":1,\"name\":\"Accueil\",\"item\":\"https:\\\/\\\/www.webdo.tn\\\/fr\\\/\"},{\"@type\":\"ListItem\",\"position\":2,\"name\":\"Cannes 2021 &#8211; Entretien avec Leyla Bouzid, r\u00e9alisatrice de \u00ab\u00a0Une histoire d&rsquo;amour et de d\u00e9sir\u00a0\u00bb\"}]},{\"@type\":\"WebSite\",\"@id\":\"https:\\\/\\\/www.webdo.tn\\\/fr\\\/#website\",\"url\":\"https:\\\/\\\/www.webdo.tn\\\/fr\\\/\",\"name\":\"webdo\",\"description\":\"Tunisie - News en Tunisie et \u00e0 l&#039;international sur Webdo.tn\",\"publisher\":{\"@id\":\"https:\\\/\\\/www.webdo.tn\\\/fr\\\/#organization\"},\"potentialAction\":[{\"@type\":\"SearchAction\",\"target\":{\"@type\":\"EntryPoint\",\"urlTemplate\":\"https:\\\/\\\/www.webdo.tn\\\/fr\\\/?s={search_term_string}\"},\"query-input\":{\"@type\":\"PropertyValueSpecification\",\"valueRequired\":true,\"valueName\":\"search_term_string\"}}],\"inLanguage\":\"fr-FR\"},{\"@type\":\"Organization\",\"@id\":\"https:\\\/\\\/www.webdo.tn\\\/fr\\\/#organization\",\"name\":\"Webdo\",\"alternateName\":\"Webdo.tn\",\"url\":\"https:\\\/\\\/www.webdo.tn\\\/fr\\\/\",\"logo\":{\"@type\":\"ImageObject\",\"inLanguage\":\"fr-FR\",\"@id\":\"https:\\\/\\\/www.webdo.tn\\\/fr\\\/#\\\/schema\\\/logo\\\/image\\\/\",\"url\":\"https:\\\/\\\/www.webdo.tn\\\/fr\\\/wp-content\\\/uploads\\\/2025\\\/06\\\/Webdo-Tunisie_168377.jpg\",\"contentUrl\":\"https:\\\/\\\/www.webdo.tn\\\/fr\\\/wp-content\\\/uploads\\\/2025\\\/06\\\/Webdo-Tunisie_168377.jpg\",\"width\":301,\"height\":301,\"caption\":\"Webdo\"},\"image\":{\"@id\":\"https:\\\/\\\/www.webdo.tn\\\/fr\\\/#\\\/schema\\\/logo\\\/image\\\/\"},\"sameAs\":[\"https:\\\/\\\/www.facebook.com\\\/webdotn\",\"https:\\\/\\\/x.com\\\/webdo_tn\"],\"description\":\"Webdo est un m\u00e9dia num\u00e9rique tunisien fond\u00e9 en 2010, sp\u00e9cialis\u00e9 dans l\u2019actualit\u00e9 nationale et internationale, l\u2019\u00e9conomie, la soci\u00e9t\u00e9 et les analyses politiques. Le site s\u2019adresse \u00e0 un large public francophone et couvre l\u2019information tunisienne en temps r\u00e9el.\",\"email\":\"redac@webdo.tn\",\"legalName\":\"YNJ SARL\",\"foundingDate\":\"2010-09-06\",\"numberOfEmployees\":{\"@type\":\"QuantitativeValue\",\"minValue\":\"11\",\"maxValue\":\"50\"}},{\"@type\":\"Person\",\"@id\":\"https:\\\/\\\/www.webdo.tn\\\/fr\\\/#\\\/schema\\\/person\\\/60d5ba619ed3f58783b0dc82b7dada80\",\"name\":\"Ne\u00efla DRISS\",\"image\":{\"@type\":\"ImageObject\",\"inLanguage\":\"fr-FR\",\"@id\":\"https:\\\/\\\/www.webdo.tn\\\/fr\\\/wp-content\\\/uploads\\\/2026\\\/04\\\/neila-driss_avatar-96x96.jpg\",\"url\":\"https:\\\/\\\/www.webdo.tn\\\/fr\\\/wp-content\\\/uploads\\\/2026\\\/04\\\/neila-driss_avatar-96x96.jpg\",\"contentUrl\":\"https:\\\/\\\/www.webdo.tn\\\/fr\\\/wp-content\\\/uploads\\\/2026\\\/04\\\/neila-driss_avatar-96x96.jpg\",\"caption\":\"Ne\u00efla DRISS\"},\"description\":\"Ne\u00efla Driss est juriste, journaliste culturelle et critique de cin\u00e9ma tunisienne. Titulaire d\u2019un DEA en droit priv\u00e9 de l\u2019Universit\u00e9 Paris II et d\u2019un DESS de l\u2019IHEC Carthage, elle d\u00e9bute sa carri\u00e8re comme juriste sp\u00e9cialis\u00e9e en gestion de patrimoine immobilier. Elle s\u2019oriente ensuite vers l\u2019\u00e9criture en ligne, o\u00f9 elle se distingue d\u00e8s 2006 aux Tunisia Blog Awards, avant de se consacrer au journalisme culturel, avec une sp\u00e9cialisation dans la critique cin\u00e9matographique. Elle couvre r\u00e9guli\u00e8rement les grands festivals internationaux, notamment le Festival de Cannes, les Journ\u00e9es Cin\u00e9matographiques de Carthage et le Festival du film du Caire. Membre de l\u2019ATPCC et de la FIPRESCI, elle participe \u00e0 des jurys et initiatives internationales de critique. Depuis 2024, elle est \u00e9lectrice internationale aux Golden Globes. Facebook : https:\\\/\\\/www.facebook.com\\\/massir.destiniii\\\/ X : https:\\\/\\\/x.com\\\/MassirDestin\",\"sameAs\":[\"https:\\\/\\\/www.facebook.com\\\/massir.destiniii\\\/\",\"https:\\\/\\\/www.instagram.com\\\/neila.driss\\\/?hl=fr\",\"https:\\\/\\\/www.linkedin.com\\\/in\\\/neila-driss-22606a80\\\/\",\"https:\\\/\\\/x.com\\\/https:\\\/\\\/x.com\\\/MassirDestin\"],\"knowsAbout\":[\"Cin\u00e9ma international\",\"critique cin\u00e9matographique\",\"festivals de cin\u00e9ma\",\"journalisme culturel\"],\"knowsLanguage\":[\"Fran\u00e7ais\",\"Arabe\",\"Anglais\"],\"jobTitle\":\"Journaliste culturelle et critique de cin\u00e9ma\",\"worksFor\":\"Webdo\",\"url\":\"https:\\\/\\\/www.webdo.tn\\\/fr\\\/actualite\\\/author\\\/neila-driss\\\/\"}]}<\/script>\n<!-- \/ Yoast SEO Premium plugin. -->","yoast_head_json":{"title":"Cannes 2021 - Entretien avec Leyla Bouzid, r\u00e9alisatrice d' Une histoire d'amour et de d\u00e9sir","description":"Cannes 2021 - Entretien avec Leyla Bouzid, r\u00e9alisatrice d'Une histoire d'amour et de d\u00e9sir.","canonical":"https:\/\/www.webdo.tn\/fr\/actualite\/culture\/cannes-2021-entretien-avec-leyla-bouzid-realisatrice-dune-histoire-damour-et-de-desir\/199982\/","og_locale":"fr_FR","og_type":"article","og_title":"Cannes 2021 - Entretien avec Leyla Bouzid, r\u00e9alisatrice de \"Une histoire d'amour et de d\u00e9sir\"","og_description":"Cannes 2021 - Entretien avec Leyla Bouzid, r\u00e9alisatrice d'Une histoire d'amour et de d\u00e9sir.","og_url":"https:\/\/www.webdo.tn\/fr\/actualite\/culture\/cannes-2021-entretien-avec-leyla-bouzid-realisatrice-dune-histoire-damour-et-de-desir\/199982\/","og_site_name":"webdo","article_publisher":"https:\/\/www.facebook.com\/webdotn","article_author":"https:\/\/www.facebook.com\/massir.destiniii\/","article_published_time":"2021-07-25T19:53:00+00:00","article_modified_time":"2026-01-20T21:02:09+00:00","og_image":[{"width":592,"height":296,"url":"https:\/\/www.webdo.tn\/fr\/wp-content\/uploads\/2025\/06\/Leyla-Bouzid-Cannes-2021_199982.jpeg","type":"image\/jpeg"}],"author":"Ne\u00efla DRISS","twitter_card":"summary_large_image","twitter_creator":"@https:\/\/x.com\/MassirDestin","twitter_site":"@webdo_tn","twitter_misc":{"\u00c9crit par":"Ne\u00efla DRISS","Dur\u00e9e de lecture estim\u00e9e":"17 minutes"},"schema":{"@context":"https:\/\/schema.org","@graph":[{"@type":"NewsArticle","@id":"https:\/\/www.webdo.tn\/fr\/actualite\/culture\/cannes-2021-entretien-avec-leyla-bouzid-realisatrice-dune-histoire-damour-et-de-desir\/199982\/#article","isPartOf":{"@id":"https:\/\/www.webdo.tn\/fr\/actualite\/culture\/cannes-2021-entretien-avec-leyla-bouzid-realisatrice-dune-histoire-damour-et-de-desir\/199982\/"},"author":{"name":"Ne\u00efla DRISS","@id":"https:\/\/www.webdo.tn\/fr\/#\/schema\/person\/60d5ba619ed3f58783b0dc82b7dada80"},"headline":"Cannes 2021 &#8211; Entretien avec Leyla Bouzid, r\u00e9alisatrice de \u00ab\u00a0Une histoire d&rsquo;amour et de d\u00e9sir\u00a0\u00bb","datePublished":"2021-07-25T19:53:00+00:00","dateModified":"2026-01-20T21:02:09+00:00","mainEntityOfPage":{"@id":"https:\/\/www.webdo.tn\/fr\/actualite\/culture\/cannes-2021-entretien-avec-leyla-bouzid-realisatrice-dune-histoire-damour-et-de-desir\/199982\/"},"wordCount":3407,"commentCount":0,"publisher":{"@id":"https:\/\/www.webdo.tn\/fr\/#organization"},"image":{"@id":"https:\/\/www.webdo.tn\/fr\/actualite\/culture\/cannes-2021-entretien-avec-leyla-bouzid-realisatrice-dune-histoire-damour-et-de-desir\/199982\/#primaryimage"},"thumbnailUrl":"https:\/\/www.webdo.tn\/fr\/wp-content\/uploads\/2025\/06\/Leyla-Bouzid-Cannes-2021_199982.jpeg","keywords":["Cannes 2021","Cin\u00e9ma","cin\u00e9ma tunisien","Festival de Cannes","Interview","Leyla Bouzid"],"articleSection":["Culture"],"inLanguage":"fr-FR"},{"@type":"WebPage","@id":"https:\/\/www.webdo.tn\/fr\/actualite\/culture\/cannes-2021-entretien-avec-leyla-bouzid-realisatrice-dune-histoire-damour-et-de-desir\/199982\/","url":"https:\/\/www.webdo.tn\/fr\/actualite\/culture\/cannes-2021-entretien-avec-leyla-bouzid-realisatrice-dune-histoire-damour-et-de-desir\/199982\/","name":"Cannes 2021 - Entretien avec Leyla Bouzid, r\u00e9alisatrice d' Une histoire d'amour et de d\u00e9sir","isPartOf":{"@id":"https:\/\/www.webdo.tn\/fr\/#website"},"primaryImageOfPage":{"@id":"https:\/\/www.webdo.tn\/fr\/actualite\/culture\/cannes-2021-entretien-avec-leyla-bouzid-realisatrice-dune-histoire-damour-et-de-desir\/199982\/#primaryimage"},"image":{"@id":"https:\/\/www.webdo.tn\/fr\/actualite\/culture\/cannes-2021-entretien-avec-leyla-bouzid-realisatrice-dune-histoire-damour-et-de-desir\/199982\/#primaryimage"},"thumbnailUrl":"https:\/\/www.webdo.tn\/fr\/wp-content\/uploads\/2025\/06\/Leyla-Bouzid-Cannes-2021_199982.jpeg","datePublished":"2021-07-25T19:53:00+00:00","dateModified":"2026-01-20T21:02:09+00:00","description":"Cannes 2021 - Entretien avec Leyla Bouzid, r\u00e9alisatrice d'Une histoire d'amour et de d\u00e9sir.","breadcrumb":{"@id":"https:\/\/www.webdo.tn\/fr\/actualite\/culture\/cannes-2021-entretien-avec-leyla-bouzid-realisatrice-dune-histoire-damour-et-de-desir\/199982\/#breadcrumb"},"inLanguage":"fr-FR","potentialAction":[{"@type":"ReadAction","target":["https:\/\/www.webdo.tn\/fr\/actualite\/culture\/cannes-2021-entretien-avec-leyla-bouzid-realisatrice-dune-histoire-damour-et-de-desir\/199982\/"]}]},{"@type":"ImageObject","inLanguage":"fr-FR","@id":"https:\/\/www.webdo.tn\/fr\/actualite\/culture\/cannes-2021-entretien-avec-leyla-bouzid-realisatrice-dune-histoire-damour-et-de-desir\/199982\/#primaryimage","url":"https:\/\/www.webdo.tn\/fr\/wp-content\/uploads\/2025\/06\/Leyla-Bouzid-Cannes-2021_199982.jpeg","contentUrl":"https:\/\/www.webdo.tn\/fr\/wp-content\/uploads\/2025\/06\/Leyla-Bouzid-Cannes-2021_199982.jpeg","width":592,"height":296,"caption":"Cannes 2021 - Entretien avec Leyla Bouzid, r\u00e9alisatrice d'Une histoire d'amour et de d\u00e9sir."},{"@type":"BreadcrumbList","@id":"https:\/\/www.webdo.tn\/fr\/actualite\/culture\/cannes-2021-entretien-avec-leyla-bouzid-realisatrice-dune-histoire-damour-et-de-desir\/199982\/#breadcrumb","itemListElement":[{"@type":"ListItem","position":1,"name":"Accueil","item":"https:\/\/www.webdo.tn\/fr\/"},{"@type":"ListItem","position":2,"name":"Cannes 2021 &#8211; Entretien avec Leyla Bouzid, r\u00e9alisatrice de \u00ab\u00a0Une histoire d&rsquo;amour et de d\u00e9sir\u00a0\u00bb"}]},{"@type":"WebSite","@id":"https:\/\/www.webdo.tn\/fr\/#website","url":"https:\/\/www.webdo.tn\/fr\/","name":"webdo","description":"Tunisie - News en Tunisie et \u00e0 l&#039;international sur Webdo.tn","publisher":{"@id":"https:\/\/www.webdo.tn\/fr\/#organization"},"potentialAction":[{"@type":"SearchAction","target":{"@type":"EntryPoint","urlTemplate":"https:\/\/www.webdo.tn\/fr\/?s={search_term_string}"},"query-input":{"@type":"PropertyValueSpecification","valueRequired":true,"valueName":"search_term_string"}}],"inLanguage":"fr-FR"},{"@type":"Organization","@id":"https:\/\/www.webdo.tn\/fr\/#organization","name":"Webdo","alternateName":"Webdo.tn","url":"https:\/\/www.webdo.tn\/fr\/","logo":{"@type":"ImageObject","inLanguage":"fr-FR","@id":"https:\/\/www.webdo.tn\/fr\/#\/schema\/logo\/image\/","url":"https:\/\/www.webdo.tn\/fr\/wp-content\/uploads\/2025\/06\/Webdo-Tunisie_168377.jpg","contentUrl":"https:\/\/www.webdo.tn\/fr\/wp-content\/uploads\/2025\/06\/Webdo-Tunisie_168377.jpg","width":301,"height":301,"caption":"Webdo"},"image":{"@id":"https:\/\/www.webdo.tn\/fr\/#\/schema\/logo\/image\/"},"sameAs":["https:\/\/www.facebook.com\/webdotn","https:\/\/x.com\/webdo_tn"],"description":"Webdo est un m\u00e9dia num\u00e9rique tunisien fond\u00e9 en 2010, sp\u00e9cialis\u00e9 dans l\u2019actualit\u00e9 nationale et internationale, l\u2019\u00e9conomie, la soci\u00e9t\u00e9 et les analyses politiques. Le site s\u2019adresse \u00e0 un large public francophone et couvre l\u2019information tunisienne en temps r\u00e9el.","email":"redac@webdo.tn","legalName":"YNJ SARL","foundingDate":"2010-09-06","numberOfEmployees":{"@type":"QuantitativeValue","minValue":"11","maxValue":"50"}},{"@type":"Person","@id":"https:\/\/www.webdo.tn\/fr\/#\/schema\/person\/60d5ba619ed3f58783b0dc82b7dada80","name":"Ne\u00efla DRISS","image":{"@type":"ImageObject","inLanguage":"fr-FR","@id":"https:\/\/www.webdo.tn\/fr\/wp-content\/uploads\/2026\/04\/neila-driss_avatar-96x96.jpg","url":"https:\/\/www.webdo.tn\/fr\/wp-content\/uploads\/2026\/04\/neila-driss_avatar-96x96.jpg","contentUrl":"https:\/\/www.webdo.tn\/fr\/wp-content\/uploads\/2026\/04\/neila-driss_avatar-96x96.jpg","caption":"Ne\u00efla DRISS"},"description":"Ne\u00efla Driss est juriste, journaliste culturelle et critique de cin\u00e9ma tunisienne. Titulaire d\u2019un DEA en droit priv\u00e9 de l\u2019Universit\u00e9 Paris II et d\u2019un DESS de l\u2019IHEC Carthage, elle d\u00e9bute sa carri\u00e8re comme juriste sp\u00e9cialis\u00e9e en gestion de patrimoine immobilier. Elle s\u2019oriente ensuite vers l\u2019\u00e9criture en ligne, o\u00f9 elle se distingue d\u00e8s 2006 aux Tunisia Blog Awards, avant de se consacrer au journalisme culturel, avec une sp\u00e9cialisation dans la critique cin\u00e9matographique. Elle couvre r\u00e9guli\u00e8rement les grands festivals internationaux, notamment le Festival de Cannes, les Journ\u00e9es Cin\u00e9matographiques de Carthage et le Festival du film du Caire. Membre de l\u2019ATPCC et de la FIPRESCI, elle participe \u00e0 des jurys et initiatives internationales de critique. Depuis 2024, elle est \u00e9lectrice internationale aux Golden Globes. Facebook : https:\/\/www.facebook.com\/massir.destiniii\/ X : https:\/\/x.com\/MassirDestin","sameAs":["https:\/\/www.facebook.com\/massir.destiniii\/","https:\/\/www.instagram.com\/neila.driss\/?hl=fr","https:\/\/www.linkedin.com\/in\/neila-driss-22606a80\/","https:\/\/x.com\/https:\/\/x.com\/MassirDestin"],"knowsAbout":["Cin\u00e9ma international","critique cin\u00e9matographique","festivals de cin\u00e9ma","journalisme culturel"],"knowsLanguage":["Fran\u00e7ais","Arabe","Anglais"],"jobTitle":"Journaliste culturelle et critique de cin\u00e9ma","worksFor":"Webdo","url":"https:\/\/www.webdo.tn\/fr\/actualite\/author\/neila-driss\/"}]}},"_links":{"self":[{"href":"https:\/\/www.webdo.tn\/fr\/wp-json\/wp\/v2\/posts\/199982","targetHints":{"allow":["GET"]}}],"collection":[{"href":"https:\/\/www.webdo.tn\/fr\/wp-json\/wp\/v2\/posts"}],"about":[{"href":"https:\/\/www.webdo.tn\/fr\/wp-json\/wp\/v2\/types\/post"}],"author":[{"embeddable":true,"href":"https:\/\/www.webdo.tn\/fr\/wp-json\/wp\/v2\/users\/3164"}],"replies":[{"embeddable":true,"href":"https:\/\/www.webdo.tn\/fr\/wp-json\/wp\/v2\/comments?post=199982"}],"version-history":[{"count":0,"href":"https:\/\/www.webdo.tn\/fr\/wp-json\/wp\/v2\/posts\/199982\/revisions"}],"wp:featuredmedia":[{"embeddable":true,"href":"https:\/\/www.webdo.tn\/fr\/wp-json\/wp\/v2\/media\/368058"}],"wp:attachment":[{"href":"https:\/\/www.webdo.tn\/fr\/wp-json\/wp\/v2\/media?parent=199982"}],"wp:term":[{"taxonomy":"category","embeddable":true,"href":"https:\/\/www.webdo.tn\/fr\/wp-json\/wp\/v2\/categories?post=199982"},{"taxonomy":"post_tag","embeddable":true,"href":"https:\/\/www.webdo.tn\/fr\/wp-json\/wp\/v2\/tags?post=199982"}],"curies":[{"name":"wp","href":"https:\/\/api.w.org\/{rel}","templated":true}]}}