{"id":199981,"date":"2021-07-21T18:34:00","date_gmt":"2021-07-21T18:34:00","guid":{"rendered":"https:\/\/www.webdo.tn\/fr\/blog\/cannes-2021-immersion-dans-un-monde-parfois-cruel-des-enfants\/199981\/"},"modified":"2021-07-21T18:34:00","modified_gmt":"2021-07-21T18:34:00","slug":"cannes-2021-immersion-dans-un-monde-parfois-cruel-des-enfants","status":"publish","type":"post","link":"https:\/\/www.webdo.tn\/fr\/actualite\/culture\/cannes-2021-immersion-dans-un-monde-parfois-cruel-des-enfants\/199981\/","title":{"rendered":"Cannes 2021 &#8211; Immersion dans \u00ab\u00a0Un monde\u00a0\u00bb parfois cruel des enfants"},"content":{"rendered":"<div class=\"single-body entry-content typography-copy\" itemprop=\"articleBody\">\n<p style=\"font-weight: bold; text-align: justify\">\n<div class=\"coprs\" style=\"text-align: center\"><\/div>\n<div class=\"coprs\" style=\"text-align: justify\">\n<p><em><em><img decoding=\"async\" alt=\"Cannes 2021\" height=\"394\" src=\"http:\/\/www.webdo.tn\/wp-content\/uploads\/2021\/06\/CANNES-2021_SIGNATURES-Bleue.jpg\" width=\"105\"><\/em><\/em><\/p>\n<p><em><em>Un monde<\/em><\/em>, r\u00e9alis\u00e9 par la belge Laura Wandel, avec dans les principaux r\u00f4les les jeunes com\u00e9diens Maya Vanderbeque et Gunter Duret, est un des films les plus touchants de la section Un certain regard de cette 74<sup>\u00e8me<\/sup>\u00a0\u00e9dition du festival de Cannes, qui s\u2019est tenue exceptionnellement du 6 au 17 Juillet 2021.<\/p>\n<p>\u00ab\u00a0<em><em>Cette s\u00e9lection dans un Certain Regard, c\u2019est juste incroyable, je suis \u00e9videmment hyper heureuse que le film puisse avoir une telle visibilit\u00e9. Un Certain Regard pour moi repr\u00e9sente en fait la mise en avant de points de vue forts et de partis pris de mise en sc\u00e8ne. Je suis tr\u00e8s heureuse que mon premier long m\u00e9trage fasse partie de cette section et surtout lors de cette \u00e9dition. Cela va \u00eatre un festival de Cannes particulier, premier grand \u00e9v\u00e8nement culturel apr\u00e8s la \u00ab crise \u00bb et cela est extraordinaire que le festival puisse avoir lieu et que les gens puissent retourner enfin en salles\u00a0<\/em><\/em>\u00bb a d\u00e9clar\u00e9 la r\u00e9alisatrice.<\/p>\n<p>Ce qui est \u00e9tonnant est qu\u2019<em><em>Un monde<\/em><\/em>, tr\u00e8s bien r\u00e9alis\u00e9 et tr\u00e8s \u00e9mouvant, n\u2019a remport\u00e9 aucun des prix octroy\u00e9s par le jury de cette section, mais il vient heureusement d\u2019obtenir le prix FIPRESCI de la critique internationale parce que \u00ab\u00a0<em><em>Le film explore la fronti\u00e8re t\u00e9nue qu\u2019il y a entre amour et violence dans les relations entre enfants dans la cour de r\u00e9cr\u00e9ation de leur \u00e9cole\u00a0\u00bb<\/em><\/em>, a justifi\u00e9 le jury. \u00ab\u00a0<em><em>Cette fronti\u00e8re a \u00e9t\u00e9 film\u00e9e de fa\u00e7on r\u00e9aliste, brute et sans compromis. La tension entre subtilit\u00e9 et \u00e9vidence est maintenue du d\u00e9but \u00e0 la fin. Le magnifique premier film de Laura Wandel est \u00e0 la fois d\u00e9stabilisant et profond\u00e9ment empli de compassion \u00bb<\/em><\/em>.<\/p>\n<p><img decoding=\"async\" alt=\"Cannes 2021 Un monde\" height=\"617\" src=\"http:\/\/www.webdo.tn\/wp-content\/uploads\/2021\/07\/Un-Monde-Laura-Wandel.jpg\" width=\"925\"> Cannes 2021 &#8211; Laura Wandel, r\u00e9alisatrice du film \u00ab\u00a0Un monde\u00a0\u00bb<\/p>\n<p>Initialement s\u00e9lectionn\u00e9e pour l\u2019\u00e9dition 2020, annul\u00e9e en raison de la pand\u00e9mie, la r\u00e9alisatrice a choisi de retarder la sortie de son premier long m\u00e9trage d\u2019un an pour le proposer en premi\u00e8re mondiale cette ann\u00e9e au festival de Cannes.\u00a0\u00a0<em><em>\u00ab Je suis tr\u00e8s \u00e9mue d\u2019\u00eatre ici et de pouvoir enfin montrer ce film en salle (\u2026) Le cin\u00e9ma m\u2019a \u00e9norm\u00e9ment manqu\u00e9 \u00bb<\/em><\/em>, a soulign\u00e9 Laura Wandel sur sc\u00e8ne, entour\u00e9e des acteurs du film. Avec\u00a0<em><em>Un monde<\/em><\/em>, la cin\u00e9aste, ancienne \u00e9tudiante de l\u2019Institut des arts de diffusion (IAD) retrouve le chemin de la Croisette, sept ans apr\u00e8s la s\u00e9lection de son court m\u00e9trage\u00a0<em><em>Les Corps \u00e9trangers<\/em><\/em>, pr\u00e9sent\u00e9 en comp\u00e9tition en 2014.<\/p>\n<p><strong><strong>Synopsis<\/strong><\/strong> Nora entre en primaire lorsqu\u2019elle est confront\u00e9e au harc\u00e8lement dont son grand fr\u00e8re Abel est victime. Tiraill\u00e9e entre son p\u00e8re qui l\u2019incite \u00e0 r\u00e9agir, son besoin de s\u2019int\u00e9grer et son fr\u00e8re qui lui demande de garder le silence, Nora se trouve prise dans un terrible conflit de loyaut\u00e9. Une plong\u00e9e immersive, \u00e0 hauteur d\u2019enfant, dans le monde de l\u2019\u00e9cole\u2026<\/p>\n<p><img decoding=\"async\" alt=\"Cannes 2021 Un monde\" height=\"441\" src=\"http:\/\/www.webdo.tn\/wp-content\/uploads\/2021\/07\/Un-monde-Maya-Vanderbeque-et-Gunter-Duret.-1024x649.jpg\" width=\"696\"><br \/>\nCannes 2021 &#8211; Maya Vanderbeque et Gunter Duret, les acteurs principaux du film \u00ab\u00a0Un monde\u00a0\u00bb, r\u00e9alis\u00e9 par Laura Wandel<\/p>\n<p>\u00a0<\/p>\n<p><em><em>Un monde<\/em><\/em>\u00a0est r\u00e9ellement un des meilleurs films de cette 74<sup>\u00e8me<\/sup>\u00a0\u00e9dition du festival pour essentiellement deux raisons.<\/p>\n<p>D\u2019abord pour son sujet tr\u00e8s important : le harc\u00e8lement dans une \u00e9cole primaire, qu\u2019on ne quitte d\u2019ailleurs jamais pendant tout le film. Or il est rare au cin\u00e9ma qu\u2019on parle des \u00e9coles primaires. G\u00e9n\u00e9ralement lorsqu\u2019on aborde le th\u00e8me du harc\u00e8lement, cela se passe dans les coll\u00e8ges et lyc\u00e9es, entre adolescents. On ne s\u2019imagine pas que des enfants, si jeunes, puissent \u00eatre aussi violents, ni que le harc\u00e8lement puisse \u00eatre si grave, et ressenti aussi violemment aussi bien sur le plan physique que moral.<\/p>\n<p>Ensuite parce qu\u2019<em><em>Un monde<\/em><\/em>\u00a0est tourn\u00e9 \u00e0 hauteur d\u2019enfant tout le temps. La cam\u00e9ra est toujours \u00e0 la hauteur de Nora, ne filme et ne voit que le monde de Nora, \u00e0 travers ses yeux de petite fille, qui assiste, impuissante, au harc\u00e8lement de son fr\u00e8re Abel et qui essaye de lui venir en aide, tout en aspirant \u00e0 trouver sa propre place parmi les autres \u00e9l\u00e8ves. On entre \u00e0 l\u2019\u00e9cole avec elle, on traverse la cour de r\u00e9cr\u00e9ation avec elle, on est en classe avec elle, on d\u00e9jeune \u00e0 la cantine avec elle, au point de devenir elle, de comprendre ses pens\u00e9es, ses souffrances et ses dilemmes. Les adultes (enseignants, surveillants, parents\u2026) ne sont que des silhouettes floues qu\u2019on ne distingue clairement que lorsqu\u2019ils se mettent eux-m\u00eames \u00e0 la hauteur des enfants, par exemple pour leur parler, pour les soigner, les consoler\u2026<\/p>\n<p>Le spectateur est immerg\u00e9 dans ce monde de l\u2019enfant \u00e0 l\u2019\u00e9cole. La d\u00e9couverte est d\u00e9concertante. En passant \u00e0 l\u2019\u00e2ge adulte, on oublie cet univers de l\u2019enfant, qui peut \u00eatre tr\u00e8s cruel parfois, et dans lequel on trouve \u00e9galement la m\u00e9chancet\u00e9, le racisme, les pr\u00e9jug\u00e9s, l\u2019exclusion, l\u2019oppression, le harc\u00e8lement\u2026. Et c\u2019est \u00e0 l\u2019enfant d\u2019apprendre \u00e0 se d\u00e9brouiller, \u00e0 se d\u00e9fendre, et m\u00eame parfois essayer de trouver de l\u2019aide, une \u00e9coute, une amiti\u00e9\u2026<\/p>\n<p>Apprendre la vie est une vraie souffrance parfois. Et souvent les adultes n\u2019aident pas, en \u00e9tant absents, en ne comprenant pas, et m\u00eame en n\u2019accordant pas assez d\u2019importance \u00e0 ce qu\u2019ils consid\u00e8rent des gamineries, des enfantillages ou m\u00eame des caprices.<\/p>\n<p>Le propos est poignant et le choix de r\u00e9alisation r\u00e9fl\u00e9chi. Les acteurs sont excellents, tr\u00e8s bien dirig\u00e9s. La r\u00e9alisatrice a tr\u00e8s bien su les encadrer.<\/p>\n<p><img decoding=\"async\" alt=\"Cannes 2021 Un monde\" height=\"376\" src=\"http:\/\/www.webdo.tn\/wp-content\/uploads\/2021\/07\/Un-monde-Nora-1024x553.jpg\" width=\"696\"><br \/>\nCannes 2021 \u2013 Maya Vanderbeque dans le r\u00f4le de Nora, dans le film \u00ab Un monde \u00bb de Laura Wandel<\/p>\n<p><em><em>\u00ab\u00a0J\u2019ai voulu raconter les premiers moments d\u2019une enfant, dans le milieu de l\u2019\u00e9cole, en dehors de la famille. J\u2019ai vraiment voulu montrer la force et la r\u00e9silience des enfants, d\u2019une enfant en particulier, Nora, et comment elle va se comporter pour trouver sa place dans ce nouveau monde\u00a0\u00bb<\/em><\/em>\u00a0a d\u00e9clar\u00e9 la r\u00e9alisatrice.\u00a0<em><em>\u00ab\u00a0J\u2019ai fait ce film parce qu\u2019il est n\u00e9cessaire pour moi. J\u2019ai l\u2019impression que l\u2019\u00e9cole est le premier moment o\u00f9 on apprend la vie sociale, o\u00f9 on doit se battre pour trouver sa place. J\u2019aimerais arriver \u00e0 ce que le spectateur retrouve sa peau d\u2019enfant, qu\u2019il soit Nora\u00a0\u00bb.<\/em><\/em><\/p>\n<p>C\u2019est dans ce but que pendant des mois, pour la pr\u00e9paration de son film, Laura Wandel est all\u00e9e dans la cour de r\u00e9cr\u00e9ation d\u2019une \u00e9cole, quelle y a observ\u00e9 ce qu\u2019il s\u2019y passait. Elle a parl\u00e9 avec des enfants, les a attentivement \u00e9cout\u00e9s et essay\u00e9 de confronter ses propres souvenirs \u00e0 leurs exp\u00e9riences. Elle a \u00e9galement rencontr\u00e9 des p\u00e9dopsychiatres et parl\u00e9 avec des enfants harcel\u00e9s. C\u2019est peut-\u00eatre aussi ce travail minutieux qui lui a permis de donner ce ton si juste \u00e0 son film.<\/p>\n<p><strong><strong>Ne\u00efla Driss<\/strong><\/strong><\/p>\n<p><em><em>Lire sur le m\u00eame sujet:<\/em><\/em><\/p>\n<ul>\n<li><a href=\"https:\/\/www.webdo.tn\/2021\/01\/10\/festival-de-cannes-la-74eme-edition-pourrait-etre-reportee-a-lete-2021\/\">Festival de Cannes \u2013 La 74\u00e8me \u00e9dition pourrait \u00eatre report\u00e9e \u00e0 l\u2019\u00e9t\u00e9 2021<\/a><\/li>\n<li><a href=\"https:\/\/www.webdo.tn\/2021\/01\/27\/cest-officiel-la-74eme-edition-du-festival-de-cannes-aura-lieu-en-juillet-2021\/\">C\u2019est officiel, la 74\u00e8me \u00e9dition du Festival de Cannes aura lieu en juillet 2021<\/a><\/li>\n<li><a href=\"https:\/\/www.webdo.tn\/2021\/06\/17\/cannes-2021-laffiche-de-la-74eme-edition-devoilee\/\">Cannes 2021 \u2013 L\u2019affiche de la 74\u00e8me \u00e9dition d\u00e9voil\u00e9e.<\/a><\/li>\n<li><a href=\"https:\/\/www.webdo.tn\/2021\/06\/18\/cannes-2021-kaouther-ben-hania-membre-du-jury-courts-metrages\/\">Cannes 2021 \u2013 Kaouther Ben Hania, membre du Jury Courts M\u00e9trages<\/a><\/li>\n<li><a href=\"https:\/\/www.webdo.tn\/2021\/07\/02\/cannes-2021-des-regles-sanitaires-strictes-pour-assurer-le-bon-deroulement-du-festival\/\">Cannes 2021 \u2013 Des r\u00e8gles sanitaires strictes pour assurer le bon d\u00e9roulement du festival<\/a><\/li>\n<li><a href=\"https:\/\/www.webdo.tn\/2021\/07\/05\/les-rendez-vous-du-cinema-arabe-au-festival-de-cannes-2021\/\">Les rendez-vous du cin\u00e9ma arabe au Festival de Cannes 2021<\/a><\/li>\n<li><a href=\"https:\/\/www.webdo.tn\/2021\/07\/07\/cannes-2021-une-ceremonie-qui-annonce-le-retour-a-la-vie-grace-a-la-magie-du-cinema\/\">Cannes 2021 \u2013 Une c\u00e9r\u00e9monie qui annonce le retour \u00e0 la vie gr\u00e2ce \u00e0 la magie du cin\u00e9ma<\/a><\/li>\n<li><a href=\"https:\/\/www.webdo.tn\/2021\/07\/12\/cannes-2021-deux-films-deux-manieres-de-denoncer-les-abus-sexuels\/\">Cannes 2021 \u2013 Deux films, deux mani\u00e8res de d\u00e9noncer les abus sexuels<\/a><\/li>\n<li><a href=\"https:\/\/www.webdo.tn\/2021\/07\/13\/cannes-2021-prix-des-critiques-arabes-meilleur-scenario-pour-lhomme-qui-a-vendu-sa-peau\/\">Cannes 2021 \u2013 Prix des critiques arabes: Meilleur sc\u00e9nario pour \u00ab\u00a0L\u2019homme qui a vendu sa peau\u00a0\u00bb<\/a><\/li>\n<li><a href=\"https:\/\/www.webdo.tn\/2021\/07\/14\/cannes-2021-une-histoire-damour-et-de-desir-de-leyla-bouzid-en-cloture-de-la-semaine-de-la-critique\/\">Cannes 2021 \u2013 \u00ab Une histoire d\u2019amour et de d\u00e9sir \u00bb de Leyla Bouzid en cl\u00f4ture de La Semaine de la Critique<\/a><\/li>\n<li><a href=\"https:\/\/www.webdo.tn\/2021\/07\/14\/cannes-2021-le-film-egyptien-feathers-plumes-remporte-le-grand-prix-nespresso%e2%80%a8-a-la-semaine-de-la-critique\/\">Cannes 2021 \u2013 Le film \u00e9gyptien \u00ab\u00a0Feathers\u00a0\u00bb remporte le Grand prix Nespresso\u2028\u00e0\u00a0la Semaine de la Critique<\/a><\/li>\n<li><a href=\"https:\/\/www.webdo.tn\/2021\/07\/16\/cannes-2021-longue-ovation-pour-le-marocain-nabil-ayouch\/?\">Cannes 2021 \u2013 Longue ovation pour le marocain Nabil Ayouch<\/a><\/li>\n<li><a href=\"https:\/\/www.webdo.tn\/2021\/07\/16\/cannes-2021-the-story-of-my-wife-dildiko-enyedi\/\">Cannes 2021 \u2013 \u00ab\u00a0The story of my wife\u00a0\u00bb d\u2019Ildiko Enyedi<\/a><\/li>\n<li><a href=\"https:\/\/www.webdo.tn\/2021\/07\/17\/cannes-2021-palmares-dun-certain-regard\/\"><u>Cannes 2021 \u2013 Palmar\u00e8s d\u2019Un Certain Regard<\/u><\/a><\/li>\n<li><a href=\"https:\/\/www.webdo.tn\/2021\/07\/17\/cannes-2021-mon-palmares-ideal\/\">Cannes 2021 \u2013 Mon Palmar\u00e8s id\u00e9al<\/a><\/li>\n<li><a href=\"https:\/\/www.webdo.tn\/2021\/07\/18\/cannes-2021-cloture-dune-edition-historique\/\">Cannes 2021 \u2013 Cl\u00f4ture d\u2019une \u00e9dition historique.<\/a><\/li>\n<li><a href=\"https:\/\/www.webdo.tn\/2021\/07\/19\/cannes-2021-feathers-plumes-une-comedie-absurde-mais-universelle\/\">Cannes 2021 \u2013 Feathers (Plumes), une com\u00e9die absurde, mais universelle<\/a><\/li>\n<li><a href=\"https:\/\/www.webdo.tn\/2021\/07\/19\/cannes-2021-pourquoi-la-palme-dor-pour-titane\/\" rel=\"bookmark\" title=\"Cannes 2021 \u2013 Pourquoi la Palme d\u2019Or pour \u00ab\u00a0Titane\u00a0\u00bb?\">Cannes 2021 \u2013 Pourquoi la Palme d\u2019Or pour \u00ab\u00a0Titane\u00a0\u00bb?<\/a><\/li>\n<\/ul>\n<p>\u00a0<\/p>\n<\/p><\/div>\n<div class=\"coprs\" style=\"text-align: center\"><\/div><\/div>\n","protected":false},"excerpt":{"rendered":"<p>Cannes 2021 &#8211; Immersion dans  Un monde  parfois cruel des enfants<\/p>\n","protected":false},"author":3164,"featured_media":368107,"comment_status":"open","ping_status":"closed","sticky":false,"template":"","format":"standard","meta":{"footnotes":""},"categories":[2594],"tags":[3460,9083,2626,9085,8670,2627,2655],"class_list":["post-199981","post","type-post","status-publish","format-standard","has-post-thumbnail","hentry","category-culture","tag-cannes","tag-cannes-2021","tag-cinema","tag-cinema-belge","tag-critique-de-film","tag-festival-de-cannes","tag-film"],"yoast_head":"<!-- This site is optimized with the Yoast SEO Premium plugin v27.5 (Yoast SEO v27.5) - https:\/\/yoast.com\/product\/yoast-seo-premium-wordpress\/ -->\n<title>Cannes 2021 - Immersion dans Un monde parfois cruel des enfants<\/title>\n<meta name=\"description\" content=\"Cannes 2021 - Immersion dans Un monde parfois cruel des enfants\" \/>\n<link rel=\"canonical\" href=\"https:\/\/www.webdo.tn\/fr\/actualite\/culture\/cannes-2021-immersion-dans-un-monde-parfois-cruel-des-enfants\/199981\/\" \/>\n<meta property=\"og:locale\" content=\"fr_FR\" \/>\n<meta property=\"og:type\" content=\"article\" \/>\n<meta property=\"og:title\" content=\"Cannes 2021 - Immersion dans &quot;Un monde&quot; parfois cruel des enfants\" \/>\n<meta property=\"og:description\" content=\"Cannes 2021 - Immersion dans Un monde parfois cruel des enfants\" \/>\n<meta property=\"og:url\" content=\"https:\/\/www.webdo.tn\/fr\/actualite\/culture\/cannes-2021-immersion-dans-un-monde-parfois-cruel-des-enfants\/199981\/\" \/>\n<meta property=\"og:site_name\" content=\"webdo\" \/>\n<meta property=\"article:publisher\" content=\"https:\/\/www.facebook.com\/webdotn\" \/>\n<meta property=\"article:author\" content=\"https:\/\/www.facebook.com\/massir.destiniii\/\" \/>\n<meta property=\"article:published_time\" content=\"2021-07-21T18:34:00+00:00\" \/>\n<meta property=\"og:image\" content=\"https:\/\/www.webdo.tn\/fr\/wp-content\/uploads\/2025\/06\/Un-monde-Frere-et-soeur-1_199981.jpg\" \/>\n\t<meta property=\"og:image:width\" content=\"1536\" \/>\n\t<meta property=\"og:image:height\" content=\"830\" \/>\n\t<meta property=\"og:image:type\" content=\"image\/jpeg\" \/>\n<meta name=\"author\" content=\"Ne\u00efla DRISS\" \/>\n<meta name=\"twitter:card\" content=\"summary_large_image\" \/>\n<meta name=\"twitter:creator\" content=\"@https:\/\/x.com\/MassirDestin\" \/>\n<meta name=\"twitter:site\" content=\"@webdo_tn\" \/>\n<meta name=\"twitter:label1\" content=\"\u00c9crit par\" \/>\n\t<meta name=\"twitter:data1\" content=\"Ne\u00efla DRISS\" \/>\n\t<meta name=\"twitter:label2\" content=\"Dur\u00e9e de lecture estim\u00e9e\" \/>\n\t<meta name=\"twitter:data2\" content=\"7 minutes\" \/>\n<script type=\"application\/ld+json\" class=\"yoast-schema-graph\">{\"@context\":\"https:\\\/\\\/schema.org\",\"@graph\":[{\"@type\":\"NewsArticle\",\"@id\":\"https:\\\/\\\/www.webdo.tn\\\/fr\\\/actualite\\\/culture\\\/cannes-2021-immersion-dans-un-monde-parfois-cruel-des-enfants\\\/199981\\\/#article\",\"isPartOf\":{\"@id\":\"https:\\\/\\\/www.webdo.tn\\\/fr\\\/actualite\\\/culture\\\/cannes-2021-immersion-dans-un-monde-parfois-cruel-des-enfants\\\/199981\\\/\"},\"author\":{\"name\":\"Ne\u00efla DRISS\",\"@id\":\"https:\\\/\\\/www.webdo.tn\\\/fr\\\/#\\\/schema\\\/person\\\/60d5ba619ed3f58783b0dc82b7dada80\"},\"headline\":\"Cannes 2021 &#8211; Immersion dans \u00ab\u00a0Un monde\u00a0\u00bb parfois cruel des enfants\",\"datePublished\":\"2021-07-21T18:34:00+00:00\",\"mainEntityOfPage\":{\"@id\":\"https:\\\/\\\/www.webdo.tn\\\/fr\\\/actualite\\\/culture\\\/cannes-2021-immersion-dans-un-monde-parfois-cruel-des-enfants\\\/199981\\\/\"},\"wordCount\":1409,\"commentCount\":0,\"publisher\":{\"@id\":\"https:\\\/\\\/www.webdo.tn\\\/fr\\\/#organization\"},\"image\":{\"@id\":\"https:\\\/\\\/www.webdo.tn\\\/fr\\\/actualite\\\/culture\\\/cannes-2021-immersion-dans-un-monde-parfois-cruel-des-enfants\\\/199981\\\/#primaryimage\"},\"thumbnailUrl\":\"https:\\\/\\\/www.webdo.tn\\\/fr\\\/wp-content\\\/uploads\\\/2025\\\/06\\\/Un-monde-Frere-et-soeur-1_199981.jpg\",\"keywords\":[\"cannes\",\"Cannes 2021\",\"Cin\u00e9ma\",\"Cin\u00e9ma Belge\",\"Critique de film\",\"Festival de Cannes\",\"Film\"],\"articleSection\":[\"Culture\"],\"inLanguage\":\"fr-FR\"},{\"@type\":\"WebPage\",\"@id\":\"https:\\\/\\\/www.webdo.tn\\\/fr\\\/actualite\\\/culture\\\/cannes-2021-immersion-dans-un-monde-parfois-cruel-des-enfants\\\/199981\\\/\",\"url\":\"https:\\\/\\\/www.webdo.tn\\\/fr\\\/actualite\\\/culture\\\/cannes-2021-immersion-dans-un-monde-parfois-cruel-des-enfants\\\/199981\\\/\",\"name\":\"Cannes 2021 - Immersion dans Un monde parfois cruel des enfants\",\"isPartOf\":{\"@id\":\"https:\\\/\\\/www.webdo.tn\\\/fr\\\/#website\"},\"primaryImageOfPage\":{\"@id\":\"https:\\\/\\\/www.webdo.tn\\\/fr\\\/actualite\\\/culture\\\/cannes-2021-immersion-dans-un-monde-parfois-cruel-des-enfants\\\/199981\\\/#primaryimage\"},\"image\":{\"@id\":\"https:\\\/\\\/www.webdo.tn\\\/fr\\\/actualite\\\/culture\\\/cannes-2021-immersion-dans-un-monde-parfois-cruel-des-enfants\\\/199981\\\/#primaryimage\"},\"thumbnailUrl\":\"https:\\\/\\\/www.webdo.tn\\\/fr\\\/wp-content\\\/uploads\\\/2025\\\/06\\\/Un-monde-Frere-et-soeur-1_199981.jpg\",\"datePublished\":\"2021-07-21T18:34:00+00:00\",\"description\":\"Cannes 2021 - Immersion dans Un monde parfois cruel des enfants\",\"breadcrumb\":{\"@id\":\"https:\\\/\\\/www.webdo.tn\\\/fr\\\/actualite\\\/culture\\\/cannes-2021-immersion-dans-un-monde-parfois-cruel-des-enfants\\\/199981\\\/#breadcrumb\"},\"inLanguage\":\"fr-FR\",\"potentialAction\":[{\"@type\":\"ReadAction\",\"target\":[\"https:\\\/\\\/www.webdo.tn\\\/fr\\\/actualite\\\/culture\\\/cannes-2021-immersion-dans-un-monde-parfois-cruel-des-enfants\\\/199981\\\/\"]}]},{\"@type\":\"ImageObject\",\"inLanguage\":\"fr-FR\",\"@id\":\"https:\\\/\\\/www.webdo.tn\\\/fr\\\/actualite\\\/culture\\\/cannes-2021-immersion-dans-un-monde-parfois-cruel-des-enfants\\\/199981\\\/#primaryimage\",\"url\":\"https:\\\/\\\/www.webdo.tn\\\/fr\\\/wp-content\\\/uploads\\\/2025\\\/06\\\/Un-monde-Frere-et-soeur-1_199981.jpg\",\"contentUrl\":\"https:\\\/\\\/www.webdo.tn\\\/fr\\\/wp-content\\\/uploads\\\/2025\\\/06\\\/Un-monde-Frere-et-soeur-1_199981.jpg\",\"width\":1536,\"height\":830,\"caption\":\"Cannes 2021 - Immersion dans \\\"Un monde\\\" parfois cruel des enfants\"},{\"@type\":\"BreadcrumbList\",\"@id\":\"https:\\\/\\\/www.webdo.tn\\\/fr\\\/actualite\\\/culture\\\/cannes-2021-immersion-dans-un-monde-parfois-cruel-des-enfants\\\/199981\\\/#breadcrumb\",\"itemListElement\":[{\"@type\":\"ListItem\",\"position\":1,\"name\":\"Accueil\",\"item\":\"https:\\\/\\\/www.webdo.tn\\\/fr\\\/\"},{\"@type\":\"ListItem\",\"position\":2,\"name\":\"Cannes 2021 &#8211; Immersion dans \u00ab\u00a0Un monde\u00a0\u00bb parfois cruel des enfants\"}]},{\"@type\":\"WebSite\",\"@id\":\"https:\\\/\\\/www.webdo.tn\\\/fr\\\/#website\",\"url\":\"https:\\\/\\\/www.webdo.tn\\\/fr\\\/\",\"name\":\"webdo\",\"description\":\"Tunisie - News en Tunisie et \u00e0 l&#039;international sur Webdo.tn\",\"publisher\":{\"@id\":\"https:\\\/\\\/www.webdo.tn\\\/fr\\\/#organization\"},\"potentialAction\":[{\"@type\":\"SearchAction\",\"target\":{\"@type\":\"EntryPoint\",\"urlTemplate\":\"https:\\\/\\\/www.webdo.tn\\\/fr\\\/?s={search_term_string}\"},\"query-input\":{\"@type\":\"PropertyValueSpecification\",\"valueRequired\":true,\"valueName\":\"search_term_string\"}}],\"inLanguage\":\"fr-FR\"},{\"@type\":\"Organization\",\"@id\":\"https:\\\/\\\/www.webdo.tn\\\/fr\\\/#organization\",\"name\":\"Webdo\",\"alternateName\":\"Webdo.tn\",\"url\":\"https:\\\/\\\/www.webdo.tn\\\/fr\\\/\",\"logo\":{\"@type\":\"ImageObject\",\"inLanguage\":\"fr-FR\",\"@id\":\"https:\\\/\\\/www.webdo.tn\\\/fr\\\/#\\\/schema\\\/logo\\\/image\\\/\",\"url\":\"https:\\\/\\\/www.webdo.tn\\\/fr\\\/wp-content\\\/uploads\\\/2025\\\/06\\\/Webdo-Tunisie_168377.jpg\",\"contentUrl\":\"https:\\\/\\\/www.webdo.tn\\\/fr\\\/wp-content\\\/uploads\\\/2025\\\/06\\\/Webdo-Tunisie_168377.jpg\",\"width\":301,\"height\":301,\"caption\":\"Webdo\"},\"image\":{\"@id\":\"https:\\\/\\\/www.webdo.tn\\\/fr\\\/#\\\/schema\\\/logo\\\/image\\\/\"},\"sameAs\":[\"https:\\\/\\\/www.facebook.com\\\/webdotn\",\"https:\\\/\\\/x.com\\\/webdo_tn\"],\"description\":\"Webdo est un m\u00e9dia num\u00e9rique tunisien fond\u00e9 en 2010, sp\u00e9cialis\u00e9 dans l\u2019actualit\u00e9 nationale et internationale, l\u2019\u00e9conomie, la soci\u00e9t\u00e9 et les analyses politiques. Le site s\u2019adresse \u00e0 un large public francophone et couvre l\u2019information tunisienne en temps r\u00e9el.\",\"email\":\"redac@webdo.tn\",\"legalName\":\"YNJ SARL\",\"foundingDate\":\"2010-09-06\",\"numberOfEmployees\":{\"@type\":\"QuantitativeValue\",\"minValue\":\"11\",\"maxValue\":\"50\"}},{\"@type\":\"Person\",\"@id\":\"https:\\\/\\\/www.webdo.tn\\\/fr\\\/#\\\/schema\\\/person\\\/60d5ba619ed3f58783b0dc82b7dada80\",\"name\":\"Ne\u00efla DRISS\",\"image\":{\"@type\":\"ImageObject\",\"inLanguage\":\"fr-FR\",\"@id\":\"https:\\\/\\\/www.webdo.tn\\\/fr\\\/wp-content\\\/uploads\\\/2026\\\/04\\\/neila-driss_avatar-96x96.jpg\",\"url\":\"https:\\\/\\\/www.webdo.tn\\\/fr\\\/wp-content\\\/uploads\\\/2026\\\/04\\\/neila-driss_avatar-96x96.jpg\",\"contentUrl\":\"https:\\\/\\\/www.webdo.tn\\\/fr\\\/wp-content\\\/uploads\\\/2026\\\/04\\\/neila-driss_avatar-96x96.jpg\",\"caption\":\"Ne\u00efla DRISS\"},\"description\":\"Ne\u00efla Driss est juriste, journaliste culturelle et critique de cin\u00e9ma tunisienne. Titulaire d\u2019un DEA en droit priv\u00e9 de l\u2019Universit\u00e9 Paris II et d\u2019un DESS de l\u2019IHEC Carthage, elle d\u00e9bute sa carri\u00e8re comme juriste sp\u00e9cialis\u00e9e en gestion de patrimoine immobilier. Elle s\u2019oriente ensuite vers l\u2019\u00e9criture en ligne, o\u00f9 elle se distingue d\u00e8s 2006 aux Tunisia Blog Awards, avant de se consacrer au journalisme culturel, avec une sp\u00e9cialisation dans la critique cin\u00e9matographique. Elle couvre r\u00e9guli\u00e8rement les grands festivals internationaux, notamment le Festival de Cannes, les Journ\u00e9es Cin\u00e9matographiques de Carthage et le Festival du film du Caire. Membre de l\u2019ATPCC et de la FIPRESCI, elle participe \u00e0 des jurys et initiatives internationales de critique. Depuis 2024, elle est \u00e9lectrice internationale aux Golden Globes. Facebook : https:\\\/\\\/www.facebook.com\\\/massir.destiniii\\\/ X : https:\\\/\\\/x.com\\\/MassirDestin\",\"sameAs\":[\"https:\\\/\\\/www.facebook.com\\\/massir.destiniii\\\/\",\"https:\\\/\\\/www.instagram.com\\\/neila.driss\\\/?hl=fr\",\"https:\\\/\\\/www.linkedin.com\\\/in\\\/neila-driss-22606a80\\\/\",\"https:\\\/\\\/x.com\\\/https:\\\/\\\/x.com\\\/MassirDestin\"],\"knowsAbout\":[\"Cin\u00e9ma international\",\"critique cin\u00e9matographique\",\"festivals de cin\u00e9ma\",\"journalisme culturel\"],\"knowsLanguage\":[\"Fran\u00e7ais\",\"Arabe\",\"Anglais\"],\"jobTitle\":\"Journaliste culturelle et critique de cin\u00e9ma\",\"worksFor\":\"Webdo\",\"url\":\"https:\\\/\\\/www.webdo.tn\\\/fr\\\/actualite\\\/author\\\/neila-driss\\\/\"}]}<\/script>\n<!-- \/ Yoast SEO Premium plugin. -->","yoast_head_json":{"title":"Cannes 2021 - Immersion dans Un monde parfois cruel des enfants","description":"Cannes 2021 - Immersion dans Un monde parfois cruel des enfants","canonical":"https:\/\/www.webdo.tn\/fr\/actualite\/culture\/cannes-2021-immersion-dans-un-monde-parfois-cruel-des-enfants\/199981\/","og_locale":"fr_FR","og_type":"article","og_title":"Cannes 2021 - Immersion dans \"Un monde\" parfois cruel des enfants","og_description":"Cannes 2021 - Immersion dans Un monde parfois cruel des enfants","og_url":"https:\/\/www.webdo.tn\/fr\/actualite\/culture\/cannes-2021-immersion-dans-un-monde-parfois-cruel-des-enfants\/199981\/","og_site_name":"webdo","article_publisher":"https:\/\/www.facebook.com\/webdotn","article_author":"https:\/\/www.facebook.com\/massir.destiniii\/","article_published_time":"2021-07-21T18:34:00+00:00","og_image":[{"width":1536,"height":830,"url":"https:\/\/www.webdo.tn\/fr\/wp-content\/uploads\/2025\/06\/Un-monde-Frere-et-soeur-1_199981.jpg","type":"image\/jpeg"}],"author":"Ne\u00efla DRISS","twitter_card":"summary_large_image","twitter_creator":"@https:\/\/x.com\/MassirDestin","twitter_site":"@webdo_tn","twitter_misc":{"\u00c9crit par":"Ne\u00efla DRISS","Dur\u00e9e de lecture estim\u00e9e":"7 minutes"},"schema":{"@context":"https:\/\/schema.org","@graph":[{"@type":"NewsArticle","@id":"https:\/\/www.webdo.tn\/fr\/actualite\/culture\/cannes-2021-immersion-dans-un-monde-parfois-cruel-des-enfants\/199981\/#article","isPartOf":{"@id":"https:\/\/www.webdo.tn\/fr\/actualite\/culture\/cannes-2021-immersion-dans-un-monde-parfois-cruel-des-enfants\/199981\/"},"author":{"name":"Ne\u00efla DRISS","@id":"https:\/\/www.webdo.tn\/fr\/#\/schema\/person\/60d5ba619ed3f58783b0dc82b7dada80"},"headline":"Cannes 2021 &#8211; Immersion dans \u00ab\u00a0Un monde\u00a0\u00bb parfois cruel des enfants","datePublished":"2021-07-21T18:34:00+00:00","mainEntityOfPage":{"@id":"https:\/\/www.webdo.tn\/fr\/actualite\/culture\/cannes-2021-immersion-dans-un-monde-parfois-cruel-des-enfants\/199981\/"},"wordCount":1409,"commentCount":0,"publisher":{"@id":"https:\/\/www.webdo.tn\/fr\/#organization"},"image":{"@id":"https:\/\/www.webdo.tn\/fr\/actualite\/culture\/cannes-2021-immersion-dans-un-monde-parfois-cruel-des-enfants\/199981\/#primaryimage"},"thumbnailUrl":"https:\/\/www.webdo.tn\/fr\/wp-content\/uploads\/2025\/06\/Un-monde-Frere-et-soeur-1_199981.jpg","keywords":["cannes","Cannes 2021","Cin\u00e9ma","Cin\u00e9ma Belge","Critique de film","Festival de Cannes","Film"],"articleSection":["Culture"],"inLanguage":"fr-FR"},{"@type":"WebPage","@id":"https:\/\/www.webdo.tn\/fr\/actualite\/culture\/cannes-2021-immersion-dans-un-monde-parfois-cruel-des-enfants\/199981\/","url":"https:\/\/www.webdo.tn\/fr\/actualite\/culture\/cannes-2021-immersion-dans-un-monde-parfois-cruel-des-enfants\/199981\/","name":"Cannes 2021 - Immersion dans Un monde parfois cruel des enfants","isPartOf":{"@id":"https:\/\/www.webdo.tn\/fr\/#website"},"primaryImageOfPage":{"@id":"https:\/\/www.webdo.tn\/fr\/actualite\/culture\/cannes-2021-immersion-dans-un-monde-parfois-cruel-des-enfants\/199981\/#primaryimage"},"image":{"@id":"https:\/\/www.webdo.tn\/fr\/actualite\/culture\/cannes-2021-immersion-dans-un-monde-parfois-cruel-des-enfants\/199981\/#primaryimage"},"thumbnailUrl":"https:\/\/www.webdo.tn\/fr\/wp-content\/uploads\/2025\/06\/Un-monde-Frere-et-soeur-1_199981.jpg","datePublished":"2021-07-21T18:34:00+00:00","description":"Cannes 2021 - Immersion dans Un monde parfois cruel des enfants","breadcrumb":{"@id":"https:\/\/www.webdo.tn\/fr\/actualite\/culture\/cannes-2021-immersion-dans-un-monde-parfois-cruel-des-enfants\/199981\/#breadcrumb"},"inLanguage":"fr-FR","potentialAction":[{"@type":"ReadAction","target":["https:\/\/www.webdo.tn\/fr\/actualite\/culture\/cannes-2021-immersion-dans-un-monde-parfois-cruel-des-enfants\/199981\/"]}]},{"@type":"ImageObject","inLanguage":"fr-FR","@id":"https:\/\/www.webdo.tn\/fr\/actualite\/culture\/cannes-2021-immersion-dans-un-monde-parfois-cruel-des-enfants\/199981\/#primaryimage","url":"https:\/\/www.webdo.tn\/fr\/wp-content\/uploads\/2025\/06\/Un-monde-Frere-et-soeur-1_199981.jpg","contentUrl":"https:\/\/www.webdo.tn\/fr\/wp-content\/uploads\/2025\/06\/Un-monde-Frere-et-soeur-1_199981.jpg","width":1536,"height":830,"caption":"Cannes 2021 - Immersion dans \"Un monde\" parfois cruel des enfants"},{"@type":"BreadcrumbList","@id":"https:\/\/www.webdo.tn\/fr\/actualite\/culture\/cannes-2021-immersion-dans-un-monde-parfois-cruel-des-enfants\/199981\/#breadcrumb","itemListElement":[{"@type":"ListItem","position":1,"name":"Accueil","item":"https:\/\/www.webdo.tn\/fr\/"},{"@type":"ListItem","position":2,"name":"Cannes 2021 &#8211; Immersion dans \u00ab\u00a0Un monde\u00a0\u00bb parfois cruel des enfants"}]},{"@type":"WebSite","@id":"https:\/\/www.webdo.tn\/fr\/#website","url":"https:\/\/www.webdo.tn\/fr\/","name":"webdo","description":"Tunisie - News en Tunisie et \u00e0 l&#039;international sur Webdo.tn","publisher":{"@id":"https:\/\/www.webdo.tn\/fr\/#organization"},"potentialAction":[{"@type":"SearchAction","target":{"@type":"EntryPoint","urlTemplate":"https:\/\/www.webdo.tn\/fr\/?s={search_term_string}"},"query-input":{"@type":"PropertyValueSpecification","valueRequired":true,"valueName":"search_term_string"}}],"inLanguage":"fr-FR"},{"@type":"Organization","@id":"https:\/\/www.webdo.tn\/fr\/#organization","name":"Webdo","alternateName":"Webdo.tn","url":"https:\/\/www.webdo.tn\/fr\/","logo":{"@type":"ImageObject","inLanguage":"fr-FR","@id":"https:\/\/www.webdo.tn\/fr\/#\/schema\/logo\/image\/","url":"https:\/\/www.webdo.tn\/fr\/wp-content\/uploads\/2025\/06\/Webdo-Tunisie_168377.jpg","contentUrl":"https:\/\/www.webdo.tn\/fr\/wp-content\/uploads\/2025\/06\/Webdo-Tunisie_168377.jpg","width":301,"height":301,"caption":"Webdo"},"image":{"@id":"https:\/\/www.webdo.tn\/fr\/#\/schema\/logo\/image\/"},"sameAs":["https:\/\/www.facebook.com\/webdotn","https:\/\/x.com\/webdo_tn"],"description":"Webdo est un m\u00e9dia num\u00e9rique tunisien fond\u00e9 en 2010, sp\u00e9cialis\u00e9 dans l\u2019actualit\u00e9 nationale et internationale, l\u2019\u00e9conomie, la soci\u00e9t\u00e9 et les analyses politiques. Le site s\u2019adresse \u00e0 un large public francophone et couvre l\u2019information tunisienne en temps r\u00e9el.","email":"redac@webdo.tn","legalName":"YNJ SARL","foundingDate":"2010-09-06","numberOfEmployees":{"@type":"QuantitativeValue","minValue":"11","maxValue":"50"}},{"@type":"Person","@id":"https:\/\/www.webdo.tn\/fr\/#\/schema\/person\/60d5ba619ed3f58783b0dc82b7dada80","name":"Ne\u00efla DRISS","image":{"@type":"ImageObject","inLanguage":"fr-FR","@id":"https:\/\/www.webdo.tn\/fr\/wp-content\/uploads\/2026\/04\/neila-driss_avatar-96x96.jpg","url":"https:\/\/www.webdo.tn\/fr\/wp-content\/uploads\/2026\/04\/neila-driss_avatar-96x96.jpg","contentUrl":"https:\/\/www.webdo.tn\/fr\/wp-content\/uploads\/2026\/04\/neila-driss_avatar-96x96.jpg","caption":"Ne\u00efla DRISS"},"description":"Ne\u00efla Driss est juriste, journaliste culturelle et critique de cin\u00e9ma tunisienne. Titulaire d\u2019un DEA en droit priv\u00e9 de l\u2019Universit\u00e9 Paris II et d\u2019un DESS de l\u2019IHEC Carthage, elle d\u00e9bute sa carri\u00e8re comme juriste sp\u00e9cialis\u00e9e en gestion de patrimoine immobilier. Elle s\u2019oriente ensuite vers l\u2019\u00e9criture en ligne, o\u00f9 elle se distingue d\u00e8s 2006 aux Tunisia Blog Awards, avant de se consacrer au journalisme culturel, avec une sp\u00e9cialisation dans la critique cin\u00e9matographique. Elle couvre r\u00e9guli\u00e8rement les grands festivals internationaux, notamment le Festival de Cannes, les Journ\u00e9es Cin\u00e9matographiques de Carthage et le Festival du film du Caire. Membre de l\u2019ATPCC et de la FIPRESCI, elle participe \u00e0 des jurys et initiatives internationales de critique. Depuis 2024, elle est \u00e9lectrice internationale aux Golden Globes. Facebook : https:\/\/www.facebook.com\/massir.destiniii\/ X : https:\/\/x.com\/MassirDestin","sameAs":["https:\/\/www.facebook.com\/massir.destiniii\/","https:\/\/www.instagram.com\/neila.driss\/?hl=fr","https:\/\/www.linkedin.com\/in\/neila-driss-22606a80\/","https:\/\/x.com\/https:\/\/x.com\/MassirDestin"],"knowsAbout":["Cin\u00e9ma international","critique cin\u00e9matographique","festivals de cin\u00e9ma","journalisme culturel"],"knowsLanguage":["Fran\u00e7ais","Arabe","Anglais"],"jobTitle":"Journaliste culturelle et critique de cin\u00e9ma","worksFor":"Webdo","url":"https:\/\/www.webdo.tn\/fr\/actualite\/author\/neila-driss\/"}]}},"_links":{"self":[{"href":"https:\/\/www.webdo.tn\/fr\/wp-json\/wp\/v2\/posts\/199981","targetHints":{"allow":["GET"]}}],"collection":[{"href":"https:\/\/www.webdo.tn\/fr\/wp-json\/wp\/v2\/posts"}],"about":[{"href":"https:\/\/www.webdo.tn\/fr\/wp-json\/wp\/v2\/types\/post"}],"author":[{"embeddable":true,"href":"https:\/\/www.webdo.tn\/fr\/wp-json\/wp\/v2\/users\/3164"}],"replies":[{"embeddable":true,"href":"https:\/\/www.webdo.tn\/fr\/wp-json\/wp\/v2\/comments?post=199981"}],"version-history":[{"count":0,"href":"https:\/\/www.webdo.tn\/fr\/wp-json\/wp\/v2\/posts\/199981\/revisions"}],"wp:featuredmedia":[{"embeddable":true,"href":"https:\/\/www.webdo.tn\/fr\/wp-json\/wp\/v2\/media\/368107"}],"wp:attachment":[{"href":"https:\/\/www.webdo.tn\/fr\/wp-json\/wp\/v2\/media?parent=199981"}],"wp:term":[{"taxonomy":"category","embeddable":true,"href":"https:\/\/www.webdo.tn\/fr\/wp-json\/wp\/v2\/categories?post=199981"},{"taxonomy":"post_tag","embeddable":true,"href":"https:\/\/www.webdo.tn\/fr\/wp-json\/wp\/v2\/tags?post=199981"}],"curies":[{"name":"wp","href":"https:\/\/api.w.org\/{rel}","templated":true}]}}