{"id":199980,"date":"2021-07-19T09:58:00","date_gmt":"2021-07-19T09:58:00","guid":{"rendered":"https:\/\/www.webdo.tn\/fr\/blog\/cannes-2021-feathers-plumes-une-comedie-absurde-mais-universelle\/199980\/"},"modified":"2025-05-17T17:29:12","modified_gmt":"2025-05-17T17:29:12","slug":"cannes-2021-feathers-plumes-une-comedie-absurde-mais-universelle","status":"publish","type":"post","link":"https:\/\/www.webdo.tn\/fr\/actualite\/culture\/cannes-2021-feathers-plumes-une-comedie-absurde-mais-universelle\/199980\/","title":{"rendered":"Cannes 2021 &#8211; Feathers (Plumes), une com\u00e9die absurde, mais universelle"},"content":{"rendered":"<div class=\"single-body entry-content typography-copy\" itemprop=\"articleBody\">\n<p style=\"font-weight: bold; text-align: justify\">\n<div class=\"coprs\" style=\"text-align: center\"><\/div>\n<div class=\"coprs\" style=\"text-align: justify\">\n<p>Festival de Cannes &#8211; Apr\u00e8s le Grand Prix Nespresso, le film \u00e9gyptien <em>Feathers (Plumes)<\/em> r\u00e9alis\u00e9 par Omar El Zohairy, en comp\u00e9tition \u00e0 la Semaine de la Critique, a remport\u00e9 \u00e9galement le prix FIPRESCI de la Critique Internationale, section parall\u00e8le. Les jur\u00e9s ont d\u00e9clar\u00e9 que le film a \u00e9t\u00e9 r\u00e9compens\u00e9 \u00ab <em>Pour son m\u00e9lange singulier de com\u00e9die et de trag\u00e9die, son atmosph\u00e8re grotesque et sa repr\u00e9sentation surr\u00e9aliste de la pauvret\u00e9 <\/em>\u00bb.<\/p>\n<p>Lors de la premi\u00e8re, qui a eu lieu \u00e0 l\u2019espace Miramar, en plus des membres de l&rsquo;\u00e9quipe du film, \u00e9taient pr\u00e9sents le producteur \u00e9gyptien et pr\u00e9sident du festival international du film du Caire <a href=\"https:\/\/www.webdo.tn\/2019\/12\/23\/mohamed-hefzy-dans-la-liste-variety-500\/#.YPTJPugzY2w\">Mohamed Hefzy<\/a>, le producteur fran\u00e7ais <a href=\"https:\/\/www.webdo.tn\/2018\/12\/17\/daniel-ziskind-le-mec-qui-promeut-le-cinema-arabe\/#.YPTI6egzY2w\">Daniel Zinskind<\/a>, la productrice marocaine Lamia Chra\u00efbi, le r\u00e9alisateur \u00e9gyptien Sherif El Bendary et les critiques Tarek Elshinnawi et Ahmed Shawky. Ils \u00e9taient venus nombreux pour d\u00e9couvrir et encourager ce film \u00e9gyptien et son jeune r\u00e9alisateur.<\/p>\n<p>\u00a0<\/p>\n<p><img decoding=\"async\" alt=\"Feathers\" height=\"975\" src=\"http:\/\/www.webdo.tn\/wp-content\/uploads\/2021\/07\/Feathers-Plumes-731x1024.jpeg\" width=\"696\"><br \/>\nL&rsquo;affiche du film Feathers (Plumes)<\/p>\n<p>\u00a0<\/p>\n<p>Charles Tesson, d\u00e9l\u00e9gu\u00e9 g\u00e9n\u00e9ral de la Semaine de la Critique, a pr\u00e9sent\u00e9 le film en en faisant l&rsquo;\u00e9loge et m\u00eame en pr\u00e9cisant que c&rsquo;\u00e9tait le dernier film en comp\u00e9tition et que le meilleur \u00e9tait pour la fin : <em>\u00ab Feathers (Plumes) a r\u00e9ussi le pari de rendre l&rsquo;absurde possible. R\u00e9cit fabuleux d&rsquo;un point de vue d&rsquo;une femme qui est oblig\u00e9e de prendre soin de sa famille et d&rsquo;\u00e9lever un poulet qui est cens\u00e9 \u00eatre son mari. Le film rend l&rsquo;impossible \u00e9vident et atteint le sommet de l&rsquo;invraisemblance pour \u00e9tudier ce qu&rsquo;il se passe dans notre r\u00e9alit\u00e9. Ce film magnifiquement bien r\u00e9alis\u00e9, exceptionnel et nouveau, se sert de l&rsquo;absurde pour mettre en sc\u00e8ne la vie sur terre\u00bb.<\/em><\/p>\n<p><em>Feathers (Plumes)<\/em> montre une famille compos\u00e9e d&rsquo;un p\u00e8re vrai chef de famille, autoritaire, mais aimant et affectueux avec ses enfants, d&rsquo;une m\u00e8re compl\u00e8tement effac\u00e9e, deux petits gar\u00e7ons et un petit b\u00e9b\u00e9. Leur vie est routini\u00e8re. Chaque jour, le papa donne \u00e0 la m\u00e8re de l&rsquo;argent et ses instructions pour les courses et le menu. Quant \u00e0 elle, ses journ\u00e9es se passent entre m\u00e9nage, cuisine, biberon&#8230;<\/p>\n<p>Un jour, pour casser cette routine et faire plaisir \u00e0 l&rsquo;un des petits gar\u00e7ons, une f\u00eate d&rsquo;anniversaire est organis\u00e9e. Tout se passe tr\u00e8s bien jusqu&rsquo;au moment o\u00f9 le magicien demande au papa d&rsquo;entrer dans une grosse caisse. On ferme, et lorsqu&rsquo;on ouvre, un poulet blanc avait pris la place du papa. Tous les invit\u00e9s rient et adorent ce tour de prestidigitation. On referme la boite, logiquement, le papa devrait \u00eatre de retour, mais c&rsquo;est toujours le poulet blanc qui est l\u00e0, le papa ayant disparu. Compl\u00e8tement. Le poulet en est-il la r\u00e9incarnation ?<\/p>\n<p>La m\u00e8re qui \u00e9tait presque invisible, dont on ne connaissait pratiquement pas la voix, va devenir du jour au lendemain cheffe de famille. Elle devra payer son loyer, faire manger ses enfants, travailler&#8230;. et bien s\u00fbr prendre soin du poulet.<\/p>\n<p>Cette femme menac\u00e9e se d\u00e9bat contre tout et tous, y compris ceux qui veulent son corps. Elle est presque expuls\u00e9e de son appartement pour retard de paiement du loyer. On lui saisie ses mis\u00e9rables meubles pour l\u2019obliger \u00e0 payer ses dettes. A l\u2019usine dans laquelle travaillait le mari, on refuse de lui payer la pension qui lui ait due, puisqu\u2019il n\u2019y a aucune preuve du d\u00e9c\u00e8s de ce conjoint. On lui refuse \u00e9galement de travailler \u00e0 sa place, puisque cette usine n\u2019emploie pas de femmes&#8230;<\/p>\n<p>Mais elle survit, simplement parce qu&rsquo;elle est une femme et qu\u2019elle continue de lutter.<\/p>\n<p>Un jour, on trouve le mari, qui non seulement a perdu la m\u00e9moire, mais est en plus malade, sans forces, et c\u2019est encore \u00e0 elle de le soigner et de s\u2019occuper de lui.<\/p>\n<p>\u00a0<\/p>\n<p><img decoding=\"async\" alt=\"Feathers Plumes\" height=\"371\" src=\"http:\/\/www.webdo.tn\/wp-content\/uploads\/2021\/07\/Feathers-Plumes-mere-1024x546.png\" width=\"696\"><br \/>\nDemyana Nassar dans le r\u00f4le de la m\u00e8re<\/p>\n<p>\u00a0<\/p>\n<p><em>Feathers (Plumes)<\/em> est un film tr\u00e8s particulier, avec un style de narration en sons et en images tr\u00e8s particulier, qui se passe \u00e9galement dans des lieux et d\u00e9cors tr\u00e8s particuliers, mais dont l&rsquo;histoire est universelle. D\u2019ailleurs l&rsquo;endroit poussi\u00e9reux et d\u00e9labr\u00e9 o\u00f9 se d\u00e9roule l&rsquo;action et les personnages restent anonymes afin de souligner le fait qu&rsquo;il s&rsquo;agit d&rsquo;une histoire qui pourrait se produire n&rsquo;importe quand, n&rsquo;importe o\u00f9 et nulle part.<\/p>\n<p>Le r\u00e9alisateur a choisi de placer son histoire dans un univers d&rsquo;une noirceur terrible. Tout est crasseux, pollu\u00e9&#8230; La maison est tr\u00e8s sale, tous les endroits o\u00f9 va la femme sont sales, le mari travaillait dans une sorte d&rsquo;entreprise ind\u00e9finie, qui ressemble \u00e0 une mine noire, pollu\u00e9e et polluante.<\/p>\n<p>Dans <em>Plumes<\/em>, on voit ces pauvres remplis d&rsquo;un esprit de d\u00e9fi et d&rsquo;un d\u00e9sir de vivre. Le r\u00e9alisateur a su les filmer, et a su maintenir la spontan\u00e9it\u00e9 de ses acteurs pourtant tous non professionnels, y compris les enfants qu\u2019il a su diriger. Il a \u00e9galement r\u00e9ussi \u00e0 rendre le spectateur solidaire avec cette famille, m\u00eame quand la m\u00e8re vole pour nourrir ses enfants.<\/p>\n<p><em>\u00ab Plumes a d\u00e9marr\u00e9 d&rsquo;une id\u00e9e tr\u00e8s simple que j&rsquo;ai eue il y a six ans. C&rsquo;est l&rsquo;histoire d&rsquo;un homme qui se transforme en poulet et il y a des preuves s\u00e9rieuses pour le confirmer. Ce n&rsquo;est ni une blague ni une conspiration. A travers cette parabole je voulais capturer une partie de la vie difficile des chefs de famille \u00e9gyptiens ordinaires.<\/em><\/p>\n<p><em>Devant faire face \u00e0 cette situation absurde, les membres de cette famille r\u00e9agissent sans vraiment r\u00e9fl\u00e9chir. Mais ils sont en fait bloqu\u00e9s. Parce qu&rsquo;ils sont des anti-h\u00e9ros, personne ne se soucie d&rsquo;eux ou de leurs probl\u00e8mes. Je me sens tr\u00e8s proche d\u2019eux et donc, \u00e0 partir du moment o\u00f9 l&rsquo;id\u00e9e de faire le film m&rsquo;est venue, je suis devenu compl\u00e8tement obs\u00e9d\u00e9.<\/em><\/p>\n<p><em>J&rsquo;ai \u00e9t\u00e9 inspir\u00e9 par beaucoup de choses et j&rsquo;ai un lien profond avec la culture \u00e9gyptienne en particulier avec son h\u00e9ritage cin\u00e9matographique et musical\u00a0\u00bb<\/em> a d\u00e9clar\u00e9 le jeune r\u00e9alisateur.<\/p>\n<p>Malgr\u00e9 la gravit\u00e9 de la trag\u00e9die, et \u00e0 l\u2019oppos\u00e9 de la noirceur des images, la bande son est joyeuse et optimiste, gr\u00e2ce \u00e0 des chansons connues et \u00e0 la musique de grands compositeurs tels Mohamed Sultan, Baligh Hamdi, Mohamed El Moguy et Hani Shenouda.<\/p>\n<p>Bien que le film ait plu aux critiques et aux professionnels du cin\u00e9ma, comment sera-t-il accueilli par le public \u00e9gyptien, qui reste quand m\u00eame tr\u00e8s attach\u00e9 au cin\u00e9ma traditionnel et commercial\u00a0?<\/p>\n<p>\u00a0<\/p>\n<p><img decoding=\"async\" alt=\"Feathers Plumes\" height=\"464\" src=\"http:\/\/www.webdo.tn\/wp-content\/uploads\/2021\/07\/Feathers-Charles-Tesson-et-Omar-El-Zohairy-1024x683.jpg\" width=\"696\"><br \/>\nCharles Tesson &amp; Omar El Zohairy<\/p>\n<p>\u00a0<\/p>\n<p>Omar El Zohairy a \u00e9tudi\u00e9 la mise en sc\u00e8ne \u00e0 l&rsquo;Institut Sup\u00e9rieur du cin\u00e9ma du Caire, et a travaill\u00e9 comme assistant avec plusieurs grands r\u00e9alisateurs \u00e9gyptiens, tel que Yousry Nasrallah.<\/p>\n<p>Son deuxi\u00e8me court m\u00e9trage <em>The Aftermath of Inauguration of the public Toilet at kilom\u00e8tre 375<\/em> a \u00e9t\u00e9 le premier film \u00e9gyptien \u00e0 \u00eatre s\u00e9lectionn\u00e9 \u00e0 la comp\u00e9tition Cin\u00e9fondation lors de l&rsquo;\u00e9dition 2014 du festival de Cannes et a par la suite remport\u00e9 plusieurs prix dans divers festivals.<\/p>\n<p><strong>Ne\u00efla Driss<\/strong><\/p>\n<p><em>Lire sur le m\u00eame sujet:<\/em><\/p>\n<ul>\n<li><a href=\"https:\/\/www.webdo.tn\/2021\/01\/10\/festival-de-cannes-la-74eme-edition-pourrait-etre-reportee-a-lete-2021\/#.YN7az-gzY2w\">Festival de Cannes \u2013 La 74\u00e8me \u00e9dition pourrait \u00eatre report\u00e9e \u00e0 l\u2019\u00e9t\u00e9 2021<\/a><\/li>\n<li><a href=\"https:\/\/www.webdo.tn\/2021\/01\/27\/cest-officiel-la-74eme-edition-du-festival-de-cannes-aura-lieu-en-juillet-2021\/#.YN7eDUw682w\">C\u2019est officiel, la 74\u00e8me \u00e9dition du Festival de Cannes aura lieu en juillet 2021<\/a><\/li>\n<li><a href=\"https:\/\/www.webdo.tn\/2021\/06\/17\/cannes-2021-laffiche-de-la-74eme-edition-devoilee\/#.YN7cZ-gzY2w\">Cannes 2021 \u2013 L\u2019affiche de la 74\u00e8me \u00e9dition d\u00e9voil\u00e9e.<\/a><\/li>\n<li><a href=\"https:\/\/www.webdo.tn\/2021\/06\/18\/cannes-2021-kaouther-ben-hania-membre-du-jury-courts-metrages\/\" rel=\"bookmark\" title=\"Cannes 2021 \u2013 Kaouther Ben Hania, membre du Jury Courts M\u00e9trages\">Cannes 2021 \u2013 Kaouther Ben Hania, membre du Jury Courts M\u00e9trages<\/a><\/li>\n<li><a href=\"https:\/\/www.webdo.tn\/2021\/07\/02\/cannes-2021-des-regles-sanitaires-strictes-pour-assurer-le-bon-deroulement-du-festival\/#.YOCDtugzY2w\">Cannes 2021 \u2013 Des r\u00e8gles sanitaires strictes pour assurer le bon d\u00e9roulement du festival<\/a><\/li>\n<li><a href=\"https:\/\/www.webdo.tn\/2021\/07\/05\/les-rendez-vous-du-cinema-arabe-au-festival-de-cannes-2021\/#.YOpRUugzY2w\">Les rendez-vous du cin\u00e9ma arabe au Festival de Cannes 2021<\/a><\/li>\n<li><a href=\"https:\/\/www.webdo.tn\/2021\/07\/07\/cannes-2021-une-ceremonie-qui-annonce-le-retour-a-la-vie-grace-a-la-magie-du-cinema\/\">Cannes 2021 \u2013 Une c\u00e9r\u00e9monie qui annonce le retour \u00e0 la vie gr\u00e2ce \u00e0 la magie du cin\u00e9ma<\/a><\/li>\n<li><a href=\"https:\/\/www.webdo.tn\/2021\/07\/12\/cannes-2021-deux-films-deux-manieres-de-denoncer-les-abus-sexuels\/#.YOzI5-gzY2w\">Cannes 2021 \u2013 Deux films, deux mani\u00e8res de d\u00e9noncer les abus sexuels<\/a><\/li>\n<li><a href=\"https:\/\/www.webdo.tn\/2021\/07\/13\/cannes-2021-prix-des-critiques-arabes-meilleur-scenario-pour-lhomme-qui-a-vendu-sa-peau\/#.YO8jDugzY2w\">Cannes 2021 \u2013 Prix des critiques arabes: Meilleur sc\u00e9nario pour \u00ab\u00a0L\u2019homme qui a vendu sa peau\u00a0\u00bb<\/a><\/li>\n<li><a href=\"https:\/\/www.webdo.tn\/2021\/07\/14\/cannes-2021-une-histoire-damour-et-de-desir-de-leyla-bouzid-en-cloture-de-la-semaine-de-la-critique\/#.YO8u7egzY2w\">Cannes 2021 \u2013 \u00ab Une histoire d\u2019amour et de d\u00e9sir \u00bb de Leyla Bouzid en cl\u00f4ture de La Semaine de la Critique<\/a><\/li>\n<li><a href=\"https:\/\/www.webdo.tn\/2021\/07\/14\/cannes-2021-le-film-egyptien-feathers-plumes-remporte-le-grand-prix-nespresso%E2%80%A8-a-la-semaine-de-la-critique\/#.YPGGQi2vihA\">Cannes 2021 \u2013 Le film \u00e9gyptien \u00ab\u00a0Feathers\u00a0\u00bb remporte le Grand prix Nespresso\u2028 \u00e0 la Semaine de la Critique<\/a><\/li>\n<li><a href=\"https:\/\/www.webdo.tn\/2021\/07\/16\/cannes-2021-longue-ovation-pour-le-marocain-nabil-ayouch\/?\">Cannes 2021 \u2013 Longue ovation pour le marocain Nabil Ayouch<\/a><\/li>\n<li><a href=\"https:\/\/www.webdo.tn\/2021\/07\/16\/cannes-2021-the-story-of-my-wife-dildiko-enyedi\/\">Cannes 2021 \u2013 \u00ab\u00a0The story of my wife\u00a0\u00bb d\u2019Ildiko Enyedi<\/a><\/li>\n<li><a href=\"https:\/\/www.webdo.tn\/2021\/07\/17\/cannes-2021-palmares-dun-certain-regard\/#.YPKl6ugzY2w\">Cannes 2021 \u2013 Palmar\u00e8s d\u2019Un Certain Regard<\/a><\/li>\n<li><a href=\"https:\/\/www.webdo.tn\/2021\/07\/17\/cannes-2021-mon-palmares-ideal\/#.YPRySugzY2w\">Cannes 2021 \u2013 Mon Palmar\u00e8s id\u00e9al<\/a><\/li>\n<li><a href=\"https:\/\/www.webdo.tn\/2021\/07\/18\/cannes-2021-cloture-dune-edition-historique\/#.YPTIAugzY2w\">Cannes 2021 \u2013 Cl\u00f4ture d\u2019une \u00e9dition historique.<\/a><\/li>\n<\/ul><\/div>\n<div class=\"coprs\" style=\"text-align: center\"><\/div><\/div>\n","protected":false},"excerpt":{"rendered":"<p>Cannes 2021 &#8211; Feathers (Plumes), une com\u00e9die absurde, mais universelle<\/p>\n","protected":false},"author":3164,"featured_media":279549,"comment_status":"open","ping_status":"closed","sticky":false,"template":"","format":"standard","meta":{"footnotes":""},"categories":[2594],"tags":[3460,9083,2626,3256,8670,2627,2655],"class_list":["post-199980","post","type-post","status-publish","format-standard","has-post-thumbnail","hentry","category-culture","tag-cannes","tag-cannes-2021","tag-cinema","tag-cinema-egyptien","tag-critique-de-film","tag-festival-de-cannes","tag-film"],"yoast_head":"<!-- This site is optimized with the Yoast SEO Premium plugin v27.5 (Yoast SEO v27.5) - https:\/\/yoast.com\/product\/yoast-seo-premium-wordpress\/ -->\n<title>Cannes 2021 - Feathers (Plumes), une com\u00e9die absurde, mais universelle<\/title>\n<meta name=\"description\" content=\"Cannes 2021 - Feathers (Plumes), une com\u00e9die absurde, mais universelle\" \/>\n<link rel=\"canonical\" href=\"https:\/\/www.webdo.tn\/fr\/actualite\/culture\/cannes-2021-feathers-plumes-une-comedie-absurde-mais-universelle\/199980\/\" \/>\n<meta property=\"og:locale\" content=\"fr_FR\" \/>\n<meta property=\"og:type\" content=\"article\" \/>\n<meta property=\"og:title\" content=\"Cannes 2021 - Feathers (Plumes), une com\u00e9die absurde, mais universelle\" \/>\n<meta property=\"og:description\" content=\"Cannes 2021 - Feathers (Plumes), une com\u00e9die absurde, mais universelle\" \/>\n<meta property=\"og:url\" content=\"https:\/\/www.webdo.tn\/fr\/actualite\/culture\/cannes-2021-feathers-plumes-une-comedie-absurde-mais-universelle\/199980\/\" \/>\n<meta property=\"og:site_name\" content=\"webdo\" \/>\n<meta property=\"article:publisher\" content=\"https:\/\/www.facebook.com\/webdotn\" \/>\n<meta property=\"article:author\" content=\"https:\/\/www.facebook.com\/massir.destiniii\/\" \/>\n<meta property=\"article:published_time\" content=\"2021-07-19T09:58:00+00:00\" \/>\n<meta property=\"article:modified_time\" content=\"2025-05-17T17:29:12+00:00\" \/>\n<meta property=\"og:image\" content=\"https:\/\/www.webdo.tn\/fr\/wp-content\/uploads\/2021\/07\/Feathers-Grand-Prix-1024x683-1.jpg\" \/>\n\t<meta property=\"og:image:width\" content=\"1024\" \/>\n\t<meta property=\"og:image:height\" content=\"683\" \/>\n\t<meta property=\"og:image:type\" content=\"image\/jpeg\" \/>\n<meta name=\"author\" content=\"Ne\u00efla DRISS\" \/>\n<meta name=\"twitter:card\" content=\"summary_large_image\" \/>\n<meta name=\"twitter:creator\" content=\"@https:\/\/x.com\/MassirDestin\" \/>\n<meta name=\"twitter:site\" content=\"@webdo_tn\" \/>\n<meta name=\"twitter:label1\" content=\"\u00c9crit par\" \/>\n\t<meta name=\"twitter:data1\" content=\"Ne\u00efla DRISS\" \/>\n\t<meta name=\"twitter:label2\" content=\"Dur\u00e9e de lecture estim\u00e9e\" \/>\n\t<meta name=\"twitter:data2\" content=\"7 minutes\" \/>\n<script type=\"application\/ld+json\" class=\"yoast-schema-graph\">{\"@context\":\"https:\\\/\\\/schema.org\",\"@graph\":[{\"@type\":\"NewsArticle\",\"@id\":\"https:\\\/\\\/www.webdo.tn\\\/fr\\\/actualite\\\/culture\\\/cannes-2021-feathers-plumes-une-comedie-absurde-mais-universelle\\\/199980\\\/#article\",\"isPartOf\":{\"@id\":\"https:\\\/\\\/www.webdo.tn\\\/fr\\\/actualite\\\/culture\\\/cannes-2021-feathers-plumes-une-comedie-absurde-mais-universelle\\\/199980\\\/\"},\"author\":{\"name\":\"Ne\u00efla DRISS\",\"@id\":\"https:\\\/\\\/www.webdo.tn\\\/fr\\\/#\\\/schema\\\/person\\\/60d5ba619ed3f58783b0dc82b7dada80\"},\"headline\":\"Cannes 2021 &#8211; Feathers (Plumes), une com\u00e9die absurde, mais universelle\",\"datePublished\":\"2021-07-19T09:58:00+00:00\",\"dateModified\":\"2025-05-17T17:29:12+00:00\",\"mainEntityOfPage\":{\"@id\":\"https:\\\/\\\/www.webdo.tn\\\/fr\\\/actualite\\\/culture\\\/cannes-2021-feathers-plumes-une-comedie-absurde-mais-universelle\\\/199980\\\/\"},\"wordCount\":1454,\"commentCount\":0,\"publisher\":{\"@id\":\"https:\\\/\\\/www.webdo.tn\\\/fr\\\/#organization\"},\"image\":{\"@id\":\"https:\\\/\\\/www.webdo.tn\\\/fr\\\/actualite\\\/culture\\\/cannes-2021-feathers-plumes-une-comedie-absurde-mais-universelle\\\/199980\\\/#primaryimage\"},\"thumbnailUrl\":\"https:\\\/\\\/www.webdo.tn\\\/fr\\\/wp-content\\\/uploads\\\/2021\\\/07\\\/Feathers-Grand-Prix-1024x683-1.jpg\",\"keywords\":[\"cannes\",\"Cannes 2021\",\"Cin\u00e9ma\",\"Cin\u00e9ma \u00e9gyptien\",\"Critique de film\",\"Festival de Cannes\",\"Film\"],\"articleSection\":[\"Culture\"],\"inLanguage\":\"fr-FR\"},{\"@type\":\"WebPage\",\"@id\":\"https:\\\/\\\/www.webdo.tn\\\/fr\\\/actualite\\\/culture\\\/cannes-2021-feathers-plumes-une-comedie-absurde-mais-universelle\\\/199980\\\/\",\"url\":\"https:\\\/\\\/www.webdo.tn\\\/fr\\\/actualite\\\/culture\\\/cannes-2021-feathers-plumes-une-comedie-absurde-mais-universelle\\\/199980\\\/\",\"name\":\"Cannes 2021 - Feathers (Plumes), une com\u00e9die absurde, mais universelle\",\"isPartOf\":{\"@id\":\"https:\\\/\\\/www.webdo.tn\\\/fr\\\/#website\"},\"primaryImageOfPage\":{\"@id\":\"https:\\\/\\\/www.webdo.tn\\\/fr\\\/actualite\\\/culture\\\/cannes-2021-feathers-plumes-une-comedie-absurde-mais-universelle\\\/199980\\\/#primaryimage\"},\"image\":{\"@id\":\"https:\\\/\\\/www.webdo.tn\\\/fr\\\/actualite\\\/culture\\\/cannes-2021-feathers-plumes-une-comedie-absurde-mais-universelle\\\/199980\\\/#primaryimage\"},\"thumbnailUrl\":\"https:\\\/\\\/www.webdo.tn\\\/fr\\\/wp-content\\\/uploads\\\/2021\\\/07\\\/Feathers-Grand-Prix-1024x683-1.jpg\",\"datePublished\":\"2021-07-19T09:58:00+00:00\",\"dateModified\":\"2025-05-17T17:29:12+00:00\",\"description\":\"Cannes 2021 - Feathers (Plumes), une com\u00e9die absurde, mais universelle\",\"breadcrumb\":{\"@id\":\"https:\\\/\\\/www.webdo.tn\\\/fr\\\/actualite\\\/culture\\\/cannes-2021-feathers-plumes-une-comedie-absurde-mais-universelle\\\/199980\\\/#breadcrumb\"},\"inLanguage\":\"fr-FR\",\"potentialAction\":[{\"@type\":\"ReadAction\",\"target\":[\"https:\\\/\\\/www.webdo.tn\\\/fr\\\/actualite\\\/culture\\\/cannes-2021-feathers-plumes-une-comedie-absurde-mais-universelle\\\/199980\\\/\"]}]},{\"@type\":\"ImageObject\",\"inLanguage\":\"fr-FR\",\"@id\":\"https:\\\/\\\/www.webdo.tn\\\/fr\\\/actualite\\\/culture\\\/cannes-2021-feathers-plumes-une-comedie-absurde-mais-universelle\\\/199980\\\/#primaryimage\",\"url\":\"https:\\\/\\\/www.webdo.tn\\\/fr\\\/wp-content\\\/uploads\\\/2021\\\/07\\\/Feathers-Grand-Prix-1024x683-1.jpg\",\"contentUrl\":\"https:\\\/\\\/www.webdo.tn\\\/fr\\\/wp-content\\\/uploads\\\/2021\\\/07\\\/Feathers-Grand-Prix-1024x683-1.jpg\",\"width\":1024,\"height\":683,\"caption\":\"Cannes 2021 - Feathers (Plumes), une com\u00e9die absurde, mais universelle\"},{\"@type\":\"BreadcrumbList\",\"@id\":\"https:\\\/\\\/www.webdo.tn\\\/fr\\\/actualite\\\/culture\\\/cannes-2021-feathers-plumes-une-comedie-absurde-mais-universelle\\\/199980\\\/#breadcrumb\",\"itemListElement\":[{\"@type\":\"ListItem\",\"position\":1,\"name\":\"Accueil\",\"item\":\"https:\\\/\\\/www.webdo.tn\\\/fr\\\/\"},{\"@type\":\"ListItem\",\"position\":2,\"name\":\"Cannes 2021 &#8211; Feathers (Plumes), une com\u00e9die absurde, mais universelle\"}]},{\"@type\":\"WebSite\",\"@id\":\"https:\\\/\\\/www.webdo.tn\\\/fr\\\/#website\",\"url\":\"https:\\\/\\\/www.webdo.tn\\\/fr\\\/\",\"name\":\"webdo\",\"description\":\"Tunisie - News en Tunisie et \u00e0 l&#039;international sur Webdo.tn\",\"publisher\":{\"@id\":\"https:\\\/\\\/www.webdo.tn\\\/fr\\\/#organization\"},\"potentialAction\":[{\"@type\":\"SearchAction\",\"target\":{\"@type\":\"EntryPoint\",\"urlTemplate\":\"https:\\\/\\\/www.webdo.tn\\\/fr\\\/?s={search_term_string}\"},\"query-input\":{\"@type\":\"PropertyValueSpecification\",\"valueRequired\":true,\"valueName\":\"search_term_string\"}}],\"inLanguage\":\"fr-FR\"},{\"@type\":\"Organization\",\"@id\":\"https:\\\/\\\/www.webdo.tn\\\/fr\\\/#organization\",\"name\":\"Webdo\",\"alternateName\":\"Webdo.tn\",\"url\":\"https:\\\/\\\/www.webdo.tn\\\/fr\\\/\",\"logo\":{\"@type\":\"ImageObject\",\"inLanguage\":\"fr-FR\",\"@id\":\"https:\\\/\\\/www.webdo.tn\\\/fr\\\/#\\\/schema\\\/logo\\\/image\\\/\",\"url\":\"https:\\\/\\\/www.webdo.tn\\\/fr\\\/wp-content\\\/uploads\\\/2025\\\/06\\\/Webdo-Tunisie_168377.jpg\",\"contentUrl\":\"https:\\\/\\\/www.webdo.tn\\\/fr\\\/wp-content\\\/uploads\\\/2025\\\/06\\\/Webdo-Tunisie_168377.jpg\",\"width\":301,\"height\":301,\"caption\":\"Webdo\"},\"image\":{\"@id\":\"https:\\\/\\\/www.webdo.tn\\\/fr\\\/#\\\/schema\\\/logo\\\/image\\\/\"},\"sameAs\":[\"https:\\\/\\\/www.facebook.com\\\/webdotn\",\"https:\\\/\\\/x.com\\\/webdo_tn\"],\"description\":\"Webdo est un m\u00e9dia num\u00e9rique tunisien fond\u00e9 en 2010, sp\u00e9cialis\u00e9 dans l\u2019actualit\u00e9 nationale et internationale, l\u2019\u00e9conomie, la soci\u00e9t\u00e9 et les analyses politiques. Le site s\u2019adresse \u00e0 un large public francophone et couvre l\u2019information tunisienne en temps r\u00e9el.\",\"email\":\"redac@webdo.tn\",\"legalName\":\"YNJ SARL\",\"foundingDate\":\"2010-09-06\",\"numberOfEmployees\":{\"@type\":\"QuantitativeValue\",\"minValue\":\"11\",\"maxValue\":\"50\"}},{\"@type\":\"Person\",\"@id\":\"https:\\\/\\\/www.webdo.tn\\\/fr\\\/#\\\/schema\\\/person\\\/60d5ba619ed3f58783b0dc82b7dada80\",\"name\":\"Ne\u00efla DRISS\",\"image\":{\"@type\":\"ImageObject\",\"inLanguage\":\"fr-FR\",\"@id\":\"https:\\\/\\\/www.webdo.tn\\\/fr\\\/wp-content\\\/uploads\\\/2026\\\/04\\\/neila-driss_avatar-96x96.jpg\",\"url\":\"https:\\\/\\\/www.webdo.tn\\\/fr\\\/wp-content\\\/uploads\\\/2026\\\/04\\\/neila-driss_avatar-96x96.jpg\",\"contentUrl\":\"https:\\\/\\\/www.webdo.tn\\\/fr\\\/wp-content\\\/uploads\\\/2026\\\/04\\\/neila-driss_avatar-96x96.jpg\",\"caption\":\"Ne\u00efla DRISS\"},\"description\":\"Ne\u00efla Driss est juriste, journaliste culturelle et critique de cin\u00e9ma tunisienne. Titulaire d\u2019un DEA en droit priv\u00e9 de l\u2019Universit\u00e9 Paris II et d\u2019un DESS de l\u2019IHEC Carthage, elle d\u00e9bute sa carri\u00e8re comme juriste sp\u00e9cialis\u00e9e en gestion de patrimoine immobilier. Elle s\u2019oriente ensuite vers l\u2019\u00e9criture en ligne, o\u00f9 elle se distingue d\u00e8s 2006 aux Tunisia Blog Awards, avant de se consacrer au journalisme culturel, avec une sp\u00e9cialisation dans la critique cin\u00e9matographique. Elle couvre r\u00e9guli\u00e8rement les grands festivals internationaux, notamment le Festival de Cannes, les Journ\u00e9es Cin\u00e9matographiques de Carthage et le Festival du film du Caire. Membre de l\u2019ATPCC et de la FIPRESCI, elle participe \u00e0 des jurys et initiatives internationales de critique. Depuis 2024, elle est \u00e9lectrice internationale aux Golden Globes. Facebook : https:\\\/\\\/www.facebook.com\\\/massir.destiniii\\\/ X : https:\\\/\\\/x.com\\\/MassirDestin\",\"sameAs\":[\"https:\\\/\\\/www.facebook.com\\\/massir.destiniii\\\/\",\"https:\\\/\\\/www.instagram.com\\\/neila.driss\\\/?hl=fr\",\"https:\\\/\\\/www.linkedin.com\\\/in\\\/neila-driss-22606a80\\\/\",\"https:\\\/\\\/x.com\\\/https:\\\/\\\/x.com\\\/MassirDestin\"],\"knowsAbout\":[\"Cin\u00e9ma international\",\"critique cin\u00e9matographique\",\"festivals de cin\u00e9ma\",\"journalisme culturel\"],\"knowsLanguage\":[\"Fran\u00e7ais\",\"Arabe\",\"Anglais\"],\"jobTitle\":\"Journaliste culturelle et critique de cin\u00e9ma\",\"worksFor\":\"Webdo\",\"url\":\"https:\\\/\\\/www.webdo.tn\\\/fr\\\/actualite\\\/author\\\/neila-driss\\\/\"}]}<\/script>\n<!-- \/ Yoast SEO Premium plugin. -->","yoast_head_json":{"title":"Cannes 2021 - Feathers (Plumes), une com\u00e9die absurde, mais universelle","description":"Cannes 2021 - Feathers (Plumes), une com\u00e9die absurde, mais universelle","canonical":"https:\/\/www.webdo.tn\/fr\/actualite\/culture\/cannes-2021-feathers-plumes-une-comedie-absurde-mais-universelle\/199980\/","og_locale":"fr_FR","og_type":"article","og_title":"Cannes 2021 - Feathers (Plumes), une com\u00e9die absurde, mais universelle","og_description":"Cannes 2021 - Feathers (Plumes), une com\u00e9die absurde, mais universelle","og_url":"https:\/\/www.webdo.tn\/fr\/actualite\/culture\/cannes-2021-feathers-plumes-une-comedie-absurde-mais-universelle\/199980\/","og_site_name":"webdo","article_publisher":"https:\/\/www.facebook.com\/webdotn","article_author":"https:\/\/www.facebook.com\/massir.destiniii\/","article_published_time":"2021-07-19T09:58:00+00:00","article_modified_time":"2025-05-17T17:29:12+00:00","og_image":[{"width":1024,"height":683,"url":"https:\/\/www.webdo.tn\/fr\/wp-content\/uploads\/2021\/07\/Feathers-Grand-Prix-1024x683-1.jpg","type":"image\/jpeg"}],"author":"Ne\u00efla DRISS","twitter_card":"summary_large_image","twitter_creator":"@https:\/\/x.com\/MassirDestin","twitter_site":"@webdo_tn","twitter_misc":{"\u00c9crit par":"Ne\u00efla DRISS","Dur\u00e9e de lecture estim\u00e9e":"7 minutes"},"schema":{"@context":"https:\/\/schema.org","@graph":[{"@type":"NewsArticle","@id":"https:\/\/www.webdo.tn\/fr\/actualite\/culture\/cannes-2021-feathers-plumes-une-comedie-absurde-mais-universelle\/199980\/#article","isPartOf":{"@id":"https:\/\/www.webdo.tn\/fr\/actualite\/culture\/cannes-2021-feathers-plumes-une-comedie-absurde-mais-universelle\/199980\/"},"author":{"name":"Ne\u00efla DRISS","@id":"https:\/\/www.webdo.tn\/fr\/#\/schema\/person\/60d5ba619ed3f58783b0dc82b7dada80"},"headline":"Cannes 2021 &#8211; Feathers (Plumes), une com\u00e9die absurde, mais universelle","datePublished":"2021-07-19T09:58:00+00:00","dateModified":"2025-05-17T17:29:12+00:00","mainEntityOfPage":{"@id":"https:\/\/www.webdo.tn\/fr\/actualite\/culture\/cannes-2021-feathers-plumes-une-comedie-absurde-mais-universelle\/199980\/"},"wordCount":1454,"commentCount":0,"publisher":{"@id":"https:\/\/www.webdo.tn\/fr\/#organization"},"image":{"@id":"https:\/\/www.webdo.tn\/fr\/actualite\/culture\/cannes-2021-feathers-plumes-une-comedie-absurde-mais-universelle\/199980\/#primaryimage"},"thumbnailUrl":"https:\/\/www.webdo.tn\/fr\/wp-content\/uploads\/2021\/07\/Feathers-Grand-Prix-1024x683-1.jpg","keywords":["cannes","Cannes 2021","Cin\u00e9ma","Cin\u00e9ma \u00e9gyptien","Critique de film","Festival de Cannes","Film"],"articleSection":["Culture"],"inLanguage":"fr-FR"},{"@type":"WebPage","@id":"https:\/\/www.webdo.tn\/fr\/actualite\/culture\/cannes-2021-feathers-plumes-une-comedie-absurde-mais-universelle\/199980\/","url":"https:\/\/www.webdo.tn\/fr\/actualite\/culture\/cannes-2021-feathers-plumes-une-comedie-absurde-mais-universelle\/199980\/","name":"Cannes 2021 - Feathers (Plumes), une com\u00e9die absurde, mais universelle","isPartOf":{"@id":"https:\/\/www.webdo.tn\/fr\/#website"},"primaryImageOfPage":{"@id":"https:\/\/www.webdo.tn\/fr\/actualite\/culture\/cannes-2021-feathers-plumes-une-comedie-absurde-mais-universelle\/199980\/#primaryimage"},"image":{"@id":"https:\/\/www.webdo.tn\/fr\/actualite\/culture\/cannes-2021-feathers-plumes-une-comedie-absurde-mais-universelle\/199980\/#primaryimage"},"thumbnailUrl":"https:\/\/www.webdo.tn\/fr\/wp-content\/uploads\/2021\/07\/Feathers-Grand-Prix-1024x683-1.jpg","datePublished":"2021-07-19T09:58:00+00:00","dateModified":"2025-05-17T17:29:12+00:00","description":"Cannes 2021 - Feathers (Plumes), une com\u00e9die absurde, mais universelle","breadcrumb":{"@id":"https:\/\/www.webdo.tn\/fr\/actualite\/culture\/cannes-2021-feathers-plumes-une-comedie-absurde-mais-universelle\/199980\/#breadcrumb"},"inLanguage":"fr-FR","potentialAction":[{"@type":"ReadAction","target":["https:\/\/www.webdo.tn\/fr\/actualite\/culture\/cannes-2021-feathers-plumes-une-comedie-absurde-mais-universelle\/199980\/"]}]},{"@type":"ImageObject","inLanguage":"fr-FR","@id":"https:\/\/www.webdo.tn\/fr\/actualite\/culture\/cannes-2021-feathers-plumes-une-comedie-absurde-mais-universelle\/199980\/#primaryimage","url":"https:\/\/www.webdo.tn\/fr\/wp-content\/uploads\/2021\/07\/Feathers-Grand-Prix-1024x683-1.jpg","contentUrl":"https:\/\/www.webdo.tn\/fr\/wp-content\/uploads\/2021\/07\/Feathers-Grand-Prix-1024x683-1.jpg","width":1024,"height":683,"caption":"Cannes 2021 - Feathers (Plumes), une com\u00e9die absurde, mais universelle"},{"@type":"BreadcrumbList","@id":"https:\/\/www.webdo.tn\/fr\/actualite\/culture\/cannes-2021-feathers-plumes-une-comedie-absurde-mais-universelle\/199980\/#breadcrumb","itemListElement":[{"@type":"ListItem","position":1,"name":"Accueil","item":"https:\/\/www.webdo.tn\/fr\/"},{"@type":"ListItem","position":2,"name":"Cannes 2021 &#8211; Feathers (Plumes), une com\u00e9die absurde, mais universelle"}]},{"@type":"WebSite","@id":"https:\/\/www.webdo.tn\/fr\/#website","url":"https:\/\/www.webdo.tn\/fr\/","name":"webdo","description":"Tunisie - News en Tunisie et \u00e0 l&#039;international sur Webdo.tn","publisher":{"@id":"https:\/\/www.webdo.tn\/fr\/#organization"},"potentialAction":[{"@type":"SearchAction","target":{"@type":"EntryPoint","urlTemplate":"https:\/\/www.webdo.tn\/fr\/?s={search_term_string}"},"query-input":{"@type":"PropertyValueSpecification","valueRequired":true,"valueName":"search_term_string"}}],"inLanguage":"fr-FR"},{"@type":"Organization","@id":"https:\/\/www.webdo.tn\/fr\/#organization","name":"Webdo","alternateName":"Webdo.tn","url":"https:\/\/www.webdo.tn\/fr\/","logo":{"@type":"ImageObject","inLanguage":"fr-FR","@id":"https:\/\/www.webdo.tn\/fr\/#\/schema\/logo\/image\/","url":"https:\/\/www.webdo.tn\/fr\/wp-content\/uploads\/2025\/06\/Webdo-Tunisie_168377.jpg","contentUrl":"https:\/\/www.webdo.tn\/fr\/wp-content\/uploads\/2025\/06\/Webdo-Tunisie_168377.jpg","width":301,"height":301,"caption":"Webdo"},"image":{"@id":"https:\/\/www.webdo.tn\/fr\/#\/schema\/logo\/image\/"},"sameAs":["https:\/\/www.facebook.com\/webdotn","https:\/\/x.com\/webdo_tn"],"description":"Webdo est un m\u00e9dia num\u00e9rique tunisien fond\u00e9 en 2010, sp\u00e9cialis\u00e9 dans l\u2019actualit\u00e9 nationale et internationale, l\u2019\u00e9conomie, la soci\u00e9t\u00e9 et les analyses politiques. Le site s\u2019adresse \u00e0 un large public francophone et couvre l\u2019information tunisienne en temps r\u00e9el.","email":"redac@webdo.tn","legalName":"YNJ SARL","foundingDate":"2010-09-06","numberOfEmployees":{"@type":"QuantitativeValue","minValue":"11","maxValue":"50"}},{"@type":"Person","@id":"https:\/\/www.webdo.tn\/fr\/#\/schema\/person\/60d5ba619ed3f58783b0dc82b7dada80","name":"Ne\u00efla DRISS","image":{"@type":"ImageObject","inLanguage":"fr-FR","@id":"https:\/\/www.webdo.tn\/fr\/wp-content\/uploads\/2026\/04\/neila-driss_avatar-96x96.jpg","url":"https:\/\/www.webdo.tn\/fr\/wp-content\/uploads\/2026\/04\/neila-driss_avatar-96x96.jpg","contentUrl":"https:\/\/www.webdo.tn\/fr\/wp-content\/uploads\/2026\/04\/neila-driss_avatar-96x96.jpg","caption":"Ne\u00efla DRISS"},"description":"Ne\u00efla Driss est juriste, journaliste culturelle et critique de cin\u00e9ma tunisienne. Titulaire d\u2019un DEA en droit priv\u00e9 de l\u2019Universit\u00e9 Paris II et d\u2019un DESS de l\u2019IHEC Carthage, elle d\u00e9bute sa carri\u00e8re comme juriste sp\u00e9cialis\u00e9e en gestion de patrimoine immobilier. Elle s\u2019oriente ensuite vers l\u2019\u00e9criture en ligne, o\u00f9 elle se distingue d\u00e8s 2006 aux Tunisia Blog Awards, avant de se consacrer au journalisme culturel, avec une sp\u00e9cialisation dans la critique cin\u00e9matographique. Elle couvre r\u00e9guli\u00e8rement les grands festivals internationaux, notamment le Festival de Cannes, les Journ\u00e9es Cin\u00e9matographiques de Carthage et le Festival du film du Caire. Membre de l\u2019ATPCC et de la FIPRESCI, elle participe \u00e0 des jurys et initiatives internationales de critique. Depuis 2024, elle est \u00e9lectrice internationale aux Golden Globes. Facebook : https:\/\/www.facebook.com\/massir.destiniii\/ X : https:\/\/x.com\/MassirDestin","sameAs":["https:\/\/www.facebook.com\/massir.destiniii\/","https:\/\/www.instagram.com\/neila.driss\/?hl=fr","https:\/\/www.linkedin.com\/in\/neila-driss-22606a80\/","https:\/\/x.com\/https:\/\/x.com\/MassirDestin"],"knowsAbout":["Cin\u00e9ma international","critique cin\u00e9matographique","festivals de cin\u00e9ma","journalisme culturel"],"knowsLanguage":["Fran\u00e7ais","Arabe","Anglais"],"jobTitle":"Journaliste culturelle et critique de cin\u00e9ma","worksFor":"Webdo","url":"https:\/\/www.webdo.tn\/fr\/actualite\/author\/neila-driss\/"}]}},"_links":{"self":[{"href":"https:\/\/www.webdo.tn\/fr\/wp-json\/wp\/v2\/posts\/199980","targetHints":{"allow":["GET"]}}],"collection":[{"href":"https:\/\/www.webdo.tn\/fr\/wp-json\/wp\/v2\/posts"}],"about":[{"href":"https:\/\/www.webdo.tn\/fr\/wp-json\/wp\/v2\/types\/post"}],"author":[{"embeddable":true,"href":"https:\/\/www.webdo.tn\/fr\/wp-json\/wp\/v2\/users\/3164"}],"replies":[{"embeddable":true,"href":"https:\/\/www.webdo.tn\/fr\/wp-json\/wp\/v2\/comments?post=199980"}],"version-history":[{"count":0,"href":"https:\/\/www.webdo.tn\/fr\/wp-json\/wp\/v2\/posts\/199980\/revisions"}],"wp:featuredmedia":[{"embeddable":true,"href":"https:\/\/www.webdo.tn\/fr\/wp-json\/wp\/v2\/media\/279549"}],"wp:attachment":[{"href":"https:\/\/www.webdo.tn\/fr\/wp-json\/wp\/v2\/media?parent=199980"}],"wp:term":[{"taxonomy":"category","embeddable":true,"href":"https:\/\/www.webdo.tn\/fr\/wp-json\/wp\/v2\/categories?post=199980"},{"taxonomy":"post_tag","embeddable":true,"href":"https:\/\/www.webdo.tn\/fr\/wp-json\/wp\/v2\/tags?post=199980"}],"curies":[{"name":"wp","href":"https:\/\/api.w.org\/{rel}","templated":true}]}}