{"id":199975,"date":"2021-07-13T08:41:00","date_gmt":"2021-07-13T08:41:00","guid":{"rendered":"https:\/\/www.webdo.tn\/fr\/blog\/cannes-2021-prix-des-critiques-arabes-meilleur-scenario-pour-lhomme-qui-a-vendu-sa-peau\/199975\/"},"modified":"2021-07-13T08:41:00","modified_gmt":"2021-07-13T08:41:00","slug":"cannes-2021-prix-des-critiques-arabes-meilleur-scenario-pour-lhomme-qui-a-vendu-sa-peau","status":"publish","type":"post","link":"https:\/\/www.webdo.tn\/fr\/actualite\/culture\/cannes-2021-prix-des-critiques-arabes-meilleur-scenario-pour-lhomme-qui-a-vendu-sa-peau\/199975\/","title":{"rendered":"Cannes 2021 &#8211; Prix des critiques arabes: Meilleur sc\u00e9nario pour \u00ab\u00a0L&rsquo;homme qui a vendu sa peau\u00a0\u00bb"},"content":{"rendered":"<div class=\"single-body entry-content typography-copy\" itemprop=\"articleBody\">\n<p style=\"font-weight: bold; text-align: justify\">\n<div class=\"coprs\" style=\"text-align: center\"><\/div>\n<div class=\"coprs\" style=\"text-align: justify\">\n<p>Comme chaque ann\u00e9e depuis 5 ans, c\u2019est lors d\u2019une c\u00e9r\u00e9monie organis\u00e9e en marge de la 74<sup>\u00e8me<\/sup> \u00e9dition du Festival de Cannes que le Centre du Cin\u00e9ma Arabe a annonc\u00e9 les vainqueurs des Prix de la critique pour les films arabes 2021\u00a0(Arab Critics Awards)\u00a0:<\/p>\n<p><strong>Meilleur documentaire:\u00a0<span><em>Lift Like a Girl Film<\/em> | R\u00e9alis\u00e9 par Mayye Zayed | Egypte<\/span><\/strong><span><strong> <\/strong><\/span><br \/>\n<em>La carte postale<\/em> | R\u00e9alis\u00e9 par Asmae El Moudir | Maroc<br \/>\n<em>Avant la mort de la lumi\u00e8re<\/em> | R\u00e9alis\u00e9 par Ali Essafi | Maroc<\/p>\n<p><strong>Meilleure actrice: <\/strong><span><strong>Hiam Abbas | <em>Gaza Mon Amour<\/em> | Palestine <\/strong><\/span><br \/>\nKhansa Batma |<em>Zanka Contact<\/em> | Maroc<br \/>\nZoe Adjani |<em> Cigare au miel<\/em> | Alg\u00e9rie<\/p>\n<p><strong>Meilleur acteur: <\/strong><strong><span>Ali Suliman |<em> 200 m\u00e8tres<\/em> | Palestine et Jordanie<\/span> <\/strong><br \/>\nSalim Dau | <em>Gaza Mon Amour<\/em> | Palestine<br \/>\nTarek Yaacoub |\u00a0<em>Cl\u00e9s\u00a0cass\u00e9es<\/em> | Liban<\/p>\n<p><strong>Meilleur sc\u00e9nario:\u00a0<\/strong><span><strong>Kaouther Ben Hania | <a href=\"https:\/\/www.webdo.tn\/2021\/04\/22\/le-film-lhomme-qui-a-vendu-sa-peau-merite-loscar-du-meilleur-film-international\/\"><em>L&rsquo;homme qui a vendu sa peau<\/em><\/a> | Tunisie<\/strong><\/span><br \/>\nAmeen Nayfeh | <em>200 m\u00e8tres<\/em> | Palestine &amp; Jordanie<br \/>\nArabe Nasser \u2013 Tarzan Nasser | <em>Gaza Mon Amour<\/em> | Palestine<\/p>\n<p><strong>Meilleur r\u00e9alisateur:\u00a0<\/strong><strong><span>Ameen Nayfeh | <em>200 M\u00e8tres<\/em> | Palestine &amp; Jordanie<\/span> <\/strong><br \/>\nArabe Nasser \u2013 Tarzan Nasser | <em>Gaza Mon Amour<\/em> | Palestine<br \/>\nKaouther ben Hania | <em>L&rsquo;homme qui a vendu sa peau<\/em> | Tunisie<\/p>\n<p><strong>Meilleur long m\u00e9trage:\u00a0<span>Gaza Mon Amour| R\u00e9alis\u00e9 par Arab Nasser \u2013 Tarzan Nasser | Palestine<\/span><\/strong><br \/>\n200 m\u00e8tres | R\u00e9alis\u00e9 par Ameen Nayfeh | Palestine et Jordanie<br \/>\nZanka Contact | R\u00e9alis\u00e9 par Isma\u00ebl El Iraki | Maroc<\/p>\n<p>On remarque que la Palestine a eu la plus grande part dans cette comp\u00e9tition, remportant quatre prix sur un total de six. Cela indique le grand progr\u00e8s que le cin\u00e9ma palestinien a connu ces derni\u00e8res ann\u00e9es.<\/p>\n<p>Le tr\u00e8s beau <a href=\"https:\/\/www.webdo.tn\/2020\/12\/27\/jcc-2020-200-kilometres-pour-traverser-200-metres\/#.YOzMLegzY2w\"><em>200 m\u00e8tres<\/em>, r\u00e9alis\u00e9 par Ameen Nayfeh<\/a>, dont c&rsquo;est le premier long m\u00e9trage de fiction, a m\u00eame remport\u00e9 deux de ces quatre prix. Bravo pour ce jeune r\u00e9alisateur, dont le film a \u00e9t\u00e9 s\u00e9lectionn\u00e9 dans plusieurs grands festivals de cin\u00e9ma et y a remport\u00e9 de nombreuses r\u00e9compenses.<br \/>\n\u00a0<\/p>\n<p><img decoding=\"async\" alt=\"Arab Critics Awards 2021\" height=\"696\" src=\"http:\/\/www.webdo.tn\/wp-content\/uploads\/2021\/07\/Arab-Critics-Awards-2021-2-1024x1024.jpg\" width=\"696\"><br \/>\n<em>May Odeh, productrice du film \u00ab 200 m\u00e8tres \u00bb et les deux troph\u00e9es remport\u00e9s lors des Arab Critics Awards<\/em><\/p>\n<p>\u00a0<\/p>\n<p><em>L&rsquo;homme qui a vendu sa peau<\/em>, qui a \u00e9t\u00e9 nomm\u00e9 \u00e0 l&rsquo;oscar 2021 du Meilleur film international, aurait \u00e9galement m\u00e9rit\u00e9 le prix du meilleur r\u00e9alisateur.<\/p>\n<p>Dans cette m\u00eame \u00e9dition du Festival de Cannes, Kaouther Ben Hania est membre du <strong>Jury des courts m\u00e9trages et du concours des films d\u2019\u00e9coles de la Cin\u00e9fondation.<\/strong><\/p>\n<p>Depuis la premi\u00e8re \u00e9dition qui avait \u00e9t\u00e9 lanc\u00e9e en marge de la 70\u00e8me \u00e9dition du Festival de Cannes, chaque ann\u00e9e les prix sont d\u00e9cern\u00e9s aux meilleures productions cin\u00e9matographiques arabes. Pour cette ann\u00e9e 2021, le comit\u00e9 du jury a r\u00e9uni 160 des plus grands critiques de cin\u00e9ma arabes et internationaux de 63 pays du monde entier (en 2017, ils \u00e9taient 24 membres de jury de 15 pays diff\u00e9rents).<\/p>\n<p><strong>Ne\u00efla Driss<\/strong><\/p>\n<p><img decoding=\"async\" alt=\"cannes 2021\" height=\"160\" src=\"http:\/\/www.webdo.tn\/wp-content\/uploads\/2021\/07\/CANNES-2021_SIGNATURES_WEB_600x160_03.png\" width=\"600\"><\/p>\n<p>\u00a0<\/p>\n<p><em>Lire sur le m\u00eame sujet:<\/em><\/p>\n<ul>\n<li><a href=\"https:\/\/www.webdo.tn\/2021\/01\/10\/festival-de-cannes-la-74eme-edition-pourrait-etre-reportee-a-lete-2021\/#.YN7az-gzY2w\">Festival de Cannes \u2013 La 74\u00e8me \u00e9dition pourrait \u00eatre report\u00e9e \u00e0 l\u2019\u00e9t\u00e9 2021<\/a><\/li>\n<li><a href=\"https:\/\/www.webdo.tn\/2021\/01\/27\/cest-officiel-la-74eme-edition-du-festival-de-cannes-aura-lieu-en-juillet-2021\/#.YN7eDUw682w\">C\u2019est officiel, la 74\u00e8me \u00e9dition du Festival de Cannes aura lieu en juillet 2021<\/a><\/li>\n<li><a href=\"https:\/\/www.webdo.tn\/2021\/06\/17\/cannes-2021-laffiche-de-la-74eme-edition-devoilee\/#.YN7cZ-gzY2w\">Cannes 2021 \u2013 L\u2019affiche de la 74\u00e8me \u00e9dition d\u00e9voil\u00e9e.<\/a><\/li>\n<li><a href=\"https:\/\/www.webdo.tn\/2021\/06\/18\/cannes-2021-kaouther-ben-hania-membre-du-jury-courts-metrages\/\" rel=\"bookmark\" title=\"Cannes 2021 \u2013 Kaouther Ben Hania, membre du Jury Courts M\u00e9trages\">Cannes 2021 \u2013 Kaouther Ben Hania, membre du Jury Courts M\u00e9trages<\/a><\/li>\n<li><a href=\"https:\/\/www.webdo.tn\/2021\/07\/02\/cannes-2021-des-regles-sanitaires-strictes-pour-assurer-le-bon-deroulement-du-festival\/#.YOCDtugzY2w\">Cannes 2021 \u2013 Des r\u00e8gles sanitaires strictes pour assurer le bon d\u00e9roulement du festival<\/a><\/li>\n<li><a href=\"https:\/\/www.webdo.tn\/2021\/07\/05\/les-rendez-vous-du-cinema-arabe-au-festival-de-cannes-2021\/#.YOpRUugzY2w\">Les rendez-vous du cin\u00e9ma arabe au Festival de Cannes 2021<\/a><\/li>\n<li><a href=\"https:\/\/www.webdo.tn\/2021\/07\/12\/cannes-2021-deux-films-deux-manieres-de-denoncer-les-abus-sexuels\/#.YOzI5-gzY2w\">Cannes 2021 \u2013 Deux films, deux mani\u00e8res de d\u00e9noncer les abus sexuels<\/a><\/li>\n<li><a href=\"https:\/\/www.webdo.tn\/2021\/07\/07\/cannes-2021-une-ceremonie-qui-annonce-le-retour-a-la-vie-grace-a-la-magie-du-cinema\/\">Cannes 2021 \u2013 Une c\u00e9r\u00e9monie qui annonce le retour \u00e0 la vie gr\u00e2ce \u00e0 la magie du cin\u00e9ma<\/a><\/li>\n<\/ul><\/div>\n<div class=\"coprs\" style=\"text-align: center\"><\/div><\/div>\n","protected":false},"excerpt":{"rendered":"<p>Cannes 2021 &#8211; Prix des critiques arabes: Meilleur sc\u00e9nario pour  L&rsquo;homme qui a vendu sa peau <\/p>\n","protected":false},"author":3164,"featured_media":368218,"comment_status":"open","ping_status":"closed","sticky":false,"template":"","format":"standard","meta":{"footnotes":""},"categories":[2594],"tags":[3460,9083,3004,2626,2629,3005,2628,2627],"class_list":["post-199975","post","type-post","status-publish","format-standard","has-post-thumbnail","hentry","category-culture","tag-cannes","tag-cannes-2021","tag-centre-du-cinema-arabe","tag-cinema","tag-cinema-arabe","tag-critics-awards-for-arab-films","tag-festival","tag-festival-de-cannes"],"yoast_head":"<!-- This site is optimized with the Yoast SEO Premium plugin v27.5 (Yoast SEO v27.5) - https:\/\/yoast.com\/product\/yoast-seo-premium-wordpress\/ -->\n<title>Cannes 2021 - Prix des critiques arabes: Meilleur sc\u00e9nario pour L&#039;homme qui a vendu sa peau<\/title>\n<meta name=\"description\" content=\"Cannes 2021 - Prix des critiques arabes: Meilleur sc\u00e9nario pour L&#039;homme qui a vendu sa peau\" \/>\n<link rel=\"canonical\" href=\"https:\/\/www.webdo.tn\/fr\/actualite\/culture\/cannes-2021-prix-des-critiques-arabes-meilleur-scenario-pour-lhomme-qui-a-vendu-sa-peau\/199975\/\" \/>\n<meta property=\"og:locale\" content=\"fr_FR\" \/>\n<meta property=\"og:type\" content=\"article\" \/>\n<meta property=\"og:title\" content=\"Cannes 2021 - Prix des critiques arabes: Meilleur sc\u00e9nario pour &quot;L&#039;homme qui a vendu sa peau&quot;\" \/>\n<meta property=\"og:description\" content=\"Cannes 2021 - Prix des critiques arabes: Meilleur sc\u00e9nario pour L&#039;homme qui a vendu sa peau\" \/>\n<meta property=\"og:url\" content=\"https:\/\/www.webdo.tn\/fr\/actualite\/culture\/cannes-2021-prix-des-critiques-arabes-meilleur-scenario-pour-lhomme-qui-a-vendu-sa-peau\/199975\/\" \/>\n<meta property=\"og:site_name\" content=\"webdo\" \/>\n<meta property=\"article:publisher\" content=\"https:\/\/www.facebook.com\/webdotn\" \/>\n<meta property=\"article:author\" content=\"https:\/\/www.facebook.com\/massir.destiniii\/\" \/>\n<meta property=\"article:published_time\" content=\"2021-07-13T08:41:00+00:00\" \/>\n<meta property=\"og:image\" content=\"https:\/\/www.webdo.tn\/fr\/wp-content\/uploads\/2025\/06\/Arab-Critics-Awards-2021-3-1024x1024_199975.jpg\" \/>\n\t<meta property=\"og:image:width\" content=\"1024\" \/>\n\t<meta property=\"og:image:height\" content=\"1024\" \/>\n\t<meta property=\"og:image:type\" content=\"image\/jpeg\" \/>\n<meta name=\"author\" content=\"Ne\u00efla DRISS\" \/>\n<meta name=\"twitter:card\" content=\"summary_large_image\" \/>\n<meta name=\"twitter:creator\" content=\"@https:\/\/x.com\/MassirDestin\" \/>\n<meta name=\"twitter:site\" content=\"@webdo_tn\" \/>\n<meta name=\"twitter:label1\" content=\"\u00c9crit par\" \/>\n\t<meta name=\"twitter:data1\" content=\"Ne\u00efla DRISS\" \/>\n\t<meta name=\"twitter:label2\" content=\"Dur\u00e9e de lecture estim\u00e9e\" \/>\n\t<meta name=\"twitter:data2\" content=\"3 minutes\" \/>\n<script type=\"application\/ld+json\" class=\"yoast-schema-graph\">{\"@context\":\"https:\\\/\\\/schema.org\",\"@graph\":[{\"@type\":\"NewsArticle\",\"@id\":\"https:\\\/\\\/www.webdo.tn\\\/fr\\\/actualite\\\/culture\\\/cannes-2021-prix-des-critiques-arabes-meilleur-scenario-pour-lhomme-qui-a-vendu-sa-peau\\\/199975\\\/#article\",\"isPartOf\":{\"@id\":\"https:\\\/\\\/www.webdo.tn\\\/fr\\\/actualite\\\/culture\\\/cannes-2021-prix-des-critiques-arabes-meilleur-scenario-pour-lhomme-qui-a-vendu-sa-peau\\\/199975\\\/\"},\"author\":{\"name\":\"Ne\u00efla DRISS\",\"@id\":\"https:\\\/\\\/www.webdo.tn\\\/fr\\\/#\\\/schema\\\/person\\\/60d5ba619ed3f58783b0dc82b7dada80\"},\"headline\":\"Cannes 2021 &#8211; Prix des critiques arabes: Meilleur sc\u00e9nario pour \u00ab\u00a0L&rsquo;homme qui a vendu sa peau\u00a0\u00bb\",\"datePublished\":\"2021-07-13T08:41:00+00:00\",\"mainEntityOfPage\":{\"@id\":\"https:\\\/\\\/www.webdo.tn\\\/fr\\\/actualite\\\/culture\\\/cannes-2021-prix-des-critiques-arabes-meilleur-scenario-pour-lhomme-qui-a-vendu-sa-peau\\\/199975\\\/\"},\"wordCount\":593,\"commentCount\":0,\"publisher\":{\"@id\":\"https:\\\/\\\/www.webdo.tn\\\/fr\\\/#organization\"},\"image\":{\"@id\":\"https:\\\/\\\/www.webdo.tn\\\/fr\\\/actualite\\\/culture\\\/cannes-2021-prix-des-critiques-arabes-meilleur-scenario-pour-lhomme-qui-a-vendu-sa-peau\\\/199975\\\/#primaryimage\"},\"thumbnailUrl\":\"https:\\\/\\\/www.webdo.tn\\\/fr\\\/wp-content\\\/uploads\\\/2025\\\/06\\\/Arab-Critics-Awards-2021-3-1024x1024_199975.jpg\",\"keywords\":[\"cannes\",\"Cannes 2021\",\"Centre du Cin\u00e9ma Arabe\",\"Cin\u00e9ma\",\"Cin\u00e9ma arabe\",\"Critics Awards for Arab Films\",\"Festival\",\"Festival de Cannes\"],\"articleSection\":[\"Culture\"],\"inLanguage\":\"fr-FR\"},{\"@type\":\"WebPage\",\"@id\":\"https:\\\/\\\/www.webdo.tn\\\/fr\\\/actualite\\\/culture\\\/cannes-2021-prix-des-critiques-arabes-meilleur-scenario-pour-lhomme-qui-a-vendu-sa-peau\\\/199975\\\/\",\"url\":\"https:\\\/\\\/www.webdo.tn\\\/fr\\\/actualite\\\/culture\\\/cannes-2021-prix-des-critiques-arabes-meilleur-scenario-pour-lhomme-qui-a-vendu-sa-peau\\\/199975\\\/\",\"name\":\"Cannes 2021 - Prix des critiques arabes: Meilleur sc\u00e9nario pour L'homme qui a vendu sa peau\",\"isPartOf\":{\"@id\":\"https:\\\/\\\/www.webdo.tn\\\/fr\\\/#website\"},\"primaryImageOfPage\":{\"@id\":\"https:\\\/\\\/www.webdo.tn\\\/fr\\\/actualite\\\/culture\\\/cannes-2021-prix-des-critiques-arabes-meilleur-scenario-pour-lhomme-qui-a-vendu-sa-peau\\\/199975\\\/#primaryimage\"},\"image\":{\"@id\":\"https:\\\/\\\/www.webdo.tn\\\/fr\\\/actualite\\\/culture\\\/cannes-2021-prix-des-critiques-arabes-meilleur-scenario-pour-lhomme-qui-a-vendu-sa-peau\\\/199975\\\/#primaryimage\"},\"thumbnailUrl\":\"https:\\\/\\\/www.webdo.tn\\\/fr\\\/wp-content\\\/uploads\\\/2025\\\/06\\\/Arab-Critics-Awards-2021-3-1024x1024_199975.jpg\",\"datePublished\":\"2021-07-13T08:41:00+00:00\",\"description\":\"Cannes 2021 - Prix des critiques arabes: Meilleur sc\u00e9nario pour L'homme qui a vendu sa peau\",\"breadcrumb\":{\"@id\":\"https:\\\/\\\/www.webdo.tn\\\/fr\\\/actualite\\\/culture\\\/cannes-2021-prix-des-critiques-arabes-meilleur-scenario-pour-lhomme-qui-a-vendu-sa-peau\\\/199975\\\/#breadcrumb\"},\"inLanguage\":\"fr-FR\",\"potentialAction\":[{\"@type\":\"ReadAction\",\"target\":[\"https:\\\/\\\/www.webdo.tn\\\/fr\\\/actualite\\\/culture\\\/cannes-2021-prix-des-critiques-arabes-meilleur-scenario-pour-lhomme-qui-a-vendu-sa-peau\\\/199975\\\/\"]}]},{\"@type\":\"ImageObject\",\"inLanguage\":\"fr-FR\",\"@id\":\"https:\\\/\\\/www.webdo.tn\\\/fr\\\/actualite\\\/culture\\\/cannes-2021-prix-des-critiques-arabes-meilleur-scenario-pour-lhomme-qui-a-vendu-sa-peau\\\/199975\\\/#primaryimage\",\"url\":\"https:\\\/\\\/www.webdo.tn\\\/fr\\\/wp-content\\\/uploads\\\/2025\\\/06\\\/Arab-Critics-Awards-2021-3-1024x1024_199975.jpg\",\"contentUrl\":\"https:\\\/\\\/www.webdo.tn\\\/fr\\\/wp-content\\\/uploads\\\/2025\\\/06\\\/Arab-Critics-Awards-2021-3-1024x1024_199975.jpg\",\"width\":1024,\"height\":1024,\"caption\":\"Cannes 2021 - Prix des critiques arabes: Meilleur sc\u00e9nario pour \\\"L'homme qui a vendu sa peau\\\"\"},{\"@type\":\"BreadcrumbList\",\"@id\":\"https:\\\/\\\/www.webdo.tn\\\/fr\\\/actualite\\\/culture\\\/cannes-2021-prix-des-critiques-arabes-meilleur-scenario-pour-lhomme-qui-a-vendu-sa-peau\\\/199975\\\/#breadcrumb\",\"itemListElement\":[{\"@type\":\"ListItem\",\"position\":1,\"name\":\"Accueil\",\"item\":\"https:\\\/\\\/www.webdo.tn\\\/fr\\\/\"},{\"@type\":\"ListItem\",\"position\":2,\"name\":\"Cannes 2021 &#8211; Prix des critiques arabes: Meilleur sc\u00e9nario pour \u00ab\u00a0L&rsquo;homme qui a vendu sa peau\u00a0\u00bb\"}]},{\"@type\":\"WebSite\",\"@id\":\"https:\\\/\\\/www.webdo.tn\\\/fr\\\/#website\",\"url\":\"https:\\\/\\\/www.webdo.tn\\\/fr\\\/\",\"name\":\"webdo\",\"description\":\"Tunisie - News en Tunisie et \u00e0 l&#039;international sur Webdo.tn\",\"publisher\":{\"@id\":\"https:\\\/\\\/www.webdo.tn\\\/fr\\\/#organization\"},\"potentialAction\":[{\"@type\":\"SearchAction\",\"target\":{\"@type\":\"EntryPoint\",\"urlTemplate\":\"https:\\\/\\\/www.webdo.tn\\\/fr\\\/?s={search_term_string}\"},\"query-input\":{\"@type\":\"PropertyValueSpecification\",\"valueRequired\":true,\"valueName\":\"search_term_string\"}}],\"inLanguage\":\"fr-FR\"},{\"@type\":\"Organization\",\"@id\":\"https:\\\/\\\/www.webdo.tn\\\/fr\\\/#organization\",\"name\":\"Webdo\",\"alternateName\":\"Webdo.tn\",\"url\":\"https:\\\/\\\/www.webdo.tn\\\/fr\\\/\",\"logo\":{\"@type\":\"ImageObject\",\"inLanguage\":\"fr-FR\",\"@id\":\"https:\\\/\\\/www.webdo.tn\\\/fr\\\/#\\\/schema\\\/logo\\\/image\\\/\",\"url\":\"https:\\\/\\\/www.webdo.tn\\\/fr\\\/wp-content\\\/uploads\\\/2025\\\/06\\\/Webdo-Tunisie_168377.jpg\",\"contentUrl\":\"https:\\\/\\\/www.webdo.tn\\\/fr\\\/wp-content\\\/uploads\\\/2025\\\/06\\\/Webdo-Tunisie_168377.jpg\",\"width\":301,\"height\":301,\"caption\":\"Webdo\"},\"image\":{\"@id\":\"https:\\\/\\\/www.webdo.tn\\\/fr\\\/#\\\/schema\\\/logo\\\/image\\\/\"},\"sameAs\":[\"https:\\\/\\\/www.facebook.com\\\/webdotn\",\"https:\\\/\\\/x.com\\\/webdo_tn\"],\"description\":\"Webdo est un m\u00e9dia num\u00e9rique tunisien fond\u00e9 en 2010, sp\u00e9cialis\u00e9 dans l\u2019actualit\u00e9 nationale et internationale, l\u2019\u00e9conomie, la soci\u00e9t\u00e9 et les analyses politiques. Le site s\u2019adresse \u00e0 un large public francophone et couvre l\u2019information tunisienne en temps r\u00e9el.\",\"email\":\"redac@webdo.tn\",\"legalName\":\"YNJ SARL\",\"foundingDate\":\"2010-09-06\",\"numberOfEmployees\":{\"@type\":\"QuantitativeValue\",\"minValue\":\"11\",\"maxValue\":\"50\"}},{\"@type\":\"Person\",\"@id\":\"https:\\\/\\\/www.webdo.tn\\\/fr\\\/#\\\/schema\\\/person\\\/60d5ba619ed3f58783b0dc82b7dada80\",\"name\":\"Ne\u00efla DRISS\",\"image\":{\"@type\":\"ImageObject\",\"inLanguage\":\"fr-FR\",\"@id\":\"https:\\\/\\\/www.webdo.tn\\\/fr\\\/wp-content\\\/uploads\\\/2026\\\/04\\\/neila-driss_avatar-96x96.jpg\",\"url\":\"https:\\\/\\\/www.webdo.tn\\\/fr\\\/wp-content\\\/uploads\\\/2026\\\/04\\\/neila-driss_avatar-96x96.jpg\",\"contentUrl\":\"https:\\\/\\\/www.webdo.tn\\\/fr\\\/wp-content\\\/uploads\\\/2026\\\/04\\\/neila-driss_avatar-96x96.jpg\",\"caption\":\"Ne\u00efla DRISS\"},\"description\":\"Ne\u00efla Driss est juriste, journaliste culturelle et critique de cin\u00e9ma tunisienne. Titulaire d\u2019un DEA en droit priv\u00e9 de l\u2019Universit\u00e9 Paris II et d\u2019un DESS de l\u2019IHEC Carthage, elle d\u00e9bute sa carri\u00e8re comme juriste sp\u00e9cialis\u00e9e en gestion de patrimoine immobilier. Elle s\u2019oriente ensuite vers l\u2019\u00e9criture en ligne, o\u00f9 elle se distingue d\u00e8s 2006 aux Tunisia Blog Awards, avant de se consacrer au journalisme culturel, avec une sp\u00e9cialisation dans la critique cin\u00e9matographique. Elle couvre r\u00e9guli\u00e8rement les grands festivals internationaux, notamment le Festival de Cannes, les Journ\u00e9es Cin\u00e9matographiques de Carthage et le Festival du film du Caire. Membre de l\u2019ATPCC et de la FIPRESCI, elle participe \u00e0 des jurys et initiatives internationales de critique. Depuis 2024, elle est \u00e9lectrice internationale aux Golden Globes. Facebook : https:\\\/\\\/www.facebook.com\\\/massir.destiniii\\\/ X : https:\\\/\\\/x.com\\\/MassirDestin\",\"sameAs\":[\"https:\\\/\\\/www.facebook.com\\\/massir.destiniii\\\/\",\"https:\\\/\\\/www.instagram.com\\\/neila.driss\\\/?hl=fr\",\"https:\\\/\\\/www.linkedin.com\\\/in\\\/neila-driss-22606a80\\\/\",\"https:\\\/\\\/x.com\\\/https:\\\/\\\/x.com\\\/MassirDestin\"],\"knowsAbout\":[\"Cin\u00e9ma international\",\"critique cin\u00e9matographique\",\"festivals de cin\u00e9ma\",\"journalisme culturel\"],\"knowsLanguage\":[\"Fran\u00e7ais\",\"Arabe\",\"Anglais\"],\"jobTitle\":\"Journaliste culturelle et critique de cin\u00e9ma\",\"worksFor\":\"Webdo\",\"url\":\"https:\\\/\\\/www.webdo.tn\\\/fr\\\/actualite\\\/author\\\/neila-driss\\\/\"}]}<\/script>\n<!-- \/ Yoast SEO Premium plugin. -->","yoast_head_json":{"title":"Cannes 2021 - Prix des critiques arabes: Meilleur sc\u00e9nario pour L'homme qui a vendu sa peau","description":"Cannes 2021 - Prix des critiques arabes: Meilleur sc\u00e9nario pour L'homme qui a vendu sa peau","canonical":"https:\/\/www.webdo.tn\/fr\/actualite\/culture\/cannes-2021-prix-des-critiques-arabes-meilleur-scenario-pour-lhomme-qui-a-vendu-sa-peau\/199975\/","og_locale":"fr_FR","og_type":"article","og_title":"Cannes 2021 - Prix des critiques arabes: Meilleur sc\u00e9nario pour \"L'homme qui a vendu sa peau\"","og_description":"Cannes 2021 - Prix des critiques arabes: Meilleur sc\u00e9nario pour L'homme qui a vendu sa peau","og_url":"https:\/\/www.webdo.tn\/fr\/actualite\/culture\/cannes-2021-prix-des-critiques-arabes-meilleur-scenario-pour-lhomme-qui-a-vendu-sa-peau\/199975\/","og_site_name":"webdo","article_publisher":"https:\/\/www.facebook.com\/webdotn","article_author":"https:\/\/www.facebook.com\/massir.destiniii\/","article_published_time":"2021-07-13T08:41:00+00:00","og_image":[{"width":1024,"height":1024,"url":"https:\/\/www.webdo.tn\/fr\/wp-content\/uploads\/2025\/06\/Arab-Critics-Awards-2021-3-1024x1024_199975.jpg","type":"image\/jpeg"}],"author":"Ne\u00efla DRISS","twitter_card":"summary_large_image","twitter_creator":"@https:\/\/x.com\/MassirDestin","twitter_site":"@webdo_tn","twitter_misc":{"\u00c9crit par":"Ne\u00efla DRISS","Dur\u00e9e de lecture estim\u00e9e":"3 minutes"},"schema":{"@context":"https:\/\/schema.org","@graph":[{"@type":"NewsArticle","@id":"https:\/\/www.webdo.tn\/fr\/actualite\/culture\/cannes-2021-prix-des-critiques-arabes-meilleur-scenario-pour-lhomme-qui-a-vendu-sa-peau\/199975\/#article","isPartOf":{"@id":"https:\/\/www.webdo.tn\/fr\/actualite\/culture\/cannes-2021-prix-des-critiques-arabes-meilleur-scenario-pour-lhomme-qui-a-vendu-sa-peau\/199975\/"},"author":{"name":"Ne\u00efla DRISS","@id":"https:\/\/www.webdo.tn\/fr\/#\/schema\/person\/60d5ba619ed3f58783b0dc82b7dada80"},"headline":"Cannes 2021 &#8211; Prix des critiques arabes: Meilleur sc\u00e9nario pour \u00ab\u00a0L&rsquo;homme qui a vendu sa peau\u00a0\u00bb","datePublished":"2021-07-13T08:41:00+00:00","mainEntityOfPage":{"@id":"https:\/\/www.webdo.tn\/fr\/actualite\/culture\/cannes-2021-prix-des-critiques-arabes-meilleur-scenario-pour-lhomme-qui-a-vendu-sa-peau\/199975\/"},"wordCount":593,"commentCount":0,"publisher":{"@id":"https:\/\/www.webdo.tn\/fr\/#organization"},"image":{"@id":"https:\/\/www.webdo.tn\/fr\/actualite\/culture\/cannes-2021-prix-des-critiques-arabes-meilleur-scenario-pour-lhomme-qui-a-vendu-sa-peau\/199975\/#primaryimage"},"thumbnailUrl":"https:\/\/www.webdo.tn\/fr\/wp-content\/uploads\/2025\/06\/Arab-Critics-Awards-2021-3-1024x1024_199975.jpg","keywords":["cannes","Cannes 2021","Centre du Cin\u00e9ma Arabe","Cin\u00e9ma","Cin\u00e9ma arabe","Critics Awards for Arab Films","Festival","Festival de Cannes"],"articleSection":["Culture"],"inLanguage":"fr-FR"},{"@type":"WebPage","@id":"https:\/\/www.webdo.tn\/fr\/actualite\/culture\/cannes-2021-prix-des-critiques-arabes-meilleur-scenario-pour-lhomme-qui-a-vendu-sa-peau\/199975\/","url":"https:\/\/www.webdo.tn\/fr\/actualite\/culture\/cannes-2021-prix-des-critiques-arabes-meilleur-scenario-pour-lhomme-qui-a-vendu-sa-peau\/199975\/","name":"Cannes 2021 - Prix des critiques arabes: Meilleur sc\u00e9nario pour L'homme qui a vendu sa peau","isPartOf":{"@id":"https:\/\/www.webdo.tn\/fr\/#website"},"primaryImageOfPage":{"@id":"https:\/\/www.webdo.tn\/fr\/actualite\/culture\/cannes-2021-prix-des-critiques-arabes-meilleur-scenario-pour-lhomme-qui-a-vendu-sa-peau\/199975\/#primaryimage"},"image":{"@id":"https:\/\/www.webdo.tn\/fr\/actualite\/culture\/cannes-2021-prix-des-critiques-arabes-meilleur-scenario-pour-lhomme-qui-a-vendu-sa-peau\/199975\/#primaryimage"},"thumbnailUrl":"https:\/\/www.webdo.tn\/fr\/wp-content\/uploads\/2025\/06\/Arab-Critics-Awards-2021-3-1024x1024_199975.jpg","datePublished":"2021-07-13T08:41:00+00:00","description":"Cannes 2021 - Prix des critiques arabes: Meilleur sc\u00e9nario pour L'homme qui a vendu sa peau","breadcrumb":{"@id":"https:\/\/www.webdo.tn\/fr\/actualite\/culture\/cannes-2021-prix-des-critiques-arabes-meilleur-scenario-pour-lhomme-qui-a-vendu-sa-peau\/199975\/#breadcrumb"},"inLanguage":"fr-FR","potentialAction":[{"@type":"ReadAction","target":["https:\/\/www.webdo.tn\/fr\/actualite\/culture\/cannes-2021-prix-des-critiques-arabes-meilleur-scenario-pour-lhomme-qui-a-vendu-sa-peau\/199975\/"]}]},{"@type":"ImageObject","inLanguage":"fr-FR","@id":"https:\/\/www.webdo.tn\/fr\/actualite\/culture\/cannes-2021-prix-des-critiques-arabes-meilleur-scenario-pour-lhomme-qui-a-vendu-sa-peau\/199975\/#primaryimage","url":"https:\/\/www.webdo.tn\/fr\/wp-content\/uploads\/2025\/06\/Arab-Critics-Awards-2021-3-1024x1024_199975.jpg","contentUrl":"https:\/\/www.webdo.tn\/fr\/wp-content\/uploads\/2025\/06\/Arab-Critics-Awards-2021-3-1024x1024_199975.jpg","width":1024,"height":1024,"caption":"Cannes 2021 - Prix des critiques arabes: Meilleur sc\u00e9nario pour \"L'homme qui a vendu sa peau\""},{"@type":"BreadcrumbList","@id":"https:\/\/www.webdo.tn\/fr\/actualite\/culture\/cannes-2021-prix-des-critiques-arabes-meilleur-scenario-pour-lhomme-qui-a-vendu-sa-peau\/199975\/#breadcrumb","itemListElement":[{"@type":"ListItem","position":1,"name":"Accueil","item":"https:\/\/www.webdo.tn\/fr\/"},{"@type":"ListItem","position":2,"name":"Cannes 2021 &#8211; Prix des critiques arabes: Meilleur sc\u00e9nario pour \u00ab\u00a0L&rsquo;homme qui a vendu sa peau\u00a0\u00bb"}]},{"@type":"WebSite","@id":"https:\/\/www.webdo.tn\/fr\/#website","url":"https:\/\/www.webdo.tn\/fr\/","name":"webdo","description":"Tunisie - News en Tunisie et \u00e0 l&#039;international sur Webdo.tn","publisher":{"@id":"https:\/\/www.webdo.tn\/fr\/#organization"},"potentialAction":[{"@type":"SearchAction","target":{"@type":"EntryPoint","urlTemplate":"https:\/\/www.webdo.tn\/fr\/?s={search_term_string}"},"query-input":{"@type":"PropertyValueSpecification","valueRequired":true,"valueName":"search_term_string"}}],"inLanguage":"fr-FR"},{"@type":"Organization","@id":"https:\/\/www.webdo.tn\/fr\/#organization","name":"Webdo","alternateName":"Webdo.tn","url":"https:\/\/www.webdo.tn\/fr\/","logo":{"@type":"ImageObject","inLanguage":"fr-FR","@id":"https:\/\/www.webdo.tn\/fr\/#\/schema\/logo\/image\/","url":"https:\/\/www.webdo.tn\/fr\/wp-content\/uploads\/2025\/06\/Webdo-Tunisie_168377.jpg","contentUrl":"https:\/\/www.webdo.tn\/fr\/wp-content\/uploads\/2025\/06\/Webdo-Tunisie_168377.jpg","width":301,"height":301,"caption":"Webdo"},"image":{"@id":"https:\/\/www.webdo.tn\/fr\/#\/schema\/logo\/image\/"},"sameAs":["https:\/\/www.facebook.com\/webdotn","https:\/\/x.com\/webdo_tn"],"description":"Webdo est un m\u00e9dia num\u00e9rique tunisien fond\u00e9 en 2010, sp\u00e9cialis\u00e9 dans l\u2019actualit\u00e9 nationale et internationale, l\u2019\u00e9conomie, la soci\u00e9t\u00e9 et les analyses politiques. Le site s\u2019adresse \u00e0 un large public francophone et couvre l\u2019information tunisienne en temps r\u00e9el.","email":"redac@webdo.tn","legalName":"YNJ SARL","foundingDate":"2010-09-06","numberOfEmployees":{"@type":"QuantitativeValue","minValue":"11","maxValue":"50"}},{"@type":"Person","@id":"https:\/\/www.webdo.tn\/fr\/#\/schema\/person\/60d5ba619ed3f58783b0dc82b7dada80","name":"Ne\u00efla DRISS","image":{"@type":"ImageObject","inLanguage":"fr-FR","@id":"https:\/\/www.webdo.tn\/fr\/wp-content\/uploads\/2026\/04\/neila-driss_avatar-96x96.jpg","url":"https:\/\/www.webdo.tn\/fr\/wp-content\/uploads\/2026\/04\/neila-driss_avatar-96x96.jpg","contentUrl":"https:\/\/www.webdo.tn\/fr\/wp-content\/uploads\/2026\/04\/neila-driss_avatar-96x96.jpg","caption":"Ne\u00efla DRISS"},"description":"Ne\u00efla Driss est juriste, journaliste culturelle et critique de cin\u00e9ma tunisienne. Titulaire d\u2019un DEA en droit priv\u00e9 de l\u2019Universit\u00e9 Paris II et d\u2019un DESS de l\u2019IHEC Carthage, elle d\u00e9bute sa carri\u00e8re comme juriste sp\u00e9cialis\u00e9e en gestion de patrimoine immobilier. Elle s\u2019oriente ensuite vers l\u2019\u00e9criture en ligne, o\u00f9 elle se distingue d\u00e8s 2006 aux Tunisia Blog Awards, avant de se consacrer au journalisme culturel, avec une sp\u00e9cialisation dans la critique cin\u00e9matographique. Elle couvre r\u00e9guli\u00e8rement les grands festivals internationaux, notamment le Festival de Cannes, les Journ\u00e9es Cin\u00e9matographiques de Carthage et le Festival du film du Caire. Membre de l\u2019ATPCC et de la FIPRESCI, elle participe \u00e0 des jurys et initiatives internationales de critique. Depuis 2024, elle est \u00e9lectrice internationale aux Golden Globes. Facebook : https:\/\/www.facebook.com\/massir.destiniii\/ X : https:\/\/x.com\/MassirDestin","sameAs":["https:\/\/www.facebook.com\/massir.destiniii\/","https:\/\/www.instagram.com\/neila.driss\/?hl=fr","https:\/\/www.linkedin.com\/in\/neila-driss-22606a80\/","https:\/\/x.com\/https:\/\/x.com\/MassirDestin"],"knowsAbout":["Cin\u00e9ma international","critique cin\u00e9matographique","festivals de cin\u00e9ma","journalisme culturel"],"knowsLanguage":["Fran\u00e7ais","Arabe","Anglais"],"jobTitle":"Journaliste culturelle et critique de cin\u00e9ma","worksFor":"Webdo","url":"https:\/\/www.webdo.tn\/fr\/actualite\/author\/neila-driss\/"}]}},"_links":{"self":[{"href":"https:\/\/www.webdo.tn\/fr\/wp-json\/wp\/v2\/posts\/199975","targetHints":{"allow":["GET"]}}],"collection":[{"href":"https:\/\/www.webdo.tn\/fr\/wp-json\/wp\/v2\/posts"}],"about":[{"href":"https:\/\/www.webdo.tn\/fr\/wp-json\/wp\/v2\/types\/post"}],"author":[{"embeddable":true,"href":"https:\/\/www.webdo.tn\/fr\/wp-json\/wp\/v2\/users\/3164"}],"replies":[{"embeddable":true,"href":"https:\/\/www.webdo.tn\/fr\/wp-json\/wp\/v2\/comments?post=199975"}],"version-history":[{"count":0,"href":"https:\/\/www.webdo.tn\/fr\/wp-json\/wp\/v2\/posts\/199975\/revisions"}],"wp:featuredmedia":[{"embeddable":true,"href":"https:\/\/www.webdo.tn\/fr\/wp-json\/wp\/v2\/media\/368218"}],"wp:attachment":[{"href":"https:\/\/www.webdo.tn\/fr\/wp-json\/wp\/v2\/media?parent=199975"}],"wp:term":[{"taxonomy":"category","embeddable":true,"href":"https:\/\/www.webdo.tn\/fr\/wp-json\/wp\/v2\/categories?post=199975"},{"taxonomy":"post_tag","embeddable":true,"href":"https:\/\/www.webdo.tn\/fr\/wp-json\/wp\/v2\/tags?post=199975"}],"curies":[{"name":"wp","href":"https:\/\/api.w.org\/{rel}","templated":true}]}}