{"id":199974,"date":"2021-07-14T18:56:00","date_gmt":"2021-07-14T18:56:00","guid":{"rendered":"https:\/\/www.webdo.tn\/fr\/blog\/cannes-2021-une-histoire-damour-et-de-desir-de-leyla-bouzid-en-cloture-de-la-semaine-de-la-critique\/199974\/"},"modified":"2021-07-14T18:56:00","modified_gmt":"2021-07-14T18:56:00","slug":"cannes-2021-une-histoire-damour-et-de-desir-de-leyla-bouzid-en-cloture-de-la-semaine-de-la-critique","status":"publish","type":"post","link":"https:\/\/www.webdo.tn\/fr\/actualite\/culture\/cannes-2021-une-histoire-damour-et-de-desir-de-leyla-bouzid-en-cloture-de-la-semaine-de-la-critique\/199974\/","title":{"rendered":"Cannes 2021 &#8211; \u00ab\u00a0Une histoire d&rsquo;amour et de d\u00e9sir\u00a0\u00bb de Leyla Bouzid en cl\u00f4ture de La Semaine de la Critique"},"content":{"rendered":"<div class=\"single-body entry-content typography-copy\" itemprop=\"articleBody\">\n<p style=\"font-weight: bold; text-align: justify\">\n<div class=\"coprs\" style=\"text-align: center\"><\/div>\n<div class=\"coprs\" style=\"text-align: justify\">\n<p><em>Une histoire d&rsquo;amour et de d\u00e9sir<\/em>, r\u00e9alis\u00e9 par Leyla Bouzid, \u00e9tait le film de cl\u00f4ture de la 60\u00e8me \u00e9dition de la Semaine de la Critique, une section parall\u00e8le du festival de Cannes.<\/p>\n<p>M. Charles Tesson, D\u00e9l\u00e9gu\u00e9 g\u00e9n\u00e9ral, a pr\u00e9sent\u00e9 le film en la pr\u00e9sence de la r\u00e9alisatrice et de quelques membres de son \u00e9quipe. Pour voir la vid\u00e9o et l&rsquo;\u00e9couter, <a href=\"https:\/\/www.facebook.com\/massir.destiniii\/videos\/504018553993376\">cliquez ici<\/a>.<\/p>\n<p><strong>Synopsis:<\/strong> Ahmed, 18 ans, fran\u00e7ais d\u2019origine alg\u00e9rienne, a grandi en banlieue parisienne. Sur les bancs de la fac, il rencontre Farah, une jeune tunisienne pleine d\u2019\u00e9nergie fra\u00eechement d\u00e9barqu\u00e9e \u00e0 Paris. Tout en d\u00e9couvrant un corpus de litt\u00e9rature arabe sensuelle et \u00e9rotique dont il ne soup\u00e7onnait pas l\u2019existence, Ahmed tombe tr\u00e8s amoureux d&rsquo;elle et bien que litt\u00e9ralement submerg\u00e9 par le d\u00e9sir, il va tenter d\u2019y r\u00e9sister.<\/p>\n<p><strong>Ne\u00efla Driss<\/strong><\/p>\n<p><em>Lire sur le m\u00eame sujet:<\/em><\/p>\n<ul>\n<li><a href=\"https:\/\/www.webdo.tn\/2021\/01\/10\/festival-de-cannes-la-74eme-edition-pourrait-etre-reportee-a-lete-2021\/#.YN7az-gzY2w\">Festival de Cannes \u2013 La 74\u00e8me \u00e9dition pourrait \u00eatre report\u00e9e \u00e0 l\u2019\u00e9t\u00e9 2021<\/a><\/li>\n<li><a href=\"https:\/\/www.webdo.tn\/2021\/01\/27\/cest-officiel-la-74eme-edition-du-festival-de-cannes-aura-lieu-en-juillet-2021\/#.YN7eDUw682w\">C\u2019est officiel, la 74\u00e8me \u00e9dition du Festival de Cannes aura lieu en juillet 2021<\/a><\/li>\n<li><a href=\"https:\/\/www.webdo.tn\/2021\/06\/17\/cannes-2021-laffiche-de-la-74eme-edition-devoilee\/#.YN7cZ-gzY2w\">Cannes 2021 \u2013 L\u2019affiche de la 74\u00e8me \u00e9dition d\u00e9voil\u00e9e.<\/a><\/li>\n<li><a href=\"https:\/\/www.webdo.tn\/2021\/06\/18\/cannes-2021-kaouther-ben-hania-membre-du-jury-courts-metrages\/\" rel=\"bookmark\" title=\"Cannes 2021 \u2013 Kaouther Ben Hania, membre du Jury Courts M\u00e9trages\">Cannes 2021 \u2013 Kaouther Ben Hania, membre du Jury Courts M\u00e9trages<\/a><\/li>\n<li><a href=\"https:\/\/www.webdo.tn\/2021\/07\/02\/cannes-2021-des-regles-sanitaires-strictes-pour-assurer-le-bon-deroulement-du-festival\/#.YOCDtugzY2w\">Cannes 2021 \u2013 Des r\u00e8gles sanitaires strictes pour assurer le bon d\u00e9roulement du festival<\/a><\/li>\n<li><a href=\"https:\/\/www.webdo.tn\/2021\/07\/05\/les-rendez-vous-du-cinema-arabe-au-festival-de-cannes-2021\/#.YOpRUugzY2w\">Les rendez-vous du cin\u00e9ma arabe au Festival de Cannes 2021<\/a><\/li>\n<li><a href=\"https:\/\/www.webdo.tn\/2021\/07\/12\/cannes-2021-deux-films-deux-manieres-de-denoncer-les-abus-sexuels\/#.YOzI5-gzY2w\">Cannes 2021 \u2013 Deux films, deux mani\u00e8res de d\u00e9noncer les abus sexuels<\/a><\/li>\n<li><a href=\"https:\/\/www.webdo.tn\/2021\/07\/07\/cannes-2021-une-ceremonie-qui-annonce-le-retour-a-la-vie-grace-a-la-magie-du-cinema\/\">Cannes 2021 \u2013 Une c\u00e9r\u00e9monie qui annonce le retour \u00e0 la vie gr\u00e2ce \u00e0 la magie du cin\u00e9ma<\/a><\/li>\n<li><a href=\"https:\/\/www.webdo.tn\/2021\/07\/13\/cannes-2021-prix-des-critiques-arabes-meilleur-scenario-pour-lhomme-qui-a-vendu-sa-peau\/#.YO8jDugzY2w\">Cannes 2021 \u2013 Prix des critiques arabes: Meilleur sc\u00e9nario pour \u00ab\u00a0L\u2019homme qui a vendu sa peau\u00a0\u00bb<\/a><\/li>\n<\/ul><\/div>\n<div class=\"coprs\" style=\"text-align: center\"><\/div><\/div>\n","protected":false},"excerpt":{"rendered":"<p>Cannes 2021 &#8211;  Une histoire d&rsquo;amour et de d\u00e9sir  de Leyla Bouzid en cl\u00f4ture de La Semaine de la Critique<\/p>\n","protected":false},"author":3164,"featured_media":368189,"comment_status":"open","ping_status":"closed","sticky":false,"template":"","format":"standard","meta":{"footnotes":""},"categories":[2594],"tags":[9083,2626,2656,2628,2627,4408],"class_list":["post-199974","post","type-post","status-publish","format-standard","has-post-thumbnail","hentry","category-culture","tag-cannes-2021","tag-cinema","tag-cinema-tunisien","tag-festival","tag-festival-de-cannes","tag-film-tunisien"],"yoast_head":"<!-- This site is optimized with the Yoast SEO Premium plugin v27.5 (Yoast SEO v27.5) - https:\/\/yoast.com\/product\/yoast-seo-premium-wordpress\/ -->\n<title>Cannes 2021 - Une histoire d&#039;amour et de d\u00e9sir de Leyla Bouzid en cl\u00f4ture de La Semaine de la Critique<\/title>\n<meta name=\"description\" content=\"Cannes 2021 - Une histoire d&#039;amour et de d\u00e9sir de Leyla Bouzid en cl\u00f4ture de La Semaine de la Critique\" \/>\n<link rel=\"canonical\" href=\"https:\/\/www.webdo.tn\/fr\/actualite\/culture\/cannes-2021-une-histoire-damour-et-de-desir-de-leyla-bouzid-en-cloture-de-la-semaine-de-la-critique\/199974\/\" \/>\n<meta property=\"og:locale\" content=\"fr_FR\" \/>\n<meta property=\"og:type\" content=\"article\" \/>\n<meta property=\"og:title\" content=\"Cannes 2021 - &quot;Une histoire d&#039;amour et de d\u00e9sir&quot; de Leyla Bouzid en cl\u00f4ture de La Semaine de la Critique\" \/>\n<meta property=\"og:description\" content=\"Cannes 2021 - Une histoire d&#039;amour et de d\u00e9sir de Leyla Bouzid en cl\u00f4ture de La Semaine de la Critique\" \/>\n<meta property=\"og:url\" content=\"https:\/\/www.webdo.tn\/fr\/actualite\/culture\/cannes-2021-une-histoire-damour-et-de-desir-de-leyla-bouzid-en-cloture-de-la-semaine-de-la-critique\/199974\/\" \/>\n<meta property=\"og:site_name\" content=\"webdo\" \/>\n<meta property=\"article:publisher\" content=\"https:\/\/www.facebook.com\/webdotn\" \/>\n<meta property=\"article:author\" content=\"https:\/\/www.facebook.com\/massir.destiniii\/\" \/>\n<meta property=\"article:published_time\" content=\"2021-07-14T18:56:00+00:00\" \/>\n<meta property=\"og:image\" content=\"https:\/\/www.webdo.tn\/fr\/wp-content\/uploads\/2025\/06\/Une-histoire-damour-et-de-desir-1024x429_199974.jpg\" \/>\n\t<meta property=\"og:image:width\" content=\"1024\" \/>\n\t<meta property=\"og:image:height\" content=\"429\" \/>\n\t<meta property=\"og:image:type\" content=\"image\/jpeg\" \/>\n<meta name=\"author\" content=\"Ne\u00efla DRISS\" \/>\n<meta name=\"twitter:card\" content=\"summary_large_image\" \/>\n<meta name=\"twitter:creator\" content=\"@https:\/\/x.com\/MassirDestin\" \/>\n<meta name=\"twitter:site\" content=\"@webdo_tn\" \/>\n<meta name=\"twitter:label1\" content=\"\u00c9crit par\" \/>\n\t<meta name=\"twitter:data1\" content=\"Ne\u00efla DRISS\" \/>\n\t<meta name=\"twitter:label2\" content=\"Dur\u00e9e de lecture estim\u00e9e\" \/>\n\t<meta name=\"twitter:data2\" content=\"1 minute\" \/>\n<script type=\"application\/ld+json\" class=\"yoast-schema-graph\">{\"@context\":\"https:\\\/\\\/schema.org\",\"@graph\":[{\"@type\":\"NewsArticle\",\"@id\":\"https:\\\/\\\/www.webdo.tn\\\/fr\\\/actualite\\\/culture\\\/cannes-2021-une-histoire-damour-et-de-desir-de-leyla-bouzid-en-cloture-de-la-semaine-de-la-critique\\\/199974\\\/#article\",\"isPartOf\":{\"@id\":\"https:\\\/\\\/www.webdo.tn\\\/fr\\\/actualite\\\/culture\\\/cannes-2021-une-histoire-damour-et-de-desir-de-leyla-bouzid-en-cloture-de-la-semaine-de-la-critique\\\/199974\\\/\"},\"author\":{\"name\":\"Ne\u00efla DRISS\",\"@id\":\"https:\\\/\\\/www.webdo.tn\\\/fr\\\/#\\\/schema\\\/person\\\/60d5ba619ed3f58783b0dc82b7dada80\"},\"headline\":\"Cannes 2021 &#8211; \u00ab\u00a0Une histoire d&rsquo;amour et de d\u00e9sir\u00a0\u00bb de Leyla Bouzid en cl\u00f4ture de La Semaine de la Critique\",\"datePublished\":\"2021-07-14T18:56:00+00:00\",\"mainEntityOfPage\":{\"@id\":\"https:\\\/\\\/www.webdo.tn\\\/fr\\\/actualite\\\/culture\\\/cannes-2021-une-histoire-damour-et-de-desir-de-leyla-bouzid-en-cloture-de-la-semaine-de-la-critique\\\/199974\\\/\"},\"wordCount\":303,\"commentCount\":0,\"publisher\":{\"@id\":\"https:\\\/\\\/www.webdo.tn\\\/fr\\\/#organization\"},\"image\":{\"@id\":\"https:\\\/\\\/www.webdo.tn\\\/fr\\\/actualite\\\/culture\\\/cannes-2021-une-histoire-damour-et-de-desir-de-leyla-bouzid-en-cloture-de-la-semaine-de-la-critique\\\/199974\\\/#primaryimage\"},\"thumbnailUrl\":\"https:\\\/\\\/www.webdo.tn\\\/fr\\\/wp-content\\\/uploads\\\/2025\\\/06\\\/Une-histoire-damour-et-de-desir-1024x429_199974.jpg\",\"keywords\":[\"Cannes 2021\",\"Cin\u00e9ma\",\"cin\u00e9ma tunisien\",\"Festival\",\"Festival de Cannes\",\"Film tunisien\"],\"articleSection\":[\"Culture\"],\"inLanguage\":\"fr-FR\"},{\"@type\":\"WebPage\",\"@id\":\"https:\\\/\\\/www.webdo.tn\\\/fr\\\/actualite\\\/culture\\\/cannes-2021-une-histoire-damour-et-de-desir-de-leyla-bouzid-en-cloture-de-la-semaine-de-la-critique\\\/199974\\\/\",\"url\":\"https:\\\/\\\/www.webdo.tn\\\/fr\\\/actualite\\\/culture\\\/cannes-2021-une-histoire-damour-et-de-desir-de-leyla-bouzid-en-cloture-de-la-semaine-de-la-critique\\\/199974\\\/\",\"name\":\"Cannes 2021 - Une histoire d'amour et de d\u00e9sir de Leyla Bouzid en cl\u00f4ture de La Semaine de la Critique\",\"isPartOf\":{\"@id\":\"https:\\\/\\\/www.webdo.tn\\\/fr\\\/#website\"},\"primaryImageOfPage\":{\"@id\":\"https:\\\/\\\/www.webdo.tn\\\/fr\\\/actualite\\\/culture\\\/cannes-2021-une-histoire-damour-et-de-desir-de-leyla-bouzid-en-cloture-de-la-semaine-de-la-critique\\\/199974\\\/#primaryimage\"},\"image\":{\"@id\":\"https:\\\/\\\/www.webdo.tn\\\/fr\\\/actualite\\\/culture\\\/cannes-2021-une-histoire-damour-et-de-desir-de-leyla-bouzid-en-cloture-de-la-semaine-de-la-critique\\\/199974\\\/#primaryimage\"},\"thumbnailUrl\":\"https:\\\/\\\/www.webdo.tn\\\/fr\\\/wp-content\\\/uploads\\\/2025\\\/06\\\/Une-histoire-damour-et-de-desir-1024x429_199974.jpg\",\"datePublished\":\"2021-07-14T18:56:00+00:00\",\"description\":\"Cannes 2021 - Une histoire d'amour et de d\u00e9sir de Leyla Bouzid en cl\u00f4ture de La Semaine de la Critique\",\"breadcrumb\":{\"@id\":\"https:\\\/\\\/www.webdo.tn\\\/fr\\\/actualite\\\/culture\\\/cannes-2021-une-histoire-damour-et-de-desir-de-leyla-bouzid-en-cloture-de-la-semaine-de-la-critique\\\/199974\\\/#breadcrumb\"},\"inLanguage\":\"fr-FR\",\"potentialAction\":[{\"@type\":\"ReadAction\",\"target\":[\"https:\\\/\\\/www.webdo.tn\\\/fr\\\/actualite\\\/culture\\\/cannes-2021-une-histoire-damour-et-de-desir-de-leyla-bouzid-en-cloture-de-la-semaine-de-la-critique\\\/199974\\\/\"]}]},{\"@type\":\"ImageObject\",\"inLanguage\":\"fr-FR\",\"@id\":\"https:\\\/\\\/www.webdo.tn\\\/fr\\\/actualite\\\/culture\\\/cannes-2021-une-histoire-damour-et-de-desir-de-leyla-bouzid-en-cloture-de-la-semaine-de-la-critique\\\/199974\\\/#primaryimage\",\"url\":\"https:\\\/\\\/www.webdo.tn\\\/fr\\\/wp-content\\\/uploads\\\/2025\\\/06\\\/Une-histoire-damour-et-de-desir-1024x429_199974.jpg\",\"contentUrl\":\"https:\\\/\\\/www.webdo.tn\\\/fr\\\/wp-content\\\/uploads\\\/2025\\\/06\\\/Une-histoire-damour-et-de-desir-1024x429_199974.jpg\",\"width\":1024,\"height\":429,\"caption\":\"Cannes 2021 - \\\"Une histoire d'amour et de d\u00e9sir\\\" de Leyla Bouzid en cl\u00f4ture de La Semaine de la Critique\"},{\"@type\":\"BreadcrumbList\",\"@id\":\"https:\\\/\\\/www.webdo.tn\\\/fr\\\/actualite\\\/culture\\\/cannes-2021-une-histoire-damour-et-de-desir-de-leyla-bouzid-en-cloture-de-la-semaine-de-la-critique\\\/199974\\\/#breadcrumb\",\"itemListElement\":[{\"@type\":\"ListItem\",\"position\":1,\"name\":\"Accueil\",\"item\":\"https:\\\/\\\/www.webdo.tn\\\/fr\\\/\"},{\"@type\":\"ListItem\",\"position\":2,\"name\":\"Cannes 2021 &#8211; \u00ab\u00a0Une histoire d&rsquo;amour et de d\u00e9sir\u00a0\u00bb de Leyla Bouzid en cl\u00f4ture de La Semaine de la Critique\"}]},{\"@type\":\"WebSite\",\"@id\":\"https:\\\/\\\/www.webdo.tn\\\/fr\\\/#website\",\"url\":\"https:\\\/\\\/www.webdo.tn\\\/fr\\\/\",\"name\":\"webdo\",\"description\":\"Tunisie - News en Tunisie et \u00e0 l&#039;international sur Webdo.tn\",\"publisher\":{\"@id\":\"https:\\\/\\\/www.webdo.tn\\\/fr\\\/#organization\"},\"potentialAction\":[{\"@type\":\"SearchAction\",\"target\":{\"@type\":\"EntryPoint\",\"urlTemplate\":\"https:\\\/\\\/www.webdo.tn\\\/fr\\\/?s={search_term_string}\"},\"query-input\":{\"@type\":\"PropertyValueSpecification\",\"valueRequired\":true,\"valueName\":\"search_term_string\"}}],\"inLanguage\":\"fr-FR\"},{\"@type\":\"Organization\",\"@id\":\"https:\\\/\\\/www.webdo.tn\\\/fr\\\/#organization\",\"name\":\"Webdo\",\"alternateName\":\"Webdo.tn\",\"url\":\"https:\\\/\\\/www.webdo.tn\\\/fr\\\/\",\"logo\":{\"@type\":\"ImageObject\",\"inLanguage\":\"fr-FR\",\"@id\":\"https:\\\/\\\/www.webdo.tn\\\/fr\\\/#\\\/schema\\\/logo\\\/image\\\/\",\"url\":\"https:\\\/\\\/www.webdo.tn\\\/fr\\\/wp-content\\\/uploads\\\/2025\\\/06\\\/Webdo-Tunisie_168377.jpg\",\"contentUrl\":\"https:\\\/\\\/www.webdo.tn\\\/fr\\\/wp-content\\\/uploads\\\/2025\\\/06\\\/Webdo-Tunisie_168377.jpg\",\"width\":301,\"height\":301,\"caption\":\"Webdo\"},\"image\":{\"@id\":\"https:\\\/\\\/www.webdo.tn\\\/fr\\\/#\\\/schema\\\/logo\\\/image\\\/\"},\"sameAs\":[\"https:\\\/\\\/www.facebook.com\\\/webdotn\",\"https:\\\/\\\/x.com\\\/webdo_tn\"],\"description\":\"Webdo est un m\u00e9dia num\u00e9rique tunisien fond\u00e9 en 2010, sp\u00e9cialis\u00e9 dans l\u2019actualit\u00e9 nationale et internationale, l\u2019\u00e9conomie, la soci\u00e9t\u00e9 et les analyses politiques. Le site s\u2019adresse \u00e0 un large public francophone et couvre l\u2019information tunisienne en temps r\u00e9el.\",\"email\":\"redac@webdo.tn\",\"legalName\":\"YNJ SARL\",\"foundingDate\":\"2010-09-06\",\"numberOfEmployees\":{\"@type\":\"QuantitativeValue\",\"minValue\":\"11\",\"maxValue\":\"50\"}},{\"@type\":\"Person\",\"@id\":\"https:\\\/\\\/www.webdo.tn\\\/fr\\\/#\\\/schema\\\/person\\\/60d5ba619ed3f58783b0dc82b7dada80\",\"name\":\"Ne\u00efla DRISS\",\"image\":{\"@type\":\"ImageObject\",\"inLanguage\":\"fr-FR\",\"@id\":\"https:\\\/\\\/www.webdo.tn\\\/fr\\\/wp-content\\\/uploads\\\/2026\\\/04\\\/neila-driss_avatar-96x96.jpg\",\"url\":\"https:\\\/\\\/www.webdo.tn\\\/fr\\\/wp-content\\\/uploads\\\/2026\\\/04\\\/neila-driss_avatar-96x96.jpg\",\"contentUrl\":\"https:\\\/\\\/www.webdo.tn\\\/fr\\\/wp-content\\\/uploads\\\/2026\\\/04\\\/neila-driss_avatar-96x96.jpg\",\"caption\":\"Ne\u00efla DRISS\"},\"description\":\"Ne\u00efla Driss est juriste, journaliste culturelle et critique de cin\u00e9ma tunisienne. Titulaire d\u2019un DEA en droit priv\u00e9 de l\u2019Universit\u00e9 Paris II et d\u2019un DESS de l\u2019IHEC Carthage, elle d\u00e9bute sa carri\u00e8re comme juriste sp\u00e9cialis\u00e9e en gestion de patrimoine immobilier. Elle s\u2019oriente ensuite vers l\u2019\u00e9criture en ligne, o\u00f9 elle se distingue d\u00e8s 2006 aux Tunisia Blog Awards, avant de se consacrer au journalisme culturel, avec une sp\u00e9cialisation dans la critique cin\u00e9matographique. Elle couvre r\u00e9guli\u00e8rement les grands festivals internationaux, notamment le Festival de Cannes, les Journ\u00e9es Cin\u00e9matographiques de Carthage et le Festival du film du Caire. Membre de l\u2019ATPCC et de la FIPRESCI, elle participe \u00e0 des jurys et initiatives internationales de critique. Depuis 2024, elle est \u00e9lectrice internationale aux Golden Globes. Facebook : https:\\\/\\\/www.facebook.com\\\/massir.destiniii\\\/ X : https:\\\/\\\/x.com\\\/MassirDestin\",\"sameAs\":[\"https:\\\/\\\/www.facebook.com\\\/massir.destiniii\\\/\",\"https:\\\/\\\/www.instagram.com\\\/neila.driss\\\/?hl=fr\",\"https:\\\/\\\/www.linkedin.com\\\/in\\\/neila-driss-22606a80\\\/\",\"https:\\\/\\\/x.com\\\/https:\\\/\\\/x.com\\\/MassirDestin\"],\"knowsAbout\":[\"Cin\u00e9ma international\",\"critique cin\u00e9matographique\",\"festivals de cin\u00e9ma\",\"journalisme culturel\"],\"knowsLanguage\":[\"Fran\u00e7ais\",\"Arabe\",\"Anglais\"],\"jobTitle\":\"Journaliste culturelle et critique de cin\u00e9ma\",\"worksFor\":\"Webdo\",\"url\":\"https:\\\/\\\/www.webdo.tn\\\/fr\\\/actualite\\\/author\\\/neila-driss\\\/\"}]}<\/script>\n<!-- \/ Yoast SEO Premium plugin. -->","yoast_head_json":{"title":"Cannes 2021 - Une histoire d'amour et de d\u00e9sir de Leyla Bouzid en cl\u00f4ture de La Semaine de la Critique","description":"Cannes 2021 - Une histoire d'amour et de d\u00e9sir de Leyla Bouzid en cl\u00f4ture de La Semaine de la Critique","canonical":"https:\/\/www.webdo.tn\/fr\/actualite\/culture\/cannes-2021-une-histoire-damour-et-de-desir-de-leyla-bouzid-en-cloture-de-la-semaine-de-la-critique\/199974\/","og_locale":"fr_FR","og_type":"article","og_title":"Cannes 2021 - \"Une histoire d'amour et de d\u00e9sir\" de Leyla Bouzid en cl\u00f4ture de La Semaine de la Critique","og_description":"Cannes 2021 - Une histoire d'amour et de d\u00e9sir de Leyla Bouzid en cl\u00f4ture de La Semaine de la Critique","og_url":"https:\/\/www.webdo.tn\/fr\/actualite\/culture\/cannes-2021-une-histoire-damour-et-de-desir-de-leyla-bouzid-en-cloture-de-la-semaine-de-la-critique\/199974\/","og_site_name":"webdo","article_publisher":"https:\/\/www.facebook.com\/webdotn","article_author":"https:\/\/www.facebook.com\/massir.destiniii\/","article_published_time":"2021-07-14T18:56:00+00:00","og_image":[{"width":1024,"height":429,"url":"https:\/\/www.webdo.tn\/fr\/wp-content\/uploads\/2025\/06\/Une-histoire-damour-et-de-desir-1024x429_199974.jpg","type":"image\/jpeg"}],"author":"Ne\u00efla DRISS","twitter_card":"summary_large_image","twitter_creator":"@https:\/\/x.com\/MassirDestin","twitter_site":"@webdo_tn","twitter_misc":{"\u00c9crit par":"Ne\u00efla DRISS","Dur\u00e9e de lecture estim\u00e9e":"1 minute"},"schema":{"@context":"https:\/\/schema.org","@graph":[{"@type":"NewsArticle","@id":"https:\/\/www.webdo.tn\/fr\/actualite\/culture\/cannes-2021-une-histoire-damour-et-de-desir-de-leyla-bouzid-en-cloture-de-la-semaine-de-la-critique\/199974\/#article","isPartOf":{"@id":"https:\/\/www.webdo.tn\/fr\/actualite\/culture\/cannes-2021-une-histoire-damour-et-de-desir-de-leyla-bouzid-en-cloture-de-la-semaine-de-la-critique\/199974\/"},"author":{"name":"Ne\u00efla DRISS","@id":"https:\/\/www.webdo.tn\/fr\/#\/schema\/person\/60d5ba619ed3f58783b0dc82b7dada80"},"headline":"Cannes 2021 &#8211; \u00ab\u00a0Une histoire d&rsquo;amour et de d\u00e9sir\u00a0\u00bb de Leyla Bouzid en cl\u00f4ture de La Semaine de la Critique","datePublished":"2021-07-14T18:56:00+00:00","mainEntityOfPage":{"@id":"https:\/\/www.webdo.tn\/fr\/actualite\/culture\/cannes-2021-une-histoire-damour-et-de-desir-de-leyla-bouzid-en-cloture-de-la-semaine-de-la-critique\/199974\/"},"wordCount":303,"commentCount":0,"publisher":{"@id":"https:\/\/www.webdo.tn\/fr\/#organization"},"image":{"@id":"https:\/\/www.webdo.tn\/fr\/actualite\/culture\/cannes-2021-une-histoire-damour-et-de-desir-de-leyla-bouzid-en-cloture-de-la-semaine-de-la-critique\/199974\/#primaryimage"},"thumbnailUrl":"https:\/\/www.webdo.tn\/fr\/wp-content\/uploads\/2025\/06\/Une-histoire-damour-et-de-desir-1024x429_199974.jpg","keywords":["Cannes 2021","Cin\u00e9ma","cin\u00e9ma tunisien","Festival","Festival de Cannes","Film tunisien"],"articleSection":["Culture"],"inLanguage":"fr-FR"},{"@type":"WebPage","@id":"https:\/\/www.webdo.tn\/fr\/actualite\/culture\/cannes-2021-une-histoire-damour-et-de-desir-de-leyla-bouzid-en-cloture-de-la-semaine-de-la-critique\/199974\/","url":"https:\/\/www.webdo.tn\/fr\/actualite\/culture\/cannes-2021-une-histoire-damour-et-de-desir-de-leyla-bouzid-en-cloture-de-la-semaine-de-la-critique\/199974\/","name":"Cannes 2021 - Une histoire d'amour et de d\u00e9sir de Leyla Bouzid en cl\u00f4ture de La Semaine de la Critique","isPartOf":{"@id":"https:\/\/www.webdo.tn\/fr\/#website"},"primaryImageOfPage":{"@id":"https:\/\/www.webdo.tn\/fr\/actualite\/culture\/cannes-2021-une-histoire-damour-et-de-desir-de-leyla-bouzid-en-cloture-de-la-semaine-de-la-critique\/199974\/#primaryimage"},"image":{"@id":"https:\/\/www.webdo.tn\/fr\/actualite\/culture\/cannes-2021-une-histoire-damour-et-de-desir-de-leyla-bouzid-en-cloture-de-la-semaine-de-la-critique\/199974\/#primaryimage"},"thumbnailUrl":"https:\/\/www.webdo.tn\/fr\/wp-content\/uploads\/2025\/06\/Une-histoire-damour-et-de-desir-1024x429_199974.jpg","datePublished":"2021-07-14T18:56:00+00:00","description":"Cannes 2021 - Une histoire d'amour et de d\u00e9sir de Leyla Bouzid en cl\u00f4ture de La Semaine de la Critique","breadcrumb":{"@id":"https:\/\/www.webdo.tn\/fr\/actualite\/culture\/cannes-2021-une-histoire-damour-et-de-desir-de-leyla-bouzid-en-cloture-de-la-semaine-de-la-critique\/199974\/#breadcrumb"},"inLanguage":"fr-FR","potentialAction":[{"@type":"ReadAction","target":["https:\/\/www.webdo.tn\/fr\/actualite\/culture\/cannes-2021-une-histoire-damour-et-de-desir-de-leyla-bouzid-en-cloture-de-la-semaine-de-la-critique\/199974\/"]}]},{"@type":"ImageObject","inLanguage":"fr-FR","@id":"https:\/\/www.webdo.tn\/fr\/actualite\/culture\/cannes-2021-une-histoire-damour-et-de-desir-de-leyla-bouzid-en-cloture-de-la-semaine-de-la-critique\/199974\/#primaryimage","url":"https:\/\/www.webdo.tn\/fr\/wp-content\/uploads\/2025\/06\/Une-histoire-damour-et-de-desir-1024x429_199974.jpg","contentUrl":"https:\/\/www.webdo.tn\/fr\/wp-content\/uploads\/2025\/06\/Une-histoire-damour-et-de-desir-1024x429_199974.jpg","width":1024,"height":429,"caption":"Cannes 2021 - \"Une histoire d'amour et de d\u00e9sir\" de Leyla Bouzid en cl\u00f4ture de La Semaine de la Critique"},{"@type":"BreadcrumbList","@id":"https:\/\/www.webdo.tn\/fr\/actualite\/culture\/cannes-2021-une-histoire-damour-et-de-desir-de-leyla-bouzid-en-cloture-de-la-semaine-de-la-critique\/199974\/#breadcrumb","itemListElement":[{"@type":"ListItem","position":1,"name":"Accueil","item":"https:\/\/www.webdo.tn\/fr\/"},{"@type":"ListItem","position":2,"name":"Cannes 2021 &#8211; \u00ab\u00a0Une histoire d&rsquo;amour et de d\u00e9sir\u00a0\u00bb de Leyla Bouzid en cl\u00f4ture de La Semaine de la Critique"}]},{"@type":"WebSite","@id":"https:\/\/www.webdo.tn\/fr\/#website","url":"https:\/\/www.webdo.tn\/fr\/","name":"webdo","description":"Tunisie - News en Tunisie et \u00e0 l&#039;international sur Webdo.tn","publisher":{"@id":"https:\/\/www.webdo.tn\/fr\/#organization"},"potentialAction":[{"@type":"SearchAction","target":{"@type":"EntryPoint","urlTemplate":"https:\/\/www.webdo.tn\/fr\/?s={search_term_string}"},"query-input":{"@type":"PropertyValueSpecification","valueRequired":true,"valueName":"search_term_string"}}],"inLanguage":"fr-FR"},{"@type":"Organization","@id":"https:\/\/www.webdo.tn\/fr\/#organization","name":"Webdo","alternateName":"Webdo.tn","url":"https:\/\/www.webdo.tn\/fr\/","logo":{"@type":"ImageObject","inLanguage":"fr-FR","@id":"https:\/\/www.webdo.tn\/fr\/#\/schema\/logo\/image\/","url":"https:\/\/www.webdo.tn\/fr\/wp-content\/uploads\/2025\/06\/Webdo-Tunisie_168377.jpg","contentUrl":"https:\/\/www.webdo.tn\/fr\/wp-content\/uploads\/2025\/06\/Webdo-Tunisie_168377.jpg","width":301,"height":301,"caption":"Webdo"},"image":{"@id":"https:\/\/www.webdo.tn\/fr\/#\/schema\/logo\/image\/"},"sameAs":["https:\/\/www.facebook.com\/webdotn","https:\/\/x.com\/webdo_tn"],"description":"Webdo est un m\u00e9dia num\u00e9rique tunisien fond\u00e9 en 2010, sp\u00e9cialis\u00e9 dans l\u2019actualit\u00e9 nationale et internationale, l\u2019\u00e9conomie, la soci\u00e9t\u00e9 et les analyses politiques. Le site s\u2019adresse \u00e0 un large public francophone et couvre l\u2019information tunisienne en temps r\u00e9el.","email":"redac@webdo.tn","legalName":"YNJ SARL","foundingDate":"2010-09-06","numberOfEmployees":{"@type":"QuantitativeValue","minValue":"11","maxValue":"50"}},{"@type":"Person","@id":"https:\/\/www.webdo.tn\/fr\/#\/schema\/person\/60d5ba619ed3f58783b0dc82b7dada80","name":"Ne\u00efla DRISS","image":{"@type":"ImageObject","inLanguage":"fr-FR","@id":"https:\/\/www.webdo.tn\/fr\/wp-content\/uploads\/2026\/04\/neila-driss_avatar-96x96.jpg","url":"https:\/\/www.webdo.tn\/fr\/wp-content\/uploads\/2026\/04\/neila-driss_avatar-96x96.jpg","contentUrl":"https:\/\/www.webdo.tn\/fr\/wp-content\/uploads\/2026\/04\/neila-driss_avatar-96x96.jpg","caption":"Ne\u00efla DRISS"},"description":"Ne\u00efla Driss est juriste, journaliste culturelle et critique de cin\u00e9ma tunisienne. Titulaire d\u2019un DEA en droit priv\u00e9 de l\u2019Universit\u00e9 Paris II et d\u2019un DESS de l\u2019IHEC Carthage, elle d\u00e9bute sa carri\u00e8re comme juriste sp\u00e9cialis\u00e9e en gestion de patrimoine immobilier. Elle s\u2019oriente ensuite vers l\u2019\u00e9criture en ligne, o\u00f9 elle se distingue d\u00e8s 2006 aux Tunisia Blog Awards, avant de se consacrer au journalisme culturel, avec une sp\u00e9cialisation dans la critique cin\u00e9matographique. Elle couvre r\u00e9guli\u00e8rement les grands festivals internationaux, notamment le Festival de Cannes, les Journ\u00e9es Cin\u00e9matographiques de Carthage et le Festival du film du Caire. Membre de l\u2019ATPCC et de la FIPRESCI, elle participe \u00e0 des jurys et initiatives internationales de critique. Depuis 2024, elle est \u00e9lectrice internationale aux Golden Globes. Facebook : https:\/\/www.facebook.com\/massir.destiniii\/ X : https:\/\/x.com\/MassirDestin","sameAs":["https:\/\/www.facebook.com\/massir.destiniii\/","https:\/\/www.instagram.com\/neila.driss\/?hl=fr","https:\/\/www.linkedin.com\/in\/neila-driss-22606a80\/","https:\/\/x.com\/https:\/\/x.com\/MassirDestin"],"knowsAbout":["Cin\u00e9ma international","critique cin\u00e9matographique","festivals de cin\u00e9ma","journalisme culturel"],"knowsLanguage":["Fran\u00e7ais","Arabe","Anglais"],"jobTitle":"Journaliste culturelle et critique de cin\u00e9ma","worksFor":"Webdo","url":"https:\/\/www.webdo.tn\/fr\/actualite\/author\/neila-driss\/"}]}},"_links":{"self":[{"href":"https:\/\/www.webdo.tn\/fr\/wp-json\/wp\/v2\/posts\/199974","targetHints":{"allow":["GET"]}}],"collection":[{"href":"https:\/\/www.webdo.tn\/fr\/wp-json\/wp\/v2\/posts"}],"about":[{"href":"https:\/\/www.webdo.tn\/fr\/wp-json\/wp\/v2\/types\/post"}],"author":[{"embeddable":true,"href":"https:\/\/www.webdo.tn\/fr\/wp-json\/wp\/v2\/users\/3164"}],"replies":[{"embeddable":true,"href":"https:\/\/www.webdo.tn\/fr\/wp-json\/wp\/v2\/comments?post=199974"}],"version-history":[{"count":0,"href":"https:\/\/www.webdo.tn\/fr\/wp-json\/wp\/v2\/posts\/199974\/revisions"}],"wp:featuredmedia":[{"embeddable":true,"href":"https:\/\/www.webdo.tn\/fr\/wp-json\/wp\/v2\/media\/368189"}],"wp:attachment":[{"href":"https:\/\/www.webdo.tn\/fr\/wp-json\/wp\/v2\/media?parent=199974"}],"wp:term":[{"taxonomy":"category","embeddable":true,"href":"https:\/\/www.webdo.tn\/fr\/wp-json\/wp\/v2\/categories?post=199974"},{"taxonomy":"post_tag","embeddable":true,"href":"https:\/\/www.webdo.tn\/fr\/wp-json\/wp\/v2\/tags?post=199974"}],"curies":[{"name":"wp","href":"https:\/\/api.w.org\/{rel}","templated":true}]}}