{"id":199970,"date":"2021-07-02T11:40:00","date_gmt":"2021-07-02T11:40:00","guid":{"rendered":"https:\/\/www.webdo.tn\/fr\/blog\/cannes-2021-des-regles-sanitaires-strictes-pour-assurer-le-bon-deroulement-du-festival\/199970\/"},"modified":"2021-07-02T11:40:00","modified_gmt":"2021-07-02T11:40:00","slug":"cannes-2021-des-regles-sanitaires-strictes-pour-assurer-le-bon-deroulement-du-festival","status":"publish","type":"post","link":"https:\/\/www.webdo.tn\/fr\/actualite\/culture\/cannes-2021-des-regles-sanitaires-strictes-pour-assurer-le-bon-deroulement-du-festival\/199970\/","title":{"rendered":"Cannes 2021 \u2013 Des r\u00e8gles sanitaires strictes pour assurer le bon d\u00e9roulement du festival"},"content":{"rendered":"<div class=\"single-body entry-content typography-copy\" itemprop=\"articleBody\">\n<p style=\"font-weight: bold; text-align: justify\">\n<div class=\"coprs\" style=\"text-align: center\"><\/div>\n<div class=\"coprs\" style=\"text-align: justify\">\n\t\t\t\t\t\t\t\t\t\u00a0<\/p>\n<p>\u00a0<\/p>\n<p><img decoding=\"async\" class=\" wp-image-273896 alignleft\" src=\"http:\/\/www.webdo.tn\/wp-content\/uploads\/2021\/06\/CANNES-2021_SIGNATURES-Bleue.jpg\" alt=\"Cannes 2021\" width=\"103\" height=\"386\">Plus que trois jours, <a href=\"https:\/\/www.webdo.tn\/2020\/04\/14\/le-festival-de-cannes-2020-naura-pas-lieu-sous-sa-forme-initiale\/#.YN7gOkw682x\">et apr\u00e8s un an d\u2019absence due \u00e0 la pand\u00e9mie de la Covid 19,<\/a> le Festival de Cannes revient, mais en prenant des mesures sanitaires drastiques pour assurer la s\u00e9curit\u00e9 de tous les festivaliers.<\/p>\n<p>La plus grande f\u00eate du cin\u00e9ma au monde aura donc lieu. Il y aura comme pour chaque \u00e9dition de tr\u00e8s beaux films dans les diverses sections du festival, dont certains sont tr\u00e8s attendus, comme <em>Annette<\/em> la com\u00e9die musicale r\u00e9alis\u00e9e par Leos Carax, qui sera pr\u00e9sent\u00e9e \u00e0 l&rsquo;ouverture et en comp\u00e9tition dans la s\u00e9lection officielle, <em>Le h\u00e9ros<\/em> d\u2019Asghar Farhadi, dont le film <em>Le client<\/em> avait remport\u00e9 lors de l\u2019\u00e9dition 2016 les prix du Meilleur acteur et du Meilleur sc\u00e9nario (sans oublier l\u2019Oscar du Meilleur film en langue \u00e9trang\u00e8re en 2017), <em>Benedetta<\/em> de Paul Verhoeven, <em>Haut et fort<\/em> de <a href=\"https:\/\/www.webdo.tn\/2018\/08\/28\/nabil-ayouch-je-ne-choisis-pas-mes-films-ce-sont-mes-films-qui-me-choisissent\/#.YN7rsugzY2w\">Nabil Ayouch<\/a>, premier long m\u00e9trage de fiction marocain \u00e0 concourir pour la Palme d\u2019Or et bien sur le film de cl\u00f4ture <em>OSS 117 : Alerte rouge en Afrique noire,<\/em> r\u00e9alis\u00e9 par Nicolas Bedos.<\/p>\n<p>Jodie Foster, Matt Damon, Isabelle Huppert, Marco Bellocchio et Steve McQueen et un invit\u00e9 surprise, dont le nom n\u2019a pas encore \u00e9t\u00e9 d\u00e9voil\u00e9, seront \u00e9galement en \u00ab Rendez-vous \u00bb \u2026 au Festival de Cannes. Les festivaliers seront convi\u00e9s \u00e0 \u00e9couter et \u00e9changer avec ces invit\u00e9s prestigieux qui partageront avec eux quelques secrets de leur travail et leur passion du cin\u00e9ma.<\/p>\n<p>R\u00e9alisatrice et com\u00e9dienne deux fois oscaris\u00e9e, Jodie Foster, invit\u00e9e d\u2019honneur de la C\u00e9r\u00e9monie d\u2019ouverture, recevra une Palme d\u2019or d\u2019honneur le 6 juillet, \u00e0 la veille de sa rencontre avec le public.<\/p>\n<p><img decoding=\"async\" class=\"aligncenter size-large wp-image-275017\" src=\"http:\/\/www.webdo.tn\/wp-content\/uploads\/2021\/07\/Rendez-vous-avec...-1024x682.jpg\" alt=\"Cannes 2021\" width=\"696\" height=\"464\"><\/p>\n<p>Chaque ann\u00e9e depuis 2013, je suis heureuse et impatiente de couvrir le festival de Cannes, et de vivre pendant quelques jours son ambiance f\u00e9\u00e9rique et tr\u00e8s particuli\u00e8re. Je suis passionn\u00e9e de cin\u00e9ma, et le Festival de Cannes est LE grand \u00e9v\u00e8nement cin\u00e9ma \u00e0 ne pas rater. En 2020, ma d\u00e9ception avait \u00e9t\u00e9 tr\u00e8s grande lorsque la 73<sup>\u00e8me<\/sup> \u00e9dition avait \u00e9t\u00e9 annul\u00e9e, mais il avait \u00e9t\u00e9 impossible de faire autrement. Pendant des mois, je m\u2019\u00e9tais demand\u00e9e si j\u2019aurais la chance de pouvoir participer \u00e0 l\u2019\u00e9dition 2021 si elle avait lieu. J\u2019avais bien s\u00fbr fait ma demande d\u2019accr\u00e9ditation, mais le doute persistait. Toutefois, j\u2019avais perdu tout espoir lorsque le 9 juin, la France avait class\u00e9 la Tunisie en zone orange et avait pos\u00e9 des conditions pour voyager que je ne pouvais pas remplir. D\u2019ailleurs, je me demandais qui, \u00e0 part quelques europ\u00e9ens et am\u00e9ricains, pourrait y assister, vu que la plupart des pays \u00e9taient class\u00e9s en zone orange et que dans ces pays, rares \u00e9taient ceux qui avaient \u00e9t\u00e9 vaccin\u00e9s.<\/p>\n<p>Mais il y a quelques jours, le festival de Cannes a envoy\u00e9 \u00e0 tous les accr\u00e9dit\u00e9s, r\u00e9sidant en zone orange, une attestation de d\u00e9placement en France pour \u00ab Grands \u00e9v\u00e8nements \u00bb.<\/p>\n<p>Quelle belle surprise\u00a0!<\/p>\n<p>Il a fallu s\u2019organiser presque dans l\u2019urgence, d\u2019autant plus qu\u2019il fallait \u00eatre sur place une semaine avant l\u2019ouverture du festival, \u00e0 cause des sept jours de quarantaine obligatoire pour toute personne non vaccin\u00e9e.<\/p>\n<p>Soucieuse du bon d\u00e9roulement de cette \u00e9dition Cannes 2021 et de la sant\u00e9 de tous les festivaliers, la direction du festival a \u00e9tabli des r\u00e8gles et des proc\u00e9dures sanitaires tr\u00e8s strictes.<\/p>\n<p>Pour acc\u00e9der au festival, chaque festivalier devra pr\u00e9senter l&rsquo;un des trois justificatifs suivants de non-contamination au Covid-19 :<\/p>\n<ul>\n<li>Une attestation de sch\u00e9ma vaccinal complet d&rsquo;un vaccin reconnu par l&rsquo;Agence europ\u00e9enne des m\u00e9dicaments (EMA).<\/li>\n<li>La preuve d&rsquo;une immunit\u00e9 acquise, par la pr\u00e9sentation d&rsquo;un test RT-PCR ou antig\u00e9nique positif, datant d&rsquo;au moins 15 jours et de moins de 6 mois.<\/li>\n<li>Un test PCR ou antig\u00e9nique n\u00e9gatif de moins de 48 heures (\u00e0 renouveler toutes les 48 heures pendant toute la dur\u00e9e du festival). Toutefois, afin de faciliter l&rsquo;acc\u00e8s aux tests, un laboratoire d\u00e9di\u00e9 \u00e0 forte capacit\u00e9 sera \u00e0 disposition des festivaliers \u00e0 proximit\u00e9 imm\u00e9diate du Palais, il proposera des tests PCR, dont les r\u00e9sultats seront envoy\u00e9s par mail dans les 6 heures. Ces tests sont gratuits pour tous les festivaliers.<\/li>\n<\/ul>\n<p>Par ailleurs, dans le Palais des Festivals, toutes les mesures ont \u00e9t\u00e9 prises afin que chacun puisse circuler librement et en toute s\u00e9curit\u00e9 :<\/p>\n<ul>\n<li>Les installations de climatisation ont \u00e9t\u00e9 audit\u00e9es et reconnues conformes pour l&rsquo;accueil du public en p\u00e9riode de pand\u00e9mie. Elles fonctionneront 24h\/24 pour permettre un renouvellement continu de l&rsquo;air.<\/li>\n<li>Les proc\u00e9dures de nettoyage seront renforc\u00e9es, et les points de contact seront d\u00e9sinfect\u00e9s quotidiennement avec des produits virucides.<\/li>\n<li>Les contacts rapproch\u00e9s et la manipulation d&rsquo;objets seront limit\u00e9s gr\u00e2ce notamment \u00e0 la g\u00e9n\u00e9ralisation de la billetterie d\u00e9mat\u00e9rialis\u00e9e \u00e0 toutes les s\u00e9ances, et le transfert sur support num\u00e9rique de la majorit\u00e9 des publications.<\/li>\n<li>Afin de limiter les files d&rsquo;attente devant les salles, toutes les s\u00e9ances du Festival sont d\u00e9sormais accessibles sur billetterie avec pr\u00e9-r\u00e9servations en ligne. D\u00e8s lors qu&rsquo;une place a \u00e9t\u00e9 attribu\u00e9e pour une s\u00e9ance, elle est garantie, et un cr\u00e9neau horaire d&rsquo;acc\u00e8s \u00e0 la salle est indiqu\u00e9 sur le billet.<\/li>\n<\/ul>\n<p>Evidemment, le masque sera obligatoire dans toute la zone Festival et il est demand\u00e9 \u00e0 tous de respecter les autres gestes barri\u00e8res.<\/p>\n<p>Par ailleurs, une cellule m\u00e9dicale sera pr\u00e9sente en permanence dans la zone festival pour assister les personnes qui en auraient besoin (sympt\u00f4mes Covid ou autres) et un service de conciergerie m\u00e9dicale en ligne, accessible 24\/24 et 7\/7, permettra d&rsquo;avoir acc\u00e8s \u00e0 des t\u00e9l\u00e9consultations bilingues et gratuites.<\/p>\n<p>Bien s\u00fbr, toutes ces mesures sont rassurantes, et en temps de pand\u00e9mie, la sant\u00e9 est la priorit\u00e9 de tous. Mais auront-elles un impact sur le d\u00e9roulement, l\u2019ambiance et l\u2019identit\u00e9 du festival\u00a0? Est-ce que, comme pour les ann\u00e9es pr\u00e9c\u00e9dentes, il y aura foule au festival\u00a0?<\/p>\n<p>Est-ce que les sept jours de quarantaine et les test PCR tous les deux jours d\u00e9courageront certains professionnels \u00e0 faire le d\u00e9placement ?<\/p>\n<figure id=\"attachment_275014\" aria-describedby=\"caption-attachment-275014\" style=\"width: 696px\" class=\"wp-caption aligncenter\"><img decoding=\"async\" class=\"size-large wp-image-275014\" src=\"http:\/\/www.webdo.tn\/wp-content\/uploads\/2021\/07\/Cannes-2019-File-dattente-768x1024.jpg\" alt=\"\" width=\"696\" height=\"928\"><figcaption id=\"caption-attachment-275014\" class=\"wp-caption-text\">Cannes 2019 &#8211; File d&rsquo;attente pour le film \u00ab\u00a0Once Upon a Time\u2026 in Hollywood\u00a0\u00bb de Quentin Tarentino (Photo: Allocin\u00e9)<\/figcaption><\/figure>\n<p>Concernant l\u2019acc\u00e8s aux salles, je suis d\u2019un c\u00f4t\u00e9 tr\u00e8s contente que le festival ait enfin trouv\u00e9 une solution aux longues heures qu\u2019on perdait dans les files d\u2019attentes, mais d\u2019un autre c\u00f4t\u00e9, je le d\u00e9plore un peu. Il est \u00e9vident que passer jusqu\u2019\u00e0 deux heures et plus \u00e0 attendre, et parfois sans m\u00eame pouvoir acc\u00e9der \u00e0 une projection, n\u2019est pas agr\u00e9able et fait perdre \u00e9norm\u00e9ment de temps, mais souvent c\u2019\u00e9tait l\u2019occasion de faire connaissance avec d\u2019autres festivaliers, journalistes ou professionnels du cin\u00e9ma, de discuter, de commenter et critiquer des films, de faire des pronostics\u2026. Ces moments pass\u00e9s avec des inconnus, venus de tous les pays du monde, \u00e9taient non seulement tr\u00e8s agr\u00e9ables, mais aussi tr\u00e8s int\u00e9ressants et permettaient d\u2019avoir des points de vue diff\u00e9rents et parfois m\u00eame de mieux comprendre le contexte d\u2019un film lorsqu\u2019expliqu\u00e9 par une personne ayant sa nationalit\u00e9. Est-ce que cette convivialit\u00e9 sera aussi pr\u00e9sente lors de cette \u00e9dition sans files d\u2019attente ?<\/p>\n<p>Le festival a annonc\u00e9 que les publications papiers seront r\u00e9duites. Est-ce que les magazines de cin\u00e9ma habituels seront distribu\u00e9s ou pas\u00a0? Les dossiers de presse\u00a0des films\u00a0? Les programmes quotidiens des projections\u00a0? Y aura-t-il quand m\u00eame un catalogue pour cette \u00e9dition\u00a0? J\u2019esp\u00e8re que oui. J\u2019aime le feuilleter, j\u2019aime lire les pr\u00e9sentations de chaque film, j\u2019aime les annoter, y \u00e9crire au crayon mes impressions\u2026 Depuis 2013, je garde pr\u00e9cieusement les catalogues de chaque \u00e9dition. Je les collectionne. Ils repr\u00e9sentent un peu ce qui reste apr\u00e8s la fin d\u2019une \u00e9dition. Ils permettent en quelques sortes d\u2019en perp\u00e9tuer le souvenir. Je les consulte d\u2019ailleurs de temps en temps lorsque je veux me souvenir d\u2019un film\u2026<\/p>\n<p><strong>Ne\u00efla Driss<\/strong><\/p>\n<p><em>Lire sur le m\u00eame sujet:<\/em><\/p>\n<ul>\n<li class=\"entry-title\"><a href=\"https:\/\/www.webdo.tn\/2021\/01\/10\/festival-de-cannes-la-74eme-edition-pourrait-etre-reportee-a-lete-2021\/#.YN7az-gzY2w\">Festival de Cannes \u2013 La 74\u00e8me \u00e9dition pourrait \u00eatre report\u00e9e \u00e0 l\u2019\u00e9t\u00e9 2021<\/a><\/li>\n<li class=\"entry-title\"><a href=\"https:\/\/www.webdo.tn\/2021\/01\/27\/cest-officiel-la-74eme-edition-du-festival-de-cannes-aura-lieu-en-juillet-2021\/#.YN7eDUw682w\">C\u2019est officiel, la 74\u00e8me \u00e9dition du Festival de Cannes aura lieu en juillet 2021<\/a><\/li>\n<li class=\"entry-title td-module-title\"><a href=\"https:\/\/www.webdo.tn\/2021\/06\/17\/cannes-2021-laffiche-de-la-74eme-edition-devoilee\/#.YN7cZ-gzY2w\">Cannes 2021 \u2013 L\u2019affiche de la 74\u00e8me \u00e9dition d\u00e9voil\u00e9e.<\/a><\/li>\n<li class=\"entry-title td-module-title\"><a title=\"Cannes 2021 \u2013 Kaouther Ben Hania, membre du Jury Courts M\u00e9trages\" href=\"https:\/\/www.webdo.tn\/2021\/06\/18\/cannes-2021-kaouther-ben-hania-membre-du-jury-courts-metrages\/\" rel=\"bookmark\">Cannes 2021 \u2013 Kaouther Ben Hania, membre du Jury Courts M\u00e9trages<\/a><br \/>\n<h3 class=\"entry-title td-module-title\"><\/h3>\n<\/li>\n<\/ul><\/div>\n<div class=\"coprs\" style=\"text-align: center\"><\/div><\/div>\n","protected":false},"excerpt":{"rendered":"<p>Cannes 2021 \u2013 Des r\u00e8gles sanitaires strictes pour assurer le bon d\u00e9roulement du festival<\/p>\n","protected":false},"author":3164,"featured_media":368367,"comment_status":"open","ping_status":"closed","sticky":false,"template":"","format":"standard","meta":{"footnotes":""},"categories":[2594],"tags":[],"class_list":["post-199970","post","type-post","status-publish","format-standard","has-post-thumbnail","hentry","category-culture"],"yoast_head":"<!-- This site is optimized with the Yoast SEO Premium plugin v27.4 (Yoast SEO v27.4) - https:\/\/yoast.com\/product\/yoast-seo-premium-wordpress\/ -->\n<title>Cannes 2021 \u2013 Des r\u00e8gles sanitaires strictes pour assurer le bon d\u00e9roulement du festival<\/title>\n<meta name=\"description\" content=\"Cannes 2021 \u2013 Des r\u00e8gles sanitaires strictes pour assurer le bon d\u00e9roulement du festival\" \/>\n<link rel=\"canonical\" href=\"https:\/\/www.webdo.tn\/fr\/actualite\/culture\/cannes-2021-des-regles-sanitaires-strictes-pour-assurer-le-bon-deroulement-du-festival\/199970\/\" \/>\n<meta property=\"og:locale\" content=\"fr_FR\" \/>\n<meta property=\"og:type\" content=\"article\" \/>\n<meta property=\"og:title\" content=\"Cannes 2021 \u2013 Des r\u00e8gles sanitaires strictes pour assurer le bon d\u00e9roulement du festival\" \/>\n<meta property=\"og:description\" content=\"Cannes 2021 \u2013 Des r\u00e8gles sanitaires strictes pour assurer le bon d\u00e9roulement du festival\" \/>\n<meta property=\"og:url\" content=\"https:\/\/www.webdo.tn\/fr\/actualite\/culture\/cannes-2021-des-regles-sanitaires-strictes-pour-assurer-le-bon-deroulement-du-festival\/199970\/\" \/>\n<meta property=\"og:site_name\" content=\"webdo\" \/>\n<meta property=\"article:publisher\" content=\"https:\/\/www.facebook.com\/webdotn\" \/>\n<meta property=\"article:author\" content=\"https:\/\/www.facebook.com\/massir.destiniii\/\" \/>\n<meta property=\"article:published_time\" content=\"2021-07-02T11:40:00+00:00\" \/>\n<meta property=\"og:image\" content=\"https:\/\/www.webdo.tn\/fr\/wp-content\/uploads\/2025\/06\/Affiche-2021-Paysage_199970.jpg\" \/>\n\t<meta property=\"og:image:width\" content=\"998\" \/>\n\t<meta property=\"og:image:height\" content=\"671\" \/>\n\t<meta property=\"og:image:type\" content=\"image\/jpeg\" \/>\n<meta name=\"author\" content=\"Ne\u00efla DRISS\" \/>\n<meta name=\"twitter:card\" content=\"summary_large_image\" \/>\n<meta name=\"twitter:creator\" content=\"@https:\/\/x.com\/MassirDestin\" \/>\n<meta name=\"twitter:site\" content=\"@webdo_tn\" \/>\n<meta name=\"twitter:label1\" content=\"\u00c9crit par\" \/>\n\t<meta name=\"twitter:data1\" content=\"Ne\u00efla DRISS\" \/>\n\t<meta name=\"twitter:label2\" content=\"Dur\u00e9e de lecture estim\u00e9e\" \/>\n\t<meta name=\"twitter:data2\" content=\"7 minutes\" \/>\n<script type=\"application\/ld+json\" class=\"yoast-schema-graph\">{\"@context\":\"https:\\\/\\\/schema.org\",\"@graph\":[{\"@type\":\"NewsArticle\",\"@id\":\"https:\\\/\\\/www.webdo.tn\\\/fr\\\/actualite\\\/culture\\\/cannes-2021-des-regles-sanitaires-strictes-pour-assurer-le-bon-deroulement-du-festival\\\/199970\\\/#article\",\"isPartOf\":{\"@id\":\"https:\\\/\\\/www.webdo.tn\\\/fr\\\/actualite\\\/culture\\\/cannes-2021-des-regles-sanitaires-strictes-pour-assurer-le-bon-deroulement-du-festival\\\/199970\\\/\"},\"author\":{\"name\":\"Ne\u00efla DRISS\",\"@id\":\"https:\\\/\\\/www.webdo.tn\\\/fr\\\/#\\\/schema\\\/person\\\/60d5ba619ed3f58783b0dc82b7dada80\"},\"headline\":\"Cannes 2021 \u2013 Des r\u00e8gles sanitaires strictes pour assurer le bon d\u00e9roulement du festival\",\"datePublished\":\"2021-07-02T11:40:00+00:00\",\"mainEntityOfPage\":{\"@id\":\"https:\\\/\\\/www.webdo.tn\\\/fr\\\/actualite\\\/culture\\\/cannes-2021-des-regles-sanitaires-strictes-pour-assurer-le-bon-deroulement-du-festival\\\/199970\\\/\"},\"wordCount\":1455,\"commentCount\":0,\"publisher\":{\"@id\":\"https:\\\/\\\/www.webdo.tn\\\/fr\\\/#organization\"},\"image\":{\"@id\":\"https:\\\/\\\/www.webdo.tn\\\/fr\\\/actualite\\\/culture\\\/cannes-2021-des-regles-sanitaires-strictes-pour-assurer-le-bon-deroulement-du-festival\\\/199970\\\/#primaryimage\"},\"thumbnailUrl\":\"https:\\\/\\\/www.webdo.tn\\\/fr\\\/wp-content\\\/uploads\\\/2025\\\/06\\\/Affiche-2021-Paysage_199970.jpg\",\"articleSection\":[\"Culture\"],\"inLanguage\":\"fr-FR\"},{\"@type\":\"WebPage\",\"@id\":\"https:\\\/\\\/www.webdo.tn\\\/fr\\\/actualite\\\/culture\\\/cannes-2021-des-regles-sanitaires-strictes-pour-assurer-le-bon-deroulement-du-festival\\\/199970\\\/\",\"url\":\"https:\\\/\\\/www.webdo.tn\\\/fr\\\/actualite\\\/culture\\\/cannes-2021-des-regles-sanitaires-strictes-pour-assurer-le-bon-deroulement-du-festival\\\/199970\\\/\",\"name\":\"Cannes 2021 \u2013 Des r\u00e8gles sanitaires strictes pour assurer le bon d\u00e9roulement du festival\",\"isPartOf\":{\"@id\":\"https:\\\/\\\/www.webdo.tn\\\/fr\\\/#website\"},\"primaryImageOfPage\":{\"@id\":\"https:\\\/\\\/www.webdo.tn\\\/fr\\\/actualite\\\/culture\\\/cannes-2021-des-regles-sanitaires-strictes-pour-assurer-le-bon-deroulement-du-festival\\\/199970\\\/#primaryimage\"},\"image\":{\"@id\":\"https:\\\/\\\/www.webdo.tn\\\/fr\\\/actualite\\\/culture\\\/cannes-2021-des-regles-sanitaires-strictes-pour-assurer-le-bon-deroulement-du-festival\\\/199970\\\/#primaryimage\"},\"thumbnailUrl\":\"https:\\\/\\\/www.webdo.tn\\\/fr\\\/wp-content\\\/uploads\\\/2025\\\/06\\\/Affiche-2021-Paysage_199970.jpg\",\"datePublished\":\"2021-07-02T11:40:00+00:00\",\"description\":\"Cannes 2021 \u2013 Des r\u00e8gles sanitaires strictes pour assurer le bon d\u00e9roulement du festival\",\"breadcrumb\":{\"@id\":\"https:\\\/\\\/www.webdo.tn\\\/fr\\\/actualite\\\/culture\\\/cannes-2021-des-regles-sanitaires-strictes-pour-assurer-le-bon-deroulement-du-festival\\\/199970\\\/#breadcrumb\"},\"inLanguage\":\"fr-FR\",\"potentialAction\":[{\"@type\":\"ReadAction\",\"target\":[\"https:\\\/\\\/www.webdo.tn\\\/fr\\\/actualite\\\/culture\\\/cannes-2021-des-regles-sanitaires-strictes-pour-assurer-le-bon-deroulement-du-festival\\\/199970\\\/\"]}]},{\"@type\":\"ImageObject\",\"inLanguage\":\"fr-FR\",\"@id\":\"https:\\\/\\\/www.webdo.tn\\\/fr\\\/actualite\\\/culture\\\/cannes-2021-des-regles-sanitaires-strictes-pour-assurer-le-bon-deroulement-du-festival\\\/199970\\\/#primaryimage\",\"url\":\"https:\\\/\\\/www.webdo.tn\\\/fr\\\/wp-content\\\/uploads\\\/2025\\\/06\\\/Affiche-2021-Paysage_199970.jpg\",\"contentUrl\":\"https:\\\/\\\/www.webdo.tn\\\/fr\\\/wp-content\\\/uploads\\\/2025\\\/06\\\/Affiche-2021-Paysage_199970.jpg\",\"width\":998,\"height\":671,\"caption\":\"Cannes 2021 \u2013 Des r\u00e8gles sanitaires strictes pour assurer le bon d\u00e9roulement du festival\"},{\"@type\":\"BreadcrumbList\",\"@id\":\"https:\\\/\\\/www.webdo.tn\\\/fr\\\/actualite\\\/culture\\\/cannes-2021-des-regles-sanitaires-strictes-pour-assurer-le-bon-deroulement-du-festival\\\/199970\\\/#breadcrumb\",\"itemListElement\":[{\"@type\":\"ListItem\",\"position\":1,\"name\":\"Accueil\",\"item\":\"https:\\\/\\\/www.webdo.tn\\\/fr\\\/\"},{\"@type\":\"ListItem\",\"position\":2,\"name\":\"Cannes 2021 \u2013 Des r\u00e8gles sanitaires strictes pour assurer le bon d\u00e9roulement du festival\"}]},{\"@type\":\"WebSite\",\"@id\":\"https:\\\/\\\/www.webdo.tn\\\/fr\\\/#website\",\"url\":\"https:\\\/\\\/www.webdo.tn\\\/fr\\\/\",\"name\":\"webdo\",\"description\":\"Tunisie - News en Tunisie et \u00e0 l&#039;international sur Webdo.tn\",\"publisher\":{\"@id\":\"https:\\\/\\\/www.webdo.tn\\\/fr\\\/#organization\"},\"potentialAction\":[{\"@type\":\"SearchAction\",\"target\":{\"@type\":\"EntryPoint\",\"urlTemplate\":\"https:\\\/\\\/www.webdo.tn\\\/fr\\\/?s={search_term_string}\"},\"query-input\":{\"@type\":\"PropertyValueSpecification\",\"valueRequired\":true,\"valueName\":\"search_term_string\"}}],\"inLanguage\":\"fr-FR\"},{\"@type\":\"Organization\",\"@id\":\"https:\\\/\\\/www.webdo.tn\\\/fr\\\/#organization\",\"name\":\"Webdo\",\"alternateName\":\"Webdo.tn\",\"url\":\"https:\\\/\\\/www.webdo.tn\\\/fr\\\/\",\"logo\":{\"@type\":\"ImageObject\",\"inLanguage\":\"fr-FR\",\"@id\":\"https:\\\/\\\/www.webdo.tn\\\/fr\\\/#\\\/schema\\\/logo\\\/image\\\/\",\"url\":\"https:\\\/\\\/www.webdo.tn\\\/fr\\\/wp-content\\\/uploads\\\/2025\\\/06\\\/Webdo-Tunisie_168377.jpg\",\"contentUrl\":\"https:\\\/\\\/www.webdo.tn\\\/fr\\\/wp-content\\\/uploads\\\/2025\\\/06\\\/Webdo-Tunisie_168377.jpg\",\"width\":301,\"height\":301,\"caption\":\"Webdo\"},\"image\":{\"@id\":\"https:\\\/\\\/www.webdo.tn\\\/fr\\\/#\\\/schema\\\/logo\\\/image\\\/\"},\"sameAs\":[\"https:\\\/\\\/www.facebook.com\\\/webdotn\",\"https:\\\/\\\/x.com\\\/webdo_tn\"],\"description\":\"Webdo est un m\u00e9dia num\u00e9rique tunisien fond\u00e9 en 2010, sp\u00e9cialis\u00e9 dans l\u2019actualit\u00e9 nationale et internationale, l\u2019\u00e9conomie, la soci\u00e9t\u00e9 et les analyses politiques. Le site s\u2019adresse \u00e0 un large public francophone et couvre l\u2019information tunisienne en temps r\u00e9el.\",\"email\":\"redac@webdo.tn\",\"legalName\":\"YNJ SARL\",\"foundingDate\":\"2010-09-06\",\"numberOfEmployees\":{\"@type\":\"QuantitativeValue\",\"minValue\":\"11\",\"maxValue\":\"50\"}},{\"@type\":\"Person\",\"@id\":\"https:\\\/\\\/www.webdo.tn\\\/fr\\\/#\\\/schema\\\/person\\\/60d5ba619ed3f58783b0dc82b7dada80\",\"name\":\"Ne\u00efla DRISS\",\"image\":{\"@type\":\"ImageObject\",\"inLanguage\":\"fr-FR\",\"@id\":\"https:\\\/\\\/www.webdo.tn\\\/fr\\\/wp-content\\\/uploads\\\/2026\\\/04\\\/neila-driss_avatar-96x96.jpg\",\"url\":\"https:\\\/\\\/www.webdo.tn\\\/fr\\\/wp-content\\\/uploads\\\/2026\\\/04\\\/neila-driss_avatar-96x96.jpg\",\"contentUrl\":\"https:\\\/\\\/www.webdo.tn\\\/fr\\\/wp-content\\\/uploads\\\/2026\\\/04\\\/neila-driss_avatar-96x96.jpg\",\"caption\":\"Ne\u00efla DRISS\"},\"description\":\"Ne\u00efla Driss est juriste, journaliste culturelle et critique de cin\u00e9ma tunisienne. Titulaire d\u2019un DEA en droit priv\u00e9 de l\u2019Universit\u00e9 Paris II et d\u2019un DESS de l\u2019IHEC Carthage, elle d\u00e9bute sa carri\u00e8re comme juriste sp\u00e9cialis\u00e9e en gestion de patrimoine immobilier. Elle s\u2019oriente ensuite vers l\u2019\u00e9criture en ligne, o\u00f9 elle se distingue d\u00e8s 2006 aux Tunisia Blog Awards, avant de se consacrer au journalisme culturel, avec une sp\u00e9cialisation dans la critique cin\u00e9matographique. Elle couvre r\u00e9guli\u00e8rement les grands festivals internationaux, notamment le Festival de Cannes, les Journ\u00e9es Cin\u00e9matographiques de Carthage et le Festival du film du Caire. Membre de l\u2019ATPCC et de la FIPRESCI, elle participe \u00e0 des jurys et initiatives internationales de critique. Depuis 2024, elle est \u00e9lectrice internationale aux Golden Globes. Facebook : https:\\\/\\\/www.facebook.com\\\/massir.destiniii\\\/ X : https:\\\/\\\/x.com\\\/MassirDestin\",\"sameAs\":[\"https:\\\/\\\/www.facebook.com\\\/massir.destiniii\\\/\",\"https:\\\/\\\/www.instagram.com\\\/neila.driss\\\/?hl=fr\",\"https:\\\/\\\/www.linkedin.com\\\/in\\\/neila-driss-22606a80\\\/\",\"https:\\\/\\\/x.com\\\/https:\\\/\\\/x.com\\\/MassirDestin\"],\"knowsAbout\":[\"Cin\u00e9ma international\",\"critique cin\u00e9matographique\",\"festivals de cin\u00e9ma\",\"journalisme culturel\"],\"knowsLanguage\":[\"Fran\u00e7ais\",\"Arabe\",\"Anglais\"],\"jobTitle\":\"Journaliste culturelle et critique de cin\u00e9ma\",\"worksFor\":\"Webdo\",\"url\":\"https:\\\/\\\/www.webdo.tn\\\/fr\\\/actualite\\\/author\\\/neila-driss\\\/\"}]}<\/script>\n<!-- \/ Yoast SEO Premium plugin. -->","yoast_head_json":{"title":"Cannes 2021 \u2013 Des r\u00e8gles sanitaires strictes pour assurer le bon d\u00e9roulement du festival","description":"Cannes 2021 \u2013 Des r\u00e8gles sanitaires strictes pour assurer le bon d\u00e9roulement du festival","canonical":"https:\/\/www.webdo.tn\/fr\/actualite\/culture\/cannes-2021-des-regles-sanitaires-strictes-pour-assurer-le-bon-deroulement-du-festival\/199970\/","og_locale":"fr_FR","og_type":"article","og_title":"Cannes 2021 \u2013 Des r\u00e8gles sanitaires strictes pour assurer le bon d\u00e9roulement du festival","og_description":"Cannes 2021 \u2013 Des r\u00e8gles sanitaires strictes pour assurer le bon d\u00e9roulement du festival","og_url":"https:\/\/www.webdo.tn\/fr\/actualite\/culture\/cannes-2021-des-regles-sanitaires-strictes-pour-assurer-le-bon-deroulement-du-festival\/199970\/","og_site_name":"webdo","article_publisher":"https:\/\/www.facebook.com\/webdotn","article_author":"https:\/\/www.facebook.com\/massir.destiniii\/","article_published_time":"2021-07-02T11:40:00+00:00","og_image":[{"width":998,"height":671,"url":"https:\/\/www.webdo.tn\/fr\/wp-content\/uploads\/2025\/06\/Affiche-2021-Paysage_199970.jpg","type":"image\/jpeg"}],"author":"Ne\u00efla DRISS","twitter_card":"summary_large_image","twitter_creator":"@https:\/\/x.com\/MassirDestin","twitter_site":"@webdo_tn","twitter_misc":{"\u00c9crit par":"Ne\u00efla DRISS","Dur\u00e9e de lecture estim\u00e9e":"7 minutes"},"schema":{"@context":"https:\/\/schema.org","@graph":[{"@type":"NewsArticle","@id":"https:\/\/www.webdo.tn\/fr\/actualite\/culture\/cannes-2021-des-regles-sanitaires-strictes-pour-assurer-le-bon-deroulement-du-festival\/199970\/#article","isPartOf":{"@id":"https:\/\/www.webdo.tn\/fr\/actualite\/culture\/cannes-2021-des-regles-sanitaires-strictes-pour-assurer-le-bon-deroulement-du-festival\/199970\/"},"author":{"name":"Ne\u00efla DRISS","@id":"https:\/\/www.webdo.tn\/fr\/#\/schema\/person\/60d5ba619ed3f58783b0dc82b7dada80"},"headline":"Cannes 2021 \u2013 Des r\u00e8gles sanitaires strictes pour assurer le bon d\u00e9roulement du festival","datePublished":"2021-07-02T11:40:00+00:00","mainEntityOfPage":{"@id":"https:\/\/www.webdo.tn\/fr\/actualite\/culture\/cannes-2021-des-regles-sanitaires-strictes-pour-assurer-le-bon-deroulement-du-festival\/199970\/"},"wordCount":1455,"commentCount":0,"publisher":{"@id":"https:\/\/www.webdo.tn\/fr\/#organization"},"image":{"@id":"https:\/\/www.webdo.tn\/fr\/actualite\/culture\/cannes-2021-des-regles-sanitaires-strictes-pour-assurer-le-bon-deroulement-du-festival\/199970\/#primaryimage"},"thumbnailUrl":"https:\/\/www.webdo.tn\/fr\/wp-content\/uploads\/2025\/06\/Affiche-2021-Paysage_199970.jpg","articleSection":["Culture"],"inLanguage":"fr-FR"},{"@type":"WebPage","@id":"https:\/\/www.webdo.tn\/fr\/actualite\/culture\/cannes-2021-des-regles-sanitaires-strictes-pour-assurer-le-bon-deroulement-du-festival\/199970\/","url":"https:\/\/www.webdo.tn\/fr\/actualite\/culture\/cannes-2021-des-regles-sanitaires-strictes-pour-assurer-le-bon-deroulement-du-festival\/199970\/","name":"Cannes 2021 \u2013 Des r\u00e8gles sanitaires strictes pour assurer le bon d\u00e9roulement du festival","isPartOf":{"@id":"https:\/\/www.webdo.tn\/fr\/#website"},"primaryImageOfPage":{"@id":"https:\/\/www.webdo.tn\/fr\/actualite\/culture\/cannes-2021-des-regles-sanitaires-strictes-pour-assurer-le-bon-deroulement-du-festival\/199970\/#primaryimage"},"image":{"@id":"https:\/\/www.webdo.tn\/fr\/actualite\/culture\/cannes-2021-des-regles-sanitaires-strictes-pour-assurer-le-bon-deroulement-du-festival\/199970\/#primaryimage"},"thumbnailUrl":"https:\/\/www.webdo.tn\/fr\/wp-content\/uploads\/2025\/06\/Affiche-2021-Paysage_199970.jpg","datePublished":"2021-07-02T11:40:00+00:00","description":"Cannes 2021 \u2013 Des r\u00e8gles sanitaires strictes pour assurer le bon d\u00e9roulement du festival","breadcrumb":{"@id":"https:\/\/www.webdo.tn\/fr\/actualite\/culture\/cannes-2021-des-regles-sanitaires-strictes-pour-assurer-le-bon-deroulement-du-festival\/199970\/#breadcrumb"},"inLanguage":"fr-FR","potentialAction":[{"@type":"ReadAction","target":["https:\/\/www.webdo.tn\/fr\/actualite\/culture\/cannes-2021-des-regles-sanitaires-strictes-pour-assurer-le-bon-deroulement-du-festival\/199970\/"]}]},{"@type":"ImageObject","inLanguage":"fr-FR","@id":"https:\/\/www.webdo.tn\/fr\/actualite\/culture\/cannes-2021-des-regles-sanitaires-strictes-pour-assurer-le-bon-deroulement-du-festival\/199970\/#primaryimage","url":"https:\/\/www.webdo.tn\/fr\/wp-content\/uploads\/2025\/06\/Affiche-2021-Paysage_199970.jpg","contentUrl":"https:\/\/www.webdo.tn\/fr\/wp-content\/uploads\/2025\/06\/Affiche-2021-Paysage_199970.jpg","width":998,"height":671,"caption":"Cannes 2021 \u2013 Des r\u00e8gles sanitaires strictes pour assurer le bon d\u00e9roulement du festival"},{"@type":"BreadcrumbList","@id":"https:\/\/www.webdo.tn\/fr\/actualite\/culture\/cannes-2021-des-regles-sanitaires-strictes-pour-assurer-le-bon-deroulement-du-festival\/199970\/#breadcrumb","itemListElement":[{"@type":"ListItem","position":1,"name":"Accueil","item":"https:\/\/www.webdo.tn\/fr\/"},{"@type":"ListItem","position":2,"name":"Cannes 2021 \u2013 Des r\u00e8gles sanitaires strictes pour assurer le bon d\u00e9roulement du festival"}]},{"@type":"WebSite","@id":"https:\/\/www.webdo.tn\/fr\/#website","url":"https:\/\/www.webdo.tn\/fr\/","name":"webdo","description":"Tunisie - News en Tunisie et \u00e0 l&#039;international sur Webdo.tn","publisher":{"@id":"https:\/\/www.webdo.tn\/fr\/#organization"},"potentialAction":[{"@type":"SearchAction","target":{"@type":"EntryPoint","urlTemplate":"https:\/\/www.webdo.tn\/fr\/?s={search_term_string}"},"query-input":{"@type":"PropertyValueSpecification","valueRequired":true,"valueName":"search_term_string"}}],"inLanguage":"fr-FR"},{"@type":"Organization","@id":"https:\/\/www.webdo.tn\/fr\/#organization","name":"Webdo","alternateName":"Webdo.tn","url":"https:\/\/www.webdo.tn\/fr\/","logo":{"@type":"ImageObject","inLanguage":"fr-FR","@id":"https:\/\/www.webdo.tn\/fr\/#\/schema\/logo\/image\/","url":"https:\/\/www.webdo.tn\/fr\/wp-content\/uploads\/2025\/06\/Webdo-Tunisie_168377.jpg","contentUrl":"https:\/\/www.webdo.tn\/fr\/wp-content\/uploads\/2025\/06\/Webdo-Tunisie_168377.jpg","width":301,"height":301,"caption":"Webdo"},"image":{"@id":"https:\/\/www.webdo.tn\/fr\/#\/schema\/logo\/image\/"},"sameAs":["https:\/\/www.facebook.com\/webdotn","https:\/\/x.com\/webdo_tn"],"description":"Webdo est un m\u00e9dia num\u00e9rique tunisien fond\u00e9 en 2010, sp\u00e9cialis\u00e9 dans l\u2019actualit\u00e9 nationale et internationale, l\u2019\u00e9conomie, la soci\u00e9t\u00e9 et les analyses politiques. Le site s\u2019adresse \u00e0 un large public francophone et couvre l\u2019information tunisienne en temps r\u00e9el.","email":"redac@webdo.tn","legalName":"YNJ SARL","foundingDate":"2010-09-06","numberOfEmployees":{"@type":"QuantitativeValue","minValue":"11","maxValue":"50"}},{"@type":"Person","@id":"https:\/\/www.webdo.tn\/fr\/#\/schema\/person\/60d5ba619ed3f58783b0dc82b7dada80","name":"Ne\u00efla DRISS","image":{"@type":"ImageObject","inLanguage":"fr-FR","@id":"https:\/\/www.webdo.tn\/fr\/wp-content\/uploads\/2026\/04\/neila-driss_avatar-96x96.jpg","url":"https:\/\/www.webdo.tn\/fr\/wp-content\/uploads\/2026\/04\/neila-driss_avatar-96x96.jpg","contentUrl":"https:\/\/www.webdo.tn\/fr\/wp-content\/uploads\/2026\/04\/neila-driss_avatar-96x96.jpg","caption":"Ne\u00efla DRISS"},"description":"Ne\u00efla Driss est juriste, journaliste culturelle et critique de cin\u00e9ma tunisienne. Titulaire d\u2019un DEA en droit priv\u00e9 de l\u2019Universit\u00e9 Paris II et d\u2019un DESS de l\u2019IHEC Carthage, elle d\u00e9bute sa carri\u00e8re comme juriste sp\u00e9cialis\u00e9e en gestion de patrimoine immobilier. Elle s\u2019oriente ensuite vers l\u2019\u00e9criture en ligne, o\u00f9 elle se distingue d\u00e8s 2006 aux Tunisia Blog Awards, avant de se consacrer au journalisme culturel, avec une sp\u00e9cialisation dans la critique cin\u00e9matographique. Elle couvre r\u00e9guli\u00e8rement les grands festivals internationaux, notamment le Festival de Cannes, les Journ\u00e9es Cin\u00e9matographiques de Carthage et le Festival du film du Caire. Membre de l\u2019ATPCC et de la FIPRESCI, elle participe \u00e0 des jurys et initiatives internationales de critique. Depuis 2024, elle est \u00e9lectrice internationale aux Golden Globes. Facebook : https:\/\/www.facebook.com\/massir.destiniii\/ X : https:\/\/x.com\/MassirDestin","sameAs":["https:\/\/www.facebook.com\/massir.destiniii\/","https:\/\/www.instagram.com\/neila.driss\/?hl=fr","https:\/\/www.linkedin.com\/in\/neila-driss-22606a80\/","https:\/\/x.com\/https:\/\/x.com\/MassirDestin"],"knowsAbout":["Cin\u00e9ma international","critique cin\u00e9matographique","festivals de cin\u00e9ma","journalisme culturel"],"knowsLanguage":["Fran\u00e7ais","Arabe","Anglais"],"jobTitle":"Journaliste culturelle et critique de cin\u00e9ma","worksFor":"Webdo","url":"https:\/\/www.webdo.tn\/fr\/actualite\/author\/neila-driss\/"}]}},"_links":{"self":[{"href":"https:\/\/www.webdo.tn\/fr\/wp-json\/wp\/v2\/posts\/199970","targetHints":{"allow":["GET"]}}],"collection":[{"href":"https:\/\/www.webdo.tn\/fr\/wp-json\/wp\/v2\/posts"}],"about":[{"href":"https:\/\/www.webdo.tn\/fr\/wp-json\/wp\/v2\/types\/post"}],"author":[{"embeddable":true,"href":"https:\/\/www.webdo.tn\/fr\/wp-json\/wp\/v2\/users\/3164"}],"replies":[{"embeddable":true,"href":"https:\/\/www.webdo.tn\/fr\/wp-json\/wp\/v2\/comments?post=199970"}],"version-history":[{"count":0,"href":"https:\/\/www.webdo.tn\/fr\/wp-json\/wp\/v2\/posts\/199970\/revisions"}],"wp:featuredmedia":[{"embeddable":true,"href":"https:\/\/www.webdo.tn\/fr\/wp-json\/wp\/v2\/media\/368367"}],"wp:attachment":[{"href":"https:\/\/www.webdo.tn\/fr\/wp-json\/wp\/v2\/media?parent=199970"}],"wp:term":[{"taxonomy":"category","embeddable":true,"href":"https:\/\/www.webdo.tn\/fr\/wp-json\/wp\/v2\/categories?post=199970"},{"taxonomy":"post_tag","embeddable":true,"href":"https:\/\/www.webdo.tn\/fr\/wp-json\/wp\/v2\/tags?post=199970"}],"curies":[{"name":"wp","href":"https:\/\/api.w.org\/{rel}","templated":true}]}}