{"id":199966,"date":"2021-04-22T18:15:00","date_gmt":"2021-04-22T18:15:00","guid":{"rendered":"https:\/\/www.webdo.tn\/fr\/blog\/le-film-lhomme-qui-a-vendu-sa-peau-merite-loscar-du-meilleur-film-international\/199966\/"},"modified":"2021-04-22T18:15:00","modified_gmt":"2021-04-22T18:15:00","slug":"le-film-lhomme-qui-a-vendu-sa-peau-merite-loscar-du-meilleur-film-international","status":"publish","type":"post","link":"https:\/\/www.webdo.tn\/fr\/actualite\/culture\/le-film-lhomme-qui-a-vendu-sa-peau-merite-loscar-du-meilleur-film-international\/199966\/","title":{"rendered":"\u00ab\u00a0L\u2019homme qui a vendu sa peau\u00a0\u00bb m\u00e9rite l\u2019Oscar du meilleur film international\u00a0!"},"content":{"rendered":"<div class=\"single-body entry-content typography-copy\" itemprop=\"articleBody\">\n<p style=\"font-weight: bold; text-align: justify\">\n<div class=\"coprs\" style=\"text-align: center\"><\/div>\n<div class=\"coprs\" style=\"text-align: justify\">\n<p>Plus que trois jours, et les laur\u00e9ats des oscars 2021 seront annonc\u00e9s. Pour la premi\u00e8re fois de son histoire, la Tunisie a un film nomm\u00e9 dans la cat\u00e9gorie Meilleur Film International.<\/p>\n<p>Parmi les cinq films nomm\u00e9s dans cette cat\u00e9gorie, soit <em>Drunk<\/em> (Danemark), <em>Better Days<\/em> (Hong Kong), <em>Collective<\/em> (Roumanie), <em>The Man Who Sold His Skin\/L\u2019homme qui a vendu sa peau<\/em> (Tunisie) et <em>Quo Vadis, Aida?<\/em> (Bosnie-Herz\u00e9govine), c\u2019est le film <em>L\u2019homme qui a vendu sa peau<\/em> r\u00e9alis\u00e9 par Kaouther Ben Hania, qui m\u00e9rite, \u00e0 mon avis, de remporter la fameuse statuette, parce que non seulement il traite d\u2019un sujet tr\u00e8s int\u00e9ressant, mais surtout parce qu\u2019il est tr\u00e8s bien r\u00e9alis\u00e9.<\/p>\n<p><strong>Synopsis : <\/strong>Pour \u00e9chapper \u00e0 la guerre, Sam Ali, un jeune Syrien sensible et impulsif, a quitt\u00e9 son pays pour le Liban. Pour pouvoir voyager en Europe et vivre avec l\u2019amour de sa vie, il accepte de se faire tatouer le dos par l\u2019un des artistes contemporains les plus sulfureux du monde. Transformant son propre corps en une \u0153uvre d\u2019art prestigieuse, Sam se rendra toutefois compte que sa d\u00e9cision pourrait en r\u00e9alit\u00e9 signifier autre chose que la libert\u00e9.<\/p>\n<p>\u00a0<\/p>\n<p><img decoding=\"async\" alt=\"Oscar 2021\" height=\"364\" src=\"http:\/\/www.webdo.tn\/wp-content\/uploads\/2021\/03\/Meilleur-intenational-film-1024x535.jpg\" width=\"696\"><br \/>\n<em>L&rsquo;homme qui a vendu sa peau est nomm\u00e9 \u00e0 l&rsquo;Oscar 2021 du Meilleur film International<\/em><\/p>\n<p>\u00a0<\/p>\n<p><em>L\u2019homme qui a vendu sa peau<\/em> a \u00e9t\u00e9 tourn\u00e9 en grande partie en Tunisie, avec dans les r\u00f4les principaux le jeune acteur syrien Yahya Mahayni (Prix du meilleur acteur au Festival de Venise, section Horizons, pour ce r\u00f4le), Dea Liane, Koen De Bouw et la belle actrice italienne Monica Bellucci.<\/p>\n<p>Pr\u00e9sentant son film, Kaouther Ben Hania a d\u00e9clar\u00e9 : \u00ab <em>le projet de <\/em>L\u2019homme qui a vendu sa peau<em> est n\u00e9 de la rencontre entre deux mondes. Le monde de l\u2019art contemporain, et plus particuli\u00e8rement l\u2019\u0153uvre de l\u2019artiste belge Wim Delvoye (Tim, 2006) et le monde des r\u00e9fugi\u00e9s politiques \u2013 en particulier les r\u00e9fugi\u00e9s syriens, leur lutte avec les documents de voyage et les permis de s\u00e9jour\u2026 Je me suis en effet demand\u00e9e : \u00ab Que se passerait-il si un artiste c\u00e9l\u00e8bre proposait \u00e0 un r\u00e9fugi\u00e9 de devenir son \u0153uvre d\u2019art pour r\u00e9soudre son probl\u00e8me de libert\u00e9 de mouvement ? \u00bb. Ainsi est n\u00e9 le voyage de Sam Ali, un jeune r\u00e9fugi\u00e9 passionn\u00e9 jet\u00e9 dans un monde cynique. Un homme ordinaire face \u00e0 une aventure extraordinaire. Le film est aussi une histoire d\u2019amour o\u00f9 le protagoniste est s\u00e9par\u00e9 de la femme qu\u2019il aime, et il tente de s\u2019en remettre m\u00eame s\u2019il doit perdre sa dignit\u00e9 et sa peau dans le processus. Ou que signifie \u00eatre libre quand le jeu est d\u00e9j\u00e0 truqu\u00e9, quand on n\u2019a pas beaucoup de choix ? <\/em>L\u2019homme qui a vendu sa peau<em> est une all\u00e9gorie sur la libert\u00e9 personnelle d\u2019une personne dans un syst\u00e8me in\u00e9galitaire abordant une signification plus large de nos probl\u00e8mes du monde r\u00e9el. \u00bb<\/em><\/p>\n<p>Inspir\u00e9 donc en partie d\u2019un fait r\u00e9el, <em>L\u2019homme qui a vendu sa peau<\/em> aborde plusieurs sujets, et pose de nombreuses questions. Ce qui est tr\u00e8s original est que la r\u00e9alisatrice le fait en liant essentiellement deux th\u00e9matiques tr\u00e8s diff\u00e9rentes qui n\u2019\u00e9taient pas faites pour se rencontrer. En les emboitant l\u2019une dans l\u2019autre, elle livre une r\u00e9flexion sur la condition des r\u00e9fugi\u00e9s et sur l\u2019art contemporain.<\/p>\n<p>Voici donc Sam Ali, n\u00e9 du mauvais c\u00f4t\u00e9 des fronti\u00e8res, qui pour pouvoir aller en Europe rejoindre sa bien-aim\u00e9e accepte de se faire tatouer un \u00e9norme visa Schengen sur le dos. Ce visa si on\u00e9reux et si inaccessible pour la grosse majorit\u00e9 des citoyens du monde.<\/p>\n<p>Paradoxalement, ce visa tatou\u00e9 sur le dos, en octroyant \u00e0 Sam Ali la libert\u00e9 de se d\u00e9placer, de voyager et de traverser les fronti\u00e8res, le transforme en m\u00eame temps en objet et en marchandise, le jeune homme ayant accept\u00e9 d\u2019exposer son dos dans des galeries d\u2019art et des mus\u00e9es. Statut qui sera d\u2019ailleurs confirm\u00e9 d\u00e8s la s\u00e9ance de photos publicitaires : on demande \u00e0 Sam Ali de baisser la t\u00eate. Sam Ali n\u2019est plus une personne, il n\u2019a plus d\u2019identit\u00e9, il n\u2019est pas un corps entier, il n\u2019est plus qu\u2019un dos. Sur lequel s\u2019est d\u2019ailleurs greff\u00e9e la t\u00eate de l\u2019artiste. Comme une signature. La signature de l\u2019artiste sur son \u0153uvre.<\/p>\n<p>\u00a0<\/p>\n<p><img decoding=\"async\" alt=\"L'homme qui a vend sa peau Oscars 2021\" height=\"435\" src=\"http:\/\/www.webdo.tn\/wp-content\/uploads\/2021\/04\/Lhomme-qui-a-vendu-sa-peau-Oscars-3-1024x640.jpg\" width=\"696\"><br \/>\n<em>Sam Ali n&rsquo;est plus qu&rsquo;un dos, sur lequel s&rsquo;est greff\u00e9e la t\u00eate de l&rsquo;artiste&#8230;<\/em><\/p>\n<p>\u00a0<\/p>\n<p>Sam Ali savait-il, en acceptant ce march\u00e9, \u00e0 quoi il allait se soumettre\u00a0?<\/p>\n<p>Manifestement pas, mais avait-il le choix\u00a0?<\/p>\n<p>Ce n\u2019est qu\u2019en arrivant en Europe que Sam Ali va se rendre compte de sa situation. Il va se rendre compte de la violence exerc\u00e9e sur lui. Violence symbolique sur sa peau et son corps, mais aussi violence morale puisqu\u2019il devient une \u0153uvre d\u2019art, donc un objet. Mais qu\u2019est-ce qu\u2019une \u0153uvre d\u2019Art\u00a0? Peut-on aller au-del\u00e0 du respect de la vie humaine pour l\u2019Art\u00a0? Peut-on transgresser toutes les limites au nom de l\u2019Art\u00a0?<\/p>\n<p>En s\u2019octroyant le droit d\u2019exploiter les \u00eatres humains, et m\u00eame de les acheter et de les vendre, cette \u00e9lite artistique, cette intelligentsia europ\u00e9enne qui se croit sup\u00e9rieure, n\u2019a-t-elle pas elle-m\u00eame perdu son humanit\u00e9\u00a0?<\/p>\n<p>Est-ce que cet Art a \u00e9t\u00e9 pouss\u00e9 \u00e0 l\u2019extr\u00eame, au point de d\u00e9passer l\u2019humain ?<\/p>\n<p>Ces th\u00e9matiques sont nouvelles pour le cin\u00e9ma tunisien. Ce qui a surpris \u00e9trangers et tunisiens. Les premiers \u00e9tant \u00e9tonn\u00e9s et parfois m\u00eame jaloux qu\u2019une tunisienne ait os\u00e9 aborder des th\u00e8mes qu\u2019ils croyaient r\u00e9serv\u00e9s aux seuls occidentaux et les deuxi\u00e8mes reprochant au film de ne pas refl\u00e9ter la r\u00e9alit\u00e9 et les pr\u00e9occupations tunisiennes.<\/p>\n<p>\u00ab<em>\u00a0Tous mes films ont \u00e9t\u00e9 faits en Tunisie, sauf peut-\u00eatre <\/em>Zaineb n&rsquo;aime pas la neige<em> (2016) que j\u2019ai tourn\u00e9 en Tunisie et au Canada. <\/em>L\u2019homme qui a vendu sa peau<em> s\u2019est impos\u00e9 \u00e0 moi, c\u2019est une histoire internationale. Je vis \u00e0 Paris qui est une ville cosmopolite, je voyage beaucoup, donc il est normal que je raconte une histoire internationale. L\u2019histoire s\u2019impose \u00e0 moi, je l\u2019\u00e9cris, peu importe qu\u2019elle soit tunisienne ou pas. Je raconte des personnes, pas des lieux. Des personnes qui ont des histoires humaines, le lieu n\u2019est que le contexte\u00a0<\/em>\u00bb a expliqu\u00e9 Kaouther Ben Hania.<\/p>\n<p>D\u2019ailleurs, pourquoi est-ce qu\u2019un cin\u00e9ma devrait coller \u00e0 un pays ou un groupe de personnes. Ne peut-il pas tout simplement \u00eatre humain ? Manifestement oui, et c\u2019est bien ce qu\u2019a prouv\u00e9 Kaouther Ben Hania \u00e0 travers ce film universel et humaniste.<\/p>\n<p>La r\u00e9alisatrice a donc racont\u00e9 son histoire, mais elle a su le faire d\u2019une mani\u00e8re originale, en utilisant une \u00e9criture qui lui est propre. Elle a su donner une esth\u00e9tique et une forme \u00e0 son film, qui en fait aussi une \u0153uvre d\u2019Art. Elle a adapt\u00e9 la forme au fond. Et c\u2019est aussi ce qui donne sa force au film.<\/p>\n<p>Depuis ses d\u00e9buts, la r\u00e9alisatrice a su donner \u00e0 chacune de ses histoires ou films, son propre style et sa propre forme. Lorsqu\u2019on filme \u00e0 l\u2019int\u00e9rieur d\u2019un mus\u00e9e ou d\u2019une galerie d\u2019Art, quoi de plus logique que de s\u2019adapter au lieu et au th\u00e8me et de filmer comme si on peignait?<\/p>\n<p>Au d\u00e9but du film, Kaouther Ben Hania utilise un blanc immacul\u00e9, aseptis\u00e9, presque inhumain, mais qui rappelle \u00e9trangement cette ambiance froide de certains mus\u00e9es d\u2019art contemporain. Les employ\u00e9s qui, sans aucune \u00e9motion, accrochent les \u0153uvres aux murs ressemblent plus \u00e0 des robots qu\u2019\u00e0 des hommes. A l\u2019image justement de ces collectionneurs et marchands d\u2019Art, qui eux-m\u00eames sont sans sentiments, sans \u00e9tat d\u2019\u00e2me, pr\u00eats \u00e0 se faire de l\u2019argent, sp\u00e9culer, se pavaner, discuter de la valeur d\u2019une \u0153uvre d\u2019Art tout en faisant abstraction de l\u2019humain. La r\u00e9plique de l\u2019assureur qui pr\u00e9f\u00e9rerait que Sam Ali d\u00e9c\u00e8de d\u2019un cancer plut\u00f4t que dans l\u2019explosion d\u2019une bombe est tr\u00e8s significative. Pour lui, la vie de Sam Ali n\u2019a aucune importance, ce qui compte est de pr\u00e9server intacte l\u2019\u0153uvre d\u2019Art, donc le dos.<\/p>\n<p>\u00c9galement pour rappeler le monde de l\u2019Art, tout au long du film, tout en accordant une attention particuli\u00e8re aux couleurs, aux lumi\u00e8res et \u00e0 l&rsquo;esth\u00e9tique, non seulement les personnages \u00e9voluent souvent dans des mus\u00e9es et des galeries d\u2019Art, mais en plus, on les voit tr\u00e8s souvent dans des encadrements (des portes, des miroirs, des fen\u00eatres, des grilles\u2026), comme s\u2019ils \u00e9taient eux-m\u00eames des peintures expos\u00e9es dans une galerie ou un mus\u00e9e.<\/p>\n<p>\u00a0<\/p>\n<p><img decoding=\"async\" alt=\"L'homme qui a vendu sa peau oscars 2021\" height=\"580\" src=\"http:\/\/www.webdo.tn\/wp-content\/uploads\/2021\/04\/Lhomme-qui-a-vendu-sa-peau-Oscars-2-1024x853.jpg\" width=\"696\"><br \/>\n<em>La r\u00e9alisatrice Kaouther Ben Hania et Nadim Cheikhrouha, l&rsquo;un des coproducteurs du film, en route pour Hollywwod.<\/em><\/p>\n<p>\nEn plus de cet aspect esth\u00e9tique, ce qu\u2019a accompli Kaouther Ben Hania dans ce film est un travail d\u2019architecture. Pour exprimer sa pens\u00e9e, elle a construit son film comme le ferait un architecte. Chaque d\u00e9tail est \u00e0 sa place et a son importance. Strictement rien n\u2019est laiss\u00e9 au hasard. Chaque plan, chaque couleur, chaque mouvement, chaque phrase\u2026 a un sens. Sans oublier la magnifique musique, compos\u00e9e par Amine Bouhafa.<\/p>\n<p>C\u2019est justement cet aspect du film qui le rend exceptionnel et qui, \u00e0 mon avis, lui donne le plus de chances de remporter l\u2019oscar du meilleur film international. Originalit\u00e9 de propos mais surtout de forme et d\u2019\u00e9criture. Ce qui manque aux quatre autres films nomm\u00e9s \u00e0 l\u2019oscar, qui, bien qu\u2019abordant des th\u00e8mes importants et tr\u00e8s int\u00e9ressants, restent quand m\u00eame tr\u00e8s classiques dans leur traitement.<\/p>\n<p>La <a href=\"https:\/\/www.oscars.org\/oscars\/ceremonies\/2021\">93\u00e8me c\u00e9r\u00e9monie des Oscars<\/a> se tiendra dans la nuit du 25\/26 Avril 2021 et aura lieu exceptionnellement en plein air \u00e0 la Union Station, Los Angeles et au Dolby Theatre, Hollywood.<br \/>\n\u00a0<\/p>\n<h3><strong>LISTE DES NOMINATIONS DES OSCARS 2021:<\/strong><\/h3>\n<h3><strong>Meilleur film :<\/strong><\/h3>\n<ul>\n<li>The Father<\/li>\n<li>Judas and the Black Messiah<\/li>\n<li>Mank<\/li>\n<li>Minari<\/li>\n<li>Nomadland<\/li>\n<li>Promising Young Woman<\/li>\n<li>Sound of Metal<\/li>\n<li>Les Sept de Chicago<\/li>\n<\/ul>\n<h3><strong>Meilleur acteur\u00a0:<\/strong><\/h3>\n<ul>\n<li>Riz Ahmed (Sound of metal)<\/li>\n<li>Chadwick Boseman (Le Blues de Ma Rainey)<\/li>\n<li>Anthony Hopkins (The Father)<\/li>\n<li>Gary Oldman (Mank)<\/li>\n<li>Steven Yeun (Minari)<\/li>\n<\/ul>\n<h3><strong>Meilleure actrice\u00a0:<\/strong><\/h3>\n<ul>\n<li>Viola Davis (Le Blues de Ma Rainey)<\/li>\n<li>Andra Day (The US\u00a0VS\u00a0Billie Holiday)<\/li>\n<li>Vanessa Kirby (Pieces of a Woman)<\/li>\n<li>Frances McDormand (Nomadland)<\/li>\n<li>Carey Mulligan (Promising Young Woman)<\/li>\n<\/ul>\n<h3><strong>Meilleur acteur dans un second r\u00f4le\u00a0:<\/strong><\/h3>\n<ul>\n<li>Sacha Baron Cohen\u00a0(Les Sept de Chicago)<\/li>\n<li>Daniel Kaluuya (Judas and the Black Messiah)<\/li>\n<li>Leslie Odom Jr (One night in Miami)<\/li>\n<li>Paul Raci (Sound of Metal)<\/li>\n<li>Lakeith Stanfield (Judas and the Black Messiah)<\/li>\n<\/ul>\n<h3><strong>Meilleure actrice dans un second r\u00f4le\u00a0:<\/strong><\/h3>\n<ul>\n<li>Maria Bakalova (Borat 2)<\/li>\n<li>Glenn Close\u00a0(Hillbilly Elegy)<\/li>\n<li>Olivia Coleman\u00a0(The Father)<\/li>\n<li>Amanda Seyfried (Mank)<\/li>\n<li>Yoon Yeo-jeong (Minari)<\/li>\n<\/ul>\n<h3><strong>Meilleur r\u00e9alisateur\u00a0:<\/strong><\/h3>\n<ul>\n<li>Thomas Vinterberg (Drunk)<\/li>\n<li>David Fincher (Mank)<\/li>\n<li>Lee Isaac Chung (Minari)<\/li>\n<li>Chloe Zhao (Nomadland)<\/li>\n<li>Emerald Fennell (Promising Young Woman)<\/li>\n<\/ul>\n<h3><strong>Meilleur film d&rsquo;animation :<\/strong><\/h3>\n<ul>\n<li>En avant<\/li>\n<li>Voyage vers la lune<\/li>\n<li>Shaun le mouton : la ferme contre-attaque<\/li>\n<li>Soul<\/li>\n<li>Le Peuple loup<\/li>\n<\/ul>\n<h3><strong>Meilleur court-m\u00e9trage d&rsquo;animation\u00a0:<\/strong><\/h3>\n<ul>\n<li>Burrow<\/li>\n<li>Genius Loci<\/li>\n<li>If anything happens I love you<\/li>\n<li>Opera<\/li>\n<li>Yes-people<\/li>\n<\/ul>\n<h3><strong>Meilleur sc\u00e9nario adapt\u00e9\u00a0:<\/strong><\/h3>\n<ul>\n<li>Borat 2<\/li>\n<li>The Father<\/li>\n<li>Nomadland<\/li>\n<li>One night in Miami<\/li>\n<li>The White Tiger<\/li>\n<\/ul>\n<h3><strong>Meilleur sc\u00e9nario original\u00a0:<\/strong><\/h3>\n<ul>\n<li>Judas\u00a0and the Black Messiah<\/li>\n<li>Minari<\/li>\n<li>Promising Young Woman<\/li>\n<li>Sound of Metal<\/li>\n<li>Les Sept de Chicago<\/li>\n<\/ul>\n<h3><strong>Meilleure photographie\u00a0:<\/strong><\/h3>\n<ul>\n<li>Judas and the Black Messiah<\/li>\n<li>Mank<\/li>\n<li>News of the World<\/li>\n<li>Nomadland<\/li>\n<li>Les Sept\u00a0de Chicago<\/li>\n<\/ul>\n<h3><strong>Meilleur documentaire\u00a0:<\/strong><\/h3>\n<ul>\n<li>Collective<\/li>\n<li>Crip Camp<\/li>\n<li>The Mole Agent<\/li>\n<li>My Octopus Teacher<\/li>\n<li>Time<\/li>\n<\/ul>\n<h3><strong>Meilleur court-m\u00e9trage documentaire\u00a0:<\/strong><\/h3>\n<ul>\n<li>Colette<\/li>\n<li>A Concerto is a conversation<\/li>\n<li>Do Not Split<\/li>\n<li>Hunger Ward<\/li>\n<li>A Love song for Latasha<\/li>\n<\/ul>\n<h3><strong>Meilleur court-m\u00e9trage de fiction\u00a0:<\/strong><\/h3>\n<ul>\n<li>Feeling Through<\/li>\n<li>The Letter Room<\/li>\n<li>The Present<\/li>\n<li>Two distant strangers<\/li>\n<li>White Eye<\/li>\n<\/ul>\n<h3><strong>Meilleur film \u00e9tranger\u00a0:<\/strong><\/h3>\n<ul>\n<li>Drunk<\/li>\n<li>Better Days<\/li>\n<li>Collective<\/li>\n<li><strong><span>The Man Who Sold His Skin\/L&rsquo;homme qui a vendu sa peau<\/span><\/strong><\/li>\n<li>Quo Vadis, Aida ?<\/li>\n<\/ul>\n<h3><strong>Meilleur Montage\u00a0:<\/strong><\/h3>\n<ul>\n<li>The Father<\/li>\n<li>Nomadland<\/li>\n<li>Promising young woman<\/li>\n<li>Sound of metal<\/li>\n<li>Les Sept\u00a0de Chicago<\/li>\n<\/ul>\n<h3><strong>Meilleur son :<\/strong><\/h3>\n<ul>\n<li>Greyhound<\/li>\n<li>Mank<\/li>\n<li>News of the world<\/li>\n<li>Soul<\/li>\n<li>Sound of metal<\/li>\n<\/ul>\n<h3><strong>Meilleurs d\u00e9cors\u00a0:<\/strong><\/h3>\n<ul>\n<li>The Father<\/li>\n<li>Le Blues de Ma Rainey<\/li>\n<li>Mank<\/li>\n<li>News of the World<\/li>\n<li>Tenet<\/li>\n<\/ul>\n<h3><strong>Meilleure musique originale\u00a0:<\/strong><\/h3>\n<ul>\n<li>Da 5 bloods<\/li>\n<li>Mank<\/li>\n<li>Minari<\/li>\n<li>News of the World<\/li>\n<li>Soul<\/li>\n<\/ul>\n<h3><strong>Meilleure chanson originale\u00a0:<\/strong><\/h3>\n<ul>\n<li>\u00ab\u00a0Fight for you\u00a0\u00bb (Judas and the Black Messiah)<\/li>\n<li>\u00ab\u00a0Hear my voice\u00a0\u00bb (Les Sept de Chicago)<\/li>\n<li>\u00ab\u00a0Husavik\u00a0\u00bb (Eurovision Song Contest : The Story of Fire Saga)<\/li>\n<li>\u00ab\u00a0Io si\u00a0\u00bb (La vie devant soi)<\/li>\n<li>\u00ab\u00a0Speak now\u00a0\u00bb (One night in Miami)<\/li>\n<\/ul>\n<h3><strong>Meilleurs coiffures et maquillages\u00a0:<\/strong><\/h3>\n<ul>\n<li>Emma<\/li>\n<li>Hillbilly Elegy<\/li>\n<li>Le Blues de Ma Rainey<\/li>\n<li>Mank<\/li>\n<li>Pinocchio<\/li>\n<\/ul>\n<h3><strong>Meilleurs costumes\u00a0:<\/strong><\/h3>\n<ul>\n<li>Emma<\/li>\n<li>Le Blues de Ma Rainey<\/li>\n<li>Mank<\/li>\n<li>Mulan<\/li>\n<li>Pinocchio<\/li>\n<\/ul>\n<h3><strong>Meilleurs effets sp\u00e9ciaux\u00a0:<\/strong><\/h3>\n<ul>\n<li>Love and Monsters<\/li>\n<li>The Midnight Sky<\/li>\n<li>Mulan<\/li>\n<li>The One and only Ivan<\/li>\n<li>Tenet<\/li>\n<\/ul>\n<p>Croisons les doigts pour notre film tunisien, qui m\u00e9rite r\u00e9ellement de remporter l&rsquo;Oscar du Meilleur Film International!<\/p>\n<p><strong>Ne\u00efla Driss<\/strong><\/p>\n<p>\u00a0 <em>Lire sur le m\u00eame sujet:<\/em><\/p>\n<ul>\n<li><a href=\"https:\/\/www.webdo.tn\/2020\/09\/04\/ce-soir-premiere-du-film-lhomme-qui-a-vendu-sa-peau-a-venise\/#.YE9h651Kg2w\"><em>Ce soir, premi\u00e8re du film \u00ab\u00a0L\u2019homme qui a vendu sa peau\u00a0\u00bb \u00e0 Venise<\/em><\/a><\/li>\n<li><em><a href=\"https:\/\/www.webdo.tn\/2020\/09\/07\/le-film-lhomme-qui-a-vendu-sa-peau-selectionne-au-festival-du-film-del-gouna\/\" rel=\"bookmark\" title=\"Le film \u00ab\u00a0L\u2019homme qui a vendu sa peau\u00a0\u00bb s\u00e9lectionn\u00e9 au Festival du Film d\u2019El Gouna\">Le film \u00ab L\u2019homme qui a vendu sa peau\u00a0\u00bb s\u00e9lectionn\u00e9 au Festival\u2026<\/a><\/em><\/li>\n<li><em><a href=\"https:\/\/www.webdo.tn\/2020\/10\/31\/lhomme-qui-a-vendu-sa-peau-de-kaouther-ben-hania-meilleur-film-arabe-au-festival-du-film-del-gouna\/\" rel=\"bookmark\" title=\"\u00ab\u00a0L\u2019homme qui a vendu sa peau\u00a0\u00bb de Kaouther Ben Hania, Meilleur Film Arabe au Festival du Film d\u2019El Gouna\">\u00ab\u00a0L\u2019homme qui a vendu sa peau\u00a0\u00bb de Kaouther Ben Hania, Meilleur\u2026<\/a><\/em><\/li>\n<li><em><a href=\"https:\/\/www.webdo.tn\/2020\/11\/20\/le-film-lhomme-qui-a-vendu-sa-peau-representera-la-tunisie-aux-oscars-2021\/#.YE9izZ1Kg2w\">Le film \u00ab\u00a0L\u2019homme qui a vendu sa peau\u00a0\u00bb repr\u00e9sentera la Tunisie aux Oscars 2021<\/a><\/em><\/li>\n<li><em><a href=\"https:\/\/www.webdo.tn\/2020\/12\/05\/le-film-lhomme-qui-a-vendu-sa-peau-aux-jcc-2020\/\" rel=\"bookmark\" title=\"Le film \u00ab\u00a0L\u2019homme qui a vendu sa peau\u00a0\u00bb aux JCC 2020\">Le film \u00ab\u00a0L\u2019homme qui a vendu sa peau\u00a0\u00bb aux JCC 2020<\/a><\/em><\/li>\n<li><em><a href=\"https:\/\/www.webdo.tn\/2021\/02\/10\/lhomme-qui-a-vendu-sa-peau-preselectionne-pour-loscar-2021-du-meilleur-film-international\/#.YE9jJ51Kg2w\">\u00ab\u00a0L\u2019homme qui a vendu sa peau\u00a0\u00bb\u00a0pr\u00e9s\u00e9lectionn\u00e9 pour l\u2019Oscar 2021 du Meilleur Film International<\/a><\/em><\/li>\n<li><em><a href=\"https:\/\/www.webdo.tn\/2021\/03\/15\/lhomme-qui-a-vendu-sa-peau-est-nomme-a-loscar-2021-du-meilleur-film-international\/#.YIGd7uhKg2w\">\u00ab\u00a0L\u2019homme qui a vendu sa peau\u00a0\u00bb, nomm\u00e9 \u00e0 l\u2019Oscar 2021 du Meilleur Film International<\/a><\/em><\/li>\n<\/ul><\/div>\n<div class=\"coprs\" style=\"text-align: center\"><\/div><\/div>\n","protected":false},"excerpt":{"rendered":"<p> L\u2019homme qui a vendu sa peau  m\u00e9rite l\u2019Oscar du meilleur film international\u00a0!<\/p>\n","protected":false},"author":3164,"featured_media":258656,"comment_status":"open","ping_status":"closed","sticky":false,"template":"","format":"standard","meta":{"footnotes":""},"categories":[2594],"tags":[8670,6882,9087,9090,3823,9089],"class_list":["post-199966","post","type-post","status-publish","format-standard","has-post-thumbnail","hentry","category-culture","tag-critique-de-film","tag-kaouther-ben-hania","tag-lhomme-qui-a-vendu-sa-peau","tag-nominations-oscars","tag-oscars","tag-oscars-2021"],"yoast_head":"<!-- This site is optimized with the Yoast SEO Premium plugin v27.4 (Yoast SEO v27.4) - https:\/\/yoast.com\/product\/yoast-seo-premium-wordpress\/ -->\n<title>L\u2019homme qui a vendu sa peau m\u00e9rite l\u2019Oscar du meilleur film international\u00a0!<\/title>\n<meta name=\"description\" content=\"L\u2019homme qui a vendu sa peau m\u00e9rite l\u2019Oscar du meilleur film international\u00a0!\" \/>\n<link rel=\"canonical\" href=\"https:\/\/www.webdo.tn\/fr\/actualite\/culture\/le-film-lhomme-qui-a-vendu-sa-peau-merite-loscar-du-meilleur-film-international\/199966\/\" \/>\n<meta property=\"og:locale\" content=\"fr_FR\" \/>\n<meta property=\"og:type\" content=\"article\" \/>\n<meta property=\"og:title\" content=\"&quot;L\u2019homme qui a vendu sa peau&quot; m\u00e9rite l\u2019Oscar du meilleur film international\u00a0!\" \/>\n<meta property=\"og:description\" content=\"L\u2019homme qui a vendu sa peau m\u00e9rite l\u2019Oscar du meilleur film international\u00a0!\" \/>\n<meta property=\"og:url\" content=\"https:\/\/www.webdo.tn\/fr\/actualite\/culture\/le-film-lhomme-qui-a-vendu-sa-peau-merite-loscar-du-meilleur-film-international\/199966\/\" \/>\n<meta property=\"og:site_name\" content=\"webdo\" \/>\n<meta property=\"article:publisher\" content=\"https:\/\/www.facebook.com\/webdotn\" \/>\n<meta property=\"article:author\" content=\"https:\/\/www.facebook.com\/massir.destiniii\/\" \/>\n<meta property=\"article:published_time\" content=\"2021-04-22T18:15:00+00:00\" \/>\n<meta property=\"og:image\" content=\"https:\/\/www.webdo.tn\/fr\/wp-content\/uploads\/2021\/04\/Lhomme-qui-a-vendu-sa-peau-Oscars-1-1024x1024-1.jpg\" \/>\n\t<meta property=\"og:image:width\" content=\"1024\" \/>\n\t<meta property=\"og:image:height\" content=\"1024\" \/>\n\t<meta property=\"og:image:type\" content=\"image\/jpeg\" \/>\n<meta name=\"author\" content=\"Ne\u00efla DRISS\" \/>\n<meta name=\"twitter:card\" content=\"summary_large_image\" \/>\n<meta name=\"twitter:creator\" content=\"@https:\/\/x.com\/MassirDestin\" \/>\n<meta name=\"twitter:site\" content=\"@webdo_tn\" \/>\n<meta name=\"twitter:label1\" content=\"\u00c9crit par\" \/>\n\t<meta name=\"twitter:data1\" content=\"Ne\u00efla DRISS\" \/>\n\t<meta name=\"twitter:label2\" content=\"Dur\u00e9e de lecture estim\u00e9e\" \/>\n\t<meta name=\"twitter:data2\" content=\"11 minutes\" \/>\n<script type=\"application\/ld+json\" class=\"yoast-schema-graph\">{\"@context\":\"https:\\\/\\\/schema.org\",\"@graph\":[{\"@type\":\"NewsArticle\",\"@id\":\"https:\\\/\\\/www.webdo.tn\\\/fr\\\/actualite\\\/culture\\\/le-film-lhomme-qui-a-vendu-sa-peau-merite-loscar-du-meilleur-film-international\\\/199966\\\/#article\",\"isPartOf\":{\"@id\":\"https:\\\/\\\/www.webdo.tn\\\/fr\\\/actualite\\\/culture\\\/le-film-lhomme-qui-a-vendu-sa-peau-merite-loscar-du-meilleur-film-international\\\/199966\\\/\"},\"author\":{\"name\":\"Ne\u00efla DRISS\",\"@id\":\"https:\\\/\\\/www.webdo.tn\\\/fr\\\/#\\\/schema\\\/person\\\/60d5ba619ed3f58783b0dc82b7dada80\"},\"headline\":\"\u00ab\u00a0L\u2019homme qui a vendu sa peau\u00a0\u00bb m\u00e9rite l\u2019Oscar du meilleur film international\u00a0!\",\"datePublished\":\"2021-04-22T18:15:00+00:00\",\"mainEntityOfPage\":{\"@id\":\"https:\\\/\\\/www.webdo.tn\\\/fr\\\/actualite\\\/culture\\\/le-film-lhomme-qui-a-vendu-sa-peau-merite-loscar-du-meilleur-film-international\\\/199966\\\/\"},\"wordCount\":2317,\"commentCount\":0,\"publisher\":{\"@id\":\"https:\\\/\\\/www.webdo.tn\\\/fr\\\/#organization\"},\"image\":{\"@id\":\"https:\\\/\\\/www.webdo.tn\\\/fr\\\/actualite\\\/culture\\\/le-film-lhomme-qui-a-vendu-sa-peau-merite-loscar-du-meilleur-film-international\\\/199966\\\/#primaryimage\"},\"thumbnailUrl\":\"https:\\\/\\\/www.webdo.tn\\\/fr\\\/wp-content\\\/uploads\\\/2021\\\/04\\\/Lhomme-qui-a-vendu-sa-peau-Oscars-1-1024x1024-1.jpg\",\"keywords\":[\"Critique de film\",\"Kaouther Ben Hania\",\"L'homme qui a vendu sa peau\",\"Nominations Oscars\",\"Oscars\",\"Oscars 2021\"],\"articleSection\":[\"Culture\"],\"inLanguage\":\"fr-FR\"},{\"@type\":\"WebPage\",\"@id\":\"https:\\\/\\\/www.webdo.tn\\\/fr\\\/actualite\\\/culture\\\/le-film-lhomme-qui-a-vendu-sa-peau-merite-loscar-du-meilleur-film-international\\\/199966\\\/\",\"url\":\"https:\\\/\\\/www.webdo.tn\\\/fr\\\/actualite\\\/culture\\\/le-film-lhomme-qui-a-vendu-sa-peau-merite-loscar-du-meilleur-film-international\\\/199966\\\/\",\"name\":\"L\u2019homme qui a vendu sa peau m\u00e9rite l\u2019Oscar du meilleur film international\u00a0!\",\"isPartOf\":{\"@id\":\"https:\\\/\\\/www.webdo.tn\\\/fr\\\/#website\"},\"primaryImageOfPage\":{\"@id\":\"https:\\\/\\\/www.webdo.tn\\\/fr\\\/actualite\\\/culture\\\/le-film-lhomme-qui-a-vendu-sa-peau-merite-loscar-du-meilleur-film-international\\\/199966\\\/#primaryimage\"},\"image\":{\"@id\":\"https:\\\/\\\/www.webdo.tn\\\/fr\\\/actualite\\\/culture\\\/le-film-lhomme-qui-a-vendu-sa-peau-merite-loscar-du-meilleur-film-international\\\/199966\\\/#primaryimage\"},\"thumbnailUrl\":\"https:\\\/\\\/www.webdo.tn\\\/fr\\\/wp-content\\\/uploads\\\/2021\\\/04\\\/Lhomme-qui-a-vendu-sa-peau-Oscars-1-1024x1024-1.jpg\",\"datePublished\":\"2021-04-22T18:15:00+00:00\",\"description\":\"L\u2019homme qui a vendu sa peau m\u00e9rite l\u2019Oscar du meilleur film international\u00a0!\",\"breadcrumb\":{\"@id\":\"https:\\\/\\\/www.webdo.tn\\\/fr\\\/actualite\\\/culture\\\/le-film-lhomme-qui-a-vendu-sa-peau-merite-loscar-du-meilleur-film-international\\\/199966\\\/#breadcrumb\"},\"inLanguage\":\"fr-FR\",\"potentialAction\":[{\"@type\":\"ReadAction\",\"target\":[\"https:\\\/\\\/www.webdo.tn\\\/fr\\\/actualite\\\/culture\\\/le-film-lhomme-qui-a-vendu-sa-peau-merite-loscar-du-meilleur-film-international\\\/199966\\\/\"]}]},{\"@type\":\"ImageObject\",\"inLanguage\":\"fr-FR\",\"@id\":\"https:\\\/\\\/www.webdo.tn\\\/fr\\\/actualite\\\/culture\\\/le-film-lhomme-qui-a-vendu-sa-peau-merite-loscar-du-meilleur-film-international\\\/199966\\\/#primaryimage\",\"url\":\"https:\\\/\\\/www.webdo.tn\\\/fr\\\/wp-content\\\/uploads\\\/2021\\\/04\\\/Lhomme-qui-a-vendu-sa-peau-Oscars-1-1024x1024-1.jpg\",\"contentUrl\":\"https:\\\/\\\/www.webdo.tn\\\/fr\\\/wp-content\\\/uploads\\\/2021\\\/04\\\/Lhomme-qui-a-vendu-sa-peau-Oscars-1-1024x1024-1.jpg\",\"width\":1024,\"height\":1024,\"caption\":\"\\\"L\u2019homme qui a vendu sa peau\\\" m\u00e9rite l\u2019Oscar du meilleur film international\u00a0!\"},{\"@type\":\"BreadcrumbList\",\"@id\":\"https:\\\/\\\/www.webdo.tn\\\/fr\\\/actualite\\\/culture\\\/le-film-lhomme-qui-a-vendu-sa-peau-merite-loscar-du-meilleur-film-international\\\/199966\\\/#breadcrumb\",\"itemListElement\":[{\"@type\":\"ListItem\",\"position\":1,\"name\":\"Accueil\",\"item\":\"https:\\\/\\\/www.webdo.tn\\\/fr\\\/\"},{\"@type\":\"ListItem\",\"position\":2,\"name\":\"\u00ab\u00a0L\u2019homme qui a vendu sa peau\u00a0\u00bb m\u00e9rite l\u2019Oscar du meilleur film international\u00a0!\"}]},{\"@type\":\"WebSite\",\"@id\":\"https:\\\/\\\/www.webdo.tn\\\/fr\\\/#website\",\"url\":\"https:\\\/\\\/www.webdo.tn\\\/fr\\\/\",\"name\":\"webdo\",\"description\":\"Tunisie - News en Tunisie et \u00e0 l&#039;international sur Webdo.tn\",\"publisher\":{\"@id\":\"https:\\\/\\\/www.webdo.tn\\\/fr\\\/#organization\"},\"potentialAction\":[{\"@type\":\"SearchAction\",\"target\":{\"@type\":\"EntryPoint\",\"urlTemplate\":\"https:\\\/\\\/www.webdo.tn\\\/fr\\\/?s={search_term_string}\"},\"query-input\":{\"@type\":\"PropertyValueSpecification\",\"valueRequired\":true,\"valueName\":\"search_term_string\"}}],\"inLanguage\":\"fr-FR\"},{\"@type\":\"Organization\",\"@id\":\"https:\\\/\\\/www.webdo.tn\\\/fr\\\/#organization\",\"name\":\"Webdo\",\"alternateName\":\"Webdo.tn\",\"url\":\"https:\\\/\\\/www.webdo.tn\\\/fr\\\/\",\"logo\":{\"@type\":\"ImageObject\",\"inLanguage\":\"fr-FR\",\"@id\":\"https:\\\/\\\/www.webdo.tn\\\/fr\\\/#\\\/schema\\\/logo\\\/image\\\/\",\"url\":\"https:\\\/\\\/www.webdo.tn\\\/fr\\\/wp-content\\\/uploads\\\/2025\\\/06\\\/Webdo-Tunisie_168377.jpg\",\"contentUrl\":\"https:\\\/\\\/www.webdo.tn\\\/fr\\\/wp-content\\\/uploads\\\/2025\\\/06\\\/Webdo-Tunisie_168377.jpg\",\"width\":301,\"height\":301,\"caption\":\"Webdo\"},\"image\":{\"@id\":\"https:\\\/\\\/www.webdo.tn\\\/fr\\\/#\\\/schema\\\/logo\\\/image\\\/\"},\"sameAs\":[\"https:\\\/\\\/www.facebook.com\\\/webdotn\",\"https:\\\/\\\/x.com\\\/webdo_tn\"],\"description\":\"Webdo est un m\u00e9dia num\u00e9rique tunisien fond\u00e9 en 2010, sp\u00e9cialis\u00e9 dans l\u2019actualit\u00e9 nationale et internationale, l\u2019\u00e9conomie, la soci\u00e9t\u00e9 et les analyses politiques. Le site s\u2019adresse \u00e0 un large public francophone et couvre l\u2019information tunisienne en temps r\u00e9el.\",\"email\":\"redac@webdo.tn\",\"legalName\":\"YNJ SARL\",\"foundingDate\":\"2010-09-06\",\"numberOfEmployees\":{\"@type\":\"QuantitativeValue\",\"minValue\":\"11\",\"maxValue\":\"50\"}},{\"@type\":\"Person\",\"@id\":\"https:\\\/\\\/www.webdo.tn\\\/fr\\\/#\\\/schema\\\/person\\\/60d5ba619ed3f58783b0dc82b7dada80\",\"name\":\"Ne\u00efla DRISS\",\"image\":{\"@type\":\"ImageObject\",\"inLanguage\":\"fr-FR\",\"@id\":\"https:\\\/\\\/www.webdo.tn\\\/fr\\\/wp-content\\\/uploads\\\/2026\\\/04\\\/neila-driss_avatar-96x96.jpg\",\"url\":\"https:\\\/\\\/www.webdo.tn\\\/fr\\\/wp-content\\\/uploads\\\/2026\\\/04\\\/neila-driss_avatar-96x96.jpg\",\"contentUrl\":\"https:\\\/\\\/www.webdo.tn\\\/fr\\\/wp-content\\\/uploads\\\/2026\\\/04\\\/neila-driss_avatar-96x96.jpg\",\"caption\":\"Ne\u00efla DRISS\"},\"description\":\"Ne\u00efla Driss est juriste, journaliste culturelle et critique de cin\u00e9ma tunisienne. Titulaire d\u2019un DEA en droit priv\u00e9 de l\u2019Universit\u00e9 Paris II et d\u2019un DESS de l\u2019IHEC Carthage, elle d\u00e9bute sa carri\u00e8re comme juriste sp\u00e9cialis\u00e9e en gestion de patrimoine immobilier. Elle s\u2019oriente ensuite vers l\u2019\u00e9criture en ligne, o\u00f9 elle se distingue d\u00e8s 2006 aux Tunisia Blog Awards, avant de se consacrer au journalisme culturel, avec une sp\u00e9cialisation dans la critique cin\u00e9matographique. Elle couvre r\u00e9guli\u00e8rement les grands festivals internationaux, notamment le Festival de Cannes, les Journ\u00e9es Cin\u00e9matographiques de Carthage et le Festival du film du Caire. Membre de l\u2019ATPCC et de la FIPRESCI, elle participe \u00e0 des jurys et initiatives internationales de critique. Depuis 2024, elle est \u00e9lectrice internationale aux Golden Globes. Facebook : https:\\\/\\\/www.facebook.com\\\/massir.destiniii\\\/ X : https:\\\/\\\/x.com\\\/MassirDestin\",\"sameAs\":[\"https:\\\/\\\/www.facebook.com\\\/massir.destiniii\\\/\",\"https:\\\/\\\/www.instagram.com\\\/neila.driss\\\/?hl=fr\",\"https:\\\/\\\/www.linkedin.com\\\/in\\\/neila-driss-22606a80\\\/\",\"https:\\\/\\\/x.com\\\/https:\\\/\\\/x.com\\\/MassirDestin\"],\"knowsAbout\":[\"Cin\u00e9ma international\",\"critique cin\u00e9matographique\",\"festivals de cin\u00e9ma\",\"journalisme culturel\"],\"knowsLanguage\":[\"Fran\u00e7ais\",\"Arabe\",\"Anglais\"],\"jobTitle\":\"Journaliste culturelle et critique de cin\u00e9ma\",\"worksFor\":\"Webdo\",\"url\":\"https:\\\/\\\/www.webdo.tn\\\/fr\\\/actualite\\\/author\\\/neila-driss\\\/\"}]}<\/script>\n<!-- \/ Yoast SEO Premium plugin. -->","yoast_head_json":{"title":"L\u2019homme qui a vendu sa peau m\u00e9rite l\u2019Oscar du meilleur film international\u00a0!","description":"L\u2019homme qui a vendu sa peau m\u00e9rite l\u2019Oscar du meilleur film international\u00a0!","canonical":"https:\/\/www.webdo.tn\/fr\/actualite\/culture\/le-film-lhomme-qui-a-vendu-sa-peau-merite-loscar-du-meilleur-film-international\/199966\/","og_locale":"fr_FR","og_type":"article","og_title":"\"L\u2019homme qui a vendu sa peau\" m\u00e9rite l\u2019Oscar du meilleur film international\u00a0!","og_description":"L\u2019homme qui a vendu sa peau m\u00e9rite l\u2019Oscar du meilleur film international\u00a0!","og_url":"https:\/\/www.webdo.tn\/fr\/actualite\/culture\/le-film-lhomme-qui-a-vendu-sa-peau-merite-loscar-du-meilleur-film-international\/199966\/","og_site_name":"webdo","article_publisher":"https:\/\/www.facebook.com\/webdotn","article_author":"https:\/\/www.facebook.com\/massir.destiniii\/","article_published_time":"2021-04-22T18:15:00+00:00","og_image":[{"width":1024,"height":1024,"url":"https:\/\/www.webdo.tn\/fr\/wp-content\/uploads\/2021\/04\/Lhomme-qui-a-vendu-sa-peau-Oscars-1-1024x1024-1.jpg","type":"image\/jpeg"}],"author":"Ne\u00efla DRISS","twitter_card":"summary_large_image","twitter_creator":"@https:\/\/x.com\/MassirDestin","twitter_site":"@webdo_tn","twitter_misc":{"\u00c9crit par":"Ne\u00efla DRISS","Dur\u00e9e de lecture estim\u00e9e":"11 minutes"},"schema":{"@context":"https:\/\/schema.org","@graph":[{"@type":"NewsArticle","@id":"https:\/\/www.webdo.tn\/fr\/actualite\/culture\/le-film-lhomme-qui-a-vendu-sa-peau-merite-loscar-du-meilleur-film-international\/199966\/#article","isPartOf":{"@id":"https:\/\/www.webdo.tn\/fr\/actualite\/culture\/le-film-lhomme-qui-a-vendu-sa-peau-merite-loscar-du-meilleur-film-international\/199966\/"},"author":{"name":"Ne\u00efla DRISS","@id":"https:\/\/www.webdo.tn\/fr\/#\/schema\/person\/60d5ba619ed3f58783b0dc82b7dada80"},"headline":"\u00ab\u00a0L\u2019homme qui a vendu sa peau\u00a0\u00bb m\u00e9rite l\u2019Oscar du meilleur film international\u00a0!","datePublished":"2021-04-22T18:15:00+00:00","mainEntityOfPage":{"@id":"https:\/\/www.webdo.tn\/fr\/actualite\/culture\/le-film-lhomme-qui-a-vendu-sa-peau-merite-loscar-du-meilleur-film-international\/199966\/"},"wordCount":2317,"commentCount":0,"publisher":{"@id":"https:\/\/www.webdo.tn\/fr\/#organization"},"image":{"@id":"https:\/\/www.webdo.tn\/fr\/actualite\/culture\/le-film-lhomme-qui-a-vendu-sa-peau-merite-loscar-du-meilleur-film-international\/199966\/#primaryimage"},"thumbnailUrl":"https:\/\/www.webdo.tn\/fr\/wp-content\/uploads\/2021\/04\/Lhomme-qui-a-vendu-sa-peau-Oscars-1-1024x1024-1.jpg","keywords":["Critique de film","Kaouther Ben Hania","L'homme qui a vendu sa peau","Nominations Oscars","Oscars","Oscars 2021"],"articleSection":["Culture"],"inLanguage":"fr-FR"},{"@type":"WebPage","@id":"https:\/\/www.webdo.tn\/fr\/actualite\/culture\/le-film-lhomme-qui-a-vendu-sa-peau-merite-loscar-du-meilleur-film-international\/199966\/","url":"https:\/\/www.webdo.tn\/fr\/actualite\/culture\/le-film-lhomme-qui-a-vendu-sa-peau-merite-loscar-du-meilleur-film-international\/199966\/","name":"L\u2019homme qui a vendu sa peau m\u00e9rite l\u2019Oscar du meilleur film international\u00a0!","isPartOf":{"@id":"https:\/\/www.webdo.tn\/fr\/#website"},"primaryImageOfPage":{"@id":"https:\/\/www.webdo.tn\/fr\/actualite\/culture\/le-film-lhomme-qui-a-vendu-sa-peau-merite-loscar-du-meilleur-film-international\/199966\/#primaryimage"},"image":{"@id":"https:\/\/www.webdo.tn\/fr\/actualite\/culture\/le-film-lhomme-qui-a-vendu-sa-peau-merite-loscar-du-meilleur-film-international\/199966\/#primaryimage"},"thumbnailUrl":"https:\/\/www.webdo.tn\/fr\/wp-content\/uploads\/2021\/04\/Lhomme-qui-a-vendu-sa-peau-Oscars-1-1024x1024-1.jpg","datePublished":"2021-04-22T18:15:00+00:00","description":"L\u2019homme qui a vendu sa peau m\u00e9rite l\u2019Oscar du meilleur film international\u00a0!","breadcrumb":{"@id":"https:\/\/www.webdo.tn\/fr\/actualite\/culture\/le-film-lhomme-qui-a-vendu-sa-peau-merite-loscar-du-meilleur-film-international\/199966\/#breadcrumb"},"inLanguage":"fr-FR","potentialAction":[{"@type":"ReadAction","target":["https:\/\/www.webdo.tn\/fr\/actualite\/culture\/le-film-lhomme-qui-a-vendu-sa-peau-merite-loscar-du-meilleur-film-international\/199966\/"]}]},{"@type":"ImageObject","inLanguage":"fr-FR","@id":"https:\/\/www.webdo.tn\/fr\/actualite\/culture\/le-film-lhomme-qui-a-vendu-sa-peau-merite-loscar-du-meilleur-film-international\/199966\/#primaryimage","url":"https:\/\/www.webdo.tn\/fr\/wp-content\/uploads\/2021\/04\/Lhomme-qui-a-vendu-sa-peau-Oscars-1-1024x1024-1.jpg","contentUrl":"https:\/\/www.webdo.tn\/fr\/wp-content\/uploads\/2021\/04\/Lhomme-qui-a-vendu-sa-peau-Oscars-1-1024x1024-1.jpg","width":1024,"height":1024,"caption":"\"L\u2019homme qui a vendu sa peau\" m\u00e9rite l\u2019Oscar du meilleur film international\u00a0!"},{"@type":"BreadcrumbList","@id":"https:\/\/www.webdo.tn\/fr\/actualite\/culture\/le-film-lhomme-qui-a-vendu-sa-peau-merite-loscar-du-meilleur-film-international\/199966\/#breadcrumb","itemListElement":[{"@type":"ListItem","position":1,"name":"Accueil","item":"https:\/\/www.webdo.tn\/fr\/"},{"@type":"ListItem","position":2,"name":"\u00ab\u00a0L\u2019homme qui a vendu sa peau\u00a0\u00bb m\u00e9rite l\u2019Oscar du meilleur film international\u00a0!"}]},{"@type":"WebSite","@id":"https:\/\/www.webdo.tn\/fr\/#website","url":"https:\/\/www.webdo.tn\/fr\/","name":"webdo","description":"Tunisie - News en Tunisie et \u00e0 l&#039;international sur Webdo.tn","publisher":{"@id":"https:\/\/www.webdo.tn\/fr\/#organization"},"potentialAction":[{"@type":"SearchAction","target":{"@type":"EntryPoint","urlTemplate":"https:\/\/www.webdo.tn\/fr\/?s={search_term_string}"},"query-input":{"@type":"PropertyValueSpecification","valueRequired":true,"valueName":"search_term_string"}}],"inLanguage":"fr-FR"},{"@type":"Organization","@id":"https:\/\/www.webdo.tn\/fr\/#organization","name":"Webdo","alternateName":"Webdo.tn","url":"https:\/\/www.webdo.tn\/fr\/","logo":{"@type":"ImageObject","inLanguage":"fr-FR","@id":"https:\/\/www.webdo.tn\/fr\/#\/schema\/logo\/image\/","url":"https:\/\/www.webdo.tn\/fr\/wp-content\/uploads\/2025\/06\/Webdo-Tunisie_168377.jpg","contentUrl":"https:\/\/www.webdo.tn\/fr\/wp-content\/uploads\/2025\/06\/Webdo-Tunisie_168377.jpg","width":301,"height":301,"caption":"Webdo"},"image":{"@id":"https:\/\/www.webdo.tn\/fr\/#\/schema\/logo\/image\/"},"sameAs":["https:\/\/www.facebook.com\/webdotn","https:\/\/x.com\/webdo_tn"],"description":"Webdo est un m\u00e9dia num\u00e9rique tunisien fond\u00e9 en 2010, sp\u00e9cialis\u00e9 dans l\u2019actualit\u00e9 nationale et internationale, l\u2019\u00e9conomie, la soci\u00e9t\u00e9 et les analyses politiques. Le site s\u2019adresse \u00e0 un large public francophone et couvre l\u2019information tunisienne en temps r\u00e9el.","email":"redac@webdo.tn","legalName":"YNJ SARL","foundingDate":"2010-09-06","numberOfEmployees":{"@type":"QuantitativeValue","minValue":"11","maxValue":"50"}},{"@type":"Person","@id":"https:\/\/www.webdo.tn\/fr\/#\/schema\/person\/60d5ba619ed3f58783b0dc82b7dada80","name":"Ne\u00efla DRISS","image":{"@type":"ImageObject","inLanguage":"fr-FR","@id":"https:\/\/www.webdo.tn\/fr\/wp-content\/uploads\/2026\/04\/neila-driss_avatar-96x96.jpg","url":"https:\/\/www.webdo.tn\/fr\/wp-content\/uploads\/2026\/04\/neila-driss_avatar-96x96.jpg","contentUrl":"https:\/\/www.webdo.tn\/fr\/wp-content\/uploads\/2026\/04\/neila-driss_avatar-96x96.jpg","caption":"Ne\u00efla DRISS"},"description":"Ne\u00efla Driss est juriste, journaliste culturelle et critique de cin\u00e9ma tunisienne. Titulaire d\u2019un DEA en droit priv\u00e9 de l\u2019Universit\u00e9 Paris II et d\u2019un DESS de l\u2019IHEC Carthage, elle d\u00e9bute sa carri\u00e8re comme juriste sp\u00e9cialis\u00e9e en gestion de patrimoine immobilier. Elle s\u2019oriente ensuite vers l\u2019\u00e9criture en ligne, o\u00f9 elle se distingue d\u00e8s 2006 aux Tunisia Blog Awards, avant de se consacrer au journalisme culturel, avec une sp\u00e9cialisation dans la critique cin\u00e9matographique. Elle couvre r\u00e9guli\u00e8rement les grands festivals internationaux, notamment le Festival de Cannes, les Journ\u00e9es Cin\u00e9matographiques de Carthage et le Festival du film du Caire. Membre de l\u2019ATPCC et de la FIPRESCI, elle participe \u00e0 des jurys et initiatives internationales de critique. Depuis 2024, elle est \u00e9lectrice internationale aux Golden Globes. Facebook : https:\/\/www.facebook.com\/massir.destiniii\/ X : https:\/\/x.com\/MassirDestin","sameAs":["https:\/\/www.facebook.com\/massir.destiniii\/","https:\/\/www.instagram.com\/neila.driss\/?hl=fr","https:\/\/www.linkedin.com\/in\/neila-driss-22606a80\/","https:\/\/x.com\/https:\/\/x.com\/MassirDestin"],"knowsAbout":["Cin\u00e9ma international","critique cin\u00e9matographique","festivals de cin\u00e9ma","journalisme culturel"],"knowsLanguage":["Fran\u00e7ais","Arabe","Anglais"],"jobTitle":"Journaliste culturelle et critique de cin\u00e9ma","worksFor":"Webdo","url":"https:\/\/www.webdo.tn\/fr\/actualite\/author\/neila-driss\/"}]}},"_links":{"self":[{"href":"https:\/\/www.webdo.tn\/fr\/wp-json\/wp\/v2\/posts\/199966","targetHints":{"allow":["GET"]}}],"collection":[{"href":"https:\/\/www.webdo.tn\/fr\/wp-json\/wp\/v2\/posts"}],"about":[{"href":"https:\/\/www.webdo.tn\/fr\/wp-json\/wp\/v2\/types\/post"}],"author":[{"embeddable":true,"href":"https:\/\/www.webdo.tn\/fr\/wp-json\/wp\/v2\/users\/3164"}],"replies":[{"embeddable":true,"href":"https:\/\/www.webdo.tn\/fr\/wp-json\/wp\/v2\/comments?post=199966"}],"version-history":[{"count":0,"href":"https:\/\/www.webdo.tn\/fr\/wp-json\/wp\/v2\/posts\/199966\/revisions"}],"wp:featuredmedia":[{"embeddable":true,"href":"https:\/\/www.webdo.tn\/fr\/wp-json\/wp\/v2\/media\/258656"}],"wp:attachment":[{"href":"https:\/\/www.webdo.tn\/fr\/wp-json\/wp\/v2\/media?parent=199966"}],"wp:term":[{"taxonomy":"category","embeddable":true,"href":"https:\/\/www.webdo.tn\/fr\/wp-json\/wp\/v2\/categories?post=199966"},{"taxonomy":"post_tag","embeddable":true,"href":"https:\/\/www.webdo.tn\/fr\/wp-json\/wp\/v2\/tags?post=199966"}],"curies":[{"name":"wp","href":"https:\/\/api.w.org\/{rel}","templated":true}]}}