{"id":199964,"date":"2021-03-30T11:07:00","date_gmt":"2021-03-30T11:07:00","guid":{"rendered":"https:\/\/www.webdo.tn\/fr\/blog\/il-y-a-44-ans-abdel-halim-hafez-nous-quittait\/199964\/"},"modified":"2025-05-17T17:23:17","modified_gmt":"2025-05-17T17:23:17","slug":"il-y-a-44-ans-abdel-halim-hafez-nous-quittait","status":"publish","type":"post","link":"https:\/\/www.webdo.tn\/fr\/actualite\/culture\/il-y-a-44-ans-abdel-halim-hafez-nous-quittait\/199964\/","title":{"rendered":"Il y a 44 ans, Abdel Halim Hafez nous quittait&#8230;"},"content":{"rendered":"<div class=\"single-body entry-content typography-copy\" itemprop=\"articleBody\">\n<p style=\"font-weight: bold; text-align: justify\">\n<div class=\"coprs\" style=\"text-align: center\"><\/div>\n<div class=\"coprs\" style=\"text-align: justify\">\n<p>Cela fait 44 ans aujourd\u2019hui que Abdel Halim Hafez (21 Juin 1929 \u2013 30 Mars 1977) nous avait quitt\u00e9s. C\u2019\u00e9tait pour moi l\u2019occasion de regarder le dernier feuilleton qui lui a \u00e9t\u00e9 consacr\u00e9 et qui est cens\u00e9 raconter sa vie, du jour de sa naissance jusqu\u2019\u00e0 son d\u00e9c\u00e8s : <a href=\"https:\/\/www.youtube.com\/watch?v=vh8zKLrj2bo\"><em>Le rossignol, l&rsquo;histoire d&rsquo;une nation\/\u0627\u0644\u0639\u0646\u062f\u0644\u064a\u0628 \u062d\u0643\u0627\u064a\u0629 \u0634\u0639\u0628<\/em> <\/a>r\u00e9alis\u00e9 en 2006 par Gamal Abdel-Hamid, d\u2019apr\u00e8s un sc\u00e9nario de Medhat Al-Adl, avec dans les principaux r\u00f4les Abla Kamel, Kamal Abu Raya, Mohamed Al Shakankeery, Lekaa Elkhamissi, Shady Shamel et Majdi Kamel.<\/p>\n<p>Mal \u00e9crit, mal r\u00e9alis\u00e9 et comportant beaucoup de lacunes, ce feuilleton n\u2019avait pas eu de succ\u00e8s lors de sa diffusion \u00e0 la TV. Je ne l\u2019ai pas aim\u00e9 non plus, mais je n\u2019ai pas regrett\u00e9 de l\u2019avoir regard\u00e9. Il a \u00e9t\u00e9 le fil conducteur pour faire des recherches sur Abdel Halim Hafez. Apr\u00e8s l\u2019avoir vu, j\u2019ai d\u00fb lire des centaines d\u2019articles sur l\u2019artiste, regarder des heures d\u2019interviews de Halim et de personnes qui l\u2019ont c\u00f4toy\u00e9, et des dizaines de reportages et documentaires faits de son vivant et apr\u00e8s son d\u00e9c\u00e8s. C\u2019\u00e9tait int\u00e9ressant de d\u00e9couvrir l\u2019homme et l\u2019artiste, mais surtout de connaitre la gen\u00e8se de ses chansons et films. D\u2019ailleurs, cela fait une dr\u00f4le d\u2019impression de r\u00e9aliser qu\u2019il y a eu une \u00e9poque o\u00f9 ces chansons n\u2019existaient pas et que certaines d\u2019entre elles avaient introduit des innovations que le public d\u2019antan avait \u00e9t\u00e9 surpris de d\u00e9couvrir. Pour ma g\u00e9n\u00e9ration, Abdel Halim, ses chansons et ses films, avaient toujours \u00e9t\u00e9 l\u00e0 et avaient fait partie de notre quotidien.<\/p>\n<p>Un des plus gros d\u00e9fauts de ce feuilleton est le maquillage des acteurs. Une tonne de fond de teint fonc\u00e9 sur les visages, en une couche tellement \u00e9paisse qu\u2019elle fausse leurs expressions. Ils paraissent ainsi fig\u00e9s, artificiels et parfois m\u00eame grotesques. Par exemple, pour le jeune Shady Shamel qui joue Halim, l\u2019exc\u00e8s de fard \u00e0 joues, peut-\u00eatre pour accentuer sa minceur, le rend ridicule. Il avait m\u00eame eu du fard \u00e0 paupi\u00e8re bleu turquoise \u00e0 un moment o\u00f9 malade il avait ferm\u00e9 les yeux\u2026. Le pire est que le r\u00e9alisateur use et abuse des gros plans sur leurs visages.<\/p>\n<p>Ce mauvais maquillage est tellement d\u00e9rangeant, qu\u2019il emp\u00eache de voir en ces acteurs des personnages repr\u00e9sentants des personnes r\u00e9elles qui ont vraiment exist\u00e9es\u00a0!<\/p>\n<p>Les acteurs eux-m\u00eames, \u00e0 l\u2019exception peut-\u00eatre de Abla Kamel qui a jou\u00e9 le r\u00f4le de Alya la s\u0153ur de Abdel Halim et Kamal Abu Raya qui a jou\u00e9 le r\u00f4le de Ismail son fr\u00e8re ain\u00e9, sont mauvais. Ils jouent et surjouent. Ils sont antipathiques et artificiels.<\/p>\n<p>Le sc\u00e9nario comporte des lacunes et est d\u00e9s\u00e9quilibr\u00e9.<\/p>\n<p>De tr\u00e8s longues sc\u00e8nes sont consacr\u00e9es \u00e0 Gamal Abdel Nasser\u00a0: ses \u00e9tats d\u2019\u00e2me, sa maladie, ses r\u00e9unions\u2026 Quel int\u00e9r\u00eat pour un feuilleton sur Halim\u00a0? Contextualiser\u00a0? Dire que Halim se sentait patriote et se disait enfant de la r\u00e9volution\u00a0? On pouvait nous dire que Halim \u00e9tait patriote sans insister autant sur Gamel. Prouver que Gamal et Halim \u00e9taient amis\u00a0? On pouvait nous montrer ces liens d\u2019amiti\u00e9s sans exag\u00e9rer. Justifier qu\u2019Abdel Halim avait chant\u00e9 des dizaines de chansons patriotiques\u00a0? Nous le savons tous. On dit d\u2019ailleurs qu\u2019il est l\u2019unique chanteur au monde \u00e0 avoir racont\u00e9 une partie de l\u2019histoire\u00a0de son pays en chansons. Mais tout cela ne justifie pas les longues sc\u00e8nes o\u00f9 on est oblig\u00e9 de supporter Gamal Abdel Nasser, sa famille, ses enfants\u2026<\/p>\n<p><img decoding=\"async\" alt=\"\" height=\"659\" src=\"https:\/\/www.webdo.tn\/wp-content\/uploads\/2021\/03\/Abdel-Halim-Hafez-jeune.jpg\" width=\"564\"><br \/>\nAbdel Halim Hafez jeune&#8230;<\/p>\n<p>Le feuilleton aurait \u00e9t\u00e9 bien plus int\u00e9ressant s\u2019il avait plus insist\u00e9 sur la personnalit\u00e9 de Halim, sur ses bonheurs, ses peines et souffrances, sa mani\u00e8re de penser, de travailler, de voir la vie\u2026<\/p>\n<p>Ce feuilleton nous apprend que Abdel Halim Hafez avait eu une vie tr\u00e8s difficile, d\u00e8s sa naissance, sa m\u00e8re \u00e9tant d\u00e9c\u00e9d\u00e9e quelques jours apr\u00e8s l\u2019avoir mis au monde. Son p\u00e8re \u00e9galement n\u2019avait pas tard\u00e9 \u00e0 la rejoindre. Enfant, Halim avait donc \u00e9tait \u00e9lev\u00e9 par son oncle maternel, qui avait m\u00eame d\u00fb le placer pendant plusieurs ann\u00e9es dans un orphelinat. C\u2019est \u00e9galement enfant, en se baignant dans le Nil, que Abdel Halim Hafez avait contract\u00e9 la bilharziose, qui l\u2019avait fait souffrir toute sa vie et avait fini par le tuer. Un peu plus \u00e2g\u00e9, il avait enfin eu la chance de pouvoir int\u00e9grer l&rsquo;Institut de Musique Arabe du Caire et d\u2019\u00eatre ensuite embauch\u00e9 \u00e0 la radio, ce qui lui a permis d\u2019\u00eatre enfin \u00ab d\u00e9couvert \u00bb et de d\u00e9buter sa carri\u00e8re d\u2019artiste.<\/p>\n<p>En fait, le feuilleton ne rajoute pas grand-chose \u00e0 ce qu&rsquo;on peut lire sur<a href=\"https:\/\/fr.wikipedia.org\/wiki\/Abdel_Halim_Hafez\"> la page Wikip\u00e9dia de l&rsquo;artiste<\/a>, surtout que ni le sc\u00e9nariste, ni le r\u00e9alisateur n\u2019ont su y mettre des \u00e9motions.<\/p>\n<p>Pourtant il y avait beaucoup \u00e0 dire sur Abdel Halim Hafez.<\/p>\n<h5><strong>Abdel Halim Hafez malade&#8230;<\/strong><\/h5>\n<p>\u00a0<\/p>\n<p><img decoding=\"async\" alt=\"\" height=\"388\" src=\"https:\/\/www.webdo.tn\/wp-content\/uploads\/2021\/03\/Abdel-Halim-Hafez-malade.jpg\" width=\"431\"><br \/>\nAbdel Halim Hafez, chez lui, malade<\/p>\n<p>\u00a0<\/p>\n<p>Le feuilleton aurait, par exemple, pu insister un peu plus sur sa maladie, qui avait beaucoup influ\u00e9 sur le cours de sa vie (16 op\u00e9rations chirurgicales et 25 hospitalisations en Angleterre, France et USA). A part toutes les souffrances et les privations que Halim avait endur\u00e9es, on aurait pu nous parler des cons\u00e9quences de cette maladie sur son m\u00e9tier: il devait parfois s\u2019arr\u00eater de travailler pendant de longues p\u00e9riodes, des tournages \u00e9taient report\u00e9s, des r\u00e9p\u00e9titions annul\u00e9es&#8230;<\/p>\n<p>En plus, il fallait s\u2019adapter \u00e0 Halim et \u00e0 ses horaires. L&rsquo;artiste avait une phobie : depuis une nuit o\u00f9 il avait eu une h\u00e9morragie, il avait une peur panique d\u2019avoir une nouvelle h\u00e9morragie pendant son sommeil et que personne ne s\u2019en aper\u00e7oive puisque tous dorment la nuit. Il avait donc pris l\u2019habitude de dormir vers 8h du matin, pour que sa s\u0153ur Alya, d\u00e9j\u00e0 r\u00e9veill\u00e9e, puisse le surveiller et veiller sur lui.<\/p>\n<p>La journ\u00e9e de Halim ne commen\u00e7ait donc que l\u2019apr\u00e8s-midi. Ce que n\u2019avait pas compris le r\u00e9alisateur Helmy Rafla qui s\u2019\u00e9tait obstin\u00e9 \u00e0 tourner le film <em>Maa \u2018boud\u00e2t Al-Gamahir\/L\u2019idole du public<\/em> (1967) pendant la journ\u00e9e. Le tournage avait donc dur\u00e9 4 ans, Halim \u00e9tant souvent absent, et ayant aussi \u00e9t\u00e9 souvent malade. Dans le feuilleton, on a r\u00e9p\u00e9t\u00e9 \u00e0 plusieurs reprises que le tournage avait dur\u00e9 4 ans, sans en expliquer les raisons.<\/p>\n<p>Par contre, pour le tournage de <em>Aby Fawq Al-Shagara\/Mon p\u00e8re en haut de l&rsquo;arbre<\/em> (1969), le r\u00e9alisateur Hussein Kamal avait compris qu\u2019il fallait s\u2019adapter et planifier les tournages \u00e0 partir de 19h00, tout s\u2019\u00e9tait donc tr\u00e8s bien pass\u00e9, Halim \u00e9tant l\u00e0 \u00e0 l\u2019heure chaque soir.<\/p>\n<p>Pour tourner les sc\u00e8nes qui se passaient pendant la journ\u00e9e \u00e0 la plage, il a fallu que l\u2019associ\u00e9 de Halim vienne le surveiller la nuit pour qu\u2019il puisse dormir et travailler la journ\u00e9e.<\/p>\n<p>Pour ces m\u00eames sc\u00e8nes \u00e0 la plage d\u2019ailleurs, il y avait eu un autre probl\u00e8me : Halim avait refus\u00e9 cat\u00e9goriquement de se mettre en maillot de bain. Dispute avec le r\u00e9alisateur. Finalement Halim lui avait demand\u00e9 de le suivre dans sa loge. Il avait enlev\u00e9 ses v\u00eatements et surprise : il avait plusieurs cicatrices sur le corps, dont une \u00e9norme qui allait de son ventre \u00e0 son dos. Hussein Kamal lui avait alors promis que ces cicatrices seraient maquill\u00e9es et qu\u2019il ferait en sorte de le filmer de fa\u00e7on que personne ne puisse les voir. Pareil pour une sc\u00e8ne o\u00f9 il devait \u00eatre au lit avec Nadia Lotfi, o\u00f9 une lumi\u00e8re tamis\u00e9e avait servi \u00e0 camoufler ces cicatrices. <em>Aby Fawq Al-Shagara<\/em> a \u00e9t\u00e9 un des trois films \u00e9gyptiens ayant r\u00e9alis\u00e9 le plus grand nombre d&rsquo;entr\u00e9es dans les salles de cin\u00e9ma. A sa premi\u00e8re sortie en Egypte, il \u00e9tait d\u2019ailleurs rest\u00e9 \u00e0 l\u2019affiche plus d\u2019un an !<\/p>\n<p><img decoding=\"async\" alt=\"\" height=\"478\" src=\"https:\/\/www.webdo.tn\/wp-content\/uploads\/2021\/03\/Abdel-Halim-Hafez-Plage.jpg\" width=\"640\"><br \/>\nAbdel Halim Hafez et Mervat Amin \u00e0 la plage dans le film \u00ab\u00a0A<em>by Fawq Al-Shagara\u00a0\u00bb<\/em><\/p>\n<p>\u00a0<\/p>\n<h5><strong>Abdel Halim Hafez perfectionniste&#8230;<\/strong><\/h5>\n<p>Halim \u00e9tait aussi connu pour \u00eatre tr\u00e8s perfectionniste et tr\u00e8s m\u00e9ticuleux dans son travail. Et bien qu\u2019il f\u00fbt son propre producteur, il ne regardait pas \u00e0 la d\u00e9pense lorsqu\u2019il s\u2019agissait de son m\u00e9tier. L\u2019important \u00e9tait que tout soit parfait. Il pouvait par exemple faire refaire tout un d\u00e9cor pour un simple d\u00e9tail. Il pouvait passer des heures \u00e0 discuter un d\u00e9tail dans un film, ou un mot ou une note pour ses chansons. Il avait par exemple pass\u00e9 de tr\u00e8s longues heures au t\u00e9l\u00e9phone avec le po\u00e8te Nizar Kabbani pour faire changer quelques paroles de la chanson <em>Qariat el fingan<\/em>, sans se soucier du prix de la communication t\u00e9l\u00e9phonique internationale !<\/p>\n<p>Lors du tournage du film <em>Alkhataya\/Le p\u00each\u00e9<\/em> (1962), Halim devait \u00eatre violemment gifl\u00e9 par Imed Hamdi, qui jouait le r\u00f4le de son p\u00e8re. La sc\u00e8ne avait \u00e9t\u00e9 tourn\u00e9e 13 fois. C\u2019est Halim lui-m\u00eame qui demandait \u00e0 la refaire. Il voulait que la sc\u00e8ne paraisse r\u00e9elle et insistait \u00e0 chaque fois pour qu\u2019Imed Hamdi le frappe plus fort. Du coup, ce dernier avait fini par le frapper tellement fort, que Halim en avait saign\u00e9, avait craint de perdre une molaire et avait d\u00fb se faire soigner pour cela. Il acceptait ces souffrances, et faisait beaucoup d\u2019efforts pour \u00eatre bon acteur, ne voulant pas qu\u2019on dise de lui qu\u2019il n\u2019\u00e9tait engag\u00e9 au cin\u00e9ma que parce qu\u2019il \u00e9tait chanteur.<\/p>\n<p>\u00a0<\/p>\n<p>\u00a0<\/p>\n<p>Cette gifle avait \u00e9t\u00e9 tellement forte et la souffrance tellement r\u00e9elle que les fans de Halim en avaient voulu \u00e0 Imed Hamdi d\u2019avoir fait mal \u00e0 leur idole. Imed Hamdi avait lui-m\u00eame t\u00e9moign\u00e9 qu\u2019apr\u00e8s la sortie du film, l\u00e0 o\u00f9 il allait, les gens lui en faisaient le reproche. Cette sc\u00e8ne lui avait d\u2019ailleurs caus\u00e9 du tort et lui avait valu de rester sans travailler pendant une certaine p\u00e9riode, le temps que les fans de Halim oublient et lui pardonnent cette gifle !<\/p>\n<p>Rien de cela n\u2019a \u00e9t\u00e9 dit dans le feuilleton.<\/p>\n<h5><strong>Abdel Halim Hafez et les autres artistes&#8230;<\/strong><\/h5>\n<p>A part une dispute avec Om Kalthoum qui avait voulu l\u2019emp\u00eacher de chanter \u00e0 un gala de l\u2019arm\u00e9e, le feuilleton n\u2019a pas non plus parl\u00e9 des relations de Halim avec les autres artistes de son \u00e9poque, tels que Farid Al Atrache, Shadia, Souad Hosny, Faten Hamama\u2026 Comment se comportait-il avec ces artistes ? Entretenait-il avec eux des relations amicales ? Des jalousies et rivalit\u00e9s ? Aucun mot !!! Pourtant les soir\u00e9es chez Halim \u00e9taient l\u00e9gendaires. Pourquoi ?<\/p>\n<p>Le feuilleton ne parle pratiquement que de ses relations avec les compositeurs et musiciens, tels que Kamal El-Tawil, Baligh Hamdi, Mohammed Al-Mougui avec lesquels il travaillait et avec lesquels il entretenait en g\u00e9n\u00e9ral de bonnes relations et de Mohamed Abdelwahab, qui \u00e9tait son associ\u00e9 dans la maison de production <em>Sawt il Fen<\/em>. Dans une de ses interviews, Abdel Waheb avait d\u2019ailleurs dit qu\u2019il aimait Halim, parce qu&rsquo;il \u00e9tait un artiste accompli, qui avait une grande pr\u00e9sence sur sc\u00e8ne, et qui contrairement aux artistes de son \u00e9poque, avait sa propre fa\u00e7on d\u2019\u00eatre, de bouger, de communiquer avec son public, et avait su ainsi se faire aimer par lui.<\/p>\n<h5><strong>Abdel Halim Hafez et Souad Hosny, mari\u00e9s?\u00a0<\/strong><\/h5>\n<p>Des dizaines d\u2019articles et m\u00eame des livres racontent la grande histoire d\u2019amour entre Souad Hosny et Abdel Halim, certains disant m\u00eame qu\u2019ils s\u2019\u00e9taient mari\u00e9s en secret. Vrai ou pas ? Contrairement aux proches et au m\u00e9decin de Souad Hosny qui confirment ce mariage, la famille de Halim et ses proches d\u00e9mentent cat\u00e9goriquement cette union mais reconnaissent qu\u2019il y avait bien eu une grande histoire d\u2019amour entre eux. Plusieurs t\u00e9moignages relatent \u00e0 quel point Souad Hosny se tenait aux cot\u00e9s de Halim, comment elle prenait soin de lui lorsqu\u2019il \u00e9tait malade\u2026 De nombreux articles racontent \u00e9galement la jalousie maladive de Halim en ce qui concerne Souad, et qu\u2019il lui \u00e9tait m\u00eame arriv\u00e9 de la suivre en voiture pour savoir o\u00f9 elle allait et avec qui. Mais rien dans le feuilleton.<\/p>\n<p><img decoding=\"async\" alt=\"Abdel Halim Hafez\" height=\"275\" src=\"https:\/\/www.webdo.tn\/wp-content\/uploads\/2021\/03\/%D8%B9%D8%A8%D8%AF-%D8%A7%D9%84%D8%AD%D9%84%D9%8A%D9%85-%D8%AD%D8%A7%D9%81%D8%B8-%D9%88%D8%B3%D8%B9%D8%A7%D8%AF-%D8%AD%D8%B3%D9%86%D9%8A.jpg\" width=\"390\"><br \/>\nSouad Hosny et Abdel Halim Hafez<\/p>\n<p>\u00a0<\/p>\n<h5><strong>Abdel Halim Hafez et Hassan II, une solide amiti\u00e9&#8230;<\/strong><\/h5>\n<p>Dans l\u2019un des \u00e9pisodes, on apprend que Halim avait d\u00e9couvert que ses chansons et films \u00e9taient interdits au Maroc. Il avait \u00e9crit \u00e0 Hassan II pour en demander la raison et avait alors su qu\u2019on avait fait croire au roi qu\u2019il avait pris le parti de l\u2019Alg\u00e9rie dans le conflit du Polisario. Lorsque Halim avait prouv\u00e9 souverain qu\u2019il \u00e9tait \u00ab innocent \u00bb, ils \u00e9taient devenus tr\u00e8s amis.<\/p>\n<p>Mais aucun mot n\u2019a \u00e9t\u00e9 dit \u00e0 propos de la tentative de coup d\u2019Etat contre Hassan II le 10 juillet 1971 \u00e0 Skhirat, alors qu\u2019Abdel Halim Hafez \u00e9tait au Maroc pour assister au 42\u00e8me anniversaire du roi.<\/p>\n<p>Pendant qu&rsquo;il se trouvait \u00e0 la radio marocaine pour enregistrer une chanson, l&rsquo;artiste avait \u00e9t\u00e9 pris en otage par les terroristes qui lui avaient demand\u00e9 de lire un communiqu\u00e9 \u00e0 la radio, ce qu\u2019il avait refus\u00e9, malgr\u00e9 les menaces de le tuer.<\/p>\n<p>Ce refus avait consolid\u00e9 les liens d&rsquo;amiti\u00e9 entre Abdel Halim et Hassan II. Pour le r\u00e9compenser, ce dernier lui avait d&rsquo;ailleurs octroy\u00e9 la nationalit\u00e9 marocaine (avec passeport diplomatique\u00a0!!) et l&rsquo;avait d\u00e9cor\u00e9.<\/p>\n<p>Il y a encore beaucoup \u00e0 dire \u00e0 propos d\u2019Abdel Halim Hafez, dommage que le feuilleton soit pass\u00e9 \u00e0 c\u00f4t\u00e9. Ce qui explique surement son \u00e9chec aupr\u00e8s du public.<\/p>\n<h5><strong>Abdel Halim Hafez en Tunisie&#8230;<\/strong><\/h5>\n<p>Bien s\u00fbr j\u2019aurais aim\u00e9 qu\u2019on y parle aussi des deux visites que Halim avait faites en Tunisie, mais je suppose qu\u2019il aurait alors fallu parler de toutes ses visites et concerts dans tous les autres pays arabes, ce qui est impossible\u00a0!<\/p>\n<p><img decoding=\"async\" alt=\"\" height=\"500\" src=\"https:\/\/www.webdo.tn\/wp-content\/uploads\/2021\/03\/Halim-Tunisie.jpg\" width=\"500\"><br \/>\nAbdel Halim Hafez en Tunisie en 1968<\/p>\n<p>Abdel Halim Hafez est venu deux fois en Tunisie. La premi\u00e8re en 1968, dans le cadre du festival du Corail de Tabarka. Il \u00e9tait rest\u00e9 deux semaines, et avait \u00e9t\u00e9 re\u00e7u en grandes pompes, aussi bien par Bourguiba, Wassila, plusieurs artistes tunisiens que tous les citoyens. Il avait donn\u00e9, je crois, deux concerts. Lors d\u2019un des deux concerts, il avait port\u00e9 une Jebba qamraya (lin) avec un grand machmoum \u00e0 la main et avait chant\u00e9 pour la premi\u00e8re fois <em>El wayl el wayl<\/em> et\u00a0<em>Habibaha<\/em>. Abdel Halim avait dit lui-m\u00eame qu\u2019il n\u2019oublierait jamais ces 15 jours pass\u00e9s en Tunisie!<\/p>\n<p>C\u2019est \u00e0 l\u2019occasion de cette visite que Halim avait d\u00e9di\u00e9 une tr\u00e8s belle chanson \u00e0 Habib Bourguiba \u00e0 l\u2019occasion de son 65<sup>\u00e8me<\/sup> anniversaire.<\/p>\n<p>\u00a0<\/p>\n<p>\u00a0<\/p>\n<p>\u00a0<\/p>\n<p>La deuxi\u00e8me visite avait eu lieu en juin 1970 pour le cinquantenaire du Club Africain.<\/p>\n<p>Ces concerts avaient \u00e9t\u00e9 enregistr\u00e9s par la toute jeune <a href=\"https:\/\/www.webdo.tn\/2021\/02\/01\/naissance-de-la-television-tunisienne\/#.YGLEfq9Kg2w\">Radio T\u00e9l\u00e9vision Tunisienne (RTT)<\/a>, et sont aujourd\u2019hui num\u00e9ris\u00e9s.<\/p>\n<p>Halim et son associ\u00e9 et avocat Magdy Amroussi avaient \u00e9t\u00e9 tr\u00e8s \u00e9tonn\u00e9s par les spectateurs tunisiens, qu\u2019ils avaient trouv\u00e9 tr\u00e8s ordonn\u00e9s et tr\u00e8s respectueux. Ah s\u2019ils les voyaient aujourd\u2019hui\u00a0!<\/p>\n<h5><strong>Abdel Halim Hafez s&rsquo;en est all\u00e9&#8230;<\/strong><\/h5>\n<p>Abdel Halim Hafez est d\u00e9c\u00e9d\u00e9 le 30 mars 1977 au King&rsquo;s College Hospital de Londres. Il a \u00e9t\u00e9 inhum\u00e9 au Caire le 2 avril. Environ un million de personnes ont assist\u00e9 \u00e0 ses fun\u00e9railles, les plus importantes de l&rsquo;histoire de l&rsquo;Egypte, apr\u00e8s celles de Gamal Abdel Nasser et d&rsquo;Om Kalthoum. A l&rsquo;annonce de son d\u00e9c\u00e8s, une dizaine de jeunes filles s&rsquo;\u00e9taient suicid\u00e9es par d\u00e9sespoir.<\/p>\n<p><img decoding=\"async\" alt=\"\" height=\"562\" src=\"https:\/\/www.webdo.tn\/wp-content\/uploads\/2021\/03\/Abdel-Halim-Hafez-Funerailles.jpg\" width=\"450\"><br \/>\nLes fun\u00e9railles de Abdel Halim Hafez<\/p>\n<p>\u00a0<\/p>\n<p>Comme l\u2019avait demand\u00e9 Abdel Halim lui-m\u00eame, \u00e0 chaque anniversaire de son d\u00e9c\u00e8s, son appartement, situ\u00e9 dans le quartier de Zam\u0101lek (Le Caire) s\u2019ouvrait au public. Mais depuis 2019 sa famille a mis fin \u00e0 cette tradition, arguant du fait que les admirateurs, trop nombreux, n\u2019\u00e9taient pas soigneux et que certains objets avaient \u00e9t\u00e9 endommag\u00e9s. La comm\u00e9moration de son d\u00e9c\u00e8s se fait d\u00e9sormais dans son mausol\u00e9e.<\/p>\n<p>\u00a0<\/p>\n<p><img decoding=\"async\" alt=\"Abdel Halim Hafez \" height=\"636\" src=\"https:\/\/www.webdo.tn\/wp-content\/uploads\/2021\/03\/Abdel-Halim-Hafez-chambre.jpg\" width=\"960\"> La chambre \u00e0 coucher de Abdel Halim Hafez<\/p>\n<p>Il est regrettable qu\u2019en 44 ans, il n\u2019y ait eu aucune initiative r\u00e9elle et effective pour cr\u00e9er au Caire, un Mus\u00e9e Abdel Halim Hafez, comme il en existe pour Om Kalthoum et Mohamed Abdelwahab. A croire que les h\u00e9ritiers de Halim n\u2019ont pas \u00e9t\u00e9 \u00e0 la hauteur de la succession. J\u2019ai plus lu des articles racontant leurs diverses disputes et proc\u00e8s \u00e0 propos de droits, que des actions concr\u00e8tes en vue de pr\u00e9server le nom et la m\u00e9moire de leur oncle ou fr\u00e8re, qui a \u00e0 son actif 241 chansons in\u00e9dites et 9 reprises, sans oublier les 22 films dans lesquels il a jou\u00e9 et\/ou chant\u00e9 et les 5 films qu\u2019il a produits.<\/p>\n<p><img decoding=\"async\" alt=\"Abdel Halim Hafez\" height=\"800\" src=\"https:\/\/www.webdo.tn\/wp-content\/uploads\/2021\/03\/Halim-Opera-du-Caire.jpg\" width=\"480\"><br \/>\nUne statue de Abdel Halim Hafez dans les jardins de l&rsquo;Op\u00e9ra du Caire<\/p>\n<p>\u00a0<\/p>\n<p>Derni\u00e8rement, un grand concert, avec Halim en hologramme, a \u00e9t\u00e9 annonc\u00e9 au Caire pour le mois d&rsquo;avril prochain. Une bataille juridique a d\u2019ailleurs commenc\u00e9 entre les organisateurs de ce concert et les h\u00e9ritiers de Halim qui disent avoir \u00e9t\u00e9 surpris d\u2019apprendre la tenue de ce concert par la presse. En fait, j\u2019ai l\u2019impression qu\u2019on n\u2019entend ces h\u00e9ritiers que lorsqu\u2019il s\u2019agit d\u2019argent, m\u00eame si bien s\u00fbr, ils sont dans leurs droits de r\u00e9clamer leur d\u00fb. Mais je souhaiterais tellement les voir faire quelque chose de concret pour perp\u00e9tuer la m\u00e9moire de Halim !<\/p>\n<p><strong>Ne\u00efla Driss<\/strong><\/p>\n<p>\u00a0<\/p>\n<\/p><\/div>\n<div class=\"coprs\" style=\"text-align: center\"><\/div><\/div>\n","protected":false},"excerpt":{"rendered":"<p>Il y a 44 ans, Abdel Halim Hafez nous quittait&#8230;<\/p>\n","protected":false},"author":3164,"featured_media":274244,"comment_status":"open","ping_status":"closed","sticky":false,"template":"","format":"standard","meta":{"footnotes":""},"categories":[2594],"tags":[9110,4409,9111,7681,3833,6711,5868],"class_list":["post-199964","post","type-post","status-publish","format-standard","has-post-thumbnail","hentry","category-culture","tag-abdel-halim-hafez","tag-acteur","tag-biopic","tag-chanteur","tag-feuilleton","tag-feuilleton-egyptien","tag-tv"],"yoast_head":"<!-- This site is optimized with the Yoast SEO Premium plugin v27.4 (Yoast SEO v27.4) - https:\/\/yoast.com\/product\/yoast-seo-premium-wordpress\/ -->\n<title>Il y a 44 ans, Abdel Halim Hafez nous quittait...<\/title>\n<meta name=\"description\" content=\"Il y a 44 ans, Abdel Halim Hafez nous quittait...\" \/>\n<link rel=\"canonical\" href=\"https:\/\/www.webdo.tn\/fr\/actualite\/culture\/il-y-a-44-ans-abdel-halim-hafez-nous-quittait\/199964\/\" \/>\n<meta property=\"og:locale\" content=\"fr_FR\" \/>\n<meta property=\"og:type\" content=\"article\" \/>\n<meta property=\"og:title\" content=\"Il y a 44 ans, Abdel Halim Hafez nous quittait...\" \/>\n<meta property=\"og:description\" content=\"Il y a 44 ans, Abdel Halim Hafez nous quittait...\" \/>\n<meta property=\"og:url\" content=\"https:\/\/www.webdo.tn\/fr\/actualite\/culture\/il-y-a-44-ans-abdel-halim-hafez-nous-quittait\/199964\/\" \/>\n<meta property=\"og:site_name\" content=\"webdo\" \/>\n<meta property=\"article:publisher\" content=\"https:\/\/www.facebook.com\/webdotn\" \/>\n<meta property=\"article:author\" content=\"https:\/\/www.facebook.com\/massir.destiniii\/\" \/>\n<meta property=\"article:published_time\" content=\"2021-03-30T11:07:00+00:00\" \/>\n<meta property=\"article:modified_time\" content=\"2025-05-17T17:23:17+00:00\" \/>\n<meta property=\"og:image\" content=\"https:\/\/www.webdo.tn\/fr\/wp-content\/uploads\/2021\/03\/Abdel-Halim-Hafez-1-1024x603-1.jpg\" \/>\n\t<meta property=\"og:image:width\" content=\"1024\" \/>\n\t<meta property=\"og:image:height\" content=\"603\" \/>\n\t<meta property=\"og:image:type\" content=\"image\/jpeg\" \/>\n<meta name=\"author\" content=\"Ne\u00efla DRISS\" \/>\n<meta name=\"twitter:card\" content=\"summary_large_image\" \/>\n<meta name=\"twitter:creator\" content=\"@https:\/\/x.com\/MassirDestin\" \/>\n<meta name=\"twitter:site\" content=\"@webdo_tn\" \/>\n<meta name=\"twitter:label1\" content=\"\u00c9crit par\" \/>\n\t<meta name=\"twitter:data1\" content=\"Ne\u00efla DRISS\" \/>\n\t<meta name=\"twitter:label2\" content=\"Dur\u00e9e de lecture estim\u00e9e\" \/>\n\t<meta name=\"twitter:data2\" content=\"15 minutes\" \/>\n<script type=\"application\/ld+json\" class=\"yoast-schema-graph\">{\"@context\":\"https:\\\/\\\/schema.org\",\"@graph\":[{\"@type\":\"NewsArticle\",\"@id\":\"https:\\\/\\\/www.webdo.tn\\\/fr\\\/actualite\\\/culture\\\/il-y-a-44-ans-abdel-halim-hafez-nous-quittait\\\/199964\\\/#article\",\"isPartOf\":{\"@id\":\"https:\\\/\\\/www.webdo.tn\\\/fr\\\/actualite\\\/culture\\\/il-y-a-44-ans-abdel-halim-hafez-nous-quittait\\\/199964\\\/\"},\"author\":{\"name\":\"Ne\u00efla DRISS\",\"@id\":\"https:\\\/\\\/www.webdo.tn\\\/fr\\\/#\\\/schema\\\/person\\\/60d5ba619ed3f58783b0dc82b7dada80\"},\"headline\":\"Il y a 44 ans, Abdel Halim Hafez nous quittait&#8230;\",\"datePublished\":\"2021-03-30T11:07:00+00:00\",\"dateModified\":\"2025-05-17T17:23:17+00:00\",\"mainEntityOfPage\":{\"@id\":\"https:\\\/\\\/www.webdo.tn\\\/fr\\\/actualite\\\/culture\\\/il-y-a-44-ans-abdel-halim-hafez-nous-quittait\\\/199964\\\/\"},\"wordCount\":3024,\"commentCount\":0,\"publisher\":{\"@id\":\"https:\\\/\\\/www.webdo.tn\\\/fr\\\/#organization\"},\"image\":{\"@id\":\"https:\\\/\\\/www.webdo.tn\\\/fr\\\/actualite\\\/culture\\\/il-y-a-44-ans-abdel-halim-hafez-nous-quittait\\\/199964\\\/#primaryimage\"},\"thumbnailUrl\":\"https:\\\/\\\/www.webdo.tn\\\/fr\\\/wp-content\\\/uploads\\\/2021\\\/03\\\/Abdel-Halim-Hafez-1-1024x603-1.jpg\",\"keywords\":[\"Abdel Halim Hafez\",\"Acteur\",\"Biopic\",\"chanteur\",\"feuilleton\",\"Feuilleton \u00e9gyptien\",\"TV\"],\"articleSection\":[\"Culture\"],\"inLanguage\":\"fr-FR\"},{\"@type\":\"WebPage\",\"@id\":\"https:\\\/\\\/www.webdo.tn\\\/fr\\\/actualite\\\/culture\\\/il-y-a-44-ans-abdel-halim-hafez-nous-quittait\\\/199964\\\/\",\"url\":\"https:\\\/\\\/www.webdo.tn\\\/fr\\\/actualite\\\/culture\\\/il-y-a-44-ans-abdel-halim-hafez-nous-quittait\\\/199964\\\/\",\"name\":\"Il y a 44 ans, Abdel Halim Hafez nous quittait...\",\"isPartOf\":{\"@id\":\"https:\\\/\\\/www.webdo.tn\\\/fr\\\/#website\"},\"primaryImageOfPage\":{\"@id\":\"https:\\\/\\\/www.webdo.tn\\\/fr\\\/actualite\\\/culture\\\/il-y-a-44-ans-abdel-halim-hafez-nous-quittait\\\/199964\\\/#primaryimage\"},\"image\":{\"@id\":\"https:\\\/\\\/www.webdo.tn\\\/fr\\\/actualite\\\/culture\\\/il-y-a-44-ans-abdel-halim-hafez-nous-quittait\\\/199964\\\/#primaryimage\"},\"thumbnailUrl\":\"https:\\\/\\\/www.webdo.tn\\\/fr\\\/wp-content\\\/uploads\\\/2021\\\/03\\\/Abdel-Halim-Hafez-1-1024x603-1.jpg\",\"datePublished\":\"2021-03-30T11:07:00+00:00\",\"dateModified\":\"2025-05-17T17:23:17+00:00\",\"description\":\"Il y a 44 ans, Abdel Halim Hafez nous quittait...\",\"breadcrumb\":{\"@id\":\"https:\\\/\\\/www.webdo.tn\\\/fr\\\/actualite\\\/culture\\\/il-y-a-44-ans-abdel-halim-hafez-nous-quittait\\\/199964\\\/#breadcrumb\"},\"inLanguage\":\"fr-FR\",\"potentialAction\":[{\"@type\":\"ReadAction\",\"target\":[\"https:\\\/\\\/www.webdo.tn\\\/fr\\\/actualite\\\/culture\\\/il-y-a-44-ans-abdel-halim-hafez-nous-quittait\\\/199964\\\/\"]}]},{\"@type\":\"ImageObject\",\"inLanguage\":\"fr-FR\",\"@id\":\"https:\\\/\\\/www.webdo.tn\\\/fr\\\/actualite\\\/culture\\\/il-y-a-44-ans-abdel-halim-hafez-nous-quittait\\\/199964\\\/#primaryimage\",\"url\":\"https:\\\/\\\/www.webdo.tn\\\/fr\\\/wp-content\\\/uploads\\\/2021\\\/03\\\/Abdel-Halim-Hafez-1-1024x603-1.jpg\",\"contentUrl\":\"https:\\\/\\\/www.webdo.tn\\\/fr\\\/wp-content\\\/uploads\\\/2021\\\/03\\\/Abdel-Halim-Hafez-1-1024x603-1.jpg\",\"width\":1024,\"height\":603,\"caption\":\"Il y a 44 ans, Abdel Halim Hafez nous quittait...\"},{\"@type\":\"BreadcrumbList\",\"@id\":\"https:\\\/\\\/www.webdo.tn\\\/fr\\\/actualite\\\/culture\\\/il-y-a-44-ans-abdel-halim-hafez-nous-quittait\\\/199964\\\/#breadcrumb\",\"itemListElement\":[{\"@type\":\"ListItem\",\"position\":1,\"name\":\"Accueil\",\"item\":\"https:\\\/\\\/www.webdo.tn\\\/fr\\\/\"},{\"@type\":\"ListItem\",\"position\":2,\"name\":\"Il y a 44 ans, Abdel Halim Hafez nous quittait&#8230;\"}]},{\"@type\":\"WebSite\",\"@id\":\"https:\\\/\\\/www.webdo.tn\\\/fr\\\/#website\",\"url\":\"https:\\\/\\\/www.webdo.tn\\\/fr\\\/\",\"name\":\"webdo\",\"description\":\"Tunisie - News en Tunisie et \u00e0 l&#039;international sur Webdo.tn\",\"publisher\":{\"@id\":\"https:\\\/\\\/www.webdo.tn\\\/fr\\\/#organization\"},\"potentialAction\":[{\"@type\":\"SearchAction\",\"target\":{\"@type\":\"EntryPoint\",\"urlTemplate\":\"https:\\\/\\\/www.webdo.tn\\\/fr\\\/?s={search_term_string}\"},\"query-input\":{\"@type\":\"PropertyValueSpecification\",\"valueRequired\":true,\"valueName\":\"search_term_string\"}}],\"inLanguage\":\"fr-FR\"},{\"@type\":\"Organization\",\"@id\":\"https:\\\/\\\/www.webdo.tn\\\/fr\\\/#organization\",\"name\":\"Webdo\",\"alternateName\":\"Webdo.tn\",\"url\":\"https:\\\/\\\/www.webdo.tn\\\/fr\\\/\",\"logo\":{\"@type\":\"ImageObject\",\"inLanguage\":\"fr-FR\",\"@id\":\"https:\\\/\\\/www.webdo.tn\\\/fr\\\/#\\\/schema\\\/logo\\\/image\\\/\",\"url\":\"https:\\\/\\\/www.webdo.tn\\\/fr\\\/wp-content\\\/uploads\\\/2025\\\/06\\\/Webdo-Tunisie_168377.jpg\",\"contentUrl\":\"https:\\\/\\\/www.webdo.tn\\\/fr\\\/wp-content\\\/uploads\\\/2025\\\/06\\\/Webdo-Tunisie_168377.jpg\",\"width\":301,\"height\":301,\"caption\":\"Webdo\"},\"image\":{\"@id\":\"https:\\\/\\\/www.webdo.tn\\\/fr\\\/#\\\/schema\\\/logo\\\/image\\\/\"},\"sameAs\":[\"https:\\\/\\\/www.facebook.com\\\/webdotn\",\"https:\\\/\\\/x.com\\\/webdo_tn\"],\"description\":\"Webdo est un m\u00e9dia num\u00e9rique tunisien fond\u00e9 en 2010, sp\u00e9cialis\u00e9 dans l\u2019actualit\u00e9 nationale et internationale, l\u2019\u00e9conomie, la soci\u00e9t\u00e9 et les analyses politiques. Le site s\u2019adresse \u00e0 un large public francophone et couvre l\u2019information tunisienne en temps r\u00e9el.\",\"email\":\"redac@webdo.tn\",\"legalName\":\"YNJ SARL\",\"foundingDate\":\"2010-09-06\",\"numberOfEmployees\":{\"@type\":\"QuantitativeValue\",\"minValue\":\"11\",\"maxValue\":\"50\"}},{\"@type\":\"Person\",\"@id\":\"https:\\\/\\\/www.webdo.tn\\\/fr\\\/#\\\/schema\\\/person\\\/60d5ba619ed3f58783b0dc82b7dada80\",\"name\":\"Ne\u00efla DRISS\",\"image\":{\"@type\":\"ImageObject\",\"inLanguage\":\"fr-FR\",\"@id\":\"https:\\\/\\\/www.webdo.tn\\\/fr\\\/wp-content\\\/uploads\\\/2026\\\/04\\\/neila-driss_avatar-96x96.jpg\",\"url\":\"https:\\\/\\\/www.webdo.tn\\\/fr\\\/wp-content\\\/uploads\\\/2026\\\/04\\\/neila-driss_avatar-96x96.jpg\",\"contentUrl\":\"https:\\\/\\\/www.webdo.tn\\\/fr\\\/wp-content\\\/uploads\\\/2026\\\/04\\\/neila-driss_avatar-96x96.jpg\",\"caption\":\"Ne\u00efla DRISS\"},\"description\":\"Ne\u00efla Driss est juriste, journaliste culturelle et critique de cin\u00e9ma tunisienne. Titulaire d\u2019un DEA en droit priv\u00e9 de l\u2019Universit\u00e9 Paris II et d\u2019un DESS de l\u2019IHEC Carthage, elle d\u00e9bute sa carri\u00e8re comme juriste sp\u00e9cialis\u00e9e en gestion de patrimoine immobilier. Elle s\u2019oriente ensuite vers l\u2019\u00e9criture en ligne, o\u00f9 elle se distingue d\u00e8s 2006 aux Tunisia Blog Awards, avant de se consacrer au journalisme culturel, avec une sp\u00e9cialisation dans la critique cin\u00e9matographique. Elle couvre r\u00e9guli\u00e8rement les grands festivals internationaux, notamment le Festival de Cannes, les Journ\u00e9es Cin\u00e9matographiques de Carthage et le Festival du film du Caire. Membre de l\u2019ATPCC et de la FIPRESCI, elle participe \u00e0 des jurys et initiatives internationales de critique. Depuis 2024, elle est \u00e9lectrice internationale aux Golden Globes. Facebook : https:\\\/\\\/www.facebook.com\\\/massir.destiniii\\\/ X : https:\\\/\\\/x.com\\\/MassirDestin\",\"sameAs\":[\"https:\\\/\\\/www.facebook.com\\\/massir.destiniii\\\/\",\"https:\\\/\\\/www.instagram.com\\\/neila.driss\\\/?hl=fr\",\"https:\\\/\\\/www.linkedin.com\\\/in\\\/neila-driss-22606a80\\\/\",\"https:\\\/\\\/x.com\\\/https:\\\/\\\/x.com\\\/MassirDestin\"],\"knowsAbout\":[\"Cin\u00e9ma international\",\"critique cin\u00e9matographique\",\"festivals de cin\u00e9ma\",\"journalisme culturel\"],\"knowsLanguage\":[\"Fran\u00e7ais\",\"Arabe\",\"Anglais\"],\"jobTitle\":\"Journaliste culturelle et critique de cin\u00e9ma\",\"worksFor\":\"Webdo\",\"url\":\"https:\\\/\\\/www.webdo.tn\\\/fr\\\/actualite\\\/author\\\/neila-driss\\\/\"}]}<\/script>\n<!-- \/ Yoast SEO Premium plugin. -->","yoast_head_json":{"title":"Il y a 44 ans, Abdel Halim Hafez nous quittait...","description":"Il y a 44 ans, Abdel Halim Hafez nous quittait...","canonical":"https:\/\/www.webdo.tn\/fr\/actualite\/culture\/il-y-a-44-ans-abdel-halim-hafez-nous-quittait\/199964\/","og_locale":"fr_FR","og_type":"article","og_title":"Il y a 44 ans, Abdel Halim Hafez nous quittait...","og_description":"Il y a 44 ans, Abdel Halim Hafez nous quittait...","og_url":"https:\/\/www.webdo.tn\/fr\/actualite\/culture\/il-y-a-44-ans-abdel-halim-hafez-nous-quittait\/199964\/","og_site_name":"webdo","article_publisher":"https:\/\/www.facebook.com\/webdotn","article_author":"https:\/\/www.facebook.com\/massir.destiniii\/","article_published_time":"2021-03-30T11:07:00+00:00","article_modified_time":"2025-05-17T17:23:17+00:00","og_image":[{"width":1024,"height":603,"url":"https:\/\/www.webdo.tn\/fr\/wp-content\/uploads\/2021\/03\/Abdel-Halim-Hafez-1-1024x603-1.jpg","type":"image\/jpeg"}],"author":"Ne\u00efla DRISS","twitter_card":"summary_large_image","twitter_creator":"@https:\/\/x.com\/MassirDestin","twitter_site":"@webdo_tn","twitter_misc":{"\u00c9crit par":"Ne\u00efla DRISS","Dur\u00e9e de lecture estim\u00e9e":"15 minutes"},"schema":{"@context":"https:\/\/schema.org","@graph":[{"@type":"NewsArticle","@id":"https:\/\/www.webdo.tn\/fr\/actualite\/culture\/il-y-a-44-ans-abdel-halim-hafez-nous-quittait\/199964\/#article","isPartOf":{"@id":"https:\/\/www.webdo.tn\/fr\/actualite\/culture\/il-y-a-44-ans-abdel-halim-hafez-nous-quittait\/199964\/"},"author":{"name":"Ne\u00efla DRISS","@id":"https:\/\/www.webdo.tn\/fr\/#\/schema\/person\/60d5ba619ed3f58783b0dc82b7dada80"},"headline":"Il y a 44 ans, Abdel Halim Hafez nous quittait&#8230;","datePublished":"2021-03-30T11:07:00+00:00","dateModified":"2025-05-17T17:23:17+00:00","mainEntityOfPage":{"@id":"https:\/\/www.webdo.tn\/fr\/actualite\/culture\/il-y-a-44-ans-abdel-halim-hafez-nous-quittait\/199964\/"},"wordCount":3024,"commentCount":0,"publisher":{"@id":"https:\/\/www.webdo.tn\/fr\/#organization"},"image":{"@id":"https:\/\/www.webdo.tn\/fr\/actualite\/culture\/il-y-a-44-ans-abdel-halim-hafez-nous-quittait\/199964\/#primaryimage"},"thumbnailUrl":"https:\/\/www.webdo.tn\/fr\/wp-content\/uploads\/2021\/03\/Abdel-Halim-Hafez-1-1024x603-1.jpg","keywords":["Abdel Halim Hafez","Acteur","Biopic","chanteur","feuilleton","Feuilleton \u00e9gyptien","TV"],"articleSection":["Culture"],"inLanguage":"fr-FR"},{"@type":"WebPage","@id":"https:\/\/www.webdo.tn\/fr\/actualite\/culture\/il-y-a-44-ans-abdel-halim-hafez-nous-quittait\/199964\/","url":"https:\/\/www.webdo.tn\/fr\/actualite\/culture\/il-y-a-44-ans-abdel-halim-hafez-nous-quittait\/199964\/","name":"Il y a 44 ans, Abdel Halim Hafez nous quittait...","isPartOf":{"@id":"https:\/\/www.webdo.tn\/fr\/#website"},"primaryImageOfPage":{"@id":"https:\/\/www.webdo.tn\/fr\/actualite\/culture\/il-y-a-44-ans-abdel-halim-hafez-nous-quittait\/199964\/#primaryimage"},"image":{"@id":"https:\/\/www.webdo.tn\/fr\/actualite\/culture\/il-y-a-44-ans-abdel-halim-hafez-nous-quittait\/199964\/#primaryimage"},"thumbnailUrl":"https:\/\/www.webdo.tn\/fr\/wp-content\/uploads\/2021\/03\/Abdel-Halim-Hafez-1-1024x603-1.jpg","datePublished":"2021-03-30T11:07:00+00:00","dateModified":"2025-05-17T17:23:17+00:00","description":"Il y a 44 ans, Abdel Halim Hafez nous quittait...","breadcrumb":{"@id":"https:\/\/www.webdo.tn\/fr\/actualite\/culture\/il-y-a-44-ans-abdel-halim-hafez-nous-quittait\/199964\/#breadcrumb"},"inLanguage":"fr-FR","potentialAction":[{"@type":"ReadAction","target":["https:\/\/www.webdo.tn\/fr\/actualite\/culture\/il-y-a-44-ans-abdel-halim-hafez-nous-quittait\/199964\/"]}]},{"@type":"ImageObject","inLanguage":"fr-FR","@id":"https:\/\/www.webdo.tn\/fr\/actualite\/culture\/il-y-a-44-ans-abdel-halim-hafez-nous-quittait\/199964\/#primaryimage","url":"https:\/\/www.webdo.tn\/fr\/wp-content\/uploads\/2021\/03\/Abdel-Halim-Hafez-1-1024x603-1.jpg","contentUrl":"https:\/\/www.webdo.tn\/fr\/wp-content\/uploads\/2021\/03\/Abdel-Halim-Hafez-1-1024x603-1.jpg","width":1024,"height":603,"caption":"Il y a 44 ans, Abdel Halim Hafez nous quittait..."},{"@type":"BreadcrumbList","@id":"https:\/\/www.webdo.tn\/fr\/actualite\/culture\/il-y-a-44-ans-abdel-halim-hafez-nous-quittait\/199964\/#breadcrumb","itemListElement":[{"@type":"ListItem","position":1,"name":"Accueil","item":"https:\/\/www.webdo.tn\/fr\/"},{"@type":"ListItem","position":2,"name":"Il y a 44 ans, Abdel Halim Hafez nous quittait&#8230;"}]},{"@type":"WebSite","@id":"https:\/\/www.webdo.tn\/fr\/#website","url":"https:\/\/www.webdo.tn\/fr\/","name":"webdo","description":"Tunisie - News en Tunisie et \u00e0 l&#039;international sur Webdo.tn","publisher":{"@id":"https:\/\/www.webdo.tn\/fr\/#organization"},"potentialAction":[{"@type":"SearchAction","target":{"@type":"EntryPoint","urlTemplate":"https:\/\/www.webdo.tn\/fr\/?s={search_term_string}"},"query-input":{"@type":"PropertyValueSpecification","valueRequired":true,"valueName":"search_term_string"}}],"inLanguage":"fr-FR"},{"@type":"Organization","@id":"https:\/\/www.webdo.tn\/fr\/#organization","name":"Webdo","alternateName":"Webdo.tn","url":"https:\/\/www.webdo.tn\/fr\/","logo":{"@type":"ImageObject","inLanguage":"fr-FR","@id":"https:\/\/www.webdo.tn\/fr\/#\/schema\/logo\/image\/","url":"https:\/\/www.webdo.tn\/fr\/wp-content\/uploads\/2025\/06\/Webdo-Tunisie_168377.jpg","contentUrl":"https:\/\/www.webdo.tn\/fr\/wp-content\/uploads\/2025\/06\/Webdo-Tunisie_168377.jpg","width":301,"height":301,"caption":"Webdo"},"image":{"@id":"https:\/\/www.webdo.tn\/fr\/#\/schema\/logo\/image\/"},"sameAs":["https:\/\/www.facebook.com\/webdotn","https:\/\/x.com\/webdo_tn"],"description":"Webdo est un m\u00e9dia num\u00e9rique tunisien fond\u00e9 en 2010, sp\u00e9cialis\u00e9 dans l\u2019actualit\u00e9 nationale et internationale, l\u2019\u00e9conomie, la soci\u00e9t\u00e9 et les analyses politiques. Le site s\u2019adresse \u00e0 un large public francophone et couvre l\u2019information tunisienne en temps r\u00e9el.","email":"redac@webdo.tn","legalName":"YNJ SARL","foundingDate":"2010-09-06","numberOfEmployees":{"@type":"QuantitativeValue","minValue":"11","maxValue":"50"}},{"@type":"Person","@id":"https:\/\/www.webdo.tn\/fr\/#\/schema\/person\/60d5ba619ed3f58783b0dc82b7dada80","name":"Ne\u00efla DRISS","image":{"@type":"ImageObject","inLanguage":"fr-FR","@id":"https:\/\/www.webdo.tn\/fr\/wp-content\/uploads\/2026\/04\/neila-driss_avatar-96x96.jpg","url":"https:\/\/www.webdo.tn\/fr\/wp-content\/uploads\/2026\/04\/neila-driss_avatar-96x96.jpg","contentUrl":"https:\/\/www.webdo.tn\/fr\/wp-content\/uploads\/2026\/04\/neila-driss_avatar-96x96.jpg","caption":"Ne\u00efla DRISS"},"description":"Ne\u00efla Driss est juriste, journaliste culturelle et critique de cin\u00e9ma tunisienne. Titulaire d\u2019un DEA en droit priv\u00e9 de l\u2019Universit\u00e9 Paris II et d\u2019un DESS de l\u2019IHEC Carthage, elle d\u00e9bute sa carri\u00e8re comme juriste sp\u00e9cialis\u00e9e en gestion de patrimoine immobilier. Elle s\u2019oriente ensuite vers l\u2019\u00e9criture en ligne, o\u00f9 elle se distingue d\u00e8s 2006 aux Tunisia Blog Awards, avant de se consacrer au journalisme culturel, avec une sp\u00e9cialisation dans la critique cin\u00e9matographique. Elle couvre r\u00e9guli\u00e8rement les grands festivals internationaux, notamment le Festival de Cannes, les Journ\u00e9es Cin\u00e9matographiques de Carthage et le Festival du film du Caire. Membre de l\u2019ATPCC et de la FIPRESCI, elle participe \u00e0 des jurys et initiatives internationales de critique. Depuis 2024, elle est \u00e9lectrice internationale aux Golden Globes. Facebook : https:\/\/www.facebook.com\/massir.destiniii\/ X : https:\/\/x.com\/MassirDestin","sameAs":["https:\/\/www.facebook.com\/massir.destiniii\/","https:\/\/www.instagram.com\/neila.driss\/?hl=fr","https:\/\/www.linkedin.com\/in\/neila-driss-22606a80\/","https:\/\/x.com\/https:\/\/x.com\/MassirDestin"],"knowsAbout":["Cin\u00e9ma international","critique cin\u00e9matographique","festivals de cin\u00e9ma","journalisme culturel"],"knowsLanguage":["Fran\u00e7ais","Arabe","Anglais"],"jobTitle":"Journaliste culturelle et critique de cin\u00e9ma","worksFor":"Webdo","url":"https:\/\/www.webdo.tn\/fr\/actualite\/author\/neila-driss\/"}]}},"_links":{"self":[{"href":"https:\/\/www.webdo.tn\/fr\/wp-json\/wp\/v2\/posts\/199964","targetHints":{"allow":["GET"]}}],"collection":[{"href":"https:\/\/www.webdo.tn\/fr\/wp-json\/wp\/v2\/posts"}],"about":[{"href":"https:\/\/www.webdo.tn\/fr\/wp-json\/wp\/v2\/types\/post"}],"author":[{"embeddable":true,"href":"https:\/\/www.webdo.tn\/fr\/wp-json\/wp\/v2\/users\/3164"}],"replies":[{"embeddable":true,"href":"https:\/\/www.webdo.tn\/fr\/wp-json\/wp\/v2\/comments?post=199964"}],"version-history":[{"count":0,"href":"https:\/\/www.webdo.tn\/fr\/wp-json\/wp\/v2\/posts\/199964\/revisions"}],"wp:featuredmedia":[{"embeddable":true,"href":"https:\/\/www.webdo.tn\/fr\/wp-json\/wp\/v2\/media\/274244"}],"wp:attachment":[{"href":"https:\/\/www.webdo.tn\/fr\/wp-json\/wp\/v2\/media?parent=199964"}],"wp:term":[{"taxonomy":"category","embeddable":true,"href":"https:\/\/www.webdo.tn\/fr\/wp-json\/wp\/v2\/categories?post=199964"},{"taxonomy":"post_tag","embeddable":true,"href":"https:\/\/www.webdo.tn\/fr\/wp-json\/wp\/v2\/tags?post=199964"}],"curies":[{"name":"wp","href":"https:\/\/api.w.org\/{rel}","templated":true}]}}