{"id":199963,"date":"2021-03-29T19:13:00","date_gmt":"2021-03-29T19:13:00","guid":{"rendered":"https:\/\/www.webdo.tn\/fr\/blog\/je-ne-suis-pas-de-pierre\/199963\/"},"modified":"2025-05-15T08:57:59","modified_gmt":"2025-05-15T08:57:59","slug":"je-ne-suis-pas-de-pierre","status":"publish","type":"post","link":"https:\/\/www.webdo.tn\/fr\/actualite\/culture\/je-ne-suis-pas-de-pierre\/199963\/","title":{"rendered":"JE NE SUIS PAS DE PIERRE\u00a0\u00a0\u00a0\u00a0"},"content":{"rendered":"<div class=\"single-body entry-content typography-copy\" itemprop=\"articleBody\">\n<p style=\"font-weight: bold; text-align: justify\">\n<div class=\"coprs\" style=\"text-align: center\"><\/div>\n<div class=\"coprs\" style=\"text-align: justify\">\n\t\t\t\t\t\t\t\t\t\u00a0 \u00a0<\/p>\n<p>\u00a0\u00a0\u00a0 Mon voisin est en train de mourir.<\/p>\n<p>La mort. La fin. La destruction. L&rsquo;an\u00e9antissement. L&rsquo;oubli. Faire de la place. Se faire remplacer par les nouveaux.<\/p>\n<p>\u00a0\u00a0\u00a0 Mon voisin est en train de mourir.<\/p>\n<p>Boum. Boum. Boum. J\u2019entends le bruit de la destruction. J\u2019entends ce bruit lourd. J\u2019entends ce bruit sadique. J\u2019entends ce bruit de torture. Boum. Boum. Boum. J\u2019entends son c\u0153ur qui bat de plus en plus faiblement. Je l\u2019entends crier au secours. Je le sens. Je sais qu\u2019il souffre. Il souffre parce qu\u2019il se voit mutil\u00e9, spoli\u00e9, massacr\u00e9. Je ne suis pas de pierre, j\u2019ai un c\u0153ur. Je sens donc sa souffrance. Je sens son angoisse. J\u2019en tremble pour lui. J\u2019en tremble pour moi. Serait-ce mon tour prochainement ? La mort, est-elle notre destin ?<\/p>\n<p>\u00a0\u00a0\u00a0 Pourtant, nous pourrions \u00eatre immortels. Il suffit de soins, d&rsquo;amour et d&rsquo;entretien, et nous pourrions \u00eatre centenaires, mill\u00e9naires et m\u00eame \u00e9ternels. Nous le pourrions. Mais le permettraient-ils ?<\/p>\n<p>\u00a0\u00a0\u00a0 Ils pourraient s&rsquo;ils nous aimaient. Mais nous aiment-ils ? Font-ils attention \u00e0 nous ? Nous respectent-ils ? Comment donc nous voient-ils ?<\/p>\n<p>\u00a0\u00a0\u00a0 Je ne saurais r\u00e9pondre \u00e0 de telles questions. Je pense que cela d\u00e9pend des gens. Certains sont plus sensibles que d&rsquo;autres. Certains nous respectent plus que d&rsquo;autres. Certains nous ont compris. Ils ont compris notre valeur. Ils ont compris notre \u00e2me. Ils ont compris notre m\u00e9moire. Notre m\u00e9moire qui enregistre. Notre m\u00e9moire qui pr\u00e9serve. Notre m\u00e9moire qui t\u00e9moigne surtout.<\/p>\n<p>\u00a0\u00a0\u00a0 D&rsquo;autres pas. D&rsquo;autres n&rsquo;ont rien compris. D\u2019autres sont imperm\u00e9ables \u00e0 tout cela, \u00e0 toutes ces sensations, \u00e0 toutes ces \u00e9motions. Ils sont de pierre. Ils n\u2019ont pas de c\u0153ur.<\/p>\n<p>\u00a0\u00a0\u00a0 Si mon voisin est en train de mourir, cela veut dire qu&rsquo;on ne l&rsquo;aime plus. Ou du moins qu&rsquo;on pense qu&rsquo;il ne sert plus, qu\u2019il est facilement rempla\u00e7able. Pire, on pense que son successeur sera encore meilleur que lui, plus utile, plus rentable, plus beau. Et on ne pr\u00eate aucune attention \u00e0 son \u00e2me. Son \u00e2me. Sa souffrance. Ses souvenirs. Dommage. Avec lui, avec tous ceux qui disparaissent, dispara\u00eet tout un pan de notre m\u00e9moire, de notre histoire, de notre identit\u00e9, de notre pays.<\/p>\n<p>\u00a0 \u00a0 \u00a0 Notre pays.<\/p>\n<p>\u00a0\u00a0\u00a0 En ce qui me concerne, j&rsquo;ai eu de la chance. J&rsquo;appartiens \u00e0 deux pays. Ce qui est une richesse. Moi, je le consid\u00e8re comme tel. D\u2019autres en revanche trouvent que c\u2019est une tare. Pour eux, lorsque l\u2019on n\u2019est pas \u00e0 100% d\u2019un m\u00eame pays, on est un \u00ab b\u00e2tard \u00bb et donc pas digne d\u2019int\u00e9r\u00eat, et parfois m\u00eame m\u00e9prisable. Ce n\u2019est pas vrai. Lorsque l\u2019on est issu d&rsquo;un couple mixte, on est encore plus riche. On a une double histoire, une double m\u00e9moire, une double identit\u00e9.<\/p>\n<p>\u00a0\u00a0\u00a0 Je suis n\u00e9 ici, en Tunisie. Mais mon cr\u00e9ateur vient d&rsquo;un autre pays. Quelle \u00e9tait son histoire ? Quelle \u00e9tait sa formation ? Pourquoi \u00e9tait-il venu en Tunisie ? Comment ? Quand ? Des questions auxquelles je ne saurais r\u00e9pondre. Mais je connais son nom : Claude Chandioux<\/p>\n<p>\u00a0\u00a0\u00a0 Que m&rsquo;apprend son nom ? Pas grand-chose en fait. Juste qu&rsquo;il \u00e9tait fran\u00e7ais. Il venait de l&rsquo;autre c\u00f4t\u00e9 de la M\u00e9diterran\u00e9e. Et avec lui, il avait amen\u00e9 sa culture et son savoir-faire. Avec lui et ses semblables, des usages et des coutumes avaient fait la travers\u00e9e. Des tenues vestimentaires diff\u00e9rentes. Des cuisines diff\u00e9rentes. Des go\u00fbts diff\u00e9rents. Une sensibilit\u00e9 artistique diff\u00e9rente. Et tout cela a contribu\u00e9 \u00e0 nous enrichir, nous tunisiens. Je l\u2019affirme et j&rsquo;en suis convaincu, le patrimoine culturel tunisien est aujourd\u2019hui riche de tous ces apports \u00e9trangers qui se sont succ\u00e9d\u00e9 sur son sol depuis des mill\u00e9naires.<\/p>\n<p>\u00a0\u00a0\u00a0 Cet homme n\u2019\u00e9tait pas le seul \u00e0 \u00eatre venu, la Tunisie \u00e9tait sous protectorat fran\u00e7ais \u00e0 cette \u00e9poque-l\u00e0, et beaucoup de fran\u00e7ais y habitaient. Et puis, en cette fin du XIX\u00e8me si\u00e8cle, la Tunisie \u00e9tait aussi une terre d\u2019immigration pour un grand nombre d\u2019europ\u00e9ens. Ils arrivaient de Sicile, de Malte, de France, de Russie\u2026 Ils pensaient pouvoir y trouver une vie meilleure. Et pendant un certain temps, ils l\u2019avaient s\u00fbrement trouv\u00e9e.<\/p>\n<p>\u00a0\u00a0\u00a0 Imaginez tous ces gens qui avaient fui leurs pays, leurs terres, chass\u00e9s par la famine, la pauvret\u00e9, la r\u00e9volution\u2026 et qui avaient trouv\u00e9 en Tunisie une terre d\u2019accueil cl\u00e9mente. Quel bonheur pour eux cela a d\u00fb \u00eatre !<\/p>\n<p>\u00a0\u00a0\u00a0 J\u2019ai eu envie d\u2019en savoir un peu plus sur mon p\u00e8re, sur son parcours, sur ses pens\u00e9es, sur sa fa\u00e7on de vivre. Son histoire est aussi la mienne, il ne faut pas l\u2019oublier. Quel \u00e2ge avait-il lors de son arriv\u00e9e en Tunisie ? Y \u00e9tait-il rest\u00e9 toute sa vie ? Qu\u2019y avait-il accompli ? J\u2019ai eu beau chercher, poser des questions ici et l\u00e0, essayer de me souvenir, regarder dans les divers registres et livres. Rien. Le seul renseignement que j\u2019ai pu trouver est qu\u2019un certain Claude Chandioux s\u2019\u00e9tait mari\u00e9 en 1907 \u00e0 la Cath\u00e9drale de Tunis.<\/p>\n<p>\u00a0\u00a0\u00a0 \u00c9tait-ce lui ? Je ne sais pas. Peut-\u00eatre. Peut-\u00eatre bien que c\u2019\u00e9tait lui, et que ce jour-l\u00e0 avait \u00e9t\u00e9 le plus beau de sa vie.<\/p>\n<p>\u00a0\u00a0\u00a0 Comment \u00e9tait-il ? Je ne sais pas non plus. Mais j\u2019ai envie de l\u2019imaginer grand, portant un beau costume gris. Un costume \u00e0 l\u2019Europ\u00e9enne. Un costume fait sur mesure et dont le tissu serait arriv\u00e9 tout droit de Paris. Et puis, il portait s\u00fbrement un chapeau. Sur les anciennes photos de cette \u00e9poque-l\u00e0, tous les Europ\u00e9ens portaient des chapeaux.<\/p>\n<p>\u00a0\u00a0\u00a0 Sa jeune \u00e9pouse devait \u00eatre bien timide. Elle devait se tenir \u00e0 ses c\u00f4t\u00e9s, dans une jolie robe blanche en dentelle de Calais, le visage couvert d\u2019un long voile blanc. \u00c9tait-elle fran\u00e7aise elle aussi ? Oui, fort probablement.<\/p>\n<p>\u00a0\u00a0\u00a0 Mon cr\u00e9ateur n\u2019avait apparemment pas marqu\u00e9 son temps puisque ni les manuels d\u2019histoire, ni les journaux de l\u2019\u00e9poque ne parlent de lui. Mais il avait grav\u00e9 son nom en moi d&rsquo;une fa\u00e7on ind\u00e9l\u00e9bile. Il l&rsquo;avait grav\u00e9 dans ma chair, tel un tatouage permanent. Il est en moi pour toujours. Du moins, tant que je vivrais. Je suis une partie de lui qui lui a surv\u00e9cu. Je suis le fruit de son esprit. Je suis sorti tout droit de son imagination.<\/p>\n<p>\u00a0<\/p>\n<p><img decoding=\"async\" alt=\"Ecole Chevreul Mutuelleville\" height=\"441\" src=\"http:\/\/www.webdo.tn\/wp-content\/uploads\/2021\/03\/Chandioux-Mutuelleville-1.jpg\" width=\"660\"><br \/>\n<span><em>Plaque appos\u00e9e sur la fa\u00e7ade de l&rsquo;ancienne Ecole Chevreul et portant le nom de l&rsquo;architecte Claude Chandioux<\/em><\/span><\/p>\n<p>\u00a0<\/p>\n<p>\u00a0\u00a0\u00a0 En avait-il cr\u00e9\u00e9 d\u2019autres que moi ? Je ne sais pas vraiment. Je sais qu\u2019il y en a au moins un. Il se trouve \u00e0 Sfax. Y-en-t-il d\u2019autres ? Probablement. Mais je n\u2019en ai pas entendu parler.<\/p>\n<p>\u00a0\u00a0\u00a0 Mon fr\u00e8re de Sfax est n\u00e9 en 1923. Je le sais parce qu\u2019il est c\u00e9l\u00e8bre. Sa date de naissance n\u2019a pas \u00e9t\u00e9 emport\u00e9e par l\u2019oubli. Au fil des ann\u00e9es, il a \u00e9t\u00e9 photographi\u00e9, visit\u00e9, occup\u00e9&#8230; Il est m\u00eame entr\u00e9 dans l\u2019Histoire, bien que par la petite porte. En effet, il a \u00e9t\u00e9 le si\u00e8ge du commandement italien durant l\u2019occupation de Sfax en 1942-1943. Je sais, ce n\u2019est pas tr\u00e8s glorieux, mais cela lui a au moins permis d\u2019\u00e9chapper \u00e0 la souffrance de l\u2019indiff\u00e9rence, et peut-\u00eatre m\u00eame \u00e0 la destruction totale. Quant \u00e0 moi, quel est mon \u00e2ge ? Je ne le sais pas avec certitude. Je pense que j&rsquo;existe depuis les ann\u00e9es 1910.<\/p>\n<p>\u00a0<\/p>\n<p><img decoding=\"async\" alt=\"Claude Chandioux\" height=\"346\" src=\"http:\/\/www.webdo.tn\/wp-content\/uploads\/2021\/03\/Hotel-Des-Oliviers.jpg\" width=\"543\"><br \/>\n<span><em>H\u00f4tel des Oliviers \u00e0 Sfax, inaugur\u00e9 en 1923<\/em><\/span><\/p>\n<p>\u00a0<\/p>\n<p>\u00a0\u00a0\u00a0 Pourquoi ai-je \u00e9t\u00e9 cr\u00e9\u00e9 ? Je ne sais pas. Comme toutes les cr\u00e9ations, je suis n\u00e9 sans avoir rien demand\u00e9, sans savoir pourquoi. Je ne me souviens pas de mon enfance. Mais je suis s\u00fbr d\u2019une chose : d\u00e8s ma conception, j\u2019avais vocation \u00e0 servir une collectivit\u00e9. Cela est \u00e9vident. Tout en moi le prouve. Mais quel genre de collectivit\u00e9 ? Je ne sais pas. Une collectivit\u00e9 religieuse ? Peut-\u00eatre bien !<\/p>\n<p>\u00a0\u00a0\u00a0 J\u2019appartenais en effet \u00e0 l\u2019\u00e9glise catholique. Non pas qu\u2019il y ait des signes particuliers en moi qui prouvent cette appartenance. Pas du tout. Aucune croix nulle part, aucune repr\u00e9sentation d\u2019un saint quelconque. Non rien. Mais je le sais.\u00a0 Au cours de mes recherches, j\u2019ai trouv\u00e9 une liste des biens de l\u2019\u00e9glise dans laquelle je figure. Cette liste est annex\u00e9e \u00e0 l\u2019accord, connu sous le nom de modus vivendi, qui avait \u00e9t\u00e9 conclu le 09 juillet 1964 entre le Vatican et la R\u00e9publique Tunisienne.<\/p>\n<p>\u00a0\u00a0\u00a0 A part cela, je dois me fonder sur ma m\u00e9moire. Aussi loin que je me souvienne, j\u2019ai \u00e9t\u00e9 au service des enfants. J\u2019ai \u00e9t\u00e9 un \u00e9ducateur. Et je le suis encore.<\/p>\n<p>\u00a0\u00a0\u00a0 Bien que mon fr\u00e8re soit bien plus connu que moi, je pense que mon r\u00f4le dans la vie a \u00e9t\u00e9 plus important que le sien. Plus noble. Plus utile \u00e0 notre pays. J&rsquo;ai eu plus de chance que lui, parce que moi, j&rsquo;accompagnerais toujours les souvenirs de petits enfants \u00e0 qui j&rsquo;ai apport\u00e9 du bonheur et diverses connaissances j\u2019esp\u00e8re! Mon fr\u00e8re a \u00e9t\u00e9 inaugur\u00e9 en grande pompe, mais j\u2019ai form\u00e9 des g\u00e9n\u00e9rations enti\u00e8res. De grandes personnalit\u00e9s lui ont rendu visite, mais de grandes personnalit\u00e9s ont \u00e9t\u00e9 form\u00e9es chez moi. Des touristes, des visiteurs illustres, des hommes politiques l\u2019ont connu, mais moi, je resterais toujours au fond du c\u0153ur de milliers d\u2019enfants.<\/p>\n<p>\u00a0\u00a0\u00a0 J\u2019ai donc eu plus de chance que lui. Je me rappelle les enfants, leurs cris, leurs jeux, leur joie de vivre. Je me rappelle leurs sourires innocents. Je me rappelle leurs rires all\u00e8gres. Je me rappelle les jours des rentr\u00e9es scolaires pour les tous petits, lorsqu\u2019ils arrivaient le c\u0153ur serr\u00e9 et triste. Pour la plupart d\u2019entre eux, c\u2019\u00e9tait la premi\u00e8re fois qu\u2019ils quittaient leur maman pour de si longues heures de s\u00e9paration. On voyait l\u2019angoisse sur leurs visages. Mais aussi la fiert\u00e9. Ils devenaient grands et allaient \u00e0 l\u2019\u00e9cole !<\/p>\n<p>\u00a0\u00a0\u00a0 Je me rappelle.<\/p>\n<p>\u00a0 \u00a0Au d\u00e9but, seuls les petits gar\u00e7ons avaient le droit de venir \u00e9tudier. Ils arrivaient en tra\u00eenant leurs livres ou leurs cartables, portant tous une blouse par-dessus leurs v\u00eatements. Plus tard, les filles se sont jointes aux gar\u00e7ons. Il fallait qu\u2019elles s\u2019instruisent elles-aussi. De plus en plus nombreuses. Mignonnes comme des c\u0153urs dans leurs jolies petites robes et leurs tabliers.<\/p>\n<p>\u00a0\u00a0\u00a0\u00a0 Je me rappelle des enfants jouant avec mes poissons rouges et mes petites tortues. Ils se mettaient tout autour de mon bassin. Ils regardaient les poissons et les tortues et essayaient de les attraper. Ils riaient aux \u00e9clats lorsque les poissons leurs glissaient entre les doigts. Ils jouaient avec mes chiens aussi. Ou plut\u00f4t, ils avaient envie de jouer avec mes chiens, mais devaient se contenter de les regarder de loin parce qu\u2019ils en avaient peur. Mes chiens \u00e9taient plut\u00f4t gros et impressionnants. Des chiens de garde qui aboyaient au moindre bruit suspect mais qui n\u2019avaient jamais fait aucun mal aux enfants. Ah les enfants! Ces adorables petits \u00e9coliers! D\u00e8s que retentissait le gong, ils se mettaient tous en rang, deux par deux, et entraient sagement dans leurs classes.<\/p>\n<p>\u00a0\u00a0\u00a0 Ces enfants-l\u00e0 avaient eu une chance inou\u00efe. Pas les toutes premi\u00e8res promotions, compos\u00e9es presque exclusivement de petits enfants europ\u00e9ens, mais celles qui ont suivi, celles qui comprenaient des enfants europ\u00e9ens et tunisiens, donc des enfants de diverses nationalit\u00e9s et religions. A leur \u00e9poque, on leur apprenait la tol\u00e9rance et l\u2019\u00e9galit\u00e9 entre les \u00eatres humains. Ils avaient b\u00e9n\u00e9fici\u00e9 d\u2019une double culture. Une culture tunisienne et une culture fran\u00e7aise. Une double culture fond\u00e9e sur la compr\u00e9hension et le respect de l\u2019autre. Ces enfants apprenaient simultan\u00e9ment l\u2019alphabet latin et l\u2019alphabet arabe. Ils \u00e9tudiaient les auteurs arabes et les auteurs europ\u00e9ens. Ils apprenaient aussi bien Mohamed que Mo\u00efse ou J\u00e9sus. Ils d\u00e9couvraient le Coran, la Thora et la Bible.<\/p>\n<p>\u00a0\u00a0\u00a0 Plusieurs g\u00e9n\u00e9rations d&rsquo;enfants se sont succ\u00e9d\u00e9 chez moi. Quelle \u00e9motion lorsqu\u2019un jour, j&rsquo;ai entendu une maman raconter \u00e0 sa petite fille ses souvenirs. J\u2019aurais pu pleurer si j\u2019en avais eu les moyens. Elle lui disait : \u00ab Tu vois, l\u00e0, c\u2019\u00e9tait ma classe. L\u00e0, c\u2019\u00e9tait le bureau de Melle Vallin, la directrice, lorsque j\u2019avais un peu grandi, une fois par trimestre, mon papa me donnait un ch\u00e8que et je venais payer la scolarit\u00e9 toute seule, comme une grande personne, mais j\u2018\u00e9tais toujours tr\u00e8s intimid\u00e9e de me retrouver en cet endroit et de voir la directrice. La cuisine se trouvait l\u00e0, et un jour, avec mes camarades de classe, on nous avait appris \u00e0 faire du pain, et nous l\u2019avions fait cuire dans un grand four qui se trouvait justement dans cette cuisine. Le bassin que tu vois encore l\u00e0, \u00e9tait plein de poissons. Tu vois l\u00e0-bas, il y avait un gong bol. Ce gong nous impressionnait tous, mes camarades et moi. Nous nous en approchions parfois pour l\u2019observer et d\u00e9couvrir son myst\u00e8re. Nous n\u2019en avions jamais vu un similaire auparavant. Il s\u2019appelle gong bol \u00e0 cause de sa forme qui rappelle un grand bol. Il \u00e9tait pos\u00e9 \u00e0 terre, pas loin du chenil o\u00f9 se trouvaient les chiens. Six fois par jour, il annon\u00e7ait le d\u00e9but et la fin des cours et surtout la r\u00e9cr\u00e9ation, notre moment pr\u00e9f\u00e9r\u00e9. Parfois, nous guettions la bonne s\u0153ur qui devait frapper le gong. Elle arrivait munie de son lourd b\u00e2ton qu\u2019elle soulevait et abattait sur le gong. Trois coups. Bong bong bong. Un son lourd et puissant. Un son que je n\u2019oublierais jamais. Il donnait l\u2019impression de se r\u00e9percuter en nous, de p\u00e9n\u00e9trer notre corps. C\u2019\u00e9tait particulier comme sensation. Dommage que ce gong ait \u00e9t\u00e9 remplac\u00e9 par une sonnerie, j\u2019aurais aim\u00e9 que tu le connaisses toi aussi et ressentes cette sensation. Tu vois l\u00e0 ? C\u2019\u00e9tait l\u2019infirmerie. J\u2019en garde un dr\u00f4le de souvenir. C\u2019\u00e9tait l\u00e0 que nous passions les visites m\u00e9dicales et que nous \u00e9tions vaccin\u00e9s, mais le souvenir que j\u2019en garde est tr\u00e8s particulier. Un jour, je n\u2019avais pas voulu terminer mon d\u00e9jeuner. Ma maman nous avait pr\u00e9par\u00e9 un plat que je n\u2019avais pas du tout aim\u00e9. C\u2019\u00e9tait une tbikha de f\u00e8ves. C\u2019\u00e9tait la premi\u00e8re fois qu\u2019elle nous cuisinait ce plat. Je n\u2019avais pas pu le manger. Papi avait voulu me forcer, mais impossible d\u2019avaler la moindre bouch\u00e9e. Alors j\u2019avais eu droit \u00e0 une fess\u00e9e. L\u2019apr\u00e8s-midi, en classe, je sanglotais encore et encore. La ma\u00eetresse avait \u00e9t\u00e9 oblig\u00e9e de m\u2019envoyer \u00e0 l\u2019infirmerie o\u00f9 j\u2019avais continu\u00e9 \u00e0 pleurer et \u00e0 sangloter jusqu\u2019\u00e0 ce que ma maman, pr\u00e9venue, soit venue me chercher. Depuis, Papi ne m\u2019a plus jamais oblig\u00e9e \u00e0 manger ce que je n\u2019aimais pas. A propos de d\u00e9jeuner, l\u00e0, il y avait le r\u00e9fectoire. Je n\u2019y ai jamais mang\u00e9 parce que j\u2019\u00e9tais externe, mais je voyais les enfants qui \u00e9taient demi-pensionnaires y prendre leur d\u00e9jeuner, et je les enviais. J\u2019aurais voulu rester un jour moi aussi et prendre mon d\u00e9jeuner avec mes camarades. Moi aussi ma maman m\u2019accompagnait ici, comme je t\u2019accompagne moi-m\u00eame aujourd\u2019hui\u2026 \u00bb. Quelque part, je me suis senti grand-parent. J&rsquo;accueillais en mon sein les enfants de mes enfants.<\/p>\n<p>\u00a0\u00a0\u00a0 Comme tous les parents et grands-parents, lorsque j\u2019apprends que j\u2019ai chang\u00e9 ou influenc\u00e9 la vie de mes ch\u00e9ris, je me sens fier. Tr\u00e8s fier m\u00eame. Un jour, j\u2019ai entendu une maman raconter \u00e0 son enfant une histoire assez \u00e9tonnante. Elle lui disait qu\u2019\u00e0 l\u2019\u00e9poque o\u00f9 elle venait ici, la plupart de ses camarades \u00e9taient issus de couples mixtes et que tr\u00e8s souvent leurs mamans \u00e9taient fran\u00e7aises. Ces enfants-l\u00e0 parlaient donc couramment le fran\u00e7ais, contrairement aux quelques enfants tunisiens qui parlaient en arabe chez eux et n\u2019utilisaient le fran\u00e7ais qu\u2019en classe. Cette maman, tunisienne de p\u00e8re et de m\u00e8re, avait donc des difficult\u00e9s pour parler le fran\u00e7ais aussi ais\u00e9ment que ses petits camarades. Un jour, sa ma\u00eetresse avait recommand\u00e9 \u00e0 sa m\u00e8re de lui acheter des livres de biblioth\u00e8que et de l\u2019encourager \u00e0 beaucoup lire pour combler ses lacunes. Une passion \u00e9tait n\u00e9e ce jour-l\u00e0. Cette petite fille \u00e9tait tomb\u00e9e amoureuse de la lecture. Elle avait am\u00e9lior\u00e9 son fran\u00e7ais et m\u00eame, plus tard, \u00e9tudiante en France, elle avait \u00e9t\u00e9 compliment\u00e9e par ses professeurs pour son fran\u00e7ais parfait, meilleur que celui des Fran\u00e7ais eux-m\u00eames !<\/p>\n<p>\u00a0\u00a0\u00a0 Parfois, je me demande ce que sont devenus mes autres enfants ? Des ministres ? Des pilotes ? Des hommes d\u2019affaires ? Des restaurateurs ? Des architectes comme mon cr\u00e9ateur ? Sont-ils devenus c\u00e9l\u00e8bres ? Ont-ils profit\u00e9 de mes enseignements ? Je pense souvent \u00e0 eux. J\u2019ai envie qu\u2019ils viennent me rendre visite. J\u2019aimerais avoir de leurs nouvelles. Je sais, j\u2019ai des r\u00e9actions de vieux parents. J\u2019en suis conscient. Mais ils me manquent tellement.<\/p>\n<p>\u00a0\u00a0\u00a0 Il y a environ deux mois, j\u2019ai revu une de mes anciennes \u00e9l\u00e8ves. Elle est devenue une femme maintenant. Mais je me rappelle d&rsquo;elle. Elle \u00e9tait tr\u00e8s grande par rapport \u00e0 ses camarades, et elle est toujours tr\u00e8s grande. Et puis, elle \u00e9tait rest\u00e9e chez moi six ann\u00e9es, et m\u00eame apr\u00e8s qu\u2019elle soit partie faire ses \u00e9tudes secondaires au lyc\u00e9e, je la voyais de temps en temps, elle habitait le quartier, et ses petits fr\u00e8res et s\u0153urs venaient encore chez moi.<\/p>\n<p>\u00a0\u00a0\u00a0 Ce jour-l\u00e0, je l\u2019ai vu arriver. Elle avait gar\u00e9 sa voiture, en \u00e9tait descendue, s\u2019\u00e9tait approch\u00e9e de moi et m\u2019avait regard\u00e9. Ensuite, elle avait ouvert son sac \u00e0 main, en avait sorti un appareil photo et m\u2019avait photographi\u00e9. Oui, elle m\u2019avait photographi\u00e9. Elle avait pris des photos, une multitude de photos. Des photos de ma fa\u00e7ade, des photos de mes fen\u00eatres, des photos du fer forg\u00e9, de la porte d\u2019entr\u00e9e\u2026. Des photos encore et encore, la moindre moulure, le moindre d\u00e9tail. Elle avait photographi\u00e9 le nom de mon p\u00e8re.\u2026<\/p>\n<p>\u00a0\u00a0\u00a0 Et tout d\u2019un coup, je l\u2019ai vu sursauter. Elle avait entendu le bruit. Le bruit de destruction. Elle \u00e9tait all\u00e9e voir. Et elle avait vu. Elle avait vu mon voisin se faire tuer. Elle m\u2019avait paru boulevers\u00e9e par cette destruction. Elle regardait mon voisin et me regardait. Ensuite, elle s\u2019\u00e9tait mise \u00e0 observer tous mes voisins. Que cherchait-elle ? A quoi pensait-elle ?\u00a0 Elle paraissait en col\u00e8re. Et triste. Et d\u00e9\u00e7ue. En col\u00e8re contre ceux qui nous manquaient de respect. Triste pour nous. D\u00e9\u00e7ue par le comportement de certains.<\/p>\n<p>\u00a0\u00a0\u00a0 Toutes ses \u00e9motions que j\u2019avais vues sur son visage, je les avais ressenties avec elle. Je l\u2019avais comprise. J\u2019avais compris cette femme. N\u2019\u00e9tait-elle pas ma fille, mon enfant ? N\u2019est-ce pas moi qui lui avait appris le respect des autres, de la m\u00e9moire, de l&rsquo;Histoire ? Oui, j\u2019ai compris ce qu\u2019elle ressentait.<\/p>\n<p>\u00a0\u00a0\u00a0 J\u2019ai un c\u0153ur, vous savez ? J\u2019ai des sentiments. J\u2019ai des souvenirs. J\u2019ai beaucoup de souvenirs. Je me rappelle mon quartier. Je me rappelle autrefois. Je me rappelle comment ce quartier \u00e9tait il y a bien longtemps. Je me rappelle lorsque nous n\u2019\u00e9tions encore que quelques-uns \u00e0 y habiter.<\/p>\n<p>\u00a0\u00a0\u00a0 Pendant des d\u00e9cennies j\u2019ai r\u00e9sid\u00e9 \u00e0 Mutuelleville sans m\u00eame savoir pourquoi ce quartier s\u2019appelle ainsi. Et puis, r\u00e9cemment je l\u2019ai appris. A l\u2019origine, Mutuelleville \u00e9tait une petite colline couverte d\u2019olivettes et s\u2019appelait \u00ab Kirch il ghaba\u00bb, le ventre de la for\u00eat. C\u2019est joli comme nom, non ?<\/p>\n<p>\u00a0\u00a0\u00a0 Et puis, vers les ann\u00e9es 1900, cette campagne a commenc\u00e9 \u00e0 \u00eatre peupl\u00e9e. En si ce quartier s\u2019appelle ainsi, c\u2019est parce que ses premiers habitants \u00e9taient les adh\u00e9rents d&rsquo;une mutuelle : l&rsquo;Assistance Mutuelle Tunisienne. Et le nom est rest\u00e9. C\u2019est joli. Et puis, on y ressent comme une d\u00e9claration de fraternit\u00e9.<\/p>\n<p>\u00a0\u00a0\u00a0 A l\u2019\u00e9poque, il n\u2019y avait encore que quelques rares maisons. Des petites maisonnettes en r\u00e9alit\u00e9. Les mutualistes n\u2019\u00e9taient pas tr\u00e8s ais\u00e9s et ne pouvaient se permettre de construire de grandes maisons. Mais ces petites habitations avaient, comme moi, une identit\u00e9, donc une personnalit\u00e9 et une \u00e2me. <a href=\"https:\/\/massir.typepad.fr\/mon_massir\/2010\/11\/mutuelleville.html\">Elles avaient des noms : Villa Les G\u00e9raniums, Villa Robert, Villa Shangrilha, Villa Minouche, Villa Padou, Villa Bel Azur\u2026<\/a> Aujourd\u2019hui, les maisons portent des num\u00e9ros. N\u00b01, N\u00b03, N\u00b05&#8230; Ce qui les rend impersonnelles. Et si on continue ainsi, un jour, les nouvelles maisons porteront peut-\u00eatre un code \u00e0 barres ! Bient\u00f4t, les humains seront r\u00e9pertori\u00e9s gr\u00e2ce \u00e0 un code \u00e0 barre, alors pourquoi pas les b\u00e2tisses ?<\/p>\n<p>\u00a0\u00a0\u00a0 Bien que construites assez \u00e9loign\u00e9es les unes des autres, je ressentais une certaine chaleur entre ces maisons. C\u2019\u00e9tait comme si elles communiquaient entre elles, et bien-s\u00fbr avec moi aussi. Nous nous racontions des petites histoires, nous nous partagions nos impressions. Nous murmurions, nous gloussions de rire parfois. Nos mots volaient d\u2019un arbre \u00e0 l\u2019autre, d\u2019une branche \u00e0 l\u2019autre, cr\u00e9ant une liaison entre nous. Notre arbre pr\u00e9f\u00e9r\u00e9 \u00e9tait le bougainvillier. Ses branches coll\u00e9es aux murs \u00e9taient le meilleur pourvoyeur de nos dialogues. Et puis, les mat\u00e9riaux utilis\u00e9s \u00e0 l\u2019\u00e9poque, comme le bois et les tuiles, d\u00e9gageaient une telle chaleur qu\u2019ils ne pouvaient que favoriser ces \u00e9changes. Ce n\u2019est pas comme de nos jours o\u00f9 le marbre et le verre, glacials, ne donnent que des frissons.<\/p>\n<p>\u00a0\u00a0\u00a0 A l\u2019\u00e9poque, Mutuelleville \u00e9tait tr\u00e8s fleurie. Il y avait plusieurs plantations de fleurs et m\u00eame des potagers. D\u2019ailleurs, dans les ann\u00e9es 1920, la Soci\u00e9t\u00e9 d\u2019Horticulture de Tunisie, \u00e0 l\u2019issue de ses conf\u00e9rences th\u00e9oriques, amenait ses auditeurs \u00e0 Mutuelleville afin de mettre en pratique son enseignement.<\/p>\n<p>\u00a0\u00a0\u00a0 En ce temps-l\u00e0, les Europ\u00e9ens avaient l\u2019habitude de venir \u00e0 Mutuelleville pour respirer un peu d\u2019air pur, loin de la ville et de ses bruits. Ils venaient les dimanches et les jours de f\u00eates. Ils amenaient leurs enfants, leurs amis, leurs parents. Ils venaient s\u2019y reposer et oublier un peu la monotonie des fatigues quotidiennes.<\/p>\n<p>\u00a0\u00a0\u00a0 D\u00e8s le matin, je les voyais arriver. J\u2019entendais de loin le bruit des cal\u00e8ches, les roues peinant sur la route, les chevaux qui trottaient\u2026 Plus tard, j\u2019ai aussi \u00e9t\u00e9 t\u00e9moin de l\u2019apparition des premi\u00e8res automobiles. Les premi\u00e8res Renault, les premi\u00e8res Peugeot\u2026 Mais quels bruits elles causaient avec leurs p\u00e9tarades ! C\u2019\u00e9tait assourdissant !<\/p>\n<p>\u00a0\u00a0\u00a0 De l\u00e0 o\u00f9 je me trouvais, je pouvais admirer les jolies dames, prot\u00e9g\u00e9es du soleil par des ombrelles en dentelles et des chapeaux \u00e9normes. Elles portaient de belles robes longues, des bijoux divers, des colliers de perles, des broches ou des cam\u00e9es en pendentifs, des rubans de satin, des sacs \u00e0 main. Leurs cheveux \u00e9taient bien coiff\u00e9s en chignons ou en mise-en-pli et \u00e9taient souvent orn\u00e9s d\u2019\u00e9pingles nacr\u00e9es. A leurs pieds, des souliers ou des bottines \u00e0 hauts talons suivant la mode de ce d\u00e9but de si\u00e8cle.<\/p>\n<p>\u00a0\u00a0\u00a0 Pendant des journ\u00e9es enti\u00e8res ces familles profitaient d\u2019un moment de d\u00e9tente bien m\u00e9rit\u00e9. Enfants et parents pouvaient se relaxer, jouer ensemble, pique-niquer, courir, se reposer \u00e0 l\u2019ombre d\u2019un arbre, fl\u00e2ner&#8230;<\/p>\n<p>\u00a0\u00a0\u00a0 J\u2019adorais cette ambiance de f\u00eate champ\u00eatre, mais ce que j\u2019aimais le plus, c\u2019\u00e9tait la petite animation culturelle ou artistique qui ne manquait pas d\u2019\u00eatre organis\u00e9e. Il m\u2019\u00e9tait arriv\u00e9 de voir des danseurs, d\u2019\u00e9couter des chanteurs, de voir passer une fanfare\u2026 Un jour, j\u2019ai m\u00eame eu le privil\u00e8ge d\u2019assister au spectacle de M. Ferdinand Huard en train de d\u00e9clamer l\u2019un de ses po\u00e8mes. Quel moment merveilleux ! Quelle \u00e9motion surtout, il ne faut pas oublier qu\u2019il avait \u00e9t\u00e9 le fondateur de mon quartier puisqu\u2019il \u00e9tait justement le p\u00e8re de la mutualit\u00e9 en Tunisie ! A ma grande fiert\u00e9, cet \u00e9v\u00e9nement avait \u00e9t\u00e9 relat\u00e9 dans la revue \u00ab La Tunisie illustr\u00e9e \u00bb. Ce n\u2019\u00e9tait d\u2019ailleurs pas la premi\u00e8re fois qu\u2019un article \u00e9tait consacr\u00e9 \u00e0 mon cher quartier dans cette revue.<\/p>\n<p>\u00a0 \u00a0 \u00a0Ferdinand Huard, ce po\u00e8te amoureux de Mutuelleville avait d\u2019ailleurs d\u00e9cid\u00e9 d\u2019y prendre sa retraite et d\u2019y passer ses derniers jours.<\/p>\n<p>\u00a0\u00a0\u00a0 Au fil du temps, j\u2019ai d\u00fb subir plusieurs transformations. On m\u2019avait tout d\u2019abord agrandi. Les besoins s\u2019en \u00e9taient fait sentir du fait que de plus en plus de filles avaient int\u00e9gr\u00e9 l\u2019\u00e9cole, et aussi que les Tunisiens avaient aussi fait un grand effort de scolarisation de leurs propres enfants. On m\u2019avait alors ajout\u00e9 de nouveaux b\u00e2timents, mais construits dans un style compl\u00e8tement diff\u00e9rent du mien. Claude Chandioux m\u2019avait con\u00e7u selon le style architectural \u00e0 la mode \u00e0 cette \u00e9poque-l\u00e0 : l\u2019Art Nouveau. Ce mouvement artistique de la fin du XIX\u00e8me et du d\u00e9but du XX\u00e8me si\u00e8cle s\u2019appuyait sur l\u2019esth\u00e9tique des lignes courbes, en s\u2019inspirant des arbres, des fleurs, des insectes et des animaux. Les nouveaux b\u00e2timents en revanche, \u00e9taient carr\u00e9s et sans aucune ornementation.<\/p>\n<p>\u00a0\u00a0\u00a0 On voyait donc la diff\u00e9rence. Mes fen\u00eatres hautes et ma porte d\u2019entr\u00e9e \u00e9taient toutes en courbes et d\u00e9cor\u00e9es de guirlandes de fleurs. Conform\u00e9ment \u00e0 la mode de l\u2019\u00e9poque, j\u2019\u00e9tais pourvu d\u2019une porte d\u2019entr\u00e9e en verre et fer forg\u00e9. Tel une couronne, un bel auvent, lui aussi en fer forg\u00e9 et verre, \u00e9tait pos\u00e9 dessus. Un beau travail de ferronnerie ! Surplombant le tout, une baie permettait l\u2019\u00e9clairage naturel du hall du premier \u00e9tage, et donnait \u00e0 l\u2019ensemble un bel aspect harmonieux.<\/p>\n<p>\u00a0\u00a0\u00a0 Je sais, je n\u2019ai pas la pr\u00e9tention de me croire aussi beau que le Casino Municipal de Tunis construit lui-aussi dans le style Art Nouveau et \u00e0 la m\u00eame \u00e9poque. Non bien-s\u00fbr je n\u2018ai pas cette pr\u00e9tention. Mais, j\u2019\u00e9tais beau. Et je suis toujours beau !<\/p>\n<p>\u00a0<\/p>\n<p><img decoding=\"async\" alt=\"Ecole Chevreul\" height=\"787\" src=\"http:\/\/www.webdo.tn\/wp-content\/uploads\/2021\/03\/Ecole-Chevreul-0-Mutuelleville-1.jpg\" width=\"609\"><br \/>\n<span><em>Fa\u00e7ade de l&rsquo;ancienne Ecole Chevreul \u00e0 Mutuelleville<\/em><\/span><\/p>\n<p>\u00a0\u00a0\u00a0<\/p>\n<p>\u00a0 \u00a0Les ann\u00e9es ont pass\u00e9, et un si\u00e8cle plus tard, je suis toujours l\u00e0. Fid\u00e8le au poste comme on dit. Mais je ne suis plus pareil, ni physiquement, ni moralement. Mes b\u00e2timents ont \u00e9t\u00e9 \u00ab divis\u00e9s \u00bb en deux. Les s\u0153urs catholiques qui me g\u00e9raient sont parties. La partie moderne de mes b\u00e2timents et mon nom ont \u00e9t\u00e9 vendus \u00e0 une dame, qui en a fait ce que l\u2019on appelle aujourd\u2019hui, l\u2019\u00c9cole Priv\u00e9e Chevreul. Quant \u00e0 moi, c\u2019est-\u00e0-dire, l\u2019ancien b\u00e2timent, j\u2019ai \u00e9t\u00e9 vendu \u00e0 une association fran\u00e7aise, qui m\u2019utilise en partie comme \u00e9cole maternelle pour les enfants de ses adh\u00e9rents, mais aussi comme club de bridge. Je suis donc toujours une \u00e9cole, mais seulement une petite \u00e9cole, et on m\u2019a affubl\u00e9 du nom ridicule de Piou Piou. Piou Piou, on dirait un nom d\u2019oiseau. Moi, qui suit une \u00e9cole, vieille d\u2019environ 100 ans, on m\u2019appelle Piou Piou! Quel outrage !<\/p>\n<p>\u00a0\u00a0\u00a0 J\u2019ai beaucoup souffert de la perte de mon nom. Comment peut-on vendre un nom ? De quel droit peut-on spolier quelqu\u2019un de son nom ? Un nom est quand-m\u00eame une identit\u00e9, une part intrins\u00e8que de soi, comment peut-on en \u00eatre d\u00e9pouill\u00e9 ? Je n\u2019ai jamais pu accepter cela. Mais je suis compl\u00e8tement impuissant. Je souffre, je m\u2019indigne, mais je ne peux rien y faire. Mon fr\u00e8re, lui, a eu plus de chance que moi en ce qui concerne le nom. Bien qu\u2019il ait chang\u00e9 de propri\u00e9taire, il s\u2019appelle toujours l\u2019H\u00f4tel des Oliviers.<\/p>\n<p>\u00a0\u00a0\u00a0 Tout a chang\u00e9. La fa\u00e7on de vivre, les valeurs, les principes, les priorit\u00e9s\u2026 Autour de moi, plus de campagne, plus d\u2019oliviers, presque plus de petites maisonnettes, \u00e0 part quelques-unes, diss\u00e9min\u00e9es dans le quartier et presque ignor\u00e9es de tous. Elles seront tr\u00e8s probablement d\u00e9truites dans un futur proche. A perte de vue, des murs, et encore des murs. Mutuelleville est devenu un quartier r\u00e9sidentiel. On y a construit des villas. Encore et encore. La moindre parcelle de terre a \u00e9t\u00e9 construite. Il n\u2019y a que des villas, des r\u00e9sidences d\u2019ambassadeurs, des si\u00e8ges de grandes compagnies\u2026.<\/p>\n<p>\u00a0\u00a0\u00a0 A l\u2019image de leurs propri\u00e9taires, ces nouvelles maisons sont sans charme, sans personnalit\u00e9. Plus de convivialit\u00e9. Plus de communication. Plus d\u2019\u00e9changes. Les bougainvilliers sont devenus muets. Ces maisons ont-elles donc des \u00e2mes ? On ne le croirait pas. Elles sont fonctionnelles, elles sont snobs, elles sont un reflet de la situation sociale de leurs propri\u00e9taires. Mais pas plus. Placement. Argent. Rendement. Plus-value. Telles sont les nouveaux crit\u00e8res d\u2019\u00e9valuation des constructions.<\/p>\n<p>\u00a0\u00a0\u00a0 O\u00f9 est la po\u00e9sie ? O\u00f9 est le charme ?<\/p>\n<p>\u00a0\u00a0\u00a0 Est-ce pour cela que mon voisin se fait tuer ? Est-ce pour cela qu\u2019il se fait d\u00e9truire ? Boum. Boum. Boum. Va-t-on le remplacer par un nouveau b\u00e2timent sans \u00e2me et sans personnalit\u00e9 ?<\/p>\n<p>\u00a0\u00a0\u00a0 Et moi ?<\/p>\n<p>\u00a0\u00a0\u00a0 Quand donc mon tour viendra-t-il ?<\/p>\n<p>\u00a0 \u00a0La mort. La fin. La destruction. L&rsquo;an\u00e9antissement. L&rsquo;oubli. Faire de la place. Se faire remplacer par les nouveaux.<\/p>\n<p>\u00a0\u00a0\u00a0 La mort, est-elle notre destin ?<\/p>\n<p>En ce qui me concerne, tant que je demeurerai dans la m\u00e9moire de mes enfants et tant qu\u2019ils me ch\u00e9riront, je ne mourrais pas vraiment !<\/p>\n<p><strong><em>Ceci est une nouvelle que j\u2019avais \u00e9crite en Juin 2010, j\u2019esp\u00e8re qu\u2019elle vous plaira. <\/em><\/strong><\/p>\n<p><em>Derni\u00e8rement j&rsquo;ai fait une nouvelle recherche sur l&rsquo;architecte Claude Chandioux et j&rsquo;ai d\u00e9couvert qu&rsquo;en r\u00e9alit\u00e9 il a particip\u00e9 \u00e0 la conception de plusieurs ouvrages religieux, domestiques et scolaires. En plus de l&rsquo;Ecole Chevreul \u00e0 Mutuelleville et de l&rsquo;H\u00f4tel Les Oliviers \u00e0 Sfax, il a notamment con\u00e7u l\u2019\u00e9glise de La Cebala \u00e0 Mornag en 1911, l\u2019\u00e9glise Sainte-Th\u00e9r\u00e8se de l\u2019enfant J\u00e9sus de l\u2019Aouina en 1932, l\u2019\u00e9glise de Notre-Dame du travail de Bellevue en 1926 et un ensemble de quatre immeubles d\u2019habitation \u00e0 bon march\u00e9 connus sous le nom \u00ab Le foyer \u00bb \u00e0 l\u2019avenue Habib Thameur en 1922.<\/em><\/p>\n<p><em>L&rsquo;h\u00f4tel Les Oliviers a \u00e9t\u00e9 embelli et agrandi sans qu&rsquo;on touche \u00e0 la fa\u00e7ade, qui est rest\u00e9e inchang\u00e9e. L&rsquo;ancien b\u00e2timent aux influences n\u00e9o-mauresques, est d&rsquo;ailleurs d\u00e9sormais inscrit au patrimoine historique de la ville.<\/em><\/p>\n<p><strong>Ne\u00efla Driss<\/strong><\/p>\n<\/p><\/div>\n<div class=\"coprs\" style=\"text-align: center\"><\/div><\/div>\n","protected":false},"excerpt":{"rendered":"<p>JE NE SUIS PAS DE PIERRE\u00a0\u00a0\u00a0\u00a0<\/p>\n","protected":false},"author":3164,"featured_media":259008,"comment_status":"open","ping_status":"closed","sticky":false,"template":"","format":"standard","meta":{"footnotes":""},"categories":[2594],"tags":[4800,9092,9093,9091,9094,2653],"class_list":["post-199963","post","type-post","status-publish","format-standard","has-post-thumbnail","hentry","category-culture","tag-architecture","tag-claude-chandioux","tag-ecole-chevreul","tag-fiction","tag-mutuelleville","tag-nostalgie"],"yoast_head":"<!-- This site is optimized with the Yoast SEO Premium plugin v27.5 (Yoast SEO v27.5) - https:\/\/yoast.com\/product\/yoast-seo-premium-wordpress\/ -->\n<title>JE NE SUIS PAS DE PIERRE\u00a0\u00a0\u00a0\u00a0<\/title>\n<meta name=\"description\" content=\"JE NE SUIS PAS DE PIERRE\u00a0\u00a0\u00a0\u00a0\" \/>\n<link rel=\"canonical\" href=\"https:\/\/www.webdo.tn\/fr\/actualite\/culture\/je-ne-suis-pas-de-pierre\/199963\/\" \/>\n<meta property=\"og:locale\" content=\"fr_FR\" \/>\n<meta property=\"og:type\" content=\"article\" \/>\n<meta property=\"og:title\" content=\"JE NE SUIS PAS DE PIERRE\u00a0\u00a0\u00a0\u00a0\" \/>\n<meta property=\"og:description\" content=\"JE NE SUIS PAS DE PIERRE\u00a0\u00a0\u00a0\u00a0\" \/>\n<meta property=\"og:url\" content=\"https:\/\/www.webdo.tn\/fr\/actualite\/culture\/je-ne-suis-pas-de-pierre\/199963\/\" \/>\n<meta property=\"og:site_name\" content=\"webdo\" \/>\n<meta property=\"article:publisher\" content=\"https:\/\/www.facebook.com\/webdotn\" \/>\n<meta property=\"article:author\" content=\"https:\/\/www.facebook.com\/massir.destiniii\/\" \/>\n<meta property=\"article:published_time\" content=\"2021-03-29T19:13:00+00:00\" \/>\n<meta property=\"article:modified_time\" content=\"2025-05-15T08:57:59+00:00\" \/>\n<meta property=\"og:image\" content=\"https:\/\/www.webdo.tn\/fr\/wp-content\/uploads\/2021\/03\/Ecole-Chevreul-01-Mutuelleville.jpg\" \/>\n\t<meta property=\"og:image:width\" content=\"397\" \/>\n\t<meta property=\"og:image:height\" content=\"272\" \/>\n\t<meta property=\"og:image:type\" content=\"image\/jpeg\" \/>\n<meta name=\"author\" content=\"Ne\u00efla DRISS\" \/>\n<meta name=\"twitter:card\" content=\"summary_large_image\" \/>\n<meta name=\"twitter:creator\" content=\"@https:\/\/x.com\/MassirDestin\" \/>\n<meta name=\"twitter:site\" content=\"@webdo_tn\" \/>\n<meta name=\"twitter:label1\" content=\"\u00c9crit par\" \/>\n\t<meta name=\"twitter:data1\" content=\"Ne\u00efla DRISS\" \/>\n\t<meta name=\"twitter:label2\" content=\"Dur\u00e9e de lecture estim\u00e9e\" \/>\n\t<meta name=\"twitter:data2\" content=\"26 minutes\" \/>\n<script type=\"application\/ld+json\" class=\"yoast-schema-graph\">{\"@context\":\"https:\\\/\\\/schema.org\",\"@graph\":[{\"@type\":\"NewsArticle\",\"@id\":\"https:\\\/\\\/www.webdo.tn\\\/fr\\\/actualite\\\/culture\\\/je-ne-suis-pas-de-pierre\\\/199963\\\/#article\",\"isPartOf\":{\"@id\":\"https:\\\/\\\/www.webdo.tn\\\/fr\\\/actualite\\\/culture\\\/je-ne-suis-pas-de-pierre\\\/199963\\\/\"},\"author\":{\"name\":\"Ne\u00efla DRISS\",\"@id\":\"https:\\\/\\\/www.webdo.tn\\\/fr\\\/#\\\/schema\\\/person\\\/60d5ba619ed3f58783b0dc82b7dada80\"},\"headline\":\"JE NE SUIS PAS DE PIERRE\u00a0\u00a0\u00a0\u00a0\",\"datePublished\":\"2021-03-29T19:13:00+00:00\",\"dateModified\":\"2025-05-15T08:57:59+00:00\",\"mainEntityOfPage\":{\"@id\":\"https:\\\/\\\/www.webdo.tn\\\/fr\\\/actualite\\\/culture\\\/je-ne-suis-pas-de-pierre\\\/199963\\\/\"},\"wordCount\":5203,\"commentCount\":0,\"publisher\":{\"@id\":\"https:\\\/\\\/www.webdo.tn\\\/fr\\\/#organization\"},\"image\":{\"@id\":\"https:\\\/\\\/www.webdo.tn\\\/fr\\\/actualite\\\/culture\\\/je-ne-suis-pas-de-pierre\\\/199963\\\/#primaryimage\"},\"thumbnailUrl\":\"https:\\\/\\\/www.webdo.tn\\\/fr\\\/wp-content\\\/uploads\\\/2021\\\/03\\\/Ecole-Chevreul-01-Mutuelleville.jpg\",\"keywords\":[\"architecture\",\"Claude Chandioux\",\"Ecole Chevreul\",\"Fiction\",\"Mutuelleville\",\"nostalgie\"],\"articleSection\":[\"Culture\"],\"inLanguage\":\"fr-FR\"},{\"@type\":\"WebPage\",\"@id\":\"https:\\\/\\\/www.webdo.tn\\\/fr\\\/actualite\\\/culture\\\/je-ne-suis-pas-de-pierre\\\/199963\\\/\",\"url\":\"https:\\\/\\\/www.webdo.tn\\\/fr\\\/actualite\\\/culture\\\/je-ne-suis-pas-de-pierre\\\/199963\\\/\",\"name\":\"JE NE SUIS PAS DE PIERRE\u00a0\u00a0\u00a0\u00a0\",\"isPartOf\":{\"@id\":\"https:\\\/\\\/www.webdo.tn\\\/fr\\\/#website\"},\"primaryImageOfPage\":{\"@id\":\"https:\\\/\\\/www.webdo.tn\\\/fr\\\/actualite\\\/culture\\\/je-ne-suis-pas-de-pierre\\\/199963\\\/#primaryimage\"},\"image\":{\"@id\":\"https:\\\/\\\/www.webdo.tn\\\/fr\\\/actualite\\\/culture\\\/je-ne-suis-pas-de-pierre\\\/199963\\\/#primaryimage\"},\"thumbnailUrl\":\"https:\\\/\\\/www.webdo.tn\\\/fr\\\/wp-content\\\/uploads\\\/2021\\\/03\\\/Ecole-Chevreul-01-Mutuelleville.jpg\",\"datePublished\":\"2021-03-29T19:13:00+00:00\",\"dateModified\":\"2025-05-15T08:57:59+00:00\",\"description\":\"JE NE SUIS PAS DE PIERRE\u00a0\u00a0\u00a0\u00a0\",\"breadcrumb\":{\"@id\":\"https:\\\/\\\/www.webdo.tn\\\/fr\\\/actualite\\\/culture\\\/je-ne-suis-pas-de-pierre\\\/199963\\\/#breadcrumb\"},\"inLanguage\":\"fr-FR\",\"potentialAction\":[{\"@type\":\"ReadAction\",\"target\":[\"https:\\\/\\\/www.webdo.tn\\\/fr\\\/actualite\\\/culture\\\/je-ne-suis-pas-de-pierre\\\/199963\\\/\"]}]},{\"@type\":\"ImageObject\",\"inLanguage\":\"fr-FR\",\"@id\":\"https:\\\/\\\/www.webdo.tn\\\/fr\\\/actualite\\\/culture\\\/je-ne-suis-pas-de-pierre\\\/199963\\\/#primaryimage\",\"url\":\"https:\\\/\\\/www.webdo.tn\\\/fr\\\/wp-content\\\/uploads\\\/2021\\\/03\\\/Ecole-Chevreul-01-Mutuelleville.jpg\",\"contentUrl\":\"https:\\\/\\\/www.webdo.tn\\\/fr\\\/wp-content\\\/uploads\\\/2021\\\/03\\\/Ecole-Chevreul-01-Mutuelleville.jpg\",\"width\":397,\"height\":272,\"caption\":\"JE NE SUIS PAS DE PIERRE\u00a0\u00a0\u00a0\u00a0\"},{\"@type\":\"BreadcrumbList\",\"@id\":\"https:\\\/\\\/www.webdo.tn\\\/fr\\\/actualite\\\/culture\\\/je-ne-suis-pas-de-pierre\\\/199963\\\/#breadcrumb\",\"itemListElement\":[{\"@type\":\"ListItem\",\"position\":1,\"name\":\"Accueil\",\"item\":\"https:\\\/\\\/www.webdo.tn\\\/fr\\\/\"},{\"@type\":\"ListItem\",\"position\":2,\"name\":\"JE NE SUIS PAS DE PIERRE\u00a0\u00a0\u00a0\u00a0\"}]},{\"@type\":\"WebSite\",\"@id\":\"https:\\\/\\\/www.webdo.tn\\\/fr\\\/#website\",\"url\":\"https:\\\/\\\/www.webdo.tn\\\/fr\\\/\",\"name\":\"webdo\",\"description\":\"Tunisie - News en Tunisie et \u00e0 l&#039;international sur Webdo.tn\",\"publisher\":{\"@id\":\"https:\\\/\\\/www.webdo.tn\\\/fr\\\/#organization\"},\"potentialAction\":[{\"@type\":\"SearchAction\",\"target\":{\"@type\":\"EntryPoint\",\"urlTemplate\":\"https:\\\/\\\/www.webdo.tn\\\/fr\\\/?s={search_term_string}\"},\"query-input\":{\"@type\":\"PropertyValueSpecification\",\"valueRequired\":true,\"valueName\":\"search_term_string\"}}],\"inLanguage\":\"fr-FR\"},{\"@type\":\"Organization\",\"@id\":\"https:\\\/\\\/www.webdo.tn\\\/fr\\\/#organization\",\"name\":\"Webdo\",\"alternateName\":\"Webdo.tn\",\"url\":\"https:\\\/\\\/www.webdo.tn\\\/fr\\\/\",\"logo\":{\"@type\":\"ImageObject\",\"inLanguage\":\"fr-FR\",\"@id\":\"https:\\\/\\\/www.webdo.tn\\\/fr\\\/#\\\/schema\\\/logo\\\/image\\\/\",\"url\":\"https:\\\/\\\/www.webdo.tn\\\/fr\\\/wp-content\\\/uploads\\\/2025\\\/06\\\/Webdo-Tunisie_168377.jpg\",\"contentUrl\":\"https:\\\/\\\/www.webdo.tn\\\/fr\\\/wp-content\\\/uploads\\\/2025\\\/06\\\/Webdo-Tunisie_168377.jpg\",\"width\":301,\"height\":301,\"caption\":\"Webdo\"},\"image\":{\"@id\":\"https:\\\/\\\/www.webdo.tn\\\/fr\\\/#\\\/schema\\\/logo\\\/image\\\/\"},\"sameAs\":[\"https:\\\/\\\/www.facebook.com\\\/webdotn\",\"https:\\\/\\\/x.com\\\/webdo_tn\"],\"description\":\"Webdo est un m\u00e9dia num\u00e9rique tunisien fond\u00e9 en 2010, sp\u00e9cialis\u00e9 dans l\u2019actualit\u00e9 nationale et internationale, l\u2019\u00e9conomie, la soci\u00e9t\u00e9 et les analyses politiques. Le site s\u2019adresse \u00e0 un large public francophone et couvre l\u2019information tunisienne en temps r\u00e9el.\",\"email\":\"redac@webdo.tn\",\"legalName\":\"YNJ SARL\",\"foundingDate\":\"2010-09-06\",\"numberOfEmployees\":{\"@type\":\"QuantitativeValue\",\"minValue\":\"11\",\"maxValue\":\"50\"}},{\"@type\":\"Person\",\"@id\":\"https:\\\/\\\/www.webdo.tn\\\/fr\\\/#\\\/schema\\\/person\\\/60d5ba619ed3f58783b0dc82b7dada80\",\"name\":\"Ne\u00efla DRISS\",\"image\":{\"@type\":\"ImageObject\",\"inLanguage\":\"fr-FR\",\"@id\":\"https:\\\/\\\/www.webdo.tn\\\/fr\\\/wp-content\\\/uploads\\\/2026\\\/04\\\/neila-driss_avatar-96x96.jpg\",\"url\":\"https:\\\/\\\/www.webdo.tn\\\/fr\\\/wp-content\\\/uploads\\\/2026\\\/04\\\/neila-driss_avatar-96x96.jpg\",\"contentUrl\":\"https:\\\/\\\/www.webdo.tn\\\/fr\\\/wp-content\\\/uploads\\\/2026\\\/04\\\/neila-driss_avatar-96x96.jpg\",\"caption\":\"Ne\u00efla DRISS\"},\"description\":\"Ne\u00efla Driss est juriste, journaliste culturelle et critique de cin\u00e9ma tunisienne. Titulaire d\u2019un DEA en droit priv\u00e9 de l\u2019Universit\u00e9 Paris II et d\u2019un DESS de l\u2019IHEC Carthage, elle d\u00e9bute sa carri\u00e8re comme juriste sp\u00e9cialis\u00e9e en gestion de patrimoine immobilier. Elle s\u2019oriente ensuite vers l\u2019\u00e9criture en ligne, o\u00f9 elle se distingue d\u00e8s 2006 aux Tunisia Blog Awards, avant de se consacrer au journalisme culturel, avec une sp\u00e9cialisation dans la critique cin\u00e9matographique. Elle couvre r\u00e9guli\u00e8rement les grands festivals internationaux, notamment le Festival de Cannes, les Journ\u00e9es Cin\u00e9matographiques de Carthage et le Festival du film du Caire. Membre de l\u2019ATPCC et de la FIPRESCI, elle participe \u00e0 des jurys et initiatives internationales de critique. Depuis 2024, elle est \u00e9lectrice internationale aux Golden Globes. Facebook : https:\\\/\\\/www.facebook.com\\\/massir.destiniii\\\/ X : https:\\\/\\\/x.com\\\/MassirDestin\",\"sameAs\":[\"https:\\\/\\\/www.facebook.com\\\/massir.destiniii\\\/\",\"https:\\\/\\\/www.instagram.com\\\/neila.driss\\\/?hl=fr\",\"https:\\\/\\\/www.linkedin.com\\\/in\\\/neila-driss-22606a80\\\/\",\"https:\\\/\\\/x.com\\\/https:\\\/\\\/x.com\\\/MassirDestin\"],\"knowsAbout\":[\"Cin\u00e9ma international\",\"critique cin\u00e9matographique\",\"festivals de cin\u00e9ma\",\"journalisme culturel\"],\"knowsLanguage\":[\"Fran\u00e7ais\",\"Arabe\",\"Anglais\"],\"jobTitle\":\"Journaliste culturelle et critique de cin\u00e9ma\",\"worksFor\":\"Webdo\",\"url\":\"https:\\\/\\\/www.webdo.tn\\\/fr\\\/actualite\\\/author\\\/neila-driss\\\/\"}]}<\/script>\n<!-- \/ Yoast SEO Premium plugin. -->","yoast_head_json":{"title":"JE NE SUIS PAS DE PIERRE\u00a0\u00a0\u00a0\u00a0","description":"JE NE SUIS PAS DE PIERRE\u00a0\u00a0\u00a0\u00a0","canonical":"https:\/\/www.webdo.tn\/fr\/actualite\/culture\/je-ne-suis-pas-de-pierre\/199963\/","og_locale":"fr_FR","og_type":"article","og_title":"JE NE SUIS PAS DE PIERRE\u00a0\u00a0\u00a0\u00a0","og_description":"JE NE SUIS PAS DE PIERRE\u00a0\u00a0\u00a0\u00a0","og_url":"https:\/\/www.webdo.tn\/fr\/actualite\/culture\/je-ne-suis-pas-de-pierre\/199963\/","og_site_name":"webdo","article_publisher":"https:\/\/www.facebook.com\/webdotn","article_author":"https:\/\/www.facebook.com\/massir.destiniii\/","article_published_time":"2021-03-29T19:13:00+00:00","article_modified_time":"2025-05-15T08:57:59+00:00","og_image":[{"width":397,"height":272,"url":"https:\/\/www.webdo.tn\/fr\/wp-content\/uploads\/2021\/03\/Ecole-Chevreul-01-Mutuelleville.jpg","type":"image\/jpeg"}],"author":"Ne\u00efla DRISS","twitter_card":"summary_large_image","twitter_creator":"@https:\/\/x.com\/MassirDestin","twitter_site":"@webdo_tn","twitter_misc":{"\u00c9crit par":"Ne\u00efla DRISS","Dur\u00e9e de lecture estim\u00e9e":"26 minutes"},"schema":{"@context":"https:\/\/schema.org","@graph":[{"@type":"NewsArticle","@id":"https:\/\/www.webdo.tn\/fr\/actualite\/culture\/je-ne-suis-pas-de-pierre\/199963\/#article","isPartOf":{"@id":"https:\/\/www.webdo.tn\/fr\/actualite\/culture\/je-ne-suis-pas-de-pierre\/199963\/"},"author":{"name":"Ne\u00efla DRISS","@id":"https:\/\/www.webdo.tn\/fr\/#\/schema\/person\/60d5ba619ed3f58783b0dc82b7dada80"},"headline":"JE NE SUIS PAS DE PIERRE\u00a0\u00a0\u00a0\u00a0","datePublished":"2021-03-29T19:13:00+00:00","dateModified":"2025-05-15T08:57:59+00:00","mainEntityOfPage":{"@id":"https:\/\/www.webdo.tn\/fr\/actualite\/culture\/je-ne-suis-pas-de-pierre\/199963\/"},"wordCount":5203,"commentCount":0,"publisher":{"@id":"https:\/\/www.webdo.tn\/fr\/#organization"},"image":{"@id":"https:\/\/www.webdo.tn\/fr\/actualite\/culture\/je-ne-suis-pas-de-pierre\/199963\/#primaryimage"},"thumbnailUrl":"https:\/\/www.webdo.tn\/fr\/wp-content\/uploads\/2021\/03\/Ecole-Chevreul-01-Mutuelleville.jpg","keywords":["architecture","Claude Chandioux","Ecole Chevreul","Fiction","Mutuelleville","nostalgie"],"articleSection":["Culture"],"inLanguage":"fr-FR"},{"@type":"WebPage","@id":"https:\/\/www.webdo.tn\/fr\/actualite\/culture\/je-ne-suis-pas-de-pierre\/199963\/","url":"https:\/\/www.webdo.tn\/fr\/actualite\/culture\/je-ne-suis-pas-de-pierre\/199963\/","name":"JE NE SUIS PAS DE PIERRE\u00a0\u00a0\u00a0\u00a0","isPartOf":{"@id":"https:\/\/www.webdo.tn\/fr\/#website"},"primaryImageOfPage":{"@id":"https:\/\/www.webdo.tn\/fr\/actualite\/culture\/je-ne-suis-pas-de-pierre\/199963\/#primaryimage"},"image":{"@id":"https:\/\/www.webdo.tn\/fr\/actualite\/culture\/je-ne-suis-pas-de-pierre\/199963\/#primaryimage"},"thumbnailUrl":"https:\/\/www.webdo.tn\/fr\/wp-content\/uploads\/2021\/03\/Ecole-Chevreul-01-Mutuelleville.jpg","datePublished":"2021-03-29T19:13:00+00:00","dateModified":"2025-05-15T08:57:59+00:00","description":"JE NE SUIS PAS DE PIERRE\u00a0\u00a0\u00a0\u00a0","breadcrumb":{"@id":"https:\/\/www.webdo.tn\/fr\/actualite\/culture\/je-ne-suis-pas-de-pierre\/199963\/#breadcrumb"},"inLanguage":"fr-FR","potentialAction":[{"@type":"ReadAction","target":["https:\/\/www.webdo.tn\/fr\/actualite\/culture\/je-ne-suis-pas-de-pierre\/199963\/"]}]},{"@type":"ImageObject","inLanguage":"fr-FR","@id":"https:\/\/www.webdo.tn\/fr\/actualite\/culture\/je-ne-suis-pas-de-pierre\/199963\/#primaryimage","url":"https:\/\/www.webdo.tn\/fr\/wp-content\/uploads\/2021\/03\/Ecole-Chevreul-01-Mutuelleville.jpg","contentUrl":"https:\/\/www.webdo.tn\/fr\/wp-content\/uploads\/2021\/03\/Ecole-Chevreul-01-Mutuelleville.jpg","width":397,"height":272,"caption":"JE NE SUIS PAS DE PIERRE\u00a0\u00a0\u00a0\u00a0"},{"@type":"BreadcrumbList","@id":"https:\/\/www.webdo.tn\/fr\/actualite\/culture\/je-ne-suis-pas-de-pierre\/199963\/#breadcrumb","itemListElement":[{"@type":"ListItem","position":1,"name":"Accueil","item":"https:\/\/www.webdo.tn\/fr\/"},{"@type":"ListItem","position":2,"name":"JE NE SUIS PAS DE PIERRE\u00a0\u00a0\u00a0\u00a0"}]},{"@type":"WebSite","@id":"https:\/\/www.webdo.tn\/fr\/#website","url":"https:\/\/www.webdo.tn\/fr\/","name":"webdo","description":"Tunisie - News en Tunisie et \u00e0 l&#039;international sur Webdo.tn","publisher":{"@id":"https:\/\/www.webdo.tn\/fr\/#organization"},"potentialAction":[{"@type":"SearchAction","target":{"@type":"EntryPoint","urlTemplate":"https:\/\/www.webdo.tn\/fr\/?s={search_term_string}"},"query-input":{"@type":"PropertyValueSpecification","valueRequired":true,"valueName":"search_term_string"}}],"inLanguage":"fr-FR"},{"@type":"Organization","@id":"https:\/\/www.webdo.tn\/fr\/#organization","name":"Webdo","alternateName":"Webdo.tn","url":"https:\/\/www.webdo.tn\/fr\/","logo":{"@type":"ImageObject","inLanguage":"fr-FR","@id":"https:\/\/www.webdo.tn\/fr\/#\/schema\/logo\/image\/","url":"https:\/\/www.webdo.tn\/fr\/wp-content\/uploads\/2025\/06\/Webdo-Tunisie_168377.jpg","contentUrl":"https:\/\/www.webdo.tn\/fr\/wp-content\/uploads\/2025\/06\/Webdo-Tunisie_168377.jpg","width":301,"height":301,"caption":"Webdo"},"image":{"@id":"https:\/\/www.webdo.tn\/fr\/#\/schema\/logo\/image\/"},"sameAs":["https:\/\/www.facebook.com\/webdotn","https:\/\/x.com\/webdo_tn"],"description":"Webdo est un m\u00e9dia num\u00e9rique tunisien fond\u00e9 en 2010, sp\u00e9cialis\u00e9 dans l\u2019actualit\u00e9 nationale et internationale, l\u2019\u00e9conomie, la soci\u00e9t\u00e9 et les analyses politiques. Le site s\u2019adresse \u00e0 un large public francophone et couvre l\u2019information tunisienne en temps r\u00e9el.","email":"redac@webdo.tn","legalName":"YNJ SARL","foundingDate":"2010-09-06","numberOfEmployees":{"@type":"QuantitativeValue","minValue":"11","maxValue":"50"}},{"@type":"Person","@id":"https:\/\/www.webdo.tn\/fr\/#\/schema\/person\/60d5ba619ed3f58783b0dc82b7dada80","name":"Ne\u00efla DRISS","image":{"@type":"ImageObject","inLanguage":"fr-FR","@id":"https:\/\/www.webdo.tn\/fr\/wp-content\/uploads\/2026\/04\/neila-driss_avatar-96x96.jpg","url":"https:\/\/www.webdo.tn\/fr\/wp-content\/uploads\/2026\/04\/neila-driss_avatar-96x96.jpg","contentUrl":"https:\/\/www.webdo.tn\/fr\/wp-content\/uploads\/2026\/04\/neila-driss_avatar-96x96.jpg","caption":"Ne\u00efla DRISS"},"description":"Ne\u00efla Driss est juriste, journaliste culturelle et critique de cin\u00e9ma tunisienne. Titulaire d\u2019un DEA en droit priv\u00e9 de l\u2019Universit\u00e9 Paris II et d\u2019un DESS de l\u2019IHEC Carthage, elle d\u00e9bute sa carri\u00e8re comme juriste sp\u00e9cialis\u00e9e en gestion de patrimoine immobilier. Elle s\u2019oriente ensuite vers l\u2019\u00e9criture en ligne, o\u00f9 elle se distingue d\u00e8s 2006 aux Tunisia Blog Awards, avant de se consacrer au journalisme culturel, avec une sp\u00e9cialisation dans la critique cin\u00e9matographique. Elle couvre r\u00e9guli\u00e8rement les grands festivals internationaux, notamment le Festival de Cannes, les Journ\u00e9es Cin\u00e9matographiques de Carthage et le Festival du film du Caire. Membre de l\u2019ATPCC et de la FIPRESCI, elle participe \u00e0 des jurys et initiatives internationales de critique. Depuis 2024, elle est \u00e9lectrice internationale aux Golden Globes. Facebook : https:\/\/www.facebook.com\/massir.destiniii\/ X : https:\/\/x.com\/MassirDestin","sameAs":["https:\/\/www.facebook.com\/massir.destiniii\/","https:\/\/www.instagram.com\/neila.driss\/?hl=fr","https:\/\/www.linkedin.com\/in\/neila-driss-22606a80\/","https:\/\/x.com\/https:\/\/x.com\/MassirDestin"],"knowsAbout":["Cin\u00e9ma international","critique cin\u00e9matographique","festivals de cin\u00e9ma","journalisme culturel"],"knowsLanguage":["Fran\u00e7ais","Arabe","Anglais"],"jobTitle":"Journaliste culturelle et critique de cin\u00e9ma","worksFor":"Webdo","url":"https:\/\/www.webdo.tn\/fr\/actualite\/author\/neila-driss\/"}]}},"_links":{"self":[{"href":"https:\/\/www.webdo.tn\/fr\/wp-json\/wp\/v2\/posts\/199963","targetHints":{"allow":["GET"]}}],"collection":[{"href":"https:\/\/www.webdo.tn\/fr\/wp-json\/wp\/v2\/posts"}],"about":[{"href":"https:\/\/www.webdo.tn\/fr\/wp-json\/wp\/v2\/types\/post"}],"author":[{"embeddable":true,"href":"https:\/\/www.webdo.tn\/fr\/wp-json\/wp\/v2\/users\/3164"}],"replies":[{"embeddable":true,"href":"https:\/\/www.webdo.tn\/fr\/wp-json\/wp\/v2\/comments?post=199963"}],"version-history":[{"count":0,"href":"https:\/\/www.webdo.tn\/fr\/wp-json\/wp\/v2\/posts\/199963\/revisions"}],"wp:featuredmedia":[{"embeddable":true,"href":"https:\/\/www.webdo.tn\/fr\/wp-json\/wp\/v2\/media\/259008"}],"wp:attachment":[{"href":"https:\/\/www.webdo.tn\/fr\/wp-json\/wp\/v2\/media?parent=199963"}],"wp:term":[{"taxonomy":"category","embeddable":true,"href":"https:\/\/www.webdo.tn\/fr\/wp-json\/wp\/v2\/categories?post=199963"},{"taxonomy":"post_tag","embeddable":true,"href":"https:\/\/www.webdo.tn\/fr\/wp-json\/wp\/v2\/tags?post=199963"}],"curies":[{"name":"wp","href":"https:\/\/api.w.org\/{rel}","templated":true}]}}