{"id":199944,"date":"2020-12-29T20:34:00","date_gmt":"2020-12-29T20:34:00","guid":{"rendered":"https:\/\/www.webdo.tn\/fr\/blog\/jcc-2020-une-exposition-de-photos-des-30-editions-passees\/199944\/"},"modified":"2025-05-15T09:10:21","modified_gmt":"2025-05-15T09:10:21","slug":"jcc-2020-une-exposition-de-photos-des-30-editions-passees","status":"publish","type":"post","link":"https:\/\/www.webdo.tn\/fr\/actualite\/culture\/jcc-2020-une-exposition-de-photos-des-30-editions-passees\/199944\/","title":{"rendered":"JCC 2020 &#8211; Une exposition de photos des 30 \u00e9ditions pass\u00e9es"},"content":{"rendered":"<div class=\"single-body entry-content typography-copy\" itemprop=\"articleBody\">\n<p style=\"font-weight: bold; text-align: justify\">\n<div class=\"coprs\" style=\"text-align: center\"><\/div>\n<div class=\"coprs\" style=\"text-align: justify\">\n<p>Il y a deux ans, pour sa 40\u00e8me \u00e9dition, le Festival International du Film du Caire avait organis\u00e9 une belle exposition, o\u00f9 il y avait les affiches, les catalogues, les programmes, des photos de toutes les sessions pr\u00e9c\u00e9dentes, quelques anciens troph\u00e9es\u2026, et je m\u2019\u00e9tais pos\u00e9e la question de savoir si les Journ\u00e9es Cin\u00e9matographiques de Carthage (JCC) disposaient de telles archives :<\/p>\n<p><a href=\"https:\/\/www.webdo.tn\/2018\/11\/22\/le-festival-international-du-film-du-caire-celebre-ses-40-editions\/\"><em>\u00ab\u00a0Est-ce que les JCC ont de telles archives\u00a0? Ce festival poss\u00e8de-t-il tous les catalogues des \u00e9ditions pass\u00e9es\u00a0? Garde-t-il les anciennes correspondances\u00a0? Et toutes les affiches de ces pr\u00e9c\u00e9dentes \u00e9ditions\u00a0? Rien n\u2019est moins s\u00fbr, mais il serait temps de penser \u00e0 rassembler toutes ces archives et souvenirs, et de penser peut-\u00eatre \u00e0 organiser une belle exposition pour le 60eme anniversaire\u00a0!\u00a0\u00bb<\/em><\/a><\/p>\n<p>La r\u00e9ponse est venue derni\u00e8rement lors de l\u2019\u00e9dition 2020 des JCC, <a href=\"https:\/\/www.webdo.tn\/2020\/12\/24\/jcc-2020-cloture-dune-session-exceptionnelle-dans-des-circonstance-exceptionnelles\/#.X-uAEdhKg2w\">qui a \u00e9t\u00e9 exceptionnelle\u00a0: \u00e0 cause de la pand\u00e9mie du coronavirus, il avait \u00e9t\u00e9 d\u00e9cid\u00e9 de supprimer les comp\u00e9titions et de faire une pause pour r\u00e9fl\u00e9chir aux \u00ab\u00a0JCC, hier, aujourd\u2019hui et demain\u00a0\u00bb.<\/a> Un forum sur ce m\u00eame th\u00e8me a d\u2019ailleurs \u00e9t\u00e9 organis\u00e9, pr\u00e9c\u00e9d\u00e9 par quatre panels sur\u00a0:<\/p>\n<ul>\n<li>Industrie, march\u00e9 et diffusion des films\u00a0;<\/li>\n<li>Le rayonnement du festival\u00a0;<\/li>\n<li>Archives, promotion du patrimoine et r\u00e9ception critique\u00a0;<\/li>\n<li>Le devenir des JCC.<\/li>\n<\/ul>\n<p>Parmi les divers probl\u00e8mes et lacunes recens\u00e9s, l\u2019amer constat qui a \u00e9t\u00e9 fait est que les JCC n\u2019ont pas d\u2019archives. Ce qui n\u2019est d\u2019ailleurs pas une surprise puisqu\u2019avant 2018, les JCC n\u2019avaient m\u00eame pas un si\u00e8ge. Ce n\u2019est qu\u2019\u00e0 l\u2019ouverture de la Cit\u00e9 de la Culture que les JCC ont pu avoir leurs propres bureaux.<\/p>\n<p>Pendant 30 sessions, des milliers de photos des invit\u00e9s, du public, des d\u00e9bats et des diverses c\u00e9r\u00e9monies ont \u00e9t\u00e9 prises. Parmi ces invit\u00e9s, des personnalit\u00e9s qui ont fait l\u2019histoire du cin\u00e9ma en g\u00e9n\u00e9ral et des cin\u00e9mas arabo-africains. Ces photos sont \u00e9parpill\u00e9es ici et l\u00e0 et on n\u2019a pas pens\u00e9 \u00e0 les collecter, ni \u00e0 les inventorier, ni m\u00eame \u00e0 les exploiter pour des expositions, des livres ou m\u00eame pour les mettre \u00e0 la disposition des chercheurs, cin\u00e9astes, critiques, sociologues ou historiens. Ces photos constituent pourtant un v\u00e9ritable patrimoine culturel tunisien et m\u00eame africain. A chaque \u00e9dition, il y a aussi des catalogues, programmes, invitations, des bulletins, des articles de presse\u2026<\/p>\n<p>Depuis environ six mois, un groupe de personnes, avec \u00e0 leur t\u00eate Mme Sayida Bourguiba, a \u00e9t\u00e9 charg\u00e9 de commencer \u00e0 collecter les archives des JCC : photographies, correspondance, catalogues, programmes\u2026 Il a fallu pour cela demander leur aide aux Archives nationales, \u00e0 la Biblioth\u00e8que Nationale, au Centre de Documentation Nationale, \u00e0 la TAP, la Cin\u00e9math\u00e8que Tunisienne et m\u00eame \u00e0 des particuliers.<\/p>\n<p>M\u00eame si ce travail de collecte n\u2019en est qu\u2019\u00e0 ses d\u00e9but, une belle exposition de photos et de coupures de journaux a \u00e9t\u00e9 organis\u00e9e \u00e0 la cit\u00e9 de la culture pendant les JCC.<\/p>\n<p>Une exposition de photos en trois parties :<\/p>\n<ul>\n<li>Des photos accroch\u00e9es aux murs, certaines dat\u00e9es et d\u2019autres pas. On y voit surtout des invit\u00e9s des JCC au fil des ann\u00e9es:<\/li>\n<\/ul>\n<p><img decoding=\"async\" alt=\"JCC 2020 - Exposition de photos\" height=\"643\" src=\"http:\/\/www.webdo.tn\/wp-content\/uploads\/2020\/12\/JCC-1970-Souad-Hosny-796x1024.jpg\" width=\"500\"><br \/>\nL&rsquo;actrice \u00e9gyptienne Souad Hosny lors des JCC 1970<\/p>\n<p>\u00a0<\/p>\n<p><img decoding=\"async\" alt=\"JCC 2020 - Exposition de photos\" height=\"316\" src=\"http:\/\/www.webdo.tn\/wp-content\/uploads\/2020\/12\/JCC-1970-Samiha-Ayoub.jpg\" width=\"601\"><br \/>\nLe critique \u00e9gyptien Samir Farid, les deux acteurs Samiha Ayoub et Mahmoud Morsi aux JCC 1970<\/p>\n<p>\u00a0<\/p>\n<p><img decoding=\"async\" alt=\"JCC 2020 Exposition de photos\" height=\"443\" src=\"http:\/\/www.webdo.tn\/wp-content\/uploads\/2020\/12\/JCC-1976-1024x756.jpg\" width=\"600\"><br \/>\nJCC 1976 &#8211; Les r\u00e9alisateurs et producteurs tunisiens Nejib Ayed, Brahim Babai et Ahmed Bahaeddine Attia.<\/p>\n<p>\u00a0<\/p>\n<p><img decoding=\"async\" alt=\"JCC 2020 Exposition de photos\" height=\"611\" src=\"http:\/\/www.webdo.tn\/wp-content\/uploads\/2020\/12\/JCC-1978-Faten-Hamama-1-1005x1024.jpg\" width=\"600\"><br \/>\nJCC 1978 &#8211; L&rsquo;actrice \u00e9gyptienne Faten Hamama est la premi\u00e8re femme \u00e0 pr\u00e9sider le jury des JCC<\/p>\n<p>\u00a0<\/p>\n<p><img decoding=\"async\" alt=\"JCC 2020 Exposition de photos\" height=\"615\" src=\"http:\/\/www.webdo.tn\/wp-content\/uploads\/2020\/12\/JCC-1978-Faten-Hamama-3-1000x1024.jpg\" width=\"600\"><br \/>\nHamadi Essid, Directeur de la 7\u00e8me Session des JCC 1978, avec Faten Hamama et Youssef Chahine.<\/p>\n<p>\u00a0<\/p>\n<ul>\n<li>De grands panneaux, un par \u00e9dition. Sur chaque panneau, on trouve l\u2019affiche de l\u2019\u00e9dition en question, des coupures de journaux y aff\u00e9rent, des photos et le film qui a remport\u00e9 le Tanit d\u2019Or cette ann\u00e9e-l\u00e0.<\/li>\n<\/ul>\n<p><img decoding=\"async\" alt=\"JCC 2020 Exposition de photos\" height=\"488\" src=\"http:\/\/www.webdo.tn\/wp-content\/uploads\/2020\/12\/JCC-2020-Exposition-de-photographies-0-1024x768.jpg\" width=\"651\"><br \/>\nDe grands panneaux, un par \u00e9dition<\/p>\n<p>\u00a0<\/p>\n<p><img decoding=\"async\" alt=\"JCC 2020 Exposition de photos\" height=\"867\" src=\"http:\/\/www.webdo.tn\/wp-content\/uploads\/2020\/12\/IMG_5773-768x1024.jpg\" width=\"650\"><br \/>\nJCC 1966 &#8211; Tanit d&rsquo;Or \u00ab\u00a0la Noire de..\u00a0\u00bb de Ousmane Semb\u00e8ne<\/p>\n<p>\u00a0<\/p>\n<p><img decoding=\"async\" alt=\"JCC 2020 Exposition de photos\" height=\"867\" src=\"http:\/\/www.webdo.tn\/wp-content\/uploads\/2020\/12\/IMG_5775-768x1024.jpg\" width=\"650\"><br \/>\nJCC 1986 &#8211; Tanit d&rsquo;Or pour \u00ab\u00a0L&rsquo;homme de cendres\u00a0\u00bb de Nouri Bouzid<\/p>\n<p>\u00a0<\/p>\n<p><img decoding=\"async\" alt=\"JCC 2020 Exposition de photos\" height=\"650\" src=\"http:\/\/www.webdo.tn\/wp-content\/uploads\/2020\/12\/JCC-2020-Exposition-de-photographies-1-1024x1024.jpg\" width=\"650\"><br \/>\nJCC 1990 &#8211; Tanit d&rsquo;Or pour \u00ab\u00a0Halfaouine, l&rsquo;enfant des terrasses\u00a0\u00bb de F\u00e9rid Boughdir<\/p>\n<p>\u00a0<\/p>\n<p><img decoding=\"async\" alt=\"JCC 2020 Exposition de photos\" height=\"650\" src=\"http:\/\/www.webdo.tn\/wp-content\/uploads\/2020\/12\/IMG_5781-1024x1024.jpg\" width=\"650\"><br \/>\nJCC 2010 &#8211; Tanit d&rsquo;Or pour le film \u00e9gyptien \u00ab\u00a0Microphone\u00a0\u00bb d&rsquo;Ahmed Abdalla<\/p>\n<p>\u00a0<\/p>\n<ul>\n<li>Des vid\u00e9os, qui montrent le public devant les salles de cin\u00e9ma, des extraits des c\u00e9r\u00e9monies\u2026<\/li>\n<\/ul>\n<p><img decoding=\"async\" alt=\"JCC 2020 Exposition de photos\" height=\"771\" src=\"http:\/\/www.webdo.tn\/wp-content\/uploads\/2020\/12\/IMG_5820-797x1024.jpg\" width=\"600\"><\/p>\n<p><img decoding=\"async\" alt=\"JCC 2020 Exposition de photos \" height=\"800\" src=\"http:\/\/www.webdo.tn\/wp-content\/uploads\/2020\/12\/IMG_5819-768x1024.jpg\" width=\"600\"><\/p>\n<p>Peut-on esp\u00e9rer que pour le 60\u00e8me anniversaire des JCC, qui aura donc lieu en 2026, les JCC pourront organiser un nouveau forum, mais pour pr\u00e9senter le travail accompli et dire que ses archives sont enfin rassembl\u00e9es et en lieu s\u00fbr et que les films tunisiens anciens sont enfin restaur\u00e9s?<\/p>\n<p><strong>Ne\u00efla Driss<\/strong><\/p>\n<p>\u00a0<\/p>\n<\/p><\/div>\n<div class=\"coprs\" style=\"text-align: center\"><\/div><\/div>\n","protected":false},"excerpt":{"rendered":"<p>JCC 2020 &#8211; Une exposition de photos des 30 \u00e9ditions pass\u00e9es<\/p>\n","protected":false},"author":3164,"featured_media":260284,"comment_status":"open","ping_status":"closed","sticky":false,"template":"","format":"standard","meta":{"footnotes":""},"categories":[2594],"tags":[2626,2641,2628,3116,9098,4660],"class_list":["post-199944","post","type-post","status-publish","format-standard","has-post-thumbnail","hentry","category-culture","tag-cinema","tag-exposition","tag-festival","tag-jcc","tag-jcc-2020","tag-journees-cinematographiques-de-carthage"],"yoast_head":"<!-- This site is optimized with the Yoast SEO Premium plugin v27.4 (Yoast SEO v27.4) - https:\/\/yoast.com\/product\/yoast-seo-premium-wordpress\/ -->\n<title>JCC 2020 - Une exposition de photos des 30 \u00e9ditions pass\u00e9es<\/title>\n<meta name=\"description\" content=\"JCC 2020 - Une exposition de photos des 30 \u00e9ditions pass\u00e9es\" \/>\n<link rel=\"canonical\" href=\"https:\/\/www.webdo.tn\/fr\/actualite\/culture\/jcc-2020-une-exposition-de-photos-des-30-editions-passees\/199944\/\" \/>\n<meta property=\"og:locale\" content=\"fr_FR\" \/>\n<meta property=\"og:type\" content=\"article\" \/>\n<meta property=\"og:title\" content=\"JCC 2020 - Une exposition de photos des 30 \u00e9ditions pass\u00e9es\" \/>\n<meta property=\"og:description\" content=\"JCC 2020 - Une exposition de photos des 30 \u00e9ditions pass\u00e9es\" \/>\n<meta property=\"og:url\" content=\"https:\/\/www.webdo.tn\/fr\/actualite\/culture\/jcc-2020-une-exposition-de-photos-des-30-editions-passees\/199944\/\" \/>\n<meta property=\"og:site_name\" content=\"webdo\" \/>\n<meta property=\"article:publisher\" content=\"https:\/\/www.facebook.com\/webdotn\" \/>\n<meta property=\"article:author\" content=\"https:\/\/www.facebook.com\/massir.destiniii\/\" \/>\n<meta property=\"article:published_time\" content=\"2020-12-29T20:34:00+00:00\" \/>\n<meta property=\"article:modified_time\" content=\"2025-05-15T09:10:21+00:00\" \/>\n<meta property=\"og:image\" content=\"https:\/\/www.webdo.tn\/fr\/wp-content\/uploads\/2020\/12\/jcc-1980-1024x953-1.jpg\" \/>\n\t<meta property=\"og:image:width\" content=\"1024\" \/>\n\t<meta property=\"og:image:height\" content=\"953\" \/>\n\t<meta property=\"og:image:type\" content=\"image\/jpeg\" \/>\n<meta name=\"author\" content=\"Ne\u00efla DRISS\" \/>\n<meta name=\"twitter:card\" content=\"summary_large_image\" \/>\n<meta name=\"twitter:creator\" content=\"@https:\/\/x.com\/MassirDestin\" \/>\n<meta name=\"twitter:site\" content=\"@webdo_tn\" \/>\n<meta name=\"twitter:label1\" content=\"\u00c9crit par\" \/>\n\t<meta name=\"twitter:data1\" content=\"Ne\u00efla DRISS\" \/>\n\t<meta name=\"twitter:label2\" content=\"Dur\u00e9e de lecture estim\u00e9e\" \/>\n\t<meta name=\"twitter:data2\" content=\"4 minutes\" \/>\n<script type=\"application\/ld+json\" class=\"yoast-schema-graph\">{\"@context\":\"https:\\\/\\\/schema.org\",\"@graph\":[{\"@type\":\"NewsArticle\",\"@id\":\"https:\\\/\\\/www.webdo.tn\\\/fr\\\/actualite\\\/culture\\\/jcc-2020-une-exposition-de-photos-des-30-editions-passees\\\/199944\\\/#article\",\"isPartOf\":{\"@id\":\"https:\\\/\\\/www.webdo.tn\\\/fr\\\/actualite\\\/culture\\\/jcc-2020-une-exposition-de-photos-des-30-editions-passees\\\/199944\\\/\"},\"author\":{\"name\":\"Ne\u00efla DRISS\",\"@id\":\"https:\\\/\\\/www.webdo.tn\\\/fr\\\/#\\\/schema\\\/person\\\/60d5ba619ed3f58783b0dc82b7dada80\"},\"headline\":\"JCC 2020 &#8211; Une exposition de photos des 30 \u00e9ditions pass\u00e9es\",\"datePublished\":\"2020-12-29T20:34:00+00:00\",\"dateModified\":\"2025-05-15T09:10:21+00:00\",\"mainEntityOfPage\":{\"@id\":\"https:\\\/\\\/www.webdo.tn\\\/fr\\\/actualite\\\/culture\\\/jcc-2020-une-exposition-de-photos-des-30-editions-passees\\\/199944\\\/\"},\"wordCount\":800,\"commentCount\":0,\"publisher\":{\"@id\":\"https:\\\/\\\/www.webdo.tn\\\/fr\\\/#organization\"},\"image\":{\"@id\":\"https:\\\/\\\/www.webdo.tn\\\/fr\\\/actualite\\\/culture\\\/jcc-2020-une-exposition-de-photos-des-30-editions-passees\\\/199944\\\/#primaryimage\"},\"thumbnailUrl\":\"https:\\\/\\\/www.webdo.tn\\\/fr\\\/wp-content\\\/uploads\\\/2020\\\/12\\\/jcc-1980-1024x953-1.jpg\",\"keywords\":[\"Cin\u00e9ma\",\"exposition\",\"Festival\",\"JCC\",\"JCC 2020\",\"Journ\u00e9es cin\u00e9matographiques de Carthage\"],\"articleSection\":[\"Culture\"],\"inLanguage\":\"fr-FR\"},{\"@type\":\"WebPage\",\"@id\":\"https:\\\/\\\/www.webdo.tn\\\/fr\\\/actualite\\\/culture\\\/jcc-2020-une-exposition-de-photos-des-30-editions-passees\\\/199944\\\/\",\"url\":\"https:\\\/\\\/www.webdo.tn\\\/fr\\\/actualite\\\/culture\\\/jcc-2020-une-exposition-de-photos-des-30-editions-passees\\\/199944\\\/\",\"name\":\"JCC 2020 - Une exposition de photos des 30 \u00e9ditions pass\u00e9es\",\"isPartOf\":{\"@id\":\"https:\\\/\\\/www.webdo.tn\\\/fr\\\/#website\"},\"primaryImageOfPage\":{\"@id\":\"https:\\\/\\\/www.webdo.tn\\\/fr\\\/actualite\\\/culture\\\/jcc-2020-une-exposition-de-photos-des-30-editions-passees\\\/199944\\\/#primaryimage\"},\"image\":{\"@id\":\"https:\\\/\\\/www.webdo.tn\\\/fr\\\/actualite\\\/culture\\\/jcc-2020-une-exposition-de-photos-des-30-editions-passees\\\/199944\\\/#primaryimage\"},\"thumbnailUrl\":\"https:\\\/\\\/www.webdo.tn\\\/fr\\\/wp-content\\\/uploads\\\/2020\\\/12\\\/jcc-1980-1024x953-1.jpg\",\"datePublished\":\"2020-12-29T20:34:00+00:00\",\"dateModified\":\"2025-05-15T09:10:21+00:00\",\"description\":\"JCC 2020 - Une exposition de photos des 30 \u00e9ditions pass\u00e9es\",\"breadcrumb\":{\"@id\":\"https:\\\/\\\/www.webdo.tn\\\/fr\\\/actualite\\\/culture\\\/jcc-2020-une-exposition-de-photos-des-30-editions-passees\\\/199944\\\/#breadcrumb\"},\"inLanguage\":\"fr-FR\",\"potentialAction\":[{\"@type\":\"ReadAction\",\"target\":[\"https:\\\/\\\/www.webdo.tn\\\/fr\\\/actualite\\\/culture\\\/jcc-2020-une-exposition-de-photos-des-30-editions-passees\\\/199944\\\/\"]}]},{\"@type\":\"ImageObject\",\"inLanguage\":\"fr-FR\",\"@id\":\"https:\\\/\\\/www.webdo.tn\\\/fr\\\/actualite\\\/culture\\\/jcc-2020-une-exposition-de-photos-des-30-editions-passees\\\/199944\\\/#primaryimage\",\"url\":\"https:\\\/\\\/www.webdo.tn\\\/fr\\\/wp-content\\\/uploads\\\/2020\\\/12\\\/jcc-1980-1024x953-1.jpg\",\"contentUrl\":\"https:\\\/\\\/www.webdo.tn\\\/fr\\\/wp-content\\\/uploads\\\/2020\\\/12\\\/jcc-1980-1024x953-1.jpg\",\"width\":1024,\"height\":953,\"caption\":\"JCC 2020 - Une exposition de photos des 30 \u00e9ditions pass\u00e9es\"},{\"@type\":\"BreadcrumbList\",\"@id\":\"https:\\\/\\\/www.webdo.tn\\\/fr\\\/actualite\\\/culture\\\/jcc-2020-une-exposition-de-photos-des-30-editions-passees\\\/199944\\\/#breadcrumb\",\"itemListElement\":[{\"@type\":\"ListItem\",\"position\":1,\"name\":\"Accueil\",\"item\":\"https:\\\/\\\/www.webdo.tn\\\/fr\\\/\"},{\"@type\":\"ListItem\",\"position\":2,\"name\":\"JCC 2020 &#8211; Une exposition de photos des 30 \u00e9ditions pass\u00e9es\"}]},{\"@type\":\"WebSite\",\"@id\":\"https:\\\/\\\/www.webdo.tn\\\/fr\\\/#website\",\"url\":\"https:\\\/\\\/www.webdo.tn\\\/fr\\\/\",\"name\":\"webdo\",\"description\":\"Tunisie - News en Tunisie et \u00e0 l&#039;international sur Webdo.tn\",\"publisher\":{\"@id\":\"https:\\\/\\\/www.webdo.tn\\\/fr\\\/#organization\"},\"potentialAction\":[{\"@type\":\"SearchAction\",\"target\":{\"@type\":\"EntryPoint\",\"urlTemplate\":\"https:\\\/\\\/www.webdo.tn\\\/fr\\\/?s={search_term_string}\"},\"query-input\":{\"@type\":\"PropertyValueSpecification\",\"valueRequired\":true,\"valueName\":\"search_term_string\"}}],\"inLanguage\":\"fr-FR\"},{\"@type\":\"Organization\",\"@id\":\"https:\\\/\\\/www.webdo.tn\\\/fr\\\/#organization\",\"name\":\"Webdo\",\"alternateName\":\"Webdo.tn\",\"url\":\"https:\\\/\\\/www.webdo.tn\\\/fr\\\/\",\"logo\":{\"@type\":\"ImageObject\",\"inLanguage\":\"fr-FR\",\"@id\":\"https:\\\/\\\/www.webdo.tn\\\/fr\\\/#\\\/schema\\\/logo\\\/image\\\/\",\"url\":\"https:\\\/\\\/www.webdo.tn\\\/fr\\\/wp-content\\\/uploads\\\/2025\\\/06\\\/Webdo-Tunisie_168377.jpg\",\"contentUrl\":\"https:\\\/\\\/www.webdo.tn\\\/fr\\\/wp-content\\\/uploads\\\/2025\\\/06\\\/Webdo-Tunisie_168377.jpg\",\"width\":301,\"height\":301,\"caption\":\"Webdo\"},\"image\":{\"@id\":\"https:\\\/\\\/www.webdo.tn\\\/fr\\\/#\\\/schema\\\/logo\\\/image\\\/\"},\"sameAs\":[\"https:\\\/\\\/www.facebook.com\\\/webdotn\",\"https:\\\/\\\/x.com\\\/webdo_tn\"],\"description\":\"Webdo est un m\u00e9dia num\u00e9rique tunisien fond\u00e9 en 2010, sp\u00e9cialis\u00e9 dans l\u2019actualit\u00e9 nationale et internationale, l\u2019\u00e9conomie, la soci\u00e9t\u00e9 et les analyses politiques. Le site s\u2019adresse \u00e0 un large public francophone et couvre l\u2019information tunisienne en temps r\u00e9el.\",\"email\":\"redac@webdo.tn\",\"legalName\":\"YNJ SARL\",\"foundingDate\":\"2010-09-06\",\"numberOfEmployees\":{\"@type\":\"QuantitativeValue\",\"minValue\":\"11\",\"maxValue\":\"50\"}},{\"@type\":\"Person\",\"@id\":\"https:\\\/\\\/www.webdo.tn\\\/fr\\\/#\\\/schema\\\/person\\\/60d5ba619ed3f58783b0dc82b7dada80\",\"name\":\"Ne\u00efla DRISS\",\"image\":{\"@type\":\"ImageObject\",\"inLanguage\":\"fr-FR\",\"@id\":\"https:\\\/\\\/www.webdo.tn\\\/fr\\\/wp-content\\\/uploads\\\/2026\\\/04\\\/neila-driss_avatar-96x96.jpg\",\"url\":\"https:\\\/\\\/www.webdo.tn\\\/fr\\\/wp-content\\\/uploads\\\/2026\\\/04\\\/neila-driss_avatar-96x96.jpg\",\"contentUrl\":\"https:\\\/\\\/www.webdo.tn\\\/fr\\\/wp-content\\\/uploads\\\/2026\\\/04\\\/neila-driss_avatar-96x96.jpg\",\"caption\":\"Ne\u00efla DRISS\"},\"description\":\"Ne\u00efla Driss est juriste, journaliste culturelle et critique de cin\u00e9ma tunisienne. Titulaire d\u2019un DEA en droit priv\u00e9 de l\u2019Universit\u00e9 Paris II et d\u2019un DESS de l\u2019IHEC Carthage, elle d\u00e9bute sa carri\u00e8re comme juriste sp\u00e9cialis\u00e9e en gestion de patrimoine immobilier. Elle s\u2019oriente ensuite vers l\u2019\u00e9criture en ligne, o\u00f9 elle se distingue d\u00e8s 2006 aux Tunisia Blog Awards, avant de se consacrer au journalisme culturel, avec une sp\u00e9cialisation dans la critique cin\u00e9matographique. Elle couvre r\u00e9guli\u00e8rement les grands festivals internationaux, notamment le Festival de Cannes, les Journ\u00e9es Cin\u00e9matographiques de Carthage et le Festival du film du Caire. Membre de l\u2019ATPCC et de la FIPRESCI, elle participe \u00e0 des jurys et initiatives internationales de critique. Depuis 2024, elle est \u00e9lectrice internationale aux Golden Globes. Facebook : https:\\\/\\\/www.facebook.com\\\/massir.destiniii\\\/ X : https:\\\/\\\/x.com\\\/MassirDestin\",\"sameAs\":[\"https:\\\/\\\/www.facebook.com\\\/massir.destiniii\\\/\",\"https:\\\/\\\/www.instagram.com\\\/neila.driss\\\/?hl=fr\",\"https:\\\/\\\/www.linkedin.com\\\/in\\\/neila-driss-22606a80\\\/\",\"https:\\\/\\\/x.com\\\/https:\\\/\\\/x.com\\\/MassirDestin\"],\"knowsAbout\":[\"Cin\u00e9ma international\",\"critique cin\u00e9matographique\",\"festivals de cin\u00e9ma\",\"journalisme culturel\"],\"knowsLanguage\":[\"Fran\u00e7ais\",\"Arabe\",\"Anglais\"],\"jobTitle\":\"Journaliste culturelle et critique de cin\u00e9ma\",\"worksFor\":\"Webdo\",\"url\":\"https:\\\/\\\/www.webdo.tn\\\/fr\\\/actualite\\\/author\\\/neila-driss\\\/\"}]}<\/script>\n<!-- \/ Yoast SEO Premium plugin. -->","yoast_head_json":{"title":"JCC 2020 - Une exposition de photos des 30 \u00e9ditions pass\u00e9es","description":"JCC 2020 - Une exposition de photos des 30 \u00e9ditions pass\u00e9es","canonical":"https:\/\/www.webdo.tn\/fr\/actualite\/culture\/jcc-2020-une-exposition-de-photos-des-30-editions-passees\/199944\/","og_locale":"fr_FR","og_type":"article","og_title":"JCC 2020 - Une exposition de photos des 30 \u00e9ditions pass\u00e9es","og_description":"JCC 2020 - Une exposition de photos des 30 \u00e9ditions pass\u00e9es","og_url":"https:\/\/www.webdo.tn\/fr\/actualite\/culture\/jcc-2020-une-exposition-de-photos-des-30-editions-passees\/199944\/","og_site_name":"webdo","article_publisher":"https:\/\/www.facebook.com\/webdotn","article_author":"https:\/\/www.facebook.com\/massir.destiniii\/","article_published_time":"2020-12-29T20:34:00+00:00","article_modified_time":"2025-05-15T09:10:21+00:00","og_image":[{"width":1024,"height":953,"url":"https:\/\/www.webdo.tn\/fr\/wp-content\/uploads\/2020\/12\/jcc-1980-1024x953-1.jpg","type":"image\/jpeg"}],"author":"Ne\u00efla DRISS","twitter_card":"summary_large_image","twitter_creator":"@https:\/\/x.com\/MassirDestin","twitter_site":"@webdo_tn","twitter_misc":{"\u00c9crit par":"Ne\u00efla DRISS","Dur\u00e9e de lecture estim\u00e9e":"4 minutes"},"schema":{"@context":"https:\/\/schema.org","@graph":[{"@type":"NewsArticle","@id":"https:\/\/www.webdo.tn\/fr\/actualite\/culture\/jcc-2020-une-exposition-de-photos-des-30-editions-passees\/199944\/#article","isPartOf":{"@id":"https:\/\/www.webdo.tn\/fr\/actualite\/culture\/jcc-2020-une-exposition-de-photos-des-30-editions-passees\/199944\/"},"author":{"name":"Ne\u00efla DRISS","@id":"https:\/\/www.webdo.tn\/fr\/#\/schema\/person\/60d5ba619ed3f58783b0dc82b7dada80"},"headline":"JCC 2020 &#8211; Une exposition de photos des 30 \u00e9ditions pass\u00e9es","datePublished":"2020-12-29T20:34:00+00:00","dateModified":"2025-05-15T09:10:21+00:00","mainEntityOfPage":{"@id":"https:\/\/www.webdo.tn\/fr\/actualite\/culture\/jcc-2020-une-exposition-de-photos-des-30-editions-passees\/199944\/"},"wordCount":800,"commentCount":0,"publisher":{"@id":"https:\/\/www.webdo.tn\/fr\/#organization"},"image":{"@id":"https:\/\/www.webdo.tn\/fr\/actualite\/culture\/jcc-2020-une-exposition-de-photos-des-30-editions-passees\/199944\/#primaryimage"},"thumbnailUrl":"https:\/\/www.webdo.tn\/fr\/wp-content\/uploads\/2020\/12\/jcc-1980-1024x953-1.jpg","keywords":["Cin\u00e9ma","exposition","Festival","JCC","JCC 2020","Journ\u00e9es cin\u00e9matographiques de Carthage"],"articleSection":["Culture"],"inLanguage":"fr-FR"},{"@type":"WebPage","@id":"https:\/\/www.webdo.tn\/fr\/actualite\/culture\/jcc-2020-une-exposition-de-photos-des-30-editions-passees\/199944\/","url":"https:\/\/www.webdo.tn\/fr\/actualite\/culture\/jcc-2020-une-exposition-de-photos-des-30-editions-passees\/199944\/","name":"JCC 2020 - Une exposition de photos des 30 \u00e9ditions pass\u00e9es","isPartOf":{"@id":"https:\/\/www.webdo.tn\/fr\/#website"},"primaryImageOfPage":{"@id":"https:\/\/www.webdo.tn\/fr\/actualite\/culture\/jcc-2020-une-exposition-de-photos-des-30-editions-passees\/199944\/#primaryimage"},"image":{"@id":"https:\/\/www.webdo.tn\/fr\/actualite\/culture\/jcc-2020-une-exposition-de-photos-des-30-editions-passees\/199944\/#primaryimage"},"thumbnailUrl":"https:\/\/www.webdo.tn\/fr\/wp-content\/uploads\/2020\/12\/jcc-1980-1024x953-1.jpg","datePublished":"2020-12-29T20:34:00+00:00","dateModified":"2025-05-15T09:10:21+00:00","description":"JCC 2020 - Une exposition de photos des 30 \u00e9ditions pass\u00e9es","breadcrumb":{"@id":"https:\/\/www.webdo.tn\/fr\/actualite\/culture\/jcc-2020-une-exposition-de-photos-des-30-editions-passees\/199944\/#breadcrumb"},"inLanguage":"fr-FR","potentialAction":[{"@type":"ReadAction","target":["https:\/\/www.webdo.tn\/fr\/actualite\/culture\/jcc-2020-une-exposition-de-photos-des-30-editions-passees\/199944\/"]}]},{"@type":"ImageObject","inLanguage":"fr-FR","@id":"https:\/\/www.webdo.tn\/fr\/actualite\/culture\/jcc-2020-une-exposition-de-photos-des-30-editions-passees\/199944\/#primaryimage","url":"https:\/\/www.webdo.tn\/fr\/wp-content\/uploads\/2020\/12\/jcc-1980-1024x953-1.jpg","contentUrl":"https:\/\/www.webdo.tn\/fr\/wp-content\/uploads\/2020\/12\/jcc-1980-1024x953-1.jpg","width":1024,"height":953,"caption":"JCC 2020 - Une exposition de photos des 30 \u00e9ditions pass\u00e9es"},{"@type":"BreadcrumbList","@id":"https:\/\/www.webdo.tn\/fr\/actualite\/culture\/jcc-2020-une-exposition-de-photos-des-30-editions-passees\/199944\/#breadcrumb","itemListElement":[{"@type":"ListItem","position":1,"name":"Accueil","item":"https:\/\/www.webdo.tn\/fr\/"},{"@type":"ListItem","position":2,"name":"JCC 2020 &#8211; Une exposition de photos des 30 \u00e9ditions pass\u00e9es"}]},{"@type":"WebSite","@id":"https:\/\/www.webdo.tn\/fr\/#website","url":"https:\/\/www.webdo.tn\/fr\/","name":"webdo","description":"Tunisie - News en Tunisie et \u00e0 l&#039;international sur Webdo.tn","publisher":{"@id":"https:\/\/www.webdo.tn\/fr\/#organization"},"potentialAction":[{"@type":"SearchAction","target":{"@type":"EntryPoint","urlTemplate":"https:\/\/www.webdo.tn\/fr\/?s={search_term_string}"},"query-input":{"@type":"PropertyValueSpecification","valueRequired":true,"valueName":"search_term_string"}}],"inLanguage":"fr-FR"},{"@type":"Organization","@id":"https:\/\/www.webdo.tn\/fr\/#organization","name":"Webdo","alternateName":"Webdo.tn","url":"https:\/\/www.webdo.tn\/fr\/","logo":{"@type":"ImageObject","inLanguage":"fr-FR","@id":"https:\/\/www.webdo.tn\/fr\/#\/schema\/logo\/image\/","url":"https:\/\/www.webdo.tn\/fr\/wp-content\/uploads\/2025\/06\/Webdo-Tunisie_168377.jpg","contentUrl":"https:\/\/www.webdo.tn\/fr\/wp-content\/uploads\/2025\/06\/Webdo-Tunisie_168377.jpg","width":301,"height":301,"caption":"Webdo"},"image":{"@id":"https:\/\/www.webdo.tn\/fr\/#\/schema\/logo\/image\/"},"sameAs":["https:\/\/www.facebook.com\/webdotn","https:\/\/x.com\/webdo_tn"],"description":"Webdo est un m\u00e9dia num\u00e9rique tunisien fond\u00e9 en 2010, sp\u00e9cialis\u00e9 dans l\u2019actualit\u00e9 nationale et internationale, l\u2019\u00e9conomie, la soci\u00e9t\u00e9 et les analyses politiques. Le site s\u2019adresse \u00e0 un large public francophone et couvre l\u2019information tunisienne en temps r\u00e9el.","email":"redac@webdo.tn","legalName":"YNJ SARL","foundingDate":"2010-09-06","numberOfEmployees":{"@type":"QuantitativeValue","minValue":"11","maxValue":"50"}},{"@type":"Person","@id":"https:\/\/www.webdo.tn\/fr\/#\/schema\/person\/60d5ba619ed3f58783b0dc82b7dada80","name":"Ne\u00efla DRISS","image":{"@type":"ImageObject","inLanguage":"fr-FR","@id":"https:\/\/www.webdo.tn\/fr\/wp-content\/uploads\/2026\/04\/neila-driss_avatar-96x96.jpg","url":"https:\/\/www.webdo.tn\/fr\/wp-content\/uploads\/2026\/04\/neila-driss_avatar-96x96.jpg","contentUrl":"https:\/\/www.webdo.tn\/fr\/wp-content\/uploads\/2026\/04\/neila-driss_avatar-96x96.jpg","caption":"Ne\u00efla DRISS"},"description":"Ne\u00efla Driss est juriste, journaliste culturelle et critique de cin\u00e9ma tunisienne. Titulaire d\u2019un DEA en droit priv\u00e9 de l\u2019Universit\u00e9 Paris II et d\u2019un DESS de l\u2019IHEC Carthage, elle d\u00e9bute sa carri\u00e8re comme juriste sp\u00e9cialis\u00e9e en gestion de patrimoine immobilier. Elle s\u2019oriente ensuite vers l\u2019\u00e9criture en ligne, o\u00f9 elle se distingue d\u00e8s 2006 aux Tunisia Blog Awards, avant de se consacrer au journalisme culturel, avec une sp\u00e9cialisation dans la critique cin\u00e9matographique. Elle couvre r\u00e9guli\u00e8rement les grands festivals internationaux, notamment le Festival de Cannes, les Journ\u00e9es Cin\u00e9matographiques de Carthage et le Festival du film du Caire. Membre de l\u2019ATPCC et de la FIPRESCI, elle participe \u00e0 des jurys et initiatives internationales de critique. Depuis 2024, elle est \u00e9lectrice internationale aux Golden Globes. Facebook : https:\/\/www.facebook.com\/massir.destiniii\/ X : https:\/\/x.com\/MassirDestin","sameAs":["https:\/\/www.facebook.com\/massir.destiniii\/","https:\/\/www.instagram.com\/neila.driss\/?hl=fr","https:\/\/www.linkedin.com\/in\/neila-driss-22606a80\/","https:\/\/x.com\/https:\/\/x.com\/MassirDestin"],"knowsAbout":["Cin\u00e9ma international","critique cin\u00e9matographique","festivals de cin\u00e9ma","journalisme culturel"],"knowsLanguage":["Fran\u00e7ais","Arabe","Anglais"],"jobTitle":"Journaliste culturelle et critique de cin\u00e9ma","worksFor":"Webdo","url":"https:\/\/www.webdo.tn\/fr\/actualite\/author\/neila-driss\/"}]}},"_links":{"self":[{"href":"https:\/\/www.webdo.tn\/fr\/wp-json\/wp\/v2\/posts\/199944","targetHints":{"allow":["GET"]}}],"collection":[{"href":"https:\/\/www.webdo.tn\/fr\/wp-json\/wp\/v2\/posts"}],"about":[{"href":"https:\/\/www.webdo.tn\/fr\/wp-json\/wp\/v2\/types\/post"}],"author":[{"embeddable":true,"href":"https:\/\/www.webdo.tn\/fr\/wp-json\/wp\/v2\/users\/3164"}],"replies":[{"embeddable":true,"href":"https:\/\/www.webdo.tn\/fr\/wp-json\/wp\/v2\/comments?post=199944"}],"version-history":[{"count":0,"href":"https:\/\/www.webdo.tn\/fr\/wp-json\/wp\/v2\/posts\/199944\/revisions"}],"wp:featuredmedia":[{"embeddable":true,"href":"https:\/\/www.webdo.tn\/fr\/wp-json\/wp\/v2\/media\/260284"}],"wp:attachment":[{"href":"https:\/\/www.webdo.tn\/fr\/wp-json\/wp\/v2\/media?parent=199944"}],"wp:term":[{"taxonomy":"category","embeddable":true,"href":"https:\/\/www.webdo.tn\/fr\/wp-json\/wp\/v2\/categories?post=199944"},{"taxonomy":"post_tag","embeddable":true,"href":"https:\/\/www.webdo.tn\/fr\/wp-json\/wp\/v2\/tags?post=199944"}],"curies":[{"name":"wp","href":"https:\/\/api.w.org\/{rel}","templated":true}]}}