{"id":199912,"date":"2020-10-05T10:38:00","date_gmt":"2020-10-05T10:38:00","guid":{"rendered":"https:\/\/www.webdo.tn\/fr\/blog\/ella-ana-excepte-moi-un-feuilleton-qui-raconte-des-histoires-de-femmes\/199912\/"},"modified":"2025-05-17T19:24:50","modified_gmt":"2025-05-17T19:24:50","slug":"ella-ana-excepte-moi-un-feuilleton-qui-raconte-des-histoires-de-femmes","status":"publish","type":"post","link":"https:\/\/www.webdo.tn\/fr\/actualite\/culture\/ella-ana-excepte-moi-un-feuilleton-qui-raconte-des-histoires-de-femmes\/199912\/","title":{"rendered":"\u00ab\u00a0Ella Ana &#8211; Except\u00e9 moi\u00a0\u00bb, un feuilleton qui raconte des histoires de femmes"},"content":{"rendered":"<div class=\"single-body entry-content typography-copy\" itemprop=\"articleBody\">\n<p style=\"font-weight: bold; text-align: justify\">\n<div class=\"coprs\" style=\"text-align: center\"><\/div>\n<div class=\"coprs\" style=\"text-align: justify\">\n<p>Au bout de quelques mois de mariage, tr\u00e8s souvent les \u00e9poux commencent \u00e0 penser \u00e0 avoir des enfants. D&rsquo;ailleurs dans la grosse majorit\u00e9 des cas, s&rsquo;ils n\u2019ont pas choisi d\u2019utiliser des contraceptifs, un b\u00e9b\u00e9 va s&rsquo;annoncer de lui-m\u00eame, naturellement, et va faire la joie de ses futurs parents.<\/p>\n<p>Mais il arrive parfois qu&rsquo;au bout de quelques mois, voire quelques ann\u00e9es, ce b\u00e9b\u00e9 traine \u00e0 se manifester.<\/p>\n<p>Dans nos pays, lorsque ce b\u00e9b\u00e9 tarde \u00e0 venir, en plus de l&rsquo;inqui\u00e9tude des \u00e9poux concern\u00e9s, il y a toute la famille et \u00ab\u00a0amis\u00a0\u00bb qui s&rsquo;en m\u00ealent. Ils posent des questions, mettent la pression&#8230;<\/p>\n<p>Le couple commence d\u00e9j\u00e0 \u00e0 ressentir les coups d&rsquo;\u0153il de travers, les chuchotements, les remarques d\u00e9sobligeantes, les questions indiscr\u00e8tes&#8230; Pourquoi est-ce que vous n&rsquo;avez pas encore d&rsquo;enfants? Qu&rsquo;attendez-vous pour en avoir? Est-ce que vous seriez st\u00e9riles?<\/p>\n<p>La st\u00e9rilit\u00e9, m\u00eame temporaire, est une tare dans nos soci\u00e9t\u00e9s arabo-musulmanes. S&rsquo;il s&rsquo;agit d&rsquo;un homme, on le pensera \u00ab\u00a0impuissant\u00a0\u00bb, s&rsquo;il s&rsquo;agit d&rsquo;une femme, c&rsquo;est encore pire. Imaginez donc: \u00e0 quoi sert une femme si elle ne peut pas remplir sa fonction premi\u00e8re qui est de donner la vie et reproduire l&rsquo;esp\u00e8ce?<\/p>\n<p>Apr\u00e8s r\u00e9flexion et h\u00e9sitations, ce jeune couple devra prendre des d\u00e9cisions importantes: soit recourir \u00e0 la m\u00e9decine et \u00e9ventuellement \u00e0 la reproduction assist\u00e9e, soit adopter, soit vivre sans enfants.<\/p>\n<p>C&rsquo;est vraiment tr\u00e8s difficile. Certains couples ne r\u00e9sistent d&rsquo;ailleurs pas \u00e0 cette pression et finissent par divorcer, surtout si l&rsquo;un d&rsquo;entre eux se sent \u00ab\u00a0coupable\u00a0\u00bb ou que certains membres de la famille mettent de l&rsquo;huile sur le feu. Sans oublier qu&rsquo;il arrive aussi que l&rsquo;un des \u00e9poux rende l&rsquo;autre responsable et divorce pour ce remarier avec une personne \u00ab\u00a0en bonne sant\u00e9\u00a0\u00bb.<\/p>\n<p>Pour la reproduction m\u00e9dicalement assist\u00e9e, il faut avoir des moyens financiers et surtout surtout beaucoup de patience. Chaque mois, ce sont des examens, analyses, \u00e9chographies&#8230;. Le parcours est tr\u00e8s long. Certains pourront concevoir un enfant apr\u00e8s juste un traitement m\u00e9dicamenteux, d\u2019autres devront recourir aux ins\u00e9minations artificielles ou f\u00e9condations in vitro. Et pour d\u2019autres, il faudra se r\u00e9soudre \u00e0 une \u00e9vidence : pas de b\u00e9b\u00e9.<\/p>\n<p>Pour l&rsquo;adoption aussi le chemin est dur. Il faut surtout vaincre les pr\u00e9jug\u00e9s. Essayer de ne pas \u00e9couter ceux qui disent que l&rsquo;adoption est \u00ab\u00a0hram\u00a0\u00bb et donc interdite par l\u2019islam, et ceux qui reprochent aux enfants \u00e0 adopter d&rsquo;\u00eatre des b\u00e2tards \u00ab\u00a0wled hram\u00a0\u00bb, comme s&rsquo;ils portaient en eux une tare ind\u00e9l\u00e9bile.<\/p>\n<p>Vraiment tr\u00e8s difficile.<\/p>\n<p>Ce sujet d\u00e9licat de la st\u00e9rilit\u00e9 est le th\u00e8me de la <a href=\"https:\/\/www.facebook.com\/EllaAnaTVSeries\/\">5eme histoire du feuilleton \u00e9gyptien <em>Ella Ana \u2013 Except\u00e9 moi<\/em> <\/a>qui passe actuellement sur la chaine de TV <em><a href=\"https:\/\/www.facebook.com\/dmctv\/\">dmc TV<\/a>,<\/em> du samedi au mercredi \u00e0 19h (heure tunisienne), avec plusieurs rediffusions sur <em>dmc TV<\/em> et <em>dmc drama<\/em>.<\/p>\n<p>Ce feuilleton raconte six histoires de femmes, dont chacune se compose d\u2019environ dix \u00e9pisodes. Toutes ces histoires sont bas\u00e9es sur des \u00e9v\u00e9nements r\u00e9els, et traitent de diff\u00e9rents probl\u00e8mes qui concernent les femmes dans leur relation avec la soci\u00e9t\u00e9. Y sont abord\u00e9s notamment des sujet comme l\u2019h\u00e9ritage, avec cette in\u00e9galit\u00e9 flagrante entre hommes et femmes et ce qui pourrait en d\u00e9couler comme injustices, le travail des femmes, ses avantages et ses inconv\u00e9nients, les femmes qui \u00e9l\u00e8vent seules leurs enfants \u00e0 cause de l\u2019absence du mari, la st\u00e9rilit\u00e9 ou le retard de conception, l&rsquo;infid\u00e9lit\u00e9 du conjoint\u2026.<\/p>\n<p>Ces histoires sont \u00e9crites, r\u00e9alis\u00e9es et jou\u00e9es par des \u00e9quipes diff\u00e9rentes. En fait, chaque histoire est en elle-m\u00eame un mini-feuilleton distinct. Le point commun de toutes ces histoires est qu\u2019il s\u2019agit de probl\u00e8mes de femmes.<\/p>\n<p>Les r\u00f4les principaux sont jou\u00e9s par les actrices Wafaa Amer (Histoire 1\u00a0: <em>Les filles de Moussa<\/em>), Arwa Gouda (Histoire 2\u00a0: <em>Les ann\u00e9es passent..<\/em>), Hanan Motawi (Histoire 3\u00a0: <em>L\u2019espoir de ma vie<\/em>), Shery Adel (Histoire 4\u00a0: <em>Une affaire personnelle<\/em>), Kinda Allouch (Histoire 5\u00a0: <em>L\u2019\u00e9clat de la lune<\/em>) et Jamila Awad (Histoire 6\u00a0: <em>Je dois vivre<\/em>).<\/p>\n<p>Il est \u00e9vident qu\u2019en Tunisie, la condition des femmes est juridiquement meilleure que celle des autres femmes arabo-musulmans, puisque au moins chez nous, les femmes h\u00e9ritent quand m\u00eame un peu et ne sont plus \u00e0 la merci de la famille paternelle en cas de d\u00e9c\u00e8s du p\u00e8re ou que la polygamie a \u00e9t\u00e9 abolie et que les femmes ne craignent plus de se retrouver avec une co\u00e9pouse\u2026.<\/p>\n<p>Malgr\u00e9 cela, ce feuilleton nous concerne aussi, surtout en cette p\u00e9riode de mont\u00e9e du conservatisme et du machisme. Il est important qu\u2019on le diffuse, parce qu\u2019il a un r\u00f4le \u00e9ducatif important.<\/p>\n<p><em>Ella Ana \u2013 Except\u00e9 moi<\/em> est bien \u00e9crit et bien r\u00e9alis\u00e9. Il est subtil et, sans tomber dans les exc\u00e8s et l\u2019exag\u00e9ration, montre d\u2019une fa\u00e7on naturelle, les probl\u00e8mes des femmes. La v\u00e9rit\u00e9 telle qu\u2019elle est. En fait, il joue un r\u00f4le d\u2019\u00e9ducation et de sensibilisation sans porter aucun jugement. De cette mani\u00e8re, il parviendra surement \u00e0 faire r\u00e9fl\u00e9chir et peut-\u00eatre m\u00eame \u00e0 changer les mentalit\u00e9s.<\/p>\n<p>Faire passer des messages et \u00e9duquer tout en divertissant est aussi un r\u00f4le important de la TV, qui ne l&rsquo;oublions pas, entre dans tous les foyers et touche toutes les familles. Ce genre de feuilletons pousse \u00e0 r\u00e9fl\u00e9chir en montrant les probl\u00e8mes concrets que rencontrent des gens ordinaires, auxquels les t\u00e9l\u00e9spectateurs vont s\u2019identifier sans peine. C\u2019est bien plus efficace que des milliers de discours directs, qui souvent n\u2019atteignent pas leurs cibles et qui paraissent parfois ne s\u2019adresser qu\u2019\u00e0 une certaine \u00e9lite, pourtant d\u00e9j\u00e0 convaincue.<\/p>\n<p>Je vous conseille vivement ce feuilleton. Je souhaiterais m\u00eame qu\u2019une de nos chaines de TV\u00a0 tunisiennes le diffuse pour qu\u2019il soit encore plus vu. Mais ce qui serait encore mieux est que des professionnels tunisiens pensent \u00e0 faire des feuilletons pareils, loin de la violence d\u2019un <em>Awled Moufida<\/em>, ou le mauvais exemple d\u2019un <em>Ali Chouarab<\/em> qui pourraient influencer les jeunes et leur donner de mauvais exemples \u00e0 suivre. Pourquoi pas d&rsquo;ailleurs? Pourquoi est-ce que nos feuilletons tunisiens et m\u00eame g\u00e9n\u00e9ralement nos \u00e9missions TV ne remplissent plus ce r\u00f4le \u00e9ducatif et au contraire ne font que tirer vers le bas une soci\u00e9t\u00e9 qui est en train de perdre ses rep\u00e8res?<\/p>\n<p>Bande annonce de <em>Ella Ana:<\/em><\/p>\n<p><iframe allowfullscreen=\"\" frameborder=\"0\" height=\"315\" src=\"https:\/\/www.youtube.com\/embed\/rxIFpyR4RW4?si=veD7wcYCDHq5yqgM\" title=\"YouTube video player\" width=\"560\"><\/iframe><\/p>\n<p>\u00a0<\/p>\n<p><strong>Neila Driss<\/strong><\/p>\n<\/p><\/div>\n<div class=\"coprs\" style=\"text-align: center\"><\/div><\/div>\n","protected":false},"excerpt":{"rendered":"<p> Ella Ana &#8211; Except\u00e9 moi , un feuilleton qui raconte des histoires de femmes<\/p>\n","protected":false},"author":3164,"featured_media":263594,"comment_status":"open","ping_status":"closed","sticky":false,"template":"","format":"standard","meta":{"footnotes":""},"categories":[2594],"tags":[6086,8695,3833,6711,2944],"class_list":["post-199912","post","type-post","status-publish","format-standard","has-post-thumbnail","hentry","category-culture","tag-critique","tag-droits-des-femmes","tag-feuilleton","tag-feuilleton-egyptien","tag-television"],"yoast_head":"<!-- This site is optimized with the Yoast SEO Premium plugin v27.5 (Yoast SEO v27.5) - https:\/\/yoast.com\/product\/yoast-seo-premium-wordpress\/ -->\n<title>Ella Ana - Except\u00e9 moi , un feuilleton qui raconte des histoires de femmes<\/title>\n<meta name=\"description\" content=\"Ella Ana - Except\u00e9 moi , un feuilleton qui raconte des histoires de femmes\" \/>\n<link rel=\"canonical\" href=\"https:\/\/www.webdo.tn\/fr\/actualite\/culture\/ella-ana-excepte-moi-un-feuilleton-qui-raconte-des-histoires-de-femmes\/199912\/\" \/>\n<meta property=\"og:locale\" content=\"fr_FR\" \/>\n<meta property=\"og:type\" content=\"article\" \/>\n<meta property=\"og:title\" content=\"&quot;Ella Ana - Except\u00e9 moi&quot;, un feuilleton qui raconte des histoires de femmes\" \/>\n<meta property=\"og:description\" content=\"Ella Ana - Except\u00e9 moi , un feuilleton qui raconte des histoires de femmes\" \/>\n<meta property=\"og:url\" content=\"https:\/\/www.webdo.tn\/fr\/actualite\/culture\/ella-ana-excepte-moi-un-feuilleton-qui-raconte-des-histoires-de-femmes\/199912\/\" \/>\n<meta property=\"og:site_name\" content=\"webdo\" \/>\n<meta property=\"article:publisher\" content=\"https:\/\/www.facebook.com\/webdotn\" \/>\n<meta property=\"article:author\" content=\"https:\/\/www.facebook.com\/massir.destiniii\/\" \/>\n<meta property=\"article:published_time\" content=\"2020-10-05T10:38:00+00:00\" \/>\n<meta property=\"article:modified_time\" content=\"2025-05-17T19:24:50+00:00\" \/>\n<meta property=\"og:image\" content=\"https:\/\/www.webdo.tn\/fr\/wp-content\/uploads\/2020\/10\/Illa-Ana-1.jpg\" \/>\n\t<meta property=\"og:image:width\" content=\"900\" \/>\n\t<meta property=\"og:image:height\" content=\"506\" \/>\n\t<meta property=\"og:image:type\" content=\"image\/jpeg\" \/>\n<meta name=\"author\" content=\"Ne\u00efla DRISS\" \/>\n<meta name=\"twitter:card\" content=\"summary_large_image\" \/>\n<meta name=\"twitter:creator\" content=\"@https:\/\/x.com\/MassirDestin\" \/>\n<meta name=\"twitter:site\" content=\"@webdo_tn\" \/>\n<meta name=\"twitter:label1\" content=\"\u00c9crit par\" \/>\n\t<meta name=\"twitter:data1\" content=\"Ne\u00efla DRISS\" \/>\n\t<meta name=\"twitter:label2\" content=\"Dur\u00e9e de lecture estim\u00e9e\" \/>\n\t<meta name=\"twitter:data2\" content=\"5 minutes\" \/>\n<script type=\"application\/ld+json\" class=\"yoast-schema-graph\">{\"@context\":\"https:\\\/\\\/schema.org\",\"@graph\":[{\"@type\":\"NewsArticle\",\"@id\":\"https:\\\/\\\/www.webdo.tn\\\/fr\\\/actualite\\\/culture\\\/ella-ana-excepte-moi-un-feuilleton-qui-raconte-des-histoires-de-femmes\\\/199912\\\/#article\",\"isPartOf\":{\"@id\":\"https:\\\/\\\/www.webdo.tn\\\/fr\\\/actualite\\\/culture\\\/ella-ana-excepte-moi-un-feuilleton-qui-raconte-des-histoires-de-femmes\\\/199912\\\/\"},\"author\":{\"name\":\"Ne\u00efla DRISS\",\"@id\":\"https:\\\/\\\/www.webdo.tn\\\/fr\\\/#\\\/schema\\\/person\\\/60d5ba619ed3f58783b0dc82b7dada80\"},\"headline\":\"\u00ab\u00a0Ella Ana &#8211; Except\u00e9 moi\u00a0\u00bb, un feuilleton qui raconte des histoires de femmes\",\"datePublished\":\"2020-10-05T10:38:00+00:00\",\"dateModified\":\"2025-05-17T19:24:50+00:00\",\"mainEntityOfPage\":{\"@id\":\"https:\\\/\\\/www.webdo.tn\\\/fr\\\/actualite\\\/culture\\\/ella-ana-excepte-moi-un-feuilleton-qui-raconte-des-histoires-de-femmes\\\/199912\\\/\"},\"wordCount\":1138,\"commentCount\":0,\"publisher\":{\"@id\":\"https:\\\/\\\/www.webdo.tn\\\/fr\\\/#organization\"},\"image\":{\"@id\":\"https:\\\/\\\/www.webdo.tn\\\/fr\\\/actualite\\\/culture\\\/ella-ana-excepte-moi-un-feuilleton-qui-raconte-des-histoires-de-femmes\\\/199912\\\/#primaryimage\"},\"thumbnailUrl\":\"https:\\\/\\\/www.webdo.tn\\\/fr\\\/wp-content\\\/uploads\\\/2020\\\/10\\\/Illa-Ana-1.jpg\",\"keywords\":[\"Critique\",\"Droits des femmes\",\"feuilleton\",\"Feuilleton \u00e9gyptien\",\"T\u00e9l\u00e9vision\"],\"articleSection\":[\"Culture\"],\"inLanguage\":\"fr-FR\"},{\"@type\":\"WebPage\",\"@id\":\"https:\\\/\\\/www.webdo.tn\\\/fr\\\/actualite\\\/culture\\\/ella-ana-excepte-moi-un-feuilleton-qui-raconte-des-histoires-de-femmes\\\/199912\\\/\",\"url\":\"https:\\\/\\\/www.webdo.tn\\\/fr\\\/actualite\\\/culture\\\/ella-ana-excepte-moi-un-feuilleton-qui-raconte-des-histoires-de-femmes\\\/199912\\\/\",\"name\":\"Ella Ana - Except\u00e9 moi , un feuilleton qui raconte des histoires de femmes\",\"isPartOf\":{\"@id\":\"https:\\\/\\\/www.webdo.tn\\\/fr\\\/#website\"},\"primaryImageOfPage\":{\"@id\":\"https:\\\/\\\/www.webdo.tn\\\/fr\\\/actualite\\\/culture\\\/ella-ana-excepte-moi-un-feuilleton-qui-raconte-des-histoires-de-femmes\\\/199912\\\/#primaryimage\"},\"image\":{\"@id\":\"https:\\\/\\\/www.webdo.tn\\\/fr\\\/actualite\\\/culture\\\/ella-ana-excepte-moi-un-feuilleton-qui-raconte-des-histoires-de-femmes\\\/199912\\\/#primaryimage\"},\"thumbnailUrl\":\"https:\\\/\\\/www.webdo.tn\\\/fr\\\/wp-content\\\/uploads\\\/2020\\\/10\\\/Illa-Ana-1.jpg\",\"datePublished\":\"2020-10-05T10:38:00+00:00\",\"dateModified\":\"2025-05-17T19:24:50+00:00\",\"description\":\"Ella Ana - Except\u00e9 moi , un feuilleton qui raconte des histoires de femmes\",\"breadcrumb\":{\"@id\":\"https:\\\/\\\/www.webdo.tn\\\/fr\\\/actualite\\\/culture\\\/ella-ana-excepte-moi-un-feuilleton-qui-raconte-des-histoires-de-femmes\\\/199912\\\/#breadcrumb\"},\"inLanguage\":\"fr-FR\",\"potentialAction\":[{\"@type\":\"ReadAction\",\"target\":[\"https:\\\/\\\/www.webdo.tn\\\/fr\\\/actualite\\\/culture\\\/ella-ana-excepte-moi-un-feuilleton-qui-raconte-des-histoires-de-femmes\\\/199912\\\/\"]}]},{\"@type\":\"ImageObject\",\"inLanguage\":\"fr-FR\",\"@id\":\"https:\\\/\\\/www.webdo.tn\\\/fr\\\/actualite\\\/culture\\\/ella-ana-excepte-moi-un-feuilleton-qui-raconte-des-histoires-de-femmes\\\/199912\\\/#primaryimage\",\"url\":\"https:\\\/\\\/www.webdo.tn\\\/fr\\\/wp-content\\\/uploads\\\/2020\\\/10\\\/Illa-Ana-1.jpg\",\"contentUrl\":\"https:\\\/\\\/www.webdo.tn\\\/fr\\\/wp-content\\\/uploads\\\/2020\\\/10\\\/Illa-Ana-1.jpg\",\"width\":900,\"height\":506,\"caption\":\"\\\"Ella Ana - Except\u00e9 moi\\\", un feuilleton qui raconte des histoires de femmes\"},{\"@type\":\"BreadcrumbList\",\"@id\":\"https:\\\/\\\/www.webdo.tn\\\/fr\\\/actualite\\\/culture\\\/ella-ana-excepte-moi-un-feuilleton-qui-raconte-des-histoires-de-femmes\\\/199912\\\/#breadcrumb\",\"itemListElement\":[{\"@type\":\"ListItem\",\"position\":1,\"name\":\"Accueil\",\"item\":\"https:\\\/\\\/www.webdo.tn\\\/fr\\\/\"},{\"@type\":\"ListItem\",\"position\":2,\"name\":\"\u00ab\u00a0Ella Ana &#8211; Except\u00e9 moi\u00a0\u00bb, un feuilleton qui raconte des histoires de femmes\"}]},{\"@type\":\"WebSite\",\"@id\":\"https:\\\/\\\/www.webdo.tn\\\/fr\\\/#website\",\"url\":\"https:\\\/\\\/www.webdo.tn\\\/fr\\\/\",\"name\":\"webdo\",\"description\":\"Tunisie - News en Tunisie et \u00e0 l&#039;international sur Webdo.tn\",\"publisher\":{\"@id\":\"https:\\\/\\\/www.webdo.tn\\\/fr\\\/#organization\"},\"potentialAction\":[{\"@type\":\"SearchAction\",\"target\":{\"@type\":\"EntryPoint\",\"urlTemplate\":\"https:\\\/\\\/www.webdo.tn\\\/fr\\\/?s={search_term_string}\"},\"query-input\":{\"@type\":\"PropertyValueSpecification\",\"valueRequired\":true,\"valueName\":\"search_term_string\"}}],\"inLanguage\":\"fr-FR\"},{\"@type\":\"Organization\",\"@id\":\"https:\\\/\\\/www.webdo.tn\\\/fr\\\/#organization\",\"name\":\"Webdo\",\"alternateName\":\"Webdo.tn\",\"url\":\"https:\\\/\\\/www.webdo.tn\\\/fr\\\/\",\"logo\":{\"@type\":\"ImageObject\",\"inLanguage\":\"fr-FR\",\"@id\":\"https:\\\/\\\/www.webdo.tn\\\/fr\\\/#\\\/schema\\\/logo\\\/image\\\/\",\"url\":\"https:\\\/\\\/www.webdo.tn\\\/fr\\\/wp-content\\\/uploads\\\/2025\\\/06\\\/Webdo-Tunisie_168377.jpg\",\"contentUrl\":\"https:\\\/\\\/www.webdo.tn\\\/fr\\\/wp-content\\\/uploads\\\/2025\\\/06\\\/Webdo-Tunisie_168377.jpg\",\"width\":301,\"height\":301,\"caption\":\"Webdo\"},\"image\":{\"@id\":\"https:\\\/\\\/www.webdo.tn\\\/fr\\\/#\\\/schema\\\/logo\\\/image\\\/\"},\"sameAs\":[\"https:\\\/\\\/www.facebook.com\\\/webdotn\",\"https:\\\/\\\/x.com\\\/webdo_tn\"],\"description\":\"Webdo est un m\u00e9dia num\u00e9rique tunisien fond\u00e9 en 2010, sp\u00e9cialis\u00e9 dans l\u2019actualit\u00e9 nationale et internationale, l\u2019\u00e9conomie, la soci\u00e9t\u00e9 et les analyses politiques. Le site s\u2019adresse \u00e0 un large public francophone et couvre l\u2019information tunisienne en temps r\u00e9el.\",\"email\":\"redac@webdo.tn\",\"legalName\":\"YNJ SARL\",\"foundingDate\":\"2010-09-06\",\"numberOfEmployees\":{\"@type\":\"QuantitativeValue\",\"minValue\":\"11\",\"maxValue\":\"50\"}},{\"@type\":\"Person\",\"@id\":\"https:\\\/\\\/www.webdo.tn\\\/fr\\\/#\\\/schema\\\/person\\\/60d5ba619ed3f58783b0dc82b7dada80\",\"name\":\"Ne\u00efla DRISS\",\"image\":{\"@type\":\"ImageObject\",\"inLanguage\":\"fr-FR\",\"@id\":\"https:\\\/\\\/www.webdo.tn\\\/fr\\\/wp-content\\\/uploads\\\/2026\\\/04\\\/neila-driss_avatar-96x96.jpg\",\"url\":\"https:\\\/\\\/www.webdo.tn\\\/fr\\\/wp-content\\\/uploads\\\/2026\\\/04\\\/neila-driss_avatar-96x96.jpg\",\"contentUrl\":\"https:\\\/\\\/www.webdo.tn\\\/fr\\\/wp-content\\\/uploads\\\/2026\\\/04\\\/neila-driss_avatar-96x96.jpg\",\"caption\":\"Ne\u00efla DRISS\"},\"description\":\"Ne\u00efla Driss est juriste, journaliste culturelle et critique de cin\u00e9ma tunisienne. Titulaire d\u2019un DEA en droit priv\u00e9 de l\u2019Universit\u00e9 Paris II et d\u2019un DESS de l\u2019IHEC Carthage, elle d\u00e9bute sa carri\u00e8re comme juriste sp\u00e9cialis\u00e9e en gestion de patrimoine immobilier. Elle s\u2019oriente ensuite vers l\u2019\u00e9criture en ligne, o\u00f9 elle se distingue d\u00e8s 2006 aux Tunisia Blog Awards, avant de se consacrer au journalisme culturel, avec une sp\u00e9cialisation dans la critique cin\u00e9matographique. Elle couvre r\u00e9guli\u00e8rement les grands festivals internationaux, notamment le Festival de Cannes, les Journ\u00e9es Cin\u00e9matographiques de Carthage et le Festival du film du Caire. Membre de l\u2019ATPCC et de la FIPRESCI, elle participe \u00e0 des jurys et initiatives internationales de critique. Depuis 2024, elle est \u00e9lectrice internationale aux Golden Globes. Facebook : https:\\\/\\\/www.facebook.com\\\/massir.destiniii\\\/ X : https:\\\/\\\/x.com\\\/MassirDestin\",\"sameAs\":[\"https:\\\/\\\/www.facebook.com\\\/massir.destiniii\\\/\",\"https:\\\/\\\/www.instagram.com\\\/neila.driss\\\/?hl=fr\",\"https:\\\/\\\/www.linkedin.com\\\/in\\\/neila-driss-22606a80\\\/\",\"https:\\\/\\\/x.com\\\/https:\\\/\\\/x.com\\\/MassirDestin\"],\"knowsAbout\":[\"Cin\u00e9ma international\",\"critique cin\u00e9matographique\",\"festivals de cin\u00e9ma\",\"journalisme culturel\"],\"knowsLanguage\":[\"Fran\u00e7ais\",\"Arabe\",\"Anglais\"],\"jobTitle\":\"Journaliste culturelle et critique de cin\u00e9ma\",\"worksFor\":\"Webdo\",\"url\":\"https:\\\/\\\/www.webdo.tn\\\/fr\\\/actualite\\\/author\\\/neila-driss\\\/\"}]}<\/script>\n<!-- \/ Yoast SEO Premium plugin. -->","yoast_head_json":{"title":"Ella Ana - Except\u00e9 moi , un feuilleton qui raconte des histoires de femmes","description":"Ella Ana - Except\u00e9 moi , un feuilleton qui raconte des histoires de femmes","canonical":"https:\/\/www.webdo.tn\/fr\/actualite\/culture\/ella-ana-excepte-moi-un-feuilleton-qui-raconte-des-histoires-de-femmes\/199912\/","og_locale":"fr_FR","og_type":"article","og_title":"\"Ella Ana - Except\u00e9 moi\", un feuilleton qui raconte des histoires de femmes","og_description":"Ella Ana - Except\u00e9 moi , un feuilleton qui raconte des histoires de femmes","og_url":"https:\/\/www.webdo.tn\/fr\/actualite\/culture\/ella-ana-excepte-moi-un-feuilleton-qui-raconte-des-histoires-de-femmes\/199912\/","og_site_name":"webdo","article_publisher":"https:\/\/www.facebook.com\/webdotn","article_author":"https:\/\/www.facebook.com\/massir.destiniii\/","article_published_time":"2020-10-05T10:38:00+00:00","article_modified_time":"2025-05-17T19:24:50+00:00","og_image":[{"width":900,"height":506,"url":"https:\/\/www.webdo.tn\/fr\/wp-content\/uploads\/2020\/10\/Illa-Ana-1.jpg","type":"image\/jpeg"}],"author":"Ne\u00efla DRISS","twitter_card":"summary_large_image","twitter_creator":"@https:\/\/x.com\/MassirDestin","twitter_site":"@webdo_tn","twitter_misc":{"\u00c9crit par":"Ne\u00efla DRISS","Dur\u00e9e de lecture estim\u00e9e":"5 minutes"},"schema":{"@context":"https:\/\/schema.org","@graph":[{"@type":"NewsArticle","@id":"https:\/\/www.webdo.tn\/fr\/actualite\/culture\/ella-ana-excepte-moi-un-feuilleton-qui-raconte-des-histoires-de-femmes\/199912\/#article","isPartOf":{"@id":"https:\/\/www.webdo.tn\/fr\/actualite\/culture\/ella-ana-excepte-moi-un-feuilleton-qui-raconte-des-histoires-de-femmes\/199912\/"},"author":{"name":"Ne\u00efla DRISS","@id":"https:\/\/www.webdo.tn\/fr\/#\/schema\/person\/60d5ba619ed3f58783b0dc82b7dada80"},"headline":"\u00ab\u00a0Ella Ana &#8211; Except\u00e9 moi\u00a0\u00bb, un feuilleton qui raconte des histoires de femmes","datePublished":"2020-10-05T10:38:00+00:00","dateModified":"2025-05-17T19:24:50+00:00","mainEntityOfPage":{"@id":"https:\/\/www.webdo.tn\/fr\/actualite\/culture\/ella-ana-excepte-moi-un-feuilleton-qui-raconte-des-histoires-de-femmes\/199912\/"},"wordCount":1138,"commentCount":0,"publisher":{"@id":"https:\/\/www.webdo.tn\/fr\/#organization"},"image":{"@id":"https:\/\/www.webdo.tn\/fr\/actualite\/culture\/ella-ana-excepte-moi-un-feuilleton-qui-raconte-des-histoires-de-femmes\/199912\/#primaryimage"},"thumbnailUrl":"https:\/\/www.webdo.tn\/fr\/wp-content\/uploads\/2020\/10\/Illa-Ana-1.jpg","keywords":["Critique","Droits des femmes","feuilleton","Feuilleton \u00e9gyptien","T\u00e9l\u00e9vision"],"articleSection":["Culture"],"inLanguage":"fr-FR"},{"@type":"WebPage","@id":"https:\/\/www.webdo.tn\/fr\/actualite\/culture\/ella-ana-excepte-moi-un-feuilleton-qui-raconte-des-histoires-de-femmes\/199912\/","url":"https:\/\/www.webdo.tn\/fr\/actualite\/culture\/ella-ana-excepte-moi-un-feuilleton-qui-raconte-des-histoires-de-femmes\/199912\/","name":"Ella Ana - Except\u00e9 moi , un feuilleton qui raconte des histoires de femmes","isPartOf":{"@id":"https:\/\/www.webdo.tn\/fr\/#website"},"primaryImageOfPage":{"@id":"https:\/\/www.webdo.tn\/fr\/actualite\/culture\/ella-ana-excepte-moi-un-feuilleton-qui-raconte-des-histoires-de-femmes\/199912\/#primaryimage"},"image":{"@id":"https:\/\/www.webdo.tn\/fr\/actualite\/culture\/ella-ana-excepte-moi-un-feuilleton-qui-raconte-des-histoires-de-femmes\/199912\/#primaryimage"},"thumbnailUrl":"https:\/\/www.webdo.tn\/fr\/wp-content\/uploads\/2020\/10\/Illa-Ana-1.jpg","datePublished":"2020-10-05T10:38:00+00:00","dateModified":"2025-05-17T19:24:50+00:00","description":"Ella Ana - Except\u00e9 moi , un feuilleton qui raconte des histoires de femmes","breadcrumb":{"@id":"https:\/\/www.webdo.tn\/fr\/actualite\/culture\/ella-ana-excepte-moi-un-feuilleton-qui-raconte-des-histoires-de-femmes\/199912\/#breadcrumb"},"inLanguage":"fr-FR","potentialAction":[{"@type":"ReadAction","target":["https:\/\/www.webdo.tn\/fr\/actualite\/culture\/ella-ana-excepte-moi-un-feuilleton-qui-raconte-des-histoires-de-femmes\/199912\/"]}]},{"@type":"ImageObject","inLanguage":"fr-FR","@id":"https:\/\/www.webdo.tn\/fr\/actualite\/culture\/ella-ana-excepte-moi-un-feuilleton-qui-raconte-des-histoires-de-femmes\/199912\/#primaryimage","url":"https:\/\/www.webdo.tn\/fr\/wp-content\/uploads\/2020\/10\/Illa-Ana-1.jpg","contentUrl":"https:\/\/www.webdo.tn\/fr\/wp-content\/uploads\/2020\/10\/Illa-Ana-1.jpg","width":900,"height":506,"caption":"\"Ella Ana - Except\u00e9 moi\", un feuilleton qui raconte des histoires de femmes"},{"@type":"BreadcrumbList","@id":"https:\/\/www.webdo.tn\/fr\/actualite\/culture\/ella-ana-excepte-moi-un-feuilleton-qui-raconte-des-histoires-de-femmes\/199912\/#breadcrumb","itemListElement":[{"@type":"ListItem","position":1,"name":"Accueil","item":"https:\/\/www.webdo.tn\/fr\/"},{"@type":"ListItem","position":2,"name":"\u00ab\u00a0Ella Ana &#8211; Except\u00e9 moi\u00a0\u00bb, un feuilleton qui raconte des histoires de femmes"}]},{"@type":"WebSite","@id":"https:\/\/www.webdo.tn\/fr\/#website","url":"https:\/\/www.webdo.tn\/fr\/","name":"webdo","description":"Tunisie - News en Tunisie et \u00e0 l&#039;international sur Webdo.tn","publisher":{"@id":"https:\/\/www.webdo.tn\/fr\/#organization"},"potentialAction":[{"@type":"SearchAction","target":{"@type":"EntryPoint","urlTemplate":"https:\/\/www.webdo.tn\/fr\/?s={search_term_string}"},"query-input":{"@type":"PropertyValueSpecification","valueRequired":true,"valueName":"search_term_string"}}],"inLanguage":"fr-FR"},{"@type":"Organization","@id":"https:\/\/www.webdo.tn\/fr\/#organization","name":"Webdo","alternateName":"Webdo.tn","url":"https:\/\/www.webdo.tn\/fr\/","logo":{"@type":"ImageObject","inLanguage":"fr-FR","@id":"https:\/\/www.webdo.tn\/fr\/#\/schema\/logo\/image\/","url":"https:\/\/www.webdo.tn\/fr\/wp-content\/uploads\/2025\/06\/Webdo-Tunisie_168377.jpg","contentUrl":"https:\/\/www.webdo.tn\/fr\/wp-content\/uploads\/2025\/06\/Webdo-Tunisie_168377.jpg","width":301,"height":301,"caption":"Webdo"},"image":{"@id":"https:\/\/www.webdo.tn\/fr\/#\/schema\/logo\/image\/"},"sameAs":["https:\/\/www.facebook.com\/webdotn","https:\/\/x.com\/webdo_tn"],"description":"Webdo est un m\u00e9dia num\u00e9rique tunisien fond\u00e9 en 2010, sp\u00e9cialis\u00e9 dans l\u2019actualit\u00e9 nationale et internationale, l\u2019\u00e9conomie, la soci\u00e9t\u00e9 et les analyses politiques. Le site s\u2019adresse \u00e0 un large public francophone et couvre l\u2019information tunisienne en temps r\u00e9el.","email":"redac@webdo.tn","legalName":"YNJ SARL","foundingDate":"2010-09-06","numberOfEmployees":{"@type":"QuantitativeValue","minValue":"11","maxValue":"50"}},{"@type":"Person","@id":"https:\/\/www.webdo.tn\/fr\/#\/schema\/person\/60d5ba619ed3f58783b0dc82b7dada80","name":"Ne\u00efla DRISS","image":{"@type":"ImageObject","inLanguage":"fr-FR","@id":"https:\/\/www.webdo.tn\/fr\/wp-content\/uploads\/2026\/04\/neila-driss_avatar-96x96.jpg","url":"https:\/\/www.webdo.tn\/fr\/wp-content\/uploads\/2026\/04\/neila-driss_avatar-96x96.jpg","contentUrl":"https:\/\/www.webdo.tn\/fr\/wp-content\/uploads\/2026\/04\/neila-driss_avatar-96x96.jpg","caption":"Ne\u00efla DRISS"},"description":"Ne\u00efla Driss est juriste, journaliste culturelle et critique de cin\u00e9ma tunisienne. Titulaire d\u2019un DEA en droit priv\u00e9 de l\u2019Universit\u00e9 Paris II et d\u2019un DESS de l\u2019IHEC Carthage, elle d\u00e9bute sa carri\u00e8re comme juriste sp\u00e9cialis\u00e9e en gestion de patrimoine immobilier. Elle s\u2019oriente ensuite vers l\u2019\u00e9criture en ligne, o\u00f9 elle se distingue d\u00e8s 2006 aux Tunisia Blog Awards, avant de se consacrer au journalisme culturel, avec une sp\u00e9cialisation dans la critique cin\u00e9matographique. Elle couvre r\u00e9guli\u00e8rement les grands festivals internationaux, notamment le Festival de Cannes, les Journ\u00e9es Cin\u00e9matographiques de Carthage et le Festival du film du Caire. Membre de l\u2019ATPCC et de la FIPRESCI, elle participe \u00e0 des jurys et initiatives internationales de critique. Depuis 2024, elle est \u00e9lectrice internationale aux Golden Globes. Facebook : https:\/\/www.facebook.com\/massir.destiniii\/ X : https:\/\/x.com\/MassirDestin","sameAs":["https:\/\/www.facebook.com\/massir.destiniii\/","https:\/\/www.instagram.com\/neila.driss\/?hl=fr","https:\/\/www.linkedin.com\/in\/neila-driss-22606a80\/","https:\/\/x.com\/https:\/\/x.com\/MassirDestin"],"knowsAbout":["Cin\u00e9ma international","critique cin\u00e9matographique","festivals de cin\u00e9ma","journalisme culturel"],"knowsLanguage":["Fran\u00e7ais","Arabe","Anglais"],"jobTitle":"Journaliste culturelle et critique de cin\u00e9ma","worksFor":"Webdo","url":"https:\/\/www.webdo.tn\/fr\/actualite\/author\/neila-driss\/"}]}},"_links":{"self":[{"href":"https:\/\/www.webdo.tn\/fr\/wp-json\/wp\/v2\/posts\/199912","targetHints":{"allow":["GET"]}}],"collection":[{"href":"https:\/\/www.webdo.tn\/fr\/wp-json\/wp\/v2\/posts"}],"about":[{"href":"https:\/\/www.webdo.tn\/fr\/wp-json\/wp\/v2\/types\/post"}],"author":[{"embeddable":true,"href":"https:\/\/www.webdo.tn\/fr\/wp-json\/wp\/v2\/users\/3164"}],"replies":[{"embeddable":true,"href":"https:\/\/www.webdo.tn\/fr\/wp-json\/wp\/v2\/comments?post=199912"}],"version-history":[{"count":0,"href":"https:\/\/www.webdo.tn\/fr\/wp-json\/wp\/v2\/posts\/199912\/revisions"}],"wp:featuredmedia":[{"embeddable":true,"href":"https:\/\/www.webdo.tn\/fr\/wp-json\/wp\/v2\/media\/263594"}],"wp:attachment":[{"href":"https:\/\/www.webdo.tn\/fr\/wp-json\/wp\/v2\/media?parent=199912"}],"wp:term":[{"taxonomy":"category","embeddable":true,"href":"https:\/\/www.webdo.tn\/fr\/wp-json\/wp\/v2\/categories?post=199912"},{"taxonomy":"post_tag","embeddable":true,"href":"https:\/\/www.webdo.tn\/fr\/wp-json\/wp\/v2\/tags?post=199912"}],"curies":[{"name":"wp","href":"https:\/\/api.w.org\/{rel}","templated":true}]}}