{"id":199894,"date":"2019-12-01T11:35:00","date_gmt":"2019-12-01T11:35:00","guid":{"rendered":"https:\/\/www.webdo.tn\/fr\/blog\/le-cinema-tunisien-grand-vainqueur-du-festival-international-du-film-du-caire\/199894\/"},"modified":"2019-12-01T11:35:00","modified_gmt":"2019-12-01T11:35:00","slug":"le-cinema-tunisien-grand-vainqueur-du-festival-international-du-film-du-caire","status":"publish","type":"post","link":"https:\/\/www.webdo.tn\/fr\/actualite\/culture\/le-cinema-tunisien-grand-vainqueur-du-festival-international-du-film-du-caire\/199894\/","title":{"rendered":"Le cin\u00e9ma tunisien grand vainqueur du Festival International du Film du Caire"},"content":{"rendered":"<div class=\"single-body entry-content typography-copy\" itemprop=\"articleBody\">\n<p style=\"font-weight: bold; text-align: justify\">\n<div class=\"coprs\" style=\"text-align: center\"><\/div>\n<div class=\"coprs\" style=\"text-align: justify\">\n\t\t\t\t\t\t\t\t\t\u00a0<\/p>\n<p><img decoding=\"async\" class=\"size-full wp-image-172597 alignleft\" src=\"http:\/\/www.webdo.tn\/wp-content\/uploads\/2017\/11\/logo.png\" alt=\"\" width=\"101\" height=\"225\">Vendredi 29 Novembre 2019 s\u2019est achev\u00e9e la 41\u00e8me \u00e9dition du Festival International du Film du Caire (CIFF) apr\u00e8s un marathon de neuf jours comprenant des dizaines de films, discussions, conf\u00e9rences et autres \u00e9v\u00e9nements.<\/p>\n<p>153 films (des longs et des courts m\u00e9trages, de la fiction, des documentaires et m\u00eame des films en r\u00e9alit\u00e9 virtuelle) de 63 pays ont \u00e9t\u00e9 projet\u00e9s, avec plusieurs s\u00e9ances \u00e0 guichets ferm\u00e9s chaque jour.<\/p>\n<p>De l\u2019avis de tous les festivaliers, cette \u00e9dition a \u00e9t\u00e9 une vraie r\u00e9ussite sur tous les plans, <a href=\"http:\/\/Des%20spectateurs%20de%20plus%20en%20plus%20nombreux%20pour%20le%20Festival%20International%20du%20Film%20du%20Caire\">surtout par le nombre de spectateurs, en nette croissance depuis deux ans<\/a>.<\/p>\n<p>Au cours du festival, le regrett\u00e9 directeur artistique, Youssef Cherif Rizkallah <a href=\"http:\/\/www.webdo.tn\/2019\/11\/19\/la-41eme-session-du-festival-international-du-film-du-caire-dediee-a-youssef-cherif-rizkallah\/\">auquel cette \u00e9dition est d\u00e9di\u00e9e<\/a>, a \u00e9t\u00e9 honor\u00e9 d\u2019abord lors de la c\u00e9r\u00e9monie d\u2019ouverture et ensuite lors d\u2019une soir\u00e9e sp\u00e9ciale avec la projection d&rsquo;un documentaire retra\u00e7ant sa vie et donnant la parole \u00e0 plusieurs cin\u00e9astes, r\u00e9alisateurs, acteurs et critiques, qui ont racont\u00e9 ses efforts et son influence dans le d\u00e9veloppement de la culture cin\u00e9matographique des \u00c9gyptiens gr\u00e2ce \u00e0 ses programmes t\u00e9l\u00e9vis\u00e9s. Youssef Cherif Rizkallah avait \u00e9t\u00e9 membre de la commission artistique du CIFF depuis 1987 et en avait pris la pr\u00e9sidence depuis 2000. Ont assist\u00e9 \u00e0 cette soir\u00e9e plusieurs personnalit\u00e9s dont la Ministre de la Culture Ines\u00a0Abdel-Dayem, <a href=\"http:\/\/www.webdo.tn\/2017\/02\/08\/mohamed-hefzy-dingenieur-metallurgie-medecin-cinema-arabe\/\">le sc\u00e9nariste, producteur et pr\u00e9sident du festival Mohamed Hefzy<\/a> et l\u2019actrice \u00e9gyptienne Lebleba.<\/p>\n<figure id=\"attachment_231070\" aria-describedby=\"caption-attachment-231070\" style=\"width: 601px\" class=\"wp-caption aligncenter\"><img decoding=\"async\" class=\" wp-image-231070\" src=\"http:\/\/www.webdo.tn\/wp-content\/uploads\/2019\/12\/closing-7-682x1024.jpeg\" alt=\"C\u00e9r\u00e9monie de cl\u00f4ture du CIFF - Mohamed Hefzy\" width=\"601\" height=\"902\"><figcaption id=\"caption-attachment-231070\" class=\"wp-caption-text\"><em>C\u00e9r\u00e9monie de cl\u00f4ture du CIFF 2019 &#8211; Mohamed Hefzy, pr\u00e9sident.<\/em><\/figcaption><\/figure>\n<p>Cette \u00e9dition a \u00e9t\u00e9 un vrai d\u00e9fi pour le nouveau pr\u00e9sident Mohamed Hefzy et son \u00e9quipe. Ils ont su continuer sur la lanc\u00e9e de 2018 et attirer un plus grand nombre de spectateurs, mais aussi d\u2019artistes comme par exemple le cin\u00e9aste britannique Terry Gilliam, les mexicains Guillermo Arriaga, Michel Franco et Gabriel Ripstein, l\u2019am\u00e9ricain Billy Zane et la libanaise Nadine Labaki, honor\u00e9e lors de la c\u00e9r\u00e9monie de cl\u00f4ture.<\/p>\n<p>Un magnifique d\u00e9cor de tapis rouge, avec en son centre un arbre dor\u00e9 au tronc d\u2019Isis, pour rappeler l\u2019affiche de cette \u00e9dition, a \u00e9t\u00e9 construit et a vu d\u00e9filer presque tous les soirs des c\u00e9l\u00e9brit\u00e9s, des \u00e9quipes de films de plusieurs pays et des invit\u00e9s prestigieux, venus participer \u00e0 ce festival dans sa nouvelle et \u00ab\u00a0moderne\u00a0\u00bb version, qui a su parfaitement allier qualit\u00e9 de cin\u00e9ma et belles festivit\u00e9s.<\/p>\n<p>Lors de la c\u00e9r\u00e9monie de cl\u00f4ture, l&rsquo;actrice \u00e9gyptienne Laila Eloui, a d\u00e9clar\u00e9 que pour elle qui assiste au CIFF depuis de tr\u00e8s longues ann\u00e9es, cette 41eme \u00e9dition est des plus r\u00e9ussie, surtout par la pr\u00e9sence d\u2019un grand public de jeunes. Elle a alors remerci\u00e9 \u00ab\u00a0<em>Mohamed Hefzy, qui en toute simplicit\u00e9, avec beaucoup d\u2019efforts et d\u2019intelligence, son sourire, son calme,\u00a0 sa modestie, et malgr\u00e9 toutes les difficult\u00e9s auxquelles il a du faire face, a pu nous r\u00e9aliser avec l\u2019aide de toute son \u00e9quipe, une \u00e9dition importante et diff\u00e9rente et a pu faire faire au CIFF de grands pas en avant, en une p\u00e9riode courte<\/em>\u00a0\u00bb.<\/p>\n<figure id=\"attachment_231071\" aria-describedby=\"caption-attachment-231071\" style=\"width: 600px\" class=\"wp-caption aligncenter\"><img decoding=\"async\" class=\" wp-image-231071\" src=\"http:\/\/www.webdo.tn\/wp-content\/uploads\/2019\/12\/closing-6-682x1024.jpeg\" alt=\"C\u00e9r\u00e9monie de cl\u00f4ture du CIFF - Laila Eloui\" width=\"600\" height=\"901\"><figcaption id=\"caption-attachment-231071\" class=\"wp-caption-text\"><em>C\u00e9r\u00e9monie de cl\u00f4ture du CIFF 2019 &#8211; Laila Eloui<\/em><\/figcaption><\/figure>\n<p>Quant \u00e0 Mohamed Hefzy, il a annonc\u00e9 que pour cette \u00e9dition, environ 40 000 billets avaient \u00e9t\u00e9 vendus, par rapport \u00e0 15\u00a0000 billets il y a deux ans. \u00a0Il a par ailleurs rappel\u00e9 que le cin\u00e9ma \u00e9tait l&rsquo;outil le plus important pour contrer toute id\u00e9e fondamentaliste ou r\u00e9actionnaire.<\/p>\n<p>Lors de cette c\u00e9r\u00e9monie , un prix honorifique a \u00e9t\u00e9 remis par la r\u00e9alisatrice \u00e9gyptienne Kamla Abu Zekri \u00e0 la libanaise Nadine Labaki. R\u00e9alisatrice, sc\u00e9nariste et actrice, cette derni\u00e8re est connue pour avoir bris\u00e9 les tabous et abord\u00e9 dans ses films des questions fondamentales, faisant d&rsquo;elle l&rsquo;une des cin\u00e9astes les plus admir\u00e9es de sa g\u00e9n\u00e9ration dans le monde arabe. Chacun de ses films remporte un succ\u00e8s aussi bien dans les festivals de cin\u00e9ma, qu\u2019aupr\u00e8s du public. Son dernier film <em>Capharna\u00fcm<\/em>, qui avait remport\u00e9 en 2018 le Prix du Jury au Festival de Cannes et avait \u00e9t\u00e9 nomin\u00e9 aux Oscars 2019 a eu un succ\u00e8s plan\u00e9taire et plus\u00a0 particuli\u00e8rement en Chine o\u00f9 il a rapport\u00e9 en quelques mois 53 millions de dollars, soir 73% de ses recettes mondiales.<\/p>\n<p>Un prix honorifique a \u00e9t\u00e9 \u00e9galement remis par Mohamed Hefzy au directeur de la photographie italien Vittorio Storaro, qui a remport\u00e9 \u00e0 trois reprises l\u2019Oscar de la Meilleure Photographie pour les films <em>Apocalypse Now<\/em> (1979),<em> Reds<\/em> (1981) et<em> Le dernier Empereur<\/em> (1987).<\/p>\n<figure id=\"attachment_231072\" aria-describedby=\"caption-attachment-231072\" style=\"width: 700px\" class=\"wp-caption aligncenter\"><img decoding=\"async\" class=\"size-large wp-image-231072\" src=\"http:\/\/www.webdo.tn\/wp-content\/uploads\/2019\/12\/closing-10-1024x682.jpeg\" alt=\"C\u00e9r\u00e9monie de cl\u00f4ture du CIFF - Les membres des jurys\" width=\"700\" height=\"466\"><figcaption id=\"caption-attachment-231072\" class=\"wp-caption-text\"><em>C\u00e9r\u00e9monie de cl\u00f4ture du CIFF 2019 &#8211; Les membres des jurys<\/em><\/figcaption><\/figure>\n<h4><strong>Le palmar\u00e8s de cette 41\u00e8me \u00e9dition du Festival International du Film du Caire\u00a0:<\/strong><\/h4>\n<h4><span><strong>Comp\u00e9tition internationale\u00a0:<\/strong><\/span><\/h4>\n<p><strong>La Pyramide d&rsquo;Or du meilleur film\u00a0<\/strong>: <em>I\u2019m no longeur here<\/em> de Fernando Frias.<\/p>\n<p><strong>La Pyramide d&rsquo;argent, Prix sp\u00e9cial du jury du meilleur r\u00e9alisateur<\/strong>\u00a0: au r\u00e9alisateur Bas Devos pour son film <em>Ghost Tropic.<\/em><\/p>\n<p><strong>La Pyramide de bronze du meilleur premier ou deuxi\u00e8me film<\/strong>\u00a0: ex aequo pour le r\u00e9alisateur Michal Hogenauer pour son film <em>A Certain Kind of Silence<\/em> et pour les r\u00e9alisateurs Zhang Chong et Zhang Bo pour leur film <em>The Fourth Wall.<\/em><\/p>\n<p><strong>Le prix Henry Barakat de la meilleure contribution artistique<\/strong>\u00a0: \u00a0<em>Mindanao<\/em> du r\u00e9alisateur Brillante Mendoza (Philippine).<\/p>\n<p><strong>Le prix de la meilleure actrice<\/strong>\u00a0: \u00a0Judy Ann Santos pour son r\u00f4le dans le film <em>Mindanao<\/em><\/p>\n<p><strong>Le prix du meilleur acteur<\/strong>\u00a0: \u00a0Juan Daniel Garcia Trevi\u00f1o pour son r\u00f4le dans le film<em> I Am No Longer Here<\/em>.<\/p>\n<p><strong>Le prix Naguib Mahfouz du meilleur sc\u00e9nario<\/strong>\u00a0:<em> Entre ciel et terre<\/em> de Najwa Najjar (Palestine).<\/p>\n<h4><span>Comp\u00e9tition Cin\u00e9ma de demain (Courts m\u00e9trages)\u00a0:<\/span><\/h4>\n<p><strong>Mention d\u2019honneur\u00a0:<\/strong> <em>Le pi\u00e8ge<\/em> de Nada Riyadh (Egypte)<\/p>\n<p><strong>Mention d\u2019honneur\u00a0:<\/strong> <em>Contact<\/em> Samir Syriani (Liban).<\/p>\n<p><strong>Le prix sp\u00e9cial du jury\u00a0:<\/strong> <em>Les merveilles de la dame<\/em> de Pierre de Gabriel Abrantes (Portugal)<\/p>\n<p><strong>Le prix Youssef Chahine du Meilleur court m\u00e9trage\u00a0:<\/strong> <em>Ambience<\/em> de Wisam Al Jafari (Palestine).<\/p>\n<h4><span>Semaine internationale de la critique de film :<\/span><\/h4>\n<p><strong>Le prix Fathy Farag de la meilleure contribution artistique<\/strong>\u00a0: <em>Arrest<\/em> du r\u00e9alisateur Andrei Cohn (Roumanie).<\/p>\n<p><strong>Le prix Shadi Abdel Salam du meilleur film<\/strong>\u00a0: <em>Au pays des cendres<\/em> de Sof\u00eda Quir\u00f3s \u00dabeda (Argentine).<\/p>\n<figure id=\"attachment_230296\" aria-describedby=\"caption-attachment-230296\" style=\"width: 700px\" class=\"wp-caption aligncenter\"><img decoding=\"async\" class=\"size-large wp-image-230296\" src=\"http:\/\/www.webdo.tn\/wp-content\/uploads\/2019\/12\/closing-22-1024x682.jpeg\" alt=\"CIFF 2019 Mehdi Barsaoui recevant le prix Meilleur Film Arabe\" width=\"700\" height=\"466\"><figcaption id=\"caption-attachment-230296\" class=\"wp-caption-text\"><em>C\u00e9r\u00e9monie de cl\u00f4ture du CIFF 2019 &#8211; Mehdi Barsaoui recevant le prix du Meilleur Film Arabe<\/em><\/figcaption><\/figure>\n<h4><span>Comp\u00e9tition Horizons du cin\u00e9ma arabe\u00a0:<\/span><\/h4>\n<p><strong>Le prix du meilleur film arabe non-fiction<\/strong>\u00a0: <em>Beirut Terminus<\/em> d\u2019Elie Kamal (Liban).<\/p>\n<p><strong>Le prix \u00a0du meilleur acteur\u00a0:<\/strong> Ali Thamer (Irak) pour son r\u00f4le dans <em>Haifa Street<\/em>.<\/p>\n<p><a href=\"http:\/\/www.webdo.tn\/2019\/12\/03\/un-fils-de-mehdi-barsaoui-triplement-recompense-au-festival-international-du-film-du-caire\/\"><strong>Le prix Salah Abu Seif pour la meilleure contribution artitique<\/strong>\u00a0: <em>Un fils<\/em> de Mehdi M. Barsaoui (Tunisie).<\/a><\/p>\n<p><strong>Le prix Saad Eldin Wahba du meilleur film arabe<\/strong>\u00a0:\u00a0<em>Haifa Street<\/em>\u00a0de Mohanad Hayal (Irak).<\/p>\n<h4><span>Divers autres prix :<\/span><\/h4>\n<p><a href=\"http:\/\/www.webdo.tn\/2019\/12\/03\/un-fils-de-mehdi-barsaoui-triplement-recompense-au-festival-international-du-film-du-caire\/\"><strong>Le prix du Fonds des Nations Unies pour la population (FNUAP)<\/strong>\u00a0: <em>Un fils<\/em> de Mehdi M. Barsaoui (Tunisie).<\/a><\/p>\n<p><a href=\"http:\/\/www.webdo.tn\/2019\/12\/03\/un-fils-de-mehdi-barsaoui-triplement-recompense-au-festival-international-du-film-du-caire\/\"><strong>Le prix du Meilleur film arabe, toutes sections confondues\u00a0:<\/strong> <em>Un fils<\/em> de Mehdi M. Barsaoui (Tunisie).<\/a><\/p>\n<p><strong>Le prix de la F\u00e9d\u00e9ration Internationale des Critiques de Cin\u00e9ma (FIPRESCI)<\/strong>\u00a0:<em> Fils du Danemark<\/em> de Ulaa Salim (Danemark).<\/p>\n<p><strong>Le prix du public Youssef Cherif Rizkallah\u00a0:<\/strong> <em>Let\u2019s Talk<\/em> de Marianne Khoury (Egypte).<\/p>\n<p>F\u00e9licitations \u00e0 tous les laur\u00e9ats et en particulier au jeune r\u00e9alisateur tunisien Mehdi Barsaoui, dont le premier long m\u00e9trage de fiction <em>Un fils<\/em> a remport\u00e9 trois prix!<\/p>\n<div class=\"jeg_video_container jeg_video_content\"><iframe title=\"\u0645\u0647\u0631\u062c\u0627\u0646 \u0627\u0644\u0642\u0627\u0647\u0631\u0629 \u0627\u0644\u0633\u064a\u0646\u0645\u0627\u0626\u064a - \u0625\u0639\u0644\u0627\u0646 \u062c\u0648\u0627\u0626\u0632 \u0627\u0644\u062f\u0648\u0631\u0629 \u0627\u0644\u0640 41 \u0641\u064a \u062d\u0641\u0644 \u062e\u062a\u0627\u0645 \u0627\u0644\u0645\u0647\u0631\u062c\u0627\u0646\" width=\"500\" height=\"281\" src=\"https:\/\/www.youtube.com\/embed\/nrPoSJwDRq8?feature=oembed\" frameborder=\"0\" allow=\"accelerometer; autoplay; clipboard-write; encrypted-media; gyroscope; picture-in-picture; web-share\" referrerpolicy=\"strict-origin-when-cross-origin\" allowfullscreen><\/iframe><\/div>\n<p><strong>Ne\u00efla Driss<\/strong><\/p>\n<p><em>Lire sur le m\u00eame sujet:<\/em><\/p>\n<ul>\n<li class=\"entry-title\"><a title=\"La 41\u00e8me session du Festival International du Film du Caire d\u00e9di\u00e9e \u00e0 Youssef Cherif Rizkallah\" href=\"http:\/\/www.webdo.tn\/2019\/11\/19\/la-41eme-session-du-festival-international-du-film-du-caire-dediee-a-youssef-cherif-rizkallah\/\" rel=\"bookmark\">La 41\u00e8me session du Festival International du Film du Caire d\u00e9di\u00e9e \u00e0 Youssef Cherif Rizkallah<\/a><\/li>\n<li class=\"entry-title\"><a title=\"Cinq films tunisiens au Festival International du Film du Caire\" href=\"http:\/\/www.webdo.tn\/2019\/11\/20\/cinq-films-tunisiens-au-festival-international-du-film-du-caire\/\" rel=\"bookmark\">Cinq films tunisiens au Festival International du Film du Caire<\/a><\/li>\n<li class=\"entry-title\"><a title=\"Ouverture du Festival International du Film du Caire\" href=\"http:\/\/www.webdo.tn\/2019\/11\/23\/ouverture-du-festival-international-du-film-du-caire\/\" rel=\"bookmark\">Ouverture du Festival International du Film du Caire<\/a><\/li>\n<li class=\"entry-title\"><a title=\"Prix du Meilleur film de la critique arabe pour le film \u00ab\u00a0Dieu existe, son nom est Petrunya\u00a0\u00bb\" href=\"http:\/\/www.webdo.tn\/2019\/11\/26\/prix-du-meilleur-film-de-la-critique-arabe-pour-le-film-dieu-existe-son-nom-est-petrunya\/\" rel=\"bookmark\">Prix du Meilleur film de la critique arabe pour le film \u00ab\u00a0Dieu existe, son nom est Petrunya\u00a0\u00bb<\/a><\/li>\n<li class=\"entry-title\"><a title=\"Cairo Je t\u2019aime !\" href=\"http:\/\/www.webdo.tn\/2019\/11\/27\/cairo-je-taime\/\" rel=\"bookmark\">Cairo Je t\u2019aime<\/a><\/li>\n<li class=\"entry-title\"><a title=\"\u00ab\u00a0Un fils\u00a0\u00bb de Mehdi Barsaoui enchante le public du Festival International du Film du Caire\" href=\"http:\/\/www.webdo.tn\/2019\/11\/29\/un-fils-de-mehdi-barsaoui-enchante-le-public-du-festival-international-du-caire\/\" rel=\"bookmark\">\u00ab\u00a0Un fils\u00a0\u00bb de Mehdi Barsaoui enchante le public du Festival International du Film du Caire<\/a><\/li>\n<li class=\"entry-title\"><a title=\"\u00ab\u00a0Un fils\u00a0\u00bb de Mehdi Barsaoui, triplement r\u00e9compens\u00e9 au Festival International du Film du Caire\" href=\"http:\/\/www.webdo.tn\/2019\/12\/03\/un-fils-de-mehdi-barsaoui-triplement-recompense-au-festival-international-du-film-du-caire\/\" rel=\"bookmark\">\u00ab\u00a0Un fils\u00a0\u00bb de Mehdi Barsaoui, triplement r\u00e9compens\u00e9 au Festival International du Film du Caire<\/a><\/li>\n<li class=\"entry-title\"><a title=\"Le Festival International du Film du Caire, premier festival arabe \u00e0 signer la charte du collectif 50\/50.\" href=\"http:\/\/www.webdo.tn\/2019\/12\/08\/le-festival-international-du-film-du-caire-premier-festival-arabe-a-signer-la-charte-du-collectif-50-50\/\" rel=\"bookmark\">Le Festival International du Film du Caire, premier festival arabe \u00e0 signer la charte du collectif 50\/50.<\/a><\/li>\n<li class=\"entry-title\"><a title=\"Des spectateurs de plus en plus nombreux pour le Festival International du Film du Caire\" href=\"http:\/\/www.webdo.tn\/2019\/12\/09\/des-spectateurs-de-plus-en-plus-nombreux-pour-le-festival-international-du-film-du-caire\/\" rel=\"bookmark\">Des spectateurs de plus en plus nombreux pour le Festival International du Film du Caire<\/a><\/li>\n<li class=\"entry-title\"><a title=\"Mohamed Hefzy dans la liste Variety 500\" href=\"http:\/\/www.webdo.tn\/2019\/12\/23\/mohamed-hefzy-dans-la-liste-variety-500\/\" rel=\"bookmark\">Mohamed Hefzy dans la liste Variety 500<\/a><\/li>\n<li class=\"entry-title\"><a title=\"Najla Ben Abdallah\u00a0: un film qui sait toucher le public peut changer les mentalit\u00e9s et les lois\" href=\"http:\/\/www.webdo.tn\/2020\/01\/07\/najla-ben-abdallah-un-film-qui-sait-toucher-le-public-peut-changer-les-mentalites-et-les-lois\/\" rel=\"bookmark\">Najla Ben Abdallah\u00a0: un film qui sait toucher le public peut changer les mentalit\u00e9s et les lois<\/a><\/li>\n<\/ul><\/div>\n<div class=\"coprs\" style=\"text-align: center\"><\/div><\/div>\n","protected":false},"excerpt":{"rendered":"<p>Le cin\u00e9ma tunisien grand vainqueur du Festival International du Film du Caire<\/p>\n","protected":false},"author":3164,"featured_media":292621,"comment_status":"open","ping_status":"closed","sticky":false,"template":"","format":"standard","meta":{"footnotes":""},"categories":[2594],"tags":[2600],"class_list":["post-199894","post","type-post","status-publish","format-standard","has-post-thumbnail","hentry","category-culture","tag-guerre"],"yoast_head":"<!-- This site is optimized with the Yoast SEO Premium plugin v27.4 (Yoast SEO v27.4) - https:\/\/yoast.com\/product\/yoast-seo-premium-wordpress\/ -->\n<title>Le cin\u00e9ma tunisien grand vainqueur du Festival International du Film du Caire<\/title>\n<meta name=\"description\" content=\"Le cin\u00e9ma tunisien grand vainqueur du Festival International du Film du Caire\" \/>\n<link rel=\"canonical\" href=\"https:\/\/www.webdo.tn\/fr\/actualite\/culture\/le-cinema-tunisien-grand-vainqueur-du-festival-international-du-film-du-caire\/199894\/\" \/>\n<meta property=\"og:locale\" content=\"fr_FR\" \/>\n<meta property=\"og:type\" content=\"article\" \/>\n<meta property=\"og:title\" content=\"Le cin\u00e9ma tunisien grand vainqueur du Festival International du Film du Caire\" \/>\n<meta property=\"og:description\" content=\"Le cin\u00e9ma tunisien grand vainqueur du Festival International du Film du Caire\" \/>\n<meta property=\"og:url\" content=\"https:\/\/www.webdo.tn\/fr\/actualite\/culture\/le-cinema-tunisien-grand-vainqueur-du-festival-international-du-film-du-caire\/199894\/\" \/>\n<meta property=\"og:site_name\" content=\"webdo\" \/>\n<meta property=\"article:publisher\" content=\"https:\/\/www.facebook.com\/webdotn\" \/>\n<meta property=\"article:author\" content=\"https:\/\/www.facebook.com\/massir.destiniii\/\" \/>\n<meta property=\"article:published_time\" content=\"2019-12-01T11:35:00+00:00\" \/>\n<meta property=\"og:image\" content=\"https:\/\/www.webdo.tn\/fr\/wp-content\/uploads\/2019\/12\/closing-3-1024x682-1.jpeg\" \/>\n\t<meta property=\"og:image:width\" content=\"1024\" \/>\n\t<meta property=\"og:image:height\" content=\"682\" \/>\n\t<meta property=\"og:image:type\" content=\"image\/jpeg\" \/>\n<meta name=\"author\" content=\"Ne\u00efla DRISS\" \/>\n<meta name=\"twitter:card\" content=\"summary_large_image\" \/>\n<meta name=\"twitter:creator\" content=\"@https:\/\/x.com\/MassirDestin\" \/>\n<meta name=\"twitter:site\" content=\"@webdo_tn\" \/>\n<meta name=\"twitter:label1\" content=\"\u00c9crit par\" \/>\n\t<meta name=\"twitter:data1\" content=\"Ne\u00efla DRISS\" \/>\n\t<meta name=\"twitter:label2\" content=\"Dur\u00e9e de lecture estim\u00e9e\" \/>\n\t<meta name=\"twitter:data2\" content=\"7 minutes\" \/>\n<script type=\"application\/ld+json\" class=\"yoast-schema-graph\">{\"@context\":\"https:\\\/\\\/schema.org\",\"@graph\":[{\"@type\":\"NewsArticle\",\"@id\":\"https:\\\/\\\/www.webdo.tn\\\/fr\\\/actualite\\\/culture\\\/le-cinema-tunisien-grand-vainqueur-du-festival-international-du-film-du-caire\\\/199894\\\/#article\",\"isPartOf\":{\"@id\":\"https:\\\/\\\/www.webdo.tn\\\/fr\\\/actualite\\\/culture\\\/le-cinema-tunisien-grand-vainqueur-du-festival-international-du-film-du-caire\\\/199894\\\/\"},\"author\":{\"name\":\"Ne\u00efla DRISS\",\"@id\":\"https:\\\/\\\/www.webdo.tn\\\/fr\\\/#\\\/schema\\\/person\\\/60d5ba619ed3f58783b0dc82b7dada80\"},\"headline\":\"Le cin\u00e9ma tunisien grand vainqueur du Festival International du Film du Caire\",\"datePublished\":\"2019-12-01T11:35:00+00:00\",\"mainEntityOfPage\":{\"@id\":\"https:\\\/\\\/www.webdo.tn\\\/fr\\\/actualite\\\/culture\\\/le-cinema-tunisien-grand-vainqueur-du-festival-international-du-film-du-caire\\\/199894\\\/\"},\"wordCount\":1436,\"commentCount\":0,\"publisher\":{\"@id\":\"https:\\\/\\\/www.webdo.tn\\\/fr\\\/#organization\"},\"image\":{\"@id\":\"https:\\\/\\\/www.webdo.tn\\\/fr\\\/actualite\\\/culture\\\/le-cinema-tunisien-grand-vainqueur-du-festival-international-du-film-du-caire\\\/199894\\\/#primaryimage\"},\"thumbnailUrl\":\"https:\\\/\\\/www.webdo.tn\\\/fr\\\/wp-content\\\/uploads\\\/2019\\\/12\\\/closing-3-1024x682-1.jpeg\",\"keywords\":[\"guerre\"],\"articleSection\":[\"Culture\"],\"inLanguage\":\"fr-FR\"},{\"@type\":\"WebPage\",\"@id\":\"https:\\\/\\\/www.webdo.tn\\\/fr\\\/actualite\\\/culture\\\/le-cinema-tunisien-grand-vainqueur-du-festival-international-du-film-du-caire\\\/199894\\\/\",\"url\":\"https:\\\/\\\/www.webdo.tn\\\/fr\\\/actualite\\\/culture\\\/le-cinema-tunisien-grand-vainqueur-du-festival-international-du-film-du-caire\\\/199894\\\/\",\"name\":\"Le cin\u00e9ma tunisien grand vainqueur du Festival International du Film du Caire\",\"isPartOf\":{\"@id\":\"https:\\\/\\\/www.webdo.tn\\\/fr\\\/#website\"},\"primaryImageOfPage\":{\"@id\":\"https:\\\/\\\/www.webdo.tn\\\/fr\\\/actualite\\\/culture\\\/le-cinema-tunisien-grand-vainqueur-du-festival-international-du-film-du-caire\\\/199894\\\/#primaryimage\"},\"image\":{\"@id\":\"https:\\\/\\\/www.webdo.tn\\\/fr\\\/actualite\\\/culture\\\/le-cinema-tunisien-grand-vainqueur-du-festival-international-du-film-du-caire\\\/199894\\\/#primaryimage\"},\"thumbnailUrl\":\"https:\\\/\\\/www.webdo.tn\\\/fr\\\/wp-content\\\/uploads\\\/2019\\\/12\\\/closing-3-1024x682-1.jpeg\",\"datePublished\":\"2019-12-01T11:35:00+00:00\",\"description\":\"Le cin\u00e9ma tunisien grand vainqueur du Festival International du Film du Caire\",\"breadcrumb\":{\"@id\":\"https:\\\/\\\/www.webdo.tn\\\/fr\\\/actualite\\\/culture\\\/le-cinema-tunisien-grand-vainqueur-du-festival-international-du-film-du-caire\\\/199894\\\/#breadcrumb\"},\"inLanguage\":\"fr-FR\",\"potentialAction\":[{\"@type\":\"ReadAction\",\"target\":[\"https:\\\/\\\/www.webdo.tn\\\/fr\\\/actualite\\\/culture\\\/le-cinema-tunisien-grand-vainqueur-du-festival-international-du-film-du-caire\\\/199894\\\/\"]}]},{\"@type\":\"ImageObject\",\"inLanguage\":\"fr-FR\",\"@id\":\"https:\\\/\\\/www.webdo.tn\\\/fr\\\/actualite\\\/culture\\\/le-cinema-tunisien-grand-vainqueur-du-festival-international-du-film-du-caire\\\/199894\\\/#primaryimage\",\"url\":\"https:\\\/\\\/www.webdo.tn\\\/fr\\\/wp-content\\\/uploads\\\/2019\\\/12\\\/closing-3-1024x682-1.jpeg\",\"contentUrl\":\"https:\\\/\\\/www.webdo.tn\\\/fr\\\/wp-content\\\/uploads\\\/2019\\\/12\\\/closing-3-1024x682-1.jpeg\",\"width\":1024,\"height\":682,\"caption\":\"Le cin\u00e9ma tunisien grand vainqueur du Festival International du Film du Caire\"},{\"@type\":\"BreadcrumbList\",\"@id\":\"https:\\\/\\\/www.webdo.tn\\\/fr\\\/actualite\\\/culture\\\/le-cinema-tunisien-grand-vainqueur-du-festival-international-du-film-du-caire\\\/199894\\\/#breadcrumb\",\"itemListElement\":[{\"@type\":\"ListItem\",\"position\":1,\"name\":\"Accueil\",\"item\":\"https:\\\/\\\/www.webdo.tn\\\/fr\\\/\"},{\"@type\":\"ListItem\",\"position\":2,\"name\":\"Le cin\u00e9ma tunisien grand vainqueur du Festival International du Film du Caire\"}]},{\"@type\":\"WebSite\",\"@id\":\"https:\\\/\\\/www.webdo.tn\\\/fr\\\/#website\",\"url\":\"https:\\\/\\\/www.webdo.tn\\\/fr\\\/\",\"name\":\"webdo\",\"description\":\"Tunisie - News en Tunisie et \u00e0 l&#039;international sur Webdo.tn\",\"publisher\":{\"@id\":\"https:\\\/\\\/www.webdo.tn\\\/fr\\\/#organization\"},\"potentialAction\":[{\"@type\":\"SearchAction\",\"target\":{\"@type\":\"EntryPoint\",\"urlTemplate\":\"https:\\\/\\\/www.webdo.tn\\\/fr\\\/?s={search_term_string}\"},\"query-input\":{\"@type\":\"PropertyValueSpecification\",\"valueRequired\":true,\"valueName\":\"search_term_string\"}}],\"inLanguage\":\"fr-FR\"},{\"@type\":\"Organization\",\"@id\":\"https:\\\/\\\/www.webdo.tn\\\/fr\\\/#organization\",\"name\":\"Webdo\",\"alternateName\":\"Webdo.tn\",\"url\":\"https:\\\/\\\/www.webdo.tn\\\/fr\\\/\",\"logo\":{\"@type\":\"ImageObject\",\"inLanguage\":\"fr-FR\",\"@id\":\"https:\\\/\\\/www.webdo.tn\\\/fr\\\/#\\\/schema\\\/logo\\\/image\\\/\",\"url\":\"https:\\\/\\\/www.webdo.tn\\\/fr\\\/wp-content\\\/uploads\\\/2025\\\/06\\\/Webdo-Tunisie_168377.jpg\",\"contentUrl\":\"https:\\\/\\\/www.webdo.tn\\\/fr\\\/wp-content\\\/uploads\\\/2025\\\/06\\\/Webdo-Tunisie_168377.jpg\",\"width\":301,\"height\":301,\"caption\":\"Webdo\"},\"image\":{\"@id\":\"https:\\\/\\\/www.webdo.tn\\\/fr\\\/#\\\/schema\\\/logo\\\/image\\\/\"},\"sameAs\":[\"https:\\\/\\\/www.facebook.com\\\/webdotn\",\"https:\\\/\\\/x.com\\\/webdo_tn\"],\"description\":\"Webdo est un m\u00e9dia num\u00e9rique tunisien fond\u00e9 en 2010, sp\u00e9cialis\u00e9 dans l\u2019actualit\u00e9 nationale et internationale, l\u2019\u00e9conomie, la soci\u00e9t\u00e9 et les analyses politiques. Le site s\u2019adresse \u00e0 un large public francophone et couvre l\u2019information tunisienne en temps r\u00e9el.\",\"email\":\"redac@webdo.tn\",\"legalName\":\"YNJ SARL\",\"foundingDate\":\"2010-09-06\",\"numberOfEmployees\":{\"@type\":\"QuantitativeValue\",\"minValue\":\"11\",\"maxValue\":\"50\"}},{\"@type\":\"Person\",\"@id\":\"https:\\\/\\\/www.webdo.tn\\\/fr\\\/#\\\/schema\\\/person\\\/60d5ba619ed3f58783b0dc82b7dada80\",\"name\":\"Ne\u00efla DRISS\",\"image\":{\"@type\":\"ImageObject\",\"inLanguage\":\"fr-FR\",\"@id\":\"https:\\\/\\\/www.webdo.tn\\\/fr\\\/wp-content\\\/uploads\\\/2026\\\/04\\\/neila-driss_avatar-96x96.jpg\",\"url\":\"https:\\\/\\\/www.webdo.tn\\\/fr\\\/wp-content\\\/uploads\\\/2026\\\/04\\\/neila-driss_avatar-96x96.jpg\",\"contentUrl\":\"https:\\\/\\\/www.webdo.tn\\\/fr\\\/wp-content\\\/uploads\\\/2026\\\/04\\\/neila-driss_avatar-96x96.jpg\",\"caption\":\"Ne\u00efla DRISS\"},\"description\":\"Ne\u00efla Driss est juriste, journaliste culturelle et critique de cin\u00e9ma tunisienne. Titulaire d\u2019un DEA en droit priv\u00e9 de l\u2019Universit\u00e9 Paris II et d\u2019un DESS de l\u2019IHEC Carthage, elle d\u00e9bute sa carri\u00e8re comme juriste sp\u00e9cialis\u00e9e en gestion de patrimoine immobilier. Elle s\u2019oriente ensuite vers l\u2019\u00e9criture en ligne, o\u00f9 elle se distingue d\u00e8s 2006 aux Tunisia Blog Awards, avant de se consacrer au journalisme culturel, avec une sp\u00e9cialisation dans la critique cin\u00e9matographique. Elle couvre r\u00e9guli\u00e8rement les grands festivals internationaux, notamment le Festival de Cannes, les Journ\u00e9es Cin\u00e9matographiques de Carthage et le Festival du film du Caire. Membre de l\u2019ATPCC et de la FIPRESCI, elle participe \u00e0 des jurys et initiatives internationales de critique. Depuis 2024, elle est \u00e9lectrice internationale aux Golden Globes. Facebook : https:\\\/\\\/www.facebook.com\\\/massir.destiniii\\\/ X : https:\\\/\\\/x.com\\\/MassirDestin\",\"sameAs\":[\"https:\\\/\\\/www.facebook.com\\\/massir.destiniii\\\/\",\"https:\\\/\\\/www.instagram.com\\\/neila.driss\\\/?hl=fr\",\"https:\\\/\\\/www.linkedin.com\\\/in\\\/neila-driss-22606a80\\\/\",\"https:\\\/\\\/x.com\\\/https:\\\/\\\/x.com\\\/MassirDestin\"],\"knowsAbout\":[\"Cin\u00e9ma international\",\"critique cin\u00e9matographique\",\"festivals de cin\u00e9ma\",\"journalisme culturel\"],\"knowsLanguage\":[\"Fran\u00e7ais\",\"Arabe\",\"Anglais\"],\"jobTitle\":\"Journaliste culturelle et critique de cin\u00e9ma\",\"worksFor\":\"Webdo\",\"url\":\"https:\\\/\\\/www.webdo.tn\\\/fr\\\/actualite\\\/author\\\/neila-driss\\\/\"}]}<\/script>\n<!-- \/ Yoast SEO Premium plugin. -->","yoast_head_json":{"title":"Le cin\u00e9ma tunisien grand vainqueur du Festival International du Film du Caire","description":"Le cin\u00e9ma tunisien grand vainqueur du Festival International du Film du Caire","canonical":"https:\/\/www.webdo.tn\/fr\/actualite\/culture\/le-cinema-tunisien-grand-vainqueur-du-festival-international-du-film-du-caire\/199894\/","og_locale":"fr_FR","og_type":"article","og_title":"Le cin\u00e9ma tunisien grand vainqueur du Festival International du Film du Caire","og_description":"Le cin\u00e9ma tunisien grand vainqueur du Festival International du Film du Caire","og_url":"https:\/\/www.webdo.tn\/fr\/actualite\/culture\/le-cinema-tunisien-grand-vainqueur-du-festival-international-du-film-du-caire\/199894\/","og_site_name":"webdo","article_publisher":"https:\/\/www.facebook.com\/webdotn","article_author":"https:\/\/www.facebook.com\/massir.destiniii\/","article_published_time":"2019-12-01T11:35:00+00:00","og_image":[{"width":1024,"height":682,"url":"https:\/\/www.webdo.tn\/fr\/wp-content\/uploads\/2019\/12\/closing-3-1024x682-1.jpeg","type":"image\/jpeg"}],"author":"Ne\u00efla DRISS","twitter_card":"summary_large_image","twitter_creator":"@https:\/\/x.com\/MassirDestin","twitter_site":"@webdo_tn","twitter_misc":{"\u00c9crit par":"Ne\u00efla DRISS","Dur\u00e9e de lecture estim\u00e9e":"7 minutes"},"schema":{"@context":"https:\/\/schema.org","@graph":[{"@type":"NewsArticle","@id":"https:\/\/www.webdo.tn\/fr\/actualite\/culture\/le-cinema-tunisien-grand-vainqueur-du-festival-international-du-film-du-caire\/199894\/#article","isPartOf":{"@id":"https:\/\/www.webdo.tn\/fr\/actualite\/culture\/le-cinema-tunisien-grand-vainqueur-du-festival-international-du-film-du-caire\/199894\/"},"author":{"name":"Ne\u00efla DRISS","@id":"https:\/\/www.webdo.tn\/fr\/#\/schema\/person\/60d5ba619ed3f58783b0dc82b7dada80"},"headline":"Le cin\u00e9ma tunisien grand vainqueur du Festival International du Film du Caire","datePublished":"2019-12-01T11:35:00+00:00","mainEntityOfPage":{"@id":"https:\/\/www.webdo.tn\/fr\/actualite\/culture\/le-cinema-tunisien-grand-vainqueur-du-festival-international-du-film-du-caire\/199894\/"},"wordCount":1436,"commentCount":0,"publisher":{"@id":"https:\/\/www.webdo.tn\/fr\/#organization"},"image":{"@id":"https:\/\/www.webdo.tn\/fr\/actualite\/culture\/le-cinema-tunisien-grand-vainqueur-du-festival-international-du-film-du-caire\/199894\/#primaryimage"},"thumbnailUrl":"https:\/\/www.webdo.tn\/fr\/wp-content\/uploads\/2019\/12\/closing-3-1024x682-1.jpeg","keywords":["guerre"],"articleSection":["Culture"],"inLanguage":"fr-FR"},{"@type":"WebPage","@id":"https:\/\/www.webdo.tn\/fr\/actualite\/culture\/le-cinema-tunisien-grand-vainqueur-du-festival-international-du-film-du-caire\/199894\/","url":"https:\/\/www.webdo.tn\/fr\/actualite\/culture\/le-cinema-tunisien-grand-vainqueur-du-festival-international-du-film-du-caire\/199894\/","name":"Le cin\u00e9ma tunisien grand vainqueur du Festival International du Film du Caire","isPartOf":{"@id":"https:\/\/www.webdo.tn\/fr\/#website"},"primaryImageOfPage":{"@id":"https:\/\/www.webdo.tn\/fr\/actualite\/culture\/le-cinema-tunisien-grand-vainqueur-du-festival-international-du-film-du-caire\/199894\/#primaryimage"},"image":{"@id":"https:\/\/www.webdo.tn\/fr\/actualite\/culture\/le-cinema-tunisien-grand-vainqueur-du-festival-international-du-film-du-caire\/199894\/#primaryimage"},"thumbnailUrl":"https:\/\/www.webdo.tn\/fr\/wp-content\/uploads\/2019\/12\/closing-3-1024x682-1.jpeg","datePublished":"2019-12-01T11:35:00+00:00","description":"Le cin\u00e9ma tunisien grand vainqueur du Festival International du Film du Caire","breadcrumb":{"@id":"https:\/\/www.webdo.tn\/fr\/actualite\/culture\/le-cinema-tunisien-grand-vainqueur-du-festival-international-du-film-du-caire\/199894\/#breadcrumb"},"inLanguage":"fr-FR","potentialAction":[{"@type":"ReadAction","target":["https:\/\/www.webdo.tn\/fr\/actualite\/culture\/le-cinema-tunisien-grand-vainqueur-du-festival-international-du-film-du-caire\/199894\/"]}]},{"@type":"ImageObject","inLanguage":"fr-FR","@id":"https:\/\/www.webdo.tn\/fr\/actualite\/culture\/le-cinema-tunisien-grand-vainqueur-du-festival-international-du-film-du-caire\/199894\/#primaryimage","url":"https:\/\/www.webdo.tn\/fr\/wp-content\/uploads\/2019\/12\/closing-3-1024x682-1.jpeg","contentUrl":"https:\/\/www.webdo.tn\/fr\/wp-content\/uploads\/2019\/12\/closing-3-1024x682-1.jpeg","width":1024,"height":682,"caption":"Le cin\u00e9ma tunisien grand vainqueur du Festival International du Film du Caire"},{"@type":"BreadcrumbList","@id":"https:\/\/www.webdo.tn\/fr\/actualite\/culture\/le-cinema-tunisien-grand-vainqueur-du-festival-international-du-film-du-caire\/199894\/#breadcrumb","itemListElement":[{"@type":"ListItem","position":1,"name":"Accueil","item":"https:\/\/www.webdo.tn\/fr\/"},{"@type":"ListItem","position":2,"name":"Le cin\u00e9ma tunisien grand vainqueur du Festival International du Film du Caire"}]},{"@type":"WebSite","@id":"https:\/\/www.webdo.tn\/fr\/#website","url":"https:\/\/www.webdo.tn\/fr\/","name":"webdo","description":"Tunisie - News en Tunisie et \u00e0 l&#039;international sur Webdo.tn","publisher":{"@id":"https:\/\/www.webdo.tn\/fr\/#organization"},"potentialAction":[{"@type":"SearchAction","target":{"@type":"EntryPoint","urlTemplate":"https:\/\/www.webdo.tn\/fr\/?s={search_term_string}"},"query-input":{"@type":"PropertyValueSpecification","valueRequired":true,"valueName":"search_term_string"}}],"inLanguage":"fr-FR"},{"@type":"Organization","@id":"https:\/\/www.webdo.tn\/fr\/#organization","name":"Webdo","alternateName":"Webdo.tn","url":"https:\/\/www.webdo.tn\/fr\/","logo":{"@type":"ImageObject","inLanguage":"fr-FR","@id":"https:\/\/www.webdo.tn\/fr\/#\/schema\/logo\/image\/","url":"https:\/\/www.webdo.tn\/fr\/wp-content\/uploads\/2025\/06\/Webdo-Tunisie_168377.jpg","contentUrl":"https:\/\/www.webdo.tn\/fr\/wp-content\/uploads\/2025\/06\/Webdo-Tunisie_168377.jpg","width":301,"height":301,"caption":"Webdo"},"image":{"@id":"https:\/\/www.webdo.tn\/fr\/#\/schema\/logo\/image\/"},"sameAs":["https:\/\/www.facebook.com\/webdotn","https:\/\/x.com\/webdo_tn"],"description":"Webdo est un m\u00e9dia num\u00e9rique tunisien fond\u00e9 en 2010, sp\u00e9cialis\u00e9 dans l\u2019actualit\u00e9 nationale et internationale, l\u2019\u00e9conomie, la soci\u00e9t\u00e9 et les analyses politiques. Le site s\u2019adresse \u00e0 un large public francophone et couvre l\u2019information tunisienne en temps r\u00e9el.","email":"redac@webdo.tn","legalName":"YNJ SARL","foundingDate":"2010-09-06","numberOfEmployees":{"@type":"QuantitativeValue","minValue":"11","maxValue":"50"}},{"@type":"Person","@id":"https:\/\/www.webdo.tn\/fr\/#\/schema\/person\/60d5ba619ed3f58783b0dc82b7dada80","name":"Ne\u00efla DRISS","image":{"@type":"ImageObject","inLanguage":"fr-FR","@id":"https:\/\/www.webdo.tn\/fr\/wp-content\/uploads\/2026\/04\/neila-driss_avatar-96x96.jpg","url":"https:\/\/www.webdo.tn\/fr\/wp-content\/uploads\/2026\/04\/neila-driss_avatar-96x96.jpg","contentUrl":"https:\/\/www.webdo.tn\/fr\/wp-content\/uploads\/2026\/04\/neila-driss_avatar-96x96.jpg","caption":"Ne\u00efla DRISS"},"description":"Ne\u00efla Driss est juriste, journaliste culturelle et critique de cin\u00e9ma tunisienne. Titulaire d\u2019un DEA en droit priv\u00e9 de l\u2019Universit\u00e9 Paris II et d\u2019un DESS de l\u2019IHEC Carthage, elle d\u00e9bute sa carri\u00e8re comme juriste sp\u00e9cialis\u00e9e en gestion de patrimoine immobilier. Elle s\u2019oriente ensuite vers l\u2019\u00e9criture en ligne, o\u00f9 elle se distingue d\u00e8s 2006 aux Tunisia Blog Awards, avant de se consacrer au journalisme culturel, avec une sp\u00e9cialisation dans la critique cin\u00e9matographique. Elle couvre r\u00e9guli\u00e8rement les grands festivals internationaux, notamment le Festival de Cannes, les Journ\u00e9es Cin\u00e9matographiques de Carthage et le Festival du film du Caire. Membre de l\u2019ATPCC et de la FIPRESCI, elle participe \u00e0 des jurys et initiatives internationales de critique. Depuis 2024, elle est \u00e9lectrice internationale aux Golden Globes. Facebook : https:\/\/www.facebook.com\/massir.destiniii\/ X : https:\/\/x.com\/MassirDestin","sameAs":["https:\/\/www.facebook.com\/massir.destiniii\/","https:\/\/www.instagram.com\/neila.driss\/?hl=fr","https:\/\/www.linkedin.com\/in\/neila-driss-22606a80\/","https:\/\/x.com\/https:\/\/x.com\/MassirDestin"],"knowsAbout":["Cin\u00e9ma international","critique cin\u00e9matographique","festivals de cin\u00e9ma","journalisme culturel"],"knowsLanguage":["Fran\u00e7ais","Arabe","Anglais"],"jobTitle":"Journaliste culturelle et critique de cin\u00e9ma","worksFor":"Webdo","url":"https:\/\/www.webdo.tn\/fr\/actualite\/author\/neila-driss\/"}]}},"_links":{"self":[{"href":"https:\/\/www.webdo.tn\/fr\/wp-json\/wp\/v2\/posts\/199894","targetHints":{"allow":["GET"]}}],"collection":[{"href":"https:\/\/www.webdo.tn\/fr\/wp-json\/wp\/v2\/posts"}],"about":[{"href":"https:\/\/www.webdo.tn\/fr\/wp-json\/wp\/v2\/types\/post"}],"author":[{"embeddable":true,"href":"https:\/\/www.webdo.tn\/fr\/wp-json\/wp\/v2\/users\/3164"}],"replies":[{"embeddable":true,"href":"https:\/\/www.webdo.tn\/fr\/wp-json\/wp\/v2\/comments?post=199894"}],"version-history":[{"count":0,"href":"https:\/\/www.webdo.tn\/fr\/wp-json\/wp\/v2\/posts\/199894\/revisions"}],"wp:featuredmedia":[{"embeddable":true,"href":"https:\/\/www.webdo.tn\/fr\/wp-json\/wp\/v2\/media\/292621"}],"wp:attachment":[{"href":"https:\/\/www.webdo.tn\/fr\/wp-json\/wp\/v2\/media?parent=199894"}],"wp:term":[{"taxonomy":"category","embeddable":true,"href":"https:\/\/www.webdo.tn\/fr\/wp-json\/wp\/v2\/categories?post=199894"},{"taxonomy":"post_tag","embeddable":true,"href":"https:\/\/www.webdo.tn\/fr\/wp-json\/wp\/v2\/tags?post=199894"}],"curies":[{"name":"wp","href":"https:\/\/api.w.org\/{rel}","templated":true}]}}