{"id":199893,"date":"2019-12-09T19:38:00","date_gmt":"2019-12-09T19:38:00","guid":{"rendered":"https:\/\/www.webdo.tn\/fr\/blog\/des-spectateurs-de-plus-en-plus-nombreux-pour-le-festival-international-du-film-du-caire\/199893\/"},"modified":"2019-12-09T19:38:00","modified_gmt":"2019-12-09T19:38:00","slug":"des-spectateurs-de-plus-en-plus-nombreux-pour-le-festival-international-du-film-du-caire","status":"publish","type":"post","link":"https:\/\/www.webdo.tn\/fr\/actualite\/culture\/des-spectateurs-de-plus-en-plus-nombreux-pour-le-festival-international-du-film-du-caire\/199893\/","title":{"rendered":"Des spectateurs de plus en plus nombreux pour le Festival International du Film du Caire"},"content":{"rendered":"<div class=\"single-body entry-content typography-copy\" itemprop=\"articleBody\">\n<p style=\"font-weight: bold; text-align: justify\">\n<div class=\"coprs\" style=\"text-align: center\"><\/div>\n<div class=\"coprs\" style=\"text-align: justify\">\n<p><img decoding=\"async\" alt=\"Festival International du Film du Caire\" height=\"392\" src=\"http:\/\/www.webdo.tn\/wp-content\/uploads\/2017\/09\/Logo.jpg\" width=\"117\"><\/p>\n<p>De l&rsquo;avis de tous, la 41\u00e8me \u00e9dition du Festival International du Film du Caire (CIFF) qui s\u2019est d\u00e9roul\u00e9e du 20 au 29 novembre 2019 a \u00e9t\u00e9 une vraie r\u00e9ussite, surtout par la pr\u00e9sence d\u2019un plus grand nombre de spectateurs, principalement parmi les jeunes (15\u00a0000 billets vendus en 2017, 30\u00a0000 en 2018 et 40\u00a0000 en 2019).<\/p>\n<p>Cet accroissement du nombre de spectateurs d\u00e9j\u00e0 amorc\u00e9 l\u2019ann\u00e9e derni\u00e8re sous la nouvelle pr\u00e9sidence du <a href=\"http:\/\/www.webdo.tn\/2017\/02\/08\/mohamed-hefzy-dingenieur-metallurgie-medecin-cinema-arabe\/\">sc\u00e9nariste et producteur Mohamed Hefzy<\/a> s\u2019est confirm\u00e9 cette ann\u00e9e gr\u00e2ce \u00e0 une tr\u00e8s grande campagne promotionnelle sur les journaux, les r\u00e9seaux sociaux et les t\u00e9l\u00e9visions, et surtout \u00e0 plusieurs nouvelles mesures prises pour justement attirer un public nouveau et nombreux.<\/p>\n<p>Une des premi\u00e8res mesures prises en 2018 a \u00e9t\u00e9 d\u2019organiser une soir\u00e9e gala ou tapis rouge tous les soirs. Sept films avaient \u00e9t\u00e9 choisis. Pour ces films la projection se faisait en pr\u00e9sence des membres de leurs \u00e9quipes lorsqu\u2019ils \u00e9taient au Caire, mais aussi de plusieurs invit\u00e9s prestigieux, essentiellement les grands acteurs et actrices \u00e9gyptiens.<\/p>\n<p>Pour cette \u00e9dition 2019, il avait \u00e9t\u00e9 d\u00e9cid\u00e9 de porter le nombre des ces projections gala \u00e0 treize. Apr\u00e8s la grande r\u00e9ussite de cette exp\u00e9rience cette ann\u00e9e aussi, le nombre de ces projections sera port\u00e9 \u00e0 seize en 2020, soit deux par soir\u00e9e pendant toute la dur\u00e9e du festival.<\/p>\n<p>Avant ces deux \u00e9ditions de 2018 et 2019, \u00e0 part quelques rares exceptions comme par exemple l&rsquo;actrice Salwa Mohamed Aly ou le r\u00e9alisateur Mahmoud Kamel qui allaient d&rsquo;une projection \u00e0 une autre, il \u00e9tait vraiment tr\u00e8s rare de voir les stars et divers professionnels du cin\u00e9ma \u00e9gyptien en dehors des deux c\u00e9r\u00e9monies d&rsquo;ouverture et de cl\u00f4ture ou soir\u00e9es sp\u00e9ciales. Depuis ces tapis rouge, tous les soirs ils sont l\u00e0 par dizaines. Ils se parent de leurs beaux costumes et viennent se faire prendre en photos et voir les films en projection gala.<\/p>\n<p>En fait excellente initiative des organisateurs. Contrairement \u00e0 ce que certains pourraient croire, cette d\u00e9cision n&rsquo;a \u00e9t\u00e9 prise ni pour les robes, ni pour les paillettes, ni pour le glamour, ni bien s\u00fbr pour copier le festival de Cannes, mais bien pour promouvoir le cin\u00e9ma et cr\u00e9er \u00e0 chaque fois un \u00e9v\u00e9nement autour d&rsquo;un film qui est mis sous les projecteurs. De cette mani\u00e8re, chaque soir, des dizaines de journalistes viennent couvrir ces projections galas, prendre des photos, interviewer non seulement les \u00e9quipes des films, mais \u00e9galement les divers invit\u00e9s qui viennent assister \u00e0 ces projections.<\/p>\n<p>D\u2019apr\u00e8s Ahmed Shawky, directeur artistique du CIFF, \u00ab\u00a0<em>il est normal que comme tous les grands festivals, nous ayons des projections galas, et encouragions donc la pr\u00e9sence des professionnels et que chaque soir nous pr\u00e9sentions un film nouveau en pr\u00e9sence de son \u00e9quipe et de stars. Il n&rsquo;\u00e9tait par contre pas normal qu&rsquo;un tel d\u00e9cor de tapis rouge tel que con\u00e7u par le grand artiste Mohamed Attia ne soit utilis\u00e9 qu&rsquo;\u00e0 l&rsquo;ouverture et la cl\u00f4ture, il n&rsquo;\u00e9tait pas normal non plus que pendant toute une semaine les lumi\u00e8res restent \u00e9teintes. En fait, l&rsquo;erreur est que cela n&rsquo;ait pas \u00e9t\u00e9 fait jusqu&rsquo;\u00e0 l\u00e0. En 2018, nous avions fait un essai pour voir et nous avions constat\u00e9 que les spectateurs avaient \u00e9t\u00e9 nombreux \u00e0 venir, malgr\u00e9 un prix des tickets un peu plus cher que pour les autres projections. Cette r\u00e9ussite nous a d\u00e9cid\u00e9s \u00e0 reconduire l&rsquo;exp\u00e9rience et \u00e0 l\u2019\u00e9largir. Cette ann\u00e9e, il est devenu clair que les projections galas sont celles qui attirent le plus de spectateurs et le plus de stars. Chaque projection gala a vu la pr\u00e9sence non pas juste d&rsquo;un r\u00e9alisateur, mais bien plus de personnes, pouvant m\u00eame atteindre 4\/5 personnes ayant travaill\u00e9 sur le film. Cela donne encore plus d&rsquo;\u00e9clat au festival et met encore plus les projecteurs sur les films programm\u00e9s. Pour l&rsquo;ann\u00e9e prochaine, nous pensons organiser chaque soir deux projections gala, et donc de passer de treize \u00e0 seize projections galas par \u00e9dition\u00a0<\/em>\u00bb.<\/p>\n<p><img decoding=\"async\" alt=\"\" height=\"467\" src=\"http:\/\/www.webdo.tn\/wp-content\/uploads\/2019\/12\/Tapis-rouge-00-1024x683.jpg\" width=\"700\"><br \/>\n<em>CIFF 41 &#8211; D\u00e9cor du tapis rouge<\/em><\/p>\n<p>\u00a0<\/p>\n<p><img decoding=\"async\" alt=\"\" height=\"466\" src=\"http:\/\/www.webdo.tn\/wp-content\/uploads\/2019\/12\/Tapis-rouge-01-1024x682.jpg\" width=\"700\"><br \/>\n<em>CIFF 41 &#8211; D\u00e9cor du tapis rouge<\/em><\/p>\n<p>\u00a0<\/p>\n<p><img decoding=\"async\" alt=\"\" height=\"466\" src=\"http:\/\/www.webdo.tn\/wp-content\/uploads\/2019\/12\/Tapis-rouge-02-1024x682.jpg\" width=\"700\"><br \/>\n<em>CIF 41 &#8211; D\u00e9cor du tapis rouge<\/em><\/p>\n<p>\u00a0<\/p>\n<p><img decoding=\"async\" alt=\"\" height=\"467\" src=\"http:\/\/www.webdo.tn\/wp-content\/uploads\/2019\/12\/Tapis-rouge-03-1024x683.jpg\" width=\"700\"><br \/>\n<em>CIFF 41 &#8211; D\u00e9cor du tapis rouge.<\/em><\/p>\n<p>\u00a0<\/p>\n<p>Une deuxi\u00e8me mesure a \u00e9galement contribu\u00e9 \u00e0 attirer les spectateurs: en plus de l\u2019application sur t\u00e9l\u00e9phone mobile qui donne les horaires des projections et diverses activit\u00e9s, cette ann\u00e9e le festival a d\u00e9cid\u00e9 de publier et distribuer au public un mini catalogue comprenant tous les synopsis de tous les films programm\u00e9s.<\/p>\n<p>Lors des \u00e9ditions pr\u00e9c\u00e9dentes, comme tous les autres festivals, le CIFF publiait un gros catalogue comprenant les synopsis et les d\u00e9tails des films, mais qui n\u2019\u00e9tait distribu\u00e9 qu\u2019aux seuls invit\u00e9s du festival alors que le public n\u2019avait \u00e0 sa disposition qu\u2019un petit programme des projections, sans aucune autre information. Cette lacune a \u00e9t\u00e9 combl\u00e9e cette ann\u00e9e par ce mini catalogue qui permet d\u2019avoir un aper\u00e7u sur les tous les films et donc de choisir plus facilement.<\/p>\n<p>\u00a0<\/p>\n<p><img decoding=\"async\" alt=\"\" height=\"768\" src=\"http:\/\/www.webdo.tn\/wp-content\/uploads\/2019\/12\/Catalogues-CIFF-41.jpg\" width=\"893\"> <em>Le grand catalogue distribu\u00e9 aux invit\u00e9s et le mini catalogue d\u00e9taill\u00e9 mis \u00e0 la disposition du public<\/em><\/p>\n<p>\u00a0<\/p>\n<p>Pour attirer un maximum de jeunes, une troisi\u00e8me mesure, apparemment tr\u00e8s efficace aussi a \u00e9t\u00e9 prise\u00a0: une convention a \u00e9t\u00e9 sign\u00e9e avec l\u2019Universit\u00e9 du Caire, permettant aux \u00e9tudiants de b\u00e9n\u00e9ficier d\u2019un tarif pr\u00e9f\u00e9rentiel, et m\u00eame d\u2019acheter leurs billets sur place, dans l\u2019enceinte m\u00eame de l\u2019universit\u00e9. Apr\u00e8s la r\u00e9ussite de cette initiative, il est pr\u00e9vu de l\u2019\u00e9tendre \u00e0 d\u2019autres universit\u00e9s en 2020.<\/p>\n<p>Une quatri\u00e8me mesure prise cette ann\u00e9e a eu un \u00e9norme succ\u00e8s, bien plus qu\u2019on ne pouvait s\u2019y attendre d\u2019ailleurs\u00a0: le food court (aire de restauration).<\/p>\n<p>En effet, dans l\u2019enceinte du complexe culturel de l\u2019Op\u00e9ra o\u00f9 se d\u00e9roulent les projections, le CIFF a fait construire en structures l\u00e9g\u00e8res tout un ensemble de stands qui vendent de la nourriture et des boissons. Qui plus est, en plus des pizzas et divers sandwiches, on y trouvait des plats \u00e9gyptiens, tels que Kochari, Taamia\u2026 et le succulent dessert Zalabya (qui est compl\u00e8tement diff\u00e9rent de notre Zlabya tunisienne).<\/p>\n<p>Dans ce food court, en plus des quelques petites tables \u00ab\u00a0individuelles\u00a0\u00bb, il y avait de tr\u00e8s grandes tables collectives autour desquelles on s\u2019asseyait ensemble, sans m\u00eame se connaitre. Les gens venaient donc voir un film, passaient acheter \u00e0 manger et \u00e0 boire et s\u2019asseyaient avec d\u2019autres spectateurs. Les discussions s\u2019engageaient\u2026<\/p>\n<p>Ce food court a contribu\u00e9 largement \u00e0 la r\u00e9ussite de cette 41<sup>\u00e8me<\/sup> \u00e9dition du CIFF. En effet, il a cr\u00e9e une ambiance conviviale, a permit aux divers invit\u00e9s \u00e9trangers, aussi bien les \u00e9quipes des films que les critiques et journalistes venus du monde entier pour couvrir le festival, de rencontrer les professionnels et spectateurs \u00e9gyptiens, de nouer des connaissances et de d\u00e9couvrir les cultures les uns des autres. Tous ces gens ont eu ainsi l&rsquo;occasion de discuter, d\u00e9battre, \u00e9changer des id\u00e9es et s&rsquo;encourager les uns les autres \u00e0 aller voir d\u2019autres films encore et encore. En fait, ce food court a surtout pris la fonction d\u2019une sorte de cin\u00e9-club o\u00f9 certains venaient juste par curiosit\u00e9 pour voir un seul film et rentrer chez eux, et se retrouvaient \u00e0 en voir un deuxi\u00e8me, un troisi\u00e8me et \u00e0 revenir le lendemain et le surlendemain\u2026.<\/p>\n<p>\u00a0<\/p>\n<p><img decoding=\"async\" alt=\"CIFF 41 food court\" height=\"525\" src=\"http:\/\/www.webdo.tn\/wp-content\/uploads\/2019\/12\/Food-court-1024x768.jpg\" width=\"700\"><br \/>\n<em>CIFF 41 &#8211; Le food court<\/em><\/p>\n<p>\u00a0<\/p>\n<p>En fait, toutes ces mesures qui semblent anodines, ont eu un impact tr\u00e8s important sur la fr\u00e9quentation du festival, non seulement sur le nombre de billets vendus, mais \u00e9galement sur l\u2019ambiance g\u00e9n\u00e9rale. Regarder un film, c\u2019est tr\u00e8s bien, mais pouvoir en discuter et partager ses id\u00e9es et \u00e9motions, c\u2019est encore mieux. Mohamed Hefzy, a pr\u00e9cis\u00e9 qu\u2019il esp\u00e9rait faire reculer ainsi les id\u00e9es r\u00e9trogrades et les extr\u00e9mistes, il remportera peut-\u00eatre bien ce d\u00e9fi\u00a0!<\/p>\n<p>Bien que les Journ\u00e9es Cin\u00e9matographiques de Carthage (JCC) arrivent d\u00e9j\u00e0 \u00e0 attirer un \u00e9norme public, et que souvent les projections affichent complet, elles pourraient quand m\u00eame prendre exemple sur le CIFF pour au moins trois de ces initiatives\u00a0: publier le programme et le synopsis des films sur application mobile et sur un petit catalogue, organiser un endroit convivial dans la grande Cit\u00e9 de la Culture, permettant de se nourrir, mais surtout d\u2019\u00e9changer et discuter et programmer des projections gala en tapis rouge tous les soirs, surtout pour les films dont les \u00e9quipes ont fait le voyage en Tunisie. <a href=\"http:\/\/www.webdo.tn\/2019\/11\/05\/garder-ou-supprimer-le-tapis-rouge-des-jcc\/\">Il est vrai que chaque ann\u00e9e, lors des JCC, une pol\u00e9mique a lieu concernant le tapis rouge, certains n\u2019y voyant que le cot\u00e9 glamour, pourtant c\u2019est aussi un moyen de promouvoir le festival et les films.<\/a> Il suffit de bien l\u2019organiser. Au Caire par exemple, l\u2019acc\u00e8s au tapis rouge n\u2019est permit qu\u2019aux personnes munies d\u2019un carton d\u2019invitation sp\u00e9cifique et aux seuls journalistes accr\u00e9dit\u00e9s \u00e0 cet effet.<\/p>\n<p><strong>Ne\u00efla Driss<\/strong><\/p>\n<p>\u00a0 <em>Lire sur le m\u00eame sujet:<\/em><\/p>\n<ul>\n<li><a href=\"http:\/\/www.webdo.tn\/2019\/11\/19\/la-41eme-session-du-festival-international-du-film-du-caire-dediee-a-youssef-cherif-rizkallah\/\" rel=\"bookmark\" title=\"La 41\u00e8me session du Festival International du Film du Caire d\u00e9di\u00e9e \u00e0 Youssef Cherif Rizkallah\">La 41\u00e8me session du Festival International du Film du Caire d\u00e9di\u00e9e \u00e0 Youssef Cherif Rizkallah<\/a><\/li>\n<li><a href=\"http:\/\/www.webdo.tn\/2019\/11\/20\/cinq-films-tunisiens-au-festival-international-du-film-du-caire\/\" rel=\"bookmark\" title=\"Cinq films tunisiens au Festival International du Film du Caire\">Cinq films tunisiens au Festival International du Film du Caire<\/a><\/li>\n<li><a href=\"http:\/\/www.webdo.tn\/2019\/11\/23\/ouverture-du-festival-international-du-film-du-caire\/\" rel=\"bookmark\" title=\"Ouverture du Festival International du Film du Caire\">Ouverture du Festival International du Film du Caire<\/a><\/li>\n<li><a href=\"http:\/\/www.webdo.tn\/2019\/11\/26\/prix-du-meilleur-film-de-la-critique-arabe-pour-le-film-dieu-existe-son-nom-est-petrunya\/\" rel=\"bookmark\" title=\"Prix du Meilleur film de la critique arabe pour le film \u00ab\u00a0Dieu existe, son nom est Petrunya\u00a0\u00bb\">Prix du Meilleur film de la critique arabe pour le film \u00ab\u00a0Dieu existe, son nom est Petrunya\u00a0\u00bb<\/a><\/li>\n<li><a href=\"http:\/\/www.webdo.tn\/2019\/11\/27\/cairo-je-taime\/\" rel=\"bookmark\" title=\"Cairo Je t\u2019aime !\">Cairo Je t\u2019aime<\/a><\/li>\n<li><a href=\"http:\/\/www.webdo.tn\/2019\/11\/29\/un-fils-de-mehdi-barsaoui-enchante-le-public-du-festival-international-du-caire\/\" rel=\"bookmark\" title=\"\u00ab\u00a0Un fils\u00a0\u00bb de Mehdi Barsaoui enchante le public du Festival International du Film du Caire\">\u00ab\u00a0Un fils\u00a0\u00bb de Mehdi Barsaoui enchante le public du Festival International du Film du Caire<\/a><\/li>\n<li><a href=\"http:\/\/www.webdo.tn\/2019\/12\/01\/le-cinema-tunisien-grand-vainqueur-du-festival-international-du-film-du-caire\/\" rel=\"bookmark\" title=\"Le cin\u00e9ma tunisien grand vainqueur du Festival International du Film du Caire\">Le cin\u00e9ma tunisien grand vainqueur du Festival International du Film du Caire<\/a><\/li>\n<li><a href=\"http:\/\/www.webdo.tn\/2019\/12\/03\/un-fils-de-mehdi-barsaoui-triplement-recompense-au-festival-international-du-film-du-caire\/\" rel=\"bookmark\" title=\"\u00ab\u00a0Un fils\u00a0\u00bb de Mehdi Barsaoui, triplement r\u00e9compens\u00e9 au Festival International du Film du Caire\">\u00ab\u00a0Un fils\u00a0\u00bb de Mehdi Barsaoui, triplement r\u00e9compens\u00e9 au Festival International du Film du Caire<\/a><\/li>\n<li><a href=\"http:\/\/www.webdo.tn\/2019\/12\/08\/le-festival-international-du-film-du-caire-premier-festival-arabe-a-signer-la-charte-du-collectif-50-50\/\" rel=\"bookmark\" title=\"Le Festival International du Film du Caire, premier festival arabe \u00e0 signer la charte du collectif 50\/50.\">Le Festival International du Film du Caire, premier festival arabe \u00e0 signer la charte du collectif 50\/50.<\/a><\/li>\n<li><a href=\"http:\/\/www.webdo.tn\/2019\/12\/23\/mohamed-hefzy-dans-la-liste-variety-500\/\" rel=\"bookmark\" title=\"Mohamed Hefzy dans la liste Variety 500\">Mohamed Hefzy dans la liste Variety 500<\/a><\/li>\n<li><a href=\"http:\/\/www.webdo.tn\/2020\/01\/07\/najla-ben-abdallah-un-film-qui-sait-toucher-le-public-peut-changer-les-mentalites-et-les-lois\/\" rel=\"bookmark\" title=\"Najla Ben Abdallah\u00a0: un film qui sait toucher le public peut changer les mentalit\u00e9s et les lois\">Najla Ben Abdallah\u00a0: un film qui sait toucher le public peut changer les mentalit\u00e9s et les lois<\/a><\/li>\n<\/ul><\/div>\n<div class=\"coprs\" style=\"text-align: center\"><\/div><\/div>\n","protected":false},"excerpt":{"rendered":"<p>Des spectateurs de plus en plus nombreux pour le Festival International du Film du Caire<\/p>\n","protected":false},"author":3164,"featured_media":292523,"comment_status":"open","ping_status":"closed","sticky":false,"template":"","format":"standard","meta":{"footnotes":""},"categories":[2594],"tags":[8311,3257,9107,9102,2626,3255],"class_list":["post-199893","post","type-post","status-publish","format-standard","has-post-thumbnail","hentry","category-culture","tag-analyse","tag-ciff","tag-ciff-2019","tag-ciff-41","tag-cinema","tag-festival-international-du-film-du-caire"],"yoast_head":"<!-- This site is optimized with the Yoast SEO Premium plugin v27.4 (Yoast SEO v27.4) - https:\/\/yoast.com\/product\/yoast-seo-premium-wordpress\/ -->\n<title>Des spectateurs de plus en plus nombreux pour le Festival International du Film du Caire<\/title>\n<meta name=\"description\" content=\"Des spectateurs de plus en plus nombreux pour le Festival International du Film du Caire\" \/>\n<link rel=\"canonical\" href=\"https:\/\/www.webdo.tn\/fr\/actualite\/culture\/des-spectateurs-de-plus-en-plus-nombreux-pour-le-festival-international-du-film-du-caire\/199893\/\" \/>\n<meta property=\"og:locale\" content=\"fr_FR\" \/>\n<meta property=\"og:type\" content=\"article\" \/>\n<meta property=\"og:title\" content=\"Des spectateurs de plus en plus nombreux pour le Festival International du Film du Caire\" \/>\n<meta property=\"og:description\" content=\"Des spectateurs de plus en plus nombreux pour le Festival International du Film du Caire\" \/>\n<meta property=\"og:url\" content=\"https:\/\/www.webdo.tn\/fr\/actualite\/culture\/des-spectateurs-de-plus-en-plus-nombreux-pour-le-festival-international-du-film-du-caire\/199893\/\" \/>\n<meta property=\"og:site_name\" content=\"webdo\" \/>\n<meta property=\"article:publisher\" content=\"https:\/\/www.facebook.com\/webdotn\" \/>\n<meta property=\"article:author\" content=\"https:\/\/www.facebook.com\/massir.destiniii\/\" \/>\n<meta property=\"article:published_time\" content=\"2019-12-09T19:38:00+00:00\" \/>\n<meta property=\"og:image\" content=\"https:\/\/www.webdo.tn\/fr\/wp-content\/uploads\/2019\/12\/Tapis-Rouge-04-1024x768-1.jpg\" \/>\n\t<meta property=\"og:image:width\" content=\"1024\" \/>\n\t<meta property=\"og:image:height\" content=\"768\" \/>\n\t<meta property=\"og:image:type\" content=\"image\/jpeg\" \/>\n<meta name=\"author\" content=\"Ne\u00efla DRISS\" \/>\n<meta name=\"twitter:card\" content=\"summary_large_image\" \/>\n<meta name=\"twitter:creator\" content=\"@https:\/\/x.com\/MassirDestin\" \/>\n<meta name=\"twitter:site\" content=\"@webdo_tn\" \/>\n<meta name=\"twitter:label1\" content=\"\u00c9crit par\" \/>\n\t<meta name=\"twitter:data1\" content=\"Ne\u00efla DRISS\" \/>\n\t<meta name=\"twitter:label2\" content=\"Dur\u00e9e de lecture estim\u00e9e\" \/>\n\t<meta name=\"twitter:data2\" content=\"8 minutes\" \/>\n<script type=\"application\/ld+json\" class=\"yoast-schema-graph\">{\"@context\":\"https:\\\/\\\/schema.org\",\"@graph\":[{\"@type\":\"NewsArticle\",\"@id\":\"https:\\\/\\\/www.webdo.tn\\\/fr\\\/actualite\\\/culture\\\/des-spectateurs-de-plus-en-plus-nombreux-pour-le-festival-international-du-film-du-caire\\\/199893\\\/#article\",\"isPartOf\":{\"@id\":\"https:\\\/\\\/www.webdo.tn\\\/fr\\\/actualite\\\/culture\\\/des-spectateurs-de-plus-en-plus-nombreux-pour-le-festival-international-du-film-du-caire\\\/199893\\\/\"},\"author\":{\"name\":\"Ne\u00efla DRISS\",\"@id\":\"https:\\\/\\\/www.webdo.tn\\\/fr\\\/#\\\/schema\\\/person\\\/60d5ba619ed3f58783b0dc82b7dada80\"},\"headline\":\"Des spectateurs de plus en plus nombreux pour le Festival International du Film du Caire\",\"datePublished\":\"2019-12-09T19:38:00+00:00\",\"mainEntityOfPage\":{\"@id\":\"https:\\\/\\\/www.webdo.tn\\\/fr\\\/actualite\\\/culture\\\/des-spectateurs-de-plus-en-plus-nombreux-pour-le-festival-international-du-film-du-caire\\\/199893\\\/\"},\"wordCount\":1710,\"commentCount\":0,\"publisher\":{\"@id\":\"https:\\\/\\\/www.webdo.tn\\\/fr\\\/#organization\"},\"image\":{\"@id\":\"https:\\\/\\\/www.webdo.tn\\\/fr\\\/actualite\\\/culture\\\/des-spectateurs-de-plus-en-plus-nombreux-pour-le-festival-international-du-film-du-caire\\\/199893\\\/#primaryimage\"},\"thumbnailUrl\":\"https:\\\/\\\/www.webdo.tn\\\/fr\\\/wp-content\\\/uploads\\\/2019\\\/12\\\/Tapis-Rouge-04-1024x768-1.jpg\",\"keywords\":[\"analyse\",\"CIFF\",\"CIFF 2019\",\"CIFF 41\",\"Cin\u00e9ma\",\"Festival International du Film du Caire\"],\"articleSection\":[\"Culture\"],\"inLanguage\":\"fr-FR\"},{\"@type\":\"WebPage\",\"@id\":\"https:\\\/\\\/www.webdo.tn\\\/fr\\\/actualite\\\/culture\\\/des-spectateurs-de-plus-en-plus-nombreux-pour-le-festival-international-du-film-du-caire\\\/199893\\\/\",\"url\":\"https:\\\/\\\/www.webdo.tn\\\/fr\\\/actualite\\\/culture\\\/des-spectateurs-de-plus-en-plus-nombreux-pour-le-festival-international-du-film-du-caire\\\/199893\\\/\",\"name\":\"Des spectateurs de plus en plus nombreux pour le Festival International du Film du Caire\",\"isPartOf\":{\"@id\":\"https:\\\/\\\/www.webdo.tn\\\/fr\\\/#website\"},\"primaryImageOfPage\":{\"@id\":\"https:\\\/\\\/www.webdo.tn\\\/fr\\\/actualite\\\/culture\\\/des-spectateurs-de-plus-en-plus-nombreux-pour-le-festival-international-du-film-du-caire\\\/199893\\\/#primaryimage\"},\"image\":{\"@id\":\"https:\\\/\\\/www.webdo.tn\\\/fr\\\/actualite\\\/culture\\\/des-spectateurs-de-plus-en-plus-nombreux-pour-le-festival-international-du-film-du-caire\\\/199893\\\/#primaryimage\"},\"thumbnailUrl\":\"https:\\\/\\\/www.webdo.tn\\\/fr\\\/wp-content\\\/uploads\\\/2019\\\/12\\\/Tapis-Rouge-04-1024x768-1.jpg\",\"datePublished\":\"2019-12-09T19:38:00+00:00\",\"description\":\"Des spectateurs de plus en plus nombreux pour le Festival International du Film du Caire\",\"breadcrumb\":{\"@id\":\"https:\\\/\\\/www.webdo.tn\\\/fr\\\/actualite\\\/culture\\\/des-spectateurs-de-plus-en-plus-nombreux-pour-le-festival-international-du-film-du-caire\\\/199893\\\/#breadcrumb\"},\"inLanguage\":\"fr-FR\",\"potentialAction\":[{\"@type\":\"ReadAction\",\"target\":[\"https:\\\/\\\/www.webdo.tn\\\/fr\\\/actualite\\\/culture\\\/des-spectateurs-de-plus-en-plus-nombreux-pour-le-festival-international-du-film-du-caire\\\/199893\\\/\"]}]},{\"@type\":\"ImageObject\",\"inLanguage\":\"fr-FR\",\"@id\":\"https:\\\/\\\/www.webdo.tn\\\/fr\\\/actualite\\\/culture\\\/des-spectateurs-de-plus-en-plus-nombreux-pour-le-festival-international-du-film-du-caire\\\/199893\\\/#primaryimage\",\"url\":\"https:\\\/\\\/www.webdo.tn\\\/fr\\\/wp-content\\\/uploads\\\/2019\\\/12\\\/Tapis-Rouge-04-1024x768-1.jpg\",\"contentUrl\":\"https:\\\/\\\/www.webdo.tn\\\/fr\\\/wp-content\\\/uploads\\\/2019\\\/12\\\/Tapis-Rouge-04-1024x768-1.jpg\",\"width\":1024,\"height\":768,\"caption\":\"Des spectateurs de plus en plus nombreux pour le Festival International du Film du Caire\"},{\"@type\":\"BreadcrumbList\",\"@id\":\"https:\\\/\\\/www.webdo.tn\\\/fr\\\/actualite\\\/culture\\\/des-spectateurs-de-plus-en-plus-nombreux-pour-le-festival-international-du-film-du-caire\\\/199893\\\/#breadcrumb\",\"itemListElement\":[{\"@type\":\"ListItem\",\"position\":1,\"name\":\"Accueil\",\"item\":\"https:\\\/\\\/www.webdo.tn\\\/fr\\\/\"},{\"@type\":\"ListItem\",\"position\":2,\"name\":\"Des spectateurs de plus en plus nombreux pour le Festival International du Film du Caire\"}]},{\"@type\":\"WebSite\",\"@id\":\"https:\\\/\\\/www.webdo.tn\\\/fr\\\/#website\",\"url\":\"https:\\\/\\\/www.webdo.tn\\\/fr\\\/\",\"name\":\"webdo\",\"description\":\"Tunisie - News en Tunisie et \u00e0 l&#039;international sur Webdo.tn\",\"publisher\":{\"@id\":\"https:\\\/\\\/www.webdo.tn\\\/fr\\\/#organization\"},\"potentialAction\":[{\"@type\":\"SearchAction\",\"target\":{\"@type\":\"EntryPoint\",\"urlTemplate\":\"https:\\\/\\\/www.webdo.tn\\\/fr\\\/?s={search_term_string}\"},\"query-input\":{\"@type\":\"PropertyValueSpecification\",\"valueRequired\":true,\"valueName\":\"search_term_string\"}}],\"inLanguage\":\"fr-FR\"},{\"@type\":\"Organization\",\"@id\":\"https:\\\/\\\/www.webdo.tn\\\/fr\\\/#organization\",\"name\":\"Webdo\",\"alternateName\":\"Webdo.tn\",\"url\":\"https:\\\/\\\/www.webdo.tn\\\/fr\\\/\",\"logo\":{\"@type\":\"ImageObject\",\"inLanguage\":\"fr-FR\",\"@id\":\"https:\\\/\\\/www.webdo.tn\\\/fr\\\/#\\\/schema\\\/logo\\\/image\\\/\",\"url\":\"https:\\\/\\\/www.webdo.tn\\\/fr\\\/wp-content\\\/uploads\\\/2025\\\/06\\\/Webdo-Tunisie_168377.jpg\",\"contentUrl\":\"https:\\\/\\\/www.webdo.tn\\\/fr\\\/wp-content\\\/uploads\\\/2025\\\/06\\\/Webdo-Tunisie_168377.jpg\",\"width\":301,\"height\":301,\"caption\":\"Webdo\"},\"image\":{\"@id\":\"https:\\\/\\\/www.webdo.tn\\\/fr\\\/#\\\/schema\\\/logo\\\/image\\\/\"},\"sameAs\":[\"https:\\\/\\\/www.facebook.com\\\/webdotn\",\"https:\\\/\\\/x.com\\\/webdo_tn\"],\"description\":\"Webdo est un m\u00e9dia num\u00e9rique tunisien fond\u00e9 en 2010, sp\u00e9cialis\u00e9 dans l\u2019actualit\u00e9 nationale et internationale, l\u2019\u00e9conomie, la soci\u00e9t\u00e9 et les analyses politiques. Le site s\u2019adresse \u00e0 un large public francophone et couvre l\u2019information tunisienne en temps r\u00e9el.\",\"email\":\"redac@webdo.tn\",\"legalName\":\"YNJ SARL\",\"foundingDate\":\"2010-09-06\",\"numberOfEmployees\":{\"@type\":\"QuantitativeValue\",\"minValue\":\"11\",\"maxValue\":\"50\"}},{\"@type\":\"Person\",\"@id\":\"https:\\\/\\\/www.webdo.tn\\\/fr\\\/#\\\/schema\\\/person\\\/60d5ba619ed3f58783b0dc82b7dada80\",\"name\":\"Ne\u00efla DRISS\",\"image\":{\"@type\":\"ImageObject\",\"inLanguage\":\"fr-FR\",\"@id\":\"https:\\\/\\\/www.webdo.tn\\\/fr\\\/wp-content\\\/uploads\\\/2026\\\/04\\\/neila-driss_avatar-96x96.jpg\",\"url\":\"https:\\\/\\\/www.webdo.tn\\\/fr\\\/wp-content\\\/uploads\\\/2026\\\/04\\\/neila-driss_avatar-96x96.jpg\",\"contentUrl\":\"https:\\\/\\\/www.webdo.tn\\\/fr\\\/wp-content\\\/uploads\\\/2026\\\/04\\\/neila-driss_avatar-96x96.jpg\",\"caption\":\"Ne\u00efla DRISS\"},\"description\":\"Ne\u00efla Driss est juriste, journaliste culturelle et critique de cin\u00e9ma tunisienne. Titulaire d\u2019un DEA en droit priv\u00e9 de l\u2019Universit\u00e9 Paris II et d\u2019un DESS de l\u2019IHEC Carthage, elle d\u00e9bute sa carri\u00e8re comme juriste sp\u00e9cialis\u00e9e en gestion de patrimoine immobilier. Elle s\u2019oriente ensuite vers l\u2019\u00e9criture en ligne, o\u00f9 elle se distingue d\u00e8s 2006 aux Tunisia Blog Awards, avant de se consacrer au journalisme culturel, avec une sp\u00e9cialisation dans la critique cin\u00e9matographique. Elle couvre r\u00e9guli\u00e8rement les grands festivals internationaux, notamment le Festival de Cannes, les Journ\u00e9es Cin\u00e9matographiques de Carthage et le Festival du film du Caire. Membre de l\u2019ATPCC et de la FIPRESCI, elle participe \u00e0 des jurys et initiatives internationales de critique. Depuis 2024, elle est \u00e9lectrice internationale aux Golden Globes. Facebook : https:\\\/\\\/www.facebook.com\\\/massir.destiniii\\\/ X : https:\\\/\\\/x.com\\\/MassirDestin\",\"sameAs\":[\"https:\\\/\\\/www.facebook.com\\\/massir.destiniii\\\/\",\"https:\\\/\\\/www.instagram.com\\\/neila.driss\\\/?hl=fr\",\"https:\\\/\\\/www.linkedin.com\\\/in\\\/neila-driss-22606a80\\\/\",\"https:\\\/\\\/x.com\\\/https:\\\/\\\/x.com\\\/MassirDestin\"],\"knowsAbout\":[\"Cin\u00e9ma international\",\"critique cin\u00e9matographique\",\"festivals de cin\u00e9ma\",\"journalisme culturel\"],\"knowsLanguage\":[\"Fran\u00e7ais\",\"Arabe\",\"Anglais\"],\"jobTitle\":\"Journaliste culturelle et critique de cin\u00e9ma\",\"worksFor\":\"Webdo\",\"url\":\"https:\\\/\\\/www.webdo.tn\\\/fr\\\/actualite\\\/author\\\/neila-driss\\\/\"}]}<\/script>\n<!-- \/ Yoast SEO Premium plugin. -->","yoast_head_json":{"title":"Des spectateurs de plus en plus nombreux pour le Festival International du Film du Caire","description":"Des spectateurs de plus en plus nombreux pour le Festival International du Film du Caire","canonical":"https:\/\/www.webdo.tn\/fr\/actualite\/culture\/des-spectateurs-de-plus-en-plus-nombreux-pour-le-festival-international-du-film-du-caire\/199893\/","og_locale":"fr_FR","og_type":"article","og_title":"Des spectateurs de plus en plus nombreux pour le Festival International du Film du Caire","og_description":"Des spectateurs de plus en plus nombreux pour le Festival International du Film du Caire","og_url":"https:\/\/www.webdo.tn\/fr\/actualite\/culture\/des-spectateurs-de-plus-en-plus-nombreux-pour-le-festival-international-du-film-du-caire\/199893\/","og_site_name":"webdo","article_publisher":"https:\/\/www.facebook.com\/webdotn","article_author":"https:\/\/www.facebook.com\/massir.destiniii\/","article_published_time":"2019-12-09T19:38:00+00:00","og_image":[{"width":1024,"height":768,"url":"https:\/\/www.webdo.tn\/fr\/wp-content\/uploads\/2019\/12\/Tapis-Rouge-04-1024x768-1.jpg","type":"image\/jpeg"}],"author":"Ne\u00efla DRISS","twitter_card":"summary_large_image","twitter_creator":"@https:\/\/x.com\/MassirDestin","twitter_site":"@webdo_tn","twitter_misc":{"\u00c9crit par":"Ne\u00efla DRISS","Dur\u00e9e de lecture estim\u00e9e":"8 minutes"},"schema":{"@context":"https:\/\/schema.org","@graph":[{"@type":"NewsArticle","@id":"https:\/\/www.webdo.tn\/fr\/actualite\/culture\/des-spectateurs-de-plus-en-plus-nombreux-pour-le-festival-international-du-film-du-caire\/199893\/#article","isPartOf":{"@id":"https:\/\/www.webdo.tn\/fr\/actualite\/culture\/des-spectateurs-de-plus-en-plus-nombreux-pour-le-festival-international-du-film-du-caire\/199893\/"},"author":{"name":"Ne\u00efla DRISS","@id":"https:\/\/www.webdo.tn\/fr\/#\/schema\/person\/60d5ba619ed3f58783b0dc82b7dada80"},"headline":"Des spectateurs de plus en plus nombreux pour le Festival International du Film du Caire","datePublished":"2019-12-09T19:38:00+00:00","mainEntityOfPage":{"@id":"https:\/\/www.webdo.tn\/fr\/actualite\/culture\/des-spectateurs-de-plus-en-plus-nombreux-pour-le-festival-international-du-film-du-caire\/199893\/"},"wordCount":1710,"commentCount":0,"publisher":{"@id":"https:\/\/www.webdo.tn\/fr\/#organization"},"image":{"@id":"https:\/\/www.webdo.tn\/fr\/actualite\/culture\/des-spectateurs-de-plus-en-plus-nombreux-pour-le-festival-international-du-film-du-caire\/199893\/#primaryimage"},"thumbnailUrl":"https:\/\/www.webdo.tn\/fr\/wp-content\/uploads\/2019\/12\/Tapis-Rouge-04-1024x768-1.jpg","keywords":["analyse","CIFF","CIFF 2019","CIFF 41","Cin\u00e9ma","Festival International du Film du Caire"],"articleSection":["Culture"],"inLanguage":"fr-FR"},{"@type":"WebPage","@id":"https:\/\/www.webdo.tn\/fr\/actualite\/culture\/des-spectateurs-de-plus-en-plus-nombreux-pour-le-festival-international-du-film-du-caire\/199893\/","url":"https:\/\/www.webdo.tn\/fr\/actualite\/culture\/des-spectateurs-de-plus-en-plus-nombreux-pour-le-festival-international-du-film-du-caire\/199893\/","name":"Des spectateurs de plus en plus nombreux pour le Festival International du Film du Caire","isPartOf":{"@id":"https:\/\/www.webdo.tn\/fr\/#website"},"primaryImageOfPage":{"@id":"https:\/\/www.webdo.tn\/fr\/actualite\/culture\/des-spectateurs-de-plus-en-plus-nombreux-pour-le-festival-international-du-film-du-caire\/199893\/#primaryimage"},"image":{"@id":"https:\/\/www.webdo.tn\/fr\/actualite\/culture\/des-spectateurs-de-plus-en-plus-nombreux-pour-le-festival-international-du-film-du-caire\/199893\/#primaryimage"},"thumbnailUrl":"https:\/\/www.webdo.tn\/fr\/wp-content\/uploads\/2019\/12\/Tapis-Rouge-04-1024x768-1.jpg","datePublished":"2019-12-09T19:38:00+00:00","description":"Des spectateurs de plus en plus nombreux pour le Festival International du Film du Caire","breadcrumb":{"@id":"https:\/\/www.webdo.tn\/fr\/actualite\/culture\/des-spectateurs-de-plus-en-plus-nombreux-pour-le-festival-international-du-film-du-caire\/199893\/#breadcrumb"},"inLanguage":"fr-FR","potentialAction":[{"@type":"ReadAction","target":["https:\/\/www.webdo.tn\/fr\/actualite\/culture\/des-spectateurs-de-plus-en-plus-nombreux-pour-le-festival-international-du-film-du-caire\/199893\/"]}]},{"@type":"ImageObject","inLanguage":"fr-FR","@id":"https:\/\/www.webdo.tn\/fr\/actualite\/culture\/des-spectateurs-de-plus-en-plus-nombreux-pour-le-festival-international-du-film-du-caire\/199893\/#primaryimage","url":"https:\/\/www.webdo.tn\/fr\/wp-content\/uploads\/2019\/12\/Tapis-Rouge-04-1024x768-1.jpg","contentUrl":"https:\/\/www.webdo.tn\/fr\/wp-content\/uploads\/2019\/12\/Tapis-Rouge-04-1024x768-1.jpg","width":1024,"height":768,"caption":"Des spectateurs de plus en plus nombreux pour le Festival International du Film du Caire"},{"@type":"BreadcrumbList","@id":"https:\/\/www.webdo.tn\/fr\/actualite\/culture\/des-spectateurs-de-plus-en-plus-nombreux-pour-le-festival-international-du-film-du-caire\/199893\/#breadcrumb","itemListElement":[{"@type":"ListItem","position":1,"name":"Accueil","item":"https:\/\/www.webdo.tn\/fr\/"},{"@type":"ListItem","position":2,"name":"Des spectateurs de plus en plus nombreux pour le Festival International du Film du Caire"}]},{"@type":"WebSite","@id":"https:\/\/www.webdo.tn\/fr\/#website","url":"https:\/\/www.webdo.tn\/fr\/","name":"webdo","description":"Tunisie - News en Tunisie et \u00e0 l&#039;international sur Webdo.tn","publisher":{"@id":"https:\/\/www.webdo.tn\/fr\/#organization"},"potentialAction":[{"@type":"SearchAction","target":{"@type":"EntryPoint","urlTemplate":"https:\/\/www.webdo.tn\/fr\/?s={search_term_string}"},"query-input":{"@type":"PropertyValueSpecification","valueRequired":true,"valueName":"search_term_string"}}],"inLanguage":"fr-FR"},{"@type":"Organization","@id":"https:\/\/www.webdo.tn\/fr\/#organization","name":"Webdo","alternateName":"Webdo.tn","url":"https:\/\/www.webdo.tn\/fr\/","logo":{"@type":"ImageObject","inLanguage":"fr-FR","@id":"https:\/\/www.webdo.tn\/fr\/#\/schema\/logo\/image\/","url":"https:\/\/www.webdo.tn\/fr\/wp-content\/uploads\/2025\/06\/Webdo-Tunisie_168377.jpg","contentUrl":"https:\/\/www.webdo.tn\/fr\/wp-content\/uploads\/2025\/06\/Webdo-Tunisie_168377.jpg","width":301,"height":301,"caption":"Webdo"},"image":{"@id":"https:\/\/www.webdo.tn\/fr\/#\/schema\/logo\/image\/"},"sameAs":["https:\/\/www.facebook.com\/webdotn","https:\/\/x.com\/webdo_tn"],"description":"Webdo est un m\u00e9dia num\u00e9rique tunisien fond\u00e9 en 2010, sp\u00e9cialis\u00e9 dans l\u2019actualit\u00e9 nationale et internationale, l\u2019\u00e9conomie, la soci\u00e9t\u00e9 et les analyses politiques. Le site s\u2019adresse \u00e0 un large public francophone et couvre l\u2019information tunisienne en temps r\u00e9el.","email":"redac@webdo.tn","legalName":"YNJ SARL","foundingDate":"2010-09-06","numberOfEmployees":{"@type":"QuantitativeValue","minValue":"11","maxValue":"50"}},{"@type":"Person","@id":"https:\/\/www.webdo.tn\/fr\/#\/schema\/person\/60d5ba619ed3f58783b0dc82b7dada80","name":"Ne\u00efla DRISS","image":{"@type":"ImageObject","inLanguage":"fr-FR","@id":"https:\/\/www.webdo.tn\/fr\/wp-content\/uploads\/2026\/04\/neila-driss_avatar-96x96.jpg","url":"https:\/\/www.webdo.tn\/fr\/wp-content\/uploads\/2026\/04\/neila-driss_avatar-96x96.jpg","contentUrl":"https:\/\/www.webdo.tn\/fr\/wp-content\/uploads\/2026\/04\/neila-driss_avatar-96x96.jpg","caption":"Ne\u00efla DRISS"},"description":"Ne\u00efla Driss est juriste, journaliste culturelle et critique de cin\u00e9ma tunisienne. Titulaire d\u2019un DEA en droit priv\u00e9 de l\u2019Universit\u00e9 Paris II et d\u2019un DESS de l\u2019IHEC Carthage, elle d\u00e9bute sa carri\u00e8re comme juriste sp\u00e9cialis\u00e9e en gestion de patrimoine immobilier. Elle s\u2019oriente ensuite vers l\u2019\u00e9criture en ligne, o\u00f9 elle se distingue d\u00e8s 2006 aux Tunisia Blog Awards, avant de se consacrer au journalisme culturel, avec une sp\u00e9cialisation dans la critique cin\u00e9matographique. Elle couvre r\u00e9guli\u00e8rement les grands festivals internationaux, notamment le Festival de Cannes, les Journ\u00e9es Cin\u00e9matographiques de Carthage et le Festival du film du Caire. Membre de l\u2019ATPCC et de la FIPRESCI, elle participe \u00e0 des jurys et initiatives internationales de critique. Depuis 2024, elle est \u00e9lectrice internationale aux Golden Globes. Facebook : https:\/\/www.facebook.com\/massir.destiniii\/ X : https:\/\/x.com\/MassirDestin","sameAs":["https:\/\/www.facebook.com\/massir.destiniii\/","https:\/\/www.instagram.com\/neila.driss\/?hl=fr","https:\/\/www.linkedin.com\/in\/neila-driss-22606a80\/","https:\/\/x.com\/https:\/\/x.com\/MassirDestin"],"knowsAbout":["Cin\u00e9ma international","critique cin\u00e9matographique","festivals de cin\u00e9ma","journalisme culturel"],"knowsLanguage":["Fran\u00e7ais","Arabe","Anglais"],"jobTitle":"Journaliste culturelle et critique de cin\u00e9ma","worksFor":"Webdo","url":"https:\/\/www.webdo.tn\/fr\/actualite\/author\/neila-driss\/"}]}},"_links":{"self":[{"href":"https:\/\/www.webdo.tn\/fr\/wp-json\/wp\/v2\/posts\/199893","targetHints":{"allow":["GET"]}}],"collection":[{"href":"https:\/\/www.webdo.tn\/fr\/wp-json\/wp\/v2\/posts"}],"about":[{"href":"https:\/\/www.webdo.tn\/fr\/wp-json\/wp\/v2\/types\/post"}],"author":[{"embeddable":true,"href":"https:\/\/www.webdo.tn\/fr\/wp-json\/wp\/v2\/users\/3164"}],"replies":[{"embeddable":true,"href":"https:\/\/www.webdo.tn\/fr\/wp-json\/wp\/v2\/comments?post=199893"}],"version-history":[{"count":0,"href":"https:\/\/www.webdo.tn\/fr\/wp-json\/wp\/v2\/posts\/199893\/revisions"}],"wp:featuredmedia":[{"embeddable":true,"href":"https:\/\/www.webdo.tn\/fr\/wp-json\/wp\/v2\/media\/292523"}],"wp:attachment":[{"href":"https:\/\/www.webdo.tn\/fr\/wp-json\/wp\/v2\/media?parent=199893"}],"wp:term":[{"taxonomy":"category","embeddable":true,"href":"https:\/\/www.webdo.tn\/fr\/wp-json\/wp\/v2\/categories?post=199893"},{"taxonomy":"post_tag","embeddable":true,"href":"https:\/\/www.webdo.tn\/fr\/wp-json\/wp\/v2\/tags?post=199893"}],"curies":[{"name":"wp","href":"https:\/\/api.w.org\/{rel}","templated":true}]}}