{"id":199892,"date":"2019-12-08T21:06:00","date_gmt":"2019-12-08T21:06:00","guid":{"rendered":"https:\/\/www.webdo.tn\/fr\/blog\/le-festival-international-du-film-du-caire-premier-festival-arabe-a-signer-la-charte-du-collectif-50-50\/199892\/"},"modified":"2019-12-08T21:06:00","modified_gmt":"2019-12-08T21:06:00","slug":"le-festival-international-du-film-du-caire-premier-festival-arabe-a-signer-la-charte-du-collectif-50-50","status":"publish","type":"post","link":"https:\/\/www.webdo.tn\/fr\/actualite\/culture\/le-festival-international-du-film-du-caire-premier-festival-arabe-a-signer-la-charte-du-collectif-50-50\/199892\/","title":{"rendered":"Le Festival International du Film du Caire, premier festival arabe \u00e0 signer la charte du collectif 50\/50"},"content":{"rendered":"<div class=\"single-body entry-content typography-copy\" itemprop=\"articleBody\">\n<p style=\"font-weight: bold; text-align: justify\">\n<div class=\"coprs\" style=\"text-align: center\"><\/div>\n<div class=\"coprs\" style=\"text-align: justify\">\n<p>Une des nouveaut\u00e9s de la 41\u00e8me \u00e9dition du Festival International du Film du Caire (CIFF), qui s\u2019est achev\u00e9e il y a quelques jours, est la signature de la Charte pour l&rsquo;inclusion et la diversit\u00e9 dans le cin\u00e9ma et l\u2019audiovisuel port\u00e9e par le collectif 50\/50 et annonc\u00e9e d\u00e8s la c\u00e9r\u00e9monie d&rsquo;ouverture du festival, avec la projection d&rsquo;une vid\u00e9o relatant le r\u00f4le des femmes dans la naissance du cin\u00e9ma \u00e9gyptien.<\/p>\n<p><iframe allowfullscreen=\"true\" frameborder=\"0\" height=\"314\" scrolling=\"no\" src=\"https:\/\/www.facebook.com\/plugins\/video.php?height=314&amp;href=https%3A%2F%2Fwww.facebook.com%2FCairoFilms%2Fvideos%2F525950247987189%2F&amp;show_text=false&amp;width=560&amp;t=0\" width=\"560\"><\/iframe><\/p>\n<p>\u00a0<\/p>\n<p>Apr\u00e8s un peu plus d\u2019une cinquantaine de festivals de part le monde, dont ceux de Cannes, Locarno, Berlin, Venise, Toronto, Saint-S\u00e9bastien, Londres, Sarajevo, Los Angeles, Rome et New York, et voulant \u00eatre un festival en conformit\u00e9 avec son \u00e9poque et avec les valeurs qu\u2019il pr\u00f4ne, le CIFF est le premier festival du monde arabe \u00e0 signer la Charte pour l\u2019inclusion et la diversit\u00e9 dans le cin\u00e9ma et l\u2019audiovisuel du collectif 50\/50 qui a \u00e9t\u00e9 lanc\u00e9 \u00e0 Cannes en Mai 2018 par l&rsquo;association <em>Le Deuxi\u00e8me regard<\/em> et est soutenu par 300 personnalit\u00e9s du cin\u00e9ma, aussi bien acteurs, que r\u00e9alisateurs, producteurs, distributeurs et techniciens.<\/p>\n<p>Ayant constat\u00e9 que dans ce milieu du cin\u00e9ma, il y a une tr\u00e8s forte domination masculine, avec en plus une grande disparit\u00e9 des salaires et cachets, et profitant des suites de l\u2019affaire Weinstein pour \u00ab\u00a0<em>transformer un moment en mouvement\u00a0\u00bb<\/em>, en \u00ab\u00a0<em>d\u00e9passant le seul sujet des violences sexuelles\u00a0\u00bb<\/em>\u00a0pour \u00ab\u00a0<em>avancer sur des mesures concr\u00e8tes\u00a0\u00bb<\/em>, le collectif 50\/50 a pour objectif, en donnant les chiffres, de mettre l&rsquo;accent sur ces disparit\u00e9s qui existent au sein de ce secteur et permettre donc une plus grande \u00e9galit\u00e9 entre hommes et femmes dans ce milieu.<\/p>\n<p>Dans le cadre de cette charte, les festivals s&rsquo;engagent \u00e0 \u0153uvrer pour la parit\u00e9 hommes femmes au sein de leurs \u00e9quipes, y compris lors du recrutement de b\u00e9n\u00e9voles, \u00e0 am\u00e9liorer la transparence des processus de s\u00e9lections des films et \u00e0 publier des statistiques \u00e0 cet effet.<\/p>\n<p>Pourquoi avoir pris la d\u00e9cision de signer cette charte? Quelle a \u00e9t\u00e9 la motivation du festival? A part donner des chiffres, est-ce que cela aura un impact sur la programmation du festival?<\/p>\n<p>Ahmed Shawky, directeur artistique du CIFF, a essay\u00e9 de r\u00e9pondre \u00e0 ces questions\u00a0: \u00ab\u00a0<em>notre festival ayant des relations \u00e9troites avec la\u00a0F\u00e9d\u00e9ration Internationale des Associations des Producteurs de Films\u00a0(FIAPF), qui avec le festival de Cannes, a \u00e9t\u00e9 derri\u00e8re cette initiative du collectif 50\/50, nous leur avons demand\u00e9 quelles \u00e9taient les conditions pour y adh\u00e9rer et nous avons appris que\u00a0:<\/em><\/p>\n<p><em>1\/ concernant l\u2019\u00e9quipe de travail du festival, il fallait qu\u2019elle comprenne au moins 50% de femmes, or nous avons d\u00e9couvert que chez nous le nombre de femmes est plus important que le nombre d&rsquo;hommes. En effet, 70% de l&rsquo;\u00e9quipe du CIFF sont des femmes, et 60% de l&rsquo;\u00e9quipe des programmateurs sont des femmes.<\/em><\/p>\n<p><em>2\/ concernant les films, la charte demande une transparence dans les chiffres, or d\u00e9j\u00e0 \u00e0 chaque \u00e9dition, nous donnons ces chiffres, et nous n&rsquo;avons aucun probl\u00e8me \u00e0 donner le pourcentage de films r\u00e9alis\u00e9s par des femmes, puisque nous sommes convaincus que les femmes, aussi bien dans le monde arabe qu&rsquo;ailleurs, font de tr\u00e8s bons films.<\/em><\/p>\n<p><em>Je ne pense pas que cette signature changera quelque chose dans le choix de nos films, parce que de toute fa\u00e7on notre priorit\u00e9 absolue est la qualit\u00e9. Avant tout au CIFF, nous programmons de bons films, mais il est \u00e9vident que nous accorderons plus d\u2019importance \u00e0 ce crit\u00e8re de parit\u00e9. De toute fa\u00e7on, avec le nombre croissant de r\u00e9alisatrices depuis quelques ann\u00e9es, logiquement la programmation du nombre de films r\u00e9alis\u00e9s par des femmes augmentera. Nous ne le ferons pas expr\u00e8s, mais cela se fera spontan\u00e9ment\u00a0\u00bb<\/em>.<\/p>\n<p>R\u00e9ponse d\u2019ailleurs confirm\u00e9e par le pr\u00e9sident du festival Mohamed Hefzy lui-m\u00eame, qui insiste sur le fait que la qualit\u00e9 des films sera toujours le seul crit\u00e8re de s\u00e9lection, mais d\u2019apr\u00e8s lui, savoir qu\u2019il faudra publier les chiffres jouera un r\u00f4le psychologique et \u00e0 qualit\u00e9 \u00e9gale, le choix se portera inconsciemment sur les films r\u00e9alis\u00e9s par des femmes pour arriver \u00e0 r\u00e9aliser cette parit\u00e9 hommes femmes.<\/p>\n<p>En r\u00e9alit\u00e9 la signature de cette charte n\u2019est pas \u00e9tonnante de la part du CIFF, dont le logo repr\u00e9sente la d\u00e9esse Isis, et qui a montr\u00e9 au fil des ann\u00e9es qu\u2019il respectait les femmes et s\u2019int\u00e9ressait m\u00eame \u00e0 promouvoir leurs droits.<\/p>\n<p>En effet, par exemple lors de l\u2019\u00e9dition 2017, le CIFF avait pris part \u00e0 la \u00ab<a href=\"http:\/\/www.un.org\/fr\/events\/endviolenceday\/\">Journ\u00e9e internationale pour l\u2019\u00e9limination de la violence \u00e0 l\u2019\u00e9gard des femmes<\/a> et en collaboration avec le Conseil National de la femme et le bureau des Nations Unies de la femme en Egypte, avait particip\u00e9 au lancement d\u2019une campagne m\u00e9diatique pour faire connaitre\u00a0<a href=\"http:\/\/www.unwomen.org\/fr\/what-we-do\/ending-violence-against-women\/take-action\">cette journ\u00e9e orange<\/a>\u00a0\u00e0 travers <a href=\"http:\/\/www.webdo.tn\/2017\/11\/21\/festival-international-film-caire-ciff-activites-culturelles-diversifiees-engagement-femme\/\">les activit\u00e9s du festival<\/a> et pour insister sur le r\u00f4le positif que pourrait jouer l\u2019industrie du cin\u00e9ma dans l\u2019\u00e9limination de la violence envers les femmes en Egypte et dans le monde.<\/p>\n<p><a href=\"http:\/\/www.webdo.tn\/2018\/11\/20\/le-festival-international-du-film-du-caire-fete-sa-40eme-edition\/\">Par ailleurs, en 2018, lors de la 40\u00e8me \u00e9dition, le CIFF a rendu hommage aux femmes en programmant neuf films de r\u00e9alisatrices arabes reconnues \u00e0 l\u2019\u00e9chelle internationale. Ces r\u00e9alisatrices avaient en plus anim\u00e9 un panel sur leur m\u00e9tier. Parmi elles, la palestinienne Annemarie Jacir, l\u2019alg\u00e9rienne Sofia Djama, la tunisienne Khaouther Ben Hania et les \u00e9gyptiennes Hala Khalil et Hala Lotfy.<\/a><\/p>\n<p>Pour cette 41\u00e8me \u00e9dition, l\u2019unique film \u00e9gyptien en comp\u00e9tition internationale, et qui d\u2019ailleurs a remport\u00e9 le Prix du Public Youssef Cherif Rizkallah, \u00e9tait <em>Let\u2019s talk<\/em>, r\u00e9alis\u00e9 et produit par Marianne Khoury, donc par une femme.<\/p>\n<p>Delphyne Besse, membre fondateur du Collectif 50\/50 a d\u00e9clar\u00e9: \u00ab <em>Nous sommes extr\u00eamement heureux que le Festival du Caire ait d\u00e9cid\u00e9 de signer la charte, montrant ainsi son attachement \u00e0 la question de l&rsquo;\u00e9galit\u00e9 et de l&rsquo;inclusion dans le R\u00e9gion arabe. Nous esp\u00e9rons que de nombreux autres festivals de la r\u00e9gion suivront leur exemple. \u00bb<\/em><\/p>\n<p>Peut-on esp\u00e9rer que les Journ\u00e9es Cin\u00e9matographiques de Carthage (JCC) seront les prochains \u00e0 signer cette charte? Apr\u00e8s tout, la Tunisie est cens\u00e9e \u00eatre le pays le plus avant-gardiste en ce qui concerne les droits des femmes!<\/p>\n<p>\u00a0<\/p>\n<p><strong>Ne\u00efla Driss<\/strong><\/p>\n<p><em>Lire sur le m\u00eame sujet:<\/em><\/p>\n<ul>\n<li><a href=\"http:\/\/www.webdo.tn\/2019\/11\/19\/la-41eme-session-du-festival-international-du-film-du-caire-dediee-a-youssef-cherif-rizkallah\/\" rel=\"bookmark\" title=\"La 41\u00e8me session du Festival International du Film du Caire d\u00e9di\u00e9e \u00e0 Youssef Cherif Rizkallah\">La 41\u00e8me session du Festival International du Film du Caire d\u00e9di\u00e9e \u00e0 Youssef Cherif Rizkallah<\/a><\/li>\n<li><a href=\"http:\/\/www.webdo.tn\/2019\/11\/20\/cinq-films-tunisiens-au-festival-international-du-film-du-caire\/\" rel=\"bookmark\" title=\"Cinq films tunisiens au Festival International du Film du Caire\">Cinq films tunisiens au Festival International du Film du Caire<\/a><\/li>\n<li><a href=\"http:\/\/www.webdo.tn\/2019\/11\/23\/ouverture-du-festival-international-du-film-du-caire\/\" rel=\"bookmark\" title=\"Ouverture du Festival International du Film du Caire\">Ouverture du Festival International du Film du Caire<\/a><\/li>\n<li><a href=\"http:\/\/www.webdo.tn\/2019\/11\/26\/prix-du-meilleur-film-de-la-critique-arabe-pour-le-film-dieu-existe-son-nom-est-petrunya\/\" rel=\"bookmark\" title=\"Prix du Meilleur film de la critique arabe pour le film \u00ab\u00a0Dieu existe, son nom est Petrunya\u00a0\u00bb\">Prix du Meilleur film de la critique arabe pour le film \u00ab\u00a0Dieu existe, son nom est Petrunya\u00a0\u00bb<\/a><\/li>\n<li><a href=\"http:\/\/www.webdo.tn\/2019\/11\/27\/cairo-je-taime\/\" rel=\"bookmark\" title=\"Cairo Je t\u2019aime !\">Cairo Je t\u2019aime<\/a><\/li>\n<li><a href=\"http:\/\/www.webdo.tn\/2019\/11\/29\/un-fils-de-mehdi-barsaoui-enchante-le-public-du-festival-international-du-caire\/\" rel=\"bookmark\" title=\"\u00ab\u00a0Un fils\u00a0\u00bb de Mehdi Barsaoui enchante le public du Festival International du Film du Caire\">\u00ab\u00a0Un fils\u00a0\u00bb de Mehdi Barsaoui enchante le public du Festival International du Film du Caire<\/a><\/li>\n<li><a href=\"http:\/\/www.webdo.tn\/2019\/12\/01\/le-cinema-tunisien-grand-vainqueur-du-festival-international-du-film-du-caire\/\" rel=\"bookmark\" title=\"Le cin\u00e9ma tunisien grand vainqueur du Festival International du Film du Caire\">Le cin\u00e9ma tunisien grand vainqueur du Festival International du Film du Caire<\/a><\/li>\n<li><a href=\"http:\/\/www.webdo.tn\/2019\/12\/03\/un-fils-de-mehdi-barsaoui-triplement-recompense-au-festival-international-du-film-du-caire\/\" rel=\"bookmark\" title=\"\u00ab\u00a0Un fils\u00a0\u00bb de Mehdi Barsaoui, triplement r\u00e9compens\u00e9 au Festival International du Film du Caire\">\u00ab\u00a0Un fils\u00a0\u00bb de Mehdi Barsaoui, triplement r\u00e9compens\u00e9 au Festival International du Film du Caire<\/a><\/li>\n<li><a href=\"http:\/\/www.webdo.tn\/2019\/12\/09\/des-spectateurs-de-plus-en-plus-nombreux-pour-le-festival-international-du-film-du-caire\/\" rel=\"bookmark\" title=\"Des spectateurs de plus en plus nombreux pour le Festival International du Film du Caire\">Des spectateurs de plus en plus nombreux pour le Festival International du Film du Caire<\/a><\/li>\n<li><a href=\"http:\/\/www.webdo.tn\/2019\/12\/23\/mohamed-hefzy-dans-la-liste-variety-500\/\" rel=\"bookmark\" title=\"Mohamed Hefzy dans la liste Variety 500\">Mohamed Hefzy dans la liste Variety 500<\/a><\/li>\n<li><a href=\"http:\/\/www.webdo.tn\/2020\/01\/07\/najla-ben-abdallah-un-film-qui-sait-toucher-le-public-peut-changer-les-mentalites-et-les-lois\/\" rel=\"bookmark\" title=\"Najla Ben Abdallah\u00a0: un film qui sait toucher le public peut changer les mentalit\u00e9s et les lois\">Najla Ben Abdallah\u00a0: un film qui sait toucher le public peut changer les mentalit\u00e9s et les lois<\/a><\/li>\n<\/ul><\/div>\n<div class=\"coprs\" style=\"text-align: center\"><\/div><\/div>\n","protected":false},"excerpt":{"rendered":"<p>Le Festival International du Film du Caire, premier festival arabe \u00e0 signer la charte du collectif 50\/50<\/p>\n","protected":false},"author":3164,"featured_media":292538,"comment_status":"open","ping_status":"closed","sticky":false,"template":"","format":"standard","meta":{"footnotes":""},"categories":[2594],"tags":[11283,3257,9107,3255],"class_list":["post-199892","post","type-post","status-publish","format-standard","has-post-thumbnail","hentry","category-culture","tag-collectif-50-50","tag-ciff","tag-ciff-2019","tag-festival-international-du-film-du-caire"],"yoast_head":"<!-- This site is optimized with the Yoast SEO Premium plugin v27.4 (Yoast SEO v27.4) - https:\/\/yoast.com\/product\/yoast-seo-premium-wordpress\/ -->\n<title>Le Festival International du Film du Caire, premier festival arabe \u00e0 signer la charte du collectif 50\/50<\/title>\n<meta name=\"description\" content=\"Le Festival International du Film du Caire, premier festival arabe \u00e0 signer la charte du collectif 50\/50\" \/>\n<link rel=\"canonical\" href=\"https:\/\/www.webdo.tn\/fr\/actualite\/culture\/le-festival-international-du-film-du-caire-premier-festival-arabe-a-signer-la-charte-du-collectif-50-50\/199892\/\" \/>\n<meta property=\"og:locale\" content=\"fr_FR\" \/>\n<meta property=\"og:type\" content=\"article\" \/>\n<meta property=\"og:title\" content=\"Le Festival International du Film du Caire, premier festival arabe \u00e0 signer la charte du collectif 50\/50\" \/>\n<meta property=\"og:description\" content=\"Le Festival International du Film du Caire, premier festival arabe \u00e0 signer la charte du collectif 50\/50\" \/>\n<meta property=\"og:url\" content=\"https:\/\/www.webdo.tn\/fr\/actualite\/culture\/le-festival-international-du-film-du-caire-premier-festival-arabe-a-signer-la-charte-du-collectif-50-50\/199892\/\" \/>\n<meta property=\"og:site_name\" content=\"webdo\" \/>\n<meta property=\"article:publisher\" content=\"https:\/\/www.facebook.com\/webdotn\" \/>\n<meta property=\"article:author\" content=\"https:\/\/www.facebook.com\/massir.destiniii\/\" \/>\n<meta property=\"article:published_time\" content=\"2019-12-08T21:06:00+00:00\" \/>\n<meta property=\"og:image\" content=\"https:\/\/www.webdo.tn\/fr\/wp-content\/uploads\/2019\/12\/Charte-50-50-1.jpg\" \/>\n\t<meta property=\"og:image:width\" content=\"867\" \/>\n\t<meta property=\"og:image:height\" content=\"520\" \/>\n\t<meta property=\"og:image:type\" content=\"image\/jpeg\" \/>\n<meta name=\"author\" content=\"Ne\u00efla DRISS\" \/>\n<meta name=\"twitter:card\" content=\"summary_large_image\" \/>\n<meta name=\"twitter:creator\" content=\"@https:\/\/x.com\/MassirDestin\" \/>\n<meta name=\"twitter:site\" content=\"@webdo_tn\" \/>\n<meta name=\"twitter:label1\" content=\"\u00c9crit par\" \/>\n\t<meta name=\"twitter:data1\" content=\"Ne\u00efla DRISS\" \/>\n\t<meta name=\"twitter:label2\" content=\"Dur\u00e9e de lecture estim\u00e9e\" \/>\n\t<meta name=\"twitter:data2\" content=\"6 minutes\" \/>\n<script type=\"application\/ld+json\" class=\"yoast-schema-graph\">{\"@context\":\"https:\\\/\\\/schema.org\",\"@graph\":[{\"@type\":\"NewsArticle\",\"@id\":\"https:\\\/\\\/www.webdo.tn\\\/fr\\\/actualite\\\/culture\\\/le-festival-international-du-film-du-caire-premier-festival-arabe-a-signer-la-charte-du-collectif-50-50\\\/199892\\\/#article\",\"isPartOf\":{\"@id\":\"https:\\\/\\\/www.webdo.tn\\\/fr\\\/actualite\\\/culture\\\/le-festival-international-du-film-du-caire-premier-festival-arabe-a-signer-la-charte-du-collectif-50-50\\\/199892\\\/\"},\"author\":{\"name\":\"Ne\u00efla DRISS\",\"@id\":\"https:\\\/\\\/www.webdo.tn\\\/fr\\\/#\\\/schema\\\/person\\\/60d5ba619ed3f58783b0dc82b7dada80\"},\"headline\":\"Le Festival International du Film du Caire, premier festival arabe \u00e0 signer la charte du collectif 50\\\/50\",\"datePublished\":\"2019-12-08T21:06:00+00:00\",\"mainEntityOfPage\":{\"@id\":\"https:\\\/\\\/www.webdo.tn\\\/fr\\\/actualite\\\/culture\\\/le-festival-international-du-film-du-caire-premier-festival-arabe-a-signer-la-charte-du-collectif-50-50\\\/199892\\\/\"},\"wordCount\":1231,\"commentCount\":0,\"publisher\":{\"@id\":\"https:\\\/\\\/www.webdo.tn\\\/fr\\\/#organization\"},\"image\":{\"@id\":\"https:\\\/\\\/www.webdo.tn\\\/fr\\\/actualite\\\/culture\\\/le-festival-international-du-film-du-caire-premier-festival-arabe-a-signer-la-charte-du-collectif-50-50\\\/199892\\\/#primaryimage\"},\"thumbnailUrl\":\"https:\\\/\\\/www.webdo.tn\\\/fr\\\/wp-content\\\/uploads\\\/2019\\\/12\\\/Charte-50-50-1.jpg\",\"keywords\":[\"'Collectif 50\\\/50']\",\"CIFF\",\"CIFF 2019\",\"Festival International du Film du Caire\"],\"articleSection\":[\"Culture\"],\"inLanguage\":\"fr-FR\"},{\"@type\":\"WebPage\",\"@id\":\"https:\\\/\\\/www.webdo.tn\\\/fr\\\/actualite\\\/culture\\\/le-festival-international-du-film-du-caire-premier-festival-arabe-a-signer-la-charte-du-collectif-50-50\\\/199892\\\/\",\"url\":\"https:\\\/\\\/www.webdo.tn\\\/fr\\\/actualite\\\/culture\\\/le-festival-international-du-film-du-caire-premier-festival-arabe-a-signer-la-charte-du-collectif-50-50\\\/199892\\\/\",\"name\":\"Le Festival International du Film du Caire, premier festival arabe \u00e0 signer la charte du collectif 50\\\/50\",\"isPartOf\":{\"@id\":\"https:\\\/\\\/www.webdo.tn\\\/fr\\\/#website\"},\"primaryImageOfPage\":{\"@id\":\"https:\\\/\\\/www.webdo.tn\\\/fr\\\/actualite\\\/culture\\\/le-festival-international-du-film-du-caire-premier-festival-arabe-a-signer-la-charte-du-collectif-50-50\\\/199892\\\/#primaryimage\"},\"image\":{\"@id\":\"https:\\\/\\\/www.webdo.tn\\\/fr\\\/actualite\\\/culture\\\/le-festival-international-du-film-du-caire-premier-festival-arabe-a-signer-la-charte-du-collectif-50-50\\\/199892\\\/#primaryimage\"},\"thumbnailUrl\":\"https:\\\/\\\/www.webdo.tn\\\/fr\\\/wp-content\\\/uploads\\\/2019\\\/12\\\/Charte-50-50-1.jpg\",\"datePublished\":\"2019-12-08T21:06:00+00:00\",\"description\":\"Le Festival International du Film du Caire, premier festival arabe \u00e0 signer la charte du collectif 50\\\/50\",\"breadcrumb\":{\"@id\":\"https:\\\/\\\/www.webdo.tn\\\/fr\\\/actualite\\\/culture\\\/le-festival-international-du-film-du-caire-premier-festival-arabe-a-signer-la-charte-du-collectif-50-50\\\/199892\\\/#breadcrumb\"},\"inLanguage\":\"fr-FR\",\"potentialAction\":[{\"@type\":\"ReadAction\",\"target\":[\"https:\\\/\\\/www.webdo.tn\\\/fr\\\/actualite\\\/culture\\\/le-festival-international-du-film-du-caire-premier-festival-arabe-a-signer-la-charte-du-collectif-50-50\\\/199892\\\/\"]}]},{\"@type\":\"ImageObject\",\"inLanguage\":\"fr-FR\",\"@id\":\"https:\\\/\\\/www.webdo.tn\\\/fr\\\/actualite\\\/culture\\\/le-festival-international-du-film-du-caire-premier-festival-arabe-a-signer-la-charte-du-collectif-50-50\\\/199892\\\/#primaryimage\",\"url\":\"https:\\\/\\\/www.webdo.tn\\\/fr\\\/wp-content\\\/uploads\\\/2019\\\/12\\\/Charte-50-50-1.jpg\",\"contentUrl\":\"https:\\\/\\\/www.webdo.tn\\\/fr\\\/wp-content\\\/uploads\\\/2019\\\/12\\\/Charte-50-50-1.jpg\",\"width\":867,\"height\":520,\"caption\":\"Le Festival International du Film du Caire, premier festival arabe \u00e0 signer la charte du collectif 50\\\/50\"},{\"@type\":\"BreadcrumbList\",\"@id\":\"https:\\\/\\\/www.webdo.tn\\\/fr\\\/actualite\\\/culture\\\/le-festival-international-du-film-du-caire-premier-festival-arabe-a-signer-la-charte-du-collectif-50-50\\\/199892\\\/#breadcrumb\",\"itemListElement\":[{\"@type\":\"ListItem\",\"position\":1,\"name\":\"Accueil\",\"item\":\"https:\\\/\\\/www.webdo.tn\\\/fr\\\/\"},{\"@type\":\"ListItem\",\"position\":2,\"name\":\"Le Festival International du Film du Caire, premier festival arabe \u00e0 signer la charte du collectif 50\\\/50\"}]},{\"@type\":\"WebSite\",\"@id\":\"https:\\\/\\\/www.webdo.tn\\\/fr\\\/#website\",\"url\":\"https:\\\/\\\/www.webdo.tn\\\/fr\\\/\",\"name\":\"webdo\",\"description\":\"Tunisie - News en Tunisie et \u00e0 l&#039;international sur Webdo.tn\",\"publisher\":{\"@id\":\"https:\\\/\\\/www.webdo.tn\\\/fr\\\/#organization\"},\"potentialAction\":[{\"@type\":\"SearchAction\",\"target\":{\"@type\":\"EntryPoint\",\"urlTemplate\":\"https:\\\/\\\/www.webdo.tn\\\/fr\\\/?s={search_term_string}\"},\"query-input\":{\"@type\":\"PropertyValueSpecification\",\"valueRequired\":true,\"valueName\":\"search_term_string\"}}],\"inLanguage\":\"fr-FR\"},{\"@type\":\"Organization\",\"@id\":\"https:\\\/\\\/www.webdo.tn\\\/fr\\\/#organization\",\"name\":\"Webdo\",\"alternateName\":\"Webdo.tn\",\"url\":\"https:\\\/\\\/www.webdo.tn\\\/fr\\\/\",\"logo\":{\"@type\":\"ImageObject\",\"inLanguage\":\"fr-FR\",\"@id\":\"https:\\\/\\\/www.webdo.tn\\\/fr\\\/#\\\/schema\\\/logo\\\/image\\\/\",\"url\":\"https:\\\/\\\/www.webdo.tn\\\/fr\\\/wp-content\\\/uploads\\\/2025\\\/06\\\/Webdo-Tunisie_168377.jpg\",\"contentUrl\":\"https:\\\/\\\/www.webdo.tn\\\/fr\\\/wp-content\\\/uploads\\\/2025\\\/06\\\/Webdo-Tunisie_168377.jpg\",\"width\":301,\"height\":301,\"caption\":\"Webdo\"},\"image\":{\"@id\":\"https:\\\/\\\/www.webdo.tn\\\/fr\\\/#\\\/schema\\\/logo\\\/image\\\/\"},\"sameAs\":[\"https:\\\/\\\/www.facebook.com\\\/webdotn\",\"https:\\\/\\\/x.com\\\/webdo_tn\"],\"description\":\"Webdo est un m\u00e9dia num\u00e9rique tunisien fond\u00e9 en 2010, sp\u00e9cialis\u00e9 dans l\u2019actualit\u00e9 nationale et internationale, l\u2019\u00e9conomie, la soci\u00e9t\u00e9 et les analyses politiques. Le site s\u2019adresse \u00e0 un large public francophone et couvre l\u2019information tunisienne en temps r\u00e9el.\",\"email\":\"redac@webdo.tn\",\"legalName\":\"YNJ SARL\",\"foundingDate\":\"2010-09-06\",\"numberOfEmployees\":{\"@type\":\"QuantitativeValue\",\"minValue\":\"11\",\"maxValue\":\"50\"}},{\"@type\":\"Person\",\"@id\":\"https:\\\/\\\/www.webdo.tn\\\/fr\\\/#\\\/schema\\\/person\\\/60d5ba619ed3f58783b0dc82b7dada80\",\"name\":\"Ne\u00efla DRISS\",\"image\":{\"@type\":\"ImageObject\",\"inLanguage\":\"fr-FR\",\"@id\":\"https:\\\/\\\/www.webdo.tn\\\/fr\\\/wp-content\\\/uploads\\\/2026\\\/04\\\/neila-driss_avatar-96x96.jpg\",\"url\":\"https:\\\/\\\/www.webdo.tn\\\/fr\\\/wp-content\\\/uploads\\\/2026\\\/04\\\/neila-driss_avatar-96x96.jpg\",\"contentUrl\":\"https:\\\/\\\/www.webdo.tn\\\/fr\\\/wp-content\\\/uploads\\\/2026\\\/04\\\/neila-driss_avatar-96x96.jpg\",\"caption\":\"Ne\u00efla DRISS\"},\"description\":\"Ne\u00efla Driss est juriste, journaliste culturelle et critique de cin\u00e9ma tunisienne. Titulaire d\u2019un DEA en droit priv\u00e9 de l\u2019Universit\u00e9 Paris II et d\u2019un DESS de l\u2019IHEC Carthage, elle d\u00e9bute sa carri\u00e8re comme juriste sp\u00e9cialis\u00e9e en gestion de patrimoine immobilier. Elle s\u2019oriente ensuite vers l\u2019\u00e9criture en ligne, o\u00f9 elle se distingue d\u00e8s 2006 aux Tunisia Blog Awards, avant de se consacrer au journalisme culturel, avec une sp\u00e9cialisation dans la critique cin\u00e9matographique. Elle couvre r\u00e9guli\u00e8rement les grands festivals internationaux, notamment le Festival de Cannes, les Journ\u00e9es Cin\u00e9matographiques de Carthage et le Festival du film du Caire. Membre de l\u2019ATPCC et de la FIPRESCI, elle participe \u00e0 des jurys et initiatives internationales de critique. Depuis 2024, elle est \u00e9lectrice internationale aux Golden Globes. Facebook : https:\\\/\\\/www.facebook.com\\\/massir.destiniii\\\/ X : https:\\\/\\\/x.com\\\/MassirDestin\",\"sameAs\":[\"https:\\\/\\\/www.facebook.com\\\/massir.destiniii\\\/\",\"https:\\\/\\\/www.instagram.com\\\/neila.driss\\\/?hl=fr\",\"https:\\\/\\\/www.linkedin.com\\\/in\\\/neila-driss-22606a80\\\/\",\"https:\\\/\\\/x.com\\\/https:\\\/\\\/x.com\\\/MassirDestin\"],\"knowsAbout\":[\"Cin\u00e9ma international\",\"critique cin\u00e9matographique\",\"festivals de cin\u00e9ma\",\"journalisme culturel\"],\"knowsLanguage\":[\"Fran\u00e7ais\",\"Arabe\",\"Anglais\"],\"jobTitle\":\"Journaliste culturelle et critique de cin\u00e9ma\",\"worksFor\":\"Webdo\",\"url\":\"https:\\\/\\\/www.webdo.tn\\\/fr\\\/actualite\\\/author\\\/neila-driss\\\/\"}]}<\/script>\n<!-- \/ Yoast SEO Premium plugin. -->","yoast_head_json":{"title":"Le Festival International du Film du Caire, premier festival arabe \u00e0 signer la charte du collectif 50\/50","description":"Le Festival International du Film du Caire, premier festival arabe \u00e0 signer la charte du collectif 50\/50","canonical":"https:\/\/www.webdo.tn\/fr\/actualite\/culture\/le-festival-international-du-film-du-caire-premier-festival-arabe-a-signer-la-charte-du-collectif-50-50\/199892\/","og_locale":"fr_FR","og_type":"article","og_title":"Le Festival International du Film du Caire, premier festival arabe \u00e0 signer la charte du collectif 50\/50","og_description":"Le Festival International du Film du Caire, premier festival arabe \u00e0 signer la charte du collectif 50\/50","og_url":"https:\/\/www.webdo.tn\/fr\/actualite\/culture\/le-festival-international-du-film-du-caire-premier-festival-arabe-a-signer-la-charte-du-collectif-50-50\/199892\/","og_site_name":"webdo","article_publisher":"https:\/\/www.facebook.com\/webdotn","article_author":"https:\/\/www.facebook.com\/massir.destiniii\/","article_published_time":"2019-12-08T21:06:00+00:00","og_image":[{"width":867,"height":520,"url":"https:\/\/www.webdo.tn\/fr\/wp-content\/uploads\/2019\/12\/Charte-50-50-1.jpg","type":"image\/jpeg"}],"author":"Ne\u00efla DRISS","twitter_card":"summary_large_image","twitter_creator":"@https:\/\/x.com\/MassirDestin","twitter_site":"@webdo_tn","twitter_misc":{"\u00c9crit par":"Ne\u00efla DRISS","Dur\u00e9e de lecture estim\u00e9e":"6 minutes"},"schema":{"@context":"https:\/\/schema.org","@graph":[{"@type":"NewsArticle","@id":"https:\/\/www.webdo.tn\/fr\/actualite\/culture\/le-festival-international-du-film-du-caire-premier-festival-arabe-a-signer-la-charte-du-collectif-50-50\/199892\/#article","isPartOf":{"@id":"https:\/\/www.webdo.tn\/fr\/actualite\/culture\/le-festival-international-du-film-du-caire-premier-festival-arabe-a-signer-la-charte-du-collectif-50-50\/199892\/"},"author":{"name":"Ne\u00efla DRISS","@id":"https:\/\/www.webdo.tn\/fr\/#\/schema\/person\/60d5ba619ed3f58783b0dc82b7dada80"},"headline":"Le Festival International du Film du Caire, premier festival arabe \u00e0 signer la charte du collectif 50\/50","datePublished":"2019-12-08T21:06:00+00:00","mainEntityOfPage":{"@id":"https:\/\/www.webdo.tn\/fr\/actualite\/culture\/le-festival-international-du-film-du-caire-premier-festival-arabe-a-signer-la-charte-du-collectif-50-50\/199892\/"},"wordCount":1231,"commentCount":0,"publisher":{"@id":"https:\/\/www.webdo.tn\/fr\/#organization"},"image":{"@id":"https:\/\/www.webdo.tn\/fr\/actualite\/culture\/le-festival-international-du-film-du-caire-premier-festival-arabe-a-signer-la-charte-du-collectif-50-50\/199892\/#primaryimage"},"thumbnailUrl":"https:\/\/www.webdo.tn\/fr\/wp-content\/uploads\/2019\/12\/Charte-50-50-1.jpg","keywords":["'Collectif 50\/50']","CIFF","CIFF 2019","Festival International du Film du Caire"],"articleSection":["Culture"],"inLanguage":"fr-FR"},{"@type":"WebPage","@id":"https:\/\/www.webdo.tn\/fr\/actualite\/culture\/le-festival-international-du-film-du-caire-premier-festival-arabe-a-signer-la-charte-du-collectif-50-50\/199892\/","url":"https:\/\/www.webdo.tn\/fr\/actualite\/culture\/le-festival-international-du-film-du-caire-premier-festival-arabe-a-signer-la-charte-du-collectif-50-50\/199892\/","name":"Le Festival International du Film du Caire, premier festival arabe \u00e0 signer la charte du collectif 50\/50","isPartOf":{"@id":"https:\/\/www.webdo.tn\/fr\/#website"},"primaryImageOfPage":{"@id":"https:\/\/www.webdo.tn\/fr\/actualite\/culture\/le-festival-international-du-film-du-caire-premier-festival-arabe-a-signer-la-charte-du-collectif-50-50\/199892\/#primaryimage"},"image":{"@id":"https:\/\/www.webdo.tn\/fr\/actualite\/culture\/le-festival-international-du-film-du-caire-premier-festival-arabe-a-signer-la-charte-du-collectif-50-50\/199892\/#primaryimage"},"thumbnailUrl":"https:\/\/www.webdo.tn\/fr\/wp-content\/uploads\/2019\/12\/Charte-50-50-1.jpg","datePublished":"2019-12-08T21:06:00+00:00","description":"Le Festival International du Film du Caire, premier festival arabe \u00e0 signer la charte du collectif 50\/50","breadcrumb":{"@id":"https:\/\/www.webdo.tn\/fr\/actualite\/culture\/le-festival-international-du-film-du-caire-premier-festival-arabe-a-signer-la-charte-du-collectif-50-50\/199892\/#breadcrumb"},"inLanguage":"fr-FR","potentialAction":[{"@type":"ReadAction","target":["https:\/\/www.webdo.tn\/fr\/actualite\/culture\/le-festival-international-du-film-du-caire-premier-festival-arabe-a-signer-la-charte-du-collectif-50-50\/199892\/"]}]},{"@type":"ImageObject","inLanguage":"fr-FR","@id":"https:\/\/www.webdo.tn\/fr\/actualite\/culture\/le-festival-international-du-film-du-caire-premier-festival-arabe-a-signer-la-charte-du-collectif-50-50\/199892\/#primaryimage","url":"https:\/\/www.webdo.tn\/fr\/wp-content\/uploads\/2019\/12\/Charte-50-50-1.jpg","contentUrl":"https:\/\/www.webdo.tn\/fr\/wp-content\/uploads\/2019\/12\/Charte-50-50-1.jpg","width":867,"height":520,"caption":"Le Festival International du Film du Caire, premier festival arabe \u00e0 signer la charte du collectif 50\/50"},{"@type":"BreadcrumbList","@id":"https:\/\/www.webdo.tn\/fr\/actualite\/culture\/le-festival-international-du-film-du-caire-premier-festival-arabe-a-signer-la-charte-du-collectif-50-50\/199892\/#breadcrumb","itemListElement":[{"@type":"ListItem","position":1,"name":"Accueil","item":"https:\/\/www.webdo.tn\/fr\/"},{"@type":"ListItem","position":2,"name":"Le Festival International du Film du Caire, premier festival arabe \u00e0 signer la charte du collectif 50\/50"}]},{"@type":"WebSite","@id":"https:\/\/www.webdo.tn\/fr\/#website","url":"https:\/\/www.webdo.tn\/fr\/","name":"webdo","description":"Tunisie - News en Tunisie et \u00e0 l&#039;international sur Webdo.tn","publisher":{"@id":"https:\/\/www.webdo.tn\/fr\/#organization"},"potentialAction":[{"@type":"SearchAction","target":{"@type":"EntryPoint","urlTemplate":"https:\/\/www.webdo.tn\/fr\/?s={search_term_string}"},"query-input":{"@type":"PropertyValueSpecification","valueRequired":true,"valueName":"search_term_string"}}],"inLanguage":"fr-FR"},{"@type":"Organization","@id":"https:\/\/www.webdo.tn\/fr\/#organization","name":"Webdo","alternateName":"Webdo.tn","url":"https:\/\/www.webdo.tn\/fr\/","logo":{"@type":"ImageObject","inLanguage":"fr-FR","@id":"https:\/\/www.webdo.tn\/fr\/#\/schema\/logo\/image\/","url":"https:\/\/www.webdo.tn\/fr\/wp-content\/uploads\/2025\/06\/Webdo-Tunisie_168377.jpg","contentUrl":"https:\/\/www.webdo.tn\/fr\/wp-content\/uploads\/2025\/06\/Webdo-Tunisie_168377.jpg","width":301,"height":301,"caption":"Webdo"},"image":{"@id":"https:\/\/www.webdo.tn\/fr\/#\/schema\/logo\/image\/"},"sameAs":["https:\/\/www.facebook.com\/webdotn","https:\/\/x.com\/webdo_tn"],"description":"Webdo est un m\u00e9dia num\u00e9rique tunisien fond\u00e9 en 2010, sp\u00e9cialis\u00e9 dans l\u2019actualit\u00e9 nationale et internationale, l\u2019\u00e9conomie, la soci\u00e9t\u00e9 et les analyses politiques. Le site s\u2019adresse \u00e0 un large public francophone et couvre l\u2019information tunisienne en temps r\u00e9el.","email":"redac@webdo.tn","legalName":"YNJ SARL","foundingDate":"2010-09-06","numberOfEmployees":{"@type":"QuantitativeValue","minValue":"11","maxValue":"50"}},{"@type":"Person","@id":"https:\/\/www.webdo.tn\/fr\/#\/schema\/person\/60d5ba619ed3f58783b0dc82b7dada80","name":"Ne\u00efla DRISS","image":{"@type":"ImageObject","inLanguage":"fr-FR","@id":"https:\/\/www.webdo.tn\/fr\/wp-content\/uploads\/2026\/04\/neila-driss_avatar-96x96.jpg","url":"https:\/\/www.webdo.tn\/fr\/wp-content\/uploads\/2026\/04\/neila-driss_avatar-96x96.jpg","contentUrl":"https:\/\/www.webdo.tn\/fr\/wp-content\/uploads\/2026\/04\/neila-driss_avatar-96x96.jpg","caption":"Ne\u00efla DRISS"},"description":"Ne\u00efla Driss est juriste, journaliste culturelle et critique de cin\u00e9ma tunisienne. Titulaire d\u2019un DEA en droit priv\u00e9 de l\u2019Universit\u00e9 Paris II et d\u2019un DESS de l\u2019IHEC Carthage, elle d\u00e9bute sa carri\u00e8re comme juriste sp\u00e9cialis\u00e9e en gestion de patrimoine immobilier. Elle s\u2019oriente ensuite vers l\u2019\u00e9criture en ligne, o\u00f9 elle se distingue d\u00e8s 2006 aux Tunisia Blog Awards, avant de se consacrer au journalisme culturel, avec une sp\u00e9cialisation dans la critique cin\u00e9matographique. Elle couvre r\u00e9guli\u00e8rement les grands festivals internationaux, notamment le Festival de Cannes, les Journ\u00e9es Cin\u00e9matographiques de Carthage et le Festival du film du Caire. Membre de l\u2019ATPCC et de la FIPRESCI, elle participe \u00e0 des jurys et initiatives internationales de critique. Depuis 2024, elle est \u00e9lectrice internationale aux Golden Globes. Facebook : https:\/\/www.facebook.com\/massir.destiniii\/ X : https:\/\/x.com\/MassirDestin","sameAs":["https:\/\/www.facebook.com\/massir.destiniii\/","https:\/\/www.instagram.com\/neila.driss\/?hl=fr","https:\/\/www.linkedin.com\/in\/neila-driss-22606a80\/","https:\/\/x.com\/https:\/\/x.com\/MassirDestin"],"knowsAbout":["Cin\u00e9ma international","critique cin\u00e9matographique","festivals de cin\u00e9ma","journalisme culturel"],"knowsLanguage":["Fran\u00e7ais","Arabe","Anglais"],"jobTitle":"Journaliste culturelle et critique de cin\u00e9ma","worksFor":"Webdo","url":"https:\/\/www.webdo.tn\/fr\/actualite\/author\/neila-driss\/"}]}},"_links":{"self":[{"href":"https:\/\/www.webdo.tn\/fr\/wp-json\/wp\/v2\/posts\/199892","targetHints":{"allow":["GET"]}}],"collection":[{"href":"https:\/\/www.webdo.tn\/fr\/wp-json\/wp\/v2\/posts"}],"about":[{"href":"https:\/\/www.webdo.tn\/fr\/wp-json\/wp\/v2\/types\/post"}],"author":[{"embeddable":true,"href":"https:\/\/www.webdo.tn\/fr\/wp-json\/wp\/v2\/users\/3164"}],"replies":[{"embeddable":true,"href":"https:\/\/www.webdo.tn\/fr\/wp-json\/wp\/v2\/comments?post=199892"}],"version-history":[{"count":0,"href":"https:\/\/www.webdo.tn\/fr\/wp-json\/wp\/v2\/posts\/199892\/revisions"}],"wp:featuredmedia":[{"embeddable":true,"href":"https:\/\/www.webdo.tn\/fr\/wp-json\/wp\/v2\/media\/292538"}],"wp:attachment":[{"href":"https:\/\/www.webdo.tn\/fr\/wp-json\/wp\/v2\/media?parent=199892"}],"wp:term":[{"taxonomy":"category","embeddable":true,"href":"https:\/\/www.webdo.tn\/fr\/wp-json\/wp\/v2\/categories?post=199892"},{"taxonomy":"post_tag","embeddable":true,"href":"https:\/\/www.webdo.tn\/fr\/wp-json\/wp\/v2\/tags?post=199892"}],"curies":[{"name":"wp","href":"https:\/\/api.w.org\/{rel}","templated":true}]}}