{"id":199854,"date":"2019-10-21T12:05:00","date_gmt":"2019-10-21T12:05:00","guid":{"rendered":"https:\/\/www.webdo.tn\/fr\/blog\/la-30eme-session-des-journees-cinematographiques-de-carthage-est-dediee-a-nejib-ayed\/199854\/"},"modified":"2019-10-21T12:05:00","modified_gmt":"2019-10-21T12:05:00","slug":"la-30eme-session-des-journees-cinematographiques-de-carthage-est-dediee-a-nejib-ayed","status":"publish","type":"post","link":"https:\/\/www.webdo.tn\/fr\/actualite\/culture\/la-30eme-session-des-journees-cinematographiques-de-carthage-est-dediee-a-nejib-ayed\/199854\/","title":{"rendered":"La 30\u00e8me session des Journ\u00e9es Cin\u00e9matographiques de Carthage est d\u00e9di\u00e9e \u00e0 N\u00e9jib Ayed"},"content":{"rendered":"<div class=\"single-body entry-content typography-copy\" itemprop=\"articleBody\">\n<p style=\"font-weight: bold; text-align: justify\">\n<div class=\"coprs\" style=\"text-align: center\"><\/div>\n<div class=\"coprs\" style=\"text-align: justify\">\n\t\t\t\t\t\t\t\t\t\u00a0 \u00a0<\/p>\n<p>Vendredi dernier, le comit\u00e9 d\u2019organisation des <a href=\"https:\/\/www.jcctunisie.org\/\">Journ\u00e9es Cin\u00e9matographique de Carthage (JCC)<\/a> a tenu une conf\u00e9rence de presse pendant laquelle il a annonc\u00e9, en plus du programme de la trenti\u00e8me \u00e9dition qui va se d\u00e9rouler du 26 octobre au 2 novembre 2019, que celle-ci portera le nom et sera d\u00e9di\u00e9e \u00e0 N\u00e9jib Ayed, directeur g\u00e9n\u00e9ral des \u00e9ditions 2017, 2018 et 2019, disparu subitement en ao\u00fbt dernier \u00e0 deux mois du festival.<\/p>\n<p>Apr\u00e8s une minute de silence, Mme Chiraz Laatiri, directrice g\u00e9n\u00e9rale du CNCI a remerci\u00e9 N\u00e9jib Ayed pour avoir constitu\u00e9 une \u00e9quipe de travail \u00e0 laquelle il a inculqu\u00e9 l\u2019amour des JCC et qui a pu continuer le travail apr\u00e8s son d\u00e9part, tout en respectant sa vision et le programme qu\u2019il avait lui-m\u00eame trac\u00e9 pour cette \u00e9dition.<\/p>\n<p>Avec des larmes dans la voix, Mme Najet Nabli Ayed, coordinatrice aupr\u00e8s du comit\u00e9 des journ\u00e9es cin\u00e9matographiques de Carthage 2019, a rappel\u00e9 que son mari s\u2019\u00e9tait donn\u00e9 tout entier aux JCC, y travaillant de toute ses forces jusqu\u2019\u00e0 l\u2019usure. Pendant trois ans, il s\u2019\u00e9tait battu pour ce festival et pour son retour aux fondamentaux qui l\u2019avaient caract\u00e9ris\u00e9s depuis sa cr\u00e9ation. Pour lui, les JCC est un festival militant, qui a pour mission d\u2019\u00eatre au service du cin\u00e9ma arabo-africain, des professionnels et surtout du public cin\u00e9phile dont il \u00e9tait si fier.<\/p>\n<p>\u00a0 <img decoding=\"async\" alt=\"Session N\u00e9jib Ayed\" height=\"437\" src=\"http:\/\/www.webdo.tn\/wp-content\/uploads\/2019\/10\/Conf%C3%A9rence-presse-Nejib-Ayed-01.jpg\" width=\"660\"> \u00a0<\/p>\n<p>Mme Najet Nabli Ayed a ensuite \u00a0annonc\u00e9 qu\u2019apr\u00e8s l\u2019hommage qui lui sera rendu lors de la soir\u00e9e d\u2019ouverture du festival, une c\u00e9r\u00e9monie officielle d\u2019hommage aura lieu le lendemain dimanche 27 octobre\u00a0au cours de laquelle les amis et compagnons de route du regrett\u00e9 N\u00e9jib Ayed interviendront pour parler de l&rsquo;homme, du cin\u00e9aste, de l\u2019ami et de l\u2019artiste visionnaire qu\u2019il a \u00e9t\u00e9. Parmi les intervenants, M.Mohamed Zinelabidine, Ministre des Affaires Culturelles, Mme Chiraz Laatiri, directrice g\u00e9n\u00e9rale du CNCI, M.Hassen Alilech, directeur du Festival International du Film pour l\u2019Enfance et la Jeunesse de Sousse, M.Hakim Ben Hamouda, \u00e9conomiste et ancien ministre des finances, M.Amine Boukhris et M.Hamadi Arafa, r\u00e9alisateurs, Mme Leila Toubel, com\u00e9dienne et son fils M.Ahmed Ayed.<\/p>\n<p>Mme Ayed, \u00e9mue et tr\u00e8s affect\u00e9e, a \u00e9galement rendu hommage au regrett\u00e9 Chawki Mejri, ami proche et collaborateur de feu N\u00e9jib Ayed. Le d\u00e9funt qui devait \u00eatre parmi les intervenants et qui a disparu il y a quelques jours, voulait \u00e9galement t\u00e9moigner de vive voix sa peine, mais le destin en a d\u00e9cid\u00e9 autrement.<\/p>\n<p>Monsieur Raja Farhat, en ma\u00eetre de c\u00e9r\u00e9monie en ordonnera le tempo. Au programme, de la musique : une pi\u00e8ce musicale sp\u00e9cialement compos\u00e9e pour l&rsquo;occasion par Christian Leroy (Belgique), du chant avec la sublime Zohra Lajnef et du piano encore avec Selim Arjoun.<\/p>\n<p>Mme Najet Nabli Ayed a par ailleurs estim\u00e9 que la cr\u00e9ation d&rsquo;un espace d\u00e9di\u00e9 aux cin\u00e9philes, \u00e0 la F\u00e9d\u00e9ration des Cin\u00e9-Clubs et aux associations actives dans le cin\u00e9ma, au sein de la Cit\u00e9 de la Culture, serait le plus bel hommage \u00e0 N\u00e9jib Ayed et une preuve de fid\u00e9lit\u00e9 \u00e0 l&rsquo;esprit fondateur des Journ\u00e9es Cin\u00e9matographiques de Carthage.<\/p>\n<p>Ce qui est une excellente id\u00e9e. Pour cette session N\u00e9jib Ayed, comme tous les films en comp\u00e9titions seront d\u2019abord projet\u00e9s \u00e0 la Cit\u00e9 de la Culture et y draineront donc un public tr\u00e8s nombreux, il serait en effet tr\u00e8s int\u00e9ressant que cette cit\u00e9, puisse disposer d&rsquo;un espace\u00a0 de vie, de d\u00e9tente et de rendez-vous pour le public et les professionnels.<\/p>\n<p>L&rsquo;id\u00e9e de Mme Ayed est \u00ab<em>\u00a0de transformer le grand hall de la Cit\u00e9 de la Culture en un v\u00e9ritable foyer, avec le soin et le confort dignes d&rsquo;un lieu aussi prestigieux. Un foyer, qui offrirait le cadre id\u00e9al pour de vraies rencontres entre cin\u00e9philes et invit\u00e9s du festival\u00a0<\/em>\u00bb.<\/p>\n<p>Pendant toute la dur\u00e9e des JCC, ce hall pourrait en effet devenir un lieu o\u00f9 les spectateurs pourraient d\u00e9battre, parler cin\u00e9ma et faire connaissance, tout en se reposant entre les projections.<\/p>\n<p>On pourrait \u00e9galement penser \u00e0 consacrer une partie de ce hall \u00e0 une exposition hommage \u00e0 N\u00e9jib Ayed et \u00e0 la F\u00e9d\u00e9ration Tunisienne des cin\u00e9-clubs (FTCC) qu\u2019il affectionnait tellement. On pourrait y trouver des documents rares de la FTCC, des objets ayant appartenu \u00e0 N\u00e9jib Ayed, des affiches de ses films\u2026.<\/p>\n<p>\u00a0 <img decoding=\"async\" alt=\"Session N\u00e9jib Ayed\" height=\"438\" src=\"http:\/\/www.webdo.tn\/wp-content\/uploads\/2019\/10\/Conf%C3%A9rence-presse-Nejib-Ayed-04.jpg\" width=\"658\"> \u00a0<\/p>\n<p>Une telle exposition serait d\u2019ailleurs le prolongement naturel aux longs m\u00e9trages qui sont programm\u00e9s en hommage \u00e0 Nejib Ayed et annonc\u00e9s lors de la conf\u00e9rence de presse par Mme Lamia Guiga, d\u00e9l\u00e9gu\u00e9e g\u00e9n\u00e9rale artistique, qui a racont\u00e9 une anecdote triste et \u00e9mouvante\u00a0: cet \u00e9t\u00e9, quelques jours avant son d\u00e9c\u00e8s, elle avait fait remarquer \u00e0 feu Nejib Ayed que tous les films de toutes les sections avaient \u00e9t\u00e9 s\u00e9lectionn\u00e9s sauf ceux de la section Hommages qui manquaient encore. Il lui avait alors r\u00e9pondu qu\u2019il pensait abandonner cette section, toujours r\u00e9serv\u00e9e aux morts.<\/p>\n<p>Le destin a fait que pour cette \u00e9dition 2019, cette section sera consacr\u00e9e au regrett\u00e9 Nejib Ayed. Cinq films produits ou coproduits par lui, et ayant marqu\u00e9 sa carri\u00e8re et refl\u00e9tant son cheminement artistique, seront donc projet\u00e9s au public:<\/p>\n<ul>\n<li><em>Les Baliseurs du d\u00e9sert (El Haimoune)<\/em>, r\u00e9alis\u00e9 en 1984 par Nacer Kh\u00e9mir\u00a0;<\/li>\n<li><em>La Trace,<\/em> r\u00e9alis\u00e9 en 1988 par N\u00e9jia Ben Mabrouk\u00a0;<\/li>\n<li><em>L\u2019Odyss\u00e9e,<\/em> r\u00e9alis\u00e9 en 2003 par Brahim Baba\u00ef\u00a0;<\/li>\n<li><em>Le Royaume des fourmis,<\/em> r\u00e9alis\u00e9 en 2012 par Shawki Mejri\u00a0;<\/li>\n<li><em>War reporter<\/em>, r\u00e9alis\u00e9 en 2013 par Amine Boukhris.<\/li>\n<\/ul>\n<p>\u00a0 <img decoding=\"async\" alt=\"Session Nejib Ayed\" height=\"857\" src=\"http:\/\/www.webdo.tn\/wp-content\/uploads\/2019\/10\/AFFICHE-JCC-verticale-PM.png\" width=\"606\"><\/p>\n<p>C\u2019est \u00e9galement lors de cette conf\u00e9rence de presse qu\u2019a \u00e9t\u00e9 d\u00e9voil\u00e9e l\u2019affiche de cette \u00e9dition, qui est un mariage entre le Tanit des JCC et la stylisation de feu N\u00e9jib Ayed.<\/p>\n<p>Mme Najet Nabil Ayed l\u2019a choisie parmi plusieurs propositions \u00ab\u00a0<em>parce qu\u2019elle ressemble \u00e0 une affiche de cin\u00e9ma, qu\u2019elle ne d\u00e9note pas avec les visuels des JCC de cette session 2019, mais surtout pour le Tanit qu\u2019on peut confondre avec les m\u00e8ches d\u00e9sordonn\u00e9es de N\u00e9jib Ayed et \u00e9galement pour son c\u00f4t\u00e9 inachev\u00e9, comme une esquisse, comme un portrait dessin\u00e9 sur le coin d\u2019une table de bistrot<\/em>\u00a0\u00bb.<\/p>\n<p><img decoding=\"async\" alt=\"\" height=\"137\" src=\"http:\/\/www.webdo.tn\/wp-content\/uploads\/2019\/10\/LOGO-JCC-COULEURS-1024x277.jpg\" width=\"508\"><\/p>\n<p><strong>Ne\u00efla Driss<\/strong><\/p>\n<p>\u00a0 <em>Lire sur le m\u00eame sujet:<\/em><\/p>\n<ul>\n<li><a href=\"http:\/\/www.webdo.tn\/2019\/10\/16\/les-films-documentaires-tunisiens-en-competition-aux-jcc-2019-edition-nejib-ayed\/\" rel=\"bookmark\" title=\"Les films documentaires tunisiens en comp\u00e9tition aux JCC 2019 \u2013 Edition Nejib Ayed\">Les films documentaires tunisiens en comp\u00e9tition aux JCC 2019 \u2013 Edition Nejib Ayed<\/a><\/li>\n<\/ul>\n<p>\u00a0 \u00a0\n\t\t\t\t\t\t\t\t<\/p><\/div>\n<div class=\"coprs\" style=\"text-align: center\"><\/div><\/div>\n","protected":false},"excerpt":{"rendered":"<p>La 30\u00e8me session des Journ\u00e9es Cin\u00e9matographiques de Carthage est d\u00e9di\u00e9e \u00e0 N\u00e9jib Ayed<\/p>\n","protected":false},"author":3164,"featured_media":293177,"comment_status":"open","ping_status":"closed","sticky":false,"template":"","format":"standard","meta":{"footnotes":""},"categories":[2594],"tags":[11286,11284,3116],"class_list":["post-199854","post","type-post","status-publish","format-standard","has-post-thumbnail","hentry","category-culture","tag-jcc-2019","tag-journees-cinematographique-de-carthage","tag-jcc"],"yoast_head":"<!-- This site is optimized with the Yoast SEO Premium plugin v27.4 (Yoast SEO v27.4) - https:\/\/yoast.com\/product\/yoast-seo-premium-wordpress\/ -->\n<title>La 30\u00e8me session des Journ\u00e9es Cin\u00e9matographiques de Carthage est d\u00e9di\u00e9e \u00e0 N\u00e9jib Ayed<\/title>\n<meta name=\"description\" content=\"La 30\u00e8me session des Journ\u00e9es Cin\u00e9matographiques de Carthage est d\u00e9di\u00e9e \u00e0 N\u00e9jib Ayed\" \/>\n<link rel=\"canonical\" href=\"https:\/\/www.webdo.tn\/fr\/actualite\/culture\/la-30eme-session-des-journees-cinematographiques-de-carthage-est-dediee-a-nejib-ayed\/199854\/\" \/>\n<meta property=\"og:locale\" content=\"fr_FR\" \/>\n<meta property=\"og:type\" content=\"article\" \/>\n<meta property=\"og:title\" content=\"La 30\u00e8me session des Journ\u00e9es Cin\u00e9matographiques de Carthage est d\u00e9di\u00e9e \u00e0 N\u00e9jib Ayed\" \/>\n<meta property=\"og:description\" content=\"La 30\u00e8me session des Journ\u00e9es Cin\u00e9matographiques de Carthage est d\u00e9di\u00e9e \u00e0 N\u00e9jib Ayed\" \/>\n<meta property=\"og:url\" content=\"https:\/\/www.webdo.tn\/fr\/actualite\/culture\/la-30eme-session-des-journees-cinematographiques-de-carthage-est-dediee-a-nejib-ayed\/199854\/\" \/>\n<meta property=\"og:site_name\" content=\"webdo\" \/>\n<meta property=\"article:publisher\" content=\"https:\/\/www.facebook.com\/webdotn\" \/>\n<meta property=\"article:author\" content=\"https:\/\/www.facebook.com\/massir.destiniii\/\" \/>\n<meta property=\"article:published_time\" content=\"2019-10-21T12:05:00+00:00\" \/>\n<meta property=\"og:image\" content=\"https:\/\/www.webdo.tn\/fr\/wp-content\/uploads\/2019\/10\/ee114307dfcad4d02cc9c6869fdf96c1.jpeg\" \/>\n\t<meta property=\"og:image:width\" content=\"750\" \/>\n\t<meta property=\"og:image:height\" content=\"400\" \/>\n\t<meta property=\"og:image:type\" content=\"image\/jpeg\" \/>\n<meta name=\"author\" content=\"Ne\u00efla DRISS\" \/>\n<meta name=\"twitter:card\" content=\"summary_large_image\" \/>\n<meta name=\"twitter:creator\" content=\"@https:\/\/x.com\/MassirDestin\" \/>\n<meta name=\"twitter:site\" content=\"@webdo_tn\" \/>\n<meta name=\"twitter:label1\" content=\"\u00c9crit par\" \/>\n\t<meta name=\"twitter:data1\" content=\"Ne\u00efla DRISS\" \/>\n\t<meta name=\"twitter:label2\" content=\"Dur\u00e9e de lecture estim\u00e9e\" \/>\n\t<meta name=\"twitter:data2\" content=\"5 minutes\" \/>\n<script type=\"application\/ld+json\" class=\"yoast-schema-graph\">{\"@context\":\"https:\\\/\\\/schema.org\",\"@graph\":[{\"@type\":\"NewsArticle\",\"@id\":\"https:\\\/\\\/www.webdo.tn\\\/fr\\\/actualite\\\/culture\\\/la-30eme-session-des-journees-cinematographiques-de-carthage-est-dediee-a-nejib-ayed\\\/199854\\\/#article\",\"isPartOf\":{\"@id\":\"https:\\\/\\\/www.webdo.tn\\\/fr\\\/actualite\\\/culture\\\/la-30eme-session-des-journees-cinematographiques-de-carthage-est-dediee-a-nejib-ayed\\\/199854\\\/\"},\"author\":{\"name\":\"Ne\u00efla DRISS\",\"@id\":\"https:\\\/\\\/www.webdo.tn\\\/fr\\\/#\\\/schema\\\/person\\\/60d5ba619ed3f58783b0dc82b7dada80\"},\"headline\":\"La 30\u00e8me session des Journ\u00e9es Cin\u00e9matographiques de Carthage est d\u00e9di\u00e9e \u00e0 N\u00e9jib Ayed\",\"datePublished\":\"2019-10-21T12:05:00+00:00\",\"mainEntityOfPage\":{\"@id\":\"https:\\\/\\\/www.webdo.tn\\\/fr\\\/actualite\\\/culture\\\/la-30eme-session-des-journees-cinematographiques-de-carthage-est-dediee-a-nejib-ayed\\\/199854\\\/\"},\"wordCount\":1116,\"commentCount\":0,\"publisher\":{\"@id\":\"https:\\\/\\\/www.webdo.tn\\\/fr\\\/#organization\"},\"image\":{\"@id\":\"https:\\\/\\\/www.webdo.tn\\\/fr\\\/actualite\\\/culture\\\/la-30eme-session-des-journees-cinematographiques-de-carthage-est-dediee-a-nejib-ayed\\\/199854\\\/#primaryimage\"},\"thumbnailUrl\":\"https:\\\/\\\/www.webdo.tn\\\/fr\\\/wp-content\\\/uploads\\\/2019\\\/10\\\/ee114307dfcad4d02cc9c6869fdf96c1.jpeg\",\"keywords\":[\"'JCC 2019']\",\"'Journ\u00e9es Cin\u00e9matographique de Carthage'\",\"JCC\"],\"articleSection\":[\"Culture\"],\"inLanguage\":\"fr-FR\"},{\"@type\":\"WebPage\",\"@id\":\"https:\\\/\\\/www.webdo.tn\\\/fr\\\/actualite\\\/culture\\\/la-30eme-session-des-journees-cinematographiques-de-carthage-est-dediee-a-nejib-ayed\\\/199854\\\/\",\"url\":\"https:\\\/\\\/www.webdo.tn\\\/fr\\\/actualite\\\/culture\\\/la-30eme-session-des-journees-cinematographiques-de-carthage-est-dediee-a-nejib-ayed\\\/199854\\\/\",\"name\":\"La 30\u00e8me session des Journ\u00e9es Cin\u00e9matographiques de Carthage est d\u00e9di\u00e9e \u00e0 N\u00e9jib Ayed\",\"isPartOf\":{\"@id\":\"https:\\\/\\\/www.webdo.tn\\\/fr\\\/#website\"},\"primaryImageOfPage\":{\"@id\":\"https:\\\/\\\/www.webdo.tn\\\/fr\\\/actualite\\\/culture\\\/la-30eme-session-des-journees-cinematographiques-de-carthage-est-dediee-a-nejib-ayed\\\/199854\\\/#primaryimage\"},\"image\":{\"@id\":\"https:\\\/\\\/www.webdo.tn\\\/fr\\\/actualite\\\/culture\\\/la-30eme-session-des-journees-cinematographiques-de-carthage-est-dediee-a-nejib-ayed\\\/199854\\\/#primaryimage\"},\"thumbnailUrl\":\"https:\\\/\\\/www.webdo.tn\\\/fr\\\/wp-content\\\/uploads\\\/2019\\\/10\\\/ee114307dfcad4d02cc9c6869fdf96c1.jpeg\",\"datePublished\":\"2019-10-21T12:05:00+00:00\",\"description\":\"La 30\u00e8me session des Journ\u00e9es Cin\u00e9matographiques de Carthage est d\u00e9di\u00e9e \u00e0 N\u00e9jib Ayed\",\"breadcrumb\":{\"@id\":\"https:\\\/\\\/www.webdo.tn\\\/fr\\\/actualite\\\/culture\\\/la-30eme-session-des-journees-cinematographiques-de-carthage-est-dediee-a-nejib-ayed\\\/199854\\\/#breadcrumb\"},\"inLanguage\":\"fr-FR\",\"potentialAction\":[{\"@type\":\"ReadAction\",\"target\":[\"https:\\\/\\\/www.webdo.tn\\\/fr\\\/actualite\\\/culture\\\/la-30eme-session-des-journees-cinematographiques-de-carthage-est-dediee-a-nejib-ayed\\\/199854\\\/\"]}]},{\"@type\":\"ImageObject\",\"inLanguage\":\"fr-FR\",\"@id\":\"https:\\\/\\\/www.webdo.tn\\\/fr\\\/actualite\\\/culture\\\/la-30eme-session-des-journees-cinematographiques-de-carthage-est-dediee-a-nejib-ayed\\\/199854\\\/#primaryimage\",\"url\":\"https:\\\/\\\/www.webdo.tn\\\/fr\\\/wp-content\\\/uploads\\\/2019\\\/10\\\/ee114307dfcad4d02cc9c6869fdf96c1.jpeg\",\"contentUrl\":\"https:\\\/\\\/www.webdo.tn\\\/fr\\\/wp-content\\\/uploads\\\/2019\\\/10\\\/ee114307dfcad4d02cc9c6869fdf96c1.jpeg\",\"width\":750,\"height\":400,\"caption\":\"La 30\u00e8me session des Journ\u00e9es Cin\u00e9matographiques de Carthage est d\u00e9di\u00e9e \u00e0 N\u00e9jib Ayed\"},{\"@type\":\"BreadcrumbList\",\"@id\":\"https:\\\/\\\/www.webdo.tn\\\/fr\\\/actualite\\\/culture\\\/la-30eme-session-des-journees-cinematographiques-de-carthage-est-dediee-a-nejib-ayed\\\/199854\\\/#breadcrumb\",\"itemListElement\":[{\"@type\":\"ListItem\",\"position\":1,\"name\":\"Accueil\",\"item\":\"https:\\\/\\\/www.webdo.tn\\\/fr\\\/\"},{\"@type\":\"ListItem\",\"position\":2,\"name\":\"La 30\u00e8me session des Journ\u00e9es Cin\u00e9matographiques de Carthage est d\u00e9di\u00e9e \u00e0 N\u00e9jib Ayed\"}]},{\"@type\":\"WebSite\",\"@id\":\"https:\\\/\\\/www.webdo.tn\\\/fr\\\/#website\",\"url\":\"https:\\\/\\\/www.webdo.tn\\\/fr\\\/\",\"name\":\"webdo\",\"description\":\"Tunisie - News en Tunisie et \u00e0 l&#039;international sur Webdo.tn\",\"publisher\":{\"@id\":\"https:\\\/\\\/www.webdo.tn\\\/fr\\\/#organization\"},\"potentialAction\":[{\"@type\":\"SearchAction\",\"target\":{\"@type\":\"EntryPoint\",\"urlTemplate\":\"https:\\\/\\\/www.webdo.tn\\\/fr\\\/?s={search_term_string}\"},\"query-input\":{\"@type\":\"PropertyValueSpecification\",\"valueRequired\":true,\"valueName\":\"search_term_string\"}}],\"inLanguage\":\"fr-FR\"},{\"@type\":\"Organization\",\"@id\":\"https:\\\/\\\/www.webdo.tn\\\/fr\\\/#organization\",\"name\":\"Webdo\",\"alternateName\":\"Webdo.tn\",\"url\":\"https:\\\/\\\/www.webdo.tn\\\/fr\\\/\",\"logo\":{\"@type\":\"ImageObject\",\"inLanguage\":\"fr-FR\",\"@id\":\"https:\\\/\\\/www.webdo.tn\\\/fr\\\/#\\\/schema\\\/logo\\\/image\\\/\",\"url\":\"https:\\\/\\\/www.webdo.tn\\\/fr\\\/wp-content\\\/uploads\\\/2025\\\/06\\\/Webdo-Tunisie_168377.jpg\",\"contentUrl\":\"https:\\\/\\\/www.webdo.tn\\\/fr\\\/wp-content\\\/uploads\\\/2025\\\/06\\\/Webdo-Tunisie_168377.jpg\",\"width\":301,\"height\":301,\"caption\":\"Webdo\"},\"image\":{\"@id\":\"https:\\\/\\\/www.webdo.tn\\\/fr\\\/#\\\/schema\\\/logo\\\/image\\\/\"},\"sameAs\":[\"https:\\\/\\\/www.facebook.com\\\/webdotn\",\"https:\\\/\\\/x.com\\\/webdo_tn\"],\"description\":\"Webdo est un m\u00e9dia num\u00e9rique tunisien fond\u00e9 en 2010, sp\u00e9cialis\u00e9 dans l\u2019actualit\u00e9 nationale et internationale, l\u2019\u00e9conomie, la soci\u00e9t\u00e9 et les analyses politiques. Le site s\u2019adresse \u00e0 un large public francophone et couvre l\u2019information tunisienne en temps r\u00e9el.\",\"email\":\"redac@webdo.tn\",\"legalName\":\"YNJ SARL\",\"foundingDate\":\"2010-09-06\",\"numberOfEmployees\":{\"@type\":\"QuantitativeValue\",\"minValue\":\"11\",\"maxValue\":\"50\"}},{\"@type\":\"Person\",\"@id\":\"https:\\\/\\\/www.webdo.tn\\\/fr\\\/#\\\/schema\\\/person\\\/60d5ba619ed3f58783b0dc82b7dada80\",\"name\":\"Ne\u00efla DRISS\",\"image\":{\"@type\":\"ImageObject\",\"inLanguage\":\"fr-FR\",\"@id\":\"https:\\\/\\\/www.webdo.tn\\\/fr\\\/wp-content\\\/uploads\\\/2026\\\/04\\\/neila-driss_avatar-96x96.jpg\",\"url\":\"https:\\\/\\\/www.webdo.tn\\\/fr\\\/wp-content\\\/uploads\\\/2026\\\/04\\\/neila-driss_avatar-96x96.jpg\",\"contentUrl\":\"https:\\\/\\\/www.webdo.tn\\\/fr\\\/wp-content\\\/uploads\\\/2026\\\/04\\\/neila-driss_avatar-96x96.jpg\",\"caption\":\"Ne\u00efla DRISS\"},\"description\":\"Ne\u00efla Driss est juriste, journaliste culturelle et critique de cin\u00e9ma tunisienne. Titulaire d\u2019un DEA en droit priv\u00e9 de l\u2019Universit\u00e9 Paris II et d\u2019un DESS de l\u2019IHEC Carthage, elle d\u00e9bute sa carri\u00e8re comme juriste sp\u00e9cialis\u00e9e en gestion de patrimoine immobilier. Elle s\u2019oriente ensuite vers l\u2019\u00e9criture en ligne, o\u00f9 elle se distingue d\u00e8s 2006 aux Tunisia Blog Awards, avant de se consacrer au journalisme culturel, avec une sp\u00e9cialisation dans la critique cin\u00e9matographique. Elle couvre r\u00e9guli\u00e8rement les grands festivals internationaux, notamment le Festival de Cannes, les Journ\u00e9es Cin\u00e9matographiques de Carthage et le Festival du film du Caire. Membre de l\u2019ATPCC et de la FIPRESCI, elle participe \u00e0 des jurys et initiatives internationales de critique. Depuis 2024, elle est \u00e9lectrice internationale aux Golden Globes. Facebook : https:\\\/\\\/www.facebook.com\\\/massir.destiniii\\\/ X : https:\\\/\\\/x.com\\\/MassirDestin\",\"sameAs\":[\"https:\\\/\\\/www.facebook.com\\\/massir.destiniii\\\/\",\"https:\\\/\\\/www.instagram.com\\\/neila.driss\\\/?hl=fr\",\"https:\\\/\\\/www.linkedin.com\\\/in\\\/neila-driss-22606a80\\\/\",\"https:\\\/\\\/x.com\\\/https:\\\/\\\/x.com\\\/MassirDestin\"],\"knowsAbout\":[\"Cin\u00e9ma international\",\"critique cin\u00e9matographique\",\"festivals de cin\u00e9ma\",\"journalisme culturel\"],\"knowsLanguage\":[\"Fran\u00e7ais\",\"Arabe\",\"Anglais\"],\"jobTitle\":\"Journaliste culturelle et critique de cin\u00e9ma\",\"worksFor\":\"Webdo\",\"url\":\"https:\\\/\\\/www.webdo.tn\\\/fr\\\/actualite\\\/author\\\/neila-driss\\\/\"}]}<\/script>\n<!-- \/ Yoast SEO Premium plugin. -->","yoast_head_json":{"title":"La 30\u00e8me session des Journ\u00e9es Cin\u00e9matographiques de Carthage est d\u00e9di\u00e9e \u00e0 N\u00e9jib Ayed","description":"La 30\u00e8me session des Journ\u00e9es Cin\u00e9matographiques de Carthage est d\u00e9di\u00e9e \u00e0 N\u00e9jib Ayed","canonical":"https:\/\/www.webdo.tn\/fr\/actualite\/culture\/la-30eme-session-des-journees-cinematographiques-de-carthage-est-dediee-a-nejib-ayed\/199854\/","og_locale":"fr_FR","og_type":"article","og_title":"La 30\u00e8me session des Journ\u00e9es Cin\u00e9matographiques de Carthage est d\u00e9di\u00e9e \u00e0 N\u00e9jib Ayed","og_description":"La 30\u00e8me session des Journ\u00e9es Cin\u00e9matographiques de Carthage est d\u00e9di\u00e9e \u00e0 N\u00e9jib Ayed","og_url":"https:\/\/www.webdo.tn\/fr\/actualite\/culture\/la-30eme-session-des-journees-cinematographiques-de-carthage-est-dediee-a-nejib-ayed\/199854\/","og_site_name":"webdo","article_publisher":"https:\/\/www.facebook.com\/webdotn","article_author":"https:\/\/www.facebook.com\/massir.destiniii\/","article_published_time":"2019-10-21T12:05:00+00:00","og_image":[{"width":750,"height":400,"url":"https:\/\/www.webdo.tn\/fr\/wp-content\/uploads\/2019\/10\/ee114307dfcad4d02cc9c6869fdf96c1.jpeg","type":"image\/jpeg"}],"author":"Ne\u00efla DRISS","twitter_card":"summary_large_image","twitter_creator":"@https:\/\/x.com\/MassirDestin","twitter_site":"@webdo_tn","twitter_misc":{"\u00c9crit par":"Ne\u00efla DRISS","Dur\u00e9e de lecture estim\u00e9e":"5 minutes"},"schema":{"@context":"https:\/\/schema.org","@graph":[{"@type":"NewsArticle","@id":"https:\/\/www.webdo.tn\/fr\/actualite\/culture\/la-30eme-session-des-journees-cinematographiques-de-carthage-est-dediee-a-nejib-ayed\/199854\/#article","isPartOf":{"@id":"https:\/\/www.webdo.tn\/fr\/actualite\/culture\/la-30eme-session-des-journees-cinematographiques-de-carthage-est-dediee-a-nejib-ayed\/199854\/"},"author":{"name":"Ne\u00efla DRISS","@id":"https:\/\/www.webdo.tn\/fr\/#\/schema\/person\/60d5ba619ed3f58783b0dc82b7dada80"},"headline":"La 30\u00e8me session des Journ\u00e9es Cin\u00e9matographiques de Carthage est d\u00e9di\u00e9e \u00e0 N\u00e9jib Ayed","datePublished":"2019-10-21T12:05:00+00:00","mainEntityOfPage":{"@id":"https:\/\/www.webdo.tn\/fr\/actualite\/culture\/la-30eme-session-des-journees-cinematographiques-de-carthage-est-dediee-a-nejib-ayed\/199854\/"},"wordCount":1116,"commentCount":0,"publisher":{"@id":"https:\/\/www.webdo.tn\/fr\/#organization"},"image":{"@id":"https:\/\/www.webdo.tn\/fr\/actualite\/culture\/la-30eme-session-des-journees-cinematographiques-de-carthage-est-dediee-a-nejib-ayed\/199854\/#primaryimage"},"thumbnailUrl":"https:\/\/www.webdo.tn\/fr\/wp-content\/uploads\/2019\/10\/ee114307dfcad4d02cc9c6869fdf96c1.jpeg","keywords":["'JCC 2019']","'Journ\u00e9es Cin\u00e9matographique de Carthage'","JCC"],"articleSection":["Culture"],"inLanguage":"fr-FR"},{"@type":"WebPage","@id":"https:\/\/www.webdo.tn\/fr\/actualite\/culture\/la-30eme-session-des-journees-cinematographiques-de-carthage-est-dediee-a-nejib-ayed\/199854\/","url":"https:\/\/www.webdo.tn\/fr\/actualite\/culture\/la-30eme-session-des-journees-cinematographiques-de-carthage-est-dediee-a-nejib-ayed\/199854\/","name":"La 30\u00e8me session des Journ\u00e9es Cin\u00e9matographiques de Carthage est d\u00e9di\u00e9e \u00e0 N\u00e9jib Ayed","isPartOf":{"@id":"https:\/\/www.webdo.tn\/fr\/#website"},"primaryImageOfPage":{"@id":"https:\/\/www.webdo.tn\/fr\/actualite\/culture\/la-30eme-session-des-journees-cinematographiques-de-carthage-est-dediee-a-nejib-ayed\/199854\/#primaryimage"},"image":{"@id":"https:\/\/www.webdo.tn\/fr\/actualite\/culture\/la-30eme-session-des-journees-cinematographiques-de-carthage-est-dediee-a-nejib-ayed\/199854\/#primaryimage"},"thumbnailUrl":"https:\/\/www.webdo.tn\/fr\/wp-content\/uploads\/2019\/10\/ee114307dfcad4d02cc9c6869fdf96c1.jpeg","datePublished":"2019-10-21T12:05:00+00:00","description":"La 30\u00e8me session des Journ\u00e9es Cin\u00e9matographiques de Carthage est d\u00e9di\u00e9e \u00e0 N\u00e9jib Ayed","breadcrumb":{"@id":"https:\/\/www.webdo.tn\/fr\/actualite\/culture\/la-30eme-session-des-journees-cinematographiques-de-carthage-est-dediee-a-nejib-ayed\/199854\/#breadcrumb"},"inLanguage":"fr-FR","potentialAction":[{"@type":"ReadAction","target":["https:\/\/www.webdo.tn\/fr\/actualite\/culture\/la-30eme-session-des-journees-cinematographiques-de-carthage-est-dediee-a-nejib-ayed\/199854\/"]}]},{"@type":"ImageObject","inLanguage":"fr-FR","@id":"https:\/\/www.webdo.tn\/fr\/actualite\/culture\/la-30eme-session-des-journees-cinematographiques-de-carthage-est-dediee-a-nejib-ayed\/199854\/#primaryimage","url":"https:\/\/www.webdo.tn\/fr\/wp-content\/uploads\/2019\/10\/ee114307dfcad4d02cc9c6869fdf96c1.jpeg","contentUrl":"https:\/\/www.webdo.tn\/fr\/wp-content\/uploads\/2019\/10\/ee114307dfcad4d02cc9c6869fdf96c1.jpeg","width":750,"height":400,"caption":"La 30\u00e8me session des Journ\u00e9es Cin\u00e9matographiques de Carthage est d\u00e9di\u00e9e \u00e0 N\u00e9jib Ayed"},{"@type":"BreadcrumbList","@id":"https:\/\/www.webdo.tn\/fr\/actualite\/culture\/la-30eme-session-des-journees-cinematographiques-de-carthage-est-dediee-a-nejib-ayed\/199854\/#breadcrumb","itemListElement":[{"@type":"ListItem","position":1,"name":"Accueil","item":"https:\/\/www.webdo.tn\/fr\/"},{"@type":"ListItem","position":2,"name":"La 30\u00e8me session des Journ\u00e9es Cin\u00e9matographiques de Carthage est d\u00e9di\u00e9e \u00e0 N\u00e9jib Ayed"}]},{"@type":"WebSite","@id":"https:\/\/www.webdo.tn\/fr\/#website","url":"https:\/\/www.webdo.tn\/fr\/","name":"webdo","description":"Tunisie - News en Tunisie et \u00e0 l&#039;international sur Webdo.tn","publisher":{"@id":"https:\/\/www.webdo.tn\/fr\/#organization"},"potentialAction":[{"@type":"SearchAction","target":{"@type":"EntryPoint","urlTemplate":"https:\/\/www.webdo.tn\/fr\/?s={search_term_string}"},"query-input":{"@type":"PropertyValueSpecification","valueRequired":true,"valueName":"search_term_string"}}],"inLanguage":"fr-FR"},{"@type":"Organization","@id":"https:\/\/www.webdo.tn\/fr\/#organization","name":"Webdo","alternateName":"Webdo.tn","url":"https:\/\/www.webdo.tn\/fr\/","logo":{"@type":"ImageObject","inLanguage":"fr-FR","@id":"https:\/\/www.webdo.tn\/fr\/#\/schema\/logo\/image\/","url":"https:\/\/www.webdo.tn\/fr\/wp-content\/uploads\/2025\/06\/Webdo-Tunisie_168377.jpg","contentUrl":"https:\/\/www.webdo.tn\/fr\/wp-content\/uploads\/2025\/06\/Webdo-Tunisie_168377.jpg","width":301,"height":301,"caption":"Webdo"},"image":{"@id":"https:\/\/www.webdo.tn\/fr\/#\/schema\/logo\/image\/"},"sameAs":["https:\/\/www.facebook.com\/webdotn","https:\/\/x.com\/webdo_tn"],"description":"Webdo est un m\u00e9dia num\u00e9rique tunisien fond\u00e9 en 2010, sp\u00e9cialis\u00e9 dans l\u2019actualit\u00e9 nationale et internationale, l\u2019\u00e9conomie, la soci\u00e9t\u00e9 et les analyses politiques. Le site s\u2019adresse \u00e0 un large public francophone et couvre l\u2019information tunisienne en temps r\u00e9el.","email":"redac@webdo.tn","legalName":"YNJ SARL","foundingDate":"2010-09-06","numberOfEmployees":{"@type":"QuantitativeValue","minValue":"11","maxValue":"50"}},{"@type":"Person","@id":"https:\/\/www.webdo.tn\/fr\/#\/schema\/person\/60d5ba619ed3f58783b0dc82b7dada80","name":"Ne\u00efla DRISS","image":{"@type":"ImageObject","inLanguage":"fr-FR","@id":"https:\/\/www.webdo.tn\/fr\/wp-content\/uploads\/2026\/04\/neila-driss_avatar-96x96.jpg","url":"https:\/\/www.webdo.tn\/fr\/wp-content\/uploads\/2026\/04\/neila-driss_avatar-96x96.jpg","contentUrl":"https:\/\/www.webdo.tn\/fr\/wp-content\/uploads\/2026\/04\/neila-driss_avatar-96x96.jpg","caption":"Ne\u00efla DRISS"},"description":"Ne\u00efla Driss est juriste, journaliste culturelle et critique de cin\u00e9ma tunisienne. Titulaire d\u2019un DEA en droit priv\u00e9 de l\u2019Universit\u00e9 Paris II et d\u2019un DESS de l\u2019IHEC Carthage, elle d\u00e9bute sa carri\u00e8re comme juriste sp\u00e9cialis\u00e9e en gestion de patrimoine immobilier. Elle s\u2019oriente ensuite vers l\u2019\u00e9criture en ligne, o\u00f9 elle se distingue d\u00e8s 2006 aux Tunisia Blog Awards, avant de se consacrer au journalisme culturel, avec une sp\u00e9cialisation dans la critique cin\u00e9matographique. Elle couvre r\u00e9guli\u00e8rement les grands festivals internationaux, notamment le Festival de Cannes, les Journ\u00e9es Cin\u00e9matographiques de Carthage et le Festival du film du Caire. Membre de l\u2019ATPCC et de la FIPRESCI, elle participe \u00e0 des jurys et initiatives internationales de critique. Depuis 2024, elle est \u00e9lectrice internationale aux Golden Globes. Facebook : https:\/\/www.facebook.com\/massir.destiniii\/ X : https:\/\/x.com\/MassirDestin","sameAs":["https:\/\/www.facebook.com\/massir.destiniii\/","https:\/\/www.instagram.com\/neila.driss\/?hl=fr","https:\/\/www.linkedin.com\/in\/neila-driss-22606a80\/","https:\/\/x.com\/https:\/\/x.com\/MassirDestin"],"knowsAbout":["Cin\u00e9ma international","critique cin\u00e9matographique","festivals de cin\u00e9ma","journalisme culturel"],"knowsLanguage":["Fran\u00e7ais","Arabe","Anglais"],"jobTitle":"Journaliste culturelle et critique de cin\u00e9ma","worksFor":"Webdo","url":"https:\/\/www.webdo.tn\/fr\/actualite\/author\/neila-driss\/"}]}},"_links":{"self":[{"href":"https:\/\/www.webdo.tn\/fr\/wp-json\/wp\/v2\/posts\/199854","targetHints":{"allow":["GET"]}}],"collection":[{"href":"https:\/\/www.webdo.tn\/fr\/wp-json\/wp\/v2\/posts"}],"about":[{"href":"https:\/\/www.webdo.tn\/fr\/wp-json\/wp\/v2\/types\/post"}],"author":[{"embeddable":true,"href":"https:\/\/www.webdo.tn\/fr\/wp-json\/wp\/v2\/users\/3164"}],"replies":[{"embeddable":true,"href":"https:\/\/www.webdo.tn\/fr\/wp-json\/wp\/v2\/comments?post=199854"}],"version-history":[{"count":0,"href":"https:\/\/www.webdo.tn\/fr\/wp-json\/wp\/v2\/posts\/199854\/revisions"}],"wp:featuredmedia":[{"embeddable":true,"href":"https:\/\/www.webdo.tn\/fr\/wp-json\/wp\/v2\/media\/293177"}],"wp:attachment":[{"href":"https:\/\/www.webdo.tn\/fr\/wp-json\/wp\/v2\/media?parent=199854"}],"wp:term":[{"taxonomy":"category","embeddable":true,"href":"https:\/\/www.webdo.tn\/fr\/wp-json\/wp\/v2\/categories?post=199854"},{"taxonomy":"post_tag","embeddable":true,"href":"https:\/\/www.webdo.tn\/fr\/wp-json\/wp\/v2\/tags?post=199854"}],"curies":[{"name":"wp","href":"https:\/\/api.w.org\/{rel}","templated":true}]}}