{"id":199827,"date":"2019-06-24T11:45:00","date_gmt":"2019-06-24T11:45:00","guid":{"rendered":"https:\/\/www.webdo.tn\/fr\/actualite\/blog\/manarat-2019-programme-complet-des-projections-et-rencontres\/199827\/"},"modified":"2019-06-24T11:45:00","modified_gmt":"2019-06-24T11:45:00","slug":"manarat-2019-programme-complet-des-projections-et-rencontres","status":"publish","type":"post","link":"https:\/\/www.webdo.tn\/fr\/actualite\/culture\/manarat-2019-programme-complet-des-projections-et-rencontres\/199827\/","title":{"rendered":"Manarat 2019 &#8211; Programme complet des projections et rencontres"},"content":{"rendered":"<div class=\"single-body entry-content typography-copy\" itemprop=\"articleBody\">\n<p style=\"font-weight: bold; text-align: justify\">\n<div class=\"coprs\" style=\"text-align: center\"><\/div>\n<div class=\"coprs\" style=\"text-align: justify\">\n<p>Le programme complet des projections et divers \u00e9v\u00e9nements de la deuxi\u00e8me \u00e9dition du Festival Manarat qui se d\u00e9roulera du 1 au 7 Juillet 2019, a \u00e9t\u00e9 enfin d\u00e9voil\u00e9. Les projections auront lieu dans 3 salles de cin\u00e9ma (Cin\u00e9 350 \u00e0 la Cit\u00e9 de la Culture, Cin\u00e9madart \u00e0 Carthage et Cin\u00e9ma Alhambra Z\u00e9phyr \u00e0 La Marsa) et 9 plages (La Marsa, Khereddine\/A\u00e9roport, Hammam Lif, Korba, Monastir, Bizerte, Sfax\/Chaffar, Gabes et Djerba).<\/p>\n<p>En plus des dix longs m\u00e9trages en comp\u00e9titions, plusieurs autres films importants et int\u00e9ressants, repartis dans diff\u00e9rentes sections (Panorama m\u00e9diterran\u00e9en, Aspect du cin\u00e9ma contemporain \u00e9gyptien, Aspect du cin\u00e9ma contemporain italien, \u00a0Cin\u00e9ma engag\u00e9 et s\u00e9ances sp\u00e9ciales) sont au programme. Plusieurs de ces films seront projet\u00e9s en pr\u00e9sence d\u2019un ou plusieurs membres de leurs \u00e9quipes.<\/p>\n<p>On peut citer \u00e0 titre d\u2019exemple\u00a0:<\/p>\n<ul>\n<li>Le film espagnol <em><strong>Douleur et Gloire (2019)<\/strong>\u00a0<\/em>r\u00e9alis\u00e9 par Pedro Almod\u00f3var. En comp\u00e9tition officielle \u00e0 la derni\u00e8re \u00e9dition du Festival de Cannes, ce long m\u00e9trage\u00a0<a href=\"http:\/\/www.webdo.tn\/2019\/05\/26\/cannes-2019-sans-surprise-la-palme-dor-revient-a-parasite-du-coreen-bong-joon-ho\/\">avait \u00e9t\u00e9 le favori pour la Palme d\u2019Or pendant les premiers jours du festival, mais \u00e9tait reparti avec le Prix de meilleure interpr\u00e9tation masculine pour Antonio Banderas<\/a> (Dimanche 7 Juillet 2019 \u00e0 21h30 au Cin\u00e9ma Alhambra Z\u00e9phyr). <strong>Synopsis\u00a0:<\/strong> <em><em>Une s\u00e9rie de retrouvailles apr\u00e8s plusieurs d\u00e9cennies, certaines en chair et en os, d&rsquo;autres par le souvenir, dans la vie d&rsquo;un r\u00e9alisateur en souffrance.<\/em><\/em><\/li>\n<\/ul>\n<ul>\n<li>Le film italien <strong><em>Le traitre (2019)<\/em><\/strong>, r\u00e9alis\u00e9 par Marco Bellocchio, \u00e9galement en comp\u00e9tition officielle au Festival de Cannes 2019 (Mardi 2 juillet 2019 \u00e0 21h30 au Cin\u00e9madart). <strong>Synopsis\u00a0:<\/strong> <em><em>D\u00e9but des ann\u00e9es 1980, la guerre entre les parrains de la mafia sicilienne est \u00e0 son comble. Tommaso Buscetta, membre de Cosa Nostra, fuit son pays pour se cacher au Br\u00e9sil. Pendant ce temps, en Italie, les r\u00e8glements de comptes s&rsquo;encha\u00eenent. Les proches de Buscetta sont assassin\u00e9s.<\/em><\/em><\/li>\n<\/ul>\n<ul>\n<li>Le film fran\u00e7ais <strong><em>Les plus belles ann\u00e9es d\u2019une vie (2019)<\/em><\/strong> de Claude Lelouch, programm\u00e9 \u00e9galement au Festival de Cannes 2019, mais en hors comp\u00e9tition (Samedi 6 Juillet 2019 \u00e0 21h30 au Cin\u00e9madart). <strong>Synopsis :<\/strong> <em><em>Ils se sont connus voil\u00e0 bien longtemps. Un homme et une femme, dont l&rsquo;histoire d&rsquo;amour fulgurante, inattendue, saisie dans une parenth\u00e8se devenue mythique, aura r\u00e9volutionn\u00e9 notre fa\u00e7on de voir l&rsquo;amour. Aujourd&rsquo;hui, l&rsquo;ancien pilote de course se perd un peu sur les chemins de sa m\u00e9moire. Pour l&rsquo;aider, son fils va retrouver celle que son p\u00e8re n&rsquo;a pas su garder mais qu&rsquo;il \u00e9voque sans cesse. Anne va revoir Jean-Louis et reprendre leur histoire o\u00f9 ils l&rsquo;avaient laiss\u00e9e.<\/em><\/em><\/li>\n<\/ul>\n<ul>\n<li>Le film chypriote <strong><em>Pause (2018)<\/em><\/strong>, r\u00e9alis\u00e9 par Tonia Mishiali. Ce tr\u00e8s tr\u00e8s beau film, tellement r\u00e9aliste et triste parce qu\u2019il raconte la situation de millions de femmes de part le monde, avait \u00e9t\u00e9 en comp\u00e9tition \u00e0 la derni\u00e8re \u00e9dition du <a href=\"http:\/\/www.webdo.tn\/2018\/11\/20\/le-festival-international-du-film-du-caire-fete-sa-40eme-edition\/\">Festival International du Film du Caire en novembre 2018<\/a> (Jeudi 4 Juillet 2019 \u00e0 21h30 au Cin\u00e9ma Alhambra Z\u00e9phyr et Vendredi 5 Juillet 2019 \u00e0 19h00 au Cin\u00e9madart). <strong>Synopsis\u00a0:<\/strong> <em><em>Une femme au foyer emprisonn\u00e9e dans la mis\u00e8re d\u2019un mariage oppressant trouve refuge dans un monde fantasm\u00e9 de violence vindicative. Mais tr\u00e8s vite les limites entre r\u00e9alit\u00e9 et fantasmes commencent \u00e0 se brouiller.<\/em><\/em><\/li>\n<\/ul>\n<ul>\n<li><a href=\"http:\/\/www.webdo.tn\/2016\/11\/22\/festival-international-film-caire-clash-reconciliation\/\">Le film \u00e9gyptien <strong><em>Clash (2016)<\/em><\/strong><\/a>, r\u00e9alis\u00e9 par <a href=\"http:\/\/www.webdo.tn\/2017\/07\/04\/mohamed-diab-letoile-montante-cinema-egyptien-a-cannes\/\">Mohamed Diab.<\/a>\u00a0Ce magnifique film avait fait l\u2019ouverture de la section Un Certain Regard au Festival de Cannes 2016 et avait remport\u00e9 4 prix aux JCC 2016 <a href=\"http:\/\/www.webdo.tn\/2016\/11\/06\/jcc-2016-deux-tanit-dor-pour-deux-films-tunisiens\/\">(le Tanit d\u2019argent, le Prix du Meilleur montage, le Prix de la\u00a0Meilleure image<\/a> et le <a href=\"http:\/\/www.webdo.tn\/2016\/11\/04\/jcc-2016-palmares-sections-paralleles\/\">Prix de la F\u00e9d\u00e9ration Africaine de la Critique Cin\u00e9matographique (FACC), Prix Nejiba Hamrouni).<\/a>\u00a0<a href=\"http:\/\/www.webdo.tn\/2016\/10\/12\/tunisie-disqualifiee-de-course-aux-oscars\/\">Ce film a d\u2019ailleurs \u00e9t\u00e9 choisi pour repr\u00e9senter l\u2019Egypte \u00e0 la course \u00e0 l\u2019Oscar du meilleur film en langue \u00e9trang\u00e8re.<\/a>\u00a0<em>Clash<\/em> est incontestablement l&rsquo;un des meilleurs films \u00e9gyptiens des 10 derni\u00e8res ann\u00e9es! (Mardi 2 Juillet 2019 \u00e0 22h30 \u00e0 la plage de Khereddine\/A\u00e9roport et Mercredi 3 Juillet 2019 \u00e0 22h30 \u00e0 Djerba\/Amphith\u00e9\u00e2tre Houmt Essouk). <strong>Synopsis :<\/strong> <em><em>Le Caire, juillet 2013, deux ans apr\u00e8s la r\u00e9volution \u00e9gyptienne. Au lendemain de la destitution du pr\u00e9sident Mohamed Morsi, la ville est le th\u00e9\u00e2tre de sanglants affrontements entre les Fr\u00e8res musulmans et les partisans de l\u2019arm\u00e9e. Arr\u00eat\u00e9s par la police, une vingtaine de manifestants aux convictions politiques et religieuses divergentes ainsi que deux journalistes couvrant les manifestations, soup\u00e7onn\u00e9s d&rsquo;\u00eatre des espions, se retrouvent enferm\u00e9s dans le m\u00eame fourgon. Bient\u00f4t des \u00e9chauffour\u00e9es \u00e9clatent entre les prisonniers dans l&rsquo;espace r\u00e9duit du v\u00e9hicule.<\/em><\/em><\/li>\n<\/ul>\n<ul>\n<li>Le film libanais<strong><em> Capharna\u00fcm (2018)<\/em><\/strong> de Nadine Labaki qui a remport\u00e9 plus d\u2019une vingtaine de prix, dont le Prix du jury et le Prix de la Citoyennet\u00e9 et le Prix du Jury \u0152cum\u00e9nique au Festival de Cannes 2018.<a href=\"http:\/\/www.webdo.tn\/2019\/01\/22\/oscars-2019-deux-films-arabes-nommes\/\"> Ce tr\u00e8s beau et tr\u00e8s \u00e9mouvant film a \u00e9galement \u00e9t\u00e9 nomm\u00e9 pour l\u2019Oscar du Meilleur film en langue \u00e9trang\u00e8re<\/a>. En Chine, Capharna\u00fcm a battu le record d\u2019entr\u00e9es pour un film arabe. <strong>Synopsis :<\/strong> <em><em>\u00c0 l\u2019int\u00e9rieur d\u2019un tribunal, Zain, un gar\u00e7on de 12 ans, est pr\u00e9sent\u00e9 devant le juge. \u00c0 la question : \u00ab\u00a0Pourquoi attaquez-vous vos parents en justice ?\u00a0\u00bb, Zain lui r\u00e9pond : \u00ab\u00a0Pour m\u2019avoir donn\u00e9 la vie !\u00a0\u00bb. Capharna\u00fcm retrace l\u2019incroyable parcours de cet enfant en qu\u00eate d\u2019identit\u00e9 et qui se rebelle contre la vie qu\u2019on cherche \u00e0 lui imposer.<\/em><\/em><\/li>\n<\/ul>\n<ul>\n<li>Le film \u00e9gyptien <strong><em>Un jour pour les femmes (2016)<\/em><\/strong>, r\u00e9alis\u00e9 par Kamela Abou Zekry avec dans les r\u00f4les principaux Elhem Chahine et Nelly Karim. Ce long m\u00e9trage avait fait l\u2019ouverture du Festival International du Film du Caire en 2016 et y avait remport\u00e9 le Prix de la meilleure actrice pour Nahed Sebai. Kamela Abou Zekry avait \u00e9t\u00e9 membre du jury Longs M\u00e9trages et Courts M\u00e9trages de Fiction aux JCC 2017. <strong>Synopsis :<\/strong> <em><em>Dans un quartier pauvre d\u2019Egypte, la nouvelle de l\u2019ouverture de la piscine pour une journ\u00e9e r\u00e9serv\u00e9e aux femmes fait sensation. Au fur et \u00e0 mesure que les femmes affluent autour du bassin, une s\u00e9rie d&rsquo;\u00e9v\u00e9nements\u00a0viendront \u00e0 jamais affecter leur perception d\u2019elles-m\u00eames et leur regard sur le monde.<\/em><\/em><\/li>\n<\/ul>\n<ul>\n<li>Le film tunisien <em><strong>Fatwa (2018)<\/strong><\/em> de Mahmoud Ben Mahmoud, avec dans les principaux r\u00f4les Ahmed Hefiane, Sarra Hannachi et Ghalia Ben Ali.<a href=\"http:\/\/www.webdo.tn\/2018\/11\/11\/jcc-2018-deux-tanit-dor-pour-les-films-tunisiens-fatwa-et-brotherhood\/\"> Fatwa avait remport\u00e9 le Tanit d\u2019Or aux Jcc 2018<\/a> et <a href=\"http:\/\/www.webdo.tn\/2018\/11\/30\/deux-films-tunisiens-primes-au-festival-international-du-film-du-caire\/\">le Prix Saad Eldin Wahba pour le meilleur film arabe, dans la comp\u00e9tition Horizons du Cin\u00e9ma Arabe au Festival International du Film du Caire en 2018.<\/a> <strong>Synopsis :<\/strong> <em><em>Brahim, un tunisien install\u00e9 en France, rentre \u00e0 Tunis pour enterrer son fils mort dans un accident de moto. Il d\u00e9couvre que le jeune Marouane militait au sein\u00a0d\u2019un groupuscule islamiste. Brahim d\u00e9cide de mener son enqu\u00eate pour identifier les personnes qui l\u2019ont endoctrin\u00e9. Il en vient \u00e0 douter de la version officielle de sa mort.<\/em><\/em><\/li>\n<\/ul>\n<p>Ci-dessous le programme complet. Les projections sur les plages sont gratuites. <img decoding=\"async\" alt=\"Manarat 2019 - Programme complet\" height=\"791\" src=\"http:\/\/www.webdo.tn\/wp-content\/uploads\/2019\/06\/Programme-2.png\" width=\"577\"> \u00a0 <img decoding=\"async\" alt=\"Manarat 2019 - Programme complet\" height=\"783\" src=\"http:\/\/www.webdo.tn\/wp-content\/uploads\/2019\/06\/Programme-3.png\" width=\"582\"> \u00a0 <img decoding=\"async\" alt=\"Manarat 2019 - Programme complet\" height=\"774\" src=\"http:\/\/www.webdo.tn\/wp-content\/uploads\/2019\/06\/Programme-4.png\" width=\"578\"> \u00a0 <img decoding=\"async\" alt=\"Manarat 2019 - Programme complet\" height=\"773\" src=\"http:\/\/www.webdo.tn\/wp-content\/uploads\/2019\/06\/Programme-5.png\" width=\"579\"> \u00a0 <img decoding=\"async\" alt=\"Manarat 2019 - Programme complet\" height=\"773\" src=\"http:\/\/www.webdo.tn\/wp-content\/uploads\/2019\/06\/Programme-6.png\" width=\"578\"> \u00a0 <img decoding=\"async\" alt=\"Manarat 2019 - Programme complet\" height=\"778\" src=\"http:\/\/www.webdo.tn\/wp-content\/uploads\/2019\/06\/Programme-7.png\" width=\"579\"> \u00a0 <img decoding=\"async\" alt=\"Manarat 2019 - Programme complet\" height=\"774\" src=\"http:\/\/www.webdo.tn\/wp-content\/uploads\/2019\/06\/Programme-8.png\" width=\"583\"> \u00a0<\/p>\n<p><strong>Ne\u00efla Driss<\/strong><\/p>\n<\/p><\/div>\n<div class=\"coprs\" style=\"text-align: center\"><\/div><\/div>\n","protected":false},"excerpt":{"rendered":"<p>Manarat 2019 &#8211; Programme complet des projections et rencontres<\/p>\n","protected":false},"author":3164,"featured_media":376577,"comment_status":"open","ping_status":"closed","sticky":false,"template":"","format":"standard","meta":{"footnotes":""},"categories":[2594],"tags":[11293,2626,2628],"class_list":["post-199827","post","type-post","status-publish","format-standard","has-post-thumbnail","hentry","category-culture","tag-manarat","tag-cinema","tag-festival"],"yoast_head":"<!-- This site is optimized with the Yoast SEO Premium plugin v27.4 (Yoast SEO v27.4) - https:\/\/yoast.com\/product\/yoast-seo-premium-wordpress\/ -->\n<title>Manarat 2019 - Programme complet des projections et rencontres<\/title>\n<meta name=\"description\" content=\"Manarat 2019 - Programme complet des projections et rencontres\" \/>\n<link rel=\"canonical\" href=\"https:\/\/www.webdo.tn\/fr\/actualite\/culture\/manarat-2019-programme-complet-des-projections-et-rencontres\/199827\/\" \/>\n<meta property=\"og:locale\" content=\"fr_FR\" \/>\n<meta property=\"og:type\" content=\"article\" \/>\n<meta property=\"og:title\" content=\"Manarat 2019 - Programme complet des projections et rencontres\" \/>\n<meta property=\"og:description\" content=\"Manarat 2019 - Programme complet des projections et rencontres\" \/>\n<meta property=\"og:url\" content=\"https:\/\/www.webdo.tn\/fr\/actualite\/culture\/manarat-2019-programme-complet-des-projections-et-rencontres\/199827\/\" \/>\n<meta property=\"og:site_name\" content=\"webdo\" \/>\n<meta property=\"article:publisher\" content=\"https:\/\/www.facebook.com\/webdotn\" \/>\n<meta property=\"article:author\" content=\"https:\/\/www.facebook.com\/massir.destiniii\/\" \/>\n<meta property=\"article:published_time\" content=\"2019-06-24T11:45:00+00:00\" \/>\n<meta property=\"og:image\" content=\"https:\/\/www.webdo.tn\/fr\/wp-content\/uploads\/2019\/06\/7cba13c1b35709bd96045f3ef29878d7.jpeg\" \/>\n\t<meta property=\"og:image:width\" content=\"651\" \/>\n\t<meta property=\"og:image:height\" content=\"347\" \/>\n\t<meta property=\"og:image:type\" content=\"image\/jpeg\" \/>\n<meta name=\"author\" content=\"Ne\u00efla DRISS\" \/>\n<meta name=\"twitter:card\" content=\"summary_large_image\" \/>\n<meta name=\"twitter:creator\" content=\"@https:\/\/x.com\/MassirDestin\" \/>\n<meta name=\"twitter:site\" content=\"@webdo_tn\" \/>\n<meta name=\"twitter:label1\" content=\"\u00c9crit par\" \/>\n\t<meta name=\"twitter:data1\" content=\"Ne\u00efla DRISS\" \/>\n\t<meta name=\"twitter:label2\" content=\"Dur\u00e9e de lecture estim\u00e9e\" \/>\n\t<meta name=\"twitter:data2\" content=\"6 minutes\" \/>\n<script type=\"application\/ld+json\" class=\"yoast-schema-graph\">{\"@context\":\"https:\\\/\\\/schema.org\",\"@graph\":[{\"@type\":\"NewsArticle\",\"@id\":\"https:\\\/\\\/www.webdo.tn\\\/fr\\\/actualite\\\/culture\\\/manarat-2019-programme-complet-des-projections-et-rencontres\\\/199827\\\/#article\",\"isPartOf\":{\"@id\":\"https:\\\/\\\/www.webdo.tn\\\/fr\\\/actualite\\\/culture\\\/manarat-2019-programme-complet-des-projections-et-rencontres\\\/199827\\\/\"},\"author\":{\"name\":\"Ne\u00efla DRISS\",\"@id\":\"https:\\\/\\\/www.webdo.tn\\\/fr\\\/#\\\/schema\\\/person\\\/60d5ba619ed3f58783b0dc82b7dada80\"},\"headline\":\"Manarat 2019 &#8211; Programme complet des projections et rencontres\",\"datePublished\":\"2019-06-24T11:45:00+00:00\",\"mainEntityOfPage\":{\"@id\":\"https:\\\/\\\/www.webdo.tn\\\/fr\\\/actualite\\\/culture\\\/manarat-2019-programme-complet-des-projections-et-rencontres\\\/199827\\\/\"},\"wordCount\":1181,\"commentCount\":0,\"publisher\":{\"@id\":\"https:\\\/\\\/www.webdo.tn\\\/fr\\\/#organization\"},\"image\":{\"@id\":\"https:\\\/\\\/www.webdo.tn\\\/fr\\\/actualite\\\/culture\\\/manarat-2019-programme-complet-des-projections-et-rencontres\\\/199827\\\/#primaryimage\"},\"thumbnailUrl\":\"https:\\\/\\\/www.webdo.tn\\\/fr\\\/wp-content\\\/uploads\\\/2019\\\/06\\\/7cba13c1b35709bd96045f3ef29878d7.jpeg\",\"keywords\":[\"'Manarat'\",\"Cin\u00e9ma\",\"Festival\"],\"articleSection\":[\"Culture\"],\"inLanguage\":\"fr-FR\"},{\"@type\":\"WebPage\",\"@id\":\"https:\\\/\\\/www.webdo.tn\\\/fr\\\/actualite\\\/culture\\\/manarat-2019-programme-complet-des-projections-et-rencontres\\\/199827\\\/\",\"url\":\"https:\\\/\\\/www.webdo.tn\\\/fr\\\/actualite\\\/culture\\\/manarat-2019-programme-complet-des-projections-et-rencontres\\\/199827\\\/\",\"name\":\"Manarat 2019 - Programme complet des projections et rencontres\",\"isPartOf\":{\"@id\":\"https:\\\/\\\/www.webdo.tn\\\/fr\\\/#website\"},\"primaryImageOfPage\":{\"@id\":\"https:\\\/\\\/www.webdo.tn\\\/fr\\\/actualite\\\/culture\\\/manarat-2019-programme-complet-des-projections-et-rencontres\\\/199827\\\/#primaryimage\"},\"image\":{\"@id\":\"https:\\\/\\\/www.webdo.tn\\\/fr\\\/actualite\\\/culture\\\/manarat-2019-programme-complet-des-projections-et-rencontres\\\/199827\\\/#primaryimage\"},\"thumbnailUrl\":\"https:\\\/\\\/www.webdo.tn\\\/fr\\\/wp-content\\\/uploads\\\/2019\\\/06\\\/7cba13c1b35709bd96045f3ef29878d7.jpeg\",\"datePublished\":\"2019-06-24T11:45:00+00:00\",\"description\":\"Manarat 2019 - Programme complet des projections et rencontres\",\"breadcrumb\":{\"@id\":\"https:\\\/\\\/www.webdo.tn\\\/fr\\\/actualite\\\/culture\\\/manarat-2019-programme-complet-des-projections-et-rencontres\\\/199827\\\/#breadcrumb\"},\"inLanguage\":\"fr-FR\",\"potentialAction\":[{\"@type\":\"ReadAction\",\"target\":[\"https:\\\/\\\/www.webdo.tn\\\/fr\\\/actualite\\\/culture\\\/manarat-2019-programme-complet-des-projections-et-rencontres\\\/199827\\\/\"]}]},{\"@type\":\"ImageObject\",\"inLanguage\":\"fr-FR\",\"@id\":\"https:\\\/\\\/www.webdo.tn\\\/fr\\\/actualite\\\/culture\\\/manarat-2019-programme-complet-des-projections-et-rencontres\\\/199827\\\/#primaryimage\",\"url\":\"https:\\\/\\\/www.webdo.tn\\\/fr\\\/wp-content\\\/uploads\\\/2019\\\/06\\\/7cba13c1b35709bd96045f3ef29878d7.jpeg\",\"contentUrl\":\"https:\\\/\\\/www.webdo.tn\\\/fr\\\/wp-content\\\/uploads\\\/2019\\\/06\\\/7cba13c1b35709bd96045f3ef29878d7.jpeg\",\"width\":651,\"height\":347,\"caption\":\"Manarat 2019 - Programme complet des projections et rencontres\"},{\"@type\":\"BreadcrumbList\",\"@id\":\"https:\\\/\\\/www.webdo.tn\\\/fr\\\/actualite\\\/culture\\\/manarat-2019-programme-complet-des-projections-et-rencontres\\\/199827\\\/#breadcrumb\",\"itemListElement\":[{\"@type\":\"ListItem\",\"position\":1,\"name\":\"Accueil\",\"item\":\"https:\\\/\\\/www.webdo.tn\\\/fr\\\/\"},{\"@type\":\"ListItem\",\"position\":2,\"name\":\"Manarat 2019 &#8211; Programme complet des projections et rencontres\"}]},{\"@type\":\"WebSite\",\"@id\":\"https:\\\/\\\/www.webdo.tn\\\/fr\\\/#website\",\"url\":\"https:\\\/\\\/www.webdo.tn\\\/fr\\\/\",\"name\":\"webdo\",\"description\":\"Tunisie - News en Tunisie et \u00e0 l&#039;international sur Webdo.tn\",\"publisher\":{\"@id\":\"https:\\\/\\\/www.webdo.tn\\\/fr\\\/#organization\"},\"potentialAction\":[{\"@type\":\"SearchAction\",\"target\":{\"@type\":\"EntryPoint\",\"urlTemplate\":\"https:\\\/\\\/www.webdo.tn\\\/fr\\\/?s={search_term_string}\"},\"query-input\":{\"@type\":\"PropertyValueSpecification\",\"valueRequired\":true,\"valueName\":\"search_term_string\"}}],\"inLanguage\":\"fr-FR\"},{\"@type\":\"Organization\",\"@id\":\"https:\\\/\\\/www.webdo.tn\\\/fr\\\/#organization\",\"name\":\"Webdo\",\"alternateName\":\"Webdo.tn\",\"url\":\"https:\\\/\\\/www.webdo.tn\\\/fr\\\/\",\"logo\":{\"@type\":\"ImageObject\",\"inLanguage\":\"fr-FR\",\"@id\":\"https:\\\/\\\/www.webdo.tn\\\/fr\\\/#\\\/schema\\\/logo\\\/image\\\/\",\"url\":\"https:\\\/\\\/www.webdo.tn\\\/fr\\\/wp-content\\\/uploads\\\/2025\\\/06\\\/Webdo-Tunisie_168377.jpg\",\"contentUrl\":\"https:\\\/\\\/www.webdo.tn\\\/fr\\\/wp-content\\\/uploads\\\/2025\\\/06\\\/Webdo-Tunisie_168377.jpg\",\"width\":301,\"height\":301,\"caption\":\"Webdo\"},\"image\":{\"@id\":\"https:\\\/\\\/www.webdo.tn\\\/fr\\\/#\\\/schema\\\/logo\\\/image\\\/\"},\"sameAs\":[\"https:\\\/\\\/www.facebook.com\\\/webdotn\",\"https:\\\/\\\/x.com\\\/webdo_tn\"],\"description\":\"Webdo est un m\u00e9dia num\u00e9rique tunisien fond\u00e9 en 2010, sp\u00e9cialis\u00e9 dans l\u2019actualit\u00e9 nationale et internationale, l\u2019\u00e9conomie, la soci\u00e9t\u00e9 et les analyses politiques. Le site s\u2019adresse \u00e0 un large public francophone et couvre l\u2019information tunisienne en temps r\u00e9el.\",\"email\":\"redac@webdo.tn\",\"legalName\":\"YNJ SARL\",\"foundingDate\":\"2010-09-06\",\"numberOfEmployees\":{\"@type\":\"QuantitativeValue\",\"minValue\":\"11\",\"maxValue\":\"50\"}},{\"@type\":\"Person\",\"@id\":\"https:\\\/\\\/www.webdo.tn\\\/fr\\\/#\\\/schema\\\/person\\\/60d5ba619ed3f58783b0dc82b7dada80\",\"name\":\"Ne\u00efla DRISS\",\"image\":{\"@type\":\"ImageObject\",\"inLanguage\":\"fr-FR\",\"@id\":\"https:\\\/\\\/www.webdo.tn\\\/fr\\\/wp-content\\\/uploads\\\/2026\\\/04\\\/neila-driss_avatar-96x96.jpg\",\"url\":\"https:\\\/\\\/www.webdo.tn\\\/fr\\\/wp-content\\\/uploads\\\/2026\\\/04\\\/neila-driss_avatar-96x96.jpg\",\"contentUrl\":\"https:\\\/\\\/www.webdo.tn\\\/fr\\\/wp-content\\\/uploads\\\/2026\\\/04\\\/neila-driss_avatar-96x96.jpg\",\"caption\":\"Ne\u00efla DRISS\"},\"description\":\"Ne\u00efla Driss est juriste, journaliste culturelle et critique de cin\u00e9ma tunisienne. Titulaire d\u2019un DEA en droit priv\u00e9 de l\u2019Universit\u00e9 Paris II et d\u2019un DESS de l\u2019IHEC Carthage, elle d\u00e9bute sa carri\u00e8re comme juriste sp\u00e9cialis\u00e9e en gestion de patrimoine immobilier. Elle s\u2019oriente ensuite vers l\u2019\u00e9criture en ligne, o\u00f9 elle se distingue d\u00e8s 2006 aux Tunisia Blog Awards, avant de se consacrer au journalisme culturel, avec une sp\u00e9cialisation dans la critique cin\u00e9matographique. Elle couvre r\u00e9guli\u00e8rement les grands festivals internationaux, notamment le Festival de Cannes, les Journ\u00e9es Cin\u00e9matographiques de Carthage et le Festival du film du Caire. Membre de l\u2019ATPCC et de la FIPRESCI, elle participe \u00e0 des jurys et initiatives internationales de critique. Depuis 2024, elle est \u00e9lectrice internationale aux Golden Globes. Facebook : https:\\\/\\\/www.facebook.com\\\/massir.destiniii\\\/ X : https:\\\/\\\/x.com\\\/MassirDestin\",\"sameAs\":[\"https:\\\/\\\/www.facebook.com\\\/massir.destiniii\\\/\",\"https:\\\/\\\/www.instagram.com\\\/neila.driss\\\/?hl=fr\",\"https:\\\/\\\/www.linkedin.com\\\/in\\\/neila-driss-22606a80\\\/\",\"https:\\\/\\\/x.com\\\/https:\\\/\\\/x.com\\\/MassirDestin\"],\"knowsAbout\":[\"Cin\u00e9ma international\",\"critique cin\u00e9matographique\",\"festivals de cin\u00e9ma\",\"journalisme culturel\"],\"knowsLanguage\":[\"Fran\u00e7ais\",\"Arabe\",\"Anglais\"],\"jobTitle\":\"Journaliste culturelle et critique de cin\u00e9ma\",\"worksFor\":\"Webdo\",\"url\":\"https:\\\/\\\/www.webdo.tn\\\/fr\\\/actualite\\\/author\\\/neila-driss\\\/\"}]}<\/script>\n<!-- \/ Yoast SEO Premium plugin. -->","yoast_head_json":{"title":"Manarat 2019 - Programme complet des projections et rencontres","description":"Manarat 2019 - Programme complet des projections et rencontres","canonical":"https:\/\/www.webdo.tn\/fr\/actualite\/culture\/manarat-2019-programme-complet-des-projections-et-rencontres\/199827\/","og_locale":"fr_FR","og_type":"article","og_title":"Manarat 2019 - Programme complet des projections et rencontres","og_description":"Manarat 2019 - Programme complet des projections et rencontres","og_url":"https:\/\/www.webdo.tn\/fr\/actualite\/culture\/manarat-2019-programme-complet-des-projections-et-rencontres\/199827\/","og_site_name":"webdo","article_publisher":"https:\/\/www.facebook.com\/webdotn","article_author":"https:\/\/www.facebook.com\/massir.destiniii\/","article_published_time":"2019-06-24T11:45:00+00:00","og_image":[{"width":651,"height":347,"url":"https:\/\/www.webdo.tn\/fr\/wp-content\/uploads\/2019\/06\/7cba13c1b35709bd96045f3ef29878d7.jpeg","type":"image\/jpeg"}],"author":"Ne\u00efla DRISS","twitter_card":"summary_large_image","twitter_creator":"@https:\/\/x.com\/MassirDestin","twitter_site":"@webdo_tn","twitter_misc":{"\u00c9crit par":"Ne\u00efla DRISS","Dur\u00e9e de lecture estim\u00e9e":"6 minutes"},"schema":{"@context":"https:\/\/schema.org","@graph":[{"@type":"NewsArticle","@id":"https:\/\/www.webdo.tn\/fr\/actualite\/culture\/manarat-2019-programme-complet-des-projections-et-rencontres\/199827\/#article","isPartOf":{"@id":"https:\/\/www.webdo.tn\/fr\/actualite\/culture\/manarat-2019-programme-complet-des-projections-et-rencontres\/199827\/"},"author":{"name":"Ne\u00efla DRISS","@id":"https:\/\/www.webdo.tn\/fr\/#\/schema\/person\/60d5ba619ed3f58783b0dc82b7dada80"},"headline":"Manarat 2019 &#8211; Programme complet des projections et rencontres","datePublished":"2019-06-24T11:45:00+00:00","mainEntityOfPage":{"@id":"https:\/\/www.webdo.tn\/fr\/actualite\/culture\/manarat-2019-programme-complet-des-projections-et-rencontres\/199827\/"},"wordCount":1181,"commentCount":0,"publisher":{"@id":"https:\/\/www.webdo.tn\/fr\/#organization"},"image":{"@id":"https:\/\/www.webdo.tn\/fr\/actualite\/culture\/manarat-2019-programme-complet-des-projections-et-rencontres\/199827\/#primaryimage"},"thumbnailUrl":"https:\/\/www.webdo.tn\/fr\/wp-content\/uploads\/2019\/06\/7cba13c1b35709bd96045f3ef29878d7.jpeg","keywords":["'Manarat'","Cin\u00e9ma","Festival"],"articleSection":["Culture"],"inLanguage":"fr-FR"},{"@type":"WebPage","@id":"https:\/\/www.webdo.tn\/fr\/actualite\/culture\/manarat-2019-programme-complet-des-projections-et-rencontres\/199827\/","url":"https:\/\/www.webdo.tn\/fr\/actualite\/culture\/manarat-2019-programme-complet-des-projections-et-rencontres\/199827\/","name":"Manarat 2019 - Programme complet des projections et rencontres","isPartOf":{"@id":"https:\/\/www.webdo.tn\/fr\/#website"},"primaryImageOfPage":{"@id":"https:\/\/www.webdo.tn\/fr\/actualite\/culture\/manarat-2019-programme-complet-des-projections-et-rencontres\/199827\/#primaryimage"},"image":{"@id":"https:\/\/www.webdo.tn\/fr\/actualite\/culture\/manarat-2019-programme-complet-des-projections-et-rencontres\/199827\/#primaryimage"},"thumbnailUrl":"https:\/\/www.webdo.tn\/fr\/wp-content\/uploads\/2019\/06\/7cba13c1b35709bd96045f3ef29878d7.jpeg","datePublished":"2019-06-24T11:45:00+00:00","description":"Manarat 2019 - Programme complet des projections et rencontres","breadcrumb":{"@id":"https:\/\/www.webdo.tn\/fr\/actualite\/culture\/manarat-2019-programme-complet-des-projections-et-rencontres\/199827\/#breadcrumb"},"inLanguage":"fr-FR","potentialAction":[{"@type":"ReadAction","target":["https:\/\/www.webdo.tn\/fr\/actualite\/culture\/manarat-2019-programme-complet-des-projections-et-rencontres\/199827\/"]}]},{"@type":"ImageObject","inLanguage":"fr-FR","@id":"https:\/\/www.webdo.tn\/fr\/actualite\/culture\/manarat-2019-programme-complet-des-projections-et-rencontres\/199827\/#primaryimage","url":"https:\/\/www.webdo.tn\/fr\/wp-content\/uploads\/2019\/06\/7cba13c1b35709bd96045f3ef29878d7.jpeg","contentUrl":"https:\/\/www.webdo.tn\/fr\/wp-content\/uploads\/2019\/06\/7cba13c1b35709bd96045f3ef29878d7.jpeg","width":651,"height":347,"caption":"Manarat 2019 - Programme complet des projections et rencontres"},{"@type":"BreadcrumbList","@id":"https:\/\/www.webdo.tn\/fr\/actualite\/culture\/manarat-2019-programme-complet-des-projections-et-rencontres\/199827\/#breadcrumb","itemListElement":[{"@type":"ListItem","position":1,"name":"Accueil","item":"https:\/\/www.webdo.tn\/fr\/"},{"@type":"ListItem","position":2,"name":"Manarat 2019 &#8211; Programme complet des projections et rencontres"}]},{"@type":"WebSite","@id":"https:\/\/www.webdo.tn\/fr\/#website","url":"https:\/\/www.webdo.tn\/fr\/","name":"webdo","description":"Tunisie - News en Tunisie et \u00e0 l&#039;international sur Webdo.tn","publisher":{"@id":"https:\/\/www.webdo.tn\/fr\/#organization"},"potentialAction":[{"@type":"SearchAction","target":{"@type":"EntryPoint","urlTemplate":"https:\/\/www.webdo.tn\/fr\/?s={search_term_string}"},"query-input":{"@type":"PropertyValueSpecification","valueRequired":true,"valueName":"search_term_string"}}],"inLanguage":"fr-FR"},{"@type":"Organization","@id":"https:\/\/www.webdo.tn\/fr\/#organization","name":"Webdo","alternateName":"Webdo.tn","url":"https:\/\/www.webdo.tn\/fr\/","logo":{"@type":"ImageObject","inLanguage":"fr-FR","@id":"https:\/\/www.webdo.tn\/fr\/#\/schema\/logo\/image\/","url":"https:\/\/www.webdo.tn\/fr\/wp-content\/uploads\/2025\/06\/Webdo-Tunisie_168377.jpg","contentUrl":"https:\/\/www.webdo.tn\/fr\/wp-content\/uploads\/2025\/06\/Webdo-Tunisie_168377.jpg","width":301,"height":301,"caption":"Webdo"},"image":{"@id":"https:\/\/www.webdo.tn\/fr\/#\/schema\/logo\/image\/"},"sameAs":["https:\/\/www.facebook.com\/webdotn","https:\/\/x.com\/webdo_tn"],"description":"Webdo est un m\u00e9dia num\u00e9rique tunisien fond\u00e9 en 2010, sp\u00e9cialis\u00e9 dans l\u2019actualit\u00e9 nationale et internationale, l\u2019\u00e9conomie, la soci\u00e9t\u00e9 et les analyses politiques. Le site s\u2019adresse \u00e0 un large public francophone et couvre l\u2019information tunisienne en temps r\u00e9el.","email":"redac@webdo.tn","legalName":"YNJ SARL","foundingDate":"2010-09-06","numberOfEmployees":{"@type":"QuantitativeValue","minValue":"11","maxValue":"50"}},{"@type":"Person","@id":"https:\/\/www.webdo.tn\/fr\/#\/schema\/person\/60d5ba619ed3f58783b0dc82b7dada80","name":"Ne\u00efla DRISS","image":{"@type":"ImageObject","inLanguage":"fr-FR","@id":"https:\/\/www.webdo.tn\/fr\/wp-content\/uploads\/2026\/04\/neila-driss_avatar-96x96.jpg","url":"https:\/\/www.webdo.tn\/fr\/wp-content\/uploads\/2026\/04\/neila-driss_avatar-96x96.jpg","contentUrl":"https:\/\/www.webdo.tn\/fr\/wp-content\/uploads\/2026\/04\/neila-driss_avatar-96x96.jpg","caption":"Ne\u00efla DRISS"},"description":"Ne\u00efla Driss est juriste, journaliste culturelle et critique de cin\u00e9ma tunisienne. Titulaire d\u2019un DEA en droit priv\u00e9 de l\u2019Universit\u00e9 Paris II et d\u2019un DESS de l\u2019IHEC Carthage, elle d\u00e9bute sa carri\u00e8re comme juriste sp\u00e9cialis\u00e9e en gestion de patrimoine immobilier. Elle s\u2019oriente ensuite vers l\u2019\u00e9criture en ligne, o\u00f9 elle se distingue d\u00e8s 2006 aux Tunisia Blog Awards, avant de se consacrer au journalisme culturel, avec une sp\u00e9cialisation dans la critique cin\u00e9matographique. Elle couvre r\u00e9guli\u00e8rement les grands festivals internationaux, notamment le Festival de Cannes, les Journ\u00e9es Cin\u00e9matographiques de Carthage et le Festival du film du Caire. Membre de l\u2019ATPCC et de la FIPRESCI, elle participe \u00e0 des jurys et initiatives internationales de critique. Depuis 2024, elle est \u00e9lectrice internationale aux Golden Globes. Facebook : https:\/\/www.facebook.com\/massir.destiniii\/ X : https:\/\/x.com\/MassirDestin","sameAs":["https:\/\/www.facebook.com\/massir.destiniii\/","https:\/\/www.instagram.com\/neila.driss\/?hl=fr","https:\/\/www.linkedin.com\/in\/neila-driss-22606a80\/","https:\/\/x.com\/https:\/\/x.com\/MassirDestin"],"knowsAbout":["Cin\u00e9ma international","critique cin\u00e9matographique","festivals de cin\u00e9ma","journalisme culturel"],"knowsLanguage":["Fran\u00e7ais","Arabe","Anglais"],"jobTitle":"Journaliste culturelle et critique de cin\u00e9ma","worksFor":"Webdo","url":"https:\/\/www.webdo.tn\/fr\/actualite\/author\/neila-driss\/"}]}},"_links":{"self":[{"href":"https:\/\/www.webdo.tn\/fr\/wp-json\/wp\/v2\/posts\/199827","targetHints":{"allow":["GET"]}}],"collection":[{"href":"https:\/\/www.webdo.tn\/fr\/wp-json\/wp\/v2\/posts"}],"about":[{"href":"https:\/\/www.webdo.tn\/fr\/wp-json\/wp\/v2\/types\/post"}],"author":[{"embeddable":true,"href":"https:\/\/www.webdo.tn\/fr\/wp-json\/wp\/v2\/users\/3164"}],"replies":[{"embeddable":true,"href":"https:\/\/www.webdo.tn\/fr\/wp-json\/wp\/v2\/comments?post=199827"}],"version-history":[{"count":0,"href":"https:\/\/www.webdo.tn\/fr\/wp-json\/wp\/v2\/posts\/199827\/revisions"}],"wp:featuredmedia":[{"embeddable":true,"href":"https:\/\/www.webdo.tn\/fr\/wp-json\/wp\/v2\/media\/376577"}],"wp:attachment":[{"href":"https:\/\/www.webdo.tn\/fr\/wp-json\/wp\/v2\/media?parent=199827"}],"wp:term":[{"taxonomy":"category","embeddable":true,"href":"https:\/\/www.webdo.tn\/fr\/wp-json\/wp\/v2\/categories?post=199827"},{"taxonomy":"post_tag","embeddable":true,"href":"https:\/\/www.webdo.tn\/fr\/wp-json\/wp\/v2\/tags?post=199827"}],"curies":[{"name":"wp","href":"https:\/\/api.w.org\/{rel}","templated":true}]}}