{"id":199802,"date":"2019-05-14T15:33:00","date_gmt":"2019-05-14T15:33:00","guid":{"rendered":"https:\/\/www.webdo.tn\/fr\/blog\/laffiche-cannoise-du-film-tlamess-de-alaeddine-slim-devoilee\/199802\/"},"modified":"2019-05-14T15:33:00","modified_gmt":"2019-05-14T15:33:00","slug":"laffiche-cannoise-du-film-tlamess-de-alaeddine-slim-devoilee","status":"publish","type":"post","link":"https:\/\/www.webdo.tn\/fr\/actualite\/culture\/laffiche-cannoise-du-film-tlamess-de-alaeddine-slim-devoilee\/199802\/","title":{"rendered":"L\u2019affiche cannoise du film TLAMESS de Alaeddine Slim d\u00e9voil\u00e9e!"},"content":{"rendered":"<div class=\"single-body entry-content typography-copy\" itemprop=\"articleBody\">\n<p style=\"font-weight: bold; text-align: justify\">\n<div class=\"coprs\" style=\"text-align: center\"><\/div>\n<div class=\"coprs\" style=\"text-align: justify\">\n\t\t\t\t\t\t\t\t\t\u00a0<\/p>\n<p>L&rsquo;affiche cannoise du film tunisien <em>Tlamess<\/em>, r\u00e9alis\u00e9 par Alaeddine Slim, vient d&rsquo;\u00eatre d\u00e9voil\u00e9e. <a href=\"http:\/\/www.webdo.tn\/2019\/05\/13\/les-rendez-vous-du-cinema-arabe-au-festival-de-cannes-2019\/\">Ce film\u00a0est s\u00e9lectionn\u00e9 \u00e0 la 51eme \u00e9dition de la\u00a0 Quinzaine des r\u00e9alisateurs 2019, qui se d\u00e9roule du 15 au 25 Mai 2019.<\/a><\/p>\n<p><em>Tlamess<\/em> est le deuxi\u00e8me long m\u00e9trage fiction de Alaeddine Slim, qui avait d\u00e9j\u00e0 brill\u00e9 avec son premier film <a href=\"http:\/\/www.webdo.tn\/2016\/07\/26\/mostra-de-venise-film-tunisien-akher-wahed-fina-selectionne\/\"><em>The last of us<\/em>, doublement prim\u00e9 \u00e0 la Mostra de Venise<\/a> et qui avait \u00e9galement <a href=\"http:\/\/www.webdo.tn\/2016\/11\/06\/jcc-2016-deux-tanit-dor-pour-deux-films-tunisiens\/\">remport\u00e9 le Tanit d&rsquo;Or de la premi\u00e8re oeuvre aux JCC 2016.<\/a><\/p>\n<p><strong>Synopsis:<\/strong><\/p>\n<p><em>Apr\u00e8s le d\u00e9c\u00e8s de sa m\u00e8re, un jeune soldat tunisien rentre chez lui. Il abandonne alors l&rsquo;arm\u00e9e et est recherch\u00e9 par les autorit\u00e9s. Apr\u00e8s plusieurs altercations avec la police, il est gri\u00e8vement bless\u00e9 et se r\u00e9fugie dans une for\u00eat proche. Parall\u00e8lement, une jeune femme enceinte vit dans une luxueuse villa dans cette m\u00eame for\u00eat et fait la connaissance du soldat. Des \u00e9v\u00e9nements \u00e9tranges surviennent alors&#8230;<\/em><\/p>\n<p>Bien s\u00fbr, <em>Tlamess<\/em> figure \u00e9galement dans le catalogue de la s\u00e9lection, qui sera distribu\u00e9 aux journalistes et divers professionnels du cin\u00e9ma \u00e0 partir d&rsquo;aujourd&rsquo;hui.<\/p>\n<figure id=\"attachment_214174\" aria-describedby=\"caption-attachment-214174\" style=\"width: 960px\" class=\"wp-caption alignnone\"><img decoding=\"async\" class=\"size-full wp-image-214174\" src=\"http:\/\/www.webdo.tn\/wp-content\/uploads\/2019\/05\/Tlamess-catalogue.jpg\" alt=\"Tlamess sur le catalogue de la Quinzaine des r\u00e9alisateurs 2019\" width=\"960\" height=\"720\"><figcaption id=\"caption-attachment-214174\" class=\"wp-caption-text\"><em>Tlamess sur le catalogue de la Quinzaine des r\u00e9alisateurs 2019.<\/em><\/figcaption><\/figure>\n<p>La premi\u00e8re mondiale du film aura lieu le 21 Mai 2019 \u00e0 11:45 au Th\u00e9\u00e2tre de la Croisette &#8211; Cannes.<\/p>\n<p><strong>Ne\u00efla Driss<\/strong><\/p>\n<p><img decoding=\"async\" class=\"aligncenter size-full wp-image-214004\" src=\"http:\/\/www.webdo.tn\/wp-content\/uploads\/2019\/05\/Signature.png\" alt=\"Festival de Cannes 2019\" width=\"728\" height=\"90\"><\/p>\n<p>\u00a0<\/p>\n<p><em>Lire sur le m\u00eame sujet:<br \/>\n<\/em><\/p>\n<ul>\n<li class=\"entry-title\"><a title=\"Deux acteurs tunisiens parmi les finalistes des \u00ab\u00a0Critics Awards\u00a0\u00bb\" href=\"http:\/\/www.webdo.tn\/2019\/04\/28\/deux-acteurs-tunisiens-parmi-les-finalistes-des-critics-awards\/\" rel=\"bookmark\">Deux acteurs tunisiens parmi les finalistes des \u00ab\u00a0Critics Awards\u00a0\u00bb<\/a><\/li>\n<li class=\"entry-title\"><a title=\"Festival de Cannes : Abdellatif Kechiche dans la comp\u00e9tition officielle\" href=\"http:\/\/www.webdo.tn\/2019\/05\/08\/festival-de-cannes-abdellatif-kechiche-dans-la-competition-officielle\/\" rel=\"bookmark\">Festival de Cannes : Abdellatif Kechiche dans la comp\u00e9tition officielle<\/a><\/li>\n<li class=\"entry-title\"><a title=\"Alejandro Gonz\u00e1lez I\u00f1\u00e1rritu, Pr\u00e9sident du Jury du Festival de Cannes 2019\" href=\"http:\/\/www.webdo.tn\/2019\/02\/27\/alejandro-gonzalez-inarritu-president-du-jury-du-festival-de-cannes-2019\/\" rel=\"bookmark\">Alejandro Gonz\u00e1lez I\u00f1\u00e1rritu, Pr\u00e9sident du Jury du Festival de Cannes 2019<\/a><\/li>\n<li class=\"entry-title\"><a title=\"Les rendez-vous du cin\u00e9ma arabe au Festival de Cannes 2019\" href=\"http:\/\/www.webdo.tn\/2019\/05\/13\/les-rendez-vous-du-cinema-arabe-au-festival-de-cannes-2019\/\" rel=\"bookmark\">Les rendez-vous du cin\u00e9ma arabe au Festival de Cannes 2019<\/a><\/li>\n<\/ul><\/div>\n<div class=\"coprs\" style=\"text-align: center\"><\/div><\/div>\n","protected":false},"excerpt":{"rendered":"<p>L\u2019affiche cannoise du film TLAMESS de Alaeddine Slim d\u00e9voil\u00e9e!<\/p>\n","protected":false},"author":3164,"featured_media":295101,"comment_status":"open","ping_status":"closed","sticky":false,"template":"","format":"standard","meta":{"footnotes":""},"categories":[2594],"tags":[2600],"class_list":["post-199802","post","type-post","status-publish","format-standard","has-post-thumbnail","hentry","category-culture","tag-guerre"],"yoast_head":"<!-- This site is optimized with the Yoast SEO Premium plugin v27.5 (Yoast SEO v27.5) - https:\/\/yoast.com\/product\/yoast-seo-premium-wordpress\/ -->\n<title>L\u2019affiche cannoise du film TLAMESS de Alaeddine Slim d\u00e9voil\u00e9e!<\/title>\n<meta name=\"description\" content=\"L\u2019affiche cannoise du film TLAMESS de Alaeddine Slim d\u00e9voil\u00e9e!\" \/>\n<link rel=\"canonical\" href=\"https:\/\/www.webdo.tn\/fr\/actualite\/culture\/laffiche-cannoise-du-film-tlamess-de-alaeddine-slim-devoilee\/199802\/\" \/>\n<meta property=\"og:locale\" content=\"fr_FR\" \/>\n<meta property=\"og:type\" content=\"article\" \/>\n<meta property=\"og:title\" content=\"L\u2019affiche cannoise du film TLAMESS de Alaeddine Slim d\u00e9voil\u00e9e!\" \/>\n<meta property=\"og:description\" content=\"L\u2019affiche cannoise du film TLAMESS de Alaeddine Slim d\u00e9voil\u00e9e!\" \/>\n<meta property=\"og:url\" content=\"https:\/\/www.webdo.tn\/fr\/actualite\/culture\/laffiche-cannoise-du-film-tlamess-de-alaeddine-slim-devoilee\/199802\/\" \/>\n<meta property=\"og:site_name\" content=\"webdo\" \/>\n<meta property=\"article:publisher\" content=\"https:\/\/www.facebook.com\/webdotn\" \/>\n<meta property=\"article:author\" content=\"https:\/\/www.facebook.com\/massir.destiniii\/\" \/>\n<meta property=\"article:published_time\" content=\"2019-05-14T15:33:00+00:00\" \/>\n<meta property=\"og:image\" content=\"https:\/\/www.webdo.tn\/fr\/wp-content\/uploads\/2019\/05\/Tlamsse-Affiche.jpg\" \/>\n\t<meta property=\"og:image:width\" content=\"685\" \/>\n\t<meta property=\"og:image:height\" content=\"960\" \/>\n\t<meta property=\"og:image:type\" content=\"image\/jpeg\" \/>\n<meta name=\"author\" content=\"Ne\u00efla DRISS\" \/>\n<meta name=\"twitter:card\" content=\"summary_large_image\" \/>\n<meta name=\"twitter:creator\" content=\"@https:\/\/x.com\/MassirDestin\" \/>\n<meta name=\"twitter:site\" content=\"@webdo_tn\" \/>\n<meta name=\"twitter:label1\" content=\"\u00c9crit par\" \/>\n\t<meta name=\"twitter:data1\" content=\"Ne\u00efla DRISS\" \/>\n\t<meta name=\"twitter:label2\" content=\"Dur\u00e9e de lecture estim\u00e9e\" \/>\n\t<meta name=\"twitter:data2\" content=\"1 minute\" \/>\n<script type=\"application\/ld+json\" class=\"yoast-schema-graph\">{\"@context\":\"https:\\\/\\\/schema.org\",\"@graph\":[{\"@type\":\"NewsArticle\",\"@id\":\"https:\\\/\\\/www.webdo.tn\\\/fr\\\/actualite\\\/culture\\\/laffiche-cannoise-du-film-tlamess-de-alaeddine-slim-devoilee\\\/199802\\\/#article\",\"isPartOf\":{\"@id\":\"https:\\\/\\\/www.webdo.tn\\\/fr\\\/actualite\\\/culture\\\/laffiche-cannoise-du-film-tlamess-de-alaeddine-slim-devoilee\\\/199802\\\/\"},\"author\":{\"name\":\"Ne\u00efla DRISS\",\"@id\":\"https:\\\/\\\/www.webdo.tn\\\/fr\\\/#\\\/schema\\\/person\\\/60d5ba619ed3f58783b0dc82b7dada80\"},\"headline\":\"L\u2019affiche cannoise du film TLAMESS de Alaeddine Slim d\u00e9voil\u00e9e!\",\"datePublished\":\"2019-05-14T15:33:00+00:00\",\"mainEntityOfPage\":{\"@id\":\"https:\\\/\\\/www.webdo.tn\\\/fr\\\/actualite\\\/culture\\\/laffiche-cannoise-du-film-tlamess-de-alaeddine-slim-devoilee\\\/199802\\\/\"},\"wordCount\":293,\"commentCount\":0,\"publisher\":{\"@id\":\"https:\\\/\\\/www.webdo.tn\\\/fr\\\/#organization\"},\"image\":{\"@id\":\"https:\\\/\\\/www.webdo.tn\\\/fr\\\/actualite\\\/culture\\\/laffiche-cannoise-du-film-tlamess-de-alaeddine-slim-devoilee\\\/199802\\\/#primaryimage\"},\"thumbnailUrl\":\"https:\\\/\\\/www.webdo.tn\\\/fr\\\/wp-content\\\/uploads\\\/2019\\\/05\\\/Tlamsse-Affiche.jpg\",\"keywords\":[\"guerre\"],\"articleSection\":[\"Culture\"],\"inLanguage\":\"fr-FR\"},{\"@type\":\"WebPage\",\"@id\":\"https:\\\/\\\/www.webdo.tn\\\/fr\\\/actualite\\\/culture\\\/laffiche-cannoise-du-film-tlamess-de-alaeddine-slim-devoilee\\\/199802\\\/\",\"url\":\"https:\\\/\\\/www.webdo.tn\\\/fr\\\/actualite\\\/culture\\\/laffiche-cannoise-du-film-tlamess-de-alaeddine-slim-devoilee\\\/199802\\\/\",\"name\":\"L\u2019affiche cannoise du film TLAMESS de Alaeddine Slim d\u00e9voil\u00e9e!\",\"isPartOf\":{\"@id\":\"https:\\\/\\\/www.webdo.tn\\\/fr\\\/#website\"},\"primaryImageOfPage\":{\"@id\":\"https:\\\/\\\/www.webdo.tn\\\/fr\\\/actualite\\\/culture\\\/laffiche-cannoise-du-film-tlamess-de-alaeddine-slim-devoilee\\\/199802\\\/#primaryimage\"},\"image\":{\"@id\":\"https:\\\/\\\/www.webdo.tn\\\/fr\\\/actualite\\\/culture\\\/laffiche-cannoise-du-film-tlamess-de-alaeddine-slim-devoilee\\\/199802\\\/#primaryimage\"},\"thumbnailUrl\":\"https:\\\/\\\/www.webdo.tn\\\/fr\\\/wp-content\\\/uploads\\\/2019\\\/05\\\/Tlamsse-Affiche.jpg\",\"datePublished\":\"2019-05-14T15:33:00+00:00\",\"description\":\"L\u2019affiche cannoise du film TLAMESS de Alaeddine Slim d\u00e9voil\u00e9e!\",\"breadcrumb\":{\"@id\":\"https:\\\/\\\/www.webdo.tn\\\/fr\\\/actualite\\\/culture\\\/laffiche-cannoise-du-film-tlamess-de-alaeddine-slim-devoilee\\\/199802\\\/#breadcrumb\"},\"inLanguage\":\"fr-FR\",\"potentialAction\":[{\"@type\":\"ReadAction\",\"target\":[\"https:\\\/\\\/www.webdo.tn\\\/fr\\\/actualite\\\/culture\\\/laffiche-cannoise-du-film-tlamess-de-alaeddine-slim-devoilee\\\/199802\\\/\"]}]},{\"@type\":\"ImageObject\",\"inLanguage\":\"fr-FR\",\"@id\":\"https:\\\/\\\/www.webdo.tn\\\/fr\\\/actualite\\\/culture\\\/laffiche-cannoise-du-film-tlamess-de-alaeddine-slim-devoilee\\\/199802\\\/#primaryimage\",\"url\":\"https:\\\/\\\/www.webdo.tn\\\/fr\\\/wp-content\\\/uploads\\\/2019\\\/05\\\/Tlamsse-Affiche.jpg\",\"contentUrl\":\"https:\\\/\\\/www.webdo.tn\\\/fr\\\/wp-content\\\/uploads\\\/2019\\\/05\\\/Tlamsse-Affiche.jpg\",\"width\":685,\"height\":960,\"caption\":\"L\u2019affiche cannoise du film TLAMESS de Alaeddine Slim d\u00e9voil\u00e9e!\"},{\"@type\":\"BreadcrumbList\",\"@id\":\"https:\\\/\\\/www.webdo.tn\\\/fr\\\/actualite\\\/culture\\\/laffiche-cannoise-du-film-tlamess-de-alaeddine-slim-devoilee\\\/199802\\\/#breadcrumb\",\"itemListElement\":[{\"@type\":\"ListItem\",\"position\":1,\"name\":\"Accueil\",\"item\":\"https:\\\/\\\/www.webdo.tn\\\/fr\\\/\"},{\"@type\":\"ListItem\",\"position\":2,\"name\":\"L\u2019affiche cannoise du film TLAMESS de Alaeddine Slim d\u00e9voil\u00e9e!\"}]},{\"@type\":\"WebSite\",\"@id\":\"https:\\\/\\\/www.webdo.tn\\\/fr\\\/#website\",\"url\":\"https:\\\/\\\/www.webdo.tn\\\/fr\\\/\",\"name\":\"webdo\",\"description\":\"Tunisie - News en Tunisie et \u00e0 l&#039;international sur Webdo.tn\",\"publisher\":{\"@id\":\"https:\\\/\\\/www.webdo.tn\\\/fr\\\/#organization\"},\"potentialAction\":[{\"@type\":\"SearchAction\",\"target\":{\"@type\":\"EntryPoint\",\"urlTemplate\":\"https:\\\/\\\/www.webdo.tn\\\/fr\\\/?s={search_term_string}\"},\"query-input\":{\"@type\":\"PropertyValueSpecification\",\"valueRequired\":true,\"valueName\":\"search_term_string\"}}],\"inLanguage\":\"fr-FR\"},{\"@type\":\"Organization\",\"@id\":\"https:\\\/\\\/www.webdo.tn\\\/fr\\\/#organization\",\"name\":\"Webdo\",\"alternateName\":\"Webdo.tn\",\"url\":\"https:\\\/\\\/www.webdo.tn\\\/fr\\\/\",\"logo\":{\"@type\":\"ImageObject\",\"inLanguage\":\"fr-FR\",\"@id\":\"https:\\\/\\\/www.webdo.tn\\\/fr\\\/#\\\/schema\\\/logo\\\/image\\\/\",\"url\":\"https:\\\/\\\/www.webdo.tn\\\/fr\\\/wp-content\\\/uploads\\\/2025\\\/06\\\/Webdo-Tunisie_168377.jpg\",\"contentUrl\":\"https:\\\/\\\/www.webdo.tn\\\/fr\\\/wp-content\\\/uploads\\\/2025\\\/06\\\/Webdo-Tunisie_168377.jpg\",\"width\":301,\"height\":301,\"caption\":\"Webdo\"},\"image\":{\"@id\":\"https:\\\/\\\/www.webdo.tn\\\/fr\\\/#\\\/schema\\\/logo\\\/image\\\/\"},\"sameAs\":[\"https:\\\/\\\/www.facebook.com\\\/webdotn\",\"https:\\\/\\\/x.com\\\/webdo_tn\"],\"description\":\"Webdo est un m\u00e9dia num\u00e9rique tunisien fond\u00e9 en 2010, sp\u00e9cialis\u00e9 dans l\u2019actualit\u00e9 nationale et internationale, l\u2019\u00e9conomie, la soci\u00e9t\u00e9 et les analyses politiques. Le site s\u2019adresse \u00e0 un large public francophone et couvre l\u2019information tunisienne en temps r\u00e9el.\",\"email\":\"redac@webdo.tn\",\"legalName\":\"YNJ SARL\",\"foundingDate\":\"2010-09-06\",\"numberOfEmployees\":{\"@type\":\"QuantitativeValue\",\"minValue\":\"11\",\"maxValue\":\"50\"}},{\"@type\":\"Person\",\"@id\":\"https:\\\/\\\/www.webdo.tn\\\/fr\\\/#\\\/schema\\\/person\\\/60d5ba619ed3f58783b0dc82b7dada80\",\"name\":\"Ne\u00efla DRISS\",\"image\":{\"@type\":\"ImageObject\",\"inLanguage\":\"fr-FR\",\"@id\":\"https:\\\/\\\/www.webdo.tn\\\/fr\\\/wp-content\\\/uploads\\\/2026\\\/04\\\/neila-driss_avatar-96x96.jpg\",\"url\":\"https:\\\/\\\/www.webdo.tn\\\/fr\\\/wp-content\\\/uploads\\\/2026\\\/04\\\/neila-driss_avatar-96x96.jpg\",\"contentUrl\":\"https:\\\/\\\/www.webdo.tn\\\/fr\\\/wp-content\\\/uploads\\\/2026\\\/04\\\/neila-driss_avatar-96x96.jpg\",\"caption\":\"Ne\u00efla DRISS\"},\"description\":\"Ne\u00efla Driss est juriste, journaliste culturelle et critique de cin\u00e9ma tunisienne. Titulaire d\u2019un DEA en droit priv\u00e9 de l\u2019Universit\u00e9 Paris II et d\u2019un DESS de l\u2019IHEC Carthage, elle d\u00e9bute sa carri\u00e8re comme juriste sp\u00e9cialis\u00e9e en gestion de patrimoine immobilier. Elle s\u2019oriente ensuite vers l\u2019\u00e9criture en ligne, o\u00f9 elle se distingue d\u00e8s 2006 aux Tunisia Blog Awards, avant de se consacrer au journalisme culturel, avec une sp\u00e9cialisation dans la critique cin\u00e9matographique. Elle couvre r\u00e9guli\u00e8rement les grands festivals internationaux, notamment le Festival de Cannes, les Journ\u00e9es Cin\u00e9matographiques de Carthage et le Festival du film du Caire. Membre de l\u2019ATPCC et de la FIPRESCI, elle participe \u00e0 des jurys et initiatives internationales de critique. Depuis 2024, elle est \u00e9lectrice internationale aux Golden Globes. Facebook : https:\\\/\\\/www.facebook.com\\\/massir.destiniii\\\/ X : https:\\\/\\\/x.com\\\/MassirDestin\",\"sameAs\":[\"https:\\\/\\\/www.facebook.com\\\/massir.destiniii\\\/\",\"https:\\\/\\\/www.instagram.com\\\/neila.driss\\\/?hl=fr\",\"https:\\\/\\\/www.linkedin.com\\\/in\\\/neila-driss-22606a80\\\/\",\"https:\\\/\\\/x.com\\\/https:\\\/\\\/x.com\\\/MassirDestin\"],\"knowsAbout\":[\"Cin\u00e9ma international\",\"critique cin\u00e9matographique\",\"festivals de cin\u00e9ma\",\"journalisme culturel\"],\"knowsLanguage\":[\"Fran\u00e7ais\",\"Arabe\",\"Anglais\"],\"jobTitle\":\"Journaliste culturelle et critique de cin\u00e9ma\",\"worksFor\":\"Webdo\",\"url\":\"https:\\\/\\\/www.webdo.tn\\\/fr\\\/actualite\\\/author\\\/neila-driss\\\/\"}]}<\/script>\n<!-- \/ Yoast SEO Premium plugin. -->","yoast_head_json":{"title":"L\u2019affiche cannoise du film TLAMESS de Alaeddine Slim d\u00e9voil\u00e9e!","description":"L\u2019affiche cannoise du film TLAMESS de Alaeddine Slim d\u00e9voil\u00e9e!","canonical":"https:\/\/www.webdo.tn\/fr\/actualite\/culture\/laffiche-cannoise-du-film-tlamess-de-alaeddine-slim-devoilee\/199802\/","og_locale":"fr_FR","og_type":"article","og_title":"L\u2019affiche cannoise du film TLAMESS de Alaeddine Slim d\u00e9voil\u00e9e!","og_description":"L\u2019affiche cannoise du film TLAMESS de Alaeddine Slim d\u00e9voil\u00e9e!","og_url":"https:\/\/www.webdo.tn\/fr\/actualite\/culture\/laffiche-cannoise-du-film-tlamess-de-alaeddine-slim-devoilee\/199802\/","og_site_name":"webdo","article_publisher":"https:\/\/www.facebook.com\/webdotn","article_author":"https:\/\/www.facebook.com\/massir.destiniii\/","article_published_time":"2019-05-14T15:33:00+00:00","og_image":[{"width":685,"height":960,"url":"https:\/\/www.webdo.tn\/fr\/wp-content\/uploads\/2019\/05\/Tlamsse-Affiche.jpg","type":"image\/jpeg"}],"author":"Ne\u00efla DRISS","twitter_card":"summary_large_image","twitter_creator":"@https:\/\/x.com\/MassirDestin","twitter_site":"@webdo_tn","twitter_misc":{"\u00c9crit par":"Ne\u00efla DRISS","Dur\u00e9e de lecture estim\u00e9e":"1 minute"},"schema":{"@context":"https:\/\/schema.org","@graph":[{"@type":"NewsArticle","@id":"https:\/\/www.webdo.tn\/fr\/actualite\/culture\/laffiche-cannoise-du-film-tlamess-de-alaeddine-slim-devoilee\/199802\/#article","isPartOf":{"@id":"https:\/\/www.webdo.tn\/fr\/actualite\/culture\/laffiche-cannoise-du-film-tlamess-de-alaeddine-slim-devoilee\/199802\/"},"author":{"name":"Ne\u00efla DRISS","@id":"https:\/\/www.webdo.tn\/fr\/#\/schema\/person\/60d5ba619ed3f58783b0dc82b7dada80"},"headline":"L\u2019affiche cannoise du film TLAMESS de Alaeddine Slim d\u00e9voil\u00e9e!","datePublished":"2019-05-14T15:33:00+00:00","mainEntityOfPage":{"@id":"https:\/\/www.webdo.tn\/fr\/actualite\/culture\/laffiche-cannoise-du-film-tlamess-de-alaeddine-slim-devoilee\/199802\/"},"wordCount":293,"commentCount":0,"publisher":{"@id":"https:\/\/www.webdo.tn\/fr\/#organization"},"image":{"@id":"https:\/\/www.webdo.tn\/fr\/actualite\/culture\/laffiche-cannoise-du-film-tlamess-de-alaeddine-slim-devoilee\/199802\/#primaryimage"},"thumbnailUrl":"https:\/\/www.webdo.tn\/fr\/wp-content\/uploads\/2019\/05\/Tlamsse-Affiche.jpg","keywords":["guerre"],"articleSection":["Culture"],"inLanguage":"fr-FR"},{"@type":"WebPage","@id":"https:\/\/www.webdo.tn\/fr\/actualite\/culture\/laffiche-cannoise-du-film-tlamess-de-alaeddine-slim-devoilee\/199802\/","url":"https:\/\/www.webdo.tn\/fr\/actualite\/culture\/laffiche-cannoise-du-film-tlamess-de-alaeddine-slim-devoilee\/199802\/","name":"L\u2019affiche cannoise du film TLAMESS de Alaeddine Slim d\u00e9voil\u00e9e!","isPartOf":{"@id":"https:\/\/www.webdo.tn\/fr\/#website"},"primaryImageOfPage":{"@id":"https:\/\/www.webdo.tn\/fr\/actualite\/culture\/laffiche-cannoise-du-film-tlamess-de-alaeddine-slim-devoilee\/199802\/#primaryimage"},"image":{"@id":"https:\/\/www.webdo.tn\/fr\/actualite\/culture\/laffiche-cannoise-du-film-tlamess-de-alaeddine-slim-devoilee\/199802\/#primaryimage"},"thumbnailUrl":"https:\/\/www.webdo.tn\/fr\/wp-content\/uploads\/2019\/05\/Tlamsse-Affiche.jpg","datePublished":"2019-05-14T15:33:00+00:00","description":"L\u2019affiche cannoise du film TLAMESS de Alaeddine Slim d\u00e9voil\u00e9e!","breadcrumb":{"@id":"https:\/\/www.webdo.tn\/fr\/actualite\/culture\/laffiche-cannoise-du-film-tlamess-de-alaeddine-slim-devoilee\/199802\/#breadcrumb"},"inLanguage":"fr-FR","potentialAction":[{"@type":"ReadAction","target":["https:\/\/www.webdo.tn\/fr\/actualite\/culture\/laffiche-cannoise-du-film-tlamess-de-alaeddine-slim-devoilee\/199802\/"]}]},{"@type":"ImageObject","inLanguage":"fr-FR","@id":"https:\/\/www.webdo.tn\/fr\/actualite\/culture\/laffiche-cannoise-du-film-tlamess-de-alaeddine-slim-devoilee\/199802\/#primaryimage","url":"https:\/\/www.webdo.tn\/fr\/wp-content\/uploads\/2019\/05\/Tlamsse-Affiche.jpg","contentUrl":"https:\/\/www.webdo.tn\/fr\/wp-content\/uploads\/2019\/05\/Tlamsse-Affiche.jpg","width":685,"height":960,"caption":"L\u2019affiche cannoise du film TLAMESS de Alaeddine Slim d\u00e9voil\u00e9e!"},{"@type":"BreadcrumbList","@id":"https:\/\/www.webdo.tn\/fr\/actualite\/culture\/laffiche-cannoise-du-film-tlamess-de-alaeddine-slim-devoilee\/199802\/#breadcrumb","itemListElement":[{"@type":"ListItem","position":1,"name":"Accueil","item":"https:\/\/www.webdo.tn\/fr\/"},{"@type":"ListItem","position":2,"name":"L\u2019affiche cannoise du film TLAMESS de Alaeddine Slim d\u00e9voil\u00e9e!"}]},{"@type":"WebSite","@id":"https:\/\/www.webdo.tn\/fr\/#website","url":"https:\/\/www.webdo.tn\/fr\/","name":"webdo","description":"Tunisie - News en Tunisie et \u00e0 l&#039;international sur Webdo.tn","publisher":{"@id":"https:\/\/www.webdo.tn\/fr\/#organization"},"potentialAction":[{"@type":"SearchAction","target":{"@type":"EntryPoint","urlTemplate":"https:\/\/www.webdo.tn\/fr\/?s={search_term_string}"},"query-input":{"@type":"PropertyValueSpecification","valueRequired":true,"valueName":"search_term_string"}}],"inLanguage":"fr-FR"},{"@type":"Organization","@id":"https:\/\/www.webdo.tn\/fr\/#organization","name":"Webdo","alternateName":"Webdo.tn","url":"https:\/\/www.webdo.tn\/fr\/","logo":{"@type":"ImageObject","inLanguage":"fr-FR","@id":"https:\/\/www.webdo.tn\/fr\/#\/schema\/logo\/image\/","url":"https:\/\/www.webdo.tn\/fr\/wp-content\/uploads\/2025\/06\/Webdo-Tunisie_168377.jpg","contentUrl":"https:\/\/www.webdo.tn\/fr\/wp-content\/uploads\/2025\/06\/Webdo-Tunisie_168377.jpg","width":301,"height":301,"caption":"Webdo"},"image":{"@id":"https:\/\/www.webdo.tn\/fr\/#\/schema\/logo\/image\/"},"sameAs":["https:\/\/www.facebook.com\/webdotn","https:\/\/x.com\/webdo_tn"],"description":"Webdo est un m\u00e9dia num\u00e9rique tunisien fond\u00e9 en 2010, sp\u00e9cialis\u00e9 dans l\u2019actualit\u00e9 nationale et internationale, l\u2019\u00e9conomie, la soci\u00e9t\u00e9 et les analyses politiques. Le site s\u2019adresse \u00e0 un large public francophone et couvre l\u2019information tunisienne en temps r\u00e9el.","email":"redac@webdo.tn","legalName":"YNJ SARL","foundingDate":"2010-09-06","numberOfEmployees":{"@type":"QuantitativeValue","minValue":"11","maxValue":"50"}},{"@type":"Person","@id":"https:\/\/www.webdo.tn\/fr\/#\/schema\/person\/60d5ba619ed3f58783b0dc82b7dada80","name":"Ne\u00efla DRISS","image":{"@type":"ImageObject","inLanguage":"fr-FR","@id":"https:\/\/www.webdo.tn\/fr\/wp-content\/uploads\/2026\/04\/neila-driss_avatar-96x96.jpg","url":"https:\/\/www.webdo.tn\/fr\/wp-content\/uploads\/2026\/04\/neila-driss_avatar-96x96.jpg","contentUrl":"https:\/\/www.webdo.tn\/fr\/wp-content\/uploads\/2026\/04\/neila-driss_avatar-96x96.jpg","caption":"Ne\u00efla DRISS"},"description":"Ne\u00efla Driss est juriste, journaliste culturelle et critique de cin\u00e9ma tunisienne. Titulaire d\u2019un DEA en droit priv\u00e9 de l\u2019Universit\u00e9 Paris II et d\u2019un DESS de l\u2019IHEC Carthage, elle d\u00e9bute sa carri\u00e8re comme juriste sp\u00e9cialis\u00e9e en gestion de patrimoine immobilier. Elle s\u2019oriente ensuite vers l\u2019\u00e9criture en ligne, o\u00f9 elle se distingue d\u00e8s 2006 aux Tunisia Blog Awards, avant de se consacrer au journalisme culturel, avec une sp\u00e9cialisation dans la critique cin\u00e9matographique. Elle couvre r\u00e9guli\u00e8rement les grands festivals internationaux, notamment le Festival de Cannes, les Journ\u00e9es Cin\u00e9matographiques de Carthage et le Festival du film du Caire. Membre de l\u2019ATPCC et de la FIPRESCI, elle participe \u00e0 des jurys et initiatives internationales de critique. Depuis 2024, elle est \u00e9lectrice internationale aux Golden Globes. Facebook : https:\/\/www.facebook.com\/massir.destiniii\/ X : https:\/\/x.com\/MassirDestin","sameAs":["https:\/\/www.facebook.com\/massir.destiniii\/","https:\/\/www.instagram.com\/neila.driss\/?hl=fr","https:\/\/www.linkedin.com\/in\/neila-driss-22606a80\/","https:\/\/x.com\/https:\/\/x.com\/MassirDestin"],"knowsAbout":["Cin\u00e9ma international","critique cin\u00e9matographique","festivals de cin\u00e9ma","journalisme culturel"],"knowsLanguage":["Fran\u00e7ais","Arabe","Anglais"],"jobTitle":"Journaliste culturelle et critique de cin\u00e9ma","worksFor":"Webdo","url":"https:\/\/www.webdo.tn\/fr\/actualite\/author\/neila-driss\/"}]}},"_links":{"self":[{"href":"https:\/\/www.webdo.tn\/fr\/wp-json\/wp\/v2\/posts\/199802","targetHints":{"allow":["GET"]}}],"collection":[{"href":"https:\/\/www.webdo.tn\/fr\/wp-json\/wp\/v2\/posts"}],"about":[{"href":"https:\/\/www.webdo.tn\/fr\/wp-json\/wp\/v2\/types\/post"}],"author":[{"embeddable":true,"href":"https:\/\/www.webdo.tn\/fr\/wp-json\/wp\/v2\/users\/3164"}],"replies":[{"embeddable":true,"href":"https:\/\/www.webdo.tn\/fr\/wp-json\/wp\/v2\/comments?post=199802"}],"version-history":[{"count":0,"href":"https:\/\/www.webdo.tn\/fr\/wp-json\/wp\/v2\/posts\/199802\/revisions"}],"wp:featuredmedia":[{"embeddable":true,"href":"https:\/\/www.webdo.tn\/fr\/wp-json\/wp\/v2\/media\/295101"}],"wp:attachment":[{"href":"https:\/\/www.webdo.tn\/fr\/wp-json\/wp\/v2\/media?parent=199802"}],"wp:term":[{"taxonomy":"category","embeddable":true,"href":"https:\/\/www.webdo.tn\/fr\/wp-json\/wp\/v2\/categories?post=199802"},{"taxonomy":"post_tag","embeddable":true,"href":"https:\/\/www.webdo.tn\/fr\/wp-json\/wp\/v2\/tags?post=199802"}],"curies":[{"name":"wp","href":"https:\/\/api.w.org\/{rel}","templated":true}]}}