{"id":199698,"date":"2018-01-10T09:15:00","date_gmt":"2018-01-10T09:15:00","guid":{"rendered":"https:\/\/www.webdo.tn\/fr\/blog\/stars-oui-a-prix\/199698\/"},"modified":"2018-01-10T09:15:00","modified_gmt":"2018-01-10T09:15:00","slug":"stars-oui-a-prix","status":"publish","type":"post","link":"https:\/\/www.webdo.tn\/fr\/actualite\/culture\/stars-oui-a-prix\/199698\/","title":{"rendered":"Des stars, oui, mais \u00e0 quel prix\u00a0?"},"content":{"rendered":"<div class=\"single-body entry-content typography-copy\" itemprop=\"articleBody\">\n<p style=\"font-weight: bold; text-align: justify\">\n<div class=\"coprs\" style=\"text-align: center\"><\/div>\n<div class=\"coprs\" style=\"text-align: justify\">\n<p>Cela fait environ un mois que <a href=\"http:\/\/www.webdo.tn\/2017\/11\/21\/festival-international-film-caire-ciff-activites-culturelles-diversifiees-engagement-femme\/\">la 39eme \u00e9dition du Festival International du Film du Caire (CIFF)<\/a> s\u2019est achev\u00e9e et je suis perplexe. Le CIFF a pratiquement sous-trait\u00e9 ses deux c\u00e9r\u00e9monies d\u2019ouverture et de cl\u00f4ture \u00e0 deux sponsors. \u00c9tait-ce un bon ou un mauvais choix\u00a0?<\/p>\n<p>Un grand festival international de cin\u00e9ma n\u00e9cessite un \u00e9norme budget. Or il est devenu \u00e9vident que les budgets allou\u00e9s \u00e0 des festivals tels que les JCC ou le CIFF, th\u00e9oriquement organis\u00e9s par les minist\u00e8res de la culture de leurs pays, sont tr\u00e8s insuffisants. Ces festivals sont donc oblig\u00e9s de recourir \u00e0 des sponsors, essentiellement lorsqu\u2019il s\u2019agit d\u2019organiser de belles c\u00e9r\u00e9monies de cl\u00f4ture et d\u2019ouverture et surtout d\u2019inviter des stars internationales.<\/p>\n<p>\u00a0<\/p>\n<p><img decoding=\"async\" alt=\"Nicolas Cage sur le tapis rouge du CIFF\" height=\"618\" src=\"http:\/\/www.webdo.tn\/wp-content\/uploads\/2018\/01\/Stars-08-2-662x1024.jpg\" width=\"400\"><br \/>\n<em>Nicolas Cage sur le tapis rouge du CIFF<\/em><\/p>\n<p>\u00a0<\/p>\n<p>Bien que certains estiment que l\u2019essentiel est la qualit\u00e9 des films, \u00a0je crois personnellement qu\u2019un festival est un tout\u00a0: des films, des s\u00e9minaires, des d\u00e9bats, mais \u00e9galement du glamour, des paillettes et donc la pr\u00e9sence de stars. C\u2019est ce qui donne de l\u2019\u00e9clat \u00e0 un festival et lui conf\u00e8re une meilleure visibilit\u00e9. Et par l\u00e0 permet \u00e9galement de promouvoir le cin\u00e9ma local et la destination, ce qui est n\u00e9cessaire pour nos pays.<\/p>\n<p>Pour sa 39eme \u00e9dition, le Festival International du Film du Caire (CIFF) a fait le choix d\u2019inviter des stars internationales, telles Nicolas Cage, Adrien Brody, Hilary Swank et Elizabeth Hurley. Et justement, comme son budget est insuffisant, il a du avoir recours \u00e0 des sponsors importants.<\/p>\n<p>A cet effet, la CIFF a conclu un contrat de partenariat avec la chaine TV <a href=\"http:\/\/dmc.com.eg\/\">\u00ab\u00a0dmc\u00a0\u00bb<\/a> et le joaillier <a href=\"https:\/\/www.bulgari.com\/fr-ch\/\">\u00ab\u00a0Bulgari\u00a0\u00bb<\/a>.<\/p>\n<p>C\u2019est une bonne chose d\u2019avoir de tels partenaires qui offrent une aide mat\u00e9rielle et logistique, sauf que nous avons assist\u00e9 \u00e0 des d\u00e9passements graves. En effet, ces deux sponsors se sont accapar\u00e9 les deux c\u00e9r\u00e9monies d\u2019ouverture et de cl\u00f4ture du festival. Ils les ont enti\u00e8rement organis\u00e9es et la direction du festival n\u2019\u00e9tait m\u00eame plus ma\u00eetre \u00e0 bord\u00a0!<\/p>\n<p>Le festival a, par exemple, perdu le contr\u00f4le de la liste d\u2019invit\u00e9s et certains professionnels qui auraient du \u00eatre d\u2019office invit\u00e9s ne l\u2019avaient pas \u00e9t\u00e9, alors que certaines personnes qui n\u2019avaient aucun lien avec le cin\u00e9ma l\u2019avaient \u00e9t\u00e9. Pire, le festival s\u2019est vu donner un nombre insuffisant d\u2019invitations, ce qui est inconcevable. Le comble ensuite est que des dizaines de si\u00e8ges \u00e9taient rest\u00e9s inoccup\u00e9s. Sans oublier que les logos des sponsors ont m\u00eame pr\u00e9c\u00e9d\u00e9 celui du festival sur les cartons d\u2019invitation\u00a0!<\/p>\n<p>\u00a0<\/p>\n<p><img decoding=\"async\" alt=\"Les invitations aux c\u00e9r\u00e9monies d'ouverture et de cl\u00f4ture du CIFF\" height=\"343\" src=\"http:\/\/www.webdo.tn\/wp-content\/uploads\/2018\/01\/IMG_8702-1.jpg\" width=\"600\"><br \/>\n<em>Les invitations aux c\u00e9r\u00e9monies d&rsquo;ouverture et de cl\u00f4ture du CIFF<\/em><\/p>\n<p>\u00a0<\/p>\n<p>Ce qui \u00e9tait encore plus inconcevable est que certains invit\u00e9s d\u2019honneur du festival, venus sp\u00e9cialement de l\u2019\u00e9tranger, n\u2019\u00e9taient pas non plus invit\u00e9s aux soir\u00e9es qui ont suivi les c\u00e9r\u00e9monies officielles et organis\u00e9es par Bulgari.<\/p>\n<p>Par ailleurs, lors de la c\u00e9r\u00e9monie d\u2019ouverture, au grand \u00e9tonnamment des pr\u00e9sents, une vid\u00e9o faisant office de spot publicitaire pour les bijoux Bulgari a \u00e9t\u00e9 projet\u00e9e et avait \u00e9t\u00e9 suivie d\u2019un discours du repr\u00e9sentant de Bulgari dans le monde arabe\u00a0! M\u00eame si sur cette vid\u00e9o, on voyait des extraits de films o\u00f9 les actrices portaient des bijoux Bulgari, quel lien r\u00e9el avec le cin\u00e9ma\u00a0et la culture\u00a0?<\/p>\n<p>D\u2019autres d\u00e9passements et d\u00e9sagr\u00e9ments ont \u00e9t\u00e9 d\u00e9plor\u00e9s, comme par exemple les mauvaises conditions dans lesquelles le film d\u2019ouverture a \u00e9t\u00e9 projet\u00e9, ce qui a d\u2019ailleurs oblig\u00e9 le r\u00e9alisateur \u00e0 arr\u00eater la s\u00e9ance.<\/p>\n<p>\u00a0<\/p>\n<p><img decoding=\"async\" alt=\"Adrien Brody sur le tapis rouge du CIFF\" height=\"618\" src=\"http:\/\/www.webdo.tn\/wp-content\/uploads\/2018\/01\/Stars-08-1-663x1024.jpg\" width=\"400\"><br \/>\n<em>Adrien Brody sur le tapis rouge du CIFF<\/em><\/p>\n<p>Est-ce que le CIFF n\u2019aurait pas pu s\u2019occuper lui-m\u00eame de ses c\u00e9r\u00e9monies d\u2019ouverture et cl\u00f4ture\u00a0? Il aurait certainement pu le faire. Je rappelle d\u2019ailleurs que <a href=\"http:\/\/www.webdo.tn\/2016\/11\/18\/festival-international-film-caire-belle-ceremonie-douverture\/\">l\u2019ann\u00e9e derni\u00e8re, c\u2019\u00e9tait le cas, et les c\u00e9r\u00e9monies \u00e9taient tr\u00e8s belles et tr\u00e8s bien organis\u00e9es.<\/a><\/p>\n<p>Mais le CIFF avait besoin d\u2019un budget important que le Minist\u00e8re de la Culture ne pouvait plus lui octroyer, et sans ces deux importants sponsors, le CIFF n\u2019aurait jamais eu les moyens financiers d\u2019inviter des stars internationales. Or le festival avait besoin de ces stars.<\/p>\n<p>Le festival avait besoin de briller, de faire parler de lui. Il avait besoin de montrer qu\u2019il reste un grand festival. Surtout que la concurrence devient rude, aussi bien \u00e0 l\u2019\u00e9chelle nationale avec le tout nouveau <a href=\"http:\/\/www.webdo.tn\/2017\/09\/21\/demain-debute-festival-film-del-gouna-gff\/\">Festival du Film d\u2019El Gouna<\/a>, qu\u2019\u00e0 l\u2019\u00e9chelle Internationale avec un <a href=\"https:\/\/dubaifilmfest.com\/\">festival tel que celui de Duba\u00ef<\/a> qui chaque ann\u00e9e devient encore plus important.<\/p>\n<p>Par ailleurs, tout le pays a besoin de la promotion que lui apporte le festival. Il n\u2019y a qu\u2019\u00e0 voir l\u2019impact de <a href=\"http:\/\/www.webdo.tn\/2017\/09\/23\/festival-film-del-gouna-ceremonie-douverture\/\">la r\u00e9ussite de la premi\u00e8re \u00e9dition du Festival du Film d\u2019El Gouna<\/a> sur la ville. Les r\u00e9servations dans les h\u00f4tels ont augment\u00e9es et d\u2019apr\u00e8s Intishal Al Timimi, directeur du festival, m\u00eame le prix des terrains est \u00e0 la hausse.<\/p>\n<p>\u00a0<\/p>\n<p><img decoding=\"async\" alt=\"Elizabeth Hurley sur le tapis rouge du CIFF\" height=\"599\" src=\"http:\/\/www.webdo.tn\/wp-content\/uploads\/2018\/01\/Stars-06.jpg\" width=\"400\"><br \/>\n<em>Elizabeth Hurley sur le tapis rouge du CIFF<\/em><\/p>\n<p>\u00a0<\/p>\n<p>Le c\u00e9l\u00e8bre critique \u00e9gyptien <a href=\"https:\/\/en.wikipedia.org\/wiki\/Tarek_El_Shennawi\">Tarek Elshinnawi<\/a> a d\u2019ailleurs relev\u00e9 que la pr\u00e9sence de stars telles Nicolas Cage et Adrien Brody \u00a0\u00e0 la c\u00e9r\u00e9monie de cl\u00f4ture a \u00e9t\u00e9 tr\u00e8s positive, elle a surtout \u00e9t\u00e9 <a href=\"http:\/\/www.webdo.tn\/2017\/11\/25\/lart-prevaudra-toujours\/\">une r\u00e9ponse \u00e0 l\u2019attentat commis au Sina\u00ef quelques jours plus t\u00f4t et qui avait fait 305 victimes. <\/a>Pour lui, la pr\u00e9sence de tels acteurs a rev\u00eatu un aspect politique important.<\/p>\n<p>Je suis d\u2019accord avec lui et je confirme ce qu\u2019il a \u00e9crit. Je pense en effet que la direction du CIFF avait fait le bon choix et que la pr\u00e9sence de telles stars et la visibilit\u00e9 qu\u2019elle conf\u00e8re sert \u00e9norm\u00e9ment \u00e0 promouvoir le pays. Sans oublier l\u2019impact qu\u2019ont eu les photos de ces stars visitant les <a href=\"https:\/\/fr.wikipedia.org\/wiki\/Pyramides_de_Gizeh\">Pyramides de Gizeh<\/a> et autres sites ou monuments \u00e9gyptiens \u00e0 peine quelques jours apr\u00e8s les images de morts et bless\u00e9s lors de l\u2019attentat du Sina\u00ef\u00a0!<\/p>\n<p>\u00a0<\/p>\n<p><img decoding=\"async\" alt=\"Hilary Swank avec les Pyramides de Gizeh \" height=\"605\" src=\"http:\/\/www.webdo.tn\/wp-content\/uploads\/2018\/01\/Stars-01.jpg\" width=\"500\"><br \/>\n<em>Hilary Swank avec les Pyramides de Gizeh<\/em><\/p>\n<p>\u00a0<\/p>\n<p><img decoding=\"async\" alt=\"Nicolas Cage sur le plateau de Gizeh\" height=\"332\" src=\"http:\/\/www.webdo.tn\/wp-content\/uploads\/2018\/01\/stars-00-B.jpg\" width=\"500\"><br \/>\n<em>Nicolas Cage sur le plateau de Gizeh<\/em><\/p>\n<p>\u00a0<\/p>\n<p>Par ailleurs, je reste convaincue que la direction du CIFF, riche de l\u2019exp\u00e9rience de cette ann\u00e9e, saura tirer les le\u00e7ons qui s\u2019imposent pour r\u00e9ussir encore mieux la prochaine \u00e9dition.<\/p>\n<p>Pour sa 28eme \u00e9dition, qui s\u2019est d\u00e9roul\u00e9e en novembre dernier, <a href=\"http:\/\/www.webdo.tn\/2017\/05\/24\/festival-de-cannes-nejib-ayed-presente-jcc-2017\/\">la direction des JCC dit avoir fait le choix de ne pas inviter de stars et de faire un retour aux sources et au militantisme.<\/a> Personnellement, je regrette ce choix. Je le r\u00e9p\u00e8te, la pr\u00e9sence de stars est tr\u00e8s importante, surtout dans les circonstances actuelles que traverse notre pays. La Tunisie a besoin de promouvoir son cin\u00e9ma et surtout son tourisme.<\/p>\n<p>En conclusion, oui, les sponsors sont n\u00e9cessaires, mais il ne faut pas qu\u2019ils prennent le contr\u00f4le du festival. Bien sur, il s\u2019agit d\u2019une op\u00e9ration o\u00f9 chacun des partenaires doit \u00eatre gagnant, mais pas au point que le sponsor devienne le patron. Il faut en fait trouver le juste \u00e9quilibre qui permette au festival d\u2019inviter ces stars et d\u2019organiser de belles c\u00e9r\u00e9monies et au sponsor d\u2019\u00eatre bien visible sans devenir envahissant.<\/p>\n<p><iframe allowfullscreen=\"\" frameborder=\"0\" height=\"315\" src=\"https:\/\/www.youtube.com\/embed\/Omg-SlJvkL0?si=mXwI9nLoT0hs7NaV\" title=\"YouTube video player\" width=\"560\"><\/iframe><\/p>\n<p>\u00a0<\/p>\n<p>\u00a0<\/p>\n<p><strong>Ne\u00efla Driss<\/strong><\/p>\n<p><strong><em>Lire sur le m\u00eame sujet:<\/em><\/strong><\/p>\n<ul>\n<li><a href=\"http:\/\/www.webdo.tn\/2017\/09\/21\/demain-debute-festival-film-del-gouna-gff\/\" rel=\"bookmark\" title=\"Demain d\u00e9bute le Festival du Film d\u2019El Gouna (GFF)\">Demain d\u00e9bute le Festival du Film d\u2019El Gouna (GFF)<\/a><\/li>\n<li><a href=\"http:\/\/www.webdo.tn\/2017\/09\/23\/festival-film-del-gouna-ceremonie-douverture\/\" rel=\"bookmark\" title=\"Festival du Film d\u2019El Gouna \u2013 C\u00e9r\u00e9monie d\u2019ouverture\">Festival du Film d\u2019El Gouna \u2013 C\u00e9r\u00e9monie d\u2019ouverture<\/a><\/li>\n<li><a href=\"http:\/\/www.webdo.tn\/2017\/05\/24\/festival-de-cannes-nejib-ayed-presente-jcc-2017\/\" rel=\"bookmark\" title=\"Festival de Cannes : Nejib Ayed pr\u00e9sente les JCC 2017\">Festival de Cannes \u2013 Nejib Ayed pr\u00e9sente les JCC 2017<\/a><\/li>\n<li><a href=\"http:\/\/www.webdo.tn\/2017\/11\/27\/succes-film-tunisien-el-jaida-festival-international-film-caire\/\" rel=\"bookmark\" title=\"Succ\u00e8s du film tunisien \u00ab\u00a0El Jaida\u00a0\u00bb au Festival International du Film du Caire\">Succ\u00e8s du film tunisien \u00ab\u00a0El Jaida\u00a0\u00bb au Festival International du Film du Caire<\/a><\/li>\n<li><a href=\"http:\/\/www.webdo.tn\/2017\/11\/21\/festival-international-film-caire-ciff-activites-culturelles-diversifiees-engagement-femme\/\" rel=\"bookmark\" title=\"Le Festival International du Film du Caire : Des activit\u00e9s culturelles diversifi\u00e9es et un engagement pour la femme\u2026\">Le Festival International du Film du Caire : Des activit\u00e9s culturelles diversifi\u00e9es et un engagement pour la femme\u2026<\/a><\/li>\n<li><a href=\"http:\/\/www.webdo.tn\/2017\/11\/22\/hend-sabry-honoree-festival-international-film-caire\/\" rel=\"bookmark\" title=\"Hend Sabry honor\u00e9e par le Festival International du Film du Caire\">Hend Sabry honor\u00e9e par le Festival International du Film du Caire<\/a><\/li>\n<li><a href=\"http:\/\/www.webdo.tn\/2017\/11\/25\/lart-prevaudra-toujours\/\" rel=\"bookmark\" title=\"L\u2019Art pr\u00e9vaudra toujours !\">L\u2019Art pr\u00e9vaudra toujours !<\/a><\/li>\n<li><a href=\"http:\/\/www.webdo.tn\/2017\/11\/28\/participation-tunisienne-festival-international-film-caire\/\" rel=\"bookmark\" title=\"La participation tunisienne au Festival International du Film du Caire\">La participation tunisienne au Festival International du Film du Caire<\/a><\/li>\n<li><a href=\"http:\/\/www.webdo.tn\/2017\/12\/13\/3-daqat-chanson-succes-fulgurant\/\" rel=\"bookmark\" title=\"3 Daqat : une chanson au succ\u00e8s fulgurant\u00a0!\">3 Daqat : une chanson au succ\u00e8s fulgurant\u00a0!<\/a><\/li>\n<\/ul><\/div>\n<div class=\"coprs\" style=\"text-align: center\"><\/div><\/div>\n","protected":false},"excerpt":{"rendered":"<p>Des stars, oui, mais \u00e0 quel prix\u00a0?<\/p>\n","protected":false},"author":3164,"featured_media":340264,"comment_status":"open","ping_status":"closed","sticky":false,"template":"","format":"standard","meta":{"footnotes":""},"categories":[2594],"tags":[11314,8311,3257,2626,2628,3255],"class_list":["post-199698","post","type-post","status-publish","format-standard","has-post-thumbnail","hentry","category-culture","tag-ciff-2017","tag-analyse","tag-ciff","tag-cinema","tag-festival","tag-festival-international-du-film-du-caire"],"yoast_head":"<!-- This site is optimized with the Yoast SEO Premium plugin v27.4 (Yoast SEO v27.4) - https:\/\/yoast.com\/product\/yoast-seo-premium-wordpress\/ -->\n<title>Des stars, oui, mais \u00e0 quel prix\u00a0?<\/title>\n<meta name=\"description\" content=\"Des stars, oui, mais \u00e0 quel prix\u00a0?\" \/>\n<link rel=\"canonical\" href=\"https:\/\/www.webdo.tn\/fr\/actualite\/culture\/stars-oui-a-prix\/199698\/\" \/>\n<meta property=\"og:locale\" content=\"fr_FR\" \/>\n<meta property=\"og:type\" content=\"article\" \/>\n<meta property=\"og:title\" content=\"Des stars, oui, mais \u00e0 quel prix\u00a0?\" \/>\n<meta property=\"og:description\" content=\"Des stars, oui, mais \u00e0 quel prix\u00a0?\" \/>\n<meta property=\"og:url\" content=\"https:\/\/www.webdo.tn\/fr\/actualite\/culture\/stars-oui-a-prix\/199698\/\" \/>\n<meta property=\"og:site_name\" content=\"webdo\" \/>\n<meta property=\"article:publisher\" content=\"https:\/\/www.facebook.com\/webdotn\" \/>\n<meta property=\"article:author\" content=\"https:\/\/www.facebook.com\/massir.destiniii\/\" \/>\n<meta property=\"article:published_time\" content=\"2018-01-10T09:15:00+00:00\" \/>\n<meta property=\"og:image\" content=\"https:\/\/www.webdo.tn\/fr\/wp-content\/uploads\/2018\/01\/Stars-04-1024x635-1.jpg\" \/>\n\t<meta property=\"og:image:width\" content=\"1024\" \/>\n\t<meta property=\"og:image:height\" content=\"635\" \/>\n\t<meta property=\"og:image:type\" content=\"image\/jpeg\" \/>\n<meta name=\"author\" content=\"Ne\u00efla DRISS\" \/>\n<meta name=\"twitter:card\" content=\"summary_large_image\" \/>\n<meta name=\"twitter:creator\" content=\"@https:\/\/x.com\/MassirDestin\" \/>\n<meta name=\"twitter:site\" content=\"@webdo_tn\" \/>\n<meta name=\"twitter:label1\" content=\"\u00c9crit par\" \/>\n\t<meta name=\"twitter:data1\" content=\"Ne\u00efla DRISS\" \/>\n\t<meta name=\"twitter:label2\" content=\"Dur\u00e9e de lecture estim\u00e9e\" \/>\n\t<meta name=\"twitter:data2\" content=\"7 minutes\" \/>\n<script type=\"application\/ld+json\" class=\"yoast-schema-graph\">{\"@context\":\"https:\\\/\\\/schema.org\",\"@graph\":[{\"@type\":\"NewsArticle\",\"@id\":\"https:\\\/\\\/www.webdo.tn\\\/fr\\\/actualite\\\/culture\\\/stars-oui-a-prix\\\/199698\\\/#article\",\"isPartOf\":{\"@id\":\"https:\\\/\\\/www.webdo.tn\\\/fr\\\/actualite\\\/culture\\\/stars-oui-a-prix\\\/199698\\\/\"},\"author\":{\"name\":\"Ne\u00efla DRISS\",\"@id\":\"https:\\\/\\\/www.webdo.tn\\\/fr\\\/#\\\/schema\\\/person\\\/60d5ba619ed3f58783b0dc82b7dada80\"},\"headline\":\"Des stars, oui, mais \u00e0 quel prix\u00a0?\",\"datePublished\":\"2018-01-10T09:15:00+00:00\",\"mainEntityOfPage\":{\"@id\":\"https:\\\/\\\/www.webdo.tn\\\/fr\\\/actualite\\\/culture\\\/stars-oui-a-prix\\\/199698\\\/\"},\"wordCount\":1376,\"commentCount\":0,\"publisher\":{\"@id\":\"https:\\\/\\\/www.webdo.tn\\\/fr\\\/#organization\"},\"image\":{\"@id\":\"https:\\\/\\\/www.webdo.tn\\\/fr\\\/actualite\\\/culture\\\/stars-oui-a-prix\\\/199698\\\/#primaryimage\"},\"thumbnailUrl\":\"https:\\\/\\\/www.webdo.tn\\\/fr\\\/wp-content\\\/uploads\\\/2018\\\/01\\\/Stars-04-1024x635-1.jpg\",\"keywords\":[\"'CIFF 2017'\",\"analyse\",\"CIFF\",\"Cin\u00e9ma\",\"Festival\",\"Festival International du Film du Caire\"],\"articleSection\":[\"Culture\"],\"inLanguage\":\"fr-FR\"},{\"@type\":\"WebPage\",\"@id\":\"https:\\\/\\\/www.webdo.tn\\\/fr\\\/actualite\\\/culture\\\/stars-oui-a-prix\\\/199698\\\/\",\"url\":\"https:\\\/\\\/www.webdo.tn\\\/fr\\\/actualite\\\/culture\\\/stars-oui-a-prix\\\/199698\\\/\",\"name\":\"Des stars, oui, mais \u00e0 quel prix\u00a0?\",\"isPartOf\":{\"@id\":\"https:\\\/\\\/www.webdo.tn\\\/fr\\\/#website\"},\"primaryImageOfPage\":{\"@id\":\"https:\\\/\\\/www.webdo.tn\\\/fr\\\/actualite\\\/culture\\\/stars-oui-a-prix\\\/199698\\\/#primaryimage\"},\"image\":{\"@id\":\"https:\\\/\\\/www.webdo.tn\\\/fr\\\/actualite\\\/culture\\\/stars-oui-a-prix\\\/199698\\\/#primaryimage\"},\"thumbnailUrl\":\"https:\\\/\\\/www.webdo.tn\\\/fr\\\/wp-content\\\/uploads\\\/2018\\\/01\\\/Stars-04-1024x635-1.jpg\",\"datePublished\":\"2018-01-10T09:15:00+00:00\",\"description\":\"Des stars, oui, mais \u00e0 quel prix\u00a0?\",\"breadcrumb\":{\"@id\":\"https:\\\/\\\/www.webdo.tn\\\/fr\\\/actualite\\\/culture\\\/stars-oui-a-prix\\\/199698\\\/#breadcrumb\"},\"inLanguage\":\"fr-FR\",\"potentialAction\":[{\"@type\":\"ReadAction\",\"target\":[\"https:\\\/\\\/www.webdo.tn\\\/fr\\\/actualite\\\/culture\\\/stars-oui-a-prix\\\/199698\\\/\"]}]},{\"@type\":\"ImageObject\",\"inLanguage\":\"fr-FR\",\"@id\":\"https:\\\/\\\/www.webdo.tn\\\/fr\\\/actualite\\\/culture\\\/stars-oui-a-prix\\\/199698\\\/#primaryimage\",\"url\":\"https:\\\/\\\/www.webdo.tn\\\/fr\\\/wp-content\\\/uploads\\\/2018\\\/01\\\/Stars-04-1024x635-1.jpg\",\"contentUrl\":\"https:\\\/\\\/www.webdo.tn\\\/fr\\\/wp-content\\\/uploads\\\/2018\\\/01\\\/Stars-04-1024x635-1.jpg\",\"width\":1024,\"height\":635,\"caption\":\"Des stars, oui, mais \u00e0 quel prix\u00a0?\"},{\"@type\":\"BreadcrumbList\",\"@id\":\"https:\\\/\\\/www.webdo.tn\\\/fr\\\/actualite\\\/culture\\\/stars-oui-a-prix\\\/199698\\\/#breadcrumb\",\"itemListElement\":[{\"@type\":\"ListItem\",\"position\":1,\"name\":\"Accueil\",\"item\":\"https:\\\/\\\/www.webdo.tn\\\/fr\\\/\"},{\"@type\":\"ListItem\",\"position\":2,\"name\":\"Des stars, oui, mais \u00e0 quel prix\u00a0?\"}]},{\"@type\":\"WebSite\",\"@id\":\"https:\\\/\\\/www.webdo.tn\\\/fr\\\/#website\",\"url\":\"https:\\\/\\\/www.webdo.tn\\\/fr\\\/\",\"name\":\"webdo\",\"description\":\"Tunisie - News en Tunisie et \u00e0 l&#039;international sur Webdo.tn\",\"publisher\":{\"@id\":\"https:\\\/\\\/www.webdo.tn\\\/fr\\\/#organization\"},\"potentialAction\":[{\"@type\":\"SearchAction\",\"target\":{\"@type\":\"EntryPoint\",\"urlTemplate\":\"https:\\\/\\\/www.webdo.tn\\\/fr\\\/?s={search_term_string}\"},\"query-input\":{\"@type\":\"PropertyValueSpecification\",\"valueRequired\":true,\"valueName\":\"search_term_string\"}}],\"inLanguage\":\"fr-FR\"},{\"@type\":\"Organization\",\"@id\":\"https:\\\/\\\/www.webdo.tn\\\/fr\\\/#organization\",\"name\":\"Webdo\",\"alternateName\":\"Webdo.tn\",\"url\":\"https:\\\/\\\/www.webdo.tn\\\/fr\\\/\",\"logo\":{\"@type\":\"ImageObject\",\"inLanguage\":\"fr-FR\",\"@id\":\"https:\\\/\\\/www.webdo.tn\\\/fr\\\/#\\\/schema\\\/logo\\\/image\\\/\",\"url\":\"https:\\\/\\\/www.webdo.tn\\\/fr\\\/wp-content\\\/uploads\\\/2025\\\/06\\\/Webdo-Tunisie_168377.jpg\",\"contentUrl\":\"https:\\\/\\\/www.webdo.tn\\\/fr\\\/wp-content\\\/uploads\\\/2025\\\/06\\\/Webdo-Tunisie_168377.jpg\",\"width\":301,\"height\":301,\"caption\":\"Webdo\"},\"image\":{\"@id\":\"https:\\\/\\\/www.webdo.tn\\\/fr\\\/#\\\/schema\\\/logo\\\/image\\\/\"},\"sameAs\":[\"https:\\\/\\\/www.facebook.com\\\/webdotn\",\"https:\\\/\\\/x.com\\\/webdo_tn\"],\"description\":\"Webdo est un m\u00e9dia num\u00e9rique tunisien fond\u00e9 en 2010, sp\u00e9cialis\u00e9 dans l\u2019actualit\u00e9 nationale et internationale, l\u2019\u00e9conomie, la soci\u00e9t\u00e9 et les analyses politiques. Le site s\u2019adresse \u00e0 un large public francophone et couvre l\u2019information tunisienne en temps r\u00e9el.\",\"email\":\"redac@webdo.tn\",\"legalName\":\"YNJ SARL\",\"foundingDate\":\"2010-09-06\",\"numberOfEmployees\":{\"@type\":\"QuantitativeValue\",\"minValue\":\"11\",\"maxValue\":\"50\"}},{\"@type\":\"Person\",\"@id\":\"https:\\\/\\\/www.webdo.tn\\\/fr\\\/#\\\/schema\\\/person\\\/60d5ba619ed3f58783b0dc82b7dada80\",\"name\":\"Ne\u00efla DRISS\",\"image\":{\"@type\":\"ImageObject\",\"inLanguage\":\"fr-FR\",\"@id\":\"https:\\\/\\\/www.webdo.tn\\\/fr\\\/wp-content\\\/uploads\\\/2026\\\/04\\\/neila-driss_avatar-96x96.jpg\",\"url\":\"https:\\\/\\\/www.webdo.tn\\\/fr\\\/wp-content\\\/uploads\\\/2026\\\/04\\\/neila-driss_avatar-96x96.jpg\",\"contentUrl\":\"https:\\\/\\\/www.webdo.tn\\\/fr\\\/wp-content\\\/uploads\\\/2026\\\/04\\\/neila-driss_avatar-96x96.jpg\",\"caption\":\"Ne\u00efla DRISS\"},\"description\":\"Ne\u00efla Driss est juriste, journaliste culturelle et critique de cin\u00e9ma tunisienne. Titulaire d\u2019un DEA en droit priv\u00e9 de l\u2019Universit\u00e9 Paris II et d\u2019un DESS de l\u2019IHEC Carthage, elle d\u00e9bute sa carri\u00e8re comme juriste sp\u00e9cialis\u00e9e en gestion de patrimoine immobilier. Elle s\u2019oriente ensuite vers l\u2019\u00e9criture en ligne, o\u00f9 elle se distingue d\u00e8s 2006 aux Tunisia Blog Awards, avant de se consacrer au journalisme culturel, avec une sp\u00e9cialisation dans la critique cin\u00e9matographique. Elle couvre r\u00e9guli\u00e8rement les grands festivals internationaux, notamment le Festival de Cannes, les Journ\u00e9es Cin\u00e9matographiques de Carthage et le Festival du film du Caire. Membre de l\u2019ATPCC et de la FIPRESCI, elle participe \u00e0 des jurys et initiatives internationales de critique. Depuis 2024, elle est \u00e9lectrice internationale aux Golden Globes. Facebook : https:\\\/\\\/www.facebook.com\\\/massir.destiniii\\\/ X : https:\\\/\\\/x.com\\\/MassirDestin\",\"sameAs\":[\"https:\\\/\\\/www.facebook.com\\\/massir.destiniii\\\/\",\"https:\\\/\\\/www.instagram.com\\\/neila.driss\\\/?hl=fr\",\"https:\\\/\\\/www.linkedin.com\\\/in\\\/neila-driss-22606a80\\\/\",\"https:\\\/\\\/x.com\\\/https:\\\/\\\/x.com\\\/MassirDestin\"],\"knowsAbout\":[\"Cin\u00e9ma international\",\"critique cin\u00e9matographique\",\"festivals de cin\u00e9ma\",\"journalisme culturel\"],\"knowsLanguage\":[\"Fran\u00e7ais\",\"Arabe\",\"Anglais\"],\"jobTitle\":\"Journaliste culturelle et critique de cin\u00e9ma\",\"worksFor\":\"Webdo\",\"url\":\"https:\\\/\\\/www.webdo.tn\\\/fr\\\/actualite\\\/author\\\/neila-driss\\\/\"}]}<\/script>\n<!-- \/ Yoast SEO Premium plugin. -->","yoast_head_json":{"title":"Des stars, oui, mais \u00e0 quel prix\u00a0?","description":"Des stars, oui, mais \u00e0 quel prix\u00a0?","canonical":"https:\/\/www.webdo.tn\/fr\/actualite\/culture\/stars-oui-a-prix\/199698\/","og_locale":"fr_FR","og_type":"article","og_title":"Des stars, oui, mais \u00e0 quel prix\u00a0?","og_description":"Des stars, oui, mais \u00e0 quel prix\u00a0?","og_url":"https:\/\/www.webdo.tn\/fr\/actualite\/culture\/stars-oui-a-prix\/199698\/","og_site_name":"webdo","article_publisher":"https:\/\/www.facebook.com\/webdotn","article_author":"https:\/\/www.facebook.com\/massir.destiniii\/","article_published_time":"2018-01-10T09:15:00+00:00","og_image":[{"width":1024,"height":635,"url":"https:\/\/www.webdo.tn\/fr\/wp-content\/uploads\/2018\/01\/Stars-04-1024x635-1.jpg","type":"image\/jpeg"}],"author":"Ne\u00efla DRISS","twitter_card":"summary_large_image","twitter_creator":"@https:\/\/x.com\/MassirDestin","twitter_site":"@webdo_tn","twitter_misc":{"\u00c9crit par":"Ne\u00efla DRISS","Dur\u00e9e de lecture estim\u00e9e":"7 minutes"},"schema":{"@context":"https:\/\/schema.org","@graph":[{"@type":"NewsArticle","@id":"https:\/\/www.webdo.tn\/fr\/actualite\/culture\/stars-oui-a-prix\/199698\/#article","isPartOf":{"@id":"https:\/\/www.webdo.tn\/fr\/actualite\/culture\/stars-oui-a-prix\/199698\/"},"author":{"name":"Ne\u00efla DRISS","@id":"https:\/\/www.webdo.tn\/fr\/#\/schema\/person\/60d5ba619ed3f58783b0dc82b7dada80"},"headline":"Des stars, oui, mais \u00e0 quel prix\u00a0?","datePublished":"2018-01-10T09:15:00+00:00","mainEntityOfPage":{"@id":"https:\/\/www.webdo.tn\/fr\/actualite\/culture\/stars-oui-a-prix\/199698\/"},"wordCount":1376,"commentCount":0,"publisher":{"@id":"https:\/\/www.webdo.tn\/fr\/#organization"},"image":{"@id":"https:\/\/www.webdo.tn\/fr\/actualite\/culture\/stars-oui-a-prix\/199698\/#primaryimage"},"thumbnailUrl":"https:\/\/www.webdo.tn\/fr\/wp-content\/uploads\/2018\/01\/Stars-04-1024x635-1.jpg","keywords":["'CIFF 2017'","analyse","CIFF","Cin\u00e9ma","Festival","Festival International du Film du Caire"],"articleSection":["Culture"],"inLanguage":"fr-FR"},{"@type":"WebPage","@id":"https:\/\/www.webdo.tn\/fr\/actualite\/culture\/stars-oui-a-prix\/199698\/","url":"https:\/\/www.webdo.tn\/fr\/actualite\/culture\/stars-oui-a-prix\/199698\/","name":"Des stars, oui, mais \u00e0 quel prix\u00a0?","isPartOf":{"@id":"https:\/\/www.webdo.tn\/fr\/#website"},"primaryImageOfPage":{"@id":"https:\/\/www.webdo.tn\/fr\/actualite\/culture\/stars-oui-a-prix\/199698\/#primaryimage"},"image":{"@id":"https:\/\/www.webdo.tn\/fr\/actualite\/culture\/stars-oui-a-prix\/199698\/#primaryimage"},"thumbnailUrl":"https:\/\/www.webdo.tn\/fr\/wp-content\/uploads\/2018\/01\/Stars-04-1024x635-1.jpg","datePublished":"2018-01-10T09:15:00+00:00","description":"Des stars, oui, mais \u00e0 quel prix\u00a0?","breadcrumb":{"@id":"https:\/\/www.webdo.tn\/fr\/actualite\/culture\/stars-oui-a-prix\/199698\/#breadcrumb"},"inLanguage":"fr-FR","potentialAction":[{"@type":"ReadAction","target":["https:\/\/www.webdo.tn\/fr\/actualite\/culture\/stars-oui-a-prix\/199698\/"]}]},{"@type":"ImageObject","inLanguage":"fr-FR","@id":"https:\/\/www.webdo.tn\/fr\/actualite\/culture\/stars-oui-a-prix\/199698\/#primaryimage","url":"https:\/\/www.webdo.tn\/fr\/wp-content\/uploads\/2018\/01\/Stars-04-1024x635-1.jpg","contentUrl":"https:\/\/www.webdo.tn\/fr\/wp-content\/uploads\/2018\/01\/Stars-04-1024x635-1.jpg","width":1024,"height":635,"caption":"Des stars, oui, mais \u00e0 quel prix\u00a0?"},{"@type":"BreadcrumbList","@id":"https:\/\/www.webdo.tn\/fr\/actualite\/culture\/stars-oui-a-prix\/199698\/#breadcrumb","itemListElement":[{"@type":"ListItem","position":1,"name":"Accueil","item":"https:\/\/www.webdo.tn\/fr\/"},{"@type":"ListItem","position":2,"name":"Des stars, oui, mais \u00e0 quel prix\u00a0?"}]},{"@type":"WebSite","@id":"https:\/\/www.webdo.tn\/fr\/#website","url":"https:\/\/www.webdo.tn\/fr\/","name":"webdo","description":"Tunisie - News en Tunisie et \u00e0 l&#039;international sur Webdo.tn","publisher":{"@id":"https:\/\/www.webdo.tn\/fr\/#organization"},"potentialAction":[{"@type":"SearchAction","target":{"@type":"EntryPoint","urlTemplate":"https:\/\/www.webdo.tn\/fr\/?s={search_term_string}"},"query-input":{"@type":"PropertyValueSpecification","valueRequired":true,"valueName":"search_term_string"}}],"inLanguage":"fr-FR"},{"@type":"Organization","@id":"https:\/\/www.webdo.tn\/fr\/#organization","name":"Webdo","alternateName":"Webdo.tn","url":"https:\/\/www.webdo.tn\/fr\/","logo":{"@type":"ImageObject","inLanguage":"fr-FR","@id":"https:\/\/www.webdo.tn\/fr\/#\/schema\/logo\/image\/","url":"https:\/\/www.webdo.tn\/fr\/wp-content\/uploads\/2025\/06\/Webdo-Tunisie_168377.jpg","contentUrl":"https:\/\/www.webdo.tn\/fr\/wp-content\/uploads\/2025\/06\/Webdo-Tunisie_168377.jpg","width":301,"height":301,"caption":"Webdo"},"image":{"@id":"https:\/\/www.webdo.tn\/fr\/#\/schema\/logo\/image\/"},"sameAs":["https:\/\/www.facebook.com\/webdotn","https:\/\/x.com\/webdo_tn"],"description":"Webdo est un m\u00e9dia num\u00e9rique tunisien fond\u00e9 en 2010, sp\u00e9cialis\u00e9 dans l\u2019actualit\u00e9 nationale et internationale, l\u2019\u00e9conomie, la soci\u00e9t\u00e9 et les analyses politiques. Le site s\u2019adresse \u00e0 un large public francophone et couvre l\u2019information tunisienne en temps r\u00e9el.","email":"redac@webdo.tn","legalName":"YNJ SARL","foundingDate":"2010-09-06","numberOfEmployees":{"@type":"QuantitativeValue","minValue":"11","maxValue":"50"}},{"@type":"Person","@id":"https:\/\/www.webdo.tn\/fr\/#\/schema\/person\/60d5ba619ed3f58783b0dc82b7dada80","name":"Ne\u00efla DRISS","image":{"@type":"ImageObject","inLanguage":"fr-FR","@id":"https:\/\/www.webdo.tn\/fr\/wp-content\/uploads\/2026\/04\/neila-driss_avatar-96x96.jpg","url":"https:\/\/www.webdo.tn\/fr\/wp-content\/uploads\/2026\/04\/neila-driss_avatar-96x96.jpg","contentUrl":"https:\/\/www.webdo.tn\/fr\/wp-content\/uploads\/2026\/04\/neila-driss_avatar-96x96.jpg","caption":"Ne\u00efla DRISS"},"description":"Ne\u00efla Driss est juriste, journaliste culturelle et critique de cin\u00e9ma tunisienne. Titulaire d\u2019un DEA en droit priv\u00e9 de l\u2019Universit\u00e9 Paris II et d\u2019un DESS de l\u2019IHEC Carthage, elle d\u00e9bute sa carri\u00e8re comme juriste sp\u00e9cialis\u00e9e en gestion de patrimoine immobilier. Elle s\u2019oriente ensuite vers l\u2019\u00e9criture en ligne, o\u00f9 elle se distingue d\u00e8s 2006 aux Tunisia Blog Awards, avant de se consacrer au journalisme culturel, avec une sp\u00e9cialisation dans la critique cin\u00e9matographique. Elle couvre r\u00e9guli\u00e8rement les grands festivals internationaux, notamment le Festival de Cannes, les Journ\u00e9es Cin\u00e9matographiques de Carthage et le Festival du film du Caire. Membre de l\u2019ATPCC et de la FIPRESCI, elle participe \u00e0 des jurys et initiatives internationales de critique. Depuis 2024, elle est \u00e9lectrice internationale aux Golden Globes. Facebook : https:\/\/www.facebook.com\/massir.destiniii\/ X : https:\/\/x.com\/MassirDestin","sameAs":["https:\/\/www.facebook.com\/massir.destiniii\/","https:\/\/www.instagram.com\/neila.driss\/?hl=fr","https:\/\/www.linkedin.com\/in\/neila-driss-22606a80\/","https:\/\/x.com\/https:\/\/x.com\/MassirDestin"],"knowsAbout":["Cin\u00e9ma international","critique cin\u00e9matographique","festivals de cin\u00e9ma","journalisme culturel"],"knowsLanguage":["Fran\u00e7ais","Arabe","Anglais"],"jobTitle":"Journaliste culturelle et critique de cin\u00e9ma","worksFor":"Webdo","url":"https:\/\/www.webdo.tn\/fr\/actualite\/author\/neila-driss\/"}]}},"_links":{"self":[{"href":"https:\/\/www.webdo.tn\/fr\/wp-json\/wp\/v2\/posts\/199698","targetHints":{"allow":["GET"]}}],"collection":[{"href":"https:\/\/www.webdo.tn\/fr\/wp-json\/wp\/v2\/posts"}],"about":[{"href":"https:\/\/www.webdo.tn\/fr\/wp-json\/wp\/v2\/types\/post"}],"author":[{"embeddable":true,"href":"https:\/\/www.webdo.tn\/fr\/wp-json\/wp\/v2\/users\/3164"}],"replies":[{"embeddable":true,"href":"https:\/\/www.webdo.tn\/fr\/wp-json\/wp\/v2\/comments?post=199698"}],"version-history":[{"count":0,"href":"https:\/\/www.webdo.tn\/fr\/wp-json\/wp\/v2\/posts\/199698\/revisions"}],"wp:featuredmedia":[{"embeddable":true,"href":"https:\/\/www.webdo.tn\/fr\/wp-json\/wp\/v2\/media\/340264"}],"wp:attachment":[{"href":"https:\/\/www.webdo.tn\/fr\/wp-json\/wp\/v2\/media?parent=199698"}],"wp:term":[{"taxonomy":"category","embeddable":true,"href":"https:\/\/www.webdo.tn\/fr\/wp-json\/wp\/v2\/categories?post=199698"},{"taxonomy":"post_tag","embeddable":true,"href":"https:\/\/www.webdo.tn\/fr\/wp-json\/wp\/v2\/tags?post=199698"}],"curies":[{"name":"wp","href":"https:\/\/api.w.org\/{rel}","templated":true}]}}