{"id":199689,"date":"2017-11-11T14:35:00","date_gmt":"2017-11-11T14:35:00","guid":{"rendered":"https:\/\/www.webdo.tn\/fr\/blog\/jcc-2017-palmares-sections-paralleles\/199689\/"},"modified":"2025-05-19T00:23:34","modified_gmt":"2025-05-19T00:23:34","slug":"jcc-2017-palmares-sections-paralleles","status":"publish","type":"post","link":"https:\/\/www.webdo.tn\/fr\/actualite\/culture\/jcc-2017-palmares-sections-paralleles\/199689\/","title":{"rendered":"JCC 2017 : Palmar\u00e8s des sections parall\u00e8les"},"content":{"rendered":"<div class=\"single-body entry-content typography-copy\" itemprop=\"articleBody\">\n<p style=\"font-weight: bold; text-align: justify\">\n<div class=\"coprs\" style=\"text-align: center\"><\/div>\n<div class=\"coprs\" style=\"text-align: justify\">\n<p>A l\u2019issue de leurs d\u00e9lib\u00e9rations, les jurys des Prix Parall\u00e8les de la 28\u00e8me \u00e9dition des Journ\u00e9es Cin\u00e9matographiques de Carthage, ont annonc\u00e9, hier lors d&rsquo;une c\u00e9r\u00e9monie qui s&rsquo;est tenue \u00e0 l&rsquo;Hotel Africa, les laur\u00e9ats des diff\u00e9rentes cat\u00e9gories.<\/p>\n<p>A cet effet, le Jury, compos\u00e9 de Han\u00e8ne Zbiss, Hinde Boujemaa et Slim Ben Cheikh, du Prix parall\u00e8le CREDIF \u00abpour la cr\u00e9ation cin\u00e9matographique f\u00e9minine\u00bb, d\u00e9cern\u00e9 \u00e0 la meilleure actrice des films en comp\u00e9tition officielle a \u00e9t\u00e9 attribu\u00e9 \u00e0 :<\/p>\n<ul>\n<li><strong>Ouaga girls<\/strong> de Theresa Traore Dahlberg \u2013 Burkina Faso<\/li>\n<\/ul>\n<p>Les membres du jury Eva Af Geijertam, Ayman Youssef et Ikbal Zalila du Prix parall\u00e8le FIPRESCI \u00abpour le meilleur film de long m\u00e9trage\u00bb dans la comp\u00e9tition officielle, ont d\u00e9cern\u00e9 ce prix \u00e0 :<\/p>\n<ul>\n<li><strong>The train of salt and sugar<\/strong> de Licinio Azevedo \u2013 Mozambique<\/li>\n<\/ul>\n<p><img decoding=\"async\" alt=\"\" height=\"636\" src=\"http:\/\/www.webdo.tn\/wp-content\/uploads\/2017\/11\/Parall%C3%A8les-02.jpg\" width=\"960\"><\/p>\n<p>Le Prix parall\u00e8le FACC \u00abde la critique africaine \u2013 Paulin Soumanou Vieyra\u00bb d\u00e9cern\u00e9 pour un film de long m\u00e9trage en comp\u00e9tition officielle, les membres du Jury : Fatou Kin\u00e9 Sene, Abdelali Maazouz, Mbapou Foumba, John Patrice, Hector Dieu-donn\u00e9, Dagbegnon Tovidokou et Sonia Chamkhi, ont attribu\u00e9 ce prix \u00e0 :<\/p>\n<ul>\n<li><strong>The train of salt and sugar<\/strong> de Licinio Azevedo- Mozambique<\/li>\n<\/ul>\n<p><img decoding=\"async\" alt=\"\" height=\"636\" src=\"http:\/\/www.webdo.tn\/wp-content\/uploads\/2017\/11\/Parall%C3%A8les-01.jpg\" width=\"960\"><\/p>\n<p>Enfin le Prix parall\u00e8le FEMME ET M\u00c9MOIRE \u00abPRIX HASSIBA ROCHDI de la meilleure interpr\u00e9tation f\u00e9minine\u00bb dans la comp\u00e9tition officielle de films tunisiens de fiction et dont le jury se compose d\u2019Ilhem Abdelkefi, Neila Achour et de Noura Borsali, a \u00e9t\u00e9 d\u00e9cern\u00e9 \u00e0 Mariam Al Ferjani pour son r\u00f4le dans :<\/p>\n<ul>\n<li><strong>La belle et la meute<\/strong> de Kaouther Ben Hania \u2013 Tunisie<\/li>\n<\/ul>\n<p>Par ailleurs, lors d\u2019une c\u00e9r\u00e9monie organis\u00e9e hier soir au Billionaire \u00e0 Gammarth, l\u2019Association des R\u00e9alisateurs des Films Tunisiens (l\u2019ARFT) a d\u00e9cern\u00e9 \u00e0 <a href=\"https:\/\/www.facebook.com\/ridha.behi.3?fref=mentions\" rel=\"noopener\" target=\"_blank\">Ridha Behi<\/a> son \u00ab Grand Prix Hommage pour l\u2019ensemble de ses films. \u00bb<\/p>\n<p><img decoding=\"async\" alt=\"\" height=\"812\" src=\"http:\/\/www.webdo.tn\/wp-content\/uploads\/2017\/11\/ridha-behi.jpg\" width=\"960\"> F\u00e9licitations aux laur\u00e9ats. <img decoding=\"async\" alt=\"\" height=\"69\" src=\"http:\/\/www.webdo.tn\/wp-content\/uploads\/2017\/11\/logoJcc-300x69.jpg\" width=\"300\"><\/p>\n<p><strong>Communiqu\u00e9<\/strong><\/p>\n<div><strong><em>Lire sur le m\u00eame sujet<\/em> <\/strong><\/div>\n<div>\n<ul>\n<li><a href=\"http:\/\/www.webdo.tn\/2017\/11\/09\/jcc-2017-palmares-films-post-production-primes-a-latelier-takmil\/\" rel=\"bookmark\" title=\"JCC 2017 : Palmar\u00e8s des films en post-production prim\u00e9s \u00e0 l\u2019atelier Takmil\">JCC 2017 : Palmar\u00e8s des films en post-production prim\u00e9s \u00e0 l\u2019atelier Takmil<\/a><\/li>\n<li><a href=\"http:\/\/www.webdo.tn\/2017\/11\/02\/jcc-2017-programme-detaille-projections-arrive\/\" rel=\"bookmark\" title=\"JCC 2017 : Le programme d\u00e9taill\u00e9 des projections est arriv\u00e9 !\">JCC 2017 : Le programme d\u00e9taill\u00e9 des projections est arriv\u00e9 !<\/a><\/li>\n<li><a href=\"http:\/\/www.webdo.tn\/2017\/11\/08\/jcc-2017-cest-democratie\/\" rel=\"bookmark\" title=\"JCC 2017 : C\u2019est aussi cela la d\u00e9mocratie !\">JCC 2017 : C\u2019est aussi cela la d\u00e9mocratie !<\/a><\/li>\n<li><a href=\"http:\/\/www.webdo.tn\/2017\/11\/06\/jcc-2017-films-coups-de-coeur\/\" rel=\"bookmark\" title=\"JCC 2017 : Mes films coups de c\u0153ur\">JCC 2017 : Mes films coups de c\u0153ur<\/a><\/li>\n<li><a href=\"http:\/\/www.webdo.tn\/2017\/10\/30\/soyons-be-tounsi-lors-jcc-2017\/\" rel=\"bookmark\" title=\"Soyons tous Be Tounsi lors des JCC 2017 !\">Soyons tous Be Tounsi lors des JCC 2017 !<\/a><\/li>\n<li><a href=\"http:\/\/www.webdo.tn\/2017\/10\/09\/jcc-2017-partenariat-entre-jcc-poste-tunisienne\/\" rel=\"bookmark\" title=\"JCC 2017 : Partenariat entre les JCC et la Poste tunisienne\">JCC 2017 : Partenariat entre les JCC et la Poste tunisienne<\/a><\/li>\n<li><a href=\"http:\/\/www.webdo.tn\/2017\/10\/09\/jcc-2017-partenariat-entre-jcc-poste-tunisienne\/\" rel=\"bookmark\" title=\"JCC 2017 : Partenariat entre les JCC et la Poste tunisienne\">JCC 2017 : Les films tunisiens en comp\u00e9titions officielles<\/a><\/li>\n<li><a href=\"http:\/\/www.webdo.tn\/2017\/10\/09\/jcc-2017-partenariat-entre-jcc-poste-tunisienne\/\" rel=\"bookmark\" title=\"JCC 2017 : Partenariat entre les JCC et la Poste tunisienne\">Festival de Cannes : Nejib Ayed pr\u00e9sente les JCC 201<\/a>7<\/li>\n<\/ul>\n<\/div><\/div>\n<div class=\"coprs\" style=\"text-align: center\"><\/div><\/div>\n","protected":false},"excerpt":{"rendered":"<p>JCC 2017 : Palmar\u00e8s des sections parall\u00e8les<\/p>\n","protected":false},"author":3164,"featured_media":307861,"comment_status":"open","ping_status":"closed","sticky":false,"template":"","format":"standard","meta":{"footnotes":""},"categories":[2594],"tags":[11318,3116,4660,4973],"class_list":["post-199689","post","type-post","status-publish","format-standard","has-post-thumbnail","hentry","category-culture","tag-jcc-2017","tag-jcc","tag-journees-cinematographiques-de-carthage","tag-palmares"],"yoast_head":"<!-- This site is optimized with the Yoast SEO Premium plugin v27.5 (Yoast SEO v27.5) - https:\/\/yoast.com\/product\/yoast-seo-premium-wordpress\/ -->\n<title>JCC 2017 : Palmar\u00e8s des sections parall\u00e8les<\/title>\n<meta name=\"description\" content=\"JCC 2017 : Palmar\u00e8s des sections parall\u00e8les\" \/>\n<link rel=\"canonical\" href=\"https:\/\/www.webdo.tn\/fr\/actualite\/culture\/jcc-2017-palmares-sections-paralleles\/199689\/\" \/>\n<meta property=\"og:locale\" content=\"fr_FR\" \/>\n<meta property=\"og:type\" content=\"article\" \/>\n<meta property=\"og:title\" content=\"JCC 2017 : Palmar\u00e8s des sections parall\u00e8les\" \/>\n<meta property=\"og:description\" content=\"JCC 2017 : Palmar\u00e8s des sections parall\u00e8les\" \/>\n<meta property=\"og:url\" content=\"https:\/\/www.webdo.tn\/fr\/actualite\/culture\/jcc-2017-palmares-sections-paralleles\/199689\/\" \/>\n<meta property=\"og:site_name\" content=\"webdo\" \/>\n<meta property=\"article:publisher\" content=\"https:\/\/www.facebook.com\/webdotn\" \/>\n<meta property=\"article:author\" content=\"https:\/\/www.facebook.com\/massir.destiniii\/\" \/>\n<meta property=\"article:published_time\" content=\"2017-11-11T14:35:00+00:00\" \/>\n<meta property=\"article:modified_time\" content=\"2025-05-19T00:23:34+00:00\" \/>\n<meta property=\"og:image\" content=\"https:\/\/www.webdo.tn\/fr\/wp-content\/uploads\/2017\/11\/6a55fc9abe34e7d4a1ceeb0b06569aa4.jpeg\" \/>\n\t<meta property=\"og:image:width\" content=\"750\" \/>\n\t<meta property=\"og:image:height\" content=\"400\" \/>\n\t<meta property=\"og:image:type\" content=\"image\/jpeg\" \/>\n<meta name=\"author\" content=\"Ne\u00efla DRISS\" \/>\n<meta name=\"twitter:card\" content=\"summary_large_image\" \/>\n<meta name=\"twitter:creator\" content=\"@https:\/\/x.com\/MassirDestin\" \/>\n<meta name=\"twitter:site\" content=\"@webdo_tn\" \/>\n<meta name=\"twitter:label1\" content=\"\u00c9crit par\" \/>\n\t<meta name=\"twitter:data1\" content=\"Ne\u00efla DRISS\" \/>\n\t<meta name=\"twitter:label2\" content=\"Dur\u00e9e de lecture estim\u00e9e\" \/>\n\t<meta name=\"twitter:data2\" content=\"2 minutes\" \/>\n<script type=\"application\/ld+json\" class=\"yoast-schema-graph\">{\"@context\":\"https:\\\/\\\/schema.org\",\"@graph\":[{\"@type\":\"NewsArticle\",\"@id\":\"https:\\\/\\\/www.webdo.tn\\\/fr\\\/actualite\\\/culture\\\/jcc-2017-palmares-sections-paralleles\\\/199689\\\/#article\",\"isPartOf\":{\"@id\":\"https:\\\/\\\/www.webdo.tn\\\/fr\\\/actualite\\\/culture\\\/jcc-2017-palmares-sections-paralleles\\\/199689\\\/\"},\"author\":{\"name\":\"Ne\u00efla DRISS\",\"@id\":\"https:\\\/\\\/www.webdo.tn\\\/fr\\\/#\\\/schema\\\/person\\\/60d5ba619ed3f58783b0dc82b7dada80\"},\"headline\":\"JCC 2017 : Palmar\u00e8s des sections parall\u00e8les\",\"datePublished\":\"2017-11-11T14:35:00+00:00\",\"dateModified\":\"2025-05-19T00:23:34+00:00\",\"mainEntityOfPage\":{\"@id\":\"https:\\\/\\\/www.webdo.tn\\\/fr\\\/actualite\\\/culture\\\/jcc-2017-palmares-sections-paralleles\\\/199689\\\/\"},\"wordCount\":398,\"commentCount\":0,\"publisher\":{\"@id\":\"https:\\\/\\\/www.webdo.tn\\\/fr\\\/#organization\"},\"image\":{\"@id\":\"https:\\\/\\\/www.webdo.tn\\\/fr\\\/actualite\\\/culture\\\/jcc-2017-palmares-sections-paralleles\\\/199689\\\/#primaryimage\"},\"thumbnailUrl\":\"https:\\\/\\\/www.webdo.tn\\\/fr\\\/wp-content\\\/uploads\\\/2017\\\/11\\\/6a55fc9abe34e7d4a1ceeb0b06569aa4.jpeg\",\"keywords\":[\"'JCC 2017']\",\"JCC\",\"Journ\u00e9es cin\u00e9matographiques de Carthage\",\"Palmar\u00e8s\"],\"articleSection\":[\"Culture\"],\"inLanguage\":\"fr-FR\"},{\"@type\":\"WebPage\",\"@id\":\"https:\\\/\\\/www.webdo.tn\\\/fr\\\/actualite\\\/culture\\\/jcc-2017-palmares-sections-paralleles\\\/199689\\\/\",\"url\":\"https:\\\/\\\/www.webdo.tn\\\/fr\\\/actualite\\\/culture\\\/jcc-2017-palmares-sections-paralleles\\\/199689\\\/\",\"name\":\"JCC 2017 : Palmar\u00e8s des sections parall\u00e8les\",\"isPartOf\":{\"@id\":\"https:\\\/\\\/www.webdo.tn\\\/fr\\\/#website\"},\"primaryImageOfPage\":{\"@id\":\"https:\\\/\\\/www.webdo.tn\\\/fr\\\/actualite\\\/culture\\\/jcc-2017-palmares-sections-paralleles\\\/199689\\\/#primaryimage\"},\"image\":{\"@id\":\"https:\\\/\\\/www.webdo.tn\\\/fr\\\/actualite\\\/culture\\\/jcc-2017-palmares-sections-paralleles\\\/199689\\\/#primaryimage\"},\"thumbnailUrl\":\"https:\\\/\\\/www.webdo.tn\\\/fr\\\/wp-content\\\/uploads\\\/2017\\\/11\\\/6a55fc9abe34e7d4a1ceeb0b06569aa4.jpeg\",\"datePublished\":\"2017-11-11T14:35:00+00:00\",\"dateModified\":\"2025-05-19T00:23:34+00:00\",\"description\":\"JCC 2017 : Palmar\u00e8s des sections parall\u00e8les\",\"breadcrumb\":{\"@id\":\"https:\\\/\\\/www.webdo.tn\\\/fr\\\/actualite\\\/culture\\\/jcc-2017-palmares-sections-paralleles\\\/199689\\\/#breadcrumb\"},\"inLanguage\":\"fr-FR\",\"potentialAction\":[{\"@type\":\"ReadAction\",\"target\":[\"https:\\\/\\\/www.webdo.tn\\\/fr\\\/actualite\\\/culture\\\/jcc-2017-palmares-sections-paralleles\\\/199689\\\/\"]}]},{\"@type\":\"ImageObject\",\"inLanguage\":\"fr-FR\",\"@id\":\"https:\\\/\\\/www.webdo.tn\\\/fr\\\/actualite\\\/culture\\\/jcc-2017-palmares-sections-paralleles\\\/199689\\\/#primaryimage\",\"url\":\"https:\\\/\\\/www.webdo.tn\\\/fr\\\/wp-content\\\/uploads\\\/2017\\\/11\\\/6a55fc9abe34e7d4a1ceeb0b06569aa4.jpeg\",\"contentUrl\":\"https:\\\/\\\/www.webdo.tn\\\/fr\\\/wp-content\\\/uploads\\\/2017\\\/11\\\/6a55fc9abe34e7d4a1ceeb0b06569aa4.jpeg\",\"width\":750,\"height\":400,\"caption\":\"JCC 2017 : Palmar\u00e8s des sections parall\u00e8les\"},{\"@type\":\"BreadcrumbList\",\"@id\":\"https:\\\/\\\/www.webdo.tn\\\/fr\\\/actualite\\\/culture\\\/jcc-2017-palmares-sections-paralleles\\\/199689\\\/#breadcrumb\",\"itemListElement\":[{\"@type\":\"ListItem\",\"position\":1,\"name\":\"Accueil\",\"item\":\"https:\\\/\\\/www.webdo.tn\\\/fr\\\/\"},{\"@type\":\"ListItem\",\"position\":2,\"name\":\"JCC 2017 : Palmar\u00e8s des sections parall\u00e8les\"}]},{\"@type\":\"WebSite\",\"@id\":\"https:\\\/\\\/www.webdo.tn\\\/fr\\\/#website\",\"url\":\"https:\\\/\\\/www.webdo.tn\\\/fr\\\/\",\"name\":\"webdo\",\"description\":\"Tunisie - News en Tunisie et \u00e0 l&#039;international sur Webdo.tn\",\"publisher\":{\"@id\":\"https:\\\/\\\/www.webdo.tn\\\/fr\\\/#organization\"},\"potentialAction\":[{\"@type\":\"SearchAction\",\"target\":{\"@type\":\"EntryPoint\",\"urlTemplate\":\"https:\\\/\\\/www.webdo.tn\\\/fr\\\/?s={search_term_string}\"},\"query-input\":{\"@type\":\"PropertyValueSpecification\",\"valueRequired\":true,\"valueName\":\"search_term_string\"}}],\"inLanguage\":\"fr-FR\"},{\"@type\":\"Organization\",\"@id\":\"https:\\\/\\\/www.webdo.tn\\\/fr\\\/#organization\",\"name\":\"Webdo\",\"alternateName\":\"Webdo.tn\",\"url\":\"https:\\\/\\\/www.webdo.tn\\\/fr\\\/\",\"logo\":{\"@type\":\"ImageObject\",\"inLanguage\":\"fr-FR\",\"@id\":\"https:\\\/\\\/www.webdo.tn\\\/fr\\\/#\\\/schema\\\/logo\\\/image\\\/\",\"url\":\"https:\\\/\\\/www.webdo.tn\\\/fr\\\/wp-content\\\/uploads\\\/2025\\\/06\\\/Webdo-Tunisie_168377.jpg\",\"contentUrl\":\"https:\\\/\\\/www.webdo.tn\\\/fr\\\/wp-content\\\/uploads\\\/2025\\\/06\\\/Webdo-Tunisie_168377.jpg\",\"width\":301,\"height\":301,\"caption\":\"Webdo\"},\"image\":{\"@id\":\"https:\\\/\\\/www.webdo.tn\\\/fr\\\/#\\\/schema\\\/logo\\\/image\\\/\"},\"sameAs\":[\"https:\\\/\\\/www.facebook.com\\\/webdotn\",\"https:\\\/\\\/x.com\\\/webdo_tn\"],\"description\":\"Webdo est un m\u00e9dia num\u00e9rique tunisien fond\u00e9 en 2010, sp\u00e9cialis\u00e9 dans l\u2019actualit\u00e9 nationale et internationale, l\u2019\u00e9conomie, la soci\u00e9t\u00e9 et les analyses politiques. Le site s\u2019adresse \u00e0 un large public francophone et couvre l\u2019information tunisienne en temps r\u00e9el.\",\"email\":\"redac@webdo.tn\",\"legalName\":\"YNJ SARL\",\"foundingDate\":\"2010-09-06\",\"numberOfEmployees\":{\"@type\":\"QuantitativeValue\",\"minValue\":\"11\",\"maxValue\":\"50\"}},{\"@type\":\"Person\",\"@id\":\"https:\\\/\\\/www.webdo.tn\\\/fr\\\/#\\\/schema\\\/person\\\/60d5ba619ed3f58783b0dc82b7dada80\",\"name\":\"Ne\u00efla DRISS\",\"image\":{\"@type\":\"ImageObject\",\"inLanguage\":\"fr-FR\",\"@id\":\"https:\\\/\\\/www.webdo.tn\\\/fr\\\/wp-content\\\/uploads\\\/2026\\\/04\\\/neila-driss_avatar-96x96.jpg\",\"url\":\"https:\\\/\\\/www.webdo.tn\\\/fr\\\/wp-content\\\/uploads\\\/2026\\\/04\\\/neila-driss_avatar-96x96.jpg\",\"contentUrl\":\"https:\\\/\\\/www.webdo.tn\\\/fr\\\/wp-content\\\/uploads\\\/2026\\\/04\\\/neila-driss_avatar-96x96.jpg\",\"caption\":\"Ne\u00efla DRISS\"},\"description\":\"Ne\u00efla Driss est juriste, journaliste culturelle et critique de cin\u00e9ma tunisienne. Titulaire d\u2019un DEA en droit priv\u00e9 de l\u2019Universit\u00e9 Paris II et d\u2019un DESS de l\u2019IHEC Carthage, elle d\u00e9bute sa carri\u00e8re comme juriste sp\u00e9cialis\u00e9e en gestion de patrimoine immobilier. Elle s\u2019oriente ensuite vers l\u2019\u00e9criture en ligne, o\u00f9 elle se distingue d\u00e8s 2006 aux Tunisia Blog Awards, avant de se consacrer au journalisme culturel, avec une sp\u00e9cialisation dans la critique cin\u00e9matographique. Elle couvre r\u00e9guli\u00e8rement les grands festivals internationaux, notamment le Festival de Cannes, les Journ\u00e9es Cin\u00e9matographiques de Carthage et le Festival du film du Caire. Membre de l\u2019ATPCC et de la FIPRESCI, elle participe \u00e0 des jurys et initiatives internationales de critique. Depuis 2024, elle est \u00e9lectrice internationale aux Golden Globes. Facebook : https:\\\/\\\/www.facebook.com\\\/massir.destiniii\\\/ X : https:\\\/\\\/x.com\\\/MassirDestin\",\"sameAs\":[\"https:\\\/\\\/www.facebook.com\\\/massir.destiniii\\\/\",\"https:\\\/\\\/www.instagram.com\\\/neila.driss\\\/?hl=fr\",\"https:\\\/\\\/www.linkedin.com\\\/in\\\/neila-driss-22606a80\\\/\",\"https:\\\/\\\/x.com\\\/https:\\\/\\\/x.com\\\/MassirDestin\"],\"knowsAbout\":[\"Cin\u00e9ma international\",\"critique cin\u00e9matographique\",\"festivals de cin\u00e9ma\",\"journalisme culturel\"],\"knowsLanguage\":[\"Fran\u00e7ais\",\"Arabe\",\"Anglais\"],\"jobTitle\":\"Journaliste culturelle et critique de cin\u00e9ma\",\"worksFor\":\"Webdo\",\"url\":\"https:\\\/\\\/www.webdo.tn\\\/fr\\\/actualite\\\/author\\\/neila-driss\\\/\"}]}<\/script>\n<!-- \/ Yoast SEO Premium plugin. -->","yoast_head_json":{"title":"JCC 2017 : Palmar\u00e8s des sections parall\u00e8les","description":"JCC 2017 : Palmar\u00e8s des sections parall\u00e8les","canonical":"https:\/\/www.webdo.tn\/fr\/actualite\/culture\/jcc-2017-palmares-sections-paralleles\/199689\/","og_locale":"fr_FR","og_type":"article","og_title":"JCC 2017 : Palmar\u00e8s des sections parall\u00e8les","og_description":"JCC 2017 : Palmar\u00e8s des sections parall\u00e8les","og_url":"https:\/\/www.webdo.tn\/fr\/actualite\/culture\/jcc-2017-palmares-sections-paralleles\/199689\/","og_site_name":"webdo","article_publisher":"https:\/\/www.facebook.com\/webdotn","article_author":"https:\/\/www.facebook.com\/massir.destiniii\/","article_published_time":"2017-11-11T14:35:00+00:00","article_modified_time":"2025-05-19T00:23:34+00:00","og_image":[{"width":750,"height":400,"url":"https:\/\/www.webdo.tn\/fr\/wp-content\/uploads\/2017\/11\/6a55fc9abe34e7d4a1ceeb0b06569aa4.jpeg","type":"image\/jpeg"}],"author":"Ne\u00efla DRISS","twitter_card":"summary_large_image","twitter_creator":"@https:\/\/x.com\/MassirDestin","twitter_site":"@webdo_tn","twitter_misc":{"\u00c9crit par":"Ne\u00efla DRISS","Dur\u00e9e de lecture estim\u00e9e":"2 minutes"},"schema":{"@context":"https:\/\/schema.org","@graph":[{"@type":"NewsArticle","@id":"https:\/\/www.webdo.tn\/fr\/actualite\/culture\/jcc-2017-palmares-sections-paralleles\/199689\/#article","isPartOf":{"@id":"https:\/\/www.webdo.tn\/fr\/actualite\/culture\/jcc-2017-palmares-sections-paralleles\/199689\/"},"author":{"name":"Ne\u00efla DRISS","@id":"https:\/\/www.webdo.tn\/fr\/#\/schema\/person\/60d5ba619ed3f58783b0dc82b7dada80"},"headline":"JCC 2017 : Palmar\u00e8s des sections parall\u00e8les","datePublished":"2017-11-11T14:35:00+00:00","dateModified":"2025-05-19T00:23:34+00:00","mainEntityOfPage":{"@id":"https:\/\/www.webdo.tn\/fr\/actualite\/culture\/jcc-2017-palmares-sections-paralleles\/199689\/"},"wordCount":398,"commentCount":0,"publisher":{"@id":"https:\/\/www.webdo.tn\/fr\/#organization"},"image":{"@id":"https:\/\/www.webdo.tn\/fr\/actualite\/culture\/jcc-2017-palmares-sections-paralleles\/199689\/#primaryimage"},"thumbnailUrl":"https:\/\/www.webdo.tn\/fr\/wp-content\/uploads\/2017\/11\/6a55fc9abe34e7d4a1ceeb0b06569aa4.jpeg","keywords":["'JCC 2017']","JCC","Journ\u00e9es cin\u00e9matographiques de Carthage","Palmar\u00e8s"],"articleSection":["Culture"],"inLanguage":"fr-FR"},{"@type":"WebPage","@id":"https:\/\/www.webdo.tn\/fr\/actualite\/culture\/jcc-2017-palmares-sections-paralleles\/199689\/","url":"https:\/\/www.webdo.tn\/fr\/actualite\/culture\/jcc-2017-palmares-sections-paralleles\/199689\/","name":"JCC 2017 : Palmar\u00e8s des sections parall\u00e8les","isPartOf":{"@id":"https:\/\/www.webdo.tn\/fr\/#website"},"primaryImageOfPage":{"@id":"https:\/\/www.webdo.tn\/fr\/actualite\/culture\/jcc-2017-palmares-sections-paralleles\/199689\/#primaryimage"},"image":{"@id":"https:\/\/www.webdo.tn\/fr\/actualite\/culture\/jcc-2017-palmares-sections-paralleles\/199689\/#primaryimage"},"thumbnailUrl":"https:\/\/www.webdo.tn\/fr\/wp-content\/uploads\/2017\/11\/6a55fc9abe34e7d4a1ceeb0b06569aa4.jpeg","datePublished":"2017-11-11T14:35:00+00:00","dateModified":"2025-05-19T00:23:34+00:00","description":"JCC 2017 : Palmar\u00e8s des sections parall\u00e8les","breadcrumb":{"@id":"https:\/\/www.webdo.tn\/fr\/actualite\/culture\/jcc-2017-palmares-sections-paralleles\/199689\/#breadcrumb"},"inLanguage":"fr-FR","potentialAction":[{"@type":"ReadAction","target":["https:\/\/www.webdo.tn\/fr\/actualite\/culture\/jcc-2017-palmares-sections-paralleles\/199689\/"]}]},{"@type":"ImageObject","inLanguage":"fr-FR","@id":"https:\/\/www.webdo.tn\/fr\/actualite\/culture\/jcc-2017-palmares-sections-paralleles\/199689\/#primaryimage","url":"https:\/\/www.webdo.tn\/fr\/wp-content\/uploads\/2017\/11\/6a55fc9abe34e7d4a1ceeb0b06569aa4.jpeg","contentUrl":"https:\/\/www.webdo.tn\/fr\/wp-content\/uploads\/2017\/11\/6a55fc9abe34e7d4a1ceeb0b06569aa4.jpeg","width":750,"height":400,"caption":"JCC 2017 : Palmar\u00e8s des sections parall\u00e8les"},{"@type":"BreadcrumbList","@id":"https:\/\/www.webdo.tn\/fr\/actualite\/culture\/jcc-2017-palmares-sections-paralleles\/199689\/#breadcrumb","itemListElement":[{"@type":"ListItem","position":1,"name":"Accueil","item":"https:\/\/www.webdo.tn\/fr\/"},{"@type":"ListItem","position":2,"name":"JCC 2017 : Palmar\u00e8s des sections parall\u00e8les"}]},{"@type":"WebSite","@id":"https:\/\/www.webdo.tn\/fr\/#website","url":"https:\/\/www.webdo.tn\/fr\/","name":"webdo","description":"Tunisie - News en Tunisie et \u00e0 l&#039;international sur Webdo.tn","publisher":{"@id":"https:\/\/www.webdo.tn\/fr\/#organization"},"potentialAction":[{"@type":"SearchAction","target":{"@type":"EntryPoint","urlTemplate":"https:\/\/www.webdo.tn\/fr\/?s={search_term_string}"},"query-input":{"@type":"PropertyValueSpecification","valueRequired":true,"valueName":"search_term_string"}}],"inLanguage":"fr-FR"},{"@type":"Organization","@id":"https:\/\/www.webdo.tn\/fr\/#organization","name":"Webdo","alternateName":"Webdo.tn","url":"https:\/\/www.webdo.tn\/fr\/","logo":{"@type":"ImageObject","inLanguage":"fr-FR","@id":"https:\/\/www.webdo.tn\/fr\/#\/schema\/logo\/image\/","url":"https:\/\/www.webdo.tn\/fr\/wp-content\/uploads\/2025\/06\/Webdo-Tunisie_168377.jpg","contentUrl":"https:\/\/www.webdo.tn\/fr\/wp-content\/uploads\/2025\/06\/Webdo-Tunisie_168377.jpg","width":301,"height":301,"caption":"Webdo"},"image":{"@id":"https:\/\/www.webdo.tn\/fr\/#\/schema\/logo\/image\/"},"sameAs":["https:\/\/www.facebook.com\/webdotn","https:\/\/x.com\/webdo_tn"],"description":"Webdo est un m\u00e9dia num\u00e9rique tunisien fond\u00e9 en 2010, sp\u00e9cialis\u00e9 dans l\u2019actualit\u00e9 nationale et internationale, l\u2019\u00e9conomie, la soci\u00e9t\u00e9 et les analyses politiques. Le site s\u2019adresse \u00e0 un large public francophone et couvre l\u2019information tunisienne en temps r\u00e9el.","email":"redac@webdo.tn","legalName":"YNJ SARL","foundingDate":"2010-09-06","numberOfEmployees":{"@type":"QuantitativeValue","minValue":"11","maxValue":"50"}},{"@type":"Person","@id":"https:\/\/www.webdo.tn\/fr\/#\/schema\/person\/60d5ba619ed3f58783b0dc82b7dada80","name":"Ne\u00efla DRISS","image":{"@type":"ImageObject","inLanguage":"fr-FR","@id":"https:\/\/www.webdo.tn\/fr\/wp-content\/uploads\/2026\/04\/neila-driss_avatar-96x96.jpg","url":"https:\/\/www.webdo.tn\/fr\/wp-content\/uploads\/2026\/04\/neila-driss_avatar-96x96.jpg","contentUrl":"https:\/\/www.webdo.tn\/fr\/wp-content\/uploads\/2026\/04\/neila-driss_avatar-96x96.jpg","caption":"Ne\u00efla DRISS"},"description":"Ne\u00efla Driss est juriste, journaliste culturelle et critique de cin\u00e9ma tunisienne. Titulaire d\u2019un DEA en droit priv\u00e9 de l\u2019Universit\u00e9 Paris II et d\u2019un DESS de l\u2019IHEC Carthage, elle d\u00e9bute sa carri\u00e8re comme juriste sp\u00e9cialis\u00e9e en gestion de patrimoine immobilier. Elle s\u2019oriente ensuite vers l\u2019\u00e9criture en ligne, o\u00f9 elle se distingue d\u00e8s 2006 aux Tunisia Blog Awards, avant de se consacrer au journalisme culturel, avec une sp\u00e9cialisation dans la critique cin\u00e9matographique. Elle couvre r\u00e9guli\u00e8rement les grands festivals internationaux, notamment le Festival de Cannes, les Journ\u00e9es Cin\u00e9matographiques de Carthage et le Festival du film du Caire. Membre de l\u2019ATPCC et de la FIPRESCI, elle participe \u00e0 des jurys et initiatives internationales de critique. Depuis 2024, elle est \u00e9lectrice internationale aux Golden Globes. Facebook : https:\/\/www.facebook.com\/massir.destiniii\/ X : https:\/\/x.com\/MassirDestin","sameAs":["https:\/\/www.facebook.com\/massir.destiniii\/","https:\/\/www.instagram.com\/neila.driss\/?hl=fr","https:\/\/www.linkedin.com\/in\/neila-driss-22606a80\/","https:\/\/x.com\/https:\/\/x.com\/MassirDestin"],"knowsAbout":["Cin\u00e9ma international","critique cin\u00e9matographique","festivals de cin\u00e9ma","journalisme culturel"],"knowsLanguage":["Fran\u00e7ais","Arabe","Anglais"],"jobTitle":"Journaliste culturelle et critique de cin\u00e9ma","worksFor":"Webdo","url":"https:\/\/www.webdo.tn\/fr\/actualite\/author\/neila-driss\/"}]}},"_links":{"self":[{"href":"https:\/\/www.webdo.tn\/fr\/wp-json\/wp\/v2\/posts\/199689","targetHints":{"allow":["GET"]}}],"collection":[{"href":"https:\/\/www.webdo.tn\/fr\/wp-json\/wp\/v2\/posts"}],"about":[{"href":"https:\/\/www.webdo.tn\/fr\/wp-json\/wp\/v2\/types\/post"}],"author":[{"embeddable":true,"href":"https:\/\/www.webdo.tn\/fr\/wp-json\/wp\/v2\/users\/3164"}],"replies":[{"embeddable":true,"href":"https:\/\/www.webdo.tn\/fr\/wp-json\/wp\/v2\/comments?post=199689"}],"version-history":[{"count":0,"href":"https:\/\/www.webdo.tn\/fr\/wp-json\/wp\/v2\/posts\/199689\/revisions"}],"wp:featuredmedia":[{"embeddable":true,"href":"https:\/\/www.webdo.tn\/fr\/wp-json\/wp\/v2\/media\/307861"}],"wp:attachment":[{"href":"https:\/\/www.webdo.tn\/fr\/wp-json\/wp\/v2\/media?parent=199689"}],"wp:term":[{"taxonomy":"category","embeddable":true,"href":"https:\/\/www.webdo.tn\/fr\/wp-json\/wp\/v2\/categories?post=199689"},{"taxonomy":"post_tag","embeddable":true,"href":"https:\/\/www.webdo.tn\/fr\/wp-json\/wp\/v2\/tags?post=199689"}],"curies":[{"name":"wp","href":"https:\/\/api.w.org\/{rel}","templated":true}]}}