{"id":199681,"date":"2017-09-25T09:09:00","date_gmt":"2017-09-25T09:09:00","guid":{"rendered":"https:\/\/www.webdo.tn\/fr\/blog\/festival-film-del-gouna-linsulte\/199681\/"},"modified":"2025-05-19T00:33:30","modified_gmt":"2025-05-19T00:33:30","slug":"festival-film-del-gouna-linsulte","status":"publish","type":"post","link":"https:\/\/www.webdo.tn\/fr\/actualite\/culture\/festival-film-del-gouna-linsulte\/199681\/","title":{"rendered":"Festival du film d\u2019El Gouna \u2013 L\u2019insulte"},"content":{"rendered":"<div class=\"single-body entry-content typography-copy\" itemprop=\"articleBody\">\n<p style=\"font-weight: bold; text-align: justify\">\n<div class=\"coprs\" style=\"text-align: center\"><\/div>\n<div class=\"coprs\" style=\"text-align: justify\">\n<p>Hier au <a href=\"http:\/\/www.webdo.tn\/2017\/09\/21\/demain-debute-festival-film-del-gouna-gff\/\">Festival du Film d&rsquo;El Gouna <\/a>(GFF) a eu lieu la projection en premi\u00e8re arabe du film franco-libanais <em>L&rsquo;insulte<\/em> de Zyad Doueiri.<\/p>\n<p>Un film magnifique qui n&rsquo;a laiss\u00e9 personne indiff\u00e9rent. C&rsquo;est vraiment le moins qu&rsquo;on puisse dire. Jusqu&rsquo;\u00e0 ce matin, tous en parlaient encore et encore.<\/p>\n<p>Tous\u00a0 sont\u00a0 d\u2019accord\u00a0 sur\u00a0 un\u00a0 \u00a0point:\u00a0 cin\u00e9matographiquement,\u00a0 \u00a0ce\u00a0 film\u00a0 est\u00a0 vraiment\u00a0 tr\u00e8s\u00a0 beau. Tr\u00e8s\u00a0 bien\u00a0 \u00a0film\u00e9,\u00a0 \u00a0les\u00a0 \u00a0s\u00e9quences\u00a0 sont\u00a0 belles,\u00a0 \u00a0le\u00a0 rythme\u00a0 \u00a0est\u00a0 \u00a0\u00e9quilibr\u00e9\u00a0 et\u00a0 tient\u00a0 en\u00a0 haleine.\u00a0 L\u2019histoire\u00a0 \u00a0va\u00a0 crescendo:\u00a0 d\u2019un\u00a0 petit\u00a0 fait divers,\u00a0 elle\u00a0 \u00a0va\u00a0 s\u2019amplifier petit \u00e0 petit jusqu\u2019\u00e0\u00a0 devenir universelle.\u00a0 Les\u00a0 rebondissements viennent \u00e0 point l\u2019un apr\u00e8s l\u2019autre et s\u2019encha\u00eenent parfaitement bien. Le jeu des acteurs est excellent.<\/p>\n<p>Alors, o\u00f9 se trouve le d\u00e9saccord?<\/p>\n<p>Le sujet du film et son traitement n\u2019ont pas plu \u00e0 tous les pr\u00e9sents, certains ayant \u00e9t\u00e9 m\u00eame tr\u00e8s en col\u00e8re et r\u00e9agissant vivement lors du d\u00e9bat qui a suivi le film.<\/p>\n<p>Tony est un simple garagiste qui vit avec sa femme enceinte. Un jour, en arrosant les plantes qui se trouvent sur son balcon, il mouille Yasser. Celui-ci travaille dans une entreprise charg\u00e9e de certains travaux dans le quartier o\u00f9 habite Tony. Il lui fait remarquer que sa conduite d&rsquo;eaux usag\u00e9es est ill\u00e9gale. Tony refus\u00e9 de l&rsquo;\u00e9couter. Yasser va donc faire r\u00e9parer cette conduite d&rsquo;eau. Tony est contre cette r\u00e9paration et la casse. Yasser l&rsquo;insulte.<\/p>\n<p>Simple fait divers.<\/p>\n<p>Or Tony, libanais chr\u00e9tien de droite, d\u00e9teste les palestiniens et est contre leur installation au Liban. Yasser est justement palestinien.<\/p>\n<p>La dispute va grandir, Tony insulte Yasser et Yasser frappe Tony.<\/p>\n<p>Ce simple fait divers ridicule va devenir une affaire d&rsquo;Etat. Cette petite dispute est l&rsquo;\u00e9tincelle qui va allumer le feu. La haine appara\u00eet, les politiciens s&rsquo;en m\u00ealent, les communaut\u00e9s s&rsquo;enflamment, les bagarres commencent, les insultes fusent&#8230;. le pays entier s&#8217;embrase.<\/p>\n<p>Cet embrasement montre que la haine appelle la haine, la violence engendre la violence.\u00a0Un geste ou un mot anodin peut presque conduire \u00e0 la guerre.<\/p>\n<p>\u00a0<\/p>\n<p><img decoding=\"async\" alt=\"L'insulte - Le pays s'embrase \" height=\"442\" src=\"http:\/\/www.webdo.tn\/wp-content\/uploads\/2017\/10\/the-insult-1024x646.jpg\" width=\"700\"><br \/>\n<em>L&rsquo;insulte &#8211; Le pays s&#8217;embrase<\/em><\/p>\n<p>Et voil\u00e0 Tony et Yasser devant le tribunal. Les palestiniens contre les libanais de droite. Les pro-palestiniens contre les anti-palestiniens. Et deux avocats qui s&rsquo;opposent. Deux avocats remarquables. Des r\u00e9pliques extraordinaires.<\/p>\n<p>Et petit \u00e0 petit, on en apprend bien plus sur Tony, sur Yasser, sur les blessures des uns et des autres\u2026<\/p>\n<p>\u00a0<\/p>\n<p><img decoding=\"async\" alt=\"D\u00e9bat avec Zyad Doueiri \u00e0 l'issu de la projection de son film L'insulte\" height=\"757\" src=\"http:\/\/www.webdo.tn\/wp-content\/uploads\/2017\/10\/732A4649.jpg\" width=\"1000\"> <em>D\u00e9bat avec Zyad Doueiri \u00e0 l&rsquo;issu de la projection de son film L&rsquo;insulte<\/em><\/p>\n<p>Le d\u00e9bat qui a suivi le film a \u00e9t\u00e9 lui aussi un peu \u00abbrulant\u00a0\u00bb.<\/p>\n<p>Un palestinien a fait bien des reproches \u00e0 Zyad Doueiri. Il l\u2019a accus\u00e9 d\u2019avoir d\u00e9form\u00e9 l\u2019histoire et les faits et a m\u00eame quitt\u00e9 la salle.<\/p>\n<p>Quant \u00e0 Zyad Doueiri, imperturbable, il a racont\u00e9 que son film est inspir\u00e9 d\u2019une histoire vraie. En effet, il y a quelques ann\u00e9es, il r\u00e9sidait \u00e0 Beyrouth, lorsqu\u2019une femme palestinienne, qui arrosait des plantes sur son balcon l\u2019a mouill\u00e9. Il s\u2019est mis en col\u00e8re et l\u2019a insult\u00e9e. Sa compagne s\u2019est alors f\u00e2ch\u00e9e contre lui et lui a reproch\u00e9 ces insultes envers la palestinienne. Il s\u2019est retrouv\u00e9 donc lui-m\u00eame en plein milieu d\u2019une dispute, d\u2019insultes, de mots blessants, de demande de pardon\u2026 Il a alors eu l\u2019id\u00e9e d\u2019\u00e9crire ce film, mais a imagin\u00e9 qu&rsquo;au lieu de se disputer, l&rsquo;une des deux parties porte cette affaire devant un tribunal et que le pays s&rsquo;enflamme.<\/p>\n<p>Il a pr\u00e9cis\u00e9 que sa famille \u00e9tait de gauche et a lutt\u00e9 aux c\u00f4t\u00e9s des palestiniens. Sa m\u00e8re \u00e9tait une grande militante. Par contre, Jo\u00eblle sa compagne, qui a co\u00e9crit le sc\u00e9nario vient du camp oppos\u00e9, celui de B\u00e9chir Gemayel. Il a \u00e9crit les sc\u00e8nes de l\u2019avocat qui d\u00e9fend Tony le libanais et elle a \u00e9crit les sc\u00e8nes de l\u2019avocate qui d\u00e9fend Yasser le palestinien.<\/p>\n<p>Le dialogue entre les deux avocats est d\u2019ailleurs remarquable. Il tient le spectateur en haleine.<\/p>\n<p>Personnellement, je ne connais pas les d\u00e9tails historiques de la cause palestinienne, ni de la guerre libanaise, ni des relations qui les lient. Je ne peux donc en aucun cas juger de la v\u00e9racit\u00e9 historique du film. Et je l\u2019avoue je pense que quelque part, cela n\u2019a pas d\u2019importance et qu\u2019il ne faut pas limiter le film \u00e0 la cause palestinienne.<\/p>\n<p>Ce qui est important \u00e0 mes yeux est l\u2019id\u00e9e g\u00e9n\u00e9rale du film,\u00a0 les sujets qu\u2019il traite, les questions qu\u2019il soul\u00e8ve\u2026 En fait, m\u00eame s\u2019il part d\u2019un cas particulier, le film traite de sujets universels et pose des questions qui nous concernent tous en tant qu\u2019humains, et certaines questions nous touchent particuli\u00e8rement nous tunisiens.<\/p>\n<p>Le film montre comment la violence engendre la violence, comment un fait insignifiant peut, lorsqu\u2019on n\u2019y prend pas garde, mener \u00e0 une tel d\u00e9cha\u00eenement qu\u2019il devient presque impossible par la suite de le contenir. Or cela ne m\u00e8ne nulle part.<\/p>\n<p>Ensuite, le film explique que chacune de nos r\u00e9actions, m\u00eame celles qui semblent les plus absurdes, peuvent s\u2019expliquer par notre v\u00e9cu. Qu\u2019il faut parfois examiner notre pass\u00e9 pour comprendre nos r\u00e9actions, nos haines, nos refus\u2026<\/p>\n<p>Mais ce qui m\u2019a le plus interpel\u00e9e personnellement est que le film traite de la justice transitionnelle et de la r\u00e9conciliation nationale. Et ce sujet est d\u2019actualit\u00e9 en Tunisie.<\/p>\n<p>Dans un pays, apr\u00e8s une guerre ou une r\u00e9volution, faut-il faire table rase du pass\u00e9 et ouvrir une nouvelle page\u00a0? Faut-il au contraire ouvrir les dossiers, comprendre ce qu\u2019il s\u2019est pass\u00e9, juger les coupables et ensuite seulement ouvrir une nouvelle page\u00a0? Peut-il y avoir de r\u00e9conciliation nationale sans r\u00e8glements de comptes\u00a0?<\/p>\n<p>Ce d\u00e9bat est ouvert actuellement chez nous. Certains disent qu\u2019il faut oublier et avancer et d\u2019autres crient \u00ab<em>\u00a0manich msamah<\/em>\u00a0\u00bb.<\/p>\n<p>Au Liban d\u2019apr\u00e8s \u00a0guerre, le travail de m\u00e9moire a \u00e9t\u00e9 confisqu\u00e9 au peuple. On a mis une chape de plomb sur ce qu\u2019il s\u2019est pass\u00e9 et on a fait comme s\u2019il n\u2019avait pas exist\u00e9.<\/p>\n<p>Or dans ce tribunal, le r\u00e9alisateur va se faire affronter deux camps \u00e0 travers deux personnages qui vont devoir faire face \u00e0 leur pass\u00e9. Les souvenirs remontent en surface. Les traumatismes resurgissent. Les ranc\u0153urs, si longtemps refoul\u00e9es vont enfin pouvoir s\u2019expliquer. En fait, sans aucun artifice, le r\u00e9alisateur nous dit que sans une v\u00e9ritable reconnaissance de la douleur de chacun, acteur ou t\u00e9moin de la guerre, aucune r\u00e9conciliation n\u2019est possible. L\u2019abc\u00e8s sera peut-\u00eatre crev\u00e9 et permettra ainsi une possible r\u00e9conciliation.<\/p>\n<p>En fait, ce tribunal va offrir une occasion d\u2019aborder enfin la justice transitionnelle, il va permettre d\u2019amorcer au moins le d\u00e9bat.<\/p>\n<p>J\u2019avoue que cet aspect du film m\u2019a beaucoup secou\u00e9e. Qu\u2019en est-il en Tunisie\u00a0? Devons-nous absolument parler du pass\u00e9 et ne pas laisser un abc\u00e8s se cr\u00e9er\u00a0? Mais de quelle mani\u00e8re faut-il le faire\u00a0? De quelle mani\u00e8re lorsque le processus est biais\u00e9 \u00e0 la base et que l\u2019instance cr\u00e9\u00e9e \u00e0 cet effet ne rempli pas son r\u00f4le\u00a0? Comment allons-nous avancer nous m\u00eame\u00a0?<\/p>\n<p>\u00a0<\/p>\n<p><img decoding=\"async\" alt=\"Hend Sabry \u00e0 la projection du film L'insulte \" height=\"676\" src=\"http:\/\/www.webdo.tn\/wp-content\/uploads\/2017\/10\/732A4644-1.jpg\" width=\"441\"><br \/>\n<em>Hend Sabry \u00e0 la projection du film L&rsquo;insulte<\/em><\/p>\n<p>\u00a0<\/p>\n<p><a href=\"http:\/\/www.webdo.tn\/2017\/05\/18\/prix-dexcellence-faten-hamama-hend-sabry\/\">Hend Sabry<\/a>, pr\u00e9sente \u00e0 cette projection, a beaucoup aim\u00e9 <em>L&rsquo;insulte.<\/em> Elle a d\u00e9clar\u00e9 avoir \u00e9t\u00e9 compl\u00e8tement remu\u00e9e par ce film qui a os\u00e9 casser le tabou de la cause palestinienne et qui pousse \u00e0 la r\u00e9flexion.\u00a0 Une des r\u00e9pliques du film dit clairement : \u00ab\u00a0<em>il ne faut pas occulter toutes les causes et ne parler que de la cause palestinienne, il faut qu&rsquo;on parle de tous<\/em>\u00a0\u00bb.\u00a0 Hend a \u00e9galement dit \u00eatre tr\u00e8s heureuse que le film ait \u00e9t\u00e9 choisi pour \u00eatre projet\u00e9 en Tunisie lors des <a href=\"http:\/\/www.webdo.tn\/2017\/05\/24\/festival-de-cannes-nejib-ayed-presente-jcc-2017\/\">Journ\u00e9es Cin\u00e9matographiques de Carthage (JCC)<\/a>, ce qui lui permettra d\u2019ailleurs de pouvoir le revoir et encore mieux le comprendre.<\/p>\n<p>Selon Zyad Doueiri avec lequel j\u2019ai eu l\u2019occasion d\u2019\u00e9changer quelques mots apr\u00e8s la projection, le film est d\u2019abord l\u2019occasion de parler\u00a0enfin: pendant des ann\u00e9es, tout a \u00e9t\u00e9 fait pour essayer d\u2019\u00e9viter d\u2019aborder certains sujets, de faire taire, ce qui n\u2019est pas normal. Ensuite, le film concerne surtout deux personnalit\u00e9s qui se d\u00e9couvrent elles-m\u00eames. Elles se remettent en cause, elles se cherchent. La souffrance justifie-t-elle la haine? Le fait de ne pas conna\u00eetre la v\u00e9rit\u00e9 permet-il de pardonner?<\/p>\n<p>Puisque <em>L&rsquo;insulte<\/em> sera projet\u00e9 \u00e0 Tunis lors des JCC, essayez d\u2019aller le voir. C\u2019est un excellent film.<\/p>\n<p>Je ne peux terminer cet article sans citer une des r\u00e9pliques du film. Lors d\u2019une rencontre entre le Pr\u00e9sident de la R\u00e9publique et Tony, ce dernier dira au premier\u00a0: \u00ab\u00a0<em>Vous n&rsquo;avez pas tous les droits, vous \u00eates un employ\u00e9 de l&rsquo;Etat et je paye mes imp\u00f4ts<\/em>\u00a0\u00bb. J\u2019avoue avoir ador\u00e9 cette r\u00e9plique. H\u00e9las, nos gouvernants oublient tr\u00e8s souvent qu\u2019ils ne sont que des employ\u00e9s de l\u2019Etat et qu\u2019ils sont cens\u00e9s \u00eatre au service des citoyens.<\/p>\n<p>Allez voir le film\u00a0!<\/p>\n<p><iframe allowfullscreen=\"\" frameborder=\"0\" height=\"315\" src=\"https:\/\/www.youtube.com\/embed\/eLTSXawyam8?si=GQzjVIEXkCdixjQN\" title=\"YouTube video player\" width=\"560\"><\/iframe><\/p>\n<p>\u00a0<\/p>\n<p>\n<strong>Ne\u00efla Driss<\/strong><br \/>\n\u00a0<\/p>\n<p>\u00a0 <strong><em>Lire sur le m\u00eame sujet:<\/em><\/strong><\/p>\n<ul>\n<li><a href=\"http:\/\/www.webdo.tn\/2017\/09\/21\/demain-debute-festival-film-del-gouna-gff\/\" rel=\"bookmark\" title=\"Demain d\u00e9bute le Festival du Film d\u2019El Gouna (GFF)\">Demain d\u00e9bute le Festival du Film d\u2019El Gouna (GFF)<\/a><\/li>\n<li><a href=\"http:\/\/www.webdo.tn\/2017\/09\/23\/festival-film-del-gouna-ceremonie-douverture\/\" rel=\"bookmark\" title=\"Festival du Film d\u2019El Gouna \u2013 C\u00e9r\u00e9monie d\u2019ouverture\">Festival du Film d\u2019El Gouna \u2013 C\u00e9r\u00e9monie d\u2019ouverture<\/a><\/li>\n<li><a href=\"http:\/\/www.webdo.tn\/2017\/09\/26\/breathe-grace-a-amour-a-vecu\/\" rel=\"bookmark\" title=\"Breathe \u2013 Gr\u00e2ce \u00e0 son amour, il a v\u00e9cu !\">Breathe \u2013 Gr\u00e2ce \u00e0 son amour, il a v\u00e9cu !<\/a><\/li>\n<li><a href=\"http:\/\/www.webdo.tn\/2017\/09\/29\/festival-film-del-gouna-arabes-limaginaire-etrangers\/\" rel=\"bookmark\" title=\"Festival du Film d\u2019El Gouna : Les Arabes dans l\u2019imaginaire des \u00e9trangers\">Festival du Film d\u2019El Gouna : Les Arabes dans l\u2019imaginaire des \u00e9trangers<\/a><\/li>\n<li><a href=\"http:\/\/www.webdo.tn\/2017\/10\/11\/ceremonie-de-remise-prix-cinema-arabe-se-deroulera-a-el-gouna\/\" rel=\"bookmark\" title=\"La c\u00e9r\u00e9monie de remise des Prix du Cin\u00e9ma Arabe se d\u00e9roulera \u00e0 El Gouna\">La c\u00e9r\u00e9monie de remise des Prix du Cin\u00e9ma Arabe se d\u00e9roulera \u00e0 El Gouna<\/a><\/li>\n<li><a href=\"http:\/\/www.webdo.tn\/2017\/12\/13\/3-daqat-chanson-succes-fulgurant\/\" rel=\"bookmark\" title=\"3 Daqat : une chanson au succ\u00e8s fulgurant\u00a0!\">3 Daqat : une chanson au succ\u00e8s fulgurant\u00a0!<\/a><\/li>\n<\/ul><\/div>\n<div class=\"coprs\" style=\"text-align: center\"><\/div><\/div>\n","protected":false},"excerpt":{"rendered":"<p>Festival du film d\u2019El Gouna \u2013 L\u2019insulte<\/p>\n","protected":false},"author":3164,"featured_media":308365,"comment_status":"open","ping_status":"closed","sticky":false,"template":"","format":"standard","meta":{"footnotes":""},"categories":[2594],"tags":[11319,2626,4976,8670,6648,3258,2655],"class_list":["post-199681","post","type-post","status-publish","format-standard","has-post-thumbnail","hentry","category-culture","tag-el-gouna-2017","tag-cinema","tag-cinema-libanais","tag-critique-de-film","tag-el-gouna","tag-festival-du-film-del-gouna","tag-film"],"yoast_head":"<!-- This site is optimized with the Yoast SEO Premium plugin v27.5 (Yoast SEO v27.5) - https:\/\/yoast.com\/product\/yoast-seo-premium-wordpress\/ -->\n<title>Festival du film d\u2019El Gouna \u2013 L\u2019insulte<\/title>\n<meta name=\"description\" content=\"Festival du film d\u2019El Gouna \u2013 L\u2019insulte\" \/>\n<link rel=\"canonical\" href=\"https:\/\/www.webdo.tn\/fr\/actualite\/culture\/festival-film-del-gouna-linsulte\/199681\/\" \/>\n<meta property=\"og:locale\" content=\"fr_FR\" \/>\n<meta property=\"og:type\" content=\"article\" \/>\n<meta property=\"og:title\" content=\"Festival du film d\u2019El Gouna \u2013 L\u2019insulte\" \/>\n<meta property=\"og:description\" content=\"Festival du film d\u2019El Gouna \u2013 L\u2019insulte\" \/>\n<meta property=\"og:url\" content=\"https:\/\/www.webdo.tn\/fr\/actualite\/culture\/festival-film-del-gouna-linsulte\/199681\/\" \/>\n<meta property=\"og:site_name\" content=\"webdo\" \/>\n<meta property=\"article:publisher\" content=\"https:\/\/www.facebook.com\/webdotn\" \/>\n<meta property=\"article:author\" content=\"https:\/\/www.facebook.com\/massir.destiniii\/\" \/>\n<meta property=\"article:published_time\" content=\"2017-09-25T09:09:00+00:00\" \/>\n<meta property=\"article:modified_time\" content=\"2025-05-19T00:33:30+00:00\" \/>\n<meta property=\"og:image\" content=\"https:\/\/www.webdo.tn\/fr\/wp-content\/uploads\/2017\/09\/the-insult-affiche.jpg\" \/>\n\t<meta property=\"og:image:width\" content=\"1000\" \/>\n\t<meta property=\"og:image:height\" content=\"1000\" \/>\n\t<meta property=\"og:image:type\" content=\"image\/jpeg\" \/>\n<meta name=\"author\" content=\"Ne\u00efla DRISS\" \/>\n<meta name=\"twitter:card\" content=\"summary_large_image\" \/>\n<meta name=\"twitter:creator\" content=\"@https:\/\/x.com\/MassirDestin\" \/>\n<meta name=\"twitter:site\" content=\"@webdo_tn\" \/>\n<meta name=\"twitter:label1\" content=\"\u00c9crit par\" \/>\n\t<meta name=\"twitter:data1\" content=\"Ne\u00efla DRISS\" \/>\n\t<meta name=\"twitter:label2\" content=\"Dur\u00e9e de lecture estim\u00e9e\" \/>\n\t<meta name=\"twitter:data2\" content=\"8 minutes\" \/>\n<script type=\"application\/ld+json\" class=\"yoast-schema-graph\">{\"@context\":\"https:\\\/\\\/schema.org\",\"@graph\":[{\"@type\":\"NewsArticle\",\"@id\":\"https:\\\/\\\/www.webdo.tn\\\/fr\\\/actualite\\\/culture\\\/festival-film-del-gouna-linsulte\\\/199681\\\/#article\",\"isPartOf\":{\"@id\":\"https:\\\/\\\/www.webdo.tn\\\/fr\\\/actualite\\\/culture\\\/festival-film-del-gouna-linsulte\\\/199681\\\/\"},\"author\":{\"name\":\"Ne\u00efla DRISS\",\"@id\":\"https:\\\/\\\/www.webdo.tn\\\/fr\\\/#\\\/schema\\\/person\\\/60d5ba619ed3f58783b0dc82b7dada80\"},\"headline\":\"Festival du film d\u2019El Gouna \u2013 L\u2019insulte\",\"datePublished\":\"2017-09-25T09:09:00+00:00\",\"dateModified\":\"2025-05-19T00:33:30+00:00\",\"mainEntityOfPage\":{\"@id\":\"https:\\\/\\\/www.webdo.tn\\\/fr\\\/actualite\\\/culture\\\/festival-film-del-gouna-linsulte\\\/199681\\\/\"},\"wordCount\":1678,\"commentCount\":0,\"publisher\":{\"@id\":\"https:\\\/\\\/www.webdo.tn\\\/fr\\\/#organization\"},\"image\":{\"@id\":\"https:\\\/\\\/www.webdo.tn\\\/fr\\\/actualite\\\/culture\\\/festival-film-del-gouna-linsulte\\\/199681\\\/#primaryimage\"},\"thumbnailUrl\":\"https:\\\/\\\/www.webdo.tn\\\/fr\\\/wp-content\\\/uploads\\\/2017\\\/09\\\/the-insult-affiche.jpg\",\"keywords\":[\"'El Gouna 2017']\",\"Cin\u00e9ma\",\"Cin\u00e9ma Libanais\",\"Critique de film\",\"El Gouna\",\"Festival du Film d'El Gouna\",\"Film\"],\"articleSection\":[\"Culture\"],\"inLanguage\":\"fr-FR\"},{\"@type\":\"WebPage\",\"@id\":\"https:\\\/\\\/www.webdo.tn\\\/fr\\\/actualite\\\/culture\\\/festival-film-del-gouna-linsulte\\\/199681\\\/\",\"url\":\"https:\\\/\\\/www.webdo.tn\\\/fr\\\/actualite\\\/culture\\\/festival-film-del-gouna-linsulte\\\/199681\\\/\",\"name\":\"Festival du film d\u2019El Gouna \u2013 L\u2019insulte\",\"isPartOf\":{\"@id\":\"https:\\\/\\\/www.webdo.tn\\\/fr\\\/#website\"},\"primaryImageOfPage\":{\"@id\":\"https:\\\/\\\/www.webdo.tn\\\/fr\\\/actualite\\\/culture\\\/festival-film-del-gouna-linsulte\\\/199681\\\/#primaryimage\"},\"image\":{\"@id\":\"https:\\\/\\\/www.webdo.tn\\\/fr\\\/actualite\\\/culture\\\/festival-film-del-gouna-linsulte\\\/199681\\\/#primaryimage\"},\"thumbnailUrl\":\"https:\\\/\\\/www.webdo.tn\\\/fr\\\/wp-content\\\/uploads\\\/2017\\\/09\\\/the-insult-affiche.jpg\",\"datePublished\":\"2017-09-25T09:09:00+00:00\",\"dateModified\":\"2025-05-19T00:33:30+00:00\",\"description\":\"Festival du film d\u2019El Gouna \u2013 L\u2019insulte\",\"breadcrumb\":{\"@id\":\"https:\\\/\\\/www.webdo.tn\\\/fr\\\/actualite\\\/culture\\\/festival-film-del-gouna-linsulte\\\/199681\\\/#breadcrumb\"},\"inLanguage\":\"fr-FR\",\"potentialAction\":[{\"@type\":\"ReadAction\",\"target\":[\"https:\\\/\\\/www.webdo.tn\\\/fr\\\/actualite\\\/culture\\\/festival-film-del-gouna-linsulte\\\/199681\\\/\"]}]},{\"@type\":\"ImageObject\",\"inLanguage\":\"fr-FR\",\"@id\":\"https:\\\/\\\/www.webdo.tn\\\/fr\\\/actualite\\\/culture\\\/festival-film-del-gouna-linsulte\\\/199681\\\/#primaryimage\",\"url\":\"https:\\\/\\\/www.webdo.tn\\\/fr\\\/wp-content\\\/uploads\\\/2017\\\/09\\\/the-insult-affiche.jpg\",\"contentUrl\":\"https:\\\/\\\/www.webdo.tn\\\/fr\\\/wp-content\\\/uploads\\\/2017\\\/09\\\/the-insult-affiche.jpg\",\"width\":1000,\"height\":1000,\"caption\":\"Festival du film d\u2019El Gouna \u2013 L\u2019insulte\"},{\"@type\":\"BreadcrumbList\",\"@id\":\"https:\\\/\\\/www.webdo.tn\\\/fr\\\/actualite\\\/culture\\\/festival-film-del-gouna-linsulte\\\/199681\\\/#breadcrumb\",\"itemListElement\":[{\"@type\":\"ListItem\",\"position\":1,\"name\":\"Accueil\",\"item\":\"https:\\\/\\\/www.webdo.tn\\\/fr\\\/\"},{\"@type\":\"ListItem\",\"position\":2,\"name\":\"Festival du film d\u2019El Gouna \u2013 L\u2019insulte\"}]},{\"@type\":\"WebSite\",\"@id\":\"https:\\\/\\\/www.webdo.tn\\\/fr\\\/#website\",\"url\":\"https:\\\/\\\/www.webdo.tn\\\/fr\\\/\",\"name\":\"webdo\",\"description\":\"Tunisie - News en Tunisie et \u00e0 l&#039;international sur Webdo.tn\",\"publisher\":{\"@id\":\"https:\\\/\\\/www.webdo.tn\\\/fr\\\/#organization\"},\"potentialAction\":[{\"@type\":\"SearchAction\",\"target\":{\"@type\":\"EntryPoint\",\"urlTemplate\":\"https:\\\/\\\/www.webdo.tn\\\/fr\\\/?s={search_term_string}\"},\"query-input\":{\"@type\":\"PropertyValueSpecification\",\"valueRequired\":true,\"valueName\":\"search_term_string\"}}],\"inLanguage\":\"fr-FR\"},{\"@type\":\"Organization\",\"@id\":\"https:\\\/\\\/www.webdo.tn\\\/fr\\\/#organization\",\"name\":\"Webdo\",\"alternateName\":\"Webdo.tn\",\"url\":\"https:\\\/\\\/www.webdo.tn\\\/fr\\\/\",\"logo\":{\"@type\":\"ImageObject\",\"inLanguage\":\"fr-FR\",\"@id\":\"https:\\\/\\\/www.webdo.tn\\\/fr\\\/#\\\/schema\\\/logo\\\/image\\\/\",\"url\":\"https:\\\/\\\/www.webdo.tn\\\/fr\\\/wp-content\\\/uploads\\\/2025\\\/06\\\/Webdo-Tunisie_168377.jpg\",\"contentUrl\":\"https:\\\/\\\/www.webdo.tn\\\/fr\\\/wp-content\\\/uploads\\\/2025\\\/06\\\/Webdo-Tunisie_168377.jpg\",\"width\":301,\"height\":301,\"caption\":\"Webdo\"},\"image\":{\"@id\":\"https:\\\/\\\/www.webdo.tn\\\/fr\\\/#\\\/schema\\\/logo\\\/image\\\/\"},\"sameAs\":[\"https:\\\/\\\/www.facebook.com\\\/webdotn\",\"https:\\\/\\\/x.com\\\/webdo_tn\"],\"description\":\"Webdo est un m\u00e9dia num\u00e9rique tunisien fond\u00e9 en 2010, sp\u00e9cialis\u00e9 dans l\u2019actualit\u00e9 nationale et internationale, l\u2019\u00e9conomie, la soci\u00e9t\u00e9 et les analyses politiques. Le site s\u2019adresse \u00e0 un large public francophone et couvre l\u2019information tunisienne en temps r\u00e9el.\",\"email\":\"redac@webdo.tn\",\"legalName\":\"YNJ SARL\",\"foundingDate\":\"2010-09-06\",\"numberOfEmployees\":{\"@type\":\"QuantitativeValue\",\"minValue\":\"11\",\"maxValue\":\"50\"}},{\"@type\":\"Person\",\"@id\":\"https:\\\/\\\/www.webdo.tn\\\/fr\\\/#\\\/schema\\\/person\\\/60d5ba619ed3f58783b0dc82b7dada80\",\"name\":\"Ne\u00efla DRISS\",\"image\":{\"@type\":\"ImageObject\",\"inLanguage\":\"fr-FR\",\"@id\":\"https:\\\/\\\/www.webdo.tn\\\/fr\\\/wp-content\\\/uploads\\\/2026\\\/04\\\/neila-driss_avatar-96x96.jpg\",\"url\":\"https:\\\/\\\/www.webdo.tn\\\/fr\\\/wp-content\\\/uploads\\\/2026\\\/04\\\/neila-driss_avatar-96x96.jpg\",\"contentUrl\":\"https:\\\/\\\/www.webdo.tn\\\/fr\\\/wp-content\\\/uploads\\\/2026\\\/04\\\/neila-driss_avatar-96x96.jpg\",\"caption\":\"Ne\u00efla DRISS\"},\"description\":\"Ne\u00efla Driss est juriste, journaliste culturelle et critique de cin\u00e9ma tunisienne. Titulaire d\u2019un DEA en droit priv\u00e9 de l\u2019Universit\u00e9 Paris II et d\u2019un DESS de l\u2019IHEC Carthage, elle d\u00e9bute sa carri\u00e8re comme juriste sp\u00e9cialis\u00e9e en gestion de patrimoine immobilier. Elle s\u2019oriente ensuite vers l\u2019\u00e9criture en ligne, o\u00f9 elle se distingue d\u00e8s 2006 aux Tunisia Blog Awards, avant de se consacrer au journalisme culturel, avec une sp\u00e9cialisation dans la critique cin\u00e9matographique. Elle couvre r\u00e9guli\u00e8rement les grands festivals internationaux, notamment le Festival de Cannes, les Journ\u00e9es Cin\u00e9matographiques de Carthage et le Festival du film du Caire. Membre de l\u2019ATPCC et de la FIPRESCI, elle participe \u00e0 des jurys et initiatives internationales de critique. Depuis 2024, elle est \u00e9lectrice internationale aux Golden Globes. Facebook : https:\\\/\\\/www.facebook.com\\\/massir.destiniii\\\/ X : https:\\\/\\\/x.com\\\/MassirDestin\",\"sameAs\":[\"https:\\\/\\\/www.facebook.com\\\/massir.destiniii\\\/\",\"https:\\\/\\\/www.instagram.com\\\/neila.driss\\\/?hl=fr\",\"https:\\\/\\\/www.linkedin.com\\\/in\\\/neila-driss-22606a80\\\/\",\"https:\\\/\\\/x.com\\\/https:\\\/\\\/x.com\\\/MassirDestin\"],\"knowsAbout\":[\"Cin\u00e9ma international\",\"critique cin\u00e9matographique\",\"festivals de cin\u00e9ma\",\"journalisme culturel\"],\"knowsLanguage\":[\"Fran\u00e7ais\",\"Arabe\",\"Anglais\"],\"jobTitle\":\"Journaliste culturelle et critique de cin\u00e9ma\",\"worksFor\":\"Webdo\",\"url\":\"https:\\\/\\\/www.webdo.tn\\\/fr\\\/actualite\\\/author\\\/neila-driss\\\/\"}]}<\/script>\n<!-- \/ Yoast SEO Premium plugin. -->","yoast_head_json":{"title":"Festival du film d\u2019El Gouna \u2013 L\u2019insulte","description":"Festival du film d\u2019El Gouna \u2013 L\u2019insulte","canonical":"https:\/\/www.webdo.tn\/fr\/actualite\/culture\/festival-film-del-gouna-linsulte\/199681\/","og_locale":"fr_FR","og_type":"article","og_title":"Festival du film d\u2019El Gouna \u2013 L\u2019insulte","og_description":"Festival du film d\u2019El Gouna \u2013 L\u2019insulte","og_url":"https:\/\/www.webdo.tn\/fr\/actualite\/culture\/festival-film-del-gouna-linsulte\/199681\/","og_site_name":"webdo","article_publisher":"https:\/\/www.facebook.com\/webdotn","article_author":"https:\/\/www.facebook.com\/massir.destiniii\/","article_published_time":"2017-09-25T09:09:00+00:00","article_modified_time":"2025-05-19T00:33:30+00:00","og_image":[{"width":1000,"height":1000,"url":"https:\/\/www.webdo.tn\/fr\/wp-content\/uploads\/2017\/09\/the-insult-affiche.jpg","type":"image\/jpeg"}],"author":"Ne\u00efla DRISS","twitter_card":"summary_large_image","twitter_creator":"@https:\/\/x.com\/MassirDestin","twitter_site":"@webdo_tn","twitter_misc":{"\u00c9crit par":"Ne\u00efla DRISS","Dur\u00e9e de lecture estim\u00e9e":"8 minutes"},"schema":{"@context":"https:\/\/schema.org","@graph":[{"@type":"NewsArticle","@id":"https:\/\/www.webdo.tn\/fr\/actualite\/culture\/festival-film-del-gouna-linsulte\/199681\/#article","isPartOf":{"@id":"https:\/\/www.webdo.tn\/fr\/actualite\/culture\/festival-film-del-gouna-linsulte\/199681\/"},"author":{"name":"Ne\u00efla DRISS","@id":"https:\/\/www.webdo.tn\/fr\/#\/schema\/person\/60d5ba619ed3f58783b0dc82b7dada80"},"headline":"Festival du film d\u2019El Gouna \u2013 L\u2019insulte","datePublished":"2017-09-25T09:09:00+00:00","dateModified":"2025-05-19T00:33:30+00:00","mainEntityOfPage":{"@id":"https:\/\/www.webdo.tn\/fr\/actualite\/culture\/festival-film-del-gouna-linsulte\/199681\/"},"wordCount":1678,"commentCount":0,"publisher":{"@id":"https:\/\/www.webdo.tn\/fr\/#organization"},"image":{"@id":"https:\/\/www.webdo.tn\/fr\/actualite\/culture\/festival-film-del-gouna-linsulte\/199681\/#primaryimage"},"thumbnailUrl":"https:\/\/www.webdo.tn\/fr\/wp-content\/uploads\/2017\/09\/the-insult-affiche.jpg","keywords":["'El Gouna 2017']","Cin\u00e9ma","Cin\u00e9ma Libanais","Critique de film","El Gouna","Festival du Film d'El Gouna","Film"],"articleSection":["Culture"],"inLanguage":"fr-FR"},{"@type":"WebPage","@id":"https:\/\/www.webdo.tn\/fr\/actualite\/culture\/festival-film-del-gouna-linsulte\/199681\/","url":"https:\/\/www.webdo.tn\/fr\/actualite\/culture\/festival-film-del-gouna-linsulte\/199681\/","name":"Festival du film d\u2019El Gouna \u2013 L\u2019insulte","isPartOf":{"@id":"https:\/\/www.webdo.tn\/fr\/#website"},"primaryImageOfPage":{"@id":"https:\/\/www.webdo.tn\/fr\/actualite\/culture\/festival-film-del-gouna-linsulte\/199681\/#primaryimage"},"image":{"@id":"https:\/\/www.webdo.tn\/fr\/actualite\/culture\/festival-film-del-gouna-linsulte\/199681\/#primaryimage"},"thumbnailUrl":"https:\/\/www.webdo.tn\/fr\/wp-content\/uploads\/2017\/09\/the-insult-affiche.jpg","datePublished":"2017-09-25T09:09:00+00:00","dateModified":"2025-05-19T00:33:30+00:00","description":"Festival du film d\u2019El Gouna \u2013 L\u2019insulte","breadcrumb":{"@id":"https:\/\/www.webdo.tn\/fr\/actualite\/culture\/festival-film-del-gouna-linsulte\/199681\/#breadcrumb"},"inLanguage":"fr-FR","potentialAction":[{"@type":"ReadAction","target":["https:\/\/www.webdo.tn\/fr\/actualite\/culture\/festival-film-del-gouna-linsulte\/199681\/"]}]},{"@type":"ImageObject","inLanguage":"fr-FR","@id":"https:\/\/www.webdo.tn\/fr\/actualite\/culture\/festival-film-del-gouna-linsulte\/199681\/#primaryimage","url":"https:\/\/www.webdo.tn\/fr\/wp-content\/uploads\/2017\/09\/the-insult-affiche.jpg","contentUrl":"https:\/\/www.webdo.tn\/fr\/wp-content\/uploads\/2017\/09\/the-insult-affiche.jpg","width":1000,"height":1000,"caption":"Festival du film d\u2019El Gouna \u2013 L\u2019insulte"},{"@type":"BreadcrumbList","@id":"https:\/\/www.webdo.tn\/fr\/actualite\/culture\/festival-film-del-gouna-linsulte\/199681\/#breadcrumb","itemListElement":[{"@type":"ListItem","position":1,"name":"Accueil","item":"https:\/\/www.webdo.tn\/fr\/"},{"@type":"ListItem","position":2,"name":"Festival du film d\u2019El Gouna \u2013 L\u2019insulte"}]},{"@type":"WebSite","@id":"https:\/\/www.webdo.tn\/fr\/#website","url":"https:\/\/www.webdo.tn\/fr\/","name":"webdo","description":"Tunisie - News en Tunisie et \u00e0 l&#039;international sur Webdo.tn","publisher":{"@id":"https:\/\/www.webdo.tn\/fr\/#organization"},"potentialAction":[{"@type":"SearchAction","target":{"@type":"EntryPoint","urlTemplate":"https:\/\/www.webdo.tn\/fr\/?s={search_term_string}"},"query-input":{"@type":"PropertyValueSpecification","valueRequired":true,"valueName":"search_term_string"}}],"inLanguage":"fr-FR"},{"@type":"Organization","@id":"https:\/\/www.webdo.tn\/fr\/#organization","name":"Webdo","alternateName":"Webdo.tn","url":"https:\/\/www.webdo.tn\/fr\/","logo":{"@type":"ImageObject","inLanguage":"fr-FR","@id":"https:\/\/www.webdo.tn\/fr\/#\/schema\/logo\/image\/","url":"https:\/\/www.webdo.tn\/fr\/wp-content\/uploads\/2025\/06\/Webdo-Tunisie_168377.jpg","contentUrl":"https:\/\/www.webdo.tn\/fr\/wp-content\/uploads\/2025\/06\/Webdo-Tunisie_168377.jpg","width":301,"height":301,"caption":"Webdo"},"image":{"@id":"https:\/\/www.webdo.tn\/fr\/#\/schema\/logo\/image\/"},"sameAs":["https:\/\/www.facebook.com\/webdotn","https:\/\/x.com\/webdo_tn"],"description":"Webdo est un m\u00e9dia num\u00e9rique tunisien fond\u00e9 en 2010, sp\u00e9cialis\u00e9 dans l\u2019actualit\u00e9 nationale et internationale, l\u2019\u00e9conomie, la soci\u00e9t\u00e9 et les analyses politiques. Le site s\u2019adresse \u00e0 un large public francophone et couvre l\u2019information tunisienne en temps r\u00e9el.","email":"redac@webdo.tn","legalName":"YNJ SARL","foundingDate":"2010-09-06","numberOfEmployees":{"@type":"QuantitativeValue","minValue":"11","maxValue":"50"}},{"@type":"Person","@id":"https:\/\/www.webdo.tn\/fr\/#\/schema\/person\/60d5ba619ed3f58783b0dc82b7dada80","name":"Ne\u00efla DRISS","image":{"@type":"ImageObject","inLanguage":"fr-FR","@id":"https:\/\/www.webdo.tn\/fr\/wp-content\/uploads\/2026\/04\/neila-driss_avatar-96x96.jpg","url":"https:\/\/www.webdo.tn\/fr\/wp-content\/uploads\/2026\/04\/neila-driss_avatar-96x96.jpg","contentUrl":"https:\/\/www.webdo.tn\/fr\/wp-content\/uploads\/2026\/04\/neila-driss_avatar-96x96.jpg","caption":"Ne\u00efla DRISS"},"description":"Ne\u00efla Driss est juriste, journaliste culturelle et critique de cin\u00e9ma tunisienne. Titulaire d\u2019un DEA en droit priv\u00e9 de l\u2019Universit\u00e9 Paris II et d\u2019un DESS de l\u2019IHEC Carthage, elle d\u00e9bute sa carri\u00e8re comme juriste sp\u00e9cialis\u00e9e en gestion de patrimoine immobilier. Elle s\u2019oriente ensuite vers l\u2019\u00e9criture en ligne, o\u00f9 elle se distingue d\u00e8s 2006 aux Tunisia Blog Awards, avant de se consacrer au journalisme culturel, avec une sp\u00e9cialisation dans la critique cin\u00e9matographique. Elle couvre r\u00e9guli\u00e8rement les grands festivals internationaux, notamment le Festival de Cannes, les Journ\u00e9es Cin\u00e9matographiques de Carthage et le Festival du film du Caire. Membre de l\u2019ATPCC et de la FIPRESCI, elle participe \u00e0 des jurys et initiatives internationales de critique. Depuis 2024, elle est \u00e9lectrice internationale aux Golden Globes. Facebook : https:\/\/www.facebook.com\/massir.destiniii\/ X : https:\/\/x.com\/MassirDestin","sameAs":["https:\/\/www.facebook.com\/massir.destiniii\/","https:\/\/www.instagram.com\/neila.driss\/?hl=fr","https:\/\/www.linkedin.com\/in\/neila-driss-22606a80\/","https:\/\/x.com\/https:\/\/x.com\/MassirDestin"],"knowsAbout":["Cin\u00e9ma international","critique cin\u00e9matographique","festivals de cin\u00e9ma","journalisme culturel"],"knowsLanguage":["Fran\u00e7ais","Arabe","Anglais"],"jobTitle":"Journaliste culturelle et critique de cin\u00e9ma","worksFor":"Webdo","url":"https:\/\/www.webdo.tn\/fr\/actualite\/author\/neila-driss\/"}]}},"_links":{"self":[{"href":"https:\/\/www.webdo.tn\/fr\/wp-json\/wp\/v2\/posts\/199681","targetHints":{"allow":["GET"]}}],"collection":[{"href":"https:\/\/www.webdo.tn\/fr\/wp-json\/wp\/v2\/posts"}],"about":[{"href":"https:\/\/www.webdo.tn\/fr\/wp-json\/wp\/v2\/types\/post"}],"author":[{"embeddable":true,"href":"https:\/\/www.webdo.tn\/fr\/wp-json\/wp\/v2\/users\/3164"}],"replies":[{"embeddable":true,"href":"https:\/\/www.webdo.tn\/fr\/wp-json\/wp\/v2\/comments?post=199681"}],"version-history":[{"count":0,"href":"https:\/\/www.webdo.tn\/fr\/wp-json\/wp\/v2\/posts\/199681\/revisions"}],"wp:featuredmedia":[{"embeddable":true,"href":"https:\/\/www.webdo.tn\/fr\/wp-json\/wp\/v2\/media\/308365"}],"wp:attachment":[{"href":"https:\/\/www.webdo.tn\/fr\/wp-json\/wp\/v2\/media?parent=199681"}],"wp:term":[{"taxonomy":"category","embeddable":true,"href":"https:\/\/www.webdo.tn\/fr\/wp-json\/wp\/v2\/categories?post=199681"},{"taxonomy":"post_tag","embeddable":true,"href":"https:\/\/www.webdo.tn\/fr\/wp-json\/wp\/v2\/tags?post=199681"}],"curies":[{"name":"wp","href":"https:\/\/api.w.org\/{rel}","templated":true}]}}