{"id":199676,"date":"2017-10-08T13:29:00","date_gmt":"2017-10-08T13:29:00","guid":{"rendered":"https:\/\/www.webdo.tn\/fr\/blog\/soyons-dignes-disons-non-aux-abus\/199676\/"},"modified":"2025-05-19T00:31:00","modified_gmt":"2025-05-19T00:31:00","slug":"soyons-dignes-disons-non-aux-abus","status":"publish","type":"post","link":"https:\/\/www.webdo.tn\/fr\/actualite\/culture\/soyons-dignes-disons-non-aux-abus\/199676\/","title":{"rendered":"Soyons dignes et disons NON aux abus !"},"content":{"rendered":"<div class=\"single-body entry-content typography-copy\" itemprop=\"articleBody\">\n<p style=\"font-weight: bold; text-align: justify\">\n<div class=\"coprs\" style=\"text-align: center\"><\/div>\n<div class=\"coprs\" style=\"text-align: justify\">\n<p>Il y a 5 ans, Mariem qui se trouvait dans une voiture, le soir, avec son fianc\u00e9e, avait \u00e9t\u00e9 viol\u00e9e par deux policiers.<\/p>\n<p>Ensuite, lorsqu&rsquo;elle avait eu le culot de porter plainte, on l&rsquo;avait accus\u00e9e de tous les maux. Certains lui avaient reproch\u00e9 sa tenue, d&rsquo;autres d\u2019\u00eatre seule dans une voiture avec un homme, d\u2019autres d&rsquo;\u00eatre carr\u00e9ment dehors le soir alors que les filles de bonnes familles doivent rester chez elles, d&rsquo;autres que de toute fa\u00e7on elle n&rsquo;\u00e9tait pas vierge et que&#8230; etc&#8230; etc&#8230;<\/p>\n<p>C&rsquo;est\u00a0 vrai, mais\u00a0 que\u00a0 faisait\u00a0 donc\u00a0 cette sale pute dehors, la nuit, en compagnie d&rsquo;un homme avec lequel elle avait surement du d\u00e9j\u00e0 coucher?!!!<\/p>\n<p>Non, mais!!!<\/p>\n<p>Et elle avait eu le culot de porter plainte et d&rsquo;atteindre \u00e0 l&rsquo;honneur de ces gentils policiers qui passent leur temps \u00e0 veiller \u00e0 notre s\u00e9curit\u00e9!!!<\/p>\n<p>Pareil aujourd\u2019hui, des voix s\u2019\u00e9l\u00e8vent contre le jeune Nessim. Cet homme qui se prend pour un fran\u00e7ais et qui oubli qu&rsquo;il n&rsquo;est qu&rsquo;un sale arabe, a os\u00e9 demander aux policiers qui l&rsquo;ont emmen\u00e9 au poste de police, leurs noms et matricules pour porter plainte contre eux!!!<\/p>\n<p>Mais c&rsquo;est vrai, pour qui se prend-il ce petit bougnoule, ce terroriste en puissance, cet arrogant qui se croit sup\u00e9rieur aux autres parce que d\u00e9tenteur d&rsquo;un passeport fran\u00e7ais, pour vouloir porter plainte contre nos gentils policiers?<\/p>\n<p>Non, mais!!!<\/p>\n<p>Seulement voil\u00e0, ce que ces gens qui font des reproches ne comprennent pas, c&rsquo;est qu&rsquo;il existe des personnes DIGNES qui refusent qu&rsquo;on leur marche sur les pieds. Ces personnes dignes n\u2019acceptent pas l&rsquo;injustice. Ces personnes dignes r\u00eavent peut-\u00eatre, mais elles croient en la justice et en un Etat de droit. Ces personnes veulent qu\u2019on les respecte.<\/p>\n<p>Mariem s&rsquo;est battue. Cela a pris le temps qu&rsquo;il faut, mais ses violeurs croupissent aujourd&rsquo;hui en prison. La justice a triomph\u00e9. Cette femme a tenu t\u00eate \u00e0 la police et a gagn\u00e9.<\/p>\n<p>Pareil j&rsquo;esp\u00e8re pour Nessim et son amie. Oui, ils ont \u00e9t\u00e9 injustement trait\u00e9s. Oui, certains aujourd\u2019hui sont contre eux et leur font plein de reproches. Mais Nessim est une personne DIGNE qui tient \u00e0 se faire respecter et \u00e0 faire respecter ses droits.<\/p>\n<p>Nessim s&rsquo;estimant injustement emmen\u00e9 dans un poste de police, a voulu exercer son droit et porter plainte. Il s&rsquo;est retrouv\u00e9 pi\u00e9g\u00e9. On lui a coll\u00e9 un proc\u00e8s. Aucun de ses droits n&rsquo;a \u00e9t\u00e9 respect\u00e9. Il n&rsquo;a pas pu avoir d\u2019avocat, il n&rsquo;a pas pu appeler son ambassade, il n&rsquo;a pas pu appeler sa famille, il n&rsquo;a pas eu droit \u00e0 un traducteur. Mais demain, il finira par gagner. Demain, encore une fois la justice triomphera.<\/p>\n<p>En revanche, ceux qui lui reprochent d&rsquo;avoir voulu exercer son droit sont les perdants. Ils sont perdants parce que, eux, ne comprennent pas la dignit\u00e9. Ils sont perdants parce que, eux, sont pr\u00eats \u00e0 courber l&rsquo;\u00e9chine. Ils baissent la t\u00eate et acceptent l&rsquo;injustice. A long terme, ils ne peuvent qu&rsquo;\u00eatre perdants!<\/p>\n<p>\u00a0<\/p>\n<p><img decoding=\"async\" alt=\"La Belle et la Meute - Le policier qui abuse de son pouvoir et menace la jeune femme et le policier qui l'aide\" height=\"394\" src=\"http:\/\/www.webdo.tn\/wp-content\/uploads\/2017\/10\/Belle-07-1024x576.jpg\" width=\"700\"><br \/>\n<em>La Belle et la Meute &#8211; Mariem avec le policier qui abuse de son pouvoir et la menace et le policier qui l&rsquo;aide<\/em><\/p>\n<p>\u00a0<\/p>\n<p>Notre police, sera gagnante, si \u00e0 chaque abus, on lui dit NON. La police a pour r\u00f4le de nous prot\u00e9ger en se conformant \u00e0 la loi. Il est \u00e9vident que la majorit\u00e9 de nos policiers exercent leur travail correctement, mais parfois certains \u00e9l\u00e9ments ne le font pas, et par leurs agissements, ils salissent la r\u00e9putation de la police. Ces policiers doivent \u00eatre rappel\u00e9s \u00e0 l&rsquo;ordre et sanctionn\u00e9s en cas de besoin. Ce n&rsquo;est que de cette mani\u00e8re que nous aurons la police r\u00e9publicaine \u00e0 laquelle nous aspirons tous.<\/p>\n<p>Le film <a href=\"http:\/\/www.webdo.tn\/2017\/05\/20\/festival-de-cannes-belle-meute\/\"><em>La Belle et la Meute<\/em><\/a>, inspir\u00e9 de l&rsquo;histoire de Mariem, qui sera <a href=\"http:\/\/www.webdo.tn\/2017\/10\/03\/jcc-2017-films-tunisiens-competitions-officielles\/\">en comp\u00e9tition lors des JCC 2017<\/a> et qui sort <a href=\"http:\/\/www.webdo.tn\/2017\/07\/13\/date-de-sortie-tunisienne-film-belle-meute-enfin-devoilee\/\">sur nos \u00e9crans le 12 novembre<\/a> prochain, montre non seulement qu&rsquo;il faut toujours se battre pour ses droits, mais aussi que parmi notre police, il y a des bons et des mauvais. Si certains ont voulu mettre la pression sur Mariem et la dissuader d\u2019exercer son droit et porter plainte, d&rsquo;autres l&rsquo;ont au contraire aid\u00e9e. Et c&rsquo;est ce qu&rsquo;il faut retenir.<\/p>\n<p>D&rsquo;ailleurs le fait m\u00eame que l&rsquo;Etat tunisien ait subventionn\u00e9 ce film le prouve. Dire NON aux policiers qui abusent de leurs pouvoirs n&rsquo;est pas condamnable et n&rsquo;est pr\u00e9judiciable ni au corps de la police ni \u00e0 notre pays. Au contraire.<\/p>\n<p>Alors soyons tous dignes et aidons Mariem, aidons Nessim, aidons son amie, aidons-nous nous-m\u00eame et aidons nos policiers honn\u00eates et comp\u00e9tents \u00e0 dire NON \u00e0 tout abus et \u00e0 toute injustice.<\/p>\n<p><strong>Ne\u00efla Driss<\/strong><\/p>\n<\/p><\/div>\n<div class=\"coprs\" style=\"text-align: center\"><\/div><\/div>\n","protected":false},"excerpt":{"rendered":"<p>Soyons dignes et disons NON aux abus !<\/p>\n","protected":false},"author":3164,"featured_media":308231,"comment_status":"open","ping_status":"closed","sticky":false,"template":"","format":"standard","meta":{"footnotes":""},"categories":[2594],"tags":[8695,2619,6945],"class_list":["post-199676","post","type-post","status-publish","format-standard","has-post-thumbnail","hentry","category-culture","tag-droits-des-femmes","tag-justice","tag-societe"],"yoast_head":"<!-- This site is optimized with the Yoast SEO Premium plugin v27.5 (Yoast SEO v27.5) - https:\/\/yoast.com\/product\/yoast-seo-premium-wordpress\/ -->\n<title>Soyons dignes et disons NON aux abus !<\/title>\n<meta name=\"description\" content=\"Soyons dignes et disons NON aux abus !\" \/>\n<link rel=\"canonical\" href=\"https:\/\/www.webdo.tn\/fr\/actualite\/culture\/soyons-dignes-disons-non-aux-abus\/199676\/\" \/>\n<meta property=\"og:locale\" content=\"fr_FR\" \/>\n<meta property=\"og:type\" content=\"article\" \/>\n<meta property=\"og:title\" content=\"Soyons dignes et disons NON aux abus !\" \/>\n<meta property=\"og:description\" content=\"Soyons dignes et disons NON aux abus !\" \/>\n<meta property=\"og:url\" content=\"https:\/\/www.webdo.tn\/fr\/actualite\/culture\/soyons-dignes-disons-non-aux-abus\/199676\/\" \/>\n<meta property=\"og:site_name\" content=\"webdo\" \/>\n<meta property=\"article:publisher\" content=\"https:\/\/www.facebook.com\/webdotn\" \/>\n<meta property=\"article:author\" content=\"https:\/\/www.facebook.com\/massir.destiniii\/\" \/>\n<meta property=\"article:published_time\" content=\"2017-10-08T13:29:00+00:00\" \/>\n<meta property=\"article:modified_time\" content=\"2025-05-19T00:31:00+00:00\" \/>\n<meta property=\"og:image\" content=\"https:\/\/www.webdo.tn\/fr\/wp-content\/uploads\/2017\/10\/viol.jpg\" \/>\n\t<meta property=\"og:image:width\" content=\"365\" \/>\n\t<meta property=\"og:image:height\" content=\"457\" \/>\n\t<meta property=\"og:image:type\" content=\"image\/jpeg\" \/>\n<meta name=\"author\" content=\"Ne\u00efla DRISS\" \/>\n<meta name=\"twitter:card\" content=\"summary_large_image\" \/>\n<meta name=\"twitter:creator\" content=\"@https:\/\/x.com\/MassirDestin\" \/>\n<meta name=\"twitter:site\" content=\"@webdo_tn\" \/>\n<meta name=\"twitter:label1\" content=\"\u00c9crit par\" \/>\n\t<meta name=\"twitter:data1\" content=\"Ne\u00efla DRISS\" \/>\n\t<meta name=\"twitter:label2\" content=\"Dur\u00e9e de lecture estim\u00e9e\" \/>\n\t<meta name=\"twitter:data2\" content=\"4 minutes\" \/>\n<script type=\"application\/ld+json\" class=\"yoast-schema-graph\">{\"@context\":\"https:\\\/\\\/schema.org\",\"@graph\":[{\"@type\":\"NewsArticle\",\"@id\":\"https:\\\/\\\/www.webdo.tn\\\/fr\\\/actualite\\\/culture\\\/soyons-dignes-disons-non-aux-abus\\\/199676\\\/#article\",\"isPartOf\":{\"@id\":\"https:\\\/\\\/www.webdo.tn\\\/fr\\\/actualite\\\/culture\\\/soyons-dignes-disons-non-aux-abus\\\/199676\\\/\"},\"author\":{\"name\":\"Ne\u00efla DRISS\",\"@id\":\"https:\\\/\\\/www.webdo.tn\\\/fr\\\/#\\\/schema\\\/person\\\/60d5ba619ed3f58783b0dc82b7dada80\"},\"headline\":\"Soyons dignes et disons NON aux abus !\",\"datePublished\":\"2017-10-08T13:29:00+00:00\",\"dateModified\":\"2025-05-19T00:31:00+00:00\",\"mainEntityOfPage\":{\"@id\":\"https:\\\/\\\/www.webdo.tn\\\/fr\\\/actualite\\\/culture\\\/soyons-dignes-disons-non-aux-abus\\\/199676\\\/\"},\"wordCount\":827,\"commentCount\":0,\"publisher\":{\"@id\":\"https:\\\/\\\/www.webdo.tn\\\/fr\\\/#organization\"},\"image\":{\"@id\":\"https:\\\/\\\/www.webdo.tn\\\/fr\\\/actualite\\\/culture\\\/soyons-dignes-disons-non-aux-abus\\\/199676\\\/#primaryimage\"},\"thumbnailUrl\":\"https:\\\/\\\/www.webdo.tn\\\/fr\\\/wp-content\\\/uploads\\\/2017\\\/10\\\/viol.jpg\",\"keywords\":[\"Droits des femmes\",\"justice\",\"Soci\u00e9t\u00e9\"],\"articleSection\":[\"Culture\"],\"inLanguage\":\"fr-FR\"},{\"@type\":\"WebPage\",\"@id\":\"https:\\\/\\\/www.webdo.tn\\\/fr\\\/actualite\\\/culture\\\/soyons-dignes-disons-non-aux-abus\\\/199676\\\/\",\"url\":\"https:\\\/\\\/www.webdo.tn\\\/fr\\\/actualite\\\/culture\\\/soyons-dignes-disons-non-aux-abus\\\/199676\\\/\",\"name\":\"Soyons dignes et disons NON aux abus !\",\"isPartOf\":{\"@id\":\"https:\\\/\\\/www.webdo.tn\\\/fr\\\/#website\"},\"primaryImageOfPage\":{\"@id\":\"https:\\\/\\\/www.webdo.tn\\\/fr\\\/actualite\\\/culture\\\/soyons-dignes-disons-non-aux-abus\\\/199676\\\/#primaryimage\"},\"image\":{\"@id\":\"https:\\\/\\\/www.webdo.tn\\\/fr\\\/actualite\\\/culture\\\/soyons-dignes-disons-non-aux-abus\\\/199676\\\/#primaryimage\"},\"thumbnailUrl\":\"https:\\\/\\\/www.webdo.tn\\\/fr\\\/wp-content\\\/uploads\\\/2017\\\/10\\\/viol.jpg\",\"datePublished\":\"2017-10-08T13:29:00+00:00\",\"dateModified\":\"2025-05-19T00:31:00+00:00\",\"description\":\"Soyons dignes et disons NON aux abus !\",\"breadcrumb\":{\"@id\":\"https:\\\/\\\/www.webdo.tn\\\/fr\\\/actualite\\\/culture\\\/soyons-dignes-disons-non-aux-abus\\\/199676\\\/#breadcrumb\"},\"inLanguage\":\"fr-FR\",\"potentialAction\":[{\"@type\":\"ReadAction\",\"target\":[\"https:\\\/\\\/www.webdo.tn\\\/fr\\\/actualite\\\/culture\\\/soyons-dignes-disons-non-aux-abus\\\/199676\\\/\"]}]},{\"@type\":\"ImageObject\",\"inLanguage\":\"fr-FR\",\"@id\":\"https:\\\/\\\/www.webdo.tn\\\/fr\\\/actualite\\\/culture\\\/soyons-dignes-disons-non-aux-abus\\\/199676\\\/#primaryimage\",\"url\":\"https:\\\/\\\/www.webdo.tn\\\/fr\\\/wp-content\\\/uploads\\\/2017\\\/10\\\/viol.jpg\",\"contentUrl\":\"https:\\\/\\\/www.webdo.tn\\\/fr\\\/wp-content\\\/uploads\\\/2017\\\/10\\\/viol.jpg\",\"width\":365,\"height\":457,\"caption\":\"Soyons dignes et disons NON aux abus !\"},{\"@type\":\"BreadcrumbList\",\"@id\":\"https:\\\/\\\/www.webdo.tn\\\/fr\\\/actualite\\\/culture\\\/soyons-dignes-disons-non-aux-abus\\\/199676\\\/#breadcrumb\",\"itemListElement\":[{\"@type\":\"ListItem\",\"position\":1,\"name\":\"Accueil\",\"item\":\"https:\\\/\\\/www.webdo.tn\\\/fr\\\/\"},{\"@type\":\"ListItem\",\"position\":2,\"name\":\"Soyons dignes et disons NON aux abus !\"}]},{\"@type\":\"WebSite\",\"@id\":\"https:\\\/\\\/www.webdo.tn\\\/fr\\\/#website\",\"url\":\"https:\\\/\\\/www.webdo.tn\\\/fr\\\/\",\"name\":\"webdo\",\"description\":\"Tunisie - News en Tunisie et \u00e0 l&#039;international sur Webdo.tn\",\"publisher\":{\"@id\":\"https:\\\/\\\/www.webdo.tn\\\/fr\\\/#organization\"},\"potentialAction\":[{\"@type\":\"SearchAction\",\"target\":{\"@type\":\"EntryPoint\",\"urlTemplate\":\"https:\\\/\\\/www.webdo.tn\\\/fr\\\/?s={search_term_string}\"},\"query-input\":{\"@type\":\"PropertyValueSpecification\",\"valueRequired\":true,\"valueName\":\"search_term_string\"}}],\"inLanguage\":\"fr-FR\"},{\"@type\":\"Organization\",\"@id\":\"https:\\\/\\\/www.webdo.tn\\\/fr\\\/#organization\",\"name\":\"Webdo\",\"alternateName\":\"Webdo.tn\",\"url\":\"https:\\\/\\\/www.webdo.tn\\\/fr\\\/\",\"logo\":{\"@type\":\"ImageObject\",\"inLanguage\":\"fr-FR\",\"@id\":\"https:\\\/\\\/www.webdo.tn\\\/fr\\\/#\\\/schema\\\/logo\\\/image\\\/\",\"url\":\"https:\\\/\\\/www.webdo.tn\\\/fr\\\/wp-content\\\/uploads\\\/2025\\\/06\\\/Webdo-Tunisie_168377.jpg\",\"contentUrl\":\"https:\\\/\\\/www.webdo.tn\\\/fr\\\/wp-content\\\/uploads\\\/2025\\\/06\\\/Webdo-Tunisie_168377.jpg\",\"width\":301,\"height\":301,\"caption\":\"Webdo\"},\"image\":{\"@id\":\"https:\\\/\\\/www.webdo.tn\\\/fr\\\/#\\\/schema\\\/logo\\\/image\\\/\"},\"sameAs\":[\"https:\\\/\\\/www.facebook.com\\\/webdotn\",\"https:\\\/\\\/x.com\\\/webdo_tn\"],\"description\":\"Webdo est un m\u00e9dia num\u00e9rique tunisien fond\u00e9 en 2010, sp\u00e9cialis\u00e9 dans l\u2019actualit\u00e9 nationale et internationale, l\u2019\u00e9conomie, la soci\u00e9t\u00e9 et les analyses politiques. Le site s\u2019adresse \u00e0 un large public francophone et couvre l\u2019information tunisienne en temps r\u00e9el.\",\"email\":\"redac@webdo.tn\",\"legalName\":\"YNJ SARL\",\"foundingDate\":\"2010-09-06\",\"numberOfEmployees\":{\"@type\":\"QuantitativeValue\",\"minValue\":\"11\",\"maxValue\":\"50\"}},{\"@type\":\"Person\",\"@id\":\"https:\\\/\\\/www.webdo.tn\\\/fr\\\/#\\\/schema\\\/person\\\/60d5ba619ed3f58783b0dc82b7dada80\",\"name\":\"Ne\u00efla DRISS\",\"image\":{\"@type\":\"ImageObject\",\"inLanguage\":\"fr-FR\",\"@id\":\"https:\\\/\\\/www.webdo.tn\\\/fr\\\/wp-content\\\/uploads\\\/2026\\\/04\\\/neila-driss_avatar-96x96.jpg\",\"url\":\"https:\\\/\\\/www.webdo.tn\\\/fr\\\/wp-content\\\/uploads\\\/2026\\\/04\\\/neila-driss_avatar-96x96.jpg\",\"contentUrl\":\"https:\\\/\\\/www.webdo.tn\\\/fr\\\/wp-content\\\/uploads\\\/2026\\\/04\\\/neila-driss_avatar-96x96.jpg\",\"caption\":\"Ne\u00efla DRISS\"},\"description\":\"Ne\u00efla Driss est juriste, journaliste culturelle et critique de cin\u00e9ma tunisienne. Titulaire d\u2019un DEA en droit priv\u00e9 de l\u2019Universit\u00e9 Paris II et d\u2019un DESS de l\u2019IHEC Carthage, elle d\u00e9bute sa carri\u00e8re comme juriste sp\u00e9cialis\u00e9e en gestion de patrimoine immobilier. Elle s\u2019oriente ensuite vers l\u2019\u00e9criture en ligne, o\u00f9 elle se distingue d\u00e8s 2006 aux Tunisia Blog Awards, avant de se consacrer au journalisme culturel, avec une sp\u00e9cialisation dans la critique cin\u00e9matographique. Elle couvre r\u00e9guli\u00e8rement les grands festivals internationaux, notamment le Festival de Cannes, les Journ\u00e9es Cin\u00e9matographiques de Carthage et le Festival du film du Caire. Membre de l\u2019ATPCC et de la FIPRESCI, elle participe \u00e0 des jurys et initiatives internationales de critique. Depuis 2024, elle est \u00e9lectrice internationale aux Golden Globes. Facebook : https:\\\/\\\/www.facebook.com\\\/massir.destiniii\\\/ X : https:\\\/\\\/x.com\\\/MassirDestin\",\"sameAs\":[\"https:\\\/\\\/www.facebook.com\\\/massir.destiniii\\\/\",\"https:\\\/\\\/www.instagram.com\\\/neila.driss\\\/?hl=fr\",\"https:\\\/\\\/www.linkedin.com\\\/in\\\/neila-driss-22606a80\\\/\",\"https:\\\/\\\/x.com\\\/https:\\\/\\\/x.com\\\/MassirDestin\"],\"knowsAbout\":[\"Cin\u00e9ma international\",\"critique cin\u00e9matographique\",\"festivals de cin\u00e9ma\",\"journalisme culturel\"],\"knowsLanguage\":[\"Fran\u00e7ais\",\"Arabe\",\"Anglais\"],\"jobTitle\":\"Journaliste culturelle et critique de cin\u00e9ma\",\"worksFor\":\"Webdo\",\"url\":\"https:\\\/\\\/www.webdo.tn\\\/fr\\\/actualite\\\/author\\\/neila-driss\\\/\"}]}<\/script>\n<!-- \/ Yoast SEO Premium plugin. -->","yoast_head_json":{"title":"Soyons dignes et disons NON aux abus !","description":"Soyons dignes et disons NON aux abus !","canonical":"https:\/\/www.webdo.tn\/fr\/actualite\/culture\/soyons-dignes-disons-non-aux-abus\/199676\/","og_locale":"fr_FR","og_type":"article","og_title":"Soyons dignes et disons NON aux abus !","og_description":"Soyons dignes et disons NON aux abus !","og_url":"https:\/\/www.webdo.tn\/fr\/actualite\/culture\/soyons-dignes-disons-non-aux-abus\/199676\/","og_site_name":"webdo","article_publisher":"https:\/\/www.facebook.com\/webdotn","article_author":"https:\/\/www.facebook.com\/massir.destiniii\/","article_published_time":"2017-10-08T13:29:00+00:00","article_modified_time":"2025-05-19T00:31:00+00:00","og_image":[{"width":365,"height":457,"url":"https:\/\/www.webdo.tn\/fr\/wp-content\/uploads\/2017\/10\/viol.jpg","type":"image\/jpeg"}],"author":"Ne\u00efla DRISS","twitter_card":"summary_large_image","twitter_creator":"@https:\/\/x.com\/MassirDestin","twitter_site":"@webdo_tn","twitter_misc":{"\u00c9crit par":"Ne\u00efla DRISS","Dur\u00e9e de lecture estim\u00e9e":"4 minutes"},"schema":{"@context":"https:\/\/schema.org","@graph":[{"@type":"NewsArticle","@id":"https:\/\/www.webdo.tn\/fr\/actualite\/culture\/soyons-dignes-disons-non-aux-abus\/199676\/#article","isPartOf":{"@id":"https:\/\/www.webdo.tn\/fr\/actualite\/culture\/soyons-dignes-disons-non-aux-abus\/199676\/"},"author":{"name":"Ne\u00efla DRISS","@id":"https:\/\/www.webdo.tn\/fr\/#\/schema\/person\/60d5ba619ed3f58783b0dc82b7dada80"},"headline":"Soyons dignes et disons NON aux abus !","datePublished":"2017-10-08T13:29:00+00:00","dateModified":"2025-05-19T00:31:00+00:00","mainEntityOfPage":{"@id":"https:\/\/www.webdo.tn\/fr\/actualite\/culture\/soyons-dignes-disons-non-aux-abus\/199676\/"},"wordCount":827,"commentCount":0,"publisher":{"@id":"https:\/\/www.webdo.tn\/fr\/#organization"},"image":{"@id":"https:\/\/www.webdo.tn\/fr\/actualite\/culture\/soyons-dignes-disons-non-aux-abus\/199676\/#primaryimage"},"thumbnailUrl":"https:\/\/www.webdo.tn\/fr\/wp-content\/uploads\/2017\/10\/viol.jpg","keywords":["Droits des femmes","justice","Soci\u00e9t\u00e9"],"articleSection":["Culture"],"inLanguage":"fr-FR"},{"@type":"WebPage","@id":"https:\/\/www.webdo.tn\/fr\/actualite\/culture\/soyons-dignes-disons-non-aux-abus\/199676\/","url":"https:\/\/www.webdo.tn\/fr\/actualite\/culture\/soyons-dignes-disons-non-aux-abus\/199676\/","name":"Soyons dignes et disons NON aux abus !","isPartOf":{"@id":"https:\/\/www.webdo.tn\/fr\/#website"},"primaryImageOfPage":{"@id":"https:\/\/www.webdo.tn\/fr\/actualite\/culture\/soyons-dignes-disons-non-aux-abus\/199676\/#primaryimage"},"image":{"@id":"https:\/\/www.webdo.tn\/fr\/actualite\/culture\/soyons-dignes-disons-non-aux-abus\/199676\/#primaryimage"},"thumbnailUrl":"https:\/\/www.webdo.tn\/fr\/wp-content\/uploads\/2017\/10\/viol.jpg","datePublished":"2017-10-08T13:29:00+00:00","dateModified":"2025-05-19T00:31:00+00:00","description":"Soyons dignes et disons NON aux abus !","breadcrumb":{"@id":"https:\/\/www.webdo.tn\/fr\/actualite\/culture\/soyons-dignes-disons-non-aux-abus\/199676\/#breadcrumb"},"inLanguage":"fr-FR","potentialAction":[{"@type":"ReadAction","target":["https:\/\/www.webdo.tn\/fr\/actualite\/culture\/soyons-dignes-disons-non-aux-abus\/199676\/"]}]},{"@type":"ImageObject","inLanguage":"fr-FR","@id":"https:\/\/www.webdo.tn\/fr\/actualite\/culture\/soyons-dignes-disons-non-aux-abus\/199676\/#primaryimage","url":"https:\/\/www.webdo.tn\/fr\/wp-content\/uploads\/2017\/10\/viol.jpg","contentUrl":"https:\/\/www.webdo.tn\/fr\/wp-content\/uploads\/2017\/10\/viol.jpg","width":365,"height":457,"caption":"Soyons dignes et disons NON aux abus !"},{"@type":"BreadcrumbList","@id":"https:\/\/www.webdo.tn\/fr\/actualite\/culture\/soyons-dignes-disons-non-aux-abus\/199676\/#breadcrumb","itemListElement":[{"@type":"ListItem","position":1,"name":"Accueil","item":"https:\/\/www.webdo.tn\/fr\/"},{"@type":"ListItem","position":2,"name":"Soyons dignes et disons NON aux abus !"}]},{"@type":"WebSite","@id":"https:\/\/www.webdo.tn\/fr\/#website","url":"https:\/\/www.webdo.tn\/fr\/","name":"webdo","description":"Tunisie - News en Tunisie et \u00e0 l&#039;international sur Webdo.tn","publisher":{"@id":"https:\/\/www.webdo.tn\/fr\/#organization"},"potentialAction":[{"@type":"SearchAction","target":{"@type":"EntryPoint","urlTemplate":"https:\/\/www.webdo.tn\/fr\/?s={search_term_string}"},"query-input":{"@type":"PropertyValueSpecification","valueRequired":true,"valueName":"search_term_string"}}],"inLanguage":"fr-FR"},{"@type":"Organization","@id":"https:\/\/www.webdo.tn\/fr\/#organization","name":"Webdo","alternateName":"Webdo.tn","url":"https:\/\/www.webdo.tn\/fr\/","logo":{"@type":"ImageObject","inLanguage":"fr-FR","@id":"https:\/\/www.webdo.tn\/fr\/#\/schema\/logo\/image\/","url":"https:\/\/www.webdo.tn\/fr\/wp-content\/uploads\/2025\/06\/Webdo-Tunisie_168377.jpg","contentUrl":"https:\/\/www.webdo.tn\/fr\/wp-content\/uploads\/2025\/06\/Webdo-Tunisie_168377.jpg","width":301,"height":301,"caption":"Webdo"},"image":{"@id":"https:\/\/www.webdo.tn\/fr\/#\/schema\/logo\/image\/"},"sameAs":["https:\/\/www.facebook.com\/webdotn","https:\/\/x.com\/webdo_tn"],"description":"Webdo est un m\u00e9dia num\u00e9rique tunisien fond\u00e9 en 2010, sp\u00e9cialis\u00e9 dans l\u2019actualit\u00e9 nationale et internationale, l\u2019\u00e9conomie, la soci\u00e9t\u00e9 et les analyses politiques. Le site s\u2019adresse \u00e0 un large public francophone et couvre l\u2019information tunisienne en temps r\u00e9el.","email":"redac@webdo.tn","legalName":"YNJ SARL","foundingDate":"2010-09-06","numberOfEmployees":{"@type":"QuantitativeValue","minValue":"11","maxValue":"50"}},{"@type":"Person","@id":"https:\/\/www.webdo.tn\/fr\/#\/schema\/person\/60d5ba619ed3f58783b0dc82b7dada80","name":"Ne\u00efla DRISS","image":{"@type":"ImageObject","inLanguage":"fr-FR","@id":"https:\/\/www.webdo.tn\/fr\/wp-content\/uploads\/2026\/04\/neila-driss_avatar-96x96.jpg","url":"https:\/\/www.webdo.tn\/fr\/wp-content\/uploads\/2026\/04\/neila-driss_avatar-96x96.jpg","contentUrl":"https:\/\/www.webdo.tn\/fr\/wp-content\/uploads\/2026\/04\/neila-driss_avatar-96x96.jpg","caption":"Ne\u00efla DRISS"},"description":"Ne\u00efla Driss est juriste, journaliste culturelle et critique de cin\u00e9ma tunisienne. Titulaire d\u2019un DEA en droit priv\u00e9 de l\u2019Universit\u00e9 Paris II et d\u2019un DESS de l\u2019IHEC Carthage, elle d\u00e9bute sa carri\u00e8re comme juriste sp\u00e9cialis\u00e9e en gestion de patrimoine immobilier. Elle s\u2019oriente ensuite vers l\u2019\u00e9criture en ligne, o\u00f9 elle se distingue d\u00e8s 2006 aux Tunisia Blog Awards, avant de se consacrer au journalisme culturel, avec une sp\u00e9cialisation dans la critique cin\u00e9matographique. Elle couvre r\u00e9guli\u00e8rement les grands festivals internationaux, notamment le Festival de Cannes, les Journ\u00e9es Cin\u00e9matographiques de Carthage et le Festival du film du Caire. Membre de l\u2019ATPCC et de la FIPRESCI, elle participe \u00e0 des jurys et initiatives internationales de critique. Depuis 2024, elle est \u00e9lectrice internationale aux Golden Globes. Facebook : https:\/\/www.facebook.com\/massir.destiniii\/ X : https:\/\/x.com\/MassirDestin","sameAs":["https:\/\/www.facebook.com\/massir.destiniii\/","https:\/\/www.instagram.com\/neila.driss\/?hl=fr","https:\/\/www.linkedin.com\/in\/neila-driss-22606a80\/","https:\/\/x.com\/https:\/\/x.com\/MassirDestin"],"knowsAbout":["Cin\u00e9ma international","critique cin\u00e9matographique","festivals de cin\u00e9ma","journalisme culturel"],"knowsLanguage":["Fran\u00e7ais","Arabe","Anglais"],"jobTitle":"Journaliste culturelle et critique de cin\u00e9ma","worksFor":"Webdo","url":"https:\/\/www.webdo.tn\/fr\/actualite\/author\/neila-driss\/"}]}},"_links":{"self":[{"href":"https:\/\/www.webdo.tn\/fr\/wp-json\/wp\/v2\/posts\/199676","targetHints":{"allow":["GET"]}}],"collection":[{"href":"https:\/\/www.webdo.tn\/fr\/wp-json\/wp\/v2\/posts"}],"about":[{"href":"https:\/\/www.webdo.tn\/fr\/wp-json\/wp\/v2\/types\/post"}],"author":[{"embeddable":true,"href":"https:\/\/www.webdo.tn\/fr\/wp-json\/wp\/v2\/users\/3164"}],"replies":[{"embeddable":true,"href":"https:\/\/www.webdo.tn\/fr\/wp-json\/wp\/v2\/comments?post=199676"}],"version-history":[{"count":0,"href":"https:\/\/www.webdo.tn\/fr\/wp-json\/wp\/v2\/posts\/199676\/revisions"}],"wp:featuredmedia":[{"embeddable":true,"href":"https:\/\/www.webdo.tn\/fr\/wp-json\/wp\/v2\/media\/308231"}],"wp:attachment":[{"href":"https:\/\/www.webdo.tn\/fr\/wp-json\/wp\/v2\/media?parent=199676"}],"wp:term":[{"taxonomy":"category","embeddable":true,"href":"https:\/\/www.webdo.tn\/fr\/wp-json\/wp\/v2\/categories?post=199676"},{"taxonomy":"post_tag","embeddable":true,"href":"https:\/\/www.webdo.tn\/fr\/wp-json\/wp\/v2\/tags?post=199676"}],"curies":[{"name":"wp","href":"https:\/\/api.w.org\/{rel}","templated":true}]}}