{"id":199658,"date":"2017-05-20T09:25:00","date_gmt":"2017-05-20T09:25:00","guid":{"rendered":"https:\/\/www.webdo.tn\/fr\/blog\/festival-de-cannes-certain-regard\/199658\/"},"modified":"2017-05-20T09:25:00","modified_gmt":"2017-05-20T09:25:00","slug":"festival-de-cannes-certain-regard","status":"publish","type":"post","link":"https:\/\/www.webdo.tn\/fr\/actualite\/culture\/festival-de-cannes-certain-regard\/199658\/","title":{"rendered":"Festival de Cannes : Un Certain Regard"},"content":{"rendered":"<div class=\"single-body entry-content typography-copy\" itemprop=\"articleBody\">\n<p style=\"font-weight: bold; text-align: justify\">\n<div class=\"coprs\" style=\"text-align: center\"><\/div>\n<div class=\"coprs\" style=\"text-align: justify\">\n<div id=\"yui_3_16_0_ym19_1_1495239906711_62536\" class=\"body undoreset\">\n<div id=\"yui_3_16_0_ym19_1_1495239906711_62541\" class=\"email-wrapped\">\n<div id=\"yiv9585862642\">\n<div id=\"yui_3_16_0_ym19_1_1495239906711_62540\">\n<div id=\"yui_3_16_0_ym19_1_1495239906711_62539\">\n<p id=\"yui_3_16_0_ym19_1_1495239906711_62538\" class=\"yiv9585862642p1\"><img decoding=\"async\" class=\" wp-image-156786 alignleft\" src=\"http:\/\/www.webdo.tn\/wp-content\/uploads\/2017\/05\/Signature.png\" alt=\"Festival de cannes 2017\" width=\"93\" height=\"465\">Jeudi soir a eu lieu la c\u00e9r\u00e9monie d&rsquo;ouverture de la section <em>Un Certain Regard<\/em> du Festival de Cannes.<span id=\"yui_3_16_0_ym19_1_1495239906711_62545\" class=\"yiv9585862642Apple-converted-space\">\u00a0<\/span><\/p>\n<p id=\"yui_3_16_0_ym19_1_1495239906711_62548\" class=\"yiv9585862642p1\"><span id=\"yui_3_16_0_ym19_1_1495239906711_62547\" class=\"yiv9585862642s1\">Cette section d\u00e9riv\u00e9e de la selection officielle du Festival de Cannes, cr\u00e9\u00e9e en<span class=\"yiv9585862642Apple-converted-space\">\u00a0<\/span>1978, concerne un cin\u00e9ma original, des films plus audacieux que ceux de la section officielle et g\u00e9n\u00e9ralement ceux de r\u00e9alisateurs encore peu connus, innovants et jeunes.<\/span><\/p>\n<p id=\"yui_3_16_0_ym19_1_1495239906711_62560\" class=\"yiv9585862642p1\"><span id=\"yui_3_16_0_ym19_1_1495239906711_62559\" class=\"yiv9585862642s1\">Personnellement <em>Un Certain Regard<\/em> est ma section pr\u00e9f\u00e9r\u00e9e. J&rsquo;y d\u00e9couvre des films diff\u00e9rents, avec justement un regard autre, des films que nous ne voyons malheureusement presque pas dans les circuits commerciaux, particuli\u00e8rement chez nous en Tunisie.<\/span><\/p>\n<p id=\"yui_3_16_0_ym19_1_1495239906711_62562\" class=\"yiv9585862642p1\"><span id=\"yui_3_16_0_ym19_1_1495239906711_62561\" class=\"yiv9585862642s1\">La selection <em>Un Certain Regard<\/em> comprend chaque ann\u00e9e environ une vingtaine de films, annonc\u00e9s en m\u00eame temps que ceux de la selection officielle. Souvent concourent dans cette section des films de pays que nous voyons beaucoup moins dans les autres sections comme les pays d&rsquo;Europe du Nord, d&rsquo;Afrique, d&rsquo;Am\u00e9rique du Sud, d&rsquo;Inde, d&rsquo;Iran, du Japon&#8230;<\/span><\/p>\n<p id=\"yui_3_16_0_ym19_1_1495239906711_62570\" class=\"yiv9585862642p1\"><span id=\"yui_3_16_0_ym19_1_1495239906711_62569\" class=\"yiv9585862642s1\">Outre le prix Un Certain Regard qui r\u00e9compense le meilleur Film et est dot\u00e9 d&rsquo;une aide \u00e0 la distribution en France de 30000 euros, d&rsquo;autres prix, laiss\u00e9s \u00e0 la discr\u00e9tion des membres du Jury, r\u00e9compensent la meilleure mise en sc\u00e8ne, les meilleurs acteurs, le meilleur sc\u00e9nario&#8230;.<\/span><\/p>\n<p id=\"yui_3_16_0_ym19_1_1495239906711_62593\" class=\"yiv9585862642p1\"><span id=\"yui_3_16_0_ym19_1_1495239906711_62592\" class=\"yiv9585862642s1\">Au fil des ann\u00e9es, cinq films tunisiens ont d\u00e9j\u00e0 \u00e9t\u00e9 s\u00e9lectionn\u00e9 dans cette section:<\/span><\/p>\n<ul id=\"yui_3_16_0_ym19_1_1495239906711_62597\" class=\"yiv9585862642ul1\">\n<li class=\"yiv9585862642li1\"><span class=\"yiv9585862642s1\">En 1978, <em>Les ambassadeurs<\/em> de Naceur Ktari<\/span><\/li>\n<li class=\"yiv9585862642li1\"><span class=\"yiv9585862642s1\">En 1983, <em>Camera d&rsquo;Afrique<\/em> de Ferid Boughdir<\/span><\/li>\n<li class=\"yiv9585862642li1\"><span class=\"yiv9585862642s1\">En 1986, <em>L&rsquo;homme de cendres<\/em> de Nouri Bouzid<span class=\"yiv9585862642Apple-converted-space\">\u00a0<\/span><\/span><\/li>\n<li id=\"yui_3_16_0_ym19_1_1495239906711_62596\" class=\"yiv9585862642li1\"><span id=\"yui_3_16_0_ym19_1_1495239906711_62595\" class=\"yiv9585862642s1\">En 1987, <em>Camera arabe<\/em> de Ferid Boughdir<span class=\"yiv9585862642Apple-converted-space\">\u00a0<\/span><\/span><\/li>\n<li class=\"yiv9585862642li1\"><span class=\"yiv9585862642s1\">En 1989, <em>Les sabots en or<\/em> de Nouri Bouzi<\/span><\/li>\n<\/ul>\n<p id=\"yui_3_16_0_ym19_1_1495239906711_62599\" class=\"yiv9585862642p1\"><span id=\"yui_3_16_0_ym19_1_1495239906711_62598\" class=\"yiv9585862642s1\">Et enfin, le film <em>La belle et La meute<\/em> de Kaouthar Ben Hania est s\u00e9lectionn\u00e9 en cette ann\u00e9e 2017. Il a \u00e9t\u00e9 pr\u00e9sent\u00e9 hier en premi\u00e8re mondiale. Le soir une reception a \u00e9t\u00e9 organis\u00e9e en son honneur.<span class=\"yiv9585862642Apple-converted-space\">\u00a0<\/span><\/span><\/p>\n<p id=\"yui_3_16_0_ym19_1_1495239906711_62602\" class=\"yiv9585862642p1\"><span id=\"yui_3_16_0_ym19_1_1495239906711_62601\" class=\"yiv9585862642s1\">La c\u00e9r\u00e9monie d&rsquo;ouverture d&rsquo;<em>Un certain Regard<\/em> a d\u00e9but\u00e9e par la pr\u00e9sentation des 18 films qui concourent cette ann\u00e9e, avec une projection d&rsquo;extraits de chacun d&rsquo;eux. Ensuite, les membres du jury sont mont\u00e9s sur sc\u00e8ne. Quatre membres du jury, pr\u00e9sid\u00e9 cette ann\u00e9e par l&rsquo;actrice am\u00e9ricaine Uma Thurman: l&rsquo;acteur fran\u00e7ais Reda Kateb, le r\u00e9alisateur belge Joachim Lafosse, Karel Och (Directeur artistique du Festival International de Karlovy Vary &#8211; R\u00e9publique Tch\u00e8que) et le r\u00e9alisateur \u00e9gyptien Mohamed Diab.<\/span><\/p>\n<p id=\"yui_3_16_0_ym19_1_1495239906711_62685\" class=\"yiv9585862642p1\"><span id=\"yui_3_16_0_ym19_1_1495239906711_62686\" class=\"yiv9585862642s1\">En 2016, <a href=\"http:\/\/www.webdo.tn\/2016\/11\/22\/festival-international-film-caire-clash-reconciliation\/\">le film <em>Clash<\/em> de Mohamed Diab<\/a>, avait fait l&rsquo;ouverture de cette section. <em>Clash<\/em> a \u00e9galement \u00e9t\u00e9 en competition aux Journ\u00e9es Cin\u00e9matographiques de Carthage 2016 et y avait <a href=\"http:\/\/www.webdo.tn\/2016\/11\/06\/jcc-2016-deux-tanit-dor-pour-deux-films-tunisiens\/\">remport\u00e9 quatre prix.<\/a><\/span><\/p>\n<p>En 2017, c&rsquo;est\u00a0<span id=\"yui_3_16_0_ym19_1_1495239906711_62610\" class=\"yiv9585862642s1\">le film fran\u00e7ais <em>Barbara<\/em> de Mathieu Amalric qui a fait l&rsquo;ouverture.<\/span><span id=\"yui_3_16_0_ym19_1_1495239906711_62610\" class=\"yiv9585862642s1\">\u00a0<\/span><\/p>\n<p><span id=\"yui_3_16_0_ym19_1_1495239906711_62610\" class=\"yiv9585862642s1\"><strong>Ne\u00efla Driss<\/strong><\/span><\/p>\n<\/div>\n<p><strong><br \/>\n<\/strong><em>Lire sur le m\u00eame sujet:<\/em><\/p>\n<ul>\n<li><a title=\"Les rendez-vous du cin\u00e9ma arabe au Festival de Cannes 2017\" href=\"http:\/\/www.webdo.tn\/2017\/05\/16\/le-cinema-arabe-au-festival-de-cannes-2017\/\" rel=\"bookmark\">Les rendez-vous du cin\u00e9ma arabe au Festival de Cannes 2017<\/a><\/li>\n<li><a title=\"Festival de Cannes : La belle et la meute\" href=\"http:\/\/www.webdo.tn\/2017\/05\/20\/festival-de-cannes-belle-meute\/\" rel=\"bookmark\">Festival de Cannes \u2013 La belle et la meute<\/a><\/li>\n<li><a title=\"Festival de Cannes \u2013 Prix des Critiques : Majd Mastoura, meilleur acteur arabe en 2016\" href=\"http:\/\/www.webdo.tn\/2017\/05\/22\/festival-de-cannes-prix-critiques-majd-mastoura-meilleur-acteur-arabe-2016\/\" rel=\"bookmark\">Festival de Cannes \u2013 Prix des Critiques : Majd Mastoura, meilleur acteur arabe en 2016<\/a><\/li>\n<li><a title=\"Festival de Cannes : Nejib Ayed pr\u00e9sente les JCC 2017\" href=\"http:\/\/www.webdo.tn\/2017\/05\/24\/festival-de-cannes-nejib-ayed-presente-jcc-2017\/\" rel=\"bookmark\">Festival de Cannes \u2013 Nejib Ayed pr\u00e9sente les JCC 2017<\/a><\/li>\n<li><a title=\"Claudia Cardinale et Ferid Boughdir sur la photo de famille du 70\u00e8me anniversaire du Festival de Cannes\" href=\"http:\/\/www.webdo.tn\/2017\/05\/25\/claudia-cardinale-ferid-boughdir-photo-de-famille-70eme-anniversaire-festival-de-cannes\/\" rel=\"bookmark\">Claudia Cardinale et Ferid Boughdir sur la photo de famille du 70\u00e8me anniversaire du Festival de Cannes<\/a><\/li>\n<li><a title=\"Festival de Cannes: L\u2019important est de participer!\" href=\"http:\/\/www.webdo.tn\/2017\/05\/27\/festival-de-cannes-limportant-est-participer\/\" rel=\"bookmark\">Festival de Cannes \u2013 L\u2019important est de participer!<\/a><\/li>\n<li><a title=\"Festival de Cannes \u2013 La Belle et la Meute remporte le Prix de la meilleure cr\u00e9ation sonore\" href=\"http:\/\/www.webdo.tn\/2017\/05\/28\/festival-de-cannes-belle-meute-remporte-prix-de-meilleure-creation-sonore\/\" rel=\"bookmark\">Festival de Cannes \u2013 La Belle et la Meute remporte le Prix de la meilleure cr\u00e9ation sonore<\/a><\/li>\n<li><a title=\"Festival de Cannes \u2013 Posoki\u00a0(Directions)\" href=\"http:\/\/www.webdo.tn\/2017\/05\/29\/festival-de-cannes-posoki-directions\/\" rel=\"bookmark\">Festival de Cannes \u2013 Posoki\u00a0(Directions)<\/a><\/li>\n<li><a title=\"Festival de Cannes \u2013 \u00ab\u00a0In The Fade\u00a0\u00bb ou les ravages du terrorisme\" href=\"http:\/\/www.webdo.tn\/2017\/05\/30\/festival-de-cannes-in-the-fade-ravages-terrorisme\/\" rel=\"bookmark\">Festival de Cannes \u2013 \u00ab\u00a0In The Fade\u00a0\u00bb ou les ravages du terrorisme<\/a><\/li>\n<li><a title=\"Festival de Cannes \u2013 Un homme int\u00e8gre\" href=\"http:\/\/www.webdo.tn\/2017\/05\/31\/festival-de-cannes-un-homme-integre\/\" rel=\"bookmark\">Festival de Cannes \u2013 Un homme int\u00e8gre<\/a><\/li>\n<li><a title=\"Mohamed Diab, l\u2019\u00e9toile montante du cin\u00e9ma \u00e9gyptien \u00e0 Cannes\" href=\"http:\/\/www.webdo.tn\/2017\/07\/04\/mohamed-diab-letoile-montante-cinema-egyptien-a-cannes\/\" rel=\"bookmark\">Mohamed Diab, l\u2019\u00e9toile montante du cin\u00e9ma \u00e9gyptien \u00e0 Cannes<\/a><\/li>\n<li><a title=\"Pourquoi seuls quelques films arabes traversent les fronti\u00e8res locales ?\" href=\"http:\/\/www.webdo.tn\/2017\/07\/26\/seuls-quelques-films-arabes-traversent-frontieres-locales\/\" rel=\"bookmark\">Pourquoi seuls quelques films arabes traversent les fronti\u00e8res locales ?<\/a><\/li>\n<\/ul>\n<\/div>\n<\/div>\n<\/div>\n<\/div><\/div>\n<div class=\"coprs\" style=\"text-align: center\"><\/div><\/div>\n","protected":false},"excerpt":{"rendered":"<p>Festival de Cannes : Un Certain Regard<\/p>\n","protected":false},"author":3164,"featured_media":339098,"comment_status":"open","ping_status":"closed","sticky":false,"template":"","format":"standard","meta":{"footnotes":""},"categories":[2594],"tags":[2600],"class_list":["post-199658","post","type-post","status-publish","format-standard","has-post-thumbnail","hentry","category-culture","tag-guerre"],"yoast_head":"<!-- This site is optimized with the Yoast SEO Premium plugin v27.4 (Yoast SEO v27.4) - https:\/\/yoast.com\/product\/yoast-seo-premium-wordpress\/ -->\n<title>Festival de Cannes : Un Certain Regard<\/title>\n<meta name=\"description\" content=\"Festival de Cannes : Un Certain Regard\" \/>\n<link rel=\"canonical\" href=\"https:\/\/www.webdo.tn\/fr\/actualite\/culture\/festival-de-cannes-certain-regard\/199658\/\" \/>\n<meta property=\"og:locale\" content=\"fr_FR\" \/>\n<meta property=\"og:type\" content=\"article\" \/>\n<meta property=\"og:title\" content=\"Festival de Cannes : Un Certain Regard\" \/>\n<meta property=\"og:description\" content=\"Festival de Cannes : Un Certain Regard\" \/>\n<meta property=\"og:url\" content=\"https:\/\/www.webdo.tn\/fr\/actualite\/culture\/festival-de-cannes-certain-regard\/199658\/\" \/>\n<meta property=\"og:site_name\" content=\"webdo\" \/>\n<meta property=\"article:publisher\" content=\"https:\/\/www.facebook.com\/webdotn\" \/>\n<meta property=\"article:author\" content=\"https:\/\/www.facebook.com\/massir.destiniii\/\" \/>\n<meta property=\"article:published_time\" content=\"2017-05-20T09:25:00+00:00\" \/>\n<meta property=\"og:image\" content=\"https:\/\/www.webdo.tn\/fr\/wp-content\/uploads\/2017\/05\/un-certain.jpg\" \/>\n\t<meta property=\"og:image:width\" content=\"943\" \/>\n\t<meta property=\"og:image:height\" content=\"707\" \/>\n\t<meta property=\"og:image:type\" content=\"image\/jpeg\" \/>\n<meta name=\"author\" content=\"Ne\u00efla DRISS\" \/>\n<meta name=\"twitter:card\" content=\"summary_large_image\" \/>\n<meta name=\"twitter:creator\" content=\"@https:\/\/x.com\/MassirDestin\" \/>\n<meta name=\"twitter:site\" content=\"@webdo_tn\" \/>\n<meta name=\"twitter:label1\" content=\"\u00c9crit par\" \/>\n\t<meta name=\"twitter:data1\" content=\"Ne\u00efla DRISS\" \/>\n\t<meta name=\"twitter:label2\" content=\"Dur\u00e9e de lecture estim\u00e9e\" \/>\n\t<meta name=\"twitter:data2\" content=\"3 minutes\" \/>\n<script type=\"application\/ld+json\" class=\"yoast-schema-graph\">{\"@context\":\"https:\\\/\\\/schema.org\",\"@graph\":[{\"@type\":\"NewsArticle\",\"@id\":\"https:\\\/\\\/www.webdo.tn\\\/fr\\\/actualite\\\/culture\\\/festival-de-cannes-certain-regard\\\/199658\\\/#article\",\"isPartOf\":{\"@id\":\"https:\\\/\\\/www.webdo.tn\\\/fr\\\/actualite\\\/culture\\\/festival-de-cannes-certain-regard\\\/199658\\\/\"},\"author\":{\"name\":\"Ne\u00efla DRISS\",\"@id\":\"https:\\\/\\\/www.webdo.tn\\\/fr\\\/#\\\/schema\\\/person\\\/60d5ba619ed3f58783b0dc82b7dada80\"},\"headline\":\"Festival de Cannes : Un Certain Regard\",\"datePublished\":\"2017-05-20T09:25:00+00:00\",\"mainEntityOfPage\":{\"@id\":\"https:\\\/\\\/www.webdo.tn\\\/fr\\\/actualite\\\/culture\\\/festival-de-cannes-certain-regard\\\/199658\\\/\"},\"wordCount\":600,\"commentCount\":0,\"publisher\":{\"@id\":\"https:\\\/\\\/www.webdo.tn\\\/fr\\\/#organization\"},\"image\":{\"@id\":\"https:\\\/\\\/www.webdo.tn\\\/fr\\\/actualite\\\/culture\\\/festival-de-cannes-certain-regard\\\/199658\\\/#primaryimage\"},\"thumbnailUrl\":\"https:\\\/\\\/www.webdo.tn\\\/fr\\\/wp-content\\\/uploads\\\/2017\\\/05\\\/un-certain.jpg\",\"keywords\":[\"guerre\"],\"articleSection\":[\"Culture\"],\"inLanguage\":\"fr-FR\"},{\"@type\":\"WebPage\",\"@id\":\"https:\\\/\\\/www.webdo.tn\\\/fr\\\/actualite\\\/culture\\\/festival-de-cannes-certain-regard\\\/199658\\\/\",\"url\":\"https:\\\/\\\/www.webdo.tn\\\/fr\\\/actualite\\\/culture\\\/festival-de-cannes-certain-regard\\\/199658\\\/\",\"name\":\"Festival de Cannes : Un Certain Regard\",\"isPartOf\":{\"@id\":\"https:\\\/\\\/www.webdo.tn\\\/fr\\\/#website\"},\"primaryImageOfPage\":{\"@id\":\"https:\\\/\\\/www.webdo.tn\\\/fr\\\/actualite\\\/culture\\\/festival-de-cannes-certain-regard\\\/199658\\\/#primaryimage\"},\"image\":{\"@id\":\"https:\\\/\\\/www.webdo.tn\\\/fr\\\/actualite\\\/culture\\\/festival-de-cannes-certain-regard\\\/199658\\\/#primaryimage\"},\"thumbnailUrl\":\"https:\\\/\\\/www.webdo.tn\\\/fr\\\/wp-content\\\/uploads\\\/2017\\\/05\\\/un-certain.jpg\",\"datePublished\":\"2017-05-20T09:25:00+00:00\",\"description\":\"Festival de Cannes : Un Certain Regard\",\"breadcrumb\":{\"@id\":\"https:\\\/\\\/www.webdo.tn\\\/fr\\\/actualite\\\/culture\\\/festival-de-cannes-certain-regard\\\/199658\\\/#breadcrumb\"},\"inLanguage\":\"fr-FR\",\"potentialAction\":[{\"@type\":\"ReadAction\",\"target\":[\"https:\\\/\\\/www.webdo.tn\\\/fr\\\/actualite\\\/culture\\\/festival-de-cannes-certain-regard\\\/199658\\\/\"]}]},{\"@type\":\"ImageObject\",\"inLanguage\":\"fr-FR\",\"@id\":\"https:\\\/\\\/www.webdo.tn\\\/fr\\\/actualite\\\/culture\\\/festival-de-cannes-certain-regard\\\/199658\\\/#primaryimage\",\"url\":\"https:\\\/\\\/www.webdo.tn\\\/fr\\\/wp-content\\\/uploads\\\/2017\\\/05\\\/un-certain.jpg\",\"contentUrl\":\"https:\\\/\\\/www.webdo.tn\\\/fr\\\/wp-content\\\/uploads\\\/2017\\\/05\\\/un-certain.jpg\",\"width\":943,\"height\":707,\"caption\":\"Festival de Cannes : Un Certain Regard\"},{\"@type\":\"BreadcrumbList\",\"@id\":\"https:\\\/\\\/www.webdo.tn\\\/fr\\\/actualite\\\/culture\\\/festival-de-cannes-certain-regard\\\/199658\\\/#breadcrumb\",\"itemListElement\":[{\"@type\":\"ListItem\",\"position\":1,\"name\":\"Accueil\",\"item\":\"https:\\\/\\\/www.webdo.tn\\\/fr\\\/\"},{\"@type\":\"ListItem\",\"position\":2,\"name\":\"Festival de Cannes : Un Certain Regard\"}]},{\"@type\":\"WebSite\",\"@id\":\"https:\\\/\\\/www.webdo.tn\\\/fr\\\/#website\",\"url\":\"https:\\\/\\\/www.webdo.tn\\\/fr\\\/\",\"name\":\"webdo\",\"description\":\"Tunisie - News en Tunisie et \u00e0 l&#039;international sur Webdo.tn\",\"publisher\":{\"@id\":\"https:\\\/\\\/www.webdo.tn\\\/fr\\\/#organization\"},\"potentialAction\":[{\"@type\":\"SearchAction\",\"target\":{\"@type\":\"EntryPoint\",\"urlTemplate\":\"https:\\\/\\\/www.webdo.tn\\\/fr\\\/?s={search_term_string}\"},\"query-input\":{\"@type\":\"PropertyValueSpecification\",\"valueRequired\":true,\"valueName\":\"search_term_string\"}}],\"inLanguage\":\"fr-FR\"},{\"@type\":\"Organization\",\"@id\":\"https:\\\/\\\/www.webdo.tn\\\/fr\\\/#organization\",\"name\":\"Webdo\",\"alternateName\":\"Webdo.tn\",\"url\":\"https:\\\/\\\/www.webdo.tn\\\/fr\\\/\",\"logo\":{\"@type\":\"ImageObject\",\"inLanguage\":\"fr-FR\",\"@id\":\"https:\\\/\\\/www.webdo.tn\\\/fr\\\/#\\\/schema\\\/logo\\\/image\\\/\",\"url\":\"https:\\\/\\\/www.webdo.tn\\\/fr\\\/wp-content\\\/uploads\\\/2025\\\/06\\\/Webdo-Tunisie_168377.jpg\",\"contentUrl\":\"https:\\\/\\\/www.webdo.tn\\\/fr\\\/wp-content\\\/uploads\\\/2025\\\/06\\\/Webdo-Tunisie_168377.jpg\",\"width\":301,\"height\":301,\"caption\":\"Webdo\"},\"image\":{\"@id\":\"https:\\\/\\\/www.webdo.tn\\\/fr\\\/#\\\/schema\\\/logo\\\/image\\\/\"},\"sameAs\":[\"https:\\\/\\\/www.facebook.com\\\/webdotn\",\"https:\\\/\\\/x.com\\\/webdo_tn\"],\"description\":\"Webdo est un m\u00e9dia num\u00e9rique tunisien fond\u00e9 en 2010, sp\u00e9cialis\u00e9 dans l\u2019actualit\u00e9 nationale et internationale, l\u2019\u00e9conomie, la soci\u00e9t\u00e9 et les analyses politiques. Le site s\u2019adresse \u00e0 un large public francophone et couvre l\u2019information tunisienne en temps r\u00e9el.\",\"email\":\"redac@webdo.tn\",\"legalName\":\"YNJ SARL\",\"foundingDate\":\"2010-09-06\",\"numberOfEmployees\":{\"@type\":\"QuantitativeValue\",\"minValue\":\"11\",\"maxValue\":\"50\"}},{\"@type\":\"Person\",\"@id\":\"https:\\\/\\\/www.webdo.tn\\\/fr\\\/#\\\/schema\\\/person\\\/60d5ba619ed3f58783b0dc82b7dada80\",\"name\":\"Ne\u00efla DRISS\",\"image\":{\"@type\":\"ImageObject\",\"inLanguage\":\"fr-FR\",\"@id\":\"https:\\\/\\\/www.webdo.tn\\\/fr\\\/wp-content\\\/uploads\\\/2026\\\/04\\\/neila-driss_avatar-96x96.jpg\",\"url\":\"https:\\\/\\\/www.webdo.tn\\\/fr\\\/wp-content\\\/uploads\\\/2026\\\/04\\\/neila-driss_avatar-96x96.jpg\",\"contentUrl\":\"https:\\\/\\\/www.webdo.tn\\\/fr\\\/wp-content\\\/uploads\\\/2026\\\/04\\\/neila-driss_avatar-96x96.jpg\",\"caption\":\"Ne\u00efla DRISS\"},\"description\":\"Ne\u00efla Driss est juriste, journaliste culturelle et critique de cin\u00e9ma tunisienne. Titulaire d\u2019un DEA en droit priv\u00e9 de l\u2019Universit\u00e9 Paris II et d\u2019un DESS de l\u2019IHEC Carthage, elle d\u00e9bute sa carri\u00e8re comme juriste sp\u00e9cialis\u00e9e en gestion de patrimoine immobilier. Elle s\u2019oriente ensuite vers l\u2019\u00e9criture en ligne, o\u00f9 elle se distingue d\u00e8s 2006 aux Tunisia Blog Awards, avant de se consacrer au journalisme culturel, avec une sp\u00e9cialisation dans la critique cin\u00e9matographique. Elle couvre r\u00e9guli\u00e8rement les grands festivals internationaux, notamment le Festival de Cannes, les Journ\u00e9es Cin\u00e9matographiques de Carthage et le Festival du film du Caire. Membre de l\u2019ATPCC et de la FIPRESCI, elle participe \u00e0 des jurys et initiatives internationales de critique. Depuis 2024, elle est \u00e9lectrice internationale aux Golden Globes. Facebook : https:\\\/\\\/www.facebook.com\\\/massir.destiniii\\\/ X : https:\\\/\\\/x.com\\\/MassirDestin\",\"sameAs\":[\"https:\\\/\\\/www.facebook.com\\\/massir.destiniii\\\/\",\"https:\\\/\\\/www.instagram.com\\\/neila.driss\\\/?hl=fr\",\"https:\\\/\\\/www.linkedin.com\\\/in\\\/neila-driss-22606a80\\\/\",\"https:\\\/\\\/x.com\\\/https:\\\/\\\/x.com\\\/MassirDestin\"],\"knowsAbout\":[\"Cin\u00e9ma international\",\"critique cin\u00e9matographique\",\"festivals de cin\u00e9ma\",\"journalisme culturel\"],\"knowsLanguage\":[\"Fran\u00e7ais\",\"Arabe\",\"Anglais\"],\"jobTitle\":\"Journaliste culturelle et critique de cin\u00e9ma\",\"worksFor\":\"Webdo\",\"url\":\"https:\\\/\\\/www.webdo.tn\\\/fr\\\/actualite\\\/author\\\/neila-driss\\\/\"}]}<\/script>\n<!-- \/ Yoast SEO Premium plugin. -->","yoast_head_json":{"title":"Festival de Cannes : Un Certain Regard","description":"Festival de Cannes : Un Certain Regard","canonical":"https:\/\/www.webdo.tn\/fr\/actualite\/culture\/festival-de-cannes-certain-regard\/199658\/","og_locale":"fr_FR","og_type":"article","og_title":"Festival de Cannes : Un Certain Regard","og_description":"Festival de Cannes : Un Certain Regard","og_url":"https:\/\/www.webdo.tn\/fr\/actualite\/culture\/festival-de-cannes-certain-regard\/199658\/","og_site_name":"webdo","article_publisher":"https:\/\/www.facebook.com\/webdotn","article_author":"https:\/\/www.facebook.com\/massir.destiniii\/","article_published_time":"2017-05-20T09:25:00+00:00","og_image":[{"width":943,"height":707,"url":"https:\/\/www.webdo.tn\/fr\/wp-content\/uploads\/2017\/05\/un-certain.jpg","type":"image\/jpeg"}],"author":"Ne\u00efla DRISS","twitter_card":"summary_large_image","twitter_creator":"@https:\/\/x.com\/MassirDestin","twitter_site":"@webdo_tn","twitter_misc":{"\u00c9crit par":"Ne\u00efla DRISS","Dur\u00e9e de lecture estim\u00e9e":"3 minutes"},"schema":{"@context":"https:\/\/schema.org","@graph":[{"@type":"NewsArticle","@id":"https:\/\/www.webdo.tn\/fr\/actualite\/culture\/festival-de-cannes-certain-regard\/199658\/#article","isPartOf":{"@id":"https:\/\/www.webdo.tn\/fr\/actualite\/culture\/festival-de-cannes-certain-regard\/199658\/"},"author":{"name":"Ne\u00efla DRISS","@id":"https:\/\/www.webdo.tn\/fr\/#\/schema\/person\/60d5ba619ed3f58783b0dc82b7dada80"},"headline":"Festival de Cannes : Un Certain Regard","datePublished":"2017-05-20T09:25:00+00:00","mainEntityOfPage":{"@id":"https:\/\/www.webdo.tn\/fr\/actualite\/culture\/festival-de-cannes-certain-regard\/199658\/"},"wordCount":600,"commentCount":0,"publisher":{"@id":"https:\/\/www.webdo.tn\/fr\/#organization"},"image":{"@id":"https:\/\/www.webdo.tn\/fr\/actualite\/culture\/festival-de-cannes-certain-regard\/199658\/#primaryimage"},"thumbnailUrl":"https:\/\/www.webdo.tn\/fr\/wp-content\/uploads\/2017\/05\/un-certain.jpg","keywords":["guerre"],"articleSection":["Culture"],"inLanguage":"fr-FR"},{"@type":"WebPage","@id":"https:\/\/www.webdo.tn\/fr\/actualite\/culture\/festival-de-cannes-certain-regard\/199658\/","url":"https:\/\/www.webdo.tn\/fr\/actualite\/culture\/festival-de-cannes-certain-regard\/199658\/","name":"Festival de Cannes : Un Certain Regard","isPartOf":{"@id":"https:\/\/www.webdo.tn\/fr\/#website"},"primaryImageOfPage":{"@id":"https:\/\/www.webdo.tn\/fr\/actualite\/culture\/festival-de-cannes-certain-regard\/199658\/#primaryimage"},"image":{"@id":"https:\/\/www.webdo.tn\/fr\/actualite\/culture\/festival-de-cannes-certain-regard\/199658\/#primaryimage"},"thumbnailUrl":"https:\/\/www.webdo.tn\/fr\/wp-content\/uploads\/2017\/05\/un-certain.jpg","datePublished":"2017-05-20T09:25:00+00:00","description":"Festival de Cannes : Un Certain Regard","breadcrumb":{"@id":"https:\/\/www.webdo.tn\/fr\/actualite\/culture\/festival-de-cannes-certain-regard\/199658\/#breadcrumb"},"inLanguage":"fr-FR","potentialAction":[{"@type":"ReadAction","target":["https:\/\/www.webdo.tn\/fr\/actualite\/culture\/festival-de-cannes-certain-regard\/199658\/"]}]},{"@type":"ImageObject","inLanguage":"fr-FR","@id":"https:\/\/www.webdo.tn\/fr\/actualite\/culture\/festival-de-cannes-certain-regard\/199658\/#primaryimage","url":"https:\/\/www.webdo.tn\/fr\/wp-content\/uploads\/2017\/05\/un-certain.jpg","contentUrl":"https:\/\/www.webdo.tn\/fr\/wp-content\/uploads\/2017\/05\/un-certain.jpg","width":943,"height":707,"caption":"Festival de Cannes : Un Certain Regard"},{"@type":"BreadcrumbList","@id":"https:\/\/www.webdo.tn\/fr\/actualite\/culture\/festival-de-cannes-certain-regard\/199658\/#breadcrumb","itemListElement":[{"@type":"ListItem","position":1,"name":"Accueil","item":"https:\/\/www.webdo.tn\/fr\/"},{"@type":"ListItem","position":2,"name":"Festival de Cannes : Un Certain Regard"}]},{"@type":"WebSite","@id":"https:\/\/www.webdo.tn\/fr\/#website","url":"https:\/\/www.webdo.tn\/fr\/","name":"webdo","description":"Tunisie - News en Tunisie et \u00e0 l&#039;international sur Webdo.tn","publisher":{"@id":"https:\/\/www.webdo.tn\/fr\/#organization"},"potentialAction":[{"@type":"SearchAction","target":{"@type":"EntryPoint","urlTemplate":"https:\/\/www.webdo.tn\/fr\/?s={search_term_string}"},"query-input":{"@type":"PropertyValueSpecification","valueRequired":true,"valueName":"search_term_string"}}],"inLanguage":"fr-FR"},{"@type":"Organization","@id":"https:\/\/www.webdo.tn\/fr\/#organization","name":"Webdo","alternateName":"Webdo.tn","url":"https:\/\/www.webdo.tn\/fr\/","logo":{"@type":"ImageObject","inLanguage":"fr-FR","@id":"https:\/\/www.webdo.tn\/fr\/#\/schema\/logo\/image\/","url":"https:\/\/www.webdo.tn\/fr\/wp-content\/uploads\/2025\/06\/Webdo-Tunisie_168377.jpg","contentUrl":"https:\/\/www.webdo.tn\/fr\/wp-content\/uploads\/2025\/06\/Webdo-Tunisie_168377.jpg","width":301,"height":301,"caption":"Webdo"},"image":{"@id":"https:\/\/www.webdo.tn\/fr\/#\/schema\/logo\/image\/"},"sameAs":["https:\/\/www.facebook.com\/webdotn","https:\/\/x.com\/webdo_tn"],"description":"Webdo est un m\u00e9dia num\u00e9rique tunisien fond\u00e9 en 2010, sp\u00e9cialis\u00e9 dans l\u2019actualit\u00e9 nationale et internationale, l\u2019\u00e9conomie, la soci\u00e9t\u00e9 et les analyses politiques. Le site s\u2019adresse \u00e0 un large public francophone et couvre l\u2019information tunisienne en temps r\u00e9el.","email":"redac@webdo.tn","legalName":"YNJ SARL","foundingDate":"2010-09-06","numberOfEmployees":{"@type":"QuantitativeValue","minValue":"11","maxValue":"50"}},{"@type":"Person","@id":"https:\/\/www.webdo.tn\/fr\/#\/schema\/person\/60d5ba619ed3f58783b0dc82b7dada80","name":"Ne\u00efla DRISS","image":{"@type":"ImageObject","inLanguage":"fr-FR","@id":"https:\/\/www.webdo.tn\/fr\/wp-content\/uploads\/2026\/04\/neila-driss_avatar-96x96.jpg","url":"https:\/\/www.webdo.tn\/fr\/wp-content\/uploads\/2026\/04\/neila-driss_avatar-96x96.jpg","contentUrl":"https:\/\/www.webdo.tn\/fr\/wp-content\/uploads\/2026\/04\/neila-driss_avatar-96x96.jpg","caption":"Ne\u00efla DRISS"},"description":"Ne\u00efla Driss est juriste, journaliste culturelle et critique de cin\u00e9ma tunisienne. Titulaire d\u2019un DEA en droit priv\u00e9 de l\u2019Universit\u00e9 Paris II et d\u2019un DESS de l\u2019IHEC Carthage, elle d\u00e9bute sa carri\u00e8re comme juriste sp\u00e9cialis\u00e9e en gestion de patrimoine immobilier. Elle s\u2019oriente ensuite vers l\u2019\u00e9criture en ligne, o\u00f9 elle se distingue d\u00e8s 2006 aux Tunisia Blog Awards, avant de se consacrer au journalisme culturel, avec une sp\u00e9cialisation dans la critique cin\u00e9matographique. Elle couvre r\u00e9guli\u00e8rement les grands festivals internationaux, notamment le Festival de Cannes, les Journ\u00e9es Cin\u00e9matographiques de Carthage et le Festival du film du Caire. Membre de l\u2019ATPCC et de la FIPRESCI, elle participe \u00e0 des jurys et initiatives internationales de critique. Depuis 2024, elle est \u00e9lectrice internationale aux Golden Globes. Facebook : https:\/\/www.facebook.com\/massir.destiniii\/ X : https:\/\/x.com\/MassirDestin","sameAs":["https:\/\/www.facebook.com\/massir.destiniii\/","https:\/\/www.instagram.com\/neila.driss\/?hl=fr","https:\/\/www.linkedin.com\/in\/neila-driss-22606a80\/","https:\/\/x.com\/https:\/\/x.com\/MassirDestin"],"knowsAbout":["Cin\u00e9ma international","critique cin\u00e9matographique","festivals de cin\u00e9ma","journalisme culturel"],"knowsLanguage":["Fran\u00e7ais","Arabe","Anglais"],"jobTitle":"Journaliste culturelle et critique de cin\u00e9ma","worksFor":"Webdo","url":"https:\/\/www.webdo.tn\/fr\/actualite\/author\/neila-driss\/"}]}},"_links":{"self":[{"href":"https:\/\/www.webdo.tn\/fr\/wp-json\/wp\/v2\/posts\/199658","targetHints":{"allow":["GET"]}}],"collection":[{"href":"https:\/\/www.webdo.tn\/fr\/wp-json\/wp\/v2\/posts"}],"about":[{"href":"https:\/\/www.webdo.tn\/fr\/wp-json\/wp\/v2\/types\/post"}],"author":[{"embeddable":true,"href":"https:\/\/www.webdo.tn\/fr\/wp-json\/wp\/v2\/users\/3164"}],"replies":[{"embeddable":true,"href":"https:\/\/www.webdo.tn\/fr\/wp-json\/wp\/v2\/comments?post=199658"}],"version-history":[{"count":0,"href":"https:\/\/www.webdo.tn\/fr\/wp-json\/wp\/v2\/posts\/199658\/revisions"}],"wp:featuredmedia":[{"embeddable":true,"href":"https:\/\/www.webdo.tn\/fr\/wp-json\/wp\/v2\/media\/339098"}],"wp:attachment":[{"href":"https:\/\/www.webdo.tn\/fr\/wp-json\/wp\/v2\/media?parent=199658"}],"wp:term":[{"taxonomy":"category","embeddable":true,"href":"https:\/\/www.webdo.tn\/fr\/wp-json\/wp\/v2\/categories?post=199658"},{"taxonomy":"post_tag","embeddable":true,"href":"https:\/\/www.webdo.tn\/fr\/wp-json\/wp\/v2\/tags?post=199658"}],"curies":[{"name":"wp","href":"https:\/\/api.w.org\/{rel}","templated":true}]}}