{"id":199657,"date":"2017-05-18T11:50:00","date_gmt":"2017-05-18T11:50:00","guid":{"rendered":"https:\/\/www.webdo.tn\/fr\/blog\/prix-dexcellence-faten-hamama-hend-sabry\/199657\/"},"modified":"2025-05-19T01:05:12","modified_gmt":"2025-05-19T01:05:12","slug":"prix-dexcellence-faten-hamama-hend-sabry","status":"publish","type":"post","link":"https:\/\/www.webdo.tn\/fr\/actualite\/culture\/prix-dexcellence-faten-hamama-hend-sabry\/199657\/","title":{"rendered":"Le prix d&rsquo;excellence Faten Hamama pour notre Hend Sabry !"},"content":{"rendered":"<div class=\"single-body entry-content typography-copy\" itemprop=\"articleBody\">\n<p style=\"font-weight: bold; text-align: justify\">\n<div class=\"coprs\" style=\"text-align: center\"><\/div>\n<div class=\"coprs\" style=\"text-align: justify\">\n<p>Le haut comit\u00e9 consultatif du Festival International du Film du Caire (CIFF) a d\u00e9cid\u00e9 d&rsquo;octroyer \u00e0 l&rsquo;actrice star tunisienne Hend Sabry <em>le prix d&rsquo;excellence Faten Hamama<\/em>. Ce prix est attribu\u00e9 chaque ann\u00e9e \u00e0 l&rsquo;initiative de la famille de Faten Hamama \u00e0 une personnalit\u00e9 du spectacle qui contribue \u00e0 la promotion et \u00e0 la mise \u00e0 niveau de l&rsquo;art cin\u00e9matographique.<\/p>\n<p>Ce prix lui sera remis lors de la c\u00e9r\u00e9monie d&rsquo;ouverture de la 39eme \u00e9dition du CIFF qui aura lieu du 21 au 30 Novembre 2017, en hommage \u00e0 son parcours cin\u00e9matographique riche de r\u00f4les et de films de qualit\u00e9. Certains de ces films seront d&rsquo;ailleurs programm\u00e9s lors de cette \u00e9dition du Ciff.<\/p>\n<p>Cette r\u00e9compense est une reconnaissance du talent de Hend Sabry qui a commenc\u00e9 sa carri\u00e8re \u00e0 l&rsquo;\u00e2ge de 14 ans dans le film tunisien <em>Les silences du palais<\/em> de Moufida Tlatli et pour lequel elle a re\u00e7u le prix de meilleure interpr\u00e9tation lors des JCC 1994.<\/p>\n<p>\u00a0<\/p>\n<p><img decoding=\"async\" alt=\"Hend Sabry dans Les silences du Palais\" height=\"394\" src=\"http:\/\/www.webdo.tn\/wp-content\/uploads\/2017\/05\/Hend-Palais-1024x576.jpg\" width=\"700\"><br \/>\n<em>Hend Sabry dans le film Les silences du Palais<\/em><\/p>\n<p>\u00a0<\/p>\n<p>Depuis, elle est all\u00e9e de succ\u00e8s en succ\u00e8s, jouant des r\u00f4les tr\u00e8s diff\u00e9rents dans des films prestigieux.<\/p>\n<p>Le talent de Hend et sa capacit\u00e9 \u00e0 incarner, jusqu&rsquo;\u00e0 devenir m\u00eame, ses personnages, lui a valu d&rsquo;\u00eatre choisie par les plus grands r\u00e9alisateurs aussi bien tunisiens qu&rsquo;\u00e9gyptiens, tels Nouri Bouzid dans <em>Poup\u00e9es d&rsquo;argile<\/em>, Daoud Abdel Sayed dans <em>Le citoyen, l&rsquo;indic et le voleur,<\/em> Yosry Nasrallah dans <em>L&rsquo;aquarium,\u00a0<\/em>Mohamed Khan (<a href=\"http:\/\/www.webdo.tn\/2016\/08\/23\/mohamed-khan-festival-international-film-arabe-de-gabes\/\">qui a remport\u00e9 \u00e0 titre posthume ce prix Faten Hamama en 2016<\/a>) \u00a0dans le film <em>Les filles du centre ville<\/em> ou encore Marwen Hamed dans les films <em>Immeuble Yacoubian <\/em>et<em> Brahim Labyadh<\/em>. Plusieurs de ces r\u00f4les lui ont d\u2019ailleurs valus des prix de meilleure interpr\u00e9tation f\u00e9minine.<\/p>\n<p>Hend Sabry a \u00e9galement donn\u00e9 la r\u00e9plique aux plus grandes stars du cin\u00e9ma arabe, tels Mahmoud Hemeda, <a href=\"https:\/\/www.facebook.com\/AdelEmam\/?fref=ts&amp;rf=108146879210519\">Adel Imam<\/a>, Mahmoud Abdelaziz, <a href=\"https:\/\/www.facebook.com\/kalnaga\/\">Khaled Abol Naga<\/a>, Bassem Samra et\u00a0<a href=\"https:\/\/www.facebook.com\/Amr.Waked\/\">Amr Waked<\/a>.<\/p>\n<p>Elle a surtout su forcer le respect, aussi bien en Tunisie qu&rsquo;en Egypte, gr\u00e2ce \u00e0 son intelligence, sa culture, sa correction et son professionnalisme.<\/p>\n<p>Il y a quelques mois, nous avons vu Hend Sabry dans le dernier film de Ridha Behi, <em>Zahret Alep,<\/em> qui a fait l\u2019ouverture des JCC 2016. Elle y joue le r\u00f4le d\u2019une maman partie \u00e0 la recherche de son fils, enr\u00f4l\u00e9 par des terroristes pour aller combattre en Syrie.<\/p>\n<p>\u00a0<\/p>\n<p><img decoding=\"async\" alt=\"Hend Sabry dans le film Zahret Alep\" height=\"372\" src=\"http:\/\/www.webdo.tn\/wp-content\/uploads\/2017\/05\/Hend-alep.png\" width=\"747\"><br \/>\n<em>Hend Sabry dans le film Zahret Alep<\/em><\/p>\n<p>\u00a0<\/p>\n<p>Elle a \u00e9galement jou\u00e9 dans <em>Le Perroquet<\/em>, un court m\u00e9trage germano-jordanien r\u00e9alis\u00e9 par\u00a0 Amjad Al-Rasheed et Darin J. Sallam. Ce film qui avait \u00e9tait s\u00e9lectionn\u00e9 en d\u00e9cembre 2016 en comp\u00e9tition officielle au Festival International du Film de Duba\u00ef (DIFF), raconte l\u2019histoire d\u2019une famille juive tunisienne qui s\u2019installe \u00e0 Ha\u00effa, en Palestine en 1947, et qui va devoir cohabiter avec un perroquet bleu laiss\u00e9 par des arabes, anciens habitants de la maison.<\/p>\n<p>\u00a0<\/p>\n<p><iframe allowfullscreen=\"\" frameborder=\"0\" height=\"315\" src=\"https:\/\/www.youtube.com\/embed\/yMcdSmSPUqI?si=BfD-3m1-nxjvuQtF\" title=\"YouTube video player\" width=\"560\"><\/iframe><\/p>\n<p>\u00a0<\/p>\n<p>\u00a0<\/p>\n<p>Nous verrons \u00e9galement Hend Sabry sur nos \u00e9crans de t\u00e9l\u00e9vision pendant le mois de ramadan prochain dans le feuilleton \u00e9gyptien\u00a0<em>Halawat eddonya<\/em> o\u00f9 elle retrouve Dhafer Abidine, bien des ann\u00e9es apr\u00e8s le feuilleton tunisien Maktoub.<\/p>\n<p>\u00a0<\/p>\n<p><img decoding=\"async\" alt=\"Hend Sabry et Dhafer Abidine dans le feuilleton Halawat Eddonya\" height=\"315\" src=\"http:\/\/www.webdo.tn\/wp-content\/uploads\/2017\/05\/hend-feuil.jpg\" width=\"828\"><br \/>\n<em>Hend Sabry et Dhafer Abidine dans le feuilleton Halawat Eddonya<\/em><\/p>\n<p>\u00a0<\/p>\n<p>Tr\u00e8s engag\u00e9e dans le travail humanitaire, Hend Sabry a \u00e9t\u00e9 nomm\u00e9e en 2010 ambassadrice des Nations Unies dans le cadre du programme\u00a0alimentaire mondial qui \u0153uvre pour la\u00a0lutte contre la faim dans le monde.<\/p>\n<p>En 2014, <a href=\"http:\/\/www.webdo.tn\/2014\/12\/11\/lactrice-tunisienne-hend-sabry-honoree-ministere-culture-francais\/\">elle a \u00e9t\u00e9 \u00a0\u00e9lev\u00e9e au rang de\u00a0Chevalier des Arts et des Lettres <\/a>pour l\u2019ensemble de son \u0153uvre par le Minist\u00e8re de la Culture de la R\u00e9publique Fran\u00e7aise.<\/p>\n<p>Depuis deux ans, Hend est \u00e9galement Pr\u00e9sidente d&rsquo;honneur du Festival International du Film Arabe de Gabes (FIFAG). Elle s\u2019est, par ce biais, engag\u00e9e en faveur de la d\u00e9centralisation de la culture et \u0153uvre pour que <a href=\"http:\/\/www.webdo.tn\/2016\/09\/02\/fifag-festival-va-eclairer-sud\/\">ce festival \u00ab\u00a0\u00e9claire le Sud\u00a0\u00bb<\/a>.<\/p>\n<p>\u00a0<\/p>\n<p><img decoding=\"async\" alt=\"Hend Sabry au FIFAG 2016\" height=\"387\" src=\"http:\/\/www.webdo.tn\/wp-content\/uploads\/2017\/05\/Hend-Sabry-Gabes-2016-in.png\" width=\"599\"><br \/>\n<em>Hend Sabry au FIFAG 2016<\/em><\/p>\n<p>\u00a0<\/p>\n<p><strong>Toutes nos f\u00e9licitations \u00e0 Hend Sabry, la meilleure ambassadrice de la femme tunisienne dans le monde arabe\u00a0!<\/strong><\/p>\n<p><strong>Neila Driss<\/strong><\/p>\n<\/p><\/div>\n<div class=\"coprs\" style=\"text-align: center\"><\/div><\/div>\n","protected":false},"excerpt":{"rendered":"<p>Le prix d&rsquo;excellence Faten Hamama pour notre Hend Sabry !<\/p>\n","protected":false},"author":3164,"featured_media":310118,"comment_status":"open","ping_status":"closed","sticky":false,"template":"","format":"standard","meta":{"footnotes":""},"categories":[2594],"tags":[11314,11315,4724,3257,3255,6592,3903],"class_list":["post-199657","post","type-post","status-publish","format-standard","has-post-thumbnail","hentry","category-culture","tag-ciff-2017","tag-ciff-39","tag-actrice","tag-ciff","tag-festival-international-du-film-du-caire","tag-hend-sabry","tag-tunisienne"],"yoast_head":"<!-- This site is optimized with the Yoast SEO Premium plugin v27.4 (Yoast SEO v27.4) - https:\/\/yoast.com\/product\/yoast-seo-premium-wordpress\/ -->\n<title>Le prix d&#039;excellence Faten Hamama pour notre Hend Sabry !<\/title>\n<meta name=\"description\" content=\"Le prix d&#039;excellence Faten Hamama pour notre Hend Sabry !\" \/>\n<link rel=\"canonical\" href=\"https:\/\/www.webdo.tn\/fr\/actualite\/culture\/prix-dexcellence-faten-hamama-hend-sabry\/199657\/\" \/>\n<meta property=\"og:locale\" content=\"fr_FR\" \/>\n<meta property=\"og:type\" content=\"article\" \/>\n<meta property=\"og:title\" content=\"Le prix d&#039;excellence Faten Hamama pour notre Hend Sabry !\" \/>\n<meta property=\"og:description\" content=\"Le prix d&#039;excellence Faten Hamama pour notre Hend Sabry !\" \/>\n<meta property=\"og:url\" content=\"https:\/\/www.webdo.tn\/fr\/actualite\/culture\/prix-dexcellence-faten-hamama-hend-sabry\/199657\/\" \/>\n<meta property=\"og:site_name\" content=\"webdo\" \/>\n<meta property=\"article:publisher\" content=\"https:\/\/www.facebook.com\/webdotn\" \/>\n<meta property=\"article:author\" content=\"https:\/\/www.facebook.com\/massir.destiniii\/\" \/>\n<meta property=\"article:published_time\" content=\"2017-05-18T11:50:00+00:00\" \/>\n<meta property=\"article:modified_time\" content=\"2025-05-19T01:05:12+00:00\" \/>\n<meta property=\"og:image\" content=\"https:\/\/www.webdo.tn\/fr\/wp-content\/uploads\/2017\/05\/Hend.jpg\" \/>\n\t<meta property=\"og:image:width\" content=\"250\" \/>\n\t<meta property=\"og:image:height\" content=\"250\" \/>\n\t<meta property=\"og:image:type\" content=\"image\/jpeg\" \/>\n<meta name=\"author\" content=\"Ne\u00efla DRISS\" \/>\n<meta name=\"twitter:card\" content=\"summary_large_image\" \/>\n<meta name=\"twitter:creator\" content=\"@https:\/\/x.com\/MassirDestin\" \/>\n<meta name=\"twitter:site\" content=\"@webdo_tn\" \/>\n<meta name=\"twitter:label1\" content=\"\u00c9crit par\" \/>\n\t<meta name=\"twitter:data1\" content=\"Ne\u00efla DRISS\" \/>\n\t<meta name=\"twitter:label2\" content=\"Dur\u00e9e de lecture estim\u00e9e\" \/>\n\t<meta name=\"twitter:data2\" content=\"3 minutes\" \/>\n<script type=\"application\/ld+json\" class=\"yoast-schema-graph\">{\"@context\":\"https:\\\/\\\/schema.org\",\"@graph\":[{\"@type\":\"NewsArticle\",\"@id\":\"https:\\\/\\\/www.webdo.tn\\\/fr\\\/actualite\\\/culture\\\/prix-dexcellence-faten-hamama-hend-sabry\\\/199657\\\/#article\",\"isPartOf\":{\"@id\":\"https:\\\/\\\/www.webdo.tn\\\/fr\\\/actualite\\\/culture\\\/prix-dexcellence-faten-hamama-hend-sabry\\\/199657\\\/\"},\"author\":{\"name\":\"Ne\u00efla DRISS\",\"@id\":\"https:\\\/\\\/www.webdo.tn\\\/fr\\\/#\\\/schema\\\/person\\\/60d5ba619ed3f58783b0dc82b7dada80\"},\"headline\":\"Le prix d&rsquo;excellence Faten Hamama pour notre Hend Sabry !\",\"datePublished\":\"2017-05-18T11:50:00+00:00\",\"dateModified\":\"2025-05-19T01:05:12+00:00\",\"mainEntityOfPage\":{\"@id\":\"https:\\\/\\\/www.webdo.tn\\\/fr\\\/actualite\\\/culture\\\/prix-dexcellence-faten-hamama-hend-sabry\\\/199657\\\/\"},\"wordCount\":690,\"commentCount\":0,\"publisher\":{\"@id\":\"https:\\\/\\\/www.webdo.tn\\\/fr\\\/#organization\"},\"image\":{\"@id\":\"https:\\\/\\\/www.webdo.tn\\\/fr\\\/actualite\\\/culture\\\/prix-dexcellence-faten-hamama-hend-sabry\\\/199657\\\/#primaryimage\"},\"thumbnailUrl\":\"https:\\\/\\\/www.webdo.tn\\\/fr\\\/wp-content\\\/uploads\\\/2017\\\/05\\\/Hend.jpg\",\"keywords\":[\"'CIFF 2017'\",\"'CIFF 39'\",\"actrice\",\"CIFF\",\"Festival International du Film du Caire\",\"Hend Sabry\",\"Tunisienne\"],\"articleSection\":[\"Culture\"],\"inLanguage\":\"fr-FR\"},{\"@type\":\"WebPage\",\"@id\":\"https:\\\/\\\/www.webdo.tn\\\/fr\\\/actualite\\\/culture\\\/prix-dexcellence-faten-hamama-hend-sabry\\\/199657\\\/\",\"url\":\"https:\\\/\\\/www.webdo.tn\\\/fr\\\/actualite\\\/culture\\\/prix-dexcellence-faten-hamama-hend-sabry\\\/199657\\\/\",\"name\":\"Le prix d'excellence Faten Hamama pour notre Hend Sabry !\",\"isPartOf\":{\"@id\":\"https:\\\/\\\/www.webdo.tn\\\/fr\\\/#website\"},\"primaryImageOfPage\":{\"@id\":\"https:\\\/\\\/www.webdo.tn\\\/fr\\\/actualite\\\/culture\\\/prix-dexcellence-faten-hamama-hend-sabry\\\/199657\\\/#primaryimage\"},\"image\":{\"@id\":\"https:\\\/\\\/www.webdo.tn\\\/fr\\\/actualite\\\/culture\\\/prix-dexcellence-faten-hamama-hend-sabry\\\/199657\\\/#primaryimage\"},\"thumbnailUrl\":\"https:\\\/\\\/www.webdo.tn\\\/fr\\\/wp-content\\\/uploads\\\/2017\\\/05\\\/Hend.jpg\",\"datePublished\":\"2017-05-18T11:50:00+00:00\",\"dateModified\":\"2025-05-19T01:05:12+00:00\",\"description\":\"Le prix d'excellence Faten Hamama pour notre Hend Sabry !\",\"breadcrumb\":{\"@id\":\"https:\\\/\\\/www.webdo.tn\\\/fr\\\/actualite\\\/culture\\\/prix-dexcellence-faten-hamama-hend-sabry\\\/199657\\\/#breadcrumb\"},\"inLanguage\":\"fr-FR\",\"potentialAction\":[{\"@type\":\"ReadAction\",\"target\":[\"https:\\\/\\\/www.webdo.tn\\\/fr\\\/actualite\\\/culture\\\/prix-dexcellence-faten-hamama-hend-sabry\\\/199657\\\/\"]}]},{\"@type\":\"ImageObject\",\"inLanguage\":\"fr-FR\",\"@id\":\"https:\\\/\\\/www.webdo.tn\\\/fr\\\/actualite\\\/culture\\\/prix-dexcellence-faten-hamama-hend-sabry\\\/199657\\\/#primaryimage\",\"url\":\"https:\\\/\\\/www.webdo.tn\\\/fr\\\/wp-content\\\/uploads\\\/2017\\\/05\\\/Hend.jpg\",\"contentUrl\":\"https:\\\/\\\/www.webdo.tn\\\/fr\\\/wp-content\\\/uploads\\\/2017\\\/05\\\/Hend.jpg\",\"width\":250,\"height\":250,\"caption\":\"Le prix d'excellence Faten Hamama pour notre Hend Sabry !\"},{\"@type\":\"BreadcrumbList\",\"@id\":\"https:\\\/\\\/www.webdo.tn\\\/fr\\\/actualite\\\/culture\\\/prix-dexcellence-faten-hamama-hend-sabry\\\/199657\\\/#breadcrumb\",\"itemListElement\":[{\"@type\":\"ListItem\",\"position\":1,\"name\":\"Accueil\",\"item\":\"https:\\\/\\\/www.webdo.tn\\\/fr\\\/\"},{\"@type\":\"ListItem\",\"position\":2,\"name\":\"Le prix d&rsquo;excellence Faten Hamama pour notre Hend Sabry !\"}]},{\"@type\":\"WebSite\",\"@id\":\"https:\\\/\\\/www.webdo.tn\\\/fr\\\/#website\",\"url\":\"https:\\\/\\\/www.webdo.tn\\\/fr\\\/\",\"name\":\"webdo\",\"description\":\"Tunisie - News en Tunisie et \u00e0 l&#039;international sur Webdo.tn\",\"publisher\":{\"@id\":\"https:\\\/\\\/www.webdo.tn\\\/fr\\\/#organization\"},\"potentialAction\":[{\"@type\":\"SearchAction\",\"target\":{\"@type\":\"EntryPoint\",\"urlTemplate\":\"https:\\\/\\\/www.webdo.tn\\\/fr\\\/?s={search_term_string}\"},\"query-input\":{\"@type\":\"PropertyValueSpecification\",\"valueRequired\":true,\"valueName\":\"search_term_string\"}}],\"inLanguage\":\"fr-FR\"},{\"@type\":\"Organization\",\"@id\":\"https:\\\/\\\/www.webdo.tn\\\/fr\\\/#organization\",\"name\":\"Webdo\",\"alternateName\":\"Webdo.tn\",\"url\":\"https:\\\/\\\/www.webdo.tn\\\/fr\\\/\",\"logo\":{\"@type\":\"ImageObject\",\"inLanguage\":\"fr-FR\",\"@id\":\"https:\\\/\\\/www.webdo.tn\\\/fr\\\/#\\\/schema\\\/logo\\\/image\\\/\",\"url\":\"https:\\\/\\\/www.webdo.tn\\\/fr\\\/wp-content\\\/uploads\\\/2025\\\/06\\\/Webdo-Tunisie_168377.jpg\",\"contentUrl\":\"https:\\\/\\\/www.webdo.tn\\\/fr\\\/wp-content\\\/uploads\\\/2025\\\/06\\\/Webdo-Tunisie_168377.jpg\",\"width\":301,\"height\":301,\"caption\":\"Webdo\"},\"image\":{\"@id\":\"https:\\\/\\\/www.webdo.tn\\\/fr\\\/#\\\/schema\\\/logo\\\/image\\\/\"},\"sameAs\":[\"https:\\\/\\\/www.facebook.com\\\/webdotn\",\"https:\\\/\\\/x.com\\\/webdo_tn\"],\"description\":\"Webdo est un m\u00e9dia num\u00e9rique tunisien fond\u00e9 en 2010, sp\u00e9cialis\u00e9 dans l\u2019actualit\u00e9 nationale et internationale, l\u2019\u00e9conomie, la soci\u00e9t\u00e9 et les analyses politiques. Le site s\u2019adresse \u00e0 un large public francophone et couvre l\u2019information tunisienne en temps r\u00e9el.\",\"email\":\"redac@webdo.tn\",\"legalName\":\"YNJ SARL\",\"foundingDate\":\"2010-09-06\",\"numberOfEmployees\":{\"@type\":\"QuantitativeValue\",\"minValue\":\"11\",\"maxValue\":\"50\"}},{\"@type\":\"Person\",\"@id\":\"https:\\\/\\\/www.webdo.tn\\\/fr\\\/#\\\/schema\\\/person\\\/60d5ba619ed3f58783b0dc82b7dada80\",\"name\":\"Ne\u00efla DRISS\",\"image\":{\"@type\":\"ImageObject\",\"inLanguage\":\"fr-FR\",\"@id\":\"https:\\\/\\\/www.webdo.tn\\\/fr\\\/wp-content\\\/uploads\\\/2026\\\/04\\\/neila-driss_avatar-96x96.jpg\",\"url\":\"https:\\\/\\\/www.webdo.tn\\\/fr\\\/wp-content\\\/uploads\\\/2026\\\/04\\\/neila-driss_avatar-96x96.jpg\",\"contentUrl\":\"https:\\\/\\\/www.webdo.tn\\\/fr\\\/wp-content\\\/uploads\\\/2026\\\/04\\\/neila-driss_avatar-96x96.jpg\",\"caption\":\"Ne\u00efla DRISS\"},\"description\":\"Ne\u00efla Driss est juriste, journaliste culturelle et critique de cin\u00e9ma tunisienne. Titulaire d\u2019un DEA en droit priv\u00e9 de l\u2019Universit\u00e9 Paris II et d\u2019un DESS de l\u2019IHEC Carthage, elle d\u00e9bute sa carri\u00e8re comme juriste sp\u00e9cialis\u00e9e en gestion de patrimoine immobilier. Elle s\u2019oriente ensuite vers l\u2019\u00e9criture en ligne, o\u00f9 elle se distingue d\u00e8s 2006 aux Tunisia Blog Awards, avant de se consacrer au journalisme culturel, avec une sp\u00e9cialisation dans la critique cin\u00e9matographique. Elle couvre r\u00e9guli\u00e8rement les grands festivals internationaux, notamment le Festival de Cannes, les Journ\u00e9es Cin\u00e9matographiques de Carthage et le Festival du film du Caire. Membre de l\u2019ATPCC et de la FIPRESCI, elle participe \u00e0 des jurys et initiatives internationales de critique. Depuis 2024, elle est \u00e9lectrice internationale aux Golden Globes. Facebook : https:\\\/\\\/www.facebook.com\\\/massir.destiniii\\\/ X : https:\\\/\\\/x.com\\\/MassirDestin\",\"sameAs\":[\"https:\\\/\\\/www.facebook.com\\\/massir.destiniii\\\/\",\"https:\\\/\\\/www.instagram.com\\\/neila.driss\\\/?hl=fr\",\"https:\\\/\\\/www.linkedin.com\\\/in\\\/neila-driss-22606a80\\\/\",\"https:\\\/\\\/x.com\\\/https:\\\/\\\/x.com\\\/MassirDestin\"],\"knowsAbout\":[\"Cin\u00e9ma international\",\"critique cin\u00e9matographique\",\"festivals de cin\u00e9ma\",\"journalisme culturel\"],\"knowsLanguage\":[\"Fran\u00e7ais\",\"Arabe\",\"Anglais\"],\"jobTitle\":\"Journaliste culturelle et critique de cin\u00e9ma\",\"worksFor\":\"Webdo\",\"url\":\"https:\\\/\\\/www.webdo.tn\\\/fr\\\/actualite\\\/author\\\/neila-driss\\\/\"}]}<\/script>\n<!-- \/ Yoast SEO Premium plugin. -->","yoast_head_json":{"title":"Le prix d'excellence Faten Hamama pour notre Hend Sabry !","description":"Le prix d'excellence Faten Hamama pour notre Hend Sabry !","canonical":"https:\/\/www.webdo.tn\/fr\/actualite\/culture\/prix-dexcellence-faten-hamama-hend-sabry\/199657\/","og_locale":"fr_FR","og_type":"article","og_title":"Le prix d'excellence Faten Hamama pour notre Hend Sabry !","og_description":"Le prix d'excellence Faten Hamama pour notre Hend Sabry !","og_url":"https:\/\/www.webdo.tn\/fr\/actualite\/culture\/prix-dexcellence-faten-hamama-hend-sabry\/199657\/","og_site_name":"webdo","article_publisher":"https:\/\/www.facebook.com\/webdotn","article_author":"https:\/\/www.facebook.com\/massir.destiniii\/","article_published_time":"2017-05-18T11:50:00+00:00","article_modified_time":"2025-05-19T01:05:12+00:00","og_image":[{"width":250,"height":250,"url":"https:\/\/www.webdo.tn\/fr\/wp-content\/uploads\/2017\/05\/Hend.jpg","type":"image\/jpeg"}],"author":"Ne\u00efla DRISS","twitter_card":"summary_large_image","twitter_creator":"@https:\/\/x.com\/MassirDestin","twitter_site":"@webdo_tn","twitter_misc":{"\u00c9crit par":"Ne\u00efla DRISS","Dur\u00e9e de lecture estim\u00e9e":"3 minutes"},"schema":{"@context":"https:\/\/schema.org","@graph":[{"@type":"NewsArticle","@id":"https:\/\/www.webdo.tn\/fr\/actualite\/culture\/prix-dexcellence-faten-hamama-hend-sabry\/199657\/#article","isPartOf":{"@id":"https:\/\/www.webdo.tn\/fr\/actualite\/culture\/prix-dexcellence-faten-hamama-hend-sabry\/199657\/"},"author":{"name":"Ne\u00efla DRISS","@id":"https:\/\/www.webdo.tn\/fr\/#\/schema\/person\/60d5ba619ed3f58783b0dc82b7dada80"},"headline":"Le prix d&rsquo;excellence Faten Hamama pour notre Hend Sabry !","datePublished":"2017-05-18T11:50:00+00:00","dateModified":"2025-05-19T01:05:12+00:00","mainEntityOfPage":{"@id":"https:\/\/www.webdo.tn\/fr\/actualite\/culture\/prix-dexcellence-faten-hamama-hend-sabry\/199657\/"},"wordCount":690,"commentCount":0,"publisher":{"@id":"https:\/\/www.webdo.tn\/fr\/#organization"},"image":{"@id":"https:\/\/www.webdo.tn\/fr\/actualite\/culture\/prix-dexcellence-faten-hamama-hend-sabry\/199657\/#primaryimage"},"thumbnailUrl":"https:\/\/www.webdo.tn\/fr\/wp-content\/uploads\/2017\/05\/Hend.jpg","keywords":["'CIFF 2017'","'CIFF 39'","actrice","CIFF","Festival International du Film du Caire","Hend Sabry","Tunisienne"],"articleSection":["Culture"],"inLanguage":"fr-FR"},{"@type":"WebPage","@id":"https:\/\/www.webdo.tn\/fr\/actualite\/culture\/prix-dexcellence-faten-hamama-hend-sabry\/199657\/","url":"https:\/\/www.webdo.tn\/fr\/actualite\/culture\/prix-dexcellence-faten-hamama-hend-sabry\/199657\/","name":"Le prix d'excellence Faten Hamama pour notre Hend Sabry !","isPartOf":{"@id":"https:\/\/www.webdo.tn\/fr\/#website"},"primaryImageOfPage":{"@id":"https:\/\/www.webdo.tn\/fr\/actualite\/culture\/prix-dexcellence-faten-hamama-hend-sabry\/199657\/#primaryimage"},"image":{"@id":"https:\/\/www.webdo.tn\/fr\/actualite\/culture\/prix-dexcellence-faten-hamama-hend-sabry\/199657\/#primaryimage"},"thumbnailUrl":"https:\/\/www.webdo.tn\/fr\/wp-content\/uploads\/2017\/05\/Hend.jpg","datePublished":"2017-05-18T11:50:00+00:00","dateModified":"2025-05-19T01:05:12+00:00","description":"Le prix d'excellence Faten Hamama pour notre Hend Sabry !","breadcrumb":{"@id":"https:\/\/www.webdo.tn\/fr\/actualite\/culture\/prix-dexcellence-faten-hamama-hend-sabry\/199657\/#breadcrumb"},"inLanguage":"fr-FR","potentialAction":[{"@type":"ReadAction","target":["https:\/\/www.webdo.tn\/fr\/actualite\/culture\/prix-dexcellence-faten-hamama-hend-sabry\/199657\/"]}]},{"@type":"ImageObject","inLanguage":"fr-FR","@id":"https:\/\/www.webdo.tn\/fr\/actualite\/culture\/prix-dexcellence-faten-hamama-hend-sabry\/199657\/#primaryimage","url":"https:\/\/www.webdo.tn\/fr\/wp-content\/uploads\/2017\/05\/Hend.jpg","contentUrl":"https:\/\/www.webdo.tn\/fr\/wp-content\/uploads\/2017\/05\/Hend.jpg","width":250,"height":250,"caption":"Le prix d'excellence Faten Hamama pour notre Hend Sabry !"},{"@type":"BreadcrumbList","@id":"https:\/\/www.webdo.tn\/fr\/actualite\/culture\/prix-dexcellence-faten-hamama-hend-sabry\/199657\/#breadcrumb","itemListElement":[{"@type":"ListItem","position":1,"name":"Accueil","item":"https:\/\/www.webdo.tn\/fr\/"},{"@type":"ListItem","position":2,"name":"Le prix d&rsquo;excellence Faten Hamama pour notre Hend Sabry !"}]},{"@type":"WebSite","@id":"https:\/\/www.webdo.tn\/fr\/#website","url":"https:\/\/www.webdo.tn\/fr\/","name":"webdo","description":"Tunisie - News en Tunisie et \u00e0 l&#039;international sur Webdo.tn","publisher":{"@id":"https:\/\/www.webdo.tn\/fr\/#organization"},"potentialAction":[{"@type":"SearchAction","target":{"@type":"EntryPoint","urlTemplate":"https:\/\/www.webdo.tn\/fr\/?s={search_term_string}"},"query-input":{"@type":"PropertyValueSpecification","valueRequired":true,"valueName":"search_term_string"}}],"inLanguage":"fr-FR"},{"@type":"Organization","@id":"https:\/\/www.webdo.tn\/fr\/#organization","name":"Webdo","alternateName":"Webdo.tn","url":"https:\/\/www.webdo.tn\/fr\/","logo":{"@type":"ImageObject","inLanguage":"fr-FR","@id":"https:\/\/www.webdo.tn\/fr\/#\/schema\/logo\/image\/","url":"https:\/\/www.webdo.tn\/fr\/wp-content\/uploads\/2025\/06\/Webdo-Tunisie_168377.jpg","contentUrl":"https:\/\/www.webdo.tn\/fr\/wp-content\/uploads\/2025\/06\/Webdo-Tunisie_168377.jpg","width":301,"height":301,"caption":"Webdo"},"image":{"@id":"https:\/\/www.webdo.tn\/fr\/#\/schema\/logo\/image\/"},"sameAs":["https:\/\/www.facebook.com\/webdotn","https:\/\/x.com\/webdo_tn"],"description":"Webdo est un m\u00e9dia num\u00e9rique tunisien fond\u00e9 en 2010, sp\u00e9cialis\u00e9 dans l\u2019actualit\u00e9 nationale et internationale, l\u2019\u00e9conomie, la soci\u00e9t\u00e9 et les analyses politiques. Le site s\u2019adresse \u00e0 un large public francophone et couvre l\u2019information tunisienne en temps r\u00e9el.","email":"redac@webdo.tn","legalName":"YNJ SARL","foundingDate":"2010-09-06","numberOfEmployees":{"@type":"QuantitativeValue","minValue":"11","maxValue":"50"}},{"@type":"Person","@id":"https:\/\/www.webdo.tn\/fr\/#\/schema\/person\/60d5ba619ed3f58783b0dc82b7dada80","name":"Ne\u00efla DRISS","image":{"@type":"ImageObject","inLanguage":"fr-FR","@id":"https:\/\/www.webdo.tn\/fr\/wp-content\/uploads\/2026\/04\/neila-driss_avatar-96x96.jpg","url":"https:\/\/www.webdo.tn\/fr\/wp-content\/uploads\/2026\/04\/neila-driss_avatar-96x96.jpg","contentUrl":"https:\/\/www.webdo.tn\/fr\/wp-content\/uploads\/2026\/04\/neila-driss_avatar-96x96.jpg","caption":"Ne\u00efla DRISS"},"description":"Ne\u00efla Driss est juriste, journaliste culturelle et critique de cin\u00e9ma tunisienne. Titulaire d\u2019un DEA en droit priv\u00e9 de l\u2019Universit\u00e9 Paris II et d\u2019un DESS de l\u2019IHEC Carthage, elle d\u00e9bute sa carri\u00e8re comme juriste sp\u00e9cialis\u00e9e en gestion de patrimoine immobilier. Elle s\u2019oriente ensuite vers l\u2019\u00e9criture en ligne, o\u00f9 elle se distingue d\u00e8s 2006 aux Tunisia Blog Awards, avant de se consacrer au journalisme culturel, avec une sp\u00e9cialisation dans la critique cin\u00e9matographique. Elle couvre r\u00e9guli\u00e8rement les grands festivals internationaux, notamment le Festival de Cannes, les Journ\u00e9es Cin\u00e9matographiques de Carthage et le Festival du film du Caire. Membre de l\u2019ATPCC et de la FIPRESCI, elle participe \u00e0 des jurys et initiatives internationales de critique. Depuis 2024, elle est \u00e9lectrice internationale aux Golden Globes. Facebook : https:\/\/www.facebook.com\/massir.destiniii\/ X : https:\/\/x.com\/MassirDestin","sameAs":["https:\/\/www.facebook.com\/massir.destiniii\/","https:\/\/www.instagram.com\/neila.driss\/?hl=fr","https:\/\/www.linkedin.com\/in\/neila-driss-22606a80\/","https:\/\/x.com\/https:\/\/x.com\/MassirDestin"],"knowsAbout":["Cin\u00e9ma international","critique cin\u00e9matographique","festivals de cin\u00e9ma","journalisme culturel"],"knowsLanguage":["Fran\u00e7ais","Arabe","Anglais"],"jobTitle":"Journaliste culturelle et critique de cin\u00e9ma","worksFor":"Webdo","url":"https:\/\/www.webdo.tn\/fr\/actualite\/author\/neila-driss\/"}]}},"_links":{"self":[{"href":"https:\/\/www.webdo.tn\/fr\/wp-json\/wp\/v2\/posts\/199657","targetHints":{"allow":["GET"]}}],"collection":[{"href":"https:\/\/www.webdo.tn\/fr\/wp-json\/wp\/v2\/posts"}],"about":[{"href":"https:\/\/www.webdo.tn\/fr\/wp-json\/wp\/v2\/types\/post"}],"author":[{"embeddable":true,"href":"https:\/\/www.webdo.tn\/fr\/wp-json\/wp\/v2\/users\/3164"}],"replies":[{"embeddable":true,"href":"https:\/\/www.webdo.tn\/fr\/wp-json\/wp\/v2\/comments?post=199657"}],"version-history":[{"count":0,"href":"https:\/\/www.webdo.tn\/fr\/wp-json\/wp\/v2\/posts\/199657\/revisions"}],"wp:featuredmedia":[{"embeddable":true,"href":"https:\/\/www.webdo.tn\/fr\/wp-json\/wp\/v2\/media\/310118"}],"wp:attachment":[{"href":"https:\/\/www.webdo.tn\/fr\/wp-json\/wp\/v2\/media?parent=199657"}],"wp:term":[{"taxonomy":"category","embeddable":true,"href":"https:\/\/www.webdo.tn\/fr\/wp-json\/wp\/v2\/categories?post=199657"},{"taxonomy":"post_tag","embeddable":true,"href":"https:\/\/www.webdo.tn\/fr\/wp-json\/wp\/v2\/tags?post=199657"}],"curies":[{"name":"wp","href":"https:\/\/api.w.org\/{rel}","templated":true}]}}